{"id":1648844,"date":"2025-12-03T11:32:00","date_gmt":"2025-12-03T14:32:00","guid":{"rendered":"https:\/\/www.estrategiaconcursos.com.br\/blog\/?p=1648844"},"modified":"2025-10-21T18:59:25","modified_gmt":"2025-10-21T21:59:25","slug":"responsabilidade-omissao-estado-tce-sc","status":"publish","type":"post","link":"https:\/\/www.estrategiaconcursos.com.br\/blog\/responsabilidade-omissao-estado-tce-sc\/","title":{"rendered":"Responsabilidade por omiss\u00e3o do Estado para TCE-SC"},"content":{"rendered":"\n<p>Ol\u00e1, tudo bem? Hoje faremos um resumo sobre a Responsabilidade por omiss\u00e3o do Estado para o concurso do TCE-SC (Tribunal de Contas do Estado de Santa Catarina).<\/p>\n\n\n\n<p>O edital da TCE-SC est\u00e1 pr\u00f3ximo de ser lan\u00e7ado para o cargo de <strong>Auditor Fiscal de Controle Externo, nas seguintes especialidades<\/strong>: Administra\u00e7\u00e3o (2 vagas); Ci\u00eancias Cont\u00e1beis (3 vagas); Ci\u00eancias da Computa\u00e7\u00e3o, Sistemas de Informa\u00e7\u00e3o ou Engenharia de Computa\u00e7\u00e3o (5 vagas); Ci\u00eancias Econ\u00f4micas (2 vagas); Direito (5 vagas); Engenharia (2 vagas); Ci\u00eancias Atuariais (1 vaga).<\/p>\n\n\n\n<p><strong>Portanto, s\u00e3o 20 vagas imediatas + cadastro de reserva. <\/strong>A banca respons\u00e1vel pela organiza\u00e7\u00e3o ainda ser\u00e1 definida. Para maiores informa\u00e7\u00f5es, fique de olho em <a href=\"https:\/\/www.estrategiaconcursos.com.br\/blog\/concurso-tce-sc\/\" target=\"_blank\" rel=\"noreferrer noopener\">nosso artigo sobre este concurso<\/a>!<\/p>\n\n\n\n<p>Agora, vamos ao que interessa!<\/p>\n\n\n\n<figure class=\"wp-block-image aligncenter size-large is-resized\"><img loading=\"lazy\" decoding=\"async\" width=\"1024\" height=\"683\" src=\"https:\/\/dhg1h5j42swfq.cloudfront.net\/2025\/10\/03102940\/pexels-ekaterina-bolovtsova-6077797-1024x683.jpg\" alt=\"Responsabilidade por omiss\u00e3o do Estado para TCE-SC\" class=\"wp-image-1649031\" style=\"width:736px;height:auto\" srcset=\"https:\/\/dhg1h5j42swfq.cloudfront.net\/2025\/10\/03102940\/pexels-ekaterina-bolovtsova-6077797-1024x683.jpg 1024w, https:\/\/dhg1h5j42swfq.cloudfront.net\/2025\/10\/03102940\/pexels-ekaterina-bolovtsova-6077797-300x200.jpg 300w, https:\/\/dhg1h5j42swfq.cloudfront.net\/2025\/10\/03102940\/pexels-ekaterina-bolovtsova-6077797-768x512.jpg 768w, https:\/\/dhg1h5j42swfq.cloudfront.net\/2025\/10\/03102940\/pexels-ekaterina-bolovtsova-6077797-1536x1024.jpg 1536w, https:\/\/dhg1h5j42swfq.cloudfront.net\/2025\/10\/03102940\/pexels-ekaterina-bolovtsova-6077797-2048x1365.jpg 2048w, https:\/\/dhg1h5j42swfq.cloudfront.net\/2025\/10\/03102940\/pexels-ekaterina-bolovtsova-6077797-150x100.jpg 150w\" sizes=\"auto, (max-width: 1024px) 100vw, 1024px\" \/><figcaption class=\"wp-element-caption\">Responsabilidade por omiss\u00e3o do Estado para TCE-SC<\/figcaption><\/figure>\n\n\n\n<div class=\"wp-block-yoast-seo-table-of-contents yoast-table-of-contents\"><h2><mark style=\"background-color:rgba(0, 0, 0, 0)\" class=\"has-inline-color has-vivid-cyan-blue-color\">Tabela de conte\u00fados<\/mark><\/h2><ul><li><a href=\"#h-responsabilidade-por-omissao-do-estado-para-tce-sc\" data-level=\"2\">Responsabilidade por omiss\u00e3o do Estado para TCE-SC<\/a><ul><li><a href=\"#h-consideracoes-iniciais\" data-level=\"3\">Considera\u00e7\u00f5es iniciais<\/a><\/li><li><a href=\"#h-teoria-da-culpa-administrativa-nbsp\" data-level=\"3\">Teoria da culpa administrativa\u00a0<\/a><\/li><li><a href=\"#h-hipoteses-de-aplicacao-responsabilidade-por-omissao\" data-level=\"3\">Hip\u00f3teses de aplica\u00e7\u00e3o (responsabilidade por omiss\u00e3o)<\/a><\/li><li><a href=\"#h-omissao-generica-x-omissao-especifica\" data-level=\"3\">Omiss\u00e3o gen\u00e9rica X Omiss\u00e3o espec\u00edfica<\/a><\/li><li><a href=\"#h-direito-de-regresso\" data-level=\"3\">Direito de regresso<\/a><\/li><\/ul><\/li><li><a href=\"#h-consideracoes-finais\" data-level=\"2\">Considera\u00e7\u00f5es finais<\/a><\/li><li><a href=\"#h-quer-saber-tudo-sobre-concursos-previstos-confira-nossos-artigos\" data-level=\"2\">Quer saber tudo sobre concursos previstos? Confira nossos artigos!<\/a><\/li><\/ul><\/div>\n\n\n\n<h2 class=\"wp-block-heading has-vivid-cyan-blue-color has-text-color has-link-color wp-elements-00becf80958b3ab6c2789b21c22f2f55\" id=\"h-responsabilidade-por-omissao-do-estado-para-tce-sc\">Responsabilidade por omiss\u00e3o do Estado para TCE-SC<\/h2>\n\n\n\n<h3 class=\"wp-block-heading has-vivid-cyan-blue-color has-text-color has-link-color wp-elements-db31779675297f123d0330bdd97a88c1\" id=\"h-consideracoes-iniciais\">Considera\u00e7\u00f5es iniciais<\/h3>\n\n\n\n<p>Quando falamos em responsabilidade do Estado, estamos nos referindo \u00e0 possibilidade de responsabilizar o Poder P\u00fablico por seus atos ou atos de seus agentes p\u00fablicos.<\/p>\n\n\n\n<p>Essa possibilidade est\u00e1 prevista no <a href=\"https:\/\/www.planalto.gov.br\/ccivil_03\/constituicao\/constituicaocompilado.htm#:~:text=%C2%A7%206%C2%BA%20As%20pessoas%20jur%C3%ADdicas%20de%20direito%20p%C3%BAblico%20e%20as%20de%20direito%20privado%20prestadoras%20de%20servi%C3%A7os%20p%C3%BAblicos%20responder%C3%A3o%20pelos%20danos%20que%20seus%20agentes%2C%20nessa%20qualidade%2C%20causarem%20a%20terceiros%2C%20assegurado%20o%20direito%20de%20regresso%20contra%20o%20respons%C3%A1vel%20nos%20casos%20de%20dolo%20ou%20culpa.\" target=\"_blank\" rel=\"noreferrer noopener\">artigo 37, \u00a7 6\u00ba, da Constitui\u00e7\u00e3o Federal<\/a>:<\/p>\n\n\n\n<div class=\"wp-block-group has-background has-global-padding is-layout-constrained wp-block-group-is-layout-constrained\" style=\"background-color:#8dd2fc30\">\n<p>\u00a7 6\u00ba As pessoas jur\u00eddicas de direito p\u00fablico e as de direito privado prestadoras de servi\u00e7os p\u00fablicos <strong>responder\u00e3o pelos danos que seus agentes, nessa qualidade, causarem a terceiros<\/strong>, assegurado o direito de regresso contra o respons\u00e1vel nos casos de dolo ou culpa.<\/p>\n<\/div>\n\n\n\n<p>Diante desse dispositivo constitucional, temos que a responsabilidade civil do Estado \u00e9, via de regra, de <strong>natureza objetiva<\/strong>, baseada na <strong>Teoria do Risco Administrativo<\/strong>.&nbsp;<\/p>\n\n\n\n<p>Portanto, o Estado assume o risco de reparar os danos causados a partir da atua\u00e7\u00e3o de seus agentes, ainda que n\u00e3o seja comprovado dolo ou culpa.<\/p>\n\n\n\n<p>No entanto, h\u00e1 casos em que a responsabilidade civil ser\u00e1 <strong>de natureza SUBJETIVA<\/strong>, caso no qual o<strong> elemento subjetivo (dolo ou culpa)<\/strong> ser\u00e1 relevante para sua caracteriza\u00e7\u00e3o e a <strong>Teoria<\/strong> adotada ser\u00e1 a da <strong>culpa administrativa<\/strong>.&nbsp;<\/p>\n\n\n\n<p>Vamos aprofundar nisso!<\/p>\n\n\n\n<h3 class=\"wp-block-heading has-vivid-cyan-blue-color has-text-color has-link-color wp-elements-7bad3425a2852179ee96bfe806b388d0\" id=\"h-teoria-da-culpa-administrativa-nbsp\">Teoria da culpa administrativa&nbsp;<\/h3>\n\n\n\n<p>Se, de um lado, a responsabilidade civil objetiva \u00e9 fundamentada na Teoria do Risco Administrativo; de outro, <strong>a responsabilidade civil subjetiva tem por base a Teoria da Culpa Administrativa<\/strong>.<\/p>\n\n\n\n<p>Essa Teoria tamb\u00e9m \u00e9 conhecida como<strong> culpa do servi\u00e7o <\/strong>(do franc\u00eas <strong><em>\u201cfaute du service\u201d<\/em><\/strong>), <strong>culpa an\u00f4nima<\/strong> ou <strong>acidente administrativo<\/strong>.<\/p>\n\n\n\n<p>Como leciona o professor Herbert Almeida: <em>\u00e9 a primeira teoria publicista, representando a transi\u00e7\u00e3o entre a doutrina subjetiva da culpa civil e a responsabilidade objetiva adotada atualmente na maioria dos pa\u00edses ocidentais<\/em>.<\/p>\n\n\n\n<p>A principal tese proposta por essa Teoria \u00e9 a de que <strong>a culpa \u00e9 do servi\u00e7o<\/strong>, e n\u00e3o do agente p\u00fablico, raz\u00e3o pela qual a responsabilidade civil do Estado independe da culpa subjetiva do agente.<\/p>\n\n\n\n<p>Nesse sentido, vejamos o que leciona Maria Sylvia Zanella Di Pietro (2018):<\/p>\n\n\n\n<div class=\"wp-block-group has-background has-global-padding is-layout-constrained wp-block-group-is-layout-constrained\" style=\"background-color:#8dd2fc45\">\n<p>A teoria da culpa do servi\u00e7o, tamb\u00e9m chamada de culpa administrativa, ou teoria do acidente administrativo, procura desvincular a responsabilidade do Estado da ideia de culpa do funcion\u00e1rio. Passou a falar em culpa do servi\u00e7o p\u00fablico.&nbsp;<\/p>\n\n\n\n<p>Distinguia-se, de um lado, a culpa individual do funcion\u00e1rio, pela qual ele mesmo respondia, e, de outro, a culpa an\u00f4nima do servi\u00e7o p\u00fablico; nesse caso, o funcion\u00e1rio n\u00e3o \u00e9 identific\u00e1vel e se considera que o servi\u00e7o funcionou mal; incide, ent\u00e3o, a responsabilidade do Estado.<\/p>\n<\/div>\n\n\n\n<h3 class=\"wp-block-heading has-vivid-cyan-blue-color has-text-color has-link-color wp-elements-36e9eb2e38ad94e89d7d243810fe4fc2\" id=\"h-hipoteses-de-aplicacao-responsabilidade-por-omissao\">Hip\u00f3teses de aplica\u00e7\u00e3o (responsabilidade por omiss\u00e3o)<\/h3>\n\n\n\n<p>Assim, a culpa administrativa possui <strong>03 hip\u00f3teses de aplica\u00e7\u00e3o:<\/strong><\/p>\n\n\n\n<ol class=\"wp-block-list\">\n<li>o servi\u00e7o <strong>n\u00e3o existiu ou n\u00e3o funcionou<\/strong>, quando deveria funcionar;<\/li>\n\n\n\n<li>o servi\u00e7o <strong>funcionou mal<\/strong>; ou<\/li>\n\n\n\n<li>o servi\u00e7o <strong>atrasou<\/strong>.<\/li>\n<\/ol>\n\n\n\n<p>Podemos perceber que, como regra, nesses casos n\u00e3o h\u00e1 possibilidade de identificar qual foi o agente p\u00fablico respons\u00e1vel, raz\u00e3o pela qual a culpa \u00e9 atribu\u00edda ao servi\u00e7o de uma forma an\u00f4nima.<\/p>\n\n\n\n<figure class=\"wp-block-image aligncenter size-full\"><img loading=\"lazy\" decoding=\"async\" width=\"255\" height=\"82\" src=\"https:\/\/dhg1h5j42swfq.cloudfront.net\/2025\/10\/03063721\/image-25.png\" alt=\"\" class=\"wp-image-1648860\" srcset=\"https:\/\/dhg1h5j42swfq.cloudfront.net\/2025\/10\/03063721\/image-25.png 255w, https:\/\/dhg1h5j42swfq.cloudfront.net\/2025\/10\/03063721\/image-25-150x48.png 150w\" sizes=\"auto, (max-width: 255px) 100vw, 255px\" \/><\/figure>\n\n\n\n<p>Como <strong>exemplo<\/strong>, podemos pensar no caso em que um motorista dirigindo b\u00eabado causa danos ao muro de uma propriedade particular.&nbsp;<\/p>\n\n\n\n<p>O propriet\u00e1rio da resid\u00eancia poderia alegar ser dever do Estado fiscalizar as vias e impedir a circula\u00e7\u00e3o de ve\u00edculos cujos condutores estejam embriagados.&nbsp;<\/p>\n\n\n\n<p>Entretanto, como n\u00e3o houve uma conduta da Administra\u00e7\u00e3o P\u00fablica, a responsabilidade seria <strong>subjetiva<\/strong>.&nbsp;&nbsp;<\/p>\n\n\n\n<h3 class=\"wp-block-heading has-vivid-cyan-blue-color has-text-color has-link-color wp-elements-48b87caebe5df0d5ee7532ec664c82c8\" id=\"h-omissao-generica-x-omissao-especifica\">Omiss\u00e3o gen\u00e9rica X Omiss\u00e3o espec\u00edfica<\/h3>\n\n\n\n<p>Tamb\u00e9m \u00e9 necess\u00e1rio que saibamos a diferen\u00e7a entre <strong>omiss\u00e3o gen\u00e9rica (impr\u00f3pria) e omiss\u00e3o espec\u00edfica (pr\u00f3pria)<\/strong>, classifica\u00e7\u00e3o trazida por Mar\u00e7al Justen Filho, conforme aponta o professor Herbert Almeida.<\/p>\n\n\n\n<p>A <strong>omiss\u00e3o gen\u00e9rica (impr\u00f3pria)<\/strong> \u00e9 aquela em que o Estado at\u00e9 tinha o dever de praticar determinada conduta (tal qual como a fiscaliza\u00e7\u00e3o de tr\u00e2nsito, de estabelecimentos comerciais), mas sempre de uma forma mais abrangente, pois n\u00e3o h\u00e1 possibilidade de ser fiscalizar tudo em todos os momentos.&nbsp;<\/p>\n\n\n\n<p>Nesse caso, a responsabilidade ser\u00e1 <strong>subjetiva<\/strong>, pois n\u00e3o h\u00e1 a quem responsabilizar diretamente, caindo dentre as hip\u00f3teses que vimos acima.<\/p>\n\n\n\n<p>Por outro lado, <strong>a omiss\u00e3o espec\u00edfica (pr\u00f3pria)<\/strong> \u00e9 aquela que decorre da viola\u00e7\u00e3o de um dever especificamente disposto em lei e, por isso, <strong>enseja responsabilidade objetiva do Estado.<\/strong><\/p>\n\n\n\n<figure class=\"wp-block-image aligncenter size-full\"><img loading=\"lazy\" decoding=\"async\" width=\"255\" height=\"82\" src=\"https:\/\/dhg1h5j42swfq.cloudfront.net\/2025\/10\/03063721\/image-25.png\" alt=\"\" class=\"wp-image-1648859\" srcset=\"https:\/\/dhg1h5j42swfq.cloudfront.net\/2025\/10\/03063721\/image-25.png 255w, https:\/\/dhg1h5j42swfq.cloudfront.net\/2025\/10\/03063721\/image-25-150x48.png 150w\" sizes=\"auto, (max-width: 255px) 100vw, 255px\" \/><\/figure>\n\n\n\n<p>O professor Herbert Almeida <strong>exemplifica<\/strong> com os casos em que a lei determina que o Estado exija a apresenta\u00e7\u00e3o de testes e exames para que seja deferido o registro de um medicamento, mas o registro foi deferido sem a apresenta\u00e7\u00e3o desses requisitos, ocorrendo uma viola\u00e7\u00e3o pr\u00f3pria, pois existia um dever espec\u00edfico de exigi-los. Assim, a responsabilidade do Estado ser\u00e1 <strong>objetiva<\/strong>.<\/p>\n\n\n\n<p>Tamb\u00e9m podemos citar como <strong>exemplo <\/strong>os casos em que o Estado atua na condi\u00e7\u00e3o de garante, como ocorre com o dever do Estado de preservar a incolumidade f\u00edsica dos detentos no sistema penitenci\u00e1rio. Assim, caso um detento seja ferido por outros, haver\u00e1 responsabilidade <strong>objetiva<\/strong>.<\/p>\n\n\n\n<h3 class=\"wp-block-heading has-vivid-cyan-blue-color has-text-color has-link-color wp-elements-c6826d525a5b4d44835efaa42b6ec2bb\" id=\"h-direito-de-regresso\">Direito de regresso<\/h3>\n\n\n\n<p>Para finalizar nosso resumo sobre a responsabilidade civil por omiss\u00e3o do Estado para o TCE-SC, \u00e9 importante destacar que, no caso do direito de regresso (Administra\u00e7\u00e3o cobrar de seus agentes os danos que causaram), tamb\u00e9m ser\u00e1 necess\u00e1rio demonstrar o elemento subjetivo (dolo ou culpa).<\/p>\n\n\n\n<p>No entanto, nesse caso, a responsabilidade civil do<strong> agente p\u00fablico<\/strong> que ser\u00e1 <strong>responsabilizado regressivamente ser\u00e1 subjetiva, independentemente se sua conduta se deu por a\u00e7\u00e3o ou omiss\u00e3o.<\/strong><\/p>\n\n\n\n<p>Desse modo, ainda n\u00e3o seja exatamente uma \u201cresponsabilidade civil por omiss\u00e3o\u201d, \u00e9 bom lembrar que em tal hip\u00f3tese a responsabilidade \u00e9 subjetiva.<\/p>\n\n\n\n<h2 class=\"wp-block-heading has-vivid-cyan-blue-color has-text-color has-link-color wp-elements-2bedaf953dddcc5060475c06777272ac\" id=\"h-consideracoes-finais\">Considera\u00e7\u00f5es finais<\/h2>\n\n\n\n<p>Pessoal, esse foi nosso breve resumo sobre a Responsabilidade por omiss\u00e3o do Estado para o concurso do TCE-SC (Tribunal de Contas do Estado de Santa Catarina).<\/p>\n\n\n\n<p>Nosso tempo aqui \u00e9 breve e n\u00e3o conseguimos, claro, esgotar o assunto. Portanto, n\u00e3o deixe de revisar o tema em seu material de estudo e praticar com diversas quest\u00f5es.<\/p>\n\n\n\n<p>At\u00e9 a pr\u00f3xima!<\/p>\n\n\n\n<figure class=\"wp-block-image aligncenter size-large is-resized\"><img decoding=\"async\" src=\"https:\/\/dhg1h5j42swfq.cloudfront.net\/2020\/09\/18141901\/Coruja_Concursos%404x-506x1024.png\" alt=\"Concursos 2024 Estrat\u00e9gia Concursos\" class=\"wp-image-574355\" style=\"aspect-ratio:0.5;width:30px;height:auto\"\/><\/figure>\n\n\n\n<h2 class=\"wp-block-heading has-text-align-center\" id=\"h-quer-saber-tudo-sobre-concursos-previstos-confira-nossos-artigos\">Quer saber tudo sobre concursos previstos?<br \/>Confira nossos artigos!<\/h2>\n\n\n\n<ul class=\"wp-block-list\">\n<li><a href=\"https:\/\/www.estrategiaconcursos.com.br\/blog\/concursos-abertos\/\" target=\"_blank\" rel=\"noreferrer noopener\">Concursos Abertos<\/a><\/li>\n\n\n\n<li><a href=\"https:\/\/www.estrategiaconcursos.com.br\/blog\/concursos-2025\/\">Concursos 2025<\/a><\/li>\n<\/ul>\n\n\n\n<div class=\"container\" id=\"boxes\">\n  <div class=\"row\">\n\n    <div class=\"col-sm\">\n      <div class=\"banner-estrat-corj\" id=\"box-assinatura\">\n        <h3 class=\"titulo-assinatura\" style=\"text-align: left;\">Concursos 2025<\/h3>\n        <p class=\"subtitulo-assinatura\" style=\"text-align: left;\">Explore os cursos preparat\u00f3rios completos! \u2728<\/p>\n        <div class=\"box-botao\" style=\"text-align: left;\">\n          <a class=\"btn-assinatura\" target=\"_blank\" href=\"https:\/\/www.estrategiaconcursos.com.br\/cursos\/concurso\/\" role=\"button\" rel=\"noopener noreferrer\">CLIQUE AQUI<\/a>\n        <\/div>\n      <\/div><\/div><\/div><\/div>\n\n\n\n<div class=\"container\" id=\"boxes\">\n  <div class=\"row\">\n\n    <div class=\"col-sm\">\n      <div class=\"estrategia\" id=\"box-assinatura\">\n        <h3 class=\"titulo-assinatura\">Assinatura Concursos<\/h3>\n        <p class=\"subtitulo-assinatura\">Assinatura de 1 ano ou 2 anos<\/p>\n        <div class=\"box-botao\">\n          <a class=\"btn-assinatura\" target=\"_blank\" href=\"https:\/\/www.estrategiaconcursos.com.br\/assinaturas\/\" role=\"button\" rel=\"noopener noreferrer\">ASSINE AGORA<\/a>\n        <\/div>\n      <\/div><\/div><\/div><\/div>\n","protected":false},"excerpt":{"rendered":"<p>Ol\u00e1, tudo bem? Hoje faremos um resumo sobre a Responsabilidade por omiss\u00e3o do Estado para o concurso do TCE-SC (Tribunal de Contas do Estado de Santa Catarina). O edital da TCE-SC est\u00e1 pr\u00f3ximo de ser lan\u00e7ado para o cargo de Auditor Fiscal de Controle Externo, nas seguintes especialidades: Administra\u00e7\u00e3o (2 vagas); Ci\u00eancias Cont\u00e1beis (3 vagas); [&hellip;]<\/p>\n","protected":false},"author":2567,"featured_media":1649031,"comment_status":"open","ping_status":"closed","sticky":false,"template":"","format":"standard","meta":{"post_tipo":"article","footnotes":""},"categories":[1,214710],"tags":[],"tax_estado":[219987],"class_list":["post-1648844","post","type-post","status-publish","format-standard","has-post-thumbnail","hentry","category-cursos-e-concursos","category-tribunais-de-contas","tax_estado-sc"],"acf":[],"yoast_head":"<!-- This site is optimized with the Yoast SEO Premium plugin v27.2 (Yoast SEO v27.2) - https:\/\/yoast.com\/product\/yoast-seo-premium-wordpress\/ -->\n<title>Responsabilidade por omiss\u00e3o do Estado para TCE-SC<\/title>\n<meta name=\"description\" content=\"Resumo sobre a Responsabilidade por omiss\u00e3o do Estado para o concurso do TCE-SC (Tribunal de Contas do Estado de Santa Catarina).\" \/>\n<meta name=\"robots\" content=\"index, follow, max-snippet:-1, max-image-preview:large, max-video-preview:-1\" \/>\n<link rel=\"canonical\" href=\"https:\/\/www.estrategiaconcursos.com.br\/blog\/responsabilidade-omissao-estado-tce-sc\/\" \/>\n<meta property=\"og:locale\" content=\"pt_BR\" \/>\n<meta property=\"og:type\" content=\"article\" \/>\n<meta property=\"og:title\" content=\"Responsabilidade por omiss\u00e3o do Estado para TCE-SC\" \/>\n<meta property=\"og:description\" content=\"Resumo sobre a Responsabilidade por omiss\u00e3o do Estado para o concurso do TCE-SC (Tribunal de Contas do Estado de Santa Catarina).\" \/>\n<meta property=\"og:url\" content=\"https:\/\/www.estrategiaconcursos.com.br\/blog\/responsabilidade-omissao-estado-tce-sc\/\" \/>\n<meta property=\"og:site_name\" content=\"Estrat\u00e9gia Concursos\" \/>\n<meta property=\"article:published_time\" content=\"2025-12-03T14:32:00+00:00\" \/>\n<meta property=\"og:image\" content=\"https:\/\/dhg1h5j42swfq.cloudfront.net\/2025\/10\/03102940\/pexels-ekaterina-bolovtsova-6077797-scaled.jpg\" \/>\n\t<meta property=\"og:image:width\" content=\"2560\" \/>\n\t<meta property=\"og:image:height\" content=\"1707\" \/>\n\t<meta property=\"og:image:type\" content=\"image\/jpeg\" \/>\n<meta name=\"author\" content=\"Frederico Tadeu Borlot Peixoto\" \/>\n<meta name=\"twitter:card\" content=\"summary_large_image\" \/>\n<meta name=\"twitter:creator\" content=\"@EstratConcursos\" \/>\n<meta name=\"twitter:site\" content=\"@EstratConcursos\" \/>\n<meta name=\"twitter:label1\" content=\"Escrito por\" \/>\n\t<meta name=\"twitter:data1\" content=\"Frederico Tadeu Borlot Peixoto\" \/>\n\t<meta name=\"twitter:label2\" content=\"Est. tempo de leitura\" \/>\n\t<meta name=\"twitter:data2\" content=\"6 minutos\" \/>\n<script type=\"application\/ld+json\" class=\"yoast-schema-graph\">{\"@context\":\"https:\/\/schema.org\",\"@graph\":[{\"@type\":\"NewsArticle\",\"@id\":\"https:\/\/www.estrategiaconcursos.com.br\/blog\/responsabilidade-omissao-estado-tce-sc\/#article\",\"isPartOf\":{\"@id\":\"https:\/\/www.estrategiaconcursos.com.br\/blog\/responsabilidade-omissao-estado-tce-sc\/\"},\"author\":{\"name\":\"Frederico Tadeu Borlot Peixoto\",\"@id\":\"https:\/\/www.estrategiaconcursos.com.br\/blog\/#\/schema\/person\/48a7e085e45aee7c3d4596399af50ebb\"},\"headline\":\"Responsabilidade por omiss\u00e3o do Estado para TCE-SC\",\"datePublished\":\"2025-12-03T14:32:00+00:00\",\"mainEntityOfPage\":{\"@id\":\"https:\/\/www.estrategiaconcursos.com.br\/blog\/responsabilidade-omissao-estado-tce-sc\/\"},\"wordCount\":1216,\"commentCount\":0,\"publisher\":{\"@id\":\"https:\/\/www.estrategiaconcursos.com.br\/blog\/#organization\"},\"image\":{\"@id\":\"https:\/\/www.estrategiaconcursos.com.br\/blog\/responsabilidade-omissao-estado-tce-sc\/#primaryimage\"},\"thumbnailUrl\":\"https:\/\/dhg1h5j42swfq.cloudfront.net\/2025\/10\/03102940\/pexels-ekaterina-bolovtsova-6077797-scaled.jpg\",\"articleSection\":[\"Concursos P\u00fablicos\",\"Tribunais de Contas (TCU, TCE, TCM)\"],\"inLanguage\":\"pt-BR\",\"potentialAction\":[{\"@type\":\"CommentAction\",\"name\":\"Comment\",\"target\":[\"https:\/\/www.estrategiaconcursos.com.br\/blog\/responsabilidade-omissao-estado-tce-sc\/#respond\"]}],\"copyrightYear\":\"2025\",\"copyrightHolder\":{\"@id\":\"https:\/\/www.estrategiaconcursos.com.br\/blog\/#organization\"},\"accessibilityFeature\":[\"tableOfContents\"]},{\"@type\":\"WebPage\",\"@id\":\"https:\/\/www.estrategiaconcursos.com.br\/blog\/responsabilidade-omissao-estado-tce-sc\/\",\"url\":\"https:\/\/www.estrategiaconcursos.com.br\/blog\/responsabilidade-omissao-estado-tce-sc\/\",\"name\":\"Responsabilidade por omiss\u00e3o do Estado para TCE-SC\",\"isPartOf\":{\"@id\":\"https:\/\/www.estrategiaconcursos.com.br\/blog\/#website\"},\"primaryImageOfPage\":{\"@id\":\"https:\/\/www.estrategiaconcursos.com.br\/blog\/responsabilidade-omissao-estado-tce-sc\/#primaryimage\"},\"image\":{\"@id\":\"https:\/\/www.estrategiaconcursos.com.br\/blog\/responsabilidade-omissao-estado-tce-sc\/#primaryimage\"},\"thumbnailUrl\":\"https:\/\/dhg1h5j42swfq.cloudfront.net\/2025\/10\/03102940\/pexels-ekaterina-bolovtsova-6077797-scaled.jpg\",\"datePublished\":\"2025-12-03T14:32:00+00:00\",\"description\":\"Resumo sobre a Responsabilidade por omiss\u00e3o do Estado para o concurso do TCE-SC (Tribunal de Contas do Estado de Santa Catarina).\",\"breadcrumb\":{\"@id\":\"https:\/\/www.estrategiaconcursos.com.br\/blog\/responsabilidade-omissao-estado-tce-sc\/#breadcrumb\"},\"inLanguage\":\"pt-BR\",\"potentialAction\":[{\"@type\":\"ReadAction\",\"target\":[\"https:\/\/www.estrategiaconcursos.com.br\/blog\/responsabilidade-omissao-estado-tce-sc\/\"]}]},{\"@type\":\"ImageObject\",\"inLanguage\":\"pt-BR\",\"@id\":\"https:\/\/www.estrategiaconcursos.com.br\/blog\/responsabilidade-omissao-estado-tce-sc\/#primaryimage\",\"url\":\"https:\/\/dhg1h5j42swfq.cloudfront.net\/2025\/10\/03102940\/pexels-ekaterina-bolovtsova-6077797-scaled.jpg\",\"contentUrl\":\"https:\/\/dhg1h5j42swfq.cloudfront.net\/2025\/10\/03102940\/pexels-ekaterina-bolovtsova-6077797-scaled.jpg\",\"width\":2560,\"height\":1707,\"caption\":\"Responsabilidade por omiss\u00e3o do Estado para TCE-SC\"},{\"@type\":\"BreadcrumbList\",\"@id\":\"https:\/\/www.estrategiaconcursos.com.br\/blog\/responsabilidade-omissao-estado-tce-sc\/#breadcrumb\",\"itemListElement\":[{\"@type\":\"ListItem\",\"position\":1,\"name\":\"In\u00edcio\",\"item\":\"https:\/\/www.estrategiaconcursos.com.br\/blog\/\"},{\"@type\":\"ListItem\",\"position\":2,\"name\":\"Responsabilidade por omiss\u00e3o do Estado para TCE-SC\"}]},{\"@type\":\"WebSite\",\"@id\":\"https:\/\/www.estrategiaconcursos.com.br\/blog\/#website\",\"url\":\"https:\/\/www.estrategiaconcursos.com.br\/blog\/\",\"name\":\"Estrat\u00e9gia Concursos\",\"description\":\"O blog da Estrat\u00e9gia Concursos traz not\u00edcias sobre concursos e artigos de professores oferecendo cursos para concursos (pdf + videaulas) no site.\",\"publisher\":{\"@id\":\"https:\/\/www.estrategiaconcursos.com.br\/blog\/#organization\"},\"potentialAction\":[{\"@type\":\"SearchAction\",\"target\":{\"@type\":\"EntryPoint\",\"urlTemplate\":\"https:\/\/www.estrategiaconcursos.com.br\/blog\/?s={search_term_string}\"},\"query-input\":{\"@type\":\"PropertyValueSpecification\",\"valueRequired\":true,\"valueName\":\"search_term_string\"}}],\"inLanguage\":\"pt-BR\"},{\"@type\":\"Organization\",\"@id\":\"https:\/\/www.estrategiaconcursos.com.br\/blog\/#organization\",\"name\":\"Estrat\u00e9gia Concursos\",\"url\":\"https:\/\/www.estrategiaconcursos.com.br\/blog\/\",\"logo\":{\"@type\":\"ImageObject\",\"inLanguage\":\"pt-BR\",\"@id\":\"https:\/\/www.estrategiaconcursos.com.br\/blog\/#\/schema\/logo\/image\/\",\"url\":\"https:\/\/dhg1h5j42swfq.cloudfront.net\/2025\/06\/03203428\/logo_concursos-1.jpg\",\"contentUrl\":\"https:\/\/dhg1h5j42swfq.cloudfront.net\/2025\/06\/03203428\/logo_concursos-1.jpg\",\"width\":230,\"height\":60,\"caption\":\"Estrat\u00e9gia Concursos\"},\"image\":{\"@id\":\"https:\/\/www.estrategiaconcursos.com.br\/blog\/#\/schema\/logo\/image\/\"},\"sameAs\":[\"https:\/\/x.com\/EstratConcursos\"]},{\"@type\":\"Person\",\"@id\":\"https:\/\/www.estrategiaconcursos.com.br\/blog\/#\/schema\/person\/48a7e085e45aee7c3d4596399af50ebb\",\"name\":\"Frederico Tadeu Borlot Peixoto\",\"image\":{\"@type\":\"ImageObject\",\"inLanguage\":\"pt-BR\",\"@id\":\"https:\/\/secure.gravatar.com\/avatar\/df8a49e2321c1e32f85e9e7c2a9c92c688f1f53a947220f40017ff5858b09fdb?s=96&d=mm&r=g\",\"url\":\"https:\/\/secure.gravatar.com\/avatar\/df8a49e2321c1e32f85e9e7c2a9c92c688f1f53a947220f40017ff5858b09fdb?s=96&d=mm&r=g\",\"contentUrl\":\"https:\/\/secure.gravatar.com\/avatar\/df8a49e2321c1e32f85e9e7c2a9c92c688f1f53a947220f40017ff5858b09fdb?s=96&d=mm&r=g\",\"caption\":\"Frederico Tadeu Borlot Peixoto\"},\"description\":\"Analista Judici\u00e1rio - \u00c1rea Judici\u00e1ria do TRF da 4\u00aa regi\u00e3o. Bacharel em Direito. P\u00f3s-graduado em Direito Administrativo, Legisla\u00e7\u00e3o Penal Especial, Direito Penal e Direito Processual Penal. Tamb\u00e9m nomeado no TRF da 3\u00aa regi\u00e3o (8\u00ba lugar); SPPREV (3\u00ba lugar); IFES (2\u00ba lugar); e PMES. https:\/\/www.instagram.com\/proffrederico\/\",\"sameAs\":[\"https:\/\/www.instagram.com\/proffrederico\/\"],\"url\":\"https:\/\/www.estrategiaconcursos.com.br\/blog\/author\/xfredericohotmail-com\/\"}]}<\/script>\n<!-- \/ Yoast SEO Premium plugin. -->","yoast_head_json":{"title":"Responsabilidade por omiss\u00e3o do Estado para TCE-SC","description":"Resumo sobre a Responsabilidade por omiss\u00e3o do Estado para o concurso do TCE-SC (Tribunal de Contas do Estado de Santa Catarina).","robots":{"index":"index","follow":"follow","max-snippet":"max-snippet:-1","max-image-preview":"max-image-preview:large","max-video-preview":"max-video-preview:-1"},"canonical":"https:\/\/www.estrategiaconcursos.com.br\/blog\/responsabilidade-omissao-estado-tce-sc\/","og_locale":"pt_BR","og_type":"article","og_title":"Responsabilidade por omiss\u00e3o do Estado para TCE-SC","og_description":"Resumo sobre a Responsabilidade por omiss\u00e3o do Estado para o concurso do TCE-SC (Tribunal de Contas do Estado de Santa Catarina).","og_url":"https:\/\/www.estrategiaconcursos.com.br\/blog\/responsabilidade-omissao-estado-tce-sc\/","og_site_name":"Estrat\u00e9gia Concursos","article_published_time":"2025-12-03T14:32:00+00:00","og_image":[{"width":2560,"height":1707,"url":"https:\/\/dhg1h5j42swfq.cloudfront.net\/2025\/10\/03102940\/pexels-ekaterina-bolovtsova-6077797-scaled.jpg","type":"image\/jpeg"}],"author":"Frederico Tadeu Borlot Peixoto","twitter_card":"summary_large_image","twitter_creator":"@EstratConcursos","twitter_site":"@EstratConcursos","twitter_misc":{"Escrito por":"Frederico Tadeu Borlot Peixoto","Est. tempo de leitura":"6 minutos"},"schema":{"@context":"https:\/\/schema.org","@graph":[{"@type":"NewsArticle","@id":"https:\/\/www.estrategiaconcursos.com.br\/blog\/responsabilidade-omissao-estado-tce-sc\/#article","isPartOf":{"@id":"https:\/\/www.estrategiaconcursos.com.br\/blog\/responsabilidade-omissao-estado-tce-sc\/"},"author":{"name":"Frederico Tadeu Borlot Peixoto","@id":"https:\/\/www.estrategiaconcursos.com.br\/blog\/#\/schema\/person\/48a7e085e45aee7c3d4596399af50ebb"},"headline":"Responsabilidade por omiss\u00e3o do Estado para TCE-SC","datePublished":"2025-12-03T14:32:00+00:00","mainEntityOfPage":{"@id":"https:\/\/www.estrategiaconcursos.com.br\/blog\/responsabilidade-omissao-estado-tce-sc\/"},"wordCount":1216,"commentCount":0,"publisher":{"@id":"https:\/\/www.estrategiaconcursos.com.br\/blog\/#organization"},"image":{"@id":"https:\/\/www.estrategiaconcursos.com.br\/blog\/responsabilidade-omissao-estado-tce-sc\/#primaryimage"},"thumbnailUrl":"https:\/\/dhg1h5j42swfq.cloudfront.net\/2025\/10\/03102940\/pexels-ekaterina-bolovtsova-6077797-scaled.jpg","articleSection":["Concursos P\u00fablicos","Tribunais de Contas (TCU, TCE, TCM)"],"inLanguage":"pt-BR","potentialAction":[{"@type":"CommentAction","name":"Comment","target":["https:\/\/www.estrategiaconcursos.com.br\/blog\/responsabilidade-omissao-estado-tce-sc\/#respond"]}],"copyrightYear":"2025","copyrightHolder":{"@id":"https:\/\/www.estrategiaconcursos.com.br\/blog\/#organization"},"accessibilityFeature":["tableOfContents"]},{"@type":"WebPage","@id":"https:\/\/www.estrategiaconcursos.com.br\/blog\/responsabilidade-omissao-estado-tce-sc\/","url":"https:\/\/www.estrategiaconcursos.com.br\/blog\/responsabilidade-omissao-estado-tce-sc\/","name":"Responsabilidade por omiss\u00e3o do Estado para TCE-SC","isPartOf":{"@id":"https:\/\/www.estrategiaconcursos.com.br\/blog\/#website"},"primaryImageOfPage":{"@id":"https:\/\/www.estrategiaconcursos.com.br\/blog\/responsabilidade-omissao-estado-tce-sc\/#primaryimage"},"image":{"@id":"https:\/\/www.estrategiaconcursos.com.br\/blog\/responsabilidade-omissao-estado-tce-sc\/#primaryimage"},"thumbnailUrl":"https:\/\/dhg1h5j42swfq.cloudfront.net\/2025\/10\/03102940\/pexels-ekaterina-bolovtsova-6077797-scaled.jpg","datePublished":"2025-12-03T14:32:00+00:00","description":"Resumo sobre a Responsabilidade por omiss\u00e3o do Estado para o concurso do TCE-SC (Tribunal de Contas do Estado de Santa Catarina).","breadcrumb":{"@id":"https:\/\/www.estrategiaconcursos.com.br\/blog\/responsabilidade-omissao-estado-tce-sc\/#breadcrumb"},"inLanguage":"pt-BR","potentialAction":[{"@type":"ReadAction","target":["https:\/\/www.estrategiaconcursos.com.br\/blog\/responsabilidade-omissao-estado-tce-sc\/"]}]},{"@type":"ImageObject","inLanguage":"pt-BR","@id":"https:\/\/www.estrategiaconcursos.com.br\/blog\/responsabilidade-omissao-estado-tce-sc\/#primaryimage","url":"https:\/\/dhg1h5j42swfq.cloudfront.net\/2025\/10\/03102940\/pexels-ekaterina-bolovtsova-6077797-scaled.jpg","contentUrl":"https:\/\/dhg1h5j42swfq.cloudfront.net\/2025\/10\/03102940\/pexels-ekaterina-bolovtsova-6077797-scaled.jpg","width":2560,"height":1707,"caption":"Responsabilidade por omiss\u00e3o do Estado para TCE-SC"},{"@type":"BreadcrumbList","@id":"https:\/\/www.estrategiaconcursos.com.br\/blog\/responsabilidade-omissao-estado-tce-sc\/#breadcrumb","itemListElement":[{"@type":"ListItem","position":1,"name":"In\u00edcio","item":"https:\/\/www.estrategiaconcursos.com.br\/blog\/"},{"@type":"ListItem","position":2,"name":"Responsabilidade por omiss\u00e3o do Estado para TCE-SC"}]},{"@type":"WebSite","@id":"https:\/\/www.estrategiaconcursos.com.br\/blog\/#website","url":"https:\/\/www.estrategiaconcursos.com.br\/blog\/","name":"Estrat\u00e9gia Concursos","description":"O blog da Estrat\u00e9gia Concursos traz not\u00edcias sobre concursos e artigos de professores oferecendo cursos para concursos (pdf + videaulas) no site.","publisher":{"@id":"https:\/\/www.estrategiaconcursos.com.br\/blog\/#organization"},"potentialAction":[{"@type":"SearchAction","target":{"@type":"EntryPoint","urlTemplate":"https:\/\/www.estrategiaconcursos.com.br\/blog\/?s={search_term_string}"},"query-input":{"@type":"PropertyValueSpecification","valueRequired":true,"valueName":"search_term_string"}}],"inLanguage":"pt-BR"},{"@type":"Organization","@id":"https:\/\/www.estrategiaconcursos.com.br\/blog\/#organization","name":"Estrat\u00e9gia Concursos","url":"https:\/\/www.estrategiaconcursos.com.br\/blog\/","logo":{"@type":"ImageObject","inLanguage":"pt-BR","@id":"https:\/\/www.estrategiaconcursos.com.br\/blog\/#\/schema\/logo\/image\/","url":"https:\/\/dhg1h5j42swfq.cloudfront.net\/2025\/06\/03203428\/logo_concursos-1.jpg","contentUrl":"https:\/\/dhg1h5j42swfq.cloudfront.net\/2025\/06\/03203428\/logo_concursos-1.jpg","width":230,"height":60,"caption":"Estrat\u00e9gia Concursos"},"image":{"@id":"https:\/\/www.estrategiaconcursos.com.br\/blog\/#\/schema\/logo\/image\/"},"sameAs":["https:\/\/x.com\/EstratConcursos"]},{"@type":"Person","@id":"https:\/\/www.estrategiaconcursos.com.br\/blog\/#\/schema\/person\/48a7e085e45aee7c3d4596399af50ebb","name":"Frederico Tadeu Borlot Peixoto","image":{"@type":"ImageObject","inLanguage":"pt-BR","@id":"https:\/\/secure.gravatar.com\/avatar\/df8a49e2321c1e32f85e9e7c2a9c92c688f1f53a947220f40017ff5858b09fdb?s=96&d=mm&r=g","url":"https:\/\/secure.gravatar.com\/avatar\/df8a49e2321c1e32f85e9e7c2a9c92c688f1f53a947220f40017ff5858b09fdb?s=96&d=mm&r=g","contentUrl":"https:\/\/secure.gravatar.com\/avatar\/df8a49e2321c1e32f85e9e7c2a9c92c688f1f53a947220f40017ff5858b09fdb?s=96&d=mm&r=g","caption":"Frederico Tadeu Borlot Peixoto"},"description":"Analista Judici\u00e1rio - \u00c1rea Judici\u00e1ria do TRF da 4\u00aa regi\u00e3o. Bacharel em Direito. P\u00f3s-graduado em Direito Administrativo, Legisla\u00e7\u00e3o Penal Especial, Direito Penal e Direito Processual Penal. Tamb\u00e9m nomeado no TRF da 3\u00aa regi\u00e3o (8\u00ba lugar); SPPREV (3\u00ba lugar); IFES (2\u00ba lugar); e PMES. https:\/\/www.instagram.com\/proffrederico\/","sameAs":["https:\/\/www.instagram.com\/proffrederico\/"],"url":"https:\/\/www.estrategiaconcursos.com.br\/blog\/author\/xfredericohotmail-com\/"}]}},"_links":{"self":[{"href":"https:\/\/www.estrategiaconcursos.com.br\/blog\/wp-json\/wp\/v2\/posts\/1648844","targetHints":{"allow":["GET"]}}],"collection":[{"href":"https:\/\/www.estrategiaconcursos.com.br\/blog\/wp-json\/wp\/v2\/posts"}],"about":[{"href":"https:\/\/www.estrategiaconcursos.com.br\/blog\/wp-json\/wp\/v2\/types\/post"}],"author":[{"embeddable":true,"href":"https:\/\/www.estrategiaconcursos.com.br\/blog\/wp-json\/wp\/v2\/users\/2567"}],"replies":[{"embeddable":true,"href":"https:\/\/www.estrategiaconcursos.com.br\/blog\/wp-json\/wp\/v2\/comments?post=1648844"}],"version-history":[{"count":4,"href":"https:\/\/www.estrategiaconcursos.com.br\/blog\/wp-json\/wp\/v2\/posts\/1648844\/revisions"}],"predecessor-version":[{"id":1649032,"href":"https:\/\/www.estrategiaconcursos.com.br\/blog\/wp-json\/wp\/v2\/posts\/1648844\/revisions\/1649032"}],"wp:featuredmedia":[{"embeddable":true,"href":"https:\/\/www.estrategiaconcursos.com.br\/blog\/wp-json\/wp\/v2\/media\/1649031"}],"wp:attachment":[{"href":"https:\/\/www.estrategiaconcursos.com.br\/blog\/wp-json\/wp\/v2\/media?parent=1648844"}],"wp:term":[{"taxonomy":"category","embeddable":true,"href":"https:\/\/www.estrategiaconcursos.com.br\/blog\/wp-json\/wp\/v2\/categories?post=1648844"},{"taxonomy":"post_tag","embeddable":true,"href":"https:\/\/www.estrategiaconcursos.com.br\/blog\/wp-json\/wp\/v2\/tags?post=1648844"},{"taxonomy":"tax_estado","embeddable":true,"href":"https:\/\/www.estrategiaconcursos.com.br\/blog\/wp-json\/wp\/v2\/tax_estado?post=1648844"}],"curies":[{"name":"wp","href":"https:\/\/api.w.org\/{rel}","templated":true}]}}