{"id":1647887,"date":"2025-10-13T09:00:00","date_gmt":"2025-10-13T12:00:00","guid":{"rendered":"https:\/\/blog-estrategia.mystagingwebsite.com\/blog\/?p=1647887"},"modified":"2025-10-23T12:31:07","modified_gmt":"2025-10-23T15:31:07","slug":"concurso-ales-2025-inscricoes-abertas","status":"publish","type":"post","link":"https:\/\/www.estrategiaconcursos.com.br\/blog\/concurso-ales-2025-inscricoes-abertas\/","title":{"rendered":"Concurso ALES 2025 est\u00e1 com as inscri\u00e7\u00f5es abertas. Participe!"},"content":{"rendered":"\n<p class=\"wp-block-paragraph\" style=\"font-size:clamp(14.082px, 0.88rem + ((1vw - 3.2px) * 0.678), 21px);\"><em><strong>Interessados em participar do concurso ALES 2025 podem realizar as inscri\u00e7\u00f5es no site do IBGP!<\/strong><\/em><\/p>\n\n\n\n<p class=\"wp-block-paragraph\">Est\u00e3o <strong>abertas as inscri\u00e7\u00f5es<\/strong> do <strong>concurso p\u00fablico ALES<\/strong> (<a href=\"https:\/\/www.estrategiaconcursos.com.br\/cursosPorConcurso\/assembleia-legislativa-do-espirito-santo-ale-es\" target=\"_blank\" rel=\"noreferrer noopener\">Assembleia Legislativa do Estado do Esp\u00edrito Santo<\/a>)! Os interessados podem se candidatar no site do IBGP, <strong>at\u00e9 \u00e0s 16h do dia 13 de novembro<\/strong>.<\/p>\n\n\n\n<p class=\"wp-block-paragraph\">Conforme o edital, a taxa de inscri\u00e7\u00e3o foi determinada em R$ 85,00 a R$ 220,00. J\u00e1 a isen\u00e7\u00e3o desse pagamento pode ser solicitada no per\u00edodo de 13 a 15 de outubro.<\/p>\n\n\n\n<h2 class=\"wp-block-heading\" id=\"h-inscricoes-abertas-para-o-concurso-ales-2025-como-me-inscrevo\">Inscri\u00e7\u00f5es abertas para o concurso ALES 2025! Como me inscrevo?<\/h2>\n\n\n\n<p class=\"wp-block-paragraph\">Para participar, basta preencher os dados solicitados no site da banca organizadora e escolher o cargo desejado.<\/p>\n\n\n\n<ul class=\"wp-block-list has-very-light-gray-to-cyan-bluish-gray-gradient-background has-background\">\n<li><strong><a href=\"https:\/\/novo.ibgpconcursos.com.br\/concurso.jsp?cod=597\" target=\"_blank\" rel=\"noreferrer noopener\">Inscreva-se aqui para Analista e Consultor do concurso da ALES<\/a><\/strong><\/li>\n<\/ul>\n\n\n\n<ul class=\"wp-block-list has-very-light-gray-to-cyan-bluish-gray-gradient-background has-background\">\n<li><strong><a href=\"https:\/\/novo.ibgpconcursos.com.br\/concurso.jsp?cod=596\" target=\"_blank\" rel=\"noreferrer noopener\">Inscreva-se aqui para Agente de Pol\u00edcia Legislativa do concurso da ALES<\/a><\/strong><\/li>\n<\/ul>\n\n\n\n<div class=\"container\" id=\"boxes\">\n  <div class=\"row\">\n\n    <div class=\"col-sm\">\n      <div class=\"banner-ale\" id=\"box-assinatura\">\n        <h2 class=\"titulo-assinatura\">Concurso AL ES<\/h2>\n        <p class=\"subtitulo-assinatura\">Prepara\u00e7\u00e3o completa para a carreira na AL ES<\/p>\n        <div class=\"box-botao\">\n          <a class=\"btn-assinatura\" target=\"_blank\" href=\"https:\/\/www.estrategiaconcursos.com.br\/cursosPorConcurso\/assembleia-legislativa-do-espirito-santo-ale-es\/\" role=\"button\" rel=\"noopener noreferrer\">EXPLORAR CURSOS<\/a>\n        <\/div>\n      <\/div>\n     \n\n  <\/div>\n<\/div><\/div>\n\n\n\n<h2 class=\"wp-block-heading\" id=\"h-informacoes-do-edital-da-assembleia-legislativa-es\">Informa\u00e7\u00f5es do edital da Assembleia Legislativa ES<\/h2>\n\n\n\n<p class=\"wp-block-paragraph\">S\u00e3o ofertadas 35 vagas imediatas para os cargos de&nbsp;<strong>Consultor Legislativo, Analista Legislativo e Agente de Pol\u00edcia Legislativa<\/strong>, distribu\u00eddas entre ampla concorr\u00eancia, pessoas com defici\u00eancia, negros e ind\u00edgenas.<\/p>\n\n\n\n<p class=\"wp-block-paragraph\">As oportunidades exigem dos candidatos n\u00edvel fundamental e superior, com sal\u00e1rios iniciais de R$ 3.142,65 a R$ 9.360,43 + benef\u00edcios. A aplica\u00e7\u00e3o das provas \u00e9 prevista nos dias 14 e 21 de dezembro.<\/p>\n\n\n\n<p class=\"has-text-align-center wp-block-paragraph\"><em>Quer saber mais sobre as inscri\u00e7\u00f5es, vagas e todos os detalhes do concurso ALES 2025? Ent\u00e3o, acesse nosso artigo na \u00edntegra:<\/em><\/p>\n\n\n\n<h2 class=\"wp-block-heading has-text-align-center has-cyan-bluish-gray-background-color has-background has-medium-font-size\">Saiba mais: <a href=\"https:\/\/www.estrategiaconcursos.com.br\/blog\/concurso-assembleia-legislativa-es\/\" target=\"_blank\" rel=\"noreferrer noopener\">Concurso Assembleia Legislativa ES<\/a><\/h2>\n\n\n\n<hr class=\"wp-block-separator has-alpha-channel-opacity\"\/>\n\n\n\n<h2 class=\"wp-block-heading has-text-align-center\" id=\"h-quer-saber-tudo-sobre-concursos-previstos-confira-nossos-artigos\">Quer saber tudo sobre concursos previstos?<br \/>Confira nossos artigos!<\/h2>\n\n\n\n<ul class=\"wp-block-list\">\n<li><a href=\"https:\/\/www.estrategiaconcursos.com.br\/blog\/concursos-area-legislativa\/\" target=\"_blank\" rel=\"noreferrer noopener\">Concursos legislativos<\/a><\/li>\n\n\n\n<li><a href=\"https:\/\/www.estrategiaconcursos.com.br\/blog\/concursos-abertos\/\" target=\"_blank\" rel=\"noreferrer noopener\">Concursos abertos<\/a><\/li>\n\n\n\n<li><a href=\"https:\/\/www.estrategiaconcursos.com.br\/blog\/concursos-2025\/\" target=\"_blank\" rel=\"noreferrer noopener\">Concursos 2025<\/a><\/li>\n\n\n\n<li><a href=\"https:\/\/www.estrategiaconcursos.com.br\/blog\/concursos-2026\/\" target=\"_blank\" rel=\"noreferrer noopener\">Concursos 2026<\/a><\/li>\n<\/ul>\n\n\n\n<div class=\"container\" id=\"boxes\">\n  <div class=\"row\">\n\n    <div class=\"col-sm\">\n      <div class=\"estrategia\" id=\"box-assinatura\">\n        <h3 class=\"titulo-assinatura\">Assinatura de Concursos<\/h3>\n        <p class=\"subtitulo-assinatura\">Assinatura de 1 ano ou 2 anos<\/p>\n        <div class=\"box-botao\">\n          <a class=\"btn-assinatura\" target=\"_blank\" href=\"https:\/\/www.estrategiaconcursos.com.br\/blog\/assinaturas\/\" role=\"button\" rel=\"noopener noreferrer\">ASSINE AGORA<\/a>\n        <\/div>\n      <\/div>\n     \n    <\/div><\/div><\/div>\n","protected":false},"excerpt":{"rendered":"<p>Interessados em participar do concurso ALES 2025 podem realizar as inscri\u00e7\u00f5es no site do IBGP! Est\u00e3o abertas as inscri\u00e7\u00f5es do concurso p\u00fablico ALES (Assembleia Legislativa do Estado do Esp\u00edrito Santo)! Os interessados podem se candidatar no site do IBGP, at\u00e9 \u00e0s 16h do dia 13 de novembro. Conforme o edital, a taxa de inscri\u00e7\u00e3o foi [&hellip;]<\/p>\n","protected":false},"author":1206,"featured_media":1112395,"comment_status":"open","ping_status":"closed","sticky":false,"template":"","format":"standard","meta":{"_acf_changed":false,"post_tipo":"news","footnotes":""},"categories":[2017,220219],"tags":[],"tax_estado":[219971],"class_list":["post-1647887","post","type-post","status-publish","format-standard","has-post-thumbnail","hentry","category-concursos-legislativos","category-noticias","tax_estado-es"],"acf":[],"yoast_head":"<!-- This site is optimized with the Yoast SEO Premium plugin v28.1 (Yoast SEO v28.1) - https:\/\/yoast.com\/product\/yoast-seo-premium-wordpress\/ -->\n<title>Concurso ALES 2025 est\u00e1 com as inscri\u00e7\u00f5es abertas. Participe!<\/title>\n<meta name=\"description\" content=\"Interessados em participar do novo concurso ALES 2025 podem realizar as inscri\u00e7\u00f5es no site do IBGP. Acesse e veja os detalhes!\" \/>\n<meta name=\"robots\" content=\"index, follow, max-snippet:-1, max-image-preview:large, max-video-preview:-1\" \/>\n<link rel=\"canonical\" href=\"https:\/\/www.estrategiaconcursos.com.br\/blog\/concurso-ales-2025-inscricoes-abertas\/\" \/>\n<meta property=\"og:locale\" content=\"pt_BR\" \/>\n<meta property=\"og:type\" content=\"article\" \/>\n<meta property=\"og:title\" content=\"Concurso ALES 2025 est\u00e1 com as inscri\u00e7\u00f5es abertas. Participe!\" \/>\n<meta property=\"og:description\" content=\"Interessados em participar do novo concurso ALES 2025 podem realizar as inscri\u00e7\u00f5es no site do IBGP. Acesse e veja os detalhes!\" \/>\n<meta property=\"og:url\" content=\"https:\/\/www.estrategiaconcursos.com.br\/blog\/concurso-ales-2025-inscricoes-abertas\/\" \/>\n<meta property=\"og:site_name\" content=\"Estrat\u00e9gia Concursos\" \/>\n<meta property=\"article:published_time\" content=\"2025-10-13T12:00:00+00:00\" \/>\n<meta property=\"article:modified_time\" content=\"2025-10-23T15:31:07+00:00\" \/>\n<meta property=\"og:image\" content=\"https:\/\/dhg1h5j42swfq.cloudfront.net\/2022\/10\/19102325\/concurso-ale-es-1.jpg\" \/>\n\t<meta property=\"og:image:width\" content=\"768\" \/>\n\t<meta property=\"og:image:height\" content=\"432\" \/>\n\t<meta property=\"og:image:type\" content=\"image\/jpeg\" \/>\n<meta name=\"author\" content=\"Bruna de Andrade Fran\u00e7a\" \/>\n<meta name=\"twitter:card\" content=\"summary_large_image\" \/>\n<meta name=\"twitter:creator\" content=\"@EstratConcursos\" \/>\n<meta name=\"twitter:site\" content=\"@EstratConcursos\" \/>\n<meta name=\"twitter:label1\" content=\"Escrito por\" \/>\n\t<meta name=\"twitter:data1\" content=\"Bruna de Andrade Fran\u00e7a\" \/>\n\t<meta name=\"twitter:label2\" content=\"Est. tempo de leitura\" \/>\n\t<meta name=\"twitter:data2\" content=\"1 minuto\" \/>\n<script type=\"application\/ld+json\" class=\"yoast-schema-graph\">{\"@context\":\"https:\\\/\\\/schema.org\",\"@graph\":[{\"@type\":\"NewsArticle\",\"@id\":\"https:\\\/\\\/www.estrategiaconcursos.com.br\\\/blog\\\/concurso-ales-2025-inscricoes-abertas\\\/#article\",\"isPartOf\":{\"@id\":\"https:\\\/\\\/www.estrategiaconcursos.com.br\\\/blog\\\/concurso-ales-2025-inscricoes-abertas\\\/\"},\"author\":{\"name\":\"Bruna de Andrade Fran\u00e7a\",\"@id\":\"https:\\\/\\\/blog-estrategia.mystagingwebsite.com\\\/#\\\/schema\\\/person\\\/6630f91134abc08115cca62ce6372855\"},\"headline\":\"Concurso ALES 2025 est\u00e1 com as inscri\u00e7\u00f5es abertas. Participe!\",\"datePublished\":\"2025-10-13T12:00:00+00:00\",\"dateModified\":\"2025-10-23T15:31:07+00:00\",\"mainEntityOfPage\":{\"@id\":\"https:\\\/\\\/www.estrategiaconcursos.com.br\\\/blog\\\/concurso-ales-2025-inscricoes-abertas\\\/\"},\"wordCount\":278,\"commentCount\":0,\"publisher\":{\"@id\":\"https:\\\/\\\/blog-estrategia.mystagingwebsite.com\\\/#organization\"},\"image\":{\"@id\":\"https:\\\/\\\/www.estrategiaconcursos.com.br\\\/blog\\\/concurso-ales-2025-inscricoes-abertas\\\/#primaryimage\"},\"thumbnailUrl\":\"https:\\\/\\\/dhg1h5j42swfq.cloudfront.net\\\/2022\\\/10\\\/19102325\\\/concurso-ale-es-1.jpg\",\"articleSection\":[\"Legislativo\",\"\u00daltimas not\u00edcias\"],\"inLanguage\":\"pt-BR\",\"potentialAction\":[{\"@type\":\"CommentAction\",\"name\":\"Comment\",\"target\":[\"https:\\\/\\\/www.estrategiaconcursos.com.br\\\/blog\\\/concurso-ales-2025-inscricoes-abertas\\\/#respond\"]}],\"copyrightYear\":\"2025\",\"copyrightHolder\":{\"@id\":\"https:\\\/\\\/www.estrategiaconcursos.com.br\\\/blog\\\/#organization\"}},{\"@type\":\"WebPage\",\"@id\":\"https:\\\/\\\/www.estrategiaconcursos.com.br\\\/blog\\\/concurso-ales-2025-inscricoes-abertas\\\/\",\"url\":\"https:\\\/\\\/www.estrategiaconcursos.com.br\\\/blog\\\/concurso-ales-2025-inscricoes-abertas\\\/\",\"name\":\"Concurso ALES 2025 est\u00e1 com as inscri\u00e7\u00f5es abertas. Participe!\",\"isPartOf\":{\"@id\":\"https:\\\/\\\/blog-estrategia.mystagingwebsite.com\\\/#website\"},\"primaryImageOfPage\":{\"@id\":\"https:\\\/\\\/www.estrategiaconcursos.com.br\\\/blog\\\/concurso-ales-2025-inscricoes-abertas\\\/#primaryimage\"},\"image\":{\"@id\":\"https:\\\/\\\/www.estrategiaconcursos.com.br\\\/blog\\\/concurso-ales-2025-inscricoes-abertas\\\/#primaryimage\"},\"thumbnailUrl\":\"https:\\\/\\\/dhg1h5j42swfq.cloudfront.net\\\/2022\\\/10\\\/19102325\\\/concurso-ale-es-1.jpg\",\"datePublished\":\"2025-10-13T12:00:00+00:00\",\"dateModified\":\"2025-10-23T15:31:07+00:00\",\"description\":\"Interessados em participar do novo concurso ALES 2025 podem realizar as inscri\u00e7\u00f5es no site do IBGP. Acesse e veja os detalhes!\",\"breadcrumb\":{\"@id\":\"https:\\\/\\\/www.estrategiaconcursos.com.br\\\/blog\\\/concurso-ales-2025-inscricoes-abertas\\\/#breadcrumb\"},\"inLanguage\":\"pt-BR\",\"potentialAction\":[{\"@type\":\"ReadAction\",\"target\":[\"https:\\\/\\\/www.estrategiaconcursos.com.br\\\/blog\\\/concurso-ales-2025-inscricoes-abertas\\\/\"]}]},{\"@type\":\"ImageObject\",\"inLanguage\":\"pt-BR\",\"@id\":\"https:\\\/\\\/www.estrategiaconcursos.com.br\\\/blog\\\/concurso-ales-2025-inscricoes-abertas\\\/#primaryimage\",\"url\":\"https:\\\/\\\/dhg1h5j42swfq.cloudfront.net\\\/2022\\\/10\\\/19102325\\\/concurso-ale-es-1.jpg\",\"contentUrl\":\"https:\\\/\\\/dhg1h5j42swfq.cloudfront.net\\\/2022\\\/10\\\/19102325\\\/concurso-ale-es-1.jpg\",\"width\":768,\"height\":432,\"caption\":\"concurso ale es\"},{\"@type\":\"BreadcrumbList\",\"@id\":\"https:\\\/\\\/www.estrategiaconcursos.com.br\\\/blog\\\/concurso-ales-2025-inscricoes-abertas\\\/#breadcrumb\",\"itemListElement\":[{\"@type\":\"ListItem\",\"position\":1,\"name\":\"In\u00edcio\",\"item\":\"https:\\\/\\\/blog-estrategia.mystagingwebsite.com\\\/\"},{\"@type\":\"ListItem\",\"position\":2,\"name\":\"Concurso ALES 2025 est\u00e1 com as inscri\u00e7\u00f5es abertas. Participe!\"}]},{\"@type\":\"WebSite\",\"@id\":\"https:\\\/\\\/blog-estrategia.mystagingwebsite.com\\\/#website\",\"url\":\"https:\\\/\\\/blog-estrategia.mystagingwebsite.com\\\/\",\"name\":\"Estrat\u00e9gia Concursos\",\"description\":\"O blog da Estrat\u00e9gia Concursos traz not\u00edcias sobre concursos e artigos de professores oferecendo cursos para concursos (pdf + videaulas) no site.\",\"publisher\":{\"@id\":\"https:\\\/\\\/blog-estrategia.mystagingwebsite.com\\\/#organization\"},\"potentialAction\":[{\"@type\":\"SearchAction\",\"target\":{\"@type\":\"EntryPoint\",\"urlTemplate\":\"https:\\\/\\\/blog-estrategia.mystagingwebsite.com\\\/?s={search_term_string}\"},\"query-input\":{\"@type\":\"PropertyValueSpecification\",\"valueRequired\":true,\"valueName\":\"search_term_string\"}}],\"inLanguage\":\"pt-BR\"},{\"@type\":\"Organization\",\"@id\":\"https:\\\/\\\/blog-estrategia.mystagingwebsite.com\\\/#organization\",\"name\":\"Estrat\u00e9gia Concursos\",\"url\":\"https:\\\/\\\/blog-estrategia.mystagingwebsite.com\\\/\",\"logo\":{\"@type\":\"ImageObject\",\"inLanguage\":\"pt-BR\",\"@id\":\"https:\\\/\\\/blog-estrategia.mystagingwebsite.com\\\/#\\\/schema\\\/logo\\\/image\\\/\",\"url\":\"https:\\\/\\\/dhg1h5j42swfq.cloudfront.net\\\/2025\\\/06\\\/03203428\\\/logo_concursos-1.jpg\",\"contentUrl\":\"https:\\\/\\\/dhg1h5j42swfq.cloudfront.net\\\/2025\\\/06\\\/03203428\\\/logo_concursos-1.jpg\",\"width\":230,\"height\":60,\"caption\":\"Estrat\u00e9gia Concursos\"},\"image\":{\"@id\":\"https:\\\/\\\/blog-estrategia.mystagingwebsite.com\\\/#\\\/schema\\\/logo\\\/image\\\/\"},\"sameAs\":[\"https:\\\/\\\/x.com\\\/EstratConcursos\"]},{\"@type\":\"Person\",\"@id\":\"https:\\\/\\\/blog-estrategia.mystagingwebsite.com\\\/#\\\/schema\\\/person\\\/6630f91134abc08115cca62ce6372855\",\"name\":\"Bruna de Andrade Fran\u00e7a\",\"image\":{\"@type\":\"ImageObject\",\"inLanguage\":\"pt-BR\",\"@id\":\"https:\\\/\\\/secure.gravatar.com\\\/avatar\\\/d6316d36d50cea0fadae28ed3015b8870cc90a2d3d8a95c37b44006af36a00e3?s=96&d=mm&r=g\",\"url\":\"https:\\\/\\\/secure.gravatar.com\\\/avatar\\\/d6316d36d50cea0fadae28ed3015b8870cc90a2d3d8a95c37b44006af36a00e3?s=96&d=mm&r=g\",\"contentUrl\":\"https:\\\/\\\/secure.gravatar.com\\\/avatar\\\/d6316d36d50cea0fadae28ed3015b8870cc90a2d3d8a95c37b44006af36a00e3?s=96&d=mm&r=g\",\"caption\":\"Bruna de Andrade Fran\u00e7a\"},\"description\":\"Bruna de Andrade Fran\u00e7a \u00e9 publicit\u00e1ria, p\u00f3s-graduada em Marketing &amp; Growth, e atua h\u00e1 mais de sete anos no mercado de concursos p\u00fablicos. Atualmente, \u00e9 coordenadora do jornalismo de Carreira Jur\u00eddica e OAB no Estrat\u00e9gia Concursos, liderando a cobertura editorial das principais sele\u00e7\u00f5es do pa\u00eds. Especialista em reda\u00e7\u00e3o, SEO e Copywriting, acumula ampla experi\u00eancia na produ\u00e7\u00e3o e gest\u00e3o de conte\u00fado jornal\u00edstico. Ao longo de sua trajet\u00f3ria, tamb\u00e9m esteve \u00e0 frente da cobertura de concursos policiais, banc\u00e1rios, \u00e1rea legislativa e sa\u00fade.\",\"url\":\"https:\\\/\\\/www.estrategiaconcursos.com.br\\\/blog\\\/author\\\/bruna-andrade\\\/\"}]}<\/script>\n<!-- \/ Yoast SEO Premium plugin. -->","yoast_head_json":{"title":"Concurso ALES 2025 est\u00e1 com as inscri\u00e7\u00f5es abertas. Participe!","description":"Interessados em participar do novo concurso ALES 2025 podem realizar as inscri\u00e7\u00f5es no site do IBGP. Acesse e veja os detalhes!","robots":{"index":"index","follow":"follow","max-snippet":"max-snippet:-1","max-image-preview":"max-image-preview:large","max-video-preview":"max-video-preview:-1"},"canonical":"https:\/\/www.estrategiaconcursos.com.br\/blog\/concurso-ales-2025-inscricoes-abertas\/","og_locale":"pt_BR","og_type":"article","og_title":"Concurso ALES 2025 est\u00e1 com as inscri\u00e7\u00f5es abertas. Participe!","og_description":"Interessados em participar do novo concurso ALES 2025 podem realizar as inscri\u00e7\u00f5es no site do IBGP. Acesse e veja os detalhes!","og_url":"https:\/\/www.estrategiaconcursos.com.br\/blog\/concurso-ales-2025-inscricoes-abertas\/","og_site_name":"Estrat\u00e9gia Concursos","article_published_time":"2025-10-13T12:00:00+00:00","article_modified_time":"2025-10-23T15:31:07+00:00","og_image":[{"width":768,"height":432,"url":"https:\/\/dhg1h5j42swfq.cloudfront.net\/2022\/10\/19102325\/concurso-ale-es-1.jpg","type":"image\/jpeg"}],"author":"Bruna de Andrade Fran\u00e7a","twitter_card":"summary_large_image","twitter_creator":"@EstratConcursos","twitter_site":"@EstratConcursos","twitter_misc":{"Escrito por":"Bruna de Andrade Fran\u00e7a","Est. tempo de leitura":"1 minuto"},"schema":{"@context":"https:\/\/schema.org","@graph":[{"@type":"NewsArticle","@id":"https:\/\/www.estrategiaconcursos.com.br\/blog\/concurso-ales-2025-inscricoes-abertas\/#article","isPartOf":{"@id":"https:\/\/www.estrategiaconcursos.com.br\/blog\/concurso-ales-2025-inscricoes-abertas\/"},"author":{"name":"Bruna de Andrade Fran\u00e7a","@id":"https:\/\/blog-estrategia.mystagingwebsite.com\/#\/schema\/person\/6630f91134abc08115cca62ce6372855"},"headline":"Concurso ALES 2025 est\u00e1 com as inscri\u00e7\u00f5es abertas. Participe!","datePublished":"2025-10-13T12:00:00+00:00","dateModified":"2025-10-23T15:31:07+00:00","mainEntityOfPage":{"@id":"https:\/\/www.estrategiaconcursos.com.br\/blog\/concurso-ales-2025-inscricoes-abertas\/"},"wordCount":278,"commentCount":0,"publisher":{"@id":"https:\/\/blog-estrategia.mystagingwebsite.com\/#organization"},"image":{"@id":"https:\/\/www.estrategiaconcursos.com.br\/blog\/concurso-ales-2025-inscricoes-abertas\/#primaryimage"},"thumbnailUrl":"https:\/\/dhg1h5j42swfq.cloudfront.net\/2022\/10\/19102325\/concurso-ale-es-1.jpg","articleSection":["Legislativo","\u00daltimas not\u00edcias"],"inLanguage":"pt-BR","potentialAction":[{"@type":"CommentAction","name":"Comment","target":["https:\/\/www.estrategiaconcursos.com.br\/blog\/concurso-ales-2025-inscricoes-abertas\/#respond"]}],"copyrightYear":"2025","copyrightHolder":{"@id":"https:\/\/www.estrategiaconcursos.com.br\/blog\/#organization"}},{"@type":"WebPage","@id":"https:\/\/www.estrategiaconcursos.com.br\/blog\/concurso-ales-2025-inscricoes-abertas\/","url":"https:\/\/www.estrategiaconcursos.com.br\/blog\/concurso-ales-2025-inscricoes-abertas\/","name":"Concurso ALES 2025 est\u00e1 com as inscri\u00e7\u00f5es abertas. Participe!","isPartOf":{"@id":"https:\/\/blog-estrategia.mystagingwebsite.com\/#website"},"primaryImageOfPage":{"@id":"https:\/\/www.estrategiaconcursos.com.br\/blog\/concurso-ales-2025-inscricoes-abertas\/#primaryimage"},"image":{"@id":"https:\/\/www.estrategiaconcursos.com.br\/blog\/concurso-ales-2025-inscricoes-abertas\/#primaryimage"},"thumbnailUrl":"https:\/\/dhg1h5j42swfq.cloudfront.net\/2022\/10\/19102325\/concurso-ale-es-1.jpg","datePublished":"2025-10-13T12:00:00+00:00","dateModified":"2025-10-23T15:31:07+00:00","description":"Interessados em participar do novo concurso ALES 2025 podem realizar as inscri\u00e7\u00f5es no site do IBGP. Acesse e veja os detalhes!","breadcrumb":{"@id":"https:\/\/www.estrategiaconcursos.com.br\/blog\/concurso-ales-2025-inscricoes-abertas\/#breadcrumb"},"inLanguage":"pt-BR","potentialAction":[{"@type":"ReadAction","target":["https:\/\/www.estrategiaconcursos.com.br\/blog\/concurso-ales-2025-inscricoes-abertas\/"]}]},{"@type":"ImageObject","inLanguage":"pt-BR","@id":"https:\/\/www.estrategiaconcursos.com.br\/blog\/concurso-ales-2025-inscricoes-abertas\/#primaryimage","url":"https:\/\/dhg1h5j42swfq.cloudfront.net\/2022\/10\/19102325\/concurso-ale-es-1.jpg","contentUrl":"https:\/\/dhg1h5j42swfq.cloudfront.net\/2022\/10\/19102325\/concurso-ale-es-1.jpg","width":768,"height":432,"caption":"concurso ale es"},{"@type":"BreadcrumbList","@id":"https:\/\/www.estrategiaconcursos.com.br\/blog\/concurso-ales-2025-inscricoes-abertas\/#breadcrumb","itemListElement":[{"@type":"ListItem","position":1,"name":"In\u00edcio","item":"https:\/\/blog-estrategia.mystagingwebsite.com\/"},{"@type":"ListItem","position":2,"name":"Concurso ALES 2025 est\u00e1 com as inscri\u00e7\u00f5es abertas. Participe!"}]},{"@type":"WebSite","@id":"https:\/\/blog-estrategia.mystagingwebsite.com\/#website","url":"https:\/\/blog-estrategia.mystagingwebsite.com\/","name":"Estrat\u00e9gia Concursos","description":"O blog da Estrat\u00e9gia Concursos traz not\u00edcias sobre concursos e artigos de professores oferecendo cursos para concursos (pdf + videaulas) no site.","publisher":{"@id":"https:\/\/blog-estrategia.mystagingwebsite.com\/#organization"},"potentialAction":[{"@type":"SearchAction","target":{"@type":"EntryPoint","urlTemplate":"https:\/\/blog-estrategia.mystagingwebsite.com\/?s={search_term_string}"},"query-input":{"@type":"PropertyValueSpecification","valueRequired":true,"valueName":"search_term_string"}}],"inLanguage":"pt-BR"},{"@type":"Organization","@id":"https:\/\/blog-estrategia.mystagingwebsite.com\/#organization","name":"Estrat\u00e9gia Concursos","url":"https:\/\/blog-estrategia.mystagingwebsite.com\/","logo":{"@type":"ImageObject","inLanguage":"pt-BR","@id":"https:\/\/blog-estrategia.mystagingwebsite.com\/#\/schema\/logo\/image\/","url":"https:\/\/dhg1h5j42swfq.cloudfront.net\/2025\/06\/03203428\/logo_concursos-1.jpg","contentUrl":"https:\/\/dhg1h5j42swfq.cloudfront.net\/2025\/06\/03203428\/logo_concursos-1.jpg","width":230,"height":60,"caption":"Estrat\u00e9gia Concursos"},"image":{"@id":"https:\/\/blog-estrategia.mystagingwebsite.com\/#\/schema\/logo\/image\/"},"sameAs":["https:\/\/x.com\/EstratConcursos"]},{"@type":"Person","@id":"https:\/\/blog-estrategia.mystagingwebsite.com\/#\/schema\/person\/6630f91134abc08115cca62ce6372855","name":"Bruna de Andrade Fran\u00e7a","image":{"@type":"ImageObject","inLanguage":"pt-BR","@id":"https:\/\/secure.gravatar.com\/avatar\/d6316d36d50cea0fadae28ed3015b8870cc90a2d3d8a95c37b44006af36a00e3?s=96&d=mm&r=g","url":"https:\/\/secure.gravatar.com\/avatar\/d6316d36d50cea0fadae28ed3015b8870cc90a2d3d8a95c37b44006af36a00e3?s=96&d=mm&r=g","contentUrl":"https:\/\/secure.gravatar.com\/avatar\/d6316d36d50cea0fadae28ed3015b8870cc90a2d3d8a95c37b44006af36a00e3?s=96&d=mm&r=g","caption":"Bruna de Andrade Fran\u00e7a"},"description":"Bruna de Andrade Fran\u00e7a \u00e9 publicit\u00e1ria, p\u00f3s-graduada em Marketing &amp; Growth, e atua h\u00e1 mais de sete anos no mercado de concursos p\u00fablicos. Atualmente, \u00e9 coordenadora do jornalismo de Carreira Jur\u00eddica e OAB no Estrat\u00e9gia Concursos, liderando a cobertura editorial das principais sele\u00e7\u00f5es do pa\u00eds. Especialista em reda\u00e7\u00e3o, SEO e Copywriting, acumula ampla experi\u00eancia na produ\u00e7\u00e3o e gest\u00e3o de conte\u00fado jornal\u00edstico. Ao longo de sua trajet\u00f3ria, tamb\u00e9m esteve \u00e0 frente da cobertura de concursos policiais, banc\u00e1rios, \u00e1rea legislativa e sa\u00fade.","url":"https:\/\/www.estrategiaconcursos.com.br\/blog\/author\/bruna-andrade\/"}]}},"_links":{"self":[{"href":"https:\/\/www.estrategiaconcursos.com.br\/blog\/wp-json\/wp\/v2\/posts\/1647887","targetHints":{"allow":["GET"]}}],"collection":[{"href":"https:\/\/www.estrategiaconcursos.com.br\/blog\/wp-json\/wp\/v2\/posts"}],"about":[{"href":"https:\/\/www.estrategiaconcursos.com.br\/blog\/wp-json\/wp\/v2\/types\/post"}],"author":[{"embeddable":true,"href":"https:\/\/www.estrategiaconcursos.com.br\/blog\/wp-json\/wp\/v2\/users\/1206"}],"replies":[{"embeddable":true,"href":"https:\/\/www.estrategiaconcursos.com.br\/blog\/wp-json\/wp\/v2\/comments?post=1647887"}],"version-history":[{"count":0,"href":"https:\/\/www.estrategiaconcursos.com.br\/blog\/wp-json\/wp\/v2\/posts\/1647887\/revisions"}],"wp:featuredmedia":[{"embeddable":true,"href":"https:\/\/www.estrategiaconcursos.com.br\/blog\/wp-json\/wp\/v2\/media\/1112395"}],"wp:attachment":[{"href":"https:\/\/www.estrategiaconcursos.com.br\/blog\/wp-json\/wp\/v2\/media?parent=1647887"}],"wp:term":[{"taxonomy":"category","embeddable":true,"href":"https:\/\/www.estrategiaconcursos.com.br\/blog\/wp-json\/wp\/v2\/categories?post=1647887"},{"taxonomy":"post_tag","embeddable":true,"href":"https:\/\/www.estrategiaconcursos.com.br\/blog\/wp-json\/wp\/v2\/tags?post=1647887"},{"taxonomy":"tax_estado","embeddable":true,"href":"https:\/\/www.estrategiaconcursos.com.br\/blog\/wp-json\/wp\/v2\/tax_estado?post=1647887"}],"curies":[{"name":"wp","href":"https:\/\/api.w.org\/{rel}","templated":true}]}}