{"id":1647518,"date":"2025-11-27T08:44:00","date_gmt":"2025-11-27T11:44:00","guid":{"rendered":"https:\/\/www.estrategiaconcursos.com.br\/blog\/?p=1647518"},"modified":"2025-11-27T10:39:39","modified_gmt":"2025-11-27T13:39:39","slug":"processo-legislativo-sefaz-sp","status":"publish","type":"post","link":"https:\/\/www.estrategiaconcursos.com.br\/blog\/processo-legislativo-sefaz-sp\/","title":{"rendered":"Processo Legislativo para o Concurso SEFAZ SP"},"content":{"rendered":"\n<p>Ol\u00e1, tudo bem? Hoje faremos um resumo sobre o<strong> Processo Legislativo para o concurso da SEFAZ SP <\/strong>(Secretaria da Fazenda e Planejamento SP).<\/p>\n\n\n\n<p>Agora que o edital da SEFAZ SP para Auditor foi publicado \u00e9 sua chance de aprender mais sobre as disciplinas cobradas. Para maiores informa\u00e7\u00f5es, fique de olho em <a href=\"https:\/\/www.estrategiaconcursos.com.br\/blog\/concurso-sefaz-sp\/\" target=\"_blank\" rel=\"noreferrer noopener\">nosso artigo sobre o concurso Sefaz SP<\/a>!<\/p>\n\n\n\n<p>Agora, vamos ao que interessa!<\/p>\n\n\n\n<figure class=\"wp-block-image aligncenter size-large is-resized\"><img loading=\"lazy\" decoding=\"async\" width=\"717\" height=\"1024\" src=\"https:\/\/dhg1h5j42swfq.cloudfront.net\/2025\/10\/01080539\/assinatura-de-documentos-juridicos-717x1024.jpg\" alt=\"Processo Legislativo para SEFAZ-SP\" class=\"wp-image-1647520\" style=\"width:609px;height:auto\" srcset=\"https:\/\/dhg1h5j42swfq.cloudfront.net\/2025\/10\/01080539\/assinatura-de-documentos-juridicos-717x1024.jpg 717w, https:\/\/dhg1h5j42swfq.cloudfront.net\/2025\/10\/01080539\/assinatura-de-documentos-juridicos-210x300.jpg 210w, https:\/\/dhg1h5j42swfq.cloudfront.net\/2025\/10\/01080539\/assinatura-de-documentos-juridicos-768x1097.jpg 768w, https:\/\/dhg1h5j42swfq.cloudfront.net\/2025\/10\/01080539\/assinatura-de-documentos-juridicos-1075x1536.jpg 1075w, https:\/\/dhg1h5j42swfq.cloudfront.net\/2025\/10\/01080539\/assinatura-de-documentos-juridicos-1434x2048.jpg 1434w, https:\/\/dhg1h5j42swfq.cloudfront.net\/2025\/10\/01080539\/assinatura-de-documentos-juridicos-150x214.jpg 150w, https:\/\/dhg1h5j42swfq.cloudfront.net\/2025\/10\/01080539\/assinatura-de-documentos-juridicos-scaled.jpg 1792w\" sizes=\"auto, (max-width: 717px) 100vw, 717px\" \/><figcaption class=\"wp-element-caption\">Processo Legislativo para o concurso SEFAZ SP<\/figcaption><\/figure>\n\n\n\n<div class=\"wp-block-yoast-seo-table-of-contents yoast-table-of-contents\"><ul><li><a href=\"#h-processo-legislativo-para-o-concurso-sefaz-sp-auditor\" data-level=\"2\">Processo Legislativo para o concurso SEFAZ SP Auditor<\/a><ul><li><a href=\"#h-poder-legislativo-nacional-nbsp\" data-level=\"3\">Poder Legislativo nacional\u00a0<\/a><\/li><li><a href=\"#h-atos-normativos-primarios-e-secundarios\" data-level=\"3\">Atos normativos prim\u00e1rios e secund\u00e1rios<\/a><\/li><li><a href=\"#h-procedimentos-legislativos-comum-e-especial\" data-level=\"3\">Procedimentos legislativos comum e especial<\/a><\/li><li><a href=\"#h-um-ato-normativo-primario-sempre-tem-carater-geral-e-abstrato\" data-level=\"3\">Um ato normativo prim\u00e1rio sempre tem car\u00e1ter geral e abstrato?<\/a><\/li><li><a href=\"#h-nao-ha-hierarquia-entre-lei-complementar-e-lei-ordinaria\" data-level=\"3\">N\u00e3o h\u00e1 hierarquia entre lei complementar e lei ordin\u00e1ria<\/a><\/li><\/ul><\/li><li><a href=\"#h-consideracoes-finais\" data-level=\"2\">Considera\u00e7\u00f5es finais<\/a><\/li><li><a href=\"#h-quer-saber-tudo-sobre-concursos-previstos-confira-nossos-artigos\" data-level=\"2\">Quer saber tudo sobre concursos previstos? Confira nossos artigos!<\/a><\/li><\/ul><\/div>\n\n\n\n<div class=\"container\" id=\"boxes\">\n  <div class=\"row\">\n\n    <div class=\"col-sm\">\n      <div class=\"banner-sefaz-ec\" id=\"box-assinatura\">\n        <h2 class=\"titulo-assinatura\">Concurso Sefaz SP<\/h2>\n        <p class=\"subtitulo-assinatura\">Prepara\u00e7\u00e3o completa para a carreira na Sefaz SP<\/p>\n        <div class=\"box-botao\">\n          <a class=\"btn-assinatura\" target=\"_blank\" href=\"https:\/\/www.estrategiaconcursos.com.br\/cursosPorConcurso\/icms-sp-63\/\" role=\"button\" rel=\"noopener noreferrer\">VER CURSOS<\/a>\n        <\/div>\n      <\/div>\n    \n    <\/div>\n\n  <\/div>\n<\/div>\n\n\n\n<h2 class=\"wp-block-heading has-vivid-cyan-blue-color has-text-color has-link-color wp-elements-cb9e04ef09f1444df1a9fd026761e7ca\" id=\"h-processo-legislativo-para-o-concurso-sefaz-sp-auditor\">Processo Legislativo para o concurso SEFAZ SP Auditor<\/h2>\n\n\n\n<h3 class=\"wp-block-heading has-vivid-cyan-blue-color has-text-color has-link-color wp-elements-b77d2ceac1352bbaa034cb5e2c94a61d\" id=\"h-poder-legislativo-nacional-nbsp\">Poder Legislativo nacional&nbsp;<\/h3>\n\n\n\n<p>O processo legislativo \u00e9 uma atividade t\u00edpica do Poder Legislativo, o qual, em nosso Pa\u00eds, \u00e9 considerado <strong>bicameral <\/strong>a n\u00edvel <strong>federal<\/strong>, uma vez que se comp\u00f5e da C\u00e2mara dos Deputados e do Senado Federal.<\/p>\n\n\n\n<p>J\u00e1 no \u00e2mbito <strong>estadual<\/strong> e <strong>municipal<\/strong>, o Poder Legislativo \u00e9 considerado unicameral, uma vez que consiste, respectivamente, nas Assembleias Legislativas e nas C\u00e2maras dos Vereadores.<\/p>\n\n\n\n<p>Com efeito, \u00e9 a partir da elabora\u00e7\u00e3o de \u201cleis\u201d que o Poder Legislativo exerce sua fun\u00e7\u00e3o prec\u00edpua prevista na Constitui\u00e7\u00e3o Federal.&nbsp;<\/p>\n\n\n\n<h3 class=\"wp-block-heading has-vivid-cyan-blue-color has-text-color has-link-color wp-elements-2245f70665f87ac44bd0c0e30100ebf9\" id=\"h-atos-normativos-primarios-e-secundarios\">Atos normativos prim\u00e1rios e secund\u00e1rios<\/h3>\n\n\n\n<p>Mas, quando falamos em \u201clei\u201d, em um sentido amplo, estamos nos referindo aos chamados <strong>atos normativos prim\u00e1rios<\/strong>, que s\u00e3o aqueles que retiram seu fundamento de validade diretamente do texto constitucional.&nbsp;<\/p>\n\n\n\n<p>Eles est\u00e3o previstos no artigo 59 da CF\/88, que assim disp\u00f5e:<\/p>\n\n\n\n<div class=\"wp-block-group has-background has-global-padding is-layout-constrained wp-block-group-is-layout-constrained\" style=\"background-color:#8dd2fc3b\">\n<p>Art. 59. O processo legislativo compreende a elabora\u00e7\u00e3o de:<\/p>\n\n\n\n<p>I &#8211; emendas \u00e0 Constitui\u00e7\u00e3o;<\/p>\n\n\n\n<p>II &#8211; leis complementares;<\/p>\n\n\n\n<p>III &#8211; leis ordin\u00e1rias;<\/p>\n\n\n\n<p>IV &#8211; leis delegadas;<\/p>\n\n\n\n<p>V &#8211; medidas provis\u00f3rias;<\/p>\n\n\n\n<p>VI &#8211; decretos legislativos;<\/p>\n\n\n\n<p>VII &#8211; resolu\u00e7\u00f5es.<\/p>\n<\/div>\n\n\n\n<p>Cada uma dessas esp\u00e9cies normativas possui uma finalidade espec\u00edfica e requisitos para que seja utilizada. No entanto, considerando que a inten\u00e7\u00e3o \u00e9 passar uma vis\u00e3o geral sobre todo o assunto, hoje n\u00e3o aprofundaremos em cada uma dessas esp\u00e9cies.<\/p>\n\n\n\n<p>Como s\u00e3o atos normativos prim\u00e1rios, a CF\/88 autoriza que, a partir deles, se inove no ordenamento jur\u00eddico, criando direitos e\/ou obriga\u00e7\u00f5es.<\/p>\n\n\n\n<figure class=\"wp-block-image aligncenter size-full\"><img loading=\"lazy\" decoding=\"async\" width=\"149\" height=\"97\" src=\"https:\/\/dhg1h5j42swfq.cloudfront.net\/2025\/10\/01080515\/image.png\" alt=\"\" class=\"wp-image-1647519\"\/><\/figure>\n\n\n\n<p>No entanto, \u00e9 importante destacar que os <strong>decretos aut\u00f4nomos<\/strong> (<a href=\"https:\/\/www.planalto.gov.br\/ccivil_03\/constituicao\/constituicao.htm#:~:text=VI%20%2D%20dispor%2C%20mediante%20decreto%2C%20sobre%3A\" target=\"_blank\" rel=\"noreferrer noopener\">art. 84, inc. VI, CF<\/a>) e os <strong>regimentos internos dos Tribunais <\/strong>(<a href=\"https:\/\/www.planalto.gov.br\/ccivil_03\/constituicao\/constituicao.htm#:~:text=elaborar%20seus%20regimentos%20internos%2C\" target=\"_blank\" rel=\"noreferrer noopener\">art. 96, inc. I, da CF<\/a>) tamb\u00e9m s\u00e3o considerados <strong>atos normativos prim\u00e1rios, embora n\u00e3o estejam sujeitos ao processo legislativo<\/strong>.<\/p>\n\n\n\n<p>Por outro lado, os <strong>atos normativos secund\u00e1rios<\/strong> s\u00e3o aqueles que retiram seu fundamento de validade dos atos normativos prim\u00e1rios, sendo deles hierarquicamente dependentes. Como <strong>exemplo<\/strong>, podemos citar os decretos executivos, as portarias, as instru\u00e7\u00f5es normativas, etc.<\/p>\n\n\n\n<p>Como dependem dos atos normativos prim\u00e1rios, os atos normativos secund\u00e1rios <strong>n\u00e3o podem inovar<\/strong> no ordenamento jur\u00eddico, mas apenas dispor nos exatos limites previstos no ato prim\u00e1rio do qual derivam. Por essa raz\u00e3o, <strong>tamb\u00e9m n\u00e3o s\u00e3o objeto do processo legislativo<\/strong>.<\/p>\n\n\n\n<h3 class=\"wp-block-heading has-vivid-cyan-blue-color has-text-color has-link-color wp-elements-b892d55869151bbaecb60ac23735527c\" id=\"h-procedimentos-legislativos-comum-e-especial\">Procedimentos legislativos comum e especial<\/h3>\n\n\n\n<p>A doutrina tamb\u00e9m afirma que o processo legislativo pode ser levado a efeito por meio do procedimento legislativo <strong>comum<\/strong> ou do procedimento legislativo <strong>especial<\/strong>.<\/p>\n\n\n\n<p>O procedimento legislativo <strong>comum<\/strong> aplica-se \u00e0 elabora\u00e7\u00e3o das <strong>leis ordin\u00e1rias<\/strong> (inciso III do art. 59 da CF), as quais s\u00e3o conhecidas como <strong>lei em sentido estrito<\/strong>.<\/p>\n\n\n\n<p>Esse tipo de procedimento subdivide-se em outros tr\u00eas tipos: procedimento legislativo ordin\u00e1rio; procedimento legislativo sum\u00e1rio; procedimento legislativo abreviado.<\/p>\n\n\n\n<p>J\u00e1 o procedimento legislativo <strong>especial<\/strong> aplica-se \u00e0 elabora\u00e7\u00e3o de todos os outros atos normativos prim\u00e1rios, quais sejam, as leis complementares, leis delegadas, medidas provis\u00f3rias, emendas constitucionais, decretos legislativos, resolu\u00e7\u00f5es.<\/p>\n\n\n\n<h3 class=\"wp-block-heading has-vivid-cyan-blue-color has-text-color has-link-color wp-elements-89bdc93c20b362d82e2d31ed843cc6e0\" id=\"h-um-ato-normativo-primario-sempre-tem-carater-geral-e-abstrato\">Um ato normativo prim\u00e1rio sempre tem car\u00e1ter geral e abstrato?<\/h3>\n\n\n\n<p>De acordo com o Supremo Tribunal Federal (STF), <strong>n\u00e3o!<\/strong><\/p>\n\n\n\n<p>Embora represente a maioria dos casos a elabora\u00e7\u00e3o de leis com car\u00e1ter geral e abstrato, ou seja, aplic\u00e1vel a todos de uma forma indiscriminada e que se enquadrem naquela situa\u00e7\u00e3o, sem levar em considera\u00e7\u00e3o particulares de cada indiv\u00edduo, <strong>\u00e9 poss\u00edvel<\/strong> <strong>a edi\u00e7\u00e3o de leis sem car\u00e1ter geral e abstrato, providas apenas de efeitos concretos e individualizados.<\/strong><\/p>\n\n\n\n<p>Foi o que o STF decidiu no julgamento do <a href=\"https:\/\/redir.stf.jus.br\/paginadorpub\/paginador.jsp?docTP=AC&amp;docID=630000\" target=\"_blank\" rel=\"noreferrer noopener\">RE 405.386<\/a>, red. do ac. min. Teori Zavascki, j. 26-2-2013, quando entendeu que <strong>n\u00e3o h\u00e1 empecilho constitucional \u00e0 edi\u00e7\u00e3o de leis sem car\u00e1ter geral e abstrato, providas apenas de efeitos concretos e individualizados.<\/strong><\/p>\n\n\n\n<p>Isso porque h\u00e1 mat\u00e9rias a cujo respeito a disciplina n\u00e3o pode ser conferida por ato administrativo, <strong>demandando a edi\u00e7\u00e3o de lei, ainda que em sentido meramente formal.<\/strong> \u00c9 o caso da<strong> concess\u00e3o de pens\u00f5es especiais.<\/strong><\/p>\n\n\n\n<h3 class=\"wp-block-heading has-vivid-cyan-blue-color has-text-color has-link-color wp-elements-b8ec3490216bf4a9315d0489163a087c\" id=\"h-nao-ha-hierarquia-entre-lei-complementar-e-lei-ordinaria\">N\u00e3o h\u00e1 hierarquia entre lei complementar e lei ordin\u00e1ria<\/h3>\n\n\n\n<p>Uma quest\u00e3o muito explorada em prova \u00e9 a poss\u00edvel hierarquia existente entre a lei complementar e a lei ordin\u00e1ria, uma vez que aquela possui um processo mais dif\u00edcil de aprova\u00e7\u00e3o do que esta \u00faltima.<\/p>\n\n\n\n<p>Isso porque, enquanto a lei ordin\u00e1ria exige apenas a aprova\u00e7\u00e3o do projeto de lei pela maioria relativa de cada Casa (art. 47 da CF\/88), a lei complementar exige a aprova\u00e7\u00e3o pela maioria absoluta (art. 69 da CF\/88).<\/p>\n\n\n\n<p>Entretanto, o STF j\u00e1 decidiu que <strong>n\u00e3o h\u00e1 rela\u00e7\u00e3o hier\u00e1rquica <\/strong>entre lei complementar e lei ordin\u00e1ria (vide <a href=\"https:\/\/jurisprudencia.stf.jus.br\/pages\/search\/sjur350715\/false\" target=\"_blank\" rel=\"noreferrer noopener\">RE 509300 AgR-EDv<\/a>, rel. min. Gilmar Mendes, j. 17\/03\/2016; e RE 381.964\/MG, rel. min. Gilmar Mendes, j. 17\/09\/2008).&nbsp;<\/p>\n\n\n\n<p>Na verdade, o que as diferencia, al\u00e9m do rito de aprova\u00e7\u00e3o, \u00e9 que s\u00e3o esp\u00e9cies normativas <strong>formalmente distintas exclusivamente tendo em vista a mat\u00e9ria eventualmente reservada \u00e0quela (lei complementar<\/strong>) pela pr\u00f3pria Constitui\u00e7\u00e3o Federal.<\/p>\n\n\n\n<h2 class=\"wp-block-heading has-vivid-cyan-blue-color has-text-color has-link-color wp-elements-2bedaf953dddcc5060475c06777272ac\" id=\"h-consideracoes-finais\">Considera\u00e7\u00f5es finais<\/h2>\n\n\n\n<p>Pessoal, esse foi nosso breve resumo sobre o Processo Legislativo para o concurso da SEFAZ-SP (Secretaria da Fazenda e Planejamento SP).<\/p>\n\n\n\n<p>Nosso tempo aqui \u00e9 breve e n\u00e3o conseguimos, claro, esgotar o assunto. Portanto, n\u00e3o deixe de revisar o tema em seu material de estudo e praticar com diversas quest\u00f5es.<\/p>\n\n\n\n<p>At\u00e9 a pr\u00f3xima!<\/p>\n\n\n\n<p class=\"has-text-align-center has-very-light-gray-to-cyan-bluish-gray-gradient-background has-background has-medium-font-size\"><a href=\"https:\/\/www.estrategiaconcursos.com.br\/blog\/concurso-sefaz-sp-edital-publicado\/\" target=\"_blank\" rel=\"noreferrer noopener\"><strong>Saiba mais sobre o edital Sefaz SP Auditor AQUI!<\/strong><\/a><\/p>\n\n\n\n<figure class=\"wp-block-image aligncenter size-large is-resized\"><img decoding=\"async\" src=\"https:\/\/dhg1h5j42swfq.cloudfront.net\/2020\/09\/18141901\/Coruja_Concursos%404x-506x1024.png\" alt=\"Concursos 2024 Estrat\u00e9gia Concursos\" class=\"wp-image-574355\" style=\"aspect-ratio:0.5;width:30px;height:auto\"\/><\/figure>\n\n\n\n<h2 class=\"wp-block-heading has-text-align-center\" id=\"h-quer-saber-tudo-sobre-concursos-previstos-confira-nossos-artigos\">Quer saber tudo sobre concursos previstos?<br \/>Confira nossos artigos!<\/h2>\n\n\n\n<ul class=\"wp-block-list\">\n<li><a href=\"https:\/\/www.estrategiaconcursos.com.br\/blog\/concursos-abertos\/\" target=\"_blank\" rel=\"noreferrer noopener\">Concursos Abertos<\/a><\/li>\n\n\n\n<li><a href=\"https:\/\/www.estrategiaconcursos.com.br\/blog\/concursos-fiscais\/\" target=\"_blank\" rel=\"noreferrer noopener\">Concursos Fiscais<\/a><\/li>\n\n\n\n<li><a href=\"https:\/\/www.estrategiaconcursos.com.br\/blog\/concursos-2025\/\" target=\"_blank\" rel=\"noreferrer noopener\">Concursos 2025<\/a><\/li>\n\n\n\n<li><a href=\"https:\/\/www.estrategiaconcursos.com.br\/blog\/concursos-2026\/\" target=\"_blank\" rel=\"noreferrer noopener\">Concursos 2026<\/a><\/li>\n\n\n\n<li><a href=\"https:\/\/www.estrategiaconcursos.com.br\/blog\/concursos-sp\/\" target=\"_blank\" rel=\"noreferrer noopener\">Concursos SP<\/a><\/li>\n<\/ul>\n\n\n\n<div class=\"container\" id=\"boxes\">\n  <div class=\"row\">\n\n    <div class=\"col-sm\">\n      <div class=\"banner-estrat-corj\" id=\"box-assinatura\">\n        <h3 class=\"titulo-assinatura\" style=\"text-align: left;\">Concursos 2025<\/h3>\n        <p class=\"subtitulo-assinatura\" style=\"text-align: left;\">Explore os cursos preparat\u00f3rios completos! \u2728<\/p>\n        <div class=\"box-botao\" style=\"text-align: left;\">\n          <a class=\"btn-assinatura\" target=\"_blank\" href=\"https:\/\/www.estrategiaconcursos.com.br\/cursos\/concurso\/\" role=\"button\" rel=\"noopener noreferrer\">CLIQUE AQUI<\/a>\n        <\/div>\n      <\/div><\/div><\/div><\/div>\n\n\n\n<div class=\"container\" id=\"boxes\">\n  <div class=\"row\">\n\n    <div class=\"col-sm\">\n      <div class=\"estrategia\" id=\"box-assinatura\">\n        <h3 class=\"titulo-assinatura\">Assinatura Concursos<\/h3>\n        <p class=\"subtitulo-assinatura\">Assinatura de 1 ano ou 2 anos<\/p>\n        <div class=\"box-botao\">\n          <a class=\"btn-assinatura\" target=\"_blank\" href=\"https:\/\/www.estrategiaconcursos.com.br\/assinaturas\/\" role=\"button\" rel=\"noopener noreferrer\">ASSINE AGORA<\/a>\n        <\/div>\n      <\/div><\/div><\/div><\/div>\n","protected":false},"excerpt":{"rendered":"<p>Ol\u00e1, tudo bem? Hoje faremos um resumo sobre o Processo Legislativo para o concurso da SEFAZ SP (Secretaria da Fazenda e Planejamento SP). Agora que o edital da SEFAZ SP para Auditor foi publicado \u00e9 sua chance de aprender mais sobre as disciplinas cobradas. Para maiores informa\u00e7\u00f5es, fique de olho em nosso artigo sobre o [&hellip;]<\/p>\n","protected":false},"author":2567,"featured_media":891057,"comment_status":"open","ping_status":"closed","sticky":false,"template":"","format":"standard","meta":{"post_tipo":"article","footnotes":""},"categories":[1,1983],"tags":[],"tax_estado":[219989],"class_list":["post-1647518","post","type-post","status-publish","format-standard","has-post-thumbnail","hentry","category-cursos-e-concursos","category-fiscal-estadual","tax_estado-sp"],"acf":[],"yoast_head":"<!-- This site is optimized with the Yoast SEO Premium plugin v27.2 (Yoast SEO v27.2) - https:\/\/yoast.com\/product\/yoast-seo-premium-wordpress\/ -->\n<title>Processo Legislativo para o Concurso SEFAZ SP<\/title>\n<meta name=\"description\" content=\"Confira nosso resumo sobre o Processo Legislativo para o concurso da SEFAZ-SP (Secretaria da Fazenda e Planejamento SP).\" \/>\n<meta name=\"robots\" content=\"index, follow, max-snippet:-1, max-image-preview:large, max-video-preview:-1\" \/>\n<link rel=\"canonical\" href=\"https:\/\/www.estrategiaconcursos.com.br\/blog\/processo-legislativo-sefaz-sp\/\" \/>\n<meta property=\"og:locale\" content=\"pt_BR\" \/>\n<meta property=\"og:type\" content=\"article\" \/>\n<meta property=\"og:title\" content=\"Processo Legislativo para o Concurso SEFAZ SP\" \/>\n<meta property=\"og:description\" content=\"Confira nosso resumo sobre o Processo Legislativo para o concurso da SEFAZ-SP (Secretaria da Fazenda e Planejamento SP).\" \/>\n<meta property=\"og:url\" content=\"https:\/\/www.estrategiaconcursos.com.br\/blog\/processo-legislativo-sefaz-sp\/\" \/>\n<meta property=\"og:site_name\" content=\"Estrat\u00e9gia Concursos\" \/>\n<meta property=\"article:published_time\" content=\"2025-11-27T11:44:00+00:00\" \/>\n<meta property=\"article:modified_time\" content=\"2025-11-27T13:39:39+00:00\" \/>\n<meta property=\"og:image\" content=\"https:\/\/dhg1h5j42swfq.cloudfront.net\/2021\/10\/22141700\/sefaz-sp.jpg\" \/>\n\t<meta property=\"og:image:width\" content=\"1024\" \/>\n\t<meta property=\"og:image:height\" content=\"536\" \/>\n\t<meta property=\"og:image:type\" content=\"image\/jpeg\" \/>\n<meta name=\"author\" content=\"Frederico Tadeu Borlot Peixoto\" \/>\n<meta name=\"twitter:card\" content=\"summary_large_image\" \/>\n<meta name=\"twitter:creator\" content=\"@EstratConcursos\" \/>\n<meta name=\"twitter:site\" content=\"@EstratConcursos\" \/>\n<meta name=\"twitter:label1\" content=\"Escrito por\" \/>\n\t<meta name=\"twitter:data1\" content=\"Frederico Tadeu Borlot Peixoto\" \/>\n\t<meta name=\"twitter:label2\" content=\"Est. tempo de leitura\" \/>\n\t<meta name=\"twitter:data2\" content=\"5 minutos\" \/>\n<script type=\"application\/ld+json\" class=\"yoast-schema-graph\">{\"@context\":\"https:\/\/schema.org\",\"@graph\":[{\"@type\":\"NewsArticle\",\"@id\":\"https:\/\/www.estrategiaconcursos.com.br\/blog\/processo-legislativo-sefaz-sp\/#article\",\"isPartOf\":{\"@id\":\"https:\/\/www.estrategiaconcursos.com.br\/blog\/processo-legislativo-sefaz-sp\/\"},\"author\":{\"name\":\"Frederico Tadeu Borlot Peixoto\",\"@id\":\"https:\/\/www.estrategiaconcursos.com.br\/blog\/#\/schema\/person\/48a7e085e45aee7c3d4596399af50ebb\"},\"headline\":\"Processo Legislativo para o Concurso SEFAZ SP\",\"datePublished\":\"2025-11-27T11:44:00+00:00\",\"dateModified\":\"2025-11-27T13:39:39+00:00\",\"mainEntityOfPage\":{\"@id\":\"https:\/\/www.estrategiaconcursos.com.br\/blog\/processo-legislativo-sefaz-sp\/\"},\"wordCount\":1083,\"commentCount\":0,\"publisher\":{\"@id\":\"https:\/\/www.estrategiaconcursos.com.br\/blog\/#organization\"},\"image\":{\"@id\":\"https:\/\/www.estrategiaconcursos.com.br\/blog\/processo-legislativo-sefaz-sp\/#primaryimage\"},\"thumbnailUrl\":\"https:\/\/dhg1h5j42swfq.cloudfront.net\/2021\/10\/22141700\/sefaz-sp.jpg\",\"articleSection\":[\"Concursos P\u00fablicos\",\"Fiscal - Estadual (ICMS)\"],\"inLanguage\":\"pt-BR\",\"potentialAction\":[{\"@type\":\"CommentAction\",\"name\":\"Comment\",\"target\":[\"https:\/\/www.estrategiaconcursos.com.br\/blog\/processo-legislativo-sefaz-sp\/#respond\"]}],\"copyrightYear\":\"2025\",\"copyrightHolder\":{\"@id\":\"https:\/\/www.estrategiaconcursos.com.br\/blog\/#organization\"},\"accessibilityFeature\":[\"tableOfContents\"]},{\"@type\":\"WebPage\",\"@id\":\"https:\/\/www.estrategiaconcursos.com.br\/blog\/processo-legislativo-sefaz-sp\/\",\"url\":\"https:\/\/www.estrategiaconcursos.com.br\/blog\/processo-legislativo-sefaz-sp\/\",\"name\":\"Processo Legislativo para o Concurso SEFAZ SP\",\"isPartOf\":{\"@id\":\"https:\/\/www.estrategiaconcursos.com.br\/blog\/#website\"},\"primaryImageOfPage\":{\"@id\":\"https:\/\/www.estrategiaconcursos.com.br\/blog\/processo-legislativo-sefaz-sp\/#primaryimage\"},\"image\":{\"@id\":\"https:\/\/www.estrategiaconcursos.com.br\/blog\/processo-legislativo-sefaz-sp\/#primaryimage\"},\"thumbnailUrl\":\"https:\/\/dhg1h5j42swfq.cloudfront.net\/2021\/10\/22141700\/sefaz-sp.jpg\",\"datePublished\":\"2025-11-27T11:44:00+00:00\",\"dateModified\":\"2025-11-27T13:39:39+00:00\",\"description\":\"Confira nosso resumo sobre o Processo Legislativo para o concurso da SEFAZ-SP (Secretaria da Fazenda e Planejamento SP).\",\"breadcrumb\":{\"@id\":\"https:\/\/www.estrategiaconcursos.com.br\/blog\/processo-legislativo-sefaz-sp\/#breadcrumb\"},\"inLanguage\":\"pt-BR\",\"potentialAction\":[{\"@type\":\"ReadAction\",\"target\":[\"https:\/\/www.estrategiaconcursos.com.br\/blog\/processo-legislativo-sefaz-sp\/\"]}]},{\"@type\":\"ImageObject\",\"inLanguage\":\"pt-BR\",\"@id\":\"https:\/\/www.estrategiaconcursos.com.br\/blog\/processo-legislativo-sefaz-sp\/#primaryimage\",\"url\":\"https:\/\/dhg1h5j42swfq.cloudfront.net\/2021\/10\/22141700\/sefaz-sp.jpg\",\"contentUrl\":\"https:\/\/dhg1h5j42swfq.cloudfront.net\/2021\/10\/22141700\/sefaz-sp.jpg\",\"width\":1024,\"height\":536,\"caption\":\"Concurso Sefaz SP escolha da banca\"},{\"@type\":\"BreadcrumbList\",\"@id\":\"https:\/\/www.estrategiaconcursos.com.br\/blog\/processo-legislativo-sefaz-sp\/#breadcrumb\",\"itemListElement\":[{\"@type\":\"ListItem\",\"position\":1,\"name\":\"In\u00edcio\",\"item\":\"https:\/\/www.estrategiaconcursos.com.br\/blog\/\"},{\"@type\":\"ListItem\",\"position\":2,\"name\":\"Processo Legislativo para o Concurso SEFAZ SP\"}]},{\"@type\":\"WebSite\",\"@id\":\"https:\/\/www.estrategiaconcursos.com.br\/blog\/#website\",\"url\":\"https:\/\/www.estrategiaconcursos.com.br\/blog\/\",\"name\":\"Estrat\u00e9gia Concursos\",\"description\":\"O blog da Estrat\u00e9gia Concursos traz not\u00edcias sobre concursos e artigos de professores oferecendo cursos para concursos (pdf + videaulas) no site.\",\"publisher\":{\"@id\":\"https:\/\/www.estrategiaconcursos.com.br\/blog\/#organization\"},\"potentialAction\":[{\"@type\":\"SearchAction\",\"target\":{\"@type\":\"EntryPoint\",\"urlTemplate\":\"https:\/\/www.estrategiaconcursos.com.br\/blog\/?s={search_term_string}\"},\"query-input\":{\"@type\":\"PropertyValueSpecification\",\"valueRequired\":true,\"valueName\":\"search_term_string\"}}],\"inLanguage\":\"pt-BR\"},{\"@type\":\"Organization\",\"@id\":\"https:\/\/www.estrategiaconcursos.com.br\/blog\/#organization\",\"name\":\"Estrat\u00e9gia Concursos\",\"url\":\"https:\/\/www.estrategiaconcursos.com.br\/blog\/\",\"logo\":{\"@type\":\"ImageObject\",\"inLanguage\":\"pt-BR\",\"@id\":\"https:\/\/www.estrategiaconcursos.com.br\/blog\/#\/schema\/logo\/image\/\",\"url\":\"https:\/\/dhg1h5j42swfq.cloudfront.net\/2025\/06\/03203428\/logo_concursos-1.jpg\",\"contentUrl\":\"https:\/\/dhg1h5j42swfq.cloudfront.net\/2025\/06\/03203428\/logo_concursos-1.jpg\",\"width\":230,\"height\":60,\"caption\":\"Estrat\u00e9gia Concursos\"},\"image\":{\"@id\":\"https:\/\/www.estrategiaconcursos.com.br\/blog\/#\/schema\/logo\/image\/\"},\"sameAs\":[\"https:\/\/x.com\/EstratConcursos\"]},{\"@type\":\"Person\",\"@id\":\"https:\/\/www.estrategiaconcursos.com.br\/blog\/#\/schema\/person\/48a7e085e45aee7c3d4596399af50ebb\",\"name\":\"Frederico Tadeu Borlot Peixoto\",\"image\":{\"@type\":\"ImageObject\",\"inLanguage\":\"pt-BR\",\"@id\":\"https:\/\/secure.gravatar.com\/avatar\/df8a49e2321c1e32f85e9e7c2a9c92c688f1f53a947220f40017ff5858b09fdb?s=96&d=mm&r=g\",\"url\":\"https:\/\/secure.gravatar.com\/avatar\/df8a49e2321c1e32f85e9e7c2a9c92c688f1f53a947220f40017ff5858b09fdb?s=96&d=mm&r=g\",\"contentUrl\":\"https:\/\/secure.gravatar.com\/avatar\/df8a49e2321c1e32f85e9e7c2a9c92c688f1f53a947220f40017ff5858b09fdb?s=96&d=mm&r=g\",\"caption\":\"Frederico Tadeu Borlot Peixoto\"},\"description\":\"Analista Judici\u00e1rio - \u00c1rea Judici\u00e1ria do TRF da 4\u00aa regi\u00e3o. Bacharel em Direito. P\u00f3s-graduado em Direito Administrativo, Legisla\u00e7\u00e3o Penal Especial, Direito Penal e Direito Processual Penal. Tamb\u00e9m nomeado no TRF da 3\u00aa regi\u00e3o (8\u00ba lugar); SPPREV (3\u00ba lugar); IFES (2\u00ba lugar); e PMES. https:\/\/www.instagram.com\/proffrederico\/\",\"sameAs\":[\"https:\/\/www.instagram.com\/proffrederico\/\"],\"url\":\"https:\/\/www.estrategiaconcursos.com.br\/blog\/author\/xfredericohotmail-com\/\"}]}<\/script>\n<!-- \/ Yoast SEO Premium plugin. -->","yoast_head_json":{"title":"Processo Legislativo para o Concurso SEFAZ SP","description":"Confira nosso resumo sobre o Processo Legislativo para o concurso da SEFAZ-SP (Secretaria da Fazenda e Planejamento SP).","robots":{"index":"index","follow":"follow","max-snippet":"max-snippet:-1","max-image-preview":"max-image-preview:large","max-video-preview":"max-video-preview:-1"},"canonical":"https:\/\/www.estrategiaconcursos.com.br\/blog\/processo-legislativo-sefaz-sp\/","og_locale":"pt_BR","og_type":"article","og_title":"Processo Legislativo para o Concurso SEFAZ SP","og_description":"Confira nosso resumo sobre o Processo Legislativo para o concurso da SEFAZ-SP (Secretaria da Fazenda e Planejamento SP).","og_url":"https:\/\/www.estrategiaconcursos.com.br\/blog\/processo-legislativo-sefaz-sp\/","og_site_name":"Estrat\u00e9gia Concursos","article_published_time":"2025-11-27T11:44:00+00:00","article_modified_time":"2025-11-27T13:39:39+00:00","og_image":[{"width":1024,"height":536,"url":"https:\/\/dhg1h5j42swfq.cloudfront.net\/2021\/10\/22141700\/sefaz-sp.jpg","type":"image\/jpeg"}],"author":"Frederico Tadeu Borlot Peixoto","twitter_card":"summary_large_image","twitter_creator":"@EstratConcursos","twitter_site":"@EstratConcursos","twitter_misc":{"Escrito por":"Frederico Tadeu Borlot Peixoto","Est. tempo de leitura":"5 minutos"},"schema":{"@context":"https:\/\/schema.org","@graph":[{"@type":"NewsArticle","@id":"https:\/\/www.estrategiaconcursos.com.br\/blog\/processo-legislativo-sefaz-sp\/#article","isPartOf":{"@id":"https:\/\/www.estrategiaconcursos.com.br\/blog\/processo-legislativo-sefaz-sp\/"},"author":{"name":"Frederico Tadeu Borlot Peixoto","@id":"https:\/\/www.estrategiaconcursos.com.br\/blog\/#\/schema\/person\/48a7e085e45aee7c3d4596399af50ebb"},"headline":"Processo Legislativo para o Concurso SEFAZ SP","datePublished":"2025-11-27T11:44:00+00:00","dateModified":"2025-11-27T13:39:39+00:00","mainEntityOfPage":{"@id":"https:\/\/www.estrategiaconcursos.com.br\/blog\/processo-legislativo-sefaz-sp\/"},"wordCount":1083,"commentCount":0,"publisher":{"@id":"https:\/\/www.estrategiaconcursos.com.br\/blog\/#organization"},"image":{"@id":"https:\/\/www.estrategiaconcursos.com.br\/blog\/processo-legislativo-sefaz-sp\/#primaryimage"},"thumbnailUrl":"https:\/\/dhg1h5j42swfq.cloudfront.net\/2021\/10\/22141700\/sefaz-sp.jpg","articleSection":["Concursos P\u00fablicos","Fiscal - Estadual (ICMS)"],"inLanguage":"pt-BR","potentialAction":[{"@type":"CommentAction","name":"Comment","target":["https:\/\/www.estrategiaconcursos.com.br\/blog\/processo-legislativo-sefaz-sp\/#respond"]}],"copyrightYear":"2025","copyrightHolder":{"@id":"https:\/\/www.estrategiaconcursos.com.br\/blog\/#organization"},"accessibilityFeature":["tableOfContents"]},{"@type":"WebPage","@id":"https:\/\/www.estrategiaconcursos.com.br\/blog\/processo-legislativo-sefaz-sp\/","url":"https:\/\/www.estrategiaconcursos.com.br\/blog\/processo-legislativo-sefaz-sp\/","name":"Processo Legislativo para o Concurso SEFAZ SP","isPartOf":{"@id":"https:\/\/www.estrategiaconcursos.com.br\/blog\/#website"},"primaryImageOfPage":{"@id":"https:\/\/www.estrategiaconcursos.com.br\/blog\/processo-legislativo-sefaz-sp\/#primaryimage"},"image":{"@id":"https:\/\/www.estrategiaconcursos.com.br\/blog\/processo-legislativo-sefaz-sp\/#primaryimage"},"thumbnailUrl":"https:\/\/dhg1h5j42swfq.cloudfront.net\/2021\/10\/22141700\/sefaz-sp.jpg","datePublished":"2025-11-27T11:44:00+00:00","dateModified":"2025-11-27T13:39:39+00:00","description":"Confira nosso resumo sobre o Processo Legislativo para o concurso da SEFAZ-SP (Secretaria da Fazenda e Planejamento SP).","breadcrumb":{"@id":"https:\/\/www.estrategiaconcursos.com.br\/blog\/processo-legislativo-sefaz-sp\/#breadcrumb"},"inLanguage":"pt-BR","potentialAction":[{"@type":"ReadAction","target":["https:\/\/www.estrategiaconcursos.com.br\/blog\/processo-legislativo-sefaz-sp\/"]}]},{"@type":"ImageObject","inLanguage":"pt-BR","@id":"https:\/\/www.estrategiaconcursos.com.br\/blog\/processo-legislativo-sefaz-sp\/#primaryimage","url":"https:\/\/dhg1h5j42swfq.cloudfront.net\/2021\/10\/22141700\/sefaz-sp.jpg","contentUrl":"https:\/\/dhg1h5j42swfq.cloudfront.net\/2021\/10\/22141700\/sefaz-sp.jpg","width":1024,"height":536,"caption":"Concurso Sefaz SP escolha da banca"},{"@type":"BreadcrumbList","@id":"https:\/\/www.estrategiaconcursos.com.br\/blog\/processo-legislativo-sefaz-sp\/#breadcrumb","itemListElement":[{"@type":"ListItem","position":1,"name":"In\u00edcio","item":"https:\/\/www.estrategiaconcursos.com.br\/blog\/"},{"@type":"ListItem","position":2,"name":"Processo Legislativo para o Concurso SEFAZ SP"}]},{"@type":"WebSite","@id":"https:\/\/www.estrategiaconcursos.com.br\/blog\/#website","url":"https:\/\/www.estrategiaconcursos.com.br\/blog\/","name":"Estrat\u00e9gia Concursos","description":"O blog da Estrat\u00e9gia Concursos traz not\u00edcias sobre concursos e artigos de professores oferecendo cursos para concursos (pdf + videaulas) no site.","publisher":{"@id":"https:\/\/www.estrategiaconcursos.com.br\/blog\/#organization"},"potentialAction":[{"@type":"SearchAction","target":{"@type":"EntryPoint","urlTemplate":"https:\/\/www.estrategiaconcursos.com.br\/blog\/?s={search_term_string}"},"query-input":{"@type":"PropertyValueSpecification","valueRequired":true,"valueName":"search_term_string"}}],"inLanguage":"pt-BR"},{"@type":"Organization","@id":"https:\/\/www.estrategiaconcursos.com.br\/blog\/#organization","name":"Estrat\u00e9gia Concursos","url":"https:\/\/www.estrategiaconcursos.com.br\/blog\/","logo":{"@type":"ImageObject","inLanguage":"pt-BR","@id":"https:\/\/www.estrategiaconcursos.com.br\/blog\/#\/schema\/logo\/image\/","url":"https:\/\/dhg1h5j42swfq.cloudfront.net\/2025\/06\/03203428\/logo_concursos-1.jpg","contentUrl":"https:\/\/dhg1h5j42swfq.cloudfront.net\/2025\/06\/03203428\/logo_concursos-1.jpg","width":230,"height":60,"caption":"Estrat\u00e9gia Concursos"},"image":{"@id":"https:\/\/www.estrategiaconcursos.com.br\/blog\/#\/schema\/logo\/image\/"},"sameAs":["https:\/\/x.com\/EstratConcursos"]},{"@type":"Person","@id":"https:\/\/www.estrategiaconcursos.com.br\/blog\/#\/schema\/person\/48a7e085e45aee7c3d4596399af50ebb","name":"Frederico Tadeu Borlot Peixoto","image":{"@type":"ImageObject","inLanguage":"pt-BR","@id":"https:\/\/secure.gravatar.com\/avatar\/df8a49e2321c1e32f85e9e7c2a9c92c688f1f53a947220f40017ff5858b09fdb?s=96&d=mm&r=g","url":"https:\/\/secure.gravatar.com\/avatar\/df8a49e2321c1e32f85e9e7c2a9c92c688f1f53a947220f40017ff5858b09fdb?s=96&d=mm&r=g","contentUrl":"https:\/\/secure.gravatar.com\/avatar\/df8a49e2321c1e32f85e9e7c2a9c92c688f1f53a947220f40017ff5858b09fdb?s=96&d=mm&r=g","caption":"Frederico Tadeu Borlot Peixoto"},"description":"Analista Judici\u00e1rio - \u00c1rea Judici\u00e1ria do TRF da 4\u00aa regi\u00e3o. Bacharel em Direito. P\u00f3s-graduado em Direito Administrativo, Legisla\u00e7\u00e3o Penal Especial, Direito Penal e Direito Processual Penal. Tamb\u00e9m nomeado no TRF da 3\u00aa regi\u00e3o (8\u00ba lugar); SPPREV (3\u00ba lugar); IFES (2\u00ba lugar); e PMES. https:\/\/www.instagram.com\/proffrederico\/","sameAs":["https:\/\/www.instagram.com\/proffrederico\/"],"url":"https:\/\/www.estrategiaconcursos.com.br\/blog\/author\/xfredericohotmail-com\/"}]}},"_links":{"self":[{"href":"https:\/\/www.estrategiaconcursos.com.br\/blog\/wp-json\/wp\/v2\/posts\/1647518","targetHints":{"allow":["GET"]}}],"collection":[{"href":"https:\/\/www.estrategiaconcursos.com.br\/blog\/wp-json\/wp\/v2\/posts"}],"about":[{"href":"https:\/\/www.estrategiaconcursos.com.br\/blog\/wp-json\/wp\/v2\/types\/post"}],"author":[{"embeddable":true,"href":"https:\/\/www.estrategiaconcursos.com.br\/blog\/wp-json\/wp\/v2\/users\/2567"}],"replies":[{"embeddable":true,"href":"https:\/\/www.estrategiaconcursos.com.br\/blog\/wp-json\/wp\/v2\/comments?post=1647518"}],"version-history":[{"count":3,"href":"https:\/\/www.estrategiaconcursos.com.br\/blog\/wp-json\/wp\/v2\/posts\/1647518\/revisions"}],"predecessor-version":[{"id":1676557,"href":"https:\/\/www.estrategiaconcursos.com.br\/blog\/wp-json\/wp\/v2\/posts\/1647518\/revisions\/1676557"}],"wp:featuredmedia":[{"embeddable":true,"href":"https:\/\/www.estrategiaconcursos.com.br\/blog\/wp-json\/wp\/v2\/media\/891057"}],"wp:attachment":[{"href":"https:\/\/www.estrategiaconcursos.com.br\/blog\/wp-json\/wp\/v2\/media?parent=1647518"}],"wp:term":[{"taxonomy":"category","embeddable":true,"href":"https:\/\/www.estrategiaconcursos.com.br\/blog\/wp-json\/wp\/v2\/categories?post=1647518"},{"taxonomy":"post_tag","embeddable":true,"href":"https:\/\/www.estrategiaconcursos.com.br\/blog\/wp-json\/wp\/v2\/tags?post=1647518"},{"taxonomy":"tax_estado","embeddable":true,"href":"https:\/\/www.estrategiaconcursos.com.br\/blog\/wp-json\/wp\/v2\/tax_estado?post=1647518"}],"curies":[{"name":"wp","href":"https:\/\/api.w.org\/{rel}","templated":true}]}}