{"id":164669,"date":"2019-02-05T23:56:57","date_gmt":"2019-02-06T02:56:57","guid":{"rendered":"https:\/\/www.estrategiaconcursos.com.br\/blog\/?p=164669"},"modified":"2019-04-15T21:23:43","modified_gmt":"2019-04-16T00:23:43","slug":"gabarito-tj-sp-atualidades-medico-enfermeiro-e-administrador","status":"publish","type":"post","link":"https:\/\/www.estrategiaconcursos.com.br\/blog\/gabarito-tj-sp-atualidades-medico-enfermeiro-e-administrador\/","title":{"rendered":"Gabarito TJ\/SP &#8211; Atualidades &#8211; M\u00e9dico, Enfermeiro e Administrador"},"content":{"rendered":"\n<p>Ol\u00e1 pessoal,<\/p>\n\n\n\n<p>Segue o gabarito\nextraoficial de Atualidades das provas dos cargos de M\u00e9dico Judici\u00e1rio,\nEnfermeiro Judici\u00e1rio e Administrador Judici\u00e1rio. O examinador cobrou fatos\nocorridos nos meses de setembro, outubro e novembro de 2018. <\/p>\n\n\n\n<p>Em outro\nartigo, comentei a prova de Contador Judici\u00e1rio. Segue o link do artigo:<\/p>\n\n\n\n<figure class=\"wp-block-embed is-type-rich is-provider-estrategia-concursos\"><div class=\"wp-block-embed__wrapper\">\nhttps:\/\/www.estrategiaconcursos.com.br\/blog\/gabarito-tj-sp-atualidades\/\n<\/div><\/figure>\n\n\n\n<p>Sucesso nos\nconcursos!<\/p>\n\n\n\n<p>Leandro\nSignori<\/p>\n\n\n\n<p style=\"text-align:center\"><strong>Enfermeiro Judici\u00e1rio<\/strong><\/p>\n\n\n\n<p>75. A\nchanceler alem\u00e3, Angela Merkel, disse nesta segunda-feira (29 de outubro) que\nn\u00e3o buscar\u00e1 um quinto mandato na chefia de governo em 2021 e que deixar\u00e1 a\nlideran\u00e7a da Uni\u00e3o dos Democratas Crist\u00e3os (CDU) no fim de 2018. \u201c\u00c9 hora de dar\nin\u00edcio a um novo cap\u00edtulo\u201d, afirmou \u00e0 imprensa, na sa\u00edda de uma reuni\u00e3o com\ncorreligion\u00e1rios, acrescentando que a mudan\u00e7a traz mais oportunidades do que\nriscos. \u201cEm 2021, n\u00e3o voltarei a disputar a chancelaria nem uma cadeira no\nParlamento. E n\u00e3o concorrerei mais a cargos pol\u00edticos.\u201d <\/p>\n\n\n\n<p>(Folha de\nS.Paulo, 29 out.18. Adaptado) <\/p>\n\n\n\n<p>Entre as\nraz\u00f5es para as afirma\u00e7\u00f5es de Merkel, \u00e9 correto identificar <\/p>\n\n\n\n<p>(A) o\nfracasso do seu projeto de integra\u00e7\u00e3o econ\u00f4mica europeia. <\/p>\n\n\n\n<p>(B) o\naumento significativo do desemprego na Alemanha. <\/p>\n\n\n\n<p>(C) a\nperda progressiva de apoio e credibilidade de seu grupo pol\u00edtico. <\/p>\n\n\n\n<p>(D) a sua\noposi\u00e7\u00e3o malsucedida \u00e0 participa\u00e7\u00e3o da Uni\u00e3o Europeia na guerra civil s\u00edria. <\/p>\n\n\n\n<p>(E) a\nrejei\u00e7\u00e3o popular \u00e0 sua pol\u00edtica de criminaliza\u00e7\u00e3o da imigra\u00e7\u00e3o. <\/p>\n\n\n\n<p><strong>COMENT\u00c1RIOS:<\/strong><\/p>\n\n\n\n<p>Entre as\nraz\u00f5es para as afirma\u00e7\u00f5es de Merkel a respeito do fim de sua vida pol\u00edtica, ela\ndestacou a perda progressiva de apoio e credibilidade para o seu grupo pol\u00edtico,\na Uni\u00e3o dos Democratas Crist\u00e3os (CDU).<\/p>\n\n\n\n<p>O projeto\nde integra\u00e7\u00e3o econ\u00f4mica europeia de Merkel n\u00e3o fracassou, assim como n\u00e3o houve\naumento significativo do desemprego na Alemanha e n\u00e3o h\u00e1 uma pol\u00edtica de\ncriminaliza\u00e7\u00e3o da imigra\u00e7\u00e3o. A Alemanha \u00e9 um dos pa\u00edses europeus mais receptivos\n\u00e0 imigra\u00e7\u00e3o. <\/p>\n\n\n\n<p>A Uni\u00e3o\nEuropeia n\u00e3o manifestou interesse, nem participou em conjunto na guerra civil\nda S\u00edria. Fran\u00e7a, Reino Unido e a pr\u00f3pria Alemanha tiveram participa\u00e7\u00f5es direta\nou indireta no conflito, mas n\u00e3o como Uni\u00e3o Europeia.<\/p>\n\n\n\n<p><strong>Gabarito: C<\/strong><\/p>\n\n\n\n<p>76. As\nelei\u00e7\u00f5es de meio de mandato nos Estados Unidos, que ocorreram nesta\nter\u00e7a-feira, 6 de novembro, v\u00e3o eleger representantes para as 435 cadeiras da\nC\u00e2mara e um ter\u00e7o do Senado, al\u00e9m de 36 dos 50 governadores. <\/p>\n\n\n\n<p>(Estado de\nS.Paulo, 6 nov.18. Adaptado) <\/p>\n\n\n\n<p>As\nelei\u00e7\u00f5es de meio de mandato marcaram o controle <\/p>\n\n\n\n<p>(A)\nDemocrata sobre a C\u00e2mara e simbolizaram a elei\u00e7\u00e3o de um Congresso mais diverso.\n<\/p>\n\n\n\n<p>(B)\nRepublicano sobre a C\u00e2mara e simbolizaram a elei\u00e7\u00e3o de um Congresso mais\nbelicista. <\/p>\n\n\n\n<p>(C)\nRepublicano sobre a C\u00e2mara e simbolizaram a elei\u00e7\u00e3o de um Congresso mais\nconservador. <\/p>\n\n\n\n<p>(D)\nDemocrata sobre a C\u00e2mara e simbolizaram a elei\u00e7\u00e3o de um Congresso mais\nautorit\u00e1rio. <\/p>\n\n\n\n<p>(E)\nDemocrata sobre a C\u00e2mara e simbolizaram a elei\u00e7\u00e3o de um Congresso mais\nisolacionista.<\/p>\n\n\n\n<p><strong>COMENT\u00c1RIOS:<\/strong><\/p>\n\n\n\n<p>Nas\nelei\u00e7\u00f5es legislativas de novembro de 2018, nos Estados Unidos, na metade do\nmandato presidencial, os Democratas elegeram a maioria dos deputados, voltando\na ter o controle da C\u00e2mara dos Representantes, que estava sob o controle dos\nRepublicanos, que mantiveram o controle do Senado. <\/p>\n\n\n\n<p>Na C\u00e2mara\ndos Representantes, o n\u00famero de mulheres eleitas foi recorde. Pela primeira vez\nforam eleitos representantes de minorias como mu\u00e7ulmanos, ind\u00edgenas e refugiados.\nTamb\u00e9m foi escolhido o primeiro governador abertamente homossexual. Ou seja, as\nelei\u00e7\u00f5es simbolizam um Congresso mais diverso.<\/p>\n\n\n\n<p><strong>Gabarito: A<\/strong><\/p>\n\n\n\n<p>77. <\/p>\n\n\n\n<p>TRECHO I <\/p>\n\n\n\n<p>O\npresidente ordenou a pris\u00e3o do comandante do Ex\u00e9rcito por 30 dias, ap\u00f3s este se\npronunciar publicamente contra um projeto de lei impulsionado pelo governo. O\ncomandante se manifestou contra uma reforma do sistema de pens\u00f5es militares e\numa nova lei org\u00e2nica para as For\u00e7as Armadas. A deten\u00e7\u00e3o conta a partir de\nsegunda-feira (17 de setembro). <\/p>\n\n\n\n<p>(Folha de\nS.Paulo, 13 set.18. Adaptado) <\/p>\n\n\n\n<p>TRECHO II <\/p>\n\n\n\n<p>O Ex\u00e9rcito\ndestituiu nesta semana o diretor da Escola Militar por permitir, em um ato da\ninstitui\u00e7\u00e3o, uma homenagem a um condenado por crimes cometidos durante a\nditadura. <\/p>\n\n\n\n<p>(Exame, 16\nout.18. Adaptado) <\/p>\n\n\n\n<p>Os trechos\nI e II abordam, respectivamente, situa\u00e7\u00f5es vividas <\/p>\n\n\n\n<p>(A) no Equador\ne na Bol\u00edvia. <\/p>\n\n\n\n<p>(B) na\nCol\u00f4mbia e no Peru. <\/p>\n\n\n\n<p>(C) no\nUruguai e no Chile. <\/p>\n\n\n\n<p>(D) na\nArgentina e no Paraguai. <\/p>\n\n\n\n<p>(E) na\nVenezuela e no Panam\u00e1.<\/p>\n\n\n\n<p><strong>COMENT\u00c1RIOS:<\/strong><\/p>\n\n\n\n<p>Quest\u00e3o bastante\nfactual e pontual, com nenhuma dica de resposta. Por\u00e9m, sabendo apenas um dos\nfatos j\u00e1 era poss\u00edvel resolver a quest\u00e3o.<\/p>\n\n\n\n<p>O primeiro\nfato ocorreu no Uruguai. O presidente do Uruguai, Tabar\u00e9 V\u00e1zquez, ordenou a\npris\u00e3o do comandante do Ex\u00e9rcito, Guido Manini R\u00edos, por 30 dias, ap\u00f3s este se\npronunciar publicamente contra um projeto de lei impulsionado pelo governo.<\/p>\n\n\n\n<p>O segundo\nfato ocorreu no Chile. O Ex\u00e9rcito do pa\u00eds destituiu o diretor da Escola\nMilitar, coronel Germ\u00e1n Villaroel Opazo, por permitir em um ato da institui\u00e7\u00e3o\numa homenagem a Miguel Krassnoff, condenado por crimes cometidos durante a\nditadura de Augusto Pinochet (1973-1990).<\/p>\n\n\n\n<p><strong>Gabarito: C<\/strong><\/p>\n\n\n\n<p style=\"text-align:center\"><strong>M\u00e9dico Judici\u00e1rio<\/strong><\/p>\n\n\n\n<p>75. O\npresidente da Fran\u00e7a, Emmanuel Macron, e a chanceler federal alem\u00e3, Angela\nMerkel, protagonizaram neste s\u00e1bado (10\/11) um encontro hist\u00f3rico em Compi\u00e8gne,\nao norte de Paris. Esta \u00e9 a primeira vez que os l\u00edderes m\u00e1ximos dos dois pa\u00edses\nvisitam juntos o local. <\/p>\n\n\n\n<p>(Folha de\nS.Paulo, 10 nov.18. Adaptado) <\/p>\n\n\n\n<p>Os dois\nestiveram juntos por ocasi\u00e3o da comemora\u00e7\u00e3o de anivers\u00e1rio <\/p>\n\n\n\n<p>(A) da\ncerim\u00f4nia de funda\u00e7\u00e3o da Uni\u00e3o Europeia. <\/p>\n\n\n\n<p>(B) do\nacerto relativo aos tratados de paz da Segunda Guerra. <\/p>\n\n\n\n<p>(C) da\nproclama\u00e7\u00e3o da Declara\u00e7\u00e3o Universal dos Direitos Humanos. <\/p>\n\n\n\n<p>(D) da\nqueda do Muro de Berlim e da reunifica\u00e7\u00e3o alem\u00e3. <\/p>\n\n\n\n<p>(E) da\nassinatura do armist\u00edcio que encerrou a Primeira Guerra. <\/p>\n\n\n\n<p><strong>COMENT\u00c1RIOS:<\/strong><\/p>\n\n\n\n<p>O\npresidente da Fran\u00e7a, Emmanuel Macron, e a chanceler da Alemanha, Angela\nMerkel, comemoraram o centen\u00e1rio do Armist\u00edcio que deu fim \u00e0 Primeira Guerra\nMundial, conflito em que Alemanha e Fran\u00e7a lutaram em lados opostos. <\/p>\n\n\n\n<p>Foi em um\nvag\u00e3o no bosque de Compi\u00e8gne que foi assinado, em 11 de novembro de 1918, o\narmist\u00edcio que selou o fim da Primeira Guerra Mundial, ap\u00f3s anos de combates\nque deixaram 18 milh\u00f5es de mortos.<\/p>\n\n\n\n<p>Foi a\nprimeira vez desde o fim da Segunda Guerra Mundial em que um presidente franc\u00eas\ne um chefe de governo alem\u00e3o se reuniram no memorial. <\/p>\n\n\n\n<p><strong>Gabarito: E<\/strong><\/p>\n\n\n\n<p>76. O\nperfil dos candidatos que concorreram a uma vaga no Poder Legislativo aponta\npara maior participa\u00e7\u00e3o feminina e jovem. Os primeiros resultados da elei\u00e7\u00e3o\nmostram o novo perfil eleito: o pa\u00eds elegeu as duas primeiras deputadas\nfederais mu\u00e7ulmanas, a primeira mulher ind\u00edgena, al\u00e9m da deputada mais jovem da\nhist\u00f3ria. <\/p>\n\n\n\n<p>(Estado de\nS.Paulo, 6 nov.18. Adaptado) <\/p>\n\n\n\n<p>A not\u00edcia\ncitada est\u00e1 relacionada \u00e0s elei\u00e7\u00f5es <\/p>\n\n\n\n<p>(A) no\nCanad\u00e1. <\/p>\n\n\n\n<p>(B) na\nAlemanha. <\/p>\n\n\n\n<p>(C) nos\nEUA. <\/p>\n\n\n\n<p>(D) na\nFran\u00e7a. <\/p>\n\n\n\n<p>(E) na\nInglaterra. <\/p>\n\n\n\n<p><strong>COMENT\u00c1RIOS:<\/strong><\/p>\n\n\n\n<p>A not\u00edcia\ncitada est\u00e1 relacionada \u00e0s elei\u00e7\u00f5es nos EUA, marcadas pelo recorde de mulheres\neleitas, pela elei\u00e7\u00e3o das duas primeiras deputadas federais mu\u00e7ulmanas, da\nprimeira mulher ind\u00edgena, da deputada mais jovem da hist\u00f3ria e do primeiro\ngovernador assumidamente homossexual.<\/p>\n\n\n\n<p><strong>Gabarito: C<\/strong><\/p>\n\n\n\n<p>77. O\npresidente da Turquia, Recep Tayyip Erdogan, disse neste s\u00e1bado (10 de\nnovembro) que seu pa\u00eds compartilhou as grava\u00e7\u00f5es com Ar\u00e1bia Saudita, Estados\nUnidos, Reino Unido, Fran\u00e7a e Alemanha. \u201cDemos os registros. Eles est\u00e3o\nescutando as conversas\u201d, disse Erdogan, antes de embarcar para Paris, mas sem\ndar mais detalhes. <\/p>\n\n\n\n<p>(G1, 10\nnov.18. Adaptado) <\/p>\n\n\n\n<p>As\nafirma\u00e7\u00f5es de Erdogan est\u00e3o relacionadas <\/p>\n\n\n\n<p>(A) \u00e0\nexecu\u00e7\u00e3o, em territ\u00f3rio turco, de lideran\u00e7as rebeldes em luta contra o governo\niemenita. <\/p>\n\n\n\n<p>(B) ao\nassassinato de um jornalista saudita cr\u00edtico do governo de seu pr\u00f3prio pa\u00eds. <\/p>\n\n\n\n<p>(C) \u00e0s\nnegocia\u00e7\u00f5es secretas entre o governo afeg\u00e3o e c\u00e9lulas terroristas da Al Qaeda. <\/p>\n\n\n\n<p>(D) ao\nenvolvimento clandestino de pa\u00edses \u00e1rabes na guerra civil que est\u00e1 em curso na\nS\u00edria. <\/p>\n\n\n\n<p>(E) \u00e0s informa\u00e7\u00f5es\nconfidenciais que circulam pela Turquia do projeto nuclear iraniano.<\/p>\n\n\n\n<p><strong>COMENT\u00c1RIOS:<\/strong><\/p>\n\n\n\n<p>As\nafirma\u00e7\u00f5es de Erdogan est\u00e3o relacionadas ao assassinato de um jornalista\nsaudita cr\u00edtico do governo de seu pr\u00f3prio pa\u00eds. O presidente da Turquia afirmou\nque diversos governos ocidentais receberam e ouviram as grava\u00e7\u00f5es relacionadas\nao assassinato do jornalista saudita Jamal Khashoggi.<\/p>\n\n\n\n<p>O\njornalista&nbsp;fugiu da Ar\u00e1bia Saudita em setembro de 2017.Ele disse que o\ngoverno do pa\u00eds \u00e1rabe o baniu do Twitter. Khashoggi criticava fortemente o\npr\u00edncipe herdeiro&nbsp;Mohammad bin Salman e o rei&nbsp;Salman da Ar\u00e1bia\nSaudita. Ele tamb\u00e9m se op\u00f4s \u00e0&nbsp;interven\u00e7\u00e3o no I\u00eamen, liderada pela Ar\u00e1bia\nSaudita. Exilado&nbsp;nos&nbsp;Estados Unidos, passou a ser colunista do jornal\nWashington Post. <\/p>\n\n\n\n<p>Em 2 de outubro de\n2018, Khashoggi foi at\u00e9 o&nbsp;consulado da Ar\u00e1bia Saudita&nbsp;em&nbsp;Istambul,\nna&nbsp;Turquia, para buscar um comprovante que estava separado, pois iria se\ncasar com a sua namorada, uma mulher turca. O jornalista n\u00e3o saiu mais do\nconsulado. L\u00e1 ele foi estrangulado, morto e esquartejado. Inicialmente a Ar\u00e1bia\nSaudita afirmou que ele havia sa\u00eddo do consulado, mas diante da progressiva\ninvestiga\u00e7\u00e3o admitiu que o jornalista foi morto nas depend\u00eancias da\nrepresenta\u00e7\u00e3o diplom\u00e1tica. O pr\u00edncipe herdeiro saudita,\nMohamed bin Salman, \u00e9 apontado pela Turquia como o mandante do crime.<\/p>\n\n\n\n<p><strong>Gabarito: B<\/strong><\/p>\n\n\n\n<p style=\"text-align:center\"><strong>Administrador Judici\u00e1rio<\/strong><\/p>\n\n\n\n<p>97.\nSegundo o Instituto Brasileiro de Geografia e Estat\u00edstica, o \u00cdndice Nacional de\nPre\u00e7os ao Consumidor Amplo (IPCA) acumula 4,53% nos 12 meses terminados em\nsetembro, um pouco acima do centro da meta de infla\u00e7\u00e3o, que \u00e9 de 4,5%. O \u00edndice\nfoi o maior para meses de setembro desde 2015. <\/p>\n\n\n\n<p>No\nRelat\u00f3rio de Infla\u00e7\u00e3o divulgado no fim de setembro pelo Banco Central, a\nautoridade monet\u00e1ria estima que o IPCA encerrar\u00e1 2018 em 4,4%. Os \u00edndices\nhaviam voltado a cair no in\u00edcio deste ano, mas voltaram a subir. <\/p>\n\n\n\n<p>(EBC,\n31.10.2018. Acesso em: 11.11.2018. Adaptado) <\/p>\n\n\n\n<p>Esse\naumento do IPCA resultou <\/p>\n\n\n\n<p>(A) da\nrecess\u00e3o da economia e de fatores clim\u00e1ticos como a estiagem no Sudeste e as\nchuvas no Centro-Oeste. <\/p>\n\n\n\n<p>(B) da\nsafra recorde de alimentos e da instabilidade e da especula\u00e7\u00e3o no mercado\nfinanceiro do pa\u00eds. <\/p>\n\n\n\n<p>(C) da\nvaloriza\u00e7\u00e3o do d\u00f3lar e da eleva\u00e7\u00e3o dos pre\u00e7os dos combust\u00edveis e de algumas\ntarifas p\u00fablicas. <\/p>\n\n\n\n<p>(D) da\neleva\u00e7\u00e3o da taxa Selic e do desabastecimento ap\u00f3s a greve nos setores de\ntransporte p\u00fablico e de energia. <\/p>\n\n\n\n<p>(E) da\nalta do d\u00e9ficit p\u00fablico e da queda das exporta\u00e7\u00f5es de commodities e de produtos\nsemimanufaturados. <\/p>\n\n\n\n<p><strong>COMENT\u00c1RIOS:<\/strong><\/p>\n\n\n\n<p>O IPCA,\n\u00cdndice Nacional de Pre\u00e7os ao Consumidor Amplo, \u00e9 o \u00edndice oficial utilizado\npelo Governo Federal para medir a varia\u00e7\u00e3o de pre\u00e7os dos produtos e servi\u00e7os\nbrasileiros. <\/p>\n\n\n\n<p>Ele \u00e9\nmedido como um reflexo do custo de vida de fam\u00edlias que possuem renda entre 1 e\n40 sal\u00e1rios m\u00ednimos, com base em 9 regi\u00f5es metropolitanas do pa\u00eds. Para isso\ns\u00e3o calculadas despesas com moradia, alimenta\u00e7\u00e3o, sa\u00fade, educa\u00e7\u00e3o, transporte,\nroupas, entre outros.<\/p>\n\n\n\n<p>Atrav\u00e9s do\nIPCA, o governo mede a infla\u00e7\u00e3o e tamb\u00e9m faz proje\u00e7\u00f5es sobre a mesma.<\/p>\n\n\n\n<p>Se o IPCA\nsubiu, significa que alguns desses produtos e servi\u00e7os sofreram algum reajuste\nde pre\u00e7o para cima, ou seja, ficaram mais caros em rela\u00e7\u00e3o ao m\u00eas anterior.\nIsso \u00e9 a infla\u00e7\u00e3o. <\/p>\n\n\n\n<p>Se o IPCA\ncai, significa que os pre\u00e7os subiram menos em rela\u00e7\u00e3o ao m\u00eas anterior.<\/p>\n\n\n\n<p>&nbsp;&nbsp;&nbsp;&nbsp;&nbsp;&nbsp;&nbsp;&nbsp;&nbsp;&nbsp;&nbsp; No cen\u00e1rio abordado pelo enunciado,\no aumento do IPCA foi resultante da valoriza\u00e7\u00e3o do d\u00f3lar e da eleva\u00e7\u00e3o dos\npre\u00e7os dos combust\u00edveis e de algumas tarifas p\u00fablicas. <\/p>\n\n\n\n<p>Com a\neleva\u00e7\u00e3o do d\u00f3lar, fica mais caro importar. Consequentemente, produtos\nimportados sofrer\u00e3o aumento nos seus pre\u00e7os, o que eleva o IPCA. O mesmo vale\npara o pre\u00e7o dos combust\u00edveis, que subiram muito nos \u00faltimos meses de 2018,\nelevando o IPCA.<\/p>\n\n\n\n<p><strong>Gabarito: C<\/strong><\/p>\n\n\n\n<p>98. O\nm\u00e9dico congol\u00eas Denis Mukwege, 63, e a ativista iraquiana Nadia Murad, 25,\nlevaram o Nobel da Paz de 2018, anunciou o comit\u00ea do pr\u00eamio, em Oslo, nesta\nsexta-feira [05.10]. <\/p>\n\n\n\n<p>A\nimport\u00e2ncia do trabalho de Mukwege j\u00e1 tinha sido reconhecida, em 2014, pelo\nParlamento Europeu, que concedeu a ele o pr\u00eamio Sakharov. Em 2016, Nadia foi\nnomeada Embaixadora da Boa Vontade de um escrit\u00f3rio das Na\u00e7\u00f5es Unidas. <\/p>\n\n\n\n<p>(Uol,\n05.10.2018. Acesso em: 11.11.2018. Adaptado) <\/p>\n\n\n\n<p>A\nconcess\u00e3o desse pr\u00eamio foi um reconhecimento <\/p>\n\n\n\n<p>(A) pelos\nesfor\u00e7os na luta contra o uso da viol\u00eancia sexual como arma de guerra. <\/p>\n\n\n\n<p>(B) pelas\ncampanhas de combate \u00e0 subnutri\u00e7\u00e3o e \u00e0 mortalidade infantil. <\/p>\n\n\n\n<p>(C) pela\nassist\u00eancia social a \u00f3rf\u00e3os em regi\u00f5es assoladas por conflitos \u00e9tnicos. <\/p>\n\n\n\n<p>(D) pela\nfunda\u00e7\u00e3o de entidades de ajuda humanit\u00e1ria a refugiados. <\/p>\n\n\n\n<p>(E) pela\nmobiliza\u00e7\u00e3o pol\u00edtica em favor da educa\u00e7\u00e3o feminina em pa\u00edses isl\u00e2micos.<\/p>\n\n\n\n<p><strong>COMENT\u00c1RIOS:<\/strong><\/p>\n\n\n\n<p>A\nconcess\u00e3o desse pr\u00eamio foi um reconhecimento pelos esfor\u00e7os na luta contra o\nuso da viol\u00eancia sexual como arma de guerra.<\/p>\n\n\n\n<p>Denis\nMukwege, de 63 anos, passou grande parte de sua vida adulta ajudando as v\u00edtimas\nde viol\u00eancia sexual na Rep\u00fablica Democr\u00e1tica do Congo, na \u00c1frica, e lutando por\nseus direitos. Ele e sua equipe trataram cerca de 30 mil v\u00edtimas desses\nataques, desenvolvendo grande experi\u00eancia no tratamento de les\u00f5es sexuais graves.<\/p>\n\n\n\n<p>Nadia\nMurad, de 25 anos, se tornou uma ativista dos direitos humanos da minoria\nyazidi ap\u00f3s sobreviver a tr\u00eas meses de escravid\u00e3o sexual imposta por\nintegrantes do Estado Isl\u00e2mico no Iraque.<\/p>\n\n\n\n<p>Ap\u00f3s\nescapar dos terroristas, em 2014, ela liderou uma campanha para impedir o\ntr\u00e1fico de pessoas e libertar o grupo \u00e9tnico-religioso yazidis, que \u00e9 composto\npor cerca de 400 mil pessoas. As cren\u00e7as desse grupo misturam componentes de\nv\u00e1rias religi\u00f5es antigas do Oriente M\u00e9dio. A etnia \u00e9 considerada\n&#8220;infiel&#8221; pelos extremistas do Estado Isl\u00e2mico.<\/p>\n\n\n\n<p><strong>Gabarito: A<\/strong><\/p>\n","protected":false},"excerpt":{"rendered":"<p>Ol\u00e1 pessoal, Segue o gabarito extraoficial de Atualidades das provas dos cargos de M\u00e9dico Judici\u00e1rio, Enfermeiro Judici\u00e1rio e Administrador Judici\u00e1rio. O examinador cobrou fatos ocorridos nos meses de setembro, outubro e novembro de 2018. Em outro artigo, comentei a prova de Contador Judici\u00e1rio. Segue o link do artigo: Sucesso nos concursos! Leandro Signori Enfermeiro Judici\u00e1rio [&hellip;]<\/p>\n","protected":false},"author":306,"featured_media":0,"comment_status":"open","ping_status":"closed","sticky":false,"template":"","format":"standard","meta":{"post_tipo":"article","footnotes":""},"categories":[1],"tags":[],"tax_estado":[],"class_list":["post-164669","post","type-post","status-publish","format-standard","hentry","category-cursos-e-concursos"],"acf":[],"yoast_head":"<!-- This site is optimized with the Yoast SEO Premium plugin v27.2 (Yoast SEO v27.2) - https:\/\/yoast.com\/product\/yoast-seo-premium-wordpress\/ -->\n<title>Gabarito TJ\/SP - Atualidades - M\u00e9dico, Enfermeiro e Administrador<\/title>\n<meta name=\"robots\" content=\"index, follow, max-snippet:-1, max-image-preview:large, max-video-preview:-1\" \/>\n<link rel=\"canonical\" href=\"https:\/\/www.estrategiaconcursos.com.br\/blog\/gabarito-tj-sp-atualidades-medico-enfermeiro-e-administrador\/\" \/>\n<meta property=\"og:locale\" content=\"pt_BR\" \/>\n<meta property=\"og:type\" content=\"article\" \/>\n<meta property=\"og:title\" content=\"Gabarito TJ\/SP - Atualidades - M\u00e9dico, Enfermeiro e Administrador\" \/>\n<meta property=\"og:description\" content=\"Ol\u00e1 pessoal, Segue o gabarito extraoficial de Atualidades das provas dos cargos de M\u00e9dico Judici\u00e1rio, Enfermeiro Judici\u00e1rio e Administrador Judici\u00e1rio. O examinador cobrou fatos ocorridos nos meses de setembro, outubro e novembro de 2018. Em outro artigo, comentei a prova de Contador Judici\u00e1rio. Segue o link do artigo: Sucesso nos concursos! Leandro Signori Enfermeiro Judici\u00e1rio [&hellip;]\" \/>\n<meta property=\"og:url\" content=\"https:\/\/www.estrategiaconcursos.com.br\/blog\/gabarito-tj-sp-atualidades-medico-enfermeiro-e-administrador\/\" \/>\n<meta property=\"og:site_name\" content=\"Estrat\u00e9gia Concursos\" \/>\n<meta property=\"article:author\" content=\"https:\/\/www.facebook.com\/leandrosignoriatualidades\/\" \/>\n<meta property=\"article:published_time\" content=\"2019-02-06T02:56:57+00:00\" \/>\n<meta property=\"article:modified_time\" content=\"2019-04-16T00:23:43+00:00\" \/>\n<meta name=\"author\" content=\"Leandro Signori\" \/>\n<meta name=\"twitter:card\" content=\"summary_large_image\" \/>\n<meta name=\"twitter:creator\" content=\"@EstratConcursos\" \/>\n<meta name=\"twitter:site\" content=\"@EstratConcursos\" \/>\n<meta name=\"twitter:label1\" content=\"Escrito por\" \/>\n\t<meta name=\"twitter:data1\" content=\"Leandro Signori\" \/>\n\t<meta name=\"twitter:label2\" content=\"Est. tempo de leitura\" \/>\n\t<meta name=\"twitter:data2\" content=\"12 minutos\" \/>\n<script type=\"application\/ld+json\" class=\"yoast-schema-graph\">{\"@context\":\"https:\/\/schema.org\",\"@graph\":[{\"@type\":\"NewsArticle\",\"@id\":\"https:\/\/www.estrategiaconcursos.com.br\/blog\/gabarito-tj-sp-atualidades-medico-enfermeiro-e-administrador\/#article\",\"isPartOf\":{\"@id\":\"https:\/\/www.estrategiaconcursos.com.br\/blog\/gabarito-tj-sp-atualidades-medico-enfermeiro-e-administrador\/\"},\"author\":{\"name\":\"Leandro Signori\",\"@id\":\"https:\/\/www.estrategiaconcursos.com.br\/blog\/#\/schema\/person\/d2e7d78de4b9d6ba51cc24fd558a7f42\"},\"headline\":\"Gabarito TJ\/SP &#8211; Atualidades &#8211; M\u00e9dico, Enfermeiro e Administrador\",\"datePublished\":\"2019-02-06T02:56:57+00:00\",\"dateModified\":\"2019-04-16T00:23:43+00:00\",\"mainEntityOfPage\":{\"@id\":\"https:\/\/www.estrategiaconcursos.com.br\/blog\/gabarito-tj-sp-atualidades-medico-enfermeiro-e-administrador\/\"},\"wordCount\":2412,\"commentCount\":0,\"publisher\":{\"@id\":\"https:\/\/www.estrategiaconcursos.com.br\/blog\/#organization\"},\"articleSection\":[\"Concursos P\u00fablicos\"],\"inLanguage\":\"pt-BR\",\"potentialAction\":[{\"@type\":\"CommentAction\",\"name\":\"Comment\",\"target\":[\"https:\/\/www.estrategiaconcursos.com.br\/blog\/gabarito-tj-sp-atualidades-medico-enfermeiro-e-administrador\/#respond\"]}],\"copyrightYear\":\"2019\",\"copyrightHolder\":{\"@id\":\"https:\/\/www.estrategiaconcursos.com.br\/blog\/#organization\"}},{\"@type\":\"WebPage\",\"@id\":\"https:\/\/www.estrategiaconcursos.com.br\/blog\/gabarito-tj-sp-atualidades-medico-enfermeiro-e-administrador\/\",\"url\":\"https:\/\/www.estrategiaconcursos.com.br\/blog\/gabarito-tj-sp-atualidades-medico-enfermeiro-e-administrador\/\",\"name\":\"Gabarito TJ\/SP - Atualidades - M\u00e9dico, Enfermeiro e Administrador\",\"isPartOf\":{\"@id\":\"https:\/\/www.estrategiaconcursos.com.br\/blog\/#website\"},\"datePublished\":\"2019-02-06T02:56:57+00:00\",\"dateModified\":\"2019-04-16T00:23:43+00:00\",\"breadcrumb\":{\"@id\":\"https:\/\/www.estrategiaconcursos.com.br\/blog\/gabarito-tj-sp-atualidades-medico-enfermeiro-e-administrador\/#breadcrumb\"},\"inLanguage\":\"pt-BR\",\"potentialAction\":[{\"@type\":\"ReadAction\",\"target\":[\"https:\/\/www.estrategiaconcursos.com.br\/blog\/gabarito-tj-sp-atualidades-medico-enfermeiro-e-administrador\/\"]}]},{\"@type\":\"BreadcrumbList\",\"@id\":\"https:\/\/www.estrategiaconcursos.com.br\/blog\/gabarito-tj-sp-atualidades-medico-enfermeiro-e-administrador\/#breadcrumb\",\"itemListElement\":[{\"@type\":\"ListItem\",\"position\":1,\"name\":\"In\u00edcio\",\"item\":\"https:\/\/www.estrategiaconcursos.com.br\/blog\/\"},{\"@type\":\"ListItem\",\"position\":2,\"name\":\"Gabarito TJ\/SP &#8211; Atualidades &#8211; M\u00e9dico, Enfermeiro e Administrador\"}]},{\"@type\":\"WebSite\",\"@id\":\"https:\/\/www.estrategiaconcursos.com.br\/blog\/#website\",\"url\":\"https:\/\/www.estrategiaconcursos.com.br\/blog\/\",\"name\":\"Estrat\u00e9gia Concursos\",\"description\":\"O blog da Estrat\u00e9gia Concursos traz not\u00edcias sobre concursos e artigos de professores oferecendo cursos para concursos (pdf + videaulas) no site.\",\"publisher\":{\"@id\":\"https:\/\/www.estrategiaconcursos.com.br\/blog\/#organization\"},\"potentialAction\":[{\"@type\":\"SearchAction\",\"target\":{\"@type\":\"EntryPoint\",\"urlTemplate\":\"https:\/\/www.estrategiaconcursos.com.br\/blog\/?s={search_term_string}\"},\"query-input\":{\"@type\":\"PropertyValueSpecification\",\"valueRequired\":true,\"valueName\":\"search_term_string\"}}],\"inLanguage\":\"pt-BR\"},{\"@type\":\"Organization\",\"@id\":\"https:\/\/www.estrategiaconcursos.com.br\/blog\/#organization\",\"name\":\"Estrat\u00e9gia Concursos\",\"url\":\"https:\/\/www.estrategiaconcursos.com.br\/blog\/\",\"logo\":{\"@type\":\"ImageObject\",\"inLanguage\":\"pt-BR\",\"@id\":\"https:\/\/www.estrategiaconcursos.com.br\/blog\/#\/schema\/logo\/image\/\",\"url\":\"https:\/\/dhg1h5j42swfq.cloudfront.net\/2025\/06\/03203428\/logo_concursos-1.jpg\",\"contentUrl\":\"https:\/\/dhg1h5j42swfq.cloudfront.net\/2025\/06\/03203428\/logo_concursos-1.jpg\",\"width\":230,\"height\":60,\"caption\":\"Estrat\u00e9gia Concursos\"},\"image\":{\"@id\":\"https:\/\/www.estrategiaconcursos.com.br\/blog\/#\/schema\/logo\/image\/\"},\"sameAs\":[\"https:\/\/x.com\/EstratConcursos\"]},{\"@type\":\"Person\",\"@id\":\"https:\/\/www.estrategiaconcursos.com.br\/blog\/#\/schema\/person\/d2e7d78de4b9d6ba51cc24fd558a7f42\",\"name\":\"Leandro Signori\",\"image\":{\"@type\":\"ImageObject\",\"inLanguage\":\"pt-BR\",\"@id\":\"https:\/\/secure.gravatar.com\/avatar\/aa2ef98e93764dcf1758f52d2792d4b3e4089ee25bc520608dde62ad802ae541?s=96&d=mm&r=g\",\"url\":\"https:\/\/secure.gravatar.com\/avatar\/aa2ef98e93764dcf1758f52d2792d4b3e4089ee25bc520608dde62ad802ae541?s=96&d=mm&r=g\",\"contentUrl\":\"https:\/\/secure.gravatar.com\/avatar\/aa2ef98e93764dcf1758f52d2792d4b3e4089ee25bc520608dde62ad802ae541?s=96&d=mm&r=g\",\"caption\":\"Leandro Signori\"},\"description\":\"Licenciado em Geografia pela Universidade Federal do Rio Grande do Sul (UFRGS) e Bacharel em Geografia pela Uniceub (Bras\u00edlia). Como servidor p\u00fablico, foi funcion\u00e1rio da Prefeitura de S\u00e3o Leopoldo (RS), Prefeitura de Porto Alegre (RS), Companhia Riograndense de Saneamento (Corsan) e Minist\u00e9rio da Integra\u00e7\u00e3o Nacional. \u00c9 professor de Geografia para o ensino m\u00e9dio na rede particular de ensino. Leciona as disciplinas de Atualidades, Conhecimentos Gerais, Geografia, Realidade Brasileira e Hist\u00f3ria, em cursos on line e presenciais preparat\u00f3rios para concursos p\u00fablicos.\",\"sameAs\":[\"https:\/\/www.facebook.com\/leandrosignoriatualidades\/\"],\"url\":\"https:\/\/www.estrategiaconcursos.com.br\/blog\/author\/leandroestrategiaconcursos-com-br\/\"}]}<\/script>\n<!-- \/ Yoast SEO Premium plugin. -->","yoast_head_json":{"title":"Gabarito TJ\/SP - Atualidades - M\u00e9dico, Enfermeiro e Administrador","robots":{"index":"index","follow":"follow","max-snippet":"max-snippet:-1","max-image-preview":"max-image-preview:large","max-video-preview":"max-video-preview:-1"},"canonical":"https:\/\/www.estrategiaconcursos.com.br\/blog\/gabarito-tj-sp-atualidades-medico-enfermeiro-e-administrador\/","og_locale":"pt_BR","og_type":"article","og_title":"Gabarito TJ\/SP - Atualidades - M\u00e9dico, Enfermeiro e Administrador","og_description":"Ol\u00e1 pessoal, Segue o gabarito extraoficial de Atualidades das provas dos cargos de M\u00e9dico Judici\u00e1rio, Enfermeiro Judici\u00e1rio e Administrador Judici\u00e1rio. O examinador cobrou fatos ocorridos nos meses de setembro, outubro e novembro de 2018. Em outro artigo, comentei a prova de Contador Judici\u00e1rio. Segue o link do artigo: Sucesso nos concursos! Leandro Signori Enfermeiro Judici\u00e1rio [&hellip;]","og_url":"https:\/\/www.estrategiaconcursos.com.br\/blog\/gabarito-tj-sp-atualidades-medico-enfermeiro-e-administrador\/","og_site_name":"Estrat\u00e9gia Concursos","article_author":"https:\/\/www.facebook.com\/leandrosignoriatualidades\/","article_published_time":"2019-02-06T02:56:57+00:00","article_modified_time":"2019-04-16T00:23:43+00:00","author":"Leandro Signori","twitter_card":"summary_large_image","twitter_creator":"@EstratConcursos","twitter_site":"@EstratConcursos","twitter_misc":{"Escrito por":"Leandro Signori","Est. tempo de leitura":"12 minutos"},"schema":{"@context":"https:\/\/schema.org","@graph":[{"@type":"NewsArticle","@id":"https:\/\/www.estrategiaconcursos.com.br\/blog\/gabarito-tj-sp-atualidades-medico-enfermeiro-e-administrador\/#article","isPartOf":{"@id":"https:\/\/www.estrategiaconcursos.com.br\/blog\/gabarito-tj-sp-atualidades-medico-enfermeiro-e-administrador\/"},"author":{"name":"Leandro Signori","@id":"https:\/\/www.estrategiaconcursos.com.br\/blog\/#\/schema\/person\/d2e7d78de4b9d6ba51cc24fd558a7f42"},"headline":"Gabarito TJ\/SP &#8211; Atualidades &#8211; M\u00e9dico, Enfermeiro e Administrador","datePublished":"2019-02-06T02:56:57+00:00","dateModified":"2019-04-16T00:23:43+00:00","mainEntityOfPage":{"@id":"https:\/\/www.estrategiaconcursos.com.br\/blog\/gabarito-tj-sp-atualidades-medico-enfermeiro-e-administrador\/"},"wordCount":2412,"commentCount":0,"publisher":{"@id":"https:\/\/www.estrategiaconcursos.com.br\/blog\/#organization"},"articleSection":["Concursos P\u00fablicos"],"inLanguage":"pt-BR","potentialAction":[{"@type":"CommentAction","name":"Comment","target":["https:\/\/www.estrategiaconcursos.com.br\/blog\/gabarito-tj-sp-atualidades-medico-enfermeiro-e-administrador\/#respond"]}],"copyrightYear":"2019","copyrightHolder":{"@id":"https:\/\/www.estrategiaconcursos.com.br\/blog\/#organization"}},{"@type":"WebPage","@id":"https:\/\/www.estrategiaconcursos.com.br\/blog\/gabarito-tj-sp-atualidades-medico-enfermeiro-e-administrador\/","url":"https:\/\/www.estrategiaconcursos.com.br\/blog\/gabarito-tj-sp-atualidades-medico-enfermeiro-e-administrador\/","name":"Gabarito TJ\/SP - Atualidades - M\u00e9dico, Enfermeiro e Administrador","isPartOf":{"@id":"https:\/\/www.estrategiaconcursos.com.br\/blog\/#website"},"datePublished":"2019-02-06T02:56:57+00:00","dateModified":"2019-04-16T00:23:43+00:00","breadcrumb":{"@id":"https:\/\/www.estrategiaconcursos.com.br\/blog\/gabarito-tj-sp-atualidades-medico-enfermeiro-e-administrador\/#breadcrumb"},"inLanguage":"pt-BR","potentialAction":[{"@type":"ReadAction","target":["https:\/\/www.estrategiaconcursos.com.br\/blog\/gabarito-tj-sp-atualidades-medico-enfermeiro-e-administrador\/"]}]},{"@type":"BreadcrumbList","@id":"https:\/\/www.estrategiaconcursos.com.br\/blog\/gabarito-tj-sp-atualidades-medico-enfermeiro-e-administrador\/#breadcrumb","itemListElement":[{"@type":"ListItem","position":1,"name":"In\u00edcio","item":"https:\/\/www.estrategiaconcursos.com.br\/blog\/"},{"@type":"ListItem","position":2,"name":"Gabarito TJ\/SP &#8211; Atualidades &#8211; M\u00e9dico, Enfermeiro e Administrador"}]},{"@type":"WebSite","@id":"https:\/\/www.estrategiaconcursos.com.br\/blog\/#website","url":"https:\/\/www.estrategiaconcursos.com.br\/blog\/","name":"Estrat\u00e9gia Concursos","description":"O blog da Estrat\u00e9gia Concursos traz not\u00edcias sobre concursos e artigos de professores oferecendo cursos para concursos (pdf + videaulas) no site.","publisher":{"@id":"https:\/\/www.estrategiaconcursos.com.br\/blog\/#organization"},"potentialAction":[{"@type":"SearchAction","target":{"@type":"EntryPoint","urlTemplate":"https:\/\/www.estrategiaconcursos.com.br\/blog\/?s={search_term_string}"},"query-input":{"@type":"PropertyValueSpecification","valueRequired":true,"valueName":"search_term_string"}}],"inLanguage":"pt-BR"},{"@type":"Organization","@id":"https:\/\/www.estrategiaconcursos.com.br\/blog\/#organization","name":"Estrat\u00e9gia Concursos","url":"https:\/\/www.estrategiaconcursos.com.br\/blog\/","logo":{"@type":"ImageObject","inLanguage":"pt-BR","@id":"https:\/\/www.estrategiaconcursos.com.br\/blog\/#\/schema\/logo\/image\/","url":"https:\/\/dhg1h5j42swfq.cloudfront.net\/2025\/06\/03203428\/logo_concursos-1.jpg","contentUrl":"https:\/\/dhg1h5j42swfq.cloudfront.net\/2025\/06\/03203428\/logo_concursos-1.jpg","width":230,"height":60,"caption":"Estrat\u00e9gia Concursos"},"image":{"@id":"https:\/\/www.estrategiaconcursos.com.br\/blog\/#\/schema\/logo\/image\/"},"sameAs":["https:\/\/x.com\/EstratConcursos"]},{"@type":"Person","@id":"https:\/\/www.estrategiaconcursos.com.br\/blog\/#\/schema\/person\/d2e7d78de4b9d6ba51cc24fd558a7f42","name":"Leandro Signori","image":{"@type":"ImageObject","inLanguage":"pt-BR","@id":"https:\/\/secure.gravatar.com\/avatar\/aa2ef98e93764dcf1758f52d2792d4b3e4089ee25bc520608dde62ad802ae541?s=96&d=mm&r=g","url":"https:\/\/secure.gravatar.com\/avatar\/aa2ef98e93764dcf1758f52d2792d4b3e4089ee25bc520608dde62ad802ae541?s=96&d=mm&r=g","contentUrl":"https:\/\/secure.gravatar.com\/avatar\/aa2ef98e93764dcf1758f52d2792d4b3e4089ee25bc520608dde62ad802ae541?s=96&d=mm&r=g","caption":"Leandro Signori"},"description":"Licenciado em Geografia pela Universidade Federal do Rio Grande do Sul (UFRGS) e Bacharel em Geografia pela Uniceub (Bras\u00edlia). Como servidor p\u00fablico, foi funcion\u00e1rio da Prefeitura de S\u00e3o Leopoldo (RS), Prefeitura de Porto Alegre (RS), Companhia Riograndense de Saneamento (Corsan) e Minist\u00e9rio da Integra\u00e7\u00e3o Nacional. \u00c9 professor de Geografia para o ensino m\u00e9dio na rede particular de ensino. Leciona as disciplinas de Atualidades, Conhecimentos Gerais, Geografia, Realidade Brasileira e Hist\u00f3ria, em cursos on line e presenciais preparat\u00f3rios para concursos p\u00fablicos.","sameAs":["https:\/\/www.facebook.com\/leandrosignoriatualidades\/"],"url":"https:\/\/www.estrategiaconcursos.com.br\/blog\/author\/leandroestrategiaconcursos-com-br\/"}]}},"_links":{"self":[{"href":"https:\/\/www.estrategiaconcursos.com.br\/blog\/wp-json\/wp\/v2\/posts\/164669","targetHints":{"allow":["GET"]}}],"collection":[{"href":"https:\/\/www.estrategiaconcursos.com.br\/blog\/wp-json\/wp\/v2\/posts"}],"about":[{"href":"https:\/\/www.estrategiaconcursos.com.br\/blog\/wp-json\/wp\/v2\/types\/post"}],"author":[{"embeddable":true,"href":"https:\/\/www.estrategiaconcursos.com.br\/blog\/wp-json\/wp\/v2\/users\/306"}],"replies":[{"embeddable":true,"href":"https:\/\/www.estrategiaconcursos.com.br\/blog\/wp-json\/wp\/v2\/comments?post=164669"}],"version-history":[{"count":2,"href":"https:\/\/www.estrategiaconcursos.com.br\/blog\/wp-json\/wp\/v2\/posts\/164669\/revisions"}],"predecessor-version":[{"id":164672,"href":"https:\/\/www.estrategiaconcursos.com.br\/blog\/wp-json\/wp\/v2\/posts\/164669\/revisions\/164672"}],"wp:attachment":[{"href":"https:\/\/www.estrategiaconcursos.com.br\/blog\/wp-json\/wp\/v2\/media?parent=164669"}],"wp:term":[{"taxonomy":"category","embeddable":true,"href":"https:\/\/www.estrategiaconcursos.com.br\/blog\/wp-json\/wp\/v2\/categories?post=164669"},{"taxonomy":"post_tag","embeddable":true,"href":"https:\/\/www.estrategiaconcursos.com.br\/blog\/wp-json\/wp\/v2\/tags?post=164669"},{"taxonomy":"tax_estado","embeddable":true,"href":"https:\/\/www.estrategiaconcursos.com.br\/blog\/wp-json\/wp\/v2\/tax_estado?post=164669"}],"curies":[{"name":"wp","href":"https:\/\/api.w.org\/{rel}","templated":true}]}}