{"id":164658,"date":"2019-02-05T19:00:11","date_gmt":"2019-02-05T22:00:11","guid":{"rendered":"https:\/\/www.estrategiaconcursos.com.br\/blog\/?p=164658"},"modified":"2019-02-05T19:00:16","modified_gmt":"2019-02-05T22:00:16","slug":"recurso-em-auditoria-fiscal-e-contabil-sefaz-rs","status":"publish","type":"post","link":"https:\/\/www.estrategiaconcursos.com.br\/blog\/recurso-em-auditoria-fiscal-e-contabil-sefaz-rs\/","title":{"rendered":"Recurso em Auditoria Fiscal e Cont\u00e1bil (SEFAZ-RS)"},"content":{"rendered":"\n<p>Auditoria Fiscal e Cont\u00e1bil<\/p>\n\n\n\n<p><strong>\u00a0  Ol\u00e1 pessoal!<\/strong><\/p>\n\n\n\n<p>&nbsp;&nbsp; Em rela\u00e7\u00e3o \u00e0s quest\u00f5es de ITCD e PAT, das\nprovas de legisla\u00e7\u00e3o tribut\u00e1ria estadual e de auditoria fiscal e cont\u00e1bil, trago\num recurso para ser apresentado contra uma quest\u00e3o da prova de <strong>auditoria fiscal e cont\u00e1bil da SEFAZ-RS.<\/strong><\/p>\n\n\n\n<p>&nbsp;&nbsp; A quest\u00e3o \u00e9 uma que eu j\u00e1 havia alertado que\ngeraria pol\u00eamica. Apenas confiram a numera\u00e7\u00e3o e a ordem das assertivas das\nprovas de voc\u00eas.<\/p>\n\n\n\n<p>&nbsp;&nbsp; Vamos l\u00e1: <\/p>\n\n\n\n<figure class=\"wp-block-image is-resized\"><img loading=\"lazy\" decoding=\"async\" src=\"https:\/\/dhg1h5j42swfq.cloudfront.net\/2019\/02\/05185947\/Screen-Shot-2019-02-03-at-8.39.00-PM1.png\" alt=\"\" class=\"wp-image-164659\" width=\"498\" height=\"449\" srcset=\"https:\/\/dhg1h5j42swfq.cloudfront.net\/2019\/02\/05185947\/Screen-Shot-2019-02-03-at-8.39.00-PM1.png 325w, https:\/\/dhg1h5j42swfq.cloudfront.net\/2019\/02\/05185947\/Screen-Shot-2019-02-03-at-8.39.00-PM1.png 300w\" sizes=\"auto, (max-width: 498px) 100vw, 498px\" \/><\/figure>\n\n\n\n<p><strong>&nbsp;&nbsp; A banca apontou a op\u00e7\u00e3o E como gabarito. <\/strong><\/p>\n\n\n\n<p>&nbsp;&nbsp; Ou seja, ela fala em responsabiliza\u00e7\u00e3o do\nterceiro. Ora, se ela entendeu pela responsabiliza\u00e7\u00e3o de terceiro, s\u00f3 pode ter\nentendido pela ocorr\u00eancia de uma \u00fanica infra\u00e7\u00e3o.<\/p>\n\n\n\n<p>&nbsp;&nbsp; Afinal, se for cometida mais de uma infra\u00e7\u00e3o,\nn\u00e3o haver\u00e1 que se falar em \u201cresponsabiliza\u00e7\u00e3o\u201d do terceiro. Ele ser\u00e1 multado,\nassim como o contribuinte. \u00c9 o que disp\u00f5e o <strong>art. 4\u00ba da Lei 6.537\/73:<\/strong><\/p>\n\n\n\n<p><em>&nbsp;&nbsp; \u201cArt.&nbsp;4\u00ba\n&#8211; Se no mesmo processo forem apuradas duas ou mais infra\u00e7\u00f5es imput\u00e1veis a\ndiferentes infratores, ser\u00e1 aplicada, a cada um deles, a pena relativa \u00e0\ninfra\u00e7\u00e3o que houver cometido.\u201d<\/em><\/p>\n\n\n\n<p><em>&nbsp;&nbsp; <\/em>E,\nde fato, n\u00e3o nos parece ter havido o cometimento de duas infra\u00e7\u00f5es. Afinal, a \u00fanica\ninfra\u00e7\u00e3o poss\u00edvel de ter sido cometida pelo terceiro \u00e9 a do <strong>art. 11, V, \u201cn\u201d,\nda Lei 6.537\/73<\/strong>. Vejamos o dispositivo:<\/p>\n\n\n\n<p>&nbsp;&nbsp; <em>\u201cV &#8211;\ninfra\u00e7\u00f5es praticadas <strong>por terceiros<\/strong>:<\/em><\/p>\n\n\n\n<p><em>&nbsp;&nbsp; n)\ninicializar ou <strong>colocar em uso<\/strong>, o fabricante, importador, credenciado\nou interventor, em estabelecimento de contribuinte do ICMS, <strong>equipamento\nde controle fiscal n\u00e3o autorizado pela administra\u00e7\u00e3o tribut\u00e1ria estadual<\/strong>:\nmulta de 200 UPF-RS, sem preju\u00edzo do descredenciamento;\u201d&nbsp;<\/em><\/p>\n\n\n\n<p><em>&nbsp;&nbsp; <\/em>Como,\n<strong>em momento algum<\/strong>, a quest\u00e3o afirma que a empresa de solu\u00e7\u00f5es comerciais se\nreveste da qualidade de \u201cfabricante\u201d, \u201cimportadora\u201d, \u201ccredenciada\u201d ou \u201cinterventora\u201d,\nfica afastada a aplica\u00e7\u00e3o dessa multa. E isso \u00e9 <strong>fundamental para que se\nconfigure essa infra\u00e7\u00e3o.<\/strong><\/p>\n\n\n\n<p>&nbsp;&nbsp; Se assim n\u00e3o for considerado, <strong>j\u00e1 se\nverifica um evidente erro na quest\u00e3o.<\/strong><\/p>\n\n\n\n<p>&nbsp;&nbsp; Considerando a ocorr\u00eancia de uma \u00fanica infra\u00e7\u00e3o,\nde car\u00e1ter <strong>formal<\/strong>, decorrente de um descumprimento de obriga\u00e7\u00e3o acess\u00f3ria,\nentendemos que apenas o contribuinte deve ser penalizado, tendo em vista o <strong>art.\n11, VI, \u201ca\u201d<\/strong>, que disp\u00f5e:<\/p>\n\n\n\n<p><em>&nbsp;&nbsp; \u201cVI &#8211;\noutras infra\u00e7\u00f5es formais:&nbsp;<\/em><\/p>\n\n\n\n<p><em>&nbsp;&nbsp; a) <strong>utilizar,\no contribuinte, m\u00e1quina registradora como meio de controle fiscal, sem a devida\nautoriza\u00e7\u00e3o da Superintend\u00eancia da Administra\u00e7\u00e3o Tribut\u00e1ria<\/strong>, salvo se da irregularidade\ndecorrer infra\u00e7\u00e3o tribut\u00e1ria material: multa equivalente a 10% do valor das\nmercadorias sa\u00eddas no per\u00edodo, n\u00e3o inferior a 200 UPF-RS;<\/em><\/p>\n\n\n\n<p><em>&nbsp;&nbsp; (&#8230;)<\/em><\/p>\n\n\n\n<p><strong><em>&nbsp;&nbsp; <\/em><\/strong><em>\u00a7&nbsp;1\u00ba<strong> &#8211; <\/strong>Para os efeitos deste artigo, exceto em rela\u00e7\u00e3o \u00e0\nal\u00ednea &#8220;n&#8221; do inciso VI, <strong>equiparam-se \u00e0 m\u00e1quina registradora os\ndemais equipamentos emissores de cupom<\/strong>, referidos na legisla\u00e7\u00e3o tribut\u00e1ria\nestadual\u201d.<\/em><\/p>\n\n\n\n<p><strong><em>&nbsp;&nbsp; <\/em><\/strong>Logo, verifica-se\nque, de fato, o contribuinte cometeu uma infra\u00e7\u00e3o formal. N\u00e3o obstante a multa \u00e9\naplic\u00e1vel somente a ele, pois n\u00e3o h\u00e1 que se falar em uma suposta solidariedade\nsem que haja expressa previs\u00e3o legal nesse sentido. Se assim quisesse o\nlegislador, ele o teria feito, como fez nas al\u00edneas <strong>\u201cq\u201d e \u201cr\u201d, do inciso VI,\ndo art. 11<\/strong>, da lei. <\/p>\n\n\n\n<p><em>&nbsp;&nbsp; \u201cVI &#8211; outras\ninfra\u00e7\u00f5es formais:&nbsp;<\/em><\/p>\n\n\n\n<p><strong><em>&nbsp;&nbsp; q) <\/em><\/strong><em>contribuir para a altera\u00e7\u00e3o, o contribuinte, fabricante, importador,\ncredenciado ou interventor, das caracter\u00edsticas originais de\n&#8220;hardware&#8221; ou de qualquer dos componentes de equipamento de controle\nfiscal, em desacordo com o disposto na legisla\u00e7\u00e3o tribut\u00e1ria ou no ato de\nhomologa\u00e7\u00e3o ou registro de equipamento: multa de 1.000 UPF-RS por equipamento, <strong>aplic\u00e1vel\ntanto ao contribuinte como ao terceiro respons\u00e1vel<\/strong>;&nbsp;<\/em><\/p>\n\n\n\n<p><strong><em>&nbsp;&nbsp; r) <\/em><\/strong><em>alterar, inibir, reduzir ou zerar, o contribuinte, fabricante,\nimportador, credenciado ou interventor, totalizador, contador, acumulador ou\nindicador de equipamento de controle fiscal ou de qualquer outro equipamento de\nsuporte, em casos n\u00e3o previstos na legisla\u00e7\u00e3o tribut\u00e1ria: multa 1.000 UPF-RS\npor equipamento, <strong>aplic\u00e1vel tanto ao contribuinte como ao terceiro\nrespons\u00e1vel<\/strong>;\u201d<\/em><\/p>\n\n\n\n<p><em>&nbsp;&nbsp; <\/em>Por\nfim, ressalta-se, ainda, que n\u00e3o h\u00e1 que se falar na coautoria prevista no <strong>art.\n3\u00ba da lei.<\/strong><\/p>\n\n\n\n<p><em>&nbsp;&nbsp; \u201c<strong>Art.&nbsp;3\u00ba\n&#8211; <\/strong>A co-autoria da infra\u00e7\u00e3o \u00e9 pun\u00edvel com penalidade igual \u00e0 aplic\u00e1vel \u00e0\nautoria e estabelece a responsabilidade solid\u00e1ria dos infratores quanto aos\ntributos.\u201d<\/em><\/p>\n\n\n\n<p><strong><em>&nbsp;&nbsp; <\/em><\/strong><strong>Logo, <\/strong>a coautoria \u00e9\npun\u00edvel com a mesma penalidade. Assim sendo, <strong>ambos ser\u00e3o multados, mas s\u00f3 haver\u00e1\nque se falar em responsabiliza\u00e7\u00e3o quanto aos tributos. <\/strong><\/p>\n\n\n\n<p>&nbsp;&nbsp; Em momento algum a quest\u00e3o fala na responsabiliza\u00e7\u00e3o,\nespecificamente, quanto aos tributos. Com base na lei, vemos que n\u00e3o h\u00e1\nresponsabilidade quanto \u00e0 multa, nesse caso (que \u00e9 o que diz a alternativa apontada\ncomo correta). <\/p>\n\n\n\n<p>&nbsp;&nbsp; Assim sendo, quanto \u00e0 multa (e s\u00f3 h\u00e1 uma a ser\naplicado, com base nos motivos expostos), pode-se afirmar que ela somente ser\u00e1\naplicada ao contribuinte, n\u00e3o havendo, quanto a ela, responsabilidade do\nterceiro.<\/p>\n\n\n\n<p>&nbsp;&nbsp; Destarte, solicita-se a altera\u00e7\u00e3o do\ngabarito preliminar (op\u00e7\u00e3o E) para a <strong>op\u00e7\u00e3o B.<\/strong> <\/p>\n","protected":false},"excerpt":{"rendered":"<p>Auditoria Fiscal e Cont\u00e1bil \u00a0 Ol\u00e1 pessoal! &nbsp;&nbsp; Em rela\u00e7\u00e3o \u00e0s quest\u00f5es de ITCD e PAT, das provas de legisla\u00e7\u00e3o tribut\u00e1ria estadual e de auditoria fiscal e cont\u00e1bil, trago um recurso para ser apresentado contra uma quest\u00e3o da prova de auditoria fiscal e cont\u00e1bil da SEFAZ-RS. &nbsp;&nbsp; A quest\u00e3o \u00e9 uma que eu j\u00e1 havia [&hellip;]<\/p>\n","protected":false},"author":420,"featured_media":0,"comment_status":"open","ping_status":"closed","sticky":false,"template":"","format":"standard","meta":{"post_tipo":"article","footnotes":""},"categories":[1],"tags":[],"tax_estado":[],"class_list":["post-164658","post","type-post","status-publish","format-standard","hentry","category-cursos-e-concursos"],"acf":[],"yoast_head":"<!-- This site is optimized with the Yoast SEO Premium plugin v27.2 (Yoast SEO v27.2) - https:\/\/yoast.com\/product\/yoast-seo-premium-wordpress\/ -->\n<title>Recurso em Auditoria Fiscal e Cont\u00e1bil (SEFAZ-RS)<\/title>\n<meta name=\"robots\" content=\"index, follow, max-snippet:-1, max-image-preview:large, max-video-preview:-1\" \/>\n<link rel=\"canonical\" href=\"https:\/\/www.estrategiaconcursos.com.br\/blog\/recurso-em-auditoria-fiscal-e-contabil-sefaz-rs\/\" \/>\n<meta property=\"og:locale\" content=\"pt_BR\" \/>\n<meta property=\"og:type\" content=\"article\" \/>\n<meta property=\"og:title\" content=\"Recurso em Auditoria Fiscal e Cont\u00e1bil (SEFAZ-RS)\" \/>\n<meta property=\"og:description\" content=\"Auditoria Fiscal e Cont\u00e1bil \u00a0 Ol\u00e1 pessoal! &nbsp;&nbsp; Em rela\u00e7\u00e3o \u00e0s quest\u00f5es de ITCD e PAT, das provas de legisla\u00e7\u00e3o tribut\u00e1ria estadual e de auditoria fiscal e cont\u00e1bil, trago um recurso para ser apresentado contra uma quest\u00e3o da prova de auditoria fiscal e cont\u00e1bil da SEFAZ-RS. &nbsp;&nbsp; A quest\u00e3o \u00e9 uma que eu j\u00e1 havia [&hellip;]\" \/>\n<meta property=\"og:url\" content=\"https:\/\/www.estrategiaconcursos.com.br\/blog\/recurso-em-auditoria-fiscal-e-contabil-sefaz-rs\/\" \/>\n<meta property=\"og:site_name\" content=\"Estrat\u00e9gia Concursos\" \/>\n<meta property=\"article:published_time\" content=\"2019-02-05T22:00:11+00:00\" \/>\n<meta property=\"article:modified_time\" content=\"2019-02-05T22:00:16+00:00\" \/>\n<meta property=\"og:image\" content=\"https:\/\/www.estrategiaconcursos.com.br\/blog\/wp-content\/uploads\/2019\/02\/Screen-Shot-2019-02-03-at-8.39.00-PM1.png\" \/>\n<meta name=\"author\" content=\"Rafael Rocha (Caverna)\" \/>\n<meta name=\"twitter:card\" content=\"summary_large_image\" \/>\n<meta name=\"twitter:creator\" content=\"@EstratConcursos\" \/>\n<meta name=\"twitter:site\" content=\"@EstratConcursos\" \/>\n<meta name=\"twitter:label1\" content=\"Escrito por\" \/>\n\t<meta name=\"twitter:data1\" content=\"Rafael Rocha (Caverna)\" \/>\n\t<meta name=\"twitter:label2\" content=\"Est. tempo de leitura\" \/>\n\t<meta name=\"twitter:data2\" content=\"4 minutos\" \/>\n<script type=\"application\/ld+json\" class=\"yoast-schema-graph\">{\"@context\":\"https:\/\/schema.org\",\"@graph\":[{\"@type\":\"NewsArticle\",\"@id\":\"https:\/\/www.estrategiaconcursos.com.br\/blog\/recurso-em-auditoria-fiscal-e-contabil-sefaz-rs\/#article\",\"isPartOf\":{\"@id\":\"https:\/\/www.estrategiaconcursos.com.br\/blog\/recurso-em-auditoria-fiscal-e-contabil-sefaz-rs\/\"},\"author\":{\"name\":\"Rafael Rocha (Caverna)\",\"@id\":\"https:\/\/www.estrategiaconcursos.com.br\/blog\/#\/schema\/person\/47109979be38ff2c64e984c8e96d4d5c\"},\"headline\":\"Recurso em Auditoria Fiscal e Cont\u00e1bil (SEFAZ-RS)\",\"datePublished\":\"2019-02-05T22:00:11+00:00\",\"dateModified\":\"2019-02-05T22:00:16+00:00\",\"mainEntityOfPage\":{\"@id\":\"https:\/\/www.estrategiaconcursos.com.br\/blog\/recurso-em-auditoria-fiscal-e-contabil-sefaz-rs\/\"},\"wordCount\":877,\"commentCount\":2,\"publisher\":{\"@id\":\"https:\/\/www.estrategiaconcursos.com.br\/blog\/#organization\"},\"image\":{\"@id\":\"https:\/\/www.estrategiaconcursos.com.br\/blog\/recurso-em-auditoria-fiscal-e-contabil-sefaz-rs\/#primaryimage\"},\"thumbnailUrl\":\"https:\/\/www.estrategiaconcursos.com.br\/blog\/wp-content\/uploads\/2019\/02\/Screen-Shot-2019-02-03-at-8.39.00-PM1.png\",\"articleSection\":[\"Concursos P\u00fablicos\"],\"inLanguage\":\"pt-BR\",\"potentialAction\":[{\"@type\":\"CommentAction\",\"name\":\"Comment\",\"target\":[\"https:\/\/www.estrategiaconcursos.com.br\/blog\/recurso-em-auditoria-fiscal-e-contabil-sefaz-rs\/#respond\"]}],\"copyrightYear\":\"2019\",\"copyrightHolder\":{\"@id\":\"https:\/\/www.estrategiaconcursos.com.br\/blog\/#organization\"}},{\"@type\":\"WebPage\",\"@id\":\"https:\/\/www.estrategiaconcursos.com.br\/blog\/recurso-em-auditoria-fiscal-e-contabil-sefaz-rs\/\",\"url\":\"https:\/\/www.estrategiaconcursos.com.br\/blog\/recurso-em-auditoria-fiscal-e-contabil-sefaz-rs\/\",\"name\":\"Recurso em Auditoria Fiscal e Cont\u00e1bil (SEFAZ-RS)\",\"isPartOf\":{\"@id\":\"https:\/\/www.estrategiaconcursos.com.br\/blog\/#website\"},\"primaryImageOfPage\":{\"@id\":\"https:\/\/www.estrategiaconcursos.com.br\/blog\/recurso-em-auditoria-fiscal-e-contabil-sefaz-rs\/#primaryimage\"},\"image\":{\"@id\":\"https:\/\/www.estrategiaconcursos.com.br\/blog\/recurso-em-auditoria-fiscal-e-contabil-sefaz-rs\/#primaryimage\"},\"thumbnailUrl\":\"https:\/\/www.estrategiaconcursos.com.br\/blog\/wp-content\/uploads\/2019\/02\/Screen-Shot-2019-02-03-at-8.39.00-PM1.png\",\"datePublished\":\"2019-02-05T22:00:11+00:00\",\"dateModified\":\"2019-02-05T22:00:16+00:00\",\"breadcrumb\":{\"@id\":\"https:\/\/www.estrategiaconcursos.com.br\/blog\/recurso-em-auditoria-fiscal-e-contabil-sefaz-rs\/#breadcrumb\"},\"inLanguage\":\"pt-BR\",\"potentialAction\":[{\"@type\":\"ReadAction\",\"target\":[\"https:\/\/www.estrategiaconcursos.com.br\/blog\/recurso-em-auditoria-fiscal-e-contabil-sefaz-rs\/\"]}]},{\"@type\":\"ImageObject\",\"inLanguage\":\"pt-BR\",\"@id\":\"https:\/\/www.estrategiaconcursos.com.br\/blog\/recurso-em-auditoria-fiscal-e-contabil-sefaz-rs\/#primaryimage\",\"url\":\"https:\/\/dhg1h5j42swfq.cloudfront.net\/2019\/02\/05185947\/Screen-Shot-2019-02-03-at-8.39.00-PM1.png\",\"contentUrl\":\"https:\/\/dhg1h5j42swfq.cloudfront.net\/2019\/02\/05185947\/Screen-Shot-2019-02-03-at-8.39.00-PM1.png\",\"width\":325,\"height\":293},{\"@type\":\"BreadcrumbList\",\"@id\":\"https:\/\/www.estrategiaconcursos.com.br\/blog\/recurso-em-auditoria-fiscal-e-contabil-sefaz-rs\/#breadcrumb\",\"itemListElement\":[{\"@type\":\"ListItem\",\"position\":1,\"name\":\"In\u00edcio\",\"item\":\"https:\/\/www.estrategiaconcursos.com.br\/blog\/\"},{\"@type\":\"ListItem\",\"position\":2,\"name\":\"Recurso em Auditoria Fiscal e Cont\u00e1bil (SEFAZ-RS)\"}]},{\"@type\":\"WebSite\",\"@id\":\"https:\/\/www.estrategiaconcursos.com.br\/blog\/#website\",\"url\":\"https:\/\/www.estrategiaconcursos.com.br\/blog\/\",\"name\":\"Estrat\u00e9gia Concursos\",\"description\":\"O blog da Estrat\u00e9gia Concursos traz not\u00edcias sobre concursos e artigos de professores oferecendo cursos para concursos (pdf + videaulas) no site.\",\"publisher\":{\"@id\":\"https:\/\/www.estrategiaconcursos.com.br\/blog\/#organization\"},\"potentialAction\":[{\"@type\":\"SearchAction\",\"target\":{\"@type\":\"EntryPoint\",\"urlTemplate\":\"https:\/\/www.estrategiaconcursos.com.br\/blog\/?s={search_term_string}\"},\"query-input\":{\"@type\":\"PropertyValueSpecification\",\"valueRequired\":true,\"valueName\":\"search_term_string\"}}],\"inLanguage\":\"pt-BR\"},{\"@type\":\"Organization\",\"@id\":\"https:\/\/www.estrategiaconcursos.com.br\/blog\/#organization\",\"name\":\"Estrat\u00e9gia Concursos\",\"url\":\"https:\/\/www.estrategiaconcursos.com.br\/blog\/\",\"logo\":{\"@type\":\"ImageObject\",\"inLanguage\":\"pt-BR\",\"@id\":\"https:\/\/www.estrategiaconcursos.com.br\/blog\/#\/schema\/logo\/image\/\",\"url\":\"https:\/\/dhg1h5j42swfq.cloudfront.net\/2025\/06\/03203428\/logo_concursos-1.jpg\",\"contentUrl\":\"https:\/\/dhg1h5j42swfq.cloudfront.net\/2025\/06\/03203428\/logo_concursos-1.jpg\",\"width\":230,\"height\":60,\"caption\":\"Estrat\u00e9gia Concursos\"},\"image\":{\"@id\":\"https:\/\/www.estrategiaconcursos.com.br\/blog\/#\/schema\/logo\/image\/\"},\"sameAs\":[\"https:\/\/x.com\/EstratConcursos\"]},{\"@type\":\"Person\",\"@id\":\"https:\/\/www.estrategiaconcursos.com.br\/blog\/#\/schema\/person\/47109979be38ff2c64e984c8e96d4d5c\",\"name\":\"Rafael Rocha (Caverna)\",\"image\":{\"@type\":\"ImageObject\",\"inLanguage\":\"pt-BR\",\"@id\":\"https:\/\/secure.gravatar.com\/avatar\/c0f467cd7d1b3d17520db43090e5c1e2b6d5cc74b4fd0c7c714909124792b14f?s=96&d=mm&r=g\",\"url\":\"https:\/\/secure.gravatar.com\/avatar\/c0f467cd7d1b3d17520db43090e5c1e2b6d5cc74b4fd0c7c714909124792b14f?s=96&d=mm&r=g\",\"contentUrl\":\"https:\/\/secure.gravatar.com\/avatar\/c0f467cd7d1b3d17520db43090e5c1e2b6d5cc74b4fd0c7c714909124792b14f?s=96&d=mm&r=g\",\"caption\":\"Rafael Rocha (Caverna)\"},\"url\":\"https:\/\/www.estrategiaconcursos.com.br\/blog\/author\/coachrafaelrochaestrategiaconcursos-com-br\/\"}]}<\/script>\n<!-- \/ Yoast SEO Premium plugin. -->","yoast_head_json":{"title":"Recurso em Auditoria Fiscal e Cont\u00e1bil (SEFAZ-RS)","robots":{"index":"index","follow":"follow","max-snippet":"max-snippet:-1","max-image-preview":"max-image-preview:large","max-video-preview":"max-video-preview:-1"},"canonical":"https:\/\/www.estrategiaconcursos.com.br\/blog\/recurso-em-auditoria-fiscal-e-contabil-sefaz-rs\/","og_locale":"pt_BR","og_type":"article","og_title":"Recurso em Auditoria Fiscal e Cont\u00e1bil (SEFAZ-RS)","og_description":"Auditoria Fiscal e Cont\u00e1bil \u00a0 Ol\u00e1 pessoal! &nbsp;&nbsp; Em rela\u00e7\u00e3o \u00e0s quest\u00f5es de ITCD e PAT, das provas de legisla\u00e7\u00e3o tribut\u00e1ria estadual e de auditoria fiscal e cont\u00e1bil, trago um recurso para ser apresentado contra uma quest\u00e3o da prova de auditoria fiscal e cont\u00e1bil da SEFAZ-RS. &nbsp;&nbsp; A quest\u00e3o \u00e9 uma que eu j\u00e1 havia [&hellip;]","og_url":"https:\/\/www.estrategiaconcursos.com.br\/blog\/recurso-em-auditoria-fiscal-e-contabil-sefaz-rs\/","og_site_name":"Estrat\u00e9gia Concursos","article_published_time":"2019-02-05T22:00:11+00:00","article_modified_time":"2019-02-05T22:00:16+00:00","og_image":[{"url":"https:\/\/www.estrategiaconcursos.com.br\/blog\/wp-content\/uploads\/2019\/02\/Screen-Shot-2019-02-03-at-8.39.00-PM1.png","type":"","width":"","height":""}],"author":"Rafael Rocha (Caverna)","twitter_card":"summary_large_image","twitter_creator":"@EstratConcursos","twitter_site":"@EstratConcursos","twitter_misc":{"Escrito por":"Rafael Rocha (Caverna)","Est. tempo de leitura":"4 minutos"},"schema":{"@context":"https:\/\/schema.org","@graph":[{"@type":"NewsArticle","@id":"https:\/\/www.estrategiaconcursos.com.br\/blog\/recurso-em-auditoria-fiscal-e-contabil-sefaz-rs\/#article","isPartOf":{"@id":"https:\/\/www.estrategiaconcursos.com.br\/blog\/recurso-em-auditoria-fiscal-e-contabil-sefaz-rs\/"},"author":{"name":"Rafael Rocha (Caverna)","@id":"https:\/\/www.estrategiaconcursos.com.br\/blog\/#\/schema\/person\/47109979be38ff2c64e984c8e96d4d5c"},"headline":"Recurso em Auditoria Fiscal e Cont\u00e1bil (SEFAZ-RS)","datePublished":"2019-02-05T22:00:11+00:00","dateModified":"2019-02-05T22:00:16+00:00","mainEntityOfPage":{"@id":"https:\/\/www.estrategiaconcursos.com.br\/blog\/recurso-em-auditoria-fiscal-e-contabil-sefaz-rs\/"},"wordCount":877,"commentCount":2,"publisher":{"@id":"https:\/\/www.estrategiaconcursos.com.br\/blog\/#organization"},"image":{"@id":"https:\/\/www.estrategiaconcursos.com.br\/blog\/recurso-em-auditoria-fiscal-e-contabil-sefaz-rs\/#primaryimage"},"thumbnailUrl":"https:\/\/www.estrategiaconcursos.com.br\/blog\/wp-content\/uploads\/2019\/02\/Screen-Shot-2019-02-03-at-8.39.00-PM1.png","articleSection":["Concursos P\u00fablicos"],"inLanguage":"pt-BR","potentialAction":[{"@type":"CommentAction","name":"Comment","target":["https:\/\/www.estrategiaconcursos.com.br\/blog\/recurso-em-auditoria-fiscal-e-contabil-sefaz-rs\/#respond"]}],"copyrightYear":"2019","copyrightHolder":{"@id":"https:\/\/www.estrategiaconcursos.com.br\/blog\/#organization"}},{"@type":"WebPage","@id":"https:\/\/www.estrategiaconcursos.com.br\/blog\/recurso-em-auditoria-fiscal-e-contabil-sefaz-rs\/","url":"https:\/\/www.estrategiaconcursos.com.br\/blog\/recurso-em-auditoria-fiscal-e-contabil-sefaz-rs\/","name":"Recurso em Auditoria Fiscal e Cont\u00e1bil (SEFAZ-RS)","isPartOf":{"@id":"https:\/\/www.estrategiaconcursos.com.br\/blog\/#website"},"primaryImageOfPage":{"@id":"https:\/\/www.estrategiaconcursos.com.br\/blog\/recurso-em-auditoria-fiscal-e-contabil-sefaz-rs\/#primaryimage"},"image":{"@id":"https:\/\/www.estrategiaconcursos.com.br\/blog\/recurso-em-auditoria-fiscal-e-contabil-sefaz-rs\/#primaryimage"},"thumbnailUrl":"https:\/\/www.estrategiaconcursos.com.br\/blog\/wp-content\/uploads\/2019\/02\/Screen-Shot-2019-02-03-at-8.39.00-PM1.png","datePublished":"2019-02-05T22:00:11+00:00","dateModified":"2019-02-05T22:00:16+00:00","breadcrumb":{"@id":"https:\/\/www.estrategiaconcursos.com.br\/blog\/recurso-em-auditoria-fiscal-e-contabil-sefaz-rs\/#breadcrumb"},"inLanguage":"pt-BR","potentialAction":[{"@type":"ReadAction","target":["https:\/\/www.estrategiaconcursos.com.br\/blog\/recurso-em-auditoria-fiscal-e-contabil-sefaz-rs\/"]}]},{"@type":"ImageObject","inLanguage":"pt-BR","@id":"https:\/\/www.estrategiaconcursos.com.br\/blog\/recurso-em-auditoria-fiscal-e-contabil-sefaz-rs\/#primaryimage","url":"https:\/\/dhg1h5j42swfq.cloudfront.net\/2019\/02\/05185947\/Screen-Shot-2019-02-03-at-8.39.00-PM1.png","contentUrl":"https:\/\/dhg1h5j42swfq.cloudfront.net\/2019\/02\/05185947\/Screen-Shot-2019-02-03-at-8.39.00-PM1.png","width":325,"height":293},{"@type":"BreadcrumbList","@id":"https:\/\/www.estrategiaconcursos.com.br\/blog\/recurso-em-auditoria-fiscal-e-contabil-sefaz-rs\/#breadcrumb","itemListElement":[{"@type":"ListItem","position":1,"name":"In\u00edcio","item":"https:\/\/www.estrategiaconcursos.com.br\/blog\/"},{"@type":"ListItem","position":2,"name":"Recurso em Auditoria Fiscal e Cont\u00e1bil (SEFAZ-RS)"}]},{"@type":"WebSite","@id":"https:\/\/www.estrategiaconcursos.com.br\/blog\/#website","url":"https:\/\/www.estrategiaconcursos.com.br\/blog\/","name":"Estrat\u00e9gia Concursos","description":"O blog da Estrat\u00e9gia Concursos traz not\u00edcias sobre concursos e artigos de professores oferecendo cursos para concursos (pdf + videaulas) no site.","publisher":{"@id":"https:\/\/www.estrategiaconcursos.com.br\/blog\/#organization"},"potentialAction":[{"@type":"SearchAction","target":{"@type":"EntryPoint","urlTemplate":"https:\/\/www.estrategiaconcursos.com.br\/blog\/?s={search_term_string}"},"query-input":{"@type":"PropertyValueSpecification","valueRequired":true,"valueName":"search_term_string"}}],"inLanguage":"pt-BR"},{"@type":"Organization","@id":"https:\/\/www.estrategiaconcursos.com.br\/blog\/#organization","name":"Estrat\u00e9gia Concursos","url":"https:\/\/www.estrategiaconcursos.com.br\/blog\/","logo":{"@type":"ImageObject","inLanguage":"pt-BR","@id":"https:\/\/www.estrategiaconcursos.com.br\/blog\/#\/schema\/logo\/image\/","url":"https:\/\/dhg1h5j42swfq.cloudfront.net\/2025\/06\/03203428\/logo_concursos-1.jpg","contentUrl":"https:\/\/dhg1h5j42swfq.cloudfront.net\/2025\/06\/03203428\/logo_concursos-1.jpg","width":230,"height":60,"caption":"Estrat\u00e9gia Concursos"},"image":{"@id":"https:\/\/www.estrategiaconcursos.com.br\/blog\/#\/schema\/logo\/image\/"},"sameAs":["https:\/\/x.com\/EstratConcursos"]},{"@type":"Person","@id":"https:\/\/www.estrategiaconcursos.com.br\/blog\/#\/schema\/person\/47109979be38ff2c64e984c8e96d4d5c","name":"Rafael Rocha (Caverna)","image":{"@type":"ImageObject","inLanguage":"pt-BR","@id":"https:\/\/secure.gravatar.com\/avatar\/c0f467cd7d1b3d17520db43090e5c1e2b6d5cc74b4fd0c7c714909124792b14f?s=96&d=mm&r=g","url":"https:\/\/secure.gravatar.com\/avatar\/c0f467cd7d1b3d17520db43090e5c1e2b6d5cc74b4fd0c7c714909124792b14f?s=96&d=mm&r=g","contentUrl":"https:\/\/secure.gravatar.com\/avatar\/c0f467cd7d1b3d17520db43090e5c1e2b6d5cc74b4fd0c7c714909124792b14f?s=96&d=mm&r=g","caption":"Rafael Rocha (Caverna)"},"url":"https:\/\/www.estrategiaconcursos.com.br\/blog\/author\/coachrafaelrochaestrategiaconcursos-com-br\/"}]}},"_links":{"self":[{"href":"https:\/\/www.estrategiaconcursos.com.br\/blog\/wp-json\/wp\/v2\/posts\/164658","targetHints":{"allow":["GET"]}}],"collection":[{"href":"https:\/\/www.estrategiaconcursos.com.br\/blog\/wp-json\/wp\/v2\/posts"}],"about":[{"href":"https:\/\/www.estrategiaconcursos.com.br\/blog\/wp-json\/wp\/v2\/types\/post"}],"author":[{"embeddable":true,"href":"https:\/\/www.estrategiaconcursos.com.br\/blog\/wp-json\/wp\/v2\/users\/420"}],"replies":[{"embeddable":true,"href":"https:\/\/www.estrategiaconcursos.com.br\/blog\/wp-json\/wp\/v2\/comments?post=164658"}],"version-history":[{"count":1,"href":"https:\/\/www.estrategiaconcursos.com.br\/blog\/wp-json\/wp\/v2\/posts\/164658\/revisions"}],"predecessor-version":[{"id":164660,"href":"https:\/\/www.estrategiaconcursos.com.br\/blog\/wp-json\/wp\/v2\/posts\/164658\/revisions\/164660"}],"wp:attachment":[{"href":"https:\/\/www.estrategiaconcursos.com.br\/blog\/wp-json\/wp\/v2\/media?parent=164658"}],"wp:term":[{"taxonomy":"category","embeddable":true,"href":"https:\/\/www.estrategiaconcursos.com.br\/blog\/wp-json\/wp\/v2\/categories?post=164658"},{"taxonomy":"post_tag","embeddable":true,"href":"https:\/\/www.estrategiaconcursos.com.br\/blog\/wp-json\/wp\/v2\/tags?post=164658"},{"taxonomy":"tax_estado","embeddable":true,"href":"https:\/\/www.estrategiaconcursos.com.br\/blog\/wp-json\/wp\/v2\/tax_estado?post=164658"}],"curies":[{"name":"wp","href":"https:\/\/api.w.org\/{rel}","templated":true}]}}