{"id":164645,"date":"2019-02-05T18:23:43","date_gmt":"2019-02-05T21:23:43","guid":{"rendered":"https:\/\/www.estrategiaconcursos.com.br\/blog\/?p=164645"},"modified":"2019-04-15T21:23:44","modified_gmt":"2019-04-16T00:23:44","slug":"possibilidade-de-recurso-contra-o-gabarito-preliminar-da-prova-discursiva-da-prf","status":"publish","type":"post","link":"https:\/\/www.estrategiaconcursos.com.br\/blog\/possibilidade-de-recurso-contra-o-gabarito-preliminar-da-prova-discursiva-da-prf\/","title":{"rendered":"Possibilidade de Recurso contra o Gabarito Preliminar da Prova Discursiva da PRF."},"content":{"rendered":"\n<p>Ol\u00e1, servidores.<\/p>\n\n\n\n<p>Muitos alunos me questionaram\nsobre a possibilidade de recurso contra o <strong>Gabarito\nPreliminar da Discursiva da PRF<\/strong>. Bom, conforme elucidei no \u00faltimo artigo,\ntrata-se de um recurso extremamente subjetivo, porquanto depender\u00e1 daquilo que\nfora inserido em seu texto. Entretanto, um erro grotesco chamou-me a aten\u00e7\u00e3o, o\nqual poder\u00e1 ser motivo de grande \u201cdor de cabe\u00e7a\u201d para a maioria de voc\u00eas,\nquando a banca divulgar o <strong>Padr\u00e3o de\nResposta Definitivo da Discursiva da PRF<\/strong>.<\/p>\n\n\n\n<p>Refiro-me item 1, qual seja: \u201cmedidas <strong>ADOTADAS<\/strong> pela PRF no combate \u00e0s infra\u00e7\u00f5es;\u201d.<\/p>\n\n\n\n<p>Percebe-se, com clareza, que a banca exigiu do candidato medidas que j\u00e1 foram adotadas, ou seja, uma vis\u00e3o de passado e presente daquilo que foi ou est\u00e1 sendo executado pela PRF. Contudo, para a surpresa de todos n\u00f3s, o pr\u00f3prio examinador n\u00e3o leu atentamente o comando da quest\u00e3o ao elaborar o <strong>Gabarito Preliminar da Discursiva da PRF<\/strong>, e nos trouxe o seguinte:<\/p>\n\n\n\n<p><em>\u201cCom rela\u00e7\u00e3o ao item 1, espera-se que o candidato aborde medidas <strong>QUE PODEM SER IMPLEMENTADAS<\/strong> pela\nPol\u00edcia Rodovi\u00e1ria Federal no combate \u00e0s infra\u00e7\u00f5es nas rodovias, como o aumento\nde efetivo, a amplia\u00e7\u00e3o do uso de equipamentos eletr\u00f4nicos, o incremento de\nopera\u00e7\u00f5es integradas no combate aos il\u00edcitos, as campanhas institucionais,\nentre outras.\u201d<\/em><\/p>\n\n\n\n<p>Perceberam o absurdo? <strong>MEDIDAS ADOTADAS<\/strong> (passado e presente)\nn\u00e3o podem ser interpretadas como <strong>MEDIDAS\nQUE PODEM SER IMPLEMENTADAS<\/strong> (futuro). <\/p>\n\n\n\n<p>\u00c9 exatamente a\u00ed que voc\u00ea poder\u00e1\nser prejudicado, pois, caso tenha abordado exemplos de a\u00e7\u00f5es que a PRF vem\nexecutando no combate \u00e0s infra\u00e7\u00f5es de tr\u00e2nsito, provavelmente n\u00e3o receber\u00e1 uma\nboa nota, haja vista que, pela leitura do <strong>Gabarito\nPreliminar da Discursiva da PRF, <\/strong>a banca queria do candidato uma vis\u00e3o de a\u00e7\u00f5es\nfuturas, o que vai de encontro (sentido contr\u00e1rio) ao que fora perguntado no\nt\u00f3pico 1.<\/p>\n\n\n\n<p><strong>&nbsp;&#8211; O que poderia ter sido\nabordado nessa vis\u00e3o de passado e presente, professor?<\/strong><\/p>\n\n\n\n<p>Para responder a esse\nquestionamento, utilizarei as explana\u00e7\u00f5es do <strong>Professor M\u00e1rcio Damasceno<\/strong>, da nossa equipe de Discursivas do\nEstrat\u00e9gia Concursos:<\/p>\n\n\n\n<p><em>\u201cEm rela\u00e7\u00e3o a esse primeiro aspecto (medidas adotadas pela PRF no\ncombate \u00e0s infra\u00e7\u00f5es), a primeira que vem \u00e0 mente \u00e9 decorr\u00eancia da sua\ncompet\u00eancia constitucional de realizar o patrulhamento ostensivo nas rodovias\nfederais, evidenciada pelas suas&nbsp;<strong>a\u00e7\u00f5es de fiscaliza\u00e7\u00e3o<\/strong>. As a\u00e7\u00f5es\nfiscalizat\u00f3rias s\u00e3o realizadas sob as mais diferentes finalidades: verifica\u00e7\u00e3o\nda alcoolemia e velocidade, recupera\u00e7\u00e3o de ve\u00edculos roubados, combate ao\ntr\u00e1fico de armas e drogas. Em todos eles, busca-se combater infra\u00e7\u00f5es das mais\ndiversas naturezas, cujo cen\u00e1rio s\u00e3o as rodovias federais.<\/em><\/p>\n\n\n\n<p><em>Al\u00e9m da fiscaliza\u00e7\u00e3o, seria\nimportante que voc\u00ea tivesse recordado as&nbsp;<strong>a\u00e7\u00f5es educativas<\/strong>&nbsp;realizadas\npela PRF. Por meio dessas atividades, busca-se a conscientiza\u00e7\u00e3o da sociedade\nsobre a responsabilidade de cada um para a seguran\u00e7a nas estradas. Dentre as\na\u00e7\u00f5es realizadas pela PRF, voc\u00ea poderia destacar: realiza\u00e7\u00e3o de palestras,\ndistribui\u00e7\u00e3o de cartilhas, visitas a escolas, realiza\u00e7\u00f5es de festivais,\nsimp\u00f3sios, etc. Em cada um desses eventos refor\u00e7a-se a necessidade de\nobedi\u00eancia \u00e0s leis e o papel de cada cidad\u00e3o para a promo\u00e7\u00e3o de um tr\u00e2nsito\nmais seguro. Sob temas frequentes: dire\u00e7\u00e3o defensiva, seguran\u00e7a para\nmotociclistas, seguran\u00e7a para pedestres, tr\u00e2nsito com cidadania.<\/em><\/p>\n\n\n\n<p><em>Outro ponto importante \u00e9 o&nbsp;<strong>controle\ndas interdi\u00e7\u00f5es<\/strong>.&nbsp; Cada vez que a mobilidade \u00e9 amea\u00e7ada numa rodovia, a\nPol\u00edcia Rodovi\u00e1ria Federal executa a\u00e7\u00f5es para, dentro do menor prazo poss\u00edvel,\nrestabelecer o direito de ir e vir dos cidad\u00e3os.&nbsp; Esse tema ganhou enorme\ndestaque em 2018 na greve dos caminhoneiros, onde a atua\u00e7\u00e3o da PRF recebeu\nreconhecimento de diversas \u00e1reas do governo e da sociedade civil, por sua\natua\u00e7\u00e3o eficiente e garantidora de direitos.\u201d<\/em><\/p>\n\n\n\n<p>Al\u00e9m de todas essas\npossibilidades argumentativas citadas pelo nobre professor, voc\u00ea poderia\nabordar, tamb\u00e9m, a import\u00e2ncia da PRF no cumprimento das normas legais que\ntrouxeram mais rigor quanto ao consumo de bebidas alco\u00f3licas por condutor de\nve\u00edculo automotor:<\/p>\n\n\n\n<ul class=\"wp-block-list\"><li>A Lei 11.705\/2008, que ficou conhecida como Lei\nSeca;<\/li><li>A Lei 12.760\/2012, que ficou conhecida como a\nNova Lei Seca;<\/li><li>A Lei 13.281\/2016, que trouxe mais rigor aos\nlimites para configura\u00e7\u00e3o de altera\u00e7\u00e3o da capacidade psicomotora, bem como \u00e0s\npuni\u00e7\u00f5es para os que forem enquadrados em seus dispositivos.<\/li><\/ul>\n\n\n\n<p><strong>O que fazer agora?<\/strong><\/p>\n\n\n\n<p>Meus amigos, o examinador nos \u201cchamou para a briga\u201d. Com todo o respeito que tenho pela Cespe (Cebraspe), que, na minha opini\u00e3o \u00e9 a melhor banca que temos hoje no ramo de concursos p\u00fablicos, ela ter\u00e1 de rever essa \u201cpisada na bola\u201d. Entretanto, isso depender\u00e1 exclusivamente de voc\u00ea, do seu recurso!<\/p>\n\n\n\n<p>Lembrem-se do prazo: das <strong>9 horas do dia 5 de fevereiro de 2019 \u00e0s 18\nhoras do dia 6 de fevereiro de 2019<\/strong>.<\/p>\n\n\n\n<p>Sei que os nervos est\u00e3o exaltados neste momento. Por esse motivo, mantenha a calma e n\u00e3o deixe de tratar a banca com respeito e humildade. Recursos com um tom de agressividade ser\u00e3o imediatamente ignorados.<\/p>\n\n\n\n<p>Outra caracter\u00edstica importante \u00e9 que os recursos devem ser individuais, ou seja, n\u00e3o podem conter texto semelhante. Se isso acontecer, a banca tamb\u00e9m indeferir\u00e1 o recurso n\u00e3o pelo m\u00e9rito, mas pela forma. Logo, n\u00e3o disponibilizarei um \u201cmodelo\u201d para que voc\u00eas simplesmente o copiem. A diversifica\u00e7\u00e3o da escrita \u00e9 fundamental para que a banca se sinta realmente pressionada a acatar os pedidos de todos voc\u00eas!<\/p>\n\n\n\n<p>Espero, mais uma vez, ter ajudado\ncom este artigo. Agora, m\u00e3os \u00e0 obra!<\/p>\n\n\n\n<p>Boa sorte!<\/p>\n\n\n\n<p>Professor Carlos Roberto<\/p>\n\n\n\n<p>Instagram: prof_carlosroberto<\/p>\n\n\n\n<p><strong>recursos@estrategiaconcursos.com.br<\/strong><\/p>\n","protected":false},"excerpt":{"rendered":"<p>Ol\u00e1, servidores. Muitos alunos me questionaram sobre a possibilidade de recurso contra o Gabarito Preliminar da Discursiva da PRF. Bom, conforme elucidei no \u00faltimo artigo, trata-se de um recurso extremamente subjetivo, porquanto depender\u00e1 daquilo que fora inserido em seu texto. Entretanto, um erro grotesco chamou-me a aten\u00e7\u00e3o, o qual poder\u00e1 ser motivo de grande \u201cdor [&hellip;]<\/p>\n","protected":false},"author":254,"featured_media":0,"comment_status":"open","ping_status":"closed","sticky":false,"template":"","format":"standard","meta":{"post_tipo":"article","footnotes":""},"categories":[1],"tags":[],"tax_estado":[],"class_list":["post-164645","post","type-post","status-publish","format-standard","hentry","category-cursos-e-concursos"],"acf":[],"yoast_head":"<!-- This site is optimized with the Yoast SEO Premium plugin v27.2 (Yoast SEO v27.2) - https:\/\/yoast.com\/product\/yoast-seo-premium-wordpress\/ -->\n<title>Possibilidade de Recurso contra o Gabarito Preliminar da Prova Discursiva da PRF.<\/title>\n<meta name=\"robots\" content=\"index, follow, max-snippet:-1, max-image-preview:large, max-video-preview:-1\" \/>\n<link rel=\"canonical\" href=\"https:\/\/www.estrategiaconcursos.com.br\/blog\/possibilidade-de-recurso-contra-o-gabarito-preliminar-da-prova-discursiva-da-prf\/\" \/>\n<meta property=\"og:locale\" content=\"pt_BR\" \/>\n<meta property=\"og:type\" content=\"article\" \/>\n<meta property=\"og:title\" content=\"Possibilidade de Recurso contra o Gabarito Preliminar da Prova Discursiva da PRF.\" \/>\n<meta property=\"og:description\" content=\"Ol\u00e1, servidores. Muitos alunos me questionaram sobre a possibilidade de recurso contra o Gabarito Preliminar da Discursiva da PRF. Bom, conforme elucidei no \u00faltimo artigo, trata-se de um recurso extremamente subjetivo, porquanto depender\u00e1 daquilo que fora inserido em seu texto. Entretanto, um erro grotesco chamou-me a aten\u00e7\u00e3o, o qual poder\u00e1 ser motivo de grande \u201cdor [&hellip;]\" \/>\n<meta property=\"og:url\" content=\"https:\/\/www.estrategiaconcursos.com.br\/blog\/possibilidade-de-recurso-contra-o-gabarito-preliminar-da-prova-discursiva-da-prf\/\" \/>\n<meta property=\"og:site_name\" content=\"Estrat\u00e9gia Concursos\" \/>\n<meta property=\"article:published_time\" content=\"2019-02-05T21:23:43+00:00\" \/>\n<meta property=\"article:modified_time\" content=\"2019-04-16T00:23:44+00:00\" \/>\n<meta name=\"author\" content=\"Carlos Roberto Correa\" \/>\n<meta name=\"twitter:card\" content=\"summary_large_image\" \/>\n<meta name=\"twitter:creator\" content=\"@EstratConcursos\" \/>\n<meta name=\"twitter:site\" content=\"@EstratConcursos\" \/>\n<meta name=\"twitter:label1\" content=\"Escrito por\" \/>\n\t<meta name=\"twitter:data1\" content=\"Carlos Roberto Correa\" \/>\n\t<meta name=\"twitter:label2\" content=\"Est. tempo de leitura\" \/>\n\t<meta name=\"twitter:data2\" content=\"5 minutos\" \/>\n<script type=\"application\/ld+json\" class=\"yoast-schema-graph\">{\"@context\":\"https:\/\/schema.org\",\"@graph\":[{\"@type\":\"NewsArticle\",\"@id\":\"https:\/\/www.estrategiaconcursos.com.br\/blog\/possibilidade-de-recurso-contra-o-gabarito-preliminar-da-prova-discursiva-da-prf\/#article\",\"isPartOf\":{\"@id\":\"https:\/\/www.estrategiaconcursos.com.br\/blog\/possibilidade-de-recurso-contra-o-gabarito-preliminar-da-prova-discursiva-da-prf\/\"},\"author\":{\"name\":\"Carlos Roberto Correa\",\"@id\":\"https:\/\/www.estrategiaconcursos.com.br\/blog\/#\/schema\/person\/b04f52b4e46b9c2763b237dc0302b7a7\"},\"headline\":\"Possibilidade de Recurso contra o Gabarito Preliminar da Prova Discursiva da PRF.\",\"datePublished\":\"2019-02-05T21:23:43+00:00\",\"dateModified\":\"2019-04-16T00:23:44+00:00\",\"mainEntityOfPage\":{\"@id\":\"https:\/\/www.estrategiaconcursos.com.br\/blog\/possibilidade-de-recurso-contra-o-gabarito-preliminar-da-prova-discursiva-da-prf\/\"},\"wordCount\":957,\"commentCount\":1,\"publisher\":{\"@id\":\"https:\/\/www.estrategiaconcursos.com.br\/blog\/#organization\"},\"articleSection\":[\"Concursos P\u00fablicos\"],\"inLanguage\":\"pt-BR\",\"potentialAction\":[{\"@type\":\"CommentAction\",\"name\":\"Comment\",\"target\":[\"https:\/\/www.estrategiaconcursos.com.br\/blog\/possibilidade-de-recurso-contra-o-gabarito-preliminar-da-prova-discursiva-da-prf\/#respond\"]}],\"copyrightYear\":\"2019\",\"copyrightHolder\":{\"@id\":\"https:\/\/www.estrategiaconcursos.com.br\/blog\/#organization\"}},{\"@type\":\"WebPage\",\"@id\":\"https:\/\/www.estrategiaconcursos.com.br\/blog\/possibilidade-de-recurso-contra-o-gabarito-preliminar-da-prova-discursiva-da-prf\/\",\"url\":\"https:\/\/www.estrategiaconcursos.com.br\/blog\/possibilidade-de-recurso-contra-o-gabarito-preliminar-da-prova-discursiva-da-prf\/\",\"name\":\"Possibilidade de Recurso contra o Gabarito Preliminar da Prova Discursiva da PRF.\",\"isPartOf\":{\"@id\":\"https:\/\/www.estrategiaconcursos.com.br\/blog\/#website\"},\"datePublished\":\"2019-02-05T21:23:43+00:00\",\"dateModified\":\"2019-04-16T00:23:44+00:00\",\"breadcrumb\":{\"@id\":\"https:\/\/www.estrategiaconcursos.com.br\/blog\/possibilidade-de-recurso-contra-o-gabarito-preliminar-da-prova-discursiva-da-prf\/#breadcrumb\"},\"inLanguage\":\"pt-BR\",\"potentialAction\":[{\"@type\":\"ReadAction\",\"target\":[\"https:\/\/www.estrategiaconcursos.com.br\/blog\/possibilidade-de-recurso-contra-o-gabarito-preliminar-da-prova-discursiva-da-prf\/\"]}]},{\"@type\":\"BreadcrumbList\",\"@id\":\"https:\/\/www.estrategiaconcursos.com.br\/blog\/possibilidade-de-recurso-contra-o-gabarito-preliminar-da-prova-discursiva-da-prf\/#breadcrumb\",\"itemListElement\":[{\"@type\":\"ListItem\",\"position\":1,\"name\":\"In\u00edcio\",\"item\":\"https:\/\/www.estrategiaconcursos.com.br\/blog\/\"},{\"@type\":\"ListItem\",\"position\":2,\"name\":\"Possibilidade de Recurso contra o Gabarito Preliminar da Prova Discursiva da PRF.\"}]},{\"@type\":\"WebSite\",\"@id\":\"https:\/\/www.estrategiaconcursos.com.br\/blog\/#website\",\"url\":\"https:\/\/www.estrategiaconcursos.com.br\/blog\/\",\"name\":\"Estrat\u00e9gia Concursos\",\"description\":\"O blog da Estrat\u00e9gia Concursos traz not\u00edcias sobre concursos e artigos de professores oferecendo cursos para concursos (pdf + videaulas) no site.\",\"publisher\":{\"@id\":\"https:\/\/www.estrategiaconcursos.com.br\/blog\/#organization\"},\"potentialAction\":[{\"@type\":\"SearchAction\",\"target\":{\"@type\":\"EntryPoint\",\"urlTemplate\":\"https:\/\/www.estrategiaconcursos.com.br\/blog\/?s={search_term_string}\"},\"query-input\":{\"@type\":\"PropertyValueSpecification\",\"valueRequired\":true,\"valueName\":\"search_term_string\"}}],\"inLanguage\":\"pt-BR\"},{\"@type\":\"Organization\",\"@id\":\"https:\/\/www.estrategiaconcursos.com.br\/blog\/#organization\",\"name\":\"Estrat\u00e9gia Concursos\",\"url\":\"https:\/\/www.estrategiaconcursos.com.br\/blog\/\",\"logo\":{\"@type\":\"ImageObject\",\"inLanguage\":\"pt-BR\",\"@id\":\"https:\/\/www.estrategiaconcursos.com.br\/blog\/#\/schema\/logo\/image\/\",\"url\":\"https:\/\/dhg1h5j42swfq.cloudfront.net\/2025\/06\/03203428\/logo_concursos-1.jpg\",\"contentUrl\":\"https:\/\/dhg1h5j42swfq.cloudfront.net\/2025\/06\/03203428\/logo_concursos-1.jpg\",\"width\":230,\"height\":60,\"caption\":\"Estrat\u00e9gia Concursos\"},\"image\":{\"@id\":\"https:\/\/www.estrategiaconcursos.com.br\/blog\/#\/schema\/logo\/image\/\"},\"sameAs\":[\"https:\/\/x.com\/EstratConcursos\"]},{\"@type\":\"Person\",\"@id\":\"https:\/\/www.estrategiaconcursos.com.br\/blog\/#\/schema\/person\/b04f52b4e46b9c2763b237dc0302b7a7\",\"name\":\"Carlos Roberto Correa\",\"image\":{\"@type\":\"ImageObject\",\"inLanguage\":\"pt-BR\",\"@id\":\"https:\/\/secure.gravatar.com\/avatar\/f4b738aef9d1cc2c2cfd779e48e5b0dee98cb28b76e015eb2f1d475ca568f24a?s=96&d=mm&r=g\",\"url\":\"https:\/\/secure.gravatar.com\/avatar\/f4b738aef9d1cc2c2cfd779e48e5b0dee98cb28b76e015eb2f1d475ca568f24a?s=96&d=mm&r=g\",\"contentUrl\":\"https:\/\/secure.gravatar.com\/avatar\/f4b738aef9d1cc2c2cfd779e48e5b0dee98cb28b76e015eb2f1d475ca568f24a?s=96&d=mm&r=g\",\"caption\":\"Carlos Roberto Correa\"},\"url\":\"https:\/\/www.estrategiaconcursos.com.br\/blog\/author\/carlosrobertoestrategiaconcursos-com-br\/\"}]}<\/script>\n<!-- \/ Yoast SEO Premium plugin. -->","yoast_head_json":{"title":"Possibilidade de Recurso contra o Gabarito Preliminar da Prova Discursiva da PRF.","robots":{"index":"index","follow":"follow","max-snippet":"max-snippet:-1","max-image-preview":"max-image-preview:large","max-video-preview":"max-video-preview:-1"},"canonical":"https:\/\/www.estrategiaconcursos.com.br\/blog\/possibilidade-de-recurso-contra-o-gabarito-preliminar-da-prova-discursiva-da-prf\/","og_locale":"pt_BR","og_type":"article","og_title":"Possibilidade de Recurso contra o Gabarito Preliminar da Prova Discursiva da PRF.","og_description":"Ol\u00e1, servidores. Muitos alunos me questionaram sobre a possibilidade de recurso contra o Gabarito Preliminar da Discursiva da PRF. Bom, conforme elucidei no \u00faltimo artigo, trata-se de um recurso extremamente subjetivo, porquanto depender\u00e1 daquilo que fora inserido em seu texto. Entretanto, um erro grotesco chamou-me a aten\u00e7\u00e3o, o qual poder\u00e1 ser motivo de grande \u201cdor [&hellip;]","og_url":"https:\/\/www.estrategiaconcursos.com.br\/blog\/possibilidade-de-recurso-contra-o-gabarito-preliminar-da-prova-discursiva-da-prf\/","og_site_name":"Estrat\u00e9gia Concursos","article_published_time":"2019-02-05T21:23:43+00:00","article_modified_time":"2019-04-16T00:23:44+00:00","author":"Carlos Roberto Correa","twitter_card":"summary_large_image","twitter_creator":"@EstratConcursos","twitter_site":"@EstratConcursos","twitter_misc":{"Escrito por":"Carlos Roberto Correa","Est. tempo de leitura":"5 minutos"},"schema":{"@context":"https:\/\/schema.org","@graph":[{"@type":"NewsArticle","@id":"https:\/\/www.estrategiaconcursos.com.br\/blog\/possibilidade-de-recurso-contra-o-gabarito-preliminar-da-prova-discursiva-da-prf\/#article","isPartOf":{"@id":"https:\/\/www.estrategiaconcursos.com.br\/blog\/possibilidade-de-recurso-contra-o-gabarito-preliminar-da-prova-discursiva-da-prf\/"},"author":{"name":"Carlos Roberto Correa","@id":"https:\/\/www.estrategiaconcursos.com.br\/blog\/#\/schema\/person\/b04f52b4e46b9c2763b237dc0302b7a7"},"headline":"Possibilidade de Recurso contra o Gabarito Preliminar da Prova Discursiva da PRF.","datePublished":"2019-02-05T21:23:43+00:00","dateModified":"2019-04-16T00:23:44+00:00","mainEntityOfPage":{"@id":"https:\/\/www.estrategiaconcursos.com.br\/blog\/possibilidade-de-recurso-contra-o-gabarito-preliminar-da-prova-discursiva-da-prf\/"},"wordCount":957,"commentCount":1,"publisher":{"@id":"https:\/\/www.estrategiaconcursos.com.br\/blog\/#organization"},"articleSection":["Concursos P\u00fablicos"],"inLanguage":"pt-BR","potentialAction":[{"@type":"CommentAction","name":"Comment","target":["https:\/\/www.estrategiaconcursos.com.br\/blog\/possibilidade-de-recurso-contra-o-gabarito-preliminar-da-prova-discursiva-da-prf\/#respond"]}],"copyrightYear":"2019","copyrightHolder":{"@id":"https:\/\/www.estrategiaconcursos.com.br\/blog\/#organization"}},{"@type":"WebPage","@id":"https:\/\/www.estrategiaconcursos.com.br\/blog\/possibilidade-de-recurso-contra-o-gabarito-preliminar-da-prova-discursiva-da-prf\/","url":"https:\/\/www.estrategiaconcursos.com.br\/blog\/possibilidade-de-recurso-contra-o-gabarito-preliminar-da-prova-discursiva-da-prf\/","name":"Possibilidade de Recurso contra o Gabarito Preliminar da Prova Discursiva da PRF.","isPartOf":{"@id":"https:\/\/www.estrategiaconcursos.com.br\/blog\/#website"},"datePublished":"2019-02-05T21:23:43+00:00","dateModified":"2019-04-16T00:23:44+00:00","breadcrumb":{"@id":"https:\/\/www.estrategiaconcursos.com.br\/blog\/possibilidade-de-recurso-contra-o-gabarito-preliminar-da-prova-discursiva-da-prf\/#breadcrumb"},"inLanguage":"pt-BR","potentialAction":[{"@type":"ReadAction","target":["https:\/\/www.estrategiaconcursos.com.br\/blog\/possibilidade-de-recurso-contra-o-gabarito-preliminar-da-prova-discursiva-da-prf\/"]}]},{"@type":"BreadcrumbList","@id":"https:\/\/www.estrategiaconcursos.com.br\/blog\/possibilidade-de-recurso-contra-o-gabarito-preliminar-da-prova-discursiva-da-prf\/#breadcrumb","itemListElement":[{"@type":"ListItem","position":1,"name":"In\u00edcio","item":"https:\/\/www.estrategiaconcursos.com.br\/blog\/"},{"@type":"ListItem","position":2,"name":"Possibilidade de Recurso contra o Gabarito Preliminar da Prova Discursiva da PRF."}]},{"@type":"WebSite","@id":"https:\/\/www.estrategiaconcursos.com.br\/blog\/#website","url":"https:\/\/www.estrategiaconcursos.com.br\/blog\/","name":"Estrat\u00e9gia Concursos","description":"O blog da Estrat\u00e9gia Concursos traz not\u00edcias sobre concursos e artigos de professores oferecendo cursos para concursos (pdf + videaulas) no site.","publisher":{"@id":"https:\/\/www.estrategiaconcursos.com.br\/blog\/#organization"},"potentialAction":[{"@type":"SearchAction","target":{"@type":"EntryPoint","urlTemplate":"https:\/\/www.estrategiaconcursos.com.br\/blog\/?s={search_term_string}"},"query-input":{"@type":"PropertyValueSpecification","valueRequired":true,"valueName":"search_term_string"}}],"inLanguage":"pt-BR"},{"@type":"Organization","@id":"https:\/\/www.estrategiaconcursos.com.br\/blog\/#organization","name":"Estrat\u00e9gia Concursos","url":"https:\/\/www.estrategiaconcursos.com.br\/blog\/","logo":{"@type":"ImageObject","inLanguage":"pt-BR","@id":"https:\/\/www.estrategiaconcursos.com.br\/blog\/#\/schema\/logo\/image\/","url":"https:\/\/dhg1h5j42swfq.cloudfront.net\/2025\/06\/03203428\/logo_concursos-1.jpg","contentUrl":"https:\/\/dhg1h5j42swfq.cloudfront.net\/2025\/06\/03203428\/logo_concursos-1.jpg","width":230,"height":60,"caption":"Estrat\u00e9gia Concursos"},"image":{"@id":"https:\/\/www.estrategiaconcursos.com.br\/blog\/#\/schema\/logo\/image\/"},"sameAs":["https:\/\/x.com\/EstratConcursos"]},{"@type":"Person","@id":"https:\/\/www.estrategiaconcursos.com.br\/blog\/#\/schema\/person\/b04f52b4e46b9c2763b237dc0302b7a7","name":"Carlos Roberto Correa","image":{"@type":"ImageObject","inLanguage":"pt-BR","@id":"https:\/\/secure.gravatar.com\/avatar\/f4b738aef9d1cc2c2cfd779e48e5b0dee98cb28b76e015eb2f1d475ca568f24a?s=96&d=mm&r=g","url":"https:\/\/secure.gravatar.com\/avatar\/f4b738aef9d1cc2c2cfd779e48e5b0dee98cb28b76e015eb2f1d475ca568f24a?s=96&d=mm&r=g","contentUrl":"https:\/\/secure.gravatar.com\/avatar\/f4b738aef9d1cc2c2cfd779e48e5b0dee98cb28b76e015eb2f1d475ca568f24a?s=96&d=mm&r=g","caption":"Carlos Roberto Correa"},"url":"https:\/\/www.estrategiaconcursos.com.br\/blog\/author\/carlosrobertoestrategiaconcursos-com-br\/"}]}},"_links":{"self":[{"href":"https:\/\/www.estrategiaconcursos.com.br\/blog\/wp-json\/wp\/v2\/posts\/164645","targetHints":{"allow":["GET"]}}],"collection":[{"href":"https:\/\/www.estrategiaconcursos.com.br\/blog\/wp-json\/wp\/v2\/posts"}],"about":[{"href":"https:\/\/www.estrategiaconcursos.com.br\/blog\/wp-json\/wp\/v2\/types\/post"}],"author":[{"embeddable":true,"href":"https:\/\/www.estrategiaconcursos.com.br\/blog\/wp-json\/wp\/v2\/users\/254"}],"replies":[{"embeddable":true,"href":"https:\/\/www.estrategiaconcursos.com.br\/blog\/wp-json\/wp\/v2\/comments?post=164645"}],"version-history":[{"count":8,"href":"https:\/\/www.estrategiaconcursos.com.br\/blog\/wp-json\/wp\/v2\/posts\/164645\/revisions"}],"predecessor-version":[{"id":164657,"href":"https:\/\/www.estrategiaconcursos.com.br\/blog\/wp-json\/wp\/v2\/posts\/164645\/revisions\/164657"}],"wp:attachment":[{"href":"https:\/\/www.estrategiaconcursos.com.br\/blog\/wp-json\/wp\/v2\/media?parent=164645"}],"wp:term":[{"taxonomy":"category","embeddable":true,"href":"https:\/\/www.estrategiaconcursos.com.br\/blog\/wp-json\/wp\/v2\/categories?post=164645"},{"taxonomy":"post_tag","embeddable":true,"href":"https:\/\/www.estrategiaconcursos.com.br\/blog\/wp-json\/wp\/v2\/tags?post=164645"},{"taxonomy":"tax_estado","embeddable":true,"href":"https:\/\/www.estrategiaconcursos.com.br\/blog\/wp-json\/wp\/v2\/tax_estado?post=164645"}],"curies":[{"name":"wp","href":"https:\/\/api.w.org\/{rel}","templated":true}]}}