{"id":1645234,"date":"2025-10-22T08:54:00","date_gmt":"2025-10-22T11:54:00","guid":{"rendered":"https:\/\/www.estrategiaconcursos.com.br\/blog\/?p=1645234"},"modified":"2025-10-17T20:12:10","modified_gmt":"2025-10-17T23:12:10","slug":"em-cima-encima","status":"publish","type":"post","link":"https:\/\/www.estrategiaconcursos.com.br\/blog\/em-cima-encima\/","title":{"rendered":"Em cima ou Encima? Aprenda a diferenciar!"},"content":{"rendered":"\n<p>Queridos concurseiros, quem nunca parou diante de uma quest\u00e3o de prova e ficou na d\u00favida: <strong>\u201cAfinal, escreve-se <em>em cima<\/em> ou <em>encima<\/em>?\u201d<\/strong>. <\/p>\n\n\n\n<figure class=\"wp-block-image aligncenter size-large is-resized\"><img loading=\"lazy\" decoding=\"async\" width=\"1024\" height=\"683\" src=\"https:\/\/dhg1h5j42swfq.cloudfront.net\/2025\/09\/25230006\/em-cima-1024x683.jpg\" alt=\"em cima\" class=\"wp-image-1645241\" style=\"width:618px;height:auto\" srcset=\"https:\/\/dhg1h5j42swfq.cloudfront.net\/2025\/09\/25230006\/em-cima-1024x683.jpg 1024w, https:\/\/dhg1h5j42swfq.cloudfront.net\/2025\/09\/25230006\/em-cima-300x200.jpg 300w, https:\/\/dhg1h5j42swfq.cloudfront.net\/2025\/09\/25230006\/em-cima-768x512.jpg 768w, https:\/\/dhg1h5j42swfq.cloudfront.net\/2025\/09\/25230006\/em-cima-150x100.jpg 150w, https:\/\/dhg1h5j42swfq.cloudfront.net\/2025\/09\/25230006\/em-cima.jpg 1536w\" sizes=\"auto, (max-width: 1024px) 100vw, 1024px\" \/><\/figure>\n\n\n\n<p>Essa \u00e9 uma daquelas armadilhas cl\u00e1ssicas que, se n\u00e3o forem dominadas, podem custar preciosos pontos. Mas fique tranquilo! Neste artigo, <strong>vamos destrinchar cada detalhe com exemplos simples<\/strong> para que voc\u00ea nunca mais escorregue nessa diferen\u00e7a.<\/p>\n\n\n\n<h2 class=\"wp-block-heading\" id=\"h-por-que-essa-duvida-e-tao-comum\"><strong>Por que essa d\u00favida \u00e9 t\u00e3o comum?<\/strong><\/h2>\n\n\n\n<p>Ao falar, <strong><em><mark style=\"background-color:rgba(0, 0, 0, 0)\" class=\"has-inline-color has-vivid-red-color\">em cima<\/mark><\/em> e <em><mark style=\"background-color:rgba(0, 0, 0, 0)\" class=\"has-inline-color has-vivid-cyan-blue-color\">encima<\/mark><\/em> soam id\u00eanticos.<\/strong> O ouvido n\u00e3o distingue o espa\u00e7o da preposi\u00e7\u00e3o, e a\u00ed mora o perigo. Na hora de escrever, a pressa e a semelhan\u00e7a sonora acabam confundindo at\u00e9 os mais experientes. <br \/>Al\u00e9m disso,<strong> a maioria das pessoas tem pouco contato com o uso de <em>encima<\/em> (junto), j\u00e1 que \u00e9 um termo de emprego bem espec\u00edfico.<\/strong><\/p>\n\n\n\n<p>Para concursos, vestibulares e reda\u00e7\u00f5es, dominar esse detalhe faz toda a diferen\u00e7a!<\/p>\n\n\n\n<h2 class=\"wp-block-heading\" id=\"h-em-cima-a-forma-mais-comum\"><strong>\u201cEm cima\u201d: a forma mais comum<\/strong><\/h2>\n\n\n\n<p>A express\u00e3o <mark style=\"background-color:#6c13be\" class=\"has-inline-color has-white-color\"><strong>em cima (separado) <\/strong><\/mark>\u00e9 uma locu\u00e7\u00e3o adverbial de lugar. Significa, literalmente, <strong>\u201c<em>na parte superior\u201d, \u201cno alto\u201d<\/em><\/strong>. \u00c9 o <strong><mark style=\"background-color:rgba(0, 0, 0, 0)\" class=\"has-inline-color has-vivid-red-color\">oposto de <em>em baixo<\/em> (ou <em>embaixo<\/em>).<\/mark><\/strong><\/p>\n\n\n\n<h3 class=\"wp-block-heading\" id=\"h-exemplos\">Exemplos:<\/h3>\n\n\n\n<ul class=\"wp-block-list\">\n<li>O livro de direito est\u00e1 <strong>em cima<\/strong> da mesa.<\/li>\n\n\n\n<li>O gato dorme <strong>em cima<\/strong> do telhado.<\/li>\n\n\n\n<li>Deixei as chaves <strong>em cima<\/strong> da pia.<\/li>\n<\/ul>\n\n\n\n<p><strong><mark style=\"background-color:rgba(0, 0, 0, 0)\" class=\"has-inline-color has-vivid-red-color\">Perceba:<\/mark><\/strong> em todos os casos, h\u00e1 a ideia de posi\u00e7\u00e3o f\u00edsica, de algo localizado acima de outra coisa.<\/p>\n\n\n\n<div class=\"wp-block-media-text has-background\" style=\"background-color:#abb7c233;grid-template-columns:22% auto\"><figure class=\"wp-block-media-text__media\"><img loading=\"lazy\" decoding=\"async\" width=\"458\" height=\"394\" src=\"https:\/\/dhg1h5j42swfq.cloudfront.net\/2025\/08\/16235726\/coruja_atencao_01.jpg\" alt=\"\" class=\"wp-image-1624849 size-full\" srcset=\"https:\/\/dhg1h5j42swfq.cloudfront.net\/2025\/08\/16235726\/coruja_atencao_01.jpg 458w, https:\/\/dhg1h5j42swfq.cloudfront.net\/2025\/08\/16235726\/coruja_atencao_01-300x258.jpg 300w, https:\/\/dhg1h5j42swfq.cloudfront.net\/2025\/08\/16235726\/coruja_atencao_01-150x129.jpg 150w\" sizes=\"auto, (max-width: 458px) 100vw, 458px\" \/><\/figure><div class=\"wp-block-media-text__content\">\n<p>Quando a frase indicar <strong>posi\u00e7\u00e3o ou lugar<\/strong>, quase sempre a escolha certa ser\u00e1 <em>em cima<\/em> (separado). \u00c9 o uso que cai em provas de gram\u00e1tica e interpreta\u00e7\u00e3o.<\/p>\n<\/div><\/div>\n\n\n\n<h2 class=\"wp-block-heading\" id=\"h-encima-um-verbo-nao-um-lugar\"><strong>\u201cEncima\u201d: um verbo, n\u00e3o um lugar<\/strong><\/h2>\n\n\n\n<p>J\u00e1 <mark style=\"background-color:#6c13be\" class=\"has-inline-color has-white-color\"><strong>encima<\/strong> (junto)<\/mark> \u00e9 <strong>verbo<\/strong>. Sim, verbo! Trata-se da forma conjugada do verbo <strong>encimar<\/strong>, que significa <em><strong>\u201ccolocar no cimo, coroar, estar no topo, guarnecer a parte superior de algo\u201d<\/strong>.<\/em> \u00c9 <strong>pouco usado no dia a dia<\/strong>, mas em textos formais, liter\u00e1rios ou jur\u00eddicos, pode aparecer.<\/p>\n\n\n\n<h3 class=\"wp-block-heading\" id=\"h-exemplos-0\">Exemplos:<\/h3>\n\n\n\n<ul class=\"wp-block-list\">\n<li>A torre <strong>encima<\/strong> o castelo com impon\u00eancia. (Ou seja, \u201cfica no cimo\u201d, \u201ccoroa o castelo\u201d.)<\/li>\n\n\n\n<li>O bras\u00e3o <strong>encima<\/strong> o portal principal.<\/li>\n\n\n\n<li>A est\u00e1tua da deusa <strong>encima<\/strong> o pr\u00e9dio do tribunal.<\/li>\n<\/ul>\n\n\n\n<p>Perceba que, aqui, <strong><em>encima<\/em> <\/strong>\u00e9 uma <strong>forma verbal<\/strong> (presente do indicativo ou do subjuntivo) e n\u00e3o um adv\u00e9rbio de lugar.<\/p>\n\n\n\n<h2 class=\"wp-block-heading\" id=\"h-comparando-os-dois-usos-observe-o-contexto\"><strong>Comparando os dois usos: observe o contexto<\/strong><\/h2>\n\n\n\n<figure class=\"wp-block-table is-style-stripes\"><table class=\"has-background has-fixed-layout\" style=\"background-color:#9b51e075\"><thead><tr><th>Express\u00e3o<\/th><th>Classe gramatical<\/th><th>Significado<\/th><th>Exemplo<\/th><\/tr><\/thead><tbody><tr><td><strong>em cima<\/strong><\/td><td>locu\u00e7\u00e3o adverbial<\/td><td>na parte superior, no alto<\/td><td>O copo est\u00e1 em cima da mesa.<\/td><\/tr><tr><td><strong>encima<\/strong><\/td><td>verbo (de encimar)<\/td><td>coroar, estar no cimo, guarnecer o topo<\/td><td>A cruz encima a catedral.<\/td><\/tr><\/tbody><\/table><\/figure>\n\n\n\n<div class=\"wp-block-group has-global-padding is-layout-constrained wp-block-group-is-layout-constrained\">\n<p><strong><mark style=\"background-color:#6106b7\" class=\"has-inline-color has-white-color\">Truque de mestre:<\/mark><mark style=\"background-color:#ffffff\" class=\"has-inline-color\"> <\/mark><\/strong>Se puder trocar por <em>no alto<\/em>, <em>acima de<\/em> ou <em>sobre<\/em>, use <strong>em cima<\/strong> (separado). Se puder trocar por <em>coroa<\/em> ou <em>fica no topo<\/em>, use <strong>encima<\/strong> (junto).<\/p>\n<\/div>\n\n\n\n<div class=\"wp-block-group has-background has-global-padding is-layout-constrained wp-block-group-is-layout-constrained\" style=\"background-color:#abb7c24d\">\n<p><strong><mark style=\"background-color:rgba(0, 0, 0, 0)\" class=\"has-inline-color has-vivid-red-color\">ATEN\u00c7\u00c3O!<\/mark> <\/strong>\u00c0s vezes, a banca usa textos liter\u00e1rios ou jornal\u00edsticos em que <em>encimar<\/em> aparece. Por ser palavra menos comum, muitos candidatos erram.<\/p>\n<\/div>\n\n\n\n<h2 class=\"wp-block-heading\" id=\"h-ta-mas-e-acima-x-em-cima-tem-diferenca\"><strong>T\u00e1, mas e &#8220;acima&#8221; x &#8221; em cima&#8221;: Tem diferen\u00e7a?<\/strong><\/h2>\n\n\n\n<p>Al\u00e9m da confus\u00e3o entre <em>em cima<\/em> e <em>encima<\/em>, muita gente tamb\u00e9m fica na d\u00favida entre <strong>acima<\/strong> e <strong>em cima<\/strong>.  E, embora ambas indiquem algo que est\u00e1 mais alto, <strong>o contexto pode mudar o seu significado.<\/strong><\/p>\n\n\n\n<p><em><strong><mark style=\"background-color:rgba(0, 0, 0, 0);color:#702ead\" class=\"has-inline-color\">Como assim, professora? Portugu\u00eas \u00e9 muito dif\u00edcil!<\/mark><\/strong><\/em><\/p>\n\n\n\n<p>Calma, meu jovem padawan! Rapadura \u00e9 doce, mas n\u00e3o \u00e9 mole n\u00e3o. \u00c9 bem verdade que portugu\u00eas n\u00e3o \u00e9 a l\u00edngua mais f\u00e1cil do mundo, mas com jeitinho a gente aprende a decifrar nosso t\u00e3o extenso vern\u00e1culo. Vamos ver aqui:<\/p>\n\n\n\n<h3 class=\"wp-block-heading\" id=\"h-acima\"><mark style=\"background-color:#6c13be\" class=\"has-inline-color has-white-color\">Acima<\/mark><\/h3>\n\n\n\n<p><strong>Acima<\/strong> costuma ter sentido <strong>figurativo ou de hierarquia<\/strong>, al\u00e9m de indicar um ponto superior em rela\u00e7\u00e3o a outro, <strong>mas n\u00e3o necessariamente em contato.<\/strong><\/p>\n\n\n\n<ul class=\"wp-block-list\">\n<li>O bal\u00e3o colorido paira <strong>acima<\/strong> das \u00e1rvores da pra\u00e7a. <\/li>\n\n\n\n<li>O d\u00f3lar fechou <strong>acima<\/strong> de cinco reais nesta quinta-feira.<\/li>\n\n\n\n<li>Marina sempre coloca a honestidade <strong>acima<\/strong> de qualquer vantagem pessoal.<\/li>\n<\/ul>\n\n\n\n<div class=\"wp-block-group has-background has-global-padding is-layout-constrained wp-block-group-is-layout-constrained\" style=\"background-color:#abb7c252\">\n<p>Perceba que <em>acima<\/em> pode ser tanto <strong>f\u00edsico (mais alto, mas sem contato<\/strong>) quanto <strong>moral\/abstrato (superioridade, hierarquia, valor).<\/strong><\/p>\n<\/div>\n\n\n\n<h3 class=\"wp-block-heading\" id=\"h-em-cima\"><mark style=\"background-color:#6c13be\" class=\"has-inline-color has-white-color\">Em cima<\/mark><\/h3>\n\n\n\n<p><strong>Em cima<\/strong>, como vimos, indica posi\u00e7\u00e3o <strong>concreta e em contato<\/strong> ou muito pr\u00f3ximo.<\/p>\n\n\n\n<ul class=\"wp-block-list\">\n<li>O celular est\u00e1 <strong>em cima<\/strong> da mesa. (Contato direto com a superf\u00edcie.)<\/li>\n\n\n\n<li>O gato pulou <strong>em cima<\/strong> do carro. (Contato real.)<\/li>\n<\/ul>\n\n\n\n<p><strong><mark style=\"background-color:#6106b7\" class=\"has-inline-color has-white-color\">Truque de mestre:<\/mark><\/strong> Se voc\u00ea puder trocar por <em>sobre<\/em> ou <em>no alto<\/em> com contato f\u00edsico, use <em>em cima<\/em>. Se puder trocar por <em>superior a<\/em>, <em>em n\u00edvel mais alto<\/em>, use <em>acima<\/em>.<\/p>\n\n\n\n<h2 class=\"wp-block-heading\" id=\"h-conclusao\">Conclus\u00e3o<\/h2>\n\n\n\n<p>Saber diferenciar em cima de encima \u00e9 indispens\u00e1vel para quem quer ir bem em concursos. Essa aten\u00e7\u00e3o ao uso correto das palavras evita erros bobos em provas objetivas, garante maior precis\u00e3o em reda\u00e7\u00f5es e demonstra cuidado com a norma culta nas quest\u00f5es discursivas.<\/p>\n\n\n\n<div class=\"wp-block-media-text\" style=\"grid-template-columns:21% auto\"><figure class=\"wp-block-media-text__media\"><img loading=\"lazy\" decoding=\"async\" width=\"775\" height=\"803\" src=\"https:\/\/dhg1h5j42swfq.cloudfront.net\/2025\/08\/17015212\/coruja_lapis.jpg\" alt=\"uso da v\u00edrgula\" class=\"wp-image-1624901 size-full\" srcset=\"https:\/\/dhg1h5j42swfq.cloudfront.net\/2025\/08\/17015212\/coruja_lapis.jpg 775w, https:\/\/dhg1h5j42swfq.cloudfront.net\/2025\/08\/17015212\/coruja_lapis-290x300.jpg 290w, https:\/\/dhg1h5j42swfq.cloudfront.net\/2025\/08\/17015212\/coruja_lapis-768x796.jpg 768w, https:\/\/dhg1h5j42swfq.cloudfront.net\/2025\/08\/17015212\/coruja_lapis-150x155.jpg 150w\" sizes=\"auto, (max-width: 775px) 100vw, 775px\" \/><\/figure><div class=\"wp-block-media-text__content\">\n<p><strong><mark style=\"background-color:#460088\" class=\"has-inline-color has-white-color\">Resuminho final:<\/mark><\/strong><\/p>\n\n\n\n<ul class=\"wp-block-list\">\n<li><strong>acima<\/strong>: posi\u00e7\u00e3o superior sem contato, ou sentido figurado (hierarquia, valor).<\/li>\n\n\n\n<li><strong>em cima<\/strong> (separado): adv\u00e9rbio de lugar, contato f\u00edsico.<\/li>\n\n\n\n<li><strong>encima<\/strong> (junto): verbo <em>encimar<\/em> (coroar, estar no cimo, no topo).<\/li>\n<\/ul>\n<\/div><\/div>\n\n\n\n<p>Bons estudos e at\u00e9 a pr\u00f3xima!<\/p>\n\n\n\n<p><a href=\"https:\/\/www.estrategiaconcursos.com.br\/blog\/author\/renata-araujosodregmail-com\/\">Renata Sodr\u00e9<\/a><\/p>\n\n\n\n<p><strong>Assista as nossas aulas para aprofundar-se nos<\/strong><a href=\"https:\/\/www.youtube.com\/watch?v=N4YCL_W6TdU&amp;list=PL70rxKg7qWNUM70N1jAHw6JD-Cx8UueFj\"><strong> temas<\/strong><\/a><strong> e obter sucesso na sua aprova\u00e7\u00e3o :)<\/strong><\/p>\n\n\n<figure class=\"wp-block-embed-youtube wp-block-embed is-type-video is-provider-youtube wp-embed-aspect-16-9 wp-has-aspect-ratio\"><div class=\"lyte-wrapper\" style=\"width:853px;max-width:100%;margin:5px;\"><div class=\"lyMe\" id=\"WYL_N4YCL_W6TdU\"><div id=\"lyte_N4YCL_W6TdU\" data-src=\"\/\/i.ytimg.com\/vi\/N4YCL_W6TdU\/hqdefault.jpg\" class=\"pL\"><div class=\"tC\"><div class=\"tT\"><\/div><\/div><div class=\"play\"><\/div><div class=\"ctrl\"><div class=\"Lctrl\"><\/div><div class=\"Rctrl\"><\/div><\/div><\/div><noscript><a href=\"https:\/\/youtu.be\/N4YCL_W6TdU\" rel=\"nofollow\"><img loading=\"lazy\" decoding=\"async\" src=\"https:\/\/i.ytimg.com\/vi\/N4YCL_W6TdU\/0.jpg\" alt=\"YouTube video thumbnail\" width=\"853\" height=\"460\" \/><br \/>Assista a este v\u00eddeo no YouTube<\/a><\/noscript><\/div><\/div><div class=\"lL\" style=\"max-width:100%;width:853px;margin:5px;\"><\/div><figcaption><\/figcaption><\/figure>\n\n\n<p class=\"has-text-align-center has-luminous-vivid-amber-background-color has-background\"><strong>ASSINE AGORA \u2013<\/strong><a href=\"https:\/\/www.estrategiaconcursos.com.br\/assinaturas\"><strong> Assinaturas<\/strong><\/a><\/p>\n\n\n\n<p><strong><em>Assine agora a nossa Assinatura Anual e tenha acesso ilimitado* a todos os nossos cursos.<\/em><\/strong><\/p>\n\n\n\n<p><strong><em>Fique por dentro de todos os<\/em><\/strong><a href=\"https:\/\/www.estrategiaconcursos.com.br\/blog\/comunidade-platinum-e-trilha-individualizada\/\"><strong><em> concursos<\/em><\/strong><strong>:<\/strong><\/a><\/p>\n\n\n\n<p class=\"has-text-align-center has-pale-cyan-blue-background-color has-background\"><a href=\"https:\/\/www.estrategiaconcursos.com.br\/blog\/concursos-abertos\/\"><strong>Concursos abertos<\/strong><\/a><\/p>\n\n\n\n<p class=\"has-text-align-center has-pale-cyan-blue-background-color has-background\"><a href=\"https:\/\/www.estrategiaconcursos.com.br\/blog\/concursos-2025\/\"><strong>Concursos 2025<\/strong><\/a><\/p>\n\n\n\n<p class=\"has-text-align-center has-pale-cyan-blue-background-color has-background\"><strong><a href=\"https:\/\/www.estrategiaconcursos.com.br\/blog\/concursos-2026\/\">Concursos 2026<\/a><\/strong><\/p>\n","protected":false},"excerpt":{"rendered":"<p>Queridos concurseiros, quem nunca parou diante de uma quest\u00e3o de prova e ficou na d\u00favida: \u201cAfinal, escreve-se em cima ou encima?\u201d. Essa \u00e9 uma daquelas armadilhas cl\u00e1ssicas que, se n\u00e3o forem dominadas, podem custar preciosos pontos. Mas fique tranquilo! Neste artigo, vamos destrinchar cada detalhe com exemplos simples para que voc\u00ea nunca mais escorregue nessa [&hellip;]<\/p>\n","protected":false},"author":2310,"featured_media":1645241,"comment_status":"open","ping_status":"closed","sticky":false,"template":"","format":"standard","meta":{"post_tipo":"article","footnotes":""},"categories":[1],"tags":[861,222309,222308,194343,366,15],"tax_estado":[],"class_list":["post-1645234","post","type-post","status-publish","format-standard","has-post-thumbnail","hentry","category-cursos-e-concursos","tag-dicas-de-estudo","tag-em-cima-ou-acima","tag-em-cima-ou-encima","tag-grafia","tag-lingua-portuguesa","tag-portugues"],"acf":[],"yoast_head":"<!-- This site is optimized with the Yoast SEO Premium plugin v27.2 (Yoast SEO v27.2) - https:\/\/yoast.com\/product\/yoast-seo-premium-wordpress\/ -->\n<title>Em cima ou Encima? Nunca mais erre!<\/title>\n<meta name=\"description\" content=\"Em cima ou Encima? Descubra a diferen\u00e7a de forma simples e com exemplos pr\u00e1ticos para nunca mais errar essa pegadinha de portugu\u00eas!\" \/>\n<meta name=\"robots\" content=\"index, follow, max-snippet:-1, max-image-preview:large, max-video-preview:-1\" \/>\n<link rel=\"canonical\" href=\"https:\/\/www.estrategiaconcursos.com.br\/blog\/em-cima-encima\/\" \/>\n<meta property=\"og:locale\" content=\"pt_BR\" \/>\n<meta property=\"og:type\" content=\"article\" \/>\n<meta property=\"og:title\" content=\"Em cima ou Encima? Aprenda a diferenciar!\" \/>\n<meta property=\"og:description\" content=\"Em cima ou Encima? Descubra a diferen\u00e7a de forma simples e com exemplos pr\u00e1ticos para nunca mais errar essa pegadinha de portugu\u00eas!\" \/>\n<meta property=\"og:url\" content=\"https:\/\/www.estrategiaconcursos.com.br\/blog\/em-cima-encima\/\" \/>\n<meta property=\"og:site_name\" content=\"Estrat\u00e9gia Concursos\" \/>\n<meta property=\"article:published_time\" content=\"2025-10-22T11:54:00+00:00\" \/>\n<meta property=\"og:image\" content=\"https:\/\/dhg1h5j42swfq.cloudfront.net\/2025\/09\/25230006\/em-cima.jpg\" \/>\n\t<meta property=\"og:image:width\" content=\"1536\" \/>\n\t<meta property=\"og:image:height\" content=\"1024\" \/>\n\t<meta property=\"og:image:type\" content=\"image\/jpeg\" \/>\n<meta name=\"author\" content=\"Renata Ara\u00fajo Sodr\u00e9 da Silva\" \/>\n<meta name=\"twitter:card\" content=\"summary_large_image\" \/>\n<meta name=\"twitter:creator\" content=\"@EstratConcursos\" \/>\n<meta name=\"twitter:site\" content=\"@EstratConcursos\" \/>\n<meta name=\"twitter:label1\" content=\"Escrito por\" \/>\n\t<meta name=\"twitter:data1\" content=\"Renata Ara\u00fajo Sodr\u00e9 da Silva\" \/>\n\t<meta name=\"twitter:label2\" content=\"Est. tempo de leitura\" \/>\n\t<meta name=\"twitter:data2\" content=\"4 minutos\" \/>\n<script type=\"application\/ld+json\" class=\"yoast-schema-graph\">{\"@context\":\"https:\/\/schema.org\",\"@graph\":[{\"@type\":\"NewsArticle\",\"@id\":\"https:\/\/www.estrategiaconcursos.com.br\/blog\/em-cima-encima\/#article\",\"isPartOf\":{\"@id\":\"https:\/\/www.estrategiaconcursos.com.br\/blog\/em-cima-encima\/\"},\"author\":{\"name\":\"Renata Ara\u00fajo Sodr\u00e9 da Silva\",\"@id\":\"https:\/\/www.estrategiaconcursos.com.br\/blog\/#\/schema\/person\/a929d42d707cf35b05df2e2219927433\"},\"headline\":\"Em cima ou Encima? Aprenda a diferenciar!\",\"datePublished\":\"2025-10-22T11:54:00+00:00\",\"mainEntityOfPage\":{\"@id\":\"https:\/\/www.estrategiaconcursos.com.br\/blog\/em-cima-encima\/\"},\"wordCount\":872,\"commentCount\":0,\"publisher\":{\"@id\":\"https:\/\/www.estrategiaconcursos.com.br\/blog\/#organization\"},\"image\":{\"@id\":\"https:\/\/www.estrategiaconcursos.com.br\/blog\/em-cima-encima\/#primaryimage\"},\"thumbnailUrl\":\"https:\/\/dhg1h5j42swfq.cloudfront.net\/2025\/09\/25230006\/em-cima.jpg\",\"keywords\":[\"dicas de estudo\",\"em cima ou acima\",\"em cima ou encima\",\"grafia\",\"L\u00edngua Portuguesa\",\"Portugu\u00eas\"],\"articleSection\":[\"Concursos P\u00fablicos\"],\"inLanguage\":\"pt-BR\",\"potentialAction\":[{\"@type\":\"CommentAction\",\"name\":\"Comment\",\"target\":[\"https:\/\/www.estrategiaconcursos.com.br\/blog\/em-cima-encima\/#respond\"]}],\"copyrightYear\":\"2025\",\"copyrightHolder\":{\"@id\":\"https:\/\/www.estrategiaconcursos.com.br\/blog\/#organization\"}},{\"@type\":\"WebPage\",\"@id\":\"https:\/\/www.estrategiaconcursos.com.br\/blog\/em-cima-encima\/\",\"url\":\"https:\/\/www.estrategiaconcursos.com.br\/blog\/em-cima-encima\/\",\"name\":\"Em cima ou Encima? Nunca mais erre!\",\"isPartOf\":{\"@id\":\"https:\/\/www.estrategiaconcursos.com.br\/blog\/#website\"},\"primaryImageOfPage\":{\"@id\":\"https:\/\/www.estrategiaconcursos.com.br\/blog\/em-cima-encima\/#primaryimage\"},\"image\":{\"@id\":\"https:\/\/www.estrategiaconcursos.com.br\/blog\/em-cima-encima\/#primaryimage\"},\"thumbnailUrl\":\"https:\/\/dhg1h5j42swfq.cloudfront.net\/2025\/09\/25230006\/em-cima.jpg\",\"datePublished\":\"2025-10-22T11:54:00+00:00\",\"description\":\"Em cima ou Encima? Descubra a diferen\u00e7a de forma simples e com exemplos pr\u00e1ticos para nunca mais errar essa pegadinha de portugu\u00eas!\",\"breadcrumb\":{\"@id\":\"https:\/\/www.estrategiaconcursos.com.br\/blog\/em-cima-encima\/#breadcrumb\"},\"inLanguage\":\"pt-BR\",\"potentialAction\":[{\"@type\":\"ReadAction\",\"target\":[\"https:\/\/www.estrategiaconcursos.com.br\/blog\/em-cima-encima\/\"]}]},{\"@type\":\"ImageObject\",\"inLanguage\":\"pt-BR\",\"@id\":\"https:\/\/www.estrategiaconcursos.com.br\/blog\/em-cima-encima\/#primaryimage\",\"url\":\"https:\/\/dhg1h5j42swfq.cloudfront.net\/2025\/09\/25230006\/em-cima.jpg\",\"contentUrl\":\"https:\/\/dhg1h5j42swfq.cloudfront.net\/2025\/09\/25230006\/em-cima.jpg\",\"width\":1536,\"height\":1024},{\"@type\":\"BreadcrumbList\",\"@id\":\"https:\/\/www.estrategiaconcursos.com.br\/blog\/em-cima-encima\/#breadcrumb\",\"itemListElement\":[{\"@type\":\"ListItem\",\"position\":1,\"name\":\"In\u00edcio\",\"item\":\"https:\/\/www.estrategiaconcursos.com.br\/blog\/\"},{\"@type\":\"ListItem\",\"position\":2,\"name\":\"Em cima ou Encima? Aprenda a diferenciar!\"}]},{\"@type\":\"WebSite\",\"@id\":\"https:\/\/www.estrategiaconcursos.com.br\/blog\/#website\",\"url\":\"https:\/\/www.estrategiaconcursos.com.br\/blog\/\",\"name\":\"Estrat\u00e9gia Concursos\",\"description\":\"O blog da Estrat\u00e9gia Concursos traz not\u00edcias sobre concursos e artigos de professores oferecendo cursos para concursos (pdf + videaulas) no site.\",\"publisher\":{\"@id\":\"https:\/\/www.estrategiaconcursos.com.br\/blog\/#organization\"},\"potentialAction\":[{\"@type\":\"SearchAction\",\"target\":{\"@type\":\"EntryPoint\",\"urlTemplate\":\"https:\/\/www.estrategiaconcursos.com.br\/blog\/?s={search_term_string}\"},\"query-input\":{\"@type\":\"PropertyValueSpecification\",\"valueRequired\":true,\"valueName\":\"search_term_string\"}}],\"inLanguage\":\"pt-BR\"},{\"@type\":\"Organization\",\"@id\":\"https:\/\/www.estrategiaconcursos.com.br\/blog\/#organization\",\"name\":\"Estrat\u00e9gia Concursos\",\"url\":\"https:\/\/www.estrategiaconcursos.com.br\/blog\/\",\"logo\":{\"@type\":\"ImageObject\",\"inLanguage\":\"pt-BR\",\"@id\":\"https:\/\/www.estrategiaconcursos.com.br\/blog\/#\/schema\/logo\/image\/\",\"url\":\"https:\/\/dhg1h5j42swfq.cloudfront.net\/2025\/06\/03203428\/logo_concursos-1.jpg\",\"contentUrl\":\"https:\/\/dhg1h5j42swfq.cloudfront.net\/2025\/06\/03203428\/logo_concursos-1.jpg\",\"width\":230,\"height\":60,\"caption\":\"Estrat\u00e9gia Concursos\"},\"image\":{\"@id\":\"https:\/\/www.estrategiaconcursos.com.br\/blog\/#\/schema\/logo\/image\/\"},\"sameAs\":[\"https:\/\/x.com\/EstratConcursos\"]},{\"@type\":\"Person\",\"@id\":\"https:\/\/www.estrategiaconcursos.com.br\/blog\/#\/schema\/person\/a929d42d707cf35b05df2e2219927433\",\"name\":\"Renata Ara\u00fajo Sodr\u00e9 da Silva\",\"image\":{\"@type\":\"ImageObject\",\"inLanguage\":\"pt-BR\",\"@id\":\"https:\/\/secure.gravatar.com\/avatar\/ca9182e3bf6658feab2bdbe93f36f56f9771baa281700b03ec5836dcf5c88918?s=96&d=mm&r=g\",\"url\":\"https:\/\/secure.gravatar.com\/avatar\/ca9182e3bf6658feab2bdbe93f36f56f9771baa281700b03ec5836dcf5c88918?s=96&d=mm&r=g\",\"contentUrl\":\"https:\/\/secure.gravatar.com\/avatar\/ca9182e3bf6658feab2bdbe93f36f56f9771baa281700b03ec5836dcf5c88918?s=96&d=mm&r=g\",\"caption\":\"Renata Ara\u00fajo Sodr\u00e9 da Silva\"},\"url\":\"https:\/\/www.estrategiaconcursos.com.br\/blog\/author\/renata-araujosodregmail-com\/\"}]}<\/script>\n<!-- \/ Yoast SEO Premium plugin. -->","yoast_head_json":{"title":"Em cima ou Encima? Nunca mais erre!","description":"Em cima ou Encima? Descubra a diferen\u00e7a de forma simples e com exemplos pr\u00e1ticos para nunca mais errar essa pegadinha de portugu\u00eas!","robots":{"index":"index","follow":"follow","max-snippet":"max-snippet:-1","max-image-preview":"max-image-preview:large","max-video-preview":"max-video-preview:-1"},"canonical":"https:\/\/www.estrategiaconcursos.com.br\/blog\/em-cima-encima\/","og_locale":"pt_BR","og_type":"article","og_title":"Em cima ou Encima? Aprenda a diferenciar!","og_description":"Em cima ou Encima? Descubra a diferen\u00e7a de forma simples e com exemplos pr\u00e1ticos para nunca mais errar essa pegadinha de portugu\u00eas!","og_url":"https:\/\/www.estrategiaconcursos.com.br\/blog\/em-cima-encima\/","og_site_name":"Estrat\u00e9gia Concursos","article_published_time":"2025-10-22T11:54:00+00:00","og_image":[{"width":1536,"height":1024,"url":"https:\/\/dhg1h5j42swfq.cloudfront.net\/2025\/09\/25230006\/em-cima.jpg","type":"image\/jpeg"}],"author":"Renata Ara\u00fajo Sodr\u00e9 da Silva","twitter_card":"summary_large_image","twitter_creator":"@EstratConcursos","twitter_site":"@EstratConcursos","twitter_misc":{"Escrito por":"Renata Ara\u00fajo Sodr\u00e9 da Silva","Est. tempo de leitura":"4 minutos"},"schema":{"@context":"https:\/\/schema.org","@graph":[{"@type":"NewsArticle","@id":"https:\/\/www.estrategiaconcursos.com.br\/blog\/em-cima-encima\/#article","isPartOf":{"@id":"https:\/\/www.estrategiaconcursos.com.br\/blog\/em-cima-encima\/"},"author":{"name":"Renata Ara\u00fajo Sodr\u00e9 da Silva","@id":"https:\/\/www.estrategiaconcursos.com.br\/blog\/#\/schema\/person\/a929d42d707cf35b05df2e2219927433"},"headline":"Em cima ou Encima? Aprenda a diferenciar!","datePublished":"2025-10-22T11:54:00+00:00","mainEntityOfPage":{"@id":"https:\/\/www.estrategiaconcursos.com.br\/blog\/em-cima-encima\/"},"wordCount":872,"commentCount":0,"publisher":{"@id":"https:\/\/www.estrategiaconcursos.com.br\/blog\/#organization"},"image":{"@id":"https:\/\/www.estrategiaconcursos.com.br\/blog\/em-cima-encima\/#primaryimage"},"thumbnailUrl":"https:\/\/dhg1h5j42swfq.cloudfront.net\/2025\/09\/25230006\/em-cima.jpg","keywords":["dicas de estudo","em cima ou acima","em cima ou encima","grafia","L\u00edngua Portuguesa","Portugu\u00eas"],"articleSection":["Concursos P\u00fablicos"],"inLanguage":"pt-BR","potentialAction":[{"@type":"CommentAction","name":"Comment","target":["https:\/\/www.estrategiaconcursos.com.br\/blog\/em-cima-encima\/#respond"]}],"copyrightYear":"2025","copyrightHolder":{"@id":"https:\/\/www.estrategiaconcursos.com.br\/blog\/#organization"}},{"@type":"WebPage","@id":"https:\/\/www.estrategiaconcursos.com.br\/blog\/em-cima-encima\/","url":"https:\/\/www.estrategiaconcursos.com.br\/blog\/em-cima-encima\/","name":"Em cima ou Encima? Nunca mais erre!","isPartOf":{"@id":"https:\/\/www.estrategiaconcursos.com.br\/blog\/#website"},"primaryImageOfPage":{"@id":"https:\/\/www.estrategiaconcursos.com.br\/blog\/em-cima-encima\/#primaryimage"},"image":{"@id":"https:\/\/www.estrategiaconcursos.com.br\/blog\/em-cima-encima\/#primaryimage"},"thumbnailUrl":"https:\/\/dhg1h5j42swfq.cloudfront.net\/2025\/09\/25230006\/em-cima.jpg","datePublished":"2025-10-22T11:54:00+00:00","description":"Em cima ou Encima? Descubra a diferen\u00e7a de forma simples e com exemplos pr\u00e1ticos para nunca mais errar essa pegadinha de portugu\u00eas!","breadcrumb":{"@id":"https:\/\/www.estrategiaconcursos.com.br\/blog\/em-cima-encima\/#breadcrumb"},"inLanguage":"pt-BR","potentialAction":[{"@type":"ReadAction","target":["https:\/\/www.estrategiaconcursos.com.br\/blog\/em-cima-encima\/"]}]},{"@type":"ImageObject","inLanguage":"pt-BR","@id":"https:\/\/www.estrategiaconcursos.com.br\/blog\/em-cima-encima\/#primaryimage","url":"https:\/\/dhg1h5j42swfq.cloudfront.net\/2025\/09\/25230006\/em-cima.jpg","contentUrl":"https:\/\/dhg1h5j42swfq.cloudfront.net\/2025\/09\/25230006\/em-cima.jpg","width":1536,"height":1024},{"@type":"BreadcrumbList","@id":"https:\/\/www.estrategiaconcursos.com.br\/blog\/em-cima-encima\/#breadcrumb","itemListElement":[{"@type":"ListItem","position":1,"name":"In\u00edcio","item":"https:\/\/www.estrategiaconcursos.com.br\/blog\/"},{"@type":"ListItem","position":2,"name":"Em cima ou Encima? Aprenda a diferenciar!"}]},{"@type":"WebSite","@id":"https:\/\/www.estrategiaconcursos.com.br\/blog\/#website","url":"https:\/\/www.estrategiaconcursos.com.br\/blog\/","name":"Estrat\u00e9gia Concursos","description":"O blog da Estrat\u00e9gia Concursos traz not\u00edcias sobre concursos e artigos de professores oferecendo cursos para concursos (pdf + videaulas) no site.","publisher":{"@id":"https:\/\/www.estrategiaconcursos.com.br\/blog\/#organization"},"potentialAction":[{"@type":"SearchAction","target":{"@type":"EntryPoint","urlTemplate":"https:\/\/www.estrategiaconcursos.com.br\/blog\/?s={search_term_string}"},"query-input":{"@type":"PropertyValueSpecification","valueRequired":true,"valueName":"search_term_string"}}],"inLanguage":"pt-BR"},{"@type":"Organization","@id":"https:\/\/www.estrategiaconcursos.com.br\/blog\/#organization","name":"Estrat\u00e9gia Concursos","url":"https:\/\/www.estrategiaconcursos.com.br\/blog\/","logo":{"@type":"ImageObject","inLanguage":"pt-BR","@id":"https:\/\/www.estrategiaconcursos.com.br\/blog\/#\/schema\/logo\/image\/","url":"https:\/\/dhg1h5j42swfq.cloudfront.net\/2025\/06\/03203428\/logo_concursos-1.jpg","contentUrl":"https:\/\/dhg1h5j42swfq.cloudfront.net\/2025\/06\/03203428\/logo_concursos-1.jpg","width":230,"height":60,"caption":"Estrat\u00e9gia Concursos"},"image":{"@id":"https:\/\/www.estrategiaconcursos.com.br\/blog\/#\/schema\/logo\/image\/"},"sameAs":["https:\/\/x.com\/EstratConcursos"]},{"@type":"Person","@id":"https:\/\/www.estrategiaconcursos.com.br\/blog\/#\/schema\/person\/a929d42d707cf35b05df2e2219927433","name":"Renata Ara\u00fajo Sodr\u00e9 da Silva","image":{"@type":"ImageObject","inLanguage":"pt-BR","@id":"https:\/\/secure.gravatar.com\/avatar\/ca9182e3bf6658feab2bdbe93f36f56f9771baa281700b03ec5836dcf5c88918?s=96&d=mm&r=g","url":"https:\/\/secure.gravatar.com\/avatar\/ca9182e3bf6658feab2bdbe93f36f56f9771baa281700b03ec5836dcf5c88918?s=96&d=mm&r=g","contentUrl":"https:\/\/secure.gravatar.com\/avatar\/ca9182e3bf6658feab2bdbe93f36f56f9771baa281700b03ec5836dcf5c88918?s=96&d=mm&r=g","caption":"Renata Ara\u00fajo Sodr\u00e9 da Silva"},"url":"https:\/\/www.estrategiaconcursos.com.br\/blog\/author\/renata-araujosodregmail-com\/"}]}},"_links":{"self":[{"href":"https:\/\/www.estrategiaconcursos.com.br\/blog\/wp-json\/wp\/v2\/posts\/1645234","targetHints":{"allow":["GET"]}}],"collection":[{"href":"https:\/\/www.estrategiaconcursos.com.br\/blog\/wp-json\/wp\/v2\/posts"}],"about":[{"href":"https:\/\/www.estrategiaconcursos.com.br\/blog\/wp-json\/wp\/v2\/types\/post"}],"author":[{"embeddable":true,"href":"https:\/\/www.estrategiaconcursos.com.br\/blog\/wp-json\/wp\/v2\/users\/2310"}],"replies":[{"embeddable":true,"href":"https:\/\/www.estrategiaconcursos.com.br\/blog\/wp-json\/wp\/v2\/comments?post=1645234"}],"version-history":[{"count":37,"href":"https:\/\/www.estrategiaconcursos.com.br\/blog\/wp-json\/wp\/v2\/posts\/1645234\/revisions"}],"predecessor-version":[{"id":1645278,"href":"https:\/\/www.estrategiaconcursos.com.br\/blog\/wp-json\/wp\/v2\/posts\/1645234\/revisions\/1645278"}],"wp:featuredmedia":[{"embeddable":true,"href":"https:\/\/www.estrategiaconcursos.com.br\/blog\/wp-json\/wp\/v2\/media\/1645241"}],"wp:attachment":[{"href":"https:\/\/www.estrategiaconcursos.com.br\/blog\/wp-json\/wp\/v2\/media?parent=1645234"}],"wp:term":[{"taxonomy":"category","embeddable":true,"href":"https:\/\/www.estrategiaconcursos.com.br\/blog\/wp-json\/wp\/v2\/categories?post=1645234"},{"taxonomy":"post_tag","embeddable":true,"href":"https:\/\/www.estrategiaconcursos.com.br\/blog\/wp-json\/wp\/v2\/tags?post=1645234"},{"taxonomy":"tax_estado","embeddable":true,"href":"https:\/\/www.estrategiaconcursos.com.br\/blog\/wp-json\/wp\/v2\/tax_estado?post=1645234"}],"curies":[{"name":"wp","href":"https:\/\/api.w.org\/{rel}","templated":true}]}}