{"id":1644749,"date":"2025-11-25T14:11:00","date_gmt":"2025-11-25T17:11:00","guid":{"rendered":"https:\/\/www.estrategiaconcursos.com.br\/blog\/?p=1644749"},"modified":"2025-11-10T16:32:07","modified_gmt":"2025-11-10T19:32:07","slug":"diferenca-entre-poder-puder","status":"publish","type":"post","link":"https:\/\/www.estrategiaconcursos.com.br\/blog\/diferenca-entre-poder-puder\/","title":{"rendered":"Diferen\u00e7a entre poder e puder"},"content":{"rendered":"\n<p>Aprenda neste artigo a diferen\u00e7a entre <strong>poder e puder<\/strong>, al\u00e9m de conferir dicas para memorizar o uso correto dessas palavras.<\/p>\n\n\n\n<figure class=\"wp-block-image size-full\"><img loading=\"lazy\" decoding=\"async\" width=\"645\" height=\"647\" src=\"https:\/\/dhg1h5j42swfq.cloudfront.net\/2025\/09\/25110430\/imagem-livro.png\" alt=\"Poder e puder\" class=\"wp-image-1644752\" srcset=\"https:\/\/dhg1h5j42swfq.cloudfront.net\/2025\/09\/25110430\/imagem-livro.png 645w, https:\/\/dhg1h5j42swfq.cloudfront.net\/2025\/09\/25110430\/imagem-livro-300x300.png 300w, https:\/\/dhg1h5j42swfq.cloudfront.net\/2025\/09\/25110430\/imagem-livro-150x150.png 150w, https:\/\/dhg1h5j42swfq.cloudfront.net\/2025\/09\/25110430\/imagem-livro-96x96.png 96w\" sizes=\"auto, (max-width: 645px) 100vw, 645px\" \/><\/figure>\n\n\n\n<p>Ol\u00e1, pessoal! Esperamos que estejam bem e animados para mais um momento de compartilhar conhecimento! No artigo de hoje, vamos falar sobre o <strong>verbo irregular poder<\/strong>. Por ser irregular, h\u00e1 mudan\u00e7a de seu radical&nbsp; em alguns de seus tempos e modos verbais, como iremos verificar abaixo.<\/p>\n\n\n\n<p>Nesse caso, a altera\u00e7\u00e3o do radical do verbo <em>poder<\/em> \u00e9 verificada no tempo futuro do modo subjuntivo.<\/p>\n\n\n\n<p>\u00c9 not\u00f3rio que as bancas de concurso adoram cobrar a conjuga\u00e7\u00e3o de verbos irregulares, isso porque, pode causar d\u00favidas a forma correta de escrita, como \u00e9 o caso do verbo poder, que em algumas de suas flex\u00f5es \u00e9 escrito com U, ou seja, puder.<\/p>\n\n\n\n<h2 class=\"wp-block-heading\" id=\"h-significado-do-verbo-poder\"><strong>Significado do verbo poder:<\/strong><\/h2>\n\n\n\n<p>Primeiramente, note que o infinitivo do verbo \u00e9 poder, portanto, puder j\u00e1 \u00e9 forma conjugada.&nbsp;<\/p>\n\n\n\n<p>Como se sabe, a palavra poder \u00e9 origin\u00e1ria do latim (<em>potere<\/em>), e significa a possibilidade de conquistar, realizar, gerar, estar em condi\u00e7\u00f5es de fazer ou executar algo.<\/p>\n\n\n\n<p>Al\u00e9m disso, destaca-se que a forma no infinitivo tamb\u00e9m pode ser chamada de \u201cnome do verbo\u201d.\u00a0<\/p>\n\n\n\n<p>Exemplos:<\/p>\n\n\n\n<ul class=\"wp-block-list\">\n<li>Ap\u00f3s realizar exames de rotina, ele ficou com medo de n\u00e3o <strong>poder<\/strong> mais comer alimentos com a\u00e7\u00facar.<\/li>\n\n\n\n<li>Estudar \u00e9 fundamental para <strong>poder<\/strong> entender a mat\u00e9ria.<\/li>\n\n\n\n<li>\u00c9 importante <strong>poder<\/strong> estudar para a carreira desejada.<\/li>\n<\/ul>\n\n\n\n<h2 class=\"wp-block-heading\" id=\"h-forma-conjugada-puder\"><strong>Forma conjugada puder:<\/strong><\/h2>\n\n\n\n<p>Conforme mencionado anteriormente, <strong>puder<\/strong> \u00e9 a forma conjugada do verbo<strong> poder<\/strong>, ou seja, trata-se do verbo tempo e modo futuro do subjuntivo, na primeira e terceira pessoas do singular (Eu puder ou Ele\/Ela puder).\u00a0<\/p>\n\n\n\n<p>Deve ser empregado quando se quer demonstrar condi\u00e7\u00e3o, ou seja, uma a\u00e7\u00e3o que pode vir a ser realizada no futuro.<\/p>\n\n\n\n<p>Exemplo:<\/p>\n\n\n\n<ul class=\"wp-block-list\">\n<li>Se eu <strong>puder<\/strong>, eu compare\u00e7o no seu evento.<\/li>\n\n\n\n<li>Quando ele <strong>puder<\/strong>, ele ler\u00e1 o artigo do escritor.<\/li>\n\n\n\n<li>Quando eu <strong>puder<\/strong>, ajudo na compreens\u00e3o da mat\u00e9ria.<\/li>\n<\/ul>\n\n\n\n<p>Como nos exemplos, a forma conjugada puder, geralmente \u00e9 usada em frases iniciadas com as conjun\u00e7\u00f5es <strong><em>se <\/em><\/strong>ou <strong><em>quando<\/em><\/strong><em>, <\/em>justamente para indicar a possibilidade incerta verificada no sentido do tempo e modo verbal futuro do subjuntivo.<\/p>\n\n\n\n<p><strong>Qual <\/strong><strong>diferen\u00e7a entre poder e puder<\/strong>?<\/p>\n\n\n\n<p>Lembre-se, portanto, que o uso do <strong>puder,<\/strong> \u00e9 recomend\u00e1vel em situa\u00e7\u00f5es poss\u00edveis, condicionais. T\u00edpico uso dos verbos no <strong>modo subjuntivo<\/strong>, conforme exemplos j\u00e1 apresentados, quando h\u00e1 a inten\u00e7\u00e3o de indicar uma possibilidade, uma hip\u00f3tese, no futuro.&nbsp;<\/p>\n\n\n\n<p>Por outro lado, n\u00e3o sendo esse sentido a ser empregado na ora\u00e7\u00e3o, utilize a escrita do verbo como <strong>o<\/strong>, ou seja, poder.<\/p>\n\n\n\n<h2 class=\"wp-block-heading\" id=\"h-conjugacao-do-verbo-poder\"><strong>Conjuga\u00e7\u00e3o do verbo poder:<\/strong><\/h2>\n\n\n\n<p>Por conseguinte, consideramos relevante apresentar o verbo conjugado nos tempos e modos verbais mais cobrados, destacando a <strong>diferen\u00e7a entre poder e puder<\/strong>. Leia abaixo e preste aten\u00e7\u00e3o, lembrando que se trata de um verbo irregular:<\/p>\n\n\n\n<p><em>Presente do indicativo <\/em>(a\u00e7\u00e3o certa no presente)<em>:<\/em><\/p>\n\n\n\n<p>Eu posso<\/p>\n\n\n\n<p>Tu podes<\/p>\n\n\n\n<p>Ele\/Ela pode<\/p>\n\n\n\n<p>N\u00f3s podemos<\/p>\n\n\n\n<p>V\u00f3s podeis<\/p>\n\n\n\n<p>Eles\/Elas podem<\/p>\n\n\n\n<p>Exemplo:<\/p>\n\n\n\n<ul class=\"wp-block-list\">\n<li>Eu <strong>posso<\/strong> chegar mais cedo para o evento.<\/li>\n<\/ul>\n\n\n\n<p><em>Futuro do subjuntivo<\/em> (a\u00e7\u00e3o incerta no futuro &#8211; hip\u00f3tese)<\/p>\n\n\n\n<p>Se\/Quando Eu puder<\/p>\n\n\n\n<p>Se\/Quando Tu puderes<\/p>\n\n\n\n<p>Se\/Quando Ele\/Ela puder<\/p>\n\n\n\n<p>Se\/Quando N\u00f3s pudermos<\/p>\n\n\n\n<p>Se\/Quando V\u00f3s puderdes<\/p>\n\n\n\n<p>Se\/Quando Eles puderem<\/p>\n\n\n\n<p>Exemplo:<\/p>\n\n\n\n<ul class=\"wp-block-list\">\n<li>Se eu <strong>puder<\/strong> ganhar mais dinheiro, comprarei a casa dos sonhos.<\/li>\n<\/ul>\n\n\n\n<p><em>Pret\u00e9rito Imperfeito do Subjuntivo <\/em>(indica hip\u00f3teses ou incertezas no passado, al\u00e9m de poder expressar desejos ou situa\u00e7\u00f5es que dependem de uma condi\u00e7\u00e3o para ocorrer). <\/p>\n\n\n\n<p>Nesse tempo e modo verbal, tamb\u00e9m h\u00e1 altera\u00e7\u00e3o do radical do verbo (pud) e deve ser precedido da conjun\u00e7\u00e3o <em>se:<\/em><\/p>\n\n\n\n<p>Se Eu pudesse<\/p>\n\n\n\n<p>Se Tu pudesses<\/p>\n\n\n\n<p>Se Ele\/Ela pudesse<\/p>\n\n\n\n<p>Se N\u00f3s pud\u00e9ssemos<\/p>\n\n\n\n<p>Se V\u00f3s pud\u00e9sseis<\/p>\n\n\n\n<p>Se Eles\/Elas pudessem<\/p>\n\n\n\n<p>Exemplo:<\/p>\n\n\n\n<ul class=\"wp-block-list\">\n<li>Se eu <strong>pudesse<\/strong> ganhar mais dinheiro, eu compraria a casa dos sonhos.<\/li>\n<\/ul>\n\n\n\n<p><em>Pret\u00e9rito Perfeito do Subjuntivo Composto <\/em>(indica d\u00favida, possibilidade, hip\u00f3tese)<\/p>\n\n\n\n<p>Esse tempo verbal \u00e9 formado pelo verbo ter no subjuntivo acrescido do verbo principal no passado (podido), al\u00e9m de ser precedido da conjun\u00e7\u00e3o <em>que<\/em>. Note que, nesse caso, n\u00e3o h\u00e1 altera\u00e7\u00e3o do radical:<\/p>\n\n\n\n<p>Que Eu tenha podido<\/p>\n\n\n\n<p>Que Tu tenhas podido<\/p>\n\n\n\n<p>Que Ele\/Ela tenha podido<\/p>\n\n\n\n<p>Que N\u00f3s tenhamos podido<\/p>\n\n\n\n<p>Que V\u00f3s tenhais podido<\/p>\n\n\n\n<p>Que Eles\/Elas tenham podido<\/p>\n\n\n\n<p>Exemplo:<\/p>\n\n\n\n<ul class=\"wp-block-list\">\n<li>Se eu <strong>tiver podido<\/strong> ganhar mais dinheiro, comprarei a casa dos sonhos.<\/li>\n<\/ul>\n\n\n\n<h2 class=\"wp-block-heading\" id=\"h-consideracoes-finais\"><strong>Considera\u00e7\u00f5es finais<\/strong> <\/h2>\n\n\n\n<p>Como observado neste artigo, h\u00e1 v\u00e1rios pontos de aten\u00e7\u00e3o na conjuga\u00e7\u00e3o do verbo poder e que merecem aten\u00e7\u00e3o, principalmente por haver a altera\u00e7\u00e3o do radical no modo subjuntivo. Assim, \u00e9 importante atentar para <strong>diferen\u00e7a entre poder e puder<\/strong>.<\/p>\n\n\n\n<p>Por isso, deixamos aqui a dica final: a melhor maneira de aprender e fixar a forma correta dos tempos e modos verbais \u00e9 por meio da leitura e escrita. O treino \u00e9 fundamental para o dom\u00ednio da L\u00edngua Portuguesa.<\/p>\n\n\n\n<p>Assim, fa\u00e7a a leitura de bons textos, tornando isso um h\u00e1bito durante a sua prepara\u00e7\u00e3o. E, claro, resolva quest\u00f5es relacionadas ao tema.<\/p>\n\n\n\n<p>Por fim, lembre-se, a leitura deste artigo n\u00e3o substitui o material completo e a resolu\u00e7\u00e3o de quest\u00f5es.<\/p>\n\n\n\n<p>Um abra\u00e7o e at\u00e9 a pr\u00f3xima oportunidade de compartilharmos dicas valiosas!<\/p>\n\n\n\n<p><a href=\"https:\/\/www.youtube.com\/@EstrategiaConcursosBrasil\">https:\/\/www.youtube.com\/@EstrategiaConcursosBrasil<\/a><\/p>\n\n\n\n<h2 class=\"wp-block-heading has-text-align-center\" id=\"cursos-assinatura\">Cursos e Assinaturas<\/h2>\n\n\n\n<p>Prepare-se com o melhor material e com quem mais aprova em Concursos P\u00fablicos em todo o pa\u00eds!<\/p>\n\n\n\n<p class=\"has-text-align-center has-vivid-cyan-blue-color has-text-color has-background\" style=\"background-color:#0078bd\"><a href=\"https:\/\/www.estrategiaconcursos.com.br\/blog\/concursos-abertos\/\" target=\"_blank\" rel=\"noreferrer noopener\"><strong><mark style=\"background-color:rgba(0, 0, 0, 0)\" class=\"has-inline-color has-white-color\">Concursos Abertos<\/mark><\/strong><\/a><\/p>\n\n\n\n<p class=\"has-text-align-center has-white-color has-text-color has-background has-link-color wp-elements-a9e46f9d7b95be3001e8a7399fe06de1\" style=\"background-color:#0078bd\"><a href=\"https:\/\/www.estrategiaconcursos.com.br\/blog\/concursos-2024\/\" target=\"_blank\" rel=\"noreferrer noopener\"><strong><mark style=\"background-color:rgba(0, 0, 0, 0)\" class=\"has-inline-color has-white-color\"><\/mark><\/strong><\/a><strong><a href=\"https:\/\/www.estrategiaconcursos.com.br\/blog\/concursos-2025\/\"><strong>Concursos 2025<\/strong><\/a><\/strong><\/p>\n","protected":false},"excerpt":{"rendered":"<p>Aprenda neste artigo a diferen\u00e7a entre poder e puder, al\u00e9m de conferir dicas para memorizar o uso correto dessas palavras. Ol\u00e1, pessoal! Esperamos que estejam bem e animados para mais um momento de compartilhar conhecimento! No artigo de hoje, vamos falar sobre o verbo irregular poder. Por ser irregular, h\u00e1 mudan\u00e7a de seu radical&nbsp; em [&hellip;]<\/p>\n","protected":false},"author":3089,"featured_media":1644752,"comment_status":"open","ping_status":"closed","sticky":false,"template":"","format":"standard","meta":{"post_tipo":"article","footnotes":""},"categories":[1],"tags":[],"tax_estado":[],"class_list":["post-1644749","post","type-post","status-publish","format-standard","has-post-thumbnail","hentry","category-cursos-e-concursos"],"acf":[],"yoast_head":"<!-- This site is optimized with the Yoast SEO Premium plugin v27.2 (Yoast SEO v27.2) - https:\/\/yoast.com\/product\/yoast-seo-premium-wordpress\/ -->\n<title>Diferen\u00e7a entre poder e puder<\/title>\n<meta name=\"description\" content=\"Veja neste artigo a conjuga\u00e7\u00e3o do verbo irregular poder e quando h\u00e1 a mudan\u00e7a do radical e utiliza\u00e7\u00e3o da forma puder.\" \/>\n<meta name=\"robots\" content=\"index, follow, max-snippet:-1, max-image-preview:large, max-video-preview:-1\" \/>\n<link rel=\"canonical\" href=\"https:\/\/www.estrategiaconcursos.com.br\/blog\/diferenca-entre-poder-puder\/\" \/>\n<meta property=\"og:locale\" content=\"pt_BR\" \/>\n<meta property=\"og:type\" content=\"article\" \/>\n<meta property=\"og:title\" content=\"Diferen\u00e7a entre poder e puder\" \/>\n<meta property=\"og:description\" content=\"Veja neste artigo a conjuga\u00e7\u00e3o do verbo irregular poder e quando h\u00e1 a mudan\u00e7a do radical e utiliza\u00e7\u00e3o da forma puder.\" \/>\n<meta property=\"og:url\" content=\"https:\/\/www.estrategiaconcursos.com.br\/blog\/diferenca-entre-poder-puder\/\" \/>\n<meta property=\"og:site_name\" content=\"Estrat\u00e9gia Concursos\" \/>\n<meta property=\"article:published_time\" content=\"2025-11-25T17:11:00+00:00\" \/>\n<meta property=\"og:image\" content=\"https:\/\/dhg1h5j42swfq.cloudfront.net\/2025\/09\/25110430\/imagem-livro.png\" \/>\n\t<meta property=\"og:image:width\" content=\"645\" \/>\n\t<meta property=\"og:image:height\" content=\"647\" \/>\n\t<meta property=\"og:image:type\" content=\"image\/png\" \/>\n<meta name=\"author\" content=\"Rita de C\u00e1ssia Alves Martins\" \/>\n<meta name=\"twitter:card\" content=\"summary_large_image\" \/>\n<meta name=\"twitter:creator\" content=\"@EstratConcursos\" \/>\n<meta name=\"twitter:site\" content=\"@EstratConcursos\" \/>\n<meta name=\"twitter:label1\" content=\"Escrito por\" \/>\n\t<meta name=\"twitter:data1\" content=\"Rita de C\u00e1ssia Alves Martins\" \/>\n\t<meta name=\"twitter:label2\" content=\"Est. tempo de leitura\" \/>\n\t<meta name=\"twitter:data2\" content=\"5 minutos\" \/>\n<script type=\"application\/ld+json\" class=\"yoast-schema-graph\">{\"@context\":\"https:\/\/schema.org\",\"@graph\":[{\"@type\":\"NewsArticle\",\"@id\":\"https:\/\/www.estrategiaconcursos.com.br\/blog\/diferenca-entre-poder-puder\/#article\",\"isPartOf\":{\"@id\":\"https:\/\/www.estrategiaconcursos.com.br\/blog\/diferenca-entre-poder-puder\/\"},\"author\":{\"name\":\"Rita de C\u00e1ssia Alves Martins\",\"@id\":\"https:\/\/www.estrategiaconcursos.com.br\/blog\/#\/schema\/person\/237d7cc7a6f614d481712323378864b2\"},\"headline\":\"Diferen\u00e7a entre poder e puder\",\"datePublished\":\"2025-11-25T17:11:00+00:00\",\"mainEntityOfPage\":{\"@id\":\"https:\/\/www.estrategiaconcursos.com.br\/blog\/diferenca-entre-poder-puder\/\"},\"wordCount\":912,\"commentCount\":0,\"publisher\":{\"@id\":\"https:\/\/www.estrategiaconcursos.com.br\/blog\/#organization\"},\"image\":{\"@id\":\"https:\/\/www.estrategiaconcursos.com.br\/blog\/diferenca-entre-poder-puder\/#primaryimage\"},\"thumbnailUrl\":\"https:\/\/dhg1h5j42swfq.cloudfront.net\/2025\/09\/25110430\/imagem-livro.png\",\"articleSection\":[\"Concursos P\u00fablicos\"],\"inLanguage\":\"pt-BR\",\"potentialAction\":[{\"@type\":\"CommentAction\",\"name\":\"Comment\",\"target\":[\"https:\/\/www.estrategiaconcursos.com.br\/blog\/diferenca-entre-poder-puder\/#respond\"]}],\"copyrightYear\":\"2025\",\"copyrightHolder\":{\"@id\":\"https:\/\/www.estrategiaconcursos.com.br\/blog\/#organization\"}},{\"@type\":\"WebPage\",\"@id\":\"https:\/\/www.estrategiaconcursos.com.br\/blog\/diferenca-entre-poder-puder\/\",\"url\":\"https:\/\/www.estrategiaconcursos.com.br\/blog\/diferenca-entre-poder-puder\/\",\"name\":\"Diferen\u00e7a entre poder e puder\",\"isPartOf\":{\"@id\":\"https:\/\/www.estrategiaconcursos.com.br\/blog\/#website\"},\"primaryImageOfPage\":{\"@id\":\"https:\/\/www.estrategiaconcursos.com.br\/blog\/diferenca-entre-poder-puder\/#primaryimage\"},\"image\":{\"@id\":\"https:\/\/www.estrategiaconcursos.com.br\/blog\/diferenca-entre-poder-puder\/#primaryimage\"},\"thumbnailUrl\":\"https:\/\/dhg1h5j42swfq.cloudfront.net\/2025\/09\/25110430\/imagem-livro.png\",\"datePublished\":\"2025-11-25T17:11:00+00:00\",\"description\":\"Veja neste artigo a conjuga\u00e7\u00e3o do verbo irregular poder e quando h\u00e1 a mudan\u00e7a do radical e utiliza\u00e7\u00e3o da forma puder.\",\"breadcrumb\":{\"@id\":\"https:\/\/www.estrategiaconcursos.com.br\/blog\/diferenca-entre-poder-puder\/#breadcrumb\"},\"inLanguage\":\"pt-BR\",\"potentialAction\":[{\"@type\":\"ReadAction\",\"target\":[\"https:\/\/www.estrategiaconcursos.com.br\/blog\/diferenca-entre-poder-puder\/\"]}]},{\"@type\":\"ImageObject\",\"inLanguage\":\"pt-BR\",\"@id\":\"https:\/\/www.estrategiaconcursos.com.br\/blog\/diferenca-entre-poder-puder\/#primaryimage\",\"url\":\"https:\/\/dhg1h5j42swfq.cloudfront.net\/2025\/09\/25110430\/imagem-livro.png\",\"contentUrl\":\"https:\/\/dhg1h5j42swfq.cloudfront.net\/2025\/09\/25110430\/imagem-livro.png\",\"width\":645,\"height\":647,\"caption\":\"Poder e puder\"},{\"@type\":\"BreadcrumbList\",\"@id\":\"https:\/\/www.estrategiaconcursos.com.br\/blog\/diferenca-entre-poder-puder\/#breadcrumb\",\"itemListElement\":[{\"@type\":\"ListItem\",\"position\":1,\"name\":\"In\u00edcio\",\"item\":\"https:\/\/www.estrategiaconcursos.com.br\/blog\/\"},{\"@type\":\"ListItem\",\"position\":2,\"name\":\"Diferen\u00e7a entre poder e puder\"}]},{\"@type\":\"WebSite\",\"@id\":\"https:\/\/www.estrategiaconcursos.com.br\/blog\/#website\",\"url\":\"https:\/\/www.estrategiaconcursos.com.br\/blog\/\",\"name\":\"Estrat\u00e9gia Concursos\",\"description\":\"O blog da Estrat\u00e9gia Concursos traz not\u00edcias sobre concursos e artigos de professores oferecendo cursos para concursos (pdf + videaulas) no site.\",\"publisher\":{\"@id\":\"https:\/\/www.estrategiaconcursos.com.br\/blog\/#organization\"},\"potentialAction\":[{\"@type\":\"SearchAction\",\"target\":{\"@type\":\"EntryPoint\",\"urlTemplate\":\"https:\/\/www.estrategiaconcursos.com.br\/blog\/?s={search_term_string}\"},\"query-input\":{\"@type\":\"PropertyValueSpecification\",\"valueRequired\":true,\"valueName\":\"search_term_string\"}}],\"inLanguage\":\"pt-BR\"},{\"@type\":\"Organization\",\"@id\":\"https:\/\/www.estrategiaconcursos.com.br\/blog\/#organization\",\"name\":\"Estrat\u00e9gia Concursos\",\"url\":\"https:\/\/www.estrategiaconcursos.com.br\/blog\/\",\"logo\":{\"@type\":\"ImageObject\",\"inLanguage\":\"pt-BR\",\"@id\":\"https:\/\/www.estrategiaconcursos.com.br\/blog\/#\/schema\/logo\/image\/\",\"url\":\"https:\/\/dhg1h5j42swfq.cloudfront.net\/2025\/06\/03203428\/logo_concursos-1.jpg\",\"contentUrl\":\"https:\/\/dhg1h5j42swfq.cloudfront.net\/2025\/06\/03203428\/logo_concursos-1.jpg\",\"width\":230,\"height\":60,\"caption\":\"Estrat\u00e9gia Concursos\"},\"image\":{\"@id\":\"https:\/\/www.estrategiaconcursos.com.br\/blog\/#\/schema\/logo\/image\/\"},\"sameAs\":[\"https:\/\/x.com\/EstratConcursos\"]},{\"@type\":\"Person\",\"@id\":\"https:\/\/www.estrategiaconcursos.com.br\/blog\/#\/schema\/person\/237d7cc7a6f614d481712323378864b2\",\"name\":\"Rita de C\u00e1ssia Alves Martins\",\"image\":{\"@type\":\"ImageObject\",\"inLanguage\":\"pt-BR\",\"@id\":\"https:\/\/secure.gravatar.com\/avatar\/2f0fd8c88f88160017400eb805e5790f0710b6fb1c18ad33c2548a1ddd5164eb?s=96&d=mm&r=g\",\"url\":\"https:\/\/secure.gravatar.com\/avatar\/2f0fd8c88f88160017400eb805e5790f0710b6fb1c18ad33c2548a1ddd5164eb?s=96&d=mm&r=g\",\"contentUrl\":\"https:\/\/secure.gravatar.com\/avatar\/2f0fd8c88f88160017400eb805e5790f0710b6fb1c18ad33c2548a1ddd5164eb?s=96&d=mm&r=g\",\"caption\":\"Rita de C\u00e1ssia Alves Martins\"},\"description\":\"AJAJ TRT 10 Regi\u00e3o - aprovada em 6\u00ba lugar.\",\"url\":\"https:\/\/www.estrategiaconcursos.com.br\/blog\/author\/rita-alvesmartinsgmail-com\/\"}]}<\/script>\n<!-- \/ Yoast SEO Premium plugin. -->","yoast_head_json":{"title":"Diferen\u00e7a entre poder e puder","description":"Veja neste artigo a conjuga\u00e7\u00e3o do verbo irregular poder e quando h\u00e1 a mudan\u00e7a do radical e utiliza\u00e7\u00e3o da forma puder.","robots":{"index":"index","follow":"follow","max-snippet":"max-snippet:-1","max-image-preview":"max-image-preview:large","max-video-preview":"max-video-preview:-1"},"canonical":"https:\/\/www.estrategiaconcursos.com.br\/blog\/diferenca-entre-poder-puder\/","og_locale":"pt_BR","og_type":"article","og_title":"Diferen\u00e7a entre poder e puder","og_description":"Veja neste artigo a conjuga\u00e7\u00e3o do verbo irregular poder e quando h\u00e1 a mudan\u00e7a do radical e utiliza\u00e7\u00e3o da forma puder.","og_url":"https:\/\/www.estrategiaconcursos.com.br\/blog\/diferenca-entre-poder-puder\/","og_site_name":"Estrat\u00e9gia Concursos","article_published_time":"2025-11-25T17:11:00+00:00","og_image":[{"width":645,"height":647,"url":"https:\/\/dhg1h5j42swfq.cloudfront.net\/2025\/09\/25110430\/imagem-livro.png","type":"image\/png"}],"author":"Rita de C\u00e1ssia Alves Martins","twitter_card":"summary_large_image","twitter_creator":"@EstratConcursos","twitter_site":"@EstratConcursos","twitter_misc":{"Escrito por":"Rita de C\u00e1ssia Alves Martins","Est. tempo de leitura":"5 minutos"},"schema":{"@context":"https:\/\/schema.org","@graph":[{"@type":"NewsArticle","@id":"https:\/\/www.estrategiaconcursos.com.br\/blog\/diferenca-entre-poder-puder\/#article","isPartOf":{"@id":"https:\/\/www.estrategiaconcursos.com.br\/blog\/diferenca-entre-poder-puder\/"},"author":{"name":"Rita de C\u00e1ssia Alves Martins","@id":"https:\/\/www.estrategiaconcursos.com.br\/blog\/#\/schema\/person\/237d7cc7a6f614d481712323378864b2"},"headline":"Diferen\u00e7a entre poder e puder","datePublished":"2025-11-25T17:11:00+00:00","mainEntityOfPage":{"@id":"https:\/\/www.estrategiaconcursos.com.br\/blog\/diferenca-entre-poder-puder\/"},"wordCount":912,"commentCount":0,"publisher":{"@id":"https:\/\/www.estrategiaconcursos.com.br\/blog\/#organization"},"image":{"@id":"https:\/\/www.estrategiaconcursos.com.br\/blog\/diferenca-entre-poder-puder\/#primaryimage"},"thumbnailUrl":"https:\/\/dhg1h5j42swfq.cloudfront.net\/2025\/09\/25110430\/imagem-livro.png","articleSection":["Concursos P\u00fablicos"],"inLanguage":"pt-BR","potentialAction":[{"@type":"CommentAction","name":"Comment","target":["https:\/\/www.estrategiaconcursos.com.br\/blog\/diferenca-entre-poder-puder\/#respond"]}],"copyrightYear":"2025","copyrightHolder":{"@id":"https:\/\/www.estrategiaconcursos.com.br\/blog\/#organization"}},{"@type":"WebPage","@id":"https:\/\/www.estrategiaconcursos.com.br\/blog\/diferenca-entre-poder-puder\/","url":"https:\/\/www.estrategiaconcursos.com.br\/blog\/diferenca-entre-poder-puder\/","name":"Diferen\u00e7a entre poder e puder","isPartOf":{"@id":"https:\/\/www.estrategiaconcursos.com.br\/blog\/#website"},"primaryImageOfPage":{"@id":"https:\/\/www.estrategiaconcursos.com.br\/blog\/diferenca-entre-poder-puder\/#primaryimage"},"image":{"@id":"https:\/\/www.estrategiaconcursos.com.br\/blog\/diferenca-entre-poder-puder\/#primaryimage"},"thumbnailUrl":"https:\/\/dhg1h5j42swfq.cloudfront.net\/2025\/09\/25110430\/imagem-livro.png","datePublished":"2025-11-25T17:11:00+00:00","description":"Veja neste artigo a conjuga\u00e7\u00e3o do verbo irregular poder e quando h\u00e1 a mudan\u00e7a do radical e utiliza\u00e7\u00e3o da forma puder.","breadcrumb":{"@id":"https:\/\/www.estrategiaconcursos.com.br\/blog\/diferenca-entre-poder-puder\/#breadcrumb"},"inLanguage":"pt-BR","potentialAction":[{"@type":"ReadAction","target":["https:\/\/www.estrategiaconcursos.com.br\/blog\/diferenca-entre-poder-puder\/"]}]},{"@type":"ImageObject","inLanguage":"pt-BR","@id":"https:\/\/www.estrategiaconcursos.com.br\/blog\/diferenca-entre-poder-puder\/#primaryimage","url":"https:\/\/dhg1h5j42swfq.cloudfront.net\/2025\/09\/25110430\/imagem-livro.png","contentUrl":"https:\/\/dhg1h5j42swfq.cloudfront.net\/2025\/09\/25110430\/imagem-livro.png","width":645,"height":647,"caption":"Poder e puder"},{"@type":"BreadcrumbList","@id":"https:\/\/www.estrategiaconcursos.com.br\/blog\/diferenca-entre-poder-puder\/#breadcrumb","itemListElement":[{"@type":"ListItem","position":1,"name":"In\u00edcio","item":"https:\/\/www.estrategiaconcursos.com.br\/blog\/"},{"@type":"ListItem","position":2,"name":"Diferen\u00e7a entre poder e puder"}]},{"@type":"WebSite","@id":"https:\/\/www.estrategiaconcursos.com.br\/blog\/#website","url":"https:\/\/www.estrategiaconcursos.com.br\/blog\/","name":"Estrat\u00e9gia Concursos","description":"O blog da Estrat\u00e9gia Concursos traz not\u00edcias sobre concursos e artigos de professores oferecendo cursos para concursos (pdf + videaulas) no site.","publisher":{"@id":"https:\/\/www.estrategiaconcursos.com.br\/blog\/#organization"},"potentialAction":[{"@type":"SearchAction","target":{"@type":"EntryPoint","urlTemplate":"https:\/\/www.estrategiaconcursos.com.br\/blog\/?s={search_term_string}"},"query-input":{"@type":"PropertyValueSpecification","valueRequired":true,"valueName":"search_term_string"}}],"inLanguage":"pt-BR"},{"@type":"Organization","@id":"https:\/\/www.estrategiaconcursos.com.br\/blog\/#organization","name":"Estrat\u00e9gia Concursos","url":"https:\/\/www.estrategiaconcursos.com.br\/blog\/","logo":{"@type":"ImageObject","inLanguage":"pt-BR","@id":"https:\/\/www.estrategiaconcursos.com.br\/blog\/#\/schema\/logo\/image\/","url":"https:\/\/dhg1h5j42swfq.cloudfront.net\/2025\/06\/03203428\/logo_concursos-1.jpg","contentUrl":"https:\/\/dhg1h5j42swfq.cloudfront.net\/2025\/06\/03203428\/logo_concursos-1.jpg","width":230,"height":60,"caption":"Estrat\u00e9gia Concursos"},"image":{"@id":"https:\/\/www.estrategiaconcursos.com.br\/blog\/#\/schema\/logo\/image\/"},"sameAs":["https:\/\/x.com\/EstratConcursos"]},{"@type":"Person","@id":"https:\/\/www.estrategiaconcursos.com.br\/blog\/#\/schema\/person\/237d7cc7a6f614d481712323378864b2","name":"Rita de C\u00e1ssia Alves Martins","image":{"@type":"ImageObject","inLanguage":"pt-BR","@id":"https:\/\/secure.gravatar.com\/avatar\/2f0fd8c88f88160017400eb805e5790f0710b6fb1c18ad33c2548a1ddd5164eb?s=96&d=mm&r=g","url":"https:\/\/secure.gravatar.com\/avatar\/2f0fd8c88f88160017400eb805e5790f0710b6fb1c18ad33c2548a1ddd5164eb?s=96&d=mm&r=g","contentUrl":"https:\/\/secure.gravatar.com\/avatar\/2f0fd8c88f88160017400eb805e5790f0710b6fb1c18ad33c2548a1ddd5164eb?s=96&d=mm&r=g","caption":"Rita de C\u00e1ssia Alves Martins"},"description":"AJAJ TRT 10 Regi\u00e3o - aprovada em 6\u00ba lugar.","url":"https:\/\/www.estrategiaconcursos.com.br\/blog\/author\/rita-alvesmartinsgmail-com\/"}]}},"_links":{"self":[{"href":"https:\/\/www.estrategiaconcursos.com.br\/blog\/wp-json\/wp\/v2\/posts\/1644749","targetHints":{"allow":["GET"]}}],"collection":[{"href":"https:\/\/www.estrategiaconcursos.com.br\/blog\/wp-json\/wp\/v2\/posts"}],"about":[{"href":"https:\/\/www.estrategiaconcursos.com.br\/blog\/wp-json\/wp\/v2\/types\/post"}],"author":[{"embeddable":true,"href":"https:\/\/www.estrategiaconcursos.com.br\/blog\/wp-json\/wp\/v2\/users\/3089"}],"replies":[{"embeddable":true,"href":"https:\/\/www.estrategiaconcursos.com.br\/blog\/wp-json\/wp\/v2\/comments?post=1644749"}],"version-history":[{"count":2,"href":"https:\/\/www.estrategiaconcursos.com.br\/blog\/wp-json\/wp\/v2\/posts\/1644749\/revisions"}],"predecessor-version":[{"id":1644770,"href":"https:\/\/www.estrategiaconcursos.com.br\/blog\/wp-json\/wp\/v2\/posts\/1644749\/revisions\/1644770"}],"wp:featuredmedia":[{"embeddable":true,"href":"https:\/\/www.estrategiaconcursos.com.br\/blog\/wp-json\/wp\/v2\/media\/1644752"}],"wp:attachment":[{"href":"https:\/\/www.estrategiaconcursos.com.br\/blog\/wp-json\/wp\/v2\/media?parent=1644749"}],"wp:term":[{"taxonomy":"category","embeddable":true,"href":"https:\/\/www.estrategiaconcursos.com.br\/blog\/wp-json\/wp\/v2\/categories?post=1644749"},{"taxonomy":"post_tag","embeddable":true,"href":"https:\/\/www.estrategiaconcursos.com.br\/blog\/wp-json\/wp\/v2\/tags?post=1644749"},{"taxonomy":"tax_estado","embeddable":true,"href":"https:\/\/www.estrategiaconcursos.com.br\/blog\/wp-json\/wp\/v2\/tax_estado?post=1644749"}],"curies":[{"name":"wp","href":"https:\/\/api.w.org\/{rel}","templated":true}]}}