{"id":164318,"date":"2019-02-04T19:34:33","date_gmt":"2019-02-04T22:34:33","guid":{"rendered":"https:\/\/www.estrategiaconcursos.com.br\/blog\/?p=164318"},"modified":"2019-04-15T21:24:40","modified_gmt":"2019-04-16T00:24:40","slug":"gabarito-preliminar-das-discursivas-da-prf-vale-a-pena-fazer-recurso","status":"publish","type":"post","link":"https:\/\/www.estrategiaconcursos.com.br\/blog\/gabarito-preliminar-das-discursivas-da-prf-vale-a-pena-fazer-recurso\/","title":{"rendered":"Gabarito Preliminar da Discursiva da PRF: vale a pena fazer recurso?"},"content":{"rendered":"\n<p>Ol\u00e1, servidores.<\/p>\n\n\n\n<p>Em conformidade com o edital de\nabertura do <strong>Concurso da Pol\u00edcia\nRodovi\u00e1ria Federal<\/strong>, a banca Cespe (Cebraspe) divulgou hoje o <strong>Padr\u00e3o de Resposta Preliminar da Prova\nDiscursiva<\/strong>. E agora? Vale a pena fazer recurso?<\/p>\n\n\n\n<p>Bom, quem foi meu aluno me ouviu falar, reiteradamente, que a prova discursiva da banca Cespe possui tr\u00eas fases:<\/p>\n\n\n\n<ol class=\"wp-block-list\"><li><strong>Dia da prova;<\/strong><\/li><li><strong>Recursos contra o gabarito preliminar das discursivas;<\/strong><\/li><li><strong>Recursos contra o resultado provis\u00f3rio das discursivas.<\/strong><\/li><\/ol>\n\n\n\n<p>A primeira fase j\u00e1 foi conclu\u00edda!\nAgora, voc\u00ea est\u00e1 na segunda fase, que ser\u00e1 fundamental para a terceira,\nconforme veremos a seguir.<\/p>\n\n\n\n<p>Pois bem. Discutiremos, previamente, alguns aspectos do edital para que voc\u00ea tire sua pr\u00f3pria conclus\u00e3o. Veja o item 10.7 do <strong>Edital da Pol\u00edcia Rodovi\u00e1ria Federal<\/strong>:<\/p>\n\n\n\n<figure class=\"wp-block-image\"><img loading=\"lazy\" decoding=\"async\" width=\"567\" height=\"274\" src=\"https:\/\/dhg1h5j42swfq.cloudfront.net\/2019\/02\/04192338\/image41.png\" alt=\"\" class=\"wp-image-164319\" srcset=\"https:\/\/dhg1h5j42swfq.cloudfront.net\/2019\/02\/04192338\/image41.png 567w, https:\/\/dhg1h5j42swfq.cloudfront.net\/2019\/02\/04192338\/image41.png 300w\" sizes=\"auto, (max-width: 567px) 100vw, 567px\" \/><\/figure>\n\n\n\n<p>Quanto ao item <strong>10.7.1<\/strong>, OK! A banca se comprometeu a\ndivulgar hoje o <strong>Padr\u00e3o de Resposta Preliminar\nda Prova Discursiva <\/strong>e assim o fez!<\/p>\n\n\n\n<p>No item <strong>10.7.2<\/strong>, especificou-se o prazo para interposi\u00e7\u00e3o de recursos desta segunda\netapa, que vai das <strong>9 horas do dia 5 de\nfevereiro de 2019 \u00e0s 18 horas do dia 6 de fevereiro de 2019<\/strong>. Esteja atento\na esse prazo, pois, se voc\u00ea decidir por provocar a banca mediante recurso, ter\u00e1\nde faz\u00ea-lo respeitando-se o curt\u00edssimo intervalo de tempo. <\/p>\n\n\n\n<p>O item <strong>10.7.3<\/strong> traz uma informa\u00e7\u00e3o bastante relevante: caso voc\u00ea consiga,\npor meio do seu particular, pessoal, espec\u00edfico, \u00edntimo, secreto e confidencial\nrecurso, uma altera\u00e7\u00e3o de gabarito, <strong>ela\nvaler\u00e1 para todos os candidatos do certame<\/strong>, mesmo se eles estiverem\nassistindo a um bom seriado enquanto voc\u00ea vira a noite para elabor\u00e1-lo. Sim,\nmeu amigo! Seu esfor\u00e7o poder\u00e1 ajudar milhares de pessoas que est\u00e3o na mesma\nsitua\u00e7\u00e3o que a sua.<\/p>\n\n\n\n<p>Ap\u00f3s o julgamento dos recursos\nimpetrados pelos candidatos contra o <strong>Padr\u00e3o\nde Resposta Preliminar da Prova Discursiva<\/strong>,a banca elaborar\u00e1 o <strong>Padr\u00e3o\nde Resposta Definitivo da Prova Discursiva<\/strong>, o qual contemplar\u00e1, obviamente,\nos pedidos dos recursos deferidos. \u00c9 o que nos diz o item <strong>10.7.5<\/strong>.<\/p>\n\n\n\n<p>Agora, a informa\u00e7\u00e3o mais relevante que me motivou a escrever este artigo para voc\u00eas: o item <strong>10.7.5<\/strong> menciona que <strong>o candidato n\u00e3o poder\u00e1, no recurso contra o resultado provis\u00f3rio da prova discursiva (terceira fase), impugnar o padr\u00e3o de resposta definitivo<\/strong>. Sendo assim, \u00e9 um recurso mais limitado, pois tem de argumentar com base num universo restrito de informa\u00e7\u00f5es e possibilidades.<\/p>\n\n\n\n<p>&#8211; Professor, o que devo fazer\nagora?<\/p>\n\n\n\n<p>Analise detalhadamente o <strong>Padr\u00e3o de Resposta Preliminar da Prova\nDiscursiva: <\/strong><\/p>\n\n\n\n<figure class=\"wp-block-image\"><img loading=\"lazy\" decoding=\"async\" width=\"698\" height=\"415\" src=\"https:\/\/dhg1h5j42swfq.cloudfront.net\/2019\/02\/04192525\/2.png\" alt=\"\" class=\"wp-image-164324\" srcset=\"https:\/\/dhg1h5j42swfq.cloudfront.net\/2019\/02\/04192525\/2.png 698w, https:\/\/dhg1h5j42swfq.cloudfront.net\/2019\/02\/04192525\/2.png 300w\" sizes=\"auto, (max-width: 698px) 100vw, 698px\" \/><\/figure>\n\n\n\n<p>Verifique se ele incluiu as linhas\nargumentativas utilizadas em seu texto. Caso voc\u00ea tenha se escorado em algum\nargumento que n\u00e3o fora a\u00ed inserido pela banca examinadora, \u00e9 hora de lutar, com\ntodas as for\u00e7as, para que ela o insira. Caso contr\u00e1rio, seus argumentos n\u00e3o\nser\u00e3o aceitos e ser\u00e1 praticamente imposs\u00edvel conseguir reverter essa situa\u00e7\u00e3o\nna terceira fase.<\/p>\n\n\n\n<p>Portanto, <strong>futuros Policiais Rodovi\u00e1rios Federais<\/strong>, fa\u00e7am uma an\u00e1lise meticulosa da resposta da banca e de seus textos, de modo a identificar o que poderia ser inserido com o fito de melhorar a avalia\u00e7\u00e3o que o examinador far\u00e1 no momento em que estiver com sua prova em m\u00e3os.<\/p>\n\n\n\n<p>Se vale a pena ou n\u00e3o provocar a\nbanca nesta etapa, somente voc\u00ea poder\u00e1 decidir!<\/p>\n\n\n\n<p>Eu, no seu lugar, n\u00e3o hesitaria!<\/p>\n\n\n\n<p>Boa sorte a todos!<\/p>\n\n\n\n<p>Prof. Carlos Roberto<\/p>\n\n\n\n<p>Instagram: prof_carlosroberto<\/p>\n\n\n\n<p><strong>recursos@estrategiaconcursos.com.br<\/strong><\/p>\n","protected":false},"excerpt":{"rendered":"<p>Ol\u00e1, servidores. Em conformidade com o edital de abertura do Concurso da Pol\u00edcia Rodovi\u00e1ria Federal, a banca Cespe (Cebraspe) divulgou hoje o Padr\u00e3o de Resposta Preliminar da Prova Discursiva. E agora? Vale a pena fazer recurso? Bom, quem foi meu aluno me ouviu falar, reiteradamente, que a prova discursiva da banca Cespe possui tr\u00eas fases: [&hellip;]<\/p>\n","protected":false},"author":254,"featured_media":0,"comment_status":"open","ping_status":"closed","sticky":false,"template":"","format":"standard","meta":{"post_tipo":"article","footnotes":""},"categories":[1],"tags":[],"tax_estado":[],"class_list":["post-164318","post","type-post","status-publish","format-standard","hentry","category-cursos-e-concursos"],"acf":[],"yoast_head":"<!-- This site is optimized with the Yoast SEO Premium plugin v27.2 (Yoast SEO v27.2) - https:\/\/yoast.com\/product\/yoast-seo-premium-wordpress\/ -->\n<title>Gabarito Preliminar da Discursiva da PRF: vale a pena fazer recurso?<\/title>\n<meta name=\"robots\" content=\"index, follow, max-snippet:-1, max-image-preview:large, max-video-preview:-1\" \/>\n<link rel=\"canonical\" href=\"https:\/\/www.estrategiaconcursos.com.br\/blog\/gabarito-preliminar-das-discursivas-da-prf-vale-a-pena-fazer-recurso\/\" \/>\n<meta property=\"og:locale\" content=\"pt_BR\" \/>\n<meta property=\"og:type\" content=\"article\" \/>\n<meta property=\"og:title\" content=\"Gabarito Preliminar da Discursiva da PRF: vale a pena fazer recurso?\" \/>\n<meta property=\"og:description\" content=\"Ol\u00e1, servidores. Em conformidade com o edital de abertura do Concurso da Pol\u00edcia Rodovi\u00e1ria Federal, a banca Cespe (Cebraspe) divulgou hoje o Padr\u00e3o de Resposta Preliminar da Prova Discursiva. E agora? Vale a pena fazer recurso? Bom, quem foi meu aluno me ouviu falar, reiteradamente, que a prova discursiva da banca Cespe possui tr\u00eas fases: [&hellip;]\" \/>\n<meta property=\"og:url\" content=\"https:\/\/www.estrategiaconcursos.com.br\/blog\/gabarito-preliminar-das-discursivas-da-prf-vale-a-pena-fazer-recurso\/\" \/>\n<meta property=\"og:site_name\" content=\"Estrat\u00e9gia Concursos\" \/>\n<meta property=\"article:published_time\" content=\"2019-02-04T22:34:33+00:00\" \/>\n<meta property=\"article:modified_time\" content=\"2019-04-16T00:24:40+00:00\" \/>\n<meta property=\"og:image\" content=\"https:\/\/www.estrategiaconcursos.com.br\/blog\/wp-content\/uploads\/2019\/02\/image41.png\" \/>\n<meta name=\"author\" content=\"Carlos Roberto Correa\" \/>\n<meta name=\"twitter:card\" content=\"summary_large_image\" \/>\n<meta name=\"twitter:creator\" content=\"@EstratConcursos\" \/>\n<meta name=\"twitter:site\" content=\"@EstratConcursos\" \/>\n<meta name=\"twitter:label1\" content=\"Escrito por\" \/>\n\t<meta name=\"twitter:data1\" content=\"Carlos Roberto Correa\" \/>\n\t<meta name=\"twitter:label2\" content=\"Est. tempo de leitura\" \/>\n\t<meta name=\"twitter:data2\" content=\"3 minutos\" \/>\n<script type=\"application\/ld+json\" class=\"yoast-schema-graph\">{\"@context\":\"https:\/\/schema.org\",\"@graph\":[{\"@type\":\"NewsArticle\",\"@id\":\"https:\/\/www.estrategiaconcursos.com.br\/blog\/gabarito-preliminar-das-discursivas-da-prf-vale-a-pena-fazer-recurso\/#article\",\"isPartOf\":{\"@id\":\"https:\/\/www.estrategiaconcursos.com.br\/blog\/gabarito-preliminar-das-discursivas-da-prf-vale-a-pena-fazer-recurso\/\"},\"author\":{\"name\":\"Carlos Roberto Correa\",\"@id\":\"https:\/\/www.estrategiaconcursos.com.br\/blog\/#\/schema\/person\/b04f52b4e46b9c2763b237dc0302b7a7\"},\"headline\":\"Gabarito Preliminar da Discursiva da PRF: vale a pena fazer recurso?\",\"datePublished\":\"2019-02-04T22:34:33+00:00\",\"dateModified\":\"2019-04-16T00:24:40+00:00\",\"mainEntityOfPage\":{\"@id\":\"https:\/\/www.estrategiaconcursos.com.br\/blog\/gabarito-preliminar-das-discursivas-da-prf-vale-a-pena-fazer-recurso\/\"},\"wordCount\":574,\"commentCount\":13,\"publisher\":{\"@id\":\"https:\/\/www.estrategiaconcursos.com.br\/blog\/#organization\"},\"image\":{\"@id\":\"https:\/\/www.estrategiaconcursos.com.br\/blog\/gabarito-preliminar-das-discursivas-da-prf-vale-a-pena-fazer-recurso\/#primaryimage\"},\"thumbnailUrl\":\"https:\/\/www.estrategiaconcursos.com.br\/blog\/wp-content\/uploads\/2019\/02\/image41.png\",\"articleSection\":[\"Concursos P\u00fablicos\"],\"inLanguage\":\"pt-BR\",\"potentialAction\":[{\"@type\":\"CommentAction\",\"name\":\"Comment\",\"target\":[\"https:\/\/www.estrategiaconcursos.com.br\/blog\/gabarito-preliminar-das-discursivas-da-prf-vale-a-pena-fazer-recurso\/#respond\"]}],\"copyrightYear\":\"2019\",\"copyrightHolder\":{\"@id\":\"https:\/\/www.estrategiaconcursos.com.br\/blog\/#organization\"}},{\"@type\":\"WebPage\",\"@id\":\"https:\/\/www.estrategiaconcursos.com.br\/blog\/gabarito-preliminar-das-discursivas-da-prf-vale-a-pena-fazer-recurso\/\",\"url\":\"https:\/\/www.estrategiaconcursos.com.br\/blog\/gabarito-preliminar-das-discursivas-da-prf-vale-a-pena-fazer-recurso\/\",\"name\":\"Gabarito Preliminar da Discursiva da PRF: vale a pena fazer recurso?\",\"isPartOf\":{\"@id\":\"https:\/\/www.estrategiaconcursos.com.br\/blog\/#website\"},\"primaryImageOfPage\":{\"@id\":\"https:\/\/www.estrategiaconcursos.com.br\/blog\/gabarito-preliminar-das-discursivas-da-prf-vale-a-pena-fazer-recurso\/#primaryimage\"},\"image\":{\"@id\":\"https:\/\/www.estrategiaconcursos.com.br\/blog\/gabarito-preliminar-das-discursivas-da-prf-vale-a-pena-fazer-recurso\/#primaryimage\"},\"thumbnailUrl\":\"https:\/\/www.estrategiaconcursos.com.br\/blog\/wp-content\/uploads\/2019\/02\/image41.png\",\"datePublished\":\"2019-02-04T22:34:33+00:00\",\"dateModified\":\"2019-04-16T00:24:40+00:00\",\"breadcrumb\":{\"@id\":\"https:\/\/www.estrategiaconcursos.com.br\/blog\/gabarito-preliminar-das-discursivas-da-prf-vale-a-pena-fazer-recurso\/#breadcrumb\"},\"inLanguage\":\"pt-BR\",\"potentialAction\":[{\"@type\":\"ReadAction\",\"target\":[\"https:\/\/www.estrategiaconcursos.com.br\/blog\/gabarito-preliminar-das-discursivas-da-prf-vale-a-pena-fazer-recurso\/\"]}]},{\"@type\":\"ImageObject\",\"inLanguage\":\"pt-BR\",\"@id\":\"https:\/\/www.estrategiaconcursos.com.br\/blog\/gabarito-preliminar-das-discursivas-da-prf-vale-a-pena-fazer-recurso\/#primaryimage\",\"url\":\"https:\/\/dhg1h5j42swfq.cloudfront.net\/2019\/02\/04192338\/image41.png\",\"contentUrl\":\"https:\/\/dhg1h5j42swfq.cloudfront.net\/2019\/02\/04192338\/image41.png\",\"width\":567,\"height\":274},{\"@type\":\"BreadcrumbList\",\"@id\":\"https:\/\/www.estrategiaconcursos.com.br\/blog\/gabarito-preliminar-das-discursivas-da-prf-vale-a-pena-fazer-recurso\/#breadcrumb\",\"itemListElement\":[{\"@type\":\"ListItem\",\"position\":1,\"name\":\"In\u00edcio\",\"item\":\"https:\/\/www.estrategiaconcursos.com.br\/blog\/\"},{\"@type\":\"ListItem\",\"position\":2,\"name\":\"Gabarito Preliminar da Discursiva da PRF: vale a pena fazer recurso?\"}]},{\"@type\":\"WebSite\",\"@id\":\"https:\/\/www.estrategiaconcursos.com.br\/blog\/#website\",\"url\":\"https:\/\/www.estrategiaconcursos.com.br\/blog\/\",\"name\":\"Estrat\u00e9gia Concursos\",\"description\":\"O blog da Estrat\u00e9gia Concursos traz not\u00edcias sobre concursos e artigos de professores oferecendo cursos para concursos (pdf + videaulas) no site.\",\"publisher\":{\"@id\":\"https:\/\/www.estrategiaconcursos.com.br\/blog\/#organization\"},\"potentialAction\":[{\"@type\":\"SearchAction\",\"target\":{\"@type\":\"EntryPoint\",\"urlTemplate\":\"https:\/\/www.estrategiaconcursos.com.br\/blog\/?s={search_term_string}\"},\"query-input\":{\"@type\":\"PropertyValueSpecification\",\"valueRequired\":true,\"valueName\":\"search_term_string\"}}],\"inLanguage\":\"pt-BR\"},{\"@type\":\"Organization\",\"@id\":\"https:\/\/www.estrategiaconcursos.com.br\/blog\/#organization\",\"name\":\"Estrat\u00e9gia Concursos\",\"url\":\"https:\/\/www.estrategiaconcursos.com.br\/blog\/\",\"logo\":{\"@type\":\"ImageObject\",\"inLanguage\":\"pt-BR\",\"@id\":\"https:\/\/www.estrategiaconcursos.com.br\/blog\/#\/schema\/logo\/image\/\",\"url\":\"https:\/\/dhg1h5j42swfq.cloudfront.net\/2025\/06\/03203428\/logo_concursos-1.jpg\",\"contentUrl\":\"https:\/\/dhg1h5j42swfq.cloudfront.net\/2025\/06\/03203428\/logo_concursos-1.jpg\",\"width\":230,\"height\":60,\"caption\":\"Estrat\u00e9gia Concursos\"},\"image\":{\"@id\":\"https:\/\/www.estrategiaconcursos.com.br\/blog\/#\/schema\/logo\/image\/\"},\"sameAs\":[\"https:\/\/x.com\/EstratConcursos\"]},{\"@type\":\"Person\",\"@id\":\"https:\/\/www.estrategiaconcursos.com.br\/blog\/#\/schema\/person\/b04f52b4e46b9c2763b237dc0302b7a7\",\"name\":\"Carlos Roberto Correa\",\"image\":{\"@type\":\"ImageObject\",\"inLanguage\":\"pt-BR\",\"@id\":\"https:\/\/secure.gravatar.com\/avatar\/f4b738aef9d1cc2c2cfd779e48e5b0dee98cb28b76e015eb2f1d475ca568f24a?s=96&d=mm&r=g\",\"url\":\"https:\/\/secure.gravatar.com\/avatar\/f4b738aef9d1cc2c2cfd779e48e5b0dee98cb28b76e015eb2f1d475ca568f24a?s=96&d=mm&r=g\",\"contentUrl\":\"https:\/\/secure.gravatar.com\/avatar\/f4b738aef9d1cc2c2cfd779e48e5b0dee98cb28b76e015eb2f1d475ca568f24a?s=96&d=mm&r=g\",\"caption\":\"Carlos Roberto Correa\"},\"url\":\"https:\/\/www.estrategiaconcursos.com.br\/blog\/author\/carlosrobertoestrategiaconcursos-com-br\/\"}]}<\/script>\n<!-- \/ Yoast SEO Premium plugin. -->","yoast_head_json":{"title":"Gabarito Preliminar da Discursiva da PRF: vale a pena fazer recurso?","robots":{"index":"index","follow":"follow","max-snippet":"max-snippet:-1","max-image-preview":"max-image-preview:large","max-video-preview":"max-video-preview:-1"},"canonical":"https:\/\/www.estrategiaconcursos.com.br\/blog\/gabarito-preliminar-das-discursivas-da-prf-vale-a-pena-fazer-recurso\/","og_locale":"pt_BR","og_type":"article","og_title":"Gabarito Preliminar da Discursiva da PRF: vale a pena fazer recurso?","og_description":"Ol\u00e1, servidores. Em conformidade com o edital de abertura do Concurso da Pol\u00edcia Rodovi\u00e1ria Federal, a banca Cespe (Cebraspe) divulgou hoje o Padr\u00e3o de Resposta Preliminar da Prova Discursiva. E agora? Vale a pena fazer recurso? Bom, quem foi meu aluno me ouviu falar, reiteradamente, que a prova discursiva da banca Cespe possui tr\u00eas fases: [&hellip;]","og_url":"https:\/\/www.estrategiaconcursos.com.br\/blog\/gabarito-preliminar-das-discursivas-da-prf-vale-a-pena-fazer-recurso\/","og_site_name":"Estrat\u00e9gia Concursos","article_published_time":"2019-02-04T22:34:33+00:00","article_modified_time":"2019-04-16T00:24:40+00:00","og_image":[{"url":"https:\/\/www.estrategiaconcursos.com.br\/blog\/wp-content\/uploads\/2019\/02\/image41.png","type":"","width":"","height":""}],"author":"Carlos Roberto Correa","twitter_card":"summary_large_image","twitter_creator":"@EstratConcursos","twitter_site":"@EstratConcursos","twitter_misc":{"Escrito por":"Carlos Roberto Correa","Est. tempo de leitura":"3 minutos"},"schema":{"@context":"https:\/\/schema.org","@graph":[{"@type":"NewsArticle","@id":"https:\/\/www.estrategiaconcursos.com.br\/blog\/gabarito-preliminar-das-discursivas-da-prf-vale-a-pena-fazer-recurso\/#article","isPartOf":{"@id":"https:\/\/www.estrategiaconcursos.com.br\/blog\/gabarito-preliminar-das-discursivas-da-prf-vale-a-pena-fazer-recurso\/"},"author":{"name":"Carlos Roberto Correa","@id":"https:\/\/www.estrategiaconcursos.com.br\/blog\/#\/schema\/person\/b04f52b4e46b9c2763b237dc0302b7a7"},"headline":"Gabarito Preliminar da Discursiva da PRF: vale a pena fazer recurso?","datePublished":"2019-02-04T22:34:33+00:00","dateModified":"2019-04-16T00:24:40+00:00","mainEntityOfPage":{"@id":"https:\/\/www.estrategiaconcursos.com.br\/blog\/gabarito-preliminar-das-discursivas-da-prf-vale-a-pena-fazer-recurso\/"},"wordCount":574,"commentCount":13,"publisher":{"@id":"https:\/\/www.estrategiaconcursos.com.br\/blog\/#organization"},"image":{"@id":"https:\/\/www.estrategiaconcursos.com.br\/blog\/gabarito-preliminar-das-discursivas-da-prf-vale-a-pena-fazer-recurso\/#primaryimage"},"thumbnailUrl":"https:\/\/www.estrategiaconcursos.com.br\/blog\/wp-content\/uploads\/2019\/02\/image41.png","articleSection":["Concursos P\u00fablicos"],"inLanguage":"pt-BR","potentialAction":[{"@type":"CommentAction","name":"Comment","target":["https:\/\/www.estrategiaconcursos.com.br\/blog\/gabarito-preliminar-das-discursivas-da-prf-vale-a-pena-fazer-recurso\/#respond"]}],"copyrightYear":"2019","copyrightHolder":{"@id":"https:\/\/www.estrategiaconcursos.com.br\/blog\/#organization"}},{"@type":"WebPage","@id":"https:\/\/www.estrategiaconcursos.com.br\/blog\/gabarito-preliminar-das-discursivas-da-prf-vale-a-pena-fazer-recurso\/","url":"https:\/\/www.estrategiaconcursos.com.br\/blog\/gabarito-preliminar-das-discursivas-da-prf-vale-a-pena-fazer-recurso\/","name":"Gabarito Preliminar da Discursiva da PRF: vale a pena fazer recurso?","isPartOf":{"@id":"https:\/\/www.estrategiaconcursos.com.br\/blog\/#website"},"primaryImageOfPage":{"@id":"https:\/\/www.estrategiaconcursos.com.br\/blog\/gabarito-preliminar-das-discursivas-da-prf-vale-a-pena-fazer-recurso\/#primaryimage"},"image":{"@id":"https:\/\/www.estrategiaconcursos.com.br\/blog\/gabarito-preliminar-das-discursivas-da-prf-vale-a-pena-fazer-recurso\/#primaryimage"},"thumbnailUrl":"https:\/\/www.estrategiaconcursos.com.br\/blog\/wp-content\/uploads\/2019\/02\/image41.png","datePublished":"2019-02-04T22:34:33+00:00","dateModified":"2019-04-16T00:24:40+00:00","breadcrumb":{"@id":"https:\/\/www.estrategiaconcursos.com.br\/blog\/gabarito-preliminar-das-discursivas-da-prf-vale-a-pena-fazer-recurso\/#breadcrumb"},"inLanguage":"pt-BR","potentialAction":[{"@type":"ReadAction","target":["https:\/\/www.estrategiaconcursos.com.br\/blog\/gabarito-preliminar-das-discursivas-da-prf-vale-a-pena-fazer-recurso\/"]}]},{"@type":"ImageObject","inLanguage":"pt-BR","@id":"https:\/\/www.estrategiaconcursos.com.br\/blog\/gabarito-preliminar-das-discursivas-da-prf-vale-a-pena-fazer-recurso\/#primaryimage","url":"https:\/\/dhg1h5j42swfq.cloudfront.net\/2019\/02\/04192338\/image41.png","contentUrl":"https:\/\/dhg1h5j42swfq.cloudfront.net\/2019\/02\/04192338\/image41.png","width":567,"height":274},{"@type":"BreadcrumbList","@id":"https:\/\/www.estrategiaconcursos.com.br\/blog\/gabarito-preliminar-das-discursivas-da-prf-vale-a-pena-fazer-recurso\/#breadcrumb","itemListElement":[{"@type":"ListItem","position":1,"name":"In\u00edcio","item":"https:\/\/www.estrategiaconcursos.com.br\/blog\/"},{"@type":"ListItem","position":2,"name":"Gabarito Preliminar da Discursiva da PRF: vale a pena fazer recurso?"}]},{"@type":"WebSite","@id":"https:\/\/www.estrategiaconcursos.com.br\/blog\/#website","url":"https:\/\/www.estrategiaconcursos.com.br\/blog\/","name":"Estrat\u00e9gia Concursos","description":"O blog da Estrat\u00e9gia Concursos traz not\u00edcias sobre concursos e artigos de professores oferecendo cursos para concursos (pdf + videaulas) no site.","publisher":{"@id":"https:\/\/www.estrategiaconcursos.com.br\/blog\/#organization"},"potentialAction":[{"@type":"SearchAction","target":{"@type":"EntryPoint","urlTemplate":"https:\/\/www.estrategiaconcursos.com.br\/blog\/?s={search_term_string}"},"query-input":{"@type":"PropertyValueSpecification","valueRequired":true,"valueName":"search_term_string"}}],"inLanguage":"pt-BR"},{"@type":"Organization","@id":"https:\/\/www.estrategiaconcursos.com.br\/blog\/#organization","name":"Estrat\u00e9gia Concursos","url":"https:\/\/www.estrategiaconcursos.com.br\/blog\/","logo":{"@type":"ImageObject","inLanguage":"pt-BR","@id":"https:\/\/www.estrategiaconcursos.com.br\/blog\/#\/schema\/logo\/image\/","url":"https:\/\/dhg1h5j42swfq.cloudfront.net\/2025\/06\/03203428\/logo_concursos-1.jpg","contentUrl":"https:\/\/dhg1h5j42swfq.cloudfront.net\/2025\/06\/03203428\/logo_concursos-1.jpg","width":230,"height":60,"caption":"Estrat\u00e9gia Concursos"},"image":{"@id":"https:\/\/www.estrategiaconcursos.com.br\/blog\/#\/schema\/logo\/image\/"},"sameAs":["https:\/\/x.com\/EstratConcursos"]},{"@type":"Person","@id":"https:\/\/www.estrategiaconcursos.com.br\/blog\/#\/schema\/person\/b04f52b4e46b9c2763b237dc0302b7a7","name":"Carlos Roberto Correa","image":{"@type":"ImageObject","inLanguage":"pt-BR","@id":"https:\/\/secure.gravatar.com\/avatar\/f4b738aef9d1cc2c2cfd779e48e5b0dee98cb28b76e015eb2f1d475ca568f24a?s=96&d=mm&r=g","url":"https:\/\/secure.gravatar.com\/avatar\/f4b738aef9d1cc2c2cfd779e48e5b0dee98cb28b76e015eb2f1d475ca568f24a?s=96&d=mm&r=g","contentUrl":"https:\/\/secure.gravatar.com\/avatar\/f4b738aef9d1cc2c2cfd779e48e5b0dee98cb28b76e015eb2f1d475ca568f24a?s=96&d=mm&r=g","caption":"Carlos Roberto Correa"},"url":"https:\/\/www.estrategiaconcursos.com.br\/blog\/author\/carlosrobertoestrategiaconcursos-com-br\/"}]}},"_links":{"self":[{"href":"https:\/\/www.estrategiaconcursos.com.br\/blog\/wp-json\/wp\/v2\/posts\/164318","targetHints":{"allow":["GET"]}}],"collection":[{"href":"https:\/\/www.estrategiaconcursos.com.br\/blog\/wp-json\/wp\/v2\/posts"}],"about":[{"href":"https:\/\/www.estrategiaconcursos.com.br\/blog\/wp-json\/wp\/v2\/types\/post"}],"author":[{"embeddable":true,"href":"https:\/\/www.estrategiaconcursos.com.br\/blog\/wp-json\/wp\/v2\/users\/254"}],"replies":[{"embeddable":true,"href":"https:\/\/www.estrategiaconcursos.com.br\/blog\/wp-json\/wp\/v2\/comments?post=164318"}],"version-history":[{"count":18,"href":"https:\/\/www.estrategiaconcursos.com.br\/blog\/wp-json\/wp\/v2\/posts\/164318\/revisions"}],"predecessor-version":[{"id":164346,"href":"https:\/\/www.estrategiaconcursos.com.br\/blog\/wp-json\/wp\/v2\/posts\/164318\/revisions\/164346"}],"wp:attachment":[{"href":"https:\/\/www.estrategiaconcursos.com.br\/blog\/wp-json\/wp\/v2\/media?parent=164318"}],"wp:term":[{"taxonomy":"category","embeddable":true,"href":"https:\/\/www.estrategiaconcursos.com.br\/blog\/wp-json\/wp\/v2\/categories?post=164318"},{"taxonomy":"post_tag","embeddable":true,"href":"https:\/\/www.estrategiaconcursos.com.br\/blog\/wp-json\/wp\/v2\/tags?post=164318"},{"taxonomy":"tax_estado","embeddable":true,"href":"https:\/\/www.estrategiaconcursos.com.br\/blog\/wp-json\/wp\/v2\/tax_estado?post=164318"}],"curies":[{"name":"wp","href":"https:\/\/api.w.org\/{rel}","templated":true}]}}