{"id":164306,"date":"2019-02-04T19:45:28","date_gmt":"2019-02-04T22:45:28","guid":{"rendered":"https:\/\/www.estrategiaconcursos.com.br\/blog\/?p=164306"},"modified":"2019-02-06T18:57:11","modified_gmt":"2019-02-06T21:57:11","slug":"prf-recursos-portugues","status":"publish","type":"post","link":"https:\/\/www.estrategiaconcursos.com.br\/blog\/prf-recursos-portugues\/","title":{"rendered":"PRF RECURSOS &#8211; Portugu\u00eas"},"content":{"rendered":"\n<p><\/p>\n\n\n\n<p>Ol\u00e1, boa noite, pessoal. Tudo tranquilo?<\/p>\n\n\n\n<p>Como esper\u00e1vamos, o CESPE foi pol\u00eamico em seu gabarito. Vejamos recursos poss\u00edveis para as duas quest\u00f5es divergentes. <\/p>\n\n\n\n<figure class=\"wp-block-image\"><img decoding=\"async\" src=\"https:\/\/dhg1h5j42swfq.cloudfront.net\/2018\/01\/28150853\/M%C3%8DDIAS-SOCIAIS-FELIPE.png\" alt=\"O atributo alt desta imagem est\u00c3\u00a1 vazio. O nome do arquivo \u00c3\u00a9 M%C3%8DDIAS-SOCIAIS-FELIPE.png\"\/><\/figure>\n\n\n\n<p>Quest\u00e3o 3<\/p>\n\n\n\n<p>3 \u2013 A corre\u00e7\u00e3o gramatical do\ntexto seria mantida caso pronome \u201cse\u201d, em \u201cse sentindo\u201d fosse deslocado para\nimediatamente ap\u00f3s a forma verbal \u201csentindo\u201d, da seguinte maneira: <strong>sentindo-se. <\/strong><\/p>\n\n\n\n<p><strong>Gabarito oficial: Certo<\/strong><\/p>\n\n\n\n<p>Vejamos o texto: <\/p>\n\n\n\n<p>Poucas as pessoas <strong>que<\/strong> acordam <strong>se<\/strong> sentindo primatas&#8230;<\/p>\n\n\n\n<p>Embora haja diverg\u00eancia sobre este tema, entendo que a pr\u00f3clise seja obrigat\u00f3ria, segundo orienta\u00e7\u00e3o de Bechara e Cegalla: <\/p>\n\n\n\n<figure class=\"wp-block-image\"><img loading=\"lazy\" decoding=\"async\" width=\"567\" height=\"103\" src=\"https:\/\/dhg1h5j42swfq.cloudfront.net\/2019\/02\/04193455\/image42.png\" alt=\"\" class=\"wp-image-164339\" srcset=\"https:\/\/dhg1h5j42swfq.cloudfront.net\/2019\/02\/04193455\/image42.png 567w, https:\/\/dhg1h5j42swfq.cloudfront.net\/2019\/02\/04193455\/image42.png 300w\" sizes=\"auto, (max-width: 567px) 100vw, 567px\" \/><\/figure>\n\n\n\n\n\n<p><strong>BECHARA, E. Moderna gram\u00e1tica portuguesa. 37.ed. revista, ampliada e atualizada\nconforme o novo Acordo Ortogr\u00e1fico. Rio de Janeiro: Nova Fronteira, 2009.<\/strong><\/p>\n\n\n\n<p>Observem que a palavra atrativa \u00e9 o <strong>pronome relativo&nbsp;(QUE)<\/strong>. Ainda que se argumente que h\u00e1 duas ora\u00e7\u00f5es diferentes, a ora\u00e7\u00e3o \u201csentindo-se primatas\u201d \u00e9 subordinada mesmo assim e se enquadra na orienta\u00e7\u00e3o no sentido da pr\u00f3clise. <\/p>\n\n\n\n<p>Segundo, Cegalla, n\u00e3o havendo palavra atrativa, deve haver \u00eanclise com o ger\u00fandio. <strong>Por\u00e9m, h\u00e1 palavra atrativa, ent\u00e3o n\u00e3o seria o caso de \u00eanclise por ele previsto. N\u00e3o&nbsp;sendo&nbsp;caso&nbsp;de&nbsp;\u00eanclise,&nbsp;usa-se&nbsp;a&nbsp;pr\u00f3clise,&nbsp;como&nbsp;no&nbsp;texto&nbsp;original.<\/strong><\/p>\n\n\n\n<p>Tanto \u00e9 assim, que seu exemplo de\nora\u00e7\u00e3o com ger\u00fandio, havendo palavra atrativa antes do verbo, \u00e9 constru\u00eddo com\nPR\u00d3CLISE: <\/p>\n\n\n\n<p>&#8220;Que rel\u00f3gio parado <em>me estava governando?&#8221; <\/em>(CEC\u00cdLIA MEIRELES)<\/p>\n\n\n\n<p><strong>CEGALLA, D. P. Nov\u00edssima gram\u00e1tica da l\u00edngua portuguesa. 48.ed.\nrevisada. S\u00e3o Paulo: Companhia Editora Nacional, 2008.<\/strong><strong><\/strong><\/p>\n\n\n\n<p class=\"has-medium-font-size\"><strong><em>Portanto, o argumento \u00e9 que h\u00e1 palavra atrativa e, portanto, deve haver pr\u00f3clise. Mesmo que se considere que a palavra atrativa est\u00e1 em outra ora\u00e7\u00e3o, a ora\u00e7\u00e3o com ger\u00fandio \u00e9 subordinada e tamb\u00e9m se enquadra na recomenda\u00e7\u00e3o do uso de pr\u00f3clise. <\/em><\/strong><\/p>\n\n\n\n<p>Quest\u00e3o 12 &#8211; Esta quest\u00e3o prejudica o candidato que analisa profundamente o texto, ora a banca pede uma \u00f3tica superficial, como esta, ora pede an\u00e1lises ultraprofundas. Vejamos: <\/p>\n\n\n\n<figure class=\"wp-block-image\"><img decoding=\"async\" src=\"https:\/\/dhg1h5j42swfq.cloudfront.net\/2018\/01\/28150853\/M%C3%8DDIAS-SOCIAIS-FELIPE.png\" alt=\"O atributo alt desta imagem est\u00c3\u00a1 vazio. O nome do arquivo \u00c3\u00a9 M%C3%8DDIAS-SOCIAIS-FELIPE.png\"\/><\/figure>\n\n\n\n<p><strong>(CESPE \/ PRF \/ POLICIAL \/ 2019) <\/strong><\/p>\n\n\n\n<p>Se prestarmos aten\u00e7\u00e3o \u00e0 nossa\nvolta, perceberemos que quase tudo que vemos existe em raz\u00e3o de atividades do\ntrabalho humano. Os processos de produ\u00e7\u00e3o dos objetos que nos cercam movimentam\nrela\u00e7\u00f5es diversas entre os indiv\u00edduos, <strong>assim\ncomo<\/strong> a organiza\u00e7\u00e3o do trabalho alterou-se bastante entre diferentes sociedades\ne momentos da hist\u00f3ria.<\/p>\n\n\n\n<p>Com\no emprego da express\u00e3o \u201cassim como\u201d (\u2113.8 e 9), estabelece-se uma rela\u00e7\u00e3o de\ncompara\u00e7\u00e3o entre ideias expressas no per\u00edodo.<\/p>\n\n\n\n<p>Coment\u00e1rios: <\/p>\n\n\n\n<p>De fato, \u201cassim como\u201d \u00e9 uma cl\u00e1ssica express\u00e3o comparativa de igualdade. A maioria das gram\u00e1ticas vai corroborar isso. No entanto, a cobran\u00e7a do CESPE \u00e9 baseada no contexto, o enunciado se refere aos sentidos estritos do per\u00edodo. No per\u00edodo considerado, n\u00e3o h\u00e1 propriamente compara\u00e7\u00e3o de ideias, especialmente se considerar \u201cassim como\u201d um indicativo de \u201cigualdade\u201d. <strong><em>N\u00e3o h\u00e1 compara\u00e7\u00e3o de igualdade entre as informa\u00e7\u00f5es de cada frase, h\u00e1 sim sentido de adi\u00e7\u00e3o. <\/em><\/strong><\/p>\n\n\n\n<p>Os\nprocessos de produ\u00e7\u00e3o dos objetos que nos cercam movimentam rela\u00e7\u00f5es diversas\nentre os <strong>indiv\u00edduos E TAMB\u00c9M<\/strong> a\norganiza\u00e7\u00e3o do trabalho alterou-se bastante entre diferentes sociedades e\nmomentos da hist\u00f3ria.<\/p>\n\n\n\n<p>Na frase: fui ao mercado e comprei muitas frutas, assim como carnes para churrasco. H\u00e1 algum sentido comparativo nesse \u201cassim como\u201d? N\u00e3o h\u00e1; o mesmo vale para o texto. A banca olhou para a express\u00e3o de maneira isolada, n\u00e3o aplicada ao contexto do per\u00edodo em exame. &nbsp;<\/p>\n\n\n\n<p>Bom, \u00e9 isso pessoal. Quem quiser atacar os gabaritos acima, sigam as refer\u00eancias acima e argumentem com suas pr\u00f3prias palavras. Modelos de recursos muito semelhantes s\u00e3o sumariamente indeferidos. <\/p>\n\n\n\n<p>Grande abra\u00e7o!<\/p>\n\n\n\n<figure class=\"wp-block-image\"><img decoding=\"async\" src=\"https:\/\/dhg1h5j42swfq.cloudfront.net\/2018\/01\/28150853\/M%C3%8DDIAS-SOCIAIS-FELIPE.png\" alt=\"\" class=\"wp-image-104237\"\/><\/figure>\n\n\n\n<p style=\"font-size:25px\"><u><a rel=\"noreferrer noopener\" aria-label=\"Baixe aqui (opens in a new tab)\" href=\"https:\/\/dhg1h5j42swfq.cloudfront.net\/2019\/02\/06185622\/PROVA-PRF-POLICIAL-2019.pdf\" target=\"_blank\">Baixe aqui\u00a0&#8211;\u00a0Prova\u00a0PRF\u00a0&#8211;\u00a0Comentada<\/a><\/u><\/p>\n","protected":false},"excerpt":{"rendered":"<p>Ol\u00e1, boa noite, pessoal. Tudo tranquilo? Como esper\u00e1vamos, o CESPE foi pol\u00eamico em seu gabarito. Vejamos recursos poss\u00edveis para as duas quest\u00f5es divergentes. Quest\u00e3o 3 3 \u2013 A corre\u00e7\u00e3o gramatical do texto seria mantida caso pronome \u201cse\u201d, em \u201cse sentindo\u201d fosse deslocado para imediatamente ap\u00f3s a forma verbal \u201csentindo\u201d, da seguinte maneira: sentindo-se. Gabarito oficial: [&hellip;]<\/p>\n","protected":false},"author":1,"featured_media":0,"comment_status":"open","ping_status":"closed","sticky":false,"template":"","format":"standard","meta":{"post_tipo":"article","footnotes":""},"categories":[1],"tags":[],"tax_estado":[],"class_list":["post-164306","post","type-post","status-publish","format-standard","hentry","category-cursos-e-concursos"],"acf":[],"yoast_head":"<!-- This site is optimized with the Yoast SEO Premium plugin v27.2 (Yoast SEO v27.2) - https:\/\/yoast.com\/product\/yoast-seo-premium-wordpress\/ -->\n<title>PRF RECURSOS - Portugu\u00eas<\/title>\n<meta name=\"robots\" content=\"index, follow, max-snippet:-1, max-image-preview:large, max-video-preview:-1\" \/>\n<link rel=\"canonical\" href=\"https:\/\/www.estrategiaconcursos.com.br\/blog\/prf-recursos-portugues\/\" \/>\n<meta property=\"og:locale\" content=\"pt_BR\" \/>\n<meta property=\"og:type\" content=\"article\" \/>\n<meta property=\"og:title\" content=\"PRF RECURSOS - Portugu\u00eas\" \/>\n<meta property=\"og:description\" content=\"Ol\u00e1, boa noite, pessoal. Tudo tranquilo? Como esper\u00e1vamos, o CESPE foi pol\u00eamico em seu gabarito. Vejamos recursos poss\u00edveis para as duas quest\u00f5es divergentes. Quest\u00e3o 3 3 \u2013 A corre\u00e7\u00e3o gramatical do texto seria mantida caso pronome \u201cse\u201d, em \u201cse sentindo\u201d fosse deslocado para imediatamente ap\u00f3s a forma verbal \u201csentindo\u201d, da seguinte maneira: sentindo-se. Gabarito oficial: [&hellip;]\" \/>\n<meta property=\"og:url\" content=\"https:\/\/www.estrategiaconcursos.com.br\/blog\/prf-recursos-portugues\/\" \/>\n<meta property=\"og:site_name\" content=\"Estrat\u00e9gia Concursos\" \/>\n<meta property=\"article:author\" content=\"https:\/\/www.facebook.com\/EstrategiaConcursos\" \/>\n<meta property=\"article:published_time\" content=\"2019-02-04T22:45:28+00:00\" \/>\n<meta property=\"article:modified_time\" content=\"2019-02-06T21:57:11+00:00\" \/>\n<meta property=\"og:image\" content=\"https:\/\/www.estrategiaconcursos.com.br\/blog\/wp-content\/uploads\/2019\/02\/image42.png\" \/>\n<meta name=\"author\" content=\"Coordena\u00e7\u00e3o\" \/>\n<meta name=\"twitter:card\" content=\"summary_large_image\" \/>\n<meta name=\"twitter:creator\" content=\"@EstratConcursos\" \/>\n<meta name=\"twitter:site\" content=\"@EstratConcursos\" \/>\n<meta name=\"twitter:label1\" content=\"Escrito por\" \/>\n\t<meta name=\"twitter:data1\" content=\"Coordena\u00e7\u00e3o\" \/>\n\t<meta name=\"twitter:label2\" content=\"Est. tempo de leitura\" \/>\n\t<meta name=\"twitter:data2\" content=\"3 minutos\" \/>\n<script type=\"application\/ld+json\" class=\"yoast-schema-graph\">{\"@context\":\"https:\/\/schema.org\",\"@graph\":[{\"@type\":\"NewsArticle\",\"@id\":\"https:\/\/www.estrategiaconcursos.com.br\/blog\/prf-recursos-portugues\/#article\",\"isPartOf\":{\"@id\":\"https:\/\/www.estrategiaconcursos.com.br\/blog\/prf-recursos-portugues\/\"},\"author\":{\"name\":\"Coordena\u00e7\u00e3o\",\"@id\":\"https:\/\/www.estrategiaconcursos.com.br\/blog\/#\/schema\/person\/b4a388c97673c5f483d72185668afa1f\"},\"headline\":\"PRF RECURSOS &#8211; Portugu\u00eas\",\"datePublished\":\"2019-02-04T22:45:28+00:00\",\"dateModified\":\"2019-02-06T21:57:11+00:00\",\"mainEntityOfPage\":{\"@id\":\"https:\/\/www.estrategiaconcursos.com.br\/blog\/prf-recursos-portugues\/\"},\"wordCount\":632,\"commentCount\":7,\"publisher\":{\"@id\":\"https:\/\/www.estrategiaconcursos.com.br\/blog\/#organization\"},\"image\":{\"@id\":\"https:\/\/www.estrategiaconcursos.com.br\/blog\/prf-recursos-portugues\/#primaryimage\"},\"thumbnailUrl\":\"https:\/\/www.estrategiaconcursos.com.br\/blog\/wp-content\/uploads\/2019\/02\/image42.png\",\"articleSection\":[\"Concursos P\u00fablicos\"],\"inLanguage\":\"pt-BR\",\"potentialAction\":[{\"@type\":\"CommentAction\",\"name\":\"Comment\",\"target\":[\"https:\/\/www.estrategiaconcursos.com.br\/blog\/prf-recursos-portugues\/#respond\"]}],\"copyrightYear\":\"2019\",\"copyrightHolder\":{\"@id\":\"https:\/\/www.estrategiaconcursos.com.br\/blog\/#organization\"}},{\"@type\":\"WebPage\",\"@id\":\"https:\/\/www.estrategiaconcursos.com.br\/blog\/prf-recursos-portugues\/\",\"url\":\"https:\/\/www.estrategiaconcursos.com.br\/blog\/prf-recursos-portugues\/\",\"name\":\"PRF RECURSOS - Portugu\u00eas\",\"isPartOf\":{\"@id\":\"https:\/\/www.estrategiaconcursos.com.br\/blog\/#website\"},\"primaryImageOfPage\":{\"@id\":\"https:\/\/www.estrategiaconcursos.com.br\/blog\/prf-recursos-portugues\/#primaryimage\"},\"image\":{\"@id\":\"https:\/\/www.estrategiaconcursos.com.br\/blog\/prf-recursos-portugues\/#primaryimage\"},\"thumbnailUrl\":\"https:\/\/www.estrategiaconcursos.com.br\/blog\/wp-content\/uploads\/2019\/02\/image42.png\",\"datePublished\":\"2019-02-04T22:45:28+00:00\",\"dateModified\":\"2019-02-06T21:57:11+00:00\",\"breadcrumb\":{\"@id\":\"https:\/\/www.estrategiaconcursos.com.br\/blog\/prf-recursos-portugues\/#breadcrumb\"},\"inLanguage\":\"pt-BR\",\"potentialAction\":[{\"@type\":\"ReadAction\",\"target\":[\"https:\/\/www.estrategiaconcursos.com.br\/blog\/prf-recursos-portugues\/\"]}]},{\"@type\":\"ImageObject\",\"inLanguage\":\"pt-BR\",\"@id\":\"https:\/\/www.estrategiaconcursos.com.br\/blog\/prf-recursos-portugues\/#primaryimage\",\"url\":\"https:\/\/dhg1h5j42swfq.cloudfront.net\/2019\/02\/04193455\/image42.png\",\"contentUrl\":\"https:\/\/dhg1h5j42swfq.cloudfront.net\/2019\/02\/04193455\/image42.png\",\"width\":567,\"height\":103},{\"@type\":\"BreadcrumbList\",\"@id\":\"https:\/\/www.estrategiaconcursos.com.br\/blog\/prf-recursos-portugues\/#breadcrumb\",\"itemListElement\":[{\"@type\":\"ListItem\",\"position\":1,\"name\":\"In\u00edcio\",\"item\":\"https:\/\/www.estrategiaconcursos.com.br\/blog\/\"},{\"@type\":\"ListItem\",\"position\":2,\"name\":\"PRF RECURSOS &#8211; Portugu\u00eas\"}]},{\"@type\":\"WebSite\",\"@id\":\"https:\/\/www.estrategiaconcursos.com.br\/blog\/#website\",\"url\":\"https:\/\/www.estrategiaconcursos.com.br\/blog\/\",\"name\":\"Estrat\u00e9gia Concursos\",\"description\":\"O blog da Estrat\u00e9gia Concursos traz not\u00edcias sobre concursos e artigos de professores oferecendo cursos para concursos (pdf + videaulas) no site.\",\"publisher\":{\"@id\":\"https:\/\/www.estrategiaconcursos.com.br\/blog\/#organization\"},\"potentialAction\":[{\"@type\":\"SearchAction\",\"target\":{\"@type\":\"EntryPoint\",\"urlTemplate\":\"https:\/\/www.estrategiaconcursos.com.br\/blog\/?s={search_term_string}\"},\"query-input\":{\"@type\":\"PropertyValueSpecification\",\"valueRequired\":true,\"valueName\":\"search_term_string\"}}],\"inLanguage\":\"pt-BR\"},{\"@type\":\"Organization\",\"@id\":\"https:\/\/www.estrategiaconcursos.com.br\/blog\/#organization\",\"name\":\"Estrat\u00e9gia Concursos\",\"url\":\"https:\/\/www.estrategiaconcursos.com.br\/blog\/\",\"logo\":{\"@type\":\"ImageObject\",\"inLanguage\":\"pt-BR\",\"@id\":\"https:\/\/www.estrategiaconcursos.com.br\/blog\/#\/schema\/logo\/image\/\",\"url\":\"https:\/\/dhg1h5j42swfq.cloudfront.net\/2025\/06\/03203428\/logo_concursos-1.jpg\",\"contentUrl\":\"https:\/\/dhg1h5j42swfq.cloudfront.net\/2025\/06\/03203428\/logo_concursos-1.jpg\",\"width\":230,\"height\":60,\"caption\":\"Estrat\u00e9gia Concursos\"},\"image\":{\"@id\":\"https:\/\/www.estrategiaconcursos.com.br\/blog\/#\/schema\/logo\/image\/\"},\"sameAs\":[\"https:\/\/x.com\/EstratConcursos\"]},{\"@type\":\"Person\",\"@id\":\"https:\/\/www.estrategiaconcursos.com.br\/blog\/#\/schema\/person\/b4a388c97673c5f483d72185668afa1f\",\"name\":\"Coordena\u00e7\u00e3o\",\"image\":{\"@type\":\"ImageObject\",\"inLanguage\":\"pt-BR\",\"@id\":\"https:\/\/secure.gravatar.com\/avatar\/b720319e4c9a967eb58678d110f4fe35452fc5d5f97b202bac7b8acceb18c6ad?s=96&d=mm&r=g\",\"url\":\"https:\/\/secure.gravatar.com\/avatar\/b720319e4c9a967eb58678d110f4fe35452fc5d5f97b202bac7b8acceb18c6ad?s=96&d=mm&r=g\",\"contentUrl\":\"https:\/\/secure.gravatar.com\/avatar\/b720319e4c9a967eb58678d110f4fe35452fc5d5f97b202bac7b8acceb18c6ad?s=96&d=mm&r=g\",\"caption\":\"Coordena\u00e7\u00e3o\"},\"sameAs\":[\"https:\/\/www.facebook.com\/EstrategiaConcursos\",\"https:\/\/x.com\/EstratConcursos\"],\"url\":\"https:\/\/www.estrategiaconcursos.com.br\/blog\/author\/estrategia2013\/\"}]}<\/script>\n<!-- \/ Yoast SEO Premium plugin. -->","yoast_head_json":{"title":"PRF RECURSOS - Portugu\u00eas","robots":{"index":"index","follow":"follow","max-snippet":"max-snippet:-1","max-image-preview":"max-image-preview:large","max-video-preview":"max-video-preview:-1"},"canonical":"https:\/\/www.estrategiaconcursos.com.br\/blog\/prf-recursos-portugues\/","og_locale":"pt_BR","og_type":"article","og_title":"PRF RECURSOS - Portugu\u00eas","og_description":"Ol\u00e1, boa noite, pessoal. Tudo tranquilo? Como esper\u00e1vamos, o CESPE foi pol\u00eamico em seu gabarito. Vejamos recursos poss\u00edveis para as duas quest\u00f5es divergentes. Quest\u00e3o 3 3 \u2013 A corre\u00e7\u00e3o gramatical do texto seria mantida caso pronome \u201cse\u201d, em \u201cse sentindo\u201d fosse deslocado para imediatamente ap\u00f3s a forma verbal \u201csentindo\u201d, da seguinte maneira: sentindo-se. Gabarito oficial: [&hellip;]","og_url":"https:\/\/www.estrategiaconcursos.com.br\/blog\/prf-recursos-portugues\/","og_site_name":"Estrat\u00e9gia Concursos","article_author":"https:\/\/www.facebook.com\/EstrategiaConcursos","article_published_time":"2019-02-04T22:45:28+00:00","article_modified_time":"2019-02-06T21:57:11+00:00","og_image":[{"url":"https:\/\/www.estrategiaconcursos.com.br\/blog\/wp-content\/uploads\/2019\/02\/image42.png","type":"","width":"","height":""}],"author":"Coordena\u00e7\u00e3o","twitter_card":"summary_large_image","twitter_creator":"@EstratConcursos","twitter_site":"@EstratConcursos","twitter_misc":{"Escrito por":"Coordena\u00e7\u00e3o","Est. tempo de leitura":"3 minutos"},"schema":{"@context":"https:\/\/schema.org","@graph":[{"@type":"NewsArticle","@id":"https:\/\/www.estrategiaconcursos.com.br\/blog\/prf-recursos-portugues\/#article","isPartOf":{"@id":"https:\/\/www.estrategiaconcursos.com.br\/blog\/prf-recursos-portugues\/"},"author":{"name":"Coordena\u00e7\u00e3o","@id":"https:\/\/www.estrategiaconcursos.com.br\/blog\/#\/schema\/person\/b4a388c97673c5f483d72185668afa1f"},"headline":"PRF RECURSOS &#8211; Portugu\u00eas","datePublished":"2019-02-04T22:45:28+00:00","dateModified":"2019-02-06T21:57:11+00:00","mainEntityOfPage":{"@id":"https:\/\/www.estrategiaconcursos.com.br\/blog\/prf-recursos-portugues\/"},"wordCount":632,"commentCount":7,"publisher":{"@id":"https:\/\/www.estrategiaconcursos.com.br\/blog\/#organization"},"image":{"@id":"https:\/\/www.estrategiaconcursos.com.br\/blog\/prf-recursos-portugues\/#primaryimage"},"thumbnailUrl":"https:\/\/www.estrategiaconcursos.com.br\/blog\/wp-content\/uploads\/2019\/02\/image42.png","articleSection":["Concursos P\u00fablicos"],"inLanguage":"pt-BR","potentialAction":[{"@type":"CommentAction","name":"Comment","target":["https:\/\/www.estrategiaconcursos.com.br\/blog\/prf-recursos-portugues\/#respond"]}],"copyrightYear":"2019","copyrightHolder":{"@id":"https:\/\/www.estrategiaconcursos.com.br\/blog\/#organization"}},{"@type":"WebPage","@id":"https:\/\/www.estrategiaconcursos.com.br\/blog\/prf-recursos-portugues\/","url":"https:\/\/www.estrategiaconcursos.com.br\/blog\/prf-recursos-portugues\/","name":"PRF RECURSOS - Portugu\u00eas","isPartOf":{"@id":"https:\/\/www.estrategiaconcursos.com.br\/blog\/#website"},"primaryImageOfPage":{"@id":"https:\/\/www.estrategiaconcursos.com.br\/blog\/prf-recursos-portugues\/#primaryimage"},"image":{"@id":"https:\/\/www.estrategiaconcursos.com.br\/blog\/prf-recursos-portugues\/#primaryimage"},"thumbnailUrl":"https:\/\/www.estrategiaconcursos.com.br\/blog\/wp-content\/uploads\/2019\/02\/image42.png","datePublished":"2019-02-04T22:45:28+00:00","dateModified":"2019-02-06T21:57:11+00:00","breadcrumb":{"@id":"https:\/\/www.estrategiaconcursos.com.br\/blog\/prf-recursos-portugues\/#breadcrumb"},"inLanguage":"pt-BR","potentialAction":[{"@type":"ReadAction","target":["https:\/\/www.estrategiaconcursos.com.br\/blog\/prf-recursos-portugues\/"]}]},{"@type":"ImageObject","inLanguage":"pt-BR","@id":"https:\/\/www.estrategiaconcursos.com.br\/blog\/prf-recursos-portugues\/#primaryimage","url":"https:\/\/dhg1h5j42swfq.cloudfront.net\/2019\/02\/04193455\/image42.png","contentUrl":"https:\/\/dhg1h5j42swfq.cloudfront.net\/2019\/02\/04193455\/image42.png","width":567,"height":103},{"@type":"BreadcrumbList","@id":"https:\/\/www.estrategiaconcursos.com.br\/blog\/prf-recursos-portugues\/#breadcrumb","itemListElement":[{"@type":"ListItem","position":1,"name":"In\u00edcio","item":"https:\/\/www.estrategiaconcursos.com.br\/blog\/"},{"@type":"ListItem","position":2,"name":"PRF RECURSOS &#8211; Portugu\u00eas"}]},{"@type":"WebSite","@id":"https:\/\/www.estrategiaconcursos.com.br\/blog\/#website","url":"https:\/\/www.estrategiaconcursos.com.br\/blog\/","name":"Estrat\u00e9gia Concursos","description":"O blog da Estrat\u00e9gia Concursos traz not\u00edcias sobre concursos e artigos de professores oferecendo cursos para concursos (pdf + videaulas) no site.","publisher":{"@id":"https:\/\/www.estrategiaconcursos.com.br\/blog\/#organization"},"potentialAction":[{"@type":"SearchAction","target":{"@type":"EntryPoint","urlTemplate":"https:\/\/www.estrategiaconcursos.com.br\/blog\/?s={search_term_string}"},"query-input":{"@type":"PropertyValueSpecification","valueRequired":true,"valueName":"search_term_string"}}],"inLanguage":"pt-BR"},{"@type":"Organization","@id":"https:\/\/www.estrategiaconcursos.com.br\/blog\/#organization","name":"Estrat\u00e9gia Concursos","url":"https:\/\/www.estrategiaconcursos.com.br\/blog\/","logo":{"@type":"ImageObject","inLanguage":"pt-BR","@id":"https:\/\/www.estrategiaconcursos.com.br\/blog\/#\/schema\/logo\/image\/","url":"https:\/\/dhg1h5j42swfq.cloudfront.net\/2025\/06\/03203428\/logo_concursos-1.jpg","contentUrl":"https:\/\/dhg1h5j42swfq.cloudfront.net\/2025\/06\/03203428\/logo_concursos-1.jpg","width":230,"height":60,"caption":"Estrat\u00e9gia Concursos"},"image":{"@id":"https:\/\/www.estrategiaconcursos.com.br\/blog\/#\/schema\/logo\/image\/"},"sameAs":["https:\/\/x.com\/EstratConcursos"]},{"@type":"Person","@id":"https:\/\/www.estrategiaconcursos.com.br\/blog\/#\/schema\/person\/b4a388c97673c5f483d72185668afa1f","name":"Coordena\u00e7\u00e3o","image":{"@type":"ImageObject","inLanguage":"pt-BR","@id":"https:\/\/secure.gravatar.com\/avatar\/b720319e4c9a967eb58678d110f4fe35452fc5d5f97b202bac7b8acceb18c6ad?s=96&d=mm&r=g","url":"https:\/\/secure.gravatar.com\/avatar\/b720319e4c9a967eb58678d110f4fe35452fc5d5f97b202bac7b8acceb18c6ad?s=96&d=mm&r=g","contentUrl":"https:\/\/secure.gravatar.com\/avatar\/b720319e4c9a967eb58678d110f4fe35452fc5d5f97b202bac7b8acceb18c6ad?s=96&d=mm&r=g","caption":"Coordena\u00e7\u00e3o"},"sameAs":["https:\/\/www.facebook.com\/EstrategiaConcursos","https:\/\/x.com\/EstratConcursos"],"url":"https:\/\/www.estrategiaconcursos.com.br\/blog\/author\/estrategia2013\/"}]}},"_links":{"self":[{"href":"https:\/\/www.estrategiaconcursos.com.br\/blog\/wp-json\/wp\/v2\/posts\/164306","targetHints":{"allow":["GET"]}}],"collection":[{"href":"https:\/\/www.estrategiaconcursos.com.br\/blog\/wp-json\/wp\/v2\/posts"}],"about":[{"href":"https:\/\/www.estrategiaconcursos.com.br\/blog\/wp-json\/wp\/v2\/types\/post"}],"author":[{"embeddable":true,"href":"https:\/\/www.estrategiaconcursos.com.br\/blog\/wp-json\/wp\/v2\/users\/1"}],"replies":[{"embeddable":true,"href":"https:\/\/www.estrategiaconcursos.com.br\/blog\/wp-json\/wp\/v2\/comments?post=164306"}],"version-history":[{"count":4,"href":"https:\/\/www.estrategiaconcursos.com.br\/blog\/wp-json\/wp\/v2\/posts\/164306\/revisions"}],"predecessor-version":[{"id":164826,"href":"https:\/\/www.estrategiaconcursos.com.br\/blog\/wp-json\/wp\/v2\/posts\/164306\/revisions\/164826"}],"wp:attachment":[{"href":"https:\/\/www.estrategiaconcursos.com.br\/blog\/wp-json\/wp\/v2\/media?parent=164306"}],"wp:term":[{"taxonomy":"category","embeddable":true,"href":"https:\/\/www.estrategiaconcursos.com.br\/blog\/wp-json\/wp\/v2\/categories?post=164306"},{"taxonomy":"post_tag","embeddable":true,"href":"https:\/\/www.estrategiaconcursos.com.br\/blog\/wp-json\/wp\/v2\/tags?post=164306"},{"taxonomy":"tax_estado","embeddable":true,"href":"https:\/\/www.estrategiaconcursos.com.br\/blog\/wp-json\/wp\/v2\/tax_estado?post=164306"}],"curies":[{"name":"wp","href":"https:\/\/api.w.org\/{rel}","templated":true}]}}