{"id":164241,"date":"2019-02-04T14:45:27","date_gmt":"2019-02-04T17:45:27","guid":{"rendered":"https:\/\/www.estrategiaconcursos.com.br\/blog\/?p=164241"},"modified":"2019-04-15T21:24:41","modified_gmt":"2019-04-16T00:24:41","slug":"cespe-divulga-gabarito-prf","status":"publish","type":"post","link":"https:\/\/www.estrategiaconcursos.com.br\/blog\/cespe-divulga-gabarito-prf\/","title":{"rendered":"Cespe divulga Gabarito PRF e Cadernos de Provas nesta segunda-feira, 04\/02"},"content":{"rendered":"\n<p style=\"font-size:25px\"><em>Gabarito PRF: preencha suas respostas e confira sua poss\u00edvel nota\u00a0no\u00a0Ranking<\/em><\/p>\n\n\n\n<p>O Cespe\/Cebraspe, banca organizadora do concurso da Pol\u00edcia Rodovi\u00e1ria Federal, divulga na noite desta segunda-feira, 04 de fevereiro, a partir das 19h, os Cadernos de Quest\u00f5es e os Gabaritos Oficiais Preliminares da prova da PRF aplicada no \u00faltimo domingo, 03.<\/p>\n\n\n\n<p>Quase 130 mil candidatos se inscreveram para o concurso que teve edital publicado ainda em 2018 com a oferta de 500 vagas para Policial Rodovi\u00e1rio Federal.<\/p>\n\n\n\n<p>Voc\u00ea que n\u00e3o acompanhou, os professores do Estrat\u00e9gia Concursos participaram ainda na noite de ontem, 3 de fevereiro, de uma transmiss\u00e3o AO VIVO corrigindo as quest\u00f5es da prova e comentando cada item cobrado pelo Cespe, logo ap\u00f3s a aplica\u00e7\u00e3o da prova PRF.<\/p>\n\n\n\n<p>Hoje, o trabalho dos professores est\u00e1 na an\u00e1lise do gabarito da banca. Com a divulga\u00e7\u00e3o dos gabaritos oficiais, os professores devem avaliar cada item para indicar a voc\u00ea quest\u00f5es que s\u00e3o pass\u00edveis de recurso.<\/p>\n\n\n\n<p>Eles j\u00e1 fizeram isso naturalmente com posts ainda no domingo. Mas, a interpreta\u00e7\u00e3o da banca pode ser diferente em uma ou outra quest\u00e3o. Por isso, fiquem atentos aos artigos dos nossos professores. \u00c0 medida em que eles forem postando, os links dos artigos ser\u00e3o divulgados aqui, nesta p\u00e1gina.<\/p>\n\n\n\n<h2 class=\"wp-block-heading\">Gabarito e Ranking PRF<\/h2>\n\n\n\n<p>Quase 130 mil candidatos se inscreveram para prestar as provas do concurso da PRF, que oferta 500 vagas imediatas. Diante da ansiedade, muitos concurseiros aguardam a divulga\u00e7\u00e3o dos Gabaritos para conferir seus desempenhos.<\/p>\n\n\n\n<p>Se voc\u00ea ainda n\u00e3o participou do Ranking, esta \u00e9 a hora. O Estrat\u00e9gia Concursos lan\u00e7ou o Ranking para voc\u00ea cadastrar suas respostas e conferir sua posi\u00e7\u00e3o na lista de classifica\u00e7\u00e3o extraoficial criada pelo sistema. Dessa forma, voc\u00ea consegue ver o seu desempenho e ainda poder comparar com os dos outros candidatos.<\/p>\n\n\n\n<p style=\"font-size:25px\" class=\"has-background has-very-light-gray-background-color\"><em>Preencha aqui seu gabarito PRF <a href=\"https:\/\/docs.google.com\/forms\/d\/1hv6n7Dp-SMbGiGyVWsTIJ8eeYp0mcJgd3uhJzM75EcI\/edit?usp=sharing\">clique aqui<\/a><\/em><\/p>\n\n\n\n<p style=\"font-size:25px\" class=\"has-background has-very-light-gray-background-color\"><em>Confira o <u><a href=\"https:\/\/www.estrategiaconcursos.com.br\/blog\/gabarito-prf-2019\/\" target=\"_blank\" rel=\"noreferrer noopener\" aria-label=\"Gabarito PRF (opens in a new tab)\">Gabarito PRF<\/a><\/u>&#8230;<\/em><\/p>\n\n\n\n<p style=\"font-size:25px\"><u><a href=\"https:\/\/docs.google.com\/spreadsheets\/d\/e\/2PACX-1vSKcPfsLb22yDeY_HjeTJx72Ui6iWPQ3REj0wUdtmqdvaj8QXpv8rEoclgfjRJBP4lsubuirfww1EhO\/pubhtml\" target=\"_blank\" rel=\"noreferrer noopener\" aria-label=\"Ranking - Acre (opens in a new tab)\">Ranking &#8211; Acre<\/a><\/u><\/p>\n\n\n\n<p style=\"font-size:25px\"><u><a href=\"https:\/\/docs.google.com\/spreadsheets\/d\/e\/2PACX-1vQWKjWxm9l59ufdKXgz5R25FhB4HpRT6yVZXhANwED1weZud1H-gnxM5Y2HpA_gdKZBlITQEr_obF37\/pubhtml\" target=\"_blank\" rel=\"noreferrer noopener\" aria-label=\"Ranking - Amazonas (opens in a new tab)\">Ranking &#8211; Amazonas<\/a><\/u><\/p>\n\n\n\n<p style=\"font-size:25px\"><u><a href=\"https:\/\/docs.google.com\/spreadsheets\/d\/e\/2PACX-1vSOchvGCg9y10uwCiw-PBGA9JlKkGvViXCYcnmFZtOcSIKc3a0fkUJ4fHViX0tFHFGiTUNEnwm79jSY\/pubhtml\" target=\"_blank\" rel=\"noreferrer noopener\" aria-label=\"Ranking - Amap\u00e1 (opens in a new tab)\">Ranking &#8211; Amap\u00e1<\/a><\/u><\/p>\n\n\n\n<p style=\"font-size:25px\"><u><a href=\"https:\/\/docs.google.com\/spreadsheets\/d\/e\/2PACX-1vQwoYXfOKSMJzXEY4lPlnU5OcAZ6i54U3Vij54oSWw_IMlY3C10QeAxW9CeNJc-umJ6Eg5ZcHt64HHy\/pubhtml\" target=\"_blank\" rel=\"noreferrer noopener\" aria-label=\"Ranking - Bahia (opens in a new tab)\">Ranking &#8211; Bahia<\/a><\/u><\/p>\n\n\n\n<p style=\"font-size:25px\"><u><a href=\"https:\/\/docs.google.com\/spreadsheets\/d\/e\/2PACX-1vTNv0jdI8KAhP7ChBCP8C5n9KBeh9_N3iDcTGvMaxR6ap_wt2tHzXws5sk5T7bATRGml1NBx2Ax7JSz\/pubhtml\" target=\"_blank\" rel=\"noreferrer noopener\" aria-label=\"Ranking - Goi\u00e1s (opens in a new tab)\">Ranking &#8211; Goi\u00e1s<\/a><\/u><\/p>\n\n\n\n<p style=\"font-size:25px\"><u><a href=\"https:\/\/docs.google.com\/spreadsheets\/d\/e\/2PACX-1vSQ_B7LSIXamYTcbTX9tzF8SZJSCpQezHhYOY0l_QRKlLIfFdi8m5GV6OZc19TBV3BMolB09x4cMFq2\/pubhtml\" target=\"_blank\" rel=\"noreferrer noopener\" aria-label=\"Ranking - Maranh\u00e3o (opens in a new tab)\">Ranking &#8211; Maranh\u00e3o<\/a><\/u><\/p>\n\n\n\n<p style=\"font-size:25px\"><u><a href=\"https:\/\/docs.google.com\/spreadsheets\/d\/e\/2PACX-1vQtfIREFavKQqyvVSI9wGMFob-OrW1oQD97zugbd6ejS9HdyduHk3HOCs1sSQW6A2vqWi1NrLxMWgXq\/pubhtml\" target=\"_blank\" rel=\"noreferrer noopener\" aria-label=\"Ranking - Minas Gerais (opens in a new tab)\">Ranking &#8211; Minas Gerais<\/a><\/u><\/p>\n\n\n\n<p style=\"font-size:25px\"><u><a href=\"https:\/\/docs.google.com\/spreadsheets\/d\/e\/2PACX-1vSmWhBIMVBGRlcBI23bE8vGCWCTI9K7RM2Kn-BMPC9JjEAk3hyQWTgnGfR095e1ZAV2V-grmyC5EtR6\/pubhtml\" target=\"_blank\" rel=\"noreferrer noopener\" aria-label=\"Ranking - Mato Grosso do Sul (opens in a new tab)\">Ranking &#8211; Mato Grosso do Sul<\/a><\/u><\/p>\n\n\n\n<p style=\"font-size:25px\"><u><a href=\"https:\/\/docs.google.com\/spreadsheets\/d\/e\/2PACX-1vTU5hmOS1rJUmQRPxt2w7TvQbj6ojl4bOCz6YBLumL2sNNn9LoXWYxp6fwjCL0PBuSplkqVd7NgRGBT\/pubhtml\" target=\"_blank\" rel=\"noreferrer noopener\" aria-label=\"Ranking - Mato Grosso (opens in a new tab)\">Ranking &#8211; Mato Grosso<\/a><\/u><\/p>\n\n\n\n<p style=\"font-size:25px\"><u><a href=\"https:\/\/docs.google.com\/spreadsheets\/d\/e\/2PACX-1vRrysONX7VqQAwyymIdne2S7Yk_QmsQC5fN0SjNZovTr3uHhmvFi1fMBCaGJShq47j56dsstZXVBqy9\/pubhtml\" target=\"_blank\" rel=\"noreferrer noopener\" aria-label=\"Ranking - Par\u00e1 (opens in a new tab)\">Ranking &#8211; Par\u00e1<\/a><\/u><\/p>\n\n\n\n<p style=\"font-size:25px\"><u><a href=\"https:\/\/docs.google.com\/spreadsheets\/d\/e\/2PACX-1vQGT-9ZL5caBDENrEEQ76g6vNVbug8jia4Zw-VcCKfu8SIyGfn-gcz8EBmAQF6yD4NPfn57VfcjmQD0\/pubhtml\" target=\"_blank\" rel=\"noreferrer noopener\" aria-label=\"Ranking - Piau\u00ed (opens in a new tab)\">Ranking &#8211; Piau\u00ed<\/a><\/u><\/p>\n\n\n\n<p style=\"font-size:25px\"><u><a href=\"https:\/\/docs.google.com\/spreadsheets\/d\/e\/2PACX-1vSphHj7YqlCgS2gXgLWgY_nTqq4iQJDgYI0CsQh9j23xs1tyssWRpPrvGSgeRdWTkcv0_X9PmQm2G_z\/pubhtml\" target=\"_blank\" rel=\"noreferrer noopener\" aria-label=\"Ranking - Rio de Janeiro (opens in a new tab)\">Ranking &#8211; Rio de Janeiro<\/a><\/u><\/p>\n\n\n\n<p style=\"font-size:25px\"><u><a href=\"https:\/\/docs.google.com\/spreadsheets\/d\/e\/2PACX-1vT9t_fhGN6ADF0WjWVSt0iuZS9iR90Kyvz0L_iAfC1E5rKMR_Leh8yIK0KWBTnth659swcjB9G2ZNGB\/pubhtml\" target=\"_blank\" rel=\"noreferrer noopener\" aria-label=\"Ranking - Rond\u00f4nia (opens in a new tab)\">Ranking &#8211; Rond\u00f4nia<\/a><\/u><\/p>\n\n\n\n<p style=\"font-size:25px\"><u><a href=\"https:\/\/docs.google.com\/spreadsheets\/d\/e\/2PACX-1vRqwq6iusVaIjnGXcZ_2dNEz-x7aNwVs1rXiqswwAjbC-S5dHLl6ux-d7u4mKU5FlJjaiJnMJpsUsQj\/pubhtml\" target=\"_blank\" rel=\"noreferrer noopener\" aria-label=\"Ranking - Roraima (opens in a new tab)\">Ranking &#8211; Roraima<\/a><\/u><\/p>\n\n\n\n<p style=\"font-size:25px\"><u><a href=\"https:\/\/docs.google.com\/spreadsheets\/d\/e\/2PACX-1vTr20W6frLNS7mCpDk6gxSmI098TETBbuR_5HTNorpeV_2i_56SKE7lvBNfqZYmRquL38EfgV91hPhd\/pubhtml\" target=\"_blank\" rel=\"noreferrer noopener\" aria-label=\"Ranking - Rio Grande do Sul (opens in a new tab)\">Ranking &#8211; Rio Grande do Sul<\/a><\/u><\/p>\n\n\n\n<p style=\"font-size:25px\"><u><a href=\"https:\/\/docs.google.com\/spreadsheets\/d\/e\/2PACX-1vTdHBRUf0CR56-DALNMt4_jC0K6Mj1s3STCuD5A1Hzc57DlGzQWkaIT9SsBNpveTL7YMXaFX3K_hHVC\/pubhtml\" target=\"_blank\" rel=\"noreferrer noopener\" aria-label=\"Ranking - S\u00e3o Paulo (opens in a new tab)\">Ranking &#8211; S\u00e3o Paulo<\/a><\/u><\/p>\n\n\n\n<p style=\"font-size:25px\"><u><a rel=\"noreferrer noopener\" aria-label=\"Ranking - Tocantins (opens in a new tab)\" href=\"https:\/\/docs.google.com\/spreadsheets\/d\/e\/2PACX-1vRNgCVA3VDNxiC4pLHqWryqA6zOe5zBm1-7A1OsiV1O0fGX1ctfo_YDFcKcB4FsSlHeoympoHlh5vg5\/pubhtml\" target=\"_blank\">Ranking &#8211; Tocantins<\/a><\/u><\/p>\n\n\n\n<p style=\"font-size:25px;text-align:center\"><em><strong>Assinatura Anual Ilimitada*<\/strong><\/em><\/p>\n\n\n\n<p style=\"text-align:center\"><em>Prepare-se com o melhor material e com quem mais aprova em&nbsp;Concursos P\u00fablicos de todo o pa\u00eds. Assine agora a nossa Assinatura Anual e tenha acesso ilimitado* a todos os nossos cursos.<\/em><\/p>\n\n\n\n<figure class=\"wp-block-image\"><a href=\"https:\/\/www.estrategiaconcursos.com.br\/assinaturas\" target=\"_blank\" rel=\"noreferrer noopener\"><img loading=\"lazy\" decoding=\"async\" width=\"1280\" height=\"320\" src=\"https:\/\/dhg1h5j42swfq.cloudfront.net\/2019\/01\/05095728\/f9e9c4d5-4e91-43ab-a27a-34d4c0d3f891.jpg\" alt=\"Assinatura Ilimitada Gabarito PRF\" class=\"wp-image-157836\" srcset=\"https:\/\/dhg1h5j42swfq.cloudfront.net\/2019\/01\/05095728\/f9e9c4d5-4e91-43ab-a27a-34d4c0d3f891.jpg 1280w, https:\/\/dhg1h5j42swfq.cloudfront.net\/2019\/01\/05095728\/f9e9c4d5-4e91-43ab-a27a-34d4c0d3f891.jpg 300w, https:\/\/dhg1h5j42swfq.cloudfront.net\/2019\/01\/05095728\/f9e9c4d5-4e91-43ab-a27a-34d4c0d3f891.jpg 768w, https:\/\/dhg1h5j42swfq.cloudfront.net\/2019\/01\/05095728\/f9e9c4d5-4e91-43ab-a27a-34d4c0d3f891.jpg 1024w\" sizes=\"auto, (max-width: 1280px) 100vw, 1280px\" \/><\/a><\/figure>\n\n\n\n<p style=\"font-size:25px;text-align:center\" class=\"has-background has-very-light-gray-background-color\"><strong><em><a rel=\"noreferrer noopener\" href=\"https:\/\/www.estrategiaconcursos.com.br\/blog\/concursos-2019\/\" target=\"_blank\">Concursos 2019<\/a><\/em><\/strong><\/p>\n\n\n\n<p style=\"font-size:25px;text-align:center\" class=\"has-background has-very-light-gray-background-color\"><strong><em><a rel=\"noreferrer noopener\" href=\"https:\/\/www.estrategiaconcursos.com.br\/blog\/concursos-abertos\/\" target=\"_blank\">Concursos Abertos<\/a><\/em><\/strong><\/p>\n","protected":false},"excerpt":{"rendered":"<p>Gabarito PRF: preencha suas respostas e confira sua poss\u00edvel nota\u00a0no\u00a0Ranking O Cespe\/Cebraspe, banca organizadora do concurso da Pol\u00edcia Rodovi\u00e1ria Federal, divulga na noite desta segunda-feira, 04 de fevereiro, a partir das 19h, os Cadernos de Quest\u00f5es e os Gabaritos Oficiais Preliminares da prova da PRF aplicada no \u00faltimo domingo, 03. Quase 130 mil candidatos se [&hellip;]<\/p>\n","protected":false},"author":1,"featured_media":163778,"comment_status":"open","ping_status":"closed","sticky":false,"template":"","format":"standard","meta":{"post_tipo":"news","footnotes":""},"categories":[1],"tags":[],"tax_estado":[],"class_list":["post-164241","post","type-post","status-publish","format-standard","has-post-thumbnail","hentry","category-cursos-e-concursos"],"acf":[],"yoast_head":"<!-- This site is optimized with the Yoast SEO Premium plugin v27.2 (Yoast SEO v27.2) - https:\/\/yoast.com\/product\/yoast-seo-premium-wordpress\/ -->\n<title>Cespe divulga Gabarito PRF e Cadernos de Provas nesta segunda-feira, 04\/02<\/title>\n<meta name=\"description\" content=\"Prova PRF aconteceu no domingo, 3 de fevereiro. Mais de 130 mil candidatos participaram do concurso PRF que ofertou 500 vagas para Policial Rodovi\u00e1rio.\" \/>\n<meta name=\"robots\" content=\"index, follow, max-snippet:-1, max-image-preview:large, max-video-preview:-1\" \/>\n<link rel=\"canonical\" href=\"https:\/\/www.estrategiaconcursos.com.br\/blog\/cespe-divulga-gabarito-prf\/\" \/>\n<meta property=\"og:locale\" content=\"pt_BR\" \/>\n<meta property=\"og:type\" content=\"article\" \/>\n<meta property=\"og:title\" content=\"Cespe divulga Gabarito PRF e Cadernos de Provas nesta segunda-feira, 04\/02\" \/>\n<meta property=\"og:description\" content=\"Prova PRF aconteceu no domingo, 3 de fevereiro. Mais de 130 mil candidatos participaram do concurso PRF que ofertou 500 vagas para Policial Rodovi\u00e1rio.\" \/>\n<meta property=\"og:url\" content=\"https:\/\/www.estrategiaconcursos.com.br\/blog\/cespe-divulga-gabarito-prf\/\" \/>\n<meta property=\"og:site_name\" content=\"Estrat\u00e9gia Concursos\" \/>\n<meta property=\"article:author\" content=\"https:\/\/www.facebook.com\/EstrategiaConcursos\" \/>\n<meta property=\"article:published_time\" content=\"2019-02-04T17:45:27+00:00\" \/>\n<meta property=\"article:modified_time\" content=\"2019-04-16T00:24:41+00:00\" \/>\n<meta property=\"og:image\" content=\"https:\/\/dhg1h5j42swfq.cloudfront.net\/2019\/02\/02162221\/gabarito-prf.jpg\" \/>\n\t<meta property=\"og:image:width\" content=\"1280\" \/>\n\t<meta property=\"og:image:height\" content=\"720\" \/>\n\t<meta property=\"og:image:type\" content=\"image\/jpeg\" \/>\n<meta name=\"author\" content=\"Coordena\u00e7\u00e3o\" \/>\n<meta name=\"twitter:card\" content=\"summary_large_image\" \/>\n<meta name=\"twitter:creator\" content=\"@EstratConcursos\" \/>\n<meta name=\"twitter:site\" content=\"@EstratConcursos\" \/>\n<meta name=\"twitter:label1\" content=\"Escrito por\" \/>\n\t<meta name=\"twitter:data1\" content=\"Coordena\u00e7\u00e3o\" \/>\n\t<meta name=\"twitter:label2\" content=\"Est. tempo de leitura\" \/>\n\t<meta name=\"twitter:data2\" content=\"2 minutos\" \/>\n<script type=\"application\/ld+json\" class=\"yoast-schema-graph\">{\"@context\":\"https:\/\/schema.org\",\"@graph\":[{\"@type\":\"NewsArticle\",\"@id\":\"https:\/\/www.estrategiaconcursos.com.br\/blog\/cespe-divulga-gabarito-prf\/#article\",\"isPartOf\":{\"@id\":\"https:\/\/www.estrategiaconcursos.com.br\/blog\/cespe-divulga-gabarito-prf\/\"},\"author\":{\"name\":\"Coordena\u00e7\u00e3o\",\"@id\":\"https:\/\/www.estrategiaconcursos.com.br\/blog\/#\/schema\/person\/b4a388c97673c5f483d72185668afa1f\"},\"headline\":\"Cespe divulga Gabarito PRF e Cadernos de Provas nesta segunda-feira, 04\/02\",\"datePublished\":\"2019-02-04T17:45:27+00:00\",\"dateModified\":\"2019-04-16T00:24:41+00:00\",\"mainEntityOfPage\":{\"@id\":\"https:\/\/www.estrategiaconcursos.com.br\/blog\/cespe-divulga-gabarito-prf\/\"},\"wordCount\":435,\"commentCount\":0,\"publisher\":{\"@id\":\"https:\/\/www.estrategiaconcursos.com.br\/blog\/#organization\"},\"image\":{\"@id\":\"https:\/\/www.estrategiaconcursos.com.br\/blog\/cespe-divulga-gabarito-prf\/#primaryimage\"},\"thumbnailUrl\":\"https:\/\/dhg1h5j42swfq.cloudfront.net\/2019\/02\/02162221\/gabarito-prf.jpg\",\"articleSection\":[\"Concursos P\u00fablicos\"],\"inLanguage\":\"pt-BR\",\"potentialAction\":[{\"@type\":\"CommentAction\",\"name\":\"Comment\",\"target\":[\"https:\/\/www.estrategiaconcursos.com.br\/blog\/cespe-divulga-gabarito-prf\/#respond\"]}],\"copyrightYear\":\"2019\",\"copyrightHolder\":{\"@id\":\"https:\/\/www.estrategiaconcursos.com.br\/blog\/#organization\"}},{\"@type\":\"WebPage\",\"@id\":\"https:\/\/www.estrategiaconcursos.com.br\/blog\/cespe-divulga-gabarito-prf\/\",\"url\":\"https:\/\/www.estrategiaconcursos.com.br\/blog\/cespe-divulga-gabarito-prf\/\",\"name\":\"Cespe divulga Gabarito PRF e Cadernos de Provas nesta segunda-feira, 04\/02\",\"isPartOf\":{\"@id\":\"https:\/\/www.estrategiaconcursos.com.br\/blog\/#website\"},\"primaryImageOfPage\":{\"@id\":\"https:\/\/www.estrategiaconcursos.com.br\/blog\/cespe-divulga-gabarito-prf\/#primaryimage\"},\"image\":{\"@id\":\"https:\/\/www.estrategiaconcursos.com.br\/blog\/cespe-divulga-gabarito-prf\/#primaryimage\"},\"thumbnailUrl\":\"https:\/\/dhg1h5j42swfq.cloudfront.net\/2019\/02\/02162221\/gabarito-prf.jpg\",\"datePublished\":\"2019-02-04T17:45:27+00:00\",\"dateModified\":\"2019-04-16T00:24:41+00:00\",\"description\":\"Prova PRF aconteceu no domingo, 3 de fevereiro. Mais de 130 mil candidatos participaram do concurso PRF que ofertou 500 vagas para Policial Rodovi\u00e1rio.\",\"breadcrumb\":{\"@id\":\"https:\/\/www.estrategiaconcursos.com.br\/blog\/cespe-divulga-gabarito-prf\/#breadcrumb\"},\"inLanguage\":\"pt-BR\",\"potentialAction\":[{\"@type\":\"ReadAction\",\"target\":[\"https:\/\/www.estrategiaconcursos.com.br\/blog\/cespe-divulga-gabarito-prf\/\"]}]},{\"@type\":\"ImageObject\",\"inLanguage\":\"pt-BR\",\"@id\":\"https:\/\/www.estrategiaconcursos.com.br\/blog\/cespe-divulga-gabarito-prf\/#primaryimage\",\"url\":\"https:\/\/dhg1h5j42swfq.cloudfront.net\/2019\/02\/02162221\/gabarito-prf.jpg\",\"contentUrl\":\"https:\/\/dhg1h5j42swfq.cloudfront.net\/2019\/02\/02162221\/gabarito-prf.jpg\",\"width\":1280,\"height\":720,\"caption\":\"gabarito prf\"},{\"@type\":\"BreadcrumbList\",\"@id\":\"https:\/\/www.estrategiaconcursos.com.br\/blog\/cespe-divulga-gabarito-prf\/#breadcrumb\",\"itemListElement\":[{\"@type\":\"ListItem\",\"position\":1,\"name\":\"In\u00edcio\",\"item\":\"https:\/\/www.estrategiaconcursos.com.br\/blog\/\"},{\"@type\":\"ListItem\",\"position\":2,\"name\":\"Cespe divulga Gabarito PRF e Cadernos de Provas nesta segunda-feira, 04\/02\"}]},{\"@type\":\"WebSite\",\"@id\":\"https:\/\/www.estrategiaconcursos.com.br\/blog\/#website\",\"url\":\"https:\/\/www.estrategiaconcursos.com.br\/blog\/\",\"name\":\"Estrat\u00e9gia Concursos\",\"description\":\"O blog da Estrat\u00e9gia Concursos traz not\u00edcias sobre concursos e artigos de professores oferecendo cursos para concursos (pdf + videaulas) no site.\",\"publisher\":{\"@id\":\"https:\/\/www.estrategiaconcursos.com.br\/blog\/#organization\"},\"potentialAction\":[{\"@type\":\"SearchAction\",\"target\":{\"@type\":\"EntryPoint\",\"urlTemplate\":\"https:\/\/www.estrategiaconcursos.com.br\/blog\/?s={search_term_string}\"},\"query-input\":{\"@type\":\"PropertyValueSpecification\",\"valueRequired\":true,\"valueName\":\"search_term_string\"}}],\"inLanguage\":\"pt-BR\"},{\"@type\":\"Organization\",\"@id\":\"https:\/\/www.estrategiaconcursos.com.br\/blog\/#organization\",\"name\":\"Estrat\u00e9gia Concursos\",\"url\":\"https:\/\/www.estrategiaconcursos.com.br\/blog\/\",\"logo\":{\"@type\":\"ImageObject\",\"inLanguage\":\"pt-BR\",\"@id\":\"https:\/\/www.estrategiaconcursos.com.br\/blog\/#\/schema\/logo\/image\/\",\"url\":\"https:\/\/dhg1h5j42swfq.cloudfront.net\/2025\/06\/03203428\/logo_concursos-1.jpg\",\"contentUrl\":\"https:\/\/dhg1h5j42swfq.cloudfront.net\/2025\/06\/03203428\/logo_concursos-1.jpg\",\"width\":230,\"height\":60,\"caption\":\"Estrat\u00e9gia Concursos\"},\"image\":{\"@id\":\"https:\/\/www.estrategiaconcursos.com.br\/blog\/#\/schema\/logo\/image\/\"},\"sameAs\":[\"https:\/\/x.com\/EstratConcursos\"]},{\"@type\":\"Person\",\"@id\":\"https:\/\/www.estrategiaconcursos.com.br\/blog\/#\/schema\/person\/b4a388c97673c5f483d72185668afa1f\",\"name\":\"Coordena\u00e7\u00e3o\",\"image\":{\"@type\":\"ImageObject\",\"inLanguage\":\"pt-BR\",\"@id\":\"https:\/\/secure.gravatar.com\/avatar\/b720319e4c9a967eb58678d110f4fe35452fc5d5f97b202bac7b8acceb18c6ad?s=96&d=mm&r=g\",\"url\":\"https:\/\/secure.gravatar.com\/avatar\/b720319e4c9a967eb58678d110f4fe35452fc5d5f97b202bac7b8acceb18c6ad?s=96&d=mm&r=g\",\"contentUrl\":\"https:\/\/secure.gravatar.com\/avatar\/b720319e4c9a967eb58678d110f4fe35452fc5d5f97b202bac7b8acceb18c6ad?s=96&d=mm&r=g\",\"caption\":\"Coordena\u00e7\u00e3o\"},\"sameAs\":[\"https:\/\/www.facebook.com\/EstrategiaConcursos\",\"https:\/\/x.com\/EstratConcursos\"],\"url\":\"https:\/\/www.estrategiaconcursos.com.br\/blog\/author\/estrategia2013\/\"}]}<\/script>\n<!-- \/ Yoast SEO Premium plugin. -->","yoast_head_json":{"title":"Cespe divulga Gabarito PRF e Cadernos de Provas nesta segunda-feira, 04\/02","description":"Prova PRF aconteceu no domingo, 3 de fevereiro. Mais de 130 mil candidatos participaram do concurso PRF que ofertou 500 vagas para Policial Rodovi\u00e1rio.","robots":{"index":"index","follow":"follow","max-snippet":"max-snippet:-1","max-image-preview":"max-image-preview:large","max-video-preview":"max-video-preview:-1"},"canonical":"https:\/\/www.estrategiaconcursos.com.br\/blog\/cespe-divulga-gabarito-prf\/","og_locale":"pt_BR","og_type":"article","og_title":"Cespe divulga Gabarito PRF e Cadernos de Provas nesta segunda-feira, 04\/02","og_description":"Prova PRF aconteceu no domingo, 3 de fevereiro. Mais de 130 mil candidatos participaram do concurso PRF que ofertou 500 vagas para Policial Rodovi\u00e1rio.","og_url":"https:\/\/www.estrategiaconcursos.com.br\/blog\/cespe-divulga-gabarito-prf\/","og_site_name":"Estrat\u00e9gia Concursos","article_author":"https:\/\/www.facebook.com\/EstrategiaConcursos","article_published_time":"2019-02-04T17:45:27+00:00","article_modified_time":"2019-04-16T00:24:41+00:00","og_image":[{"width":1280,"height":720,"url":"https:\/\/dhg1h5j42swfq.cloudfront.net\/2019\/02\/02162221\/gabarito-prf.jpg","type":"image\/jpeg"}],"author":"Coordena\u00e7\u00e3o","twitter_card":"summary_large_image","twitter_creator":"@EstratConcursos","twitter_site":"@EstratConcursos","twitter_misc":{"Escrito por":"Coordena\u00e7\u00e3o","Est. tempo de leitura":"2 minutos"},"schema":{"@context":"https:\/\/schema.org","@graph":[{"@type":"NewsArticle","@id":"https:\/\/www.estrategiaconcursos.com.br\/blog\/cespe-divulga-gabarito-prf\/#article","isPartOf":{"@id":"https:\/\/www.estrategiaconcursos.com.br\/blog\/cespe-divulga-gabarito-prf\/"},"author":{"name":"Coordena\u00e7\u00e3o","@id":"https:\/\/www.estrategiaconcursos.com.br\/blog\/#\/schema\/person\/b4a388c97673c5f483d72185668afa1f"},"headline":"Cespe divulga Gabarito PRF e Cadernos de Provas nesta segunda-feira, 04\/02","datePublished":"2019-02-04T17:45:27+00:00","dateModified":"2019-04-16T00:24:41+00:00","mainEntityOfPage":{"@id":"https:\/\/www.estrategiaconcursos.com.br\/blog\/cespe-divulga-gabarito-prf\/"},"wordCount":435,"commentCount":0,"publisher":{"@id":"https:\/\/www.estrategiaconcursos.com.br\/blog\/#organization"},"image":{"@id":"https:\/\/www.estrategiaconcursos.com.br\/blog\/cespe-divulga-gabarito-prf\/#primaryimage"},"thumbnailUrl":"https:\/\/dhg1h5j42swfq.cloudfront.net\/2019\/02\/02162221\/gabarito-prf.jpg","articleSection":["Concursos P\u00fablicos"],"inLanguage":"pt-BR","potentialAction":[{"@type":"CommentAction","name":"Comment","target":["https:\/\/www.estrategiaconcursos.com.br\/blog\/cespe-divulga-gabarito-prf\/#respond"]}],"copyrightYear":"2019","copyrightHolder":{"@id":"https:\/\/www.estrategiaconcursos.com.br\/blog\/#organization"}},{"@type":"WebPage","@id":"https:\/\/www.estrategiaconcursos.com.br\/blog\/cespe-divulga-gabarito-prf\/","url":"https:\/\/www.estrategiaconcursos.com.br\/blog\/cespe-divulga-gabarito-prf\/","name":"Cespe divulga Gabarito PRF e Cadernos de Provas nesta segunda-feira, 04\/02","isPartOf":{"@id":"https:\/\/www.estrategiaconcursos.com.br\/blog\/#website"},"primaryImageOfPage":{"@id":"https:\/\/www.estrategiaconcursos.com.br\/blog\/cespe-divulga-gabarito-prf\/#primaryimage"},"image":{"@id":"https:\/\/www.estrategiaconcursos.com.br\/blog\/cespe-divulga-gabarito-prf\/#primaryimage"},"thumbnailUrl":"https:\/\/dhg1h5j42swfq.cloudfront.net\/2019\/02\/02162221\/gabarito-prf.jpg","datePublished":"2019-02-04T17:45:27+00:00","dateModified":"2019-04-16T00:24:41+00:00","description":"Prova PRF aconteceu no domingo, 3 de fevereiro. Mais de 130 mil candidatos participaram do concurso PRF que ofertou 500 vagas para Policial Rodovi\u00e1rio.","breadcrumb":{"@id":"https:\/\/www.estrategiaconcursos.com.br\/blog\/cespe-divulga-gabarito-prf\/#breadcrumb"},"inLanguage":"pt-BR","potentialAction":[{"@type":"ReadAction","target":["https:\/\/www.estrategiaconcursos.com.br\/blog\/cespe-divulga-gabarito-prf\/"]}]},{"@type":"ImageObject","inLanguage":"pt-BR","@id":"https:\/\/www.estrategiaconcursos.com.br\/blog\/cespe-divulga-gabarito-prf\/#primaryimage","url":"https:\/\/dhg1h5j42swfq.cloudfront.net\/2019\/02\/02162221\/gabarito-prf.jpg","contentUrl":"https:\/\/dhg1h5j42swfq.cloudfront.net\/2019\/02\/02162221\/gabarito-prf.jpg","width":1280,"height":720,"caption":"gabarito prf"},{"@type":"BreadcrumbList","@id":"https:\/\/www.estrategiaconcursos.com.br\/blog\/cespe-divulga-gabarito-prf\/#breadcrumb","itemListElement":[{"@type":"ListItem","position":1,"name":"In\u00edcio","item":"https:\/\/www.estrategiaconcursos.com.br\/blog\/"},{"@type":"ListItem","position":2,"name":"Cespe divulga Gabarito PRF e Cadernos de Provas nesta segunda-feira, 04\/02"}]},{"@type":"WebSite","@id":"https:\/\/www.estrategiaconcursos.com.br\/blog\/#website","url":"https:\/\/www.estrategiaconcursos.com.br\/blog\/","name":"Estrat\u00e9gia Concursos","description":"O blog da Estrat\u00e9gia Concursos traz not\u00edcias sobre concursos e artigos de professores oferecendo cursos para concursos (pdf + videaulas) no site.","publisher":{"@id":"https:\/\/www.estrategiaconcursos.com.br\/blog\/#organization"},"potentialAction":[{"@type":"SearchAction","target":{"@type":"EntryPoint","urlTemplate":"https:\/\/www.estrategiaconcursos.com.br\/blog\/?s={search_term_string}"},"query-input":{"@type":"PropertyValueSpecification","valueRequired":true,"valueName":"search_term_string"}}],"inLanguage":"pt-BR"},{"@type":"Organization","@id":"https:\/\/www.estrategiaconcursos.com.br\/blog\/#organization","name":"Estrat\u00e9gia Concursos","url":"https:\/\/www.estrategiaconcursos.com.br\/blog\/","logo":{"@type":"ImageObject","inLanguage":"pt-BR","@id":"https:\/\/www.estrategiaconcursos.com.br\/blog\/#\/schema\/logo\/image\/","url":"https:\/\/dhg1h5j42swfq.cloudfront.net\/2025\/06\/03203428\/logo_concursos-1.jpg","contentUrl":"https:\/\/dhg1h5j42swfq.cloudfront.net\/2025\/06\/03203428\/logo_concursos-1.jpg","width":230,"height":60,"caption":"Estrat\u00e9gia Concursos"},"image":{"@id":"https:\/\/www.estrategiaconcursos.com.br\/blog\/#\/schema\/logo\/image\/"},"sameAs":["https:\/\/x.com\/EstratConcursos"]},{"@type":"Person","@id":"https:\/\/www.estrategiaconcursos.com.br\/blog\/#\/schema\/person\/b4a388c97673c5f483d72185668afa1f","name":"Coordena\u00e7\u00e3o","image":{"@type":"ImageObject","inLanguage":"pt-BR","@id":"https:\/\/secure.gravatar.com\/avatar\/b720319e4c9a967eb58678d110f4fe35452fc5d5f97b202bac7b8acceb18c6ad?s=96&d=mm&r=g","url":"https:\/\/secure.gravatar.com\/avatar\/b720319e4c9a967eb58678d110f4fe35452fc5d5f97b202bac7b8acceb18c6ad?s=96&d=mm&r=g","contentUrl":"https:\/\/secure.gravatar.com\/avatar\/b720319e4c9a967eb58678d110f4fe35452fc5d5f97b202bac7b8acceb18c6ad?s=96&d=mm&r=g","caption":"Coordena\u00e7\u00e3o"},"sameAs":["https:\/\/www.facebook.com\/EstrategiaConcursos","https:\/\/x.com\/EstratConcursos"],"url":"https:\/\/www.estrategiaconcursos.com.br\/blog\/author\/estrategia2013\/"}]}},"_links":{"self":[{"href":"https:\/\/www.estrategiaconcursos.com.br\/blog\/wp-json\/wp\/v2\/posts\/164241","targetHints":{"allow":["GET"]}}],"collection":[{"href":"https:\/\/www.estrategiaconcursos.com.br\/blog\/wp-json\/wp\/v2\/posts"}],"about":[{"href":"https:\/\/www.estrategiaconcursos.com.br\/blog\/wp-json\/wp\/v2\/types\/post"}],"author":[{"embeddable":true,"href":"https:\/\/www.estrategiaconcursos.com.br\/blog\/wp-json\/wp\/v2\/users\/1"}],"replies":[{"embeddable":true,"href":"https:\/\/www.estrategiaconcursos.com.br\/blog\/wp-json\/wp\/v2\/comments?post=164241"}],"version-history":[{"count":6,"href":"https:\/\/www.estrategiaconcursos.com.br\/blog\/wp-json\/wp\/v2\/posts\/164241\/revisions"}],"predecessor-version":[{"id":164249,"href":"https:\/\/www.estrategiaconcursos.com.br\/blog\/wp-json\/wp\/v2\/posts\/164241\/revisions\/164249"}],"wp:featuredmedia":[{"embeddable":true,"href":"https:\/\/www.estrategiaconcursos.com.br\/blog\/wp-json\/wp\/v2\/media\/163778"}],"wp:attachment":[{"href":"https:\/\/www.estrategiaconcursos.com.br\/blog\/wp-json\/wp\/v2\/media?parent=164241"}],"wp:term":[{"taxonomy":"category","embeddable":true,"href":"https:\/\/www.estrategiaconcursos.com.br\/blog\/wp-json\/wp\/v2\/categories?post=164241"},{"taxonomy":"post_tag","embeddable":true,"href":"https:\/\/www.estrategiaconcursos.com.br\/blog\/wp-json\/wp\/v2\/tags?post=164241"},{"taxonomy":"tax_estado","embeddable":true,"href":"https:\/\/www.estrategiaconcursos.com.br\/blog\/wp-json\/wp\/v2\/tax_estado?post=164241"}],"curies":[{"name":"wp","href":"https:\/\/api.w.org\/{rel}","templated":true}]}}