{"id":164134,"date":"2019-02-13T13:00:43","date_gmt":"2019-02-13T16:00:43","guid":{"rendered":"https:\/\/www.estrategiaconcursos.com.br\/blog\/?p=164134"},"modified":"2019-02-13T13:36:24","modified_gmt":"2019-02-13T16:36:24","slug":"concursos-roraima-cancelados","status":"publish","type":"post","link":"https:\/\/www.estrategiaconcursos.com.br\/blog\/concursos-roraima-cancelados\/","title":{"rendered":"Concursos Roraima: nova decis\u00e3o mant\u00e9m cancelamento do concurso PC RR"},"content":{"rendered":"\n<p style=\"font-size:25px\"><em>Provas do concurso PC RR devem ser canceladas<\/em><\/p>\n\n\n\n<p>O Tribunal de Justi\u00e7a de Roraima cassou na tarde desta ter\u00e7a-feira, 13 de fevereiro, a decis\u00e3o liminar que mantinha as provas do concurso da Pol\u00edcia Civil.<\/p>\n\n\n\n<p>O concurso havia sido cancelado juntamente com outros tr\u00eas certames, anunciado pelo Gabinete de Crise nomeado para gerir a dif\u00edcil situa\u00e7\u00e3o fiscal pela qual passa Roraima.<\/p>\n\n\n\n<p>O Minist\u00e9rio P\u00fablico do Estado, visando dar cumprimento a um Termo de Ajustamento de Conduta que determinava a realiza\u00e7\u00e3o de um novo concurso, obteve da 2\u00aa Vara da Fazenda P\u00fablica de Boa Vista uma decis\u00e3o liminar mantendo o certame.<\/p>\n\n\n\n<p>Em virtude dos argumentos apresentados pela Procuradoria Geral do Estado, o juiz  Luiz Alberto de Moraes Junior decidiu reconsiderar a decis\u00e3o proferida. De acordo com a decis\u00e3o, o Estado demonstrou que n\u00e3o h\u00e1 dota\u00e7\u00e3o or\u00e7ament\u00e1ria sequer para arcar com a remunera\u00e7\u00e3o do efetivo atual da Pol\u00edcia Civil. Confira abaixo um trecho da decis\u00e3o:<\/p>\n\n\n\n<blockquote class=\"wp-block-quote is-layout-flow wp-block-quote-is-layout-flow\"><p><em> Certo \u00e9 que Concurso P\u00fablico n\u00e3o foi homologado, ali\u00e1s, sequer as provas foram realizadas, por sim n\u00e3o h\u00e1 direito subjetivo de qualquer candidato ou mesmo expectativa de direito. O interesse p\u00fablico, incluindo o dos servidores p\u00fablicos da Policia Civil em ter seus vencimentos sendo pagos de forma escorreita, se sobrep\u00f5e ao pleito de execu\u00e7\u00e3o imediata do Acordo Extrajudicial.  <\/em><\/p><cite>Processo n\u00ba  0813297-68.2018.8.23.0010   (TJ-RR)<br \/><\/cite><\/blockquote>\n\n\n\n<h2 class=\"wp-block-heading\">Concurso PM RR mantido<\/h2>\n\n\n\n<p>Vale lembrar que o concurso da <strong>Pol\u00edcia\u00a0Militar\u00a0de\u00a0Roraima<\/strong>, j\u00e1 em andamento, tamb\u00e9m havia sido cancelado. O Governador Antonio Denarium, em virtude de grandes protestos, decidiu manter o certame.<\/p>\n\n\n\n<h2 class=\"wp-block-heading\">Entenda o caso<\/h2>\n\n\n\n<p>O Gabinete de Crise nomeado pelo Governo de Roraima para coordenar iniciativas para sanar a dif\u00edcil situa\u00e7\u00e3o fiscal do Estado anunciou, neste s\u00e1bado, o <strong>cancelamento<\/strong> de <strong>quatro&nbsp;concursos&nbsp;p\u00fablicos<\/strong> em RR.<\/p>\n\n\n\n<p>Em coletiva de imprensa capitaneada pelo vice-governador e governador em exerc\u00edcio de Roraima, Frutuoso Lins (PTC), o Gabinete de Crise anunciou o cancelamento dos concursos da Setrabes (Secretaria do Trabalho e Bem Estar Social), Sejuc (Secretaria de Justi\u00e7a e Cidadania), Pol\u00edcia Civil e Pol\u00edcia Militar.<\/p>\n\n\n\n<p>Segundo Frutuoso Lins, a decis\u00e3o foi tomada com a finalidade de auxiliar o reequil\u00edbrio das contas do Estado: mesmo ap\u00f3s a interven\u00e7\u00e3o federal, decretada no fim de 2018, o Estado continua gastando mais do que arrecada:<\/p>\n\n\n\n<blockquote class=\"wp-block-quote is-layout-flow wp-block-quote-is-layout-flow\"><p> &#8220;<em>O \u00faltimo levantamento da Secretaria Estadual de Fazenda (Sefaz), feito em novembro, aponta que a nossa despesa com pessoal do Poder P\u00fablico chegou a R$ 1,79 bilh\u00e3o, o que equivale a 53,64% da receita l\u00edquida do ano. O limite da Lei de Responsabilidade Fiscal \u00e9 de 49%, ent\u00e3o precis\u00e1vamos cortar despesas&#8221;.<\/em><\/p><cite>Frutuoso Lins, vice-governador de Roraima.<\/cite><\/blockquote>\n\n\n\n<p>Roraima enfrenta uma grave  crise fiscal, inclusive com o atraso no pagamento dos servidores p\u00fablicos. De acordo com Frutuoso Lins, a medida tamb\u00e9m visa possibilitar a regulariza\u00e7\u00e3o do calend\u00e1rio de pagamento da remunera\u00e7\u00e3o do servi\u00e7o p\u00fablico.<\/p>\n\n\n\n<p>Al\u00e9m disso, o Gabinete de Crise argumentou que a realiza\u00e7\u00e3o dos concursos geraria um impacto de R$ 66 milh\u00f5es de reais nos pr\u00f3ximos anos.<\/p>\n\n\n\n<h2 class=\"wp-block-heading\">Concursos Roraima afetados<\/h2>\n\n\n\n<p>O concurso da <strong>Setrabes<\/strong>, j\u00e1 homologado e com nomea\u00e7\u00e3o parcial, previu a contrata\u00e7\u00e3o de 76 profissionais.<\/p>\n\n\n\n<p> O certame da <strong>Sejuc<\/strong> \u00e9 o \u00fanico que ainda estava em fase de autoriza\u00e7\u00e3o e planejamento, com previs\u00e3o de 100 vagas.<\/p>\n\n\n\n<p> O concurso da <strong>Pol\u00edcia\u00a0Civil<\/strong>, com 330 vagas, tinha provas marcadas para os dias 16 e 17 de fevereiro.<\/p>\n\n\n\n<p>O concurso da <strong>Pol\u00edcia\u00a0Militar<\/strong>, o <u>\u00fanico mantido<\/u>, j\u00e1 teve provas aplicadas e oferece 400 vagas.<\/p>\n\n\n\n<p>Abaixo voc\u00ea pode conferir a tabela de custos elaborada pela Secretaria de Planejamento de Roraima:<\/p>\n\n\n\n<table class=\"wp-block-table is-style-stripes\"><tbody><tr><td>\n  \n  <\/td><td>\n  <strong>Setrabes<\/strong>\n  <\/td><td>\n  <strong>SEJUC<\/strong>\n  <\/td><td>\n  <strong>PMRR<\/strong>\n  <\/td><td>\n  <strong>PCRR<\/strong>\n  <\/td><\/tr><tr><td>\n  <strong>Dota\u00e7\u00e3o\n  Pessoal<\/strong>\n  <\/td><td>\n  R$\n  34 milh\u00f5es\n  <\/td><td>\n  R$\n  33 milh\u00f5es\n  <\/td><td>\n  R$\n  122,3 milh\u00f5es\n  <\/td><td>\n  R$\n  117,3 milh\u00f5es\n  <\/td><\/tr><tr><td>\n  <strong>Custo\n  atual<\/strong>\n  <\/td><td>\n  R$\n  29 milh\u00f5es\n  <\/td><td>\n  R$\n  30,2 milh\u00f5es\n  <\/td><td>\n  R$\n  192,5 milh\u00f5es\n  <\/td><td>\n  R$\n  131,5 milh\u00f5es\n  <\/td><\/tr><tr><td>\n  <strong>Custo\n  concurso<\/strong>\n  <\/td><td>\n  R$\n  1,14 milh\u00f5es\n  <\/td><td>\n  R$\n  3,4 milh\u00f5es\n  <\/td><td>\n  R$\n  3,4 milh\u00f5es\n  <\/td><td>\n  R$\n  31,7 milh\u00f5es\n  <\/td><\/tr><tr><td>\n  <strong>Custo\n  somado<\/strong>\n  <\/td><td>\n  R$\n  30 milh\u00f5es\n  <\/td><td>\n  R$\n  33,6 milh\u00f5es\n  <\/td><td>\n  R$\n  33,6 milh\u00f5es\n  <\/td><td>\n  R$\n  163 milh\u00f5es\n  <\/td><\/tr><tr><td>\n  <strong>Falta\n  de dota\u00e7\u00e3o<\/strong>\n  <\/td><td>\n  N\u00e3o\n  tem\n  <\/td><td>\n  R$\n  600 mil\n  <\/td><td>\n  R$\n  91 milh\u00f5es\n  <\/td><td>\n  R$\n  45,9 milh\u00f5e\n  <\/td><\/tr><\/tbody><\/table>\n\n\n\n<h2 class=\"wp-block-heading\">O que acontece agora<\/h2>\n\n\n\n<p>O Governo de Roraima informou que todos os candidatos inscritos ter\u00e3o devolvidos os valores das inscri\u00e7\u00f5es. N\u00e3o foi informado ainda o calend\u00e1rio da devolu\u00e7\u00e3o dos valores, que deve ser publicado no Di\u00e1rio Oficial e no portal das respectivas bancas examinadoras.<\/p>\n\n\n\n<h2 class=\"wp-block-heading\">Protestos<\/h2>\n\n\n\n<p>A decis\u00e3o do Governo de Roraima foi alvo de protestos. Candidatos dos quatro concursos se reuniram em frente ao Pal\u00e1cio Senador H\u00e9lio Campos, sede do Governo de Roraima, para questionar o cancelamento dos concursos p\u00fablicos.<\/p>\n\n\n\n<figure class=\"wp-block-image is-resized\"><img loading=\"lazy\" decoding=\"async\" src=\"https:\/\/dhg1h5j42swfq.cloudfront.net\/2019\/02\/04081612\/foto-01.jpg\" alt=\"\" class=\"wp-image-164140\" width=\"422\" height=\"237\" srcset=\"https:\/\/dhg1h5j42swfq.cloudfront.net\/2019\/02\/04081612\/foto-01.jpg 1000w, https:\/\/dhg1h5j42swfq.cloudfront.net\/2019\/02\/04081612\/foto-01.jpg 300w, https:\/\/dhg1h5j42swfq.cloudfront.net\/2019\/02\/04081612\/foto-01.jpg 768w\" sizes=\"auto, (max-width: 422px) 100vw, 422px\" \/><figcaption>Candidatos protestam em frente \u00e0 sede do Governo de Roraima em Boa Vista no \u00faltimo s\u00e1bado (02\/02).  &nbsp;Foto: Rede Amaz\u00f4nica Roraima\/ Reprodu\u00e7\u00e3o <\/figcaption><\/figure>\n","protected":false},"excerpt":{"rendered":"<p>Provas do concurso PC RR devem ser canceladas O Tribunal de Justi\u00e7a de Roraima cassou na tarde desta ter\u00e7a-feira, 13 de fevereiro, a decis\u00e3o liminar que mantinha as provas do concurso da Pol\u00edcia Civil. O concurso havia sido cancelado juntamente com outros tr\u00eas certames, anunciado pelo Gabinete de Crise nomeado para gerir a dif\u00edcil situa\u00e7\u00e3o [&hellip;]<\/p>\n","protected":false},"author":1,"featured_media":164140,"comment_status":"open","ping_status":"closed","sticky":false,"template":"","format":"standard","meta":{"post_tipo":"news","footnotes":""},"categories":[1],"tags":[],"tax_estado":[],"class_list":["post-164134","post","type-post","status-publish","format-standard","has-post-thumbnail","hentry","category-cursos-e-concursos"],"acf":[],"yoast_head":"<!-- This site is optimized with the Yoast SEO Premium plugin v27.2 (Yoast SEO v27.2) - https:\/\/yoast.com\/product\/yoast-seo-premium-wordpress\/ -->\n<title>Concursos Roraima: nova decis\u00e3o mant\u00e9m cancelamento do concurso PC RR<\/title>\n<meta name=\"description\" content=\"Concursos Roraima: Governo Estadual cancela quatro concursos p\u00fablicos em virtude de restri\u00e7\u00f5es or\u00e7ament\u00e1rias. Decis\u00e3o \u00e9 alvo de protestos em Boa Vista.\" \/>\n<meta name=\"robots\" content=\"index, follow, max-snippet:-1, max-image-preview:large, max-video-preview:-1\" \/>\n<link rel=\"canonical\" href=\"https:\/\/www.estrategiaconcursos.com.br\/blog\/concursos-roraima-cancelados\/\" \/>\n<meta property=\"og:locale\" content=\"pt_BR\" \/>\n<meta property=\"og:type\" content=\"article\" \/>\n<meta property=\"og:title\" content=\"Concursos Roraima: nova decis\u00e3o mant\u00e9m cancelamento do concurso PC RR\" \/>\n<meta property=\"og:description\" content=\"Concursos Roraima: Governo Estadual cancela quatro concursos p\u00fablicos em virtude de restri\u00e7\u00f5es or\u00e7ament\u00e1rias. Decis\u00e3o \u00e9 alvo de protestos em Boa Vista.\" \/>\n<meta property=\"og:url\" content=\"https:\/\/www.estrategiaconcursos.com.br\/blog\/concursos-roraima-cancelados\/\" \/>\n<meta property=\"og:site_name\" content=\"Estrat\u00e9gia Concursos\" \/>\n<meta property=\"article:author\" content=\"https:\/\/www.facebook.com\/EstrategiaConcursos\" \/>\n<meta property=\"article:published_time\" content=\"2019-02-13T16:00:43+00:00\" \/>\n<meta property=\"article:modified_time\" content=\"2019-02-13T16:36:24+00:00\" \/>\n<meta property=\"og:image\" content=\"https:\/\/dhg1h5j42swfq.cloudfront.net\/2019\/02\/04081612\/foto-01.jpg\" \/>\n\t<meta property=\"og:image:width\" content=\"1000\" \/>\n\t<meta property=\"og:image:height\" content=\"563\" \/>\n\t<meta property=\"og:image:type\" content=\"image\/jpeg\" \/>\n<meta name=\"author\" content=\"Coordena\u00e7\u00e3o\" \/>\n<meta name=\"twitter:card\" content=\"summary_large_image\" \/>\n<meta name=\"twitter:creator\" content=\"@EstratConcursos\" \/>\n<meta name=\"twitter:site\" content=\"@EstratConcursos\" \/>\n<meta name=\"twitter:label1\" content=\"Escrito por\" \/>\n\t<meta name=\"twitter:data1\" content=\"Coordena\u00e7\u00e3o\" \/>\n\t<meta name=\"twitter:label2\" content=\"Est. tempo de leitura\" \/>\n\t<meta name=\"twitter:data2\" content=\"4 minutos\" \/>\n<script type=\"application\/ld+json\" class=\"yoast-schema-graph\">{\"@context\":\"https:\/\/schema.org\",\"@graph\":[{\"@type\":\"NewsArticle\",\"@id\":\"https:\/\/www.estrategiaconcursos.com.br\/blog\/concursos-roraima-cancelados\/#article\",\"isPartOf\":{\"@id\":\"https:\/\/www.estrategiaconcursos.com.br\/blog\/concursos-roraima-cancelados\/\"},\"author\":{\"name\":\"Coordena\u00e7\u00e3o\",\"@id\":\"https:\/\/www.estrategiaconcursos.com.br\/blog\/#\/schema\/person\/b4a388c97673c5f483d72185668afa1f\"},\"headline\":\"Concursos Roraima: nova decis\u00e3o mant\u00e9m cancelamento do concurso PC RR\",\"datePublished\":\"2019-02-13T16:00:43+00:00\",\"dateModified\":\"2019-02-13T16:36:24+00:00\",\"mainEntityOfPage\":{\"@id\":\"https:\/\/www.estrategiaconcursos.com.br\/blog\/concursos-roraima-cancelados\/\"},\"wordCount\":822,\"commentCount\":7,\"publisher\":{\"@id\":\"https:\/\/www.estrategiaconcursos.com.br\/blog\/#organization\"},\"image\":{\"@id\":\"https:\/\/www.estrategiaconcursos.com.br\/blog\/concursos-roraima-cancelados\/#primaryimage\"},\"thumbnailUrl\":\"https:\/\/dhg1h5j42swfq.cloudfront.net\/2019\/02\/04081612\/foto-01.jpg\",\"articleSection\":[\"Concursos P\u00fablicos\"],\"inLanguage\":\"pt-BR\",\"potentialAction\":[{\"@type\":\"CommentAction\",\"name\":\"Comment\",\"target\":[\"https:\/\/www.estrategiaconcursos.com.br\/blog\/concursos-roraima-cancelados\/#respond\"]}],\"copyrightYear\":\"2019\",\"copyrightHolder\":{\"@id\":\"https:\/\/www.estrategiaconcursos.com.br\/blog\/#organization\"}},{\"@type\":\"WebPage\",\"@id\":\"https:\/\/www.estrategiaconcursos.com.br\/blog\/concursos-roraima-cancelados\/\",\"url\":\"https:\/\/www.estrategiaconcursos.com.br\/blog\/concursos-roraima-cancelados\/\",\"name\":\"Concursos Roraima: nova decis\u00e3o mant\u00e9m cancelamento do concurso PC RR\",\"isPartOf\":{\"@id\":\"https:\/\/www.estrategiaconcursos.com.br\/blog\/#website\"},\"primaryImageOfPage\":{\"@id\":\"https:\/\/www.estrategiaconcursos.com.br\/blog\/concursos-roraima-cancelados\/#primaryimage\"},\"image\":{\"@id\":\"https:\/\/www.estrategiaconcursos.com.br\/blog\/concursos-roraima-cancelados\/#primaryimage\"},\"thumbnailUrl\":\"https:\/\/dhg1h5j42swfq.cloudfront.net\/2019\/02\/04081612\/foto-01.jpg\",\"datePublished\":\"2019-02-13T16:00:43+00:00\",\"dateModified\":\"2019-02-13T16:36:24+00:00\",\"description\":\"Concursos Roraima: Governo Estadual cancela quatro concursos p\u00fablicos em virtude de restri\u00e7\u00f5es or\u00e7ament\u00e1rias. Decis\u00e3o \u00e9 alvo de protestos em Boa Vista.\",\"breadcrumb\":{\"@id\":\"https:\/\/www.estrategiaconcursos.com.br\/blog\/concursos-roraima-cancelados\/#breadcrumb\"},\"inLanguage\":\"pt-BR\",\"potentialAction\":[{\"@type\":\"ReadAction\",\"target\":[\"https:\/\/www.estrategiaconcursos.com.br\/blog\/concursos-roraima-cancelados\/\"]}]},{\"@type\":\"ImageObject\",\"inLanguage\":\"pt-BR\",\"@id\":\"https:\/\/www.estrategiaconcursos.com.br\/blog\/concursos-roraima-cancelados\/#primaryimage\",\"url\":\"https:\/\/dhg1h5j42swfq.cloudfront.net\/2019\/02\/04081612\/foto-01.jpg\",\"contentUrl\":\"https:\/\/dhg1h5j42swfq.cloudfront.net\/2019\/02\/04081612\/foto-01.jpg\",\"width\":1000,\"height\":563,\"caption\":\"concursos roraima\"},{\"@type\":\"BreadcrumbList\",\"@id\":\"https:\/\/www.estrategiaconcursos.com.br\/blog\/concursos-roraima-cancelados\/#breadcrumb\",\"itemListElement\":[{\"@type\":\"ListItem\",\"position\":1,\"name\":\"In\u00edcio\",\"item\":\"https:\/\/www.estrategiaconcursos.com.br\/blog\/\"},{\"@type\":\"ListItem\",\"position\":2,\"name\":\"Concursos Roraima: nova decis\u00e3o mant\u00e9m cancelamento do concurso PC RR\"}]},{\"@type\":\"WebSite\",\"@id\":\"https:\/\/www.estrategiaconcursos.com.br\/blog\/#website\",\"url\":\"https:\/\/www.estrategiaconcursos.com.br\/blog\/\",\"name\":\"Estrat\u00e9gia Concursos\",\"description\":\"O blog da Estrat\u00e9gia Concursos traz not\u00edcias sobre concursos e artigos de professores oferecendo cursos para concursos (pdf + videaulas) no site.\",\"publisher\":{\"@id\":\"https:\/\/www.estrategiaconcursos.com.br\/blog\/#organization\"},\"potentialAction\":[{\"@type\":\"SearchAction\",\"target\":{\"@type\":\"EntryPoint\",\"urlTemplate\":\"https:\/\/www.estrategiaconcursos.com.br\/blog\/?s={search_term_string}\"},\"query-input\":{\"@type\":\"PropertyValueSpecification\",\"valueRequired\":true,\"valueName\":\"search_term_string\"}}],\"inLanguage\":\"pt-BR\"},{\"@type\":\"Organization\",\"@id\":\"https:\/\/www.estrategiaconcursos.com.br\/blog\/#organization\",\"name\":\"Estrat\u00e9gia Concursos\",\"url\":\"https:\/\/www.estrategiaconcursos.com.br\/blog\/\",\"logo\":{\"@type\":\"ImageObject\",\"inLanguage\":\"pt-BR\",\"@id\":\"https:\/\/www.estrategiaconcursos.com.br\/blog\/#\/schema\/logo\/image\/\",\"url\":\"https:\/\/dhg1h5j42swfq.cloudfront.net\/2025\/06\/03203428\/logo_concursos-1.jpg\",\"contentUrl\":\"https:\/\/dhg1h5j42swfq.cloudfront.net\/2025\/06\/03203428\/logo_concursos-1.jpg\",\"width\":230,\"height\":60,\"caption\":\"Estrat\u00e9gia Concursos\"},\"image\":{\"@id\":\"https:\/\/www.estrategiaconcursos.com.br\/blog\/#\/schema\/logo\/image\/\"},\"sameAs\":[\"https:\/\/x.com\/EstratConcursos\"]},{\"@type\":\"Person\",\"@id\":\"https:\/\/www.estrategiaconcursos.com.br\/blog\/#\/schema\/person\/b4a388c97673c5f483d72185668afa1f\",\"name\":\"Coordena\u00e7\u00e3o\",\"image\":{\"@type\":\"ImageObject\",\"inLanguage\":\"pt-BR\",\"@id\":\"https:\/\/secure.gravatar.com\/avatar\/b720319e4c9a967eb58678d110f4fe35452fc5d5f97b202bac7b8acceb18c6ad?s=96&d=mm&r=g\",\"url\":\"https:\/\/secure.gravatar.com\/avatar\/b720319e4c9a967eb58678d110f4fe35452fc5d5f97b202bac7b8acceb18c6ad?s=96&d=mm&r=g\",\"contentUrl\":\"https:\/\/secure.gravatar.com\/avatar\/b720319e4c9a967eb58678d110f4fe35452fc5d5f97b202bac7b8acceb18c6ad?s=96&d=mm&r=g\",\"caption\":\"Coordena\u00e7\u00e3o\"},\"sameAs\":[\"https:\/\/www.facebook.com\/EstrategiaConcursos\",\"https:\/\/x.com\/EstratConcursos\"],\"url\":\"https:\/\/www.estrategiaconcursos.com.br\/blog\/author\/estrategia2013\/\"}]}<\/script>\n<!-- \/ Yoast SEO Premium plugin. -->","yoast_head_json":{"title":"Concursos Roraima: nova decis\u00e3o mant\u00e9m cancelamento do concurso PC RR","description":"Concursos Roraima: Governo Estadual cancela quatro concursos p\u00fablicos em virtude de restri\u00e7\u00f5es or\u00e7ament\u00e1rias. Decis\u00e3o \u00e9 alvo de protestos em Boa Vista.","robots":{"index":"index","follow":"follow","max-snippet":"max-snippet:-1","max-image-preview":"max-image-preview:large","max-video-preview":"max-video-preview:-1"},"canonical":"https:\/\/www.estrategiaconcursos.com.br\/blog\/concursos-roraima-cancelados\/","og_locale":"pt_BR","og_type":"article","og_title":"Concursos Roraima: nova decis\u00e3o mant\u00e9m cancelamento do concurso PC RR","og_description":"Concursos Roraima: Governo Estadual cancela quatro concursos p\u00fablicos em virtude de restri\u00e7\u00f5es or\u00e7ament\u00e1rias. Decis\u00e3o \u00e9 alvo de protestos em Boa Vista.","og_url":"https:\/\/www.estrategiaconcursos.com.br\/blog\/concursos-roraima-cancelados\/","og_site_name":"Estrat\u00e9gia Concursos","article_author":"https:\/\/www.facebook.com\/EstrategiaConcursos","article_published_time":"2019-02-13T16:00:43+00:00","article_modified_time":"2019-02-13T16:36:24+00:00","og_image":[{"width":1000,"height":563,"url":"https:\/\/dhg1h5j42swfq.cloudfront.net\/2019\/02\/04081612\/foto-01.jpg","type":"image\/jpeg"}],"author":"Coordena\u00e7\u00e3o","twitter_card":"summary_large_image","twitter_creator":"@EstratConcursos","twitter_site":"@EstratConcursos","twitter_misc":{"Escrito por":"Coordena\u00e7\u00e3o","Est. tempo de leitura":"4 minutos"},"schema":{"@context":"https:\/\/schema.org","@graph":[{"@type":"NewsArticle","@id":"https:\/\/www.estrategiaconcursos.com.br\/blog\/concursos-roraima-cancelados\/#article","isPartOf":{"@id":"https:\/\/www.estrategiaconcursos.com.br\/blog\/concursos-roraima-cancelados\/"},"author":{"name":"Coordena\u00e7\u00e3o","@id":"https:\/\/www.estrategiaconcursos.com.br\/blog\/#\/schema\/person\/b4a388c97673c5f483d72185668afa1f"},"headline":"Concursos Roraima: nova decis\u00e3o mant\u00e9m cancelamento do concurso PC RR","datePublished":"2019-02-13T16:00:43+00:00","dateModified":"2019-02-13T16:36:24+00:00","mainEntityOfPage":{"@id":"https:\/\/www.estrategiaconcursos.com.br\/blog\/concursos-roraima-cancelados\/"},"wordCount":822,"commentCount":7,"publisher":{"@id":"https:\/\/www.estrategiaconcursos.com.br\/blog\/#organization"},"image":{"@id":"https:\/\/www.estrategiaconcursos.com.br\/blog\/concursos-roraima-cancelados\/#primaryimage"},"thumbnailUrl":"https:\/\/dhg1h5j42swfq.cloudfront.net\/2019\/02\/04081612\/foto-01.jpg","articleSection":["Concursos P\u00fablicos"],"inLanguage":"pt-BR","potentialAction":[{"@type":"CommentAction","name":"Comment","target":["https:\/\/www.estrategiaconcursos.com.br\/blog\/concursos-roraima-cancelados\/#respond"]}],"copyrightYear":"2019","copyrightHolder":{"@id":"https:\/\/www.estrategiaconcursos.com.br\/blog\/#organization"}},{"@type":"WebPage","@id":"https:\/\/www.estrategiaconcursos.com.br\/blog\/concursos-roraima-cancelados\/","url":"https:\/\/www.estrategiaconcursos.com.br\/blog\/concursos-roraima-cancelados\/","name":"Concursos Roraima: nova decis\u00e3o mant\u00e9m cancelamento do concurso PC RR","isPartOf":{"@id":"https:\/\/www.estrategiaconcursos.com.br\/blog\/#website"},"primaryImageOfPage":{"@id":"https:\/\/www.estrategiaconcursos.com.br\/blog\/concursos-roraima-cancelados\/#primaryimage"},"image":{"@id":"https:\/\/www.estrategiaconcursos.com.br\/blog\/concursos-roraima-cancelados\/#primaryimage"},"thumbnailUrl":"https:\/\/dhg1h5j42swfq.cloudfront.net\/2019\/02\/04081612\/foto-01.jpg","datePublished":"2019-02-13T16:00:43+00:00","dateModified":"2019-02-13T16:36:24+00:00","description":"Concursos Roraima: Governo Estadual cancela quatro concursos p\u00fablicos em virtude de restri\u00e7\u00f5es or\u00e7ament\u00e1rias. Decis\u00e3o \u00e9 alvo de protestos em Boa Vista.","breadcrumb":{"@id":"https:\/\/www.estrategiaconcursos.com.br\/blog\/concursos-roraima-cancelados\/#breadcrumb"},"inLanguage":"pt-BR","potentialAction":[{"@type":"ReadAction","target":["https:\/\/www.estrategiaconcursos.com.br\/blog\/concursos-roraima-cancelados\/"]}]},{"@type":"ImageObject","inLanguage":"pt-BR","@id":"https:\/\/www.estrategiaconcursos.com.br\/blog\/concursos-roraima-cancelados\/#primaryimage","url":"https:\/\/dhg1h5j42swfq.cloudfront.net\/2019\/02\/04081612\/foto-01.jpg","contentUrl":"https:\/\/dhg1h5j42swfq.cloudfront.net\/2019\/02\/04081612\/foto-01.jpg","width":1000,"height":563,"caption":"concursos roraima"},{"@type":"BreadcrumbList","@id":"https:\/\/www.estrategiaconcursos.com.br\/blog\/concursos-roraima-cancelados\/#breadcrumb","itemListElement":[{"@type":"ListItem","position":1,"name":"In\u00edcio","item":"https:\/\/www.estrategiaconcursos.com.br\/blog\/"},{"@type":"ListItem","position":2,"name":"Concursos Roraima: nova decis\u00e3o mant\u00e9m cancelamento do concurso PC RR"}]},{"@type":"WebSite","@id":"https:\/\/www.estrategiaconcursos.com.br\/blog\/#website","url":"https:\/\/www.estrategiaconcursos.com.br\/blog\/","name":"Estrat\u00e9gia Concursos","description":"O blog da Estrat\u00e9gia Concursos traz not\u00edcias sobre concursos e artigos de professores oferecendo cursos para concursos (pdf + videaulas) no site.","publisher":{"@id":"https:\/\/www.estrategiaconcursos.com.br\/blog\/#organization"},"potentialAction":[{"@type":"SearchAction","target":{"@type":"EntryPoint","urlTemplate":"https:\/\/www.estrategiaconcursos.com.br\/blog\/?s={search_term_string}"},"query-input":{"@type":"PropertyValueSpecification","valueRequired":true,"valueName":"search_term_string"}}],"inLanguage":"pt-BR"},{"@type":"Organization","@id":"https:\/\/www.estrategiaconcursos.com.br\/blog\/#organization","name":"Estrat\u00e9gia Concursos","url":"https:\/\/www.estrategiaconcursos.com.br\/blog\/","logo":{"@type":"ImageObject","inLanguage":"pt-BR","@id":"https:\/\/www.estrategiaconcursos.com.br\/blog\/#\/schema\/logo\/image\/","url":"https:\/\/dhg1h5j42swfq.cloudfront.net\/2025\/06\/03203428\/logo_concursos-1.jpg","contentUrl":"https:\/\/dhg1h5j42swfq.cloudfront.net\/2025\/06\/03203428\/logo_concursos-1.jpg","width":230,"height":60,"caption":"Estrat\u00e9gia Concursos"},"image":{"@id":"https:\/\/www.estrategiaconcursos.com.br\/blog\/#\/schema\/logo\/image\/"},"sameAs":["https:\/\/x.com\/EstratConcursos"]},{"@type":"Person","@id":"https:\/\/www.estrategiaconcursos.com.br\/blog\/#\/schema\/person\/b4a388c97673c5f483d72185668afa1f","name":"Coordena\u00e7\u00e3o","image":{"@type":"ImageObject","inLanguage":"pt-BR","@id":"https:\/\/secure.gravatar.com\/avatar\/b720319e4c9a967eb58678d110f4fe35452fc5d5f97b202bac7b8acceb18c6ad?s=96&d=mm&r=g","url":"https:\/\/secure.gravatar.com\/avatar\/b720319e4c9a967eb58678d110f4fe35452fc5d5f97b202bac7b8acceb18c6ad?s=96&d=mm&r=g","contentUrl":"https:\/\/secure.gravatar.com\/avatar\/b720319e4c9a967eb58678d110f4fe35452fc5d5f97b202bac7b8acceb18c6ad?s=96&d=mm&r=g","caption":"Coordena\u00e7\u00e3o"},"sameAs":["https:\/\/www.facebook.com\/EstrategiaConcursos","https:\/\/x.com\/EstratConcursos"],"url":"https:\/\/www.estrategiaconcursos.com.br\/blog\/author\/estrategia2013\/"}]}},"_links":{"self":[{"href":"https:\/\/www.estrategiaconcursos.com.br\/blog\/wp-json\/wp\/v2\/posts\/164134","targetHints":{"allow":["GET"]}}],"collection":[{"href":"https:\/\/www.estrategiaconcursos.com.br\/blog\/wp-json\/wp\/v2\/posts"}],"about":[{"href":"https:\/\/www.estrategiaconcursos.com.br\/blog\/wp-json\/wp\/v2\/types\/post"}],"author":[{"embeddable":true,"href":"https:\/\/www.estrategiaconcursos.com.br\/blog\/wp-json\/wp\/v2\/users\/1"}],"replies":[{"embeddable":true,"href":"https:\/\/www.estrategiaconcursos.com.br\/blog\/wp-json\/wp\/v2\/comments?post=164134"}],"version-history":[{"count":8,"href":"https:\/\/www.estrategiaconcursos.com.br\/blog\/wp-json\/wp\/v2\/posts\/164134\/revisions"}],"predecessor-version":[{"id":165922,"href":"https:\/\/www.estrategiaconcursos.com.br\/blog\/wp-json\/wp\/v2\/posts\/164134\/revisions\/165922"}],"wp:featuredmedia":[{"embeddable":true,"href":"https:\/\/www.estrategiaconcursos.com.br\/blog\/wp-json\/wp\/v2\/media\/164140"}],"wp:attachment":[{"href":"https:\/\/www.estrategiaconcursos.com.br\/blog\/wp-json\/wp\/v2\/media?parent=164134"}],"wp:term":[{"taxonomy":"category","embeddable":true,"href":"https:\/\/www.estrategiaconcursos.com.br\/blog\/wp-json\/wp\/v2\/categories?post=164134"},{"taxonomy":"post_tag","embeddable":true,"href":"https:\/\/www.estrategiaconcursos.com.br\/blog\/wp-json\/wp\/v2\/tags?post=164134"},{"taxonomy":"tax_estado","embeddable":true,"href":"https:\/\/www.estrategiaconcursos.com.br\/blog\/wp-json\/wp\/v2\/tax_estado?post=164134"}],"curies":[{"name":"wp","href":"https:\/\/api.w.org\/{rel}","templated":true}]}}