{"id":164051,"date":"2019-02-03T20:55:06","date_gmt":"2019-02-03T23:55:06","guid":{"rendered":"https:\/\/www.estrategiaconcursos.com.br\/blog\/?p=164051"},"modified":"2019-02-03T20:55:07","modified_gmt":"2019-02-03T23:55:07","slug":"prf-correcao-da-prova-discursiva","status":"publish","type":"post","link":"https:\/\/www.estrategiaconcursos.com.br\/blog\/prf-correcao-da-prova-discursiva\/","title":{"rendered":"PRF: corre\u00e7\u00e3o da prova discursiva!"},"content":{"rendered":"\n<p>Ol\u00e1, caros alunos, tudo bem? <\/p>\n\n\n\n<p>Meu nome \u00e9 Marcio Damasceno, sou\nprofessor dos cursos de discursivas do Estrat\u00e9gia Concursos, n\u00facleo coordenado\npelo Prof. Carlos Roberto. Tamb\u00e9m sou servidor p\u00fablico federal, e ocupo,\natualmente, o cargo de Analista da carreira de Especialista do Banco Central do\nBrasil.<\/p>\n\n\n\n<p>Bem, acredito que, para os que nos\nderam o privil\u00e9gio de serem nossos alunos, a prova discursiva foi bem\ntranquila. A ideia aqui \u00e9 passar-lhe uma sugest\u00e3o de resposta, visto que as\nperguntas apresentadas nos t\u00f3picos questionadores n\u00e3o foram \u201cfechadas\u201d,\npermitindo-se diversas abordagens, desde que coerentes com o questionamento.<\/p>\n\n\n\n<p>O tema da sua disserta\u00e7\u00e3o foi: \u201c<strong>O combate \u00e0s infra\u00e7\u00f5es de tr\u00e2nsito nas\nrodovias federais brasileiras\u201d<\/strong>. No seu texto deveriam ser abordados os\nseguintes t\u00f3picos:<\/p>\n\n\n\n<ol class=\"wp-block-list\"><li>As medidas adotadas pela PRF no combate \u00e0s\ninfra\u00e7\u00f5es; [valor 7,00 pontos]<\/li><li>As a\u00e7\u00f5es da sociedade que auxiliem no combate \u00e0s\ninfra\u00e7\u00f5es; [valor: 6,00 pontos]<\/li><li>As atitudes individuais para a diminui\u00e7\u00e3o das\ninfra\u00e7\u00f5es. [valor: 6,00 pontos]<\/li><\/ol>\n\n\n\n<p>O <strong>primeiro ponto<\/strong> \u00e9 que se trata de um texto dissertativo em prosa\n(texto desenvolvido em par\u00e1grafos), cuja resposta deve atender \u00e0s exig\u00eancias\ndos t\u00f3picos questionadores. Em vista disso, n\u00e3o seria necess\u00e1rio que voc\u00eas\nestruturassem um paragrafo introdut\u00f3rio. Seria poss\u00edvel, pois, iniciar o seu\ntexto respondendo ao primeiro t\u00f3pico questionador.<\/p>\n\n\n\n<p>Em rela\u00e7\u00e3o a esse primeiro aspecto (medidas adotadas pela PRF no combate \u00e0s infra\u00e7\u00f5es), a primeira que vem \u00e0 mente \u00e9 decorr\u00eancia da sua compet\u00eancia constitucional de realizar o patrulhamento ostensivo nas rodovias federais, evidenciada pelas suas <strong>a\u00e7\u00f5es de fiscaliza\u00e7\u00e3o<\/strong>. As a\u00e7\u00f5es fiscalizat\u00f3rias se d\u00e3o sob as mais diferentes finalidades: verifica\u00e7\u00e3o da alcoolemia e velocidade, recupera\u00e7\u00e3o de ve\u00edculos roubados, combate ao tr\u00e1fico de armas e drogas. Em todos eles, busca-se combater infra\u00e7\u00f5es das mais diversas naturezas, cujo cen\u00e1rio s\u00e3o as rodovias federais.<\/p>\n\n\n\n<p>Al\u00e9m da fiscaliza\u00e7\u00e3o, seria\nimportante que voc\u00ea tivesse recordado as <strong>a\u00e7\u00f5es\neducativas<\/strong> realizadas pela PRF. Por meio dessas atividades, busca-se a\nconscientiza\u00e7\u00e3o da sociedade sobre a responsabilidade de cada um para a\nseguran\u00e7a nas estradas. Dentre as a\u00e7\u00f5es realizadas pela PRF, voc\u00ea poderia destacar:\n&nbsp;realiza\u00e7\u00e3o de palestras, distribui\u00e7\u00e3o de\ncartilhas, visitas a escolas, realiza\u00e7\u00f5es de festivais, simp\u00f3sios, etc. Em cada\num desses eventos refor\u00e7a-se a necessidade de obedi\u00eancia \u00e0s leis e o papel de\ncada cidad\u00e3o para a promo\u00e7\u00e3o de um tr\u00e2nsito mais seguro. Sob temas frequentes:\ndire\u00e7\u00e3o defensiva, seguran\u00e7a para motociclistas, seguran\u00e7a para pedestres,\ntr\u00e2nsito com cidadania.<\/p>\n\n\n\n<p>Outro ponto importante \u00e9 o <strong>controle das interdi\u00e7\u00f5es<\/strong>.&nbsp; Cada vez que a mobilidade \u00e9 amea\u00e7ada numa\nrodovia, a Pol\u00edcia Rodovi\u00e1ria Federal executa a\u00e7\u00f5es para, dentro do menor prazo\nposs\u00edvel, restabelecer o direito de ir e vir dos cidad\u00e3os.&nbsp; Esse tema ganhou enorme destaque em 2018 na\ngreve dos caminhoneiros, onde a atua\u00e7\u00e3o da PRF recebeu reconhecimento de\ndiversas \u00e1reas do governo e da sociedade civil, por sua atua\u00e7\u00e3o eficiente e\ngarantidora de direitos.<\/p>\n\n\n\n<p>Em rela\u00e7\u00e3o ao <strong>segundo t\u00f3pico<\/strong>, sob o ponto de vista <strong>individual<\/strong>, a <strong>principal a\u00e7\u00e3o\ndos cidad\u00e3os para auxiliarem no combate \u00e0s infra\u00e7\u00f5es \u00e9 a obedi\u00eancia ao disposto\nnas leis<\/strong>, principalmente, ao C\u00f3digo de Tr\u00e2nsito Brasileiro. \u00c9 necess\u00e1rio\nque cada cidad\u00e3o esteja consciente da sua responsabilidade e entenda que a\nprincipal contribui\u00e7\u00e3o para o combate \u00e0s infra\u00e7\u00f5es passa pela conduta\nindividual de cada integrante da sociedade.<\/p>\n\n\n\n<p>Al\u00e9m dessa, \u00e9 importante frisar a necessidade\nde uma <strong>postura proativa<\/strong> por parte da\nsociedade. Assim, \u00e9 inconceb\u00edvel que haja coniv\u00eancia com as infra\u00e7\u00f5es de\ntr\u00e2nsito. Qualquer membro da sociedade, ao presenciar conduta infracional,\ndeve, imediatamente, realizar den\u00fancias \u00e0 PRF. <\/p>\n\n\n\n<p>Mais do que a mera n\u00e3o coniv\u00eancia,\n\u00e9 necess\u00e1rio que se forme um senso de elevada reprovabilidade em rela\u00e7\u00e3o \u00e0s\ninfra\u00e7\u00f5es no tr\u00e2nsito que, de forma alguma, podem ser banalizadas. Isso envolve\numa modifica\u00e7\u00e3o cultural e moral da sociedade. O controle social exerce grande\ninflu\u00eancia no comportamento dos indiv\u00edduos, de forma que, havendo esse esp\u00edrito\nde fiscaliza\u00e7\u00e3o m\u00fatua, eles tender\u00e3o a obedecer aos padr\u00f5es morais para serem\naceitos pela sociedade onde vivem.<\/p>\n\n\n\n<p>Tamb\u00e9m pode ser mencionada a\nnecessidade do <strong>desenvolvimento das bases\neducacionais da sociedade<\/strong>, mobilizando-se, por exemplo, para a realiza\u00e7\u00e3o\nde campanhas educativas, para lutar pela inser\u00e7\u00e3o de carga-hor\u00e1ria nas grades escolares,\nobjetivando-se a conscientiza\u00e7\u00e3o desde cedo, bem como outras a\u00e7\u00f5es que colaborem\ncom as a\u00e7\u00f5es empreendidas pela PRF.<\/p>\n\n\n\n<p>Por fim, pode-se mencionar uma\ninfinidade de <strong>exemplos que cada cidad\u00e3o\npode adotar para diminui\u00e7\u00e3o das infra\u00e7\u00f5es<\/strong>: n\u00e3o ingerir bebida alco\u00f3lica ou\noutra subst\u00e2ncia capaz de alterar a sua capacidade psicomotora quando for\ndirigir, efetuar a correta manuten\u00e7\u00e3o do seu ve\u00edculo, dirigir com prud\u00eancia,\nrespeitar a sinaliza\u00e7\u00e3o de tr\u00e2nsito, usar cinto de seguran\u00e7a, n\u00e3o utilizar\nequipamentos eletr\u00f4nicos enquanto dirige, respeitar os limites de velocidade da\nvia, etc.<\/p>\n\n\n\n<p>Pois bem, meus amigos. Estamos\nmuito felizes, pois trabalhamos com afinco essas varia\u00e7\u00f5es argumentativas em\nnosso curso de discursivas para a PRF aqui do Estrat\u00e9gia Concursos. Certamente,\nquem foi nosso aluno e seguiu \u00e0 risca nossas orienta\u00e7\u00f5es teve bastante\ntranquilidade para fazer uma boa prova. Ademais, na sexta-feira o professor\nCarlos Roberto refor\u00e7ou com voc\u00eas alguns desses argumentos que foram aqui\nexpostos, bem como a forma de se estruturar o texto em provas da banca Cespe. <\/p>\n\n\n\n<p>Chamo aten\u00e7\u00e3o especial para a fase\nde recursos. N\u00e3o se mantenham inertes, pois as varia\u00e7\u00f5es das notas nessa etapa\ns\u00e3o significativas, e isso poder\u00e1 custar sua aprova\u00e7\u00e3o!<\/p>\n\n\n\n<p>Qualquer d\u00favida voc\u00eas podem enviar\ne-mail para <a href=\"mailto:recursos@estrategiaconcursos.com.br\">recursos@estrategiaconcursos.com.br<\/a>.<\/p>\n\n\n\n<p>Abra\u00e7o.<\/p>\n\n\n\n<p>Prof. M\u00e1rcio Damasceno.<\/p>\n","protected":false},"excerpt":{"rendered":"<p>Ol\u00e1, caros alunos, tudo bem? Meu nome \u00e9 Marcio Damasceno, sou professor dos cursos de discursivas do Estrat\u00e9gia Concursos, n\u00facleo coordenado pelo Prof. Carlos Roberto. Tamb\u00e9m sou servidor p\u00fablico federal, e ocupo, atualmente, o cargo de Analista da carreira de Especialista do Banco Central do Brasil. Bem, acredito que, para os que nos deram o [&hellip;]<\/p>\n","protected":false},"author":611,"featured_media":0,"comment_status":"open","ping_status":"closed","sticky":false,"template":"","format":"standard","meta":{"post_tipo":"article","footnotes":""},"categories":[1],"tags":[],"tax_estado":[],"class_list":["post-164051","post","type-post","status-publish","format-standard","hentry","category-cursos-e-concursos"],"acf":[],"yoast_head":"<!-- This site is optimized with the Yoast SEO Premium plugin v27.2 (Yoast SEO v27.2) - https:\/\/yoast.com\/product\/yoast-seo-premium-wordpress\/ -->\n<title>PRF: corre\u00e7\u00e3o da prova discursiva!<\/title>\n<meta name=\"robots\" content=\"index, follow, max-snippet:-1, max-image-preview:large, max-video-preview:-1\" \/>\n<link rel=\"canonical\" href=\"https:\/\/www.estrategiaconcursos.com.br\/blog\/prf-correcao-da-prova-discursiva\/\" \/>\n<meta property=\"og:locale\" content=\"pt_BR\" \/>\n<meta property=\"og:type\" content=\"article\" \/>\n<meta property=\"og:title\" content=\"PRF: corre\u00e7\u00e3o da prova discursiva!\" \/>\n<meta property=\"og:description\" content=\"Ol\u00e1, caros alunos, tudo bem? Meu nome \u00e9 Marcio Damasceno, sou professor dos cursos de discursivas do Estrat\u00e9gia Concursos, n\u00facleo coordenado pelo Prof. Carlos Roberto. Tamb\u00e9m sou servidor p\u00fablico federal, e ocupo, atualmente, o cargo de Analista da carreira de Especialista do Banco Central do Brasil. Bem, acredito que, para os que nos deram o [&hellip;]\" \/>\n<meta property=\"og:url\" content=\"https:\/\/www.estrategiaconcursos.com.br\/blog\/prf-correcao-da-prova-discursiva\/\" \/>\n<meta property=\"og:site_name\" content=\"Estrat\u00e9gia Concursos\" \/>\n<meta property=\"article:published_time\" content=\"2019-02-03T23:55:06+00:00\" \/>\n<meta property=\"article:modified_time\" content=\"2019-02-03T23:55:07+00:00\" \/>\n<meta name=\"author\" content=\"Marcio Damasceno\" \/>\n<meta name=\"twitter:card\" content=\"summary_large_image\" \/>\n<meta name=\"twitter:creator\" content=\"@EstratConcursos\" \/>\n<meta name=\"twitter:site\" content=\"@EstratConcursos\" \/>\n<meta name=\"twitter:label1\" content=\"Escrito por\" \/>\n\t<meta name=\"twitter:data1\" content=\"Marcio Damasceno\" \/>\n\t<meta name=\"twitter:label2\" content=\"Est. tempo de leitura\" \/>\n\t<meta name=\"twitter:data2\" content=\"5 minutos\" \/>\n<script type=\"application\/ld+json\" class=\"yoast-schema-graph\">{\"@context\":\"https:\/\/schema.org\",\"@graph\":[{\"@type\":\"NewsArticle\",\"@id\":\"https:\/\/www.estrategiaconcursos.com.br\/blog\/prf-correcao-da-prova-discursiva\/#article\",\"isPartOf\":{\"@id\":\"https:\/\/www.estrategiaconcursos.com.br\/blog\/prf-correcao-da-prova-discursiva\/\"},\"author\":{\"name\":\"Marcio Damasceno\",\"@id\":\"https:\/\/www.estrategiaconcursos.com.br\/blog\/#\/schema\/person\/93fb122910b3b72b3ba17b9d67315bef\"},\"headline\":\"PRF: corre\u00e7\u00e3o da prova discursiva!\",\"datePublished\":\"2019-02-03T23:55:06+00:00\",\"dateModified\":\"2019-02-03T23:55:07+00:00\",\"mainEntityOfPage\":{\"@id\":\"https:\/\/www.estrategiaconcursos.com.br\/blog\/prf-correcao-da-prova-discursiva\/\"},\"wordCount\":997,\"commentCount\":3,\"publisher\":{\"@id\":\"https:\/\/www.estrategiaconcursos.com.br\/blog\/#organization\"},\"articleSection\":[\"Concursos P\u00fablicos\"],\"inLanguage\":\"pt-BR\",\"potentialAction\":[{\"@type\":\"CommentAction\",\"name\":\"Comment\",\"target\":[\"https:\/\/www.estrategiaconcursos.com.br\/blog\/prf-correcao-da-prova-discursiva\/#respond\"]}],\"copyrightYear\":\"2019\",\"copyrightHolder\":{\"@id\":\"https:\/\/www.estrategiaconcursos.com.br\/blog\/#organization\"}},{\"@type\":\"WebPage\",\"@id\":\"https:\/\/www.estrategiaconcursos.com.br\/blog\/prf-correcao-da-prova-discursiva\/\",\"url\":\"https:\/\/www.estrategiaconcursos.com.br\/blog\/prf-correcao-da-prova-discursiva\/\",\"name\":\"PRF: corre\u00e7\u00e3o da prova discursiva!\",\"isPartOf\":{\"@id\":\"https:\/\/www.estrategiaconcursos.com.br\/blog\/#website\"},\"datePublished\":\"2019-02-03T23:55:06+00:00\",\"dateModified\":\"2019-02-03T23:55:07+00:00\",\"breadcrumb\":{\"@id\":\"https:\/\/www.estrategiaconcursos.com.br\/blog\/prf-correcao-da-prova-discursiva\/#breadcrumb\"},\"inLanguage\":\"pt-BR\",\"potentialAction\":[{\"@type\":\"ReadAction\",\"target\":[\"https:\/\/www.estrategiaconcursos.com.br\/blog\/prf-correcao-da-prova-discursiva\/\"]}]},{\"@type\":\"BreadcrumbList\",\"@id\":\"https:\/\/www.estrategiaconcursos.com.br\/blog\/prf-correcao-da-prova-discursiva\/#breadcrumb\",\"itemListElement\":[{\"@type\":\"ListItem\",\"position\":1,\"name\":\"In\u00edcio\",\"item\":\"https:\/\/www.estrategiaconcursos.com.br\/blog\/\"},{\"@type\":\"ListItem\",\"position\":2,\"name\":\"PRF: corre\u00e7\u00e3o da prova discursiva!\"}]},{\"@type\":\"WebSite\",\"@id\":\"https:\/\/www.estrategiaconcursos.com.br\/blog\/#website\",\"url\":\"https:\/\/www.estrategiaconcursos.com.br\/blog\/\",\"name\":\"Estrat\u00e9gia Concursos\",\"description\":\"O blog da Estrat\u00e9gia Concursos traz not\u00edcias sobre concursos e artigos de professores oferecendo cursos para concursos (pdf + videaulas) no site.\",\"publisher\":{\"@id\":\"https:\/\/www.estrategiaconcursos.com.br\/blog\/#organization\"},\"potentialAction\":[{\"@type\":\"SearchAction\",\"target\":{\"@type\":\"EntryPoint\",\"urlTemplate\":\"https:\/\/www.estrategiaconcursos.com.br\/blog\/?s={search_term_string}\"},\"query-input\":{\"@type\":\"PropertyValueSpecification\",\"valueRequired\":true,\"valueName\":\"search_term_string\"}}],\"inLanguage\":\"pt-BR\"},{\"@type\":\"Organization\",\"@id\":\"https:\/\/www.estrategiaconcursos.com.br\/blog\/#organization\",\"name\":\"Estrat\u00e9gia Concursos\",\"url\":\"https:\/\/www.estrategiaconcursos.com.br\/blog\/\",\"logo\":{\"@type\":\"ImageObject\",\"inLanguage\":\"pt-BR\",\"@id\":\"https:\/\/www.estrategiaconcursos.com.br\/blog\/#\/schema\/logo\/image\/\",\"url\":\"https:\/\/dhg1h5j42swfq.cloudfront.net\/2025\/06\/03203428\/logo_concursos-1.jpg\",\"contentUrl\":\"https:\/\/dhg1h5j42swfq.cloudfront.net\/2025\/06\/03203428\/logo_concursos-1.jpg\",\"width\":230,\"height\":60,\"caption\":\"Estrat\u00e9gia Concursos\"},\"image\":{\"@id\":\"https:\/\/www.estrategiaconcursos.com.br\/blog\/#\/schema\/logo\/image\/\"},\"sameAs\":[\"https:\/\/x.com\/EstratConcursos\"]},{\"@type\":\"Person\",\"@id\":\"https:\/\/www.estrategiaconcursos.com.br\/blog\/#\/schema\/person\/93fb122910b3b72b3ba17b9d67315bef\",\"name\":\"Marcio Damasceno\",\"image\":{\"@type\":\"ImageObject\",\"inLanguage\":\"pt-BR\",\"@id\":\"https:\/\/secure.gravatar.com\/avatar\/239ef2e5a61ef0a51d0076c851c83d2b59ad4685169911ccb9f9bf306edf074e?s=96&d=mm&r=g\",\"url\":\"https:\/\/secure.gravatar.com\/avatar\/239ef2e5a61ef0a51d0076c851c83d2b59ad4685169911ccb9f9bf306edf074e?s=96&d=mm&r=g\",\"contentUrl\":\"https:\/\/secure.gravatar.com\/avatar\/239ef2e5a61ef0a51d0076c851c83d2b59ad4685169911ccb9f9bf306edf074e?s=96&d=mm&r=g\",\"caption\":\"Marcio Damasceno\"},\"url\":\"https:\/\/www.estrategiaconcursos.com.br\/blog\/author\/marciodamascenoestrategiaconcursos-com-br\/\"}]}<\/script>\n<!-- \/ Yoast SEO Premium plugin. -->","yoast_head_json":{"title":"PRF: corre\u00e7\u00e3o da prova discursiva!","robots":{"index":"index","follow":"follow","max-snippet":"max-snippet:-1","max-image-preview":"max-image-preview:large","max-video-preview":"max-video-preview:-1"},"canonical":"https:\/\/www.estrategiaconcursos.com.br\/blog\/prf-correcao-da-prova-discursiva\/","og_locale":"pt_BR","og_type":"article","og_title":"PRF: corre\u00e7\u00e3o da prova discursiva!","og_description":"Ol\u00e1, caros alunos, tudo bem? Meu nome \u00e9 Marcio Damasceno, sou professor dos cursos de discursivas do Estrat\u00e9gia Concursos, n\u00facleo coordenado pelo Prof. Carlos Roberto. Tamb\u00e9m sou servidor p\u00fablico federal, e ocupo, atualmente, o cargo de Analista da carreira de Especialista do Banco Central do Brasil. Bem, acredito que, para os que nos deram o [&hellip;]","og_url":"https:\/\/www.estrategiaconcursos.com.br\/blog\/prf-correcao-da-prova-discursiva\/","og_site_name":"Estrat\u00e9gia Concursos","article_published_time":"2019-02-03T23:55:06+00:00","article_modified_time":"2019-02-03T23:55:07+00:00","author":"Marcio Damasceno","twitter_card":"summary_large_image","twitter_creator":"@EstratConcursos","twitter_site":"@EstratConcursos","twitter_misc":{"Escrito por":"Marcio Damasceno","Est. tempo de leitura":"5 minutos"},"schema":{"@context":"https:\/\/schema.org","@graph":[{"@type":"NewsArticle","@id":"https:\/\/www.estrategiaconcursos.com.br\/blog\/prf-correcao-da-prova-discursiva\/#article","isPartOf":{"@id":"https:\/\/www.estrategiaconcursos.com.br\/blog\/prf-correcao-da-prova-discursiva\/"},"author":{"name":"Marcio Damasceno","@id":"https:\/\/www.estrategiaconcursos.com.br\/blog\/#\/schema\/person\/93fb122910b3b72b3ba17b9d67315bef"},"headline":"PRF: corre\u00e7\u00e3o da prova discursiva!","datePublished":"2019-02-03T23:55:06+00:00","dateModified":"2019-02-03T23:55:07+00:00","mainEntityOfPage":{"@id":"https:\/\/www.estrategiaconcursos.com.br\/blog\/prf-correcao-da-prova-discursiva\/"},"wordCount":997,"commentCount":3,"publisher":{"@id":"https:\/\/www.estrategiaconcursos.com.br\/blog\/#organization"},"articleSection":["Concursos P\u00fablicos"],"inLanguage":"pt-BR","potentialAction":[{"@type":"CommentAction","name":"Comment","target":["https:\/\/www.estrategiaconcursos.com.br\/blog\/prf-correcao-da-prova-discursiva\/#respond"]}],"copyrightYear":"2019","copyrightHolder":{"@id":"https:\/\/www.estrategiaconcursos.com.br\/blog\/#organization"}},{"@type":"WebPage","@id":"https:\/\/www.estrategiaconcursos.com.br\/blog\/prf-correcao-da-prova-discursiva\/","url":"https:\/\/www.estrategiaconcursos.com.br\/blog\/prf-correcao-da-prova-discursiva\/","name":"PRF: corre\u00e7\u00e3o da prova discursiva!","isPartOf":{"@id":"https:\/\/www.estrategiaconcursos.com.br\/blog\/#website"},"datePublished":"2019-02-03T23:55:06+00:00","dateModified":"2019-02-03T23:55:07+00:00","breadcrumb":{"@id":"https:\/\/www.estrategiaconcursos.com.br\/blog\/prf-correcao-da-prova-discursiva\/#breadcrumb"},"inLanguage":"pt-BR","potentialAction":[{"@type":"ReadAction","target":["https:\/\/www.estrategiaconcursos.com.br\/blog\/prf-correcao-da-prova-discursiva\/"]}]},{"@type":"BreadcrumbList","@id":"https:\/\/www.estrategiaconcursos.com.br\/blog\/prf-correcao-da-prova-discursiva\/#breadcrumb","itemListElement":[{"@type":"ListItem","position":1,"name":"In\u00edcio","item":"https:\/\/www.estrategiaconcursos.com.br\/blog\/"},{"@type":"ListItem","position":2,"name":"PRF: corre\u00e7\u00e3o da prova discursiva!"}]},{"@type":"WebSite","@id":"https:\/\/www.estrategiaconcursos.com.br\/blog\/#website","url":"https:\/\/www.estrategiaconcursos.com.br\/blog\/","name":"Estrat\u00e9gia Concursos","description":"O blog da Estrat\u00e9gia Concursos traz not\u00edcias sobre concursos e artigos de professores oferecendo cursos para concursos (pdf + videaulas) no site.","publisher":{"@id":"https:\/\/www.estrategiaconcursos.com.br\/blog\/#organization"},"potentialAction":[{"@type":"SearchAction","target":{"@type":"EntryPoint","urlTemplate":"https:\/\/www.estrategiaconcursos.com.br\/blog\/?s={search_term_string}"},"query-input":{"@type":"PropertyValueSpecification","valueRequired":true,"valueName":"search_term_string"}}],"inLanguage":"pt-BR"},{"@type":"Organization","@id":"https:\/\/www.estrategiaconcursos.com.br\/blog\/#organization","name":"Estrat\u00e9gia Concursos","url":"https:\/\/www.estrategiaconcursos.com.br\/blog\/","logo":{"@type":"ImageObject","inLanguage":"pt-BR","@id":"https:\/\/www.estrategiaconcursos.com.br\/blog\/#\/schema\/logo\/image\/","url":"https:\/\/dhg1h5j42swfq.cloudfront.net\/2025\/06\/03203428\/logo_concursos-1.jpg","contentUrl":"https:\/\/dhg1h5j42swfq.cloudfront.net\/2025\/06\/03203428\/logo_concursos-1.jpg","width":230,"height":60,"caption":"Estrat\u00e9gia Concursos"},"image":{"@id":"https:\/\/www.estrategiaconcursos.com.br\/blog\/#\/schema\/logo\/image\/"},"sameAs":["https:\/\/x.com\/EstratConcursos"]},{"@type":"Person","@id":"https:\/\/www.estrategiaconcursos.com.br\/blog\/#\/schema\/person\/93fb122910b3b72b3ba17b9d67315bef","name":"Marcio Damasceno","image":{"@type":"ImageObject","inLanguage":"pt-BR","@id":"https:\/\/secure.gravatar.com\/avatar\/239ef2e5a61ef0a51d0076c851c83d2b59ad4685169911ccb9f9bf306edf074e?s=96&d=mm&r=g","url":"https:\/\/secure.gravatar.com\/avatar\/239ef2e5a61ef0a51d0076c851c83d2b59ad4685169911ccb9f9bf306edf074e?s=96&d=mm&r=g","contentUrl":"https:\/\/secure.gravatar.com\/avatar\/239ef2e5a61ef0a51d0076c851c83d2b59ad4685169911ccb9f9bf306edf074e?s=96&d=mm&r=g","caption":"Marcio Damasceno"},"url":"https:\/\/www.estrategiaconcursos.com.br\/blog\/author\/marciodamascenoestrategiaconcursos-com-br\/"}]}},"_links":{"self":[{"href":"https:\/\/www.estrategiaconcursos.com.br\/blog\/wp-json\/wp\/v2\/posts\/164051","targetHints":{"allow":["GET"]}}],"collection":[{"href":"https:\/\/www.estrategiaconcursos.com.br\/blog\/wp-json\/wp\/v2\/posts"}],"about":[{"href":"https:\/\/www.estrategiaconcursos.com.br\/blog\/wp-json\/wp\/v2\/types\/post"}],"author":[{"embeddable":true,"href":"https:\/\/www.estrategiaconcursos.com.br\/blog\/wp-json\/wp\/v2\/users\/611"}],"replies":[{"embeddable":true,"href":"https:\/\/www.estrategiaconcursos.com.br\/blog\/wp-json\/wp\/v2\/comments?post=164051"}],"version-history":[{"count":1,"href":"https:\/\/www.estrategiaconcursos.com.br\/blog\/wp-json\/wp\/v2\/posts\/164051\/revisions"}],"predecessor-version":[{"id":164052,"href":"https:\/\/www.estrategiaconcursos.com.br\/blog\/wp-json\/wp\/v2\/posts\/164051\/revisions\/164052"}],"wp:attachment":[{"href":"https:\/\/www.estrategiaconcursos.com.br\/blog\/wp-json\/wp\/v2\/media?parent=164051"}],"wp:term":[{"taxonomy":"category","embeddable":true,"href":"https:\/\/www.estrategiaconcursos.com.br\/blog\/wp-json\/wp\/v2\/categories?post=164051"},{"taxonomy":"post_tag","embeddable":true,"href":"https:\/\/www.estrategiaconcursos.com.br\/blog\/wp-json\/wp\/v2\/tags?post=164051"},{"taxonomy":"tax_estado","embeddable":true,"href":"https:\/\/www.estrategiaconcursos.com.br\/blog\/wp-json\/wp\/v2\/tax_estado?post=164051"}],"curies":[{"name":"wp","href":"https:\/\/api.w.org\/{rel}","templated":true}]}}