{"id":163934,"date":"2019-02-03T19:14:48","date_gmt":"2019-02-03T22:14:48","guid":{"rendered":"https:\/\/www.estrategiaconcursos.com.br\/blog\/?p=163934"},"modified":"2023-07-28T11:46:14","modified_gmt":"2023-07-28T14:46:14","slug":"gabarito-extraoficial-prf-direito-constitucional","status":"publish","type":"post","link":"https:\/\/www.estrategiaconcursos.com.br\/blog\/gabarito-extraoficial-prf-direito-constitucional\/","title":{"rendered":"Gabarito Extraoficial PRF &#8211; Direito Constitucional"},"content":{"rendered":"\n<p>Ol\u00e1, pessoal! Tudo bem?<\/p>\n\n\n\n<p>Neste domingo (03\/02), foi realizada a prova da Pol\u00edcia Rodovi\u00e1ria Federal (PRF).<\/p>\n\n\n\n<p>Em Direito Constitucional, tivemos uma prova relativamente tranquila. Dificilmente, o CESPE trar\u00e1 uma posi\u00e7\u00e3o diferente da que apresentaremos a seguir.<\/p>\n\n\n\n<p>Considero que n\u00e3o tivemos quest\u00f5es pol\u00eamicas na prova de Direito Constitucional PRF. Ao contr\u00e1rio, as quest\u00f5es foram bem dentro daquilo que j\u00e1 esper\u00e1vamos.<\/p>\n\n\n\n<p>Foram assuntos exaustivamente abordados em nosso curso de Direito Constitucional PRF do Estrat\u00e9gia. Tamb\u00e9m tratamos dessas quest\u00f5es em nossos Simulado e em nossos dois aul\u00f5es de v\u00e9spera.<\/p>\n\n\n\n<p>Abaixo, eu lhes apresento os coment\u00e1rios de todas as quest\u00f5es, bem como o meu gabarito extraoficial. Fiz os coment\u00e1rios em v\u00eddeo (no meu canal do YouTube) e em texto.<\/p>\n\n\n\n<p>Abra\u00e7os e bons estudos,<\/p>\n\n\n\n<p>Ricardo Vale<\/p>\n\n\n\n<p><strong><em>&#8220;O segredo do sucesso \u00e9 a const\u00e2ncia no objetivo&#8221;<\/em><\/strong><\/p>\n\n\n\n<p>Instagram: <a href=\"https:\/\/www.instagram.com\/profricardovale\/\">@profricardovale<\/a><\/p>\n\n\n\n<p class=\"has-text-align-center has-vivid-cyan-blue-color has-text-color\"><strong>DIREITO CONSTITUCIONAL &#8211; PRF<\/strong><\/p>\n\n\n\n<p><strong>96\n\u2013 (CESPE \/ PRF \u2013 2019) <\/strong>A seguran\u00e7a vi\u00e1ria compreende a educa\u00e7\u00e3o, a\nengenharia e a fiscaliza\u00e7\u00e3o de tr\u00e2nsito, vetores que asseguram ao cidad\u00e3o o direito\n\u00e0 mobilidade urbana eficiente.<\/p>\n\n\n\n<p><strong>Coment\u00e1rios<\/strong>:<\/p>\n\n\n\n<p>\u00c9 o que prev\u00ea o art. 144, \u00a7 10,\nCF\/88: <\/p>\n\n\n\n<p><strong>Art. 144 (&#8230;)<\/strong><\/p>\n\n\n\n<p><strong>\u00a7 10. <\/strong>A seguran\u00e7a vi\u00e1ria, exercida para a preserva\u00e7\u00e3o da ordem p\u00fablica e\nda incolumidade das pessoas e do seu patrim\u00f4nio nas vias p\u00fablicas:&nbsp;<\/p>\n\n\n\n<p><strong>I &#8211;<\/strong> compreende a educa\u00e7\u00e3o, engenharia e fiscaliza\u00e7\u00e3o de tr\u00e2nsito,\nal\u00e9m de outras atividades previstas em lei, que assegurem ao cidad\u00e3o o direito\n\u00e0 mobilidade urbana eficiente; e&nbsp;<\/p>\n\n\n\n<p><strong>II &#8211;<\/strong> compete, no \u00e2mbito dos Estados, do Distrito Federal e dos\nMunic\u00edpios, aos respectivos \u00f3rg\u00e3os ou entidades executivos e seus agentes de tr\u00e2nsito,\nestruturados em Carreira, na forma da lei.<\/p>\n\n\n\n<p>Quest\u00e3o correta. <\/p>\n\n\n\n<p><strong>97\n\u2013 (CESPE \/ PRF \u2013 2019)<\/strong> S\u00e3o constitucionalmente assegurados ao preso o direito\n\u00e0 identifica\u00e7\u00e3o dos agentes estatais respons\u00e1veis pela sua pris\u00e3o e o direito\nde permanecer em sil\u00eancio.<\/p>\n\n\n\n<p><strong>Coment\u00e1rios<\/strong>:<\/p>\n\n\n\n<p>Os presos t\u00eam direito \u00e0 identifica\u00e7\u00e3o\ndos respons\u00e1veis por sua pris\u00e3o (art. 5\u00ba, LXIV) e o direito a permanecer calado\n(art. 5\u00ba, LXIII). Quest\u00e3o correta. <\/p>\n\n\n\n<p><strong>98\n\u2013 (CESPE \/ PRF \u2013 2019)<\/strong> A compet\u00eancia da PRF, institui\u00e7\u00e3o permanente, organizada\ne mantida pela Uni\u00e3o, inclui o patrulhamento ostensivo das rodovias e das ferrovias\nfederais.<\/p>\n\n\n\n<p><strong>Coment\u00e1rios<\/strong>:<\/p>\n\n\n\n<p>O patrulhamento ostensivo das\nferrovias federais \u00e9 compet\u00eancia da pol\u00edcia <strong>ferrovi\u00e1ria <\/strong>federal (art. 144, \u00a7 3\u00ba, CF\/88). N\u00e3o se\ntrata, portanto, de compet\u00eancia da PRF. Quest\u00e3o errada.<\/p>\n\n\n\n<p><strong>99\n\u2013 (CESPE \/ PRF \u2013 2019)<\/strong> Em caso de iminente perigo p\u00fablico, autoridade p\u00fablica\ncompetente poder\u00e1 usar a propriedade particular, desde que assegure a\nconsequente indeniza\u00e7\u00e3o, independentemente da comprova\u00e7\u00e3o da exist\u00eancia de\ndano, que, nesse caso, \u00e9 presumido.<\/p>\n\n\n\n<p><strong>Coment\u00e1rios<\/strong>:<\/p>\n\n\n\n<p>Na requisi\u00e7\u00e3o administrativa, a\nindeniza\u00e7\u00e3o \u00e9 ulterior, apenas se houver dano. Quest\u00e3o errada. <\/p>\n\n\n\n<p><strong>100\n\u2013 (CESPE \/ PRF \u2013 2019)<\/strong> Policial rodovi\u00e1rio federal com mais de dez anos de\nservi\u00e7o pode candidatar-se ao cargo de deputado federal, devendo, no caso de\nser eleito, passar para a inatividade a partir do ato de sua diploma\u00e7\u00e3o. <\/p>\n\n\n\n<p><strong>Coment\u00e1rios<\/strong>:<\/p>\n\n\n\n<p>Os <strong>militares<\/strong> com mais de 10 anos de servi\u00e7o podem candidatar-se,\ndevendo, no caso de eleitos, passar \u00e0 inatividade a partir do ato de sua\ndiploma\u00e7\u00e3o. Essa regra n\u00e3o se aplica aos policiais rodovi\u00e1rios federais, que s\u00e3o\nservidores p\u00fablicos civis. <\/p>\n\n\n\n<p>Os servidores p\u00fablicos, caso sejam eleitos para exercer mandato eletivo federal, <strong><em>ser\u00e3o afastados do cargo<\/em><\/strong>. Quest\u00e3o errada. <\/p>\n\n\n\n<p class=\"has-vivid-cyan-blue-color has-text-color\"><strong>Outros Artigos&nbsp;do&nbsp;Gabarito&nbsp;PRF:<\/strong><\/p>\n\n\n\n<p><a href=\"https:\/\/www.estrategiaconcursos.com.br\/blog\/gabarito-prf-direito-administrativo\/\">Direito Administrativo &#8211; Prof. Herbert Almeida<\/a><\/p>\n\n\n\n<p><a href=\"https:\/\/www.estrategiaconcursos.com.br\/blog\/direito-humanos-prf-gabarito-extraoficial\/\">Direitos Humanos &#8211; Prof. Ricardo Torques<\/a><\/p>\n\n\n\n<p><a href=\"https:\/\/www.estrategiaconcursos.com.br\/blog\/gabarito-extraoficial-e-prova-resolvida-prf-raciocinio-logico-matematico\/\">Racioc\u00ednio L\u00f3gico &#8211; Prof. Guilherme Neves<\/a><\/p>\n\n\n\n<p><a href=\"https:\/\/www.estrategiaconcursos.com.br\/blog\/gabarito-prf-direito-penal-e-processual-penal-extraoficial\/\">Direito Penal e Processual Penal- Prof. Renan Ara\u00fajo<\/a><\/p>\n\n\n\n<p><a href=\"https:\/\/www.estrategiaconcursos.com.br\/blog\/gabarito-prf-fisica\/\">F\u00edsica &#8211; Prof. Vin\u00edcius Silva<\/a><\/p>\n\n\n\n<p><a href=\"https:\/\/www.estrategiaconcursos.com.br\/blog\/gabarito-prf-legislacao-penal\/\">Legisla\u00e7\u00e3o Penal &#8211; Prof. Paulo Guimar\u00e3es<\/a><\/p>\n\n\n\n<p><a href=\"https:\/\/www.estrategiaconcursos.com.br\/blog\/gabarito-prf-etica\/\">\u00c9tica &#8211; Prof. Paulo Guimar\u00e3es <\/a><\/p>\n\n\n\n<p>Geopol\u00edtica e Hist\u00f3ria da PRF &#8211; Prof. Leandro Signori<\/p>\n\n\n\n<p>Legisla\u00e7\u00e3o de Tr\u00e2nsito &#8211; Prof. Marcos Gir\u00e3o<\/p>\n\n\n\n<p>Portugu\u00eas &#8211; Prof. Felipe Luccas<\/p>\n\n\n\n<h3 class=\"wp-block-heading\" id=\"mce_26\">Gabarito PRF &#8211; confira os coment\u00e1rios<\/h3>\n\n\n\n<p>Direito Penal &#8211; <u><a href=\"https:\/\/www.estrategiaconcursos.com.br\/blog\/gabarito-sefaz-rs-auditor-direito-penal-extraoficial\/\">confira aqui!<\/a><\/u><\/p>\n\n\n\n<p>Direito Administrativo &#8211; <u><a href=\"https:\/\/www.estrategiaconcursos.com.br\/blog\/gabarito-prf-direito-administrativo\/\">confira aqui!<\/a><\/u><\/p>\n\n\n\n<p>\u00c9tica &#8211;  <u><a href=\"https:\/\/www.estrategiaconcursos.com.br\/blog\/gabarito-prf-etica\/\">confira aqui! <\/a><\/u><\/p>\n\n\n\n<p>Racioc\u00ednio L\u00f3gico e Matem\u00e1tica &#8211; <u><a href=\"https:\/\/www.estrategiaconcursos.com.br\/blog\/gabarito-prf-etica\/\">confira aqui! <\/a><\/u><\/p>\n\n\n\n<p>Direito Humanos &#8211; <u><a href=\"https:\/\/www.estrategiaconcursos.com.br\/blog\/direito-humanos-prf-gabarito-extraoficial\/\">confira aqui!<\/a><\/u><\/p>\n\n\n\n<p>F\u00edsica &#8211; <u><a href=\"https:\/\/www.estrategiaconcursos.com.br\/blog\/gabarito-prf-fisica\/\">confira aqui!<\/a><\/u><\/p>\n\n\n\n<p>Legisla\u00e7\u00e3o Penal &#8211; <u><a href=\"https:\/\/www.estrategiaconcursos.com.br\/blog\/gabarito-prf-legislacao-penal\/\">confira aqui! <\/a><\/u><\/p>\n\n\n\n<p>\n\nDireito Penal e Processual Penal &#8211; <a href=\"https:\/\/www.estrategiaconcursos.com.br\/blog\/gabarito-prf-direito-penal-e-processual-penal-extraoficial\/\">confira aqui!<\/a><\/p>\n","protected":false},"excerpt":{"rendered":"<p>Ol\u00e1, pessoal! Tudo bem? Neste domingo (03\/02), foi realizada a prova da Pol\u00edcia Rodovi\u00e1ria Federal (PRF). Em Direito Constitucional, tivemos uma prova relativamente tranquila. Dificilmente, o CESPE trar\u00e1 uma posi\u00e7\u00e3o diferente da que apresentaremos a seguir. Considero que n\u00e3o tivemos quest\u00f5es pol\u00eamicas na prova de Direito Constitucional PRF. Ao contr\u00e1rio, as quest\u00f5es foram bem dentro [&hellip;]<\/p>\n","protected":false},"author":26,"featured_media":0,"comment_status":"open","ping_status":"closed","sticky":false,"template":"","format":"standard","meta":{"post_tipo":"article","footnotes":""},"categories":[1],"tags":[],"tax_estado":[],"class_list":["post-163934","post","type-post","status-publish","format-standard","hentry","category-cursos-e-concursos"],"acf":[],"yoast_head":"<!-- This site is optimized with the Yoast SEO Premium plugin v27.2 (Yoast SEO v27.2) - https:\/\/yoast.com\/product\/yoast-seo-premium-wordpress\/ -->\n<title>Gabarito Extraoficial PRF - Direito Constitucional<\/title>\n<meta name=\"robots\" content=\"index, follow, max-snippet:-1, max-image-preview:large, max-video-preview:-1\" \/>\n<link rel=\"canonical\" href=\"https:\/\/www.estrategiaconcursos.com.br\/blog\/gabarito-extraoficial-prf-direito-constitucional\/\" \/>\n<meta property=\"og:locale\" content=\"pt_BR\" \/>\n<meta property=\"og:type\" content=\"article\" \/>\n<meta property=\"og:title\" content=\"Gabarito Extraoficial PRF - Direito Constitucional\" \/>\n<meta property=\"og:description\" content=\"Ol\u00e1, pessoal! Tudo bem? Neste domingo (03\/02), foi realizada a prova da Pol\u00edcia Rodovi\u00e1ria Federal (PRF). Em Direito Constitucional, tivemos uma prova relativamente tranquila. Dificilmente, o CESPE trar\u00e1 uma posi\u00e7\u00e3o diferente da que apresentaremos a seguir. Considero que n\u00e3o tivemos quest\u00f5es pol\u00eamicas na prova de Direito Constitucional PRF. Ao contr\u00e1rio, as quest\u00f5es foram bem dentro [&hellip;]\" \/>\n<meta property=\"og:url\" content=\"https:\/\/www.estrategiaconcursos.com.br\/blog\/gabarito-extraoficial-prf-direito-constitucional\/\" \/>\n<meta property=\"og:site_name\" content=\"Estrat\u00e9gia Concursos\" \/>\n<meta property=\"article:author\" content=\"https:\/\/www.facebook.com\/rvale01\" \/>\n<meta property=\"article:published_time\" content=\"2019-02-03T22:14:48+00:00\" \/>\n<meta property=\"article:modified_time\" content=\"2023-07-28T14:46:14+00:00\" \/>\n<meta name=\"author\" content=\"Ricardo Vale\" \/>\n<meta name=\"twitter:card\" content=\"summary_large_image\" \/>\n<meta name=\"twitter:creator\" content=\"@https:\/\/twitter.com\/EstratConcursos\" \/>\n<meta name=\"twitter:site\" content=\"@EstratConcursos\" \/>\n<meta name=\"twitter:label1\" content=\"Escrito por\" \/>\n\t<meta name=\"twitter:data1\" content=\"Ricardo Vale\" \/>\n\t<meta name=\"twitter:label2\" content=\"Est. tempo de leitura\" \/>\n\t<meta name=\"twitter:data2\" content=\"4 minutos\" \/>\n<script type=\"application\/ld+json\" class=\"yoast-schema-graph\">{\"@context\":\"https:\/\/schema.org\",\"@graph\":[{\"@type\":\"NewsArticle\",\"@id\":\"https:\/\/www.estrategiaconcursos.com.br\/blog\/gabarito-extraoficial-prf-direito-constitucional\/#article\",\"isPartOf\":{\"@id\":\"https:\/\/www.estrategiaconcursos.com.br\/blog\/gabarito-extraoficial-prf-direito-constitucional\/\"},\"author\":{\"name\":\"Ricardo Vale\",\"@id\":\"https:\/\/www.estrategiaconcursos.com.br\/blog\/#\/schema\/person\/c32e47dba2159cafe7796a9569a6ff7e\"},\"headline\":\"Gabarito Extraoficial PRF &#8211; Direito Constitucional\",\"datePublished\":\"2019-02-03T22:14:48+00:00\",\"dateModified\":\"2023-07-28T14:46:14+00:00\",\"mainEntityOfPage\":{\"@id\":\"https:\/\/www.estrategiaconcursos.com.br\/blog\/gabarito-extraoficial-prf-direito-constitucional\/\"},\"wordCount\":714,\"commentCount\":0,\"publisher\":{\"@id\":\"https:\/\/www.estrategiaconcursos.com.br\/blog\/#organization\"},\"articleSection\":[\"Concursos P\u00fablicos\"],\"inLanguage\":\"pt-BR\",\"potentialAction\":[{\"@type\":\"CommentAction\",\"name\":\"Comment\",\"target\":[\"https:\/\/www.estrategiaconcursos.com.br\/blog\/gabarito-extraoficial-prf-direito-constitucional\/#respond\"]}],\"copyrightYear\":\"2019\",\"copyrightHolder\":{\"@id\":\"https:\/\/www.estrategiaconcursos.com.br\/blog\/#organization\"}},{\"@type\":\"WebPage\",\"@id\":\"https:\/\/www.estrategiaconcursos.com.br\/blog\/gabarito-extraoficial-prf-direito-constitucional\/\",\"url\":\"https:\/\/www.estrategiaconcursos.com.br\/blog\/gabarito-extraoficial-prf-direito-constitucional\/\",\"name\":\"Gabarito Extraoficial PRF - Direito Constitucional\",\"isPartOf\":{\"@id\":\"https:\/\/www.estrategiaconcursos.com.br\/blog\/#website\"},\"datePublished\":\"2019-02-03T22:14:48+00:00\",\"dateModified\":\"2023-07-28T14:46:14+00:00\",\"breadcrumb\":{\"@id\":\"https:\/\/www.estrategiaconcursos.com.br\/blog\/gabarito-extraoficial-prf-direito-constitucional\/#breadcrumb\"},\"inLanguage\":\"pt-BR\",\"potentialAction\":[{\"@type\":\"ReadAction\",\"target\":[\"https:\/\/www.estrategiaconcursos.com.br\/blog\/gabarito-extraoficial-prf-direito-constitucional\/\"]}]},{\"@type\":\"BreadcrumbList\",\"@id\":\"https:\/\/www.estrategiaconcursos.com.br\/blog\/gabarito-extraoficial-prf-direito-constitucional\/#breadcrumb\",\"itemListElement\":[{\"@type\":\"ListItem\",\"position\":1,\"name\":\"In\u00edcio\",\"item\":\"https:\/\/www.estrategiaconcursos.com.br\/blog\/\"},{\"@type\":\"ListItem\",\"position\":2,\"name\":\"Gabarito Extraoficial PRF &#8211; Direito Constitucional\"}]},{\"@type\":\"WebSite\",\"@id\":\"https:\/\/www.estrategiaconcursos.com.br\/blog\/#website\",\"url\":\"https:\/\/www.estrategiaconcursos.com.br\/blog\/\",\"name\":\"Estrat\u00e9gia Concursos\",\"description\":\"O blog da Estrat\u00e9gia Concursos traz not\u00edcias sobre concursos e artigos de professores oferecendo cursos para concursos (pdf + videaulas) no site.\",\"publisher\":{\"@id\":\"https:\/\/www.estrategiaconcursos.com.br\/blog\/#organization\"},\"potentialAction\":[{\"@type\":\"SearchAction\",\"target\":{\"@type\":\"EntryPoint\",\"urlTemplate\":\"https:\/\/www.estrategiaconcursos.com.br\/blog\/?s={search_term_string}\"},\"query-input\":{\"@type\":\"PropertyValueSpecification\",\"valueRequired\":true,\"valueName\":\"search_term_string\"}}],\"inLanguage\":\"pt-BR\"},{\"@type\":\"Organization\",\"@id\":\"https:\/\/www.estrategiaconcursos.com.br\/blog\/#organization\",\"name\":\"Estrat\u00e9gia Concursos\",\"url\":\"https:\/\/www.estrategiaconcursos.com.br\/blog\/\",\"logo\":{\"@type\":\"ImageObject\",\"inLanguage\":\"pt-BR\",\"@id\":\"https:\/\/www.estrategiaconcursos.com.br\/blog\/#\/schema\/logo\/image\/\",\"url\":\"https:\/\/dhg1h5j42swfq.cloudfront.net\/2025\/06\/03203428\/logo_concursos-1.jpg\",\"contentUrl\":\"https:\/\/dhg1h5j42swfq.cloudfront.net\/2025\/06\/03203428\/logo_concursos-1.jpg\",\"width\":230,\"height\":60,\"caption\":\"Estrat\u00e9gia Concursos\"},\"image\":{\"@id\":\"https:\/\/www.estrategiaconcursos.com.br\/blog\/#\/schema\/logo\/image\/\"},\"sameAs\":[\"https:\/\/x.com\/EstratConcursos\"]},{\"@type\":\"Person\",\"@id\":\"https:\/\/www.estrategiaconcursos.com.br\/blog\/#\/schema\/person\/c32e47dba2159cafe7796a9569a6ff7e\",\"name\":\"Ricardo Vale\",\"image\":{\"@type\":\"ImageObject\",\"inLanguage\":\"pt-BR\",\"@id\":\"https:\/\/secure.gravatar.com\/avatar\/e5a5658c798bb49dd53314263f59f38c192d73370fb65839a372c2ae9027be74?s=96&d=mm&r=g\",\"url\":\"https:\/\/secure.gravatar.com\/avatar\/e5a5658c798bb49dd53314263f59f38c192d73370fb65839a372c2ae9027be74?s=96&d=mm&r=g\",\"contentUrl\":\"https:\/\/secure.gravatar.com\/avatar\/e5a5658c798bb49dd53314263f59f38c192d73370fb65839a372c2ae9027be74?s=96&d=mm&r=g\",\"caption\":\"Ricardo Vale\"},\"sameAs\":[\"https:\/\/www.facebook.com\/rvale01\",\"https:\/\/x.com\/https:\/\/twitter.com\/EstratConcursos\"],\"url\":\"https:\/\/www.estrategiaconcursos.com.br\/blog\/author\/ricardovaleestrategiaconcursos-com-br\/\"}]}<\/script>\n<!-- \/ Yoast SEO Premium plugin. -->","yoast_head_json":{"title":"Gabarito Extraoficial PRF - Direito Constitucional","robots":{"index":"index","follow":"follow","max-snippet":"max-snippet:-1","max-image-preview":"max-image-preview:large","max-video-preview":"max-video-preview:-1"},"canonical":"https:\/\/www.estrategiaconcursos.com.br\/blog\/gabarito-extraoficial-prf-direito-constitucional\/","og_locale":"pt_BR","og_type":"article","og_title":"Gabarito Extraoficial PRF - Direito Constitucional","og_description":"Ol\u00e1, pessoal! Tudo bem? Neste domingo (03\/02), foi realizada a prova da Pol\u00edcia Rodovi\u00e1ria Federal (PRF). Em Direito Constitucional, tivemos uma prova relativamente tranquila. Dificilmente, o CESPE trar\u00e1 uma posi\u00e7\u00e3o diferente da que apresentaremos a seguir. Considero que n\u00e3o tivemos quest\u00f5es pol\u00eamicas na prova de Direito Constitucional PRF. Ao contr\u00e1rio, as quest\u00f5es foram bem dentro [&hellip;]","og_url":"https:\/\/www.estrategiaconcursos.com.br\/blog\/gabarito-extraoficial-prf-direito-constitucional\/","og_site_name":"Estrat\u00e9gia Concursos","article_author":"https:\/\/www.facebook.com\/rvale01","article_published_time":"2019-02-03T22:14:48+00:00","article_modified_time":"2023-07-28T14:46:14+00:00","author":"Ricardo Vale","twitter_card":"summary_large_image","twitter_creator":"@https:\/\/twitter.com\/EstratConcursos","twitter_site":"@EstratConcursos","twitter_misc":{"Escrito por":"Ricardo Vale","Est. tempo de leitura":"4 minutos"},"schema":{"@context":"https:\/\/schema.org","@graph":[{"@type":"NewsArticle","@id":"https:\/\/www.estrategiaconcursos.com.br\/blog\/gabarito-extraoficial-prf-direito-constitucional\/#article","isPartOf":{"@id":"https:\/\/www.estrategiaconcursos.com.br\/blog\/gabarito-extraoficial-prf-direito-constitucional\/"},"author":{"name":"Ricardo Vale","@id":"https:\/\/www.estrategiaconcursos.com.br\/blog\/#\/schema\/person\/c32e47dba2159cafe7796a9569a6ff7e"},"headline":"Gabarito Extraoficial PRF &#8211; Direito Constitucional","datePublished":"2019-02-03T22:14:48+00:00","dateModified":"2023-07-28T14:46:14+00:00","mainEntityOfPage":{"@id":"https:\/\/www.estrategiaconcursos.com.br\/blog\/gabarito-extraoficial-prf-direito-constitucional\/"},"wordCount":714,"commentCount":0,"publisher":{"@id":"https:\/\/www.estrategiaconcursos.com.br\/blog\/#organization"},"articleSection":["Concursos P\u00fablicos"],"inLanguage":"pt-BR","potentialAction":[{"@type":"CommentAction","name":"Comment","target":["https:\/\/www.estrategiaconcursos.com.br\/blog\/gabarito-extraoficial-prf-direito-constitucional\/#respond"]}],"copyrightYear":"2019","copyrightHolder":{"@id":"https:\/\/www.estrategiaconcursos.com.br\/blog\/#organization"}},{"@type":"WebPage","@id":"https:\/\/www.estrategiaconcursos.com.br\/blog\/gabarito-extraoficial-prf-direito-constitucional\/","url":"https:\/\/www.estrategiaconcursos.com.br\/blog\/gabarito-extraoficial-prf-direito-constitucional\/","name":"Gabarito Extraoficial PRF - Direito Constitucional","isPartOf":{"@id":"https:\/\/www.estrategiaconcursos.com.br\/blog\/#website"},"datePublished":"2019-02-03T22:14:48+00:00","dateModified":"2023-07-28T14:46:14+00:00","breadcrumb":{"@id":"https:\/\/www.estrategiaconcursos.com.br\/blog\/gabarito-extraoficial-prf-direito-constitucional\/#breadcrumb"},"inLanguage":"pt-BR","potentialAction":[{"@type":"ReadAction","target":["https:\/\/www.estrategiaconcursos.com.br\/blog\/gabarito-extraoficial-prf-direito-constitucional\/"]}]},{"@type":"BreadcrumbList","@id":"https:\/\/www.estrategiaconcursos.com.br\/blog\/gabarito-extraoficial-prf-direito-constitucional\/#breadcrumb","itemListElement":[{"@type":"ListItem","position":1,"name":"In\u00edcio","item":"https:\/\/www.estrategiaconcursos.com.br\/blog\/"},{"@type":"ListItem","position":2,"name":"Gabarito Extraoficial PRF &#8211; Direito Constitucional"}]},{"@type":"WebSite","@id":"https:\/\/www.estrategiaconcursos.com.br\/blog\/#website","url":"https:\/\/www.estrategiaconcursos.com.br\/blog\/","name":"Estrat\u00e9gia Concursos","description":"O blog da Estrat\u00e9gia Concursos traz not\u00edcias sobre concursos e artigos de professores oferecendo cursos para concursos (pdf + videaulas) no site.","publisher":{"@id":"https:\/\/www.estrategiaconcursos.com.br\/blog\/#organization"},"potentialAction":[{"@type":"SearchAction","target":{"@type":"EntryPoint","urlTemplate":"https:\/\/www.estrategiaconcursos.com.br\/blog\/?s={search_term_string}"},"query-input":{"@type":"PropertyValueSpecification","valueRequired":true,"valueName":"search_term_string"}}],"inLanguage":"pt-BR"},{"@type":"Organization","@id":"https:\/\/www.estrategiaconcursos.com.br\/blog\/#organization","name":"Estrat\u00e9gia Concursos","url":"https:\/\/www.estrategiaconcursos.com.br\/blog\/","logo":{"@type":"ImageObject","inLanguage":"pt-BR","@id":"https:\/\/www.estrategiaconcursos.com.br\/blog\/#\/schema\/logo\/image\/","url":"https:\/\/dhg1h5j42swfq.cloudfront.net\/2025\/06\/03203428\/logo_concursos-1.jpg","contentUrl":"https:\/\/dhg1h5j42swfq.cloudfront.net\/2025\/06\/03203428\/logo_concursos-1.jpg","width":230,"height":60,"caption":"Estrat\u00e9gia Concursos"},"image":{"@id":"https:\/\/www.estrategiaconcursos.com.br\/blog\/#\/schema\/logo\/image\/"},"sameAs":["https:\/\/x.com\/EstratConcursos"]},{"@type":"Person","@id":"https:\/\/www.estrategiaconcursos.com.br\/blog\/#\/schema\/person\/c32e47dba2159cafe7796a9569a6ff7e","name":"Ricardo Vale","image":{"@type":"ImageObject","inLanguage":"pt-BR","@id":"https:\/\/secure.gravatar.com\/avatar\/e5a5658c798bb49dd53314263f59f38c192d73370fb65839a372c2ae9027be74?s=96&d=mm&r=g","url":"https:\/\/secure.gravatar.com\/avatar\/e5a5658c798bb49dd53314263f59f38c192d73370fb65839a372c2ae9027be74?s=96&d=mm&r=g","contentUrl":"https:\/\/secure.gravatar.com\/avatar\/e5a5658c798bb49dd53314263f59f38c192d73370fb65839a372c2ae9027be74?s=96&d=mm&r=g","caption":"Ricardo Vale"},"sameAs":["https:\/\/www.facebook.com\/rvale01","https:\/\/x.com\/https:\/\/twitter.com\/EstratConcursos"],"url":"https:\/\/www.estrategiaconcursos.com.br\/blog\/author\/ricardovaleestrategiaconcursos-com-br\/"}]}},"_links":{"self":[{"href":"https:\/\/www.estrategiaconcursos.com.br\/blog\/wp-json\/wp\/v2\/posts\/163934","targetHints":{"allow":["GET"]}}],"collection":[{"href":"https:\/\/www.estrategiaconcursos.com.br\/blog\/wp-json\/wp\/v2\/posts"}],"about":[{"href":"https:\/\/www.estrategiaconcursos.com.br\/blog\/wp-json\/wp\/v2\/types\/post"}],"author":[{"embeddable":true,"href":"https:\/\/www.estrategiaconcursos.com.br\/blog\/wp-json\/wp\/v2\/users\/26"}],"replies":[{"embeddable":true,"href":"https:\/\/www.estrategiaconcursos.com.br\/blog\/wp-json\/wp\/v2\/comments?post=163934"}],"version-history":[{"count":6,"href":"https:\/\/www.estrategiaconcursos.com.br\/blog\/wp-json\/wp\/v2\/posts\/163934\/revisions"}],"predecessor-version":[{"id":1256841,"href":"https:\/\/www.estrategiaconcursos.com.br\/blog\/wp-json\/wp\/v2\/posts\/163934\/revisions\/1256841"}],"wp:attachment":[{"href":"https:\/\/www.estrategiaconcursos.com.br\/blog\/wp-json\/wp\/v2\/media?parent=163934"}],"wp:term":[{"taxonomy":"category","embeddable":true,"href":"https:\/\/www.estrategiaconcursos.com.br\/blog\/wp-json\/wp\/v2\/categories?post=163934"},{"taxonomy":"post_tag","embeddable":true,"href":"https:\/\/www.estrategiaconcursos.com.br\/blog\/wp-json\/wp\/v2\/tags?post=163934"},{"taxonomy":"tax_estado","embeddable":true,"href":"https:\/\/www.estrategiaconcursos.com.br\/blog\/wp-json\/wp\/v2\/tax_estado?post=163934"}],"curies":[{"name":"wp","href":"https:\/\/api.w.org\/{rel}","templated":true}]}}