{"id":163888,"date":"2019-02-03T19:17:08","date_gmt":"2019-02-03T22:17:08","guid":{"rendered":"https:\/\/www.estrategiaconcursos.com.br\/blog\/?p=163888"},"modified":"2019-04-15T21:24:50","modified_gmt":"2019-04-16T00:24:50","slug":"gabarito-prf-legislacao-penal","status":"publish","type":"post","link":"https:\/\/www.estrategiaconcursos.com.br\/blog\/gabarito-prf-legislacao-penal\/","title":{"rendered":"Gabarito PRF Legisla\u00e7\u00e3o Penal &#8211; TEM RECURSO!"},"content":{"rendered":"\n<p>Ol\u00e1 pessoal! Aqui \u00e9 o Prof. Paulo Guimar\u00e3es e vamos trazer para voc\u00ea o Gabarito PRF Legisla\u00e7\u00e3o Penal, comentando as quest\u00f5es de Legisla\u00e7\u00e3o Penal aplicadas no concurso da Pol\u00edcia Rodovi\u00e1ria Federal.<\/p>\n\n\n\n<p>Se tiver alguma d\u00favida estou \u00e0 sua disposi\u00e7\u00e3o no <a rel=\"noreferrer noopener\" aria-label=\"instagram (opens in a new tab)\" href=\"http:\/\/www.instagram.com\/profpauloguimaraes\" target=\"_blank\">instagram<\/a> e tamb\u00e9m no meu canal no <a rel=\"noreferrer noopener\" aria-label=\"YouTube (opens in a new tab)\" href=\"http:\/\/www.youtube.com\/professorpauloguimaraes\" target=\"_blank\">YouTube<\/a>.<\/p>\n\n\n\n<p>Tamb\u00e9m fiz as indica\u00e7\u00f5es de recursos em v\u00eddeo l\u00e1 no meu canal!<\/p>\n\n\n<figure class=\"wp-block-embed-youtube wp-block-embed is-type-video is-provider-youtube \"><div class=\"lyte-wrapper\" style=\"width:853px;max-width:100%;margin:5px;\"><div class=\"lyMe\" id=\"WYL_qYp9hG2POdQ\"><div id=\"lyte_qYp9hG2POdQ\" data-src=\"\/\/i.ytimg.com\/vi\/qYp9hG2POdQ\/hqdefault.jpg\" class=\"pL\"><div class=\"tC\"><div class=\"tT\"><\/div><\/div><div class=\"play\"><\/div><div class=\"ctrl\"><div class=\"Lctrl\"><\/div><div class=\"Rctrl\"><\/div><\/div><\/div><noscript><a href=\"https:\/\/youtu.be\/qYp9hG2POdQ\" rel=\"nofollow\"><img loading=\"lazy\" decoding=\"async\" src=\"https:\/\/i.ytimg.com\/vi\/qYp9hG2POdQ\/0.jpg\" alt=\"YouTube video thumbnail\" width=\"853\" height=\"460\" \/><br \/>Assista a este v\u00eddeo no YouTube<\/a><\/noscript><\/div><\/div><div class=\"lL\" style=\"max-width:100%;width:853px;margin:5px;\"><\/div><figcaption><\/figcaption><\/figure>\n\n\n<figure class=\"wp-block-image\"><img loading=\"lazy\" decoding=\"async\" width=\"486\" height=\"186\" src=\"https:\/\/dhg1h5j42swfq.cloudfront.net\/2019\/02\/03182916\/image12.png\" alt=\"\" class=\"wp-image-163890\" srcset=\"https:\/\/dhg1h5j42swfq.cloudfront.net\/2019\/02\/03182916\/image12.png 486w, https:\/\/dhg1h5j42swfq.cloudfront.net\/2019\/02\/03182916\/image12.png 300w\" sizes=\"auto, (max-width: 486px) 100vw, 486px\" \/><\/figure>\n\n\n\n<p>Acredito que esta quest\u00e3o vai gerar alguma pol\u00eamica. Veja bem, o jovem que confessou ter oferecido a droga ao seu amigo incorre no crime tipificado pelo  \u00a7 3o do art. 33 da Lei n. 11.343\/2006.<\/p>\n\n\n\n<p><em>Art. 33, \u00a7 3<\/em><sup><em>o<\/em><\/sup><em>&nbsp; Oferecer droga, eventualmente e sem objetivo de lucro, a pessoa de seu relacionamento, para juntos a consumirem: <\/em><br \/><em>Pena &#8211; <\/em><strong><em>deten\u00e7\u00e3o<\/em><\/strong><em>, de 6 (seis) meses a 1 (um) ano, e pagamento de 700 (setecentos) a 1.500 (mil e quinhentos) dias-multa, sem preju\u00edzo das penas previstas no art. 28.<\/em><\/p>\n\n\n\n<p>Por outro lado, o jovem que consumiu a droga pela primeira vez nos gera d\u00favida, por uma raz\u00e3o muito simples: a conduta de consumir a droga \u00e9 at\u00edpica, mas o art. 28 tipifica a conduta de portar drogas para consumo pessoal.<\/p>\n\n\n\n<p>Por isso acredito que a quest\u00e3o deve ser dada como errada, mas infelizmente o Cespe deu como certa, e por isso teremos que recorrer.<\/p>\n\n\n\n<p>A seguir explicarei qual o fundamento e como recorrer, mas sugiro que voc\u00ea n\u00e3o copie exatamente o texto, pois isso prejudica a maneira como a banca vai considerar os v\u00e1rios recursos que vai receber.<\/p>\n\n\n\n<p><strong>A quest\u00e3o deve ter seu gabarito alterado para ERRADO porque a conduta do segundo jovem, que apenas consumiu a droga, \u00e9 at\u00edpica, j\u00e1 que n\u00e3o h\u00e1 tipo penal que criminalize o consumo de drogas, mas apenas as condutas de adquirir, guardar, ter em dep\u00f3sito, transportar ou trazer consigo drogas para consumo pessoal (art. 28).<\/strong><\/p>\n\n\n\n<p><strong>GABARITO: CERTO&nbsp;(CABE&nbsp;RECURSO)<\/strong><\/p>\n\n\n\n<figure class=\"wp-block-image\"><img loading=\"lazy\" decoding=\"async\" width=\"526\" height=\"173\" src=\"https:\/\/dhg1h5j42swfq.cloudfront.net\/2019\/02\/03182925\/image13.png\" alt=\"\" class=\"wp-image-163891\" srcset=\"https:\/\/dhg1h5j42swfq.cloudfront.net\/2019\/02\/03182925\/image13.png 526w, https:\/\/dhg1h5j42swfq.cloudfront.net\/2019\/02\/03182925\/image13.png 300w\" sizes=\"auto, (max-width: 526px) 100vw, 526px\" \/><\/figure>\n\n\n\n<p>Na situa\u00e7\u00e3o descrita, Sandro responder\u00e1 pelo crime do art. 14 do Estatuto do Desarmamento (porte ilegal de arma de fogo de uso permitido), enquanto Eur\u00edpedes responder\u00e1 pelo crime do art. 16 (posse ou porte ilegal de arma de fogo de uso restrito).<\/p>\n\n\n\n<p><strong><em>Porte ilegal de arma de fogo de uso permitido<\/em><\/strong><em><br \/>Art. 14. Portar, deter, adquirir, fornecer, receber, ter em dep\u00f3sito, transportar, ceder, ainda que gratuitamente, emprestar, remeter, empregar, manter sob guarda ou ocultar arma de fogo, acess\u00f3rio ou muni\u00e7\u00e3o, de uso permitido, sem autoriza\u00e7\u00e3o e em desacordo com determina\u00e7\u00e3o legal ou regulamentar:<br \/>Pena \u2013 reclus\u00e3o, de 2 (dois) a 4 (quatro) anos, e multa.<\/em><\/p>\n\n\n\n<p><strong><em>Posse ou porte ilegal de arma de fogo de uso restrito<\/em><\/strong><em><br \/>Art. 16. Possuir, deter, portar, adquirir, fornecer, receber, ter em dep\u00f3sito, transportar, ceder, ainda que gratuitamente, emprestar, remeter, empregar, manter sob sua guarda ou ocultar arma de fogo, acess\u00f3rio ou muni\u00e7\u00e3o de uso proibido ou restrito, sem autoriza\u00e7\u00e3o e em desacordo com determina\u00e7\u00e3o legal ou regulamentar:<br \/>Pena \u2013 reclus\u00e3o, de 3 (tr\u00eas) a 6 (seis) anos, e multa.<\/em><\/p>\n\n\n\n<p><strong>GABARITO: ERRADO<\/strong><\/p>\n\n\n\n<figure class=\"wp-block-image\"><img loading=\"lazy\" decoding=\"async\" width=\"544\" height=\"117\" src=\"https:\/\/dhg1h5j42swfq.cloudfront.net\/2019\/02\/03182931\/image14.png\" alt=\"\" class=\"wp-image-163892\" srcset=\"https:\/\/dhg1h5j42swfq.cloudfront.net\/2019\/02\/03182931\/image14.png 544w, https:\/\/dhg1h5j42swfq.cloudfront.net\/2019\/02\/03182931\/image14.png 300w\" sizes=\"auto, (max-width: 544px) 100vw, 544px\" \/><\/figure>\n\n\n\n<p>Jo\u00e3o incorre no crime do art. 242-A do Estatuto da Crian\u00e7a e do Adolescente,  mas o eventual consentimento da v\u00edtima \u00e9 irrelevante neste caso.<\/p>\n\n\n\n<p><em>Art. 244-A. Submeter crian\u00e7a ou adolescente, como tais definidos no&nbsp;caput&nbsp;do art. 2<\/em><sup><em>o<\/em><\/sup><em>&nbsp;desta Lei, \u00e0 prostitui\u00e7\u00e3o ou \u00e0 explora\u00e7\u00e3o sexual:<br \/>Pena \u2013 reclus\u00e3o de quatro a dez anos e multa, al\u00e9m da perda de bens e valores utilizados na pr\u00e1tica criminosa em favor do Fundo dos Direitos da Crian\u00e7a e do Adolescente da unidade da Federa\u00e7\u00e3o (Estado ou Distrito Federal) em que foi cometido o crime, ressalvado o direito de terceiro de boa-f\u00e9.&nbsp;<\/em><\/p>\n\n\n\n<p><strong>GABARITO: ERRADO<\/strong><\/p>\n\n\n\n<figure class=\"wp-block-image\"><img loading=\"lazy\" decoding=\"async\" width=\"534\" height=\"118\" src=\"https:\/\/dhg1h5j42swfq.cloudfront.net\/2019\/02\/03182937\/image15.png\" alt=\"\" class=\"wp-image-163893\" srcset=\"https:\/\/dhg1h5j42swfq.cloudfront.net\/2019\/02\/03182937\/image15.png 534w, https:\/\/dhg1h5j42swfq.cloudfront.net\/2019\/02\/03182937\/image15.png 300w\" sizes=\"auto, (max-width: 534px) 100vw, 534px\" \/><\/figure>\n\n\n\n<p>Na minha opini\u00e3o, esta quest\u00e3o n\u00e3o fez o menor sentido. Em primeiro lugar n\u00e3o existe autua\u00e7\u00e3o de policial por crime, mas sim por infra\u00e7\u00e3o de tr\u00e2nsito. Em segundo lugar, n\u00e3o sei exatamente o que a banca quis dizer com &#8220;necessariamente responder\u00e1 pela conduta praticada&#8221;. Se ele praticou a conduta, dever\u00e1 ser responsabilizado, mas isso n\u00e3o significa que o fato de ele ter sido autuado seja suficiente.<\/p>\n\n\n\n<p><strong>GABARITO: ERRADO<\/strong><\/p>\n\n\n\n<figure class=\"wp-block-image\"><img loading=\"lazy\" decoding=\"async\" width=\"610\" height=\"96\" src=\"https:\/\/dhg1h5j42swfq.cloudfront.net\/2019\/02\/03182943\/image16.png\" alt=\"\" class=\"wp-image-163894\" srcset=\"https:\/\/dhg1h5j42swfq.cloudfront.net\/2019\/02\/03182943\/image16.png 610w, https:\/\/dhg1h5j42swfq.cloudfront.net\/2019\/02\/03182943\/image16.png 300w\" sizes=\"auto, (max-width: 610px) 100vw, 610px\" \/><\/figure>\n\n\n\n<p>A quest\u00e3o nos remete ao Decreto n. 7.901\/2013, que trata da coordena\u00e7\u00e3o tripartite da Pol\u00edtica Nacional de Enfrentamento ao Tr\u00e1fico de Pessoas. De acordo com o par\u00e1grafo \u00fanico do art. 1o do Decreto, esta coordena\u00e7\u00e3o cabe a tr\u00eas \u00f3rg\u00e3os: Minist\u00e9rio da Justi\u00e7a, Secretaria de Pol\u00edticas para as Mulheres da Presid\u00eancia da Rep\u00fablica e Secretaria de Direitos Humanos da Presid\u00eancia da Rep\u00fablica.<\/p>\n\n\n\n<p><em>Art. 1<\/em><sup><em>o<\/em><\/sup><em>&nbsp;&nbsp;Fica institu\u00edda a Coordena\u00e7\u00e3o Tripartite da Pol\u00edtica Nacional de Enfrentamento ao Tr\u00e1fico de Pessoas, para coordenar a gest\u00e3o estrat\u00e9gica e integrada da Pol\u00edtica Nacional de Enfrentamento ao Tr\u00e1fico de Pessoas, aprovada pelo<\/em><a href=\"http:\/\/www.planalto.gov.br\/ccivil_03\/_Ato2004-2006\/2006\/Decreto\/D5948.htm\"><em>Decreto n<\/em><\/a><sup><a href=\"http:\/\/www.planalto.gov.br\/ccivil_03\/_Ato2004-2006\/2006\/Decreto\/D5948.htm\"><em>o<\/em><\/a><\/sup><a href=\"http:\/\/www.planalto.gov.br\/ccivil_03\/_Ato2004-2006\/2006\/Decreto\/D5948.htm\"><em>&nbsp;5.948, de 26 de outubro de 2006<\/em><\/a><em>, e dos Planos Nacionais de Enfrentamento ao Tr\u00e1fico de Pessoas.<br \/>Par\u00e1grafo \u00fanico. A Coordena\u00e7\u00e3o Tripartite da Pol\u00edtica Nacional de Enfrentamento ao Tr\u00e1fico de Pessoas ser\u00e1 integrada pelos seguintes \u00f3rg\u00e3os:<br \/>I &#8211; Minist\u00e9rio da Justi\u00e7a;<br \/>II &#8211; Secretaria de Pol\u00edticas para as Mulheres da Presid\u00eancia da Rep\u00fablica; e<br \/>III &#8211; Secretaria de Direitos Humanos da Presid\u00eancia da Rep\u00fablica. <\/em><\/p>\n\n\n\n<p>As duas \u00faltimas faziam parte da Presid\u00eancia at\u00e9 alguns anos atr\u00e1s, mas hoje n\u00e3o fazem mais. Al\u00e9m disso, o Minist\u00e9rio da Justi\u00e7a nunca fez parte da Presid\u00eancia da Rep\u00fablica.<\/p>\n\n\n\n<p>Infelizmente o Cespe deu a quest\u00e3o como certa, e por isso temos que recorrer. Mais uma vez pe\u00e7o que voc\u00ea n\u00e3o copie o texto exato, mas escreva com suas palavras usando esses fundamentos.<\/p>\n\n\n\n<p><strong>A quest\u00e3o deve ter seu gabarito alterado para ERRADO ou ANULADA por duas raz\u00f5es: em primeiro lugar, a Secretaria de Pol\u00edticas para as Mulheres e a Secretaria de Direitos Humanos n\u00e3o fazem mais parte da estrutura da Presid\u00eancia da Rep\u00fablica, e a quest\u00e3o n\u00e3o se restringiu ao texto do Decreto n. 7.901\/2013. Em segundo lugar, h\u00e1 dubiedade, pois a quest\u00e3o diz que a coordena\u00e7\u00e3o caberia a v\u00e1rios \u00f3rg\u00e3os da Presid\u00eancia da Rep\u00fablica, e o dispositivo menciona apenas dois \u00f3rg\u00e3os que faziam parte da Presid\u00eancia.<\/strong><\/p>\n\n\n\n<p><strong>GABARITO: CERTO&nbsp;(CABE&nbsp;RECURSO)<\/strong><\/p>\n\n\n\n<h3 class=\"wp-block-heading\">Gabarito PRF &#8211; confira os coment\u00e1rios<\/h3>\n\n\n\n<p>Direito Constitucional &#8211; <u><a rel=\"noreferrer noopener\" aria-label=\"confira aqui! (opens in a new tab)\" href=\"https:\/\/www.estrategiaconcursos.com.br\/blog\/gabarito-extraoficial-prf-direito-constitucional\/\" target=\"_blank\">confira aqui!<\/a><\/u><\/p>\n\n\n\n<p>Direito Penal &#8211; <u><a href=\"https:\/\/www.estrategiaconcursos.com.br\/blog\/gabarito-sefaz-rs-auditor-direito-penal-extraoficial\/\">confira aqui!<\/a><\/u><\/p>\n\n\n\n<p>Direito Penal e Processual Penal &#8211; <u><a href=\"https:\/\/www.estrategiaconcursos.com.br\/blog\/gabarito-prf-direito-penal-e-processual-penal-extraoficial\/\">confira aqui!<\/a><\/u><\/p>\n\n\n\n<p>Direito Administrativo &#8211; <u><a href=\"https:\/\/www.estrategiaconcursos.com.br\/blog\/gabarito-prf-direito-administrativo\/\">confira aqui!<\/a><\/u><\/p>\n\n\n\n<p>\u00c9tica &#8211;  <u><a href=\"https:\/\/www.estrategiaconcursos.com.br\/blog\/gabarito-prf-etica\/\">confira aqui! <\/a><\/u><\/p>\n\n\n\n<p>Racioc\u00ednio L\u00f3gico e Matem\u00e1tica &#8211; <u><a href=\"https:\/\/www.estrategiaconcursos.com.br\/blog\/gabarito-prf-etica\/\">confira aqui! <\/a><\/u><\/p>\n\n\n\n<p>Direito Humanos &#8211; <u><a href=\"https:\/\/www.estrategiaconcursos.com.br\/blog\/direito-humanos-prf-gabarito-extraoficial\/\">confira aqui!<\/a><\/u><\/p>\n\n\n\n<p>F\u00edsica &#8211; <u><a href=\"https:\/\/www.estrategiaconcursos.com.br\/blog\/gabarito-prf-fisica\/\">confira aqui!<\/a><\/u><\/p>\n\n\n\n<p><\/p>\n","protected":false},"excerpt":{"rendered":"<p>Ol\u00e1 pessoal! Aqui \u00e9 o Prof. Paulo Guimar\u00e3es e vamos trazer para voc\u00ea o Gabarito PRF Legisla\u00e7\u00e3o Penal, comentando as quest\u00f5es de Legisla\u00e7\u00e3o Penal aplicadas no concurso da Pol\u00edcia Rodovi\u00e1ria Federal. Se tiver alguma d\u00favida estou \u00e0 sua disposi\u00e7\u00e3o no instagram e tamb\u00e9m no meu canal no YouTube. Tamb\u00e9m fiz as indica\u00e7\u00f5es de recursos em [&hellip;]<\/p>\n","protected":false},"author":99,"featured_media":0,"comment_status":"open","ping_status":"closed","sticky":false,"template":"","format":"standard","meta":{"post_tipo":"article","footnotes":""},"categories":[1],"tags":[],"tax_estado":[],"class_list":["post-163888","post","type-post","status-publish","format-standard","hentry","category-cursos-e-concursos"],"acf":[],"yoast_head":"<!-- This site is optimized with the Yoast SEO Premium plugin v27.2 (Yoast SEO v27.2) - https:\/\/yoast.com\/product\/yoast-seo-premium-wordpress\/ -->\n<title>Gabarito PRF Legisla\u00e7\u00e3o Penal - TEM RECURSO!<\/title>\n<meta name=\"description\" content=\"Gabarito PRF Legisla\u00e7\u00e3o Penal: O Prof. Paulo Guimar\u00e3es comenta as quest\u00f5es de Legisla\u00e7\u00e3o Penal Especial aplicadas no concurso da PRF 2018\/2019.\" \/>\n<meta name=\"robots\" content=\"index, follow, max-snippet:-1, max-image-preview:large, max-video-preview:-1\" \/>\n<link rel=\"canonical\" href=\"https:\/\/www.estrategiaconcursos.com.br\/blog\/gabarito-prf-legislacao-penal\/\" \/>\n<meta property=\"og:locale\" content=\"pt_BR\" \/>\n<meta property=\"og:type\" content=\"article\" \/>\n<meta property=\"og:title\" content=\"Gabarito PRF Legisla\u00e7\u00e3o Penal - TEM RECURSO!\" \/>\n<meta property=\"og:description\" content=\"Gabarito PRF Legisla\u00e7\u00e3o Penal: O Prof. Paulo Guimar\u00e3es comenta as quest\u00f5es de Legisla\u00e7\u00e3o Penal Especial aplicadas no concurso da PRF 2018\/2019.\" \/>\n<meta property=\"og:url\" content=\"https:\/\/www.estrategiaconcursos.com.br\/blog\/gabarito-prf-legislacao-penal\/\" \/>\n<meta property=\"og:site_name\" content=\"Estrat\u00e9gia Concursos\" \/>\n<meta property=\"article:published_time\" content=\"2019-02-03T22:17:08+00:00\" \/>\n<meta property=\"article:modified_time\" content=\"2019-04-16T00:24:50+00:00\" \/>\n<meta property=\"og:image\" content=\"https:\/\/www.estrategiaconcursos.com.br\/blog\/wp-content\/uploads\/2019\/02\/image12.png\" \/>\n<meta name=\"author\" content=\"Paulo Guimar\u00e3es\" \/>\n<meta name=\"twitter:card\" content=\"summary_large_image\" \/>\n<meta name=\"twitter:creator\" content=\"@EstratConcursos\" \/>\n<meta name=\"twitter:site\" content=\"@EstratConcursos\" \/>\n<meta name=\"twitter:label1\" content=\"Escrito por\" \/>\n\t<meta name=\"twitter:data1\" content=\"Paulo Guimar\u00e3es\" \/>\n\t<meta name=\"twitter:label2\" content=\"Est. tempo de leitura\" \/>\n\t<meta name=\"twitter:data2\" content=\"6 minutos\" \/>\n<script type=\"application\/ld+json\" class=\"yoast-schema-graph\">{\"@context\":\"https:\/\/schema.org\",\"@graph\":[{\"@type\":\"NewsArticle\",\"@id\":\"https:\/\/www.estrategiaconcursos.com.br\/blog\/gabarito-prf-legislacao-penal\/#article\",\"isPartOf\":{\"@id\":\"https:\/\/www.estrategiaconcursos.com.br\/blog\/gabarito-prf-legislacao-penal\/\"},\"author\":{\"name\":\"Paulo Guimar\u00e3es\",\"@id\":\"https:\/\/www.estrategiaconcursos.com.br\/blog\/#\/schema\/person\/80ff9f9f52e43a90b6efd99f2869d22b\"},\"headline\":\"Gabarito PRF Legisla\u00e7\u00e3o Penal &#8211; TEM RECURSO!\",\"datePublished\":\"2019-02-03T22:17:08+00:00\",\"dateModified\":\"2019-04-16T00:24:50+00:00\",\"mainEntityOfPage\":{\"@id\":\"https:\/\/www.estrategiaconcursos.com.br\/blog\/gabarito-prf-legislacao-penal\/\"},\"wordCount\":1128,\"commentCount\":0,\"publisher\":{\"@id\":\"https:\/\/www.estrategiaconcursos.com.br\/blog\/#organization\"},\"image\":{\"@id\":\"https:\/\/www.estrategiaconcursos.com.br\/blog\/gabarito-prf-legislacao-penal\/#primaryimage\"},\"thumbnailUrl\":\"https:\/\/www.estrategiaconcursos.com.br\/blog\/wp-content\/uploads\/2019\/02\/image12.png\",\"articleSection\":[\"Concursos P\u00fablicos\"],\"inLanguage\":\"pt-BR\",\"potentialAction\":[{\"@type\":\"CommentAction\",\"name\":\"Comment\",\"target\":[\"https:\/\/www.estrategiaconcursos.com.br\/blog\/gabarito-prf-legislacao-penal\/#respond\"]}],\"copyrightYear\":\"2019\",\"copyrightHolder\":{\"@id\":\"https:\/\/www.estrategiaconcursos.com.br\/blog\/#organization\"}},{\"@type\":\"WebPage\",\"@id\":\"https:\/\/www.estrategiaconcursos.com.br\/blog\/gabarito-prf-legislacao-penal\/\",\"url\":\"https:\/\/www.estrategiaconcursos.com.br\/blog\/gabarito-prf-legislacao-penal\/\",\"name\":\"Gabarito PRF Legisla\u00e7\u00e3o Penal - TEM RECURSO!\",\"isPartOf\":{\"@id\":\"https:\/\/www.estrategiaconcursos.com.br\/blog\/#website\"},\"primaryImageOfPage\":{\"@id\":\"https:\/\/www.estrategiaconcursos.com.br\/blog\/gabarito-prf-legislacao-penal\/#primaryimage\"},\"image\":{\"@id\":\"https:\/\/www.estrategiaconcursos.com.br\/blog\/gabarito-prf-legislacao-penal\/#primaryimage\"},\"thumbnailUrl\":\"https:\/\/www.estrategiaconcursos.com.br\/blog\/wp-content\/uploads\/2019\/02\/image12.png\",\"datePublished\":\"2019-02-03T22:17:08+00:00\",\"dateModified\":\"2019-04-16T00:24:50+00:00\",\"description\":\"Gabarito PRF Legisla\u00e7\u00e3o Penal: O Prof. Paulo Guimar\u00e3es comenta as quest\u00f5es de Legisla\u00e7\u00e3o Penal Especial aplicadas no concurso da PRF 2018\/2019.\",\"breadcrumb\":{\"@id\":\"https:\/\/www.estrategiaconcursos.com.br\/blog\/gabarito-prf-legislacao-penal\/#breadcrumb\"},\"inLanguage\":\"pt-BR\",\"potentialAction\":[{\"@type\":\"ReadAction\",\"target\":[\"https:\/\/www.estrategiaconcursos.com.br\/blog\/gabarito-prf-legislacao-penal\/\"]}]},{\"@type\":\"ImageObject\",\"inLanguage\":\"pt-BR\",\"@id\":\"https:\/\/www.estrategiaconcursos.com.br\/blog\/gabarito-prf-legislacao-penal\/#primaryimage\",\"url\":\"https:\/\/dhg1h5j42swfq.cloudfront.net\/2019\/02\/03182916\/image12.png\",\"contentUrl\":\"https:\/\/dhg1h5j42swfq.cloudfront.net\/2019\/02\/03182916\/image12.png\",\"width\":486,\"height\":186},{\"@type\":\"BreadcrumbList\",\"@id\":\"https:\/\/www.estrategiaconcursos.com.br\/blog\/gabarito-prf-legislacao-penal\/#breadcrumb\",\"itemListElement\":[{\"@type\":\"ListItem\",\"position\":1,\"name\":\"In\u00edcio\",\"item\":\"https:\/\/www.estrategiaconcursos.com.br\/blog\/\"},{\"@type\":\"ListItem\",\"position\":2,\"name\":\"Gabarito PRF Legisla\u00e7\u00e3o Penal &#8211; TEM RECURSO!\"}]},{\"@type\":\"WebSite\",\"@id\":\"https:\/\/www.estrategiaconcursos.com.br\/blog\/#website\",\"url\":\"https:\/\/www.estrategiaconcursos.com.br\/blog\/\",\"name\":\"Estrat\u00e9gia Concursos\",\"description\":\"O blog da Estrat\u00e9gia Concursos traz not\u00edcias sobre concursos e artigos de professores oferecendo cursos para concursos (pdf + videaulas) no site.\",\"publisher\":{\"@id\":\"https:\/\/www.estrategiaconcursos.com.br\/blog\/#organization\"},\"potentialAction\":[{\"@type\":\"SearchAction\",\"target\":{\"@type\":\"EntryPoint\",\"urlTemplate\":\"https:\/\/www.estrategiaconcursos.com.br\/blog\/?s={search_term_string}\"},\"query-input\":{\"@type\":\"PropertyValueSpecification\",\"valueRequired\":true,\"valueName\":\"search_term_string\"}}],\"inLanguage\":\"pt-BR\"},{\"@type\":\"Organization\",\"@id\":\"https:\/\/www.estrategiaconcursos.com.br\/blog\/#organization\",\"name\":\"Estrat\u00e9gia Concursos\",\"url\":\"https:\/\/www.estrategiaconcursos.com.br\/blog\/\",\"logo\":{\"@type\":\"ImageObject\",\"inLanguage\":\"pt-BR\",\"@id\":\"https:\/\/www.estrategiaconcursos.com.br\/blog\/#\/schema\/logo\/image\/\",\"url\":\"https:\/\/dhg1h5j42swfq.cloudfront.net\/2025\/06\/03203428\/logo_concursos-1.jpg\",\"contentUrl\":\"https:\/\/dhg1h5j42swfq.cloudfront.net\/2025\/06\/03203428\/logo_concursos-1.jpg\",\"width\":230,\"height\":60,\"caption\":\"Estrat\u00e9gia Concursos\"},\"image\":{\"@id\":\"https:\/\/www.estrategiaconcursos.com.br\/blog\/#\/schema\/logo\/image\/\"},\"sameAs\":[\"https:\/\/x.com\/EstratConcursos\"]},{\"@type\":\"Person\",\"@id\":\"https:\/\/www.estrategiaconcursos.com.br\/blog\/#\/schema\/person\/80ff9f9f52e43a90b6efd99f2869d22b\",\"name\":\"Paulo Guimar\u00e3es\",\"image\":{\"@type\":\"ImageObject\",\"inLanguage\":\"pt-BR\",\"@id\":\"https:\/\/secure.gravatar.com\/avatar\/08d24bbaa2d103a1d6aba72ee81baa1680267436588d5d9cfb8d32c3aa4ca278?s=96&d=mm&r=g\",\"url\":\"https:\/\/secure.gravatar.com\/avatar\/08d24bbaa2d103a1d6aba72ee81baa1680267436588d5d9cfb8d32c3aa4ca278?s=96&d=mm&r=g\",\"contentUrl\":\"https:\/\/secure.gravatar.com\/avatar\/08d24bbaa2d103a1d6aba72ee81baa1680267436588d5d9cfb8d32c3aa4ca278?s=96&d=mm&r=g\",\"caption\":\"Paulo Guimar\u00e3es\"},\"url\":\"https:\/\/www.estrategiaconcursos.com.br\/blog\/author\/pauloguimaraesestrategiaconcursos-com-br\/\"}]}<\/script>\n<!-- \/ Yoast SEO Premium plugin. -->","yoast_head_json":{"title":"Gabarito PRF Legisla\u00e7\u00e3o Penal - TEM RECURSO!","description":"Gabarito PRF Legisla\u00e7\u00e3o Penal: O Prof. Paulo Guimar\u00e3es comenta as quest\u00f5es de Legisla\u00e7\u00e3o Penal Especial aplicadas no concurso da PRF 2018\/2019.","robots":{"index":"index","follow":"follow","max-snippet":"max-snippet:-1","max-image-preview":"max-image-preview:large","max-video-preview":"max-video-preview:-1"},"canonical":"https:\/\/www.estrategiaconcursos.com.br\/blog\/gabarito-prf-legislacao-penal\/","og_locale":"pt_BR","og_type":"article","og_title":"Gabarito PRF Legisla\u00e7\u00e3o Penal - TEM RECURSO!","og_description":"Gabarito PRF Legisla\u00e7\u00e3o Penal: O Prof. Paulo Guimar\u00e3es comenta as quest\u00f5es de Legisla\u00e7\u00e3o Penal Especial aplicadas no concurso da PRF 2018\/2019.","og_url":"https:\/\/www.estrategiaconcursos.com.br\/blog\/gabarito-prf-legislacao-penal\/","og_site_name":"Estrat\u00e9gia Concursos","article_published_time":"2019-02-03T22:17:08+00:00","article_modified_time":"2019-04-16T00:24:50+00:00","og_image":[{"url":"https:\/\/www.estrategiaconcursos.com.br\/blog\/wp-content\/uploads\/2019\/02\/image12.png","type":"","width":"","height":""}],"author":"Paulo Guimar\u00e3es","twitter_card":"summary_large_image","twitter_creator":"@EstratConcursos","twitter_site":"@EstratConcursos","twitter_misc":{"Escrito por":"Paulo Guimar\u00e3es","Est. tempo de leitura":"6 minutos"},"schema":{"@context":"https:\/\/schema.org","@graph":[{"@type":"NewsArticle","@id":"https:\/\/www.estrategiaconcursos.com.br\/blog\/gabarito-prf-legislacao-penal\/#article","isPartOf":{"@id":"https:\/\/www.estrategiaconcursos.com.br\/blog\/gabarito-prf-legislacao-penal\/"},"author":{"name":"Paulo Guimar\u00e3es","@id":"https:\/\/www.estrategiaconcursos.com.br\/blog\/#\/schema\/person\/80ff9f9f52e43a90b6efd99f2869d22b"},"headline":"Gabarito PRF Legisla\u00e7\u00e3o Penal &#8211; TEM RECURSO!","datePublished":"2019-02-03T22:17:08+00:00","dateModified":"2019-04-16T00:24:50+00:00","mainEntityOfPage":{"@id":"https:\/\/www.estrategiaconcursos.com.br\/blog\/gabarito-prf-legislacao-penal\/"},"wordCount":1128,"commentCount":0,"publisher":{"@id":"https:\/\/www.estrategiaconcursos.com.br\/blog\/#organization"},"image":{"@id":"https:\/\/www.estrategiaconcursos.com.br\/blog\/gabarito-prf-legislacao-penal\/#primaryimage"},"thumbnailUrl":"https:\/\/www.estrategiaconcursos.com.br\/blog\/wp-content\/uploads\/2019\/02\/image12.png","articleSection":["Concursos P\u00fablicos"],"inLanguage":"pt-BR","potentialAction":[{"@type":"CommentAction","name":"Comment","target":["https:\/\/www.estrategiaconcursos.com.br\/blog\/gabarito-prf-legislacao-penal\/#respond"]}],"copyrightYear":"2019","copyrightHolder":{"@id":"https:\/\/www.estrategiaconcursos.com.br\/blog\/#organization"}},{"@type":"WebPage","@id":"https:\/\/www.estrategiaconcursos.com.br\/blog\/gabarito-prf-legislacao-penal\/","url":"https:\/\/www.estrategiaconcursos.com.br\/blog\/gabarito-prf-legislacao-penal\/","name":"Gabarito PRF Legisla\u00e7\u00e3o Penal - TEM RECURSO!","isPartOf":{"@id":"https:\/\/www.estrategiaconcursos.com.br\/blog\/#website"},"primaryImageOfPage":{"@id":"https:\/\/www.estrategiaconcursos.com.br\/blog\/gabarito-prf-legislacao-penal\/#primaryimage"},"image":{"@id":"https:\/\/www.estrategiaconcursos.com.br\/blog\/gabarito-prf-legislacao-penal\/#primaryimage"},"thumbnailUrl":"https:\/\/www.estrategiaconcursos.com.br\/blog\/wp-content\/uploads\/2019\/02\/image12.png","datePublished":"2019-02-03T22:17:08+00:00","dateModified":"2019-04-16T00:24:50+00:00","description":"Gabarito PRF Legisla\u00e7\u00e3o Penal: O Prof. Paulo Guimar\u00e3es comenta as quest\u00f5es de Legisla\u00e7\u00e3o Penal Especial aplicadas no concurso da PRF 2018\/2019.","breadcrumb":{"@id":"https:\/\/www.estrategiaconcursos.com.br\/blog\/gabarito-prf-legislacao-penal\/#breadcrumb"},"inLanguage":"pt-BR","potentialAction":[{"@type":"ReadAction","target":["https:\/\/www.estrategiaconcursos.com.br\/blog\/gabarito-prf-legislacao-penal\/"]}]},{"@type":"ImageObject","inLanguage":"pt-BR","@id":"https:\/\/www.estrategiaconcursos.com.br\/blog\/gabarito-prf-legislacao-penal\/#primaryimage","url":"https:\/\/dhg1h5j42swfq.cloudfront.net\/2019\/02\/03182916\/image12.png","contentUrl":"https:\/\/dhg1h5j42swfq.cloudfront.net\/2019\/02\/03182916\/image12.png","width":486,"height":186},{"@type":"BreadcrumbList","@id":"https:\/\/www.estrategiaconcursos.com.br\/blog\/gabarito-prf-legislacao-penal\/#breadcrumb","itemListElement":[{"@type":"ListItem","position":1,"name":"In\u00edcio","item":"https:\/\/www.estrategiaconcursos.com.br\/blog\/"},{"@type":"ListItem","position":2,"name":"Gabarito PRF Legisla\u00e7\u00e3o Penal &#8211; TEM RECURSO!"}]},{"@type":"WebSite","@id":"https:\/\/www.estrategiaconcursos.com.br\/blog\/#website","url":"https:\/\/www.estrategiaconcursos.com.br\/blog\/","name":"Estrat\u00e9gia Concursos","description":"O blog da Estrat\u00e9gia Concursos traz not\u00edcias sobre concursos e artigos de professores oferecendo cursos para concursos (pdf + videaulas) no site.","publisher":{"@id":"https:\/\/www.estrategiaconcursos.com.br\/blog\/#organization"},"potentialAction":[{"@type":"SearchAction","target":{"@type":"EntryPoint","urlTemplate":"https:\/\/www.estrategiaconcursos.com.br\/blog\/?s={search_term_string}"},"query-input":{"@type":"PropertyValueSpecification","valueRequired":true,"valueName":"search_term_string"}}],"inLanguage":"pt-BR"},{"@type":"Organization","@id":"https:\/\/www.estrategiaconcursos.com.br\/blog\/#organization","name":"Estrat\u00e9gia Concursos","url":"https:\/\/www.estrategiaconcursos.com.br\/blog\/","logo":{"@type":"ImageObject","inLanguage":"pt-BR","@id":"https:\/\/www.estrategiaconcursos.com.br\/blog\/#\/schema\/logo\/image\/","url":"https:\/\/dhg1h5j42swfq.cloudfront.net\/2025\/06\/03203428\/logo_concursos-1.jpg","contentUrl":"https:\/\/dhg1h5j42swfq.cloudfront.net\/2025\/06\/03203428\/logo_concursos-1.jpg","width":230,"height":60,"caption":"Estrat\u00e9gia Concursos"},"image":{"@id":"https:\/\/www.estrategiaconcursos.com.br\/blog\/#\/schema\/logo\/image\/"},"sameAs":["https:\/\/x.com\/EstratConcursos"]},{"@type":"Person","@id":"https:\/\/www.estrategiaconcursos.com.br\/blog\/#\/schema\/person\/80ff9f9f52e43a90b6efd99f2869d22b","name":"Paulo Guimar\u00e3es","image":{"@type":"ImageObject","inLanguage":"pt-BR","@id":"https:\/\/secure.gravatar.com\/avatar\/08d24bbaa2d103a1d6aba72ee81baa1680267436588d5d9cfb8d32c3aa4ca278?s=96&d=mm&r=g","url":"https:\/\/secure.gravatar.com\/avatar\/08d24bbaa2d103a1d6aba72ee81baa1680267436588d5d9cfb8d32c3aa4ca278?s=96&d=mm&r=g","contentUrl":"https:\/\/secure.gravatar.com\/avatar\/08d24bbaa2d103a1d6aba72ee81baa1680267436588d5d9cfb8d32c3aa4ca278?s=96&d=mm&r=g","caption":"Paulo Guimar\u00e3es"},"url":"https:\/\/www.estrategiaconcursos.com.br\/blog\/author\/pauloguimaraesestrategiaconcursos-com-br\/"}]}},"_links":{"self":[{"href":"https:\/\/www.estrategiaconcursos.com.br\/blog\/wp-json\/wp\/v2\/posts\/163888","targetHints":{"allow":["GET"]}}],"collection":[{"href":"https:\/\/www.estrategiaconcursos.com.br\/blog\/wp-json\/wp\/v2\/posts"}],"about":[{"href":"https:\/\/www.estrategiaconcursos.com.br\/blog\/wp-json\/wp\/v2\/types\/post"}],"author":[{"embeddable":true,"href":"https:\/\/www.estrategiaconcursos.com.br\/blog\/wp-json\/wp\/v2\/users\/99"}],"replies":[{"embeddable":true,"href":"https:\/\/www.estrategiaconcursos.com.br\/blog\/wp-json\/wp\/v2\/comments?post=163888"}],"version-history":[{"count":5,"href":"https:\/\/www.estrategiaconcursos.com.br\/blog\/wp-json\/wp\/v2\/posts\/163888\/revisions"}],"predecessor-version":[{"id":164519,"href":"https:\/\/www.estrategiaconcursos.com.br\/blog\/wp-json\/wp\/v2\/posts\/163888\/revisions\/164519"}],"wp:attachment":[{"href":"https:\/\/www.estrategiaconcursos.com.br\/blog\/wp-json\/wp\/v2\/media?parent=163888"}],"wp:term":[{"taxonomy":"category","embeddable":true,"href":"https:\/\/www.estrategiaconcursos.com.br\/blog\/wp-json\/wp\/v2\/categories?post=163888"},{"taxonomy":"post_tag","embeddable":true,"href":"https:\/\/www.estrategiaconcursos.com.br\/blog\/wp-json\/wp\/v2\/tags?post=163888"},{"taxonomy":"tax_estado","embeddable":true,"href":"https:\/\/www.estrategiaconcursos.com.br\/blog\/wp-json\/wp\/v2\/tax_estado?post=163888"}],"curies":[{"name":"wp","href":"https:\/\/api.w.org\/{rel}","templated":true}]}}