{"id":163857,"date":"2019-02-03T19:08:02","date_gmt":"2019-02-03T22:08:02","guid":{"rendered":"https:\/\/www.estrategiaconcursos.com.br\/blog\/?p=163857"},"modified":"2022-10-14T11:43:50","modified_gmt":"2022-10-14T14:43:50","slug":"gabarito-prf-direito-penal-e-processual-penal-extraoficial","status":"publish","type":"post","link":"https:\/\/www.estrategiaconcursos.com.br\/blog\/gabarito-prf-direito-penal-e-processual-penal-extraoficial\/","title":{"rendered":"GABARITO PRF &#8211; Direito Penal e Processual Penal (extraoficial)"},"content":{"rendered":"\n<p class=\"has-text-align-center\"><strong>GABARITO PRF  &#8211; PENAL&nbsp;E&nbsp;PROCESSO&nbsp;PENAL<\/strong><\/p>\n\n\n\n<p>Ol\u00e1, pessoal<\/p>\n\n\n\n<p>Para quem n\u00e3o me conhece ainda, meu nome \u00e9 <strong>Renan Araujo<\/strong> e sou professor aqui no Estrat\u00e9gia Concursos, lecionando as mat\u00e9rias de Direito Penal e Processual Penal.<\/p>\n\n\n\n<p>Antes de prosseguir, <strong>convido voc\u00ea a me seguir no INSTAGRAM<\/strong>:<strong>&nbsp;<a href=\"http:\/\/www.instagram.com\/profrenanaraujo\/?hl=pt-br\">Instagram do Prof. Renan Araujo<\/a><\/strong><\/p>\n\n\n\n<p>Neste artigo vamos comentar as quest\u00f5es de <strong>Direito Penal e Processual Penal<\/strong> que foram cobradas pelo <strong>CESPE<\/strong> no concurso da <strong>PRF<\/strong>, cuja prova foi aplicada hoje, 03.02.2019.<\/p>\n\n\n\n<p><strong>Vejo possibilidade de recurso em DUAS QUEST\u00d5ES (109 e 110). Veja aqui:<\/strong><\/p>\n\n\n\n<p>Vamos aos coment\u00e1rios:<\/p>\n\n\n\n<figure class=\"wp-block-image\"><img loading=\"lazy\" decoding=\"async\" width=\"451\" height=\"426\" src=\"https:\/\/dhg1h5j42swfq.cloudfront.net\/2019\/02\/03191646\/image18.png\" alt=\"\" class=\"wp-image-163945\" srcset=\"https:\/\/dhg1h5j42swfq.cloudfront.net\/2019\/02\/03191646\/image18.png 451w, https:\/\/dhg1h5j42swfq.cloudfront.net\/2019\/02\/03191646\/image18.png 300w\" sizes=\"auto, (max-width: 451px) 100vw, 451px\" \/><\/figure>\n\n\n\n<p><strong>101 (CESPE \u2013 2019 \u2013\nPRF \u2013 POLICIAL)<\/strong><\/p>\n\n\n\n<p><strong>COMENT\u00c1RIOS<\/strong><\/p>\n\n\n\n<p>Item errado, pois\no servidor p\u00fablico, neste caso, responder\u00e1 pelo crime de facilita\u00e7\u00e3o de\ncontrabando ou descaminho, crime previsto no art. 318 do CP:<\/p>\n\n\n\n<p><em>Facilita\u00e7\u00e3o de\ncontrabando ou descaminho<\/em><\/p>\n\n\n\n<p><em>Art. 318 &#8211;\nFacilitar, com infra\u00e7\u00e3o de dever funcional, a pr\u00e1tica de contrabando ou\ndescaminho (art. 334):<\/em><\/p>\n\n\n\n<p><em>Pena &#8211; reclus\u00e3o,\nde 3 (tr\u00eas) a 8 (oito) anos, e multa. (Reda\u00e7\u00e3o dada pela Lei n\u00ba 8.137, de\n27.12.1990)<\/em><\/p>\n\n\n\n<p><strong>GABARITO: Errada<\/strong><\/p>\n\n\n\n<p><strong>102 (CESPE \u2013 2019 \u2013\nPRF \u2013 POLICIAL)<\/strong><\/p>\n\n\n\n<p><strong>COMENT\u00c1RIOS<\/strong><\/p>\n\n\n\n<p>Item correto, pois\no crime de descaminho, art. 334 do CP, \u00e9 considerado crime formal,\nconsumando-se independentemente da constitui\u00e7\u00e3o definitiva do cr\u00e9dito tribut\u00e1rio.<\/p>\n\n\n\n<p><strong>GABARITO: Correta<\/strong><\/p>\n\n\n\n<p><\/p>\n\n\n\n<figure class=\"wp-block-image\"><img loading=\"lazy\" decoding=\"async\" width=\"442\" height=\"416\" src=\"https:\/\/dhg1h5j42swfq.cloudfront.net\/2019\/02\/03191700\/image19.png\" alt=\"\" class=\"wp-image-163946\" srcset=\"https:\/\/dhg1h5j42swfq.cloudfront.net\/2019\/02\/03191700\/image19.png 442w, https:\/\/dhg1h5j42swfq.cloudfront.net\/2019\/02\/03191700\/image19.png 300w\" sizes=\"auto, (max-width: 442px) 100vw, 442px\" \/><\/figure>\n\n\n\n<p><strong>103 (CESPE \u2013 2019 \u2013\nPRF \u2013 POLICIAL)<\/strong><\/p>\n\n\n\n<p><strong>COMENT\u00c1RIOS<\/strong><\/p>\n\n\n\n<p>Item errado, pois\no condutor ser\u00e1 ouvido ANTES das testemunhas e antes do preso, conforme art.\n304 do CPP. O condutor \u00e9 o primeiro a ser ouvido, sendo logo dispensado:<\/p>\n\n\n\n<p><em>Art. 304.\nApresentado o preso \u00e0 autoridade competente, ouvir\u00e1 esta o condutor e colher\u00e1,\ndesde logo, sua assinatura, entregando a este c\u00f3pia do termo e recibo de\nentrega do preso. Em seguida, proceder\u00e1 \u00e0 oitiva das testemunhas que o\nacompanharem e ao interrogat\u00f3rio do acusado sobre a imputa\u00e7\u00e3o que lhe \u00e9 feita,\ncolhendo, ap\u00f3s cada oitiva suas respectivas assinaturas, lavrando, a\nautoridade, afinal, o auto.&nbsp;&nbsp;&nbsp;&nbsp;&nbsp;&nbsp;&nbsp;&nbsp;&nbsp;&nbsp;\n(Reda\u00e7\u00e3o dada pela Lei n\u00ba 11.113, de 2005)<\/em><\/p>\n\n\n\n<p><strong>GABARITO: Errada<\/strong><\/p>\n\n\n\n<p><strong>104 (CESPE \u2013 2019 \u2013\nPRF \u2013 POLICIAL)<\/strong><\/p>\n\n\n\n<p><strong>COMENT\u00c1RIOS<\/strong><\/p>\n\n\n\n<p>Item correto, pois\no agente n\u00e3o foi efetivamente perseguido, mas foi encontrado, logo depois, com\narma que faz presumir ser ele o autor do delito, nos termos do art. 302, IV do\nCPP.<\/p>\n\n\n\n<p><strong>GABARITO: Correta<\/strong><\/p>\n\n\n\n<p><strong>105 (CESPE \u2013 2019 \u2013\nPRF \u2013 POLICIAL)<\/strong><\/p>\n\n\n\n<p><strong>COMENT\u00c1RIOS<\/strong><\/p>\n\n\n\n<p>Item errado, pois\napesar de haver flagrante obrigat\u00f3rio aqui, n\u00e3o h\u00e1 que se falar em exerc\u00edcio\nregular de direito, mas ESTRITO CUMPRIMENTO DO DEVER LEGAL, que \u00e9 tamb\u00e9m uma\nexcludente de ilicitude, prevista no art. 23, III do CP.<\/p>\n\n\n\n<p><strong>GABARITO: Errada<\/strong><\/p>\n\n\n\n<p><\/p>\n\n\n\n<figure class=\"wp-block-image\"><img loading=\"lazy\" decoding=\"async\" width=\"445\" height=\"295\" src=\"https:\/\/dhg1h5j42swfq.cloudfront.net\/2019\/02\/03191713\/image20.png\" alt=\"\" class=\"wp-image-163947\" srcset=\"https:\/\/dhg1h5j42swfq.cloudfront.net\/2019\/02\/03191713\/image20.png 445w, https:\/\/dhg1h5j42swfq.cloudfront.net\/2019\/02\/03191713\/image20.png 300w\" sizes=\"auto, (max-width: 445px) 100vw, 445px\" \/><\/figure>\n\n\n\n<p><strong>106 (CESPE \u2013 2019 \u2013\nPRF \u2013 POLICIAL)<\/strong><\/p>\n\n\n\n<p><strong>COMENT\u00c1RIOS<\/strong><\/p>\n\n\n\n<p>Item errado, pois\no MP s\u00f3 pode ser utilizada em mat\u00e9ria penal para beneficiar o infrator, jamais\npara tipificar condutas ou agravar penas. A CF-88 veda o uso de MP em mat\u00e9ria\npenal, mas o STF relativiza tal previs\u00e3o, admitindo a MP ben\u00e9fica. Seja como\nfor, a quest\u00e3o est\u00e1 errada.<\/p>\n\n\n\n<p><strong>GABARITO: Errada<\/strong><\/p>\n\n\n\n<p><strong>107 (CESPE \u2013 2019 \u2013\nPRF \u2013 POLICIAL)<\/strong><\/p>\n\n\n\n<p><strong>COMENT\u00c1RIOS<\/strong><\/p>\n\n\n\n<p>Item errado, pois\na analogia n\u00e3o \u00e9 vedada em absoluta, pois \u00e9 admitida a analogia <em>in bonam partem, <\/em>ou seja, a analogia\nben\u00e9fica.<\/p>\n\n\n\n<p><strong>GABARITO: Errada<\/strong><\/p>\n\n\n\n<p><\/p>\n\n\n\n<figure class=\"wp-block-image\"><img loading=\"lazy\" decoding=\"async\" width=\"424\" height=\"296\" src=\"https:\/\/dhg1h5j42swfq.cloudfront.net\/2019\/02\/03191731\/image21.png\" alt=\"\" class=\"wp-image-163948\" srcset=\"https:\/\/dhg1h5j42swfq.cloudfront.net\/2019\/02\/03191731\/image21.png 424w, https:\/\/dhg1h5j42swfq.cloudfront.net\/2019\/02\/03191731\/image21.png 300w\" sizes=\"auto, (max-width: 424px) 100vw, 424px\" \/><\/figure>\n\n\n\n<p><strong>108 (CESPE \u2013 2019 \u2013\nPRF \u2013 POLICIAL)<\/strong><\/p>\n\n\n\n<p><strong>COMENT\u00c1RIOS<\/strong><\/p>\n\n\n\n<p>Item correto, pois\no agente praticou o crime de tr\u00e1fico de pessoas majorado, na forma do art.\n149-A, V, \u00a71\u00ba, II do CP:<\/p>\n\n\n\n<p><em>Tr\u00e1fico de\nPessoas&nbsp;&nbsp;&nbsp;&nbsp;&nbsp;&nbsp;&nbsp; &nbsp;&nbsp;&nbsp;&nbsp;&nbsp;&nbsp;&nbsp;(Inclu\u00eddo pela Lei n\u00ba 13.344, de\n2016)&nbsp;&nbsp;&nbsp;&nbsp;&nbsp;&nbsp;&nbsp;&nbsp;&nbsp; (Vig\u00eancia)<\/em><\/p>\n\n\n\n<p><em>Art. 149-A.&nbsp; Agenciar, aliciar, recrutar, transportar,\ntransferir, comprar, alojar ou acolher pessoa, mediante grave amea\u00e7a,\nviol\u00eancia, coa\u00e7\u00e3o, fraude ou abuso, com a finalidade de:&nbsp;&nbsp;&nbsp;&nbsp;&nbsp;&nbsp;&nbsp;&nbsp;&nbsp;&nbsp;&nbsp;&nbsp;&nbsp; (Inclu\u00eddo pela Lei n\u00ba 13.344, de\n2016)&nbsp;&nbsp;&nbsp;&nbsp;&nbsp;&nbsp;&nbsp;&nbsp;&nbsp; (Vig\u00eancia)<\/em><\/p>\n\n\n\n<p><em>(&#8230;)<\/em><\/p>\n\n\n\n<p><em>V &#8211; explora\u00e7\u00e3o\nsexual.&nbsp;&nbsp; &nbsp;&nbsp;&nbsp;&nbsp;&nbsp;&nbsp;&nbsp;&nbsp;&nbsp;&nbsp;&nbsp;&nbsp;(Inclu\u00eddo pela Lei n\u00ba 13.344, de\n2016)&nbsp;&nbsp;&nbsp;&nbsp;&nbsp;&nbsp;&nbsp;&nbsp;&nbsp; (Vig\u00eancia)<\/em><\/p>\n\n\n\n<p><em>Pena &#8211; reclus\u00e3o,\nde 4 (quatro) a 8 (oito) anos, e multa.&nbsp;&nbsp;&nbsp;&nbsp;&nbsp;&nbsp;&nbsp;&nbsp;&nbsp;&nbsp;&nbsp;&nbsp;&nbsp;&nbsp; (Inclu\u00eddo pela Lei n\u00ba 13.344, de\n2016)&nbsp;&nbsp;&nbsp;&nbsp;&nbsp;&nbsp;&nbsp;&nbsp;&nbsp; (Vig\u00eancia)<\/em><\/p>\n\n\n\n<p><em>\u00a7 1o A pena \u00e9\naumentada de um ter\u00e7o at\u00e9 a metade se: &nbsp;&nbsp;&nbsp;&nbsp;&nbsp;&nbsp;&nbsp;&nbsp;&nbsp;&nbsp;&nbsp;&nbsp;&nbsp;&nbsp;(Inclu\u00eddo pela Lei n\u00ba 13.344, de\n2016)&nbsp;&nbsp;&nbsp;&nbsp;&nbsp;&nbsp;&nbsp;&nbsp;&nbsp; (Vig\u00eancia)<\/em><\/p>\n\n\n\n<p><em>(&#8230;)<\/em><\/p>\n\n\n\n<p><em>II &#8211; o crime for\ncometido contra crian\u00e7a, adolescente ou pessoa idosa ou com defici\u00eancia;&nbsp;&nbsp;&nbsp;&nbsp;&nbsp;&nbsp;&nbsp;&nbsp;&nbsp;&nbsp;&nbsp;&nbsp;&nbsp;&nbsp; (Inclu\u00eddo pela Lei n\u00ba 13.344, de\n2016)&nbsp;&nbsp;&nbsp;&nbsp;&nbsp;&nbsp;&nbsp;&nbsp;&nbsp; (Vig\u00eancia)<\/em><\/p>\n\n\n\n<p><strong>GABARITO: Correta<\/strong><\/p>\n\n\n\n<p><\/p>\n\n\n\n<figure class=\"wp-block-image\"><img loading=\"lazy\" decoding=\"async\" width=\"435\" height=\"240\" src=\"https:\/\/dhg1h5j42swfq.cloudfront.net\/2019\/02\/03191745\/image22.png\" alt=\"\" class=\"wp-image-163949\" srcset=\"https:\/\/dhg1h5j42swfq.cloudfront.net\/2019\/02\/03191745\/image22.png 435w, https:\/\/dhg1h5j42swfq.cloudfront.net\/2019\/02\/03191745\/image22.png 300w\" sizes=\"auto, (max-width: 435px) 100vw, 435px\" \/><\/figure>\n\n\n\n<p><\/p>\n\n\n\n<p><strong>109 (CESPE \u2013 2019\n\u2013 PRF \u2013 POLICIAL)<\/strong><\/p>\n\n\n\n<p><strong>FUNDAMENTO PARA\nRECURSO<\/strong><\/p>\n\n\n\n<p>Trata-se de tema\ncontrovertido na Doutrina. <\/p>\n\n\n\n<p>Boa parte dos\nDoutrinadores entendem que somente o flagrante PR\u00d3PRIO admitiria viola\u00e7\u00e3o do\ndomic\u00edlio (ver, por todos: NUCCI, Guilherme de Souza. Manual de processo penal\ne execu\u00e7\u00e3o penal. Rio de Janeiro. Ed. Forense, 2015, p\u00e1gina 539 e GOMES FILHO,\nAntonio Magalh\u00e3es. Direito \u00e0 prova no processo penal. S\u00e3o Paulo, ed. RT, 1997,\np. 21).<\/p>\n\n\n\n<p>Outros\ndoutrinadores entendem que a CF-88, ao estabelecer a ressalva da inviolabilidade\ndo domic\u00edlio no caso de pris\u00e3o em flagrante, admitindo o ingresso nestas\ncircunst\u00e2ncias, n\u00e3o diferenciou as modalidades de flagrante (Ver, por todos: TOURINHO\nFILHO, Fernando da Costa. Processo penal. S\u00e3o Paulo. Ed. Saraiva, 2010, p\u00e1gina\n406).<\/p>\n\n\n\n<p>N\u00e3o h\u00e1 unanimidade\nDoutrin\u00e1ria, portanto, no que tange \u00e0 admissibilidade da viola\u00e7\u00e3o de domic\u00edlio\nnos casos de flagrante impr\u00f3prio e ficto, notadamente neste \u00faltimo.<\/p>\n\n\n\n<p><strong>GABARITO: Correta<\/strong><\/p>\n\n\n\n<p><strong>REQUERIMENTO: ANULA\u00c7\u00c3O DA QUEST\u00c3O<\/strong><\/p>\n\n\n\n<p><\/p>\n\n\n\n<p><strong>110 (CESPE \u2013 2019 \u2013 PRF \u2013 POLICIAL)<\/strong><\/p>\n\n\n\n<p><strong>COMENT\u00c1RIOS<\/strong><\/p>\n\n\n\n<p>Trata-se de tema\ncontrovertido na Doutrina. <\/p>\n\n\n\n<p>A maior parte dos\ndoutrinadores eleva a boleia de caminh\u00e3o ao conceito de casa para fins de busca\n(Ver, por todos LIMA, Renato Brasileiro de. Manual de Processo\nPenal. 3\u00ba edi\u00e7\u00e3o. Ed. Juspodivm. Salvador, 2015, p. 714 e T\u00c1VORA, Nestor.\nALENCAR, Rosmar Rodrigues. Curso de Direito Processual Penal. 10\u00ba edi\u00e7\u00e3o. Ed.\nJuspodivm. Salvador, 2015, p. 690\/691). <\/p>\n\n\n\n<p><strong>Todavia, em\ndecis\u00e3o mais recente, o STJ entendeu que a boleia n\u00e3o seria casa para fins\npenais. <\/strong><\/p>\n\n\n\n<p>N\u00e3o se tratava de\nquest\u00e3o envolvendo dilig\u00eancia de busca, mas porte ilegal de arma de fogo. O STJ\nentendeu que o transporte da arma na boleia configurava PORTE e n\u00e3o POSSE, j\u00e1\nque a boleia n\u00e3o seria casa para estes fins. Vejamos:<\/p>\n\n\n\n<p>1. O caminh\u00e3o \u00e9 instrumento de trabalho do\nmotorista, assim como, mutatis mutandis, a esp\u00e1tula serve ao artes\u00e3o. Portanto,\n<strong>n\u00e3o pode ser considerado extens\u00e3o de sua\nresid\u00eancia, nem local de seu trabalho, mas apenas um meio f\u00edsico para se chegar\nao fim laboral.<\/strong><\/p>\n\n\n\n<p>2. <strong>Arma\nde fogo apreendida no interior da boleia do caminh\u00e3o tipifica o delito de porte\nilegal de arma <\/strong>(art. 14 da Lei n. 10.826\/2003).<\/p>\n\n\n\n<p>(&#8230;)<\/p>\n\n\n\n<p>6. Agravo regimental improvido.&#8221; (AgRg no REsp\n1362124\/MG, Rel. Ministro SEBASTI\u00c3O REIS J\u00daNIOR, SEXTA TURMA, julgado em\n19\/03\/2013,<\/p>\n\n\n\n<p>DJe 10\/04\/2013; sem grifos no original.)<\/p>\n\n\n\n<p>Ora, se a arma de fogo apreendida no interior da\nboleia do caminh\u00e3o configura PORTE ilegal de arma de fogo, isto significa que a\nboleia, para o STJ, n\u00e3o se insere no conceito de casa para fins penais.<\/p>\n\n\n\n<p>Assim, diante da diverg\u00eancia entre doutrina e\njurisprud\u00eancia, deve ser anulada a quest\u00e3o.<\/p>\n\n\n\n<p><strong>GABARITO: Correta<\/strong><\/p>\n\n\n\n<p><strong>REQUERIMENTO: ANULA\u00c7\u00c3O DA QUEST\u00c3O<\/strong><\/p>\n\n\n\n<p>&nbsp;__________________<\/p>\n\n\n\n<p>Se voc\u00ea quer conhecer mais do meu trabalho aqui no Estrat\u00e9gia Concursos, <a href=\"https:\/\/www.estrategiaconcursos.com.br\/cursosPorProfessor\/renan-araujo-3209\/\">clique aqui<\/a> e baixe, gratuitamente, as aulas demonstrativas dos meus cursos.<\/p>\n\n\n\n<p><strong>Bons estudos!<\/strong><\/p>\n\n\n\n<p><strong>Prof. Renan Araujo<\/strong><\/p>\n\n\n\n<p><strong>E-mail:&nbsp;<\/strong><a href=\"mailto:profrenanaraujo@gmail.com\"><strong>prof<\/strong><\/a><strong>renanaraujo@gmail.com<\/strong><\/p>\n\n\n\n<p><strong>Facebook:&nbsp;<\/strong><a href=\"http:\/\/www.facebook.com\/profrenanaraujoestrategia\"><strong>www.facebook.com\/profrenanaraujoestrategia<\/strong><\/a><\/p>\n\n\n\n<p><strong>Instagram:&nbsp;<\/strong><a href=\"http:\/\/www.instagram.com\/profrenanaraujo\/?hl=pt-br\"><strong>www.instagram.com\/profrenanaraujo\/?hl=pt-br<\/strong><\/a><\/p>\n\n\n\n<p><strong>Youtube:&nbsp;<\/strong><a href=\"http:\/\/www.youtube.com\/channel\/UClIFS2cyREWT35OELN8wcFQ\"><strong>www.youtube.com\/channel\/UClIFS2cyREWT35OELN8wcFQ<\/strong><\/a><\/p>\n\n\n\n<h3 class=\"wp-block-heading\" id=\"h-gabarito-prf-confira-os-comentarios\">Gabarito PRF &#8211; confira os coment\u00e1rios<\/h3>\n\n\n\n<p>Direito Constitucional &#8211; <u><a rel=\"noreferrer noopener\" aria-label=\"confira aqui! (opens in a new tab)\" href=\"https:\/\/www.estrategiaconcursos.com.br\/blog\/gabarito-extraoficial-prf-direito-constitucional\/\" target=\"_blank\">confira aqui!<\/a><\/u><\/p>\n\n\n\n<p>Direito Penal &#8211; <u><a href=\"https:\/\/www.estrategiaconcursos.com.br\/blog\/gabarito-sefaz-rs-auditor-direito-penal-extraoficial\/\">confira aqui!<\/a><\/u><\/p>\n\n\n\n<p>Direito Administrativo &#8211; <u><a href=\"https:\/\/www.estrategiaconcursos.com.br\/blog\/gabarito-prf-direito-administrativo\/\">confira aqui!<\/a><\/u><\/p>\n\n\n\n<p>\u00c9tica &#8211;  <u><a href=\"https:\/\/www.estrategiaconcursos.com.br\/blog\/gabarito-prf-etica\/\">confira aqui! <\/a><\/u><\/p>\n\n\n\n<p>Racioc\u00ednio L\u00f3gico e Matem\u00e1tica &#8211; <u><a href=\"https:\/\/www.estrategiaconcursos.com.br\/blog\/gabarito-prf-etica\/\">confira aqui! <\/a><\/u><\/p>\n\n\n\n<p>Direito Humanos &#8211; <u><a href=\"https:\/\/www.estrategiaconcursos.com.br\/blog\/direito-humanos-prf-gabarito-extraoficial\/\">confira aqui!<\/a><\/u><\/p>\n\n\n\n<p>F\u00edsica &#8211; <u><a href=\"https:\/\/www.estrategiaconcursos.com.br\/blog\/gabarito-prf-fisica\/\">confira aqui!<\/a><\/u><\/p>\n\n\n\n<p>Legisla\u00e7\u00e3o Penal &#8211; <u><a href=\"https:\/\/www.estrategiaconcursos.com.br\/blog\/gabarito-prf-legislacao-penal\/\">confira aqui! <\/a><\/u><\/p>\n\n\n\n<p><\/p>\n","protected":false},"excerpt":{"rendered":"<p>GABARITO PRF &#8211; PENAL&nbsp;E&nbsp;PROCESSO&nbsp;PENAL Ol\u00e1, pessoal Para quem n\u00e3o me conhece ainda, meu nome \u00e9 Renan Araujo e sou professor aqui no Estrat\u00e9gia Concursos, lecionando as mat\u00e9rias de Direito Penal e Processual Penal. Antes de prosseguir, convido voc\u00ea a me seguir no INSTAGRAM:&nbsp;Instagram do Prof. Renan Araujo Neste artigo vamos comentar as quest\u00f5es de Direito [&hellip;]<\/p>\n","protected":false},"author":39,"featured_media":0,"comment_status":"open","ping_status":"closed","sticky":false,"template":"","format":"standard","meta":{"post_tipo":"article","footnotes":""},"categories":[1],"tags":[],"tax_estado":[219963],"class_list":["post-163857","post","type-post","status-publish","format-standard","hentry","category-cursos-e-concursos","tax_estado-concursos-federais"],"acf":[],"yoast_head":"<!-- This site is optimized with the Yoast SEO Premium plugin v27.2 (Yoast SEO v27.2) - https:\/\/yoast.com\/product\/yoast-seo-premium-wordpress\/ -->\n<title>GABARITO PRF - Direito Penal e Processual Penal (extraoficial)<\/title>\n<meta name=\"description\" content=\"GABARITO PRF - Coment\u00e1rios do Prof. Renan Araujo \u00e0s quest\u00f5es de Direito Penal e Direito Processual Penal cobradas pelo CESPE na prova da PRF 2019.\" \/>\n<meta name=\"robots\" content=\"index, follow, max-snippet:-1, max-image-preview:large, max-video-preview:-1\" \/>\n<link rel=\"canonical\" href=\"https:\/\/www.estrategiaconcursos.com.br\/blog\/gabarito-prf-direito-penal-e-processual-penal-extraoficial\/\" \/>\n<meta property=\"og:locale\" content=\"pt_BR\" \/>\n<meta property=\"og:type\" content=\"article\" \/>\n<meta property=\"og:title\" content=\"GABARITO PRF - Direito Penal e Processual Penal (extraoficial)\" \/>\n<meta property=\"og:description\" content=\"GABARITO PRF - Coment\u00e1rios do Prof. Renan Araujo \u00e0s quest\u00f5es de Direito Penal e Direito Processual Penal cobradas pelo CESPE na prova da PRF 2019.\" \/>\n<meta property=\"og:url\" content=\"https:\/\/www.estrategiaconcursos.com.br\/blog\/gabarito-prf-direito-penal-e-processual-penal-extraoficial\/\" \/>\n<meta property=\"og:site_name\" content=\"Estrat\u00e9gia Concursos\" \/>\n<meta property=\"article:published_time\" content=\"2019-02-03T22:08:02+00:00\" \/>\n<meta property=\"article:modified_time\" content=\"2022-10-14T14:43:50+00:00\" \/>\n<meta property=\"og:image\" content=\"https:\/\/www.estrategiaconcursos.com.br\/blog\/wp-content\/uploads\/2019\/02\/image18.png\" \/>\n<meta name=\"author\" content=\"Renan Araujo\" \/>\n<meta name=\"twitter:card\" content=\"summary_large_image\" \/>\n<meta name=\"twitter:creator\" content=\"@EstratConcursos\" \/>\n<meta name=\"twitter:site\" content=\"@EstratConcursos\" \/>\n<meta name=\"twitter:label1\" content=\"Escrito por\" \/>\n\t<meta name=\"twitter:data1\" content=\"Renan Araujo\" \/>\n\t<meta name=\"twitter:label2\" content=\"Est. tempo de leitura\" \/>\n\t<meta name=\"twitter:data2\" content=\"6 minutos\" \/>\n<script type=\"application\/ld+json\" class=\"yoast-schema-graph\">{\"@context\":\"https:\/\/schema.org\",\"@graph\":[{\"@type\":\"NewsArticle\",\"@id\":\"https:\/\/www.estrategiaconcursos.com.br\/blog\/gabarito-prf-direito-penal-e-processual-penal-extraoficial\/#article\",\"isPartOf\":{\"@id\":\"https:\/\/www.estrategiaconcursos.com.br\/blog\/gabarito-prf-direito-penal-e-processual-penal-extraoficial\/\"},\"author\":{\"name\":\"Renan Araujo\",\"@id\":\"https:\/\/www.estrategiaconcursos.com.br\/blog\/#\/schema\/person\/1a7a7af72da82939a6308b2ee292162b\"},\"headline\":\"GABARITO PRF &#8211; Direito Penal e Processual Penal (extraoficial)\",\"datePublished\":\"2019-02-03T22:08:02+00:00\",\"dateModified\":\"2022-10-14T14:43:50+00:00\",\"mainEntityOfPage\":{\"@id\":\"https:\/\/www.estrategiaconcursos.com.br\/blog\/gabarito-prf-direito-penal-e-processual-penal-extraoficial\/\"},\"wordCount\":1359,\"commentCount\":2,\"publisher\":{\"@id\":\"https:\/\/www.estrategiaconcursos.com.br\/blog\/#organization\"},\"image\":{\"@id\":\"https:\/\/www.estrategiaconcursos.com.br\/blog\/gabarito-prf-direito-penal-e-processual-penal-extraoficial\/#primaryimage\"},\"thumbnailUrl\":\"https:\/\/www.estrategiaconcursos.com.br\/blog\/wp-content\/uploads\/2019\/02\/image18.png\",\"articleSection\":[\"Concursos P\u00fablicos\"],\"inLanguage\":\"pt-BR\",\"potentialAction\":[{\"@type\":\"CommentAction\",\"name\":\"Comment\",\"target\":[\"https:\/\/www.estrategiaconcursos.com.br\/blog\/gabarito-prf-direito-penal-e-processual-penal-extraoficial\/#respond\"]}],\"copyrightYear\":\"2019\",\"copyrightHolder\":{\"@id\":\"https:\/\/www.estrategiaconcursos.com.br\/blog\/#organization\"}},{\"@type\":\"WebPage\",\"@id\":\"https:\/\/www.estrategiaconcursos.com.br\/blog\/gabarito-prf-direito-penal-e-processual-penal-extraoficial\/\",\"url\":\"https:\/\/www.estrategiaconcursos.com.br\/blog\/gabarito-prf-direito-penal-e-processual-penal-extraoficial\/\",\"name\":\"GABARITO PRF - Direito Penal e Processual Penal (extraoficial)\",\"isPartOf\":{\"@id\":\"https:\/\/www.estrategiaconcursos.com.br\/blog\/#website\"},\"primaryImageOfPage\":{\"@id\":\"https:\/\/www.estrategiaconcursos.com.br\/blog\/gabarito-prf-direito-penal-e-processual-penal-extraoficial\/#primaryimage\"},\"image\":{\"@id\":\"https:\/\/www.estrategiaconcursos.com.br\/blog\/gabarito-prf-direito-penal-e-processual-penal-extraoficial\/#primaryimage\"},\"thumbnailUrl\":\"https:\/\/www.estrategiaconcursos.com.br\/blog\/wp-content\/uploads\/2019\/02\/image18.png\",\"datePublished\":\"2019-02-03T22:08:02+00:00\",\"dateModified\":\"2022-10-14T14:43:50+00:00\",\"description\":\"GABARITO PRF - Coment\u00e1rios do Prof. Renan Araujo \u00e0s quest\u00f5es de Direito Penal e Direito Processual Penal cobradas pelo CESPE na prova da PRF 2019.\",\"breadcrumb\":{\"@id\":\"https:\/\/www.estrategiaconcursos.com.br\/blog\/gabarito-prf-direito-penal-e-processual-penal-extraoficial\/#breadcrumb\"},\"inLanguage\":\"pt-BR\",\"potentialAction\":[{\"@type\":\"ReadAction\",\"target\":[\"https:\/\/www.estrategiaconcursos.com.br\/blog\/gabarito-prf-direito-penal-e-processual-penal-extraoficial\/\"]}]},{\"@type\":\"ImageObject\",\"inLanguage\":\"pt-BR\",\"@id\":\"https:\/\/www.estrategiaconcursos.com.br\/blog\/gabarito-prf-direito-penal-e-processual-penal-extraoficial\/#primaryimage\",\"url\":\"https:\/\/dhg1h5j42swfq.cloudfront.net\/2019\/02\/03191646\/image18.png\",\"contentUrl\":\"https:\/\/dhg1h5j42swfq.cloudfront.net\/2019\/02\/03191646\/image18.png\",\"width\":451,\"height\":426},{\"@type\":\"BreadcrumbList\",\"@id\":\"https:\/\/www.estrategiaconcursos.com.br\/blog\/gabarito-prf-direito-penal-e-processual-penal-extraoficial\/#breadcrumb\",\"itemListElement\":[{\"@type\":\"ListItem\",\"position\":1,\"name\":\"In\u00edcio\",\"item\":\"https:\/\/www.estrategiaconcursos.com.br\/blog\/\"},{\"@type\":\"ListItem\",\"position\":2,\"name\":\"GABARITO PRF &#8211; Direito Penal e Processual Penal (extraoficial)\"}]},{\"@type\":\"WebSite\",\"@id\":\"https:\/\/www.estrategiaconcursos.com.br\/blog\/#website\",\"url\":\"https:\/\/www.estrategiaconcursos.com.br\/blog\/\",\"name\":\"Estrat\u00e9gia Concursos\",\"description\":\"O blog da Estrat\u00e9gia Concursos traz not\u00edcias sobre concursos e artigos de professores oferecendo cursos para concursos (pdf + videaulas) no site.\",\"publisher\":{\"@id\":\"https:\/\/www.estrategiaconcursos.com.br\/blog\/#organization\"},\"potentialAction\":[{\"@type\":\"SearchAction\",\"target\":{\"@type\":\"EntryPoint\",\"urlTemplate\":\"https:\/\/www.estrategiaconcursos.com.br\/blog\/?s={search_term_string}\"},\"query-input\":{\"@type\":\"PropertyValueSpecification\",\"valueRequired\":true,\"valueName\":\"search_term_string\"}}],\"inLanguage\":\"pt-BR\"},{\"@type\":\"Organization\",\"@id\":\"https:\/\/www.estrategiaconcursos.com.br\/blog\/#organization\",\"name\":\"Estrat\u00e9gia Concursos\",\"url\":\"https:\/\/www.estrategiaconcursos.com.br\/blog\/\",\"logo\":{\"@type\":\"ImageObject\",\"inLanguage\":\"pt-BR\",\"@id\":\"https:\/\/www.estrategiaconcursos.com.br\/blog\/#\/schema\/logo\/image\/\",\"url\":\"https:\/\/dhg1h5j42swfq.cloudfront.net\/2025\/06\/03203428\/logo_concursos-1.jpg\",\"contentUrl\":\"https:\/\/dhg1h5j42swfq.cloudfront.net\/2025\/06\/03203428\/logo_concursos-1.jpg\",\"width\":230,\"height\":60,\"caption\":\"Estrat\u00e9gia Concursos\"},\"image\":{\"@id\":\"https:\/\/www.estrategiaconcursos.com.br\/blog\/#\/schema\/logo\/image\/\"},\"sameAs\":[\"https:\/\/x.com\/EstratConcursos\"]},{\"@type\":\"Person\",\"@id\":\"https:\/\/www.estrategiaconcursos.com.br\/blog\/#\/schema\/person\/1a7a7af72da82939a6308b2ee292162b\",\"name\":\"Renan Araujo\",\"image\":{\"@type\":\"ImageObject\",\"inLanguage\":\"pt-BR\",\"@id\":\"https:\/\/secure.gravatar.com\/avatar\/ca6cb9ba5a547fbe93c05c63d6103dff6c2566555a601f1efb8590a69fb9ed76?s=96&d=mm&r=g\",\"url\":\"https:\/\/secure.gravatar.com\/avatar\/ca6cb9ba5a547fbe93c05c63d6103dff6c2566555a601f1efb8590a69fb9ed76?s=96&d=mm&r=g\",\"contentUrl\":\"https:\/\/secure.gravatar.com\/avatar\/ca6cb9ba5a547fbe93c05c63d6103dff6c2566555a601f1efb8590a69fb9ed76?s=96&d=mm&r=g\",\"caption\":\"Renan Araujo\"},\"url\":\"https:\/\/www.estrategiaconcursos.com.br\/blog\/author\/renanaraujoestrategiaconcursos-com-br\/\"}]}<\/script>\n<!-- \/ Yoast SEO Premium plugin. -->","yoast_head_json":{"title":"GABARITO PRF - Direito Penal e Processual Penal (extraoficial)","description":"GABARITO PRF - Coment\u00e1rios do Prof. Renan Araujo \u00e0s quest\u00f5es de Direito Penal e Direito Processual Penal cobradas pelo CESPE na prova da PRF 2019.","robots":{"index":"index","follow":"follow","max-snippet":"max-snippet:-1","max-image-preview":"max-image-preview:large","max-video-preview":"max-video-preview:-1"},"canonical":"https:\/\/www.estrategiaconcursos.com.br\/blog\/gabarito-prf-direito-penal-e-processual-penal-extraoficial\/","og_locale":"pt_BR","og_type":"article","og_title":"GABARITO PRF - Direito Penal e Processual Penal (extraoficial)","og_description":"GABARITO PRF - Coment\u00e1rios do Prof. Renan Araujo \u00e0s quest\u00f5es de Direito Penal e Direito Processual Penal cobradas pelo CESPE na prova da PRF 2019.","og_url":"https:\/\/www.estrategiaconcursos.com.br\/blog\/gabarito-prf-direito-penal-e-processual-penal-extraoficial\/","og_site_name":"Estrat\u00e9gia Concursos","article_published_time":"2019-02-03T22:08:02+00:00","article_modified_time":"2022-10-14T14:43:50+00:00","og_image":[{"url":"https:\/\/www.estrategiaconcursos.com.br\/blog\/wp-content\/uploads\/2019\/02\/image18.png","type":"","width":"","height":""}],"author":"Renan Araujo","twitter_card":"summary_large_image","twitter_creator":"@EstratConcursos","twitter_site":"@EstratConcursos","twitter_misc":{"Escrito por":"Renan Araujo","Est. tempo de leitura":"6 minutos"},"schema":{"@context":"https:\/\/schema.org","@graph":[{"@type":"NewsArticle","@id":"https:\/\/www.estrategiaconcursos.com.br\/blog\/gabarito-prf-direito-penal-e-processual-penal-extraoficial\/#article","isPartOf":{"@id":"https:\/\/www.estrategiaconcursos.com.br\/blog\/gabarito-prf-direito-penal-e-processual-penal-extraoficial\/"},"author":{"name":"Renan Araujo","@id":"https:\/\/www.estrategiaconcursos.com.br\/blog\/#\/schema\/person\/1a7a7af72da82939a6308b2ee292162b"},"headline":"GABARITO PRF &#8211; Direito Penal e Processual Penal (extraoficial)","datePublished":"2019-02-03T22:08:02+00:00","dateModified":"2022-10-14T14:43:50+00:00","mainEntityOfPage":{"@id":"https:\/\/www.estrategiaconcursos.com.br\/blog\/gabarito-prf-direito-penal-e-processual-penal-extraoficial\/"},"wordCount":1359,"commentCount":2,"publisher":{"@id":"https:\/\/www.estrategiaconcursos.com.br\/blog\/#organization"},"image":{"@id":"https:\/\/www.estrategiaconcursos.com.br\/blog\/gabarito-prf-direito-penal-e-processual-penal-extraoficial\/#primaryimage"},"thumbnailUrl":"https:\/\/www.estrategiaconcursos.com.br\/blog\/wp-content\/uploads\/2019\/02\/image18.png","articleSection":["Concursos P\u00fablicos"],"inLanguage":"pt-BR","potentialAction":[{"@type":"CommentAction","name":"Comment","target":["https:\/\/www.estrategiaconcursos.com.br\/blog\/gabarito-prf-direito-penal-e-processual-penal-extraoficial\/#respond"]}],"copyrightYear":"2019","copyrightHolder":{"@id":"https:\/\/www.estrategiaconcursos.com.br\/blog\/#organization"}},{"@type":"WebPage","@id":"https:\/\/www.estrategiaconcursos.com.br\/blog\/gabarito-prf-direito-penal-e-processual-penal-extraoficial\/","url":"https:\/\/www.estrategiaconcursos.com.br\/blog\/gabarito-prf-direito-penal-e-processual-penal-extraoficial\/","name":"GABARITO PRF - Direito Penal e Processual Penal (extraoficial)","isPartOf":{"@id":"https:\/\/www.estrategiaconcursos.com.br\/blog\/#website"},"primaryImageOfPage":{"@id":"https:\/\/www.estrategiaconcursos.com.br\/blog\/gabarito-prf-direito-penal-e-processual-penal-extraoficial\/#primaryimage"},"image":{"@id":"https:\/\/www.estrategiaconcursos.com.br\/blog\/gabarito-prf-direito-penal-e-processual-penal-extraoficial\/#primaryimage"},"thumbnailUrl":"https:\/\/www.estrategiaconcursos.com.br\/blog\/wp-content\/uploads\/2019\/02\/image18.png","datePublished":"2019-02-03T22:08:02+00:00","dateModified":"2022-10-14T14:43:50+00:00","description":"GABARITO PRF - Coment\u00e1rios do Prof. Renan Araujo \u00e0s quest\u00f5es de Direito Penal e Direito Processual Penal cobradas pelo CESPE na prova da PRF 2019.","breadcrumb":{"@id":"https:\/\/www.estrategiaconcursos.com.br\/blog\/gabarito-prf-direito-penal-e-processual-penal-extraoficial\/#breadcrumb"},"inLanguage":"pt-BR","potentialAction":[{"@type":"ReadAction","target":["https:\/\/www.estrategiaconcursos.com.br\/blog\/gabarito-prf-direito-penal-e-processual-penal-extraoficial\/"]}]},{"@type":"ImageObject","inLanguage":"pt-BR","@id":"https:\/\/www.estrategiaconcursos.com.br\/blog\/gabarito-prf-direito-penal-e-processual-penal-extraoficial\/#primaryimage","url":"https:\/\/dhg1h5j42swfq.cloudfront.net\/2019\/02\/03191646\/image18.png","contentUrl":"https:\/\/dhg1h5j42swfq.cloudfront.net\/2019\/02\/03191646\/image18.png","width":451,"height":426},{"@type":"BreadcrumbList","@id":"https:\/\/www.estrategiaconcursos.com.br\/blog\/gabarito-prf-direito-penal-e-processual-penal-extraoficial\/#breadcrumb","itemListElement":[{"@type":"ListItem","position":1,"name":"In\u00edcio","item":"https:\/\/www.estrategiaconcursos.com.br\/blog\/"},{"@type":"ListItem","position":2,"name":"GABARITO PRF &#8211; Direito Penal e Processual Penal (extraoficial)"}]},{"@type":"WebSite","@id":"https:\/\/www.estrategiaconcursos.com.br\/blog\/#website","url":"https:\/\/www.estrategiaconcursos.com.br\/blog\/","name":"Estrat\u00e9gia Concursos","description":"O blog da Estrat\u00e9gia Concursos traz not\u00edcias sobre concursos e artigos de professores oferecendo cursos para concursos (pdf + videaulas) no site.","publisher":{"@id":"https:\/\/www.estrategiaconcursos.com.br\/blog\/#organization"},"potentialAction":[{"@type":"SearchAction","target":{"@type":"EntryPoint","urlTemplate":"https:\/\/www.estrategiaconcursos.com.br\/blog\/?s={search_term_string}"},"query-input":{"@type":"PropertyValueSpecification","valueRequired":true,"valueName":"search_term_string"}}],"inLanguage":"pt-BR"},{"@type":"Organization","@id":"https:\/\/www.estrategiaconcursos.com.br\/blog\/#organization","name":"Estrat\u00e9gia Concursos","url":"https:\/\/www.estrategiaconcursos.com.br\/blog\/","logo":{"@type":"ImageObject","inLanguage":"pt-BR","@id":"https:\/\/www.estrategiaconcursos.com.br\/blog\/#\/schema\/logo\/image\/","url":"https:\/\/dhg1h5j42swfq.cloudfront.net\/2025\/06\/03203428\/logo_concursos-1.jpg","contentUrl":"https:\/\/dhg1h5j42swfq.cloudfront.net\/2025\/06\/03203428\/logo_concursos-1.jpg","width":230,"height":60,"caption":"Estrat\u00e9gia Concursos"},"image":{"@id":"https:\/\/www.estrategiaconcursos.com.br\/blog\/#\/schema\/logo\/image\/"},"sameAs":["https:\/\/x.com\/EstratConcursos"]},{"@type":"Person","@id":"https:\/\/www.estrategiaconcursos.com.br\/blog\/#\/schema\/person\/1a7a7af72da82939a6308b2ee292162b","name":"Renan Araujo","image":{"@type":"ImageObject","inLanguage":"pt-BR","@id":"https:\/\/secure.gravatar.com\/avatar\/ca6cb9ba5a547fbe93c05c63d6103dff6c2566555a601f1efb8590a69fb9ed76?s=96&d=mm&r=g","url":"https:\/\/secure.gravatar.com\/avatar\/ca6cb9ba5a547fbe93c05c63d6103dff6c2566555a601f1efb8590a69fb9ed76?s=96&d=mm&r=g","contentUrl":"https:\/\/secure.gravatar.com\/avatar\/ca6cb9ba5a547fbe93c05c63d6103dff6c2566555a601f1efb8590a69fb9ed76?s=96&d=mm&r=g","caption":"Renan Araujo"},"url":"https:\/\/www.estrategiaconcursos.com.br\/blog\/author\/renanaraujoestrategiaconcursos-com-br\/"}]}},"_links":{"self":[{"href":"https:\/\/www.estrategiaconcursos.com.br\/blog\/wp-json\/wp\/v2\/posts\/163857","targetHints":{"allow":["GET"]}}],"collection":[{"href":"https:\/\/www.estrategiaconcursos.com.br\/blog\/wp-json\/wp\/v2\/posts"}],"about":[{"href":"https:\/\/www.estrategiaconcursos.com.br\/blog\/wp-json\/wp\/v2\/types\/post"}],"author":[{"embeddable":true,"href":"https:\/\/www.estrategiaconcursos.com.br\/blog\/wp-json\/wp\/v2\/users\/39"}],"replies":[{"embeddable":true,"href":"https:\/\/www.estrategiaconcursos.com.br\/blog\/wp-json\/wp\/v2\/comments?post=163857"}],"version-history":[{"count":6,"href":"https:\/\/www.estrategiaconcursos.com.br\/blog\/wp-json\/wp\/v2\/posts\/163857\/revisions"}],"predecessor-version":[{"id":1110120,"href":"https:\/\/www.estrategiaconcursos.com.br\/blog\/wp-json\/wp\/v2\/posts\/163857\/revisions\/1110120"}],"wp:attachment":[{"href":"https:\/\/www.estrategiaconcursos.com.br\/blog\/wp-json\/wp\/v2\/media?parent=163857"}],"wp:term":[{"taxonomy":"category","embeddable":true,"href":"https:\/\/www.estrategiaconcursos.com.br\/blog\/wp-json\/wp\/v2\/categories?post=163857"},{"taxonomy":"post_tag","embeddable":true,"href":"https:\/\/www.estrategiaconcursos.com.br\/blog\/wp-json\/wp\/v2\/tags?post=163857"},{"taxonomy":"tax_estado","embeddable":true,"href":"https:\/\/www.estrategiaconcursos.com.br\/blog\/wp-json\/wp\/v2\/tax_estado?post=163857"}],"curies":[{"name":"wp","href":"https:\/\/api.w.org\/{rel}","templated":true}]}}