{"id":163856,"date":"2019-02-03T18:25:49","date_gmt":"2019-02-03T21:25:49","guid":{"rendered":"https:\/\/www.estrategiaconcursos.com.br\/blog\/?p=163856"},"modified":"2019-04-15T21:25:34","modified_gmt":"2019-04-16T00:25:34","slug":"gabarito-prf-etica","status":"publish","type":"post","link":"https:\/\/www.estrategiaconcursos.com.br\/blog\/gabarito-prf-etica\/","title":{"rendered":"Gabarito PRF \u00c9tica &#8211; Prova PRF resolvida e comentada"},"content":{"rendered":"\n<p>Oi pessoal! Aqui \u00e9 o Prof. Paulo Guimar\u00e3es e vamos agora trazer pra voc\u00ea o Gabarito PRF \u00c9tica, corrigindo as quest\u00f5es de \u00c9tica aplicadas no concurso PRF 2018\/2019.<\/p>\n\n\n\n<p>Se voc\u00ea tiver alguma d\u00favida sobre o Gabarito PRF \u00c9tica, estou \u00e0 sua disposi\u00e7\u00e3o no <a href=\"http:\/\/www.instagram.com\/profpauloguimaraes\">instagram<\/a> e tamb\u00e9m no meu canal no <a href=\"http:\/\/www.youtube.com\/professorpauloguimaraes\">youtube<\/a>.<\/p>\n\n\n\n<p><\/p>\n\n\n\n<figure class=\"wp-block-image\"><img loading=\"lazy\" decoding=\"async\" width=\"491\" height=\"114\" src=\"https:\/\/dhg1h5j42swfq.cloudfront.net\/2019\/02\/03181403\/image8.png\" alt=\"\" class=\"wp-image-163878\" srcset=\"https:\/\/dhg1h5j42swfq.cloudfront.net\/2019\/02\/03181403\/image8.png 491w, https:\/\/dhg1h5j42swfq.cloudfront.net\/2019\/02\/03181403\/image8.png 300w\" sizes=\"auto, (max-width: 491px) 100vw, 491px\" \/><figcaption><br \/><\/figcaption><\/figure>\n\n\n\n<p>O erro da quest\u00e3o est\u00e1 em dizer que  o servidor n\u00e3o est\u00e1 obrigado a agir de acordo com os primados da \u00c9tica quando n\u00e3o est\u00e1 na fun\u00e7\u00e3o. Veja o que diz o inciso I do C\u00f3digo de \u00c9tica do Servidor P\u00fablico Civil do Poder Executivo Federal:<\/p>\n\n\n\n<p><em>I &#8211; A dignidade, o decoro, o zelo, a efic\u00e1cia e a consci\u00eancia dos princ\u00edpios morais s\u00e3o primados maiores que devem nortear o servidor p\u00fablico, seja no exerc\u00edcio do cargo ou fun\u00e7\u00e3o, ou fora dele, j\u00e1 que refletir\u00e1 o exerc\u00edcio da voca\u00e7\u00e3o do pr\u00f3prio poder estatal. Seus atos, comportamentos e atitudes ser\u00e3o direcionados para a preserva\u00e7\u00e3o da honra e da tradi\u00e7\u00e3o dos servi\u00e7os p\u00fablicos. <\/em><br \/><strong>GABARITO: ERRADO <\/strong><\/p>\n\n\n\n<figure class=\"wp-block-image\"><img loading=\"lazy\" decoding=\"async\" width=\"470\" height=\"99\" src=\"https:\/\/dhg1h5j42swfq.cloudfront.net\/2019\/02\/03181546\/image9.png\" alt=\"\" class=\"wp-image-163879\" srcset=\"https:\/\/dhg1h5j42swfq.cloudfront.net\/2019\/02\/03181546\/image9.png 470w, https:\/\/dhg1h5j42swfq.cloudfront.net\/2019\/02\/03181546\/image9.png 300w\" sizes=\"auto, (max-width: 470px) 100vw, 470px\" \/><\/figure>\n\n\n\n<p>A quest\u00e3o est\u00e1 certa. A embriaguez habitual \u00e9 uma veda\u00e7\u00e3o imposta pelo C\u00f3digo de \u00c9tica, tanto em servi\u00e7o quanto fora dele (inciso XV, &#8220;n&#8221;). Al\u00e9m disso, o inciso XVI prev\u00ea a aplica\u00e7\u00e3o da pena de censura por parte da Comiss\u00e3o de \u00c9tica.<\/p>\n\n\n\n<p><em>XV &#8211; E vedado ao servidor p\u00fablico;<\/em><br \/><em>[&#8230;]<\/em><br \/><em>n) apresentar-se embriagado no servi\u00e7o ou fora dele habitualmente;<\/em><br \/><em>XVI &#8211; Em todos os \u00f3rg\u00e3os e entidades da Administra\u00e7\u00e3o P\u00fablica Federal direta, indireta aut\u00e1rquica e fundacional, ou em qualquer \u00f3rg\u00e3o ou entidade que exer\u00e7a atribui\u00e7\u00f5es delegadas pelo poder p\u00fablico, dever\u00e1 ser criada uma Comiss\u00e3o de \u00c9tica, encarregada de orientar e aconselhar sobre a \u00e9tica profissional do servidor, no tratamento com as pessoas e com o patrim\u00f4nio p\u00fablico, competindo-lhe conhecer concretamente de imputa\u00e7\u00e3o ou de procedimento suscept\u00edvel de censura. <\/em><br \/><strong>GABARITO: CERTO<\/strong><\/p>\n\n\n\n<figure class=\"wp-block-image\"><img loading=\"lazy\" decoding=\"async\" width=\"493\" height=\"80\" src=\"https:\/\/dhg1h5j42swfq.cloudfront.net\/2019\/02\/03181817\/image10.png\" alt=\"\" class=\"wp-image-163883\" srcset=\"https:\/\/dhg1h5j42swfq.cloudfront.net\/2019\/02\/03181817\/image10.png 493w, https:\/\/dhg1h5j42swfq.cloudfront.net\/2019\/02\/03181817\/image10.png 300w\" sizes=\"auto, (max-width: 493px) 100vw, 493px\" \/><\/figure>\n\n\n\n<p>Nos termos do inciso III do C\u00f3digo de \u00c9tica, a moralidade n\u00e3o se limita \u00e0 distin\u00e7\u00e3o entre o bem e o mal.<\/p>\n\n\n\n<p><em>III &#8211; A moralidade da Administra\u00e7\u00e3o P\u00fablica n\u00e3o se limita \u00e0 distin\u00e7\u00e3o entre o bem e o mal, devendo ser acrescida da id\u00e9ia de que o fim \u00e9 sempre o bem comum. O equil\u00edbrio entre a legalidade e a finalidade, na conduta do servidor p\u00fablico, \u00e9 que poder\u00e1 consolidar a moralidade do ato administrativo. <\/em><br \/><strong>GABARITO: ERRADO <\/strong><\/p>\n\n\n\n<figure class=\"wp-block-image\"><img loading=\"lazy\" decoding=\"async\" width=\"460\" height=\"116\" src=\"https:\/\/dhg1h5j42swfq.cloudfront.net\/2019\/02\/03181910\/image11.png\" alt=\"\" class=\"wp-image-163884\" srcset=\"https:\/\/dhg1h5j42swfq.cloudfront.net\/2019\/02\/03181910\/image11.png 460w, https:\/\/dhg1h5j42swfq.cloudfront.net\/2019\/02\/03181910\/image11.png 300w\" sizes=\"auto, (max-width: 460px) 100vw, 460px\" \/><\/figure>\n\n\n\n<p>A quest\u00e3o est\u00e1 certa! Aqui precisamos lembrar de duas veda\u00e7\u00f5es diferentes, mas est\u00e1 tudo &#8220;em casa&#8221; :)<\/p>\n\n\n\n<p><em>XV &#8211; E vedado ao servidor p\u00fablico;<br \/>[&#8230;]<br \/>j) desviar servidor p\u00fablico para atendimento a interesse particular;<br \/>c) ser, em fun\u00e7\u00e3o de seu esp\u00edrito de solidariedade, conivente com erro ou infra\u00e7\u00e3o a este C\u00f3digo de \u00c9tica ou ao C\u00f3digo de \u00c9tica de sua profiss\u00e3o;<\/em><br \/><strong>GABARITO: CERTO <\/strong><\/p>\n","protected":false},"excerpt":{"rendered":"<p>Oi pessoal! Aqui \u00e9 o Prof. Paulo Guimar\u00e3es e vamos agora trazer pra voc\u00ea o Gabarito PRF \u00c9tica, corrigindo as quest\u00f5es de \u00c9tica aplicadas no concurso PRF 2018\/2019. Se voc\u00ea tiver alguma d\u00favida sobre o Gabarito PRF \u00c9tica, estou \u00e0 sua disposi\u00e7\u00e3o no instagram e tamb\u00e9m no meu canal no youtube. O erro da quest\u00e3o [&hellip;]<\/p>\n","protected":false},"author":99,"featured_media":0,"comment_status":"open","ping_status":"closed","sticky":false,"template":"","format":"standard","meta":{"post_tipo":"article","footnotes":""},"categories":[1],"tags":[],"tax_estado":[],"class_list":["post-163856","post","type-post","status-publish","format-standard","hentry","category-cursos-e-concursos"],"acf":[],"yoast_head":"<!-- This site is optimized with the Yoast SEO Premium plugin v27.2 (Yoast SEO v27.2) - https:\/\/yoast.com\/product\/yoast-seo-premium-wordpress\/ -->\n<title>Gabarito PRF \u00c9tica - Prova PRF resolvida e comentada<\/title>\n<meta name=\"description\" content=\"O Prof. Paulo Guimar\u00e3es comenta as quest\u00f5es de \u00c9tica aplicadas no concurso da Pol\u00edcia Rodovi\u00e1ria Federal 2018\/2019. Vem conferir!\" \/>\n<meta name=\"robots\" content=\"index, follow, max-snippet:-1, max-image-preview:large, max-video-preview:-1\" \/>\n<link rel=\"canonical\" href=\"https:\/\/www.estrategiaconcursos.com.br\/blog\/gabarito-prf-etica\/\" \/>\n<meta property=\"og:locale\" content=\"pt_BR\" \/>\n<meta property=\"og:type\" content=\"article\" \/>\n<meta property=\"og:title\" content=\"Gabarito PRF \u00c9tica - Prova PRF resolvida e comentada\" \/>\n<meta property=\"og:description\" content=\"O Prof. Paulo Guimar\u00e3es comenta as quest\u00f5es de \u00c9tica aplicadas no concurso da Pol\u00edcia Rodovi\u00e1ria Federal 2018\/2019. Vem conferir!\" \/>\n<meta property=\"og:url\" content=\"https:\/\/www.estrategiaconcursos.com.br\/blog\/gabarito-prf-etica\/\" \/>\n<meta property=\"og:site_name\" content=\"Estrat\u00e9gia Concursos\" \/>\n<meta property=\"article:published_time\" content=\"2019-02-03T21:25:49+00:00\" \/>\n<meta property=\"article:modified_time\" content=\"2019-04-16T00:25:34+00:00\" \/>\n<meta property=\"og:image\" content=\"https:\/\/www.estrategiaconcursos.com.br\/blog\/wp-content\/uploads\/2019\/02\/image8.png\" \/>\n<meta name=\"author\" content=\"Paulo Guimar\u00e3es\" \/>\n<meta name=\"twitter:card\" content=\"summary_large_image\" \/>\n<meta name=\"twitter:creator\" content=\"@EstratConcursos\" \/>\n<meta name=\"twitter:site\" content=\"@EstratConcursos\" \/>\n<meta name=\"twitter:label1\" content=\"Escrito por\" \/>\n\t<meta name=\"twitter:data1\" content=\"Paulo Guimar\u00e3es\" \/>\n\t<meta name=\"twitter:label2\" content=\"Est. tempo de leitura\" \/>\n\t<meta name=\"twitter:data2\" content=\"2 minutos\" \/>\n<script type=\"application\/ld+json\" class=\"yoast-schema-graph\">{\"@context\":\"https:\/\/schema.org\",\"@graph\":[{\"@type\":\"NewsArticle\",\"@id\":\"https:\/\/www.estrategiaconcursos.com.br\/blog\/gabarito-prf-etica\/#article\",\"isPartOf\":{\"@id\":\"https:\/\/www.estrategiaconcursos.com.br\/blog\/gabarito-prf-etica\/\"},\"author\":{\"name\":\"Paulo Guimar\u00e3es\",\"@id\":\"https:\/\/www.estrategiaconcursos.com.br\/blog\/#\/schema\/person\/80ff9f9f52e43a90b6efd99f2869d22b\"},\"headline\":\"Gabarito PRF \u00c9tica &#8211; Prova PRF resolvida e comentada\",\"datePublished\":\"2019-02-03T21:25:49+00:00\",\"dateModified\":\"2019-04-16T00:25:34+00:00\",\"mainEntityOfPage\":{\"@id\":\"https:\/\/www.estrategiaconcursos.com.br\/blog\/gabarito-prf-etica\/\"},\"wordCount\":500,\"commentCount\":5,\"publisher\":{\"@id\":\"https:\/\/www.estrategiaconcursos.com.br\/blog\/#organization\"},\"image\":{\"@id\":\"https:\/\/www.estrategiaconcursos.com.br\/blog\/gabarito-prf-etica\/#primaryimage\"},\"thumbnailUrl\":\"https:\/\/www.estrategiaconcursos.com.br\/blog\/wp-content\/uploads\/2019\/02\/image8.png\",\"articleSection\":[\"Concursos P\u00fablicos\"],\"inLanguage\":\"pt-BR\",\"potentialAction\":[{\"@type\":\"CommentAction\",\"name\":\"Comment\",\"target\":[\"https:\/\/www.estrategiaconcursos.com.br\/blog\/gabarito-prf-etica\/#respond\"]}],\"copyrightYear\":\"2019\",\"copyrightHolder\":{\"@id\":\"https:\/\/www.estrategiaconcursos.com.br\/blog\/#organization\"}},{\"@type\":\"WebPage\",\"@id\":\"https:\/\/www.estrategiaconcursos.com.br\/blog\/gabarito-prf-etica\/\",\"url\":\"https:\/\/www.estrategiaconcursos.com.br\/blog\/gabarito-prf-etica\/\",\"name\":\"Gabarito PRF \u00c9tica - Prova PRF resolvida e comentada\",\"isPartOf\":{\"@id\":\"https:\/\/www.estrategiaconcursos.com.br\/blog\/#website\"},\"primaryImageOfPage\":{\"@id\":\"https:\/\/www.estrategiaconcursos.com.br\/blog\/gabarito-prf-etica\/#primaryimage\"},\"image\":{\"@id\":\"https:\/\/www.estrategiaconcursos.com.br\/blog\/gabarito-prf-etica\/#primaryimage\"},\"thumbnailUrl\":\"https:\/\/www.estrategiaconcursos.com.br\/blog\/wp-content\/uploads\/2019\/02\/image8.png\",\"datePublished\":\"2019-02-03T21:25:49+00:00\",\"dateModified\":\"2019-04-16T00:25:34+00:00\",\"description\":\"O Prof. Paulo Guimar\u00e3es comenta as quest\u00f5es de \u00c9tica aplicadas no concurso da Pol\u00edcia Rodovi\u00e1ria Federal 2018\/2019. Vem conferir!\",\"breadcrumb\":{\"@id\":\"https:\/\/www.estrategiaconcursos.com.br\/blog\/gabarito-prf-etica\/#breadcrumb\"},\"inLanguage\":\"pt-BR\",\"potentialAction\":[{\"@type\":\"ReadAction\",\"target\":[\"https:\/\/www.estrategiaconcursos.com.br\/blog\/gabarito-prf-etica\/\"]}]},{\"@type\":\"ImageObject\",\"inLanguage\":\"pt-BR\",\"@id\":\"https:\/\/www.estrategiaconcursos.com.br\/blog\/gabarito-prf-etica\/#primaryimage\",\"url\":\"https:\/\/dhg1h5j42swfq.cloudfront.net\/2019\/02\/03181403\/image8.png\",\"contentUrl\":\"https:\/\/dhg1h5j42swfq.cloudfront.net\/2019\/02\/03181403\/image8.png\",\"width\":491,\"height\":114},{\"@type\":\"BreadcrumbList\",\"@id\":\"https:\/\/www.estrategiaconcursos.com.br\/blog\/gabarito-prf-etica\/#breadcrumb\",\"itemListElement\":[{\"@type\":\"ListItem\",\"position\":1,\"name\":\"In\u00edcio\",\"item\":\"https:\/\/www.estrategiaconcursos.com.br\/blog\/\"},{\"@type\":\"ListItem\",\"position\":2,\"name\":\"Gabarito PRF \u00c9tica &#8211; Prova PRF resolvida e comentada\"}]},{\"@type\":\"WebSite\",\"@id\":\"https:\/\/www.estrategiaconcursos.com.br\/blog\/#website\",\"url\":\"https:\/\/www.estrategiaconcursos.com.br\/blog\/\",\"name\":\"Estrat\u00e9gia Concursos\",\"description\":\"O blog da Estrat\u00e9gia Concursos traz not\u00edcias sobre concursos e artigos de professores oferecendo cursos para concursos (pdf + videaulas) no site.\",\"publisher\":{\"@id\":\"https:\/\/www.estrategiaconcursos.com.br\/blog\/#organization\"},\"potentialAction\":[{\"@type\":\"SearchAction\",\"target\":{\"@type\":\"EntryPoint\",\"urlTemplate\":\"https:\/\/www.estrategiaconcursos.com.br\/blog\/?s={search_term_string}\"},\"query-input\":{\"@type\":\"PropertyValueSpecification\",\"valueRequired\":true,\"valueName\":\"search_term_string\"}}],\"inLanguage\":\"pt-BR\"},{\"@type\":\"Organization\",\"@id\":\"https:\/\/www.estrategiaconcursos.com.br\/blog\/#organization\",\"name\":\"Estrat\u00e9gia Concursos\",\"url\":\"https:\/\/www.estrategiaconcursos.com.br\/blog\/\",\"logo\":{\"@type\":\"ImageObject\",\"inLanguage\":\"pt-BR\",\"@id\":\"https:\/\/www.estrategiaconcursos.com.br\/blog\/#\/schema\/logo\/image\/\",\"url\":\"https:\/\/dhg1h5j42swfq.cloudfront.net\/2025\/06\/03203428\/logo_concursos-1.jpg\",\"contentUrl\":\"https:\/\/dhg1h5j42swfq.cloudfront.net\/2025\/06\/03203428\/logo_concursos-1.jpg\",\"width\":230,\"height\":60,\"caption\":\"Estrat\u00e9gia Concursos\"},\"image\":{\"@id\":\"https:\/\/www.estrategiaconcursos.com.br\/blog\/#\/schema\/logo\/image\/\"},\"sameAs\":[\"https:\/\/x.com\/EstratConcursos\"]},{\"@type\":\"Person\",\"@id\":\"https:\/\/www.estrategiaconcursos.com.br\/blog\/#\/schema\/person\/80ff9f9f52e43a90b6efd99f2869d22b\",\"name\":\"Paulo Guimar\u00e3es\",\"image\":{\"@type\":\"ImageObject\",\"inLanguage\":\"pt-BR\",\"@id\":\"https:\/\/secure.gravatar.com\/avatar\/08d24bbaa2d103a1d6aba72ee81baa1680267436588d5d9cfb8d32c3aa4ca278?s=96&d=mm&r=g\",\"url\":\"https:\/\/secure.gravatar.com\/avatar\/08d24bbaa2d103a1d6aba72ee81baa1680267436588d5d9cfb8d32c3aa4ca278?s=96&d=mm&r=g\",\"contentUrl\":\"https:\/\/secure.gravatar.com\/avatar\/08d24bbaa2d103a1d6aba72ee81baa1680267436588d5d9cfb8d32c3aa4ca278?s=96&d=mm&r=g\",\"caption\":\"Paulo Guimar\u00e3es\"},\"url\":\"https:\/\/www.estrategiaconcursos.com.br\/blog\/author\/pauloguimaraesestrategiaconcursos-com-br\/\"}]}<\/script>\n<!-- \/ Yoast SEO Premium plugin. -->","yoast_head_json":{"title":"Gabarito PRF \u00c9tica - Prova PRF resolvida e comentada","description":"O Prof. Paulo Guimar\u00e3es comenta as quest\u00f5es de \u00c9tica aplicadas no concurso da Pol\u00edcia Rodovi\u00e1ria Federal 2018\/2019. Vem conferir!","robots":{"index":"index","follow":"follow","max-snippet":"max-snippet:-1","max-image-preview":"max-image-preview:large","max-video-preview":"max-video-preview:-1"},"canonical":"https:\/\/www.estrategiaconcursos.com.br\/blog\/gabarito-prf-etica\/","og_locale":"pt_BR","og_type":"article","og_title":"Gabarito PRF \u00c9tica - Prova PRF resolvida e comentada","og_description":"O Prof. Paulo Guimar\u00e3es comenta as quest\u00f5es de \u00c9tica aplicadas no concurso da Pol\u00edcia Rodovi\u00e1ria Federal 2018\/2019. Vem conferir!","og_url":"https:\/\/www.estrategiaconcursos.com.br\/blog\/gabarito-prf-etica\/","og_site_name":"Estrat\u00e9gia Concursos","article_published_time":"2019-02-03T21:25:49+00:00","article_modified_time":"2019-04-16T00:25:34+00:00","og_image":[{"url":"https:\/\/www.estrategiaconcursos.com.br\/blog\/wp-content\/uploads\/2019\/02\/image8.png","type":"","width":"","height":""}],"author":"Paulo Guimar\u00e3es","twitter_card":"summary_large_image","twitter_creator":"@EstratConcursos","twitter_site":"@EstratConcursos","twitter_misc":{"Escrito por":"Paulo Guimar\u00e3es","Est. tempo de leitura":"2 minutos"},"schema":{"@context":"https:\/\/schema.org","@graph":[{"@type":"NewsArticle","@id":"https:\/\/www.estrategiaconcursos.com.br\/blog\/gabarito-prf-etica\/#article","isPartOf":{"@id":"https:\/\/www.estrategiaconcursos.com.br\/blog\/gabarito-prf-etica\/"},"author":{"name":"Paulo Guimar\u00e3es","@id":"https:\/\/www.estrategiaconcursos.com.br\/blog\/#\/schema\/person\/80ff9f9f52e43a90b6efd99f2869d22b"},"headline":"Gabarito PRF \u00c9tica &#8211; Prova PRF resolvida e comentada","datePublished":"2019-02-03T21:25:49+00:00","dateModified":"2019-04-16T00:25:34+00:00","mainEntityOfPage":{"@id":"https:\/\/www.estrategiaconcursos.com.br\/blog\/gabarito-prf-etica\/"},"wordCount":500,"commentCount":5,"publisher":{"@id":"https:\/\/www.estrategiaconcursos.com.br\/blog\/#organization"},"image":{"@id":"https:\/\/www.estrategiaconcursos.com.br\/blog\/gabarito-prf-etica\/#primaryimage"},"thumbnailUrl":"https:\/\/www.estrategiaconcursos.com.br\/blog\/wp-content\/uploads\/2019\/02\/image8.png","articleSection":["Concursos P\u00fablicos"],"inLanguage":"pt-BR","potentialAction":[{"@type":"CommentAction","name":"Comment","target":["https:\/\/www.estrategiaconcursos.com.br\/blog\/gabarito-prf-etica\/#respond"]}],"copyrightYear":"2019","copyrightHolder":{"@id":"https:\/\/www.estrategiaconcursos.com.br\/blog\/#organization"}},{"@type":"WebPage","@id":"https:\/\/www.estrategiaconcursos.com.br\/blog\/gabarito-prf-etica\/","url":"https:\/\/www.estrategiaconcursos.com.br\/blog\/gabarito-prf-etica\/","name":"Gabarito PRF \u00c9tica - Prova PRF resolvida e comentada","isPartOf":{"@id":"https:\/\/www.estrategiaconcursos.com.br\/blog\/#website"},"primaryImageOfPage":{"@id":"https:\/\/www.estrategiaconcursos.com.br\/blog\/gabarito-prf-etica\/#primaryimage"},"image":{"@id":"https:\/\/www.estrategiaconcursos.com.br\/blog\/gabarito-prf-etica\/#primaryimage"},"thumbnailUrl":"https:\/\/www.estrategiaconcursos.com.br\/blog\/wp-content\/uploads\/2019\/02\/image8.png","datePublished":"2019-02-03T21:25:49+00:00","dateModified":"2019-04-16T00:25:34+00:00","description":"O Prof. Paulo Guimar\u00e3es comenta as quest\u00f5es de \u00c9tica aplicadas no concurso da Pol\u00edcia Rodovi\u00e1ria Federal 2018\/2019. Vem conferir!","breadcrumb":{"@id":"https:\/\/www.estrategiaconcursos.com.br\/blog\/gabarito-prf-etica\/#breadcrumb"},"inLanguage":"pt-BR","potentialAction":[{"@type":"ReadAction","target":["https:\/\/www.estrategiaconcursos.com.br\/blog\/gabarito-prf-etica\/"]}]},{"@type":"ImageObject","inLanguage":"pt-BR","@id":"https:\/\/www.estrategiaconcursos.com.br\/blog\/gabarito-prf-etica\/#primaryimage","url":"https:\/\/dhg1h5j42swfq.cloudfront.net\/2019\/02\/03181403\/image8.png","contentUrl":"https:\/\/dhg1h5j42swfq.cloudfront.net\/2019\/02\/03181403\/image8.png","width":491,"height":114},{"@type":"BreadcrumbList","@id":"https:\/\/www.estrategiaconcursos.com.br\/blog\/gabarito-prf-etica\/#breadcrumb","itemListElement":[{"@type":"ListItem","position":1,"name":"In\u00edcio","item":"https:\/\/www.estrategiaconcursos.com.br\/blog\/"},{"@type":"ListItem","position":2,"name":"Gabarito PRF \u00c9tica &#8211; Prova PRF resolvida e comentada"}]},{"@type":"WebSite","@id":"https:\/\/www.estrategiaconcursos.com.br\/blog\/#website","url":"https:\/\/www.estrategiaconcursos.com.br\/blog\/","name":"Estrat\u00e9gia Concursos","description":"O blog da Estrat\u00e9gia Concursos traz not\u00edcias sobre concursos e artigos de professores oferecendo cursos para concursos (pdf + videaulas) no site.","publisher":{"@id":"https:\/\/www.estrategiaconcursos.com.br\/blog\/#organization"},"potentialAction":[{"@type":"SearchAction","target":{"@type":"EntryPoint","urlTemplate":"https:\/\/www.estrategiaconcursos.com.br\/blog\/?s={search_term_string}"},"query-input":{"@type":"PropertyValueSpecification","valueRequired":true,"valueName":"search_term_string"}}],"inLanguage":"pt-BR"},{"@type":"Organization","@id":"https:\/\/www.estrategiaconcursos.com.br\/blog\/#organization","name":"Estrat\u00e9gia Concursos","url":"https:\/\/www.estrategiaconcursos.com.br\/blog\/","logo":{"@type":"ImageObject","inLanguage":"pt-BR","@id":"https:\/\/www.estrategiaconcursos.com.br\/blog\/#\/schema\/logo\/image\/","url":"https:\/\/dhg1h5j42swfq.cloudfront.net\/2025\/06\/03203428\/logo_concursos-1.jpg","contentUrl":"https:\/\/dhg1h5j42swfq.cloudfront.net\/2025\/06\/03203428\/logo_concursos-1.jpg","width":230,"height":60,"caption":"Estrat\u00e9gia Concursos"},"image":{"@id":"https:\/\/www.estrategiaconcursos.com.br\/blog\/#\/schema\/logo\/image\/"},"sameAs":["https:\/\/x.com\/EstratConcursos"]},{"@type":"Person","@id":"https:\/\/www.estrategiaconcursos.com.br\/blog\/#\/schema\/person\/80ff9f9f52e43a90b6efd99f2869d22b","name":"Paulo Guimar\u00e3es","image":{"@type":"ImageObject","inLanguage":"pt-BR","@id":"https:\/\/secure.gravatar.com\/avatar\/08d24bbaa2d103a1d6aba72ee81baa1680267436588d5d9cfb8d32c3aa4ca278?s=96&d=mm&r=g","url":"https:\/\/secure.gravatar.com\/avatar\/08d24bbaa2d103a1d6aba72ee81baa1680267436588d5d9cfb8d32c3aa4ca278?s=96&d=mm&r=g","contentUrl":"https:\/\/secure.gravatar.com\/avatar\/08d24bbaa2d103a1d6aba72ee81baa1680267436588d5d9cfb8d32c3aa4ca278?s=96&d=mm&r=g","caption":"Paulo Guimar\u00e3es"},"url":"https:\/\/www.estrategiaconcursos.com.br\/blog\/author\/pauloguimaraesestrategiaconcursos-com-br\/"}]}},"_links":{"self":[{"href":"https:\/\/www.estrategiaconcursos.com.br\/blog\/wp-json\/wp\/v2\/posts\/163856","targetHints":{"allow":["GET"]}}],"collection":[{"href":"https:\/\/www.estrategiaconcursos.com.br\/blog\/wp-json\/wp\/v2\/posts"}],"about":[{"href":"https:\/\/www.estrategiaconcursos.com.br\/blog\/wp-json\/wp\/v2\/types\/post"}],"author":[{"embeddable":true,"href":"https:\/\/www.estrategiaconcursos.com.br\/blog\/wp-json\/wp\/v2\/users\/99"}],"replies":[{"embeddable":true,"href":"https:\/\/www.estrategiaconcursos.com.br\/blog\/wp-json\/wp\/v2\/comments?post=163856"}],"version-history":[{"count":3,"href":"https:\/\/www.estrategiaconcursos.com.br\/blog\/wp-json\/wp\/v2\/posts\/163856\/revisions"}],"predecessor-version":[{"id":164024,"href":"https:\/\/www.estrategiaconcursos.com.br\/blog\/wp-json\/wp\/v2\/posts\/163856\/revisions\/164024"}],"wp:attachment":[{"href":"https:\/\/www.estrategiaconcursos.com.br\/blog\/wp-json\/wp\/v2\/media?parent=163856"}],"wp:term":[{"taxonomy":"category","embeddable":true,"href":"https:\/\/www.estrategiaconcursos.com.br\/blog\/wp-json\/wp\/v2\/categories?post=163856"},{"taxonomy":"post_tag","embeddable":true,"href":"https:\/\/www.estrategiaconcursos.com.br\/blog\/wp-json\/wp\/v2\/tags?post=163856"},{"taxonomy":"tax_estado","embeddable":true,"href":"https:\/\/www.estrategiaconcursos.com.br\/blog\/wp-json\/wp\/v2\/tax_estado?post=163856"}],"curies":[{"name":"wp","href":"https:\/\/api.w.org\/{rel}","templated":true}]}}