{"id":163848,"date":"2019-02-03T18:49:18","date_gmt":"2019-02-03T21:49:18","guid":{"rendered":"https:\/\/www.estrategiaconcursos.com.br\/blog\/?p=163848"},"modified":"2019-04-15T21:24:54","modified_gmt":"2019-04-16T00:24:54","slug":"gabarito-prf-direito-administrativo","status":"publish","type":"post","link":"https:\/\/www.estrategiaconcursos.com.br\/blog\/gabarito-prf-direito-administrativo\/","title":{"rendered":"Gabarito PRF Direito Administrativo &#8211; coment\u00e1rios da prova PRF"},"content":{"rendered":"\n<p>[Gabarito PRF Direito Administrativo] Ol\u00e1 pessoal! Aqui \u00e9 o Herbert Almeida. vamos comentar as quest\u00f5es de Direito Administrativo do concurso da PRF. <\/p>\n\n\n\n<p>Os coment\u00e1rios est\u00e3o em v\u00eddeo e em texto. <\/p>\n\n\n<figure class=\"wp-block-embed-youtube wp-block-embed is-type-video is-provider-youtube wp-embed-aspect-16-9 wp-has-aspect-ratio\"><div class=\"lyte-wrapper\" style=\"width:853px;max-width:100%;margin:5px;\"><div class=\"lyMe\" id=\"WYL_1we9CsHKeGk\"><div id=\"lyte_1we9CsHKeGk\" data-src=\"\/\/i.ytimg.com\/vi\/1we9CsHKeGk\/hqdefault.jpg\" class=\"pL\"><div class=\"tC\"><div class=\"tT\"><\/div><\/div><div class=\"play\"><\/div><div class=\"ctrl\"><div class=\"Lctrl\"><\/div><div class=\"Rctrl\"><\/div><\/div><\/div><noscript><a href=\"https:\/\/youtu.be\/1we9CsHKeGk\" rel=\"nofollow\"><img loading=\"lazy\" decoding=\"async\" src=\"https:\/\/i.ytimg.com\/vi\/1we9CsHKeGk\/0.jpg\" alt=\"YouTube video thumbnail\" width=\"853\" height=\"460\" \/><br \/>Assista a este v\u00eddeo no YouTube<\/a><\/noscript><\/div><\/div><div class=\"lL\" style=\"max-width:100%;width:853px;margin:5px;\"><\/div><figcaption><\/figcaption><\/figure>\n\n\n<p>Julgue o item a seguir, \u00e0 luz da Lei n\u00ba 8.112\/1990.<\/p>\n\n\n\n<p>91 \u2013 A responsabilidade administrativa do servidor p\u00fablico independe da sua responsabilidade penal, salvo na hip\u00f3tese de, na esfera criminal, ocorrer absolvi\u00e7\u00e3o do r\u00e9u fundamentada na negativa do fato criminoso ou da autoria do delito.<\/p>\n\n\n\n<p><strong>Coment\u00e1rio<\/strong>: o servidor p\u00fablico responde nas esferas civil, penal e administrativa. Estas esferas s\u00e3o, em regra, independentes e cumul\u00e1veis entre si. No entanto, a absolvi\u00e7\u00e3o penal por negativa do fato ou negativa de autoria vincula as demais inst\u00e2ncias de responsabiliza\u00e7\u00e3o (Lei 8.112\/90, art. 126).<\/p>\n\n\n\n<p><strong>Gabarito: correto.&nbsp;<\/strong><\/p>\n\n\n\n<p>No tocante a atos administrativos, julgue o item a seguir.<\/p>\n\n\n\n<p>92 \u2013 Tanto a inexist\u00eancia da mat\u00e9ria de fato quanto a sua inadequa\u00e7\u00e3o jur\u00eddica podem configurar o v\u00edcio de motivo de um ato administrativo.<\/p>\n\n\n\n<p><strong>Coment\u00e1rio<\/strong>: o motivo decorre dos pressupostos de fato e de direito para a pr\u00e1tica do ato administrativo. Logo, se o motivo for falso \/ inexistente, ou juridicamente inadequado, o ato ser\u00e1 viciado. Por exemplo: se um guarda aplicar multa de tr\u00e2nsito alegando que algu\u00e9m utilizada o celular enquanto dirigia e a pessoa, na verdade, provar que n\u00e3o usava o celular, ent\u00e3o o motivo ser\u00e1 falso, pois o pressuposto de fato n\u00e3o ter\u00e1 acontecido.&nbsp;<\/p>\n\n\n\n<p>Outra situa\u00e7\u00e3o que enseja o v\u00edcio de motivo \u00e9 quando houver inadequa\u00e7\u00e3o jur\u00eddica para praticar o ato. Isso acontece quando o motivo \u00e9 verdadeiro, mas ele n\u00e3o seria o pressuposto para a pr\u00e1tica do ato administrativo. Por exemplo: se um guarda aplica uma multa porque uma pessoa dirigia sem camisa. Se isso n\u00e3o for uma infra\u00e7\u00e3o, o motivo pode at\u00e9 ter acontecido (a pessoa realmente n\u00e3o usava a camisa), mas isso n\u00e3o \u00e9 causa de aplica\u00e7\u00e3o de multa de tr\u00e2nsito.&nbsp;<\/p>\n\n\n\n<p><strong>Gabarito: correto.<\/strong><br \/><\/p>\n\n\n\n<p>No tocante aos poderes e \u00e0 responsabilidade civil do Estado, julgue os pr\u00f3ximos itens.<\/p>\n\n\n\n<p>93 \u2013 A responsabilidade civil do Estado por ato comissivo \u00e9 subjetiva e baseada na teoria do risco administrativo, devendo o particular, que foi v\u00edtima, comprovar a culpa ou o dolo do agente p\u00fablico.<\/p>\n\n\n\n<p><strong>Coment\u00e1rio<\/strong>: a responsabilidade civil do Estado por atos comissivos (a\u00e7\u00f5es) \u00e9 objetiva, baseada na teoria do risco administrativos. Logo, o item est\u00e1 errado, pois n\u00e3o \u00e9 subjetiva, mas sim objetiva. Com efeito, a demonstra\u00e7\u00e3o da responsabilidade independe da comprova\u00e7\u00e3o de dolo ou culpa. A responsabilidade seria subjetiva apenas nas omiss\u00f5es gen\u00e9ricas.&nbsp;<\/p>\n\n\n\n<p><strong>Gabarito: errado.<\/strong><\/p>\n\n\n\n<p>94 \u2013 Constitui poder de pol\u00edcia a atividade da administra\u00e7\u00e3o p\u00fablica ou de empresa privada ou concession\u00e1ria com delega\u00e7\u00e3o para disciplinar ou limitar direito, interesse ou liberdade, de modo a regular a pr\u00e1tica de ato em raz\u00e3o do interesse p\u00fablico relativo \u00e0 seguran\u00e7a.<\/p>\n\n\n\n<p><strong>Coment\u00e1rio<\/strong>: o poder de pol\u00edcia n\u00e3o pode ser delegado a particulares. O poder de pol\u00edcia \u00e9 formado pelas seguintes fases: (i) ordem; (ii) consentimento; (iii) fiscaliza\u00e7\u00e3o; e (iv) san\u00e7\u00e3o.<\/p>\n\n\n\n<p>As fases de consentimento e de fiscaliza\u00e7\u00e3o podem ser delegadas a entidades administrativas de direito privado, como as empresas p\u00fablicas e as sociedades de economia mista. Por\u00e9m, elas n\u00e3o podem ser&nbsp;<strong>delegadas<\/strong>&nbsp;para empresas privadas. O que \u00e9 poss\u00edvel, apenas, \u00e9 contratar atividades acess\u00f3rias, materiais, de apoio. Mas n\u00e3o \u00e9 poss\u00edvel fazer a delega\u00e7\u00e3o para particulares.&nbsp;<\/p>\n\n\n\n<p><strong>Gabarito: errado.<\/strong><\/p>\n\n\n\n<p>95 \u2013 O abuso de poder, que inclui o excesso de poder e o desvio de finalidade, n\u00e3o decorre de conduta omissiva de agente p\u00fablico.<\/p>\n\n\n\n<p><strong>Coment\u00e1rio<\/strong>: de fato, o abuso de poder \u00e9 g\u00eanero, comportando duas esp\u00e9cies: (i) excesso de poder: agir fora de suas atribui\u00e7\u00f5es legais; (ii) desvio de poder: praticar ato com o fim diverso do interesse p\u00fablico ou diverso da sua finalidade legal. Ademais, o abuso de poder pode decorrer de condutas comissivas ou omissivas, uma vez que deixar de exercer as suas compet\u00eancias tamb\u00e9m \u00e9 um abuso, em virtude do poder-dever de agir.<\/p>\n\n\n\n<p><strong>Gabarito: errado.<\/strong><\/p>\n\n\n\n<p><\/p>\n\n\n\n<p><\/p>\n\n\n\n<hr class=\"wp-block-separator\" \/>\n\n\n\n<p>Agora sim! Fechamos mais uma!<\/p>\n\n\n\n<p>N\u00e3o se esque\u00e7am de nos acompanhar nas redes sociais.  Para isso, basta escanear a tag a seguir: <\/p>\n\n\n\n<p><\/p>\n\n\n\n<div class=\"wp-block-image\"><figure class=\"aligncenter is-resized\"><a href=\"https:\/\/www.instagram.com\/profherbertalmeida\/\" target=\"_blank\" rel=\"noreferrer noopener\"><img loading=\"lazy\" decoding=\"async\" src=\"https:\/\/dhg1h5j42swfq.cloudfront.net\/2018\/01\/29210516\/tag-instagram-profherbertalmeida.jpeg\" alt=\"\" class=\"wp-image-149376\" width=\"301\" height=\"312\" srcset=\"https:\/\/dhg1h5j42swfq.cloudfront.net\/2018\/01\/29210516\/tag-instagram-profherbertalmeida.jpeg 743w, https:\/\/dhg1h5j42swfq.cloudfront.net\/2018\/01\/29210516\/tag-instagram-profherbertalmeida.jpeg 289w, https:\/\/dhg1h5j42swfq.cloudfront.net\/2018\/01\/29210516\/tag-instagram-profherbertalmeida.jpeg 610w\" sizes=\"auto, (max-width: 301px) 100vw, 301px\" \/><\/a><\/figure><\/div>\n\n\n\n<p>Para se inscrever no nosso canal no Youtube, basta escanear o QRCODE abaixo:<\/p>\n\n\n\n<div class=\"wp-block-image\"><figure class=\"aligncenter is-resized\"><a href=\"https:\/\/www.youtube.com\/profherbertalmeida\" target=\"_blank\" rel=\"noreferrer noopener\"><img loading=\"lazy\" decoding=\"async\" src=\"https:\/\/dhg1h5j42swfq.cloudfront.net\/2018\/10\/30182004\/qr-code.png\" alt=\"\" class=\"wp-image-149561\" width=\"296\" height=\"296\" srcset=\"https:\/\/dhg1h5j42swfq.cloudfront.net\/2018\/10\/30182004\/qr-code.png 1148w, https:\/\/dhg1h5j42swfq.cloudfront.net\/2018\/10\/30182004\/qr-code.png 150w, https:\/\/dhg1h5j42swfq.cloudfront.net\/2018\/10\/30182004\/qr-code.png 300w, https:\/\/dhg1h5j42swfq.cloudfront.net\/2018\/10\/30182004\/qr-code.png 768w, https:\/\/dhg1h5j42swfq.cloudfront.net\/2018\/10\/30182004\/qr-code.png 1024w, https:\/\/dhg1h5j42swfq.cloudfront.net\/2018\/10\/30182004\/qr-code.png 610w\" sizes=\"auto, (max-width: 296px) 100vw, 296px\" \/><\/a><\/figure><\/div>\n\n\n\n<p>Ou se preferir, pode fazer pelo modo tradicional:<\/p>\n\n\n\n<p><a href=\"http:\/\/www.youtube.com\/profherbertalmeida\" target=\"_blank\" rel=\"noreferrer noopener\" aria-label=\"www.youtube.com\/profherbertalmeida (opens in a new tab)\">www.youtube.com\/profherbertalmeida<\/a><\/p>\n\n\n\n<p><a rel=\"noreferrer noopener\" aria-label=\"www.instagram\/profherbertalmeida (opens in a new tab)\" href=\"http:\/\/www.instagram\/profherbertalmeida\" target=\"_blank\">www.instagram\/profherbertalmeida<\/a><\/p>\n\n\n\n<p><a rel=\"noreferrer noopener\" aria-label=\"www.facebook.com\/profherbertalmeida (opens in a new tab)\" href=\"http:\/\/www.facebook.com\/profherbertalmeida\" target=\"_blank\">www.facebook.com\/profherbertalmeida<\/a><\/p>\n\n\n\n<p>Um grande abra\u00e7o e at\u00e9 a pr\u00f3xima!<\/p>\n\n\n\n<p>Herbert Almeida<\/p>\n\n\n\n<p>Gabarito PRF Direito Administrativo<\/p>\n","protected":false},"excerpt":{"rendered":"<p>[Gabarito PRF Direito Administrativo] Ol\u00e1 pessoal! Aqui \u00e9 o Herbert Almeida. vamos comentar as quest\u00f5es de Direito Administrativo do concurso da PRF. Os coment\u00e1rios est\u00e3o em v\u00eddeo e em texto. Julgue o item a seguir, \u00e0 luz da Lei n\u00ba 8.112\/1990. 91 \u2013 A responsabilidade administrativa do servidor p\u00fablico independe da sua responsabilidade penal, salvo [&hellip;]<\/p>\n","protected":false},"author":129,"featured_media":0,"comment_status":"open","ping_status":"closed","sticky":false,"template":"","format":"standard","meta":{"post_tipo":"article","footnotes":""},"categories":[1],"tags":[],"tax_estado":[],"class_list":["post-163848","post","type-post","status-publish","format-standard","hentry","category-cursos-e-concursos"],"acf":[],"yoast_head":"<!-- This site is optimized with the Yoast SEO Premium plugin v27.2 (Yoast SEO v27.2) - https:\/\/yoast.com\/product\/yoast-seo-premium-wordpress\/ -->\n<title>Gabarito PRF Direito Administrativo - coment\u00e1rios da prova PRF<\/title>\n<meta name=\"description\" content=\"Gabarito PRF Direito Administrativo - Coment\u00e1rio completo da prova da Pol\u00edcia Rodovi\u00e1ria Federal. Cespe\/UNB. Extraoficial - Recursos.\" \/>\n<meta name=\"robots\" content=\"index, follow, max-snippet:-1, max-image-preview:large, max-video-preview:-1\" \/>\n<link rel=\"canonical\" href=\"https:\/\/www.estrategiaconcursos.com.br\/blog\/gabarito-prf-direito-administrativo\/\" \/>\n<meta property=\"og:locale\" content=\"pt_BR\" \/>\n<meta property=\"og:type\" content=\"article\" \/>\n<meta property=\"og:title\" content=\"Gabarito PRF Direito Administrativo - coment\u00e1rios da prova PRF\" \/>\n<meta property=\"og:description\" content=\"Gabarito PRF Direito Administrativo - Coment\u00e1rio completo da prova da Pol\u00edcia Rodovi\u00e1ria Federal. Cespe\/UNB. Extraoficial - Recursos.\" \/>\n<meta property=\"og:url\" content=\"https:\/\/www.estrategiaconcursos.com.br\/blog\/gabarito-prf-direito-administrativo\/\" \/>\n<meta property=\"og:site_name\" content=\"Estrat\u00e9gia Concursos\" \/>\n<meta property=\"article:published_time\" content=\"2019-02-03T21:49:18+00:00\" \/>\n<meta property=\"article:modified_time\" content=\"2019-04-16T00:24:54+00:00\" \/>\n<meta property=\"og:image\" content=\"https:\/\/www.estrategiaconcursos.com.br\/blog\/wp-content\/uploads\/2018\/01\/tag-instagram-profherbertalmeida.jpeg\" \/>\n<meta name=\"author\" content=\"Herbert Almeida\" \/>\n<meta name=\"twitter:card\" content=\"summary_large_image\" \/>\n<meta name=\"twitter:creator\" content=\"@EstratConcursos\" \/>\n<meta name=\"twitter:site\" content=\"@EstratConcursos\" \/>\n<meta name=\"twitter:label1\" content=\"Escrito por\" \/>\n\t<meta name=\"twitter:data1\" content=\"Herbert Almeida\" \/>\n\t<meta name=\"twitter:label2\" content=\"Est. tempo de leitura\" \/>\n\t<meta name=\"twitter:data2\" content=\"4 minutos\" \/>\n<script type=\"application\/ld+json\" class=\"yoast-schema-graph\">{\"@context\":\"https:\/\/schema.org\",\"@graph\":[{\"@type\":\"NewsArticle\",\"@id\":\"https:\/\/www.estrategiaconcursos.com.br\/blog\/gabarito-prf-direito-administrativo\/#article\",\"isPartOf\":{\"@id\":\"https:\/\/www.estrategiaconcursos.com.br\/blog\/gabarito-prf-direito-administrativo\/\"},\"author\":{\"name\":\"Herbert Almeida\",\"@id\":\"https:\/\/www.estrategiaconcursos.com.br\/blog\/#\/schema\/person\/59717c75350fa01aa0fd68a52a8d02e0\"},\"headline\":\"Gabarito PRF Direito Administrativo &#8211; coment\u00e1rios da prova PRF\",\"datePublished\":\"2019-02-03T21:49:18+00:00\",\"dateModified\":\"2019-04-16T00:24:54+00:00\",\"mainEntityOfPage\":{\"@id\":\"https:\/\/www.estrategiaconcursos.com.br\/blog\/gabarito-prf-direito-administrativo\/\"},\"wordCount\":786,\"commentCount\":0,\"publisher\":{\"@id\":\"https:\/\/www.estrategiaconcursos.com.br\/blog\/#organization\"},\"image\":{\"@id\":\"https:\/\/www.estrategiaconcursos.com.br\/blog\/gabarito-prf-direito-administrativo\/#primaryimage\"},\"thumbnailUrl\":\"https:\/\/www.estrategiaconcursos.com.br\/blog\/wp-content\/uploads\/2018\/01\/tag-instagram-profherbertalmeida.jpeg\",\"articleSection\":[\"Concursos P\u00fablicos\"],\"inLanguage\":\"pt-BR\",\"potentialAction\":[{\"@type\":\"CommentAction\",\"name\":\"Comment\",\"target\":[\"https:\/\/www.estrategiaconcursos.com.br\/blog\/gabarito-prf-direito-administrativo\/#respond\"]}],\"copyrightYear\":\"2019\",\"copyrightHolder\":{\"@id\":\"https:\/\/www.estrategiaconcursos.com.br\/blog\/#organization\"}},{\"@type\":\"WebPage\",\"@id\":\"https:\/\/www.estrategiaconcursos.com.br\/blog\/gabarito-prf-direito-administrativo\/\",\"url\":\"https:\/\/www.estrategiaconcursos.com.br\/blog\/gabarito-prf-direito-administrativo\/\",\"name\":\"Gabarito PRF Direito Administrativo - coment\u00e1rios da prova PRF\",\"isPartOf\":{\"@id\":\"https:\/\/www.estrategiaconcursos.com.br\/blog\/#website\"},\"primaryImageOfPage\":{\"@id\":\"https:\/\/www.estrategiaconcursos.com.br\/blog\/gabarito-prf-direito-administrativo\/#primaryimage\"},\"image\":{\"@id\":\"https:\/\/www.estrategiaconcursos.com.br\/blog\/gabarito-prf-direito-administrativo\/#primaryimage\"},\"thumbnailUrl\":\"https:\/\/www.estrategiaconcursos.com.br\/blog\/wp-content\/uploads\/2018\/01\/tag-instagram-profherbertalmeida.jpeg\",\"datePublished\":\"2019-02-03T21:49:18+00:00\",\"dateModified\":\"2019-04-16T00:24:54+00:00\",\"description\":\"Gabarito PRF Direito Administrativo - Coment\u00e1rio completo da prova da Pol\u00edcia Rodovi\u00e1ria Federal. Cespe\/UNB. Extraoficial - Recursos.\",\"breadcrumb\":{\"@id\":\"https:\/\/www.estrategiaconcursos.com.br\/blog\/gabarito-prf-direito-administrativo\/#breadcrumb\"},\"inLanguage\":\"pt-BR\",\"potentialAction\":[{\"@type\":\"ReadAction\",\"target\":[\"https:\/\/www.estrategiaconcursos.com.br\/blog\/gabarito-prf-direito-administrativo\/\"]}]},{\"@type\":\"ImageObject\",\"inLanguage\":\"pt-BR\",\"@id\":\"https:\/\/www.estrategiaconcursos.com.br\/blog\/gabarito-prf-direito-administrativo\/#primaryimage\",\"url\":\"https:\/\/dhg1h5j42swfq.cloudfront.net\/2018\/01\/29210516\/tag-instagram-profherbertalmeida.jpeg\",\"contentUrl\":\"https:\/\/dhg1h5j42swfq.cloudfront.net\/2018\/01\/29210516\/tag-instagram-profherbertalmeida.jpeg\",\"width\":743,\"height\":772},{\"@type\":\"BreadcrumbList\",\"@id\":\"https:\/\/www.estrategiaconcursos.com.br\/blog\/gabarito-prf-direito-administrativo\/#breadcrumb\",\"itemListElement\":[{\"@type\":\"ListItem\",\"position\":1,\"name\":\"In\u00edcio\",\"item\":\"https:\/\/www.estrategiaconcursos.com.br\/blog\/\"},{\"@type\":\"ListItem\",\"position\":2,\"name\":\"Gabarito PRF Direito Administrativo &#8211; coment\u00e1rios da prova PRF\"}]},{\"@type\":\"WebSite\",\"@id\":\"https:\/\/www.estrategiaconcursos.com.br\/blog\/#website\",\"url\":\"https:\/\/www.estrategiaconcursos.com.br\/blog\/\",\"name\":\"Estrat\u00e9gia Concursos\",\"description\":\"O blog da Estrat\u00e9gia Concursos traz not\u00edcias sobre concursos e artigos de professores oferecendo cursos para concursos (pdf + videaulas) no site.\",\"publisher\":{\"@id\":\"https:\/\/www.estrategiaconcursos.com.br\/blog\/#organization\"},\"potentialAction\":[{\"@type\":\"SearchAction\",\"target\":{\"@type\":\"EntryPoint\",\"urlTemplate\":\"https:\/\/www.estrategiaconcursos.com.br\/blog\/?s={search_term_string}\"},\"query-input\":{\"@type\":\"PropertyValueSpecification\",\"valueRequired\":true,\"valueName\":\"search_term_string\"}}],\"inLanguage\":\"pt-BR\"},{\"@type\":\"Organization\",\"@id\":\"https:\/\/www.estrategiaconcursos.com.br\/blog\/#organization\",\"name\":\"Estrat\u00e9gia Concursos\",\"url\":\"https:\/\/www.estrategiaconcursos.com.br\/blog\/\",\"logo\":{\"@type\":\"ImageObject\",\"inLanguage\":\"pt-BR\",\"@id\":\"https:\/\/www.estrategiaconcursos.com.br\/blog\/#\/schema\/logo\/image\/\",\"url\":\"https:\/\/dhg1h5j42swfq.cloudfront.net\/2025\/06\/03203428\/logo_concursos-1.jpg\",\"contentUrl\":\"https:\/\/dhg1h5j42swfq.cloudfront.net\/2025\/06\/03203428\/logo_concursos-1.jpg\",\"width\":230,\"height\":60,\"caption\":\"Estrat\u00e9gia Concursos\"},\"image\":{\"@id\":\"https:\/\/www.estrategiaconcursos.com.br\/blog\/#\/schema\/logo\/image\/\"},\"sameAs\":[\"https:\/\/x.com\/EstratConcursos\"]},{\"@type\":\"Person\",\"@id\":\"https:\/\/www.estrategiaconcursos.com.br\/blog\/#\/schema\/person\/59717c75350fa01aa0fd68a52a8d02e0\",\"name\":\"Herbert Almeida\",\"image\":{\"@type\":\"ImageObject\",\"inLanguage\":\"pt-BR\",\"@id\":\"https:\/\/secure.gravatar.com\/avatar\/b6461a43893c24d5fc91efc433971ffec025c84c0341129f4578034d77f9a536?s=96&d=mm&r=g\",\"url\":\"https:\/\/secure.gravatar.com\/avatar\/b6461a43893c24d5fc91efc433971ffec025c84c0341129f4578034d77f9a536?s=96&d=mm&r=g\",\"contentUrl\":\"https:\/\/secure.gravatar.com\/avatar\/b6461a43893c24d5fc91efc433971ffec025c84c0341129f4578034d77f9a536?s=96&d=mm&r=g\",\"caption\":\"Herbert Almeida\"},\"url\":\"https:\/\/www.estrategiaconcursos.com.br\/blog\/author\/herbertestrategiaconcursos-com-br\/\"}]}<\/script>\n<!-- \/ Yoast SEO Premium plugin. -->","yoast_head_json":{"title":"Gabarito PRF Direito Administrativo - coment\u00e1rios da prova PRF","description":"Gabarito PRF Direito Administrativo - Coment\u00e1rio completo da prova da Pol\u00edcia Rodovi\u00e1ria Federal. Cespe\/UNB. Extraoficial - Recursos.","robots":{"index":"index","follow":"follow","max-snippet":"max-snippet:-1","max-image-preview":"max-image-preview:large","max-video-preview":"max-video-preview:-1"},"canonical":"https:\/\/www.estrategiaconcursos.com.br\/blog\/gabarito-prf-direito-administrativo\/","og_locale":"pt_BR","og_type":"article","og_title":"Gabarito PRF Direito Administrativo - coment\u00e1rios da prova PRF","og_description":"Gabarito PRF Direito Administrativo - Coment\u00e1rio completo da prova da Pol\u00edcia Rodovi\u00e1ria Federal. Cespe\/UNB. Extraoficial - Recursos.","og_url":"https:\/\/www.estrategiaconcursos.com.br\/blog\/gabarito-prf-direito-administrativo\/","og_site_name":"Estrat\u00e9gia Concursos","article_published_time":"2019-02-03T21:49:18+00:00","article_modified_time":"2019-04-16T00:24:54+00:00","og_image":[{"url":"https:\/\/www.estrategiaconcursos.com.br\/blog\/wp-content\/uploads\/2018\/01\/tag-instagram-profherbertalmeida.jpeg","type":"","width":"","height":""}],"author":"Herbert Almeida","twitter_card":"summary_large_image","twitter_creator":"@EstratConcursos","twitter_site":"@EstratConcursos","twitter_misc":{"Escrito por":"Herbert Almeida","Est. tempo de leitura":"4 minutos"},"schema":{"@context":"https:\/\/schema.org","@graph":[{"@type":"NewsArticle","@id":"https:\/\/www.estrategiaconcursos.com.br\/blog\/gabarito-prf-direito-administrativo\/#article","isPartOf":{"@id":"https:\/\/www.estrategiaconcursos.com.br\/blog\/gabarito-prf-direito-administrativo\/"},"author":{"name":"Herbert Almeida","@id":"https:\/\/www.estrategiaconcursos.com.br\/blog\/#\/schema\/person\/59717c75350fa01aa0fd68a52a8d02e0"},"headline":"Gabarito PRF Direito Administrativo &#8211; coment\u00e1rios da prova PRF","datePublished":"2019-02-03T21:49:18+00:00","dateModified":"2019-04-16T00:24:54+00:00","mainEntityOfPage":{"@id":"https:\/\/www.estrategiaconcursos.com.br\/blog\/gabarito-prf-direito-administrativo\/"},"wordCount":786,"commentCount":0,"publisher":{"@id":"https:\/\/www.estrategiaconcursos.com.br\/blog\/#organization"},"image":{"@id":"https:\/\/www.estrategiaconcursos.com.br\/blog\/gabarito-prf-direito-administrativo\/#primaryimage"},"thumbnailUrl":"https:\/\/www.estrategiaconcursos.com.br\/blog\/wp-content\/uploads\/2018\/01\/tag-instagram-profherbertalmeida.jpeg","articleSection":["Concursos P\u00fablicos"],"inLanguage":"pt-BR","potentialAction":[{"@type":"CommentAction","name":"Comment","target":["https:\/\/www.estrategiaconcursos.com.br\/blog\/gabarito-prf-direito-administrativo\/#respond"]}],"copyrightYear":"2019","copyrightHolder":{"@id":"https:\/\/www.estrategiaconcursos.com.br\/blog\/#organization"}},{"@type":"WebPage","@id":"https:\/\/www.estrategiaconcursos.com.br\/blog\/gabarito-prf-direito-administrativo\/","url":"https:\/\/www.estrategiaconcursos.com.br\/blog\/gabarito-prf-direito-administrativo\/","name":"Gabarito PRF Direito Administrativo - coment\u00e1rios da prova PRF","isPartOf":{"@id":"https:\/\/www.estrategiaconcursos.com.br\/blog\/#website"},"primaryImageOfPage":{"@id":"https:\/\/www.estrategiaconcursos.com.br\/blog\/gabarito-prf-direito-administrativo\/#primaryimage"},"image":{"@id":"https:\/\/www.estrategiaconcursos.com.br\/blog\/gabarito-prf-direito-administrativo\/#primaryimage"},"thumbnailUrl":"https:\/\/www.estrategiaconcursos.com.br\/blog\/wp-content\/uploads\/2018\/01\/tag-instagram-profherbertalmeida.jpeg","datePublished":"2019-02-03T21:49:18+00:00","dateModified":"2019-04-16T00:24:54+00:00","description":"Gabarito PRF Direito Administrativo - Coment\u00e1rio completo da prova da Pol\u00edcia Rodovi\u00e1ria Federal. Cespe\/UNB. Extraoficial - Recursos.","breadcrumb":{"@id":"https:\/\/www.estrategiaconcursos.com.br\/blog\/gabarito-prf-direito-administrativo\/#breadcrumb"},"inLanguage":"pt-BR","potentialAction":[{"@type":"ReadAction","target":["https:\/\/www.estrategiaconcursos.com.br\/blog\/gabarito-prf-direito-administrativo\/"]}]},{"@type":"ImageObject","inLanguage":"pt-BR","@id":"https:\/\/www.estrategiaconcursos.com.br\/blog\/gabarito-prf-direito-administrativo\/#primaryimage","url":"https:\/\/dhg1h5j42swfq.cloudfront.net\/2018\/01\/29210516\/tag-instagram-profherbertalmeida.jpeg","contentUrl":"https:\/\/dhg1h5j42swfq.cloudfront.net\/2018\/01\/29210516\/tag-instagram-profherbertalmeida.jpeg","width":743,"height":772},{"@type":"BreadcrumbList","@id":"https:\/\/www.estrategiaconcursos.com.br\/blog\/gabarito-prf-direito-administrativo\/#breadcrumb","itemListElement":[{"@type":"ListItem","position":1,"name":"In\u00edcio","item":"https:\/\/www.estrategiaconcursos.com.br\/blog\/"},{"@type":"ListItem","position":2,"name":"Gabarito PRF Direito Administrativo &#8211; coment\u00e1rios da prova PRF"}]},{"@type":"WebSite","@id":"https:\/\/www.estrategiaconcursos.com.br\/blog\/#website","url":"https:\/\/www.estrategiaconcursos.com.br\/blog\/","name":"Estrat\u00e9gia Concursos","description":"O blog da Estrat\u00e9gia Concursos traz not\u00edcias sobre concursos e artigos de professores oferecendo cursos para concursos (pdf + videaulas) no site.","publisher":{"@id":"https:\/\/www.estrategiaconcursos.com.br\/blog\/#organization"},"potentialAction":[{"@type":"SearchAction","target":{"@type":"EntryPoint","urlTemplate":"https:\/\/www.estrategiaconcursos.com.br\/blog\/?s={search_term_string}"},"query-input":{"@type":"PropertyValueSpecification","valueRequired":true,"valueName":"search_term_string"}}],"inLanguage":"pt-BR"},{"@type":"Organization","@id":"https:\/\/www.estrategiaconcursos.com.br\/blog\/#organization","name":"Estrat\u00e9gia Concursos","url":"https:\/\/www.estrategiaconcursos.com.br\/blog\/","logo":{"@type":"ImageObject","inLanguage":"pt-BR","@id":"https:\/\/www.estrategiaconcursos.com.br\/blog\/#\/schema\/logo\/image\/","url":"https:\/\/dhg1h5j42swfq.cloudfront.net\/2025\/06\/03203428\/logo_concursos-1.jpg","contentUrl":"https:\/\/dhg1h5j42swfq.cloudfront.net\/2025\/06\/03203428\/logo_concursos-1.jpg","width":230,"height":60,"caption":"Estrat\u00e9gia Concursos"},"image":{"@id":"https:\/\/www.estrategiaconcursos.com.br\/blog\/#\/schema\/logo\/image\/"},"sameAs":["https:\/\/x.com\/EstratConcursos"]},{"@type":"Person","@id":"https:\/\/www.estrategiaconcursos.com.br\/blog\/#\/schema\/person\/59717c75350fa01aa0fd68a52a8d02e0","name":"Herbert Almeida","image":{"@type":"ImageObject","inLanguage":"pt-BR","@id":"https:\/\/secure.gravatar.com\/avatar\/b6461a43893c24d5fc91efc433971ffec025c84c0341129f4578034d77f9a536?s=96&d=mm&r=g","url":"https:\/\/secure.gravatar.com\/avatar\/b6461a43893c24d5fc91efc433971ffec025c84c0341129f4578034d77f9a536?s=96&d=mm&r=g","contentUrl":"https:\/\/secure.gravatar.com\/avatar\/b6461a43893c24d5fc91efc433971ffec025c84c0341129f4578034d77f9a536?s=96&d=mm&r=g","caption":"Herbert Almeida"},"url":"https:\/\/www.estrategiaconcursos.com.br\/blog\/author\/herbertestrategiaconcursos-com-br\/"}]}},"_links":{"self":[{"href":"https:\/\/www.estrategiaconcursos.com.br\/blog\/wp-json\/wp\/v2\/posts\/163848","targetHints":{"allow":["GET"]}}],"collection":[{"href":"https:\/\/www.estrategiaconcursos.com.br\/blog\/wp-json\/wp\/v2\/posts"}],"about":[{"href":"https:\/\/www.estrategiaconcursos.com.br\/blog\/wp-json\/wp\/v2\/types\/post"}],"author":[{"embeddable":true,"href":"https:\/\/www.estrategiaconcursos.com.br\/blog\/wp-json\/wp\/v2\/users\/129"}],"replies":[{"embeddable":true,"href":"https:\/\/www.estrategiaconcursos.com.br\/blog\/wp-json\/wp\/v2\/comments?post=163848"}],"version-history":[{"count":3,"href":"https:\/\/www.estrategiaconcursos.com.br\/blog\/wp-json\/wp\/v2\/posts\/163848\/revisions"}],"predecessor-version":[{"id":164023,"href":"https:\/\/www.estrategiaconcursos.com.br\/blog\/wp-json\/wp\/v2\/posts\/163848\/revisions\/164023"}],"wp:attachment":[{"href":"https:\/\/www.estrategiaconcursos.com.br\/blog\/wp-json\/wp\/v2\/media?parent=163848"}],"wp:term":[{"taxonomy":"category","embeddable":true,"href":"https:\/\/www.estrategiaconcursos.com.br\/blog\/wp-json\/wp\/v2\/categories?post=163848"},{"taxonomy":"post_tag","embeddable":true,"href":"https:\/\/www.estrategiaconcursos.com.br\/blog\/wp-json\/wp\/v2\/tags?post=163848"},{"taxonomy":"tax_estado","embeddable":true,"href":"https:\/\/www.estrategiaconcursos.com.br\/blog\/wp-json\/wp\/v2\/tax_estado?post=163848"}],"curies":[{"name":"wp","href":"https:\/\/api.w.org\/{rel}","templated":true}]}}