{"id":163823,"date":"2019-02-03T13:40:42","date_gmt":"2019-02-03T16:40:42","guid":{"rendered":"https:\/\/www.estrategiaconcursos.com.br\/blog\/?p=163823"},"modified":"2019-04-15T21:25:37","modified_gmt":"2019-04-16T00:25:37","slug":"gabarito-icms-rs-direito-administrativo","status":"publish","type":"post","link":"https:\/\/www.estrategiaconcursos.com.br\/blog\/gabarito-icms-rs-direito-administrativo\/","title":{"rendered":"Gabarito ICMS RS Direito Administrativo"},"content":{"rendered":"\n<p>Ol\u00e1 pessoal! Aqui \u00e9 o Herbert Almeida. Neste artigo, vou comentar a prova de Direito Administrativo do concurso da SEFAZ RS (ou ICMS RS) aplicada pela manh\u00e3, pelo Cespe UNB.<\/p>\n\n\n\n<p>A prova estava bem mais tranquila do que imaginamos. Estes coment\u00e1rios s\u00e3o preliminares, por isso algumas quest\u00e3o n\u00e3o est\u00e3o com todas as alternativas digitadas. Ao final do dia, passarei para digitar tudo e tamb\u00e9m para postar o coment\u00e1rio em v\u00eddeo.<\/p>\n\n\n\n<p>Seguem os coment\u00e1rio!<\/p>\n\n\n\n<p><strong>Quest\u00e3o 31<\/strong><\/p>\n\n\n\n<p>O deslocamento de servidor p\u00fablico, por interesse da\nadministra\u00e7\u00e3o, para o exerc\u00edcio em uma nova sede, com mudan\u00e7a de domic\u00edlio\npermanente, configura:<\/p>\n\n\n\n<p><strong>c) remo\u00e7\u00e3o, com\ndireito a ajuda de custo para sua instala\u00e7\u00e3o.<\/strong><\/p>\n\n\n\n<p>Coment\u00e1rio:<\/p>\n\n\n\n<p>A remo\u00e7\u00e3o \u00e9 a forma de deslocamento de servidor p\u00fablico, que pode ocorrer a pedido ou ex-officio, com ou sem mudan\u00e7a de sede (art. 58). O art. 90 do Estatuto dos Servidores disp\u00f5e que a \u201ca ajuda de custo destina-se a compensar as despesas de instala\u00e7\u00f5es do servidor que, no interesse do servi\u00e7o, passe a ter exerc\u00edcio em nova sede, com mudan\u00e7a de domic\u00edlio em car\u00e1ter permanente\u201d.<\/p>\n\n\n\n<p>Logo, o gabarito \u00e9 a letra C.<\/p>\n\n\n\n<p>Gabarito preliminar: alternativa C.<\/p>\n\n\n\n<p>Quest\u00e3o 32<\/p>\n\n\n\n<p>O alvar\u00e1 de licen\u00e7a e o alvar\u00e1 de autoriza\u00e7\u00e3o, concedidos\npela administra\u00e7\u00e3o p\u00fablica constituem meio de atua\u00e7\u00e3o do poder<\/p>\n\n\n\n<p>a) hier\u00e1rquico<\/p>\n\n\n\n<p>b) de pol\u00edcia<\/p>\n\n\n\n<p>c) hier\u00e1rquico e do disciplinar<\/p>\n\n\n\n<p>d) disciplinar<\/p>\n\n\n\n<p>e) regulamentar<\/p>\n\n\n\n<p>Coment\u00e1rio: a concess\u00e3o de alvar\u00e1 constitui meio de\nconsentimento do Estado para que algu\u00e9m possa exercer algum tipo de atividade.\nLogo, trata-se de um meio de condicionar o exerc\u00edcio de atividades, o que\nconstitui o exerc\u00edcio do poder de pol\u00edcia.<\/p>\n\n\n\n<p>Gabarito preliminar: alternativa B.<\/p>\n\n\n\n<p>Quest\u00e3o 33<\/p>\n\n\n\n<p>A explora\u00e7\u00e3o de servi\u00e7os de radiodifus\u00e3o sonora bem como de\nsons e imagens pode ocorrer mediante:<\/p>\n\n\n\n<p>a) permiss\u00e3o, apenas<\/p>\n\n\n\n<p>b) concess\u00e3o, apenas<\/p>\n\n\n\n<p>c) autoriza\u00e7\u00e3o, permiss\u00e3o e concess\u00e3o<\/p>\n\n\n\n<p>d) autoriza\u00e7\u00e3o e concess\u00e3o, apenas<\/p>\n\n\n\n<p>e) autoriza\u00e7\u00e3o, apenas.<\/p>\n\n\n\n<p>Coment\u00e1rio: segundo a Constitui\u00e7\u00e3o Federal, compete a Uni\u00e3o\nexplorar, diretamente ou mediante <strong>autoriza\u00e7\u00e3o,\nconcess\u00e3o ou permiss\u00e3o<\/strong>, os servi\u00e7os de radiodifus\u00e3o sonora, e de sons e imagens\n(CF, art. 21, XII, \u201ca\u201d).<\/p>\n\n\n\n<p>Gabarito preliminar: alternativa C.<\/p>\n\n\n\n<p>Quest\u00e3o 34<\/p>\n\n\n\n<p>De acordo com a legisla\u00e7\u00e3o pertinente, se o objeto de um\ncontrato administrativo for a constru\u00e7\u00e3o de uma estrutura essencial para um\nevento internacional a ser sediado pelo pa\u00eds e, injustificadamente, o\ncontratado atrasar a execu\u00e7\u00e3o desse contrato, de modo que a conclus\u00e3o da obra\nn\u00e3o seja mais poss\u00edvel em tempo h\u00e1bil para o evento, poder\u00e1 a administra\u00e7\u00e3o\np\u00fablica:<\/p>\n\n\n\n<p>c) rescindir unilateralmente o contrato, com a possibilidade\nde aplica\u00e7\u00e3o de multa contratual.<\/p>\n\n\n\n<p>Coment\u00e1rio: segundo a Lei de Licita\u00e7\u00f5es e Contratos,\nconstitui hip\u00f3tese de rescis\u00e3o contratual: \u201ca lentid\u00e3o do seu cumprimento,\nlevando a Administra\u00e7\u00e3o a comprovar a impossibilidade da conclus\u00e3o da obra, do\nservi\u00e7o ou do fornecimento, nos prazos estipulados\u201d (art. 78, III). Com efeito,\nesta hip\u00f3tese pode justificar a rescis\u00e3o unilateral, nos termos do art. 79, I,\no que n\u00e3o impede a aplica\u00e7\u00e3o das san\u00e7\u00f5es cab\u00edveis, incluindo a multa, nos\ntermos do art. 86, \u00a7 1\u00ba.<\/p>\n\n\n\n<p>Gabarito preliminar: alternativa C.<\/p>\n\n\n\n<p>Quest\u00e3o 35<\/p>\n\n\n\n<p>Um estado da Federa\u00e7\u00e3o criou uma premia\u00e7\u00e3o como forma de\nreconhecimento pelos servi\u00e7os prestados por agentes p\u00fablicos de diversos \u00f3rg\u00e3os.\nAssim o estado contratou um artista pl\u00e1stico amplamente consagrado pela cr\u00edtica\nespecializada para elaborar os trof\u00e9us e as medalhas, hip\u00f3tese que configura:<\/p>\n\n\n\n<p>a) leil\u00e3o<\/p>\n\n\n\n<p>b) concorr\u00eancia<\/p>\n\n\n\n<p>c) &nbsp;tomada de pre\u00e7os<\/p>\n\n\n\n<p>d) inexigibilidade de licita\u00e7\u00e3o<\/p>\n\n\n\n<p>e) dispensa de licita\u00e7\u00e3o<\/p>\n\n\n\n<p><strong>Coment\u00e1rio<\/strong>: a contrata\u00e7\u00e3o\nde profissional de qualquer setor art\u00edstico, diretamente ou atrav\u00e9s de\nempres\u00e1rio exclusivo, desde que consagrado pela cr\u00edtica especializada ou pela\nopini\u00e3o p\u00fablica, constitui hip\u00f3tese de inexigibilidade de licita\u00e7\u00e3o, na forma\ndo art. 25, III, da Lei 8.666\/1993.<\/p>\n\n\n\n<p>Gabarito preliminar: alternativa D.<\/p>\n\n\n\n<p>Quest\u00e3o 36<\/p>\n\n\n\n<p>Se, na instala\u00e7\u00e3o de uma passagem de fios com a finalidade\nde distribui\u00e7\u00e3o de energia el\u00e9trica para a popula\u00e7\u00e3o local, apresentar-se como\numa necessidade p\u00fablica a utiliza\u00e7\u00e3o de parte de um terreno privado, caber\u00e1,\nsobre essa propriedade privada, a interven\u00e7\u00e3o estatal na modalidade:<\/p>\n\n\n\n<p>a) tombamento<\/p>\n\n\n\n<p>b) requisi\u00e7\u00e3o<\/p>\n\n\n\n<p>c) servid\u00e3o civil<\/p>\n\n\n\n<p>d) desapropria\u00e7\u00e3o<\/p>\n\n\n\n<p>e) servid\u00e3o administrativa<\/p>\n\n\n\n<p><strong>Coment\u00e1rio<\/strong>:\nsegundo Jos\u00e9 dos Santos Carvalho Filho, a servid\u00e3o administrativa \u201c\u00e9 o direito\nreal p\u00fablico que autoriza o poder p\u00fablico a usar propriedade im\u00f3vel para\npermitir a execu\u00e7\u00e3o de obras e servi\u00e7os de interesse coletivo\u201d. Portanto,\ntrata-se de servid\u00e3o administrativa.<\/p>\n\n\n\n<p>N\u00e3o \u00e9 desapropria\u00e7\u00e3o porque o poder p\u00fablico n\u00e3o precisa deter\na propriedade, mas apenas utilizar uma parte para a passagem dos fios.<\/p>\n\n\n\n<p>Gabarito preliminar: alternativa E.<\/p>\n\n\n\n<p>Quest\u00e3o 37<\/p>\n\n\n\n<p>Caso uma autoridade da administra\u00e7\u00e3o p\u00fablica, como forma de\npuni\u00e7\u00e3o, determine, de of\u00edcio, a remo\u00e7\u00e3o de um agente p\u00fablico com quem tenha\ntido desaven\u00e7as anteriormente, o ato administrativo em quest\u00e3o revelar\u00e1 v\u00edcio:<\/p>\n\n\n\n<p>a) na forma, sendo invi\u00e1vel a convalida\u00e7\u00e3o<\/p>\n\n\n\n<p>b) na finalidade, sendo invi\u00e1vel a convalida\u00e7\u00e3o<\/p>\n\n\n\n<p>c) na compet\u00eancia, sendo invi\u00e1vel a convalida\u00e7\u00e3o<\/p>\n\n\n\n<p>d) no motivo, sendo pass\u00edvel de convalida\u00e7\u00e3o<\/p>\n\n\n\n<p>e) na compet\u00eancia, sendo pass\u00edvel de convalida\u00e7\u00e3o.<\/p>\n\n\n\n<p>Coment\u00e1rio: o ato foi utilizado com uma finalidade distinta\ndo que previsto em lei, uma vez que a remo\u00e7\u00e3o n\u00e3o tem o fim de punir\nservidores, mas de readequar a quantidade de servidores nas unidades\nadministrativas. Logo, h\u00e1 desvio de finalidade. Ademais, tal v\u00edcio \u00e9 insan\u00e1vel,\nou seja, n\u00e3o pode ser convalidado.<\/p>\n\n\n\n<p>Gabarito preliminar: alternativa B.<\/p>\n\n\n\n<p>Quest\u00e3o 38<\/p>\n\n\n\n<p>Um terreno pertencente ao Estado e anteriormente sem\nutiliza\u00e7\u00e3o passou a ser usado por \u00f3rg\u00e3o p\u00fablico para o desempenho de\ndeterminadas tarefas. Trata-se de bem p\u00fablico que era de uso<\/p>\n\n\n\n<p>a) dominical e, ap\u00f3s afeta\u00e7\u00e3o, passou a ser bem de uso\nespecial.<\/p>\n\n\n\n<p>Coment\u00e1rio: enquanto n\u00e3o tinha finalidade p\u00fablica\nespec\u00edfica, era um bem dominical, que s\u00e3o aqueles bens que n\u00e3o possuem uma finalidade\np\u00fablica imediata. Por\u00e9m, a partir do momento em que passou a ter um fim p\u00fablico,\nsendo utilizado nas tarefas de um \u00f3rg\u00e3o, ele passou a ser um bem de uso\nespecial.<\/p>\n\n\n\n<p>Gabarito preliminar: alternativa A.<\/p>\n\n\n\n<p>Quest\u00e3o 39:<\/p>\n\n\n\n<p>No \u00e2mbito administrativo, conv\u00eanio caracteriza-se por ser<\/p>\n\n\n\n<p>a) uma coopera\u00e7\u00e3o, dada a coincid\u00eancia dos interesses dos envolvidos.<\/p>\n\n\n\n<p>Coment\u00e1rio: os conv\u00eanios se caracterizam pela exist\u00eancia de\num objetivo comum. Por isso, eles formam um meio de parceria de m\u00fatua\ncoopera\u00e7\u00e3o. <\/p>\n\n\n\n<p>Gabarito preliminar: alternativa A.<\/p>\n\n\n\n<p>Quest\u00e3o 40<\/p>\n\n\n\n<p>A entidade da administra\u00e7\u00e3o p\u00fablica indireta criada por meio\nde lei para desempenho de atividades espec\u00edficas, com personalidade jur\u00eddica\np\u00fablica e capacidade de autoadministra\u00e7\u00e3o \u00e9 a:<\/p>\n\n\n\n<p>b) autarquia<\/p>\n\n\n\n<p>Coment\u00e1rio: as autarquias s\u00e3o entidades administrativas de\ndireito p\u00fablico, com capacidade de autoadministra\u00e7\u00e3o espec\u00edfica, criadas por\nlei, para o desempenho de uma atividade espec\u00edfica (princ\u00edpio da especialidade).<\/p>\n\n\n\n<p>Gabarito preliminar: alternativa B.<\/p>\n\n\n\n<hr class=\"wp-block-separator\" \/>\n\n\n\n<p>\u00c9 isso a\u00ed, pessoal!<\/p>\n\n\n\n<p>Mais uma prova para a conta.<\/p>\n\n\n\n<p>N\u00e3o se esque\u00e7a de nos acompanhar nas redes sociais.<\/p>\n\n\n<p><\/p>\n<p><!--StartFragment--><\/p>\n\n\n<p><strong><a href=\"http:\/\/www.youtube.com\/profherbertalmeida\">www.youtube.com\/profherbertalmeida<\/a><\/strong><\/p>\n\n\n\n<p><strong><a href=\"http:\/\/www.instagram.com\/profherbertalmeida\">www.instagram.com\/profherbertalmeida<\/a><\/strong><\/p>\n\n\n\n<p>Se preferir, basta escanear a figura a seguir:<\/p>\n\n\n\n<div class=\"wp-block-image\"><figure class=\"aligncenter is-resized\"><img loading=\"lazy\" decoding=\"async\" src=\"https:\/\/dhg1h5j42swfq.cloudfront.net\/2019\/01\/27145636\/tag-instagram-profherbertalmeida-e1548611815984.jpeg\" alt=\"\" class=\"wp-image-162378\" width=\"305\" height=\"316\" \/><\/figure><\/div>\n\n\n<p><!--EndFragment--><br \/>\n<br \/>\n<\/p>","protected":false},"excerpt":{"rendered":"<p>Ol\u00e1 pessoal! Aqui \u00e9 o Herbert Almeida. Neste artigo, vou comentar a prova de Direito Administrativo do concurso da SEFAZ RS (ou ICMS RS) aplicada pela manh\u00e3, pelo Cespe UNB. A prova estava bem mais tranquila do que imaginamos. Estes coment\u00e1rios s\u00e3o preliminares, por isso algumas quest\u00e3o n\u00e3o est\u00e3o com todas as alternativas digitadas. Ao [&hellip;]<\/p>\n","protected":false},"author":129,"featured_media":0,"comment_status":"open","ping_status":"closed","sticky":false,"template":"","format":"standard","meta":{"post_tipo":"article","footnotes":""},"categories":[1],"tags":[],"tax_estado":[],"class_list":["post-163823","post","type-post","status-publish","format-standard","hentry","category-cursos-e-concursos"],"acf":[],"yoast_head":"<!-- This site is optimized with the Yoast SEO Premium plugin v27.2 (Yoast SEO v27.2) - https:\/\/yoast.com\/product\/yoast-seo-premium-wordpress\/ -->\n<title>Gabarito ICMS RS Direito Administrativo<\/title>\n<meta name=\"description\" content=\"Coment\u00e1rio e gabarito preliminar da prova a SEFAZ RS (ICMS RS) de Direito Administrativo, aplicada pelo Cespe\/UBS, com o coment\u00e1rio de todas as alternativas\" \/>\n<meta name=\"robots\" content=\"index, follow, max-snippet:-1, max-image-preview:large, max-video-preview:-1\" \/>\n<link rel=\"canonical\" href=\"https:\/\/www.estrategiaconcursos.com.br\/blog\/gabarito-icms-rs-direito-administrativo\/\" \/>\n<meta property=\"og:locale\" content=\"pt_BR\" \/>\n<meta property=\"og:type\" content=\"article\" \/>\n<meta property=\"og:title\" content=\"Gabarito ICMS RS Direito Administrativo\" \/>\n<meta property=\"og:description\" content=\"Coment\u00e1rio e gabarito preliminar da prova a SEFAZ RS (ICMS RS) de Direito Administrativo, aplicada pelo Cespe\/UBS, com o coment\u00e1rio de todas as alternativas\" \/>\n<meta property=\"og:url\" content=\"https:\/\/www.estrategiaconcursos.com.br\/blog\/gabarito-icms-rs-direito-administrativo\/\" \/>\n<meta property=\"og:site_name\" content=\"Estrat\u00e9gia Concursos\" \/>\n<meta property=\"article:published_time\" content=\"2019-02-03T16:40:42+00:00\" \/>\n<meta property=\"article:modified_time\" content=\"2019-04-16T00:25:37+00:00\" \/>\n<meta property=\"og:image\" content=\"https:\/\/www.estrategiaconcursos.com.br\/blog\/wp-content\/uploads\/2019\/01\/tag-instagram-profherbertalmeida-e1548611815984.jpeg\" \/>\n<meta name=\"author\" content=\"Herbert Almeida\" \/>\n<meta name=\"twitter:card\" content=\"summary_large_image\" \/>\n<meta name=\"twitter:creator\" content=\"@EstratConcursos\" \/>\n<meta name=\"twitter:site\" content=\"@EstratConcursos\" \/>\n<meta name=\"twitter:label1\" content=\"Escrito por\" \/>\n\t<meta name=\"twitter:data1\" content=\"Herbert Almeida\" \/>\n\t<meta name=\"twitter:label2\" content=\"Est. tempo de leitura\" \/>\n\t<meta name=\"twitter:data2\" content=\"6 minutos\" \/>\n<script type=\"application\/ld+json\" class=\"yoast-schema-graph\">{\"@context\":\"https:\/\/schema.org\",\"@graph\":[{\"@type\":\"NewsArticle\",\"@id\":\"https:\/\/www.estrategiaconcursos.com.br\/blog\/gabarito-icms-rs-direito-administrativo\/#article\",\"isPartOf\":{\"@id\":\"https:\/\/www.estrategiaconcursos.com.br\/blog\/gabarito-icms-rs-direito-administrativo\/\"},\"author\":{\"name\":\"Herbert Almeida\",\"@id\":\"https:\/\/www.estrategiaconcursos.com.br\/blog\/#\/schema\/person\/59717c75350fa01aa0fd68a52a8d02e0\"},\"headline\":\"Gabarito ICMS RS Direito Administrativo\",\"datePublished\":\"2019-02-03T16:40:42+00:00\",\"dateModified\":\"2019-04-16T00:25:37+00:00\",\"mainEntityOfPage\":{\"@id\":\"https:\/\/www.estrategiaconcursos.com.br\/blog\/gabarito-icms-rs-direito-administrativo\/\"},\"wordCount\":1268,\"commentCount\":3,\"publisher\":{\"@id\":\"https:\/\/www.estrategiaconcursos.com.br\/blog\/#organization\"},\"image\":{\"@id\":\"https:\/\/www.estrategiaconcursos.com.br\/blog\/gabarito-icms-rs-direito-administrativo\/#primaryimage\"},\"thumbnailUrl\":\"https:\/\/www.estrategiaconcursos.com.br\/blog\/wp-content\/uploads\/2019\/01\/tag-instagram-profherbertalmeida-e1548611815984.jpeg\",\"articleSection\":[\"Concursos P\u00fablicos\"],\"inLanguage\":\"pt-BR\",\"potentialAction\":[{\"@type\":\"CommentAction\",\"name\":\"Comment\",\"target\":[\"https:\/\/www.estrategiaconcursos.com.br\/blog\/gabarito-icms-rs-direito-administrativo\/#respond\"]}],\"copyrightYear\":\"2019\",\"copyrightHolder\":{\"@id\":\"https:\/\/www.estrategiaconcursos.com.br\/blog\/#organization\"}},{\"@type\":\"WebPage\",\"@id\":\"https:\/\/www.estrategiaconcursos.com.br\/blog\/gabarito-icms-rs-direito-administrativo\/\",\"url\":\"https:\/\/www.estrategiaconcursos.com.br\/blog\/gabarito-icms-rs-direito-administrativo\/\",\"name\":\"Gabarito ICMS RS Direito Administrativo\",\"isPartOf\":{\"@id\":\"https:\/\/www.estrategiaconcursos.com.br\/blog\/#website\"},\"primaryImageOfPage\":{\"@id\":\"https:\/\/www.estrategiaconcursos.com.br\/blog\/gabarito-icms-rs-direito-administrativo\/#primaryimage\"},\"image\":{\"@id\":\"https:\/\/www.estrategiaconcursos.com.br\/blog\/gabarito-icms-rs-direito-administrativo\/#primaryimage\"},\"thumbnailUrl\":\"https:\/\/www.estrategiaconcursos.com.br\/blog\/wp-content\/uploads\/2019\/01\/tag-instagram-profherbertalmeida-e1548611815984.jpeg\",\"datePublished\":\"2019-02-03T16:40:42+00:00\",\"dateModified\":\"2019-04-16T00:25:37+00:00\",\"description\":\"Coment\u00e1rio e gabarito preliminar da prova a SEFAZ RS (ICMS RS) de Direito Administrativo, aplicada pelo Cespe\/UBS, com o coment\u00e1rio de todas as alternativas\",\"breadcrumb\":{\"@id\":\"https:\/\/www.estrategiaconcursos.com.br\/blog\/gabarito-icms-rs-direito-administrativo\/#breadcrumb\"},\"inLanguage\":\"pt-BR\",\"potentialAction\":[{\"@type\":\"ReadAction\",\"target\":[\"https:\/\/www.estrategiaconcursos.com.br\/blog\/gabarito-icms-rs-direito-administrativo\/\"]}]},{\"@type\":\"ImageObject\",\"inLanguage\":\"pt-BR\",\"@id\":\"https:\/\/www.estrategiaconcursos.com.br\/blog\/gabarito-icms-rs-direito-administrativo\/#primaryimage\",\"url\":\"https:\/\/dhg1h5j42swfq.cloudfront.net\/2019\/01\/27145636\/tag-instagram-profherbertalmeida-e1548611815984.jpeg\",\"contentUrl\":\"https:\/\/dhg1h5j42swfq.cloudfront.net\/2019\/01\/27145636\/tag-instagram-profherbertalmeida-e1548611815984.jpeg\",\"width\":350,\"height\":364},{\"@type\":\"BreadcrumbList\",\"@id\":\"https:\/\/www.estrategiaconcursos.com.br\/blog\/gabarito-icms-rs-direito-administrativo\/#breadcrumb\",\"itemListElement\":[{\"@type\":\"ListItem\",\"position\":1,\"name\":\"In\u00edcio\",\"item\":\"https:\/\/www.estrategiaconcursos.com.br\/blog\/\"},{\"@type\":\"ListItem\",\"position\":2,\"name\":\"Gabarito ICMS RS Direito Administrativo\"}]},{\"@type\":\"WebSite\",\"@id\":\"https:\/\/www.estrategiaconcursos.com.br\/blog\/#website\",\"url\":\"https:\/\/www.estrategiaconcursos.com.br\/blog\/\",\"name\":\"Estrat\u00e9gia Concursos\",\"description\":\"O blog da Estrat\u00e9gia Concursos traz not\u00edcias sobre concursos e artigos de professores oferecendo cursos para concursos (pdf + videaulas) no site.\",\"publisher\":{\"@id\":\"https:\/\/www.estrategiaconcursos.com.br\/blog\/#organization\"},\"potentialAction\":[{\"@type\":\"SearchAction\",\"target\":{\"@type\":\"EntryPoint\",\"urlTemplate\":\"https:\/\/www.estrategiaconcursos.com.br\/blog\/?s={search_term_string}\"},\"query-input\":{\"@type\":\"PropertyValueSpecification\",\"valueRequired\":true,\"valueName\":\"search_term_string\"}}],\"inLanguage\":\"pt-BR\"},{\"@type\":\"Organization\",\"@id\":\"https:\/\/www.estrategiaconcursos.com.br\/blog\/#organization\",\"name\":\"Estrat\u00e9gia Concursos\",\"url\":\"https:\/\/www.estrategiaconcursos.com.br\/blog\/\",\"logo\":{\"@type\":\"ImageObject\",\"inLanguage\":\"pt-BR\",\"@id\":\"https:\/\/www.estrategiaconcursos.com.br\/blog\/#\/schema\/logo\/image\/\",\"url\":\"https:\/\/dhg1h5j42swfq.cloudfront.net\/2025\/06\/03203428\/logo_concursos-1.jpg\",\"contentUrl\":\"https:\/\/dhg1h5j42swfq.cloudfront.net\/2025\/06\/03203428\/logo_concursos-1.jpg\",\"width\":230,\"height\":60,\"caption\":\"Estrat\u00e9gia Concursos\"},\"image\":{\"@id\":\"https:\/\/www.estrategiaconcursos.com.br\/blog\/#\/schema\/logo\/image\/\"},\"sameAs\":[\"https:\/\/x.com\/EstratConcursos\"]},{\"@type\":\"Person\",\"@id\":\"https:\/\/www.estrategiaconcursos.com.br\/blog\/#\/schema\/person\/59717c75350fa01aa0fd68a52a8d02e0\",\"name\":\"Herbert Almeida\",\"image\":{\"@type\":\"ImageObject\",\"inLanguage\":\"pt-BR\",\"@id\":\"https:\/\/secure.gravatar.com\/avatar\/b6461a43893c24d5fc91efc433971ffec025c84c0341129f4578034d77f9a536?s=96&d=mm&r=g\",\"url\":\"https:\/\/secure.gravatar.com\/avatar\/b6461a43893c24d5fc91efc433971ffec025c84c0341129f4578034d77f9a536?s=96&d=mm&r=g\",\"contentUrl\":\"https:\/\/secure.gravatar.com\/avatar\/b6461a43893c24d5fc91efc433971ffec025c84c0341129f4578034d77f9a536?s=96&d=mm&r=g\",\"caption\":\"Herbert Almeida\"},\"url\":\"https:\/\/www.estrategiaconcursos.com.br\/blog\/author\/herbertestrategiaconcursos-com-br\/\"}]}<\/script>\n<!-- \/ Yoast SEO Premium plugin. -->","yoast_head_json":{"title":"Gabarito ICMS RS Direito Administrativo","description":"Coment\u00e1rio e gabarito preliminar da prova a SEFAZ RS (ICMS RS) de Direito Administrativo, aplicada pelo Cespe\/UBS, com o coment\u00e1rio de todas as alternativas","robots":{"index":"index","follow":"follow","max-snippet":"max-snippet:-1","max-image-preview":"max-image-preview:large","max-video-preview":"max-video-preview:-1"},"canonical":"https:\/\/www.estrategiaconcursos.com.br\/blog\/gabarito-icms-rs-direito-administrativo\/","og_locale":"pt_BR","og_type":"article","og_title":"Gabarito ICMS RS Direito Administrativo","og_description":"Coment\u00e1rio e gabarito preliminar da prova a SEFAZ RS (ICMS RS) de Direito Administrativo, aplicada pelo Cespe\/UBS, com o coment\u00e1rio de todas as alternativas","og_url":"https:\/\/www.estrategiaconcursos.com.br\/blog\/gabarito-icms-rs-direito-administrativo\/","og_site_name":"Estrat\u00e9gia Concursos","article_published_time":"2019-02-03T16:40:42+00:00","article_modified_time":"2019-04-16T00:25:37+00:00","og_image":[{"url":"https:\/\/www.estrategiaconcursos.com.br\/blog\/wp-content\/uploads\/2019\/01\/tag-instagram-profherbertalmeida-e1548611815984.jpeg","type":"","width":"","height":""}],"author":"Herbert Almeida","twitter_card":"summary_large_image","twitter_creator":"@EstratConcursos","twitter_site":"@EstratConcursos","twitter_misc":{"Escrito por":"Herbert Almeida","Est. tempo de leitura":"6 minutos"},"schema":{"@context":"https:\/\/schema.org","@graph":[{"@type":"NewsArticle","@id":"https:\/\/www.estrategiaconcursos.com.br\/blog\/gabarito-icms-rs-direito-administrativo\/#article","isPartOf":{"@id":"https:\/\/www.estrategiaconcursos.com.br\/blog\/gabarito-icms-rs-direito-administrativo\/"},"author":{"name":"Herbert Almeida","@id":"https:\/\/www.estrategiaconcursos.com.br\/blog\/#\/schema\/person\/59717c75350fa01aa0fd68a52a8d02e0"},"headline":"Gabarito ICMS RS Direito Administrativo","datePublished":"2019-02-03T16:40:42+00:00","dateModified":"2019-04-16T00:25:37+00:00","mainEntityOfPage":{"@id":"https:\/\/www.estrategiaconcursos.com.br\/blog\/gabarito-icms-rs-direito-administrativo\/"},"wordCount":1268,"commentCount":3,"publisher":{"@id":"https:\/\/www.estrategiaconcursos.com.br\/blog\/#organization"},"image":{"@id":"https:\/\/www.estrategiaconcursos.com.br\/blog\/gabarito-icms-rs-direito-administrativo\/#primaryimage"},"thumbnailUrl":"https:\/\/www.estrategiaconcursos.com.br\/blog\/wp-content\/uploads\/2019\/01\/tag-instagram-profherbertalmeida-e1548611815984.jpeg","articleSection":["Concursos P\u00fablicos"],"inLanguage":"pt-BR","potentialAction":[{"@type":"CommentAction","name":"Comment","target":["https:\/\/www.estrategiaconcursos.com.br\/blog\/gabarito-icms-rs-direito-administrativo\/#respond"]}],"copyrightYear":"2019","copyrightHolder":{"@id":"https:\/\/www.estrategiaconcursos.com.br\/blog\/#organization"}},{"@type":"WebPage","@id":"https:\/\/www.estrategiaconcursos.com.br\/blog\/gabarito-icms-rs-direito-administrativo\/","url":"https:\/\/www.estrategiaconcursos.com.br\/blog\/gabarito-icms-rs-direito-administrativo\/","name":"Gabarito ICMS RS Direito Administrativo","isPartOf":{"@id":"https:\/\/www.estrategiaconcursos.com.br\/blog\/#website"},"primaryImageOfPage":{"@id":"https:\/\/www.estrategiaconcursos.com.br\/blog\/gabarito-icms-rs-direito-administrativo\/#primaryimage"},"image":{"@id":"https:\/\/www.estrategiaconcursos.com.br\/blog\/gabarito-icms-rs-direito-administrativo\/#primaryimage"},"thumbnailUrl":"https:\/\/www.estrategiaconcursos.com.br\/blog\/wp-content\/uploads\/2019\/01\/tag-instagram-profherbertalmeida-e1548611815984.jpeg","datePublished":"2019-02-03T16:40:42+00:00","dateModified":"2019-04-16T00:25:37+00:00","description":"Coment\u00e1rio e gabarito preliminar da prova a SEFAZ RS (ICMS RS) de Direito Administrativo, aplicada pelo Cespe\/UBS, com o coment\u00e1rio de todas as alternativas","breadcrumb":{"@id":"https:\/\/www.estrategiaconcursos.com.br\/blog\/gabarito-icms-rs-direito-administrativo\/#breadcrumb"},"inLanguage":"pt-BR","potentialAction":[{"@type":"ReadAction","target":["https:\/\/www.estrategiaconcursos.com.br\/blog\/gabarito-icms-rs-direito-administrativo\/"]}]},{"@type":"ImageObject","inLanguage":"pt-BR","@id":"https:\/\/www.estrategiaconcursos.com.br\/blog\/gabarito-icms-rs-direito-administrativo\/#primaryimage","url":"https:\/\/dhg1h5j42swfq.cloudfront.net\/2019\/01\/27145636\/tag-instagram-profherbertalmeida-e1548611815984.jpeg","contentUrl":"https:\/\/dhg1h5j42swfq.cloudfront.net\/2019\/01\/27145636\/tag-instagram-profherbertalmeida-e1548611815984.jpeg","width":350,"height":364},{"@type":"BreadcrumbList","@id":"https:\/\/www.estrategiaconcursos.com.br\/blog\/gabarito-icms-rs-direito-administrativo\/#breadcrumb","itemListElement":[{"@type":"ListItem","position":1,"name":"In\u00edcio","item":"https:\/\/www.estrategiaconcursos.com.br\/blog\/"},{"@type":"ListItem","position":2,"name":"Gabarito ICMS RS Direito Administrativo"}]},{"@type":"WebSite","@id":"https:\/\/www.estrategiaconcursos.com.br\/blog\/#website","url":"https:\/\/www.estrategiaconcursos.com.br\/blog\/","name":"Estrat\u00e9gia Concursos","description":"O blog da Estrat\u00e9gia Concursos traz not\u00edcias sobre concursos e artigos de professores oferecendo cursos para concursos (pdf + videaulas) no site.","publisher":{"@id":"https:\/\/www.estrategiaconcursos.com.br\/blog\/#organization"},"potentialAction":[{"@type":"SearchAction","target":{"@type":"EntryPoint","urlTemplate":"https:\/\/www.estrategiaconcursos.com.br\/blog\/?s={search_term_string}"},"query-input":{"@type":"PropertyValueSpecification","valueRequired":true,"valueName":"search_term_string"}}],"inLanguage":"pt-BR"},{"@type":"Organization","@id":"https:\/\/www.estrategiaconcursos.com.br\/blog\/#organization","name":"Estrat\u00e9gia Concursos","url":"https:\/\/www.estrategiaconcursos.com.br\/blog\/","logo":{"@type":"ImageObject","inLanguage":"pt-BR","@id":"https:\/\/www.estrategiaconcursos.com.br\/blog\/#\/schema\/logo\/image\/","url":"https:\/\/dhg1h5j42swfq.cloudfront.net\/2025\/06\/03203428\/logo_concursos-1.jpg","contentUrl":"https:\/\/dhg1h5j42swfq.cloudfront.net\/2025\/06\/03203428\/logo_concursos-1.jpg","width":230,"height":60,"caption":"Estrat\u00e9gia Concursos"},"image":{"@id":"https:\/\/www.estrategiaconcursos.com.br\/blog\/#\/schema\/logo\/image\/"},"sameAs":["https:\/\/x.com\/EstratConcursos"]},{"@type":"Person","@id":"https:\/\/www.estrategiaconcursos.com.br\/blog\/#\/schema\/person\/59717c75350fa01aa0fd68a52a8d02e0","name":"Herbert Almeida","image":{"@type":"ImageObject","inLanguage":"pt-BR","@id":"https:\/\/secure.gravatar.com\/avatar\/b6461a43893c24d5fc91efc433971ffec025c84c0341129f4578034d77f9a536?s=96&d=mm&r=g","url":"https:\/\/secure.gravatar.com\/avatar\/b6461a43893c24d5fc91efc433971ffec025c84c0341129f4578034d77f9a536?s=96&d=mm&r=g","contentUrl":"https:\/\/secure.gravatar.com\/avatar\/b6461a43893c24d5fc91efc433971ffec025c84c0341129f4578034d77f9a536?s=96&d=mm&r=g","caption":"Herbert Almeida"},"url":"https:\/\/www.estrategiaconcursos.com.br\/blog\/author\/herbertestrategiaconcursos-com-br\/"}]}},"_links":{"self":[{"href":"https:\/\/www.estrategiaconcursos.com.br\/blog\/wp-json\/wp\/v2\/posts\/163823","targetHints":{"allow":["GET"]}}],"collection":[{"href":"https:\/\/www.estrategiaconcursos.com.br\/blog\/wp-json\/wp\/v2\/posts"}],"about":[{"href":"https:\/\/www.estrategiaconcursos.com.br\/blog\/wp-json\/wp\/v2\/types\/post"}],"author":[{"embeddable":true,"href":"https:\/\/www.estrategiaconcursos.com.br\/blog\/wp-json\/wp\/v2\/users\/129"}],"replies":[{"embeddable":true,"href":"https:\/\/www.estrategiaconcursos.com.br\/blog\/wp-json\/wp\/v2\/comments?post=163823"}],"version-history":[{"count":2,"href":"https:\/\/www.estrategiaconcursos.com.br\/blog\/wp-json\/wp\/v2\/posts\/163823\/revisions"}],"predecessor-version":[{"id":163830,"href":"https:\/\/www.estrategiaconcursos.com.br\/blog\/wp-json\/wp\/v2\/posts\/163823\/revisions\/163830"}],"wp:attachment":[{"href":"https:\/\/www.estrategiaconcursos.com.br\/blog\/wp-json\/wp\/v2\/media?parent=163823"}],"wp:term":[{"taxonomy":"category","embeddable":true,"href":"https:\/\/www.estrategiaconcursos.com.br\/blog\/wp-json\/wp\/v2\/categories?post=163823"},{"taxonomy":"post_tag","embeddable":true,"href":"https:\/\/www.estrategiaconcursos.com.br\/blog\/wp-json\/wp\/v2\/tags?post=163823"},{"taxonomy":"tax_estado","embeddable":true,"href":"https:\/\/www.estrategiaconcursos.com.br\/blog\/wp-json\/wp\/v2\/tax_estado?post=163823"}],"curies":[{"name":"wp","href":"https:\/\/api.w.org\/{rel}","templated":true}]}}