{"id":163594,"date":"2019-02-04T04:47:07","date_gmt":"2019-02-04T07:47:07","guid":{"rendered":"https:\/\/www.estrategiaconcursos.com.br\/blog\/?p=163594"},"modified":"2019-09-17T11:37:24","modified_gmt":"2019-09-17T14:37:24","slug":"edital-prefeitura-de-curitiba","status":"publish","type":"post","link":"https:\/\/www.estrategiaconcursos.com.br\/blog\/edital-prefeitura-de-curitiba\/","title":{"rendered":"Edital Prefeitura de Curitiba: edital com 62 vagas para m\u00e9dio, t\u00e9cnico e superior"},"content":{"rendered":"\n<p>A Prefeitura de Curitiba divulgou na sexta-feira, 1\u00ba de fevereiro, os <strong>quatro\u00a0primeiros\u00a0editais<\/strong> de seu novo concurso p\u00fablico. O edital Prefeitura de Curitiba contempla <strong>62\u00a0<\/strong>vagas para cargos de N\u00edvel Superior, M\u00e9dio e M\u00e9dio\/T\u00e9cnico.<\/p>\n\n\n\n<p>Os interessados poder\u00e3o se inscrever entre os dias <strong>19 de fevereiro<\/strong> e <strong>21&nbsp;de&nbsp;mar\u00e7o<\/strong>, exclusivamente pela internet, no portal da <strong>UFPR<\/strong>, banca organizadora do certame.<\/p>\n\n\n\n<p>O valor da taxa de inscri\u00e7\u00e3o foi fixado em, <strong>R$&nbsp;70,00<\/strong> para o cargo de Fiscal (N\u00edvel M\u00e9dio), <strong>R$&nbsp;90,00<\/strong> para cargos de N\u00edvel M\u00e9dio\/T\u00e9cnico e <strong>R$&nbsp;100,00<\/strong> para cargos de N\u00edvel Superior. O boleto poder\u00e1 ser pago at\u00e9 o dia 22&nbsp;de&nbsp;mar\u00e7o.<\/p>\n\n\n\n<p>As provas objetivas do concurso est\u00e3o previstas para acontecerem no dia <strong>28 de abril&nbsp;de&nbsp;2019<\/strong>, \u00e0s 9h na cidade de Curitiba (PR). Ao longo deste artigo voc\u00ea confere mais informa\u00e7\u00f5es para iniciar sua prepara\u00e7\u00e3o antes da prova!<\/p>\n\n\n\n<div class=\"wp-block-image\"><figure class=\"aligncenter is-resized\"><img loading=\"lazy\" decoding=\"async\" src=\"https:\/\/dhg1h5j42swfq.cloudfront.net\/2018\/06\/20192923\/saiu-edital--e1530278784619.jpg\" alt=\"edital prefeitura de curitiba\" class=\"wp-image-127705\" width=\"465\" height=\"242\"\/><\/figure><\/div>\n\n\n\n<p style=\"font-size:31px\" class=\"has-background has-very-light-gray-background-color\"><strong>Principais datas<\/strong><\/p>\n\n\n\n<p class=\"has-background has-very-light-gray-background-color\"><strong>Inscri\u00e7\u00f5es<\/strong>: 19\/02 a 21\/03<br \/><strong>Pagamento&nbsp;da&nbsp;inscri\u00e7\u00e3o<\/strong>: at\u00e9 22\/03<br \/><strong>Prova&nbsp;objetiva<\/strong>: 28\/04 (in\u00edcio \u00e0s 9h)<\/p>\n\n\n\n<h2 class=\"wp-block-heading\">Quadro de vagas do edital Prefeitura de Curitiba<\/h2>\n\n\n\n<p>O certame oferta <strong>62<\/strong> <strong>vagas&nbsp;<\/strong>. Confira abaixo a distribui\u00e7\u00e3o das vagas:<\/p>\n\n\n\n<p><strong>N\u00cdVEL&nbsp;SUPERIOR:<\/strong><\/p>\n\n\n\n<ul class=\"wp-block-list\"><li>Analista de Desenvolvimento Organizacional (6) &#8211; R$ 3.859,64<\/li><li>Engenheiro Agr\u00f4nomo (1) &#8211; R$ 7.169,39<\/li><li>Engenheiro Ambiental (1) &#8211; R$ 7.169,39 <\/li><li>Engenheiro de Seguran\u00e7a do Trabalho (1) &#8211; R$ 7.169,39<\/li><li>Engenheiro Florestal (1) &#8211; R$ 7.169,39  <\/li><li>Engenheiro Qu\u00edmico (1) &#8211; R$ 7.169,39   <\/li><li>M\u00e9dico Veterin\u00e1rio (1) &#8211; R$ 3.866,64<\/li><li>Nutricionista (5) &#8211; R$ 3.866,64 <\/li><li>Profissional do Magist\u00e9rio-Doc\u00eancia II (13) &#8211; R$ 1.975,69 <\/li><li>Zootecnista (1) &#8211; R$ 3.866,64 <\/li><\/ul>\n\n\n\n<p><strong>N\u00cdVEL&nbsp;M\u00c9DIO<\/strong><\/p>\n\n\n\n<ul class=\"wp-block-list\"><li>Fiscal (20) &#8211;  R$ 2.232,20 <\/li><\/ul>\n\n\n\n<p><strong>N\u00cdVEL&nbsp;M\u00c9DIO\/T\u00c9CNICO<\/strong><\/p>\n\n\n\n<ul class=\"wp-block-list\"><li>T\u00e9cnico Agr\u00edcola (2) &#8211; R$ 1.960,92<\/li><li>Fiscal de Obras e Posturas (9) &#8211; R$ 3.258,64<\/li><\/ul>\n\n\n\n<h2 class=\"wp-block-heading\">Etapas do concurso Prefeitura de Curitiba<\/h2>\n\n\n\n<p><em><strong>Para os cargos de N\u00edvel M\u00e9dio e M\u00e9dio\/T\u00e9cnico:<\/strong><\/em><br \/>1\u00aa Etapa: Prova de conhecimentos com 40 quest\u00f5es<br \/>2\u00aa Etapa: Avalia\u00e7\u00e3o Psicol\u00f3gica<\/p>\n\n\n\n<p><em><strong>Para os cargos de N\u00edvel Superior:<\/strong><\/em><br \/>1\u00aa Etapa: Prova de conhecimentos com 40 quest\u00f5es<br \/>2\u00aa Etapa: Prova de T\u00edtulos<br \/>3\u00aa Etapa: Avalia\u00e7\u00e3o Psicol\u00f3gica<\/p>\n\n\n\n<p><em><strong>Para o cargo de Profissional&nbsp;do&nbsp;Magist\u00e9rio II:<\/strong><\/em><br \/>1\u00aa Etapa: Prova de conhecimentos com 40 quest\u00f5es<br \/>2\u00aa Etapa: Prova de Desenvolvimento Did\u00e1tico<br \/>3\u00aa Etapa: Prova de T\u00edtulos<br \/>4\u00aa Etapa: Avalia\u00e7\u00e3o Psicol\u00f3gica<\/p>\n\n\n\n<h2 class=\"wp-block-heading\">Provas<\/h2>\n\n\n\n<p>A prova objetiva do concurso ser\u00e1 composta, para todos os cargos, por <strong>40&nbsp;quest\u00f5es<\/strong> com cinco alternativas, com dura\u00e7\u00e3o total de <strong>4&nbsp;horas<\/strong>. Confira abaixo como ser\u00e3o as provas para cada cargo:<\/p>\n\n\n\n<p><em><strong>Fiscal: <\/strong><\/em><br \/>L\u00edngua Portuguesa &#8211; 15 quest\u00f5es<br \/>Racioc\u00ednio L\u00f3gico  &#8211; 10 quest\u00f5es <br \/>Legisla\u00e7\u00e3o &#8211; 5 quest\u00f5es<br \/>Inform\u00e1tica  &#8211; 10 quest\u00f5es<\/p>\n\n\n\n<p><strong><em>Cargos de n\u00edvel m\u00e9dio\/t\u00e9cnico: <\/em><\/strong><br \/>L\u00edngua Portuguesa &#8211; 15 quest\u00f5es<br \/>Racioc\u00ednio L\u00f3gico &#8211; 10 quest\u00f5es <br \/>Legisla\u00e7\u00e3o &#8211; 5 quest\u00f5es<br \/>Conhecimentos Espec\u00edficos &#8211; 10 quest\u00f5es<\/p>\n\n\n\n<p><strong><em>Cargos de n\u00edvel superior (exceto Profissional do Magist\u00e9rio<\/em><\/strong><strong><em>):<\/em><\/strong><br \/>L\u00edngua Portuguesa &#8211; 15 quest\u00f5es<br \/>Conhecimentos Espec\u00edficos &#8211; 25 quest\u00f5es  <br \/><\/p>\n\n\n\n<p><strong><em>Profissional do Magist\u00e9rio:<\/em><\/strong><br \/>L\u00edngua Portuguesa &#8211; 15 quest\u00f5es<br \/>Legisla\u00e7\u00e3o &#8211; 5 quest\u00f5es<br \/>Conhecimentos Espec\u00edficos &#8211; 20 quest\u00f5es  <\/p>\n\n\n\n<h2 class=\"wp-block-heading\">Prova de T\u00edtulos para cargos de n\u00edvel superior<\/h2>\n\n\n\n<p>Participar\u00e3o desta etapa os candidatos com as melhores notas na Prova Objetiva, incluindo aqueles empatados na \u00faltima coloca\u00e7\u00e3o v\u00e1lida, sendo a convoca\u00e7\u00e3o nominal divulgada a partir do dia 17 de maio. Ser\u00e3o considerados, para todos os cargos, para a Prova de T\u00edtulos os seguintes documentos:<\/p>\n\n\n\n<figure class=\"wp-block-image\"><img loading=\"lazy\" decoding=\"async\" width=\"749\" height=\"295\" src=\"https:\/\/dhg1h5j42swfq.cloudfront.net\/2019\/02\/02074655\/titulos-min.jpg\" alt=\"\" class=\"wp-image-163699\" srcset=\"https:\/\/dhg1h5j42swfq.cloudfront.net\/2019\/02\/02074655\/titulos-min.jpg 749w, https:\/\/dhg1h5j42swfq.cloudfront.net\/2019\/02\/02074655\/titulos-min.jpg 300w\" sizes=\"auto, (max-width: 749px) 100vw, 749px\" \/><\/figure>\n\n\n\n<h2 class=\"wp-block-heading\">Prova de Desenvolvimento Did\u00e1tico (Magist\u00e9rio)<\/h2>\n\n\n\n<p>A Prova de Desenvolvimento Did\u00e1tico consistir\u00e1 de aula pr\u00e1tica, com dura\u00e7\u00e3o m\u00e1xima de 15 minutos, mais 05 minutos de avalia\u00e7\u00e3o, totalizando 20 minutos, a ser realizada do dia 31 de maio at\u00e9 o dia 02 de junho, nos turnos da manh\u00e3, tarde e noite. <\/p>\n\n\n\n<p>Dever\u00e3o ser apresentadas duas c\u00f3pias do Plano de Aula com igual teor, datadas e assinadas pelo candidato que ir\u00e1 desenvolver a aula pr\u00e1tica. A aus\u00eancia de apresenta\u00e7\u00e3o do Plano de Aula, implicar\u00e1 no impedimento de realizar a aula ou atividade e na desclassifica\u00e7\u00e3o do candidato no Concurso P\u00fablico. <\/p>\n\n\n\n<p style=\"font-size:24px;text-align:center\" class=\"has-background has-very-light-gray-background-color\"><strong>Para uma prepara\u00e7\u00e3o direcionada e antecipada conhe\u00e7a nossos<\/strong>&nbsp;<strong>cursos para a&nbsp;Prefeitura&nbsp;de&nbsp;Curitiba<\/strong><\/p>\n\n\n\n<p style=\"font-size:25px;text-align:center\" class=\"has-background has-very-light-gray-background-color\"><strong><em><a rel=\"noreferrer noopener\" aria-label=\"Cursos para o Concurso&nbsp;Prefeitura&nbsp;de&nbsp;Curitiba (opens in a new tab)\" href=\"https:\/\/www.estrategiaconcursos.com.br\/cursos\/concurso\/\" target=\"_blank\">Cursos para o Concurso&nbsp;Prefeitura&nbsp;Curitiba<\/a><\/em><\/strong><\/p>\n\n\n\n<p style=\"font-size:25px;text-align:center\"><em><strong>Assinatura Anual Ilimitada*<\/strong><\/em><\/p>\n\n\n\n<p style=\"text-align:center\" class=\"has-medium-font-size\"><em>Prepare-se com o melhor material e com quem mais aprova em&nbsp;Concursos P\u00fablicos de todo o pa\u00eds. Assine agora a nossa Assinatura Anual e tenha acesso ilimitado* a todos os nossos cursos.<\/em><\/p>\n\n\n\n<div class=\"wp-block-image\"><figure class=\"aligncenter\"><a href=\"https:\/\/www.estrategiaconcursos.com.br\/assinaturas\"><img loading=\"lazy\" decoding=\"async\" width=\"1280\" height=\"320\" src=\"https:\/\/dhg1h5j42swfq.cloudfront.net\/2018\/08\/05100712\/WhatsApp-Image-2019-01-05-at-10.56.40.jpeg\" alt=\"\" class=\"wp-image-157858\" srcset=\"https:\/\/dhg1h5j42swfq.cloudfront.net\/2018\/08\/05100712\/WhatsApp-Image-2019-01-05-at-10.56.40.jpeg 1280w, https:\/\/dhg1h5j42swfq.cloudfront.net\/2018\/08\/05100712\/WhatsApp-Image-2019-01-05-at-10.56.40.jpeg 300w, https:\/\/dhg1h5j42swfq.cloudfront.net\/2018\/08\/05100712\/WhatsApp-Image-2019-01-05-at-10.56.40.jpeg 768w, https:\/\/dhg1h5j42swfq.cloudfront.net\/2018\/08\/05100712\/WhatsApp-Image-2019-01-05-at-10.56.40.jpeg 1024w\" sizes=\"auto, (max-width: 1280px) 100vw, 1280px\" \/><\/a><\/figure><\/div>\n\n\n\n<figure class=\"wp-block-image\"><img loading=\"lazy\" decoding=\"async\" width=\"300\" height=\"102\" src=\"https:\/\/dhg1h5j42swfq.cloudfront.net\/2017\/03\/28152500\/coruja-ficha-tecnica-300x102.png\" alt=\"Ficha t\u00e9cnica concurso prefeitura de curitiba\" class=\"wp-image-68542\"\/><\/figure>\n\n\n\n<p class=\"has-medium-font-size\"><strong>Informa\u00e7\u00f5es&nbsp;sobre&nbsp;o&nbsp;concurso&nbsp;Prefeitura&nbsp;de&nbsp;Curitiba<\/strong><\/p>\n\n\n\n<p>\u25ba<strong>Data&nbsp;prevista&nbsp;da&nbsp;prova<\/strong>: 28 de abril<br \/>\u25ba<strong>Vagas<\/strong>: 62<br \/>\u25ba<strong>Lota\u00e7\u00f5es<\/strong>: Curitiba (PR)<br \/>\u25ba<strong>Escolaridade<\/strong>: N\u00edvel M\u00e9dio, M\u00e9dio\/T\u00e9cnico e Superior<br \/>\u25ba<strong>Banca<\/strong>: UFPR<br \/> <br \/>\u25ba<strong>Cursos&nbsp;Estrat\u00e9gia&nbsp;Concursos<\/strong>: <a rel=\"noreferrer noopener\" aria-label=\"Cursos Concurso Prefeitura de Curitiba  (opens in a new tab)\" href=\"https:\/\/www.estrategiaconcursos.com.br\/cursos\/concurso\/\" target=\"_blank\">Cursos Prefeitura de Curitiba<\/a> <br \/>\u25ba<strong>Edital<\/strong>: <a rel=\"noreferrer noopener\" aria-label=\"Edital Prefeitura de Curitiba 2019 (opens in a new tab)\" href=\"https:\/\/dhg1h5j42swfq.cloudfront.net\/2019\/02\/02070838\/DO_23_SUP_1.pdf\" target=\"_blank\">Edital Prefeitura de Curitiba 2019<\/a><br \/><\/p>\n\n\n\n<p><em>Ascom Estrat\u00e9gia<\/em><br \/>ascomestrategia@gmail.com<\/p>\n\n\n\n<hr class=\"wp-block-separator\"\/>\n","protected":false},"excerpt":{"rendered":"<p>A Prefeitura de Curitiba divulgou na sexta-feira, 1\u00ba de fevereiro, os quatro\u00a0primeiros\u00a0editais de seu novo concurso p\u00fablico. O edital Prefeitura de Curitiba contempla 62\u00a0vagas para cargos de N\u00edvel Superior, M\u00e9dio e M\u00e9dio\/T\u00e9cnico. Os interessados poder\u00e3o se inscrever entre os dias 19 de fevereiro e 21&nbsp;de&nbsp;mar\u00e7o, exclusivamente pela internet, no portal da UFPR, banca organizadora do [&hellip;]<\/p>\n","protected":false},"author":1,"featured_media":127705,"comment_status":"open","ping_status":"closed","sticky":false,"template":"","format":"standard","meta":{"post_tipo":"news","footnotes":""},"categories":[1],"tags":[],"tax_estado":[],"class_list":["post-163594","post","type-post","status-publish","format-standard","has-post-thumbnail","hentry","category-cursos-e-concursos"],"acf":[],"yoast_head":"<!-- This site is optimized with the Yoast SEO Premium plugin v27.2 (Yoast SEO v27.2) - https:\/\/yoast.com\/product\/yoast-seo-premium-wordpress\/ -->\n<title>Edital Prefeitura de Curitiba: edital com 62 vagas para m\u00e9dio, t\u00e9cnico e superior<\/title>\n<meta name=\"description\" content=\"Edital Prefeitura de Curitiba: saiu edital com 62 vagas para N\u00edvel M\u00e9dio, M\u00e9dio\/T\u00e9cnico e Superior. Saiba mais e comece a se preparar!\" \/>\n<meta name=\"robots\" content=\"index, follow, max-snippet:-1, max-image-preview:large, max-video-preview:-1\" \/>\n<link rel=\"canonical\" href=\"https:\/\/www.estrategiaconcursos.com.br\/blog\/edital-prefeitura-de-curitiba\/\" \/>\n<meta property=\"og:locale\" content=\"pt_BR\" \/>\n<meta property=\"og:type\" content=\"article\" \/>\n<meta property=\"og:title\" content=\"Edital Prefeitura de Curitiba: edital com 62 vagas para m\u00e9dio, t\u00e9cnico e superior\" \/>\n<meta property=\"og:description\" content=\"Edital Prefeitura de Curitiba: saiu edital com 62 vagas para N\u00edvel M\u00e9dio, M\u00e9dio\/T\u00e9cnico e Superior. Saiba mais e comece a se preparar!\" \/>\n<meta property=\"og:url\" content=\"https:\/\/www.estrategiaconcursos.com.br\/blog\/edital-prefeitura-de-curitiba\/\" \/>\n<meta property=\"og:site_name\" content=\"Estrat\u00e9gia Concursos\" \/>\n<meta property=\"article:author\" content=\"https:\/\/www.facebook.com\/EstrategiaConcursos\" \/>\n<meta property=\"article:published_time\" content=\"2019-02-04T07:47:07+00:00\" \/>\n<meta property=\"article:modified_time\" content=\"2019-09-17T14:37:24+00:00\" \/>\n<meta property=\"og:image\" content=\"https:\/\/dhg1h5j42swfq.cloudfront.net\/2018\/06\/20192923\/saiu-edital--e1530278784619.jpg\" \/>\n\t<meta property=\"og:image:width\" content=\"400\" \/>\n\t<meta property=\"og:image:height\" content=\"209\" \/>\n\t<meta property=\"og:image:type\" content=\"image\/jpeg\" \/>\n<meta name=\"author\" content=\"Coordena\u00e7\u00e3o\" \/>\n<meta name=\"twitter:card\" content=\"summary_large_image\" \/>\n<meta name=\"twitter:creator\" content=\"@EstratConcursos\" \/>\n<meta name=\"twitter:site\" content=\"@EstratConcursos\" \/>\n<meta name=\"twitter:label1\" content=\"Escrito por\" \/>\n\t<meta name=\"twitter:data1\" content=\"Coordena\u00e7\u00e3o\" \/>\n\t<meta name=\"twitter:label2\" content=\"Est. tempo de leitura\" \/>\n\t<meta name=\"twitter:data2\" content=\"4 minutos\" \/>\n<script type=\"application\/ld+json\" class=\"yoast-schema-graph\">{\"@context\":\"https:\/\/schema.org\",\"@graph\":[{\"@type\":\"NewsArticle\",\"@id\":\"https:\/\/www.estrategiaconcursos.com.br\/blog\/edital-prefeitura-de-curitiba\/#article\",\"isPartOf\":{\"@id\":\"https:\/\/www.estrategiaconcursos.com.br\/blog\/edital-prefeitura-de-curitiba\/\"},\"author\":{\"name\":\"Coordena\u00e7\u00e3o\",\"@id\":\"https:\/\/www.estrategiaconcursos.com.br\/blog\/#\/schema\/person\/b4a388c97673c5f483d72185668afa1f\"},\"headline\":\"Edital Prefeitura de Curitiba: edital com 62 vagas para m\u00e9dio, t\u00e9cnico e superior\",\"datePublished\":\"2019-02-04T07:47:07+00:00\",\"dateModified\":\"2019-09-17T14:37:24+00:00\",\"mainEntityOfPage\":{\"@id\":\"https:\/\/www.estrategiaconcursos.com.br\/blog\/edital-prefeitura-de-curitiba\/\"},\"wordCount\":810,\"commentCount\":1,\"publisher\":{\"@id\":\"https:\/\/www.estrategiaconcursos.com.br\/blog\/#organization\"},\"image\":{\"@id\":\"https:\/\/www.estrategiaconcursos.com.br\/blog\/edital-prefeitura-de-curitiba\/#primaryimage\"},\"thumbnailUrl\":\"https:\/\/dhg1h5j42swfq.cloudfront.net\/2018\/06\/20192923\/saiu-edital--e1530278784619.jpg\",\"articleSection\":[\"Concursos P\u00fablicos\"],\"inLanguage\":\"pt-BR\",\"potentialAction\":[{\"@type\":\"CommentAction\",\"name\":\"Comment\",\"target\":[\"https:\/\/www.estrategiaconcursos.com.br\/blog\/edital-prefeitura-de-curitiba\/#respond\"]}],\"copyrightYear\":\"2019\",\"copyrightHolder\":{\"@id\":\"https:\/\/www.estrategiaconcursos.com.br\/blog\/#organization\"}},{\"@type\":\"WebPage\",\"@id\":\"https:\/\/www.estrategiaconcursos.com.br\/blog\/edital-prefeitura-de-curitiba\/\",\"url\":\"https:\/\/www.estrategiaconcursos.com.br\/blog\/edital-prefeitura-de-curitiba\/\",\"name\":\"Edital Prefeitura de Curitiba: edital com 62 vagas para m\u00e9dio, t\u00e9cnico e superior\",\"isPartOf\":{\"@id\":\"https:\/\/www.estrategiaconcursos.com.br\/blog\/#website\"},\"primaryImageOfPage\":{\"@id\":\"https:\/\/www.estrategiaconcursos.com.br\/blog\/edital-prefeitura-de-curitiba\/#primaryimage\"},\"image\":{\"@id\":\"https:\/\/www.estrategiaconcursos.com.br\/blog\/edital-prefeitura-de-curitiba\/#primaryimage\"},\"thumbnailUrl\":\"https:\/\/dhg1h5j42swfq.cloudfront.net\/2018\/06\/20192923\/saiu-edital--e1530278784619.jpg\",\"datePublished\":\"2019-02-04T07:47:07+00:00\",\"dateModified\":\"2019-09-17T14:37:24+00:00\",\"description\":\"Edital Prefeitura de Curitiba: saiu edital com 62 vagas para N\u00edvel M\u00e9dio, M\u00e9dio\/T\u00e9cnico e Superior. Saiba mais e comece a se preparar!\",\"breadcrumb\":{\"@id\":\"https:\/\/www.estrategiaconcursos.com.br\/blog\/edital-prefeitura-de-curitiba\/#breadcrumb\"},\"inLanguage\":\"pt-BR\",\"potentialAction\":[{\"@type\":\"ReadAction\",\"target\":[\"https:\/\/www.estrategiaconcursos.com.br\/blog\/edital-prefeitura-de-curitiba\/\"]}]},{\"@type\":\"ImageObject\",\"inLanguage\":\"pt-BR\",\"@id\":\"https:\/\/www.estrategiaconcursos.com.br\/blog\/edital-prefeitura-de-curitiba\/#primaryimage\",\"url\":\"https:\/\/dhg1h5j42swfq.cloudfront.net\/2018\/06\/20192923\/saiu-edital--e1530278784619.jpg\",\"contentUrl\":\"https:\/\/dhg1h5j42swfq.cloudfront.net\/2018\/06\/20192923\/saiu-edital--e1530278784619.jpg\",\"width\":400,\"height\":209,\"caption\":\"concurso procurador bayeux PB\"},{\"@type\":\"BreadcrumbList\",\"@id\":\"https:\/\/www.estrategiaconcursos.com.br\/blog\/edital-prefeitura-de-curitiba\/#breadcrumb\",\"itemListElement\":[{\"@type\":\"ListItem\",\"position\":1,\"name\":\"In\u00edcio\",\"item\":\"https:\/\/www.estrategiaconcursos.com.br\/blog\/\"},{\"@type\":\"ListItem\",\"position\":2,\"name\":\"Edital Prefeitura de Curitiba: edital com 62 vagas para m\u00e9dio, t\u00e9cnico e superior\"}]},{\"@type\":\"WebSite\",\"@id\":\"https:\/\/www.estrategiaconcursos.com.br\/blog\/#website\",\"url\":\"https:\/\/www.estrategiaconcursos.com.br\/blog\/\",\"name\":\"Estrat\u00e9gia Concursos\",\"description\":\"O blog da Estrat\u00e9gia Concursos traz not\u00edcias sobre concursos e artigos de professores oferecendo cursos para concursos (pdf + videaulas) no site.\",\"publisher\":{\"@id\":\"https:\/\/www.estrategiaconcursos.com.br\/blog\/#organization\"},\"potentialAction\":[{\"@type\":\"SearchAction\",\"target\":{\"@type\":\"EntryPoint\",\"urlTemplate\":\"https:\/\/www.estrategiaconcursos.com.br\/blog\/?s={search_term_string}\"},\"query-input\":{\"@type\":\"PropertyValueSpecification\",\"valueRequired\":true,\"valueName\":\"search_term_string\"}}],\"inLanguage\":\"pt-BR\"},{\"@type\":\"Organization\",\"@id\":\"https:\/\/www.estrategiaconcursos.com.br\/blog\/#organization\",\"name\":\"Estrat\u00e9gia Concursos\",\"url\":\"https:\/\/www.estrategiaconcursos.com.br\/blog\/\",\"logo\":{\"@type\":\"ImageObject\",\"inLanguage\":\"pt-BR\",\"@id\":\"https:\/\/www.estrategiaconcursos.com.br\/blog\/#\/schema\/logo\/image\/\",\"url\":\"https:\/\/dhg1h5j42swfq.cloudfront.net\/2025\/06\/03203428\/logo_concursos-1.jpg\",\"contentUrl\":\"https:\/\/dhg1h5j42swfq.cloudfront.net\/2025\/06\/03203428\/logo_concursos-1.jpg\",\"width\":230,\"height\":60,\"caption\":\"Estrat\u00e9gia Concursos\"},\"image\":{\"@id\":\"https:\/\/www.estrategiaconcursos.com.br\/blog\/#\/schema\/logo\/image\/\"},\"sameAs\":[\"https:\/\/x.com\/EstratConcursos\"]},{\"@type\":\"Person\",\"@id\":\"https:\/\/www.estrategiaconcursos.com.br\/blog\/#\/schema\/person\/b4a388c97673c5f483d72185668afa1f\",\"name\":\"Coordena\u00e7\u00e3o\",\"image\":{\"@type\":\"ImageObject\",\"inLanguage\":\"pt-BR\",\"@id\":\"https:\/\/secure.gravatar.com\/avatar\/b720319e4c9a967eb58678d110f4fe35452fc5d5f97b202bac7b8acceb18c6ad?s=96&d=mm&r=g\",\"url\":\"https:\/\/secure.gravatar.com\/avatar\/b720319e4c9a967eb58678d110f4fe35452fc5d5f97b202bac7b8acceb18c6ad?s=96&d=mm&r=g\",\"contentUrl\":\"https:\/\/secure.gravatar.com\/avatar\/b720319e4c9a967eb58678d110f4fe35452fc5d5f97b202bac7b8acceb18c6ad?s=96&d=mm&r=g\",\"caption\":\"Coordena\u00e7\u00e3o\"},\"sameAs\":[\"https:\/\/www.facebook.com\/EstrategiaConcursos\",\"https:\/\/x.com\/EstratConcursos\"],\"url\":\"https:\/\/www.estrategiaconcursos.com.br\/blog\/author\/estrategia2013\/\"}]}<\/script>\n<!-- \/ Yoast SEO Premium plugin. -->","yoast_head_json":{"title":"Edital Prefeitura de Curitiba: edital com 62 vagas para m\u00e9dio, t\u00e9cnico e superior","description":"Edital Prefeitura de Curitiba: saiu edital com 62 vagas para N\u00edvel M\u00e9dio, M\u00e9dio\/T\u00e9cnico e Superior. Saiba mais e comece a se preparar!","robots":{"index":"index","follow":"follow","max-snippet":"max-snippet:-1","max-image-preview":"max-image-preview:large","max-video-preview":"max-video-preview:-1"},"canonical":"https:\/\/www.estrategiaconcursos.com.br\/blog\/edital-prefeitura-de-curitiba\/","og_locale":"pt_BR","og_type":"article","og_title":"Edital Prefeitura de Curitiba: edital com 62 vagas para m\u00e9dio, t\u00e9cnico e superior","og_description":"Edital Prefeitura de Curitiba: saiu edital com 62 vagas para N\u00edvel M\u00e9dio, M\u00e9dio\/T\u00e9cnico e Superior. Saiba mais e comece a se preparar!","og_url":"https:\/\/www.estrategiaconcursos.com.br\/blog\/edital-prefeitura-de-curitiba\/","og_site_name":"Estrat\u00e9gia Concursos","article_author":"https:\/\/www.facebook.com\/EstrategiaConcursos","article_published_time":"2019-02-04T07:47:07+00:00","article_modified_time":"2019-09-17T14:37:24+00:00","og_image":[{"width":400,"height":209,"url":"https:\/\/dhg1h5j42swfq.cloudfront.net\/2018\/06\/20192923\/saiu-edital--e1530278784619.jpg","type":"image\/jpeg"}],"author":"Coordena\u00e7\u00e3o","twitter_card":"summary_large_image","twitter_creator":"@EstratConcursos","twitter_site":"@EstratConcursos","twitter_misc":{"Escrito por":"Coordena\u00e7\u00e3o","Est. tempo de leitura":"4 minutos"},"schema":{"@context":"https:\/\/schema.org","@graph":[{"@type":"NewsArticle","@id":"https:\/\/www.estrategiaconcursos.com.br\/blog\/edital-prefeitura-de-curitiba\/#article","isPartOf":{"@id":"https:\/\/www.estrategiaconcursos.com.br\/blog\/edital-prefeitura-de-curitiba\/"},"author":{"name":"Coordena\u00e7\u00e3o","@id":"https:\/\/www.estrategiaconcursos.com.br\/blog\/#\/schema\/person\/b4a388c97673c5f483d72185668afa1f"},"headline":"Edital Prefeitura de Curitiba: edital com 62 vagas para m\u00e9dio, t\u00e9cnico e superior","datePublished":"2019-02-04T07:47:07+00:00","dateModified":"2019-09-17T14:37:24+00:00","mainEntityOfPage":{"@id":"https:\/\/www.estrategiaconcursos.com.br\/blog\/edital-prefeitura-de-curitiba\/"},"wordCount":810,"commentCount":1,"publisher":{"@id":"https:\/\/www.estrategiaconcursos.com.br\/blog\/#organization"},"image":{"@id":"https:\/\/www.estrategiaconcursos.com.br\/blog\/edital-prefeitura-de-curitiba\/#primaryimage"},"thumbnailUrl":"https:\/\/dhg1h5j42swfq.cloudfront.net\/2018\/06\/20192923\/saiu-edital--e1530278784619.jpg","articleSection":["Concursos P\u00fablicos"],"inLanguage":"pt-BR","potentialAction":[{"@type":"CommentAction","name":"Comment","target":["https:\/\/www.estrategiaconcursos.com.br\/blog\/edital-prefeitura-de-curitiba\/#respond"]}],"copyrightYear":"2019","copyrightHolder":{"@id":"https:\/\/www.estrategiaconcursos.com.br\/blog\/#organization"}},{"@type":"WebPage","@id":"https:\/\/www.estrategiaconcursos.com.br\/blog\/edital-prefeitura-de-curitiba\/","url":"https:\/\/www.estrategiaconcursos.com.br\/blog\/edital-prefeitura-de-curitiba\/","name":"Edital Prefeitura de Curitiba: edital com 62 vagas para m\u00e9dio, t\u00e9cnico e superior","isPartOf":{"@id":"https:\/\/www.estrategiaconcursos.com.br\/blog\/#website"},"primaryImageOfPage":{"@id":"https:\/\/www.estrategiaconcursos.com.br\/blog\/edital-prefeitura-de-curitiba\/#primaryimage"},"image":{"@id":"https:\/\/www.estrategiaconcursos.com.br\/blog\/edital-prefeitura-de-curitiba\/#primaryimage"},"thumbnailUrl":"https:\/\/dhg1h5j42swfq.cloudfront.net\/2018\/06\/20192923\/saiu-edital--e1530278784619.jpg","datePublished":"2019-02-04T07:47:07+00:00","dateModified":"2019-09-17T14:37:24+00:00","description":"Edital Prefeitura de Curitiba: saiu edital com 62 vagas para N\u00edvel M\u00e9dio, M\u00e9dio\/T\u00e9cnico e Superior. Saiba mais e comece a se preparar!","breadcrumb":{"@id":"https:\/\/www.estrategiaconcursos.com.br\/blog\/edital-prefeitura-de-curitiba\/#breadcrumb"},"inLanguage":"pt-BR","potentialAction":[{"@type":"ReadAction","target":["https:\/\/www.estrategiaconcursos.com.br\/blog\/edital-prefeitura-de-curitiba\/"]}]},{"@type":"ImageObject","inLanguage":"pt-BR","@id":"https:\/\/www.estrategiaconcursos.com.br\/blog\/edital-prefeitura-de-curitiba\/#primaryimage","url":"https:\/\/dhg1h5j42swfq.cloudfront.net\/2018\/06\/20192923\/saiu-edital--e1530278784619.jpg","contentUrl":"https:\/\/dhg1h5j42swfq.cloudfront.net\/2018\/06\/20192923\/saiu-edital--e1530278784619.jpg","width":400,"height":209,"caption":"concurso procurador bayeux PB"},{"@type":"BreadcrumbList","@id":"https:\/\/www.estrategiaconcursos.com.br\/blog\/edital-prefeitura-de-curitiba\/#breadcrumb","itemListElement":[{"@type":"ListItem","position":1,"name":"In\u00edcio","item":"https:\/\/www.estrategiaconcursos.com.br\/blog\/"},{"@type":"ListItem","position":2,"name":"Edital Prefeitura de Curitiba: edital com 62 vagas para m\u00e9dio, t\u00e9cnico e superior"}]},{"@type":"WebSite","@id":"https:\/\/www.estrategiaconcursos.com.br\/blog\/#website","url":"https:\/\/www.estrategiaconcursos.com.br\/blog\/","name":"Estrat\u00e9gia Concursos","description":"O blog da Estrat\u00e9gia Concursos traz not\u00edcias sobre concursos e artigos de professores oferecendo cursos para concursos (pdf + videaulas) no site.","publisher":{"@id":"https:\/\/www.estrategiaconcursos.com.br\/blog\/#organization"},"potentialAction":[{"@type":"SearchAction","target":{"@type":"EntryPoint","urlTemplate":"https:\/\/www.estrategiaconcursos.com.br\/blog\/?s={search_term_string}"},"query-input":{"@type":"PropertyValueSpecification","valueRequired":true,"valueName":"search_term_string"}}],"inLanguage":"pt-BR"},{"@type":"Organization","@id":"https:\/\/www.estrategiaconcursos.com.br\/blog\/#organization","name":"Estrat\u00e9gia Concursos","url":"https:\/\/www.estrategiaconcursos.com.br\/blog\/","logo":{"@type":"ImageObject","inLanguage":"pt-BR","@id":"https:\/\/www.estrategiaconcursos.com.br\/blog\/#\/schema\/logo\/image\/","url":"https:\/\/dhg1h5j42swfq.cloudfront.net\/2025\/06\/03203428\/logo_concursos-1.jpg","contentUrl":"https:\/\/dhg1h5j42swfq.cloudfront.net\/2025\/06\/03203428\/logo_concursos-1.jpg","width":230,"height":60,"caption":"Estrat\u00e9gia Concursos"},"image":{"@id":"https:\/\/www.estrategiaconcursos.com.br\/blog\/#\/schema\/logo\/image\/"},"sameAs":["https:\/\/x.com\/EstratConcursos"]},{"@type":"Person","@id":"https:\/\/www.estrategiaconcursos.com.br\/blog\/#\/schema\/person\/b4a388c97673c5f483d72185668afa1f","name":"Coordena\u00e7\u00e3o","image":{"@type":"ImageObject","inLanguage":"pt-BR","@id":"https:\/\/secure.gravatar.com\/avatar\/b720319e4c9a967eb58678d110f4fe35452fc5d5f97b202bac7b8acceb18c6ad?s=96&d=mm&r=g","url":"https:\/\/secure.gravatar.com\/avatar\/b720319e4c9a967eb58678d110f4fe35452fc5d5f97b202bac7b8acceb18c6ad?s=96&d=mm&r=g","contentUrl":"https:\/\/secure.gravatar.com\/avatar\/b720319e4c9a967eb58678d110f4fe35452fc5d5f97b202bac7b8acceb18c6ad?s=96&d=mm&r=g","caption":"Coordena\u00e7\u00e3o"},"sameAs":["https:\/\/www.facebook.com\/EstrategiaConcursos","https:\/\/x.com\/EstratConcursos"],"url":"https:\/\/www.estrategiaconcursos.com.br\/blog\/author\/estrategia2013\/"}]}},"_links":{"self":[{"href":"https:\/\/www.estrategiaconcursos.com.br\/blog\/wp-json\/wp\/v2\/posts\/163594","targetHints":{"allow":["GET"]}}],"collection":[{"href":"https:\/\/www.estrategiaconcursos.com.br\/blog\/wp-json\/wp\/v2\/posts"}],"about":[{"href":"https:\/\/www.estrategiaconcursos.com.br\/blog\/wp-json\/wp\/v2\/types\/post"}],"author":[{"embeddable":true,"href":"https:\/\/www.estrategiaconcursos.com.br\/blog\/wp-json\/wp\/v2\/users\/1"}],"replies":[{"embeddable":true,"href":"https:\/\/www.estrategiaconcursos.com.br\/blog\/wp-json\/wp\/v2\/comments?post=163594"}],"version-history":[{"count":12,"href":"https:\/\/www.estrategiaconcursos.com.br\/blog\/wp-json\/wp\/v2\/posts\/163594\/revisions"}],"predecessor-version":[{"id":420821,"href":"https:\/\/www.estrategiaconcursos.com.br\/blog\/wp-json\/wp\/v2\/posts\/163594\/revisions\/420821"}],"wp:featuredmedia":[{"embeddable":true,"href":"https:\/\/www.estrategiaconcursos.com.br\/blog\/wp-json\/wp\/v2\/media\/127705"}],"wp:attachment":[{"href":"https:\/\/www.estrategiaconcursos.com.br\/blog\/wp-json\/wp\/v2\/media?parent=163594"}],"wp:term":[{"taxonomy":"category","embeddable":true,"href":"https:\/\/www.estrategiaconcursos.com.br\/blog\/wp-json\/wp\/v2\/categories?post=163594"},{"taxonomy":"post_tag","embeddable":true,"href":"https:\/\/www.estrategiaconcursos.com.br\/blog\/wp-json\/wp\/v2\/tags?post=163594"},{"taxonomy":"tax_estado","embeddable":true,"href":"https:\/\/www.estrategiaconcursos.com.br\/blog\/wp-json\/wp\/v2\/tax_estado?post=163594"}],"curies":[{"name":"wp","href":"https:\/\/api.w.org\/{rel}","templated":true}]}}