{"id":1633798,"date":"2025-09-08T09:00:00","date_gmt":"2025-09-08T12:00:00","guid":{"rendered":"https:\/\/www.estrategiaconcursos.com.br\/blog\/?p=1633798"},"modified":"2025-09-13T08:16:27","modified_gmt":"2025-09-13T11:16:27","slug":"carta-aos-assinantes-254","status":"publish","type":"post","link":"https:\/\/www.estrategiaconcursos.com.br\/blog\/carta-aos-assinantes-254\/","title":{"rendered":"Carta aos Assinantes do Estrat\u00e9gia Concursos &#8211; 254"},"content":{"rendered":"\n<p class=\"has-text-align-right has-luminous-vivid-amber-background-color has-background\"><em>Confira, em nossa <strong>ducent\u00e9sima quinquag\u00e9sima quarta <\/strong>carta aos assinantes, a nossa programa\u00e7\u00e3o semanal, as novidades do nosso Sistema de Quest\u00f5es e as principais movimenta\u00e7\u00f5es de concursos.<\/em><\/p>\n\n\n\n<p>Ol\u00e1, pessoal. Tudo bem?<\/p>\n\n\n\n<p>Aqui \u00e9 o<strong>&nbsp;Prof. Diego Cerqueira&nbsp;<\/strong>em nossa <strong>ducent\u00e9sima quinquag\u00e9sima quarta <\/strong>carta aos Assinantes do Estrat\u00e9gia Concursos.<\/p>\n\n\n\n<p>O <strong>concurso p\u00fablico<\/strong> \u00e9 um caminho s\u00f3lido para quem busca estabilidade e bons sal\u00e1rios. Para quem est\u00e1 desempregado, significa seguran\u00e7a. Para quem j\u00e1 tem emprego, \u00e9 a chance de aumentar a renda e alcan\u00e7ar novos patamares.<\/p>\n\n\n\n<p>Na <strong>Semana da Independ\u00eancia<\/strong>, voc\u00ea vai descobrir como conquistar estabilidade e transformar sua vida financeira por meio dos concursos p\u00fablicos.&nbsp; S\u00e3o <strong>milhares de vagas previstas<\/strong>, com sal\u00e1rios que podem chegar a R$ 35 mil.&nbsp;<\/p>\n\n\n\n<p>Aproveite o momento e<strong> inscreva-se j\u00e1 <\/strong>para participar gratuitamente do nosso evento exclusivo do <strong>Mapa da Independ\u00eancia Financeira<\/strong>. Come\u00e7a no dia&nbsp;<strong>8 de setembro, \u00e0s 19h.<\/strong><\/p>\n\n\n\n<figure class=\"wp-block-image aligncenter size-large\"><a href=\"https:\/\/mkt.estrategia.com\/concursos\/mapa-da-independencia-financeira-pagina-fria\/?utm_source=banner&amp;utm_medium=banner&amp;utm_campaign=ec-ge-ld-banner-mapaidp-semesp-080925+\" target=\"_blank\" rel=\" noreferrer noopener\"><img loading=\"lazy\" decoding=\"async\" width=\"1024\" height=\"274\" src=\"https:\/\/dhg1h5j42swfq.cloudfront.net\/2025\/09\/29094306\/banner_concurso-1-1024x274.jpg\" alt=\"\" class=\"wp-image-1630840\" srcset=\"https:\/\/dhg1h5j42swfq.cloudfront.net\/2025\/09\/29094306\/banner_concurso-1-1024x274.jpg 1024w, https:\/\/dhg1h5j42swfq.cloudfront.net\/2025\/09\/29094306\/banner_concurso-1-300x80.jpg 300w, https:\/\/dhg1h5j42swfq.cloudfront.net\/2025\/09\/29094306\/banner_concurso-1-768x206.jpg 768w, https:\/\/dhg1h5j42swfq.cloudfront.net\/2025\/09\/29094306\/banner_concurso-1-1536x411.jpg 1536w, https:\/\/dhg1h5j42swfq.cloudfront.net\/2025\/09\/29094306\/banner_concurso-1-150x40.jpg 150w, https:\/\/dhg1h5j42swfq.cloudfront.net\/2025\/09\/29094306\/banner_concurso-1.jpg 1920w\" sizes=\"auto, (max-width: 1024px) 100vw, 1024px\" \/><\/a><figcaption class=\"wp-element-caption\"><a href=\"https:\/\/mkt.estrategia.com\/concursos\/mapa-da-independencia-financeira-pagina-fria\/?utm_source=banner&amp;utm_medium=banner&amp;utm_campaign=ec-ge-ld-banner-mapaidp-semesp-080925+\" target=\"_blank\" rel=\"noreferrer noopener\">Inscreva-se aqui!<\/a><\/figcaption><\/figure>\n\n\n\n<h2 class=\"wp-block-heading\" id=\"h-sistema-de-questoes-do-estrategia\">Sistema de Quest\u00f5es do Estrat\u00e9gia<\/h2>\n\n\n\n<p>Na \u00faltima semana, a nossa equipe do Sistema de Quest\u00f5es&nbsp;<strong>criou&nbsp;<\/strong>os seguintes&nbsp;<strong>Cadernos de Quest\u00f5es<\/strong>:<\/p>\n\n\n\n<ul class=\"wp-block-list\">\n<li>Reta Final C\u00e2mara Municipal de Pinhais PR (<a href=\"https:\/\/www.estrategiaconcursos.com.br\/blog\/cadernos-reta-final-concurso-camara-de-pinhais-pr\/\" target=\"_blank\" rel=\"noreferrer noopener\">clique aqui<\/a>)<\/li>\n\n\n\n<li>Reta Final ISS Xangri-l\u00e1 RS (<a href=\"https:\/\/www.estrategiaconcursos.com.br\/blog\/?p=1631565\" target=\"_blank\" rel=\"noreferrer noopener\">clique aqui<\/a>)<\/li>\n\n\n\n<li>Reta Final DPE SC (<a href=\"https:\/\/www.estrategiaconcursos.com.br\/blog\/cadernos-de-reta-final-concurso-dpe-sc\/\" target=\"_blank\" rel=\"noreferrer noopener\">clique aqui<\/a>)<\/li>\n\n\n\n<li>Reta Final GCM Hortol\u00e2ndia SP (<a href=\"https:\/\/www.estrategiaconcursos.com.br\/blog\/cadernos-reta-final-concurso-gcm-hortolandia-sp\/\" target=\"_blank\" rel=\"noreferrer noopener\">clique aqui<\/a>)<\/li>\n<\/ul>\n\n\n\n<p>Al\u00e9m disso, tamb\u00e9m foram <strong>atualizados&nbsp;<\/strong>os seguintes&nbsp;<strong>Cadernos de Quest\u00f5es<\/strong>:<\/p>\n\n\n\n<ul class=\"wp-block-list\">\n<li>Cadernos Pr\u00e9 Edital SEFAZ SP (<a href=\"https:\/\/www.estrategiaconcursos.com.br\/blog\/?p=1628342\" target=\"_blank\" rel=\"noreferrer noopener\">clique aqui<\/a>)<\/li>\n\n\n\n<li>Quest\u00f5es In\u00e9ditas CNU (<a href=\"https:\/\/www.estrategiaconcursos.com.br\/blog\/?p=1603762\" target=\"_blank\" rel=\"noreferrer noopener\">clique aqui<\/a>)<\/li>\n\n\n\n<li>Reta Final BRDE (<a href=\"https:\/\/www.estrategiaconcursos.com.br\/blog\/cadernos-reta-final-concurso-brde-2025\/\" target=\"_blank\" rel=\"noreferrer noopener\">clique aqui<\/a>)<\/li>\n\n\n\n<li>Quest\u00f5es In\u00e9ditas MP SP (<a href=\"https:\/\/www.estrategiaconcursos.com.br\/blog\/cadernos-de-questoes-ineditas-para-o-concurso-mp-sp-analista-juridico\/\" target=\"_blank\" rel=\"noreferrer noopener\">clique aqui<\/a>)<\/li>\n<\/ul>\n\n\n\n<h2 class=\"wp-block-heading\" id=\"h-agora-vamos-ver-as-principais-movimentacoes-de-concursos-da-ultima-semana\">Agora, vamos ver as principais movimenta\u00e7\u00f5es de concursos da \u00faltima semana?<\/h2>\n\n\n\n<ul class=\"wp-block-list\">\n<li><strong><a href=\"https:\/\/www.estrategiaconcursos.com.br\/blog\/concurso-bombeiros-es\/\" target=\"_blank\" rel=\"noreferrer noopener\">Bombeiros ES<\/a><\/strong>: Est\u00e1 <strong>definida a banca organizadora<\/strong> do novo concurso Bombeiros ES (Corpo de Bombeiros do Esp\u00edrito Santo): o IDECAN foi a empresa contratada. Ser\u00e3o ofertadas 6 vagas imediatas para o cargo de Oficial Combatente, de n\u00edvel m\u00e9dio e sal\u00e1rio de R$ 11.974.03 (2\u00ba Tenente). Segundo informa\u00e7\u00f5es divulgadas pelo governador Renato Casagrande, o edital deve ser publicado ainda neste ano.<\/li>\n<\/ul>\n\n\n\n<ul class=\"wp-block-list\">\n<li><strong><a href=\"https:\/\/www.estrategiaconcursos.com.br\/blog\/concurso-pm-sp\/\" target=\"_blank\" rel=\"noreferrer noopener\">PM SP<\/a><\/strong>: Foi <strong>publicado o novo edital<\/strong> do concurso PM SP 2025 para provimento de 2.200 vagas imediatas do cargo de Soldado PM de 2\u00aa Classe. A carreira exige escolaridade de n\u00edvel m\u00e9dio e idade de 17 a 30 anos, com sal\u00e1rio inicial de R$ 5.055,53. Vale lembrar que outro edital \u00e9 aguardado no in\u00edcio de 2026. Os interessados em participar da sele\u00e7\u00e3o devem realizar as inscri\u00e7\u00f5es no per\u00edodo de 8 de setembro a 23 de outubro, no site da banca organizadora, Funda\u00e7\u00e3o Vunesp. As provas s\u00e3o previstas em 30 de novembro.<\/li>\n<\/ul>\n\n\n\n<ul class=\"wp-block-list\">\n<li><a href=\"https:\/\/www.estrategiaconcursos.com.br\/blog\/concurso-aleam\/\" target=\"_blank\" rel=\"noreferrer noopener\"><strong>ALEAM<\/strong><\/a>: Est\u00e1 <strong>na pra\u00e7a o edital do novo concurso<\/strong> ALEAM (Assembleia Legislativa do Estado de Amazonas) com oferta de 100 vagas imediatas e 263 destinadas \u00e0 forma\u00e7\u00e3o de cadastro de reserva. As oportunidades s\u00e3o distribu\u00eddas entre diversos cargos nos n\u00edveis m\u00e9dio e superior. Os sal\u00e1rios iniciais variam de R$ 3.346,76 a R$ 30.187,522, al\u00e9m do vale-alimenta\u00e7\u00e3o de R$ 1.500,00. Os interessados em participar da sele\u00e7\u00e3o devem realizar as inscri\u00e7\u00f5es no per\u00edodo de 10 de setembro a 13 de outubro, no site da banca organizadora, FGV. As provas s\u00e3o previstas em 12 de dezembro.<\/li>\n<\/ul>\n\n\n\n<ul class=\"wp-block-list\">\n<li><strong><a href=\"https:\/\/www.estrategiaconcursos.com.br\/blog\/concurso-bombeiros-sc\/\" target=\"_blank\" rel=\"noreferrer noopener\">Bombeiros SC<\/a><\/strong>: Um novo concurso Bombeiros SC (Corpo de Bombeiros Militar de Santa Catarina) foi <strong>autorizado e \u00e9 previsto para ser realizado em 2026<\/strong>. A informa\u00e7\u00e3o foi confirmada pela assessoria da corpora\u00e7\u00e3o \u00e0 equipe de jornalismo do Estrat\u00e9gia. Ser\u00e3o ofertadas 110 vagas, sendo 10 oportunidades para o cargo de Oficial e 100 para Soldado, com exig\u00eancia de n\u00edvel superior. Os sal\u00e1rios variam de R$ 6.500,00 e R$ 18.589,00 (ap\u00f3s forma\u00e7\u00e3o).<\/li>\n<\/ul>\n\n\n\n<ul class=\"wp-block-list\">\n<li><strong><a href=\"https:\/\/www.estrategiaconcursos.com.br\/blog\/concurso-proderj\/\" target=\"_blank\" rel=\"noreferrer noopener\">Proderj<\/a>: <\/strong>O Instituto IBDO foi<strong> definido como a banca organizadora<\/strong> do novo concurso do Centro de Tecnologia de Informa\u00e7\u00e3o e Comunica\u00e7\u00e3o do Estado do Rio de Janeiro. Agora, a empresa ter\u00e1 de elaborar o edital junto \u00e0 comiss\u00e3o organizadora. Ademais, recentemente, foi publicado o termo de refer\u00eancia do concurso, com novos detalhes do edital, como a distribui\u00e7\u00e3o das 28 vagas e as etapas de prova. Ser\u00e3o ofertadas oportunidades para os cargos de Analista de Sistemas, T\u00e9cnico de Suporte, Programador e Assistente Administrativo, com sal\u00e1rios iniciais de R$ 2.141,93 a R$ 4.549,35, mais adicionais que elevam ainda mais os valores recebidos.<\/li>\n<\/ul>\n\n\n\n<ul class=\"wp-block-list\">\n<li><strong><a href=\"https:\/\/www.estrategiaconcursos.com.br\/blog\/concurso-cge-sp\/\" target=\"_blank\" rel=\"noreferrer noopener\">CGE SP<\/a>: <\/strong>Foi <strong>publicado o edital do primeiro concurso p\u00fablico<\/strong> da Controladoria-Geral do Estado de S\u00e3o Paulo, aguardado desde 2023. A sele\u00e7\u00e3o oferta 200 vagas imediatas para o cargo de Auditor Estadual de Controle I, nas \u00e1reas de Auditoria (70), T.I. (60), Correi\u00e7\u00e3o e Combate \u00e0 Corrup\u00e7\u00e3o (50), Obras e Concess\u00f5es (10) e Contabilidade P\u00fablica e Finan\u00e7as (10), com subs\u00eddio inicial de R$ 17.850,00. Com organiza\u00e7\u00e3o da FGV, as inscri\u00e7\u00f5es poder\u00e3o ser feitas entre os dias 15 de setembro a 16 de outubro, ao custo de R$ 170,00. No dia 14 de dezembro os candidatos devidamente inscritos ser\u00e3o avaliados por meio de provas objetivas e discursivas.<\/li>\n<\/ul>\n\n\n\n<ul class=\"wp-block-list\">\n<li><strong><a href=\"https:\/\/www.estrategiaconcursos.com.br\/blog\/concurso-sefa-pa\/\" target=\"_blank\" rel=\"noreferrer noopener\">Sefa PA<\/a>: <\/strong>Autorizado em junho, o concurso p\u00fablico da Secretaria da Fazenda do Estado do Par\u00e1 segue aguardado, com 286 vagas para os cargos de Auditor Fiscal, Fiscal de Receitas e Analista Fazend\u00e1rio. Com isso, o Sindicato dos Servidores das Carreiras Espec\u00edficas da Administra\u00e7\u00e3o Tribut\u00e1ria do Estado do Par\u00e1 (Sindifisco PA) divulgou uma nota atrav\u00e9s de suas redes sociais com <strong>atualiza\u00e7\u00f5es sobre o andamento do concurso<\/strong>. Atualmente, o certame \u201ctramita no \u00e2mbito da Secretaria de Planejamento e Administra\u00e7\u00e3o, em fase de elabora\u00e7\u00e3o de an\u00e1lise de risco, para posterior elabora\u00e7\u00e3o do termo de refer\u00eancia, que lastrear\u00e1 a contrata\u00e7\u00e3o da empresa organizadora\u201d. Ainda segundo o Sindicato, possivelmente, nos pr\u00f3ximos dias, ser\u00e3o divulgadas novas informa\u00e7\u00f5es a respeito de previs\u00f5es para publica\u00e7\u00e3o do edital e aplica\u00e7\u00e3o das provas.<\/li>\n<\/ul>\n\n\n\n<ul class=\"wp-block-list\">\n<li><strong><a href=\"https:\/\/www.estrategiaconcursos.com.br\/blog\/concurso-artesp\/\" target=\"_blank\" rel=\"noreferrer noopener\">Artesp<\/a>: <\/strong>A Ag\u00eancia de Transportes do Estado de S\u00e3o Paulo avan\u00e7ou para mais uma etapa importante rumo \u00e0 publica\u00e7\u00e3o do edital do seu novo concurso p\u00fablico. A <strong>banca organizadora da sele\u00e7\u00e3o foi definida<\/strong>: a FCC (Funda\u00e7\u00e3o Carlos Chagas) ser\u00e1 a empresa respons\u00e1vel pelo certame. Com isso, o edital poder\u00e1 ser publicado em breve! Ao todo, est\u00e3o previstas 142 vagas em cargos de n\u00edveis m\u00e9dio e superior de forma\u00e7\u00e3o: Agente de Fiscaliza\u00e7\u00e3o \u00e0 Regula\u00e7\u00e3o de Transporte, Analista de Suporte \u00e0 Regula\u00e7\u00e3o de Transporte e Especialista em Regula\u00e7\u00e3o de Transporte. A autoriza\u00e7\u00e3o do concurso faz parte do plano SP na Dire\u00e7\u00e3o Certa, que visa modernizar a administra\u00e7\u00e3o p\u00fablica e fortalecer a regula\u00e7\u00e3o e fiscaliza\u00e7\u00e3o dos servi\u00e7os de transporte no estado, garantindo maior efici\u00eancia e qualidade aos cidad\u00e3os.<\/li>\n<\/ul>\n\n\n\n<ul class=\"wp-block-list\">\n<li><a href=\"https:\/\/www.estrategiaconcursos.com.br\/blog\/concurso-seduc-se-autorizado-professor\/\" target=\"_blank\" rel=\"noreferrer noopener\"><strong>SEDUC SE<\/strong><\/a>: A Secretaria de Estado da Educa\u00e7\u00e3o, do Esporte e da Cultura de Sergipe (SEDUC SE) avan\u00e7ou mais uma etapa na prepara\u00e7\u00e3o do novo concurso p\u00fablico. Inicialmente autorizado para o provimento de 8 vagas no cargo de pedagogo, o edital <strong>recebeu um acr\u00e9scimo significativo de oportunidades<\/strong>, passando a contemplar tamb\u00e9m 300 vagas para professor, al\u00e9m da previs\u00e3o de cadastro de reserva.<\/li>\n<\/ul>\n\n\n\n<ul class=\"wp-block-list\">\n<li><a href=\"https:\/\/www.estrategiaconcursos.com.br\/blog\/concurso-dpe-pb-servidores\/\" target=\"_blank\" rel=\"noreferrer noopener\"><strong>DPE PB<\/strong><\/a>: A Defensoria P\u00fablica da Para\u00edba (DPE PB)<strong> divulgou o regulamento oficial <\/strong>do primeiro concurso p\u00fablico para servidores. O documento, que serve como guia para as bancas organizadoras interessadas em conduzir o certame, estabelece as principais orienta\u00e7\u00f5es e regras do processo. Entre os t\u00f3picos abordados est\u00e3o crit\u00e9rios de participa\u00e7\u00e3o, etapas de sele\u00e7\u00e3o, prazos e disposi\u00e7\u00f5es gerais sobre o concurso.<\/li>\n<\/ul>\n\n\n\n<p>Espero que tenham gostado da Carta aos Assinantes. Desejo a todos uma excelente semana de estudos!<\/p>\n\n\n\n<p>Abra\u00e7os,<\/p>\n\n\n\n<p><strong>Prof. Diego Cerqueira<\/strong><\/p>\n","protected":false},"excerpt":{"rendered":"<p>Confira, em nossa ducent\u00e9sima quinquag\u00e9sima quarta carta aos assinantes, a nossa programa\u00e7\u00e3o semanal, as novidades do nosso Sistema de Quest\u00f5es e as principais movimenta\u00e7\u00f5es de concursos. Ol\u00e1, pessoal. Tudo bem? Aqui \u00e9 o&nbsp;Prof. Diego Cerqueira&nbsp;em nossa ducent\u00e9sima quinquag\u00e9sima quarta carta aos Assinantes do Estrat\u00e9gia Concursos. O concurso p\u00fablico \u00e9 um caminho s\u00f3lido para quem busca [&hellip;]<\/p>\n","protected":false},"author":1789,"featured_media":1058143,"comment_status":"open","ping_status":"closed","sticky":false,"template":"","format":"standard","meta":{"post_tipo":"article","footnotes":""},"categories":[1,220219],"tags":[],"tax_estado":[219963],"class_list":["post-1633798","post","type-post","status-publish","format-standard","has-post-thumbnail","hentry","category-cursos-e-concursos","category-noticias","tax_estado-concursos-federais"],"acf":[],"yoast_head":"<!-- This site is optimized with the Yoast SEO Premium plugin v27.2 (Yoast SEO v27.2) - https:\/\/yoast.com\/product\/yoast-seo-premium-wordpress\/ -->\n<title>Carta aos Assinantes do Estrat\u00e9gia Concursos - 254<\/title>\n<meta name=\"description\" content=\"Confira em nossa 254\u00aa carta aos assinantes as novidades do nosso SQ e principais movimenta\u00e7\u00f5es de concursos.\" \/>\n<meta name=\"robots\" content=\"index, follow, max-snippet:-1, max-image-preview:large, max-video-preview:-1\" \/>\n<link rel=\"canonical\" href=\"https:\/\/www.estrategiaconcursos.com.br\/blog\/carta-aos-assinantes-254\/\" \/>\n<meta property=\"og:locale\" content=\"pt_BR\" \/>\n<meta property=\"og:type\" content=\"article\" \/>\n<meta property=\"og:title\" content=\"Carta aos Assinantes do Estrat\u00e9gia Concursos - 254\" \/>\n<meta property=\"og:description\" content=\"Confira em nossa 254\u00aa carta aos assinantes as novidades do nosso SQ e principais movimenta\u00e7\u00f5es de concursos.\" \/>\n<meta property=\"og:url\" content=\"https:\/\/www.estrategiaconcursos.com.br\/blog\/carta-aos-assinantes-254\/\" \/>\n<meta property=\"og:site_name\" content=\"Estrat\u00e9gia Concursos\" \/>\n<meta property=\"article:published_time\" content=\"2025-09-08T12:00:00+00:00\" \/>\n<meta property=\"article:modified_time\" content=\"2025-09-13T11:16:27+00:00\" \/>\n<meta property=\"og:image\" content=\"https:\/\/dhg1h5j42swfq.cloudfront.net\/2022\/07\/08165823\/imagem-carta-aos-assinantes-1.png\" \/>\n\t<meta property=\"og:image:width\" content=\"800\" \/>\n\t<meta property=\"og:image:height\" content=\"450\" \/>\n\t<meta property=\"og:image:type\" content=\"image\/png\" \/>\n<meta name=\"author\" content=\"Coordena\u00e7\u00e3o Estrat\u00e9gia\" \/>\n<meta name=\"twitter:card\" content=\"summary_large_image\" \/>\n<meta name=\"twitter:creator\" content=\"@EstratConcursos\" \/>\n<meta name=\"twitter:site\" content=\"@EstratConcursos\" \/>\n<meta name=\"twitter:label1\" content=\"Escrito por\" \/>\n\t<meta name=\"twitter:data1\" content=\"Coordena\u00e7\u00e3o Estrat\u00e9gia\" \/>\n\t<meta name=\"twitter:label2\" content=\"Est. tempo de leitura\" \/>\n\t<meta name=\"twitter:data2\" content=\"6 minutos\" \/>\n<script type=\"application\/ld+json\" class=\"yoast-schema-graph\">{\"@context\":\"https:\/\/schema.org\",\"@graph\":[{\"@type\":\"NewsArticle\",\"@id\":\"https:\/\/www.estrategiaconcursos.com.br\/blog\/carta-aos-assinantes-254\/#article\",\"isPartOf\":{\"@id\":\"https:\/\/www.estrategiaconcursos.com.br\/blog\/carta-aos-assinantes-254\/\"},\"author\":{\"name\":\"Coordena\u00e7\u00e3o Estrat\u00e9gia\",\"@id\":\"https:\/\/www.estrategiaconcursos.com.br\/blog\/#\/schema\/person\/ba5fab3b1fa4a358429e37bc50f74021\"},\"headline\":\"Carta aos Assinantes do Estrat\u00e9gia Concursos &#8211; 254\",\"datePublished\":\"2025-09-08T12:00:00+00:00\",\"dateModified\":\"2025-09-13T11:16:27+00:00\",\"mainEntityOfPage\":{\"@id\":\"https:\/\/www.estrategiaconcursos.com.br\/blog\/carta-aos-assinantes-254\/\"},\"wordCount\":1264,\"commentCount\":0,\"publisher\":{\"@id\":\"https:\/\/www.estrategiaconcursos.com.br\/blog\/#organization\"},\"image\":{\"@id\":\"https:\/\/www.estrategiaconcursos.com.br\/blog\/carta-aos-assinantes-254\/#primaryimage\"},\"thumbnailUrl\":\"https:\/\/dhg1h5j42swfq.cloudfront.net\/2022\/07\/08165823\/imagem-carta-aos-assinantes-1.png\",\"articleSection\":[\"Concursos P\u00fablicos\",\"\u00daltimas not\u00edcias\"],\"inLanguage\":\"pt-BR\",\"potentialAction\":[{\"@type\":\"CommentAction\",\"name\":\"Comment\",\"target\":[\"https:\/\/www.estrategiaconcursos.com.br\/blog\/carta-aos-assinantes-254\/#respond\"]}],\"copyrightYear\":\"2025\",\"copyrightHolder\":{\"@id\":\"https:\/\/www.estrategiaconcursos.com.br\/blog\/#organization\"}},{\"@type\":\"WebPage\",\"@id\":\"https:\/\/www.estrategiaconcursos.com.br\/blog\/carta-aos-assinantes-254\/\",\"url\":\"https:\/\/www.estrategiaconcursos.com.br\/blog\/carta-aos-assinantes-254\/\",\"name\":\"Carta aos Assinantes do Estrat\u00e9gia Concursos - 254\",\"isPartOf\":{\"@id\":\"https:\/\/www.estrategiaconcursos.com.br\/blog\/#website\"},\"primaryImageOfPage\":{\"@id\":\"https:\/\/www.estrategiaconcursos.com.br\/blog\/carta-aos-assinantes-254\/#primaryimage\"},\"image\":{\"@id\":\"https:\/\/www.estrategiaconcursos.com.br\/blog\/carta-aos-assinantes-254\/#primaryimage\"},\"thumbnailUrl\":\"https:\/\/dhg1h5j42swfq.cloudfront.net\/2022\/07\/08165823\/imagem-carta-aos-assinantes-1.png\",\"datePublished\":\"2025-09-08T12:00:00+00:00\",\"dateModified\":\"2025-09-13T11:16:27+00:00\",\"description\":\"Confira em nossa 254\u00aa carta aos assinantes as novidades do nosso SQ e principais movimenta\u00e7\u00f5es de concursos.\",\"breadcrumb\":{\"@id\":\"https:\/\/www.estrategiaconcursos.com.br\/blog\/carta-aos-assinantes-254\/#breadcrumb\"},\"inLanguage\":\"pt-BR\",\"potentialAction\":[{\"@type\":\"ReadAction\",\"target\":[\"https:\/\/www.estrategiaconcursos.com.br\/blog\/carta-aos-assinantes-254\/\"]}]},{\"@type\":\"ImageObject\",\"inLanguage\":\"pt-BR\",\"@id\":\"https:\/\/www.estrategiaconcursos.com.br\/blog\/carta-aos-assinantes-254\/#primaryimage\",\"url\":\"https:\/\/dhg1h5j42swfq.cloudfront.net\/2022\/07\/08165823\/imagem-carta-aos-assinantes-1.png\",\"contentUrl\":\"https:\/\/dhg1h5j42swfq.cloudfront.net\/2022\/07\/08165823\/imagem-carta-aos-assinantes-1.png\",\"width\":800,\"height\":450,\"caption\":\"Carta aos Assinantes\"},{\"@type\":\"BreadcrumbList\",\"@id\":\"https:\/\/www.estrategiaconcursos.com.br\/blog\/carta-aos-assinantes-254\/#breadcrumb\",\"itemListElement\":[{\"@type\":\"ListItem\",\"position\":1,\"name\":\"In\u00edcio\",\"item\":\"https:\/\/www.estrategiaconcursos.com.br\/blog\/\"},{\"@type\":\"ListItem\",\"position\":2,\"name\":\"Carta aos Assinantes do Estrat\u00e9gia Concursos &#8211; 254\"}]},{\"@type\":\"WebSite\",\"@id\":\"https:\/\/www.estrategiaconcursos.com.br\/blog\/#website\",\"url\":\"https:\/\/www.estrategiaconcursos.com.br\/blog\/\",\"name\":\"Estrat\u00e9gia Concursos\",\"description\":\"O blog da Estrat\u00e9gia Concursos traz not\u00edcias sobre concursos e artigos de professores oferecendo cursos para concursos (pdf + videaulas) no site.\",\"publisher\":{\"@id\":\"https:\/\/www.estrategiaconcursos.com.br\/blog\/#organization\"},\"potentialAction\":[{\"@type\":\"SearchAction\",\"target\":{\"@type\":\"EntryPoint\",\"urlTemplate\":\"https:\/\/www.estrategiaconcursos.com.br\/blog\/?s={search_term_string}\"},\"query-input\":{\"@type\":\"PropertyValueSpecification\",\"valueRequired\":true,\"valueName\":\"search_term_string\"}}],\"inLanguage\":\"pt-BR\"},{\"@type\":\"Organization\",\"@id\":\"https:\/\/www.estrategiaconcursos.com.br\/blog\/#organization\",\"name\":\"Estrat\u00e9gia Concursos\",\"url\":\"https:\/\/www.estrategiaconcursos.com.br\/blog\/\",\"logo\":{\"@type\":\"ImageObject\",\"inLanguage\":\"pt-BR\",\"@id\":\"https:\/\/www.estrategiaconcursos.com.br\/blog\/#\/schema\/logo\/image\/\",\"url\":\"https:\/\/dhg1h5j42swfq.cloudfront.net\/2025\/06\/03203428\/logo_concursos-1.jpg\",\"contentUrl\":\"https:\/\/dhg1h5j42swfq.cloudfront.net\/2025\/06\/03203428\/logo_concursos-1.jpg\",\"width\":230,\"height\":60,\"caption\":\"Estrat\u00e9gia Concursos\"},\"image\":{\"@id\":\"https:\/\/www.estrategiaconcursos.com.br\/blog\/#\/schema\/logo\/image\/\"},\"sameAs\":[\"https:\/\/x.com\/EstratConcursos\"]},{\"@type\":\"Person\",\"@id\":\"https:\/\/www.estrategiaconcursos.com.br\/blog\/#\/schema\/person\/ba5fab3b1fa4a358429e37bc50f74021\",\"name\":\"Coordena\u00e7\u00e3o Estrat\u00e9gia\",\"image\":{\"@type\":\"ImageObject\",\"inLanguage\":\"pt-BR\",\"@id\":\"https:\/\/secure.gravatar.com\/avatar\/adff33ff18541ba37c900dd2b1e82dbfb0fe33d873b92636b4827a8da462feb3?s=96&d=mm&r=g\",\"url\":\"https:\/\/secure.gravatar.com\/avatar\/adff33ff18541ba37c900dd2b1e82dbfb0fe33d873b92636b4827a8da462feb3?s=96&d=mm&r=g\",\"contentUrl\":\"https:\/\/secure.gravatar.com\/avatar\/adff33ff18541ba37c900dd2b1e82dbfb0fe33d873b92636b4827a8da462feb3?s=96&d=mm&r=g\",\"caption\":\"Coordena\u00e7\u00e3o Estrat\u00e9gia\"},\"url\":\"https:\/\/www.estrategiaconcursos.com.br\/blog\/author\/victor-tanakaaestrategiaconcursos-com-br\/\"}]}<\/script>\n<!-- \/ Yoast SEO Premium plugin. -->","yoast_head_json":{"title":"Carta aos Assinantes do Estrat\u00e9gia Concursos - 254","description":"Confira em nossa 254\u00aa carta aos assinantes as novidades do nosso SQ e principais movimenta\u00e7\u00f5es de concursos.","robots":{"index":"index","follow":"follow","max-snippet":"max-snippet:-1","max-image-preview":"max-image-preview:large","max-video-preview":"max-video-preview:-1"},"canonical":"https:\/\/www.estrategiaconcursos.com.br\/blog\/carta-aos-assinantes-254\/","og_locale":"pt_BR","og_type":"article","og_title":"Carta aos Assinantes do Estrat\u00e9gia Concursos - 254","og_description":"Confira em nossa 254\u00aa carta aos assinantes as novidades do nosso SQ e principais movimenta\u00e7\u00f5es de concursos.","og_url":"https:\/\/www.estrategiaconcursos.com.br\/blog\/carta-aos-assinantes-254\/","og_site_name":"Estrat\u00e9gia Concursos","article_published_time":"2025-09-08T12:00:00+00:00","article_modified_time":"2025-09-13T11:16:27+00:00","og_image":[{"width":800,"height":450,"url":"https:\/\/dhg1h5j42swfq.cloudfront.net\/2022\/07\/08165823\/imagem-carta-aos-assinantes-1.png","type":"image\/png"}],"author":"Coordena\u00e7\u00e3o Estrat\u00e9gia","twitter_card":"summary_large_image","twitter_creator":"@EstratConcursos","twitter_site":"@EstratConcursos","twitter_misc":{"Escrito por":"Coordena\u00e7\u00e3o Estrat\u00e9gia","Est. tempo de leitura":"6 minutos"},"schema":{"@context":"https:\/\/schema.org","@graph":[{"@type":"NewsArticle","@id":"https:\/\/www.estrategiaconcursos.com.br\/blog\/carta-aos-assinantes-254\/#article","isPartOf":{"@id":"https:\/\/www.estrategiaconcursos.com.br\/blog\/carta-aos-assinantes-254\/"},"author":{"name":"Coordena\u00e7\u00e3o Estrat\u00e9gia","@id":"https:\/\/www.estrategiaconcursos.com.br\/blog\/#\/schema\/person\/ba5fab3b1fa4a358429e37bc50f74021"},"headline":"Carta aos Assinantes do Estrat\u00e9gia Concursos &#8211; 254","datePublished":"2025-09-08T12:00:00+00:00","dateModified":"2025-09-13T11:16:27+00:00","mainEntityOfPage":{"@id":"https:\/\/www.estrategiaconcursos.com.br\/blog\/carta-aos-assinantes-254\/"},"wordCount":1264,"commentCount":0,"publisher":{"@id":"https:\/\/www.estrategiaconcursos.com.br\/blog\/#organization"},"image":{"@id":"https:\/\/www.estrategiaconcursos.com.br\/blog\/carta-aos-assinantes-254\/#primaryimage"},"thumbnailUrl":"https:\/\/dhg1h5j42swfq.cloudfront.net\/2022\/07\/08165823\/imagem-carta-aos-assinantes-1.png","articleSection":["Concursos P\u00fablicos","\u00daltimas not\u00edcias"],"inLanguage":"pt-BR","potentialAction":[{"@type":"CommentAction","name":"Comment","target":["https:\/\/www.estrategiaconcursos.com.br\/blog\/carta-aos-assinantes-254\/#respond"]}],"copyrightYear":"2025","copyrightHolder":{"@id":"https:\/\/www.estrategiaconcursos.com.br\/blog\/#organization"}},{"@type":"WebPage","@id":"https:\/\/www.estrategiaconcursos.com.br\/blog\/carta-aos-assinantes-254\/","url":"https:\/\/www.estrategiaconcursos.com.br\/blog\/carta-aos-assinantes-254\/","name":"Carta aos Assinantes do Estrat\u00e9gia Concursos - 254","isPartOf":{"@id":"https:\/\/www.estrategiaconcursos.com.br\/blog\/#website"},"primaryImageOfPage":{"@id":"https:\/\/www.estrategiaconcursos.com.br\/blog\/carta-aos-assinantes-254\/#primaryimage"},"image":{"@id":"https:\/\/www.estrategiaconcursos.com.br\/blog\/carta-aos-assinantes-254\/#primaryimage"},"thumbnailUrl":"https:\/\/dhg1h5j42swfq.cloudfront.net\/2022\/07\/08165823\/imagem-carta-aos-assinantes-1.png","datePublished":"2025-09-08T12:00:00+00:00","dateModified":"2025-09-13T11:16:27+00:00","description":"Confira em nossa 254\u00aa carta aos assinantes as novidades do nosso SQ e principais movimenta\u00e7\u00f5es de concursos.","breadcrumb":{"@id":"https:\/\/www.estrategiaconcursos.com.br\/blog\/carta-aos-assinantes-254\/#breadcrumb"},"inLanguage":"pt-BR","potentialAction":[{"@type":"ReadAction","target":["https:\/\/www.estrategiaconcursos.com.br\/blog\/carta-aos-assinantes-254\/"]}]},{"@type":"ImageObject","inLanguage":"pt-BR","@id":"https:\/\/www.estrategiaconcursos.com.br\/blog\/carta-aos-assinantes-254\/#primaryimage","url":"https:\/\/dhg1h5j42swfq.cloudfront.net\/2022\/07\/08165823\/imagem-carta-aos-assinantes-1.png","contentUrl":"https:\/\/dhg1h5j42swfq.cloudfront.net\/2022\/07\/08165823\/imagem-carta-aos-assinantes-1.png","width":800,"height":450,"caption":"Carta aos Assinantes"},{"@type":"BreadcrumbList","@id":"https:\/\/www.estrategiaconcursos.com.br\/blog\/carta-aos-assinantes-254\/#breadcrumb","itemListElement":[{"@type":"ListItem","position":1,"name":"In\u00edcio","item":"https:\/\/www.estrategiaconcursos.com.br\/blog\/"},{"@type":"ListItem","position":2,"name":"Carta aos Assinantes do Estrat\u00e9gia Concursos &#8211; 254"}]},{"@type":"WebSite","@id":"https:\/\/www.estrategiaconcursos.com.br\/blog\/#website","url":"https:\/\/www.estrategiaconcursos.com.br\/blog\/","name":"Estrat\u00e9gia Concursos","description":"O blog da Estrat\u00e9gia Concursos traz not\u00edcias sobre concursos e artigos de professores oferecendo cursos para concursos (pdf + videaulas) no site.","publisher":{"@id":"https:\/\/www.estrategiaconcursos.com.br\/blog\/#organization"},"potentialAction":[{"@type":"SearchAction","target":{"@type":"EntryPoint","urlTemplate":"https:\/\/www.estrategiaconcursos.com.br\/blog\/?s={search_term_string}"},"query-input":{"@type":"PropertyValueSpecification","valueRequired":true,"valueName":"search_term_string"}}],"inLanguage":"pt-BR"},{"@type":"Organization","@id":"https:\/\/www.estrategiaconcursos.com.br\/blog\/#organization","name":"Estrat\u00e9gia Concursos","url":"https:\/\/www.estrategiaconcursos.com.br\/blog\/","logo":{"@type":"ImageObject","inLanguage":"pt-BR","@id":"https:\/\/www.estrategiaconcursos.com.br\/blog\/#\/schema\/logo\/image\/","url":"https:\/\/dhg1h5j42swfq.cloudfront.net\/2025\/06\/03203428\/logo_concursos-1.jpg","contentUrl":"https:\/\/dhg1h5j42swfq.cloudfront.net\/2025\/06\/03203428\/logo_concursos-1.jpg","width":230,"height":60,"caption":"Estrat\u00e9gia Concursos"},"image":{"@id":"https:\/\/www.estrategiaconcursos.com.br\/blog\/#\/schema\/logo\/image\/"},"sameAs":["https:\/\/x.com\/EstratConcursos"]},{"@type":"Person","@id":"https:\/\/www.estrategiaconcursos.com.br\/blog\/#\/schema\/person\/ba5fab3b1fa4a358429e37bc50f74021","name":"Coordena\u00e7\u00e3o Estrat\u00e9gia","image":{"@type":"ImageObject","inLanguage":"pt-BR","@id":"https:\/\/secure.gravatar.com\/avatar\/adff33ff18541ba37c900dd2b1e82dbfb0fe33d873b92636b4827a8da462feb3?s=96&d=mm&r=g","url":"https:\/\/secure.gravatar.com\/avatar\/adff33ff18541ba37c900dd2b1e82dbfb0fe33d873b92636b4827a8da462feb3?s=96&d=mm&r=g","contentUrl":"https:\/\/secure.gravatar.com\/avatar\/adff33ff18541ba37c900dd2b1e82dbfb0fe33d873b92636b4827a8da462feb3?s=96&d=mm&r=g","caption":"Coordena\u00e7\u00e3o Estrat\u00e9gia"},"url":"https:\/\/www.estrategiaconcursos.com.br\/blog\/author\/victor-tanakaaestrategiaconcursos-com-br\/"}]}},"_links":{"self":[{"href":"https:\/\/www.estrategiaconcursos.com.br\/blog\/wp-json\/wp\/v2\/posts\/1633798","targetHints":{"allow":["GET"]}}],"collection":[{"href":"https:\/\/www.estrategiaconcursos.com.br\/blog\/wp-json\/wp\/v2\/posts"}],"about":[{"href":"https:\/\/www.estrategiaconcursos.com.br\/blog\/wp-json\/wp\/v2\/types\/post"}],"author":[{"embeddable":true,"href":"https:\/\/www.estrategiaconcursos.com.br\/blog\/wp-json\/wp\/v2\/users\/1789"}],"replies":[{"embeddable":true,"href":"https:\/\/www.estrategiaconcursos.com.br\/blog\/wp-json\/wp\/v2\/comments?post=1633798"}],"version-history":[{"count":8,"href":"https:\/\/www.estrategiaconcursos.com.br\/blog\/wp-json\/wp\/v2\/posts\/1633798\/revisions"}],"predecessor-version":[{"id":1634665,"href":"https:\/\/www.estrategiaconcursos.com.br\/blog\/wp-json\/wp\/v2\/posts\/1633798\/revisions\/1634665"}],"wp:featuredmedia":[{"embeddable":true,"href":"https:\/\/www.estrategiaconcursos.com.br\/blog\/wp-json\/wp\/v2\/media\/1058143"}],"wp:attachment":[{"href":"https:\/\/www.estrategiaconcursos.com.br\/blog\/wp-json\/wp\/v2\/media?parent=1633798"}],"wp:term":[{"taxonomy":"category","embeddable":true,"href":"https:\/\/www.estrategiaconcursos.com.br\/blog\/wp-json\/wp\/v2\/categories?post=1633798"},{"taxonomy":"post_tag","embeddable":true,"href":"https:\/\/www.estrategiaconcursos.com.br\/blog\/wp-json\/wp\/v2\/tags?post=1633798"},{"taxonomy":"tax_estado","embeddable":true,"href":"https:\/\/www.estrategiaconcursos.com.br\/blog\/wp-json\/wp\/v2\/tax_estado?post=1633798"}],"curies":[{"name":"wp","href":"https:\/\/api.w.org\/{rel}","templated":true}]}}