{"id":163371,"date":"2026-04-16T09:22:00","date_gmt":"2026-04-16T12:22:00","guid":{"rendered":"https:\/\/www.estrategiaconcursos.com.br\/blog\/?p=163371"},"modified":"2026-04-16T09:54:50","modified_gmt":"2026-04-16T12:54:50","slug":"concurso-tce-rn","status":"publish","type":"post","link":"https:\/\/www.estrategiaconcursos.com.br\/blog\/concurso-tce-rn\/","title":{"rendered":"Concurso TCE RN: fez as provas? Confira os gabaritos!"},"content":{"rendered":"\n<p style=\"font-size:clamp(16.293px, 1.018rem + ((1vw - 3.2px) * 0.854), 25px);\"><em><strong>Concurso TCE RN oferece vagas com sal\u00e1rios iniciais de at\u00e9 R$ 15 mil!<\/strong><\/em><\/p>\n\n\n\n<center><a id=\"cta-icon\" href=\"https:\/\/sndflw.com\/i\/tce-rn-grupo\" target=\"_blank\" style=\"background:#29a61a; display:inline-flex; align-items:center; padding:10px 15px; border-radius:6px; color:#fff; text-decoration:none; font-weight:500; font-size:15px;\"><img decoding=\"async\" src=\"https:\/\/dhg1h5j42swfq.cloudfront.net\/2023\/12\/07154107\/whatsapp_13851.png\" alt=\"\" style=\"width:20px; height:20px; margin-right:8px;\"><span>Acesse agora o Grupo de Estudos para o Concurso TCE RN<\/span><\/a><\/center>\n\n\n\n<div style=\"height:15px\" aria-hidden=\"true\" class=\"wp-block-spacer\"><\/div>\n\n\n\n<p>Foram aplicadas nos dias <strong>11 e 12 de abril <\/strong>as provas objetivas e discursivas do <strong>Concurso <a href=\"https:\/\/www.estrategiaconcursos.com.br\/cursosPorConcurso\/tce-rn-tribunal-de-contas-do-rio-grande-do-norte-417\/\" target=\"_blank\" rel=\"noreferrer noopener\">TCE RN<\/a><\/strong>&nbsp;<strong>(Tribunal de Contas do Rio Grande do Norte)<\/strong>.<\/p>\n\n\n\n<p>Com isso, a consulta individual aos gabaritos foi oficialmente liberada. <\/p>\n\n\n\n<ul class=\"wp-block-list\">\n<li><a href=\"https:\/\/security.cebraspe.org.br\/TCE_RN_25\/Recursos\/Objetiva\/GabaritoPreliminar_4404B848-2FF0-4C50-94AE\" target=\"_blank\" rel=\"noreferrer noopener nofollow\">Consulta individual ao gabarito preliminar<\/a>;<\/li>\n\n\n\n<li><a href=\"https:\/\/www.estrategiaconcursos.com.br\/blog\/concurso-tce-rn-2026-recursos\/\" target=\"_blank\" rel=\"noreferrer noopener\">Confira as sugest\u00f5es de recursos elaboradas pelo nosso time de professores<\/a>.<\/li>\n<\/ul>\n\n\n\n<p>Ademais, os candidatos podem interpor recursos at\u00e9 as 18h do dia <strong>16 de abril<\/strong>, atrav\u00e9s do site da banca, o Cebraspe.<\/p>\n\n\n\n<p>Ao todo, a banca registrou cerca de <a href=\"https:\/\/www.estrategiaconcursos.com.br\/blog\/concuros-tce-rn-2026-inscritos\/\" target=\"_blank\" rel=\"noreferrer noopener\">21 mil candidatos inscritos<\/a> que disputam 55 vagas imediatas mais 189 em CR.<\/p>\n\n\n\n<p>As oportunidades s\u00e3o para diversos cargos e escolaridades, com exig\u00eancia de n\u00edveis m\u00e9dio e superior.<\/p>\n\n\n\n<ul class=\"wp-block-list\">\n<li><strong>N\u00edvel superior: <\/strong>Analista Administrativo (v\u00e1rias especialidades), Auditor de Controle Externo (v\u00e1rias especialidades), M\u00e9dico;<\/li>\n\n\n\n<li><strong>N\u00edvel m\u00e9dio: <\/strong>T\u00e9cnico Administrativo.<\/li>\n<\/ul>\n\n\n\n<p>Al\u00e9m disso, o edital traz remunera\u00e7\u00f5es atrativas, com valores de <strong>R$ 6 mil a R$ 15 mil,<\/strong> a depender do cargo. Isso sem contar os benef\u00edcios como R$ 2.000,00 de <strong>aux\u00edlio-alimenta\u00e7\u00e3o e aux\u00edlio-sa\u00fade<\/strong>.<\/p>\n\n\n\n<ul id=\"block-ee678516-e9d1-48bd-b327-7b9acd55f0fd\" class=\"wp-block-list has-very-light-gray-to-cyan-bluish-gray-gradient-background has-background\">\n<li><strong>Tribunal de Contas do Estado do Rio Grande do Norte<\/strong><\/li>\n\n\n\n<li><strong>Status:<\/strong> provas aplicadas<\/li>\n\n\n\n<li><strong>Banca:&nbsp;<\/strong><a href=\"https:\/\/www.cebraspe.org.br\/concursos\/TCE_RN_25\" target=\"_blank\" rel=\"noreferrer noopener nofollow\">Cebraspe<\/a><\/li>\n\n\n\n<li><strong>Vagas:&nbsp;<\/strong>55 + 189 CR<\/li>\n\n\n\n<li><strong>Sal\u00e1rio inicial:<\/strong>&nbsp;R$ 6.173,51 a R$ 15.553,30 + benef\u00edcios<\/li>\n\n\n\n<li><strong>Edital: <\/strong><a href=\"https:\/\/dhg1h5j42swfq.cloudfront.net\/2025\/12\/30083724\/edital-tce-rn-2025-estrategia-concursos.pdf\" target=\"_blank\" rel=\"noreferrer noopener nofollow\">Edital TCE RN 2025<\/a><\/li>\n<\/ul>\n\n\n\n<p>Confira abaixo as atualiza\u00e7\u00f5es sobre o novo concurso e as informa\u00e7\u00f5es que te far\u00e3o ser aprovado no certame! Acesse os t\u00f3picos e confira:<\/p>\n\n\n\n<ul id=\"indice\" class=\"wp-block-list\">\n<li><a href=\"#linha\"><strong>Linha do tempo<\/strong><\/a><\/li>\n\n\n\n<li><strong><a href=\"#retificacoes\">Retifica\u00e7\u00f5es<\/a><\/strong><\/li>\n\n\n\n<li><strong><a href=\"#vagas\">Distribui\u00e7\u00e3o das vagas<\/a><\/strong><\/li>\n\n\n\n<li><strong><a href=\"#etapas\">Etapas de prova<\/a><\/strong>\n<ul class=\"wp-block-list\">\n<li><a href=\"#objetiva\">Prova objetiva<\/a><\/li>\n\n\n\n<li><a href=\"#discursiva\">Prova discursiva<\/a><\/li>\n\n\n\n<li><a href=\"#titulos\">Avalia\u00e7\u00e3o de t\u00edtulos<\/a><\/li>\n<\/ul>\n<\/li>\n\n\n\n<li><a href=\"#carreira\"><strong>Carreira<\/strong><\/a>\n<ul class=\"wp-block-list\">\n<li><a href=\"#mudancas\">Mudan\u00e7as na carreira<\/a><\/li>\n\n\n\n<li><a href=\"#remuneracao\">Remunera\u00e7\u00e3o<\/a><\/li>\n\n\n\n<li><a href=\"#requisitos\">Requisitos<\/a><\/li>\n<\/ul>\n<\/li>\n\n\n\n<li><a href=\"#ultimo\"><strong>\u00daltimo concurso<\/strong><\/a> (2015)\n<ul class=\"wp-block-list\">\n<li><a href=\"#nomeacoes\">Nomea\u00e7\u00f5es<\/a><\/li>\n<\/ul>\n<\/li>\n\n\n\n<li><a href=\"#cursos\"><strong>Assinatura e cursos<\/strong><\/a><\/li>\n\n\n\n<li><a href=\"#ficha\"><strong>Ficha t\u00e9cnica<\/strong><\/a><\/li>\n<\/ul>\n\n\n\n<div class=\"container\" id=\"boxes\">\n  <div class=\"row\">\n\n    <div class=\"col-sm\">\n      <div class=\"banner-controle-ec\" id=\"box-assinatura\">\n        <h2 class=\"titulo-assinatura\">Cursos Concurso TCE RN<\/h2>\n        <p class=\"subtitulo-assinatura\">Prepare-se com quem mais aprova! \u2b50<\/p>\n        <div class=\"box-botao\">\n          <a class=\"btn-assinatura\" target=\"_blank\" href=\"https:\/\/www.estrategiaconcursos.com.br\/cursosPorConcurso\/tce-rn-tribunal-de-contas-do-rio-grande-do-norte-417\/\" role=\"button\" rel=\"noopener noreferrer\">VER CURSOS<\/a>\n        <\/div>\n      <\/div>\n      \n    <\/div>\n\n  <\/div>\n<\/div>\n\n\n\n<h2 class=\"wp-block-heading\" id=\"linha\">Linha do tempo do Concurso TCE RN<\/h2>\n\n\n\n<ul class=\"wp-block-list\">\n<li><strong>08\/11\/2023:<\/strong>&nbsp;previsto no PPA para o quadri\u00eanio 2024- 2027;<\/li>\n\n\n\n<li><strong>20\/09\/2024:<\/strong>&nbsp;previsto no PLOA RN para 2025;<\/li>\n\n\n\n<li><strong>28\/01\/2025:<\/strong> concurso previsto na LOA RN para 2025;<\/li>\n\n\n\n<li><strong>26\/03\/2025: <\/strong>concurso \u00e9 solicitado pelo Sindicontas;<\/li>\n\n\n\n<li><strong>06\/06\/2025:<\/strong> <a href=\"https:\/\/www.estrategiaconcursos.com.br\/blog\/novo-concurso-tce-rn-2025\/\" target=\"_blank\" rel=\"noreferrer noopener\">concurso anunciado<\/a>;<\/li>\n\n\n\n<li><strong>22\/07\/2025: <\/strong><a href=\"https:\/\/www.estrategiaconcursos.com.br\/blog\/concurs-tce-rn-tramites-apos-comissao\/\" target=\"_blank\" rel=\"noreferrer noopener\">concurso ainda \u00e9 previsto para 2025, mas aguarda defini\u00e7\u00e3o da comiss\u00e3o<\/a>;<\/li>\n\n\n\n<li><strong>20\/08\/2025: <\/strong><a href=\"https:\/\/dhg1h5j42swfq.cloudfront.net\/2025\/08\/25134354\/3_000020_2025_cgp_20-08-2025-1039.pdf\" target=\"_blank\" rel=\"noreferrer noopener nofollow\">aprovado anteprojeto que visa criar cargos, entre outras mudan\u00e7as<\/a>;<\/li>\n\n\n\n<li><strong>25\/08\/2025: <\/strong><a href=\"https:\/\/www.estrategiaconcursos.com.br\/blog\/concurso-tce-rn-2025-comissao-em-breve\/\" target=\"_blank\" rel=\"noreferrer noopener\">comiss\u00e3o ser\u00e1 formada em breve<\/a>;<\/li>\n\n\n\n<li><strong>26\/08\/2025:<\/strong> <a href=\"https:\/\/www.estrategiaconcursos.com.br\/blog\/concurso-tce-rn-projeto-preve-reestruturacao-e-novos-cargos\/\" target=\"_blank\" rel=\"noreferrer noopener\">presidente do Tribunal de Contas apresenta na ALERN projeto de reestrutura\u00e7\u00e3o<\/a>;<\/li>\n\n\n\n<li><strong>15\/09\/2025:<\/strong> <a href=\"https:\/\/www.estrategiaconcursos.com.br\/blog\/concurso-tce-rn-comissao-formada\/\" target=\"_blank\" rel=\"noreferrer noopener\">comiss\u00e3o formada<\/a>;<\/li>\n\n\n\n<li><strong>21\/10\/2025<\/strong>: <a href=\"https:\/\/www.instagram.com\/p\/DQFU17UCSxr\/\" target=\"_blank\" rel=\"noreferrer noopener\">banca nos pr\u00f3ximos dias, afirmou o consultor-geral do TCE<\/a>;<\/li>\n\n\n\n<li><strong>01\/11\/2025: <\/strong><a href=\"https:\/\/www.estrategiaconcursos.com.br\/blog\/concurso-tce-rn-lei-sancionada\/\" target=\"_blank\" rel=\"noreferrer noopener\">publicada a lei que reestrutura o \u00f3rg\u00e3o TCE RN; edital pode ser finalmente publicado<\/a>;<\/li>\n\n\n\n<li><strong>03\/11\/2025:<\/strong> <a href=\"https:\/\/www.estrategiaconcursos.com.br\/blog\/concurso-tce-rn-banca\/\" target=\"_blank\" rel=\"noreferrer noopener\">Cebraspe definido como banca organizadora<\/a>;<\/li>\n\n\n\n<li><strong>27\/11\/2025:<\/strong> <a href=\"https:\/\/www.estrategiaconcursos.com.br\/blog\/concurso-tce-rn-edital-2025\/\" target=\"_blank\" rel=\"noreferrer noopener\">edital confirmado ainda para 2025<\/a>;<\/li>\n\n\n\n<li><strong>29\/12\/2025: <\/strong><a href=\"https:\/\/www.estrategiaconcursos.com.br\/blog\/concurso-tce-rn-edital-publicado\/\" target=\"_blank\" rel=\"noreferrer noopener\">edital publicado<\/a>.<\/li>\n<\/ul>\n\n\n\n<h2 class=\"wp-block-heading\" id=\"retificacoes\">Concurso TCE RN: retifica\u00e7\u00f5es<\/h2>\n\n\n\n<p><strong><a href=\"https:\/\/dhg1h5j42swfq.cloudfront.net\/2026\/01\/12210327\/fc2dbd55450feabdc195ee578d78b0d68c44a2656e124650d65560e97a64c6b4.pdf\" target=\"_blank\" rel=\"noreferrer noopener nofollow\">Retifica\u00e7\u00e3o 1<\/a> (12\/01\/2026): <\/strong>adi\u00e7\u00e3o a taxa de inscri\u00e7\u00e3o para M\u00e9dico, no valor de R$ 180,00, alterando pontua\u00e7\u00f5es da prova de t\u00edtulos e o conte\u00fado program\u00e1tico;<\/p>\n\n\n\n<p><strong><a href=\"https:\/\/dhg1h5j42swfq.cloudfront.net\/2026\/03\/31184509\/ade06c85f666380329ccd1aefb7b494275e572be5325957f24c8b0dce9de259d.pdf\" target=\"_blank\" rel=\"noreferrer noopener nofollow\">Retifica\u00e7\u00e3o 2<\/a> (31\/03\/2026):<\/strong> mudan\u00e7a em al\u00ednea da prova de t\u00edtulos<\/p>\n\n\n\n<h2 class=\"wp-block-heading\" id=\"vagas\">Concurso TCE RN: distribui\u00e7\u00e3o das vagas<\/h2>\n\n\n\n<p>No total, s\u00e3o <strong>55 vagas imediatas mais 189 em cadastro de reserva<\/strong>. As oportunidades s\u00e3o para diversos cargos e escolaridades, com exig\u00eancia de n\u00edveis m\u00e9dio e superior.<\/p>\n\n\n\n<ul class=\"wp-block-list\">\n<li><strong>Auditor de Controle Externo<\/strong>: 30 vagas + 91 CR;\n<ul class=\"wp-block-list\">\n<li>Sal\u00e1rio inicial de: <strong>R$ 15.553,30<\/strong><\/li>\n<\/ul>\n<\/li>\n<\/ul>\n\n\n\n<figure class=\"wp-block-table is-style-stripes\"><table><thead><tr><th class=\"has-text-align-center\" data-align=\"center\">Especialidade<\/th><th class=\"has-text-align-center\" data-align=\"center\">Vagas<\/th><\/tr><\/thead><tbody><tr><td class=\"has-text-align-center\" data-align=\"center\">Cargo 6: Auditor de Controle Externo \u2013 Especialidade: Administra\u00e7\u00e3o \/ Gest\u00e3o de Pol\u00edticas P\u00fablicas \/ Gest\u00e3o P\u00fablica<\/td><td class=\"has-text-align-center\" data-align=\"center\">6 +  18 CR<\/td><\/tr><tr><td class=\"has-text-align-center\" data-align=\"center\">Cargo 7: Auditor de Controle Externo \u2013 Especialidade: Ci\u00eancias Atuariais<\/td><td class=\"has-text-align-center\" data-align=\"center\">1 + 4 CR<\/td><\/tr><tr><td class=\"has-text-align-center\" data-align=\"center\">Cargo 8: Auditor de Controle Externo \u2013 Especialidade: Contabilidade<\/td><td class=\"has-text-align-center\" data-align=\"center\">9 + 27 CR<\/td><\/tr><tr><td class=\"has-text-align-center\" data-align=\"center\">Cargo 9: Auditor de Controle Externo \u2013 Especialidade: Direito<\/td><td class=\"has-text-align-center\" data-align=\"center\">6 +  18 CR<\/td><\/tr><tr><td class=\"has-text-align-center\" data-align=\"center\">Cargo 10: Auditor de Controle Externo \u2013 Especialidade: Engenharia<\/td><td class=\"has-text-align-center\" data-align=\"center\">3 + 9 CR<\/td><\/tr><tr><td class=\"has-text-align-center\" data-align=\"center\">Cargo 11: Auditor de Controle Externo \u2013 Especialidade: Estat\u00edstica<\/td><td class=\"has-text-align-center\" data-align=\"center\">2 + 6 CR<\/td><\/tr><tr><td class=\"has-text-align-center\" data-align=\"center\">Cargo 12: Auditor de Controle Externo \u2013 Especialidade: Tecnologia da Informa\u00e7\u00e3o<\/td><td class=\"has-text-align-center\" data-align=\"center\">3 + 9 CR<\/td><\/tr><\/tbody><\/table><\/figure>\n\n\n\n<ul class=\"wp-block-list\">\n<li><strong>Analista Administrativo<\/strong>: 14 vagas + 64 CR;\n<ul class=\"wp-block-list\">\n<li>Sal\u00e1rio inicial de: <strong>R$ 11.016,92<\/strong><\/li>\n<\/ul>\n<\/li>\n<\/ul>\n\n\n\n<figure class=\"wp-block-table is-style-stripes\"><table><thead><tr><th class=\"has-text-align-center\" data-align=\"center\">Especialidade<\/th><th class=\"has-text-align-center\" data-align=\"center\">Vagas<\/th><\/tr><\/thead><tbody><tr><td class=\"has-text-align-center\" data-align=\"center\">Cargo 1: Analista Administrativo \u2013 Especialidade: Arquivologia<\/td><td class=\"has-text-align-center\" data-align=\"center\">1 + 4 CR<\/td><\/tr><tr><td class=\"has-text-align-center\" data-align=\"center\">Cargo 2: Analista Administrativo \u2013 Especialidade: Ci\u00eancias Cont\u00e1beis<\/td><td class=\"has-text-align-center\" data-align=\"center\">2 + 6 CR<\/td><\/tr><tr><td class=\"has-text-align-center\" data-align=\"center\">Cargo 3: Analista Administrativo \u2013 Especialidade: Engenharia Civil<\/td><td class=\"has-text-align-center\" data-align=\"center\">1 + 4 CR<\/td><\/tr><tr><td class=\"has-text-align-center\" data-align=\"center\">Cargo 4: Analista Administrativo \u2013 Especialidade: Tecnologia da Informa\u00e7\u00e3o (Desenvolvimento de Sistemas e Intelig\u00eancia da Informa\u00e7\u00e3o)<\/td><td class=\"has-text-align-center\" data-align=\"center\">7 +  35 CR<\/td><\/tr><tr><td class=\"has-text-align-center\" data-align=\"center\">Cargo 5: Analista Administrativo \u2013 Especialidade: Tecnologia da Informa\u00e7\u00e3o (Infraestrutura, Seguran\u00e7a e Suporte)<\/td><td class=\"has-text-align-center\" data-align=\"center\">3 + 15 CR<\/td><\/tr><\/tbody><\/table><\/figure>\n\n\n\n<ul class=\"wp-block-list\">\n<li><strong>M\u00e9dico:<\/strong> 1 vaga + 4 CR\n<ul class=\"wp-block-list\">\n<li>Sal\u00e1rio inicial de: <strong>R$ 10.368,86<\/strong><\/li>\n<\/ul>\n<\/li>\n<\/ul>\n\n\n\n<figure class=\"wp-block-table is-style-stripes\"><table><thead><tr><th class=\"has-text-align-center\" data-align=\"center\">Especialidade<\/th><th class=\"has-text-align-center\" data-align=\"center\">Vagas<\/th><\/tr><\/thead><tbody><tr><td class=\"has-text-align-center\" data-align=\"center\">Cargo 13: M\u00e9dico<\/td><td class=\"has-text-align-center\" data-align=\"center\">1 +  4 CR<\/td><\/tr><\/tbody><\/table><\/figure>\n\n\n\n<ul class=\"wp-block-list\">\n<li><strong>T\u00e9cnico Administrativo:<\/strong> 10 vaga + 30 CR\n<ul class=\"wp-block-list\">\n<li>Sal\u00e1rio inicial de: <strong><\/strong><strong>R$ 6.173,51<\/strong>\n<ul class=\"wp-block-list\">\n<li><strong>REQUISITOS:<\/strong> certificado, devidamente registrado, de conclus\u00e3o de curso de ensino m\u00e9dio, expedido por institui\u00e7\u00e3o de ensino reconhecida pelo \u00f3rg\u00e3o competente.<\/li>\n<\/ul>\n<\/li>\n<\/ul>\n<\/li>\n<\/ul>\n\n\n\n<figure class=\"wp-block-table is-style-stripes\"><table><thead><tr><th class=\"has-text-align-center\" data-align=\"center\">Especialidade<\/th><th class=\"has-text-align-center\" data-align=\"center\">Vagas<\/th><\/tr><\/thead><tbody><tr><td class=\"has-text-align-center\" data-align=\"center\">Cargo 14: T\u00e9cnico Administrativo<\/td><td class=\"has-text-align-center\" data-align=\"center\">10 + 30 CR<\/td><\/tr><\/tbody><\/table><\/figure>\n\n\n\n<p>Os aprovados no edital TCE RN ainda far\u00e3o jus a um aux\u00edlio-alimenta\u00e7\u00e3o de <strong>R$ 2.000,00<\/strong> e assist\u00eancia \u00e0 sa\u00fade. <\/p>\n\n\n\n<h2 class=\"wp-block-heading\" id=\"etapas\">Etapas de prova do Concurso TCE RN<\/h2>\n\n\n\n<p>As etapas de avalia\u00e7\u00e3o do edital TCE RN consistem em:<\/p>\n\n\n\n<ul class=\"wp-block-list\">\n<li><strong>Prova objetiva (P1),<\/strong>&nbsp;de car\u00e1ter classificat\u00f3rio e eliminat\u00f3rio, para todos os cargos;<\/li>\n\n\n\n<li><strong>Prova objetiva (P2)<\/strong>, de car\u00e1ter classificat\u00f3rio e eliminat\u00f3rio, para todos os cargos;<\/li>\n\n\n\n<li><strong>Prova discursiva (P3),<\/strong>&nbsp;de car\u00e1ter classificat\u00f3rio e eliminat\u00f3rio, para todos os cargos; e<\/li>\n\n\n\n<li><strong>Avalia\u00e7\u00e3o de t\u00edtulos (P4)<\/strong>, de car\u00e1ter classificat\u00f3rio, apenas para Analista, M\u00e9dico e Auditor.<\/li>\n<\/ul>\n\n\n\n<figure class=\"wp-block-table is-style-stripes\"><table><thead><tr><th class=\"has-text-align-center\" data-align=\"center\">Prova<\/th><th class=\"has-text-align-center\" data-align=\"center\">Cargos<\/th><th class=\"has-text-align-center\" data-align=\"center\">Dura\u00e7\u00e3o<\/th><th class=\"has-text-align-center\" data-align=\"center\">Data<\/th><th class=\"has-text-align-center\" data-align=\"center\">Turno<\/th><\/tr><\/thead><tbody><tr><td class=\"has-text-align-center\" data-align=\"center\">Provas objetivas e <br \/>prova discursiva<\/td><td class=\"has-text-align-center\" data-align=\"center\">Auditor de Controle Externo<\/td><td class=\"has-text-align-center\" data-align=\"center\">5 horas <\/td><td class=\"has-text-align-center\" data-align=\"center\">11 de abril (s\u00e1bado)<\/td><td class=\"has-text-align-center\" data-align=\"center\">Tarde<\/td><\/tr><tr><td class=\"has-text-align-center\" data-align=\"center\">Provas objetivas e <br \/>prova discursiva<\/td><td class=\"has-text-align-center\" data-align=\"center\">Analista Administrativo <br \/>e M\u00e9dico<\/td><td class=\"has-text-align-center\" data-align=\"center\">4 horas e 30 minutos<\/td><td class=\"has-text-align-center\" data-align=\"center\">12 de abril (domingo)<\/td><td class=\"has-text-align-center\" data-align=\"center\">Manh\u00e3<\/td><\/tr><tr><td class=\"has-text-align-center\" data-align=\"center\">Provas objetivas e <br \/>prova discursiva<\/td><td class=\"has-text-align-center\" data-align=\"center\">T\u00e9cnico Administrativo<\/td><td class=\"has-text-align-center\" data-align=\"center\">4 horas e 30 minutos<\/td><td class=\"has-text-align-center\" data-align=\"center\">12 de abril (domingo)<\/td><td class=\"has-text-align-center\" data-align=\"center\">Tarde<\/td><\/tr><\/tbody><\/table><\/figure>\n\n\n\n<h3 class=\"wp-block-heading\" id=\"objetiva\">Prova objetiva <\/h3>\n\n\n\n<p>As provas objetivas, de car\u00e1ter eliminat\u00f3rio e classificat\u00f3rio, valem 120,00 pontos. Ser\u00e1 reprovado nas provas objetivas e eliminado do concurso p\u00fablico o candidato que se enquadrar em pelo menos um dos itens a seguir:<\/p>\n\n\n\n<ul class=\"wp-block-list\">\n<li>a) obtiver nota inferior a 10,00 pontos na prova objetiva de conhecimentos gerais P1;<\/li>\n\n\n\n<li>b) obtiver nota inferior a 21,00 pontos na prova objetiva de conhecimentos espec\u00edficos P2;<\/li>\n\n\n\n<li>c) obtiver nota inferior a 36,00 pontos no conjunto das provas objetivas.<\/li>\n<\/ul>\n\n\n\n<figure class=\"wp-block-image aligncenter size-full\"><img loading=\"lazy\" decoding=\"async\" width=\"789\" height=\"442\" src=\"https:\/\/dhg1h5j42swfq.cloudfront.net\/2025\/11\/29172230\/vagas.jpg\" alt=\"Concurso TCE RN: detalhes da prova objetiva\" class=\"wp-image-1691442\" srcset=\"https:\/\/dhg1h5j42swfq.cloudfront.net\/2025\/11\/29172230\/vagas.jpg 789w, https:\/\/dhg1h5j42swfq.cloudfront.net\/2025\/11\/29172230\/vagas-300x168.jpg 300w, https:\/\/dhg1h5j42swfq.cloudfront.net\/2025\/11\/29172230\/vagas-768x430.jpg 768w, https:\/\/dhg1h5j42swfq.cloudfront.net\/2025\/11\/29172230\/vagas-150x84.jpg 150w\" sizes=\"auto, (max-width: 789px) 100vw, 789px\" \/><\/figure>\n\n\n\n<h3 class=\"wp-block-heading\" id=\"discursiva\">Prova discursiva <\/h3>\n\n\n\n<p>A prova discursiva consistiu de:<\/p>\n\n\n\n<p>a) quest\u00e3o discursiva, a ser respondida em at\u00e9 30 linhas, com o valor de 20,00 pontos, acerca dos conhecimentos espec\u00edficos, para os cargos de&nbsp;<strong>Analista Administrativo e de M\u00e9dico<\/strong>;<\/p>\n\n\n\n<p>b) estudo de caso envolvendo uma situa\u00e7\u00e3o problema, a ser respondido em at\u00e9 45 linhas, com o valor de 30,00 pontos, acerca dos conhecimentos espec\u00edficos, para os cargos de&nbsp;<strong>Auditor de Controle Externo;<\/strong><\/p>\n\n\n\n<p>c) quest\u00e3o discursiva, a ser respondida em at\u00e9 30 linhas, com o valor de 20,00 pontos, acerca de tema da atualidade, para o cargo de&nbsp;<strong>T\u00e9cnico Administrativo.<\/strong><\/p>\n\n\n\n<h3 class=\"wp-block-heading\" id=\"titulos\">Avalia\u00e7\u00e3o de t\u00edtulos<\/h3>\n\n\n\n<p>A avalia\u00e7\u00e3o de t\u00edtulos valer\u00e1 10,00 pontos, ainda que a soma dos valores dos t\u00edtulos enviados seja superior a esse valor.<\/p>\n\n\n\n<p><strong>CARGO 4:<\/strong>&nbsp;ANALISTA ADMINISTRATIVO \u2013 ESPECIALIDADE: TECNOLOGIA DA INFORMA\u00c7\u00c3O (DESENVOLVIMENTO DE SISTEMAS E INTELIG\u00caNCIA DA INFORMA\u00c7\u00c3O)<\/p>\n\n\n\n<figure class=\"wp-block-image aligncenter\"><img loading=\"lazy\" decoding=\"async\" width=\"1024\" height=\"156\" src=\"https:\/\/dhg1h5j42swfq.cloudfront.net\/2025\/12\/29171400\/captura-de-tela-2025-12-29-as-17-13-38-1024x156.png\" alt=\"detalhes da prova de t\u00edtulos\" class=\"wp-image-1691431\" srcset=\"https:\/\/dhg1h5j42swfq.cloudfront.net\/2025\/12\/29171400\/captura-de-tela-2025-12-29-as-17-13-38-1024x156.png 1024w, https:\/\/dhg1h5j42swfq.cloudfront.net\/2025\/12\/29171400\/captura-de-tela-2025-12-29-as-17-13-38-300x46.png 300w, https:\/\/dhg1h5j42swfq.cloudfront.net\/2025\/12\/29171400\/captura-de-tela-2025-12-29-as-17-13-38-768x117.png 768w, https:\/\/dhg1h5j42swfq.cloudfront.net\/2025\/12\/29171400\/captura-de-tela-2025-12-29-as-17-13-38-1536x234.png 1536w, https:\/\/dhg1h5j42swfq.cloudfront.net\/2025\/12\/29171400\/captura-de-tela-2025-12-29-as-17-13-38-150x23.png 150w, https:\/\/dhg1h5j42swfq.cloudfront.net\/2025\/12\/29171400\/captura-de-tela-2025-12-29-as-17-13-38.png 1586w\" sizes=\"auto, (max-width: 1024px) 100vw, 1024px\" \/><\/figure>\n\n\n\n<figure class=\"wp-block-image aligncenter\"><img loading=\"lazy\" decoding=\"async\" width=\"1024\" height=\"671\" src=\"https:\/\/dhg1h5j42swfq.cloudfront.net\/2025\/12\/29171420\/captura-de-tela-2025-12-29-as-17-14-05-1024x671.png\" alt=\"Concurso TCE RN: detalhes da prova de t\u00edtulos\" class=\"wp-image-1691432\" srcset=\"https:\/\/dhg1h5j42swfq.cloudfront.net\/2025\/12\/29171420\/captura-de-tela-2025-12-29-as-17-14-05-1024x671.png 1024w, https:\/\/dhg1h5j42swfq.cloudfront.net\/2025\/12\/29171420\/captura-de-tela-2025-12-29-as-17-14-05-300x197.png 300w, https:\/\/dhg1h5j42swfq.cloudfront.net\/2025\/12\/29171420\/captura-de-tela-2025-12-29-as-17-14-05-768x503.png 768w, https:\/\/dhg1h5j42swfq.cloudfront.net\/2025\/12\/29171420\/captura-de-tela-2025-12-29-as-17-14-05-1536x1006.png 1536w, https:\/\/dhg1h5j42swfq.cloudfront.net\/2025\/12\/29171420\/captura-de-tela-2025-12-29-as-17-14-05-150x98.png 150w, https:\/\/dhg1h5j42swfq.cloudfront.net\/2025\/12\/29171420\/captura-de-tela-2025-12-29-as-17-14-05.png 1578w\" sizes=\"auto, (max-width: 1024px) 100vw, 1024px\" \/><\/figure>\n\n\n\n<p><strong>CARGO 5:<\/strong>&nbsp;ANALISTA ADMINISTRATIVO \u2013 ESPECIALIDADE: TECNOLOGIA DA INFORMA\u00c7\u00c3O (INFRAESTRUTURA, SEGURAN\u00c7A E SUPORTE)<\/p>\n\n\n\n<figure class=\"wp-block-image aligncenter\"><img loading=\"lazy\" decoding=\"async\" width=\"1024\" height=\"572\" src=\"https:\/\/dhg1h5j42swfq.cloudfront.net\/2025\/12\/29171544\/captura-de-tela-2025-12-29-as-17-15-27-1024x572.png\" alt=\"Concurso TCE RN: detalhes da prova de t\u00edtulos\" class=\"wp-image-1691433\" srcset=\"https:\/\/dhg1h5j42swfq.cloudfront.net\/2025\/12\/29171544\/captura-de-tela-2025-12-29-as-17-15-27-1024x572.png 1024w, https:\/\/dhg1h5j42swfq.cloudfront.net\/2025\/12\/29171544\/captura-de-tela-2025-12-29-as-17-15-27-300x168.png 300w, https:\/\/dhg1h5j42swfq.cloudfront.net\/2025\/12\/29171544\/captura-de-tela-2025-12-29-as-17-15-27-768x429.png 768w, https:\/\/dhg1h5j42swfq.cloudfront.net\/2025\/12\/29171544\/captura-de-tela-2025-12-29-as-17-15-27-1536x859.png 1536w, https:\/\/dhg1h5j42swfq.cloudfront.net\/2025\/12\/29171544\/captura-de-tela-2025-12-29-as-17-15-27-150x84.png 150w, https:\/\/dhg1h5j42swfq.cloudfront.net\/2025\/12\/29171544\/captura-de-tela-2025-12-29-as-17-15-27.png 1592w\" sizes=\"auto, (max-width: 1024px) 100vw, 1024px\" \/><\/figure>\n\n\n\n<figure class=\"wp-block-image aligncenter\"><img loading=\"lazy\" decoding=\"async\" width=\"1024\" height=\"895\" src=\"https:\/\/dhg1h5j42swfq.cloudfront.net\/2025\/12\/29171614\/captura-de-tela-2025-12-29-as-17-15-55-1024x895.png\" alt=\"detalhes da prova de t\u00edtulos\" class=\"wp-image-1691434\" srcset=\"https:\/\/dhg1h5j42swfq.cloudfront.net\/2025\/12\/29171614\/captura-de-tela-2025-12-29-as-17-15-55-1024x895.png 1024w, https:\/\/dhg1h5j42swfq.cloudfront.net\/2025\/12\/29171614\/captura-de-tela-2025-12-29-as-17-15-55-300x262.png 300w, https:\/\/dhg1h5j42swfq.cloudfront.net\/2025\/12\/29171614\/captura-de-tela-2025-12-29-as-17-15-55-768x672.png 768w, https:\/\/dhg1h5j42swfq.cloudfront.net\/2025\/12\/29171614\/captura-de-tela-2025-12-29-as-17-15-55-1536x1343.png 1536w, https:\/\/dhg1h5j42swfq.cloudfront.net\/2025\/12\/29171614\/captura-de-tela-2025-12-29-as-17-15-55-150x131.png 150w, https:\/\/dhg1h5j42swfq.cloudfront.net\/2025\/12\/29171614\/captura-de-tela-2025-12-29-as-17-15-55.png 1576w\" sizes=\"auto, (max-width: 1024px) 100vw, 1024px\" \/><\/figure>\n\n\n\n<p><strong>DEMAIS CARGOS<\/strong><\/p>\n\n\n\n<figure class=\"wp-block-image aligncenter\"><img loading=\"lazy\" decoding=\"async\" width=\"1024\" height=\"669\" src=\"https:\/\/dhg1h5j42swfq.cloudfront.net\/2025\/12\/29171722\/captura-de-tela-2025-12-29-as-17-17-06-1024x669.png\" alt=\" detalhes da prova de t\u00edtulos\" class=\"wp-image-1691436\" srcset=\"https:\/\/dhg1h5j42swfq.cloudfront.net\/2025\/12\/29171722\/captura-de-tela-2025-12-29-as-17-17-06-1024x669.png 1024w, https:\/\/dhg1h5j42swfq.cloudfront.net\/2025\/12\/29171722\/captura-de-tela-2025-12-29-as-17-17-06-300x196.png 300w, https:\/\/dhg1h5j42swfq.cloudfront.net\/2025\/12\/29171722\/captura-de-tela-2025-12-29-as-17-17-06-768x502.png 768w, https:\/\/dhg1h5j42swfq.cloudfront.net\/2025\/12\/29171722\/captura-de-tela-2025-12-29-as-17-17-06-1536x1003.png 1536w, https:\/\/dhg1h5j42swfq.cloudfront.net\/2025\/12\/29171722\/captura-de-tela-2025-12-29-as-17-17-06-150x98.png 150w, https:\/\/dhg1h5j42swfq.cloudfront.net\/2025\/12\/29171722\/captura-de-tela-2025-12-29-as-17-17-06.png 1586w\" sizes=\"auto, (max-width: 1024px) 100vw, 1024px\" \/><\/figure>\n\n\n\n<h2 class=\"wp-block-heading\" id=\"carreira\">Concurso TCE RN: veja mais sobre as carreira<\/h2>\n\n\n\n<h3 class=\"wp-block-heading\" id=\"h-reestruturacao-do-quadro\">Reestrutura\u00e7\u00e3o do quadro <\/h3>\n\n\n\n<p>Conforme divulgado em Di\u00e1rio Oficial, a Lei Complementar n\u00ba 796, de 31 de outubro de 2025, foi sancionada pela governadora do estado. Confira abaixo os cargos que foram criados para o TCE RN:<\/p>\n\n\n\n<figure class=\"wp-block-table is-style-stripes\"><table class=\"has-fixed-layout\"><thead><tr><td class=\"has-text-align-center\" data-align=\"center\"><strong>Cargo<\/strong><\/td><td class=\"has-text-align-center\" data-align=\"center\"><strong>\u00c1rea de Especialidade<\/strong><\/td><td class=\"has-text-align-center\" data-align=\"center\"><strong>Quantidade<\/strong><\/td><\/tr><\/thead><tbody><tr><td class=\"has-text-align-center\" data-align=\"center\">Auditor de Controle Externo<\/td><td class=\"has-text-align-center\" data-align=\"center\">N\u00e3o especificada<\/td><td class=\"has-text-align-center\" data-align=\"center\">44<\/td><\/tr><tr><td class=\"has-text-align-center\" data-align=\"center\">Analista Administrativo<\/td><td class=\"has-text-align-center\" data-align=\"center\">Engenharia Civil<\/td><td class=\"has-text-align-center\" data-align=\"center\">1<\/td><\/tr><tr><td class=\"has-text-align-center\" data-align=\"center\">Analista Administrativo<\/td><td class=\"has-text-align-center\" data-align=\"center\">Ci\u00eancias Cont\u00e1beis<\/td><td class=\"has-text-align-center\" data-align=\"center\">2<\/td><\/tr><tr><td class=\"has-text-align-center\" data-align=\"center\">Analista Administrativo<\/td><td class=\"has-text-align-center\" data-align=\"center\">Arquivologia<\/td><td class=\"has-text-align-center\" data-align=\"center\">1<\/td><\/tr><tr><td class=\"has-text-align-center\" data-align=\"center\">Analista Administrativo<\/td><td class=\"has-text-align-center\" data-align=\"center\">Tecnologia da Informa\u00e7\u00e3o<\/td><td class=\"has-text-align-center\" data-align=\"center\">20<\/td><\/tr><\/tbody><\/table><\/figure>\n\n\n\n<p>Outra mudan\u00e7as tamb\u00e9m foram registradas como a extin\u00e7\u00e3o de cargos e mudan\u00e7a de nomenclatura.<\/p>\n\n\n\n<ul class=\"wp-block-list\">\n<li><strong>I \u2013&nbsp;<\/strong>extinguir cargos de provimento efetivo e de provimento em comiss\u00e3o, bem como fun\u00e7\u00e3o gratificada;<\/li>\n\n\n\n<li><strong>II \u2013&nbsp;<\/strong>criar cargos de provimento efetivo e de provimento em comiss\u00e3o, bem como fun\u00e7\u00e3o gratificada;<\/li>\n\n\n\n<li><strong>III \u2013&nbsp;<\/strong>renomear cargos de provimento efetivo e de provimento em comiss\u00e3o existentes;<\/li>\n\n\n\n<li><strong>IV \u2013&nbsp;<\/strong>alterar a composi\u00e7\u00e3o do Quadro Geral de Pessoal do Tribunal de Contas do Estado do Rio Grande do Norte, consolidando quantitativos, denomina\u00e7\u00f5es, atribui\u00e7\u00f5es e requisitos de investidura;<\/li>\n\n\n\n<li><strong>V \u2013&nbsp;<\/strong>autorizar o Pleno do Tribunal a renomear e\/ou transformar os cargos p\u00fablicos de provimento em comiss\u00e3o e as fun\u00e7\u00f5es comissionadas de seu Quadro Geral de Pessoal;<\/li>\n\n\n\n<li><strong>VI \u2013&nbsp;<\/strong>autorizar o Pleno do Tribunal a alterar as \u00e1reas de atividade dos cargos de provimento efetivo que se encontrem vagos, observadas as necessidades institucionais;<\/li>\n\n\n\n<li><strong>VII \u2013<\/strong>&nbsp;dispor sobre os valores constantes na Tabela de Vencimento B\u00e1sico dos Cargos de Provimento Efetivo, sobre a Gratifica\u00e7\u00e3o de Representa\u00e7\u00e3o do Auditor de Controle Externo \u2013 GRACE e sobre o reposicionamento dos servidores ocupantes do cargo efetivo de Consultor Jur\u00eddico; e<\/li>\n\n\n\n<li><strong>VIII \u2013&nbsp;<\/strong>incluir dispositivos e ajustes redacionais correlatos, a fim de compatibilizar a estrutura de pessoal com as compet\u00eancias constitucionais e legais do Tribunal de Contas.<\/li>\n<\/ul>\n\n\n\n<p>Dessa forma, ficam&nbsp;<strong>extintos&nbsp;<\/strong>os seguintes cargos de provimento efetivo, atualmente vagos:<\/p>\n\n\n\n<ul class=\"wp-block-list\">\n<li><strong>I \u2013&nbsp;<\/strong>16 cargos de Analista de Controle Externo, com \u00e1rea de especialidade em Controle e Administra\u00e7\u00e3o, de n\u00edvel superior;<\/li>\n\n\n\n<li><strong>II \u2013<\/strong>&nbsp;18 cargos de Analista de Controle Externo, com \u00e1rea de especialidade em Controle Externo, de n\u00edvel superior;<\/li>\n\n\n\n<li><strong>III \u2013<\/strong>&nbsp;10 cargos de Consultor Jur\u00eddico, de n\u00edvel superior;<\/li>\n\n\n\n<li><strong>IV \u2013<\/strong>&nbsp;1 cargo de Enfermeiro, de n\u00edvel superior;<\/li>\n\n\n\n<li><strong>V \u2013<\/strong>&nbsp;21 cargos de T\u00e9cnico de Controle Externo, com \u00e1rea de especialidade em Controle Externo, de n\u00edvel m\u00e9dio; e<\/li>\n\n\n\n<li><strong>VI \u2013<\/strong>&nbsp;8 cargos de T\u00e9cnico de Controle Externo, com \u00e1rea de especialidade em Controle e Administra\u00e7\u00e3o, de n\u00edvel m\u00e9dio.<\/li>\n<\/ul>\n\n\n\n<p>O cargo de Analista de Controle Externo, com \u00e1rea de especialidade em Tecnologia de Informa\u00e7\u00e3o,&nbsp;<strong>passa a ser denominado Analista Administrativo<\/strong>, com \u00e1rea de especialidade em Tecnologia da Informa\u00e7\u00e3o.<\/p>\n\n\n\n<p>O cargo de T\u00e9cnico de Controle Externo, com \u00e1rea de especialidade em Controle e Administra\u00e7\u00e3o,&nbsp;<strong>passa a ser denominado T\u00e9cnico Administrativo<\/strong>, mantidas suas atribui\u00e7\u00f5es e requisitos de investidura origin\u00e1rios.<\/p>\n\n\n\n<h3 class=\"wp-block-heading\" id=\"remuneracao\">Remunera\u00e7\u00e3o<\/h3>\n\n\n\n<p><strong>Auditor de Controle Externo<\/strong>: sua remunera\u00e7\u00e3o se constitui de vencimento b\u00e1sico e da Gratifica\u00e7\u00e3o de Representa\u00e7\u00e3o do Auditor de Controle Externo \u2013 GRACE, que corresponder\u00e1 a&nbsp;<strong>140% do vencimento.<\/strong><\/p>\n\n\n\n<p><strong>Analista de Controle Externo e Analista Administrativo:&nbsp;<\/strong>sua remunera\u00e7\u00e3o se constitui de vencimento b\u00e1sico e da Gratifica\u00e7\u00e3o de Representa\u00e7\u00e3o de N\u00edvel Superior \u2013 GRNS, que corresponder\u00e1 a 70% do vencimento.<\/p>\n\n\n\n<p class=\"has-medium-font-size\"><strong>Sal\u00e1rio de Analista <\/strong><\/p>\n\n\n\n<p>O valor da remunera\u00e7\u00e3o inicial para o cargo de <strong>Analista Administrativo<\/strong> (n\u00edvel superior, Classe A, Refer\u00eancia 1), com a Gratifica\u00e7\u00e3o de Representa\u00e7\u00e3o de N\u00edvel Superior (GRNS) de <strong>70%<\/strong>, ser\u00e1 de <strong>R$ 11.016,92<\/strong>.<\/p>\n\n\n\n<p>Este valor \u00e9 composto por:<\/p>\n\n\n\n<ul class=\"wp-block-list\">\n<li><strong>Vencimento B\u00e1sico (Inicial):<\/strong> R$ 6.480,54 <\/li>\n\n\n\n<li><strong>GRNS (70% do Vencimento B\u00e1sico):<\/strong> R$ 4.536,38<\/li>\n\n\n\n<li><strong>Remunera\u00e7\u00e3o Total (Inicial):<\/strong> <strong>R$ 11.016,92<\/strong><\/li>\n<\/ul>\n\n\n\n<p class=\"has-medium-font-size\"><strong>Sal\u00e1rio de Auditor<\/strong><\/p>\n\n\n\n<p>Com base na Lei Complementar, o cargo de <strong>Auditor de Controle Externo<\/strong> tamb\u00e9m \u00e9 de n\u00edvel superior e tem o mesmo <strong>Vencimento B\u00e1sico Inicial<\/strong> (Classe A, Refer\u00eancia 1) de <strong>R$ 6.480,54<\/strong>.<\/p>\n\n\n\n<p>No entanto, a remunera\u00e7\u00e3o do Auditor de Controle Externo \u00e9 acrescida da <strong>Gratifica\u00e7\u00e3o de Representa\u00e7\u00e3o do Auditor de Controle Externo (GRACE)<\/strong>.<\/p>\n\n\n\n<p>O valor da GRACE ser\u00e1 de <strong>140%<\/strong> do respectivo vencimento b\u00e1sico, com implanta\u00e7\u00e3o total a partir de <strong>1\u00ba de janeiro de 2026<\/strong>. O c\u00e1lculo da remunera\u00e7\u00e3o inicial (a partir de 01\/01\/2026) \u00e9 o seguinte:<\/p>\n\n\n\n<figure class=\"wp-block-table is-style-stripes\"><table class=\"has-fixed-layout\"><thead><tr><td class=\"has-text-align-center\" data-align=\"center\"><strong>Componente da Remunera\u00e7\u00e3o<\/strong><\/td><td class=\"has-text-align-center\" data-align=\"center\"><strong>Valor<\/strong><\/td><\/tr><\/thead><tbody><tr><td class=\"has-text-align-center\" data-align=\"center\"><strong>Vencimento B\u00e1sico (Inicial)<\/strong> <\/td><td class=\"has-text-align-center\" data-align=\"center\">R$ 6.480,54<\/td><\/tr><tr><td class=\"has-text-align-center\" data-align=\"center\"><strong>GRACE (140% do Vencimento B\u00e1sico)<\/strong> <\/td><td class=\"has-text-align-center\" data-align=\"center\">R$ 9.072,76<\/td><\/tr><tr><td class=\"has-text-align-center\" data-align=\"center\"><strong>Remunera\u00e7\u00e3o Total (Inicial)<\/strong><\/td><td class=\"has-text-align-center\" data-align=\"center\"><strong>R$ 15.553,30<\/strong><\/td><\/tr><\/tbody><\/table><\/figure>\n\n\n\n<ul class=\"wp-block-list\">\n<li><strong>Sal\u00e1rios conforme composi\u00e7\u00e3o:<\/strong>\n<ul class=\"wp-block-list\">\n<li>Auditor de Controle Externo:&nbsp;<strong>R$ 15.553,30<\/strong><\/li>\n\n\n\n<li>Analista de Controle Externo e Analista Administrativo:&nbsp;<strong>R$ 11.016,92<\/strong><\/li>\n<\/ul>\n<\/li>\n<\/ul>\n\n\n\n<figure class=\"wp-block-image aligncenter\"><img loading=\"lazy\" decoding=\"async\" width=\"554\" height=\"261\" src=\"https:\/\/dhg1h5j42swfq.cloudfront.net\/2025\/11\/04163833\/image-22.png\" alt=\"tabela de vencimento b\u00e1sico do concurso tce rn\" class=\"wp-image-1665371\" srcset=\"https:\/\/dhg1h5j42swfq.cloudfront.net\/2025\/11\/04163833\/image-22.png 554w, https:\/\/dhg1h5j42swfq.cloudfront.net\/2025\/11\/04163833\/image-22-300x141.png 300w, https:\/\/dhg1h5j42swfq.cloudfront.net\/2025\/11\/04163833\/image-22-150x71.png 150w\" sizes=\"auto, (max-width: 554px) 100vw, 554px\" \/><\/figure>\n\n\n\n<p>Os servidores ainda ter\u00e3o direito a um <strong>aux\u00edlio-alimenta\u00e7\u00e3o<\/strong> mensal no valor de <strong>R$ 2.000,00<\/strong>, conforme <a href=\"https:\/\/dhg1h5j42swfq.cloudfront.net\/2025\/06\/06142508\/3_000035_2024_cgp_06-11-2024-1114.pdf\" target=\"_blank\" rel=\"noreferrer noopener nofollow\">\u00faltimo reajuste<\/a> (2024).<\/p>\n\n\n\n<p>A reestrutura\u00e7\u00e3o tamb\u00e9m incluiu ajustes importantes para os servidores:<\/p>\n\n\n\n<ul class=\"wp-block-list\">\n<li><strong>Gratifica\u00e7\u00e3o GRACE:<\/strong> A Gratifica\u00e7\u00e3o de Representa\u00e7\u00e3o do Auditor de Controle Externo (GRACE) passa a corresponder a <strong>140%<\/strong> do respectivo vencimento b\u00e1sico a partir de 1\u00ba de janeiro de 2026.<\/li>\n\n\n\n<li><strong>Tabela de Vencimento B\u00e1sico:<\/strong> Os valores da tabela de vencimentos foram ajustados, com acr\u00e9scimo de 4% ao valor fixado para as refer\u00eancias iniciais dos grupos superior e m\u00e9dio.<\/li>\n<\/ul>\n\n\n\n<p>Anteriormente chamado de <strong>Inspetor de Controle Externo<\/strong>, o cargo teve sua nomenclatura alterada pela <a href=\"https:\/\/dhg1h5j42swfq.cloudfront.net\/2025\/06\/06141642\/nome.pdf\" target=\"_blank\" rel=\"noreferrer noopener nofollow\">Lei Complementar N\u00ba 625\/2018<\/a>, passando a ser chamado de <strong>Auditor de Controle Externo<\/strong>.<\/p>\n\n\n\n<p>Para exemplificar ainda melhor, trouxemos abaixo valores reais recebidos por <strong>servidores <\/strong>ativos no \u00f3rg\u00e3o:<\/p>\n\n\n\n<figure class=\"wp-block-image aligncenter size-full\"><img loading=\"lazy\" decoding=\"async\" width=\"926\" height=\"563\" src=\"https:\/\/dhg1h5j42swfq.cloudfront.net\/2025\/12\/13085900\/tce-rn-2012.jpg\" alt=\"Sal\u00e1rio real de um Auditor de Controle Externo do TCE RN admitido em 2012\" class=\"wp-image-1698310\" srcset=\"https:\/\/dhg1h5j42swfq.cloudfront.net\/2025\/12\/13085900\/tce-rn-2012.jpg 926w, https:\/\/dhg1h5j42swfq.cloudfront.net\/2025\/12\/13085900\/tce-rn-2012-300x182.jpg 300w, https:\/\/dhg1h5j42swfq.cloudfront.net\/2025\/12\/13085900\/tce-rn-2012-768x467.jpg 768w, https:\/\/dhg1h5j42swfq.cloudfront.net\/2025\/12\/13085900\/tce-rn-2012-150x91.jpg 150w\" sizes=\"auto, (max-width: 926px) 100vw, 926px\" \/><figcaption class=\"wp-element-caption\"><strong>Auditor de Controle Externo admitido em 2012<\/strong><\/figcaption><\/figure>\n\n\n\n<figure class=\"wp-block-image aligncenter size-full\"><img loading=\"lazy\" decoding=\"async\" width=\"927\" height=\"599\" src=\"https:\/\/dhg1h5j42swfq.cloudfront.net\/2025\/12\/13085642\/aud-tce-rn.jpg\" alt=\"Sal\u00e1rio real de um Auditor de Controle Externo do TCE RN admitido em 2018\" class=\"wp-image-1698308\" srcset=\"https:\/\/dhg1h5j42swfq.cloudfront.net\/2025\/12\/13085642\/aud-tce-rn.jpg 927w, https:\/\/dhg1h5j42swfq.cloudfront.net\/2025\/12\/13085642\/aud-tce-rn-300x194.jpg 300w, https:\/\/dhg1h5j42swfq.cloudfront.net\/2025\/12\/13085642\/aud-tce-rn-768x496.jpg 768w, https:\/\/dhg1h5j42swfq.cloudfront.net\/2025\/12\/13085642\/aud-tce-rn-150x97.jpg 150w\" sizes=\"auto, (max-width: 927px) 100vw, 927px\" \/><figcaption class=\"wp-element-caption\"><strong>Auditor de Controle Externo admitido em 2018<\/strong><\/figcaption><\/figure>\n\n\n\n<ul class=\"wp-block-list\">\n<li><strong><a href=\"https:\/\/www.tce.rn.gov.br\/Transparencia\/ConsultarRemuneracao\" target=\"_blank\" rel=\"noreferrer noopener\">Confira as remunera\u00e7\u00f5es reais diretamente no Portal da Transpar\u00eancia do TCE RN<\/a><\/strong><\/li>\n<\/ul>\n\n\n\n<h3 class=\"wp-block-heading\" id=\"requisitos\">Requisitos<\/h3>\n\n\n\n<p><strong>Auditor de Controle Externo &#8211; Administra\u00e7\u00e3o, Contabilidade, Direito ou Economia: <\/strong>Diploma, devidamente registrado, de conclus\u00e3o de curso de n\u00edvel superior em Administra\u00e7\u00e3o, Ci\u00eancias Cont\u00e1beis, Direito ou Economia, fornecido por institui\u00e7\u00e3o de ensino superior reconhecida pelo MEC, e registro no respectivo \u00f3rg\u00e3o de classe.<\/p>\n\n\n\n<p><strong>Auditor de Controle Externo &#8211; Engenharia Civil: <\/strong>Diploma, devidamente registrado, de conclus\u00e3o de curso de n\u00edvel superior em Engenharia Civil, fornecido por institui\u00e7\u00e3o de ensino superior reconhecida pelo MEC e registro no \u00f3rg\u00e3o de classe.<\/p>\n\n\n\n<p><strong>Auditor de Controle Externo &#8211; Tecnologia da Informa\u00e7\u00e3o: <\/strong>Diploma, devidamente registrado, de conclus\u00e3o de curso de n\u00edvel superior em Tecnologia da Informa\u00e7\u00e3o ou em qualquer \u00e1rea de forma\u00e7\u00e3o, desde que acompanhado de certificado de curso de especializa\u00e7\u00e3o em n\u00edvel de p\u00f3s-gradua\u00e7\u00e3o de, no m\u00ednimo, 360 horas na \u00e1rea de Tecnologia da Informa\u00e7\u00e3o (independentemente de denomina\u00e7\u00e3o espec\u00edfica), fornecido por institui\u00e7\u00e3o de ensino superior reconhecida pelo MEC.<\/p>\n\n\n\n<h2 class=\"wp-block-heading\" id=\"ultimo\">Concurso TCE RN: \u00faltima sele\u00e7\u00e3o<\/h2>\n\n\n\n<p>Os \u00faltimos certames publicados pelo Tribunal foram realizados no ano de <strong>2015<\/strong>, para Auditor e servidores. Ambas as sele\u00e7\u00f5es foram organizadas pelo <a href=\"http:\/\/www.cespe.unb.br\/concursos\/TCE_RN_15_SERVIDOR\/\" target=\"_blank\" rel=\"noreferrer noopener\">Cespe<\/a>.<\/p>\n\n\n\n<p>Para Auditor, foram <strong>2 vagas <\/strong>imediatas. Para os demais cargos da carreira de servidores, foram <strong>16 vagas <\/strong>distribu\u00eddas entre cinco cargos:<\/p>\n\n\n\n<figure class=\"wp-block-table is-style-stripes\"><table><thead><tr><th class=\"has-text-align-center\" data-align=\"center\">Cargo<\/th><th class=\"has-text-align-center\" data-align=\"center\">Vagas<\/th><th class=\"has-text-align-center\" data-align=\"center\">Inscritos<\/th><\/tr><\/thead><tbody><tr><td class=\"has-text-align-center\" data-align=\"center\">Auditor<\/td><td class=\"has-text-align-center\" data-align=\"center\">2<\/td><td class=\"has-text-align-center\" data-align=\"center\">309<\/td><\/tr><\/tbody><\/table><\/figure>\n\n\n\n<figure class=\"wp-block-table is-style-stripes\"><table><thead><tr><th class=\"has-text-align-center\" data-align=\"center\">Cargos<\/th><th class=\"has-text-align-center\" data-align=\"center\">Vagas<\/th><th class=\"has-text-align-center\" data-align=\"center\">Inscritos<\/th><\/tr><\/thead><tbody><tr><td class=\"has-text-align-center\" data-align=\"center\">Assessor T\u00e9cnico de Inform\u00e1tica<\/td><td class=\"has-text-align-center\" data-align=\"center\">6<\/td><td class=\"has-text-align-center\" data-align=\"center\">97<\/td><\/tr><tr><td class=\"has-text-align-center\" data-align=\"center\">Assessor T\u00e9cnico Jur\u00eddico<\/td><td class=\"has-text-align-center\" data-align=\"center\">3<\/td><td class=\"has-text-align-center\" data-align=\"center\">557<\/td><\/tr><tr><td class=\"has-text-align-center\" data-align=\"center\">Inspetor de Controle Externo: <br \/>Administra\u00e7\u00e3o, Contabilidade, Direito ou Economia<\/td><td class=\"has-text-align-center\" data-align=\"center\">3<\/td><td class=\"has-text-align-center\" data-align=\"center\">416<\/td><\/tr><tr><td class=\"has-text-align-center\" data-align=\"center\">Inspetor de Controle Externo: Engenharia Civil<\/td><td class=\"has-text-align-center\" data-align=\"center\">3<\/td><td class=\"has-text-align-center\" data-align=\"center\">404<\/td><\/tr><tr><td class=\"has-text-align-center\" data-align=\"center\">Inspetor de Controle Externo: <br \/>Tecnologia da Informa\u00e7\u00e3o<\/td><td class=\"has-text-align-center\" data-align=\"center\">1<\/td><td class=\"has-text-align-center\" data-align=\"center\">74<\/td><\/tr><\/tbody><tfoot><tr><td class=\"has-text-align-center\" data-align=\"center\"><\/td><td class=\"has-text-align-center\" data-align=\"center\"><strong>16<\/strong><\/td><td class=\"has-text-align-center\" data-align=\"center\"><strong>1.548<\/strong><\/td><\/tr><\/tfoot><\/table><\/figure>\n\n\n\n<p>Ao fim de sua validade, foi <strong>prorrogado <\/strong>por mais dois anos, seguindo vigente at\u00e9 o dia 23 de fevereiro de 2020 (Inspetor e demais cargos) e 30 de maio de 2020 (Auditor).<\/p>\n\n\n\n<h3 class=\"wp-block-heading\" id=\"nomeacoes\">Nomea\u00e7\u00f5es<\/h3>\n\n\n\n<p>Segundo informa\u00e7\u00f5es obtidas junto ao \u00f3rg\u00e3o, atrav\u00e9s do Sistema de Informa\u00e7\u00e3o ao Cidad\u00e3o (e-SIC) foram <strong>nomeados 68 candidatos<\/strong> aprovados, ou seja, tr\u00eas vezes mais que o n\u00famero de vagas ofertadas.<\/p>\n\n\n\n<ul class=\"wp-block-list\">\n<li><strong style=\"color: initial;\">22 <\/strong><span style=\"color: initial;\">&#8211; Assessor T\u00e9cnico Jur\u00eddico;<\/span><\/li>\n\n\n\n<li><strong>34<\/strong> &#8211; Inspetor de Controle Externo: Administra\u00e7\u00e3o, Contabilidade, Direito ou Economia;<\/li>\n\n\n\n<li><strong>07<\/strong> &#8211; Inspetor de Controle Externo: Engenharia Civil;<\/li>\n\n\n\n<li><strong>05<\/strong> &#8211; Inspetor de Controle Externo: Tecnologia da Informa\u00e7\u00e3o.<\/li>\n<\/ul>\n\n\n\n<hr class=\"wp-block-separator has-css-opacity\"\/>\n\n\n\n<p class=\"has-text-align-center has-x-large-font-size\" id=\"cursos\"><em>Quer estudar para o concurso TCE RN 2026?<\/em><\/p>\n\n\n\n<div class=\"container\" id=\"boxes\">\n  <div class=\"row\">\n\n    <div class=\"col-sm\">\n      <div class=\"banner-controle-ec\" id=\"box-assinatura\">\n        <h2 class=\"titulo-assinatura\">Cursos Concurso TCE RN<\/h2>\n        <p class=\"subtitulo-assinatura\">Prepare-se com quem mais aprova! \u2b50<\/p>\n        <div class=\"box-botao\">\n          <a class=\"btn-assinatura\" target=\"_blank\" href=\"https:\/\/www.estrategiaconcursos.com.br\/cursosPorConcurso\/tce-rn-tribunal-de-contas-do-rio-grande-do-norte-417\/\" role=\"button\" rel=\"noopener noreferrer\">VER CURSOS<\/a>\n        <\/div>\n      <\/div>\n      \n    <\/div>\n\n  <\/div>\n<\/div>\n\n\n\n<div class=\"container\" id=\"boxes\">\n  <div class=\"row\">\n\n    <div class=\"col-sm\">\n      <div class=\"estrategia\" id=\"box-assinatura\">\n        <h3 class=\"titulo-assinatura\">Assinatura Concursos<\/h3>\n        <p class=\"subtitulo-assinatura\">Assinatura de 1 ano ou 2 anos<\/p>\n        <div class=\"box-botao\">\n          <a class=\"btn-assinatura\" target=\"_blank\" href=\"https:\/\/www.estrategiaconcursos.com.br\/assinaturas\/\" role=\"button\" rel=\"noopener noreferrer\">ASSINE AGORA<\/a>\n        <\/div>\n      <\/div><\/div><\/div><\/div>\n\n\n\n<p class=\"has-text-align-center has-x-large-font-size\" id=\"h-quer-saber-tudo-sobre-concursos-previstos-confira-nossos-artigos\">Quer saber tudo sobre concursos previstos?<br \/>Confira nossos artigos!<\/p>\n\n\n\n<ul class=\"wp-block-list\">\n<li><a href=\"https:\/\/www.estrategiaconcursos.com.br\/blog\/concursos-abertos\/\" target=\"_blank\" rel=\"noreferrer noopener\">Concursos Abertos<\/a><\/li>\n\n\n\n<li><a href=\"https:\/\/www.estrategiaconcursos.com.br\/blog\/concursos-controle\/\" target=\"_blank\" rel=\"noreferrer noopener\">Concursos Controle<\/a><\/li>\n\n\n\n<li><a href=\"https:\/\/www.estrategiaconcursos.com.br\/blog\/concursos-2026\/\" target=\"_blank\" rel=\"noreferrer noopener\">Concursos 2026<\/a><\/li>\n\n\n\n<li><a href=\"https:\/\/www.estrategiaconcursos.com.br\/blog\/concursos-rn\/\" target=\"_blank\" rel=\"noreferrer noopener\">Concursos RN<\/a><\/li>\n<\/ul>\n\n\n\n<figure class=\"wp-block-image size-large is-resized\"><img loading=\"lazy\" decoding=\"async\" width=\"1024\" height=\"632\" src=\"https:\/\/dhg1h5j42swfq.cloudfront.net\/2021\/06\/04194501\/ficha-tecnica-1-1024x632-1-1.png\" alt=\"Informa\u00e7\u00f5es do pr\u00f3ximo concurso TCE\u00a0RN\" class=\"wp-image-759815\" style=\"width:250px;height:154px\" srcset=\"https:\/\/dhg1h5j42swfq.cloudfront.net\/2021\/06\/04194501\/ficha-tecnica-1-1024x632-1-1.png 1024w, https:\/\/dhg1h5j42swfq.cloudfront.net\/2021\/06\/04194501\/ficha-tecnica-1-1024x632-1-1-300x185.png 300w, https:\/\/dhg1h5j42swfq.cloudfront.net\/2021\/06\/04194501\/ficha-tecnica-1-1024x632-1-1-768x474.png 768w, https:\/\/dhg1h5j42swfq.cloudfront.net\/2021\/06\/04194501\/ficha-tecnica-1-1024x632-1-1-610x376.png 610w\" sizes=\"auto, (max-width: 1024px) 100vw, 1024px\" \/><\/figure>\n\n\n\n<h3 class=\"wp-block-heading\" id=\"ficha\">Informa\u00e7\u00f5es do Concurso TCE&nbsp;RN<\/h3>\n\n\n\n<ul class=\"wp-block-list\">\n<li><strong>Data<\/strong> <strong>da prova: <\/strong><s>11 e 12\/04\/2026<\/s><\/li>\n\n\n\n<li><strong>Banca<\/strong>: Cebraspe<\/li>\n\n\n\n<li><strong>Vagas<\/strong>: 55 + 189 CR<\/li>\n\n\n\n<li><strong>Cargos<\/strong>: Analista, Auditor, T\u00e9cnico e M\u00e9dico<\/li>\n\n\n\n<li><strong>Escolaridade<\/strong>: n\u00edveis m\u00e9dio e superior<\/li>\n\n\n\n<li><strong>Edital: <\/strong><a href=\"https:\/\/dhg1h5j42swfq.cloudfront.net\/2025\/12\/30083724\/edital-tce-rn-2025-estrategia-concursos.pdf\" target=\"_blank\" rel=\"noreferrer noopener\">Edital TCE RN 2025<\/a><\/li>\n<\/ul>\n","protected":false},"excerpt":{"rendered":"<p>Concurso TCE RN oferece vagas com sal\u00e1rios iniciais de at\u00e9 R$ 15 mil! Foram aplicadas nos dias 11 e 12 de abril as provas objetivas e discursivas do Concurso TCE RN&nbsp;(Tribunal de Contas do Rio Grande do Norte). Com isso, a consulta individual aos gabaritos foi oficialmente liberada. Ademais, os candidatos podem interpor recursos at\u00e9 [&hellip;]<\/p>\n","protected":false},"author":656,"featured_media":768223,"comment_status":"open","ping_status":"closed","sticky":false,"template":"","format":"standard","meta":{"post_tipo":"news_page","footnotes":""},"categories":[214710],"tags":[],"tax_estado":[219983],"class_list":["post-163371","post","type-post","status-publish","format-standard","has-post-thumbnail","hentry","category-tribunais-de-contas","tax_estado-rn"],"acf":[],"yoast_head":"<!-- This site is optimized with the Yoast SEO Premium plugin v27.2 (Yoast SEO v27.2) - https:\/\/yoast.com\/product\/yoast-seo-premium-wordpress\/ -->\n<title>Concurso TCE RN: fez as provas? Confira os gabaritos!<\/title>\n<meta name=\"description\" content=\"Concurso TCE RN 2026: provas aplicadas! S\u00e3o 55 vagas imediatas + 189 CR para diversos cargos e especialidades. Veja os detalhes!\" \/>\n<meta name=\"robots\" content=\"index, follow, max-snippet:-1, max-image-preview:large, max-video-preview:-1\" \/>\n<link rel=\"canonical\" href=\"https:\/\/www.estrategiaconcursos.com.br\/blog\/concurso-tce-rn\/\" \/>\n<meta property=\"og:locale\" content=\"pt_BR\" \/>\n<meta property=\"og:type\" content=\"article\" \/>\n<meta property=\"og:title\" content=\"Concurso TCE RN: fez as provas? Confira os gabaritos!\" \/>\n<meta property=\"og:description\" content=\"Concurso TCE RN 2026: provas aplicadas! S\u00e3o 55 vagas imediatas + 189 CR para diversos cargos e especialidades. Veja os detalhes!\" \/>\n<meta property=\"og:url\" content=\"https:\/\/www.estrategiaconcursos.com.br\/blog\/concurso-tce-rn\/\" \/>\n<meta property=\"og:site_name\" content=\"Estrat\u00e9gia Concursos\" \/>\n<meta property=\"article:published_time\" content=\"2026-04-16T12:22:00+00:00\" \/>\n<meta property=\"article:modified_time\" content=\"2026-04-16T12:54:50+00:00\" \/>\n<meta property=\"og:image\" content=\"https:\/\/dhg1h5j42swfq.cloudfront.net\/2021\/06\/16090632\/tce-rn.jpg\" \/>\n\t<meta property=\"og:image:width\" content=\"768\" \/>\n\t<meta property=\"og:image:height\" content=\"432\" \/>\n\t<meta property=\"og:image:type\" content=\"image\/jpeg\" \/>\n<meta name=\"author\" content=\"F\u00e1bio Scaldelai\" \/>\n<meta name=\"twitter:card\" content=\"summary_large_image\" \/>\n<meta name=\"twitter:creator\" content=\"@EstratConcursos\" \/>\n<meta name=\"twitter:site\" content=\"@EstratConcursos\" \/>\n<meta name=\"twitter:label1\" content=\"Escrito por\" \/>\n\t<meta name=\"twitter:data1\" content=\"F\u00e1bio Scaldelai\" \/>\n\t<meta name=\"twitter:label2\" content=\"Est. tempo de leitura\" \/>\n\t<meta name=\"twitter:data2\" content=\"5 minutos\" \/>\n<script type=\"application\/ld+json\" class=\"yoast-schema-graph\">{\"@context\":\"https:\/\/schema.org\",\"@graph\":[{\"@type\":\"NewsArticle\",\"@id\":\"https:\/\/www.estrategiaconcursos.com.br\/blog\/concurso-tce-rn\/#article\",\"isPartOf\":{\"@id\":\"https:\/\/www.estrategiaconcursos.com.br\/blog\/concurso-tce-rn\/\"},\"author\":{\"name\":\"F\u00e1bio Scaldelai\",\"@id\":\"https:\/\/www.estrategiaconcursos.com.br\/blog\/#\/schema\/person\/e3b6b7ce0192dd4ad270655969d61750\"},\"headline\":\"Concurso TCE RN: fez as provas? Confira os gabaritos!\",\"datePublished\":\"2026-04-16T12:22:00+00:00\",\"dateModified\":\"2026-04-16T12:54:50+00:00\",\"mainEntityOfPage\":{\"@id\":\"https:\/\/www.estrategiaconcursos.com.br\/blog\/concurso-tce-rn\/\"},\"wordCount\":2481,\"commentCount\":0,\"publisher\":{\"@id\":\"https:\/\/www.estrategiaconcursos.com.br\/blog\/#organization\"},\"image\":{\"@id\":\"https:\/\/www.estrategiaconcursos.com.br\/blog\/concurso-tce-rn\/#primaryimage\"},\"thumbnailUrl\":\"https:\/\/dhg1h5j42swfq.cloudfront.net\/2021\/06\/16090632\/tce-rn.jpg\",\"articleSection\":[\"Tribunais de Contas (TCU, TCE, TCM)\"],\"inLanguage\":\"pt-BR\",\"potentialAction\":[{\"@type\":\"CommentAction\",\"name\":\"Comment\",\"target\":[\"https:\/\/www.estrategiaconcursos.com.br\/blog\/concurso-tce-rn\/#respond\"]}],\"copyrightYear\":\"2026\",\"copyrightHolder\":{\"@id\":\"https:\/\/www.estrategiaconcursos.com.br\/blog\/#organization\"}},{\"@type\":\"WebPage\",\"@id\":\"https:\/\/www.estrategiaconcursos.com.br\/blog\/concurso-tce-rn\/\",\"url\":\"https:\/\/www.estrategiaconcursos.com.br\/blog\/concurso-tce-rn\/\",\"name\":\"Concurso TCE RN: fez as provas? Confira os gabaritos!\",\"isPartOf\":{\"@id\":\"https:\/\/www.estrategiaconcursos.com.br\/blog\/#website\"},\"primaryImageOfPage\":{\"@id\":\"https:\/\/www.estrategiaconcursos.com.br\/blog\/concurso-tce-rn\/#primaryimage\"},\"image\":{\"@id\":\"https:\/\/www.estrategiaconcursos.com.br\/blog\/concurso-tce-rn\/#primaryimage\"},\"thumbnailUrl\":\"https:\/\/dhg1h5j42swfq.cloudfront.net\/2021\/06\/16090632\/tce-rn.jpg\",\"datePublished\":\"2026-04-16T12:22:00+00:00\",\"dateModified\":\"2026-04-16T12:54:50+00:00\",\"description\":\"Concurso TCE RN 2026: provas aplicadas! S\u00e3o 55 vagas imediatas + 189 CR para diversos cargos e especialidades. Veja os detalhes!\",\"breadcrumb\":{\"@id\":\"https:\/\/www.estrategiaconcursos.com.br\/blog\/concurso-tce-rn\/#breadcrumb\"},\"inLanguage\":\"pt-BR\",\"potentialAction\":[{\"@type\":\"ReadAction\",\"target\":[\"https:\/\/www.estrategiaconcursos.com.br\/blog\/concurso-tce-rn\/\"]}]},{\"@type\":\"ImageObject\",\"inLanguage\":\"pt-BR\",\"@id\":\"https:\/\/www.estrategiaconcursos.com.br\/blog\/concurso-tce-rn\/#primaryimage\",\"url\":\"https:\/\/dhg1h5j42swfq.cloudfront.net\/2021\/06\/16090632\/tce-rn.jpg\",\"contentUrl\":\"https:\/\/dhg1h5j42swfq.cloudfront.net\/2021\/06\/16090632\/tce-rn.jpg\",\"width\":768,\"height\":432,\"caption\":\"Concurso TCE RN: aberto prazo de recursos contra os gabaritos\"},{\"@type\":\"BreadcrumbList\",\"@id\":\"https:\/\/www.estrategiaconcursos.com.br\/blog\/concurso-tce-rn\/#breadcrumb\",\"itemListElement\":[{\"@type\":\"ListItem\",\"position\":1,\"name\":\"In\u00edcio\",\"item\":\"https:\/\/www.estrategiaconcursos.com.br\/blog\/\"},{\"@type\":\"ListItem\",\"position\":2,\"name\":\"Concurso TCE RN: fez as provas? Confira os gabaritos!\"}]},{\"@type\":\"WebSite\",\"@id\":\"https:\/\/www.estrategiaconcursos.com.br\/blog\/#website\",\"url\":\"https:\/\/www.estrategiaconcursos.com.br\/blog\/\",\"name\":\"Estrat\u00e9gia Concursos\",\"description\":\"O blog da Estrat\u00e9gia Concursos traz not\u00edcias sobre concursos e artigos de professores oferecendo cursos para concursos (pdf + videaulas) no site.\",\"publisher\":{\"@id\":\"https:\/\/www.estrategiaconcursos.com.br\/blog\/#organization\"},\"potentialAction\":[{\"@type\":\"SearchAction\",\"target\":{\"@type\":\"EntryPoint\",\"urlTemplate\":\"https:\/\/www.estrategiaconcursos.com.br\/blog\/?s={search_term_string}\"},\"query-input\":{\"@type\":\"PropertyValueSpecification\",\"valueRequired\":true,\"valueName\":\"search_term_string\"}}],\"inLanguage\":\"pt-BR\"},{\"@type\":\"Organization\",\"@id\":\"https:\/\/www.estrategiaconcursos.com.br\/blog\/#organization\",\"name\":\"Estrat\u00e9gia Concursos\",\"url\":\"https:\/\/www.estrategiaconcursos.com.br\/blog\/\",\"logo\":{\"@type\":\"ImageObject\",\"inLanguage\":\"pt-BR\",\"@id\":\"https:\/\/www.estrategiaconcursos.com.br\/blog\/#\/schema\/logo\/image\/\",\"url\":\"https:\/\/dhg1h5j42swfq.cloudfront.net\/2025\/06\/03203428\/logo_concursos-1.jpg\",\"contentUrl\":\"https:\/\/dhg1h5j42swfq.cloudfront.net\/2025\/06\/03203428\/logo_concursos-1.jpg\",\"width\":230,\"height\":60,\"caption\":\"Estrat\u00e9gia Concursos\"},\"image\":{\"@id\":\"https:\/\/www.estrategiaconcursos.com.br\/blog\/#\/schema\/logo\/image\/\"},\"sameAs\":[\"https:\/\/x.com\/EstratConcursos\"]},{\"@type\":\"Person\",\"@id\":\"https:\/\/www.estrategiaconcursos.com.br\/blog\/#\/schema\/person\/e3b6b7ce0192dd4ad270655969d61750\",\"name\":\"F\u00e1bio Scaldelai\",\"image\":{\"@type\":\"ImageObject\",\"inLanguage\":\"pt-BR\",\"@id\":\"https:\/\/secure.gravatar.com\/avatar\/8ed7492c4d88d8495bc0cb24cda6847b8ae23eec459a919e08e77d0ca0fd79ec?s=96&d=mm&r=g\",\"url\":\"https:\/\/secure.gravatar.com\/avatar\/8ed7492c4d88d8495bc0cb24cda6847b8ae23eec459a919e08e77d0ca0fd79ec?s=96&d=mm&r=g\",\"contentUrl\":\"https:\/\/secure.gravatar.com\/avatar\/8ed7492c4d88d8495bc0cb24cda6847b8ae23eec459a919e08e77d0ca0fd79ec?s=96&d=mm&r=g\",\"caption\":\"F\u00e1bio Scaldelai\"},\"description\":\"Jornalista no Estrat\u00e9gia Concursos e Produtor de Televis\u00e3o, formado em Jornalismo, R\u00e1dio e TV pela Faculdade Integrada Rio Branco, com especializa\u00e7\u00f5es em Gest\u00e3o Empresarial e Marketing pelo M\u00f3dulo. Atuou como produtor no SBT, TV Bandeirantes e R\u00e1dio Band FM, al\u00e9m de acumular tr\u00eas anos de experi\u00eancia no setor de concursos p\u00fablicos pela LFG (Luiz Fl\u00e1vio Gomes). No Estrat\u00e9gia Concursos, atua na apura\u00e7\u00e3o de not\u00edcias da \u00e1rea fiscal, al\u00e9m de coberturas sobre concursos das \u00e1reas de controle (TCU, TCE, etc), concurso AFT, \u00e1rea de gest\u00e3o e administrativa, bem como dos \u00f3rg\u00e3os participantes do CNU. Tamb\u00e9m possui experi\u00eancia em link building e an\u00e1lise de m\u00eddia, adquirida durante sua atua\u00e7\u00e3o na ag\u00eancia SEO Marketing.\",\"url\":\"https:\/\/www.estrategiaconcursos.com.br\/blog\/author\/fabio-scaldelaiestrategiaconcursos-com-br\/\"}]}<\/script>\n<!-- \/ Yoast SEO Premium plugin. -->","yoast_head_json":{"title":"Concurso TCE RN: fez as provas? Confira os gabaritos!","description":"Concurso TCE RN 2026: provas aplicadas! S\u00e3o 55 vagas imediatas + 189 CR para diversos cargos e especialidades. Veja os detalhes!","robots":{"index":"index","follow":"follow","max-snippet":"max-snippet:-1","max-image-preview":"max-image-preview:large","max-video-preview":"max-video-preview:-1"},"canonical":"https:\/\/www.estrategiaconcursos.com.br\/blog\/concurso-tce-rn\/","og_locale":"pt_BR","og_type":"article","og_title":"Concurso TCE RN: fez as provas? Confira os gabaritos!","og_description":"Concurso TCE RN 2026: provas aplicadas! S\u00e3o 55 vagas imediatas + 189 CR para diversos cargos e especialidades. Veja os detalhes!","og_url":"https:\/\/www.estrategiaconcursos.com.br\/blog\/concurso-tce-rn\/","og_site_name":"Estrat\u00e9gia Concursos","article_published_time":"2026-04-16T12:22:00+00:00","article_modified_time":"2026-04-16T12:54:50+00:00","og_image":[{"width":768,"height":432,"url":"https:\/\/dhg1h5j42swfq.cloudfront.net\/2021\/06\/16090632\/tce-rn.jpg","type":"image\/jpeg"}],"author":"F\u00e1bio Scaldelai","twitter_card":"summary_large_image","twitter_creator":"@EstratConcursos","twitter_site":"@EstratConcursos","twitter_misc":{"Escrito por":"F\u00e1bio Scaldelai","Est. tempo de leitura":"5 minutos"},"schema":{"@context":"https:\/\/schema.org","@graph":[{"@type":"NewsArticle","@id":"https:\/\/www.estrategiaconcursos.com.br\/blog\/concurso-tce-rn\/#article","isPartOf":{"@id":"https:\/\/www.estrategiaconcursos.com.br\/blog\/concurso-tce-rn\/"},"author":{"name":"F\u00e1bio Scaldelai","@id":"https:\/\/www.estrategiaconcursos.com.br\/blog\/#\/schema\/person\/e3b6b7ce0192dd4ad270655969d61750"},"headline":"Concurso TCE RN: fez as provas? Confira os gabaritos!","datePublished":"2026-04-16T12:22:00+00:00","dateModified":"2026-04-16T12:54:50+00:00","mainEntityOfPage":{"@id":"https:\/\/www.estrategiaconcursos.com.br\/blog\/concurso-tce-rn\/"},"wordCount":2481,"commentCount":0,"publisher":{"@id":"https:\/\/www.estrategiaconcursos.com.br\/blog\/#organization"},"image":{"@id":"https:\/\/www.estrategiaconcursos.com.br\/blog\/concurso-tce-rn\/#primaryimage"},"thumbnailUrl":"https:\/\/dhg1h5j42swfq.cloudfront.net\/2021\/06\/16090632\/tce-rn.jpg","articleSection":["Tribunais de Contas (TCU, TCE, TCM)"],"inLanguage":"pt-BR","potentialAction":[{"@type":"CommentAction","name":"Comment","target":["https:\/\/www.estrategiaconcursos.com.br\/blog\/concurso-tce-rn\/#respond"]}],"copyrightYear":"2026","copyrightHolder":{"@id":"https:\/\/www.estrategiaconcursos.com.br\/blog\/#organization"}},{"@type":"WebPage","@id":"https:\/\/www.estrategiaconcursos.com.br\/blog\/concurso-tce-rn\/","url":"https:\/\/www.estrategiaconcursos.com.br\/blog\/concurso-tce-rn\/","name":"Concurso TCE RN: fez as provas? Confira os gabaritos!","isPartOf":{"@id":"https:\/\/www.estrategiaconcursos.com.br\/blog\/#website"},"primaryImageOfPage":{"@id":"https:\/\/www.estrategiaconcursos.com.br\/blog\/concurso-tce-rn\/#primaryimage"},"image":{"@id":"https:\/\/www.estrategiaconcursos.com.br\/blog\/concurso-tce-rn\/#primaryimage"},"thumbnailUrl":"https:\/\/dhg1h5j42swfq.cloudfront.net\/2021\/06\/16090632\/tce-rn.jpg","datePublished":"2026-04-16T12:22:00+00:00","dateModified":"2026-04-16T12:54:50+00:00","description":"Concurso TCE RN 2026: provas aplicadas! S\u00e3o 55 vagas imediatas + 189 CR para diversos cargos e especialidades. Veja os detalhes!","breadcrumb":{"@id":"https:\/\/www.estrategiaconcursos.com.br\/blog\/concurso-tce-rn\/#breadcrumb"},"inLanguage":"pt-BR","potentialAction":[{"@type":"ReadAction","target":["https:\/\/www.estrategiaconcursos.com.br\/blog\/concurso-tce-rn\/"]}]},{"@type":"ImageObject","inLanguage":"pt-BR","@id":"https:\/\/www.estrategiaconcursos.com.br\/blog\/concurso-tce-rn\/#primaryimage","url":"https:\/\/dhg1h5j42swfq.cloudfront.net\/2021\/06\/16090632\/tce-rn.jpg","contentUrl":"https:\/\/dhg1h5j42swfq.cloudfront.net\/2021\/06\/16090632\/tce-rn.jpg","width":768,"height":432,"caption":"Concurso TCE RN: aberto prazo de recursos contra os gabaritos"},{"@type":"BreadcrumbList","@id":"https:\/\/www.estrategiaconcursos.com.br\/blog\/concurso-tce-rn\/#breadcrumb","itemListElement":[{"@type":"ListItem","position":1,"name":"In\u00edcio","item":"https:\/\/www.estrategiaconcursos.com.br\/blog\/"},{"@type":"ListItem","position":2,"name":"Concurso TCE RN: fez as provas? Confira os gabaritos!"}]},{"@type":"WebSite","@id":"https:\/\/www.estrategiaconcursos.com.br\/blog\/#website","url":"https:\/\/www.estrategiaconcursos.com.br\/blog\/","name":"Estrat\u00e9gia Concursos","description":"O blog da Estrat\u00e9gia Concursos traz not\u00edcias sobre concursos e artigos de professores oferecendo cursos para concursos (pdf + videaulas) no site.","publisher":{"@id":"https:\/\/www.estrategiaconcursos.com.br\/blog\/#organization"},"potentialAction":[{"@type":"SearchAction","target":{"@type":"EntryPoint","urlTemplate":"https:\/\/www.estrategiaconcursos.com.br\/blog\/?s={search_term_string}"},"query-input":{"@type":"PropertyValueSpecification","valueRequired":true,"valueName":"search_term_string"}}],"inLanguage":"pt-BR"},{"@type":"Organization","@id":"https:\/\/www.estrategiaconcursos.com.br\/blog\/#organization","name":"Estrat\u00e9gia Concursos","url":"https:\/\/www.estrategiaconcursos.com.br\/blog\/","logo":{"@type":"ImageObject","inLanguage":"pt-BR","@id":"https:\/\/www.estrategiaconcursos.com.br\/blog\/#\/schema\/logo\/image\/","url":"https:\/\/dhg1h5j42swfq.cloudfront.net\/2025\/06\/03203428\/logo_concursos-1.jpg","contentUrl":"https:\/\/dhg1h5j42swfq.cloudfront.net\/2025\/06\/03203428\/logo_concursos-1.jpg","width":230,"height":60,"caption":"Estrat\u00e9gia Concursos"},"image":{"@id":"https:\/\/www.estrategiaconcursos.com.br\/blog\/#\/schema\/logo\/image\/"},"sameAs":["https:\/\/x.com\/EstratConcursos"]},{"@type":"Person","@id":"https:\/\/www.estrategiaconcursos.com.br\/blog\/#\/schema\/person\/e3b6b7ce0192dd4ad270655969d61750","name":"F\u00e1bio Scaldelai","image":{"@type":"ImageObject","inLanguage":"pt-BR","@id":"https:\/\/secure.gravatar.com\/avatar\/8ed7492c4d88d8495bc0cb24cda6847b8ae23eec459a919e08e77d0ca0fd79ec?s=96&d=mm&r=g","url":"https:\/\/secure.gravatar.com\/avatar\/8ed7492c4d88d8495bc0cb24cda6847b8ae23eec459a919e08e77d0ca0fd79ec?s=96&d=mm&r=g","contentUrl":"https:\/\/secure.gravatar.com\/avatar\/8ed7492c4d88d8495bc0cb24cda6847b8ae23eec459a919e08e77d0ca0fd79ec?s=96&d=mm&r=g","caption":"F\u00e1bio Scaldelai"},"description":"Jornalista no Estrat\u00e9gia Concursos e Produtor de Televis\u00e3o, formado em Jornalismo, R\u00e1dio e TV pela Faculdade Integrada Rio Branco, com especializa\u00e7\u00f5es em Gest\u00e3o Empresarial e Marketing pelo M\u00f3dulo. Atuou como produtor no SBT, TV Bandeirantes e R\u00e1dio Band FM, al\u00e9m de acumular tr\u00eas anos de experi\u00eancia no setor de concursos p\u00fablicos pela LFG (Luiz Fl\u00e1vio Gomes). No Estrat\u00e9gia Concursos, atua na apura\u00e7\u00e3o de not\u00edcias da \u00e1rea fiscal, al\u00e9m de coberturas sobre concursos das \u00e1reas de controle (TCU, TCE, etc), concurso AFT, \u00e1rea de gest\u00e3o e administrativa, bem como dos \u00f3rg\u00e3os participantes do CNU. Tamb\u00e9m possui experi\u00eancia em link building e an\u00e1lise de m\u00eddia, adquirida durante sua atua\u00e7\u00e3o na ag\u00eancia SEO Marketing.","url":"https:\/\/www.estrategiaconcursos.com.br\/blog\/author\/fabio-scaldelaiestrategiaconcursos-com-br\/"}]}},"_links":{"self":[{"href":"https:\/\/www.estrategiaconcursos.com.br\/blog\/wp-json\/wp\/v2\/posts\/163371","targetHints":{"allow":["GET"]}}],"collection":[{"href":"https:\/\/www.estrategiaconcursos.com.br\/blog\/wp-json\/wp\/v2\/posts"}],"about":[{"href":"https:\/\/www.estrategiaconcursos.com.br\/blog\/wp-json\/wp\/v2\/types\/post"}],"author":[{"embeddable":true,"href":"https:\/\/www.estrategiaconcursos.com.br\/blog\/wp-json\/wp\/v2\/users\/656"}],"replies":[{"embeddable":true,"href":"https:\/\/www.estrategiaconcursos.com.br\/blog\/wp-json\/wp\/v2\/comments?post=163371"}],"version-history":[{"count":128,"href":"https:\/\/www.estrategiaconcursos.com.br\/blog\/wp-json\/wp\/v2\/posts\/163371\/revisions"}],"predecessor-version":[{"id":1754446,"href":"https:\/\/www.estrategiaconcursos.com.br\/blog\/wp-json\/wp\/v2\/posts\/163371\/revisions\/1754446"}],"wp:featuredmedia":[{"embeddable":true,"href":"https:\/\/www.estrategiaconcursos.com.br\/blog\/wp-json\/wp\/v2\/media\/768223"}],"wp:attachment":[{"href":"https:\/\/www.estrategiaconcursos.com.br\/blog\/wp-json\/wp\/v2\/media?parent=163371"}],"wp:term":[{"taxonomy":"category","embeddable":true,"href":"https:\/\/www.estrategiaconcursos.com.br\/blog\/wp-json\/wp\/v2\/categories?post=163371"},{"taxonomy":"post_tag","embeddable":true,"href":"https:\/\/www.estrategiaconcursos.com.br\/blog\/wp-json\/wp\/v2\/tags?post=163371"},{"taxonomy":"tax_estado","embeddable":true,"href":"https:\/\/www.estrategiaconcursos.com.br\/blog\/wp-json\/wp\/v2\/tax_estado?post=163371"}],"curies":[{"name":"wp","href":"https:\/\/api.w.org\/{rel}","templated":true}]}}