{"id":1632905,"date":"2025-09-05T18:00:00","date_gmt":"2025-09-05T21:00:00","guid":{"rendered":"https:\/\/www.estrategiaconcursos.com.br\/blog\/?p=1632905"},"modified":"2025-09-26T17:28:27","modified_gmt":"2025-09-26T20:28:27","slug":"concurso-editais-semana-01-a-05-08","status":"publish","type":"post","link":"https:\/\/www.estrategiaconcursos.com.br\/blog\/concurso-editais-semana-01-a-05-08\/","title":{"rendered":"Concursos P\u00fablicos: 34 editais esta semana; 4,9 mil vagas!"},"content":{"rendered":"\n<p>A ESPERA ACABOU! Finalmente, a semana viu o lan\u00e7amento do <strong>edital do primeiro concurso p\u00fablico da\u00a0<a href=\"https:\/\/www.estrategiaconcursos.com.br\/cursosPorConcurso\/controladoria-geral-do-estado-de-sao-paulo-cge-sp\/\" target=\"_blank\" rel=\"noreferrer noopener\">Controladoria-Geral do Estado de S\u00e3o Paulo<\/a>\u00a0(CGE SP<\/strong>).<\/p>\n\n\n\n<p>E, por isso, os \u00faltimos dias foram pra l\u00e1 de especiais, junto mais 34 editais e um saldo incr\u00edvel de <strong>4.924 oportunidades<\/strong>.<\/p>\n\n\n\n<p>Mas, como sabemos, n\u00fameros n\u00e3o querem dizer qualidade de carreiras e sal\u00e1rios alt\u00edssimos. Nesse caso, as investiduras em concursos p\u00fablicos da semana garantem realmente vantagens bem interessantes.<\/p>\n\n\n\n<p>Entre as chances abertas, encontram-se duas na cidade de <strong>Osasco<\/strong>, na capital paulista, garantindo mais <strong>196 vagas imediatas para diversos cargos<\/strong> e sal\u00e1rios de at\u00e9 R$ 6,4 mil.<\/p>\n\n\n\n<p>Al\u00e9m destas, est\u00e3o oficialmente na pra\u00e7a novas oportunidades para a <strong>Pol\u00edcia Militar de S\u00e3o Paulo (PM SP)<\/strong>. Ao todo, s\u00e3o <strong>2.200 vagas<\/strong> e sal\u00e1rio de R$ 5 mil.<\/p>\n\n\n\n<p>Pensou que acabou? Mas nem pensar! A <strong>ALEAM<\/strong> tamb\u00e9m est\u00e1 com chances imperd\u00edveis! S\u00e3o quase 400 oportunidades e sal\u00e1rios de at\u00e9<strong> R$ 30,1 mil<\/strong>.<\/p>\n\n\n\n<p>Por fim, conforme mencionado, o CGE SP soltou seu primeiro edital. O documento contempla <strong>200 vagas imediatas <\/strong>para diferentes \u00e1reas espec\u00edficas. A carreira possui sal\u00e1rio de <strong>R$ 17,8 mil<\/strong> apenas inicialmente.<\/p>\n\n\n\n<p>Quer ficar informado sobre TODOS os novos editais de concursos publicados na \u00faltima semana? <em><strong>Confira mais informa\u00e7\u00f5es ao longo deste artigo!<\/strong><\/em><\/p>\n\n\n\n<div class=\"container\" id=\"boxes\">\n  <div class=\"row\">\n\n    <div class=\"col-sm\">\n      <div class=\"banner-estrat-corj\" id=\"box-assinatura\">\n        <h3 class=\"titulo-assinatura\" style=\"text-align: left;\">Cursos para Concursos<\/h3>\n        <p class=\"subtitulo-assinatura\" style=\"text-align: left;\">Conhe\u00e7a os cursos<\/p>\n        <div class=\"box-botao\" style=\"text-align: left;\">\n          <a class=\"btn-assinatura\" target=\"_blank\" href=\"https:\/\/www.estrategiaconcursos.com.br\/cursos\/concurso\/\" role=\"button\" rel=\"noopener noreferrer\">CLIQUE AQUI<\/a>\n        <\/div>\n      <\/div><\/div><\/div><\/div>\n\n\n\n<ul id=\"indice\" class=\"wp-block-list\">\n<li><a href=\"#seguranca\">Seguran\u00e7a p\u00fablica<\/a><\/li>\n\n\n\n<li><a href=\"#saude\">Sa\u00fade<\/a><\/li>\n\n\n\n<li><a href=\"#ecj\">Carreiras Jur\u00eddicas<\/a><\/li>\n\n\n\n<li><a href=\"#tribunais\">Tribunais<\/a><\/li>\n\n\n\n<li><a href=\"#educacao\">Educa\u00e7\u00e3o<\/a><\/li>\n\n\n\n<li><a href=\"#camaras\">\u00c1rea Legislativa<\/a><\/li>\n\n\n\n<li><a href=\"#controle\">Controle<\/a><\/li>\n\n\n\n<li><a href=\"#outras\">Oportunidades em outras \u00e1reas<\/a><\/li>\n\n\n\n<li><a href=\"#prefeituras\">Prefeituras Municipais<\/a><\/li>\n<\/ul>\n\n\n\n<h3 class=\"wp-block-heading has-text-align-center has-background\" id=\"seguranca\" style=\"background-color:#e1eaf2\">Seguran\u00e7a p\u00fablica<\/h3>\n\n\n\n<h3 class=\"wp-block-heading\" id=\"h-gcm-murici-al\"><a href=\"https:\/\/www.estrategiaconcursos.com.br\/blog\/concurso-gcm-murici-al\/\" target=\"_blank\" rel=\"noreferrer noopener\">GCM Murici<\/a> (AL)<\/h3>\n\n\n\n<ul class=\"wp-block-list\">\n<li><strong>Banca:<\/strong> Inide<\/li>\n\n\n\n<li><strong>Per\u00edodo de inscri\u00e7\u00f5es:<\/strong> at\u00e9 10\/10<\/li>\n\n\n\n<li><strong>Data da prova<\/strong>: 23\/11<\/li>\n\n\n\n<li><strong>Vagas:<\/strong> 20 + 80 CR<\/li>\n\n\n\n<li><strong>Sal\u00e1rio inicial:<\/strong> <a href=\"https:\/\/dhg1h5j42swfq.cloudfront.net\/2025\/09\/01124602\/1e4a4d73041707b3a8d0cecb5a43b2a3-1.pdf\" target=\"_blank\" rel=\"noreferrer noopener\">GCM Murici 2025<\/a><\/li>\n\n\n\n<li><strong>Edital:<\/strong> <a href=\"https:\/\/dhg1h5j42swfq.cloudfront.net\/2025\/09\/01124602\/1e4a4d73041707b3a8d0cecb5a43b2a3-1.pdf\" target=\"_blank\" rel=\"noreferrer noopener nofollow\">GCM Murici 2025<\/a><\/li>\n<\/ul>\n\n\n\n<h3 class=\"wp-block-heading\" id=\"h-pm-sp\"><a href=\"https:\/\/www.estrategiaconcursos.com.br\/blog\/concurso-pm-sp-soldado-2025-edital-publicado\/\" target=\"_blank\" rel=\"noreferrer noopener\">PM SP<\/a><\/h3>\n\n\n\n<ul class=\"wp-block-list\">\n<li><strong>Banca:<\/strong> Funda\u00e7\u00e3o Vunesp<\/li>\n\n\n\n<li><strong>Per\u00edodo de inscri\u00e7\u00f5es:<\/strong> 08\/09 a 23\/10<\/li>\n\n\n\n<li><strong>Data da prova<\/strong>: 30\/11<\/li>\n\n\n\n<li><strong>Vagas:<\/strong> 2.200<\/li>\n\n\n\n<li><strong>Sal\u00e1rio inicial:<\/strong> R$ 5.055,53<\/li>\n\n\n\n<li><strong>Edital:<\/strong> <a href=\"https:\/\/dhg1h5j42swfq.cloudfront.net\/2025\/09\/03074415\/edital-pmsp-soldado.pdf\" target=\"_blank\" rel=\"noreferrer noopener nofollow\">PMSP Soldado 2025<\/a><\/li>\n<\/ul>\n\n\n\n<h3 class=\"wp-block-heading has-text-align-center has-background\" id=\"saude\" style=\"background-color:#e1eaf2\">Sa\u00fade<\/h3>\n\n\n\n<h3 class=\"wp-block-heading\" id=\"h-osasco-saude-sp\"><a href=\"https:\/\/www.estrategiaconcursos.com.br\/blog\/concurso-osasco-saude\/\" target=\"_blank\" rel=\"noreferrer noopener\">Osasco Sa\u00fade<\/a> (SP)<\/h3>\n\n\n\n<ul class=\"wp-block-list\">\n<li><strong>Banca:<\/strong> Vunesp<\/li>\n\n\n\n<li><strong>Per\u00edodo de inscri\u00e7\u00f5es:<\/strong> at\u00e9 16\/10<\/li>\n\n\n\n<li><strong>Data da prova<\/strong>: 14\/12<\/li>\n\n\n\n<li><strong>Vagas:<\/strong> 53<\/li>\n\n\n\n<li><strong>Sal\u00e1rio inicial:<\/strong> R$ 2.478,98 a R$ 6.427,89<\/li>\n\n\n\n<li><strong>Edital:<\/strong> <a href=\"https:\/\/dhg1h5j42swfq.cloudfront.net\/2025\/07\/04120017\/pmos2502_224_20250904103626-pdf.pdf\" target=\"_blank\" rel=\"noreferrer noopener nofollow\">Osasco Sa\u00fade 2025<\/a><\/li>\n<\/ul>\n\n\n\n<h3 class=\"wp-block-heading has-text-align-center has-background\" id=\"ecj\" style=\"background-color:#e1eaf2\">Carreiras Jur\u00eddicas<\/h3>\n\n\n\n<h3 class=\"wp-block-heading\" id=\"h-residencia-juridica-pge-es\"><a href=\"https:\/\/cj.estrategia.com\/portal\/residencia-juridica-pge-es\/\" target=\"_blank\" rel=\"noreferrer noopener\">Resid\u00eancia Jur\u00eddica PGE ES<\/a><\/h3>\n\n\n\n<ul class=\"wp-block-list\">\n<li><strong>Banca:<\/strong> Fundatec<\/li>\n\n\n\n<li><strong>Per\u00edodo de inscri\u00e7\u00f5es:<\/strong> at\u00e9 18\/09<\/li>\n\n\n\n<li><strong>Data da prova<\/strong>: 12\/10<\/li>\n\n\n\n<li><strong>Vagas:<\/strong> 20 + CR<\/li>\n\n\n\n<li><strong>Bolsa mensal:<\/strong> R$ 2.792,46<\/li>\n\n\n\n<li><strong>Edital<\/strong>:&nbsp;<a href=\"https:\/\/cj.estrategia.com\/portal\/wp-content\/uploads\/2025\/09\/02183729\/edital_abertura_102668b5ff4ae94e8.pdf\" target=\"_blank\" rel=\"noreferrer noopener nofollow\">Resid\u00eancia Jur\u00eddica PGE ES 2025<\/a><\/li>\n<\/ul>\n\n\n\n<h3 class=\"wp-block-heading has-text-align-center has-background\" id=\"tribunais\" style=\"background-color:#e1eaf2\">Tribunais\/Procuradorias\/Minist\u00e9rios P\u00fablicos<\/h3>\n\n\n\n<h3 class=\"wp-block-heading\" id=\"h-mp-sp\"><a href=\"https:\/\/www.estrategiaconcursos.com.br\/blog\/concurso-mp-sp-analista-tecnico-cientifico-2025-edital-publicado\/\" target=\"_blank\" rel=\"noreferrer noopener\">MP SP<\/a><\/h3>\n\n\n\n<ul class=\"wp-block-list\">\n<li><strong>Banca:<\/strong> Vunesp<\/li>\n\n\n\n<li><strong>Per\u00edodo de inscri\u00e7\u00f5es:<\/strong> at\u00e9 07\/10<\/li>\n\n\n\n<li><strong>Data da prova<\/strong>: 14\/12<\/li>\n\n\n\n<li><strong>Vagas:<\/strong> 13 + CR<\/li>\n\n\n\n<li><strong>Sal\u00e1rio inicial:<\/strong> R$ 18.705,85<\/li>\n\n\n\n<li><strong>Edital:<\/strong> <a href=\"https:\/\/doe.sp.gov.br\/executivo\/ministerio-publico\/abertura-concurso-n-04-2025-de-29-de-agosto-de-2025-20250829133963671306748\" target=\"_blank\" rel=\"noreferrer noopener\">MP SP 2025 Analista T\u00e9cnico Cient\u00edfico<\/a><\/li>\n<\/ul>\n\n\n\n<h3 class=\"wp-block-heading\" id=\"h-aleam\"><a href=\"https:\/\/www.estrategiaconcursos.com.br\/blog\/concurso-aleam-edital-publicado-2025\/\">ALEAM<\/a><\/h3>\n\n\n\n<ul class=\"wp-block-list\">\n<li><strong>Banca:<\/strong> FGV<\/li>\n\n\n\n<li><strong>Per\u00edodo de inscri\u00e7\u00f5es:<\/strong> 10\/09 a 13\/10<\/li>\n\n\n\n<li><strong>Data da prova<\/strong>: 14\/12<\/li>\n\n\n\n<li><strong>Vagas:<\/strong> 100 + 263 CR<\/li>\n\n\n\n<li><strong>Sal\u00e1rio inicial:<\/strong> R$ 3.346,76 a R$ 30.187,52<\/li>\n\n\n\n<li><strong>Edital:<\/strong> <a href=\"https:\/\/dhg1h5j42swfq.cloudfront.net\/2025\/09\/03135118\/edital-publicado-aleam-03-09-final.pdf\" target=\"_blank\" rel=\"noreferrer noopener nofollow\">ALE AM-2025<\/a><\/li>\n<\/ul>\n\n\n\n<h3 class=\"wp-block-heading\" id=\"h-mpdft-promotor\"><a href=\"https:\/\/cj.estrategia.com\/portal\/edital-mpdft-promotor-publicado\/\" target=\"_blank\" rel=\"noreferrer noopener\">MPDFT Promotor<\/a><\/h3>\n\n\n\n<ul class=\"wp-block-list\">\n<li><strong>Banca:<\/strong> organiza\u00e7\u00e3o pr\u00f3pria<\/li>\n\n\n\n<li><strong>Per\u00edodo de inscri\u00e7\u00f5es:<\/strong> 08\/09 a 07\/10<\/li>\n\n\n\n<li><strong>Data da prova<\/strong>: 14\/12<\/li>\n\n\n\n<li><strong>Vagas:<\/strong> 10 + CR<\/li>\n\n\n\n<li><strong>Sal\u00e1rio inicial:<\/strong> R$ 37.765,56<\/li>\n\n\n\n<li><strong>Edital:<\/strong> <a href=\"https:\/\/cj.estrategia.com\/portal\/wp-content\/uploads\/2025\/09\/05060116\/MPDFT-Promotor-edital.pdf\" target=\"_blank\" rel=\"noreferrer noopener\">MPDFT Promotor 2025<\/a><\/li>\n<\/ul>\n\n\n\n<h3 class=\"wp-block-heading has-text-align-center has-background\" id=\"educacao\" style=\"background-color:#e1eaf2\">Educa\u00e7\u00e3o<\/h3>\n\n\n\n<h3 class=\"wp-block-heading\" id=\"h-univasf\"><a href=\"https:\/\/www.estrategiaconcursos.com.br\/blog\/concurso-univasf\/\" target=\"_blank\" rel=\"noreferrer noopener\">UNIVASF<\/a><\/h3>\n\n\n\n<ul class=\"wp-block-list\">\n<li><strong>Banca:<\/strong> UNIVASF<\/li>\n\n\n\n<li><strong>Per\u00edodo de inscri\u00e7\u00f5es:<\/strong> 08 a 22\/09<\/li>\n\n\n\n<li><strong>Data da prova<\/strong>: a definir<\/li>\n\n\n\n<li><strong>Vagas:<\/strong> 02<\/li>\n\n\n\n<li><strong>Sal\u00e1rio inicial:<\/strong> at\u00e9 R$ 4.967,04<\/li>\n\n\n\n<li><strong>Edital:<\/strong> <a href=\"https:\/\/www.in.gov.br\/en\/web\/dou\/-\/edital-n-7-de-1-de-setembro-de-2025-652476146\" target=\"_blank\" rel=\"noreferrer noopener\">UNIVASF TAE 2025<\/a><\/li>\n<\/ul>\n\n\n\n<h3 class=\"wp-block-heading\" id=\"h-ufsj\"><a href=\"https:\/\/www.estrategiaconcursos.com.br\/blog\/concurso-ufsj\/\" target=\"_blank\" rel=\"noreferrer noopener\">UFSJ<\/a><\/h3>\n\n\n\n<ul class=\"wp-block-list\">\n<li><strong>Banca:<\/strong> Gest\u00e3o Concursos<\/li>\n\n\n\n<li><strong>Per\u00edodo de inscri\u00e7\u00f5es:<\/strong> 08\/09 a 08\/10<\/li>\n\n\n\n<li><strong>Data da prova<\/strong>: 02\/11<\/li>\n\n\n\n<li><strong>Vagas:<\/strong> 10<\/li>\n\n\n\n<li><strong>Sal\u00e1rio inicial:<\/strong>&nbsp;at\u00e9 R$ 4.967,04<\/li>\n\n\n\n<li><strong>Edital: <\/strong><a href=\"https:\/\/www.in.gov.br\/en\/web\/dou\/-\/edital-n-1-de-1-de-setembro-de-2025-652580337\" target=\"_blank\" rel=\"noreferrer noopener\">UFSJ TAE 2025<\/a><\/li>\n<\/ul>\n\n\n\n<h3 class=\"wp-block-heading\" id=\"h-ufrgs\"><a href=\"https:\/\/www.estrategiaconcursos.com.br\/blog\/concurso-ufrgs\/\" target=\"_blank\" rel=\"noreferrer noopener\">UFRGS<\/a><\/h3>\n\n\n\n<ul class=\"wp-block-list\">\n<li><strong>Banca:<\/strong> Fundatec<\/li>\n\n\n\n<li><strong>Per\u00edodo de inscri\u00e7\u00f5es:<\/strong> at\u00e9 02\/10<\/li>\n\n\n\n<li><strong>Data da prova<\/strong>: 02\/11<\/li>\n\n\n\n<li><strong>Vagas:<\/strong> 102<\/li>\n\n\n\n<li><strong>Sal\u00e1rio inicial:<\/strong> at\u00e9 R$ 8.692,32<\/li>\n\n\n\n<li><strong>Edital:<\/strong> <a href=\"https:\/\/www.in.gov.br\/en\/web\/dou\/-\/edital-n-11-de-1-de-setembro-de-2025-652580474\" target=\"_blank\" rel=\"noreferrer noopener nofollow\">UFRGS TAE 2025<\/a><\/li>\n<\/ul>\n\n\n\n<h3 class=\"wp-block-heading\" id=\"h-canoas-educacao-rs\"><a href=\"https:\/\/www.estrategiaconcursos.com.br\/blog\/concurso-canoas-rs-educacao\/\" target=\"_blank\" rel=\"noreferrer noopener\">Canoas Educa\u00e7\u00e3o<\/a> (RS)<\/h3>\n\n\n\n<ul class=\"wp-block-list\">\n<li><strong>Banca:<\/strong> Objetiva Concursos<\/li>\n\n\n\n<li><strong>Per\u00edodo de inscri\u00e7\u00f5es:<\/strong> 08\/09 a 08\/10<\/li>\n\n\n\n<li><strong>Data da prova<\/strong>: 02\/11<\/li>\n\n\n\n<li><strong>Vagas:<\/strong> 404<\/li>\n\n\n\n<li><strong>Sal\u00e1rio inicial:<\/strong> de R$ 3.073,01 a R$ 6.146,01<\/li>\n\n\n\n<li><strong>Edital:<\/strong> <a href=\"https:\/\/dhg1h5j42swfq.cloudfront.net\/2023\/06\/01145219\/3e3732d0-5a39-4a95-a224-db3322996668.pdf\" target=\"_blank\" rel=\"noreferrer noopener nofollow\">Canoas RS Educa\u00e7\u00e3o 2025<\/a><\/li>\n<\/ul>\n\n\n\n<h3 class=\"wp-block-heading\" id=\"h-sme-osasco-sp\"><a href=\"https:\/\/www.estrategiaconcursos.com.br\/blog\/concurso-prefeitura-de-osasco-educacao\/\" target=\"_blank\" rel=\"noreferrer noopener\">SME Osasco<\/a> (SP)<\/h3>\n\n\n\n<ul class=\"wp-block-list\">\n<li><strong>Banca:<\/strong> Vunesp<\/li>\n\n\n\n<li><strong>Per\u00edodo de inscri\u00e7\u00f5es:<\/strong> 11\/09 a 16\/10<\/li>\n\n\n\n<li><strong>Data da prova<\/strong>: 14\/12<\/li>\n\n\n\n<li><strong>Vagas:<\/strong> 146<\/li>\n\n\n\n<li><strong>Sal\u00e1rio inicial:<\/strong> R$1.677,87 a R$3.999,49<\/li>\n\n\n\n<li><strong>Edital:<\/strong> <a href=\"https:\/\/dhg1h5j42swfq.cloudfront.net\/2023\/11\/04125400\/pmos2501_224_20250904102354-pdf.pdf\" target=\"_blank\" rel=\"noreferrer noopener nofollow\">SME Osasco 2025<\/a><\/li>\n<\/ul>\n\n\n\n<h3 class=\"wp-block-heading\" id=\"h-chapeco-educacao-sc\"><a href=\"https:\/\/www.estrategiaconcursos.com.br\/blog\/concurso-chapeco-sc-educacao\/\" target=\"_blank\" rel=\"noreferrer noopener\">Chapec\u00f3 Educa\u00e7\u00e3o<\/a> (SC)<\/h3>\n\n\n\n<ul class=\"wp-block-list\">\n<li><strong>Banca:<\/strong> Fepese<\/li>\n\n\n\n<li><strong>Per\u00edodo de inscri\u00e7\u00f5es:<\/strong> 12\/08 a 11\/09<\/li>\n\n\n\n<li><strong>Data da prova<\/strong>: 12\/10<\/li>\n\n\n\n<li><strong>Vagas:<\/strong> 336<\/li>\n\n\n\n<li><strong>Sal\u00e1rio inicial:<\/strong> at\u00e9 R$6.652,21<\/li>\n\n\n\n<li><strong>Edital:<\/strong> <a href=\"https:\/\/2025eaechapeco.fepese.org.br\/?go=download&amp;arquivo=2025_CP_004_Chapeco_Especialista_Assuntos_Educacionais.pdf&amp;inline=1\" target=\"_blank\" rel=\"noreferrer noopener nofollow\">Chapec\u00f3 SC Educa\u00e7\u00e3o 2025 Especialista<\/a> | <a href=\"https:\/\/2025plpchapeco.fepese.org.br\/?go=download&amp;arquivo=2025_CP_003_Chapeco_Professor_Licenciatura_Plena.pdf&amp;inline=1\" target=\"_blank\" rel=\"noreferrer noopener nofollow\">Edital professor 2025<\/a><\/li>\n<\/ul>\n\n\n\n<h3 class=\"wp-block-heading has-text-align-center has-background\" id=\"camaras\" style=\"background-color:#e1eaf2\">\u00c1rea legislativa<\/h3>\n\n\n\n<h3 class=\"wp-block-heading\" id=\"h-camara-de-santa-barbara-do-tugurio-mg\"><a href=\"https:\/\/www.estrategiaconcursos.com.br\/blog\/concurso-camara-de-santa-barbara-do-tugurio-mg\/\" target=\"_blank\" rel=\"noreferrer noopener\">C\u00e2mara de Santa B\u00e1rbara do Tug\u00fario<\/a> (MG)<\/h3>\n\n\n\n<ul class=\"wp-block-list\">\n<li><strong>Banca:<\/strong> ABCP<\/li>\n\n\n\n<li><strong>Per\u00edodo de inscri\u00e7\u00f5es:<\/strong> 27\/10 a 27\/11<\/li>\n\n\n\n<li><strong>Data da prova<\/strong>: 28\/12<\/li>\n\n\n\n<li><strong>Vagas:<\/strong> 02 + CR<\/li>\n\n\n\n<li><strong>Sal\u00e1rio inicial: <\/strong>R$ 3.038,33<\/li>\n\n\n\n<li><strong>Edital:<\/strong> <a href=\"https:\/\/dhg1h5j42swfq.cloudfront.net\/2025\/09\/01114452\/545894b8-04dd-45ff-ae17-77ce4db66f99-1.pdf\" target=\"_blank\" rel=\"noreferrer noopener nofollow\">C\u00e2mara de Santa B\u00e1rbara do Tug\u00fario 2025<\/a><\/li>\n<\/ul>\n\n\n\n<h3 class=\"wp-block-heading\" id=\"h-camara-de-santana-de-parnaiba-sp\"><a href=\"https:\/\/www.estrategiaconcursos.com.br\/blog\/concurso-camara-santana-de-parnaiba-sp\/\" target=\"_blank\" rel=\"noreferrer noopener\">C\u00e2mara de Santana de Parna\u00edba<\/a> (SP)<\/h3>\n\n\n\n<ul class=\"wp-block-list\">\n<li><strong>Banca:<\/strong> Avan\u00e7a SP<\/li>\n\n\n\n<li><strong>Per\u00edodo de inscri\u00e7\u00f5es:<\/strong> at\u00e9 29\/09<\/li>\n\n\n\n<li><strong>Data da prova<\/strong>: 30\/11<\/li>\n\n\n\n<li><strong>Vagas:<\/strong> 02 + CR<\/li>\n\n\n\n<li><strong>Sal\u00e1rio inicial:<\/strong> R$ 2.559,89<\/li>\n\n\n\n<li><strong>Edital:<\/strong> <a href=\"https:\/\/dhg1h5j42swfq.cloudfront.net\/2025\/09\/01111100\/b7a15bfc-ca58-461b-aa3a-054bb8dc47e8.pdf\" target=\"_blank\" rel=\"noreferrer noopener nofollow\">CM Santana de Parna\u00edba SP-2025<\/a><\/li>\n<\/ul>\n\n\n\n<h3 class=\"wp-block-heading\" id=\"h-tj-sp\"><a href=\"https:\/\/www.estrategiaconcursos.com.br\/blog\/concurso-tj-sp-contador-2025-edital-publicado\/\" target=\"_blank\" rel=\"noreferrer noopener\">TJ SP<\/a><\/h3>\n\n\n\n<ul class=\"wp-block-list\">\n<li><strong>Banca:<\/strong> Vunesp<\/li>\n\n\n\n<li><strong>Per\u00edodo de inscri\u00e7\u00f5es:<\/strong> at\u00e9 10\/10<\/li>\n\n\n\n<li><strong>Data da prova<\/strong>: 14\/12<\/li>\n\n\n\n<li><strong>Vagas:<\/strong> 10<\/li>\n\n\n\n<li><strong>Sal\u00e1rio inicial:<\/strong> R$ 9.536,23<\/li>\n\n\n\n<li><strong>Edital:<\/strong> <a href=\"https:\/\/dhg1h5j42swfq.cloudfront.net\/2025\/09\/01060533\/tjsp.pdf\" target=\"_blank\" rel=\"noreferrer noopener nofollow\">TJ SP 2025 Contador Judici\u00e1rio<\/a><\/li>\n<\/ul>\n\n\n\n<h3 class=\"wp-block-heading\" id=\"h-camara-de-angra-dos-reis-rj\"><a href=\"https:\/\/www.estrategiaconcursos.com.br\/blog\/concurso-camara-de-angra-dos-reis-rj\/\" target=\"_blank\" rel=\"noreferrer noopener\">C\u00e2mara de Angra dos Reis<\/a> (RJ)<\/h3>\n\n\n\n<ul class=\"wp-block-list\">\n<li><strong>Banca:<\/strong> Instituto Seletiva<\/li>\n\n\n\n<li><strong>Per\u00edodo de inscri\u00e7\u00f5es:<\/strong> at\u00e9 06\/10<\/li>\n\n\n\n<li><strong>Data da prova<\/strong>: 30\/11<\/li>\n\n\n\n<li><strong>Vagas:<\/strong> 23<\/li>\n\n\n\n<li><strong>Sal\u00e1rio inicial:<\/strong> R$ 4.633,46 a R$ 5.958,29<\/li>\n\n\n\n<li><strong>Edital:<\/strong>&nbsp;<a href=\"https:\/\/dhg1h5j42swfq.cloudfront.net\/2025\/08\/05100314\/bb1f6726-7af1-42dd-947e-82ccdde0550d.pdf\" target=\"_blank\" rel=\"noreferrer noopener nofollow\">C\u00e2mara de Angra dos Reis 2025<\/a><\/li>\n<\/ul>\n\n\n\n<h3 class=\"wp-block-heading has-text-align-center has-background\" id=\"controle\" style=\"background-color:#e1eaf2\">Controle<\/h3>\n\n\n\n<h3 class=\"wp-block-heading\" id=\"h-cge-sp\"><a href=\"https:\/\/www.estrategiaconcursos.com.br\/blog\/concurso-cge-sp-2025-edital-publicado\/\" target=\"_blank\" rel=\"noreferrer noopener\">CGE SP<\/a><\/h3>\n\n\n\n<ul class=\"wp-block-list\">\n<li><strong>Banca:<\/strong> FGV<\/li>\n\n\n\n<li><strong>Per\u00edodo de inscri\u00e7\u00f5es:<\/strong> 15\/09 a 16\/10<\/li>\n\n\n\n<li><strong>Data da prova<\/strong>: 14\/12<\/li>\n\n\n\n<li><strong>Vagas:<\/strong> 200<\/li>\n\n\n\n<li><strong>Sal\u00e1rio inicial:<\/strong> R$ 17.850,00<\/li>\n\n\n\n<li><strong>Edital:<\/strong> <a href=\"https:\/\/dhg1h5j42swfq.cloudfront.net\/2025\/09\/04082151\/edital-cge-sp-2025-retificado.pdf\" target=\"_blank\" rel=\"noreferrer noopener\">Concurso CGE SP 2025<\/a><\/li>\n<\/ul>\n\n\n\n<h3 class=\"wp-block-heading has-text-align-center has-background\" id=\"outras\" style=\"background-color:#e1eaf2\">Outras oportunidades<\/h3>\n\n\n\n<h3 class=\"wp-block-heading\" id=\"h-ipc-arraial-do-cabo-rj\"><a href=\"https:\/\/www.estrategiaconcursos.com.br\/blog\/concurso-ipc-arraial-do-cabo\/\" target=\"_blank\" rel=\"noreferrer noopener\">IPC Arraial do Cabo<\/a> (RJ)<\/h3>\n\n\n\n<ul class=\"wp-block-list\">\n<li><strong>Banca:<\/strong> IBAM<\/li>\n\n\n\n<li><strong>Per\u00edodo de inscri\u00e7\u00f5es:<\/strong> 10\/09 a 09\/10<\/li>\n\n\n\n<li><strong>Data da prova<\/strong>: 02\/11<\/li>\n\n\n\n<li><strong>Vagas:<\/strong> 02 + CR<\/li>\n\n\n\n<li><strong>Sal\u00e1rio inicial:<\/strong> R$ 1.800,00 a R$ 5.570,00<\/li>\n\n\n\n<li><strong>Edital:<\/strong> <a href=\"https:\/\/www.ibam-concursos.org.br\/documento\/ed-ar_ipc_vf.pdf\" target=\"_blank\" rel=\"noreferrer noopener\">IPC 2025<\/a>&nbsp;<\/li>\n<\/ul>\n\n\n\n<h3 class=\"wp-block-heading has-text-align-center has-background\" id=\"prefeituras\" style=\"background-color:#e1eaf2\">Prefeituras Municipais<\/h3>\n\n\n\n<h3 class=\"wp-block-heading\" id=\"h-prefeitura-de-igrejinha-rs\"><a href=\"https:\/\/www.estrategiaconcursos.com.br\/blog\/concurso-prefeitura-igrejinha\/\" target=\"_blank\" rel=\"noreferrer noopener\">Prefeitura de Igrejinha<\/a> (RS)<\/h3>\n\n\n\n<ul class=\"wp-block-list\">\n<li><strong>Banca:<\/strong> Legalle Concursos<\/li>\n\n\n\n<li><strong>Per\u00edodo de inscri\u00e7\u00f5es:<\/strong> at\u00e9 01\/10<\/li>\n\n\n\n<li><strong>Data da prova<\/strong>: 08 e 09\/11<\/li>\n\n\n\n<li><strong>Vagas:<\/strong> 11 + CR<\/li>\n\n\n\n<li><strong>Sal\u00e1rio inicial:<\/strong> R$ 2.090,18 a R$ 9.749,01<\/li>\n\n\n\n<li><strong>Edital:<\/strong> <a href=\"https:\/\/dhg1h5j42swfq.cloudfront.net\/2025\/09\/02151402\/igrejinha-2025.pdf\" target=\"_blank\" rel=\"noreferrer noopener nofollow\">Igrejinha 2025<\/a><\/li>\n<\/ul>\n\n\n\n<h3 class=\"wp-block-heading\" id=\"h-prefeitura-de-laranjal-do-jari-ap\"><a href=\"https:\/\/www.estrategiaconcursos.com.br\/blog\/concurso-prefeitura-laranjal-do-jari\/\" target=\"_blank\" rel=\"noreferrer noopener\">Prefeitura de Laranjal do Jari<\/a> (AP)<\/h3>\n\n\n\n<ul class=\"wp-block-list\">\n<li><strong>Banca:<\/strong> IDIB<\/li>\n\n\n\n<li><strong>Per\u00edodo de inscri\u00e7\u00f5es:<\/strong> at\u00e9 02\/10<\/li>\n\n\n\n<li><strong>Data da prova<\/strong>: 07\/12<\/li>\n\n\n\n<li><strong>Vagas:<\/strong> 79<\/li>\n\n\n\n<li><strong>Sal\u00e1rio inicial:<\/strong> R$ 1.669,80 a R$ 6.375,60<\/li>\n\n\n\n<li><strong>Edital:<\/strong> <a href=\"https:\/\/dhg1h5j42swfq.cloudfront.net\/2025\/09\/02113958\/j0ws0pyd9fn26uwugbwx1a8krf00ikop6ar58cv5ir3a0ujx3mbu5fbv2ut49w0yxbluha7v68ht53si7955.pdf\" target=\"_blank\" rel=\"noreferrer noopener nofollow\">Laranjal do Jari 2025<\/a><\/li>\n<\/ul>\n\n\n\n<h3 class=\"wp-block-heading\" id=\"h-prefeitura-de-nova-santa-helena-mt\"><a href=\"https:\/\/www.estrategiaconcursos.com.br\/blog\/concurso-prefeitura-nova-santa-helena\/\" target=\"_blank\" rel=\"noreferrer noopener\">Prefeitura de Nova Santa Helena<\/a> (MT)<\/h3>\n\n\n\n<ul class=\"wp-block-list\">\n<li><strong>Banca:<\/strong> CAP Concursos<\/li>\n\n\n\n<li><strong>Per\u00edodo de inscri\u00e7\u00f5es:<\/strong> at\u00e9 05\/10<\/li>\n\n\n\n<li><strong>Data da prova<\/strong>: 26\/10<\/li>\n\n\n\n<li><strong>Vagas:<\/strong> 33 + CR<\/li>\n\n\n\n<li><strong>Sal\u00e1rio inicial:<\/strong> R$ 2.732,93 a R$ 21.840,33<\/li>\n\n\n\n<li><strong>Edital:<\/strong> <a href=\"https:\/\/dhg1h5j42swfq.cloudfront.net\/2025\/09\/02094843\/d478aa7c0538856b32bab350e1ccf995.pdf\" target=\"_blank\" rel=\"noreferrer noopener nofollow\">Edital Nova Santa Helena 2025<\/a><\/li>\n<\/ul>\n\n\n\n<h3 class=\"wp-block-heading\" id=\"h-prefeitura-de-monteiro-pb\"><a href=\"https:\/\/www.estrategiaconcursos.com.br\/blog\/concurso-prefeitura-monteiro\/\" target=\"_blank\" rel=\"noreferrer noopener\">Prefeitura de Monteiro<\/a> (PB)<\/h3>\n\n\n\n<ul class=\"wp-block-list\">\n<li><strong>Banca:<\/strong> Facet<\/li>\n\n\n\n<li><strong>Per\u00edodo de inscri\u00e7\u00f5es:<\/strong> at\u00e9 02\/10<\/li>\n\n\n\n<li><strong>Data da prova<\/strong>: 02\/11<\/li>\n\n\n\n<li><strong>Vagas:<\/strong> 114<\/li>\n\n\n\n<li><strong>Sal\u00e1rio inicial:<\/strong> R$ 1.518,00 a R$ 5.597,94<\/li>\n\n\n\n<li><strong>Edital:<\/strong> <a href=\"https:\/\/dhg1h5j42swfq.cloudfront.net\/2025\/09\/01142320\/monteiro-2025.pdf\" target=\"_blank\" rel=\"noreferrer noopener nofollow\">Edital Monteiro 2025<\/a><\/li>\n<\/ul>\n\n\n\n<h3 class=\"wp-block-heading\" id=\"h-prefeitura-de-sorocaba-sp\"><a href=\"https:\/\/www.estrategiaconcursos.com.br\/blog\/concurso-prefeitura-sorocaba\/\" target=\"_blank\" rel=\"noreferrer noopener\">Prefeitura de Sorocaba<\/a> (SP)<\/h3>\n\n\n\n<ul class=\"wp-block-list\">\n<li><strong>Banca:<\/strong> Vunesp<\/li>\n\n\n\n<li><strong>Per\u00edodo de inscri\u00e7\u00f5es:<\/strong> 08\/09 a 13\/10<\/li>\n\n\n\n<li><strong>Data da prova<\/strong>: 30\/11<\/li>\n\n\n\n<li><strong>Vagas:<\/strong> 89<\/li>\n\n\n\n<li><strong>Sal\u00e1rio inicial:<\/strong> R$ 2.325,92 a R$ 6.102,71<\/li>\n\n\n\n<li><strong>Edital:<\/strong> <a href=\"https:\/\/dhg1h5j42swfq.cloudfront.net\/2025\/09\/02113945\/pmso2501_306_20250902094508-pdf.pdf\" target=\"_blank\" rel=\"noreferrer noopener nofollow\">Prefeitura Sorocaba 2025<\/a><\/li>\n<\/ul>\n\n\n\n<h3 class=\"wp-block-heading\" id=\"h-pref-eitura-de-charqueada-sp\"><a href=\"https:\/\/www.estrategiaconcursos.com.br\/blog\/concurso-prefeitura-charqueada\/\" target=\"_blank\" rel=\"noreferrer noopener\">Pref<\/a><a href=\"https:\/\/www.estrategiaconcursos.com.br\/blog\/concurso-prefeitura-charqueada\/\">eitura de Charqueada<\/a> (SP)<\/h3>\n\n\n\n<ul class=\"wp-block-list\">\n<li><strong>Banca:<\/strong> GL Consultoria<\/li>\n\n\n\n<li><strong>Per\u00edodo de inscri\u00e7\u00f5es:<\/strong> at\u00e9 19\/09<\/li>\n\n\n\n<li><strong>Data da prova<\/strong>: 05\/10<\/li>\n\n\n\n<li><strong>Vagas:<\/strong> CR<\/li>\n\n\n\n<li><strong>Sal\u00e1rio inicial:<\/strong> R$ 1.920,00 a R$ 6.580,00<\/li>\n\n\n\n<li><strong>Edital:<\/strong> <a href=\"https:\/\/dhg1h5j42swfq.cloudfront.net\/2025\/09\/01162959\/edital-charqueada.pdf\" target=\"_blank\" rel=\"noreferrer noopener nofollow\">Charqueada 2025<\/a><\/li>\n<\/ul>\n\n\n\n<h3 class=\"wp-block-heading\" id=\"h-prefeitura-de-boqueirao-pb\"><a href=\"https:\/\/www.estrategiaconcursos.com.br\/blog\/concurso-prefeitura-boqueirao\/\" target=\"_blank\" rel=\"noreferrer noopener\">Prefeitura de Boqueir\u00e3o<\/a> (PB)<\/h3>\n\n\n\n<ul class=\"wp-block-list\">\n<li><strong>Banca:<\/strong> \u00c1pice Consultoria<\/li>\n\n\n\n<li><strong>Per\u00edodo de inscri\u00e7\u00f5es:<\/strong> at\u00e9 30\/09<\/li>\n\n\n\n<li><strong>Data da prova<\/strong>: 23\/11<\/li>\n\n\n\n<li><strong>Vagas:<\/strong> 102<\/li>\n\n\n\n<li><strong>Sal\u00e1rio inicial:<\/strong> &nbsp;R$1.518,00 a R$ 3.940,30<\/li>\n\n\n\n<li><strong>Edital:<\/strong> <a href=\"https:\/\/dhg1h5j42swfq.cloudfront.net\/2025\/09\/02093345\/pdf_16702092025090903.pdf\" target=\"_blank\" rel=\"noreferrer noopener nofollow\">Edital Boqueir\u00e3o 2025<\/a><\/li>\n<\/ul>\n\n\n\n<h3 class=\"wp-block-heading\" id=\"h-prefeitura-de-olivedos-pb\"><a href=\"https:\/\/www.estrategiaconcursos.com.br\/blog\/concurso-prefeitura-olivedos\/\" target=\"_blank\" rel=\"noreferrer noopener\">Prefeitura de Olivedos<\/a> (PB)<\/h3>\n\n\n\n<ul class=\"wp-block-list\">\n<li><strong>Banca:<\/strong> CPCON<\/li>\n\n\n\n<li><strong>Per\u00edodo de inscri\u00e7\u00f5es:<\/strong> at\u00e9 05\/10<\/li>\n\n\n\n<li><strong>Data da prova<\/strong>: 26\/10<\/li>\n\n\n\n<li><strong>Vagas:<\/strong> 37<\/li>\n\n\n\n<li><strong>Sal\u00e1rio inicial:<\/strong> R$ 1.518,00 a R$ 3.664,22<\/li>\n\n\n\n<li><strong>Edital:<\/strong> <a href=\"https:\/\/dhg1h5j42swfq.cloudfront.net\/2025\/09\/01110104\/edital_olivedos.pdf\" target=\"_blank\" rel=\"noreferrer noopener nofollow\">Olivedos 2025<\/a><\/li>\n<\/ul>\n\n\n\n<h3 class=\"wp-block-heading\" id=\"h-prefeitura-de-taquarituba-sp\"><a href=\"https:\/\/www.estrategiaconcursos.com.br\/blog\/concurso-prefeitura-taquarituba\/\" target=\"_blank\" rel=\"noreferrer noopener\">Prefeitura de Taquarituba<\/a> (SP)<\/h3>\n\n\n\n<ul class=\"wp-block-list\">\n<li><strong>Banca:<\/strong> Instituto Unique<\/li>\n\n\n\n<li><strong>Per\u00edodo de inscri\u00e7\u00f5es:<\/strong> at\u00e9 05\/10<\/li>\n\n\n\n<li><strong>Data da prova<\/strong>: 26\/10<\/li>\n\n\n\n<li><strong>Vagas:<\/strong> 64<\/li>\n\n\n\n<li><strong>Sal\u00e1rio inicial:<\/strong> R$ 1.809,85 a R$ 7.669,21<\/li>\n\n\n\n<li><strong>Edital:<\/strong> &nbsp;<a href=\"https:\/\/dhg1h5j42swfq.cloudfront.net\/2025\/09\/04101902\/a7d4aec1af01e28bb6b619e4572740ed.pdf\" target=\"_blank\" rel=\"noreferrer noopener nofollow\">Taquarituba \u2013 2025<\/a><\/li>\n<\/ul>\n\n\n\n<h3 class=\"wp-block-heading\" id=\"h-prefeitura-de-sao-francisco-pb\"><a href=\"https:\/\/www.estrategiaconcursos.com.br\/blog\/concurso-prefeitura-sao-francisco-pb\/\" target=\"_blank\" rel=\"noreferrer noopener\">Prefeitura de S\u00e3o Francisco<\/a> (PB)<\/h3>\n\n\n\n<ul class=\"wp-block-list\">\n<li><strong>Banca:<\/strong> CPCON<\/li>\n\n\n\n<li><strong>Per\u00edodo de inscri\u00e7\u00f5es:<\/strong> at\u00e9 05\/10<\/li>\n\n\n\n<li><strong>Data da prova<\/strong>: 26\/10  <\/li>\n\n\n\n<li><strong>Vagas:<\/strong> 46<\/li>\n\n\n\n<li><strong>Sal\u00e1rio inicial:<\/strong> R$ 1.518,00 a R$ 3.984,37<\/li>\n\n\n\n<li><strong>Edital:<\/strong> <a href=\"https:\/\/dhg1h5j42swfq.cloudfront.net\/2025\/09\/02173211\/edital_sao_francisco.pdf\" target=\"_blank\" rel=\"noreferrer noopener nofollow\">S\u00e3o Francisco 2025<\/a><\/li>\n<\/ul>\n\n\n\n<h3 class=\"wp-block-heading\" id=\"h-prefeitura-de-carapicuiba-sp\"><a href=\"https:\/\/www.estrategiaconcursos.com.br\/blog\/concurso-prefeitura-carapicuiba\/\" target=\"_blank\" rel=\"noreferrer noopener\">Prefeitura de Carapicu\u00edba<\/a> (SP)<\/h3>\n\n\n\n<ul class=\"wp-block-list\">\n<li><strong>Banca:<\/strong> RBO<\/li>\n\n\n\n<li><strong>Per\u00edodo de inscri\u00e7\u00f5es:<\/strong> 09\/09 a 10\/10<\/li>\n\n\n\n<li><strong>Data da prova<\/strong>: 23 e 30\/11<\/li>\n\n\n\n<li><strong>Vagas:<\/strong> CR<\/li>\n\n\n\n<li><strong>Sal\u00e1rio inicial:<\/strong> &nbsp;R$ 1.518,00 a R$ 16.835,94<\/li>\n\n\n\n<li><strong>Edital:<\/strong> <a href=\"https:\/\/dhg1h5j42swfq.cloudfront.net\/2025\/09\/03174019\/edital-carapicuiba.pdf\" target=\"_blank\" rel=\"noreferrer noopener nofollow\">Carapicu\u00edba 2025<\/a><\/li>\n<\/ul>\n\n\n\n<h3 class=\"wp-block-heading\" id=\"h-prefeitura-de-lima-campos-ma\"><a href=\"https:\/\/www.estrategiaconcursos.com.br\/blog\/concurso-prefeitura-lima-campos\/\" target=\"_blank\" rel=\"noreferrer noopener\">Prefeitura de Lima Campos<\/a> (MA)<\/h3>\n\n\n\n<ul class=\"wp-block-list\">\n<li><strong>Banca:<\/strong> Instituto Legatus<\/li>\n\n\n\n<li><strong>Per\u00edodo de inscri\u00e7\u00f5es:<\/strong> 03\/09 a 06\/10<\/li>\n\n\n\n<li><strong>Data da prova<\/strong>: 23\/11<\/li>\n\n\n\n<li><strong>Vagas:<\/strong> 243 + 108 CR<\/li>\n\n\n\n<li><strong>Sal\u00e1rio inicial:<\/strong> R$ 1.518,00 a R$ 3.036,00<\/li>\n\n\n\n<li><strong>Edital:<\/strong> &nbsp;<a href=\"https:\/\/dhg1h5j42swfq.cloudfront.net\/2025\/09\/03143000\/edital-no-01_2025-abertura-do-concurso-lima-campos.pdf\" target=\"_blank\" rel=\"noreferrer noopener\">Lima Campos 2025<\/a><\/li>\n<\/ul>\n\n\n\n<h3 class=\"wp-block-heading\" id=\"h-prefeitura-de-sao-miguel-arcanjo-sp\"><a href=\"https:\/\/www.estrategiaconcursos.com.br\/blog\/concurso-prefeitura-sao-miguel-arcanjo\/\" target=\"_blank\" rel=\"noreferrer noopener\">Prefeitura de S\u00e3o Miguel Arcanjo<\/a> (SP)<\/h3>\n\n\n\n<ul class=\"wp-block-list\">\n<li><strong>Banca:<\/strong> Avan\u00e7a SP<\/li>\n\n\n\n<li><strong>Per\u00edodo de inscri\u00e7\u00f5es:<\/strong> at\u00e9 06\/10<\/li>\n\n\n\n<li><strong>Data da prova<\/strong>: 23\/11<\/li>\n\n\n\n<li><strong>Vagas:<\/strong> CR<\/li>\n\n\n\n<li><strong>Sal\u00e1rio inicial:<\/strong> R$ 1.518,00 a R$ 6.631,39<\/li>\n\n\n\n<li><strong>Edital:<\/strong> <a href=\"https:\/\/dhg1h5j42swfq.cloudfront.net\/2025\/09\/05153659\/sm.pdf\" target=\"_blank\" rel=\"noreferrer noopener nofollow\">S\u00e3o Miguel Arcanjo 2025<\/a><\/li>\n<\/ul>\n\n\n\n<h3 class=\"wp-block-heading\" id=\"h-prefeitura-de-brejo-do-cruz-pb\"><a href=\"https:\/\/www.estrategiaconcursos.com.br\/blog\/concurso-prefeitura-brejo-do-cruz\/\" target=\"_blank\" rel=\"noreferrer noopener\">Prefeitura de Brejo do Cruz<\/a> (PB)<\/h3>\n\n\n\n<ul class=\"wp-block-list\">\n<li><strong>Banca:<\/strong> EducaPB<\/li>\n\n\n\n<li><strong>Per\u00edodo de inscri\u00e7\u00f5es:<\/strong> 10\/09 a 12\/10<\/li>\n\n\n\n<li><strong>Data da prova<\/strong>: 23\/11<\/li>\n\n\n\n<li><strong>Vagas:<\/strong> 148<\/li>\n\n\n\n<li><strong>Sal\u00e1rio inicial:<\/strong> R$ 1.518,00 a R$ 17.830,26<\/li>\n\n\n\n<li><strong>Edital:<\/strong> <a href=\"https:\/\/dhg1h5j42swfq.cloudfront.net\/2025\/09\/04135301\/edital-normativo-no-01-2025-brejo-do-cruz-okok-1.pdf\" target=\"_blank\" rel=\"noreferrer noopener nofollow\">Brejo do Cruz 2025<\/a><\/li>\n<\/ul>\n\n\n\n<h3 class=\"wp-block-heading has-text-align-center\" id=\"h-quer-ficar-por-dentro-de-mais-informacoes-sobre-o-mundo-dos-concursos-alem-dos-editais-da-semana-entao-confira-as-principais-noticias-do-dia\"><em>Quer ficar por dentro de mais informa\u00e7\u00f5es sobre o mundo dos concursos, al\u00e9m dos editais da semana? Ent\u00e3o confira as principais not\u00edcias do dia!<\/em><\/h3>\n\n\n\n<p class=\"has-text-align-center has-background\" style=\"background-color:#ededed;font-size:clamp(14.642px, 0.915rem + ((1vw - 3.2px) * 0.721), 22px);px\"><strong><a href=\"https:\/\/www.estrategiaconcursos.com.br\/blog\/principais-noticias-do-dia\/\" target=\"_blank\" rel=\"noreferrer noopener\">Principais not\u00edcias do dia<\/a><\/strong><\/p>\n\n\n\n<div class=\"container\" id=\"boxes\">\r\n  <div class=\"row\">\r\n\r\n    <div class=\"col-sm\">\r\n      <div class=\"estrategia\" id=\"box-assinatura\">\r\n        <h3 class=\"titulo-assinatura\">Assinatura Concursos<\/h3>\r\n        <p class=\"subtitulo-assinatura\">Assinatura de 1 ano ou 2 anos<\/p>\r\n        <div class=\"box-botao\">\r\n          <a class=\"btn-assinatura\" target=\"_blank\" href=\"https:\/\/www.estrategiaconcursos.com.br\/assinaturas\/\" role=\"button\" rel=\"noopener noreferrer\">ASSINE AGORA<\/a>\r\n        <\/div>\r\n      <\/div><\/div><\/div><\/div>\n\n\n\n<h2 class=\"wp-block-heading has-text-align-center\" id=\"h-quer-saber-tudo-sobre-concursos-previstos-e-editais-da-semana-confira-os-nossos-artigos\">Quer saber tudo sobre concursos previstos e editais da semana?<br \/>Confira os nossos artigos!<\/h2>\n\n\n\n<ul class=\"wp-block-list\">\n<li><a href=\"https:\/\/www.estrategiaconcursos.com.br\/blog\/concursos-abertos\/\" target=\"_blank\" rel=\"noreferrer noopener\">Concursos Abertos<\/a><\/li>\n\n\n\n<li><a href=\"https:\/\/www.estrategiaconcursos.com.br\/blog\/concursos-prefeitura\/\" target=\"_blank\" rel=\"noreferrer noopener\">Concursos Abertos Prefeitura<\/a><\/li>\n\n\n\n<li><a href=\"https:\/\/www.estrategiaconcursos.com.br\/blog\/concursos-2025\/\" target=\"_blank\" rel=\"noreferrer noopener\">Concursos 2025<\/a><\/li>\n\n\n\n<li><a href=\"https:\/\/www.estrategiaconcursos.com.br\/blog\/concursos-2026\/\" target=\"_blank\" rel=\"noreferrer noopener\">Concursos 2026<\/a><\/li>\n<\/ul>\n","protected":false},"excerpt":{"rendered":"<p>A ESPERA ACABOU! Finalmente, a semana viu o lan\u00e7amento do edital do primeiro concurso p\u00fablico da\u00a0Controladoria-Geral do Estado de S\u00e3o Paulo\u00a0(CGE SP). E, por isso, os \u00faltimos dias foram pra l\u00e1 de especiais, junto mais 34 editais e um saldo incr\u00edvel de 4.924 oportunidades. Mas, como sabemos, n\u00fameros n\u00e3o querem dizer qualidade de carreiras e [&hellip;]<\/p>\n","protected":false},"author":2692,"featured_media":1445265,"comment_status":"open","ping_status":"closed","sticky":false,"template":"","format":"standard","meta":{"post_tipo":"news","footnotes":""},"categories":[1,220219],"tags":[],"tax_estado":[219963],"class_list":["post-1632905","post","type-post","status-publish","format-standard","has-post-thumbnail","hentry","category-cursos-e-concursos","category-noticias","tax_estado-concursos-federais"],"acf":[],"yoast_head":"<!-- This site is optimized with the Yoast SEO Premium plugin v27.2 (Yoast SEO v27.2) - https:\/\/yoast.com\/product\/yoast-seo-premium-wordpress\/ -->\n<title>Concursos P\u00fablicos: 34 editais esta semana; 4,9 mil vagas!<\/title>\n<meta name=\"description\" content=\"Concurso P\u00fablico 2025: 34 editais sa\u00edram ao longo desta semana (1\u00ba a 05\/09). Confira o n\u00famero de oportunidades, remunera\u00e7\u00e3o e datas.\" \/>\n<meta name=\"robots\" content=\"index, follow, max-snippet:-1, max-image-preview:large, max-video-preview:-1\" \/>\n<link rel=\"canonical\" href=\"https:\/\/www.estrategiaconcursos.com.br\/blog\/concurso-editais-semana-01-a-05-08\/\" \/>\n<meta property=\"og:locale\" content=\"pt_BR\" \/>\n<meta property=\"og:type\" content=\"article\" \/>\n<meta property=\"og:title\" content=\"Concursos P\u00fablicos: 34 editais esta semana; 4,9 mil vagas!\" \/>\n<meta property=\"og:description\" content=\"Concurso P\u00fablico 2025: 34 editais sa\u00edram ao longo desta semana (1\u00ba a 05\/09). Confira o n\u00famero de oportunidades, remunera\u00e7\u00e3o e datas.\" \/>\n<meta property=\"og:url\" content=\"https:\/\/www.estrategiaconcursos.com.br\/blog\/concurso-editais-semana-01-a-05-08\/\" \/>\n<meta property=\"og:site_name\" content=\"Estrat\u00e9gia Concursos\" \/>\n<meta property=\"article:published_time\" content=\"2025-09-05T21:00:00+00:00\" \/>\n<meta property=\"article:modified_time\" content=\"2025-09-26T20:28:27+00:00\" \/>\n<meta property=\"og:image\" content=\"https:\/\/dhg1h5j42swfq.cloudfront.net\/2024\/08\/14120803\/concursos-2025-1.png\" \/>\n\t<meta property=\"og:image:width\" content=\"692\" \/>\n\t<meta property=\"og:image:height\" content=\"393\" \/>\n\t<meta property=\"og:image:type\" content=\"image\/png\" \/>\n<meta name=\"author\" content=\"Ronaldo Scanavini Neto\" \/>\n<meta name=\"twitter:card\" content=\"summary_large_image\" \/>\n<meta name=\"twitter:creator\" content=\"@EstratConcursos\" \/>\n<meta name=\"twitter:site\" content=\"@EstratConcursos\" \/>\n<meta name=\"twitter:label1\" content=\"Escrito por\" \/>\n\t<meta name=\"twitter:data1\" content=\"Ronaldo Scanavini Neto\" \/>\n\t<meta name=\"twitter:label2\" content=\"Est. tempo de leitura\" \/>\n\t<meta name=\"twitter:data2\" content=\"6 minutos\" \/>\n<script type=\"application\/ld+json\" class=\"yoast-schema-graph\">{\"@context\":\"https:\/\/schema.org\",\"@graph\":[{\"@type\":\"NewsArticle\",\"@id\":\"https:\/\/www.estrategiaconcursos.com.br\/blog\/concurso-editais-semana-01-a-05-08\/#article\",\"isPartOf\":{\"@id\":\"https:\/\/www.estrategiaconcursos.com.br\/blog\/concurso-editais-semana-01-a-05-08\/\"},\"author\":{\"name\":\"Ronaldo Scanavini Neto\",\"@id\":\"https:\/\/www.estrategiaconcursos.com.br\/blog\/#\/schema\/person\/70c2ad4297aa24ff8815b08215b23a76\"},\"headline\":\"Concursos P\u00fablicos: 34 editais esta semana; 4,9 mil vagas!\",\"datePublished\":\"2025-09-05T21:00:00+00:00\",\"dateModified\":\"2025-09-26T20:28:27+00:00\",\"mainEntityOfPage\":{\"@id\":\"https:\/\/www.estrategiaconcursos.com.br\/blog\/concurso-editais-semana-01-a-05-08\/\"},\"wordCount\":1239,\"commentCount\":0,\"publisher\":{\"@id\":\"https:\/\/www.estrategiaconcursos.com.br\/blog\/#organization\"},\"image\":{\"@id\":\"https:\/\/www.estrategiaconcursos.com.br\/blog\/concurso-editais-semana-01-a-05-08\/#primaryimage\"},\"thumbnailUrl\":\"https:\/\/dhg1h5j42swfq.cloudfront.net\/2024\/08\/14120803\/concursos-2025-1.png\",\"articleSection\":[\"Concursos P\u00fablicos\",\"\u00daltimas not\u00edcias\"],\"inLanguage\":\"pt-BR\",\"potentialAction\":[{\"@type\":\"CommentAction\",\"name\":\"Comment\",\"target\":[\"https:\/\/www.estrategiaconcursos.com.br\/blog\/concurso-editais-semana-01-a-05-08\/#respond\"]}],\"copyrightYear\":\"2025\",\"copyrightHolder\":{\"@id\":\"https:\/\/www.estrategiaconcursos.com.br\/blog\/#organization\"}},{\"@type\":\"WebPage\",\"@id\":\"https:\/\/www.estrategiaconcursos.com.br\/blog\/concurso-editais-semana-01-a-05-08\/\",\"url\":\"https:\/\/www.estrategiaconcursos.com.br\/blog\/concurso-editais-semana-01-a-05-08\/\",\"name\":\"Concursos P\u00fablicos: 34 editais esta semana; 4,9 mil vagas!\",\"isPartOf\":{\"@id\":\"https:\/\/www.estrategiaconcursos.com.br\/blog\/#website\"},\"primaryImageOfPage\":{\"@id\":\"https:\/\/www.estrategiaconcursos.com.br\/blog\/concurso-editais-semana-01-a-05-08\/#primaryimage\"},\"image\":{\"@id\":\"https:\/\/www.estrategiaconcursos.com.br\/blog\/concurso-editais-semana-01-a-05-08\/#primaryimage\"},\"thumbnailUrl\":\"https:\/\/dhg1h5j42swfq.cloudfront.net\/2024\/08\/14120803\/concursos-2025-1.png\",\"datePublished\":\"2025-09-05T21:00:00+00:00\",\"dateModified\":\"2025-09-26T20:28:27+00:00\",\"description\":\"Concurso P\u00fablico 2025: 34 editais sa\u00edram ao longo desta semana (1\u00ba a 05\/09). Confira o n\u00famero de oportunidades, remunera\u00e7\u00e3o e datas.\",\"breadcrumb\":{\"@id\":\"https:\/\/www.estrategiaconcursos.com.br\/blog\/concurso-editais-semana-01-a-05-08\/#breadcrumb\"},\"inLanguage\":\"pt-BR\",\"potentialAction\":[{\"@type\":\"ReadAction\",\"target\":[\"https:\/\/www.estrategiaconcursos.com.br\/blog\/concurso-editais-semana-01-a-05-08\/\"]}]},{\"@type\":\"ImageObject\",\"inLanguage\":\"pt-BR\",\"@id\":\"https:\/\/www.estrategiaconcursos.com.br\/blog\/concurso-editais-semana-01-a-05-08\/#primaryimage\",\"url\":\"https:\/\/dhg1h5j42swfq.cloudfront.net\/2024\/08\/14120803\/concursos-2025-1.png\",\"contentUrl\":\"https:\/\/dhg1h5j42swfq.cloudfront.net\/2024\/08\/14120803\/concursos-2025-1.png\",\"width\":692,\"height\":393,\"caption\":\"concursos 2025\"},{\"@type\":\"BreadcrumbList\",\"@id\":\"https:\/\/www.estrategiaconcursos.com.br\/blog\/concurso-editais-semana-01-a-05-08\/#breadcrumb\",\"itemListElement\":[{\"@type\":\"ListItem\",\"position\":1,\"name\":\"In\u00edcio\",\"item\":\"https:\/\/www.estrategiaconcursos.com.br\/blog\/\"},{\"@type\":\"ListItem\",\"position\":2,\"name\":\"Concursos P\u00fablicos: 34 editais esta semana; 4,9 mil vagas!\"}]},{\"@type\":\"WebSite\",\"@id\":\"https:\/\/www.estrategiaconcursos.com.br\/blog\/#website\",\"url\":\"https:\/\/www.estrategiaconcursos.com.br\/blog\/\",\"name\":\"Estrat\u00e9gia Concursos\",\"description\":\"O blog da Estrat\u00e9gia Concursos traz not\u00edcias sobre concursos e artigos de professores oferecendo cursos para concursos (pdf + videaulas) no site.\",\"publisher\":{\"@id\":\"https:\/\/www.estrategiaconcursos.com.br\/blog\/#organization\"},\"potentialAction\":[{\"@type\":\"SearchAction\",\"target\":{\"@type\":\"EntryPoint\",\"urlTemplate\":\"https:\/\/www.estrategiaconcursos.com.br\/blog\/?s={search_term_string}\"},\"query-input\":{\"@type\":\"PropertyValueSpecification\",\"valueRequired\":true,\"valueName\":\"search_term_string\"}}],\"inLanguage\":\"pt-BR\"},{\"@type\":\"Organization\",\"@id\":\"https:\/\/www.estrategiaconcursos.com.br\/blog\/#organization\",\"name\":\"Estrat\u00e9gia Concursos\",\"url\":\"https:\/\/www.estrategiaconcursos.com.br\/blog\/\",\"logo\":{\"@type\":\"ImageObject\",\"inLanguage\":\"pt-BR\",\"@id\":\"https:\/\/www.estrategiaconcursos.com.br\/blog\/#\/schema\/logo\/image\/\",\"url\":\"https:\/\/dhg1h5j42swfq.cloudfront.net\/2025\/06\/03203428\/logo_concursos-1.jpg\",\"contentUrl\":\"https:\/\/dhg1h5j42swfq.cloudfront.net\/2025\/06\/03203428\/logo_concursos-1.jpg\",\"width\":230,\"height\":60,\"caption\":\"Estrat\u00e9gia Concursos\"},\"image\":{\"@id\":\"https:\/\/www.estrategiaconcursos.com.br\/blog\/#\/schema\/logo\/image\/\"},\"sameAs\":[\"https:\/\/x.com\/EstratConcursos\"]},{\"@type\":\"Person\",\"@id\":\"https:\/\/www.estrategiaconcursos.com.br\/blog\/#\/schema\/person\/70c2ad4297aa24ff8815b08215b23a76\",\"name\":\"Ronaldo Scanavini Neto\",\"image\":{\"@type\":\"ImageObject\",\"inLanguage\":\"pt-BR\",\"@id\":\"https:\/\/secure.gravatar.com\/avatar\/f93d8e56fe264596e94aee6b3feb737d98ad0fc5bac7eb0a245f04723c5c8f21?s=96&d=mm&r=g\",\"url\":\"https:\/\/secure.gravatar.com\/avatar\/f93d8e56fe264596e94aee6b3feb737d98ad0fc5bac7eb0a245f04723c5c8f21?s=96&d=mm&r=g\",\"contentUrl\":\"https:\/\/secure.gravatar.com\/avatar\/f93d8e56fe264596e94aee6b3feb737d98ad0fc5bac7eb0a245f04723c5c8f21?s=96&d=mm&r=g\",\"caption\":\"Ronaldo Scanavini Neto\"},\"description\":\"Graduando em Comunica\u00e7\u00e3o Social \u2013 Jornalismo pela Universidade Federal de Vi\u00e7osa (UFV). Integra a equipe de jornalismo do Estrat\u00e9gia Concursos desde 2023, atuando com \u00eanfase na cobertura da \u00e1rea fiscal. Tamb\u00e9m realiza a apura\u00e7\u00e3o e produ\u00e7\u00e3o de not\u00edcias sobre concursos federais, \u00f3rg\u00e3os participantes do CNU e das \u00e1reas de controle, gest\u00e3o, engenharia, Exame CFC, comunica\u00e7\u00e3o social TI e \u00e1rea de concursos administrativos.\",\"url\":\"https:\/\/www.estrategiaconcursos.com.br\/blog\/author\/ronaldo-netoestrategia-com\/\"}]}<\/script>\n<!-- \/ Yoast SEO Premium plugin. -->","yoast_head_json":{"title":"Concursos P\u00fablicos: 34 editais esta semana; 4,9 mil vagas!","description":"Concurso P\u00fablico 2025: 34 editais sa\u00edram ao longo desta semana (1\u00ba a 05\/09). Confira o n\u00famero de oportunidades, remunera\u00e7\u00e3o e datas.","robots":{"index":"index","follow":"follow","max-snippet":"max-snippet:-1","max-image-preview":"max-image-preview:large","max-video-preview":"max-video-preview:-1"},"canonical":"https:\/\/www.estrategiaconcursos.com.br\/blog\/concurso-editais-semana-01-a-05-08\/","og_locale":"pt_BR","og_type":"article","og_title":"Concursos P\u00fablicos: 34 editais esta semana; 4,9 mil vagas!","og_description":"Concurso P\u00fablico 2025: 34 editais sa\u00edram ao longo desta semana (1\u00ba a 05\/09). Confira o n\u00famero de oportunidades, remunera\u00e7\u00e3o e datas.","og_url":"https:\/\/www.estrategiaconcursos.com.br\/blog\/concurso-editais-semana-01-a-05-08\/","og_site_name":"Estrat\u00e9gia Concursos","article_published_time":"2025-09-05T21:00:00+00:00","article_modified_time":"2025-09-26T20:28:27+00:00","og_image":[{"width":692,"height":393,"url":"https:\/\/dhg1h5j42swfq.cloudfront.net\/2024\/08\/14120803\/concursos-2025-1.png","type":"image\/png"}],"author":"Ronaldo Scanavini Neto","twitter_card":"summary_large_image","twitter_creator":"@EstratConcursos","twitter_site":"@EstratConcursos","twitter_misc":{"Escrito por":"Ronaldo Scanavini Neto","Est. tempo de leitura":"6 minutos"},"schema":{"@context":"https:\/\/schema.org","@graph":[{"@type":"NewsArticle","@id":"https:\/\/www.estrategiaconcursos.com.br\/blog\/concurso-editais-semana-01-a-05-08\/#article","isPartOf":{"@id":"https:\/\/www.estrategiaconcursos.com.br\/blog\/concurso-editais-semana-01-a-05-08\/"},"author":{"name":"Ronaldo Scanavini Neto","@id":"https:\/\/www.estrategiaconcursos.com.br\/blog\/#\/schema\/person\/70c2ad4297aa24ff8815b08215b23a76"},"headline":"Concursos P\u00fablicos: 34 editais esta semana; 4,9 mil vagas!","datePublished":"2025-09-05T21:00:00+00:00","dateModified":"2025-09-26T20:28:27+00:00","mainEntityOfPage":{"@id":"https:\/\/www.estrategiaconcursos.com.br\/blog\/concurso-editais-semana-01-a-05-08\/"},"wordCount":1239,"commentCount":0,"publisher":{"@id":"https:\/\/www.estrategiaconcursos.com.br\/blog\/#organization"},"image":{"@id":"https:\/\/www.estrategiaconcursos.com.br\/blog\/concurso-editais-semana-01-a-05-08\/#primaryimage"},"thumbnailUrl":"https:\/\/dhg1h5j42swfq.cloudfront.net\/2024\/08\/14120803\/concursos-2025-1.png","articleSection":["Concursos P\u00fablicos","\u00daltimas not\u00edcias"],"inLanguage":"pt-BR","potentialAction":[{"@type":"CommentAction","name":"Comment","target":["https:\/\/www.estrategiaconcursos.com.br\/blog\/concurso-editais-semana-01-a-05-08\/#respond"]}],"copyrightYear":"2025","copyrightHolder":{"@id":"https:\/\/www.estrategiaconcursos.com.br\/blog\/#organization"}},{"@type":"WebPage","@id":"https:\/\/www.estrategiaconcursos.com.br\/blog\/concurso-editais-semana-01-a-05-08\/","url":"https:\/\/www.estrategiaconcursos.com.br\/blog\/concurso-editais-semana-01-a-05-08\/","name":"Concursos P\u00fablicos: 34 editais esta semana; 4,9 mil vagas!","isPartOf":{"@id":"https:\/\/www.estrategiaconcursos.com.br\/blog\/#website"},"primaryImageOfPage":{"@id":"https:\/\/www.estrategiaconcursos.com.br\/blog\/concurso-editais-semana-01-a-05-08\/#primaryimage"},"image":{"@id":"https:\/\/www.estrategiaconcursos.com.br\/blog\/concurso-editais-semana-01-a-05-08\/#primaryimage"},"thumbnailUrl":"https:\/\/dhg1h5j42swfq.cloudfront.net\/2024\/08\/14120803\/concursos-2025-1.png","datePublished":"2025-09-05T21:00:00+00:00","dateModified":"2025-09-26T20:28:27+00:00","description":"Concurso P\u00fablico 2025: 34 editais sa\u00edram ao longo desta semana (1\u00ba a 05\/09). Confira o n\u00famero de oportunidades, remunera\u00e7\u00e3o e datas.","breadcrumb":{"@id":"https:\/\/www.estrategiaconcursos.com.br\/blog\/concurso-editais-semana-01-a-05-08\/#breadcrumb"},"inLanguage":"pt-BR","potentialAction":[{"@type":"ReadAction","target":["https:\/\/www.estrategiaconcursos.com.br\/blog\/concurso-editais-semana-01-a-05-08\/"]}]},{"@type":"ImageObject","inLanguage":"pt-BR","@id":"https:\/\/www.estrategiaconcursos.com.br\/blog\/concurso-editais-semana-01-a-05-08\/#primaryimage","url":"https:\/\/dhg1h5j42swfq.cloudfront.net\/2024\/08\/14120803\/concursos-2025-1.png","contentUrl":"https:\/\/dhg1h5j42swfq.cloudfront.net\/2024\/08\/14120803\/concursos-2025-1.png","width":692,"height":393,"caption":"concursos 2025"},{"@type":"BreadcrumbList","@id":"https:\/\/www.estrategiaconcursos.com.br\/blog\/concurso-editais-semana-01-a-05-08\/#breadcrumb","itemListElement":[{"@type":"ListItem","position":1,"name":"In\u00edcio","item":"https:\/\/www.estrategiaconcursos.com.br\/blog\/"},{"@type":"ListItem","position":2,"name":"Concursos P\u00fablicos: 34 editais esta semana; 4,9 mil vagas!"}]},{"@type":"WebSite","@id":"https:\/\/www.estrategiaconcursos.com.br\/blog\/#website","url":"https:\/\/www.estrategiaconcursos.com.br\/blog\/","name":"Estrat\u00e9gia Concursos","description":"O blog da Estrat\u00e9gia Concursos traz not\u00edcias sobre concursos e artigos de professores oferecendo cursos para concursos (pdf + videaulas) no site.","publisher":{"@id":"https:\/\/www.estrategiaconcursos.com.br\/blog\/#organization"},"potentialAction":[{"@type":"SearchAction","target":{"@type":"EntryPoint","urlTemplate":"https:\/\/www.estrategiaconcursos.com.br\/blog\/?s={search_term_string}"},"query-input":{"@type":"PropertyValueSpecification","valueRequired":true,"valueName":"search_term_string"}}],"inLanguage":"pt-BR"},{"@type":"Organization","@id":"https:\/\/www.estrategiaconcursos.com.br\/blog\/#organization","name":"Estrat\u00e9gia Concursos","url":"https:\/\/www.estrategiaconcursos.com.br\/blog\/","logo":{"@type":"ImageObject","inLanguage":"pt-BR","@id":"https:\/\/www.estrategiaconcursos.com.br\/blog\/#\/schema\/logo\/image\/","url":"https:\/\/dhg1h5j42swfq.cloudfront.net\/2025\/06\/03203428\/logo_concursos-1.jpg","contentUrl":"https:\/\/dhg1h5j42swfq.cloudfront.net\/2025\/06\/03203428\/logo_concursos-1.jpg","width":230,"height":60,"caption":"Estrat\u00e9gia Concursos"},"image":{"@id":"https:\/\/www.estrategiaconcursos.com.br\/blog\/#\/schema\/logo\/image\/"},"sameAs":["https:\/\/x.com\/EstratConcursos"]},{"@type":"Person","@id":"https:\/\/www.estrategiaconcursos.com.br\/blog\/#\/schema\/person\/70c2ad4297aa24ff8815b08215b23a76","name":"Ronaldo Scanavini Neto","image":{"@type":"ImageObject","inLanguage":"pt-BR","@id":"https:\/\/secure.gravatar.com\/avatar\/f93d8e56fe264596e94aee6b3feb737d98ad0fc5bac7eb0a245f04723c5c8f21?s=96&d=mm&r=g","url":"https:\/\/secure.gravatar.com\/avatar\/f93d8e56fe264596e94aee6b3feb737d98ad0fc5bac7eb0a245f04723c5c8f21?s=96&d=mm&r=g","contentUrl":"https:\/\/secure.gravatar.com\/avatar\/f93d8e56fe264596e94aee6b3feb737d98ad0fc5bac7eb0a245f04723c5c8f21?s=96&d=mm&r=g","caption":"Ronaldo Scanavini Neto"},"description":"Graduando em Comunica\u00e7\u00e3o Social \u2013 Jornalismo pela Universidade Federal de Vi\u00e7osa (UFV). Integra a equipe de jornalismo do Estrat\u00e9gia Concursos desde 2023, atuando com \u00eanfase na cobertura da \u00e1rea fiscal. Tamb\u00e9m realiza a apura\u00e7\u00e3o e produ\u00e7\u00e3o de not\u00edcias sobre concursos federais, \u00f3rg\u00e3os participantes do CNU e das \u00e1reas de controle, gest\u00e3o, engenharia, Exame CFC, comunica\u00e7\u00e3o social TI e \u00e1rea de concursos administrativos.","url":"https:\/\/www.estrategiaconcursos.com.br\/blog\/author\/ronaldo-netoestrategia-com\/"}]}},"_links":{"self":[{"href":"https:\/\/www.estrategiaconcursos.com.br\/blog\/wp-json\/wp\/v2\/posts\/1632905","targetHints":{"allow":["GET"]}}],"collection":[{"href":"https:\/\/www.estrategiaconcursos.com.br\/blog\/wp-json\/wp\/v2\/posts"}],"about":[{"href":"https:\/\/www.estrategiaconcursos.com.br\/blog\/wp-json\/wp\/v2\/types\/post"}],"author":[{"embeddable":true,"href":"https:\/\/www.estrategiaconcursos.com.br\/blog\/wp-json\/wp\/v2\/users\/2692"}],"replies":[{"embeddable":true,"href":"https:\/\/www.estrategiaconcursos.com.br\/blog\/wp-json\/wp\/v2\/comments?post=1632905"}],"version-history":[{"count":9,"href":"https:\/\/www.estrategiaconcursos.com.br\/blog\/wp-json\/wp\/v2\/posts\/1632905\/revisions"}],"predecessor-version":[{"id":1634759,"href":"https:\/\/www.estrategiaconcursos.com.br\/blog\/wp-json\/wp\/v2\/posts\/1632905\/revisions\/1634759"}],"wp:featuredmedia":[{"embeddable":true,"href":"https:\/\/www.estrategiaconcursos.com.br\/blog\/wp-json\/wp\/v2\/media\/1445265"}],"wp:attachment":[{"href":"https:\/\/www.estrategiaconcursos.com.br\/blog\/wp-json\/wp\/v2\/media?parent=1632905"}],"wp:term":[{"taxonomy":"category","embeddable":true,"href":"https:\/\/www.estrategiaconcursos.com.br\/blog\/wp-json\/wp\/v2\/categories?post=1632905"},{"taxonomy":"post_tag","embeddable":true,"href":"https:\/\/www.estrategiaconcursos.com.br\/blog\/wp-json\/wp\/v2\/tags?post=1632905"},{"taxonomy":"tax_estado","embeddable":true,"href":"https:\/\/www.estrategiaconcursos.com.br\/blog\/wp-json\/wp\/v2\/tax_estado?post=1632905"}],"curies":[{"name":"wp","href":"https:\/\/api.w.org\/{rel}","templated":true}]}}