{"id":1631097,"date":"2025-08-29T17:04:31","date_gmt":"2025-08-29T20:04:31","guid":{"rendered":"https:\/\/www.estrategiaconcursos.com.br\/blog\/?p=1631097"},"modified":"2025-08-29T18:56:08","modified_gmt":"2025-08-29T21:56:08","slug":"concurso-sefaz-sp-2025-acaba-hoje-prazo-isencao","status":"publish","type":"post","link":"https:\/\/www.estrategiaconcursos.com.br\/blog\/concurso-sefaz-sp-2025-acaba-hoje-prazo-isencao\/","title":{"rendered":"Sefaz SP: acaba HOJE o prazo para solicitar isen\u00e7\u00e3o da taxa"},"content":{"rendered":"\n<p>Acaba nesta sexta-feira (29) \u00e0s 23h59 (hor\u00e1rio de Bras\u00edlia\/DF) o prazo para solicitar a isen\u00e7\u00e3o da taxa de inscri\u00e7\u00e3o do concurso <strong>Sefaz SP<\/strong> <a href=\"https:\/\/www.estrategiaconcursos.com.br\/cursosPorConcurso\/icms-sp-63\/\" target=\"_blank\" rel=\"noreferrer noopener\">Secretaria da Fazenda e Planejamento do Estado de S\u00e3o Paulo<\/a> para Especialista Cont\u00e1bil.<\/p>\n\n\n\n<p>Lembrando que s\u00f3 podem solicitar a isen\u00e7\u00e3o total (100%) ou parcial (50%) os candidatos atendidos pelos seguintes crit\u00e9rios:<\/p>\n\n\n\n<ul class=\"wp-block-list\">\n<li><strong>100%: <\/strong>Comprovar a doa\u00e7\u00e3o de sangue, que n\u00e3o poder\u00e1 ser inferior a 3 (tr\u00eas) vezes em um per\u00edodo de 12 (doze) meses, a contar da data do t\u00e9rmino do requerimento de isen\u00e7\u00e3o do pagamento da inscri\u00e7\u00e3o, realizada em \u00f3rg\u00e3o oficial ou entidade credenciada pela Uni\u00e3o, pelo Estado ou por Munic\u00edpio.<\/li>\n\n\n\n<li><strong>50%: <\/strong>Estudante que tenha renda pessoal mensal igual ou inferior a 2 (dois) sal\u00e1rios m\u00ednimos ou desempregado, assim considerado e que se encontre regularmente matriculado em:\n<ul class=\"wp-block-list\">\n<li>a) Uma das s\u00e9ries do ensino fundamental ou m\u00e9dio; ou<\/li>\n\n\n\n<li>b) Curso pr\u00e9-vestibular; ou<\/li>\n\n\n\n<li>c) Curso superior, em n\u00edvel de gradua\u00e7\u00e3o ou p\u00f3s-gradua\u00e7\u00e3o.<\/li>\n<\/ul>\n<\/li>\n\n\n\n<li><strong>50%: <\/strong>Comprove renda pessoal mensal igual ou inferior a 2 (dois) sal\u00e1rios m\u00ednimos ou desemprego.<\/li>\n<\/ul>\n\n\n\n<p>O candidato que se enquadra em algum dos itens acima dever\u00e1 preencher corretamente o requerimento de solicita\u00e7\u00e3o de isen\u00e7\u00e3o ou redu\u00e7\u00e3o do pagamento do valor da inscri\u00e7\u00e3o, que ficar\u00e1 dispon\u00edvel junto \u00e0 ficha de inscri\u00e7\u00e3o, no site do <a href=\"https:\/\/www.nossorumo.org.br\/\" target=\"_blank\" rel=\"noreferrer noopener\">Instituto Nosso Rumo<\/a>, devendo tamb\u00e9m encaminhar a documenta\u00e7\u00e3o.<\/p>\n\n\n\n<p>O acesso dever\u00e1 ser realizado por meio do n\u00famero do CPF e da senha do candidato cadastrado no site da banca. <\/p>\n\n\n\n<p>Ap\u00f3s efetuar o login, o candidato que solicitar a isen\u00e7\u00e3o ou redu\u00e7\u00e3o, dever\u00e1 clicar na aba \u201cEnvio das Documenta\u00e7\u00f5es da Isen\u00e7\u00e3o\u201d ou na aba \u201cEnvio das Documenta\u00e7\u00f5es Para Redu\u00e7\u00e3o\u201d, respectivamente.<\/p>\n\n\n\n<div class=\"container\" id=\"boxes\">\n  <div class=\"row\">\n\n    <div class=\"col-sm\">\n      <div class=\"banner-sefaz-ec\" id=\"box-assinatura\">\n        <h3 class=\"titulo-assinatura\">Concurso Sefaz SP<\/h3>\n        <p class=\"subtitulo-assinatura\">Prepara\u00e7\u00e3o completa para a carreira na Sefaz SP<\/p>\n        <div class=\"box-botao\">\n          <a class=\"btn-assinatura\" target=\"_blank\" href=\"https:\/\/www.estrategiaconcursos.com.br\/cursosPorConcurso\/icms-sp-63\/\" role=\"button\" rel=\"noopener noreferrer\">VER CURSOS<\/a>\n        <\/div>\n      <\/div>\n    \n    <\/div>\n\n  <\/div>\n<\/div>\n\n\n\n<p>Lembrando que s\u00e3o ofertadas\u00a0no edital <strong>12 vagas<\/strong>\u00a0imediatas para o cargo de\u00a0<strong>Especialista Cont\u00e1bil<\/strong>, com remunera\u00e7\u00e3o inicial de R$ 6.117,26 e jornada de trabalho de 40 horas semanais.<\/p>\n\n\n\n<p>Com organiza\u00e7\u00e3o do&nbsp;<strong>Instituto Nosso Rumo<\/strong>, as inscri\u00e7\u00f5es j\u00e1 est\u00e3o abertas e podem ser feitas at\u00e9 o dia 2 de outubro, ao custo de R$ 105,00.<\/p>\n\n\n\n<p>No dia 2 de novembro, os candidatos devidamente inscritos enfrentar\u00e3o uma prova objetiva, a ser realizada no per\u00edodo da manh\u00e3.<\/p>\n\n\n\n<hr class=\"wp-block-separator has-alpha-channel-opacity is-style-dots\"\/>\n\n\n\n<p class=\"has-text-align-center\"><em>Para mais detalhes sobre o edital da Sefaz SP 2025, al\u00e9m do prazo para isen\u00e7\u00e3o da taxa para Especialista Cont\u00e1bil, n\u00e3o deixe de conferir nosso artigo completo sobre a sele\u00e7\u00e3o:<\/em><\/p>\n\n\n\n<p class=\"has-text-align-center has-background has-medium-font-size\" style=\"background-color:#a4cee9\"><strong>Saiba mais: <a href=\"https:\/\/www.estrategiaconcursos.com.br\/blog\/concurso-sefaz-sp\/\" target=\"_blank\" rel=\"noreferrer noopener\">concurso Sefaz SP<\/a><\/strong><\/p>\n\n\n\n<hr class=\"wp-block-separator has-alpha-channel-opacity\"\/>\n\n\n\n<h2 class=\"wp-block-heading has-text-align-center\" id=\"cursos-assinatura\"><em>Quer estudar para o concurso Sefaz SP 2025?<\/em><\/h2>\n\n\n\n<div class=\"container\" id=\"boxes\">\n  <div class=\"row\">\n\n    <div class=\"col-sm\">\n      <div class=\"estrategia\" id=\"box-assinatura\">\n        <h3 class=\"titulo-assinatura\">Assinatura Concursos<\/h3>\n        <p class=\"subtitulo-assinatura\">Assinatura de 1 ano ou 2 anos<\/p>\n        <div class=\"box-botao\">\n          <a class=\"btn-assinatura\" target=\"_blank\" href=\"https:\/\/www.estrategiaconcursos.com.br\/assinaturas\/\" role=\"button\" rel=\"noopener noreferrer\">ASSINE AGORA<\/a>\n        <\/div>\n      <\/div>\n     \n    <\/div><\/div><\/div>\n\n\n\n<h2 class=\"wp-block-heading has-text-align-center\" id=\"h-quer-saber-tudo-sobre-concursos-previstos-confira-nossos-artigos\">Quer saber tudo sobre concursos previstos?<br \/>Confira nossos artigos!<\/h2>\n\n\n\n<ul class=\"wp-block-list\">\n<li><a href=\"https:\/\/www.estrategiaconcursos.com.br\/blog\/concursos-abertos\/\" target=\"_blank\" rel=\"noreferrer noopener\">Concursos Abertos<\/a><\/li>\n\n\n\n<li><a href=\"https:\/\/www.estrategiaconcursos.com.br\/blog\/concursos-contabilidade\/\" target=\"_blank\" rel=\"noreferrer noopener\">Concursos Contabilidade<\/a><\/li>\n\n\n\n<li><a href=\"https:\/\/www.estrategiaconcursos.com.br\/blog\/concursos-2025\/\" target=\"_blank\" rel=\"noreferrer noopener\">Concursos 2025<\/a><\/li>\n\n\n\n<li><a href=\"https:\/\/www.estrategiaconcursos.com.br\/blog\/concursos-2026\/\" target=\"_blank\" rel=\"noreferrer noopener\">Concursos 2026<\/a><\/li>\n\n\n\n<li><a href=\"https:\/\/www.estrategiaconcursos.com.br\/blog\/concursos-sp\/\" target=\"_blank\" rel=\"noreferrer noopener\">Concursos SP<\/a><\/li>\n<\/ul>\n","protected":false},"excerpt":{"rendered":"<p>Acaba nesta sexta-feira (29) \u00e0s 23h59 (hor\u00e1rio de Bras\u00edlia\/DF) o prazo para solicitar a isen\u00e7\u00e3o da taxa de inscri\u00e7\u00e3o do concurso Sefaz SP Secretaria da Fazenda e Planejamento do Estado de S\u00e3o Paulo para Especialista Cont\u00e1bil. Lembrando que s\u00f3 podem solicitar a isen\u00e7\u00e3o total (100%) ou parcial (50%) os candidatos atendidos pelos seguintes crit\u00e9rios: O [&hellip;]<\/p>\n","protected":false},"author":659,"featured_media":1626486,"comment_status":"open","ping_status":"closed","sticky":false,"template":"","format":"standard","meta":{"post_tipo":"news","footnotes":""},"categories":[1983,220219],"tags":[],"tax_estado":[219989],"class_list":["post-1631097","post","type-post","status-publish","format-standard","has-post-thumbnail","hentry","category-fiscal-estadual","category-noticias","tax_estado-sp"],"acf":[],"yoast_head":"<!-- This site is optimized with the Yoast SEO Premium plugin v27.2 (Yoast SEO v27.2) - https:\/\/yoast.com\/product\/yoast-seo-premium-wordpress\/ -->\n<title>Sefaz SP: acaba HOJE o prazo para solicitar isen\u00e7\u00e3o da taxa<\/title>\n<meta name=\"description\" content=\"Acaba nesta sexta-feira (29) o prazo para solicitar a isen\u00e7\u00e3o da taxa de inscri\u00e7\u00e3o do Concurso Sefaz SP para Especialista Cont\u00e1bil.\" \/>\n<meta name=\"robots\" content=\"index, follow, max-snippet:-1, max-image-preview:large, max-video-preview:-1\" \/>\n<link rel=\"canonical\" href=\"https:\/\/www.estrategiaconcursos.com.br\/blog\/concurso-sefaz-sp-2025-acaba-hoje-prazo-isencao\/\" \/>\n<meta property=\"og:locale\" content=\"pt_BR\" \/>\n<meta property=\"og:type\" content=\"article\" \/>\n<meta property=\"og:title\" content=\"Sefaz SP: acaba HOJE o prazo para solicitar isen\u00e7\u00e3o da taxa\" \/>\n<meta property=\"og:description\" content=\"Acaba nesta sexta-feira (29) o prazo para solicitar a isen\u00e7\u00e3o da taxa de inscri\u00e7\u00e3o do Concurso Sefaz SP para Especialista Cont\u00e1bil.\" \/>\n<meta property=\"og:url\" content=\"https:\/\/www.estrategiaconcursos.com.br\/blog\/concurso-sefaz-sp-2025-acaba-hoje-prazo-isencao\/\" \/>\n<meta property=\"og:site_name\" content=\"Estrat\u00e9gia Concursos\" \/>\n<meta property=\"article:published_time\" content=\"2025-08-29T20:04:31+00:00\" \/>\n<meta property=\"article:modified_time\" content=\"2025-08-29T21:56:08+00:00\" \/>\n<meta property=\"og:image\" content=\"https:\/\/dhg1h5j42swfq.cloudfront.net\/2025\/08\/20140359\/image-239.png\" \/>\n\t<meta property=\"og:image:width\" content=\"465\" \/>\n\t<meta property=\"og:image:height\" content=\"243\" \/>\n\t<meta property=\"og:image:type\" content=\"image\/png\" \/>\n<meta name=\"author\" content=\"Camila Leite\" \/>\n<meta name=\"twitter:card\" content=\"summary_large_image\" \/>\n<meta name=\"twitter:creator\" content=\"@EstratConcursos\" \/>\n<meta name=\"twitter:site\" content=\"@EstratConcursos\" \/>\n<meta name=\"twitter:label1\" content=\"Escrito por\" \/>\n\t<meta name=\"twitter:data1\" content=\"Camila Leite\" \/>\n\t<meta name=\"twitter:label2\" content=\"Est. tempo de leitura\" \/>\n\t<meta name=\"twitter:data2\" content=\"2 minutos\" \/>\n<script type=\"application\/ld+json\" class=\"yoast-schema-graph\">{\"@context\":\"https:\/\/schema.org\",\"@graph\":[{\"@type\":\"NewsArticle\",\"@id\":\"https:\/\/www.estrategiaconcursos.com.br\/blog\/concurso-sefaz-sp-2025-acaba-hoje-prazo-isencao\/#article\",\"isPartOf\":{\"@id\":\"https:\/\/www.estrategiaconcursos.com.br\/blog\/concurso-sefaz-sp-2025-acaba-hoje-prazo-isencao\/\"},\"author\":{\"name\":\"Camila Leite\",\"@id\":\"https:\/\/www.estrategiaconcursos.com.br\/blog\/#\/schema\/person\/84ecdc6eb58d3cf1689bf76c5cd8fb38\"},\"headline\":\"Sefaz SP: acaba HOJE o prazo para solicitar isen\u00e7\u00e3o da taxa\",\"datePublished\":\"2025-08-29T20:04:31+00:00\",\"dateModified\":\"2025-08-29T21:56:08+00:00\",\"mainEntityOfPage\":{\"@id\":\"https:\/\/www.estrategiaconcursos.com.br\/blog\/concurso-sefaz-sp-2025-acaba-hoje-prazo-isencao\/\"},\"wordCount\":476,\"commentCount\":0,\"publisher\":{\"@id\":\"https:\/\/www.estrategiaconcursos.com.br\/blog\/#organization\"},\"image\":{\"@id\":\"https:\/\/www.estrategiaconcursos.com.br\/blog\/concurso-sefaz-sp-2025-acaba-hoje-prazo-isencao\/#primaryimage\"},\"thumbnailUrl\":\"https:\/\/dhg1h5j42swfq.cloudfront.net\/2025\/08\/20140359\/image-239.png\",\"articleSection\":[\"Fiscal - Estadual (ICMS)\",\"\u00daltimas not\u00edcias\"],\"inLanguage\":\"pt-BR\",\"potentialAction\":[{\"@type\":\"CommentAction\",\"name\":\"Comment\",\"target\":[\"https:\/\/www.estrategiaconcursos.com.br\/blog\/concurso-sefaz-sp-2025-acaba-hoje-prazo-isencao\/#respond\"]}],\"copyrightYear\":\"2025\",\"copyrightHolder\":{\"@id\":\"https:\/\/www.estrategiaconcursos.com.br\/blog\/#organization\"}},{\"@type\":\"WebPage\",\"@id\":\"https:\/\/www.estrategiaconcursos.com.br\/blog\/concurso-sefaz-sp-2025-acaba-hoje-prazo-isencao\/\",\"url\":\"https:\/\/www.estrategiaconcursos.com.br\/blog\/concurso-sefaz-sp-2025-acaba-hoje-prazo-isencao\/\",\"name\":\"Sefaz SP: acaba HOJE o prazo para solicitar isen\u00e7\u00e3o da taxa\",\"isPartOf\":{\"@id\":\"https:\/\/www.estrategiaconcursos.com.br\/blog\/#website\"},\"primaryImageOfPage\":{\"@id\":\"https:\/\/www.estrategiaconcursos.com.br\/blog\/concurso-sefaz-sp-2025-acaba-hoje-prazo-isencao\/#primaryimage\"},\"image\":{\"@id\":\"https:\/\/www.estrategiaconcursos.com.br\/blog\/concurso-sefaz-sp-2025-acaba-hoje-prazo-isencao\/#primaryimage\"},\"thumbnailUrl\":\"https:\/\/dhg1h5j42swfq.cloudfront.net\/2025\/08\/20140359\/image-239.png\",\"datePublished\":\"2025-08-29T20:04:31+00:00\",\"dateModified\":\"2025-08-29T21:56:08+00:00\",\"description\":\"Acaba nesta sexta-feira (29) o prazo para solicitar a isen\u00e7\u00e3o da taxa de inscri\u00e7\u00e3o do Concurso Sefaz SP para Especialista Cont\u00e1bil.\",\"breadcrumb\":{\"@id\":\"https:\/\/www.estrategiaconcursos.com.br\/blog\/concurso-sefaz-sp-2025-acaba-hoje-prazo-isencao\/#breadcrumb\"},\"inLanguage\":\"pt-BR\",\"potentialAction\":[{\"@type\":\"ReadAction\",\"target\":[\"https:\/\/www.estrategiaconcursos.com.br\/blog\/concurso-sefaz-sp-2025-acaba-hoje-prazo-isencao\/\"]}]},{\"@type\":\"ImageObject\",\"inLanguage\":\"pt-BR\",\"@id\":\"https:\/\/www.estrategiaconcursos.com.br\/blog\/concurso-sefaz-sp-2025-acaba-hoje-prazo-isencao\/#primaryimage\",\"url\":\"https:\/\/dhg1h5j42swfq.cloudfront.net\/2025\/08\/20140359\/image-239.png\",\"contentUrl\":\"https:\/\/dhg1h5j42swfq.cloudfront.net\/2025\/08\/20140359\/image-239.png\",\"width\":465,\"height\":243,\"caption\":\"Substituto do ICMS para SEFAZ\/SP\"},{\"@type\":\"BreadcrumbList\",\"@id\":\"https:\/\/www.estrategiaconcursos.com.br\/blog\/concurso-sefaz-sp-2025-acaba-hoje-prazo-isencao\/#breadcrumb\",\"itemListElement\":[{\"@type\":\"ListItem\",\"position\":1,\"name\":\"In\u00edcio\",\"item\":\"https:\/\/www.estrategiaconcursos.com.br\/blog\/\"},{\"@type\":\"ListItem\",\"position\":2,\"name\":\"Sefaz SP: acaba HOJE o prazo para solicitar isen\u00e7\u00e3o da taxa\"}]},{\"@type\":\"WebSite\",\"@id\":\"https:\/\/www.estrategiaconcursos.com.br\/blog\/#website\",\"url\":\"https:\/\/www.estrategiaconcursos.com.br\/blog\/\",\"name\":\"Estrat\u00e9gia Concursos\",\"description\":\"O blog da Estrat\u00e9gia Concursos traz not\u00edcias sobre concursos e artigos de professores oferecendo cursos para concursos (pdf + videaulas) no site.\",\"publisher\":{\"@id\":\"https:\/\/www.estrategiaconcursos.com.br\/blog\/#organization\"},\"potentialAction\":[{\"@type\":\"SearchAction\",\"target\":{\"@type\":\"EntryPoint\",\"urlTemplate\":\"https:\/\/www.estrategiaconcursos.com.br\/blog\/?s={search_term_string}\"},\"query-input\":{\"@type\":\"PropertyValueSpecification\",\"valueRequired\":true,\"valueName\":\"search_term_string\"}}],\"inLanguage\":\"pt-BR\"},{\"@type\":\"Organization\",\"@id\":\"https:\/\/www.estrategiaconcursos.com.br\/blog\/#organization\",\"name\":\"Estrat\u00e9gia Concursos\",\"url\":\"https:\/\/www.estrategiaconcursos.com.br\/blog\/\",\"logo\":{\"@type\":\"ImageObject\",\"inLanguage\":\"pt-BR\",\"@id\":\"https:\/\/www.estrategiaconcursos.com.br\/blog\/#\/schema\/logo\/image\/\",\"url\":\"https:\/\/dhg1h5j42swfq.cloudfront.net\/2025\/06\/03203428\/logo_concursos-1.jpg\",\"contentUrl\":\"https:\/\/dhg1h5j42swfq.cloudfront.net\/2025\/06\/03203428\/logo_concursos-1.jpg\",\"width\":230,\"height\":60,\"caption\":\"Estrat\u00e9gia Concursos\"},\"image\":{\"@id\":\"https:\/\/www.estrategiaconcursos.com.br\/blog\/#\/schema\/logo\/image\/\"},\"sameAs\":[\"https:\/\/x.com\/EstratConcursos\"]},{\"@type\":\"Person\",\"@id\":\"https:\/\/www.estrategiaconcursos.com.br\/blog\/#\/schema\/person\/84ecdc6eb58d3cf1689bf76c5cd8fb38\",\"name\":\"Camila Leite\",\"image\":{\"@type\":\"ImageObject\",\"inLanguage\":\"pt-BR\",\"@id\":\"https:\/\/secure.gravatar.com\/avatar\/f2f8faef639c8a2bfb7fb909912a56917f4c3a0aed064500168e2fb8ea55cf61?s=96&d=mm&r=g\",\"url\":\"https:\/\/secure.gravatar.com\/avatar\/f2f8faef639c8a2bfb7fb909912a56917f4c3a0aed064500168e2fb8ea55cf61?s=96&d=mm&r=g\",\"contentUrl\":\"https:\/\/secure.gravatar.com\/avatar\/f2f8faef639c8a2bfb7fb909912a56917f4c3a0aed064500168e2fb8ea55cf61?s=96&d=mm&r=g\",\"caption\":\"Camila Leite\"},\"description\":\"Formada em Design Gr\u00e1fico e em Propaganda e Marketing pela UNIP, integra a equipe de jornalismo do Estrat\u00e9gia Concursos desde 2018. Ao longo dos anos, construiu uma s\u00f3lida experi\u00eancia na produ\u00e7\u00e3o de conte\u00fado informativo e relevante para concurseiros. Desde 2020, atua na cobertura das \u00e1reas Fiscal \u2014 com \u00eanfase nas Secretarias de Fazenda (Sefaz) das regi\u00f5es Sul e Sudeste \u2014, al\u00e9m da cobertura de concursos federais, como CNU, Petrobras, CGU, Receita Federal, ag\u00eancias reguladoras (Anvisa, ANAC, entre outras) e INSS. Mant\u00e9m contato direto com os principais \u00f3rg\u00e3os p\u00fablicos, acompanhando editais, atualiza\u00e7\u00f5es e movimenta\u00e7\u00f5es importantes para os candidatos.\",\"sameAs\":[\"https:\/\/www.linkedin.com\/in\/camila-pinheiro-leite-9ba135b6\/\"],\"url\":\"https:\/\/www.estrategiaconcursos.com.br\/blog\/author\/camila-leiteestrategiaconcursos-com-br\/\"}]}<\/script>\n<!-- \/ Yoast SEO Premium plugin. -->","yoast_head_json":{"title":"Sefaz SP: acaba HOJE o prazo para solicitar isen\u00e7\u00e3o da taxa","description":"Acaba nesta sexta-feira (29) o prazo para solicitar a isen\u00e7\u00e3o da taxa de inscri\u00e7\u00e3o do Concurso Sefaz SP para Especialista Cont\u00e1bil.","robots":{"index":"index","follow":"follow","max-snippet":"max-snippet:-1","max-image-preview":"max-image-preview:large","max-video-preview":"max-video-preview:-1"},"canonical":"https:\/\/www.estrategiaconcursos.com.br\/blog\/concurso-sefaz-sp-2025-acaba-hoje-prazo-isencao\/","og_locale":"pt_BR","og_type":"article","og_title":"Sefaz SP: acaba HOJE o prazo para solicitar isen\u00e7\u00e3o da taxa","og_description":"Acaba nesta sexta-feira (29) o prazo para solicitar a isen\u00e7\u00e3o da taxa de inscri\u00e7\u00e3o do Concurso Sefaz SP para Especialista Cont\u00e1bil.","og_url":"https:\/\/www.estrategiaconcursos.com.br\/blog\/concurso-sefaz-sp-2025-acaba-hoje-prazo-isencao\/","og_site_name":"Estrat\u00e9gia Concursos","article_published_time":"2025-08-29T20:04:31+00:00","article_modified_time":"2025-08-29T21:56:08+00:00","og_image":[{"width":465,"height":243,"url":"https:\/\/dhg1h5j42swfq.cloudfront.net\/2025\/08\/20140359\/image-239.png","type":"image\/png"}],"author":"Camila Leite","twitter_card":"summary_large_image","twitter_creator":"@EstratConcursos","twitter_site":"@EstratConcursos","twitter_misc":{"Escrito por":"Camila Leite","Est. tempo de leitura":"2 minutos"},"schema":{"@context":"https:\/\/schema.org","@graph":[{"@type":"NewsArticle","@id":"https:\/\/www.estrategiaconcursos.com.br\/blog\/concurso-sefaz-sp-2025-acaba-hoje-prazo-isencao\/#article","isPartOf":{"@id":"https:\/\/www.estrategiaconcursos.com.br\/blog\/concurso-sefaz-sp-2025-acaba-hoje-prazo-isencao\/"},"author":{"name":"Camila Leite","@id":"https:\/\/www.estrategiaconcursos.com.br\/blog\/#\/schema\/person\/84ecdc6eb58d3cf1689bf76c5cd8fb38"},"headline":"Sefaz SP: acaba HOJE o prazo para solicitar isen\u00e7\u00e3o da taxa","datePublished":"2025-08-29T20:04:31+00:00","dateModified":"2025-08-29T21:56:08+00:00","mainEntityOfPage":{"@id":"https:\/\/www.estrategiaconcursos.com.br\/blog\/concurso-sefaz-sp-2025-acaba-hoje-prazo-isencao\/"},"wordCount":476,"commentCount":0,"publisher":{"@id":"https:\/\/www.estrategiaconcursos.com.br\/blog\/#organization"},"image":{"@id":"https:\/\/www.estrategiaconcursos.com.br\/blog\/concurso-sefaz-sp-2025-acaba-hoje-prazo-isencao\/#primaryimage"},"thumbnailUrl":"https:\/\/dhg1h5j42swfq.cloudfront.net\/2025\/08\/20140359\/image-239.png","articleSection":["Fiscal - Estadual (ICMS)","\u00daltimas not\u00edcias"],"inLanguage":"pt-BR","potentialAction":[{"@type":"CommentAction","name":"Comment","target":["https:\/\/www.estrategiaconcursos.com.br\/blog\/concurso-sefaz-sp-2025-acaba-hoje-prazo-isencao\/#respond"]}],"copyrightYear":"2025","copyrightHolder":{"@id":"https:\/\/www.estrategiaconcursos.com.br\/blog\/#organization"}},{"@type":"WebPage","@id":"https:\/\/www.estrategiaconcursos.com.br\/blog\/concurso-sefaz-sp-2025-acaba-hoje-prazo-isencao\/","url":"https:\/\/www.estrategiaconcursos.com.br\/blog\/concurso-sefaz-sp-2025-acaba-hoje-prazo-isencao\/","name":"Sefaz SP: acaba HOJE o prazo para solicitar isen\u00e7\u00e3o da taxa","isPartOf":{"@id":"https:\/\/www.estrategiaconcursos.com.br\/blog\/#website"},"primaryImageOfPage":{"@id":"https:\/\/www.estrategiaconcursos.com.br\/blog\/concurso-sefaz-sp-2025-acaba-hoje-prazo-isencao\/#primaryimage"},"image":{"@id":"https:\/\/www.estrategiaconcursos.com.br\/blog\/concurso-sefaz-sp-2025-acaba-hoje-prazo-isencao\/#primaryimage"},"thumbnailUrl":"https:\/\/dhg1h5j42swfq.cloudfront.net\/2025\/08\/20140359\/image-239.png","datePublished":"2025-08-29T20:04:31+00:00","dateModified":"2025-08-29T21:56:08+00:00","description":"Acaba nesta sexta-feira (29) o prazo para solicitar a isen\u00e7\u00e3o da taxa de inscri\u00e7\u00e3o do Concurso Sefaz SP para Especialista Cont\u00e1bil.","breadcrumb":{"@id":"https:\/\/www.estrategiaconcursos.com.br\/blog\/concurso-sefaz-sp-2025-acaba-hoje-prazo-isencao\/#breadcrumb"},"inLanguage":"pt-BR","potentialAction":[{"@type":"ReadAction","target":["https:\/\/www.estrategiaconcursos.com.br\/blog\/concurso-sefaz-sp-2025-acaba-hoje-prazo-isencao\/"]}]},{"@type":"ImageObject","inLanguage":"pt-BR","@id":"https:\/\/www.estrategiaconcursos.com.br\/blog\/concurso-sefaz-sp-2025-acaba-hoje-prazo-isencao\/#primaryimage","url":"https:\/\/dhg1h5j42swfq.cloudfront.net\/2025\/08\/20140359\/image-239.png","contentUrl":"https:\/\/dhg1h5j42swfq.cloudfront.net\/2025\/08\/20140359\/image-239.png","width":465,"height":243,"caption":"Substituto do ICMS para SEFAZ\/SP"},{"@type":"BreadcrumbList","@id":"https:\/\/www.estrategiaconcursos.com.br\/blog\/concurso-sefaz-sp-2025-acaba-hoje-prazo-isencao\/#breadcrumb","itemListElement":[{"@type":"ListItem","position":1,"name":"In\u00edcio","item":"https:\/\/www.estrategiaconcursos.com.br\/blog\/"},{"@type":"ListItem","position":2,"name":"Sefaz SP: acaba HOJE o prazo para solicitar isen\u00e7\u00e3o da taxa"}]},{"@type":"WebSite","@id":"https:\/\/www.estrategiaconcursos.com.br\/blog\/#website","url":"https:\/\/www.estrategiaconcursos.com.br\/blog\/","name":"Estrat\u00e9gia Concursos","description":"O blog da Estrat\u00e9gia Concursos traz not\u00edcias sobre concursos e artigos de professores oferecendo cursos para concursos (pdf + videaulas) no site.","publisher":{"@id":"https:\/\/www.estrategiaconcursos.com.br\/blog\/#organization"},"potentialAction":[{"@type":"SearchAction","target":{"@type":"EntryPoint","urlTemplate":"https:\/\/www.estrategiaconcursos.com.br\/blog\/?s={search_term_string}"},"query-input":{"@type":"PropertyValueSpecification","valueRequired":true,"valueName":"search_term_string"}}],"inLanguage":"pt-BR"},{"@type":"Organization","@id":"https:\/\/www.estrategiaconcursos.com.br\/blog\/#organization","name":"Estrat\u00e9gia Concursos","url":"https:\/\/www.estrategiaconcursos.com.br\/blog\/","logo":{"@type":"ImageObject","inLanguage":"pt-BR","@id":"https:\/\/www.estrategiaconcursos.com.br\/blog\/#\/schema\/logo\/image\/","url":"https:\/\/dhg1h5j42swfq.cloudfront.net\/2025\/06\/03203428\/logo_concursos-1.jpg","contentUrl":"https:\/\/dhg1h5j42swfq.cloudfront.net\/2025\/06\/03203428\/logo_concursos-1.jpg","width":230,"height":60,"caption":"Estrat\u00e9gia Concursos"},"image":{"@id":"https:\/\/www.estrategiaconcursos.com.br\/blog\/#\/schema\/logo\/image\/"},"sameAs":["https:\/\/x.com\/EstratConcursos"]},{"@type":"Person","@id":"https:\/\/www.estrategiaconcursos.com.br\/blog\/#\/schema\/person\/84ecdc6eb58d3cf1689bf76c5cd8fb38","name":"Camila Leite","image":{"@type":"ImageObject","inLanguage":"pt-BR","@id":"https:\/\/secure.gravatar.com\/avatar\/f2f8faef639c8a2bfb7fb909912a56917f4c3a0aed064500168e2fb8ea55cf61?s=96&d=mm&r=g","url":"https:\/\/secure.gravatar.com\/avatar\/f2f8faef639c8a2bfb7fb909912a56917f4c3a0aed064500168e2fb8ea55cf61?s=96&d=mm&r=g","contentUrl":"https:\/\/secure.gravatar.com\/avatar\/f2f8faef639c8a2bfb7fb909912a56917f4c3a0aed064500168e2fb8ea55cf61?s=96&d=mm&r=g","caption":"Camila Leite"},"description":"Formada em Design Gr\u00e1fico e em Propaganda e Marketing pela UNIP, integra a equipe de jornalismo do Estrat\u00e9gia Concursos desde 2018. Ao longo dos anos, construiu uma s\u00f3lida experi\u00eancia na produ\u00e7\u00e3o de conte\u00fado informativo e relevante para concurseiros. Desde 2020, atua na cobertura das \u00e1reas Fiscal \u2014 com \u00eanfase nas Secretarias de Fazenda (Sefaz) das regi\u00f5es Sul e Sudeste \u2014, al\u00e9m da cobertura de concursos federais, como CNU, Petrobras, CGU, Receita Federal, ag\u00eancias reguladoras (Anvisa, ANAC, entre outras) e INSS. Mant\u00e9m contato direto com os principais \u00f3rg\u00e3os p\u00fablicos, acompanhando editais, atualiza\u00e7\u00f5es e movimenta\u00e7\u00f5es importantes para os candidatos.","sameAs":["https:\/\/www.linkedin.com\/in\/camila-pinheiro-leite-9ba135b6\/"],"url":"https:\/\/www.estrategiaconcursos.com.br\/blog\/author\/camila-leiteestrategiaconcursos-com-br\/"}]}},"_links":{"self":[{"href":"https:\/\/www.estrategiaconcursos.com.br\/blog\/wp-json\/wp\/v2\/posts\/1631097","targetHints":{"allow":["GET"]}}],"collection":[{"href":"https:\/\/www.estrategiaconcursos.com.br\/blog\/wp-json\/wp\/v2\/posts"}],"about":[{"href":"https:\/\/www.estrategiaconcursos.com.br\/blog\/wp-json\/wp\/v2\/types\/post"}],"author":[{"embeddable":true,"href":"https:\/\/www.estrategiaconcursos.com.br\/blog\/wp-json\/wp\/v2\/users\/659"}],"replies":[{"embeddable":true,"href":"https:\/\/www.estrategiaconcursos.com.br\/blog\/wp-json\/wp\/v2\/comments?post=1631097"}],"version-history":[{"count":5,"href":"https:\/\/www.estrategiaconcursos.com.br\/blog\/wp-json\/wp\/v2\/posts\/1631097\/revisions"}],"predecessor-version":[{"id":1631197,"href":"https:\/\/www.estrategiaconcursos.com.br\/blog\/wp-json\/wp\/v2\/posts\/1631097\/revisions\/1631197"}],"wp:featuredmedia":[{"embeddable":true,"href":"https:\/\/www.estrategiaconcursos.com.br\/blog\/wp-json\/wp\/v2\/media\/1626486"}],"wp:attachment":[{"href":"https:\/\/www.estrategiaconcursos.com.br\/blog\/wp-json\/wp\/v2\/media?parent=1631097"}],"wp:term":[{"taxonomy":"category","embeddable":true,"href":"https:\/\/www.estrategiaconcursos.com.br\/blog\/wp-json\/wp\/v2\/categories?post=1631097"},{"taxonomy":"post_tag","embeddable":true,"href":"https:\/\/www.estrategiaconcursos.com.br\/blog\/wp-json\/wp\/v2\/tags?post=1631097"},{"taxonomy":"tax_estado","embeddable":true,"href":"https:\/\/www.estrategiaconcursos.com.br\/blog\/wp-json\/wp\/v2\/tax_estado?post=1631097"}],"curies":[{"name":"wp","href":"https:\/\/api.w.org\/{rel}","templated":true}]}}