{"id":163031,"date":"2019-01-30T08:18:01","date_gmt":"2019-01-30T11:18:01","guid":{"rendered":"https:\/\/www.estrategiaconcursos.com.br\/blog\/?p=163031"},"modified":"2019-01-30T08:20:06","modified_gmt":"2019-01-30T11:20:06","slug":"mpf-ajuiza-nova-acao-contra-edital-prf","status":"publish","type":"post","link":"https:\/\/www.estrategiaconcursos.com.br\/blog\/mpf-ajuiza-nova-acao-contra-edital-prf\/","title":{"rendered":"MPF aju\u00edza nova a\u00e7\u00e3o contra edital PRF. Provas neste fim de semana"},"content":{"rendered":"\n<p>Mais uma a\u00e7\u00e3o contra o edital do Concurso PRF foi ajuizada pelo Minist\u00e9rio P\u00fablico Federal &#8211; MPF.<\/p>\n\n\n\n<p>H\u00e1 04 dias da realiza\u00e7\u00e3o da primeira etapa do certame, provas objetivas e discursivas, o MPF ajuizou uma A\u00e7\u00e3o Civil P\u00fablica, pedindo que a Uni\u00e3o e o Centro Brasileiro de Pesquisa em Avalia\u00e7\u00e3o e sele\u00e7\u00e3o e de Promo\u00e7\u00e3o de Eventos (Cebraspe) retifiquem o Edital para o cargo de Policial Rodovi\u00e1rio Federal.<\/p>\n\n\n\n<p>O objetivo \u00e9 adequ\u00e1-lo \u00e0 Conven\u00e7\u00e3o Internacional dos Direitos das Pessoas com Defici\u00eancia e \u00e0 Lei Brasileira de Inclus\u00e3o,  assegurando o direito das pessoas com defici\u00eancia em participar do concurso p\u00fablico em igualdade de condi\u00e7\u00f5es com as demais pessoas. <\/p>\n\n\n\n<p>De acordo com as informa\u00e7\u00f5es da ACP e do site do MPF,  existem 04 pontos que necessitariam de retifica\u00e7\u00e3o:<\/p>\n\n\n\n<p><strong>1<\/strong>. aus\u00eancia de adapta\u00e7\u00e3o das provas de aptid\u00e3o f\u00edsica e das demais fases \u00e0s pessoas com defici\u00eancia; <br \/><strong>2<\/strong>. aus\u00eancia de previs\u00e3o de forma\u00e7\u00e3o de lista \u00e0 parte para os candidatos \u00e0s vagas de pessoa com defici\u00eancia, ap\u00f3s a avalia\u00e7\u00e3o biopsicossocial; <strong>3<\/strong>.interpreta\u00e7\u00e3o do item que prev\u00ea a forma\u00e7\u00e3o das listas de cotas para negros para atingir o percentual da Lei 12.990\/2014; e <br \/><strong>4<\/strong>. exclus\u00e3o de candidatos com defici\u00eancia por condi\u00e7\u00f5es consideradas incapacitantes para o exerc\u00edcio do cargo, ainda que aprovados no concurso.<\/p>\n\n\n\n<h3 class=\"wp-block-heading\">A\u00e7\u00e3o anterior<\/h3>\n\n\n\n<p>Anteriormente, o Minist\u00e9rio havia ajuizado a\u00e7\u00e3o contra o edital do certame, devido \u00e0 distribui\u00e7\u00e3o dos locais de realiza\u00e7\u00e3o das provas, pedindo sua retifica\u00e7\u00e3o e aplica\u00e7\u00e3o da etapa em todo territ\u00f3rio nacional, por\u00e9m n\u00e3o houve qualquer movimenta\u00e7\u00e3o por parte da Uni\u00e3o e Cebraspe para que tal mudan\u00e7a ocorresse.<\/p>\n\n\n\n<h3 class=\"wp-block-heading\">Mais de 100 mil inscritos<\/h3>\n\n\n\n<p>A banca organizadora do Concurso PRF, o Cebraspe, divulgou nesta semana o n\u00famero de candidatos inscritos no certame que visa o preenchimento de 500 vagas no cargo de Policial Rodovi\u00e1rio Federal. <\/p>\n\n\n\n<p>S\u00e3o 129 mil inscritos, sendo o Par\u00e1 o estado com maior n\u00famero de candidatos, 12.700 pessoas para 81 vagas.<\/p>\n\n\n\n<p>O local de prova j\u00e1 pode ser consultado atrav\u00e9s do site da banca organizadora, Cespe-Cebraspe.<\/p>\n\n\n\n<p><a href=\"https:\/\/www.estrategiaconcursos.com.br\/blog\/concurso-prf-2\/\">Tudo sobre o Concurso PRF voc\u00ea confere AQUI!<\/a><\/p>\n","protected":false},"excerpt":{"rendered":"<p>Mais uma a\u00e7\u00e3o contra o edital do Concurso PRF foi ajuizada pelo Minist\u00e9rio P\u00fablico Federal &#8211; MPF. H\u00e1 04 dias da realiza\u00e7\u00e3o da primeira etapa do certame, provas objetivas e discursivas, o MPF ajuizou uma A\u00e7\u00e3o Civil P\u00fablica, pedindo que a Uni\u00e3o e o Centro Brasileiro de Pesquisa em Avalia\u00e7\u00e3o e sele\u00e7\u00e3o e de Promo\u00e7\u00e3o [&hellip;]<\/p>\n","protected":false},"author":552,"featured_media":0,"comment_status":"open","ping_status":"closed","sticky":false,"template":"","format":"standard","meta":{"post_tipo":"article","footnotes":""},"categories":[1],"tags":[],"tax_estado":[],"class_list":["post-163031","post","type-post","status-publish","format-standard","hentry","category-cursos-e-concursos"],"acf":[],"yoast_head":"<!-- This site is optimized with the Yoast SEO Premium plugin v27.2 (Yoast SEO v27.2) - https:\/\/yoast.com\/product\/yoast-seo-premium-wordpress\/ -->\n<title>MPF aju\u00edza nova a\u00e7\u00e3o contra edital PRF. Provas neste fim de semana<\/title>\n<meta name=\"description\" content=\"MPF aju\u00edza nova a\u00e7\u00e3o contra o Edital PRF que ocorre neste domingo. Confira tudo o que voc\u00ea precisa saber para estar preparado!\" \/>\n<meta name=\"robots\" content=\"index, follow, max-snippet:-1, max-image-preview:large, max-video-preview:-1\" \/>\n<link rel=\"canonical\" href=\"https:\/\/www.estrategiaconcursos.com.br\/blog\/mpf-ajuiza-nova-acao-contra-edital-prf\/\" \/>\n<meta property=\"og:locale\" content=\"pt_BR\" \/>\n<meta property=\"og:type\" content=\"article\" \/>\n<meta property=\"og:title\" content=\"MPF aju\u00edza nova a\u00e7\u00e3o contra edital PRF. Provas neste fim de semana\" \/>\n<meta property=\"og:description\" content=\"MPF aju\u00edza nova a\u00e7\u00e3o contra o Edital PRF que ocorre neste domingo. Confira tudo o que voc\u00ea precisa saber para estar preparado!\" \/>\n<meta property=\"og:url\" content=\"https:\/\/www.estrategiaconcursos.com.br\/blog\/mpf-ajuiza-nova-acao-contra-edital-prf\/\" \/>\n<meta property=\"og:site_name\" content=\"Estrat\u00e9gia Concursos\" \/>\n<meta property=\"article:published_time\" content=\"2019-01-30T11:18:01+00:00\" \/>\n<meta property=\"article:modified_time\" content=\"2019-01-30T11:20:06+00:00\" \/>\n<meta name=\"author\" content=\"Paulo Bilynskyj\" \/>\n<meta name=\"twitter:card\" content=\"summary_large_image\" \/>\n<meta name=\"twitter:creator\" content=\"@EstratConcursos\" \/>\n<meta name=\"twitter:site\" content=\"@EstratConcursos\" \/>\n<meta name=\"twitter:label1\" content=\"Escrito por\" \/>\n\t<meta name=\"twitter:data1\" content=\"Paulo Bilynskyj\" \/>\n\t<meta name=\"twitter:label2\" content=\"Est. tempo de leitura\" \/>\n\t<meta name=\"twitter:data2\" content=\"2 minutos\" \/>\n<script type=\"application\/ld+json\" class=\"yoast-schema-graph\">{\"@context\":\"https:\/\/schema.org\",\"@graph\":[{\"@type\":\"NewsArticle\",\"@id\":\"https:\/\/www.estrategiaconcursos.com.br\/blog\/mpf-ajuiza-nova-acao-contra-edital-prf\/#article\",\"isPartOf\":{\"@id\":\"https:\/\/www.estrategiaconcursos.com.br\/blog\/mpf-ajuiza-nova-acao-contra-edital-prf\/\"},\"author\":{\"name\":\"Paulo Bilynskyj\",\"@id\":\"https:\/\/www.estrategiaconcursos.com.br\/blog\/#\/schema\/person\/a630b15e36f45b4c21fed01219843cb5\"},\"headline\":\"MPF aju\u00edza nova a\u00e7\u00e3o contra edital PRF. Provas neste fim de semana\",\"datePublished\":\"2019-01-30T11:18:01+00:00\",\"dateModified\":\"2019-01-30T11:20:06+00:00\",\"mainEntityOfPage\":{\"@id\":\"https:\/\/www.estrategiaconcursos.com.br\/blog\/mpf-ajuiza-nova-acao-contra-edital-prf\/\"},\"wordCount\":387,\"commentCount\":5,\"publisher\":{\"@id\":\"https:\/\/www.estrategiaconcursos.com.br\/blog\/#organization\"},\"articleSection\":[\"Concursos P\u00fablicos\"],\"inLanguage\":\"pt-BR\",\"potentialAction\":[{\"@type\":\"CommentAction\",\"name\":\"Comment\",\"target\":[\"https:\/\/www.estrategiaconcursos.com.br\/blog\/mpf-ajuiza-nova-acao-contra-edital-prf\/#respond\"]}],\"copyrightYear\":\"2019\",\"copyrightHolder\":{\"@id\":\"https:\/\/www.estrategiaconcursos.com.br\/blog\/#organization\"}},{\"@type\":\"WebPage\",\"@id\":\"https:\/\/www.estrategiaconcursos.com.br\/blog\/mpf-ajuiza-nova-acao-contra-edital-prf\/\",\"url\":\"https:\/\/www.estrategiaconcursos.com.br\/blog\/mpf-ajuiza-nova-acao-contra-edital-prf\/\",\"name\":\"MPF aju\u00edza nova a\u00e7\u00e3o contra edital PRF. Provas neste fim de semana\",\"isPartOf\":{\"@id\":\"https:\/\/www.estrategiaconcursos.com.br\/blog\/#website\"},\"datePublished\":\"2019-01-30T11:18:01+00:00\",\"dateModified\":\"2019-01-30T11:20:06+00:00\",\"description\":\"MPF aju\u00edza nova a\u00e7\u00e3o contra o Edital PRF que ocorre neste domingo. Confira tudo o que voc\u00ea precisa saber para estar preparado!\",\"breadcrumb\":{\"@id\":\"https:\/\/www.estrategiaconcursos.com.br\/blog\/mpf-ajuiza-nova-acao-contra-edital-prf\/#breadcrumb\"},\"inLanguage\":\"pt-BR\",\"potentialAction\":[{\"@type\":\"ReadAction\",\"target\":[\"https:\/\/www.estrategiaconcursos.com.br\/blog\/mpf-ajuiza-nova-acao-contra-edital-prf\/\"]}]},{\"@type\":\"BreadcrumbList\",\"@id\":\"https:\/\/www.estrategiaconcursos.com.br\/blog\/mpf-ajuiza-nova-acao-contra-edital-prf\/#breadcrumb\",\"itemListElement\":[{\"@type\":\"ListItem\",\"position\":1,\"name\":\"In\u00edcio\",\"item\":\"https:\/\/www.estrategiaconcursos.com.br\/blog\/\"},{\"@type\":\"ListItem\",\"position\":2,\"name\":\"MPF aju\u00edza nova a\u00e7\u00e3o contra edital PRF. Provas neste fim de semana\"}]},{\"@type\":\"WebSite\",\"@id\":\"https:\/\/www.estrategiaconcursos.com.br\/blog\/#website\",\"url\":\"https:\/\/www.estrategiaconcursos.com.br\/blog\/\",\"name\":\"Estrat\u00e9gia Concursos\",\"description\":\"O blog da Estrat\u00e9gia Concursos traz not\u00edcias sobre concursos e artigos de professores oferecendo cursos para concursos (pdf + videaulas) no site.\",\"publisher\":{\"@id\":\"https:\/\/www.estrategiaconcursos.com.br\/blog\/#organization\"},\"potentialAction\":[{\"@type\":\"SearchAction\",\"target\":{\"@type\":\"EntryPoint\",\"urlTemplate\":\"https:\/\/www.estrategiaconcursos.com.br\/blog\/?s={search_term_string}\"},\"query-input\":{\"@type\":\"PropertyValueSpecification\",\"valueRequired\":true,\"valueName\":\"search_term_string\"}}],\"inLanguage\":\"pt-BR\"},{\"@type\":\"Organization\",\"@id\":\"https:\/\/www.estrategiaconcursos.com.br\/blog\/#organization\",\"name\":\"Estrat\u00e9gia Concursos\",\"url\":\"https:\/\/www.estrategiaconcursos.com.br\/blog\/\",\"logo\":{\"@type\":\"ImageObject\",\"inLanguage\":\"pt-BR\",\"@id\":\"https:\/\/www.estrategiaconcursos.com.br\/blog\/#\/schema\/logo\/image\/\",\"url\":\"https:\/\/dhg1h5j42swfq.cloudfront.net\/2025\/06\/03203428\/logo_concursos-1.jpg\",\"contentUrl\":\"https:\/\/dhg1h5j42swfq.cloudfront.net\/2025\/06\/03203428\/logo_concursos-1.jpg\",\"width\":230,\"height\":60,\"caption\":\"Estrat\u00e9gia Concursos\"},\"image\":{\"@id\":\"https:\/\/www.estrategiaconcursos.com.br\/blog\/#\/schema\/logo\/image\/\"},\"sameAs\":[\"https:\/\/x.com\/EstratConcursos\"]},{\"@type\":\"Person\",\"@id\":\"https:\/\/www.estrategiaconcursos.com.br\/blog\/#\/schema\/person\/a630b15e36f45b4c21fed01219843cb5\",\"name\":\"Paulo Bilynskyj\",\"image\":{\"@type\":\"ImageObject\",\"inLanguage\":\"pt-BR\",\"@id\":\"https:\/\/secure.gravatar.com\/avatar\/37e21f70c9042e7456beffdc6d31fe051f3f6dcbf252f69343a791b144852057?s=96&d=mm&r=g\",\"url\":\"https:\/\/secure.gravatar.com\/avatar\/37e21f70c9042e7456beffdc6d31fe051f3f6dcbf252f69343a791b144852057?s=96&d=mm&r=g\",\"contentUrl\":\"https:\/\/secure.gravatar.com\/avatar\/37e21f70c9042e7456beffdc6d31fe051f3f6dcbf252f69343a791b144852057?s=96&d=mm&r=g\",\"caption\":\"Paulo Bilynskyj\"},\"url\":\"https:\/\/www.estrategiaconcursos.com.br\/blog\/author\/pbilynskyjgmail-com\/\"}]}<\/script>\n<!-- \/ Yoast SEO Premium plugin. -->","yoast_head_json":{"title":"MPF aju\u00edza nova a\u00e7\u00e3o contra edital PRF. Provas neste fim de semana","description":"MPF aju\u00edza nova a\u00e7\u00e3o contra o Edital PRF que ocorre neste domingo. Confira tudo o que voc\u00ea precisa saber para estar preparado!","robots":{"index":"index","follow":"follow","max-snippet":"max-snippet:-1","max-image-preview":"max-image-preview:large","max-video-preview":"max-video-preview:-1"},"canonical":"https:\/\/www.estrategiaconcursos.com.br\/blog\/mpf-ajuiza-nova-acao-contra-edital-prf\/","og_locale":"pt_BR","og_type":"article","og_title":"MPF aju\u00edza nova a\u00e7\u00e3o contra edital PRF. Provas neste fim de semana","og_description":"MPF aju\u00edza nova a\u00e7\u00e3o contra o Edital PRF que ocorre neste domingo. Confira tudo o que voc\u00ea precisa saber para estar preparado!","og_url":"https:\/\/www.estrategiaconcursos.com.br\/blog\/mpf-ajuiza-nova-acao-contra-edital-prf\/","og_site_name":"Estrat\u00e9gia Concursos","article_published_time":"2019-01-30T11:18:01+00:00","article_modified_time":"2019-01-30T11:20:06+00:00","author":"Paulo Bilynskyj","twitter_card":"summary_large_image","twitter_creator":"@EstratConcursos","twitter_site":"@EstratConcursos","twitter_misc":{"Escrito por":"Paulo Bilynskyj","Est. tempo de leitura":"2 minutos"},"schema":{"@context":"https:\/\/schema.org","@graph":[{"@type":"NewsArticle","@id":"https:\/\/www.estrategiaconcursos.com.br\/blog\/mpf-ajuiza-nova-acao-contra-edital-prf\/#article","isPartOf":{"@id":"https:\/\/www.estrategiaconcursos.com.br\/blog\/mpf-ajuiza-nova-acao-contra-edital-prf\/"},"author":{"name":"Paulo Bilynskyj","@id":"https:\/\/www.estrategiaconcursos.com.br\/blog\/#\/schema\/person\/a630b15e36f45b4c21fed01219843cb5"},"headline":"MPF aju\u00edza nova a\u00e7\u00e3o contra edital PRF. Provas neste fim de semana","datePublished":"2019-01-30T11:18:01+00:00","dateModified":"2019-01-30T11:20:06+00:00","mainEntityOfPage":{"@id":"https:\/\/www.estrategiaconcursos.com.br\/blog\/mpf-ajuiza-nova-acao-contra-edital-prf\/"},"wordCount":387,"commentCount":5,"publisher":{"@id":"https:\/\/www.estrategiaconcursos.com.br\/blog\/#organization"},"articleSection":["Concursos P\u00fablicos"],"inLanguage":"pt-BR","potentialAction":[{"@type":"CommentAction","name":"Comment","target":["https:\/\/www.estrategiaconcursos.com.br\/blog\/mpf-ajuiza-nova-acao-contra-edital-prf\/#respond"]}],"copyrightYear":"2019","copyrightHolder":{"@id":"https:\/\/www.estrategiaconcursos.com.br\/blog\/#organization"}},{"@type":"WebPage","@id":"https:\/\/www.estrategiaconcursos.com.br\/blog\/mpf-ajuiza-nova-acao-contra-edital-prf\/","url":"https:\/\/www.estrategiaconcursos.com.br\/blog\/mpf-ajuiza-nova-acao-contra-edital-prf\/","name":"MPF aju\u00edza nova a\u00e7\u00e3o contra edital PRF. Provas neste fim de semana","isPartOf":{"@id":"https:\/\/www.estrategiaconcursos.com.br\/blog\/#website"},"datePublished":"2019-01-30T11:18:01+00:00","dateModified":"2019-01-30T11:20:06+00:00","description":"MPF aju\u00edza nova a\u00e7\u00e3o contra o Edital PRF que ocorre neste domingo. Confira tudo o que voc\u00ea precisa saber para estar preparado!","breadcrumb":{"@id":"https:\/\/www.estrategiaconcursos.com.br\/blog\/mpf-ajuiza-nova-acao-contra-edital-prf\/#breadcrumb"},"inLanguage":"pt-BR","potentialAction":[{"@type":"ReadAction","target":["https:\/\/www.estrategiaconcursos.com.br\/blog\/mpf-ajuiza-nova-acao-contra-edital-prf\/"]}]},{"@type":"BreadcrumbList","@id":"https:\/\/www.estrategiaconcursos.com.br\/blog\/mpf-ajuiza-nova-acao-contra-edital-prf\/#breadcrumb","itemListElement":[{"@type":"ListItem","position":1,"name":"In\u00edcio","item":"https:\/\/www.estrategiaconcursos.com.br\/blog\/"},{"@type":"ListItem","position":2,"name":"MPF aju\u00edza nova a\u00e7\u00e3o contra edital PRF. Provas neste fim de semana"}]},{"@type":"WebSite","@id":"https:\/\/www.estrategiaconcursos.com.br\/blog\/#website","url":"https:\/\/www.estrategiaconcursos.com.br\/blog\/","name":"Estrat\u00e9gia Concursos","description":"O blog da Estrat\u00e9gia Concursos traz not\u00edcias sobre concursos e artigos de professores oferecendo cursos para concursos (pdf + videaulas) no site.","publisher":{"@id":"https:\/\/www.estrategiaconcursos.com.br\/blog\/#organization"},"potentialAction":[{"@type":"SearchAction","target":{"@type":"EntryPoint","urlTemplate":"https:\/\/www.estrategiaconcursos.com.br\/blog\/?s={search_term_string}"},"query-input":{"@type":"PropertyValueSpecification","valueRequired":true,"valueName":"search_term_string"}}],"inLanguage":"pt-BR"},{"@type":"Organization","@id":"https:\/\/www.estrategiaconcursos.com.br\/blog\/#organization","name":"Estrat\u00e9gia Concursos","url":"https:\/\/www.estrategiaconcursos.com.br\/blog\/","logo":{"@type":"ImageObject","inLanguage":"pt-BR","@id":"https:\/\/www.estrategiaconcursos.com.br\/blog\/#\/schema\/logo\/image\/","url":"https:\/\/dhg1h5j42swfq.cloudfront.net\/2025\/06\/03203428\/logo_concursos-1.jpg","contentUrl":"https:\/\/dhg1h5j42swfq.cloudfront.net\/2025\/06\/03203428\/logo_concursos-1.jpg","width":230,"height":60,"caption":"Estrat\u00e9gia Concursos"},"image":{"@id":"https:\/\/www.estrategiaconcursos.com.br\/blog\/#\/schema\/logo\/image\/"},"sameAs":["https:\/\/x.com\/EstratConcursos"]},{"@type":"Person","@id":"https:\/\/www.estrategiaconcursos.com.br\/blog\/#\/schema\/person\/a630b15e36f45b4c21fed01219843cb5","name":"Paulo Bilynskyj","image":{"@type":"ImageObject","inLanguage":"pt-BR","@id":"https:\/\/secure.gravatar.com\/avatar\/37e21f70c9042e7456beffdc6d31fe051f3f6dcbf252f69343a791b144852057?s=96&d=mm&r=g","url":"https:\/\/secure.gravatar.com\/avatar\/37e21f70c9042e7456beffdc6d31fe051f3f6dcbf252f69343a791b144852057?s=96&d=mm&r=g","contentUrl":"https:\/\/secure.gravatar.com\/avatar\/37e21f70c9042e7456beffdc6d31fe051f3f6dcbf252f69343a791b144852057?s=96&d=mm&r=g","caption":"Paulo Bilynskyj"},"url":"https:\/\/www.estrategiaconcursos.com.br\/blog\/author\/pbilynskyjgmail-com\/"}]}},"_links":{"self":[{"href":"https:\/\/www.estrategiaconcursos.com.br\/blog\/wp-json\/wp\/v2\/posts\/163031","targetHints":{"allow":["GET"]}}],"collection":[{"href":"https:\/\/www.estrategiaconcursos.com.br\/blog\/wp-json\/wp\/v2\/posts"}],"about":[{"href":"https:\/\/www.estrategiaconcursos.com.br\/blog\/wp-json\/wp\/v2\/types\/post"}],"author":[{"embeddable":true,"href":"https:\/\/www.estrategiaconcursos.com.br\/blog\/wp-json\/wp\/v2\/users\/552"}],"replies":[{"embeddable":true,"href":"https:\/\/www.estrategiaconcursos.com.br\/blog\/wp-json\/wp\/v2\/comments?post=163031"}],"version-history":[{"count":3,"href":"https:\/\/www.estrategiaconcursos.com.br\/blog\/wp-json\/wp\/v2\/posts\/163031\/revisions"}],"predecessor-version":[{"id":163050,"href":"https:\/\/www.estrategiaconcursos.com.br\/blog\/wp-json\/wp\/v2\/posts\/163031\/revisions\/163050"}],"wp:attachment":[{"href":"https:\/\/www.estrategiaconcursos.com.br\/blog\/wp-json\/wp\/v2\/media?parent=163031"}],"wp:term":[{"taxonomy":"category","embeddable":true,"href":"https:\/\/www.estrategiaconcursos.com.br\/blog\/wp-json\/wp\/v2\/categories?post=163031"},{"taxonomy":"post_tag","embeddable":true,"href":"https:\/\/www.estrategiaconcursos.com.br\/blog\/wp-json\/wp\/v2\/tags?post=163031"},{"taxonomy":"tax_estado","embeddable":true,"href":"https:\/\/www.estrategiaconcursos.com.br\/blog\/wp-json\/wp\/v2\/tax_estado?post=163031"}],"curies":[{"name":"wp","href":"https:\/\/api.w.org\/{rel}","templated":true}]}}