{"id":162968,"date":"2019-01-29T18:26:54","date_gmt":"2019-01-29T21:26:54","guid":{"rendered":"https:\/\/www.estrategiaconcursos.com.br\/blog\/?p=162968"},"modified":"2019-01-29T18:52:34","modified_gmt":"2019-01-29T21:52:34","slug":"resolucao-publicada-pelo-comando-suspende-concursos-da-pm-mg-ate-2020","status":"publish","type":"post","link":"https:\/\/www.estrategiaconcursos.com.br\/blog\/resolucao-publicada-pelo-comando-suspende-concursos-da-pm-mg-ate-2020\/","title":{"rendered":"Publicada resolu\u00e7\u00e3o que suspende os concursos da PM MG at\u00e9 2020"},"content":{"rendered":"\n<p>Uma determina\u00e7\u00e3o publicada nesta ter\u00e7a-feira, 29 de janeiro, traz m\u00e1s not\u00edcias aos interessados nos concursos da Pol\u00edcia Militar de Minas Gerais. Assinada pelo Comandante Geral da Pol\u00edcia Militar do estado, a Resolu\u00e7\u00e3o n\u00ba 4777 determina a suspens\u00e3o dos editais dos concursos publicados em 2018 que abriu vagas para o cargo de Soldado at\u00e9 2020.<\/p>\n\n\n\n<p>O motivo da suspens\u00e3o foi um comunicado enviado pelo presidente da C\u00e2mara de Or\u00e7amento e Finan\u00e7as (COF), onde foi pedido que os certames fossem suspensos por raz\u00f5es financeiras.<\/p>\n\n\n\n<blockquote class=\"wp-block-quote is-layout-flow wp-block-quote-is-layout-flow\"><p><em>     &#8220;<strong>I<\/strong> \u2013 nas datas de 21 e 25 de janeiro de 2019 a Pol\u00edcia Militar foi comunicada formalmente pelo Presidente da C\u00e2mara de Or\u00e7amento e Finan\u00e7as (COF) de decis\u00e3o daquela C\u00e2mara a respeito dos concursos p\u00fablicos em andamento na PMMG; &#8220;<\/em><br \/><em>&nbsp;  &#8220;<strong>II<\/strong> <\/em>\u2013<em> extrai-se do of\u00edcio COF 0004\/2019 a determina\u00e7\u00e3o para a suspens\u00e3o dos Editais DRH\/CRS n\u00ba 10 e n\u00ba 11, ambos de 17 de Setembro de 2018, relativos ao provimento de cargos de Soldados do QPE-PM;<\/em> &#8220;<\/p><\/blockquote>\n\n\n\n<p>A data dos Cursos de Forma\u00e7\u00e3o de Soldado previstos para terem in\u00edcio no dia 29 de junho tamb\u00e9m foram postergados, tendo sua data adiada em um ano.<\/p>\n\n\n\n<blockquote class=\"wp-block-quote is-layout-flow wp-block-quote-is-layout-flow\"><p><em>     &#8220;<strong>III<\/strong> \u2013 por interm\u00e9dio do of\u00edcio COF 0015\/2019 foi determinada a modifica\u00e7\u00e3o das datas de in\u00edcio do Curso de Forma\u00e7\u00e3o de Soldado (CFSd) QPPM, regulado pelo Edital DRH\/CRS n\u00ba 06\/2018, de 29 de junho de 2018, tanto para a RMBH quanto para o interior, postergandoas em um ano;&#8221; <\/em><\/p><\/blockquote>\n\n\n\n<p style=\"font-size:25px;text-align:center\"><em><strong>Assinatura Anual Ilimitada*<\/strong><\/em><\/p>\n\n\n\n<p style=\"text-align:center\"><em>Prepare-se com o melhor material e com quem mais aprova em&nbsp;Concursos P\u00fablicos de todo o pa\u00eds. Assine agora a nossa Assinatura Anual e tenha acesso ilimitado* a todos os nossos cursos.<\/em><\/p>\n\n\n\n<div class=\"wp-block-image\"><figure class=\"aligncenter\"><a href=\"https:\/\/www.estrategiaconcursos.com.br\/assinaturas\" target=\"_blank\" rel=\"noreferrer noopener\"><img loading=\"lazy\" decoding=\"async\" width=\"1280\" height=\"320\" src=\"https:\/\/dhg1h5j42swfq.cloudfront.net\/2019\/01\/05095728\/f9e9c4d5-4e91-43ab-a27a-34d4c0d3f891.jpg\" alt=\"Assinatura Ilimitada\" class=\"wp-image-157836\" srcset=\"https:\/\/dhg1h5j42swfq.cloudfront.net\/2019\/01\/05095728\/f9e9c4d5-4e91-43ab-a27a-34d4c0d3f891.jpg 1280w, https:\/\/dhg1h5j42swfq.cloudfront.net\/2019\/01\/05095728\/f9e9c4d5-4e91-43ab-a27a-34d4c0d3f891.jpg 300w, https:\/\/dhg1h5j42swfq.cloudfront.net\/2019\/01\/05095728\/f9e9c4d5-4e91-43ab-a27a-34d4c0d3f891.jpg 768w, https:\/\/dhg1h5j42swfq.cloudfront.net\/2019\/01\/05095728\/f9e9c4d5-4e91-43ab-a27a-34d4c0d3f891.jpg 1024w\" sizes=\"auto, (max-width: 1280px) 100vw, 1280px\" \/><\/a><\/figure><\/div>\n","protected":false},"excerpt":{"rendered":"<p>Uma determina\u00e7\u00e3o publicada nesta ter\u00e7a-feira, 29 de janeiro, traz m\u00e1s not\u00edcias aos interessados nos concursos da Pol\u00edcia Militar de Minas Gerais. Assinada pelo Comandante Geral da Pol\u00edcia Militar do estado, a Resolu\u00e7\u00e3o n\u00ba 4777 determina a suspens\u00e3o dos editais dos concursos publicados em 2018 que abriu vagas para o cargo de Soldado at\u00e9 2020. O [&hellip;]<\/p>\n","protected":false},"author":552,"featured_media":155135,"comment_status":"open","ping_status":"closed","sticky":false,"template":"","format":"standard","meta":{"post_tipo":"article","footnotes":""},"categories":[1],"tags":[],"tax_estado":[],"class_list":["post-162968","post","type-post","status-publish","format-standard","has-post-thumbnail","hentry","category-cursos-e-concursos"],"acf":[],"yoast_head":"<!-- This site is optimized with the Yoast SEO Premium plugin v27.2 (Yoast SEO v27.2) - https:\/\/yoast.com\/product\/yoast-seo-premium-wordpress\/ -->\n<title>Publicada resolu\u00e7\u00e3o que suspende os concursos da PM MG at\u00e9 2020<\/title>\n<meta name=\"robots\" content=\"index, follow, max-snippet:-1, max-image-preview:large, max-video-preview:-1\" \/>\n<link rel=\"canonical\" href=\"https:\/\/www.estrategiaconcursos.com.br\/blog\/resolucao-publicada-pelo-comando-suspende-concursos-da-pm-mg-ate-2020\/\" \/>\n<meta property=\"og:locale\" content=\"pt_BR\" \/>\n<meta property=\"og:type\" content=\"article\" \/>\n<meta property=\"og:title\" content=\"Publicada resolu\u00e7\u00e3o que suspende os concursos da PM MG at\u00e9 2020\" \/>\n<meta property=\"og:description\" content=\"Uma determina\u00e7\u00e3o publicada nesta ter\u00e7a-feira, 29 de janeiro, traz m\u00e1s not\u00edcias aos interessados nos concursos da Pol\u00edcia Militar de Minas Gerais. Assinada pelo Comandante Geral da Pol\u00edcia Militar do estado, a Resolu\u00e7\u00e3o n\u00ba 4777 determina a suspens\u00e3o dos editais dos concursos publicados em 2018 que abriu vagas para o cargo de Soldado at\u00e9 2020. O [&hellip;]\" \/>\n<meta property=\"og:url\" content=\"https:\/\/www.estrategiaconcursos.com.br\/blog\/resolucao-publicada-pelo-comando-suspende-concursos-da-pm-mg-ate-2020\/\" \/>\n<meta property=\"og:site_name\" content=\"Estrat\u00e9gia Concursos\" \/>\n<meta property=\"article:published_time\" content=\"2019-01-29T21:26:54+00:00\" \/>\n<meta property=\"article:modified_time\" content=\"2019-01-29T21:52:34+00:00\" \/>\n<meta property=\"og:image\" content=\"https:\/\/dhg1h5j42swfq.cloudfront.net\/2018\/12\/10090930\/PM-MG-e1544443778912.jpg\" \/>\n\t<meta property=\"og:image:width\" content=\"400\" \/>\n\t<meta property=\"og:image:height\" content=\"209\" \/>\n\t<meta property=\"og:image:type\" content=\"image\/jpeg\" \/>\n<meta name=\"author\" content=\"Paulo Bilynskyj\" \/>\n<meta name=\"twitter:card\" content=\"summary_large_image\" \/>\n<meta name=\"twitter:creator\" content=\"@EstratConcursos\" \/>\n<meta name=\"twitter:site\" content=\"@EstratConcursos\" \/>\n<meta name=\"twitter:label1\" content=\"Escrito por\" \/>\n\t<meta name=\"twitter:data1\" content=\"Paulo Bilynskyj\" \/>\n\t<meta name=\"twitter:label2\" content=\"Est. tempo de leitura\" \/>\n\t<meta name=\"twitter:data2\" content=\"1 minuto\" \/>\n<script type=\"application\/ld+json\" class=\"yoast-schema-graph\">{\"@context\":\"https:\/\/schema.org\",\"@graph\":[{\"@type\":\"NewsArticle\",\"@id\":\"https:\/\/www.estrategiaconcursos.com.br\/blog\/resolucao-publicada-pelo-comando-suspende-concursos-da-pm-mg-ate-2020\/#article\",\"isPartOf\":{\"@id\":\"https:\/\/www.estrategiaconcursos.com.br\/blog\/resolucao-publicada-pelo-comando-suspende-concursos-da-pm-mg-ate-2020\/\"},\"author\":{\"name\":\"Paulo Bilynskyj\",\"@id\":\"https:\/\/www.estrategiaconcursos.com.br\/blog\/#\/schema\/person\/a630b15e36f45b4c21fed01219843cb5\"},\"headline\":\"Publicada resolu\u00e7\u00e3o que suspende os concursos da PM MG at\u00e9 2020\",\"datePublished\":\"2019-01-29T21:26:54+00:00\",\"dateModified\":\"2019-01-29T21:52:34+00:00\",\"mainEntityOfPage\":{\"@id\":\"https:\/\/www.estrategiaconcursos.com.br\/blog\/resolucao-publicada-pelo-comando-suspende-concursos-da-pm-mg-ate-2020\/\"},\"wordCount\":296,\"commentCount\":15,\"publisher\":{\"@id\":\"https:\/\/www.estrategiaconcursos.com.br\/blog\/#organization\"},\"image\":{\"@id\":\"https:\/\/www.estrategiaconcursos.com.br\/blog\/resolucao-publicada-pelo-comando-suspende-concursos-da-pm-mg-ate-2020\/#primaryimage\"},\"thumbnailUrl\":\"https:\/\/dhg1h5j42swfq.cloudfront.net\/2018\/12\/10090930\/PM-MG-e1544443778912.jpg\",\"articleSection\":[\"Concursos P\u00fablicos\"],\"inLanguage\":\"pt-BR\",\"potentialAction\":[{\"@type\":\"CommentAction\",\"name\":\"Comment\",\"target\":[\"https:\/\/www.estrategiaconcursos.com.br\/blog\/resolucao-publicada-pelo-comando-suspende-concursos-da-pm-mg-ate-2020\/#respond\"]}],\"copyrightYear\":\"2019\",\"copyrightHolder\":{\"@id\":\"https:\/\/www.estrategiaconcursos.com.br\/blog\/#organization\"}},{\"@type\":\"WebPage\",\"@id\":\"https:\/\/www.estrategiaconcursos.com.br\/blog\/resolucao-publicada-pelo-comando-suspende-concursos-da-pm-mg-ate-2020\/\",\"url\":\"https:\/\/www.estrategiaconcursos.com.br\/blog\/resolucao-publicada-pelo-comando-suspende-concursos-da-pm-mg-ate-2020\/\",\"name\":\"Publicada resolu\u00e7\u00e3o que suspende os concursos da PM MG at\u00e9 2020\",\"isPartOf\":{\"@id\":\"https:\/\/www.estrategiaconcursos.com.br\/blog\/#website\"},\"primaryImageOfPage\":{\"@id\":\"https:\/\/www.estrategiaconcursos.com.br\/blog\/resolucao-publicada-pelo-comando-suspende-concursos-da-pm-mg-ate-2020\/#primaryimage\"},\"image\":{\"@id\":\"https:\/\/www.estrategiaconcursos.com.br\/blog\/resolucao-publicada-pelo-comando-suspende-concursos-da-pm-mg-ate-2020\/#primaryimage\"},\"thumbnailUrl\":\"https:\/\/dhg1h5j42swfq.cloudfront.net\/2018\/12\/10090930\/PM-MG-e1544443778912.jpg\",\"datePublished\":\"2019-01-29T21:26:54+00:00\",\"dateModified\":\"2019-01-29T21:52:34+00:00\",\"breadcrumb\":{\"@id\":\"https:\/\/www.estrategiaconcursos.com.br\/blog\/resolucao-publicada-pelo-comando-suspende-concursos-da-pm-mg-ate-2020\/#breadcrumb\"},\"inLanguage\":\"pt-BR\",\"potentialAction\":[{\"@type\":\"ReadAction\",\"target\":[\"https:\/\/www.estrategiaconcursos.com.br\/blog\/resolucao-publicada-pelo-comando-suspende-concursos-da-pm-mg-ate-2020\/\"]}]},{\"@type\":\"ImageObject\",\"inLanguage\":\"pt-BR\",\"@id\":\"https:\/\/www.estrategiaconcursos.com.br\/blog\/resolucao-publicada-pelo-comando-suspende-concursos-da-pm-mg-ate-2020\/#primaryimage\",\"url\":\"https:\/\/dhg1h5j42swfq.cloudfront.net\/2018\/12\/10090930\/PM-MG-e1544443778912.jpg\",\"contentUrl\":\"https:\/\/dhg1h5j42swfq.cloudfront.net\/2018\/12\/10090930\/PM-MG-e1544443778912.jpg\",\"width\":400,\"height\":209,\"caption\":\"concurso pm mg oficial\"},{\"@type\":\"BreadcrumbList\",\"@id\":\"https:\/\/www.estrategiaconcursos.com.br\/blog\/resolucao-publicada-pelo-comando-suspende-concursos-da-pm-mg-ate-2020\/#breadcrumb\",\"itemListElement\":[{\"@type\":\"ListItem\",\"position\":1,\"name\":\"In\u00edcio\",\"item\":\"https:\/\/www.estrategiaconcursos.com.br\/blog\/\"},{\"@type\":\"ListItem\",\"position\":2,\"name\":\"Publicada resolu\u00e7\u00e3o que suspende os concursos da PM MG at\u00e9 2020\"}]},{\"@type\":\"WebSite\",\"@id\":\"https:\/\/www.estrategiaconcursos.com.br\/blog\/#website\",\"url\":\"https:\/\/www.estrategiaconcursos.com.br\/blog\/\",\"name\":\"Estrat\u00e9gia Concursos\",\"description\":\"O blog da Estrat\u00e9gia Concursos traz not\u00edcias sobre concursos e artigos de professores oferecendo cursos para concursos (pdf + videaulas) no site.\",\"publisher\":{\"@id\":\"https:\/\/www.estrategiaconcursos.com.br\/blog\/#organization\"},\"potentialAction\":[{\"@type\":\"SearchAction\",\"target\":{\"@type\":\"EntryPoint\",\"urlTemplate\":\"https:\/\/www.estrategiaconcursos.com.br\/blog\/?s={search_term_string}\"},\"query-input\":{\"@type\":\"PropertyValueSpecification\",\"valueRequired\":true,\"valueName\":\"search_term_string\"}}],\"inLanguage\":\"pt-BR\"},{\"@type\":\"Organization\",\"@id\":\"https:\/\/www.estrategiaconcursos.com.br\/blog\/#organization\",\"name\":\"Estrat\u00e9gia Concursos\",\"url\":\"https:\/\/www.estrategiaconcursos.com.br\/blog\/\",\"logo\":{\"@type\":\"ImageObject\",\"inLanguage\":\"pt-BR\",\"@id\":\"https:\/\/www.estrategiaconcursos.com.br\/blog\/#\/schema\/logo\/image\/\",\"url\":\"https:\/\/dhg1h5j42swfq.cloudfront.net\/2025\/06\/03203428\/logo_concursos-1.jpg\",\"contentUrl\":\"https:\/\/dhg1h5j42swfq.cloudfront.net\/2025\/06\/03203428\/logo_concursos-1.jpg\",\"width\":230,\"height\":60,\"caption\":\"Estrat\u00e9gia Concursos\"},\"image\":{\"@id\":\"https:\/\/www.estrategiaconcursos.com.br\/blog\/#\/schema\/logo\/image\/\"},\"sameAs\":[\"https:\/\/x.com\/EstratConcursos\"]},{\"@type\":\"Person\",\"@id\":\"https:\/\/www.estrategiaconcursos.com.br\/blog\/#\/schema\/person\/a630b15e36f45b4c21fed01219843cb5\",\"name\":\"Paulo Bilynskyj\",\"image\":{\"@type\":\"ImageObject\",\"inLanguage\":\"pt-BR\",\"@id\":\"https:\/\/secure.gravatar.com\/avatar\/37e21f70c9042e7456beffdc6d31fe051f3f6dcbf252f69343a791b144852057?s=96&d=mm&r=g\",\"url\":\"https:\/\/secure.gravatar.com\/avatar\/37e21f70c9042e7456beffdc6d31fe051f3f6dcbf252f69343a791b144852057?s=96&d=mm&r=g\",\"contentUrl\":\"https:\/\/secure.gravatar.com\/avatar\/37e21f70c9042e7456beffdc6d31fe051f3f6dcbf252f69343a791b144852057?s=96&d=mm&r=g\",\"caption\":\"Paulo Bilynskyj\"},\"url\":\"https:\/\/www.estrategiaconcursos.com.br\/blog\/author\/pbilynskyjgmail-com\/\"}]}<\/script>\n<!-- \/ Yoast SEO Premium plugin. -->","yoast_head_json":{"title":"Publicada resolu\u00e7\u00e3o que suspende os concursos da PM MG at\u00e9 2020","robots":{"index":"index","follow":"follow","max-snippet":"max-snippet:-1","max-image-preview":"max-image-preview:large","max-video-preview":"max-video-preview:-1"},"canonical":"https:\/\/www.estrategiaconcursos.com.br\/blog\/resolucao-publicada-pelo-comando-suspende-concursos-da-pm-mg-ate-2020\/","og_locale":"pt_BR","og_type":"article","og_title":"Publicada resolu\u00e7\u00e3o que suspende os concursos da PM MG at\u00e9 2020","og_description":"Uma determina\u00e7\u00e3o publicada nesta ter\u00e7a-feira, 29 de janeiro, traz m\u00e1s not\u00edcias aos interessados nos concursos da Pol\u00edcia Militar de Minas Gerais. Assinada pelo Comandante Geral da Pol\u00edcia Militar do estado, a Resolu\u00e7\u00e3o n\u00ba 4777 determina a suspens\u00e3o dos editais dos concursos publicados em 2018 que abriu vagas para o cargo de Soldado at\u00e9 2020. O [&hellip;]","og_url":"https:\/\/www.estrategiaconcursos.com.br\/blog\/resolucao-publicada-pelo-comando-suspende-concursos-da-pm-mg-ate-2020\/","og_site_name":"Estrat\u00e9gia Concursos","article_published_time":"2019-01-29T21:26:54+00:00","article_modified_time":"2019-01-29T21:52:34+00:00","og_image":[{"width":400,"height":209,"url":"https:\/\/dhg1h5j42swfq.cloudfront.net\/2018\/12\/10090930\/PM-MG-e1544443778912.jpg","type":"image\/jpeg"}],"author":"Paulo Bilynskyj","twitter_card":"summary_large_image","twitter_creator":"@EstratConcursos","twitter_site":"@EstratConcursos","twitter_misc":{"Escrito por":"Paulo Bilynskyj","Est. tempo de leitura":"1 minuto"},"schema":{"@context":"https:\/\/schema.org","@graph":[{"@type":"NewsArticle","@id":"https:\/\/www.estrategiaconcursos.com.br\/blog\/resolucao-publicada-pelo-comando-suspende-concursos-da-pm-mg-ate-2020\/#article","isPartOf":{"@id":"https:\/\/www.estrategiaconcursos.com.br\/blog\/resolucao-publicada-pelo-comando-suspende-concursos-da-pm-mg-ate-2020\/"},"author":{"name":"Paulo Bilynskyj","@id":"https:\/\/www.estrategiaconcursos.com.br\/blog\/#\/schema\/person\/a630b15e36f45b4c21fed01219843cb5"},"headline":"Publicada resolu\u00e7\u00e3o que suspende os concursos da PM MG at\u00e9 2020","datePublished":"2019-01-29T21:26:54+00:00","dateModified":"2019-01-29T21:52:34+00:00","mainEntityOfPage":{"@id":"https:\/\/www.estrategiaconcursos.com.br\/blog\/resolucao-publicada-pelo-comando-suspende-concursos-da-pm-mg-ate-2020\/"},"wordCount":296,"commentCount":15,"publisher":{"@id":"https:\/\/www.estrategiaconcursos.com.br\/blog\/#organization"},"image":{"@id":"https:\/\/www.estrategiaconcursos.com.br\/blog\/resolucao-publicada-pelo-comando-suspende-concursos-da-pm-mg-ate-2020\/#primaryimage"},"thumbnailUrl":"https:\/\/dhg1h5j42swfq.cloudfront.net\/2018\/12\/10090930\/PM-MG-e1544443778912.jpg","articleSection":["Concursos P\u00fablicos"],"inLanguage":"pt-BR","potentialAction":[{"@type":"CommentAction","name":"Comment","target":["https:\/\/www.estrategiaconcursos.com.br\/blog\/resolucao-publicada-pelo-comando-suspende-concursos-da-pm-mg-ate-2020\/#respond"]}],"copyrightYear":"2019","copyrightHolder":{"@id":"https:\/\/www.estrategiaconcursos.com.br\/blog\/#organization"}},{"@type":"WebPage","@id":"https:\/\/www.estrategiaconcursos.com.br\/blog\/resolucao-publicada-pelo-comando-suspende-concursos-da-pm-mg-ate-2020\/","url":"https:\/\/www.estrategiaconcursos.com.br\/blog\/resolucao-publicada-pelo-comando-suspende-concursos-da-pm-mg-ate-2020\/","name":"Publicada resolu\u00e7\u00e3o que suspende os concursos da PM MG at\u00e9 2020","isPartOf":{"@id":"https:\/\/www.estrategiaconcursos.com.br\/blog\/#website"},"primaryImageOfPage":{"@id":"https:\/\/www.estrategiaconcursos.com.br\/blog\/resolucao-publicada-pelo-comando-suspende-concursos-da-pm-mg-ate-2020\/#primaryimage"},"image":{"@id":"https:\/\/www.estrategiaconcursos.com.br\/blog\/resolucao-publicada-pelo-comando-suspende-concursos-da-pm-mg-ate-2020\/#primaryimage"},"thumbnailUrl":"https:\/\/dhg1h5j42swfq.cloudfront.net\/2018\/12\/10090930\/PM-MG-e1544443778912.jpg","datePublished":"2019-01-29T21:26:54+00:00","dateModified":"2019-01-29T21:52:34+00:00","breadcrumb":{"@id":"https:\/\/www.estrategiaconcursos.com.br\/blog\/resolucao-publicada-pelo-comando-suspende-concursos-da-pm-mg-ate-2020\/#breadcrumb"},"inLanguage":"pt-BR","potentialAction":[{"@type":"ReadAction","target":["https:\/\/www.estrategiaconcursos.com.br\/blog\/resolucao-publicada-pelo-comando-suspende-concursos-da-pm-mg-ate-2020\/"]}]},{"@type":"ImageObject","inLanguage":"pt-BR","@id":"https:\/\/www.estrategiaconcursos.com.br\/blog\/resolucao-publicada-pelo-comando-suspende-concursos-da-pm-mg-ate-2020\/#primaryimage","url":"https:\/\/dhg1h5j42swfq.cloudfront.net\/2018\/12\/10090930\/PM-MG-e1544443778912.jpg","contentUrl":"https:\/\/dhg1h5j42swfq.cloudfront.net\/2018\/12\/10090930\/PM-MG-e1544443778912.jpg","width":400,"height":209,"caption":"concurso pm mg oficial"},{"@type":"BreadcrumbList","@id":"https:\/\/www.estrategiaconcursos.com.br\/blog\/resolucao-publicada-pelo-comando-suspende-concursos-da-pm-mg-ate-2020\/#breadcrumb","itemListElement":[{"@type":"ListItem","position":1,"name":"In\u00edcio","item":"https:\/\/www.estrategiaconcursos.com.br\/blog\/"},{"@type":"ListItem","position":2,"name":"Publicada resolu\u00e7\u00e3o que suspende os concursos da PM MG at\u00e9 2020"}]},{"@type":"WebSite","@id":"https:\/\/www.estrategiaconcursos.com.br\/blog\/#website","url":"https:\/\/www.estrategiaconcursos.com.br\/blog\/","name":"Estrat\u00e9gia Concursos","description":"O blog da Estrat\u00e9gia Concursos traz not\u00edcias sobre concursos e artigos de professores oferecendo cursos para concursos (pdf + videaulas) no site.","publisher":{"@id":"https:\/\/www.estrategiaconcursos.com.br\/blog\/#organization"},"potentialAction":[{"@type":"SearchAction","target":{"@type":"EntryPoint","urlTemplate":"https:\/\/www.estrategiaconcursos.com.br\/blog\/?s={search_term_string}"},"query-input":{"@type":"PropertyValueSpecification","valueRequired":true,"valueName":"search_term_string"}}],"inLanguage":"pt-BR"},{"@type":"Organization","@id":"https:\/\/www.estrategiaconcursos.com.br\/blog\/#organization","name":"Estrat\u00e9gia Concursos","url":"https:\/\/www.estrategiaconcursos.com.br\/blog\/","logo":{"@type":"ImageObject","inLanguage":"pt-BR","@id":"https:\/\/www.estrategiaconcursos.com.br\/blog\/#\/schema\/logo\/image\/","url":"https:\/\/dhg1h5j42swfq.cloudfront.net\/2025\/06\/03203428\/logo_concursos-1.jpg","contentUrl":"https:\/\/dhg1h5j42swfq.cloudfront.net\/2025\/06\/03203428\/logo_concursos-1.jpg","width":230,"height":60,"caption":"Estrat\u00e9gia Concursos"},"image":{"@id":"https:\/\/www.estrategiaconcursos.com.br\/blog\/#\/schema\/logo\/image\/"},"sameAs":["https:\/\/x.com\/EstratConcursos"]},{"@type":"Person","@id":"https:\/\/www.estrategiaconcursos.com.br\/blog\/#\/schema\/person\/a630b15e36f45b4c21fed01219843cb5","name":"Paulo Bilynskyj","image":{"@type":"ImageObject","inLanguage":"pt-BR","@id":"https:\/\/secure.gravatar.com\/avatar\/37e21f70c9042e7456beffdc6d31fe051f3f6dcbf252f69343a791b144852057?s=96&d=mm&r=g","url":"https:\/\/secure.gravatar.com\/avatar\/37e21f70c9042e7456beffdc6d31fe051f3f6dcbf252f69343a791b144852057?s=96&d=mm&r=g","contentUrl":"https:\/\/secure.gravatar.com\/avatar\/37e21f70c9042e7456beffdc6d31fe051f3f6dcbf252f69343a791b144852057?s=96&d=mm&r=g","caption":"Paulo Bilynskyj"},"url":"https:\/\/www.estrategiaconcursos.com.br\/blog\/author\/pbilynskyjgmail-com\/"}]}},"_links":{"self":[{"href":"https:\/\/www.estrategiaconcursos.com.br\/blog\/wp-json\/wp\/v2\/posts\/162968","targetHints":{"allow":["GET"]}}],"collection":[{"href":"https:\/\/www.estrategiaconcursos.com.br\/blog\/wp-json\/wp\/v2\/posts"}],"about":[{"href":"https:\/\/www.estrategiaconcursos.com.br\/blog\/wp-json\/wp\/v2\/types\/post"}],"author":[{"embeddable":true,"href":"https:\/\/www.estrategiaconcursos.com.br\/blog\/wp-json\/wp\/v2\/users\/552"}],"replies":[{"embeddable":true,"href":"https:\/\/www.estrategiaconcursos.com.br\/blog\/wp-json\/wp\/v2\/comments?post=162968"}],"version-history":[{"count":12,"href":"https:\/\/www.estrategiaconcursos.com.br\/blog\/wp-json\/wp\/v2\/posts\/162968\/revisions"}],"predecessor-version":[{"id":162984,"href":"https:\/\/www.estrategiaconcursos.com.br\/blog\/wp-json\/wp\/v2\/posts\/162968\/revisions\/162984"}],"wp:featuredmedia":[{"embeddable":true,"href":"https:\/\/www.estrategiaconcursos.com.br\/blog\/wp-json\/wp\/v2\/media\/155135"}],"wp:attachment":[{"href":"https:\/\/www.estrategiaconcursos.com.br\/blog\/wp-json\/wp\/v2\/media?parent=162968"}],"wp:term":[{"taxonomy":"category","embeddable":true,"href":"https:\/\/www.estrategiaconcursos.com.br\/blog\/wp-json\/wp\/v2\/categories?post=162968"},{"taxonomy":"post_tag","embeddable":true,"href":"https:\/\/www.estrategiaconcursos.com.br\/blog\/wp-json\/wp\/v2\/tags?post=162968"},{"taxonomy":"tax_estado","embeddable":true,"href":"https:\/\/www.estrategiaconcursos.com.br\/blog\/wp-json\/wp\/v2\/tax_estado?post=162968"}],"curies":[{"name":"wp","href":"https:\/\/api.w.org\/{rel}","templated":true}]}}