{"id":1628711,"date":"2025-08-29T18:00:00","date_gmt":"2025-08-29T21:00:00","guid":{"rendered":"https:\/\/www.estrategiaconcursos.com.br\/blog\/?p=1628711"},"modified":"2025-09-26T17:28:31","modified_gmt":"2025-09-26T20:28:31","slug":"concurso-editais-semana-25-a-29-08","status":"publish","type":"post","link":"https:\/\/www.estrategiaconcursos.com.br\/blog\/concurso-editais-semana-25-a-29-08\/","title":{"rendered":"Concursos P\u00fablicos: 29 editais esta semana; 2,2 mil vagas!"},"content":{"rendered":"\n<p>A \u00faltima semana de agosto chegou oficialmente ao fim e, com ela, diversos editais finalmente alcan\u00e7aram a pra\u00e7a.<\/p>\n\n\n\n<p>Ao todo, 29 novos certames foram abertos, impulsionando o mundo dos concursos com um saldo interessante de <strong>2.244<\/strong> vagas imediatas e de cadastro reserva.<\/p>\n\n\n\n<p>Entre os destaques, inclusive, est\u00e1 o <strong>concurso para Bombeiros CE<\/strong>, com 130 vagas e sal\u00e1rio de <strong>R$ 9,5 mil<\/strong>, o que refor\u00e7a essa baita chance.<\/p>\n\n\n\n<p>Al\u00e9m dessa, uma \u00e1rea que pegou fogo nos \u00faltimos dias foi de <strong>Educa\u00e7\u00e3o<\/strong>, trazendo <strong>oito editais<\/strong> com 681 vagas e sal\u00e1rios de at\u00e9 <strong>R$ 15 mil.<\/strong><\/p>\n\n\n\n<p>Quer ficar informado sobre TODOS os novos editais de concursos publicados na \u00faltima semana? <em><strong>Confira mais informa\u00e7\u00f5es ao longo deste artigo!<\/strong><\/em><\/p>\n\n\n\n<div class=\"container\" id=\"boxes\">\n  <div class=\"row\">\n\n    <div class=\"col-sm\">\n      <div class=\"banner-estrat-corj\" id=\"box-assinatura\">\n        <h3 class=\"titulo-assinatura\" style=\"text-align: left;\">Cursos para Concursos<\/h3>\n        <p class=\"subtitulo-assinatura\" style=\"text-align: left;\">Conhe\u00e7a os cursos<\/p>\n        <div class=\"box-botao\" style=\"text-align: left;\">\n          <a class=\"btn-assinatura\" target=\"_blank\" href=\"https:\/\/www.estrategiaconcursos.com.br\/cursos\/concurso\/\" role=\"button\" rel=\"noopener noreferrer\">CLIQUE AQUI<\/a>\n        <\/div>\n      <\/div><\/div><\/div><\/div>\n\n\n\n<ul id=\"indice\" class=\"wp-block-list\">\n<li><a href=\"#seguranca\">Seguran\u00e7a p\u00fablica<\/a><\/li>\n\n\n\n<li><a href=\"#juridicas\">Carreiras Jur\u00eddicas<\/a><\/li>\n\n\n\n<li><a href=\"#tribunais\">Tribunais<\/a><\/li>\n\n\n\n<li><a href=\"#educacao\">Educa\u00e7\u00e3o<\/a><\/li>\n\n\n\n<li><a href=\"#camaras\">\u00c1rea Legislativa<\/a><\/li>\n\n\n\n<li><a href=\"#outras\">Oportunidades em outras \u00e1reas<\/a><\/li>\n\n\n\n<li><a href=\"#prefeituras\">Prefeituras Municipais<\/a><\/li>\n<\/ul>\n\n\n\n<h3 class=\"wp-block-heading has-text-align-center has-background\" id=\"seguranca\" style=\"background-color:#e1eaf2\">Seguran\u00e7a p\u00fablica<\/h3>\n\n\n\n<h3 class=\"wp-block-heading\" id=\"h-bombeiros-ce\"><a href=\"https:\/\/www.estrategiaconcursos.com.br\/blog\/concurso-bombeiro-ce-2025-edital-publicado-oficial\/\" target=\"_blank\" rel=\"noreferrer noopener\">Bombeiros CE<\/a><\/h3>\n\n\n\n<ul class=\"wp-block-list\">\n<li><strong>Banca:<\/strong> Instituto Consulpam<\/li>\n\n\n\n<li><strong>Per\u00edodo de inscri\u00e7\u00f5es:<\/strong> 15 a 29\/09<\/li>\n\n\n\n<li><strong>Data da prova<\/strong>: a definir<\/li>\n\n\n\n<li><strong>Vagas:<\/strong> 50 + 80 CR<\/li>\n\n\n\n<li><strong>Sal\u00e1rio inicial:<\/strong> R$ 9.469,93<\/li>\n\n\n\n<li><strong>Edital:<\/strong> <a href=\"https:\/\/dhg1h5j42swfq.cloudfront.net\/2025\/08\/28192051\/edital-bombeiro-ce-2025.pdf\" target=\"_blank\" rel=\"noreferrer noopener nofollow\">CBM CE Oficial-2025<\/a><\/li>\n<\/ul>\n\n\n\n<h3 class=\"wp-block-heading has-text-align-center has-background\" id=\"juridicas\" style=\"background-color:#e1eaf2\">Carreiras Jur\u00eddicas<\/h3>\n\n\n\n<h3 class=\"wp-block-heading\" id=\"h-trf6-juiz-federal\"><a href=\"https:\/\/cj.estrategia.com\/portal\/edital-trf6-juiz-federal\/\" target=\"_blank\" rel=\"noreferrer noopener\">TRF6 Juiz Federal<\/a><\/h3>\n\n\n\n<ul class=\"wp-block-list\">\n<li><strong>Banca:<\/strong> FGV<\/li>\n\n\n\n<li><strong>Per\u00edodo de inscri\u00e7\u00f5es:<\/strong> 01\/09 a 02\/10<\/li>\n\n\n\n<li><strong>Data da prova<\/strong>: 23\/11<\/li>\n\n\n\n<li><strong>Vagas:<\/strong> 28 + CR<\/li>\n\n\n\n<li><strong>Sal\u00e1rio inicial:<\/strong> R$ 37.765,5<\/li>\n\n\n\n<li><strong>Edital:<\/strong> <a href=\"https:\/\/cj.estrategia.com\/portal\/wp-content\/uploads\/2025\/08\/25055952\/Edital-TRF-6-Juiz.pdf\" target=\"_blank\" rel=\"noreferrer noopener\">TRF6 Juiz Federal<\/a><\/li>\n<\/ul>\n\n\n\n<h3 class=\"wp-block-heading\" id=\"h-mp-es-promotor\"><a href=\"https:\/\/cj.estrategia.com\/portal\/edital-mp-es-promotor\/\" target=\"_blank\" rel=\"noreferrer noopener\">MP ES Promotor<\/a><\/h3>\n\n\n\n<ul class=\"wp-block-list\">\n<li><strong>Banca:<\/strong> FGV<\/li>\n\n\n\n<li><strong>Per\u00edodo de inscri\u00e7\u00f5es:<\/strong> 01\/09 a 10\/10<\/li>\n\n\n\n<li><strong>Data da prova<\/strong>: 30\/11 <\/li>\n\n\n\n<li><strong>Vagas:<\/strong> 05 + CR<\/li>\n\n\n\n<li><strong>Sal\u00e1rio inicial:<\/strong> R$ 37.765,55<\/li>\n\n\n\n<li><strong>Edital:<\/strong> <a href=\"https:\/\/cj.estrategia.com\/portal\/wp-content\/uploads\/2025\/08\/25060957\/Edital-MP-ES-Promotor.pdf\" target=\"_blank\" rel=\"noreferrer noopener\">MP ES Promotor<\/a><\/li>\n<\/ul>\n\n\n\n<h3 class=\"wp-block-heading\" id=\"h-pge-es-procurador\"><a href=\"https:\/\/cj.estrategia.com\/portal\/concurso-pge-es-procurador-edital-publicado\/\" target=\"_blank\" rel=\"noreferrer noopener\">PGE ES Procurador<\/a><\/h3>\n\n\n\n<ul class=\"wp-block-list\">\n<li><strong>Banca:<\/strong> Cebraspe<\/li>\n\n\n\n<li><strong>Per\u00edodo de inscri\u00e7\u00f5es:<\/strong> 03\/09 a 03\/10<\/li>\n\n\n\n<li><strong>Data da prova<\/strong>: 02\/11<\/li>\n\n\n\n<li><strong>Vagas:<\/strong> 02 + CR<\/li>\n\n\n\n<li><strong>Sal\u00e1rio inicial:<\/strong> R$ 27.768,62<\/li>\n\n\n\n<li><strong>Edital:<\/strong> <a href=\"https:\/\/cj.estrategia.com\/portal\/wp-content\/uploads\/2025\/08\/29002409\/Edital-PGE-ES-Procurador.pdf\" target=\"_blank\" rel=\"noreferrer noopener\">Edital PGE ES Procurador 2025<\/a><\/li>\n<\/ul>\n\n\n\n<h3 class=\"wp-block-heading has-text-align-center has-background\" id=\"educacao\" style=\"background-color:#e1eaf2\">Educa\u00e7\u00e3o<\/h3>\n\n\n\n<h3 class=\"wp-block-heading\" id=\"h-fundacao-abc-sp\"><a href=\"https:\/\/www.estrategiaconcursos.com.br\/blog\/concurso-fundacao-abc-sp\/\" target=\"_blank\" rel=\"noreferrer noopener\">Funda\u00e7\u00e3o ABC<\/a> (SP)<\/h3>\n\n\n\n<ul class=\"wp-block-list\">\n<li><strong>Banca:<\/strong> Instituto Quadrix<\/li>\n\n\n\n<li><strong>Per\u00edodo de inscri\u00e7\u00f5es:<\/strong> at\u00e9 13 ou 20\/10<\/li>\n\n\n\n<li><strong>Data da prova<\/strong>: 23 e 30\/11<\/li>\n\n\n\n<li><strong>Vagas:<\/strong> 46 + 473 CR<\/li>\n\n\n\n<li><strong>Sal\u00e1rio inicial:<\/strong> R$ 1.315,85 a R$ 15.648,49<\/li>\n\n\n\n<li><strong>Edital:<\/strong> <strong><a href=\"https:\/\/www.quadrix.org.br\/web\/visualizar.html?file=https:\/\/www.quadrix.org.br\/Archives\/General\/33641\/33647\/33651\/1EA223752520\/1_Funda%c3%a7%c3%a3o_do_ABC_processo_seletivo-2_2025_edital_2_abertura_prazo_determinado.pdf\" target=\"_blank\" rel=\"noreferrer noopener nofollow\">PSS 1\/2025<\/a><\/strong>&nbsp;|&nbsp;<a href=\"https:\/\/www.quadrix.org.br\/web\/visualizar.html?file=https:\/\/www.quadrix.org.br\/Archives\/General\/33150\/33646\/33650\/9FD2505C76B4\/1_Funda%c3%a7%c3%a3o_do_ABC_processo_seletivo-1_2025_edital_1_abertura_prazo_indeterminado.pdf\" target=\"_blank\" rel=\"noreferrer noopener nofollow\"><strong>PSS 2\/2025<\/strong><\/a><\/li>\n<\/ul>\n\n\n\n<h3 class=\"wp-block-heading\" id=\"h-sedf-temporarios\"><a href=\"https:\/\/www.estrategiaconcursos.com.br\/blog\/concurso-sedf-temporarios-2025-edital-publicado\/\" target=\"_blank\" rel=\"noreferrer noopener\">SEDF Tempor\u00e1rios<\/a><\/h3>\n\n\n\n<ul class=\"wp-block-list\">\n<li><strong>Banca:<\/strong> Instituto Quadrix<\/li>\n\n\n\n<li><strong>Per\u00edodo de inscri\u00e7\u00f5es:<\/strong> 08 a 22\/09<\/li>\n\n\n\n<li><strong>Data da prova<\/strong>: 19\/10<\/li>\n\n\n\n<li><strong>Vagas:<\/strong> CR<\/li>\n\n\n\n<li><strong>Sal\u00e1rio inicial:<\/strong> R$ 6.427,71, a depender da jornada de trabalho<\/li>\n\n\n\n<li><strong>Edital:<\/strong> <a href=\"https:\/\/dhg1h5j42swfq.cloudfront.net\/2025\/08\/26054024\/concurso-sedf-temporario-2025-edital-publicado.pdf\" target=\"_blank\" rel=\"noreferrer noopener\">Concurso SEDF Tempor\u00e1rios 2025<\/a><\/li>\n<\/ul>\n\n\n\n<h3 class=\"wp-block-heading\" id=\"h-sme-birigui-sp\"><a href=\"https:\/\/www.estrategiaconcursos.com.br\/blog\/concurso-sme-birigui\/\" target=\"_blank\" rel=\"noreferrer noopener\">SME Birigui<\/a> (SP)<\/h3>\n\n\n\n<ul class=\"wp-block-list\">\n<li><strong>Banca:<\/strong> Instituto ACCESS<\/li>\n\n\n\n<li><strong>Per\u00edodo de inscri\u00e7\u00f5es:<\/strong> at\u00e9 09\/10<\/li>\n\n\n\n<li><strong>Data da prova<\/strong>: 23\/11<\/li>\n\n\n\n<li><strong>Vagas:<\/strong> 33 + CR<\/li>\n\n\n\n<li><strong>Sal\u00e1rio inicial:<\/strong>  at\u00e9 R$ 9.277,02 + benef\u00edcios<\/li>\n\n\n\n<li><strong>Edital:<\/strong> <a href=\"https:\/\/dhg1h5j42swfq.cloudfront.net\/2025\/08\/26101808\/f55a6aa0-682e-47b8-af02-938c5652654a.pdf\" target=\"_blank\" rel=\"noreferrer noopener\">SME Birigui 2025<\/a><\/li>\n<\/ul>\n\n\n\n<h3 class=\"wp-block-heading\" id=\"h-sme-olimpia-sp\"><a href=\"https:\/\/www.estrategiaconcursos.com.br\/blog\/concurso-sme-olimpia-sp\/\" target=\"_blank\" rel=\"noreferrer noopener\">SME Ol\u00edmpia<\/a> (SP)<\/h3>\n\n\n\n<ul class=\"wp-block-list\">\n<li><strong>Banca:<\/strong> Instituto Nosso Rumo<\/li>\n\n\n\n<li><strong>Per\u00edodo de inscri\u00e7\u00f5es:<\/strong> 01 a 25\/09<\/li>\n\n\n\n<li><strong>Data da prova<\/strong>: 19\/10<\/li>\n\n\n\n<li><strong>Vagas:<\/strong> 90 + CR<\/li>\n\n\n\n<li><strong>Sal\u00e1rio inicial:<\/strong> at\u00e9 R$ 1.674,00<\/li>\n\n\n\n<li><strong>Edital:<\/strong> <a href=\"https:\/\/dhg1h5j42swfq.cloudfront.net\/2025\/08\/29094549\/edital-de-abertura-1.pdf\" target=\"_blank\" rel=\"noreferrer noopener nofollow\">M\u00e9dio<\/a>\u00a0\/\u00a0<a href=\"https:\/\/dhg1h5j42swfq.cloudfront.net\/2025\/08\/29095117\/edital-de-abertura-1-1.pdf\" target=\"_blank\" rel=\"noreferrer noopener nofollow\">Professor<\/a>\u00a0\/\u00a0<a href=\"https:\/\/dhg1h5j42swfq.cloudfront.net\/2025\/08\/29095746\/edital-de-abertura-2.pdf\" target=\"_blank\" rel=\"noreferrer noopener nofollow\">Professor Especial<\/a><\/li>\n<\/ul>\n\n\n\n<h3 class=\"wp-block-heading\" id=\"h-sme-cruzeiro-sp\"><a href=\"https:\/\/www.estrategiaconcursos.com.br\/blog\/concurso-sme-cruzeiro-sp\/\" target=\"_blank\" rel=\"noreferrer noopener\">SME Cruzeiro<\/a> (SP)<\/h3>\n\n\n\n<ul class=\"wp-block-list\">\n<li><strong>Banca:<\/strong> PubliConsult<\/li>\n\n\n\n<li><strong>Per\u00edodo de inscri\u00e7\u00f5es:<\/strong> at\u00e9 12\/09<\/li>\n\n\n\n<li><strong>Data da prova<\/strong>: 28\/09<\/li>\n\n\n\n<li><strong>Vagas:<\/strong> 39 + CR<\/li>\n\n\n\n<li><strong>Sal\u00e1rio inicial:<\/strong> at\u00e9 R$ 6.084,71<\/li>\n\n\n\n<li><strong>Edital:<\/strong> <a href=\"https:\/\/dhg1h5j42swfq.cloudfront.net\/2025\/08\/29093057\/pm-cruzeiro-cp-01-2025-edital-de-abertura-de-inscricoes.pdf\" target=\"_blank\" rel=\"noreferrer noopener nofollow\">SME Cruzeiro (SP)<\/a><\/li>\n<\/ul>\n\n\n\n<h3 class=\"wp-block-heading has-text-align-center has-background\" id=\"camaras\" style=\"background-color:#e1eaf2\">\u00c1rea legislativa<\/h3>\n\n\n\n<h3 class=\"wp-block-heading\" id=\"h-camara-de-itumbiara-go\"><a href=\"https:\/\/www.estrategiaconcursos.com.br\/blog\/concurso-camara-de-itumbiara-go\/\" target=\"_blank\" rel=\"noreferrer noopener\">C\u00e2mara de Itumbiara<\/a> (GO)<\/h3>\n\n\n\n<ul class=\"wp-block-list\">\n<li><strong>Banca:<\/strong> Instituto Consulplan<\/li>\n\n\n\n<li><strong>Per\u00edodo de inscri\u00e7\u00f5es:<\/strong> 13\/10 a 06\/11<\/li>\n\n\n\n<li><strong>Data da prova<\/strong>: 07\/12<\/li>\n\n\n\n<li><strong>Vagas:<\/strong> 10 + 50 CR<\/li>\n\n\n\n<li><strong>Sal\u00e1rio inicial:<\/strong> R$ 2.532,20 a R$ 8.977,82<\/li>\n\n\n\n<li><strong>Edital:<\/strong> <a href=\"https:\/\/dhg1h5j42swfq.cloudfront.net\/2025\/06\/27144947\/edital-concurso-camara-itumbiara.pdf\" target=\"_blank\" rel=\"noreferrer noopener nofollow\">C\u00e2mara de Itumbiara 2025<\/a><\/li>\n<\/ul>\n\n\n\n<h3 class=\"wp-block-heading\" id=\"h-camar-a-de-sao-jose-do-divino-mg\"><a href=\"https:\/\/www.estrategiaconcursos.com.br\/blog\/concurso-camara-sao-jose-do-divino-mg\/\" target=\"_blank\" rel=\"noreferrer noopener\">C\u00e2mar<\/a><a href=\"https:\/\/www.estrategiaconcursos.com.br\/blog\/concurso-camara-sao-jose-do-divino-mg\/\">a de S\u00e3o Jos\u00e9 do Divino<\/a> (MG)<\/h3>\n\n\n\n<ul class=\"wp-block-list\">\n<li><strong>Banca:<\/strong> MB Gest\u00e3o<\/li>\n\n\n\n<li><strong>Per\u00edodo de inscri\u00e7\u00f5es:<\/strong> 26\/11 a 29\/12<\/li>\n\n\n\n<li><strong>Data da prova<\/strong>: 08\/02\/2026<\/li>\n\n\n\n<li><strong>Vagas:<\/strong> 07<\/li>\n\n\n\n<li><strong>Sal\u00e1rio inicial:<\/strong> R$ 1.320,00 a R$ 1.752,00<\/li>\n\n\n\n<li><strong>Edital:<\/strong> <a href=\"https:\/\/dhg1h5j42swfq.cloudfront.net\/2025\/08\/27103124\/41e01b06217e6b784aa2053e24ff212a.pdf\" target=\"_blank\" rel=\"noreferrer noopener nofollow\">C\u00e2mara de S\u00e3o Jos\u00e9 do Divino 2025<\/a><\/li>\n<\/ul>\n\n\n\n<h3 class=\"wp-block-heading has-text-align-center has-background\" id=\"outras\" style=\"background-color:#e1eaf2\">Outras oportunidades<\/h3>\n\n\n\n<h3 class=\"wp-block-heading\" id=\"h-cisnop\"><a href=\"https:\/\/www.estrategiaconcursos.com.br\/blog\/concurso-cisnop-pr\/\" target=\"_blank\" rel=\"noreferrer noopener\">CISNOP<\/a><\/h3>\n\n\n\n<ul class=\"wp-block-list\">\n<li><strong>Banca:<\/strong> Fafipa<\/li>\n\n\n\n<li><strong>Per\u00edodo de inscri\u00e7\u00f5es:<\/strong> 03\/09 a 02\/10<\/li>\n\n\n\n<li><strong>Data da prova<\/strong>: 19\/10<\/li>\n\n\n\n<li><strong>Vagas:<\/strong> 35 + CR<\/li>\n\n\n\n<li><strong>Sal\u00e1rio inicial:<\/strong> R$ 1.924,78 a R$ 9.624,09<\/li>\n\n\n\n<li><strong>Edital:<\/strong> <a href=\"https:\/\/dhg1h5j42swfq.cloudfront.net\/2025\/08\/28143404\/8b4017cf-0033-4991-9070-22a7b023f30a.pdf\" target=\"_blank\" rel=\"noreferrer noopener nofollow\">CISNOP 2025<\/a><\/li>\n<\/ul>\n\n\n\n<h3 class=\"wp-block-heading\" id=\"h-mgs-mg\"><a href=\"https:\/\/www.estrategiaconcursos.com.br\/blog\/concurso-mgs-mg\/\" target=\"_blank\" rel=\"noreferrer noopener\">MGS MG<\/a><\/h3>\n\n\n\n<ul class=\"wp-block-list\">\n<li><strong>Banca:<\/strong> IBFC<\/li>\n\n\n\n<li><strong>Per\u00edodo de inscri\u00e7\u00f5es:<\/strong> at\u00e9 15\/09<\/li>\n\n\n\n<li><strong>Data da prova<\/strong>: 19\/10<\/li>\n\n\n\n<li><strong>Vagas:<\/strong> 259 + CR<\/li>\n\n\n\n<li><strong>Sal\u00e1rio inicial:<\/strong> R$ 1.649,12 a R$ 2.945,13<\/li>\n\n\n\n<li><strong>Edital:<\/strong> <a href=\"https:\/\/dhg1h5j42swfq.cloudfront.net\/2025\/08\/26181102\/0272cb6c-b244-420d-987c-d0f0a51d39a4.pdf\" target=\"_blank\" rel=\"noreferrer noopener\">pss 06\/2025<\/a><\/li>\n<\/ul>\n\n\n\n<h3 class=\"wp-block-heading has-text-align-center has-background\" id=\"prefeituras\" style=\"background-color:#e1eaf2\">Prefeituras Municipais<\/h3>\n\n\n\n<h3 class=\"wp-block-heading\" id=\"h-prefeitura-de-xangri-la-rs\"><a href=\"https:\/\/www.estrategiaconcursos.com.br\/blog\/concurso-prefeitura-xangri-la\/\" target=\"_blank\" rel=\"noreferrer noopener\">Prefeitura de Xangri-l\u00e1<\/a> (RS)<\/h3>\n\n\n\n<ul class=\"wp-block-list\">\n<li><strong>Banca:<\/strong> Fundatec<\/li>\n\n\n\n<li><strong>Per\u00edodo de inscri\u00e7\u00f5es:<\/strong> at\u00e9 22\/09<\/li>\n\n\n\n<li><strong>Data da prova<\/strong>: 18 e 19\/10<\/li>\n\n\n\n<li><strong>Vagas:<\/strong> 70 + CR<\/li>\n\n\n\n<li><strong>Sal\u00e1rio inicial:<\/strong> R$ 3.445,00 a R$ 9.486,35<\/li>\n\n\n\n<li><strong>Edital:<\/strong> <a href=\"https:\/\/dhg1h5j42swfq.cloudfront.net\/2025\/08\/25084726\/1018_editaldeabertura_docentes_rev6_68a8cf51015f8.pdf\" target=\"_blank\" rel=\"noreferrer noopener nofollow\">Edital 1<\/a>\u00a0 |\u00a0<a href=\"https:\/\/dhg1h5j42swfq.cloudfront.net\/2025\/08\/25084732\/1018_editaldeabertura_quadrogeral_rev3_68a8d0f05e259.pdf\" target=\"_blank\" rel=\"noreferrer noopener nofollow\">Edital 2<\/a><\/li>\n<\/ul>\n\n\n\n<h3 class=\"wp-block-heading\" id=\"h-prefeitura-de-mataraca-pb\"><a href=\"https:\/\/www.estrategiaconcursos.com.br\/blog\/concurso-prefeitura-mataraca\/\" target=\"_blank\" rel=\"noreferrer noopener\">Prefeitura de Mataraca<\/a> (PB)<\/h3>\n\n\n\n<ul class=\"wp-block-list\">\n<li><strong>Banca:<\/strong> CPcon<\/li>\n\n\n\n<li><strong>Per\u00edodo de inscri\u00e7\u00f5es:<\/strong> at\u00e9 14\/09<\/li>\n\n\n\n<li><strong>Data da prova<\/strong>: 05\/10 <\/li>\n\n\n\n<li><strong>Vagas:<\/strong> 89<\/li>\n\n\n\n<li><strong>Sal\u00e1rio inicial:<\/strong> R$ 1.518,00 a R$ 11.000,00<\/li>\n\n\n\n<li><strong>Edital:<\/strong> <a href=\"https:\/\/dhg1h5j42swfq.cloudfront.net\/2025\/08\/25143945\/edital_mataraca.pdf\" target=\"_blank\" rel=\"noreferrer noopener nofollow\">Edital Mataraca 2025<\/a><\/li>\n<\/ul>\n\n\n\n<h3 class=\"wp-block-heading\" id=\"h-prefeitura-de-guaraciaba-sc\"><a href=\"https:\/\/www.estrategiaconcursos.com.br\/blog\/concurso-prefeitura-guaraciaba\/\" target=\"_blank\" rel=\"noreferrer noopener\">Prefeitura de Guaraciaba<\/a> (SC)<\/h3>\n\n\n\n<ul class=\"wp-block-list\">\n<li><strong>Banca:<\/strong> AMEOSC<\/li>\n\n\n\n<li><strong>Per\u00edodo de inscri\u00e7\u00f5es:<\/strong> at\u00e9 24\/09<\/li>\n\n\n\n<li><strong>Data da prova<\/strong>: 11\/10<\/li>\n\n\n\n<li><strong>Vagas:<\/strong> CR<\/li>\n\n\n\n<li><strong>Sal\u00e1rio inicial:<\/strong> R$ 2.572,27 a R$ 5.144,50<\/li>\n\n\n\n<li><strong>Edital:<\/strong>&nbsp;<a href=\"https:\/\/dhg1h5j42swfq.cloudfront.net\/2025\/08\/27105927\/edital-guara.pdf\" target=\"_blank\" rel=\"noreferrer noopener\">Guaraciaba 2025<\/a><\/li>\n<\/ul>\n\n\n\n<h3 class=\"wp-block-heading\" id=\"h-prefeitura-de-vitor-meireles-sc\"><a href=\"https:\/\/www.estrategiaconcursos.com.br\/blog\/concurso-prefeitura-vitor-meireles\/\" target=\"_blank\" rel=\"noreferrer noopener\">Prefeitura de Vitor Meireles<\/a> (SC)<\/h3>\n\n\n\n<ul class=\"wp-block-list\">\n<li><strong>Banca:<\/strong> Acesse Concursos<\/li>\n\n\n\n<li><strong>Per\u00edodo de inscri\u00e7\u00f5es:<\/strong> at\u00e9 24\/09<\/li>\n\n\n\n<li><strong>Data da prova<\/strong>: 12\/10<\/li>\n\n\n\n<li><strong>Vagas:<\/strong> 23 + CR<\/li>\n\n\n\n<li><strong>Sal\u00e1rio inicial:<\/strong> R$ 1.671,21 a R$ 6.145,11<\/li>\n\n\n\n<li><strong>Edital: <\/strong>&nbsp;<a href=\"https:\/\/dhg1h5j42swfq.cloudfront.net\/2025\/08\/26143428\/edital_de_concurso_publico_2025_vitor.pdf\" target=\"_blank\" rel=\"noreferrer noopener nofollow\">Vitor Meireles 2025<\/a><\/li>\n<\/ul>\n\n\n\n<h3 class=\"wp-block-heading\" id=\"h-prefeitura-de-condor-rs\"><a href=\"https:\/\/www.estrategiaconcursos.com.br\/blog\/concurso-prefeitura-condor-rs\/\" target=\"_blank\" rel=\"noreferrer noopener\">Prefeitura de Condor<\/a> (RS)<\/h3>\n\n\n\n<ul class=\"wp-block-list\">\n<li><strong>Banca:<\/strong> Instituto Legalle<\/li>\n\n\n\n<li><strong>Per\u00edodo de inscri\u00e7\u00f5es:<\/strong> at\u00e9 15\/09<\/li>\n\n\n\n<li><strong>Data da prova<\/strong>: 19\/10<\/li>\n\n\n\n<li><strong>Vagas:<\/strong> 08 + CR<\/li>\n\n\n\n<li><strong>Sal\u00e1rio inicial:<\/strong> R$ 1.589,00 a R$ 11.096,00<\/li>\n\n\n\n<li><strong>Edital: <\/strong><a href=\"https:\/\/dhg1h5j42swfq.cloudfront.net\/2025\/08\/26214004\/edital-condor-rs-2025.pdf\" target=\"_blank\" rel=\"noreferrer noopener nofollow\">Condor RS 2025<\/a><\/li>\n<\/ul>\n\n\n\n<h3 class=\"wp-block-heading\" id=\"h-prefeitura-de-beberibe-ce\"><a href=\"https:\/\/www.estrategiaconcursos.com.br\/blog\/concurso-prefeitura-beberibe\/\" target=\"_blank\" rel=\"noreferrer noopener\">Prefeitura de Beberibe<\/a> (CE)<\/h3>\n\n\n\n<ul class=\"wp-block-list\">\n<li><strong>Banca:<\/strong> Instituto Consulpam<\/li>\n\n\n\n<li><strong>Per\u00edodo de inscri\u00e7\u00f5es:<\/strong> at\u00e9 28\/09<\/li>\n\n\n\n<li><strong>Data da prova<\/strong>: 22, 23 e 30\/11<\/li>\n\n\n\n<li><strong>Vagas:<\/strong> 305 + 305 CR<\/li>\n\n\n\n<li><strong>Sal\u00e1rio inicial:<\/strong> R$ 1.557,56 a R$ 5.534,83<\/li>\n\n\n\n<li><strong>Edital:<\/strong> <a href=\"https:\/\/dhg1h5j42swfq.cloudfront.net\/2025\/08\/26110818\/1-4.pdf\" target=\"_blank\" rel=\"noreferrer noopener nofollow\">Edital 1<\/a>&nbsp;\u2013&nbsp;<a href=\"https:\/\/dhg1h5j42swfq.cloudfront.net\/2025\/08\/26110812\/2-6.pdf\" target=\"_blank\" rel=\"noreferrer noopener nofollow\">Edital 2<\/a>&nbsp;\u2013&nbsp;<a href=\"https:\/\/dhg1h5j42swfq.cloudfront.net\/2025\/08\/26110807\/3-3.pdf\" target=\"_blank\" rel=\"noreferrer noopener nofollow\">Edital 3<\/a>&nbsp;\u2013&nbsp;<a href=\"https:\/\/dhg1h5j42swfq.cloudfront.net\/2025\/08\/26110822\/4-1.pdf\" target=\"_blank\" rel=\"noreferrer noopener nofollow\">Edital 4<\/a><\/li>\n<\/ul>\n\n\n\n<h3 class=\"wp-block-heading\" id=\"h-prefeitura-de-arroio-do-tigre-rs\"><a href=\"https:\/\/www.estrategiaconcursos.com.br\/blog\/concurso-prefeitura-arroio-do-tigre\/\" target=\"_blank\" rel=\"noreferrer noopener\">Prefeitura de Arroio do Tigre<\/a> (RS)<\/h3>\n\n\n\n<ul class=\"wp-block-list\">\n<li><strong>Banca:<\/strong> Legalle<\/li>\n\n\n\n<li><strong>Per\u00edodo de inscri\u00e7\u00f5es:<\/strong> at\u00e9 26\/09<\/li>\n\n\n\n<li><strong>Data da prova<\/strong>: 02\/11<\/li>\n\n\n\n<li><strong>Vagas:<\/strong> 72 + CR<\/li>\n\n\n\n<li><strong>Sal\u00e1rio inicial:<\/strong> R$ 1.536,59 a R$ 13.231,73<\/li>\n\n\n\n<li><strong>Edital:<\/strong> <a href=\"https:\/\/dhg1h5j42swfq.cloudfront.net\/2025\/08\/28141326\/edital-arroio-tigre.pdf\" target=\"_blank\" rel=\"noreferrer noopener nofollow\">Arroio do Tigre 2025<\/a><\/li>\n<\/ul>\n\n\n\n<h3 class=\"wp-block-heading\" id=\"h-prefeitura-de-lavras-da-mangabeira-ce\"><a href=\"https:\/\/www.estrategiaconcursos.com.br\/blog\/concurso-prefeitura-lavras-da-mangabeira\/\" target=\"_blank\" rel=\"noreferrer noopener\">Prefeitura de Lavras da Mangabeira<\/a> (CE)<\/h3>\n\n\n\n<ul class=\"wp-block-list\">\n<li><strong>Banca:<\/strong> CEV\/URCA<\/li>\n\n\n\n<li><strong>Per\u00edodo de inscri\u00e7\u00f5es:<\/strong> 05\/09 a 09\/10<\/li>\n\n\n\n<li><strong>Data da prova<\/strong>: 23\/11<\/li>\n\n\n\n<li><strong>Vagas:<\/strong> 50 + 55 CR<\/li>\n\n\n\n<li><strong>Sal\u00e1rio inicial:<\/strong> \u00a0R$ 1.518,00 a R$ 10.212,00<\/li>\n\n\n\n<li><strong>Edital:<\/strong> \u00a0<a href=\"https:\/\/dhg1h5j42swfq.cloudfront.net\/2025\/08\/29092630\/edital-concurso-lavras-da-mangabeira-2025.pdf\" target=\"_blank\" rel=\"noreferrer noopener nofollow\">Edital Lavras de Mangabeira 2025<\/a>\u00a0<\/li>\n<\/ul>\n\n\n\n<h3 class=\"wp-block-heading\" id=\"h-prefeitura-de-sao-jose-do-ouro-rs\"><a href=\"https:\/\/www.estrategiaconcursos.com.br\/blog\/concurso-prefeitura-sao-jose-do-ouro\/\" target=\"_blank\" rel=\"noreferrer noopener\">Prefeitura de S\u00e3o Jos\u00e9 do Ouro<\/a> (RS)<\/h3>\n\n\n\n<ul class=\"wp-block-list\">\n<li><strong>Banca:<\/strong> Objetiva Concursos<\/li>\n\n\n\n<li><strong>Per\u00edodo de inscri\u00e7\u00f5es:<\/strong> 08\/09 a 08\/10<\/li>\n\n\n\n<li><strong>Data da prova<\/strong>: 23\/11<\/li>\n\n\n\n<li><strong>Vagas:<\/strong> 60 + CR<\/li>\n\n\n\n<li><strong>Sal\u00e1rio inicial:<\/strong> R$ 1.786,39 a R$ 11.459,81<\/li>\n\n\n\n<li><strong>Edital:<\/strong> <strong>l:<\/strong>\u00a0<a href=\"https:\/\/dhg1h5j42swfq.cloudfront.net\/2025\/08\/29164647\/sao-jose-do-ouro.pdf\" target=\"_blank\" rel=\"noreferrer noopener nofollow\">S\u00e3o Jos\u00e9 do Ouro 2025<\/a><\/li>\n<\/ul>\n\n\n\n<h3 class=\"wp-block-heading has-text-align-center\" id=\"h-quer-ficar-por-dentro-de-mais-informacoes-sobre-o-mundo-dos-concursos-alem-dos-editais-da-semana-entao-confira-as-principais-noticias-do-dia\"><em>Quer ficar por dentro de mais informa\u00e7\u00f5es sobre o mundo dos concursos, al\u00e9m dos editais da semana? Ent\u00e3o confira as principais not\u00edcias do dia!<\/em><\/h3>\n\n\n\n<p class=\"has-text-align-center has-background\" style=\"background-color:#ededed;font-size:clamp(14.642px, 0.915rem + ((1vw - 3.2px) * 0.721), 22px);px\"><strong><a href=\"https:\/\/www.estrategiaconcursos.com.br\/blog\/principais-noticias-do-dia\/\" target=\"_blank\" rel=\"noreferrer noopener\">Principais not\u00edcias do dia<\/a><\/strong><\/p>\n\n\n\n<div class=\"container\" id=\"boxes\">\r\n  <div class=\"row\">\r\n\r\n    <div class=\"col-sm\">\r\n      <div class=\"estrategia\" id=\"box-assinatura\">\r\n        <h3 class=\"titulo-assinatura\">Assinatura Concursos<\/h3>\r\n        <p class=\"subtitulo-assinatura\">Assinatura de 1 ano ou 2 anos<\/p>\r\n        <div class=\"box-botao\">\r\n          <a class=\"btn-assinatura\" target=\"_blank\" href=\"https:\/\/www.estrategiaconcursos.com.br\/assinaturas\/\" role=\"button\" rel=\"noopener noreferrer\">ASSINE AGORA<\/a>\r\n        <\/div>\r\n      <\/div><\/div><\/div><\/div>\n\n\n\n<h2 class=\"wp-block-heading has-text-align-center\" id=\"h-quer-saber-tudo-sobre-concursos-previstos-e-editais-da-semana-confira-os-nossos-artigos\">Quer saber tudo sobre concursos previstos e editais da semana?<br \/>Confira os nossos artigos!<\/h2>\n\n\n\n<ul class=\"wp-block-list\">\n<li><a href=\"https:\/\/www.estrategiaconcursos.com.br\/blog\/concursos-abertos\/\" target=\"_blank\" rel=\"noreferrer noopener\">Concursos Abertos<\/a><\/li>\n\n\n\n<li><a href=\"https:\/\/www.estrategiaconcursos.com.br\/blog\/concursos-prefeitura\/\" target=\"_blank\" rel=\"noreferrer noopener\">Concursos Abertos Prefeitura<\/a><\/li>\n\n\n\n<li><a href=\"https:\/\/www.estrategiaconcursos.com.br\/blog\/concursos-2025\/\" target=\"_blank\" rel=\"noreferrer noopener\">Concursos 2025<\/a><\/li>\n\n\n\n<li><a href=\"https:\/\/www.estrategiaconcursos.com.br\/blog\/concursos-2026\/\" target=\"_blank\" rel=\"noreferrer noopener\">Concursos 2026<\/a><\/li>\n<\/ul>\n","protected":false},"excerpt":{"rendered":"<p>A \u00faltima semana de agosto chegou oficialmente ao fim e, com ela, diversos editais finalmente alcan\u00e7aram a pra\u00e7a. Ao todo, 29 novos certames foram abertos, impulsionando o mundo dos concursos com um saldo interessante de 2.244 vagas imediatas e de cadastro reserva. Entre os destaques, inclusive, est\u00e1 o concurso para Bombeiros CE, com 130 vagas [&hellip;]<\/p>\n","protected":false},"author":2692,"featured_media":1445265,"comment_status":"open","ping_status":"closed","sticky":false,"template":"","format":"standard","meta":{"post_tipo":"news","footnotes":""},"categories":[1,220219],"tags":[],"tax_estado":[219963],"class_list":["post-1628711","post","type-post","status-publish","format-standard","has-post-thumbnail","hentry","category-cursos-e-concursos","category-noticias","tax_estado-concursos-federais"],"acf":[],"yoast_head":"<!-- This site is optimized with the Yoast SEO Premium plugin v27.2 (Yoast SEO v27.2) - https:\/\/yoast.com\/product\/yoast-seo-premium-wordpress\/ -->\n<title>Concursos P\u00fablicos: 29 editais esta semana; 2,2 mil vagas!<\/title>\n<meta name=\"description\" content=\"Concurso P\u00fablico 2025: 29 editais sa\u00edram ao longo desta semana (25 a 29\/08). Confira o n\u00famero de oportunidades, remunera\u00e7\u00e3o e datas.\" \/>\n<meta name=\"robots\" content=\"index, follow, max-snippet:-1, max-image-preview:large, max-video-preview:-1\" \/>\n<link rel=\"canonical\" href=\"https:\/\/www.estrategiaconcursos.com.br\/blog\/concurso-editais-semana-25-a-29-08\/\" \/>\n<meta property=\"og:locale\" content=\"pt_BR\" \/>\n<meta property=\"og:type\" content=\"article\" \/>\n<meta property=\"og:title\" content=\"Concursos P\u00fablicos: 29 editais esta semana; 2,2 mil vagas!\" \/>\n<meta property=\"og:description\" content=\"Concurso P\u00fablico 2025: 29 editais sa\u00edram ao longo desta semana (25 a 29\/08). Confira o n\u00famero de oportunidades, remunera\u00e7\u00e3o e datas.\" \/>\n<meta property=\"og:url\" content=\"https:\/\/www.estrategiaconcursos.com.br\/blog\/concurso-editais-semana-25-a-29-08\/\" \/>\n<meta property=\"og:site_name\" content=\"Estrat\u00e9gia Concursos\" \/>\n<meta property=\"article:published_time\" content=\"2025-08-29T21:00:00+00:00\" \/>\n<meta property=\"article:modified_time\" content=\"2025-09-26T20:28:31+00:00\" \/>\n<meta property=\"og:image\" content=\"https:\/\/dhg1h5j42swfq.cloudfront.net\/2024\/08\/14120803\/concursos-2025-1.png\" \/>\n\t<meta property=\"og:image:width\" content=\"692\" \/>\n\t<meta property=\"og:image:height\" content=\"393\" \/>\n\t<meta property=\"og:image:type\" content=\"image\/png\" \/>\n<meta name=\"author\" content=\"Ronaldo Scanavini Neto\" \/>\n<meta name=\"twitter:card\" content=\"summary_large_image\" \/>\n<meta name=\"twitter:creator\" content=\"@EstratConcursos\" \/>\n<meta name=\"twitter:site\" content=\"@EstratConcursos\" \/>\n<meta name=\"twitter:label1\" content=\"Escrito por\" \/>\n\t<meta name=\"twitter:data1\" content=\"Ronaldo Scanavini Neto\" \/>\n\t<meta name=\"twitter:label2\" content=\"Est. tempo de leitura\" \/>\n\t<meta name=\"twitter:data2\" content=\"4 minutos\" \/>\n<script type=\"application\/ld+json\" class=\"yoast-schema-graph\">{\"@context\":\"https:\/\/schema.org\",\"@graph\":[{\"@type\":\"NewsArticle\",\"@id\":\"https:\/\/www.estrategiaconcursos.com.br\/blog\/concurso-editais-semana-25-a-29-08\/#article\",\"isPartOf\":{\"@id\":\"https:\/\/www.estrategiaconcursos.com.br\/blog\/concurso-editais-semana-25-a-29-08\/\"},\"author\":{\"name\":\"Ronaldo Scanavini Neto\",\"@id\":\"https:\/\/www.estrategiaconcursos.com.br\/blog\/#\/schema\/person\/70c2ad4297aa24ff8815b08215b23a76\"},\"headline\":\"Concursos P\u00fablicos: 29 editais esta semana; 2,2 mil vagas!\",\"datePublished\":\"2025-08-29T21:00:00+00:00\",\"dateModified\":\"2025-09-26T20:28:31+00:00\",\"mainEntityOfPage\":{\"@id\":\"https:\/\/www.estrategiaconcursos.com.br\/blog\/concurso-editais-semana-25-a-29-08\/\"},\"wordCount\":852,\"commentCount\":0,\"publisher\":{\"@id\":\"https:\/\/www.estrategiaconcursos.com.br\/blog\/#organization\"},\"image\":{\"@id\":\"https:\/\/www.estrategiaconcursos.com.br\/blog\/concurso-editais-semana-25-a-29-08\/#primaryimage\"},\"thumbnailUrl\":\"https:\/\/dhg1h5j42swfq.cloudfront.net\/2024\/08\/14120803\/concursos-2025-1.png\",\"articleSection\":[\"Concursos P\u00fablicos\",\"\u00daltimas not\u00edcias\"],\"inLanguage\":\"pt-BR\",\"potentialAction\":[{\"@type\":\"CommentAction\",\"name\":\"Comment\",\"target\":[\"https:\/\/www.estrategiaconcursos.com.br\/blog\/concurso-editais-semana-25-a-29-08\/#respond\"]}],\"copyrightYear\":\"2025\",\"copyrightHolder\":{\"@id\":\"https:\/\/www.estrategiaconcursos.com.br\/blog\/#organization\"}},{\"@type\":\"WebPage\",\"@id\":\"https:\/\/www.estrategiaconcursos.com.br\/blog\/concurso-editais-semana-25-a-29-08\/\",\"url\":\"https:\/\/www.estrategiaconcursos.com.br\/blog\/concurso-editais-semana-25-a-29-08\/\",\"name\":\"Concursos P\u00fablicos: 29 editais esta semana; 2,2 mil vagas!\",\"isPartOf\":{\"@id\":\"https:\/\/www.estrategiaconcursos.com.br\/blog\/#website\"},\"primaryImageOfPage\":{\"@id\":\"https:\/\/www.estrategiaconcursos.com.br\/blog\/concurso-editais-semana-25-a-29-08\/#primaryimage\"},\"image\":{\"@id\":\"https:\/\/www.estrategiaconcursos.com.br\/blog\/concurso-editais-semana-25-a-29-08\/#primaryimage\"},\"thumbnailUrl\":\"https:\/\/dhg1h5j42swfq.cloudfront.net\/2024\/08\/14120803\/concursos-2025-1.png\",\"datePublished\":\"2025-08-29T21:00:00+00:00\",\"dateModified\":\"2025-09-26T20:28:31+00:00\",\"description\":\"Concurso P\u00fablico 2025: 29 editais sa\u00edram ao longo desta semana (25 a 29\/08). Confira o n\u00famero de oportunidades, remunera\u00e7\u00e3o e datas.\",\"breadcrumb\":{\"@id\":\"https:\/\/www.estrategiaconcursos.com.br\/blog\/concurso-editais-semana-25-a-29-08\/#breadcrumb\"},\"inLanguage\":\"pt-BR\",\"potentialAction\":[{\"@type\":\"ReadAction\",\"target\":[\"https:\/\/www.estrategiaconcursos.com.br\/blog\/concurso-editais-semana-25-a-29-08\/\"]}]},{\"@type\":\"ImageObject\",\"inLanguage\":\"pt-BR\",\"@id\":\"https:\/\/www.estrategiaconcursos.com.br\/blog\/concurso-editais-semana-25-a-29-08\/#primaryimage\",\"url\":\"https:\/\/dhg1h5j42swfq.cloudfront.net\/2024\/08\/14120803\/concursos-2025-1.png\",\"contentUrl\":\"https:\/\/dhg1h5j42swfq.cloudfront.net\/2024\/08\/14120803\/concursos-2025-1.png\",\"width\":692,\"height\":393,\"caption\":\"concursos 2025\"},{\"@type\":\"BreadcrumbList\",\"@id\":\"https:\/\/www.estrategiaconcursos.com.br\/blog\/concurso-editais-semana-25-a-29-08\/#breadcrumb\",\"itemListElement\":[{\"@type\":\"ListItem\",\"position\":1,\"name\":\"In\u00edcio\",\"item\":\"https:\/\/www.estrategiaconcursos.com.br\/blog\/\"},{\"@type\":\"ListItem\",\"position\":2,\"name\":\"Concursos P\u00fablicos: 29 editais esta semana; 2,2 mil vagas!\"}]},{\"@type\":\"WebSite\",\"@id\":\"https:\/\/www.estrategiaconcursos.com.br\/blog\/#website\",\"url\":\"https:\/\/www.estrategiaconcursos.com.br\/blog\/\",\"name\":\"Estrat\u00e9gia Concursos\",\"description\":\"O blog da Estrat\u00e9gia Concursos traz not\u00edcias sobre concursos e artigos de professores oferecendo cursos para concursos (pdf + videaulas) no site.\",\"publisher\":{\"@id\":\"https:\/\/www.estrategiaconcursos.com.br\/blog\/#organization\"},\"potentialAction\":[{\"@type\":\"SearchAction\",\"target\":{\"@type\":\"EntryPoint\",\"urlTemplate\":\"https:\/\/www.estrategiaconcursos.com.br\/blog\/?s={search_term_string}\"},\"query-input\":{\"@type\":\"PropertyValueSpecification\",\"valueRequired\":true,\"valueName\":\"search_term_string\"}}],\"inLanguage\":\"pt-BR\"},{\"@type\":\"Organization\",\"@id\":\"https:\/\/www.estrategiaconcursos.com.br\/blog\/#organization\",\"name\":\"Estrat\u00e9gia Concursos\",\"url\":\"https:\/\/www.estrategiaconcursos.com.br\/blog\/\",\"logo\":{\"@type\":\"ImageObject\",\"inLanguage\":\"pt-BR\",\"@id\":\"https:\/\/www.estrategiaconcursos.com.br\/blog\/#\/schema\/logo\/image\/\",\"url\":\"https:\/\/dhg1h5j42swfq.cloudfront.net\/2025\/06\/03203428\/logo_concursos-1.jpg\",\"contentUrl\":\"https:\/\/dhg1h5j42swfq.cloudfront.net\/2025\/06\/03203428\/logo_concursos-1.jpg\",\"width\":230,\"height\":60,\"caption\":\"Estrat\u00e9gia Concursos\"},\"image\":{\"@id\":\"https:\/\/www.estrategiaconcursos.com.br\/blog\/#\/schema\/logo\/image\/\"},\"sameAs\":[\"https:\/\/x.com\/EstratConcursos\"]},{\"@type\":\"Person\",\"@id\":\"https:\/\/www.estrategiaconcursos.com.br\/blog\/#\/schema\/person\/70c2ad4297aa24ff8815b08215b23a76\",\"name\":\"Ronaldo Scanavini Neto\",\"image\":{\"@type\":\"ImageObject\",\"inLanguage\":\"pt-BR\",\"@id\":\"https:\/\/secure.gravatar.com\/avatar\/f93d8e56fe264596e94aee6b3feb737d98ad0fc5bac7eb0a245f04723c5c8f21?s=96&d=mm&r=g\",\"url\":\"https:\/\/secure.gravatar.com\/avatar\/f93d8e56fe264596e94aee6b3feb737d98ad0fc5bac7eb0a245f04723c5c8f21?s=96&d=mm&r=g\",\"contentUrl\":\"https:\/\/secure.gravatar.com\/avatar\/f93d8e56fe264596e94aee6b3feb737d98ad0fc5bac7eb0a245f04723c5c8f21?s=96&d=mm&r=g\",\"caption\":\"Ronaldo Scanavini Neto\"},\"description\":\"Graduando em Comunica\u00e7\u00e3o Social \u2013 Jornalismo pela Universidade Federal de Vi\u00e7osa (UFV). Integra a equipe de jornalismo do Estrat\u00e9gia Concursos desde 2023, atuando com \u00eanfase na cobertura da \u00e1rea fiscal. Tamb\u00e9m realiza a apura\u00e7\u00e3o e produ\u00e7\u00e3o de not\u00edcias sobre concursos federais, \u00f3rg\u00e3os participantes do CNU e das \u00e1reas de controle, gest\u00e3o, engenharia, Exame CFC, comunica\u00e7\u00e3o social TI e \u00e1rea de concursos administrativos.\",\"url\":\"https:\/\/www.estrategiaconcursos.com.br\/blog\/author\/ronaldo-netoestrategia-com\/\"}]}<\/script>\n<!-- \/ Yoast SEO Premium plugin. -->","yoast_head_json":{"title":"Concursos P\u00fablicos: 29 editais esta semana; 2,2 mil vagas!","description":"Concurso P\u00fablico 2025: 29 editais sa\u00edram ao longo desta semana (25 a 29\/08). Confira o n\u00famero de oportunidades, remunera\u00e7\u00e3o e datas.","robots":{"index":"index","follow":"follow","max-snippet":"max-snippet:-1","max-image-preview":"max-image-preview:large","max-video-preview":"max-video-preview:-1"},"canonical":"https:\/\/www.estrategiaconcursos.com.br\/blog\/concurso-editais-semana-25-a-29-08\/","og_locale":"pt_BR","og_type":"article","og_title":"Concursos P\u00fablicos: 29 editais esta semana; 2,2 mil vagas!","og_description":"Concurso P\u00fablico 2025: 29 editais sa\u00edram ao longo desta semana (25 a 29\/08). Confira o n\u00famero de oportunidades, remunera\u00e7\u00e3o e datas.","og_url":"https:\/\/www.estrategiaconcursos.com.br\/blog\/concurso-editais-semana-25-a-29-08\/","og_site_name":"Estrat\u00e9gia Concursos","article_published_time":"2025-08-29T21:00:00+00:00","article_modified_time":"2025-09-26T20:28:31+00:00","og_image":[{"width":692,"height":393,"url":"https:\/\/dhg1h5j42swfq.cloudfront.net\/2024\/08\/14120803\/concursos-2025-1.png","type":"image\/png"}],"author":"Ronaldo Scanavini Neto","twitter_card":"summary_large_image","twitter_creator":"@EstratConcursos","twitter_site":"@EstratConcursos","twitter_misc":{"Escrito por":"Ronaldo Scanavini Neto","Est. tempo de leitura":"4 minutos"},"schema":{"@context":"https:\/\/schema.org","@graph":[{"@type":"NewsArticle","@id":"https:\/\/www.estrategiaconcursos.com.br\/blog\/concurso-editais-semana-25-a-29-08\/#article","isPartOf":{"@id":"https:\/\/www.estrategiaconcursos.com.br\/blog\/concurso-editais-semana-25-a-29-08\/"},"author":{"name":"Ronaldo Scanavini Neto","@id":"https:\/\/www.estrategiaconcursos.com.br\/blog\/#\/schema\/person\/70c2ad4297aa24ff8815b08215b23a76"},"headline":"Concursos P\u00fablicos: 29 editais esta semana; 2,2 mil vagas!","datePublished":"2025-08-29T21:00:00+00:00","dateModified":"2025-09-26T20:28:31+00:00","mainEntityOfPage":{"@id":"https:\/\/www.estrategiaconcursos.com.br\/blog\/concurso-editais-semana-25-a-29-08\/"},"wordCount":852,"commentCount":0,"publisher":{"@id":"https:\/\/www.estrategiaconcursos.com.br\/blog\/#organization"},"image":{"@id":"https:\/\/www.estrategiaconcursos.com.br\/blog\/concurso-editais-semana-25-a-29-08\/#primaryimage"},"thumbnailUrl":"https:\/\/dhg1h5j42swfq.cloudfront.net\/2024\/08\/14120803\/concursos-2025-1.png","articleSection":["Concursos P\u00fablicos","\u00daltimas not\u00edcias"],"inLanguage":"pt-BR","potentialAction":[{"@type":"CommentAction","name":"Comment","target":["https:\/\/www.estrategiaconcursos.com.br\/blog\/concurso-editais-semana-25-a-29-08\/#respond"]}],"copyrightYear":"2025","copyrightHolder":{"@id":"https:\/\/www.estrategiaconcursos.com.br\/blog\/#organization"}},{"@type":"WebPage","@id":"https:\/\/www.estrategiaconcursos.com.br\/blog\/concurso-editais-semana-25-a-29-08\/","url":"https:\/\/www.estrategiaconcursos.com.br\/blog\/concurso-editais-semana-25-a-29-08\/","name":"Concursos P\u00fablicos: 29 editais esta semana; 2,2 mil vagas!","isPartOf":{"@id":"https:\/\/www.estrategiaconcursos.com.br\/blog\/#website"},"primaryImageOfPage":{"@id":"https:\/\/www.estrategiaconcursos.com.br\/blog\/concurso-editais-semana-25-a-29-08\/#primaryimage"},"image":{"@id":"https:\/\/www.estrategiaconcursos.com.br\/blog\/concurso-editais-semana-25-a-29-08\/#primaryimage"},"thumbnailUrl":"https:\/\/dhg1h5j42swfq.cloudfront.net\/2024\/08\/14120803\/concursos-2025-1.png","datePublished":"2025-08-29T21:00:00+00:00","dateModified":"2025-09-26T20:28:31+00:00","description":"Concurso P\u00fablico 2025: 29 editais sa\u00edram ao longo desta semana (25 a 29\/08). Confira o n\u00famero de oportunidades, remunera\u00e7\u00e3o e datas.","breadcrumb":{"@id":"https:\/\/www.estrategiaconcursos.com.br\/blog\/concurso-editais-semana-25-a-29-08\/#breadcrumb"},"inLanguage":"pt-BR","potentialAction":[{"@type":"ReadAction","target":["https:\/\/www.estrategiaconcursos.com.br\/blog\/concurso-editais-semana-25-a-29-08\/"]}]},{"@type":"ImageObject","inLanguage":"pt-BR","@id":"https:\/\/www.estrategiaconcursos.com.br\/blog\/concurso-editais-semana-25-a-29-08\/#primaryimage","url":"https:\/\/dhg1h5j42swfq.cloudfront.net\/2024\/08\/14120803\/concursos-2025-1.png","contentUrl":"https:\/\/dhg1h5j42swfq.cloudfront.net\/2024\/08\/14120803\/concursos-2025-1.png","width":692,"height":393,"caption":"concursos 2025"},{"@type":"BreadcrumbList","@id":"https:\/\/www.estrategiaconcursos.com.br\/blog\/concurso-editais-semana-25-a-29-08\/#breadcrumb","itemListElement":[{"@type":"ListItem","position":1,"name":"In\u00edcio","item":"https:\/\/www.estrategiaconcursos.com.br\/blog\/"},{"@type":"ListItem","position":2,"name":"Concursos P\u00fablicos: 29 editais esta semana; 2,2 mil vagas!"}]},{"@type":"WebSite","@id":"https:\/\/www.estrategiaconcursos.com.br\/blog\/#website","url":"https:\/\/www.estrategiaconcursos.com.br\/blog\/","name":"Estrat\u00e9gia Concursos","description":"O blog da Estrat\u00e9gia Concursos traz not\u00edcias sobre concursos e artigos de professores oferecendo cursos para concursos (pdf + videaulas) no site.","publisher":{"@id":"https:\/\/www.estrategiaconcursos.com.br\/blog\/#organization"},"potentialAction":[{"@type":"SearchAction","target":{"@type":"EntryPoint","urlTemplate":"https:\/\/www.estrategiaconcursos.com.br\/blog\/?s={search_term_string}"},"query-input":{"@type":"PropertyValueSpecification","valueRequired":true,"valueName":"search_term_string"}}],"inLanguage":"pt-BR"},{"@type":"Organization","@id":"https:\/\/www.estrategiaconcursos.com.br\/blog\/#organization","name":"Estrat\u00e9gia Concursos","url":"https:\/\/www.estrategiaconcursos.com.br\/blog\/","logo":{"@type":"ImageObject","inLanguage":"pt-BR","@id":"https:\/\/www.estrategiaconcursos.com.br\/blog\/#\/schema\/logo\/image\/","url":"https:\/\/dhg1h5j42swfq.cloudfront.net\/2025\/06\/03203428\/logo_concursos-1.jpg","contentUrl":"https:\/\/dhg1h5j42swfq.cloudfront.net\/2025\/06\/03203428\/logo_concursos-1.jpg","width":230,"height":60,"caption":"Estrat\u00e9gia Concursos"},"image":{"@id":"https:\/\/www.estrategiaconcursos.com.br\/blog\/#\/schema\/logo\/image\/"},"sameAs":["https:\/\/x.com\/EstratConcursos"]},{"@type":"Person","@id":"https:\/\/www.estrategiaconcursos.com.br\/blog\/#\/schema\/person\/70c2ad4297aa24ff8815b08215b23a76","name":"Ronaldo Scanavini Neto","image":{"@type":"ImageObject","inLanguage":"pt-BR","@id":"https:\/\/secure.gravatar.com\/avatar\/f93d8e56fe264596e94aee6b3feb737d98ad0fc5bac7eb0a245f04723c5c8f21?s=96&d=mm&r=g","url":"https:\/\/secure.gravatar.com\/avatar\/f93d8e56fe264596e94aee6b3feb737d98ad0fc5bac7eb0a245f04723c5c8f21?s=96&d=mm&r=g","contentUrl":"https:\/\/secure.gravatar.com\/avatar\/f93d8e56fe264596e94aee6b3feb737d98ad0fc5bac7eb0a245f04723c5c8f21?s=96&d=mm&r=g","caption":"Ronaldo Scanavini Neto"},"description":"Graduando em Comunica\u00e7\u00e3o Social \u2013 Jornalismo pela Universidade Federal de Vi\u00e7osa (UFV). Integra a equipe de jornalismo do Estrat\u00e9gia Concursos desde 2023, atuando com \u00eanfase na cobertura da \u00e1rea fiscal. Tamb\u00e9m realiza a apura\u00e7\u00e3o e produ\u00e7\u00e3o de not\u00edcias sobre concursos federais, \u00f3rg\u00e3os participantes do CNU e das \u00e1reas de controle, gest\u00e3o, engenharia, Exame CFC, comunica\u00e7\u00e3o social TI e \u00e1rea de concursos administrativos.","url":"https:\/\/www.estrategiaconcursos.com.br\/blog\/author\/ronaldo-netoestrategia-com\/"}]}},"_links":{"self":[{"href":"https:\/\/www.estrategiaconcursos.com.br\/blog\/wp-json\/wp\/v2\/posts\/1628711","targetHints":{"allow":["GET"]}}],"collection":[{"href":"https:\/\/www.estrategiaconcursos.com.br\/blog\/wp-json\/wp\/v2\/posts"}],"about":[{"href":"https:\/\/www.estrategiaconcursos.com.br\/blog\/wp-json\/wp\/v2\/types\/post"}],"author":[{"embeddable":true,"href":"https:\/\/www.estrategiaconcursos.com.br\/blog\/wp-json\/wp\/v2\/users\/2692"}],"replies":[{"embeddable":true,"href":"https:\/\/www.estrategiaconcursos.com.br\/blog\/wp-json\/wp\/v2\/comments?post=1628711"}],"version-history":[{"count":7,"href":"https:\/\/www.estrategiaconcursos.com.br\/blog\/wp-json\/wp\/v2\/posts\/1628711\/revisions"}],"predecessor-version":[{"id":1631173,"href":"https:\/\/www.estrategiaconcursos.com.br\/blog\/wp-json\/wp\/v2\/posts\/1628711\/revisions\/1631173"}],"wp:featuredmedia":[{"embeddable":true,"href":"https:\/\/www.estrategiaconcursos.com.br\/blog\/wp-json\/wp\/v2\/media\/1445265"}],"wp:attachment":[{"href":"https:\/\/www.estrategiaconcursos.com.br\/blog\/wp-json\/wp\/v2\/media?parent=1628711"}],"wp:term":[{"taxonomy":"category","embeddable":true,"href":"https:\/\/www.estrategiaconcursos.com.br\/blog\/wp-json\/wp\/v2\/categories?post=1628711"},{"taxonomy":"post_tag","embeddable":true,"href":"https:\/\/www.estrategiaconcursos.com.br\/blog\/wp-json\/wp\/v2\/tags?post=1628711"},{"taxonomy":"tax_estado","embeddable":true,"href":"https:\/\/www.estrategiaconcursos.com.br\/blog\/wp-json\/wp\/v2\/tax_estado?post=1628711"}],"curies":[{"name":"wp","href":"https:\/\/api.w.org\/{rel}","templated":true}]}}