{"id":162870,"date":"2026-04-01T19:18:17","date_gmt":"2026-04-01T22:18:17","guid":{"rendered":"https:\/\/www.estrategiaconcursos.com.br\/blog\/?p=162870"},"modified":"2026-04-01T19:18:34","modified_gmt":"2026-04-01T22:18:34","slug":"concurso-detran-df","status":"publish","type":"post","link":"https:\/\/www.estrategiaconcursos.com.br\/blog\/concurso-detran-df\/","title":{"rendered":"Concurso Detran DF: edital anunciado com 182 vagas!"},"content":{"rendered":"\n<p style=\"font-size:clamp(14.642px, 0.915rem + ((1vw - 3.2px) * 0.721), 22px);\"><strong><em>Novo edital ofertar\u00e1 182 vagas para Agente de Tr\u00e2nsito. Concurso para Especialista do Detran DF tamb\u00e9m segue previsto!<\/em><\/strong><\/p>\n\n\n\n<div style=\"height:24px\" aria-hidden=\"true\" class=\"wp-block-spacer\"><\/div>\n\n\n\n<hr class=\"wp-block-separator has-alpha-channel-opacity\"\/>\n\n\n<p><center><a id=\"cta-icon\" href=\"https:\/\/sndflw.com\/i\/detran-df-grupo\" target=\"_blank\" style=\"background:#29a61a; display:inline-flex; align-items:center; padding:10px 15px; border-radius:6px; color:#fff; text-decoration:none; font-weight:500; font-size:15px;\"><img decoding=\"async\" src=\"https:\/\/dhg1h5j42swfq.cloudfront.net\/2023\/12\/07154107\/whatsapp_13851.png\" alt=\"\" style=\"width:20px; height:20px; margin-right:8px;\"><span>Acesse agora o Grupo de Estudos para o Concurso Detran DF<\/span><\/a><\/center><\/p>\n\n\n\n<div style=\"height:38px\" aria-hidden=\"true\" class=\"wp-block-spacer\"><\/div>\n\n\n\n<p>Foi divulgado o aviso de que o pr\u00f3ximo edital do <strong>concurso Detran DF<\/strong> (<a href=\"https:\/\/www.estrategiaconcursos.com.br\/cursosPorConcurso\/detran-df-5\/\" target=\"_blank\" rel=\"noreferrer noopener\">Departamento de Tr\u00e2nsito do Distrito Federal<\/a>) ofertar\u00e1 182 vagas para o cargo de Agente de Tr\u00e2nsito. O documento foi publicado no Di\u00e1rio Oficial do Distrito Federal.<\/p>\n\n\n\n<p>Al\u00e9m disso, o Estrat\u00e9gia Concursos teve acesso a um <strong>despacho que confirma a <a href=\"https:\/\/www.estrategiaconcursos.com.br\/blog\/detran-df-instrucao-realizacao-concurso\/\" target=\"_blank\" rel=\"noreferrer noopener\">solicita\u00e7\u00e3o de instru\u00e7\u00e3o processual para a realiza\u00e7\u00e3o do pr\u00f3ximo certame do Detran Distrito Federal<\/a>.<\/strong><\/p>\n\n\n\n<p>Vale lembrar que, desde 2024, est\u00e1 previsto o provimento de <strong>645 oportunidades<\/strong>, entre autorizadas e nomea\u00e7\u00f5es. Para provimento, as vagas se dividem da seguinte maneira:<\/p>\n\n\n\n<ul class=\"wp-block-list\">\n<li>Agente de Tr\u00e2nsito (35 vagas + 152 nomea\u00e7\u00f5es);<\/li>\n\n\n\n<li>Analista em Atividades de Tr\u00e2nsito (25 vagas + 196 nomea\u00e7\u00f5es);<\/li>\n\n\n\n<li>Especialista em Atividades de Tr\u00e2nsito (27 nomea\u00e7\u00f5es); e<\/li>\n\n\n\n<li>T\u00e9cnico em Atividades de Tr\u00e2nsito (40 vagas + 240 nomea\u00e7\u00f5es).<\/li>\n<\/ul>\n\n\n\n<p>Os resultados finais do \u00faltimo certame do Departamento de Tr\u00e2nsito do Distrito Federal foram <a href=\"https:\/\/dhg1h5j42swfq.cloudfront.net\/2023\/04\/11163856\/homologacao-detran-df.pdf\" target=\"_blank\" rel=\"noreferrer noopener nofollow\">homologados<\/a>. Inclusive, a validade do certame foi <a href=\"https:\/\/dhg1h5j42swfq.cloudfront.net\/2025\/02\/07104839\/image-20250307-121125.png\" target=\"_blank\" rel=\"noreferrer noopener nofollow\">prorrogada e ficar\u00e1 v\u00e1lida at\u00e9 abril de 2027<\/a>.<\/p>\n\n\n\n<p>Ao todo, foram <strong>ofertadas 366 vagas<\/strong>, distribu\u00eddas entre os cargos de Analista em Atividades de Tr\u00e2nsito e T\u00e9cnico em Atividades de Tr\u00e2nsito, sendo 123 imediatas e 243 em cadastro reserva. Os sal\u00e1rios variaram de R$ 4.650,00 a R$ 6.437,50.<\/p>\n\n\n\n<p>\u00c9 importante frisar que a C\u00e2mara Legislativa do Distrito Federal (CLDF) <a href=\"https:\/\/www.estrategiaconcursos.com.br\/blog\/concurso-detran-df-cldf-salarial\" target=\"_blank\" rel=\"noreferrer noopener\">aprovou um projeto de lei<\/a> que promove a reestrutura\u00e7\u00e3o salarial dos servidores do \u00f3rg\u00e3o. O texto agora segue para san\u00e7\u00e3o do Executivo.<\/p>\n\n\n\n<ul class=\"wp-block-list has-very-light-gray-to-cyan-bluish-gray-gradient-background has-background\">\n<li><strong>Concurso Detran DF<\/strong><\/li>\n\n\n\n<li><strong>Situa\u00e7\u00e3o<\/strong>: anunciado | previsto (Especialista)<\/li>\n\n\n\n<li><strong>Vagas<\/strong>: 182 (Agente de Tr\u00e2nsito) <\/li>\n\n\n\n<li><strong style=\"color: initial;\">Sal\u00e1rio inicial<\/strong><span style=\"color: initial;\">: R$ 4.650,00 a R$ 6.437,5<\/span>0 [\u00faltimo edital]<\/li>\n\n\n\n<li><strong>\u00daltimo edital:<\/strong>&nbsp;<a href=\"https:\/\/dhg1h5j42swfq.cloudfront.net\/2022\/09\/09064406\/edital_detran-df-1.pdf\" target=\"_blank\" rel=\"noreferrer noopener nofollow\">Detran DF-2022<\/a><\/li>\n<\/ul>\n\n\n\n<p>Outra sele\u00e7\u00e3o do \u00f3rg\u00e3o \u00e9 prevista para este ano, com vagas para a fun\u00e7\u00e3o de Especialista, com exig\u00eancia de n\u00edvel superior. Al\u00e9m disso, a LDO DF 2026 prev\u00ea 100 vagas em nomea\u00e7\u00f5es para a&nbsp;Carreira Atividades de Tr\u00e2nsito.<\/p>\n\n\n\n<p id=\"indice\">Confira todas as informa\u00e7\u00f5es e novidades acerca do concurso do Departamento de Tr\u00e2nsito do Distrito Federal. Acompanhe os t\u00f3picos abaixo e n\u00e3o perca nenhum detalhe:<\/p>\n\n\n\n<ul id=\"indice\" class=\"wp-block-list\">\n<li><a href=\"#outros-concursos-previstos\"><span style=\"text-decoration: underline;\">Situa\u00e7\u00e3o atual do concurso<\/span><\/a>\n<ul class=\"wp-block-list\">\n<li><a href=\"#ldo-df-2026\">LDO DF 2026<\/a><\/li>\n\n\n\n<li><a href=\"#edital-previsto\">Previs\u00e3o para Especialista e Agente<\/a><\/li>\n\n\n\n<li><a href=\"#novos-concursos-df\">Novos concursos no Distrito Federal<span style=\"color: initial;\"> <\/span><\/a><\/li>\n<\/ul>\n<\/li>\n\n\n\n<li><a href=\"#cargos\">Sobre os cargos<\/a>\n<ul class=\"wp-block-list\">\n<li><a href=\"#nomenclatura\">Nomenclatura<\/a><\/li>\n\n\n\n<li><a href=\"#remuneracao\"><span style=\"text-decoration: underline;\">Remunera\u00e7\u00e3o<\/span><\/a><\/li>\n\n\n\n<li><a href=\"#atribuicoes\">Atribui\u00e7\u00f5es<\/a><\/li>\n<\/ul>\n<\/li>\n\n\n\n<li><a href=\"#ultimos-concursos\">\u00daltimos concursos<\/a>\n<ul class=\"wp-block-list\">\n<li><a href=\"#edital-2022\">Concurso 2022 (Analista e T\u00e9cnico)<\/a><\/li>\n\n\n\n<li><a href=\"#concurso-2011\">Concurso 2011 (Agente)<\/a><\/li>\n\n\n\n<li><a href=\"#concurso-2010\">Concurso 2010 (Assistente)<\/a><\/li>\n\n\n\n<li><a href=\"#concurso-2008\">Concurso 2008 (T\u00e9cnico e Analista)<\/a><\/li>\n<\/ul>\n<\/li>\n\n\n\n<li><a href=\"#estudos\">Materiais de estudos<\/a><\/li>\n\n\n\n<li><a href=\"#cursos-assinatura\"><span style=\"text-decoration: underline;\">Cursos e Assinatura<\/span><\/a><\/li>\n\n\n\n<li><a href=\"#ficha-tecnica\"><span style=\"text-decoration: underline;\">Ficha T\u00e9cnica<\/span><\/a><\/li>\n<\/ul>\n\n\n\n<div id=\"boxes\" class=\"container\">\n<div class=\"row\">\n<div class=\"col-sm\">\n<div id=\"box-assinatura\" class=\"banner-detran\">\n<h2 class=\"titulo-assinatura\">Concurso Detran DF<\/h2>\n<p class=\"subtitulo-assinatura\">Trilhe o caminho da aprova\u00e7\u00e3o no DETRAN DF!<\/p>\n<div class=\"box-botao\"><a class=\"btn-assinatura\" role=\"button\" href=\"https:\/\/www.estrategiaconcursos.com.br\/cursosPorConcurso\/detran-df-5\/\" target=\"_blank\" rel=\"noopener noreferrer\">COMECE J\u00c1<\/a><\/div>\n<\/div>\n\n<\/div>\n<\/div>\n<\/div>\n\n\n\n<h2 class=\"wp-block-heading has-cyan-bluish-gray-background-color has-background\" id=\"edital-publicado\">Concurso Detran DF: situa\u00e7\u00e3o atual<\/h2>\n\n\n\n<h3 class=\"wp-block-heading\" id=\"ldo-df-2026\">LDO DF 2026<\/h3>\n\n\n\n<p>Foi divulgada a&nbsp;Lei de Diretrizes Or\u00e7ament\u00e1rias para o exerc\u00edcio financeiro de 2026 do Distrito Federal! Segundo o documento, s\u00e3o&nbsp;<strong>previstas mais de 65 mil vagas<\/strong>, com nomea\u00e7\u00f5es para o Detran:<\/p>\n\n\n\n<ul class=\"wp-block-list\">\n<li><strong>100 vagas<\/strong>&nbsp;\u2013 Carreira Atividades de Tr\u00e2nsito<\/li>\n<\/ul>\n\n\n\n<p class=\"has-text-align-center has-very-light-gray-to-cyan-bluish-gray-gradient-background has-background\"><strong>Veja o <\/strong><a href=\"https:\/\/dhg1h5j42swfq.cloudfront.net\/2025\/08\/11085424\/anexo-iv-ldo-2026-df.pdf\" target=\"_blank\" rel=\"noreferrer noopener\"><strong>Anexo IV com as autoriza\u00e7\u00f5es de provimentos da LDO 2026 DF<\/strong><\/a><\/p>\n\n\n\n<h3 class=\"wp-block-heading\" id=\"edital-previsto\">Edital previsto para Especialista e Agente<\/h3>\n\n\n\n<p>O Departamento de Tr\u00e2nsito do Distrito Federal&nbsp;realizar\u00e1 concurso para <a href=\"https:\/\/www.estrategiaconcursos.com.br\/curso\/detran-df-especialista-de-transito-direito-e-legislacao-pacote-2022-pre-edital\/\" target=\"_blank\" rel=\"noreferrer noopener\">Especialista de Tr\u00e2nsito<\/a> e <a href=\"https:\/\/www.estrategiaconcursos.com.br\/curso\/detran-df-agente-de-transito-pacote-2022-pre-edital\/\" target=\"_blank\" rel=\"noreferrer noopener\">Agente de Tr\u00e2nsito<\/a> (ambos de n\u00edvel superior).<\/p>\n\n\n\n<p>Para a fun\u00e7\u00e3o de Agente de Tr\u00e2nsito est\u00e3o previstas 182 vagas, de acordo com comunicado publicado no Di\u00e1rio Oficial. Veja abaixo!<\/p>\n\n\n\n<figure class=\"wp-block-image aligncenter size-full\"><img loading=\"lazy\" decoding=\"async\" width=\"1024\" height=\"253\" src=\"https:\/\/dhg1h5j42swfq.cloudfront.net\/2024\/01\/26112822\/image-657.png\" alt=\"Concurso Detran DF ter\u00e1 182 vagas para Agente de Tr\u00e2nsito\" class=\"wp-image-1341546\" srcset=\"https:\/\/dhg1h5j42swfq.cloudfront.net\/2024\/01\/26112822\/image-657.png 1024w, https:\/\/dhg1h5j42swfq.cloudfront.net\/2024\/01\/26112822\/image-657-300x74.png 300w, https:\/\/dhg1h5j42swfq.cloudfront.net\/2024\/01\/26112822\/image-657-768x190.png 768w, https:\/\/dhg1h5j42swfq.cloudfront.net\/2024\/01\/26112822\/image-657-610x151.png 610w, https:\/\/dhg1h5j42swfq.cloudfront.net\/2024\/01\/26112822\/image-657-150x37.png 150w\" sizes=\"auto, (max-width: 1024px) 100vw, 1024px\" \/><figcaption class=\"wp-element-caption\">Concurso Detran DF ter\u00e1 182 vagas para Agente de Tr\u00e2nsito<\/figcaption><\/figure>\n\n\n\n<p>As oportunidades para Especialista ser\u00e3o distribu\u00eddas em diferentes \u00e1reas, tais como: Engenharia, Contabilidade, Administra\u00e7\u00e3o, Direito e T.I. <\/p>\n\n\n\n<h3 class=\"wp-block-heading has-pale-cyan-blue-background-color has-background has-base-background-color\" id=\"h-novos-concursos-no-distrito-federal\">Novos concursos no Distrito Federal<\/h3>\n\n\n\n<p>Alguns <a href=\"https:\/\/www.estrategiaconcursos.com.br\/blog\/concurso-df\/\" target=\"_blank\" rel=\"noopener\">concursos no Distrito Federal<\/a> receberam autoriza\u00e7\u00f5es. Entre eles, est\u00e1 o concurso do Departamento de Tr\u00e2nsito do Distrito Federal. Por\u00e9m, a realiza\u00e7\u00e3o do concurso, est\u00e1 condicionada \u00e0:<\/p>\n\n\n\n<ul class=\"wp-block-list\">\n<li>exist\u00eancia de vagas no cargo no qual se dar\u00e1 o provimento;<\/li>\n\n\n\n<li>ocorr\u00eancia de vac\u00e2ncias que justifiquem suas correspondentes reposi\u00e7\u00f5es, at\u00e9 o t\u00e9rmino do per\u00edodo de restri\u00e7\u00e3o imposto pelo art. 8\u00ba da Lei Complementar n\u00ba 173\/2020; e<\/li>\n\n\n\n<li>adequa\u00e7\u00e3o or\u00e7ament\u00e1ria e financeira da nova despesa \u00e0 Lei Or\u00e7ament\u00e1ria Anual e sua compatibilidade com a Lei de Diretrizes Or\u00e7ament\u00e1rias.<\/li>\n<\/ul>\n\n\n\n<ul class=\"wp-block-list\">\n<li><strong><a href=\"https:\/\/dhg1h5j42swfq.cloudfront.net\/2021\/03\/08073748\/df-autorizaccca7acc83o.pdf\" target=\"_blank\" rel=\"noreferrer noopener nofollow\">Portaria de autoriza\u00e7\u00e3o<\/a><\/strong><\/li>\n<\/ul>\n\n\n\n<h2 class=\"wp-block-heading has-cyan-bluish-gray-background-color has-background\" id=\"cargos\">Concurso Detran DF: cargos<\/h2>\n\n\n\n<h3 class=\"wp-block-heading\" id=\"nomenclatura\">Nomenclatura<\/h3>\n\n\n\n<p>Tr\u00eas cargos do <strong>Detran DF<\/strong> tiveram nomenclatura alterada. Confira abaixo:<\/p>\n\n\n\n<p><span style=\"text-decoration: underline;\">Analista de Tr\u00e2nsito<\/span> agora se chama <strong>Especialista em Atividades de Tr\u00e2nsito<\/strong>, <span style=\"text-decoration: underline;\">Assistente de Tr\u00e2nsito<\/span> passar\u00e1 a ser <strong>Analista em Atividades de Tr\u00e2nsito<\/strong> e <span style=\"text-decoration: underline;\">T\u00e9cnico de Tr\u00e2nsito<\/span> torna-se <strong>T\u00e9cnico em Atividades de Tr\u00e2nsito<\/strong>.<\/p>\n\n\n\n<p>Na exposi\u00e7\u00e3o de motivos que acompanhou a proposta, a dire\u00e7\u00e3o-geral do Detran relatou que a altera\u00e7\u00e3o exclui as desigualdades e ajusta as necessidades da carreira, com intuito de t\u00ea-la padronizada.<\/p>\n\n\n\n<p>Al\u00e9m disso, ressaltou que a reformula\u00e7\u00e3o aponta para forma\u00e7\u00e3o de servidores mais qualificados, com atribui\u00e7\u00f5es espec\u00edficas de implementa\u00e7\u00e3o, refor\u00e7ando o desenvolvimento e controle de pol\u00edticas p\u00fablicas de tr\u00e2nsito.<\/p>\n\n\n\n<h3 class=\"wp-block-heading\" id=\"remuneracao\">Remunera\u00e7\u00e3o<\/h3>\n\n\n\n<p>De acordo com as tabelas mais atualizadas, dispon\u00edveis no Portal da Transpar\u00eancia, a remunera\u00e7\u00e3o inicial varia entre <strong>R$ 4.420,00 e R$ 8.190,00<\/strong>, de acordo com o cargo\/escolaridade. Chegamos nessa remunera\u00e7\u00e3o somando o vencimento b\u00e1sico \u00e0 gratifica\u00e7\u00e3o de 30%.<\/p>\n\n\n\n<ul class=\"wp-block-list\">\n<li><strong>T\u00e9cnico de Tr\u00e2nsito:<\/strong>\n<ul class=\"wp-block-list\">\n<li><em>Inicial: <\/em>R$ 4.420,00<\/li>\n\n\n\n<li><em>Final: <\/em>R$ 5.933,54<\/li>\n<\/ul>\n<\/li>\n<\/ul>\n\n\n\n<ul class=\"wp-block-list\">\n<li><strong>Assistente de Tr\u00e2nsito:<\/strong>\n<ul class=\"wp-block-list\">\n<li><em>Inicial: <\/em>R$ 6.006,00<\/li>\n\n\n\n<li><em>Final: <\/em>R$ 8.238,80<\/li>\n<\/ul>\n<\/li>\n<\/ul>\n\n\n\n<ul class=\"wp-block-list\">\n<li><strong>Agente de Tr\u00e2nsito:<\/strong>\n<ul class=\"wp-block-list\">\n<li><em>Inicial: <\/em>R$ 6.792,50<\/li>\n\n\n\n<li><em>Final: <\/em>R$ 9.091,84<\/li>\n<\/ul>\n<\/li>\n<\/ul>\n\n\n\n<ul class=\"wp-block-list\">\n<li><strong>Analista de Tr\u00e2nsito:<\/strong>\n<ul class=\"wp-block-list\">\n<li><em>Inicial: <\/em>R$ 8.190,00<\/li>\n\n\n\n<li><em>Final: <\/em>R$ 10.876,20<\/li>\n<\/ul>\n<\/li>\n<\/ul>\n\n\n\n<h3 class=\"wp-block-heading\" id=\"atribuicoes\">Atribui\u00e7\u00f5es dos cargos do Detran DF<\/h3>\n\n\n\n<h4 class=\"wp-block-heading\" id=\"agente-de-transito\">Agente de Tr\u00e2nsito<\/h4>\n\n\n\n<ul class=\"wp-block-list\">\n<li>Planejar, coordenar, controlar, avaliar e executar atividades referentes a a\u00e7\u00f5es de policiamento e fiscaliza\u00e7\u00e3o de tr\u00e2nsito;<\/li>\n\n\n\n<li>Realizar a opera\u00e7\u00e3o de tr\u00e1fego nos limites de sua compet\u00eancia de forma a garantir a seguran\u00e7a e fluidez no tr\u00e2nsito;<\/li>\n\n\n\n<li>Executar, acompanhar e defender o cumprimento dos atos do poder de pol\u00edcia de tr\u00e2nsito;<\/li>\n\n\n\n<li>Orientar comunidade na interpreta\u00e7\u00e3o da legisla\u00e7\u00e3o de tr\u00e2nsito;<\/li>\n\n\n\n<li>Participar de programa de treinamento;<\/li>\n\n\n\n<li>Assessorar atividades espec\u00edficas de sua \u00e1rea de atua\u00e7\u00e3o;<\/li>\n\n\n\n<li>Executar outras atividades de interesse da \u00e1rea;<\/li>\n\n\n\n<li>Exercer plenamente o poder de pol\u00edcia administrativa de tr\u00e2nsito em todo o DF.<\/li>\n<\/ul>\n\n\n\n<h4 class=\"wp-block-heading\" id=\"tecnico-em-atividades-de-transito-antigo-tecnico-de-transito\">T\u00e9cnico em Atividades de Tr\u00e2nsito (antigo T\u00e9cnico de Tr\u00e2nsito)<\/h4>\n\n\n\n<ul class=\"wp-block-list\">\n<li>Executar atividades relacionadas ao suporte no desempenho das atribui\u00e7\u00f5es da Carreira Atividades de Tr\u00e2nsito;<\/li>\n\n\n\n<li>Executar outras atividades de interesse da \u00e1rea.<\/li>\n<\/ul>\n\n\n\n<h4 class=\"wp-block-heading\" id=\"analista-em-atividades-de-transito-antigo-assistente-de-transito\">Analista em Atividades de Tr\u00e2nsito (antigo Assistente de Tr\u00e2nsito)<\/h4>\n\n\n\n<ul class=\"wp-block-list\">\n<li>Fiscalizar e controlar as atividades das entidades credenciadas, contratadas ou conveniadas pelo Detran-DF;<\/li>\n\n\n\n<li>Instruir processos;<\/li>\n\n\n\n<li>Coletar dados estat\u00edsticos;<\/li>\n\n\n\n<li>Ministrar cursos voltados para as quest\u00f5es de tr\u00e2nsito;<\/li>\n\n\n\n<li>Fiscalizar a emiss\u00e3o, guarda e arquivo do Certificado de Licenciamento Anual, do Certificado de Registro de Ve\u00edculos, da Permiss\u00e3o para dirigir, da CNH, da autoriza\u00e7\u00e3o de selos e outros documentos previstos na legisla\u00e7\u00e3o;<\/li>\n\n\n\n<li>Participar de programas de treinamento que envolvam conte\u00fados relacionados \u00e0 \u00e1rea de atua\u00e7\u00e3o;<\/li>\n\n\n\n<li>Executar outras atividades de interesse da \u00e1rea;<\/li>\n\n\n\n<li>Exercer plenamente o poder de pol\u00edcia administrativa de tr\u00e2nsito em todo o DF.<\/li>\n<\/ul>\n\n\n\n<h2 class=\"wp-block-heading has-cyan-bluish-gray-background-color has-background\" id=\"ultimos-concursos\">Concurso Detran DF: \u00faltimos concursos<\/h2>\n\n\n\n<ul class=\"wp-block-list\">\n<li><strong>Datas<\/strong>: 2008, 2010, 2011 e 2022<\/li>\n\n\n\n<li><strong>Vagas<\/strong>: 125 | 10 |  100 | 366<\/li>\n\n\n\n<li><strong>Cargos<\/strong>: Analista, Auxiliar, Assistente e Agente<\/li>\n\n\n\n<li><strong style=\"color: initial;\">Banca<\/strong><span style=\"color: initial;\">: 2008 &#8211; Cespe | 2010 &#8211; Quadrix | 2011 &#8211; Universa<\/span> | 2022 &#8211; IBFC<\/li>\n\n\n\n<li><strong>Escolaridade<\/strong>: N\u00edveis Superior e M\u00e9dio<\/li>\n\n\n\n<li><strong>\u00daltimos editais:<\/strong> <span class=\"underline\" style=\"text-decoration: underline;\"><a href=\"https:\/\/dhg1h5j42swfq.cloudfront.net\/2019\/02\/06153905\/Se%C3%A7%C3%A3o03-231.pdf\" target=\"_blank\" rel=\"noreferrer noopener nofollow\">Detran DF 2011<\/a><\/span> | <span class=\"underline\" style=\"text-decoration: underline;\"><a href=\"https:\/\/dhg1h5j42swfq.cloudfront.net\/2019\/01\/29143202\/Detran-DF-2010.pdf\" target=\"_blank\" rel=\"noreferrer noopener nofollow\">Detran DF 2010<\/a><\/span> | <span class=\"underline\" style=\"text-decoration: underline;\"><a href=\"https:\/\/dhg1h5j42swfq.cloudfront.net\/2019\/01\/29143147\/Detran-DF-2008.pdf\" target=\"_blank\" rel=\"noreferrer noopener nofollow\">Detran DF 2008<\/a><\/span> | <a href=\"https:\/\/dhg1h5j42swfq.cloudfront.net\/2022\/09\/09064406\/edital_detran-df-1.pdf\" target=\"_blank\" rel=\"noreferrer noopener nofollow\">Detran DF-2022<\/a><\/li>\n<\/ul>\n\n\n\n<h3 class=\"wp-block-heading has-cyan-bluish-gray-background-color has-background\" id=\"concurso-2011\">Edital de 2022<\/h3>\n\n\n\n<h3 class=\"wp-block-heading\" id=\"cargos-vagas\">Cargos e vagas<\/h3>\n\n\n\n<figure class=\"wp-block-table is-style-stripes\"><table class=\"has-very-light-gray-to-cyan-bluish-gray-gradient-background has-background has-fixed-layout\"><thead><tr><th class=\"has-text-align-center\" data-align=\"center\">Cargo<\/th><th class=\"has-text-align-center\" data-align=\"center\">Vagas <\/th><th class=\"has-text-align-center\" data-align=\"center\">Sal\u00e1rio<\/th><\/tr><\/thead><tbody><tr><td class=\"has-text-align-center\" data-align=\"center\"><a href=\"https:\/\/www.estrategiaconcursos.com.br\/curso\/detran-df-tecnico-em-atividades-de-transito-pacote-2022-pos-edital\/\" target=\"_blank\" rel=\"noreferrer noopener\">T\u00e9cnico em Atividades de Tr\u00e2nsito<\/a><\/td><td class=\"has-text-align-center\" data-align=\"center\">89 + 151 CR<\/td><td class=\"has-text-align-center\" data-align=\"center\">R$ 4.650,00<\/td><\/tr><tr><td class=\"has-text-align-center\" data-align=\"center\"><a href=\"https:\/\/www.estrategiaconcursos.com.br\/curso\/detran-df-analista-em-atividades-de-transito-pacote-2022-pos-edital\/\" target=\"_blank\" rel=\"noreferrer noopener\">Analista em Atividades de Tr\u00e2nsito<\/a><\/td><td class=\"has-text-align-center\" data-align=\"center\">34 + 92 CR<\/td><td class=\"has-text-align-center\" data-align=\"center\">R$ 6.437,50<\/td><\/tr><\/tbody><\/table><figcaption class=\"wp-element-caption\">Quadro de vagas e remunera\u00e7\u00e3o do Concurso DETRAN DF<\/figcaption><\/figure>\n\n\n\n<ul class=\"wp-block-list\">\n<li><a href=\"https:\/\/dhg1h5j42swfq.cloudfront.net\/2022\/09\/21091808\/detran-df.pdf\" target=\"_blank\" rel=\"noreferrer noopener nofollow\">1\u00aa retifica\u00e7\u00e3o<\/a>;<\/li>\n\n\n\n<li><a href=\"https:\/\/dhg1h5j42swfq.cloudfront.net\/2022\/10\/24084412\/detran-df.pdf\" target=\"_blank\" rel=\"noreferrer noopener nofollow\">2\u00aa retifica\u00e7\u00e3o<\/a>.<\/li>\n<\/ul>\n\n\n\n<h3 class=\"wp-block-heading\" id=\"etapas\">Etapas e provas do concurso Detran DF<\/h3>\n\n\n\n<p>A avalia\u00e7\u00e3o dos candidatos do concurso Detran DF foi realizada mediante aplica\u00e7\u00e3o das seguintes etapas:<\/p>\n\n\n\n<ul class=\"wp-block-list\">\n<li>Prova Objetiva;<\/li>\n\n\n\n<li>Prova Discursiva;<\/li>\n\n\n\n<li>Avalia\u00e7\u00e3o Biopsicossocial (candidatos que se declararem com Defici\u00eancia);<\/li>\n\n\n\n<li>Procedimento de Heteroidentifica\u00e7\u00e3o (candidatos Negros).<\/li>\n<\/ul>\n\n\n\n<h4 class=\"wp-block-heading\" id=\"objetiva\">Provas Objetivas<\/h4>\n\n\n\n<p>A Prova Objetiva teve car\u00e1ter eliminat\u00f3rio e classificat\u00f3rio, sendo composta por quest\u00f5es de m\u00faltipla escolha (quatro alternativas), conforme abaixo:<\/p>\n\n\n\n<ul class=\"wp-block-list\">\n<li><strong>Conhecimentos B\u00e1sicos:<\/strong>\n<ul class=\"wp-block-list\">\n<li>L\u00edngua Portuguesa &#8211; 10 <\/li>\n\n\n\n<li>No\u00e7\u00f5es de Inform\u00e1tica &#8211; 5 <\/li>\n\n\n\n<li>Conhecimentos sobre o Distrito Federal &#8211; 5 <\/li>\n\n\n\n<li>Legisla\u00e7\u00e3o Geral &#8211; 10 <\/li>\n<\/ul>\n<\/li>\n\n\n\n<li><strong>Conhecimentos Espec\u00edficos:<\/strong>\n<ul class=\"wp-block-list\">\n<li>Conhecimentos Espec\u00edficos &#8211; 30<\/li>\n<\/ul>\n<\/li>\n<\/ul>\n\n\n\n<p>A etapa foi avaliada na escala de 0 a 90 pontos, considerando-se habilitado nesta etapa o candidato que nela obtiver nota igual ou superior a 45 pontos.<\/p>\n\n\n\n<h4 class=\"wp-block-heading\" id=\"discursiva\">Prova Discursiva<\/h4>\n\n\n\n<p>Somente foram corrigidas as Provas Discursivas do cargo de Analista em Atividades de Tr\u00e2nsito dos candidatos que foram aprovados na Prova Objetiva e os classificados dentro do limite determinado.<\/p>\n\n\n\n<p>A etapa teve car\u00e1ter eliminat\u00f3rio e classificat\u00f3rio e foi avaliada na escala de 0 a 30 pontos, considerando-se habilitado o candidato que nela obteve nota igual ou superior a 15 pontos.<\/p>\n\n\n\n<p>A prova foi realizada no mesmo dia e hor\u00e1rio da Prova Objetiva, composta de uma quest\u00e3o de conhecimento espec\u00edfico. Para seu desenvolvimento, o candidato teve de redigir no m\u00ednimo 15 e no m\u00e1ximo 20 linhas.<\/p>\n\n\n\n<p><strong>\u25ba <a href=\"https:\/\/dhg1h5j42swfq.cloudfront.net\/2023\/04\/11163856\/homologacao-detran-df.pdf\" target=\"_blank\" rel=\"noreferrer noopener nofollow\">Resultado final homologado<\/a><\/strong><\/p>\n\n\n\n<h3 class=\"wp-block-heading has-cyan-bluish-gray-background-color has-background\" id=\"concurso-2011\">Edital de 2011<\/h3>\n\n\n\n<p>O \u00faltimo <strong>concurso p\u00fablico do Detran DF<\/strong> <strong>aconteceu em 2011\/2012<\/strong>, com a <strong>oferta de 100 vagas<\/strong> para o cargo de Agente de Tr\u00e2nsito. Na ocasi\u00e3o, o certame foi organizado pela Funda\u00e7\u00e3o Universa.<\/p>\n\n\n\n<p>O processo de sele\u00e7\u00e3o foi feito atrav\u00e9s de Prova Objetiva, Prova Discursiva, Teste de Aptid\u00e3o F\u00edsica. Avalia\u00e7\u00e3o Psicol\u00f3gica e Investiga\u00e7\u00e3o Social. A prova objetiva, dividida entre conhecimentos b\u00e1sicos e espec\u00edficos, contou com 60 quest\u00f5es das seguintes disciplinas:<\/p>\n\n\n\n<ul class=\"wp-block-list\">\n<li>L\u00edngua Portuguesa;<\/li>\n\n\n\n<li>Atualidades;<\/li>\n\n\n\n<li>No\u00e7\u00f5es de Direito Constitucional;<\/li>\n\n\n\n<li>Lei Org\u00e2nica do Distrito Federal;<\/li>\n\n\n\n<li>No\u00e7\u00f5es de Direito Penal;<\/li>\n\n\n\n<li>No\u00e7\u00f5es de Direito Administrativo;<\/li>\n\n\n\n<li>No\u00e7\u00f5es de Direito Processual Penal;<\/li>\n\n\n\n<li>Microinform\u00e1tica;<\/li>\n\n\n\n<li>Conhecimentos Espec\u00edficos.<\/li>\n<\/ul>\n\n\n\n<p>O Teste de Aptid\u00e3o F\u00edsica (<a href=\"https:\/\/www.estrategiaconcursos.com.br\/blog\/preparacao-teste-aptidao-fisica\/\" target=\"_blank\" rel=\"noreferrer noopener\">TAF<\/a>) teve quatro atividades, sendo eles: Teste de Barra Fixa, Flex\u00e3o, Corrida de Ir e Vir (Shuttle Run) e Teste de Corrida de 12 minutos.<\/p>\n\n\n\n<h3 class=\"wp-block-heading has-cyan-bluish-gray-background-color has-background\" id=\"concurso-2010\">Edital de 2010<\/h3>\n\n\n\n<p>O <strong>cargo de Assistente de Tr\u00e2nsito<\/strong> teve seu <strong>\u00faltimo edital publicado em 2010<\/strong>, com a oferta de <strong>10 vagas<\/strong> imediatas. O requisito m\u00ednimo para concorrer ao cargo era o n\u00edvel de forma\u00e7\u00e3o superior.<\/p>\n\n\n\n<p>O concurso contou com tr\u00eas fases: prova objetiva, prova discursiva, avalia\u00e7\u00e3o de t\u00edtulos e de experi\u00eancia profissional. A prova objetiva, de car\u00e1ter eliminat\u00f3rio e classificat\u00f3rio, possu\u00eda um total de 80 quest\u00f5es, divididas da seguinte forma:<\/p>\n\n\n\n<ul class=\"wp-block-list\">\n<li><strong>Conhecimentos B\u00e1sicos<\/strong> &#8211; 50 quest\u00f5es;<\/li>\n\n\n\n<li><strong>Conhecimentos Espec\u00edficos <\/strong>&#8211; 30 quest\u00f5es.<\/li>\n<\/ul>\n\n\n\n<h3 class=\"wp-block-heading has-cyan-bluish-gray-background-color has-background\" id=\"concurso-2008\">Edital de 2008<\/h3>\n\n\n\n<p>Em <strong>2008<\/strong>, foi aplicado o <strong>\u00faltimo certame para os cargos de Auxiliar (atual T\u00e9cnico) e Analista<\/strong>. A oferta total foi de <strong>125 vagas<\/strong>, 100 para Auxiliar e 25 para Analista. O cargo de Analista exigia forma\u00e7\u00e3o em n\u00edvel superior, j\u00e1 o cargo de Auxiliar, tinha como requisito n\u00edvel m\u00e9dio de forma\u00e7\u00e3o.<\/p>\n\n\n\n<p>As provas aplicadas foram do tipo objetivas, de car\u00e1ter eliminat\u00f3rio e classificat\u00f3rio. Cada quest\u00e3o tinha como op\u00e7\u00e3o de resposta as alternativas &#8220;Certo&#8221; ou &#8220;Errado&#8221;.<\/p>\n\n\n\n<p>Para o cargo de Analista (exce\u00e7\u00e3o para a especialidade de Direito), a prova teve a seguinte estrutura:<\/p>\n\n\n\n<ul class=\"wp-block-list\">\n<li><strong>Conhecimentos B\u00e1sicos<\/strong> &#8211; 50 quest\u00f5es;<\/li>\n\n\n\n<li><strong>Conhecimentos Complementares<\/strong> &#8211; 20 quest\u00f5es;<\/li>\n\n\n\n<li><strong>Conhecimentos Espec\u00edficos <\/strong>&#8211; 50 quest\u00f5es;<\/li>\n\n\n\n<li><strong>Prova discursiva<\/strong>;<\/li>\n\n\n\n<li><strong>Avalia\u00e7\u00e3o de T\u00edtulos<\/strong>.<\/li>\n<\/ul>\n\n\n\n<p>Para a especialidade de Direito, a prova teve a seguinte divis\u00e3o:<\/p>\n\n\n\n<ul class=\"wp-block-list\">\n<li><strong>Conhecimentos B\u00e1sicos<\/strong> &#8211; 50 quest\u00f5es;<\/li>\n\n\n\n<li><strong>Conhecimentos Espec\u00edficos <\/strong>&#8211; 70 quest\u00f5es;<\/li>\n\n\n\n<li><strong>Prova discursiva<\/strong>;<\/li>\n\n\n\n<li><strong>Avalia\u00e7\u00e3o de T\u00edtulos<\/strong>;<\/li>\n<\/ul>\n\n\n\n<p>Para o cargo de Auxiliar, a prova seguiu a seguinte divis\u00e3o:<\/p>\n\n\n\n<ul class=\"wp-block-list\">\n<li><strong>Conhecimentos B\u00e1sicos<\/strong> &#8211; 50 quest\u00f5es;<\/li>\n\n\n\n<li><strong>Conhecimentos Espec\u00edficos <\/strong>&#8211; 70 quest\u00f5es;<\/li>\n<\/ul>\n\n\n\n<h2 class=\"wp-block-heading has-cyan-bluish-gray-background-color has-background\" id=\"estudos\">Concurso Detran DF: materiais de estudos<\/h2>\n\n\n\n<h3 class=\"wp-block-heading\">Edital Estrat\u00e9gico<\/h3>\n\n\n\n<ul class=\"wp-block-list\">\n<li><a href=\"https:\/\/docs.google.com\/spreadsheets\/d\/1Ef4Go-QllWUD0Wt0JGxVQAm6bTQowLfE\/edit?usp=sharing&amp;ouid=111848375572258046039&amp;rtpof=true&amp;sd=true\" target=\"_blank\" rel=\"noreferrer noopener\">T\u00e9cnico de Atividades de Tr\u00e2nsito<\/a><\/li>\n\n\n\n<li><a href=\"https:\/\/docs.google.com\/spreadsheets\/d\/1Ytl_nR6H4MhmH-sdlHA2oyqWEO3z-WYE\/edit?usp=sharing&amp;ouid=111848375572258046039&amp;rtpof=true&amp;sd=true\" target=\"_blank\" rel=\"noreferrer noopener\">Analista de Atividades de Tr\u00e2nsito<\/a><\/li>\n<\/ul>\n\n\n\n<hr class=\"wp-block-separator has-css-opacity\"\/>\n\n\n\n<h2 class=\"wp-block-heading has-text-align-center\" id=\"h-quer-saber-tudo-sobre-concursos-previstos-confira-nossos-artigos\">Quer saber tudo sobre concursos previstos?<br \/>Confira nossos artigos!<\/h2>\n\n\n\n<ul class=\"wp-block-list\">\n<li><a href=\"https:\/\/www.estrategiaconcursos.com.br\/blog\/concursos-abertos\/\" target=\"_blank\" rel=\"noreferrer noopener\">Concursos abertos<\/a><\/li>\n\n\n\n<li><a href=\"https:\/\/www.estrategiaconcursos.com.br\/blog\/concursos-2026\/\" target=\"_blank\" rel=\"noreferrer noopener\">Concursos 2026<\/a><\/li>\n\n\n\n<li><a href=\"https:\/\/www.estrategiaconcursos.com.br\/blog\/concursos-df\/\" target=\"_blank\" rel=\"noreferrer noopener\">Concursos DF<\/a><\/li>\n<\/ul>\n\n\n\n<h2 class=\"wp-block-heading has-text-align-center\" id=\"cursos-assinatura\">Quer estudar para concurso Detran DF?<\/h2>\n\n\n\n<div id=\"boxes\" class=\"container\">\n<div class=\"row\">\n<div class=\"col-sm\">\n<div id=\"box-assinatura\" class=\"banner-detran\">\n<h3 class=\"titulo-assinatura\">Concurso Detran DF<\/h3>\n<p class=\"subtitulo-assinatura\">Trilhe o caminho da aprova\u00e7\u00e3o no DETRAN DF!<\/p>\n<div class=\"box-botao\"><a class=\"btn-assinatura\" role=\"button\" href=\"https:\/\/www.estrategiaconcursos.com.br\/cursosPorConcurso\/detran-df-5\/\" target=\"_blank\" rel=\"noopener noreferrer\">COMECE J\u00c1<\/a><\/div>\n<\/div>\n\n<\/div>\n<\/div>\n<\/div>\n\n\n\n<div class=\"container\" id=\"boxes\">\n  <div class=\"row\">\n\n    <div class=\"col-sm\">\n      <div class=\"estrategia\" id=\"box-assinatura\">\n        <h3 class=\"titulo-assinatura\">Assinatura Concursos<\/h3>\n        <p class=\"subtitulo-assinatura\">Assinatura de 1 ano ou 2 anos<\/p>\n        <div class=\"box-botao\">\n          <a class=\"btn-assinatura\" target=\"_blank\" href=\"https:\/\/www.estrategiaconcursos.com.br\/assinaturas\/\" role=\"button\" rel=\"noopener noreferrer\">ASSINE AGORA<\/a>\n        <\/div>\n      <\/div>\n     \n    <\/div><\/div><\/div>\n\n\n\n<figure class=\"wp-block-image size-large is-resized\"><img loading=\"lazy\" decoding=\"async\" width=\"1024\" height=\"632\" src=\"https:\/\/dhg1h5j42swfq.cloudfront.net\/2021\/05\/29094040\/ficha-tecnica-42-1024x632.png\" alt=\"concurso Detran DF \" class=\"wp-image-754924\" style=\"width:271px;height:167px\" srcset=\"https:\/\/dhg1h5j42swfq.cloudfront.net\/2021\/05\/29094040\/ficha-tecnica-42-1024x632.png 1024w, https:\/\/dhg1h5j42swfq.cloudfront.net\/2021\/05\/29094040\/ficha-tecnica-42-300x185.png 300w, https:\/\/dhg1h5j42swfq.cloudfront.net\/2021\/05\/29094040\/ficha-tecnica-42-768x474.png 768w, https:\/\/dhg1h5j42swfq.cloudfront.net\/2021\/05\/29094040\/ficha-tecnica-42-1536x948.png 1536w, https:\/\/dhg1h5j42swfq.cloudfront.net\/2021\/05\/29094040\/ficha-tecnica-42-610x377.png 610w, https:\/\/dhg1h5j42swfq.cloudfront.net\/2021\/05\/29094040\/ficha-tecnica-42.png 1571w\" sizes=\"auto, (max-width: 1024px) 100vw, 1024px\" \/><\/figure>\n\n\n\n<h3 class=\"wp-block-heading\" id=\"ficha-tecnica\">Informa\u00e7\u00f5es do concurso Detran DF&nbsp;<\/h3>\n\n\n\n<ul class=\"wp-block-list\">\n<li><strong>Previs\u00e3o<\/strong>: 2025<\/li>\n\n\n\n<li><strong>Vagas<\/strong>: 182 (Agente de Tr\u00e2nsito) | Especialista (a definir)<\/li>\n\n\n\n<li><strong>Cargos<\/strong>: Analista e T\u00e9cnico<\/li>\n\n\n\n<li><strong style=\"color: initial;\">Banca<\/strong><span style=\"color: initial;\">: a definir<\/span><\/li>\n\n\n\n<li><strong>Escolaridade<\/strong>: superior<\/li>\n\n\n\n<li><strong>\u00daltimo edital:<\/strong>&nbsp;<a href=\"https:\/\/dhg1h5j42swfq.cloudfront.net\/2022\/09\/09064406\/edital_detran-df-1.pdf\" target=\"_blank\" rel=\"noreferrer noopener nofollow\">Detran DF-2022<\/a><\/li>\n<\/ul>\n\n\n\n<div class=\"schema-faq wp-block-yoast-faq-block\"><div class=\"schema-faq-section\" id=\"faq-question-1758214608738\"><strong class=\"schema-faq-question\">Quando ser\u00e1 o pr\u00f3ximo Concurso Detran DF?<\/strong> <p class=\"schema-faq-answer\">Ainda n\u00e3o h\u00e1 uma data espec\u00edfica para o pr\u00f3ximo edital do Detran DF. Entretanto, foi anunciado um novo concurso para o cargo de Agente de Tr\u00e2nsito. O \u00faltimo certame foi realizado em 2022 e segue v\u00e1lido at\u00e9 abril de 2027. <\/p> <\/div> <div class=\"schema-faq-section\" id=\"faq-question-1758214858258\"><strong class=\"schema-faq-question\">Quantas quest\u00f5es tem a prova do Concurso Detran DF?<\/strong> <p class=\"schema-faq-answer\">Em seu \u00faltimo edital, a prova objetivo cobrou 60 quest\u00f5es objetivas, sendo 30 quest\u00f5es de Conhecimentos Gerais (L\u00edngua Portuguesa, No\u00e7\u00f5es de Inform\u00e1tica, Conhecimentos sobre o Distrito Federal e Legisla\u00e7\u00e3o Geral) e 30 quest\u00f5es de Conhecimentos Espec\u00edficos.<\/p> <\/div> <\/div>\n","protected":false},"excerpt":{"rendered":"<p>Novo edital ofertar\u00e1 182 vagas para Agente de Tr\u00e2nsito. Concurso para Especialista do Detran DF tamb\u00e9m segue previsto! Foi divulgado o aviso de que o pr\u00f3ximo edital do concurso Detran DF (Departamento de Tr\u00e2nsito do Distrito Federal) ofertar\u00e1 182 vagas para o cargo de Agente de Tr\u00e2nsito. O documento foi publicado no Di\u00e1rio Oficial do [&hellip;]<\/p>\n","protected":false},"author":1206,"featured_media":761000,"comment_status":"open","ping_status":"closed","sticky":false,"template":"","format":"standard","meta":{"post_tipo":"news_page","footnotes":""},"categories":[214992],"tags":[],"tax_estado":[219970],"class_list":["post-162870","post","type-post","status-publish","format-standard","has-post-thumbnail","hentry","category-concursos-administrativos","tax_estado-df"],"acf":[],"yoast_head":"<!-- This site is optimized with the Yoast SEO Premium plugin v27.2 (Yoast SEO v27.2) - https:\/\/yoast.com\/product\/yoast-seo-premium-wordpress\/ -->\n<title>Concurso Detran DF: edital anunciado com 182 vagas!<\/title>\n<meta name=\"description\" content=\"Novo edital do Concurso Detran DF para Agente de Tr\u00e2nsito ter\u00e1 182 vagas; sele\u00e7\u00e3o para Especialista tamb\u00e9m est\u00e1 prevista\" \/>\n<meta name=\"robots\" content=\"index, follow, max-snippet:-1, max-image-preview:large, max-video-preview:-1\" \/>\n<link rel=\"canonical\" href=\"https:\/\/www.estrategiaconcursos.com.br\/blog\/concurso-detran-df\/\" \/>\n<meta property=\"og:locale\" content=\"pt_BR\" \/>\n<meta property=\"og:type\" content=\"article\" \/>\n<meta property=\"og:title\" content=\"Concurso Detran DF: edital anunciado com 182 vagas!\" \/>\n<meta property=\"og:description\" content=\"Novo edital do Concurso Detran DF para Agente de Tr\u00e2nsito ter\u00e1 182 vagas; sele\u00e7\u00e3o para Especialista tamb\u00e9m est\u00e1 prevista\" \/>\n<meta property=\"og:url\" content=\"https:\/\/www.estrategiaconcursos.com.br\/blog\/concurso-detran-df\/\" \/>\n<meta property=\"og:site_name\" content=\"Estrat\u00e9gia Concursos\" \/>\n<meta property=\"article:published_time\" content=\"2026-04-01T22:18:17+00:00\" \/>\n<meta property=\"article:modified_time\" content=\"2026-04-01T22:18:34+00:00\" \/>\n<meta property=\"og:image\" content=\"https:\/\/dhg1h5j42swfq.cloudfront.net\/2021\/05\/07115648\/detran-df.jpg\" \/>\n\t<meta property=\"og:image:width\" content=\"768\" \/>\n\t<meta property=\"og:image:height\" content=\"432\" \/>\n\t<meta property=\"og:image:type\" content=\"image\/jpeg\" \/>\n<meta name=\"author\" content=\"Bruna de Andrade Fran\u00e7a\" \/>\n<meta name=\"twitter:card\" content=\"summary_large_image\" \/>\n<meta name=\"twitter:creator\" content=\"@EstratConcursos\" \/>\n<meta name=\"twitter:site\" content=\"@EstratConcursos\" \/>\n<meta name=\"twitter:label1\" content=\"Escrito por\" \/>\n\t<meta name=\"twitter:data1\" content=\"Bruna de Andrade Fran\u00e7a\" \/>\n\t<meta name=\"twitter:label2\" content=\"Est. tempo de leitura\" \/>\n\t<meta name=\"twitter:data2\" content=\"11 minutos\" \/>\n<script type=\"application\/ld+json\" class=\"yoast-schema-graph\">{\"@context\":\"https:\/\/schema.org\",\"@graph\":[{\"@type\":\"NewsArticle\",\"@id\":\"https:\/\/www.estrategiaconcursos.com.br\/blog\/concurso-detran-df\/#article\",\"isPartOf\":{\"@id\":\"https:\/\/www.estrategiaconcursos.com.br\/blog\/concurso-detran-df\/\"},\"author\":{\"name\":\"Bruna de Andrade Fran\u00e7a\",\"@id\":\"https:\/\/www.estrategiaconcursos.com.br\/blog\/#\/schema\/person\/6630f91134abc08115cca62ce6372855\"},\"headline\":\"Concurso Detran DF: edital anunciado com 182 vagas!\",\"datePublished\":\"2026-04-01T22:18:17+00:00\",\"dateModified\":\"2026-04-01T22:18:34+00:00\",\"mainEntityOfPage\":{\"@id\":\"https:\/\/www.estrategiaconcursos.com.br\/blog\/concurso-detran-df\/\"},\"wordCount\":2122,\"commentCount\":14,\"publisher\":{\"@id\":\"https:\/\/www.estrategiaconcursos.com.br\/blog\/#organization\"},\"image\":{\"@id\":\"https:\/\/www.estrategiaconcursos.com.br\/blog\/concurso-detran-df\/#primaryimage\"},\"thumbnailUrl\":\"https:\/\/dhg1h5j42swfq.cloudfront.net\/2021\/05\/07115648\/detran-df.jpg\",\"articleSection\":[\"Executivo (Administrativa)\"],\"inLanguage\":\"pt-BR\",\"potentialAction\":[{\"@type\":\"CommentAction\",\"name\":\"Comment\",\"target\":[\"https:\/\/www.estrategiaconcursos.com.br\/blog\/concurso-detran-df\/#respond\"]}],\"copyrightYear\":\"2026\",\"copyrightHolder\":{\"@id\":\"https:\/\/www.estrategiaconcursos.com.br\/blog\/#organization\"}},{\"@type\":[\"WebPage\",\"FAQPage\"],\"@id\":\"https:\/\/www.estrategiaconcursos.com.br\/blog\/concurso-detran-df\/\",\"url\":\"https:\/\/www.estrategiaconcursos.com.br\/blog\/concurso-detran-df\/\",\"name\":\"Concurso Detran DF: edital anunciado com 182 vagas!\",\"isPartOf\":{\"@id\":\"https:\/\/www.estrategiaconcursos.com.br\/blog\/#website\"},\"primaryImageOfPage\":{\"@id\":\"https:\/\/www.estrategiaconcursos.com.br\/blog\/concurso-detran-df\/#primaryimage\"},\"image\":{\"@id\":\"https:\/\/www.estrategiaconcursos.com.br\/blog\/concurso-detran-df\/#primaryimage\"},\"thumbnailUrl\":\"https:\/\/dhg1h5j42swfq.cloudfront.net\/2021\/05\/07115648\/detran-df.jpg\",\"datePublished\":\"2026-04-01T22:18:17+00:00\",\"dateModified\":\"2026-04-01T22:18:34+00:00\",\"description\":\"Novo edital do Concurso Detran DF para Agente de Tr\u00e2nsito ter\u00e1 182 vagas; sele\u00e7\u00e3o para Especialista tamb\u00e9m est\u00e1 prevista\",\"breadcrumb\":{\"@id\":\"https:\/\/www.estrategiaconcursos.com.br\/blog\/concurso-detran-df\/#breadcrumb\"},\"mainEntity\":[{\"@id\":\"https:\/\/www.estrategiaconcursos.com.br\/blog\/concurso-detran-df\/#faq-question-1758214608738\"},{\"@id\":\"https:\/\/www.estrategiaconcursos.com.br\/blog\/concurso-detran-df\/#faq-question-1758214858258\"}],\"inLanguage\":\"pt-BR\",\"potentialAction\":[{\"@type\":\"ReadAction\",\"target\":[\"https:\/\/www.estrategiaconcursos.com.br\/blog\/concurso-detran-df\/\"]}]},{\"@type\":\"ImageObject\",\"inLanguage\":\"pt-BR\",\"@id\":\"https:\/\/www.estrategiaconcursos.com.br\/blog\/concurso-detran-df\/#primaryimage\",\"url\":\"https:\/\/dhg1h5j42swfq.cloudfront.net\/2021\/05\/07115648\/detran-df.jpg\",\"contentUrl\":\"https:\/\/dhg1h5j42swfq.cloudfront.net\/2021\/05\/07115648\/detran-df.jpg\",\"width\":768,\"height\":432,\"caption\":\"DETRAN DF\"},{\"@type\":\"BreadcrumbList\",\"@id\":\"https:\/\/www.estrategiaconcursos.com.br\/blog\/concurso-detran-df\/#breadcrumb\",\"itemListElement\":[{\"@type\":\"ListItem\",\"position\":1,\"name\":\"In\u00edcio\",\"item\":\"https:\/\/www.estrategiaconcursos.com.br\/blog\/\"},{\"@type\":\"ListItem\",\"position\":2,\"name\":\"Concurso Detran DF: edital anunciado com 182 vagas!\"}]},{\"@type\":\"WebSite\",\"@id\":\"https:\/\/www.estrategiaconcursos.com.br\/blog\/#website\",\"url\":\"https:\/\/www.estrategiaconcursos.com.br\/blog\/\",\"name\":\"Estrat\u00e9gia Concursos\",\"description\":\"O blog da Estrat\u00e9gia Concursos traz not\u00edcias sobre concursos e artigos de professores oferecendo cursos para concursos (pdf + videaulas) no site.\",\"publisher\":{\"@id\":\"https:\/\/www.estrategiaconcursos.com.br\/blog\/#organization\"},\"potentialAction\":[{\"@type\":\"SearchAction\",\"target\":{\"@type\":\"EntryPoint\",\"urlTemplate\":\"https:\/\/www.estrategiaconcursos.com.br\/blog\/?s={search_term_string}\"},\"query-input\":{\"@type\":\"PropertyValueSpecification\",\"valueRequired\":true,\"valueName\":\"search_term_string\"}}],\"inLanguage\":\"pt-BR\"},{\"@type\":\"Organization\",\"@id\":\"https:\/\/www.estrategiaconcursos.com.br\/blog\/#organization\",\"name\":\"Estrat\u00e9gia Concursos\",\"url\":\"https:\/\/www.estrategiaconcursos.com.br\/blog\/\",\"logo\":{\"@type\":\"ImageObject\",\"inLanguage\":\"pt-BR\",\"@id\":\"https:\/\/www.estrategiaconcursos.com.br\/blog\/#\/schema\/logo\/image\/\",\"url\":\"https:\/\/dhg1h5j42swfq.cloudfront.net\/2025\/06\/03203428\/logo_concursos-1.jpg\",\"contentUrl\":\"https:\/\/dhg1h5j42swfq.cloudfront.net\/2025\/06\/03203428\/logo_concursos-1.jpg\",\"width\":230,\"height\":60,\"caption\":\"Estrat\u00e9gia Concursos\"},\"image\":{\"@id\":\"https:\/\/www.estrategiaconcursos.com.br\/blog\/#\/schema\/logo\/image\/\"},\"sameAs\":[\"https:\/\/x.com\/EstratConcursos\"]},{\"@type\":\"Person\",\"@id\":\"https:\/\/www.estrategiaconcursos.com.br\/blog\/#\/schema\/person\/6630f91134abc08115cca62ce6372855\",\"name\":\"Bruna de Andrade Fran\u00e7a\",\"image\":{\"@type\":\"ImageObject\",\"inLanguage\":\"pt-BR\",\"@id\":\"https:\/\/secure.gravatar.com\/avatar\/d6316d36d50cea0fadae28ed3015b8870cc90a2d3d8a95c37b44006af36a00e3?s=96&d=mm&r=g\",\"url\":\"https:\/\/secure.gravatar.com\/avatar\/d6316d36d50cea0fadae28ed3015b8870cc90a2d3d8a95c37b44006af36a00e3?s=96&d=mm&r=g\",\"contentUrl\":\"https:\/\/secure.gravatar.com\/avatar\/d6316d36d50cea0fadae28ed3015b8870cc90a2d3d8a95c37b44006af36a00e3?s=96&d=mm&r=g\",\"caption\":\"Bruna de Andrade Fran\u00e7a\"},\"description\":\"Bruna de Andrade Fran\u00e7a \u00e9 publicit\u00e1ria com p\u00f3s-gradua\u00e7\u00e3o em Marketing &amp; Growth, atuando h\u00e1 mais de 6 anos no universo dos concursos p\u00fablicos. Desde 2021, lidera no Blog do Estrat\u00e9gia Concursos a cobertura editorial especializada em Concursos Policiais (PF, PRF, PM, PC, etc.), al\u00e9m das frentes de concursos banc\u00e1rios, de sa\u00fade e da \u00e1rea legislativa. Especialista em reda\u00e7\u00e3o, com pr\u00e1ticas de SEO e Copywriting, possui tamb\u00e9m atua\u00e7\u00e3o pr\u00e1tica de contato direto com \u00f3rg\u00e3os p\u00fablicos respons\u00e1veis por editais, permitindo acesso antecipado a informa\u00e7\u00f5es, desdobramentos importantes e atualiza\u00e7\u00e3o eficiente dos concursos p\u00fablicos.\",\"url\":\"https:\/\/www.estrategiaconcursos.com.br\/blog\/author\/bruna-andrade\/\"},{\"@type\":\"Question\",\"@id\":\"https:\/\/www.estrategiaconcursos.com.br\/blog\/concurso-detran-df\/#faq-question-1758214608738\",\"position\":1,\"url\":\"https:\/\/www.estrategiaconcursos.com.br\/blog\/concurso-detran-df\/#faq-question-1758214608738\",\"name\":\"Quando ser\u00e1 o pr\u00f3ximo Concurso Detran DF?\",\"answerCount\":1,\"acceptedAnswer\":{\"@type\":\"Answer\",\"text\":\"Ainda n\u00e3o h\u00e1 uma data espec\u00edfica para o pr\u00f3ximo edital do Detran DF. Entretanto, foi anunciado um novo concurso para o cargo de Agente de Tr\u00e2nsito. O \u00faltimo certame foi realizado em 2022 e segue v\u00e1lido at\u00e9 abril de 2027. \",\"inLanguage\":\"pt-BR\"},\"inLanguage\":\"pt-BR\"},{\"@type\":\"Question\",\"@id\":\"https:\/\/www.estrategiaconcursos.com.br\/blog\/concurso-detran-df\/#faq-question-1758214858258\",\"position\":2,\"url\":\"https:\/\/www.estrategiaconcursos.com.br\/blog\/concurso-detran-df\/#faq-question-1758214858258\",\"name\":\"Quantas quest\u00f5es tem a prova do Concurso Detran DF?\",\"answerCount\":1,\"acceptedAnswer\":{\"@type\":\"Answer\",\"text\":\"Em seu \u00faltimo edital, a prova objetivo cobrou 60 quest\u00f5es objetivas, sendo 30 quest\u00f5es de Conhecimentos Gerais (L\u00edngua Portuguesa, No\u00e7\u00f5es de Inform\u00e1tica, Conhecimentos sobre o Distrito Federal e Legisla\u00e7\u00e3o Geral) e 30 quest\u00f5es de Conhecimentos Espec\u00edficos.\",\"inLanguage\":\"pt-BR\"},\"inLanguage\":\"pt-BR\"}]}<\/script>\n<!-- \/ Yoast SEO Premium plugin. -->","yoast_head_json":{"title":"Concurso Detran DF: edital anunciado com 182 vagas!","description":"Novo edital do Concurso Detran DF para Agente de Tr\u00e2nsito ter\u00e1 182 vagas; sele\u00e7\u00e3o para Especialista tamb\u00e9m est\u00e1 prevista","robots":{"index":"index","follow":"follow","max-snippet":"max-snippet:-1","max-image-preview":"max-image-preview:large","max-video-preview":"max-video-preview:-1"},"canonical":"https:\/\/www.estrategiaconcursos.com.br\/blog\/concurso-detran-df\/","og_locale":"pt_BR","og_type":"article","og_title":"Concurso Detran DF: edital anunciado com 182 vagas!","og_description":"Novo edital do Concurso Detran DF para Agente de Tr\u00e2nsito ter\u00e1 182 vagas; sele\u00e7\u00e3o para Especialista tamb\u00e9m est\u00e1 prevista","og_url":"https:\/\/www.estrategiaconcursos.com.br\/blog\/concurso-detran-df\/","og_site_name":"Estrat\u00e9gia Concursos","article_published_time":"2026-04-01T22:18:17+00:00","article_modified_time":"2026-04-01T22:18:34+00:00","og_image":[{"width":768,"height":432,"url":"https:\/\/dhg1h5j42swfq.cloudfront.net\/2021\/05\/07115648\/detran-df.jpg","type":"image\/jpeg"}],"author":"Bruna de Andrade Fran\u00e7a","twitter_card":"summary_large_image","twitter_creator":"@EstratConcursos","twitter_site":"@EstratConcursos","twitter_misc":{"Escrito por":"Bruna de Andrade Fran\u00e7a","Est. tempo de leitura":"11 minutos"},"schema":{"@context":"https:\/\/schema.org","@graph":[{"@type":"NewsArticle","@id":"https:\/\/www.estrategiaconcursos.com.br\/blog\/concurso-detran-df\/#article","isPartOf":{"@id":"https:\/\/www.estrategiaconcursos.com.br\/blog\/concurso-detran-df\/"},"author":{"name":"Bruna de Andrade Fran\u00e7a","@id":"https:\/\/www.estrategiaconcursos.com.br\/blog\/#\/schema\/person\/6630f91134abc08115cca62ce6372855"},"headline":"Concurso Detran DF: edital anunciado com 182 vagas!","datePublished":"2026-04-01T22:18:17+00:00","dateModified":"2026-04-01T22:18:34+00:00","mainEntityOfPage":{"@id":"https:\/\/www.estrategiaconcursos.com.br\/blog\/concurso-detran-df\/"},"wordCount":2122,"commentCount":14,"publisher":{"@id":"https:\/\/www.estrategiaconcursos.com.br\/blog\/#organization"},"image":{"@id":"https:\/\/www.estrategiaconcursos.com.br\/blog\/concurso-detran-df\/#primaryimage"},"thumbnailUrl":"https:\/\/dhg1h5j42swfq.cloudfront.net\/2021\/05\/07115648\/detran-df.jpg","articleSection":["Executivo (Administrativa)"],"inLanguage":"pt-BR","potentialAction":[{"@type":"CommentAction","name":"Comment","target":["https:\/\/www.estrategiaconcursos.com.br\/blog\/concurso-detran-df\/#respond"]}],"copyrightYear":"2026","copyrightHolder":{"@id":"https:\/\/www.estrategiaconcursos.com.br\/blog\/#organization"}},{"@type":["WebPage","FAQPage"],"@id":"https:\/\/www.estrategiaconcursos.com.br\/blog\/concurso-detran-df\/","url":"https:\/\/www.estrategiaconcursos.com.br\/blog\/concurso-detran-df\/","name":"Concurso Detran DF: edital anunciado com 182 vagas!","isPartOf":{"@id":"https:\/\/www.estrategiaconcursos.com.br\/blog\/#website"},"primaryImageOfPage":{"@id":"https:\/\/www.estrategiaconcursos.com.br\/blog\/concurso-detran-df\/#primaryimage"},"image":{"@id":"https:\/\/www.estrategiaconcursos.com.br\/blog\/concurso-detran-df\/#primaryimage"},"thumbnailUrl":"https:\/\/dhg1h5j42swfq.cloudfront.net\/2021\/05\/07115648\/detran-df.jpg","datePublished":"2026-04-01T22:18:17+00:00","dateModified":"2026-04-01T22:18:34+00:00","description":"Novo edital do Concurso Detran DF para Agente de Tr\u00e2nsito ter\u00e1 182 vagas; sele\u00e7\u00e3o para Especialista tamb\u00e9m est\u00e1 prevista","breadcrumb":{"@id":"https:\/\/www.estrategiaconcursos.com.br\/blog\/concurso-detran-df\/#breadcrumb"},"mainEntity":[{"@id":"https:\/\/www.estrategiaconcursos.com.br\/blog\/concurso-detran-df\/#faq-question-1758214608738"},{"@id":"https:\/\/www.estrategiaconcursos.com.br\/blog\/concurso-detran-df\/#faq-question-1758214858258"}],"inLanguage":"pt-BR","potentialAction":[{"@type":"ReadAction","target":["https:\/\/www.estrategiaconcursos.com.br\/blog\/concurso-detran-df\/"]}]},{"@type":"ImageObject","inLanguage":"pt-BR","@id":"https:\/\/www.estrategiaconcursos.com.br\/blog\/concurso-detran-df\/#primaryimage","url":"https:\/\/dhg1h5j42swfq.cloudfront.net\/2021\/05\/07115648\/detran-df.jpg","contentUrl":"https:\/\/dhg1h5j42swfq.cloudfront.net\/2021\/05\/07115648\/detran-df.jpg","width":768,"height":432,"caption":"DETRAN DF"},{"@type":"BreadcrumbList","@id":"https:\/\/www.estrategiaconcursos.com.br\/blog\/concurso-detran-df\/#breadcrumb","itemListElement":[{"@type":"ListItem","position":1,"name":"In\u00edcio","item":"https:\/\/www.estrategiaconcursos.com.br\/blog\/"},{"@type":"ListItem","position":2,"name":"Concurso Detran DF: edital anunciado com 182 vagas!"}]},{"@type":"WebSite","@id":"https:\/\/www.estrategiaconcursos.com.br\/blog\/#website","url":"https:\/\/www.estrategiaconcursos.com.br\/blog\/","name":"Estrat\u00e9gia Concursos","description":"O blog da Estrat\u00e9gia Concursos traz not\u00edcias sobre concursos e artigos de professores oferecendo cursos para concursos (pdf + videaulas) no site.","publisher":{"@id":"https:\/\/www.estrategiaconcursos.com.br\/blog\/#organization"},"potentialAction":[{"@type":"SearchAction","target":{"@type":"EntryPoint","urlTemplate":"https:\/\/www.estrategiaconcursos.com.br\/blog\/?s={search_term_string}"},"query-input":{"@type":"PropertyValueSpecification","valueRequired":true,"valueName":"search_term_string"}}],"inLanguage":"pt-BR"},{"@type":"Organization","@id":"https:\/\/www.estrategiaconcursos.com.br\/blog\/#organization","name":"Estrat\u00e9gia Concursos","url":"https:\/\/www.estrategiaconcursos.com.br\/blog\/","logo":{"@type":"ImageObject","inLanguage":"pt-BR","@id":"https:\/\/www.estrategiaconcursos.com.br\/blog\/#\/schema\/logo\/image\/","url":"https:\/\/dhg1h5j42swfq.cloudfront.net\/2025\/06\/03203428\/logo_concursos-1.jpg","contentUrl":"https:\/\/dhg1h5j42swfq.cloudfront.net\/2025\/06\/03203428\/logo_concursos-1.jpg","width":230,"height":60,"caption":"Estrat\u00e9gia Concursos"},"image":{"@id":"https:\/\/www.estrategiaconcursos.com.br\/blog\/#\/schema\/logo\/image\/"},"sameAs":["https:\/\/x.com\/EstratConcursos"]},{"@type":"Person","@id":"https:\/\/www.estrategiaconcursos.com.br\/blog\/#\/schema\/person\/6630f91134abc08115cca62ce6372855","name":"Bruna de Andrade Fran\u00e7a","image":{"@type":"ImageObject","inLanguage":"pt-BR","@id":"https:\/\/secure.gravatar.com\/avatar\/d6316d36d50cea0fadae28ed3015b8870cc90a2d3d8a95c37b44006af36a00e3?s=96&d=mm&r=g","url":"https:\/\/secure.gravatar.com\/avatar\/d6316d36d50cea0fadae28ed3015b8870cc90a2d3d8a95c37b44006af36a00e3?s=96&d=mm&r=g","contentUrl":"https:\/\/secure.gravatar.com\/avatar\/d6316d36d50cea0fadae28ed3015b8870cc90a2d3d8a95c37b44006af36a00e3?s=96&d=mm&r=g","caption":"Bruna de Andrade Fran\u00e7a"},"description":"Bruna de Andrade Fran\u00e7a \u00e9 publicit\u00e1ria com p\u00f3s-gradua\u00e7\u00e3o em Marketing &amp; Growth, atuando h\u00e1 mais de 6 anos no universo dos concursos p\u00fablicos. Desde 2021, lidera no Blog do Estrat\u00e9gia Concursos a cobertura editorial especializada em Concursos Policiais (PF, PRF, PM, PC, etc.), al\u00e9m das frentes de concursos banc\u00e1rios, de sa\u00fade e da \u00e1rea legislativa. Especialista em reda\u00e7\u00e3o, com pr\u00e1ticas de SEO e Copywriting, possui tamb\u00e9m atua\u00e7\u00e3o pr\u00e1tica de contato direto com \u00f3rg\u00e3os p\u00fablicos respons\u00e1veis por editais, permitindo acesso antecipado a informa\u00e7\u00f5es, desdobramentos importantes e atualiza\u00e7\u00e3o eficiente dos concursos p\u00fablicos.","url":"https:\/\/www.estrategiaconcursos.com.br\/blog\/author\/bruna-andrade\/"},{"@type":"Question","@id":"https:\/\/www.estrategiaconcursos.com.br\/blog\/concurso-detran-df\/#faq-question-1758214608738","position":1,"url":"https:\/\/www.estrategiaconcursos.com.br\/blog\/concurso-detran-df\/#faq-question-1758214608738","name":"Quando ser\u00e1 o pr\u00f3ximo Concurso Detran DF?","answerCount":1,"acceptedAnswer":{"@type":"Answer","text":"Ainda n\u00e3o h\u00e1 uma data espec\u00edfica para o pr\u00f3ximo edital do Detran DF. Entretanto, foi anunciado um novo concurso para o cargo de Agente de Tr\u00e2nsito. O \u00faltimo certame foi realizado em 2022 e segue v\u00e1lido at\u00e9 abril de 2027. ","inLanguage":"pt-BR"},"inLanguage":"pt-BR"},{"@type":"Question","@id":"https:\/\/www.estrategiaconcursos.com.br\/blog\/concurso-detran-df\/#faq-question-1758214858258","position":2,"url":"https:\/\/www.estrategiaconcursos.com.br\/blog\/concurso-detran-df\/#faq-question-1758214858258","name":"Quantas quest\u00f5es tem a prova do Concurso Detran DF?","answerCount":1,"acceptedAnswer":{"@type":"Answer","text":"Em seu \u00faltimo edital, a prova objetivo cobrou 60 quest\u00f5es objetivas, sendo 30 quest\u00f5es de Conhecimentos Gerais (L\u00edngua Portuguesa, No\u00e7\u00f5es de Inform\u00e1tica, Conhecimentos sobre o Distrito Federal e Legisla\u00e7\u00e3o Geral) e 30 quest\u00f5es de Conhecimentos Espec\u00edficos.","inLanguage":"pt-BR"},"inLanguage":"pt-BR"}]}},"_links":{"self":[{"href":"https:\/\/www.estrategiaconcursos.com.br\/blog\/wp-json\/wp\/v2\/posts\/162870","targetHints":{"allow":["GET"]}}],"collection":[{"href":"https:\/\/www.estrategiaconcursos.com.br\/blog\/wp-json\/wp\/v2\/posts"}],"about":[{"href":"https:\/\/www.estrategiaconcursos.com.br\/blog\/wp-json\/wp\/v2\/types\/post"}],"author":[{"embeddable":true,"href":"https:\/\/www.estrategiaconcursos.com.br\/blog\/wp-json\/wp\/v2\/users\/1206"}],"replies":[{"embeddable":true,"href":"https:\/\/www.estrategiaconcursos.com.br\/blog\/wp-json\/wp\/v2\/comments?post=162870"}],"version-history":[{"count":208,"href":"https:\/\/www.estrategiaconcursos.com.br\/blog\/wp-json\/wp\/v2\/posts\/162870\/revisions"}],"predecessor-version":[{"id":1747353,"href":"https:\/\/www.estrategiaconcursos.com.br\/blog\/wp-json\/wp\/v2\/posts\/162870\/revisions\/1747353"}],"wp:featuredmedia":[{"embeddable":true,"href":"https:\/\/www.estrategiaconcursos.com.br\/blog\/wp-json\/wp\/v2\/media\/761000"}],"wp:attachment":[{"href":"https:\/\/www.estrategiaconcursos.com.br\/blog\/wp-json\/wp\/v2\/media?parent=162870"}],"wp:term":[{"taxonomy":"category","embeddable":true,"href":"https:\/\/www.estrategiaconcursos.com.br\/blog\/wp-json\/wp\/v2\/categories?post=162870"},{"taxonomy":"post_tag","embeddable":true,"href":"https:\/\/www.estrategiaconcursos.com.br\/blog\/wp-json\/wp\/v2\/tags?post=162870"},{"taxonomy":"tax_estado","embeddable":true,"href":"https:\/\/www.estrategiaconcursos.com.br\/blog\/wp-json\/wp\/v2\/tax_estado?post=162870"}],"curies":[{"name":"wp","href":"https:\/\/api.w.org\/{rel}","templated":true}]}}