{"id":1628129,"date":"2026-04-07T00:51:12","date_gmt":"2026-04-07T03:51:12","guid":{"rendered":"https:\/\/www.estrategiaconcursos.com.br\/blog\/?p=1628129"},"modified":"2026-04-08T11:01:46","modified_gmt":"2026-04-08T14:01:46","slug":"concurso-mp-es-2026-edital-publicado","status":"publish","type":"post","link":"https:\/\/www.estrategiaconcursos.com.br\/blog\/concurso-mp-es-2026-edital-publicado\/","title":{"rendered":"Edital MP ES: inscri\u00e7\u00f5es at\u00e9 11 de junho para 60 vagas!"},"content":{"rendered":"\n<p>Foi publicado o aguardado edital do concurso MP ES (<strong><a href=\"https:\/\/www.estrategiaconcursos.com.br\/cursosPorConcurso\/ministerio-publico-do-espirito-santo-mp-es-servidores\/\" target=\"_blank\" rel=\"noreferrer noopener\">Minist\u00e9rio P\u00fablico do Esp\u00edrito Santo<\/a><\/strong>) com oferta de 60 vagas.<\/p>\n\n\n\n<p>As oportunidades s\u00e3o para os cargos de<strong> Agente de Apoio, Agente T\u00e9cnico e Agente Especializado,<\/strong> de n\u00edveis m\u00e9dio e superior. Os sal\u00e1rios variam de <strong>R$ 5.073,26 a R$ 10.453,81<\/strong>.<\/p>\n\n\n\n<p>Sob organiza\u00e7\u00e3o da FGV, as inscri\u00e7\u00f5es seguem at\u00e9 o dia 11 de junho. As taxas foram fixadas em R$ 95,00 e R$ 120,00.<\/p>\n\n\n\n<p>J\u00e1 as provas ser\u00e3o aplicadas em 2 de agosto. Veja todos os detalhes no decorrer deste artigo!<\/p>\n\n\n\n<ul style=\"background-color:#abb7c252\" class=\"wp-block-list has-background\">\n<li><strong>Status<\/strong>: inscri\u00e7\u00f5es abertas<\/li>\n\n\n\n<li><strong>Banca:<\/strong>&nbsp;<a href=\"https:\/\/conhecimento.fgv.br\/concursos\/mpes26\">FGV<\/a><\/li>\n\n\n\n<li><strong>Vagas:<\/strong>&nbsp;60<\/li>\n\n\n\n<li><strong>Cargo<\/strong>: Agentes<\/li>\n\n\n\n<li><strong>Sal\u00e1rio inicial:<\/strong>&nbsp;R$ 5.073,26 a R$ 10.453,81<\/li>\n\n\n\n<li><strong>Edital<\/strong>:&nbsp;<a href=\"https:\/\/dhg1h5j42swfq.cloudfront.net\/2026\/03\/12005205\/mp-es-edital-2026.pdf\" target=\"_blank\" rel=\"noreferrer noopener nofollow\">MP ES 2026<\/a><\/li>\n<\/ul>\n\n\n\n<div class=\"row\">\n\n    <div class=\"col-sm\">\n      <div class=\"banner-ecj\" id=\"box-assinatura\">\n        <h3 class=\"titulo-assinatura\">Cursos Concurso MP ES <\/h3>\n        <p class=\"subtitulo-assinatura\">Cursos focados no edital do concurso<\/p>\n        <div class=\"box-botao\">\n          <a class=\"btn-assinatura\" target=\"_blank\" href=\"https:\/\/www.estrategiaconcursos.com.br\/cursosPorConcurso\/ministerio-publico-do-espirito-santo-mp-es-servidores\/\" role=\"button\" rel=\"noopener noreferrer\">Conhe\u00e7a mais<\/a>\n        <\/div>\n      <\/div>\n      <p class=\"texto-auxiliar\">Prepare-se com o melhor material e com quem mais aprova em concursos de Procuradorias em todo o pa\u00eds. \n<\/p>\n    <\/div>\n\n  <\/div>\n\n\n\n<h2 class=\"wp-block-heading\" id=\"datas\">Principais datas do edital MP ES<\/h2>\n\n\n\n<p><strong>Inscri\u00e7\u00f5es<\/strong>: 12\/03 a 11\/06<br \/><s><strong>Isen\u00e7\u00e3o da taxa<\/strong>: 12 a 18\/03<br \/><\/s><strong>\u00daltimo dia para pagamento<\/strong>: 12\/06<br \/><strong>Prova<\/strong>: 02\/08<\/p>\n\n\n\n<h2 class=\"wp-block-heading\" id=\"cargos-vagas\">Cargos e vagas do edital MP ES<\/h2>\n\n\n\n<h3 class=\"wp-block-heading\" id=\"h-nivel-medio\">N\u00edvel m\u00e9dio<\/h3>\n\n\n\n<figure class=\"wp-block-table is-style-stripes\"><table class=\"has-fixed-layout\"><thead><tr><th class=\"has-text-align-center\" data-align=\"center\">CARGOS<\/th><th class=\"has-text-align-center\" data-align=\"center\">VAGAS<\/th><th class=\"has-text-align-center\" data-align=\"center\">SAL\u00c1RIO<\/th><th>REQUISITOS<\/th><\/tr><\/thead><tbody><tr><td class=\"has-text-align-center\" data-align=\"center\">Agente de Apoio<\/td><td class=\"has-text-align-center\" data-align=\"center\">20<\/td><td class=\"has-text-align-center\" data-align=\"center\">R$ 5.073,26<\/td><td>N\u00edvel m\u00e9dio<\/td><\/tr><tr><td class=\"has-text-align-center\" data-align=\"center\">Agente T\u00e9cnico<\/td><td class=\"has-text-align-center\" data-align=\"center\">31<\/td><td class=\"has-text-align-center\" data-align=\"center\">R$ 7.312,44<\/td><td>N\u00edvel superior<\/td><\/tr><tr><td class=\"has-text-align-center\" data-align=\"center\">Agente Especializado<\/td><td class=\"has-text-align-center\" data-align=\"center\">9<\/td><td class=\"has-text-align-center\" data-align=\"center\">R$ 10.453,81<\/td><td>N\u00edvel superior<\/td><\/tr><\/tbody><\/table><\/figure>\n\n\n\n<p><span style=\"text-decoration: underline;\">Especialidades Agente T\u00e9cnico:<\/span><\/p>\n\n\n\n<ul class=\"wp-block-list\">\n<li>Administrador<\/li>\n\n\n\n<li>Antrop\u00f3logo<\/li>\n\n\n\n<li>Arquiteto<\/li>\n\n\n\n<li>Assistente Social<\/li>\n\n\n\n<li>Atuarial<\/li>\n\n\n\n<li>Bacharel Log\u00edstica <\/li>\n\n\n\n<li>Bi\u00f3logo<\/li>\n\n\n\n<li>Contador<\/li>\n\n\n\n<li>Desenvolvedor<\/li>\n\n\n\n<li>DevOps<\/li>\n\n\n\n<li>Economista<\/li>\n\n\n\n<li>Enfermeiro<\/li>\n\n\n\n<li>Engenheiro Agr\u00f4nomo<\/li>\n\n\n\n<li>Engenheiro Ambiental<\/li>\n\n\n\n<li>Engenheiro Civil<\/li>\n\n\n\n<li>Engenheiro de Produ\u00e7\u00e3o<\/li>\n\n\n\n<li>Engenheiro de Seguran\u00e7a do Trabalho<\/li>\n\n\n\n<li>Engenheiro Mec\u00e2nico<\/li>\n\n\n\n<li>Estat\u00edstico<\/li>\n\n\n\n<li>Fisioterapeuta<\/li>\n\n\n\n<li>Governan\u00e7a em TI<\/li>\n\n\n\n<li>Historiador<\/li>\n\n\n\n<li>Inova\u00e7\u00e3o<\/li>\n\n\n\n<li>M\u00e9dico-veterin\u00e1rio<\/li>\n\n\n\n<li>Nutricionista<\/li>\n\n\n\n<li>Operador de Infraestrutura<\/li>\n\n\n\n<li>Operador de Redes e Telecomunica\u00e7\u00f5es<\/li>\n\n\n\n<li>Pedagogo<\/li>\n\n\n\n<li>Psic\u00f3logo<\/li>\n\n\n\n<li>Qualidade e Testes de Software<\/li>\n<\/ul>\n\n\n\n<p><span style=\"text-decoration: underline;\">Especialidades Agente Especializado:<\/span><\/p>\n\n\n\n<ul class=\"wp-block-list\">\n<li>Analista de Experi\u00eancia do Usu\u00e1rio (UX)<\/li>\n\n\n\n<li>Analista de Infraestrutura<\/li>\n\n\n\n<li>Analista de Seguran\u00e7a da Informa\u00e7\u00e3o<\/li>\n\n\n\n<li>Analista de Sistemas<\/li>\n\n\n\n<li>Cientista de Dados e Intelig\u00eancia de Neg\u00f3cios<\/li>\n\n\n\n<li>Engenheiro de Dados<\/li>\n\n\n\n<li>M\u00e9dico<\/li>\n\n\n\n<li>M\u00e9dico do Trabalho<\/li>\n\n\n\n<li>M\u00e9dico Psiquiatra<\/li>\n<\/ul>\n\n\n\n<h2 class=\"wp-block-heading\" id=\"etapas\">Etapas e provas<\/h2>\n\n\n\n<p>Sob organiza\u00e7\u00e3o da banca FGV os candidatos inscritos no edital do concurso MP ES ser\u00e3o avaliados por meio da aplica\u00e7\u00e3o das seguintes etapas:<\/p>\n\n\n\n<ul class=\"wp-block-list\">\n<li><strong>Prova Objetiva<\/strong>&nbsp;\u2013 eliminat\u00f3rio e classificat\u00f3rio;<\/li>\n\n\n\n<li><strong>Prova Discursiva<\/strong> \u2013 eliminat\u00f3rio e classificat\u00f3rio;<\/li>\n\n\n\n<li><strong>Prova de t\u00edtulos <\/strong>&#8211; para cargos de n\u00edvel superior<\/li>\n<\/ul>\n\n\n\n<h3 class=\"wp-block-heading\" id=\"objetiva\">Provas Objetivas<\/h3>\n\n\n\n<p>A prova objetiva ser\u00e1 composta por 60 quest\u00f5es de m\u00faltipla escolha, sendo 5 alternativas e apenas uma a correta.<\/p>\n\n\n\n<p>N\u00edvel m\u00e9dio<\/p>\n\n\n\n<figure class=\"wp-block-image aligncenter size-full\"><img loading=\"lazy\" decoding=\"async\" width=\"547\" height=\"238\" src=\"https:\/\/dhg1h5j42swfq.cloudfront.net\/2026\/03\/12011130\/image-73.png\" alt=\"prova objetiva do concurso mp es n\u00edvel m\u00e9dio\" class=\"wp-image-1731549\" srcset=\"https:\/\/dhg1h5j42swfq.cloudfront.net\/2026\/03\/12011130\/image-73.png 547w, https:\/\/dhg1h5j42swfq.cloudfront.net\/2026\/03\/12011130\/image-73-300x131.png 300w, https:\/\/dhg1h5j42swfq.cloudfront.net\/2026\/03\/12011130\/image-73-150x65.png 150w\" sizes=\"auto, (max-width: 547px) 100vw, 547px\" \/><\/figure>\n\n\n\n<p>N\u00edvel superior:<\/p>\n\n\n\n<figure class=\"wp-block-image aligncenter size-full is-resized\"><img loading=\"lazy\" decoding=\"async\" width=\"485\" height=\"222\" src=\"https:\/\/dhg1h5j42swfq.cloudfront.net\/2026\/03\/12011245\/provas-mpes.jpg\" alt=\"prova objetiva mp es n\u00edvel superior\" class=\"wp-image-1731550\" style=\"width:595px;height:auto\" srcset=\"https:\/\/dhg1h5j42swfq.cloudfront.net\/2026\/03\/12011245\/provas-mpes.jpg 485w, https:\/\/dhg1h5j42swfq.cloudfront.net\/2026\/03\/12011245\/provas-mpes-300x137.jpg 300w, https:\/\/dhg1h5j42swfq.cloudfront.net\/2026\/03\/12011245\/provas-mpes-150x69.jpg 150w\" sizes=\"auto, (max-width: 485px) 100vw, 485px\" \/><\/figure>\n\n\n\n<p>As quest\u00f5es do M\u00f3dulo I valem 1 ponto cada, totalizando 20 pontos e as quest\u00f5es do M\u00f3dulo II valem 1,5 ponto cada, totalizando 60 pontos.<\/p>\n\n\n\n<p>Ser\u00e1 considerado aprovado na Prova Objetiva para o cargo de Agente de Apoio (n\u00edvel m\u00e9dio) o candidato que atender, simultaneamente, aos seguintes crit\u00e9rios:<\/p>\n\n\n\n<ul class=\"wp-block-list\">\n<li>a) obter, no m\u00ednimo, 50% (cinquenta por cento) de acertos nas quest\u00f5es do M\u00f3dulo I &#8211; Conhecimentos B\u00e1sicos;<\/li>\n\n\n\n<li>b) obter, no m\u00ednimo, 50% (cinquenta por cento) de acertos nas quest\u00f5es do M\u00f3dulo II &#8211; Conhecimentos Espec\u00edficos. <\/li>\n<\/ul>\n\n\n\n<p>Ser\u00e1 considerado aprovado na Prova Objetiva para os cargos de Agente T\u00e9cnico e Agente Especializado (n\u00edvel superior) o candidato que atender, simultaneamente, aos seguintes crit\u00e9rios:<\/p>\n\n\n\n<ul class=\"wp-block-list\">\n<li>a) obter, no m\u00ednimo, 50% (cinquenta por cento) de acertos nas quest\u00f5es do M\u00f3dulo I &#8211; Conhecimentos B\u00e1sicos;<\/li>\n\n\n\n<li>b) obter, no m\u00ednimo, 50% (cinquenta por cento) de acertos nas quest\u00f5es do M\u00f3dulo II &#8211; Conhecimentos Espec\u00edficos.<\/li>\n<\/ul>\n\n\n\n<h3 class=\"wp-block-heading\" id=\"h-provas-discursivas\">Provas Discursivas<\/h3>\n\n\n\n<p>A Prova Discursiva para o cargo de Agente de Apoio consistir\u00e1 em uma reda\u00e7\u00e3o, que dever\u00e1 ser redigida em g\u00eanero dissertativo-argumentativo, com n\u00famero m\u00ednimo de 20 e m\u00e1ximo de 30 linhas, valendo at\u00e9 20 pontos.<\/p>\n\n\n\n<p>Para os cargos de Agente T\u00e9cnico e Agente Especializado, a Prova Discursiva ser\u00e1 composta por 2 quest\u00f5es dissertativas de conhecimentos espec\u00edficos a serem respondidas em at\u00e9 15 linhas para cada resposta. Cada quest\u00e3o ter\u00e1 o valor de 10 pontos, totalizando 20 pontos.<\/p>\n\n\n\n<h3 class=\"wp-block-heading\" id=\"h-prova-de-titulos\">Prova de T\u00edtulos<\/h3>\n\n\n\n<p>A Prova de T\u00edtulos ser\u00e1 realizada apenas para os cargos de n\u00edvel superior (Agente T\u00e9cnico e Agente Especializado).<\/p>\n\n\n\n<figure class=\"wp-block-image aligncenter size-full\"><img loading=\"lazy\" decoding=\"async\" width=\"608\" height=\"462\" src=\"https:\/\/dhg1h5j42swfq.cloudfront.net\/2026\/03\/12011915\/titulos-mpes.jpg\" alt=\"T\u00edtulos do concurso MP ES\" class=\"wp-image-1731553\" srcset=\"https:\/\/dhg1h5j42swfq.cloudfront.net\/2026\/03\/12011915\/titulos-mpes.jpg 608w, https:\/\/dhg1h5j42swfq.cloudfront.net\/2026\/03\/12011915\/titulos-mpes-300x228.jpg 300w, https:\/\/dhg1h5j42swfq.cloudfront.net\/2026\/03\/12011915\/titulos-mpes-150x114.jpg 150w\" sizes=\"auto, (max-width: 608px) 100vw, 608px\" \/><\/figure>\n\n\n\n<p class=\"has-text-align-center has-light-green-cyan-background-color has-background\"><strong>Acompanhe tudo sobre o edital MP ES, <a href=\"https:\/\/www.estrategiaconcursos.com.br\/blog\/concurso-mp-es\/\">clicando aqui!<\/a><\/strong><\/p>\n\n\n\n<h2 class=\"wp-block-heading has-text-align-center\" id=\"h-quer-saber-tudo-sobre-concursos-previstos-confira-nossos-artigos\">Quer saber tudo sobre concursos previstos?<br \/>Confira nossos artigos!<\/h2>\n\n\n\n<ul class=\"wp-block-list\">\n<li><a href=\"https:\/\/www.estrategiaconcursos.com.br\/blog\/concursos-abertos\/\" target=\"_blank\" rel=\"noreferrer noopener\">Concursos abertos<\/a><\/li>\n\n\n\n<li><a href=\"https:\/\/www.estrategiaconcursos.com.br\/blog\/concursos-mp\/\">Concursos MP<\/a><\/li>\n\n\n\n<li><a href=\"https:\/\/www.estrategiaconcursos.com.br\/blog\/concursos-2026\/\">Concursos 2026<\/a><\/li>\n<\/ul>\n\n\n\n<h2 class=\"wp-block-heading has-text-align-center\" id=\"cursos\">Cursos para o concurso MP ES<\/h2>\n\n\n\n<div class=\"row\">\n\n    <div class=\"col-sm\">\n      <div class=\"banner-ecj\" id=\"box-assinatura\">\n        <h3 class=\"titulo-assinatura\">Cursos Concurso MP ES <\/h3>\n        <p class=\"subtitulo-assinatura\">Cursos focados no edital do concurso<\/p>\n        <div class=\"box-botao\">\n          <a class=\"btn-assinatura\" target=\"_blank\" href=\"https:\/\/www.estrategiaconcursos.com.br\/cursosPorConcurso\/ministerio-publico-do-espirito-santo-mp-es-servidores\/\" role=\"button\" rel=\"noopener noreferrer\">Conhe\u00e7a mais<\/a>\n        <\/div>\n      <\/div>\n      <p class=\"texto-auxiliar\">Prepare-se com o melhor material e com quem mais aprova em concursos de Procuradorias em todo o pa\u00eds. \n<\/p>\n    <\/div>\n\n  <\/div>\n\n\n\n<div class=\"container\" id=\"boxes\">\n  <div class=\"row\">\n\n    <div class=\"col-sm\">\n      <div class=\"estrategia\" id=\"box-assinatura\">\n        <h3 class=\"titulo-assinatura\">Assinatura Concursos<\/h3>\n        <p class=\"subtitulo-assinatura\">Assinatura de 1 ano ou 2 anos<\/p>\n        <div class=\"box-botao\">\n          <a class=\"btn-assinatura\" target=\"_blank\" href=\"https:\/\/www.estrategiaconcursos.com.br\/assinaturas\/\" role=\"button\" rel=\"noopener noreferrer\">ASSINE AGORA<\/a>\n        <\/div>\n      <\/div>\n     \n    <\/div><\/div><\/div>\n\n\n\n<figure class=\"wp-block-image size-large is-resized\"><img loading=\"lazy\" decoding=\"async\" width=\"1024\" height=\"632\" src=\"https:\/\/dhg1h5j42swfq.cloudfront.net\/2021\/04\/06114818\/ficha-tecnica-65-1024x632.png\" alt=\"Ficha t\u00e9cnica concurso MP ES\" class=\"wp-image-708383\" style=\"width:212px;height:131px\" srcset=\"https:\/\/dhg1h5j42swfq.cloudfront.net\/2021\/04\/06114818\/ficha-tecnica-65-1024x632.png 1024w, https:\/\/dhg1h5j42swfq.cloudfront.net\/2021\/04\/06114818\/ficha-tecnica-65-300x185.png 300w, https:\/\/dhg1h5j42swfq.cloudfront.net\/2021\/04\/06114818\/ficha-tecnica-65-768x474.png 768w, https:\/\/dhg1h5j42swfq.cloudfront.net\/2021\/04\/06114818\/ficha-tecnica-65-1536x948.png 1536w, https:\/\/dhg1h5j42swfq.cloudfront.net\/2021\/04\/06114818\/ficha-tecnica-65-610x377.png 610w, https:\/\/dhg1h5j42swfq.cloudfront.net\/2021\/04\/06114818\/ficha-tecnica-65.png 1571w\" sizes=\"auto, (max-width: 1024px) 100vw, 1024px\" \/><\/figure>\n\n\n\n<p id=\"ficha\"><strong>Informa\u00e7\u00f5es sobre o pr\u00f3ximo concurso MP ES<\/strong><\/p>\n\n\n\n<p>\u25ba<strong>Vagas<\/strong>: a definir<br \/>\u25ba<strong>Cargos<\/strong>: a definir<br \/>\u25ba<strong>Lota\u00e7\u00f5es<\/strong>: Esp\u00edrito Santo<br \/>\u25ba<strong>Banca<\/strong>: FGV<br \/>\u25ba<strong>Escolaridade<\/strong>: N\u00edvel m\u00e9dio e superior<br \/>\u25ba<strong>\u00daltimo edital<\/strong>:&nbsp;<a href=\"https:\/\/dhg1h5j42swfq.cloudfront.net\/2019\/01\/15130122\/0aba69f1-d488-4f56-a6fb-3a5dad97b407.pdf\" target=\"_blank\" rel=\"noreferrer noopener nofollow\">MP ES 2013<\/a><\/p>\n","protected":false},"excerpt":{"rendered":"<p>Foi publicado o aguardado edital do concurso MP ES (Minist\u00e9rio P\u00fablico do Esp\u00edrito Santo) com oferta de 60 vagas. As oportunidades s\u00e3o para os cargos de Agente de Apoio, Agente T\u00e9cnico e Agente Especializado, de n\u00edveis m\u00e9dio e superior. Os sal\u00e1rios variam de R$ 5.073,26 a R$ 10.453,81. Sob organiza\u00e7\u00e3o da FGV, as inscri\u00e7\u00f5es seguem [&hellip;]<\/p>\n","protected":false},"author":2134,"featured_media":1407406,"comment_status":"open","ping_status":"closed","sticky":false,"template":"","format":"standard","meta":{"post_tipo":"news","footnotes":""},"categories":[1984,220219],"tags":[],"tax_estado":[219971],"class_list":["post-1628129","post","type-post","status-publish","format-standard","has-post-thumbnail","hentry","category-tribunais","category-noticias","tax_estado-es"],"acf":[],"yoast_head":"<!-- This site is optimized with the Yoast SEO Premium plugin v27.2 (Yoast SEO v27.2) - https:\/\/yoast.com\/product\/yoast-seo-premium-wordpress\/ -->\n<title>Edital MP ES: inscri\u00e7\u00f5es at\u00e9 11 de junho para 60 vagas!<\/title>\n<meta name=\"description\" content=\"Edital MP ES publicado com 60 vagas! Confira as principais informa\u00e7\u00f5es da sele\u00e7\u00e3o, organize seus estudos e saia na frente!\" \/>\n<meta name=\"robots\" content=\"index, follow, max-snippet:-1, max-image-preview:large, max-video-preview:-1\" \/>\n<link rel=\"canonical\" href=\"https:\/\/www.estrategiaconcursos.com.br\/blog\/concurso-mp-es-2026-edital-publicado\/\" \/>\n<meta property=\"og:locale\" content=\"pt_BR\" \/>\n<meta property=\"og:type\" content=\"article\" \/>\n<meta property=\"og:title\" content=\"Edital MP ES: inscri\u00e7\u00f5es at\u00e9 11 de junho para 60 vagas!\" \/>\n<meta property=\"og:description\" content=\"Edital MP ES publicado com 60 vagas! Confira as principais informa\u00e7\u00f5es da sele\u00e7\u00e3o, organize seus estudos e saia na frente!\" \/>\n<meta property=\"og:url\" content=\"https:\/\/www.estrategiaconcursos.com.br\/blog\/concurso-mp-es-2026-edital-publicado\/\" \/>\n<meta property=\"og:site_name\" content=\"Estrat\u00e9gia Concursos\" \/>\n<meta property=\"article:published_time\" content=\"2026-04-07T03:51:12+00:00\" \/>\n<meta property=\"article:modified_time\" content=\"2026-04-08T14:01:46+00:00\" \/>\n<meta property=\"og:image\" content=\"https:\/\/dhg1h5j42swfq.cloudfront.net\/2024\/05\/30132256\/mp-es.jpg\" \/>\n\t<meta property=\"og:image:width\" content=\"768\" \/>\n\t<meta property=\"og:image:height\" content=\"432\" \/>\n\t<meta property=\"og:image:type\" content=\"image\/jpeg\" \/>\n<meta name=\"author\" content=\"Rafaela Teixeira\" \/>\n<meta name=\"twitter:card\" content=\"summary_large_image\" \/>\n<meta name=\"twitter:creator\" content=\"@EstratConcursos\" \/>\n<meta name=\"twitter:site\" content=\"@EstratConcursos\" \/>\n<meta name=\"twitter:label1\" content=\"Escrito por\" \/>\n\t<meta name=\"twitter:data1\" content=\"Rafaela Teixeira\" \/>\n\t<meta name=\"twitter:label2\" content=\"Est. tempo de leitura\" \/>\n\t<meta name=\"twitter:data2\" content=\"4 minutos\" \/>\n<script type=\"application\/ld+json\" class=\"yoast-schema-graph\">{\"@context\":\"https:\/\/schema.org\",\"@graph\":[{\"@type\":\"NewsArticle\",\"@id\":\"https:\/\/www.estrategiaconcursos.com.br\/blog\/concurso-mp-es-2026-edital-publicado\/#article\",\"isPartOf\":{\"@id\":\"https:\/\/www.estrategiaconcursos.com.br\/blog\/concurso-mp-es-2026-edital-publicado\/\"},\"author\":{\"name\":\"Rafaela Teixeira\",\"@id\":\"https:\/\/www.estrategiaconcursos.com.br\/blog\/#\/schema\/person\/e75352021ea7f60781c599934f916eb1\"},\"headline\":\"Edital MP ES: inscri\u00e7\u00f5es at\u00e9 11 de junho para 60 vagas!\",\"datePublished\":\"2026-04-07T03:51:12+00:00\",\"dateModified\":\"2026-04-08T14:01:46+00:00\",\"mainEntityOfPage\":{\"@id\":\"https:\/\/www.estrategiaconcursos.com.br\/blog\/concurso-mp-es-2026-edital-publicado\/\"},\"wordCount\":785,\"commentCount\":0,\"publisher\":{\"@id\":\"https:\/\/www.estrategiaconcursos.com.br\/blog\/#organization\"},\"image\":{\"@id\":\"https:\/\/www.estrategiaconcursos.com.br\/blog\/concurso-mp-es-2026-edital-publicado\/#primaryimage\"},\"thumbnailUrl\":\"https:\/\/dhg1h5j42swfq.cloudfront.net\/2024\/05\/30132256\/mp-es.jpg\",\"articleSection\":[\"Tribunais\",\"\u00daltimas not\u00edcias\"],\"inLanguage\":\"pt-BR\",\"potentialAction\":[{\"@type\":\"CommentAction\",\"name\":\"Comment\",\"target\":[\"https:\/\/www.estrategiaconcursos.com.br\/blog\/concurso-mp-es-2026-edital-publicado\/#respond\"]}],\"copyrightYear\":\"2026\",\"copyrightHolder\":{\"@id\":\"https:\/\/www.estrategiaconcursos.com.br\/blog\/#organization\"}},{\"@type\":\"WebPage\",\"@id\":\"https:\/\/www.estrategiaconcursos.com.br\/blog\/concurso-mp-es-2026-edital-publicado\/\",\"url\":\"https:\/\/www.estrategiaconcursos.com.br\/blog\/concurso-mp-es-2026-edital-publicado\/\",\"name\":\"Edital MP ES: inscri\u00e7\u00f5es at\u00e9 11 de junho para 60 vagas!\",\"isPartOf\":{\"@id\":\"https:\/\/www.estrategiaconcursos.com.br\/blog\/#website\"},\"primaryImageOfPage\":{\"@id\":\"https:\/\/www.estrategiaconcursos.com.br\/blog\/concurso-mp-es-2026-edital-publicado\/#primaryimage\"},\"image\":{\"@id\":\"https:\/\/www.estrategiaconcursos.com.br\/blog\/concurso-mp-es-2026-edital-publicado\/#primaryimage\"},\"thumbnailUrl\":\"https:\/\/dhg1h5j42swfq.cloudfront.net\/2024\/05\/30132256\/mp-es.jpg\",\"datePublished\":\"2026-04-07T03:51:12+00:00\",\"dateModified\":\"2026-04-08T14:01:46+00:00\",\"description\":\"Edital MP ES publicado com 60 vagas! Confira as principais informa\u00e7\u00f5es da sele\u00e7\u00e3o, organize seus estudos e saia na frente!\",\"breadcrumb\":{\"@id\":\"https:\/\/www.estrategiaconcursos.com.br\/blog\/concurso-mp-es-2026-edital-publicado\/#breadcrumb\"},\"inLanguage\":\"pt-BR\",\"potentialAction\":[{\"@type\":\"ReadAction\",\"target\":[\"https:\/\/www.estrategiaconcursos.com.br\/blog\/concurso-mp-es-2026-edital-publicado\/\"]}]},{\"@type\":\"ImageObject\",\"inLanguage\":\"pt-BR\",\"@id\":\"https:\/\/www.estrategiaconcursos.com.br\/blog\/concurso-mp-es-2026-edital-publicado\/#primaryimage\",\"url\":\"https:\/\/dhg1h5j42swfq.cloudfront.net\/2024\/05\/30132256\/mp-es.jpg\",\"contentUrl\":\"https:\/\/dhg1h5j42swfq.cloudfront.net\/2024\/05\/30132256\/mp-es.jpg\",\"width\":768,\"height\":432,\"caption\":\"concurso mp es\"},{\"@type\":\"BreadcrumbList\",\"@id\":\"https:\/\/www.estrategiaconcursos.com.br\/blog\/concurso-mp-es-2026-edital-publicado\/#breadcrumb\",\"itemListElement\":[{\"@type\":\"ListItem\",\"position\":1,\"name\":\"In\u00edcio\",\"item\":\"https:\/\/www.estrategiaconcursos.com.br\/blog\/\"},{\"@type\":\"ListItem\",\"position\":2,\"name\":\"Edital MP ES: inscri\u00e7\u00f5es at\u00e9 11 de junho para 60 vagas!\"}]},{\"@type\":\"WebSite\",\"@id\":\"https:\/\/www.estrategiaconcursos.com.br\/blog\/#website\",\"url\":\"https:\/\/www.estrategiaconcursos.com.br\/blog\/\",\"name\":\"Estrat\u00e9gia Concursos\",\"description\":\"O blog da Estrat\u00e9gia Concursos traz not\u00edcias sobre concursos e artigos de professores oferecendo cursos para concursos (pdf + videaulas) no site.\",\"publisher\":{\"@id\":\"https:\/\/www.estrategiaconcursos.com.br\/blog\/#organization\"},\"potentialAction\":[{\"@type\":\"SearchAction\",\"target\":{\"@type\":\"EntryPoint\",\"urlTemplate\":\"https:\/\/www.estrategiaconcursos.com.br\/blog\/?s={search_term_string}\"},\"query-input\":{\"@type\":\"PropertyValueSpecification\",\"valueRequired\":true,\"valueName\":\"search_term_string\"}}],\"inLanguage\":\"pt-BR\"},{\"@type\":\"Organization\",\"@id\":\"https:\/\/www.estrategiaconcursos.com.br\/blog\/#organization\",\"name\":\"Estrat\u00e9gia Concursos\",\"url\":\"https:\/\/www.estrategiaconcursos.com.br\/blog\/\",\"logo\":{\"@type\":\"ImageObject\",\"inLanguage\":\"pt-BR\",\"@id\":\"https:\/\/www.estrategiaconcursos.com.br\/blog\/#\/schema\/logo\/image\/\",\"url\":\"https:\/\/dhg1h5j42swfq.cloudfront.net\/2025\/06\/03203428\/logo_concursos-1.jpg\",\"contentUrl\":\"https:\/\/dhg1h5j42swfq.cloudfront.net\/2025\/06\/03203428\/logo_concursos-1.jpg\",\"width\":230,\"height\":60,\"caption\":\"Estrat\u00e9gia Concursos\"},\"image\":{\"@id\":\"https:\/\/www.estrategiaconcursos.com.br\/blog\/#\/schema\/logo\/image\/\"},\"sameAs\":[\"https:\/\/x.com\/EstratConcursos\"]},{\"@type\":\"Person\",\"@id\":\"https:\/\/www.estrategiaconcursos.com.br\/blog\/#\/schema\/person\/e75352021ea7f60781c599934f916eb1\",\"name\":\"Rafaela Teixeira\",\"image\":{\"@type\":\"ImageObject\",\"inLanguage\":\"pt-BR\",\"@id\":\"https:\/\/secure.gravatar.com\/avatar\/8a349a2b22039b1ee88fc06461487c950fd6aa411ea8af8633314b43334ae793?s=96&d=mm&r=g\",\"url\":\"https:\/\/secure.gravatar.com\/avatar\/8a349a2b22039b1ee88fc06461487c950fd6aa411ea8af8633314b43334ae793?s=96&d=mm&r=g\",\"contentUrl\":\"https:\/\/secure.gravatar.com\/avatar\/8a349a2b22039b1ee88fc06461487c950fd6aa411ea8af8633314b43334ae793?s=96&d=mm&r=g\",\"caption\":\"Rafaela Teixeira\"},\"description\":\"Rafaela Teixeira \u00e9 advogada conveniada \u00e0 Defensoria P\u00fablica de S\u00e3o Paulo pela OAB, com experi\u00eancia em reda\u00e7\u00e3o jur\u00eddica e atua\u00e7\u00e3o em institui\u00e7\u00f5es p\u00fablicas, incluindo est\u00e1gio no TRE-SP. Possui mais de 7 anos de experi\u00eancia na produ\u00e7\u00e3o de conte\u00fados voltados ao nicho de concursos p\u00fablicos, com foco em apura\u00e7\u00e3o jornal\u00edstica cont\u00ednua, an\u00e1lise de editais e obten\u00e7\u00e3o de informa\u00e7\u00f5es diretamente junto a \u00f3rg\u00e3os e fontes oficiais. No Blog do Estrat\u00e9gia Concursos, atua como Analista de Conte\u00fado S\u00eanior, respons\u00e1vel pelo jornalismo do per\u00edodo noturno e da madrugada, com atua\u00e7\u00e3o transversal na cobertura de concursos p\u00fablicos, garantindo a continuidade, fluidez e confiabilidade das publica\u00e7\u00f5es e dos bastidores dos certames.\",\"url\":\"https:\/\/www.estrategiaconcursos.com.br\/blog\/author\/rafaela-teixeira\/\"}]}<\/script>\n<!-- \/ Yoast SEO Premium plugin. -->","yoast_head_json":{"title":"Edital MP ES: inscri\u00e7\u00f5es at\u00e9 11 de junho para 60 vagas!","description":"Edital MP ES publicado com 60 vagas! Confira as principais informa\u00e7\u00f5es da sele\u00e7\u00e3o, organize seus estudos e saia na frente!","robots":{"index":"index","follow":"follow","max-snippet":"max-snippet:-1","max-image-preview":"max-image-preview:large","max-video-preview":"max-video-preview:-1"},"canonical":"https:\/\/www.estrategiaconcursos.com.br\/blog\/concurso-mp-es-2026-edital-publicado\/","og_locale":"pt_BR","og_type":"article","og_title":"Edital MP ES: inscri\u00e7\u00f5es at\u00e9 11 de junho para 60 vagas!","og_description":"Edital MP ES publicado com 60 vagas! Confira as principais informa\u00e7\u00f5es da sele\u00e7\u00e3o, organize seus estudos e saia na frente!","og_url":"https:\/\/www.estrategiaconcursos.com.br\/blog\/concurso-mp-es-2026-edital-publicado\/","og_site_name":"Estrat\u00e9gia Concursos","article_published_time":"2026-04-07T03:51:12+00:00","article_modified_time":"2026-04-08T14:01:46+00:00","og_image":[{"width":768,"height":432,"url":"https:\/\/dhg1h5j42swfq.cloudfront.net\/2024\/05\/30132256\/mp-es.jpg","type":"image\/jpeg"}],"author":"Rafaela Teixeira","twitter_card":"summary_large_image","twitter_creator":"@EstratConcursos","twitter_site":"@EstratConcursos","twitter_misc":{"Escrito por":"Rafaela Teixeira","Est. tempo de leitura":"4 minutos"},"schema":{"@context":"https:\/\/schema.org","@graph":[{"@type":"NewsArticle","@id":"https:\/\/www.estrategiaconcursos.com.br\/blog\/concurso-mp-es-2026-edital-publicado\/#article","isPartOf":{"@id":"https:\/\/www.estrategiaconcursos.com.br\/blog\/concurso-mp-es-2026-edital-publicado\/"},"author":{"name":"Rafaela Teixeira","@id":"https:\/\/www.estrategiaconcursos.com.br\/blog\/#\/schema\/person\/e75352021ea7f60781c599934f916eb1"},"headline":"Edital MP ES: inscri\u00e7\u00f5es at\u00e9 11 de junho para 60 vagas!","datePublished":"2026-04-07T03:51:12+00:00","dateModified":"2026-04-08T14:01:46+00:00","mainEntityOfPage":{"@id":"https:\/\/www.estrategiaconcursos.com.br\/blog\/concurso-mp-es-2026-edital-publicado\/"},"wordCount":785,"commentCount":0,"publisher":{"@id":"https:\/\/www.estrategiaconcursos.com.br\/blog\/#organization"},"image":{"@id":"https:\/\/www.estrategiaconcursos.com.br\/blog\/concurso-mp-es-2026-edital-publicado\/#primaryimage"},"thumbnailUrl":"https:\/\/dhg1h5j42swfq.cloudfront.net\/2024\/05\/30132256\/mp-es.jpg","articleSection":["Tribunais","\u00daltimas not\u00edcias"],"inLanguage":"pt-BR","potentialAction":[{"@type":"CommentAction","name":"Comment","target":["https:\/\/www.estrategiaconcursos.com.br\/blog\/concurso-mp-es-2026-edital-publicado\/#respond"]}],"copyrightYear":"2026","copyrightHolder":{"@id":"https:\/\/www.estrategiaconcursos.com.br\/blog\/#organization"}},{"@type":"WebPage","@id":"https:\/\/www.estrategiaconcursos.com.br\/blog\/concurso-mp-es-2026-edital-publicado\/","url":"https:\/\/www.estrategiaconcursos.com.br\/blog\/concurso-mp-es-2026-edital-publicado\/","name":"Edital MP ES: inscri\u00e7\u00f5es at\u00e9 11 de junho para 60 vagas!","isPartOf":{"@id":"https:\/\/www.estrategiaconcursos.com.br\/blog\/#website"},"primaryImageOfPage":{"@id":"https:\/\/www.estrategiaconcursos.com.br\/blog\/concurso-mp-es-2026-edital-publicado\/#primaryimage"},"image":{"@id":"https:\/\/www.estrategiaconcursos.com.br\/blog\/concurso-mp-es-2026-edital-publicado\/#primaryimage"},"thumbnailUrl":"https:\/\/dhg1h5j42swfq.cloudfront.net\/2024\/05\/30132256\/mp-es.jpg","datePublished":"2026-04-07T03:51:12+00:00","dateModified":"2026-04-08T14:01:46+00:00","description":"Edital MP ES publicado com 60 vagas! Confira as principais informa\u00e7\u00f5es da sele\u00e7\u00e3o, organize seus estudos e saia na frente!","breadcrumb":{"@id":"https:\/\/www.estrategiaconcursos.com.br\/blog\/concurso-mp-es-2026-edital-publicado\/#breadcrumb"},"inLanguage":"pt-BR","potentialAction":[{"@type":"ReadAction","target":["https:\/\/www.estrategiaconcursos.com.br\/blog\/concurso-mp-es-2026-edital-publicado\/"]}]},{"@type":"ImageObject","inLanguage":"pt-BR","@id":"https:\/\/www.estrategiaconcursos.com.br\/blog\/concurso-mp-es-2026-edital-publicado\/#primaryimage","url":"https:\/\/dhg1h5j42swfq.cloudfront.net\/2024\/05\/30132256\/mp-es.jpg","contentUrl":"https:\/\/dhg1h5j42swfq.cloudfront.net\/2024\/05\/30132256\/mp-es.jpg","width":768,"height":432,"caption":"concurso mp es"},{"@type":"BreadcrumbList","@id":"https:\/\/www.estrategiaconcursos.com.br\/blog\/concurso-mp-es-2026-edital-publicado\/#breadcrumb","itemListElement":[{"@type":"ListItem","position":1,"name":"In\u00edcio","item":"https:\/\/www.estrategiaconcursos.com.br\/blog\/"},{"@type":"ListItem","position":2,"name":"Edital MP ES: inscri\u00e7\u00f5es at\u00e9 11 de junho para 60 vagas!"}]},{"@type":"WebSite","@id":"https:\/\/www.estrategiaconcursos.com.br\/blog\/#website","url":"https:\/\/www.estrategiaconcursos.com.br\/blog\/","name":"Estrat\u00e9gia Concursos","description":"O blog da Estrat\u00e9gia Concursos traz not\u00edcias sobre concursos e artigos de professores oferecendo cursos para concursos (pdf + videaulas) no site.","publisher":{"@id":"https:\/\/www.estrategiaconcursos.com.br\/blog\/#organization"},"potentialAction":[{"@type":"SearchAction","target":{"@type":"EntryPoint","urlTemplate":"https:\/\/www.estrategiaconcursos.com.br\/blog\/?s={search_term_string}"},"query-input":{"@type":"PropertyValueSpecification","valueRequired":true,"valueName":"search_term_string"}}],"inLanguage":"pt-BR"},{"@type":"Organization","@id":"https:\/\/www.estrategiaconcursos.com.br\/blog\/#organization","name":"Estrat\u00e9gia Concursos","url":"https:\/\/www.estrategiaconcursos.com.br\/blog\/","logo":{"@type":"ImageObject","inLanguage":"pt-BR","@id":"https:\/\/www.estrategiaconcursos.com.br\/blog\/#\/schema\/logo\/image\/","url":"https:\/\/dhg1h5j42swfq.cloudfront.net\/2025\/06\/03203428\/logo_concursos-1.jpg","contentUrl":"https:\/\/dhg1h5j42swfq.cloudfront.net\/2025\/06\/03203428\/logo_concursos-1.jpg","width":230,"height":60,"caption":"Estrat\u00e9gia Concursos"},"image":{"@id":"https:\/\/www.estrategiaconcursos.com.br\/blog\/#\/schema\/logo\/image\/"},"sameAs":["https:\/\/x.com\/EstratConcursos"]},{"@type":"Person","@id":"https:\/\/www.estrategiaconcursos.com.br\/blog\/#\/schema\/person\/e75352021ea7f60781c599934f916eb1","name":"Rafaela Teixeira","image":{"@type":"ImageObject","inLanguage":"pt-BR","@id":"https:\/\/secure.gravatar.com\/avatar\/8a349a2b22039b1ee88fc06461487c950fd6aa411ea8af8633314b43334ae793?s=96&d=mm&r=g","url":"https:\/\/secure.gravatar.com\/avatar\/8a349a2b22039b1ee88fc06461487c950fd6aa411ea8af8633314b43334ae793?s=96&d=mm&r=g","contentUrl":"https:\/\/secure.gravatar.com\/avatar\/8a349a2b22039b1ee88fc06461487c950fd6aa411ea8af8633314b43334ae793?s=96&d=mm&r=g","caption":"Rafaela Teixeira"},"description":"Rafaela Teixeira \u00e9 advogada conveniada \u00e0 Defensoria P\u00fablica de S\u00e3o Paulo pela OAB, com experi\u00eancia em reda\u00e7\u00e3o jur\u00eddica e atua\u00e7\u00e3o em institui\u00e7\u00f5es p\u00fablicas, incluindo est\u00e1gio no TRE-SP. Possui mais de 7 anos de experi\u00eancia na produ\u00e7\u00e3o de conte\u00fados voltados ao nicho de concursos p\u00fablicos, com foco em apura\u00e7\u00e3o jornal\u00edstica cont\u00ednua, an\u00e1lise de editais e obten\u00e7\u00e3o de informa\u00e7\u00f5es diretamente junto a \u00f3rg\u00e3os e fontes oficiais. No Blog do Estrat\u00e9gia Concursos, atua como Analista de Conte\u00fado S\u00eanior, respons\u00e1vel pelo jornalismo do per\u00edodo noturno e da madrugada, com atua\u00e7\u00e3o transversal na cobertura de concursos p\u00fablicos, garantindo a continuidade, fluidez e confiabilidade das publica\u00e7\u00f5es e dos bastidores dos certames.","url":"https:\/\/www.estrategiaconcursos.com.br\/blog\/author\/rafaela-teixeira\/"}]}},"_links":{"self":[{"href":"https:\/\/www.estrategiaconcursos.com.br\/blog\/wp-json\/wp\/v2\/posts\/1628129","targetHints":{"allow":["GET"]}}],"collection":[{"href":"https:\/\/www.estrategiaconcursos.com.br\/blog\/wp-json\/wp\/v2\/posts"}],"about":[{"href":"https:\/\/www.estrategiaconcursos.com.br\/blog\/wp-json\/wp\/v2\/types\/post"}],"author":[{"embeddable":true,"href":"https:\/\/www.estrategiaconcursos.com.br\/blog\/wp-json\/wp\/v2\/users\/2134"}],"replies":[{"embeddable":true,"href":"https:\/\/www.estrategiaconcursos.com.br\/blog\/wp-json\/wp\/v2\/comments?post=1628129"}],"version-history":[{"count":12,"href":"https:\/\/www.estrategiaconcursos.com.br\/blog\/wp-json\/wp\/v2\/posts\/1628129\/revisions"}],"predecessor-version":[{"id":1750262,"href":"https:\/\/www.estrategiaconcursos.com.br\/blog\/wp-json\/wp\/v2\/posts\/1628129\/revisions\/1750262"}],"wp:featuredmedia":[{"embeddable":true,"href":"https:\/\/www.estrategiaconcursos.com.br\/blog\/wp-json\/wp\/v2\/media\/1407406"}],"wp:attachment":[{"href":"https:\/\/www.estrategiaconcursos.com.br\/blog\/wp-json\/wp\/v2\/media?parent=1628129"}],"wp:term":[{"taxonomy":"category","embeddable":true,"href":"https:\/\/www.estrategiaconcursos.com.br\/blog\/wp-json\/wp\/v2\/categories?post=1628129"},{"taxonomy":"post_tag","embeddable":true,"href":"https:\/\/www.estrategiaconcursos.com.br\/blog\/wp-json\/wp\/v2\/tags?post=1628129"},{"taxonomy":"tax_estado","embeddable":true,"href":"https:\/\/www.estrategiaconcursos.com.br\/blog\/wp-json\/wp\/v2\/tax_estado?post=1628129"}],"curies":[{"name":"wp","href":"https:\/\/api.w.org\/{rel}","templated":true}]}}