{"id":162515,"date":"2019-10-30T00:00:11","date_gmt":"2019-10-30T03:00:11","guid":{"rendered":"https:\/\/www.estrategiaconcursos.com.br\/blog\/?p=162515"},"modified":"2026-04-30T07:25:39","modified_gmt":"2026-04-30T10:25:39","slug":"edital-concurso-ifam-2019","status":"publish","type":"post","link":"https:\/\/www.estrategiaconcursos.com.br\/blog\/edital-concurso-ifam-2019\/","title":{"rendered":"Concurso IFAM: resultado final do concurso \u00e9 divulgado"},"content":{"rendered":"\n<p>Foi divulgado nesta quarta-feira, 30 de outubro, no Di\u00e1rio Oficial da Uni\u00e3o, o resultado final do concurso p\u00fablico de provas, para provimento de cargos efetivos de T\u00e9cnicos-Administrativos em Educa\u00e7\u00e3o &#8211; TAEs.<\/p>\n\n\n\n<p>Vale lembrar que o Instituto Federal de Educa\u00e7\u00e3o, Ci\u00eancia e Tecnologia do Amazonas ofertava aos candidatos 113 vagas no total. O certame foi organizado pelo IDECAN. <\/p>\n\n\n\n<p style=\"font-size:23px;text-align:center\" class=\"has-background has-very-light-gray-background-color\"><strong><em>Concurso IFAM: <\/em><\/strong><a href=\"http:\/\/www.in.gov.br\/en\/web\/dou\/-\/edital-n-10-de-29-de-outubro-de-2019-homologacao\/resultado-final-224502375\"><strong><em>resultado final das provas<\/em><\/strong><\/a><\/p>\n\n\n\n<ul class=\"wp-block-list\"><li><a href=\"#cargos\"><strong><em>Cargos ofertados<\/em><\/strong><\/a><\/li><li><a href=\"#etapas\"><strong><em>Etapas de provas do concurso<\/em><\/strong><\/a><\/li><\/ul>\n\n\n\n<h2 class=\"wp-block-heading\" id=\"cargos\">Cargos ofertados no concurso IFAM<\/h2>\n\n\n\n<h3 class=\"wp-block-heading\"><strong>N\u00edvel M\u00e9dio <\/strong><\/h3>\n\n\n\n<ul class=\"wp-block-list\"><li><em>Assistente de Alunos<\/em> <\/li><\/ul>\n\n\n\n<h3 class=\"wp-block-heading\"><strong>M\u00e9dio- T\u00e9cnico <\/strong><\/h3>\n\n\n\n<ul class=\"wp-block-list\"><li><em>Assistente em administra\u00e7\u00e3o <\/em><\/li><li><em>T\u00e9cnico em &#8230;<\/em><\/li><li><em>Laborat\u00f3rio em inform\u00e1tica<\/em><\/li><li><em>Tecnologia da informa\u00e7\u00e3o<\/em><\/li><li><em>Agropecu\u00e1ria<\/em><\/li><li><em>Audiovisual<\/em><\/li><li><em>Edifica\u00e7\u00f5es<\/em><\/li><li><em>Eletrot\u00e9cnica<\/em><\/li><li><em>Enfermagem<\/em><\/li><\/ul>\n\n\n\n<h3 class=\"wp-block-heading\"><strong><em>N<\/em>\u00edvel Superior &nbsp;<\/strong><\/h3>\n\n\n\n<ul class=\"wp-block-list\"><li><em>Administrador<\/em><\/li><li><em>Analista de tecnologia da informa\u00e7\u00e3o<\/em><\/li><li><em>Auditor<\/em><\/li><li><em>Bibliotec\u00e1rio documentalista<\/em><\/li><li><em>Contador<\/em><\/li><li><em>Nutricionista<\/em><\/li><li><em>Pedagogo<\/em><\/li><li><em>Produtor cultural<\/em><\/li><li><em>Psic\u00f3logo<\/em><\/li><li><em>Rela\u00e7\u00f5es p\u00fablicas<\/em><\/li><li><em>M\u00e9dicos nas \u00e1reas de: cl\u00ednica geral, psiquiatria e veterin\u00e1ria &nbsp;<\/em><\/li><\/ul>\n\n\n\n<p>Al\u00e9m disso, tamb\u00e9m  foram ofertadas vagas para professor nas disciplinas de: biologia, ci\u00eancias sociais, desenho t\u00e9cnico, educa\u00e7\u00e3o f\u00edsica, enfermagem, filosofia, f\u00edsica, geografia, hist\u00f3ria, inform\u00e1tica, matem\u00e1tica, mec\u00e2nica, qu\u00edmica, recursos naturais, medicina e letras. <\/p>\n\n\n\n<h2 class=\"wp-block-heading\" id=\"etapas\">Etapas do Concurso IFAM <\/h2>\n\n\n\n<p>Para o cargo de T\u00e9cnico Administrativo em educa\u00e7\u00e3o, o certame foi regido por \u00fanica etapa, composta de provas objetivas de m\u00faltipla escolha.  <\/p>\n\n\n\n<p>J\u00e1 os candidatos ao cargo de professor foram submetidos tamb\u00e9m a avalia\u00e7\u00e3o de t\u00edtulos e prova de desempenho did\u00e1tico. <\/p>\n\n\n\n<p>Vale lembrar que todos os cargos fizeram as provas no mesmo dia, 21 de abril. Os cargos ter\u00e3o distin\u00e7\u00e3o apenas nos turnos das provas, que se dividem em manh\u00e3 e tarde. <\/p>\n\n\n\n<p>Confira a seguir o n\u00famero de quest\u00f5es cobradas para os cargos de t\u00e9cnico em educa\u00e7\u00e3o e professor:  <\/p>\n\n\n\n<p><strong>Professor <\/strong><\/p>\n\n\n\n<figure class=\"wp-block-image\"><img loading=\"lazy\" decoding=\"async\" width=\"664\" height=\"72\" src=\"https:\/\/dhg1h5j42swfq.cloudfront.net\/2019\/01\/28070114\/provas-1.jpg\" alt=\"\" class=\"wp-image-162523\" srcset=\"https:\/\/dhg1h5j42swfq.cloudfront.net\/2019\/01\/28070114\/provas-1.jpg 664w, https:\/\/dhg1h5j42swfq.cloudfront.net\/2019\/01\/28070114\/provas-1.jpg 300w\" sizes=\"auto, (max-width: 664px) 100vw, 664px\" \/><\/figure>\n\n\n\n<figure class=\"wp-block-image\"><img loading=\"lazy\" decoding=\"async\" width=\"663\" height=\"111\" src=\"https:\/\/dhg1h5j42swfq.cloudfront.net\/2019\/01\/28070143\/provas-2.jpg\" alt=\"\" class=\"wp-image-162524\" srcset=\"https:\/\/dhg1h5j42swfq.cloudfront.net\/2019\/01\/28070143\/provas-2.jpg 663w, https:\/\/dhg1h5j42swfq.cloudfront.net\/2019\/01\/28070143\/provas-2.jpg 300w\" sizes=\"auto, (max-width: 663px) 100vw, 663px\" \/><\/figure>\n\n\n\n<p><strong>T\u00e9cnico Administrativo em Educa\u00e7\u00e3o <\/strong><\/p>\n\n\n\n<figure class=\"wp-block-image\"><img loading=\"lazy\" decoding=\"async\" width=\"594\" height=\"195\" src=\"https:\/\/dhg1h5j42swfq.cloudfront.net\/2019\/01\/28070219\/provas-3.jpg\" alt=\"\" class=\"wp-image-162527\" srcset=\"https:\/\/dhg1h5j42swfq.cloudfront.net\/2019\/01\/28070219\/provas-3.jpg 594w, https:\/\/dhg1h5j42swfq.cloudfront.net\/2019\/01\/28070219\/provas-3.jpg 300w\" sizes=\"auto, (max-width: 594px) 100vw, 594px\" \/><\/figure>\n\n\n\n<p style=\"text-align:center\"><strong>Q<em>uer estudar para Concurso IFAM?<\/em><\/strong><\/p>\n\n\n\n<p style=\"text-align:center\"><em><strong>Gostou desta oportunidade e deseja come\u00e7ar se preparar agora mesmo? Ent\u00e3o, confira os nossos cursos e comece a estudar para IFAM:<\/strong><\/em><\/p>\n\n\n\n<p style=\"text-align:center\"><strong><a href=\"https:\/\/www.estrategiaconcursos.com.br\/cursos\/concurso\/\" target=\"_blank\" rel=\"noreferrer noopener\">Curso para concurso<\/a><\/strong><\/p>\n\n\n\n<p style=\"text-align:center\"><em><strong>Assinatura Anual Ilimitada*<\/strong><\/em><\/p>\n\n\n\n<p style=\"text-align:center\"><em>Prepare-se com o melhor material e com quem mais aprova em Concursos P\u00fablicos em todo o pa\u00eds. Assine agora a nossa Assinatura Anual e tenha acesso ilimitado a todos os nossos cursos.<\/em><\/p>\n\n\n\n<p style=\"font-size:23px;text-align:center\" class=\"has-background has-light-green-cyan-background-color\"><strong>ASSINE AGORA<\/strong>&nbsp;\u2013&nbsp;<a rel=\"noreferrer noopener\" href=\"https:\/\/www.estrategiaconcursos.com.br\/assinaturas\" target=\"_blank\">Assinatura Ilimitada<\/a><\/p>\n\n\n\n<p style=\"text-align:center\"><em><strong>Fique por dentro de todos os concursos<\/strong><\/em>:<\/p>\n\n\n\n<p style=\"font-size:23px;text-align:center\" class=\"has-background has-pale-cyan-blue-background-color\"><strong><a href=\"https:\/\/www.estrategiaconcursos.com.br\/blog\/concursos-abertos\/\" target=\"_blank\" rel=\"noreferrer noopener\">Concursos abertos<\/a><\/strong><\/p>\n\n\n\n<p style=\"font-size:23px;text-align:center\" class=\"has-background has-pale-cyan-blue-background-color\"><strong><a href=\"https:\/\/www.estrategiaconcursos.com.br\/blog\/concursos-2019\/\" target=\"_blank\" rel=\"noreferrer noopener\">Concursos 2019<\/a><\/strong><\/p>\n\n\n\n<p style=\"font-size:23px;text-align:center\" class=\"has-background has-pale-cyan-blue-background-color\"><a rel=\"noreferrer noopener\" href=\"https:\/\/www.estrategiaconcursos.com.br\/blog\/concursos-2020\/\" target=\"_blank\"><strong>Concursos 2020<\/strong><\/a><\/p>\n\n\n\n<figure class=\"wp-block-image\"><img loading=\"lazy\" decoding=\"async\" width=\"300\" height=\"102\" src=\"https:\/\/dhg1h5j42swfq.cloudfront.net\/2017\/03\/28152500\/coruja-ficha-tecnica-300x102.png\" alt=\"ficha t\u00e9cnica Concurso Prefeitura de Paranaiguara\" class=\"wp-image-68542\"\/><\/figure>\n\n\n\n<p><strong>\u2666Informa\u00e7\u00f5es do Concurso IFAM <\/strong><br \/>\u25baData prevista da prova: 21 de abril <br \/>\u25baVagas: 113<br \/>\u25baRemunera\u00e7\u00e3o inicial: entre R$1.900 e R$9.600 <br \/>\u25baEscolaridade: N\u00edvel m\u00e9dio e Superior<br \/><a href=\"https:\/\/dhg1h5j42swfq.cloudfront.net\/2019\/01\/28070514\/Edital-IFAM-Professor.pdf\">Edital IFAM (Professor)<br \/><\/a><a rel=\"noreferrer noopener\" aria-label=\"Edital IFAM ( T\u00e9cnico Administrativo em Educa\u00e7\u00e3o)  (opens in a new tab)\" href=\"https:\/\/dhg1h5j42swfq.cloudfront.net\/2019\/01\/28070605\/Edital-IFAM-T%C3%A9cnico-Administrativo-em-Educa%C3%A7%C3%A3o.pdf\" target=\"_blank\">Edital IFAM ( T\u00e9cnico Administrativo em Educa\u00e7\u00e3o) <\/a><\/p>\n\n\n\n<p>Ascom Estrat\u00e9gia<br \/>comunicacao@estrategiaconcursos.com.br<\/p>\n","protected":false},"excerpt":{"rendered":"<p>Foi divulgado nesta quarta-feira, 30 de outubro, no Di\u00e1rio Oficial da Uni\u00e3o, o resultado final do concurso p\u00fablico de provas, para provimento de cargos efetivos de T\u00e9cnicos-Administrativos em Educa\u00e7\u00e3o &#8211; TAEs. Vale lembrar que o Instituto Federal de Educa\u00e7\u00e3o, Ci\u00eancia e Tecnologia do Amazonas ofertava aos candidatos 113 vagas no total. O certame foi organizado [&hellip;]<\/p>\n","protected":false},"author":1,"featured_media":441989,"comment_status":"open","ping_status":"closed","sticky":false,"template":"","format":"standard","meta":{"post_tipo":"news","footnotes":""},"categories":[1],"tags":[],"tax_estado":[],"class_list":["post-162515","post","type-post","status-publish","format-standard","has-post-thumbnail","hentry","category-cursos-e-concursos"],"acf":[],"yoast_head":"<!-- This site is optimized with the Yoast SEO Premium plugin v27.2 (Yoast SEO v27.2) - https:\/\/yoast.com\/product\/yoast-seo-premium-wordpress\/ -->\n<title>Concurso IFAM: resultado final do concurso \u00e9 divulgado<\/title>\n<meta name=\"description\" content=\"Concurso IFAM: publicado resultado final das provas. Certame oferta aos candidatos 113 vagas para n\u00edveis de m\u00e9dio e superior.\" \/>\n<meta name=\"robots\" content=\"index, follow, max-snippet:-1, max-image-preview:large, max-video-preview:-1\" \/>\n<link rel=\"canonical\" href=\"https:\/\/www.estrategiaconcursos.com.br\/blog\/edital-concurso-ifam-2019\/\" \/>\n<meta property=\"og:locale\" content=\"pt_BR\" \/>\n<meta property=\"og:type\" content=\"article\" \/>\n<meta property=\"og:title\" content=\"Concurso IFAM: resultado final do concurso \u00e9 divulgado\" \/>\n<meta property=\"og:description\" content=\"Concurso IFAM: publicado resultado final das provas. Certame oferta aos candidatos 113 vagas para n\u00edveis de m\u00e9dio e superior.\" \/>\n<meta property=\"og:url\" content=\"https:\/\/www.estrategiaconcursos.com.br\/blog\/edital-concurso-ifam-2019\/\" \/>\n<meta property=\"og:site_name\" content=\"Estrat\u00e9gia Concursos\" \/>\n<meta property=\"article:author\" content=\"https:\/\/www.facebook.com\/EstrategiaConcursos\" \/>\n<meta property=\"article:published_time\" content=\"2019-10-30T03:00:11+00:00\" \/>\n<meta property=\"article:modified_time\" content=\"2026-04-30T10:25:39+00:00\" \/>\n<meta property=\"og:image\" content=\"https:\/\/dhg1h5j42swfq.cloudfront.net\/2019\/10\/30111139\/ifam.jpg\" \/>\n\t<meta property=\"og:image:width\" content=\"1404\" \/>\n\t<meta property=\"og:image:height\" content=\"658\" \/>\n\t<meta property=\"og:image:type\" content=\"image\/jpeg\" \/>\n<meta name=\"author\" content=\"Coordena\u00e7\u00e3o\" \/>\n<meta name=\"twitter:card\" content=\"summary_large_image\" \/>\n<meta name=\"twitter:creator\" content=\"@EstratConcursos\" \/>\n<meta name=\"twitter:site\" content=\"@EstratConcursos\" \/>\n<meta name=\"twitter:label1\" content=\"Escrito por\" \/>\n\t<meta name=\"twitter:data1\" content=\"Coordena\u00e7\u00e3o\" \/>\n\t<meta name=\"twitter:label2\" content=\"Est. tempo de leitura\" \/>\n\t<meta name=\"twitter:data2\" content=\"2 minutos\" \/>\n<script type=\"application\/ld+json\" class=\"yoast-schema-graph\">{\"@context\":\"https:\/\/schema.org\",\"@graph\":[{\"@type\":\"NewsArticle\",\"@id\":\"https:\/\/www.estrategiaconcursos.com.br\/blog\/edital-concurso-ifam-2019\/#article\",\"isPartOf\":{\"@id\":\"https:\/\/www.estrategiaconcursos.com.br\/blog\/edital-concurso-ifam-2019\/\"},\"author\":{\"name\":\"Coordena\u00e7\u00e3o\",\"@id\":\"https:\/\/www.estrategiaconcursos.com.br\/blog\/#\/schema\/person\/b4a388c97673c5f483d72185668afa1f\"},\"headline\":\"Concurso IFAM: resultado final do concurso \u00e9 divulgado\",\"datePublished\":\"2019-10-30T03:00:11+00:00\",\"dateModified\":\"2026-04-30T10:25:39+00:00\",\"mainEntityOfPage\":{\"@id\":\"https:\/\/www.estrategiaconcursos.com.br\/blog\/edital-concurso-ifam-2019\/\"},\"wordCount\":445,\"commentCount\":16,\"publisher\":{\"@id\":\"https:\/\/www.estrategiaconcursos.com.br\/blog\/#organization\"},\"image\":{\"@id\":\"https:\/\/www.estrategiaconcursos.com.br\/blog\/edital-concurso-ifam-2019\/#primaryimage\"},\"thumbnailUrl\":\"https:\/\/dhg1h5j42swfq.cloudfront.net\/2019\/10\/30111139\/ifam.jpg\",\"articleSection\":[\"Concursos P\u00fablicos\"],\"inLanguage\":\"pt-BR\",\"potentialAction\":[{\"@type\":\"CommentAction\",\"name\":\"Comment\",\"target\":[\"https:\/\/www.estrategiaconcursos.com.br\/blog\/edital-concurso-ifam-2019\/#respond\"]}],\"copyrightYear\":\"2019\",\"copyrightHolder\":{\"@id\":\"https:\/\/www.estrategiaconcursos.com.br\/blog\/#organization\"}},{\"@type\":\"WebPage\",\"@id\":\"https:\/\/www.estrategiaconcursos.com.br\/blog\/edital-concurso-ifam-2019\/\",\"url\":\"https:\/\/www.estrategiaconcursos.com.br\/blog\/edital-concurso-ifam-2019\/\",\"name\":\"Concurso IFAM: resultado final do concurso \u00e9 divulgado\",\"isPartOf\":{\"@id\":\"https:\/\/www.estrategiaconcursos.com.br\/blog\/#website\"},\"primaryImageOfPage\":{\"@id\":\"https:\/\/www.estrategiaconcursos.com.br\/blog\/edital-concurso-ifam-2019\/#primaryimage\"},\"image\":{\"@id\":\"https:\/\/www.estrategiaconcursos.com.br\/blog\/edital-concurso-ifam-2019\/#primaryimage\"},\"thumbnailUrl\":\"https:\/\/dhg1h5j42swfq.cloudfront.net\/2019\/10\/30111139\/ifam.jpg\",\"datePublished\":\"2019-10-30T03:00:11+00:00\",\"dateModified\":\"2026-04-30T10:25:39+00:00\",\"description\":\"Concurso IFAM: publicado resultado final das provas. Certame oferta aos candidatos 113 vagas para n\u00edveis de m\u00e9dio e superior.\",\"breadcrumb\":{\"@id\":\"https:\/\/www.estrategiaconcursos.com.br\/blog\/edital-concurso-ifam-2019\/#breadcrumb\"},\"inLanguage\":\"pt-BR\",\"potentialAction\":[{\"@type\":\"ReadAction\",\"target\":[\"https:\/\/www.estrategiaconcursos.com.br\/blog\/edital-concurso-ifam-2019\/\"]}]},{\"@type\":\"ImageObject\",\"inLanguage\":\"pt-BR\",\"@id\":\"https:\/\/www.estrategiaconcursos.com.br\/blog\/edital-concurso-ifam-2019\/#primaryimage\",\"url\":\"https:\/\/dhg1h5j42swfq.cloudfront.net\/2019\/10\/30111139\/ifam.jpg\",\"contentUrl\":\"https:\/\/dhg1h5j42swfq.cloudfront.net\/2019\/10\/30111139\/ifam.jpg\",\"width\":1404,\"height\":658,\"caption\":\"ifam\"},{\"@type\":\"BreadcrumbList\",\"@id\":\"https:\/\/www.estrategiaconcursos.com.br\/blog\/edital-concurso-ifam-2019\/#breadcrumb\",\"itemListElement\":[{\"@type\":\"ListItem\",\"position\":1,\"name\":\"In\u00edcio\",\"item\":\"https:\/\/www.estrategiaconcursos.com.br\/blog\/\"},{\"@type\":\"ListItem\",\"position\":2,\"name\":\"Concurso IFAM: resultado final do concurso \u00e9 divulgado\"}]},{\"@type\":\"WebSite\",\"@id\":\"https:\/\/www.estrategiaconcursos.com.br\/blog\/#website\",\"url\":\"https:\/\/www.estrategiaconcursos.com.br\/blog\/\",\"name\":\"Estrat\u00e9gia Concursos\",\"description\":\"O blog da Estrat\u00e9gia Concursos traz not\u00edcias sobre concursos e artigos de professores oferecendo cursos para concursos (pdf + videaulas) no site.\",\"publisher\":{\"@id\":\"https:\/\/www.estrategiaconcursos.com.br\/blog\/#organization\"},\"potentialAction\":[{\"@type\":\"SearchAction\",\"target\":{\"@type\":\"EntryPoint\",\"urlTemplate\":\"https:\/\/www.estrategiaconcursos.com.br\/blog\/?s={search_term_string}\"},\"query-input\":{\"@type\":\"PropertyValueSpecification\",\"valueRequired\":true,\"valueName\":\"search_term_string\"}}],\"inLanguage\":\"pt-BR\"},{\"@type\":\"Organization\",\"@id\":\"https:\/\/www.estrategiaconcursos.com.br\/blog\/#organization\",\"name\":\"Estrat\u00e9gia Concursos\",\"url\":\"https:\/\/www.estrategiaconcursos.com.br\/blog\/\",\"logo\":{\"@type\":\"ImageObject\",\"inLanguage\":\"pt-BR\",\"@id\":\"https:\/\/www.estrategiaconcursos.com.br\/blog\/#\/schema\/logo\/image\/\",\"url\":\"https:\/\/dhg1h5j42swfq.cloudfront.net\/2025\/06\/03203428\/logo_concursos-1.jpg\",\"contentUrl\":\"https:\/\/dhg1h5j42swfq.cloudfront.net\/2025\/06\/03203428\/logo_concursos-1.jpg\",\"width\":230,\"height\":60,\"caption\":\"Estrat\u00e9gia Concursos\"},\"image\":{\"@id\":\"https:\/\/www.estrategiaconcursos.com.br\/blog\/#\/schema\/logo\/image\/\"},\"sameAs\":[\"https:\/\/x.com\/EstratConcursos\"]},{\"@type\":\"Person\",\"@id\":\"https:\/\/www.estrategiaconcursos.com.br\/blog\/#\/schema\/person\/b4a388c97673c5f483d72185668afa1f\",\"name\":\"Coordena\u00e7\u00e3o\",\"image\":{\"@type\":\"ImageObject\",\"inLanguage\":\"pt-BR\",\"@id\":\"https:\/\/secure.gravatar.com\/avatar\/b720319e4c9a967eb58678d110f4fe35452fc5d5f97b202bac7b8acceb18c6ad?s=96&d=mm&r=g\",\"url\":\"https:\/\/secure.gravatar.com\/avatar\/b720319e4c9a967eb58678d110f4fe35452fc5d5f97b202bac7b8acceb18c6ad?s=96&d=mm&r=g\",\"contentUrl\":\"https:\/\/secure.gravatar.com\/avatar\/b720319e4c9a967eb58678d110f4fe35452fc5d5f97b202bac7b8acceb18c6ad?s=96&d=mm&r=g\",\"caption\":\"Coordena\u00e7\u00e3o\"},\"sameAs\":[\"https:\/\/www.facebook.com\/EstrategiaConcursos\",\"https:\/\/x.com\/EstratConcursos\"],\"url\":\"https:\/\/www.estrategiaconcursos.com.br\/blog\/author\/estrategia2013\/\"}]}<\/script>\n<!-- \/ Yoast SEO Premium plugin. -->","yoast_head_json":{"title":"Concurso IFAM: resultado final do concurso \u00e9 divulgado","description":"Concurso IFAM: publicado resultado final das provas. Certame oferta aos candidatos 113 vagas para n\u00edveis de m\u00e9dio e superior.","robots":{"index":"index","follow":"follow","max-snippet":"max-snippet:-1","max-image-preview":"max-image-preview:large","max-video-preview":"max-video-preview:-1"},"canonical":"https:\/\/www.estrategiaconcursos.com.br\/blog\/edital-concurso-ifam-2019\/","og_locale":"pt_BR","og_type":"article","og_title":"Concurso IFAM: resultado final do concurso \u00e9 divulgado","og_description":"Concurso IFAM: publicado resultado final das provas. Certame oferta aos candidatos 113 vagas para n\u00edveis de m\u00e9dio e superior.","og_url":"https:\/\/www.estrategiaconcursos.com.br\/blog\/edital-concurso-ifam-2019\/","og_site_name":"Estrat\u00e9gia Concursos","article_author":"https:\/\/www.facebook.com\/EstrategiaConcursos","article_published_time":"2019-10-30T03:00:11+00:00","article_modified_time":"2026-04-30T10:25:39+00:00","og_image":[{"width":1404,"height":658,"url":"https:\/\/dhg1h5j42swfq.cloudfront.net\/2019\/10\/30111139\/ifam.jpg","type":"image\/jpeg"}],"author":"Coordena\u00e7\u00e3o","twitter_card":"summary_large_image","twitter_creator":"@EstratConcursos","twitter_site":"@EstratConcursos","twitter_misc":{"Escrito por":"Coordena\u00e7\u00e3o","Est. tempo de leitura":"2 minutos"},"schema":{"@context":"https:\/\/schema.org","@graph":[{"@type":"NewsArticle","@id":"https:\/\/www.estrategiaconcursos.com.br\/blog\/edital-concurso-ifam-2019\/#article","isPartOf":{"@id":"https:\/\/www.estrategiaconcursos.com.br\/blog\/edital-concurso-ifam-2019\/"},"author":{"name":"Coordena\u00e7\u00e3o","@id":"https:\/\/www.estrategiaconcursos.com.br\/blog\/#\/schema\/person\/b4a388c97673c5f483d72185668afa1f"},"headline":"Concurso IFAM: resultado final do concurso \u00e9 divulgado","datePublished":"2019-10-30T03:00:11+00:00","dateModified":"2026-04-30T10:25:39+00:00","mainEntityOfPage":{"@id":"https:\/\/www.estrategiaconcursos.com.br\/blog\/edital-concurso-ifam-2019\/"},"wordCount":445,"commentCount":16,"publisher":{"@id":"https:\/\/www.estrategiaconcursos.com.br\/blog\/#organization"},"image":{"@id":"https:\/\/www.estrategiaconcursos.com.br\/blog\/edital-concurso-ifam-2019\/#primaryimage"},"thumbnailUrl":"https:\/\/dhg1h5j42swfq.cloudfront.net\/2019\/10\/30111139\/ifam.jpg","articleSection":["Concursos P\u00fablicos"],"inLanguage":"pt-BR","potentialAction":[{"@type":"CommentAction","name":"Comment","target":["https:\/\/www.estrategiaconcursos.com.br\/blog\/edital-concurso-ifam-2019\/#respond"]}],"copyrightYear":"2019","copyrightHolder":{"@id":"https:\/\/www.estrategiaconcursos.com.br\/blog\/#organization"}},{"@type":"WebPage","@id":"https:\/\/www.estrategiaconcursos.com.br\/blog\/edital-concurso-ifam-2019\/","url":"https:\/\/www.estrategiaconcursos.com.br\/blog\/edital-concurso-ifam-2019\/","name":"Concurso IFAM: resultado final do concurso \u00e9 divulgado","isPartOf":{"@id":"https:\/\/www.estrategiaconcursos.com.br\/blog\/#website"},"primaryImageOfPage":{"@id":"https:\/\/www.estrategiaconcursos.com.br\/blog\/edital-concurso-ifam-2019\/#primaryimage"},"image":{"@id":"https:\/\/www.estrategiaconcursos.com.br\/blog\/edital-concurso-ifam-2019\/#primaryimage"},"thumbnailUrl":"https:\/\/dhg1h5j42swfq.cloudfront.net\/2019\/10\/30111139\/ifam.jpg","datePublished":"2019-10-30T03:00:11+00:00","dateModified":"2026-04-30T10:25:39+00:00","description":"Concurso IFAM: publicado resultado final das provas. Certame oferta aos candidatos 113 vagas para n\u00edveis de m\u00e9dio e superior.","breadcrumb":{"@id":"https:\/\/www.estrategiaconcursos.com.br\/blog\/edital-concurso-ifam-2019\/#breadcrumb"},"inLanguage":"pt-BR","potentialAction":[{"@type":"ReadAction","target":["https:\/\/www.estrategiaconcursos.com.br\/blog\/edital-concurso-ifam-2019\/"]}]},{"@type":"ImageObject","inLanguage":"pt-BR","@id":"https:\/\/www.estrategiaconcursos.com.br\/blog\/edital-concurso-ifam-2019\/#primaryimage","url":"https:\/\/dhg1h5j42swfq.cloudfront.net\/2019\/10\/30111139\/ifam.jpg","contentUrl":"https:\/\/dhg1h5j42swfq.cloudfront.net\/2019\/10\/30111139\/ifam.jpg","width":1404,"height":658,"caption":"ifam"},{"@type":"BreadcrumbList","@id":"https:\/\/www.estrategiaconcursos.com.br\/blog\/edital-concurso-ifam-2019\/#breadcrumb","itemListElement":[{"@type":"ListItem","position":1,"name":"In\u00edcio","item":"https:\/\/www.estrategiaconcursos.com.br\/blog\/"},{"@type":"ListItem","position":2,"name":"Concurso IFAM: resultado final do concurso \u00e9 divulgado"}]},{"@type":"WebSite","@id":"https:\/\/www.estrategiaconcursos.com.br\/blog\/#website","url":"https:\/\/www.estrategiaconcursos.com.br\/blog\/","name":"Estrat\u00e9gia Concursos","description":"O blog da Estrat\u00e9gia Concursos traz not\u00edcias sobre concursos e artigos de professores oferecendo cursos para concursos (pdf + videaulas) no site.","publisher":{"@id":"https:\/\/www.estrategiaconcursos.com.br\/blog\/#organization"},"potentialAction":[{"@type":"SearchAction","target":{"@type":"EntryPoint","urlTemplate":"https:\/\/www.estrategiaconcursos.com.br\/blog\/?s={search_term_string}"},"query-input":{"@type":"PropertyValueSpecification","valueRequired":true,"valueName":"search_term_string"}}],"inLanguage":"pt-BR"},{"@type":"Organization","@id":"https:\/\/www.estrategiaconcursos.com.br\/blog\/#organization","name":"Estrat\u00e9gia Concursos","url":"https:\/\/www.estrategiaconcursos.com.br\/blog\/","logo":{"@type":"ImageObject","inLanguage":"pt-BR","@id":"https:\/\/www.estrategiaconcursos.com.br\/blog\/#\/schema\/logo\/image\/","url":"https:\/\/dhg1h5j42swfq.cloudfront.net\/2025\/06\/03203428\/logo_concursos-1.jpg","contentUrl":"https:\/\/dhg1h5j42swfq.cloudfront.net\/2025\/06\/03203428\/logo_concursos-1.jpg","width":230,"height":60,"caption":"Estrat\u00e9gia Concursos"},"image":{"@id":"https:\/\/www.estrategiaconcursos.com.br\/blog\/#\/schema\/logo\/image\/"},"sameAs":["https:\/\/x.com\/EstratConcursos"]},{"@type":"Person","@id":"https:\/\/www.estrategiaconcursos.com.br\/blog\/#\/schema\/person\/b4a388c97673c5f483d72185668afa1f","name":"Coordena\u00e7\u00e3o","image":{"@type":"ImageObject","inLanguage":"pt-BR","@id":"https:\/\/secure.gravatar.com\/avatar\/b720319e4c9a967eb58678d110f4fe35452fc5d5f97b202bac7b8acceb18c6ad?s=96&d=mm&r=g","url":"https:\/\/secure.gravatar.com\/avatar\/b720319e4c9a967eb58678d110f4fe35452fc5d5f97b202bac7b8acceb18c6ad?s=96&d=mm&r=g","contentUrl":"https:\/\/secure.gravatar.com\/avatar\/b720319e4c9a967eb58678d110f4fe35452fc5d5f97b202bac7b8acceb18c6ad?s=96&d=mm&r=g","caption":"Coordena\u00e7\u00e3o"},"sameAs":["https:\/\/www.facebook.com\/EstrategiaConcursos","https:\/\/x.com\/EstratConcursos"],"url":"https:\/\/www.estrategiaconcursos.com.br\/blog\/author\/estrategia2013\/"}]}},"_links":{"self":[{"href":"https:\/\/www.estrategiaconcursos.com.br\/blog\/wp-json\/wp\/v2\/posts\/162515","targetHints":{"allow":["GET"]}}],"collection":[{"href":"https:\/\/www.estrategiaconcursos.com.br\/blog\/wp-json\/wp\/v2\/posts"}],"about":[{"href":"https:\/\/www.estrategiaconcursos.com.br\/blog\/wp-json\/wp\/v2\/types\/post"}],"author":[{"embeddable":true,"href":"https:\/\/www.estrategiaconcursos.com.br\/blog\/wp-json\/wp\/v2\/users\/1"}],"replies":[{"embeddable":true,"href":"https:\/\/www.estrategiaconcursos.com.br\/blog\/wp-json\/wp\/v2\/comments?post=162515"}],"version-history":[{"count":9,"href":"https:\/\/www.estrategiaconcursos.com.br\/blog\/wp-json\/wp\/v2\/posts\/162515\/revisions"}],"predecessor-version":[{"id":1758930,"href":"https:\/\/www.estrategiaconcursos.com.br\/blog\/wp-json\/wp\/v2\/posts\/162515\/revisions\/1758930"}],"wp:featuredmedia":[{"embeddable":true,"href":"https:\/\/www.estrategiaconcursos.com.br\/blog\/wp-json\/wp\/v2\/media\/441989"}],"wp:attachment":[{"href":"https:\/\/www.estrategiaconcursos.com.br\/blog\/wp-json\/wp\/v2\/media?parent=162515"}],"wp:term":[{"taxonomy":"category","embeddable":true,"href":"https:\/\/www.estrategiaconcursos.com.br\/blog\/wp-json\/wp\/v2\/categories?post=162515"},{"taxonomy":"post_tag","embeddable":true,"href":"https:\/\/www.estrategiaconcursos.com.br\/blog\/wp-json\/wp\/v2\/tags?post=162515"},{"taxonomy":"tax_estado","embeddable":true,"href":"https:\/\/www.estrategiaconcursos.com.br\/blog\/wp-json\/wp\/v2\/tax_estado?post=162515"}],"curies":[{"name":"wp","href":"https:\/\/api.w.org\/{rel}","templated":true}]}}