{"id":162372,"date":"2019-01-27T14:58:41","date_gmt":"2019-01-27T17:58:41","guid":{"rendered":"https:\/\/www.estrategiaconcursos.com.br\/blog\/?p=162372"},"modified":"2019-04-15T21:26:34","modified_gmt":"2019-04-16T00:26:34","slug":"gabarito-agu-administrador-direito-administrativo","status":"publish","type":"post","link":"https:\/\/www.estrategiaconcursos.com.br\/blog\/gabarito-agu-administrador-direito-administrativo\/","title":{"rendered":"Gabarito AGU Administrador Direito Administrativo"},"content":{"rendered":"\n<p>Fala, pessoal! Aqui \u00e9 o Prof. Herbert Almeida.<\/p>\n\n\n\n<p>Hoje, vamos comentar as quest\u00f5es de <strong>Direito Administrativo <\/strong>para o cargo de <strong>Administrador <\/strong>do concurso da Advocacia Geral da Uni\u00e3o. O concurso foi organizado pela Idecan.<\/p>\n\n\n\n<p>N\u00e3o se esque\u00e7a de nos seguir nas redes sociais:<\/p>\n\n\n\n<p><strong><a href=\"http:\/\/www.youtube.com\/profherbertalmeida\">www.youtube.com\/profherbertalmeida<\/a><\/strong><\/p>\n\n\n\n<p><strong><a href=\"http:\/\/www.instagram.com\/profherbertalmeida\">www.instagram.com\/profherbertalmeida<\/a><\/strong><\/p>\n\n\n\n<p>Se preferir, basta escanear a figura a seguir:<\/p>\n\n\n\n<div class=\"wp-block-image\"><figure class=\"aligncenter is-resized\"><img loading=\"lazy\" decoding=\"async\" src=\"https:\/\/dhg1h5j42swfq.cloudfront.net\/2019\/01\/27145636\/tag-instagram-profherbertalmeida-e1548611815984.jpeg\" alt=\"\" class=\"wp-image-162378\" width=\"305\" height=\"316\" \/><\/figure><\/div>\n\n\n\n<p>Voc\u00ea pode acompanhar a corre\u00e7\u00e3o em v\u00eddeo ou em texto.<\/p>\n\n\n<figure class=\"wp-block-embed-youtube wp-block-embed is-type-video is-provider-youtube wp-embed-aspect-16-9 wp-has-aspect-ratio\"><div class=\"lyte-wrapper\" style=\"width:853px;max-width:100%;margin:5px;\"><div class=\"lyMe\" id=\"WYL_1pGQbMKxDgo\"><div id=\"lyte_1pGQbMKxDgo\" data-src=\"\/\/i.ytimg.com\/vi\/1pGQbMKxDgo\/hqdefault.jpg\" class=\"pL\"><div class=\"tC\"><div class=\"tT\"><\/div><\/div><div class=\"play\"><\/div><div class=\"ctrl\"><div class=\"Lctrl\"><\/div><div class=\"Rctrl\"><\/div><\/div><\/div><noscript><a href=\"https:\/\/youtu.be\/1pGQbMKxDgo\" rel=\"nofollow\"><img loading=\"lazy\" decoding=\"async\" src=\"https:\/\/i.ytimg.com\/vi\/1pGQbMKxDgo\/0.jpg\" alt=\"YouTube video thumbnail\" width=\"853\" height=\"460\" \/><br \/>Assista a este v\u00eddeo no YouTube<\/a><\/noscript><\/div><\/div><div class=\"lL\" style=\"max-width:100%;width:853px;margin:5px;\"><\/div><figcaption><\/figcaption><\/figure>\n\n\n<h3 class=\"wp-block-heading\">Administrador \u2013 Advocacia Geral da Uni\u00e3o<\/h3>\n\n\n\n<p><strong>32. (Idecan \u2013 Administrador\/AGU\/2019)<\/strong><\/p>\n\n\n\n<p>A Lei 8.112\/90 prev\u00ea diversas penalidades disciplinares par ao servidor p\u00fablico, que ser\u00e3o aplicadas levando em considera\u00e7\u00e3o a natureza e a gravidade da infra\u00e7\u00e3o cometida, os danos que dela provierem para o servi\u00e7o p\u00fablico, as circunst\u00e2ncias agravantes ou atenuantes e os antecedentes funcionais. Nesse contexto normativo, assinale a alternativa que traga o prazo de prescri\u00e7\u00e3o da a\u00e7\u00e3o disciplinar quanto \u00e0s infra\u00e7\u00f5es pun\u00edveis com suspens\u00e3o.<\/p>\n\n\n\n<p>a) um ano<\/p>\n\n\n\n<p>b) 60 dias<\/p>\n\n\n\n<p>c) dois anos<\/p>\n\n\n\n<p>d) 180 dias<\/p>\n\n\n\n<p>e) cinco dias<\/p>\n\n\n\n<p><strong>Coment\u00e1rio<\/strong>:\no artigo 142 da Lei 8.112\/90 trata do assunto, dispondo que:<\/p>\n\n\n\n<blockquote class=\"wp-block-quote is-layout-flow wp-block-quote-is-layout-flow\"><p>Art. 142.&nbsp; A a\u00e7\u00e3o disciplinar prescrever\u00e1:<\/p><p>I &#8211; em 5 (cinco) anos, quanto \u00e0s infra\u00e7\u00f5es pun\u00edveis com demiss\u00e3o, cassa\u00e7\u00e3o de aposentadoria ou disponibilidade e destitui\u00e7\u00e3o de cargo em comiss\u00e3o;<\/p><p>II &#8211; em 2 (dois) anos, quanto \u00e0 suspens\u00e3o;<\/p><p>III &#8211; em 180 (cento e oitenta) dias, quanto \u00e0 advert\u00eancia. <\/p><\/blockquote>\n\n\n\n<p>Logo, o prazo prescricional da a\u00e7\u00e3o disciplinar destinada a aplicar\nsan\u00e7\u00f5es de infra\u00e7\u00f5es pun\u00edveis com suspens\u00e3o ser\u00e1 de <strong>dois anos<\/strong>. <\/p>\n\n\n\n<p><strong>Gabarito: alternativa C.<\/strong><\/p>\n\n\n\n<p><strong>35. (Idecan \u2013 Administrador\/AGU\/2019)<\/strong><\/p>\n\n\n\n<p>Com base na organiza\u00e7\u00e3o da Administra\u00e7\u00e3o P\u00fablica\nFederal, assinale a alternativa que indique a entidade que \u00e9 considerada\nAg\u00eancia Executiva.<\/p>\n\n\n\n<p>a) Instituto Brasileiro do Meio Ambiente e dos\nRecursos Renov\u00e1veis (Ibama)<\/p>\n\n\n\n<p>b) Ag\u00eancia Nacional de Petr\u00f3leo (ANP)<\/p>\n\n\n\n<p>c) Ag\u00eancia Nacional de Telecomunica\u00e7\u00f5es (Anatel)<\/p>\n\n\n\n<p>d) Instituto Nacional de Seguridade Social (INSS)<\/p>\n\n\n\n<p>e) Instituto Nacional de Metrologia, Normatiza\u00e7\u00e3o e Qualidade\nIndustrial (Inmetro)<\/p>\n\n\n\n<p><strong>Coment\u00e1rio<\/strong>:\n\u00e0s vezes, eu me pergunto at\u00e9 quando os nossos avaliadores v\u00e3o insistir em\nquest\u00f5es que simplesmente n\u00e3o avaliam qualquer n\u00edvel de conhecimento. Desculpem\no desabafo, mas este \u00e9 o tipo de quest\u00e3o que n\u00e3o avalia o n\u00edvel de conhecimento\ndo candidato. Infelizmente, vamos ter que conviver com quest\u00f5es deste estilo\npor muito tempo.<\/p>\n\n\n\n<p>Outro problema desta quest\u00e3o \u00e9 que n\u00e3o existe uma lista\noficial do governo federal das ag\u00eancias executivas. Assim, \u00e9 basicamente imposs\u00edvel\nalgu\u00e9m afirmar com 100% de exatid\u00e3o quais entidades s\u00e3o qualificadas, ou n\u00e3o,\ncomo ag\u00eancias executivas. <\/p>\n\n\n\n<p>Vale lembrar que a qualifica\u00e7\u00e3o ocorre no \u00e2mbito de cada\nminist\u00e9rio supervisor, com a anu\u00eancia do \u201cMinist\u00e9rio da Administra\u00e7\u00e3o Federal e\nReforma do Estado\u201d \u2013 MARE. As compet\u00eancias do MARE foram absorvidas pelo Minist\u00e9rio\ndo Planejamento, que, por sua vez, foi extinto e substitu\u00eddo pelo Minist\u00e9rio da\nEconomia. De qualquer forma, n\u00e3o existe uma lista p\u00fablica das entidades\nqualificadas em todos os minist\u00e9rios. Logo, isso j\u00e1 poderia ser motivo para\ninvalidar a quest\u00e3o.<\/p>\n\n\n\n<p>Indo mais al\u00e9m, normalmente, o <strong>Inmetro<\/strong> \u00e9 citado como exemplo de ag\u00eancia executiva, inclusive em\nseu site constam as informa\u00e7\u00f5es dos contratos de gest\u00e3o firmados com o minist\u00e9rio\nsupervisor. Todavia, o \u00faltimo contrato de gest\u00e3o divulgado pela entidade \u00e9\nrelativo aos anos de 2016 a 2018: &nbsp;<a href=\"http:\/\/www.inmetro.gov.br\/gestao\/contratos.asp\">http:\/\/www.inmetro.gov.br\/gestao\/contratos.asp<\/a><\/p>\n\n\n\n<p>Mesmo assim, o Inmetro costuma ser um exemplo citado em\nartigos como uma ag\u00eancia executiva.<\/p>\n\n\n\n<p>Al\u00e9m disso, o Ibama tamb\u00e9m \u00e9 citado, em alguns textos, como\nag\u00eancia executiva. O seguinte site indica um estudo sobre a sua qualifica\u00e7\u00e3o: <a href=\"http:\/\/www.anppas.org.br\/encontro4\/cd\/ARQUIVOS\/GT2-541-256-20080509175944.pdf\">http:\/\/www.anppas.org.br\/encontro4\/cd\/ARQUIVOS\/GT2-541-256-20080509175944.pdf<\/a>\n<\/p>\n\n\n\n<p>Portanto, j\u00e1 poder\u00edamos indicar duas alternativas como\ncorretas, o que ensejaria a invalida\u00e7\u00e3o da quest\u00e3o. <\/p>\n\n\n\n<p>A ANP e a Anatel s\u00e3o ag\u00eancias reguladoras. Os conceitos, no\nentanto, n\u00e3o s\u00e3o excludentes (nada impede que uma ag\u00eancia reguladora se\nqualifique como ag\u00eancia executiva). Por\u00e9m, n\u00e3o identifiquei informa\u00e7\u00f5es sobre a\nqualifica\u00e7\u00e3o destas entidades.<\/p>\n\n\n\n<p>Por fim, o INSS \u00e9 uma autarquia federal. Logo, poderia se\nqualificar como ag\u00eancia executiva. No entanto, n\u00e3o encontrei nenhuma informa\u00e7\u00e3o\noficial sobre a qualifica\u00e7\u00e3o da entidade.<\/p>\n\n\n\n<p>Portanto, a quest\u00e3o \u00e9 pass\u00edvel de recurso. Sugiro que voc\u00ea\nutilize os seguintes argumentos para fins de recurso: (i) a falta de listagem oficial\nsobre as ag\u00eancias executivas; (ii) a indica\u00e7\u00e3o de duas entidades mencionadas\nnas alternativas como ag\u00eancias executivas.<\/p>\n\n\n\n<p><strong>Gabarito: alternativas A e E (RECURSO).<\/strong><\/p>\n\n\n\n<p><strong>38. (Idecan \u2013 Administrador\/AGU\/2019)<\/strong><\/p>\n\n\n\n<p>A Lei 8.112\/90 disp\u00f5e sobre o regime jur\u00eddico dos\nservidores p\u00fablicos civis da Uni\u00e3o, das autarquias e das funda\u00e7\u00f5es p\u00fablicas\nfederais. Nesse contexto normativo, assinale o que n\u00e3o \u00e9 considerado requisito\nb\u00e1sico para investidura em cargo p\u00fablico.<\/p>\n\n\n\n<p>a) nacionalidade brasileira<\/p>\n\n\n\n<p>b) aptid\u00e3o f\u00edsica e mental<\/p>\n\n\n\n<p>c) gozo dos direitos pol\u00edticos<\/p>\n\n\n\n<p>d) idade m\u00ednima de dezoito anos<\/p>\n\n\n\n<p>e) quita\u00e7\u00e3o com as obriga\u00e7\u00f5es militares, eleitorais\ne fiscais<\/p>\n\n\n\n<p><strong>Coment\u00e1rio<\/strong>:\nos requisitos b\u00e1sicos para a investidura em cargo p\u00fablico, no \u00e2mbito da Lei\n8.112\/90, est\u00e3o enumerados em seu artigo 5\u00ba, nos seguintes termos:<\/p>\n\n\n\n<blockquote class=\"wp-block-quote is-layout-flow wp-block-quote-is-layout-flow\"><p>Art. 5o&nbsp; S\u00e3o requisitos b\u00e1sicos para investidura em cargo p\u00fablico:<\/p><p>I &#8211; a nacionalidade brasileira;<\/p><p>II &#8211; o gozo dos direitos pol\u00edticos;<\/p><p>III &#8211; <strong>a quita\u00e7\u00e3o com as obriga\u00e7\u00f5es militares e eleitorais;<\/strong><\/p><p>IV &#8211; o n\u00edvel de escolaridade exigido para o exerc\u00edcio do cargo;<\/p><p>V &#8211; a idade m\u00ednima de dezoito anos;<\/p><p>VI &#8211; aptid\u00e3o f\u00edsica e mental.. <\/p><\/blockquote>\n\n\n\n<p>Dessa forma, entre os requisitos mencionados, apenas a\nquita\u00e7\u00e3o das <strong>obriga\u00e7\u00f5es fiscais<\/strong> n\u00e3o\nconstitui requisito b\u00e1sico, motivo pelo qual o gabarito \u00e9 a letra E.<\/p>\n\n\n\n<p><strong>Gabarito: alternativa E.<\/strong><\/p>\n\n\n\n<p><strong>39. (Idecan \u2013 Administrador\/AGU\/2019)<\/strong><\/p>\n\n\n\n<p>A respeito dos contratos administrativos, assinale a\nafirmativa <strong>incorreta<\/strong>.<\/p>\n\n\n\n<p>a) A rescis\u00e3o administrativa ou amig\u00e1vel dever\u00e1 ser\nprecedida de autoriza\u00e7\u00e3o escrita e fundamentada da autoridade competente.<\/p>\n\n\n\n<p>b) \u00c9 permitida \u00e0 Administra\u00e7\u00e3o, no caso de\nconcordata do contratado, manter o contrato podendo assumir o controle de\ndeterminadas atividades de servi\u00e7os essenciais.<\/p>\n\n\n\n<p>c) A rescis\u00e3o do contrato poder\u00e1 ser amig\u00e1vel, por\nacordo entre as partes, reduzida a termo no processo da licita\u00e7\u00e3o, desde que\nhaja conveni\u00eancia para a Administra\u00e7\u00e3o.<\/p>\n\n\n\n<p>d) Ocorrendo impedimento, paralisa\u00e7\u00e3o ou susta\u00e7\u00e3o do\ncontrato, o cronograma de execu\u00e7\u00e3o ser\u00e1 prorrogado por at\u00e9 120 (cento e vinte)\ndias.<\/p>\n\n\n\n<p>e) A Administra\u00e7\u00e3o rejeitar\u00e1, no todo ou em parte,\nobra, servi\u00e7o ou fornecimento executado em desacordo com o contrato.<\/p>\n\n\n\n<p><strong>Coment\u00e1rio<\/strong>:<\/p>\n\n\n\n<p>a) disp\u00f5e a Lei de Licita\u00e7\u00f5es e Contratos que \u201ca rescis\u00e3o\nadministrativa ou amig\u00e1vel dever\u00e1 ser precedida de autoriza\u00e7\u00e3o escrita e\nfundamentada da autoridade competente\u201d (art. 79, \u00a7 1\u00ba) \u2013 CORRETA;<\/p>\n\n\n\n<p>b) \u00e9 isso que determina o art. 80, \u00a7 2\u00ba, da Lei 8.666\/1993: \u201c\u00e9\npermitido \u00e0 Administra\u00e7\u00e3o, no caso de concordata do contratado, manter o\ncontrato, podendo assumir o controle de determinadas atividades de servi\u00e7os\nessenciais\u201d \u2013 CORRETA;<\/p>\n\n\n\n<p>c) o art. 79, II, disp\u00f5e que a rescis\u00e3o poder\u00e1 ser \u201camig\u00e1vel,\npor acordo entre as partes, reduzida a termo no processo da licita\u00e7\u00e3o, desde\nque haja conveni\u00eancia para a Administra\u00e7\u00e3o\u201d \u2013 CORRETA;<\/p>\n\n\n\n<p>d) n\u00e3o \u00e9 exatamente isso que prev\u00ea a legisla\u00e7\u00e3o. Ocorrendo\nimpedimento, paralisa\u00e7\u00e3o ou susta\u00e7\u00e3o do contrato, o cronograma de execu\u00e7\u00e3o <strong>ser\u00e1 prorrogado automaticamente por igual\ntempo<\/strong> (art. 80, \u00a7 5\u00ba). Logo, n\u00e3o \u00e9 \u201cpor at\u00e9 120 dias\u201d, mas sim pelo prazo da\nparalisa\u00e7\u00e3o, impedimento ou susta\u00e7\u00e3o \u2013 ERRADA;<\/p>\n\n\n\n<p>e) perfeito! Como o objeto deve ser prestado conforme contratado,\na Administra\u00e7\u00e3o rejeitar\u00e1, no todo ou em parte, obra, servi\u00e7o ou fornecimento\nexecutado em desacordo com o contrato (art. 76) \u2013 CORRETA.<\/p>\n\n\n\n<p><strong>Gabarito: alternativa D.<\/strong><\/p>\n\n\n\n<p><strong>40. (Idecan \u2013 Administrador\/AGU\/2019)<\/strong><\/p>\n\n\n\n<p>A Lei 8.666\/1993 prev\u00ea, como modalidades licitat\u00f3rias,\na concorr\u00eancia, a tomada de pre\u00e7os, o convite, o concurso e o leil\u00e3o. Nesse cen\u00e1rio,\nassinale a alternativa que apresente a modalidade de licita\u00e7\u00e3o cab\u00edvel para a\nconcess\u00e3o de direito real de uso que envolva valor inferior a R$ 80.000,00 (oitenta\nmil reais).<\/p>\n\n\n\n<p>a) Convite<\/p>\n\n\n\n<p>b) Leil\u00e3o<\/p>\n\n\n\n<p>c) Concorr\u00eancia<\/p>\n\n\n\n<p>d) Tomada de pre\u00e7os<\/p>\n\n\n\n<p>e) Concurso<\/p>\n\n\n\n<p><strong>Coment\u00e1rio<\/strong>:\nde acordo com a Lei 8.666\/1993: <\/p>\n\n\n\n<blockquote class=\"wp-block-quote is-layout-flow wp-block-quote-is-layout-flow\"><p>Art. 23 [&#8230;] \u00a7 3o&nbsp; A concorr\u00eancia \u00e9 a modalidade de licita\u00e7\u00e3o cab\u00edvel, qualquer que seja o valor de seu objeto, tanto na compra ou aliena\u00e7\u00e3o de bens im\u00f3veis, ressalvado o disposto no art. 19, como <strong>nas concess\u00f5es de direito real de uso<\/strong> e nas licita\u00e7\u00f5es internacionais, admitindo-se neste \u00faltimo caso, observados os limites deste artigo, a tomada de pre\u00e7os, quando o \u00f3rg\u00e3o ou entidade dispuser de cadastro internacional de fornecedores ou o convite, quando n\u00e3o houver fornecedor do bem ou servi\u00e7o no Pa\u00eds.&nbsp;&nbsp; <\/p><\/blockquote>\n\n\n\n<p>Portanto, <strong>independentemente\ndo valor<\/strong>, a concorr\u00eancia \u00e9 a modalidade de licita\u00e7\u00e3o para concess\u00e3o de\ndireito real de uso. <\/p>\n\n\n\n<p>Mas professor, a quest\u00e3o mencionou \u201cinferior a R$ 80.000,00\u201d.\nOra, se ela cabe para qualquer valor, ent\u00e3o se aplica para menos de R$ 80 mil,\nmais de R$ 80 mil ou ainda para exatos R$ 80 mil. N\u00e3o importa o valor!<\/p>\n\n\n\n<p>A banca quis fazer uma pegadinha, pois o candidato poderia\npensar que os valores das modalidades, previstos no art. 23, poderiam se\naplicar \u00e0 concess\u00e3o de direito real de uso. Por\u00e9m, n\u00e3o se aplicam! Ainda bem\nque n\u00e3o se aplicam, sen\u00e3o ter\u00edamos um grande problema, j\u00e1 que atualmente os\nvalores do art. 23 foram atualizados. Mesmo assim, independentemente do valor,\na modalidade \u00e9 a concorr\u00eancia.<\/p>\n\n\n\n<p><strong>Gabarito: alternativa C.<\/strong><\/p>\n\n\n\n<p><strong>41. (Idecan \u2013 Administrador\/AGU\/2019)<\/strong><\/p>\n\n\n\n<p>A respeito dos atributos e da classifica\u00e7\u00e3o dos atos\nadministrativos, assinale a alternativa correta.<\/p>\n\n\n\n<p>a) Os atributos dos atos administrativos s\u00e3o <em>numerus clausus<\/em>, a saber:\nautoexecutoriedade e presun\u00e7\u00e3o de veracidade.<\/p>\n\n\n\n<p>b) A presun\u00e7\u00e3o de veracidade \u00e9 atributo presente em\ntodos os atos administrativos, gozando de natureza absoluta (<em>juris tantum<\/em>).<\/p>\n\n\n\n<p>c) A cobran\u00e7a de multa aplicada pela Administra\u00e7\u00e3o\nP\u00fablica \u00e9 exemplo cl\u00e1ssico de ato administrativo provido de autoexecutoriedade.<\/p>\n\n\n\n<p>d) No ato administrativo complexo, praticam-se dois\natos, uma principal e outro acess\u00f3rio, sendo que este pode ser pressuposto de\nvalidade ou ato complementar do ato principal.<\/p>\n\n\n\n<p>e) O ato administrativo simples pode ser express\u00e3o\nda vontade de um \u00f3rg\u00e3o colegiado.<\/p>\n\n\n\n<p><strong>Coment\u00e1rio<\/strong>:<\/p>\n\n\n\n<p>a) <em>numerus clausus<\/em>\nquer dizer que seriam somente aqueles mencionados. Por\u00e9m, existem outros\natributos, como a presun\u00e7\u00e3o de legitimidade, tipicidade e imperatividade. Al\u00e9m\ndisso, existem autores que mencionam outros atributos, como a exigibilidade e a\nexecutoriedade (este \u00faltimo seria equivalente \u00e0 autoexecutoriedade) \u2013 ERRADA;<\/p>\n\n\n\n<p>b) a presun\u00e7\u00e3o de veracidade, de fato, tem presun\u00e7\u00e3o <em>juris tantum<\/em>, mas isso significa que a <strong>presun\u00e7\u00e3o \u00e9 relativa<\/strong>. Da\u00ed o erro da\nquest\u00e3o. A presun\u00e7\u00e3o absoluta, que n\u00e3o acontece nesse caso, seria uma presun\u00e7\u00e3o\n<em>juris et de jure<\/em> \u2013 ERRADA;<\/p>\n\n\n\n<p>c) a cobran\u00e7a de multa n\u00e3o tem autoexecutoriedade, uma vez\nque depende de a\u00e7\u00e3o judicial para cobran\u00e7a \u2013 ERRADA;<\/p>\n\n\n\n<p>d) o ato administrativo complexo constitui um \u00fanico ato,\npor\u00e9m formado pela conjuga\u00e7\u00e3o de vontade de dois ou mais \u00f3rg\u00e3os. O ato composto\n\u00e9 que \u00e9 formado por dois atos (um principal e outro acess\u00f3rio) \u2013 ERRADA;<\/p>\n\n\n\n<p>e) o ato administrativo simples \u00e9 a manifesta\u00e7\u00e3o de um \u00fanico\n\u00f3rg\u00e3o, que pode ser unipessoal ou colegiado. Por exemplo, uma decis\u00e3o administrativa\nde um tribunal (\u00f3rg\u00e3o colegiado) constitui ato simples \u2013 CORRETA.<\/p>\n\n\n\n<p><strong>Gabarito: alternativa E.<\/strong><\/p>\n\n\n\n<p>\u00c9 isso a\u00ed, pessoal!<\/p>\n\n\n\n<p>Um grande abra\u00e7o e at\u00e9 a pr\u00f3xima!<\/p>\n\n\n\n<p>Herbert Almeida<\/p>\n\n\n\n<p><\/p>\n","protected":false},"excerpt":{"rendered":"<p>Fala, pessoal! Aqui \u00e9 o Prof. Herbert Almeida. Hoje, vamos comentar as quest\u00f5es de Direito Administrativo para o cargo de Administrador do concurso da Advocacia Geral da Uni\u00e3o. O concurso foi organizado pela Idecan. N\u00e3o se esque\u00e7a de nos seguir nas redes sociais: www.youtube.com\/profherbertalmeida www.instagram.com\/profherbertalmeida Se preferir, basta escanear a figura a seguir: Voc\u00ea pode [&hellip;]<\/p>\n","protected":false},"author":129,"featured_media":0,"comment_status":"open","ping_status":"closed","sticky":false,"template":"","format":"standard","meta":{"post_tipo":"article","footnotes":""},"categories":[1],"tags":[],"tax_estado":[],"class_list":["post-162372","post","type-post","status-publish","format-standard","hentry","category-cursos-e-concursos"],"acf":[],"yoast_head":"<!-- This site is optimized with the Yoast SEO Premium plugin v27.2 (Yoast SEO v27.2) - https:\/\/yoast.com\/product\/yoast-seo-premium-wordpress\/ -->\n<title>Gabarito AGU Administrador Direito Administrativo<\/title>\n<meta name=\"description\" content=\"Gabarito AGU Administrador Direito Administrativo - Coment\u00e1rio da prova da AGU de Direito Administrativo. Banca Idecan. Prova realizada em 2019.\" \/>\n<meta name=\"robots\" content=\"index, follow, max-snippet:-1, max-image-preview:large, max-video-preview:-1\" \/>\n<link rel=\"canonical\" href=\"https:\/\/www.estrategiaconcursos.com.br\/blog\/gabarito-agu-administrador-direito-administrativo\/\" \/>\n<meta property=\"og:locale\" content=\"pt_BR\" \/>\n<meta property=\"og:type\" content=\"article\" \/>\n<meta property=\"og:title\" content=\"Gabarito AGU Administrador Direito Administrativo\" \/>\n<meta property=\"og:description\" content=\"Gabarito AGU Administrador Direito Administrativo - Coment\u00e1rio da prova da AGU de Direito Administrativo. Banca Idecan. Prova realizada em 2019.\" \/>\n<meta property=\"og:url\" content=\"https:\/\/www.estrategiaconcursos.com.br\/blog\/gabarito-agu-administrador-direito-administrativo\/\" \/>\n<meta property=\"og:site_name\" content=\"Estrat\u00e9gia Concursos\" \/>\n<meta property=\"article:published_time\" content=\"2019-01-27T17:58:41+00:00\" \/>\n<meta property=\"article:modified_time\" content=\"2019-04-16T00:26:34+00:00\" \/>\n<meta property=\"og:image\" content=\"https:\/\/www.estrategiaconcursos.com.br\/blog\/wp-content\/uploads\/2019\/01\/tag-instagram-profherbertalmeida-e1548611815984.jpeg\" \/>\n<meta name=\"author\" content=\"Herbert Almeida\" \/>\n<meta name=\"twitter:card\" content=\"summary_large_image\" \/>\n<meta name=\"twitter:creator\" content=\"@EstratConcursos\" \/>\n<meta name=\"twitter:site\" content=\"@EstratConcursos\" \/>\n<meta name=\"twitter:label1\" content=\"Escrito por\" \/>\n\t<meta name=\"twitter:data1\" content=\"Herbert Almeida\" \/>\n\t<meta name=\"twitter:label2\" content=\"Est. tempo de leitura\" \/>\n\t<meta name=\"twitter:data2\" content=\"10 minutos\" \/>\n<script type=\"application\/ld+json\" class=\"yoast-schema-graph\">{\"@context\":\"https:\/\/schema.org\",\"@graph\":[{\"@type\":\"NewsArticle\",\"@id\":\"https:\/\/www.estrategiaconcursos.com.br\/blog\/gabarito-agu-administrador-direito-administrativo\/#article\",\"isPartOf\":{\"@id\":\"https:\/\/www.estrategiaconcursos.com.br\/blog\/gabarito-agu-administrador-direito-administrativo\/\"},\"author\":{\"name\":\"Herbert Almeida\",\"@id\":\"https:\/\/www.estrategiaconcursos.com.br\/blog\/#\/schema\/person\/59717c75350fa01aa0fd68a52a8d02e0\"},\"headline\":\"Gabarito AGU Administrador Direito Administrativo\",\"datePublished\":\"2019-01-27T17:58:41+00:00\",\"dateModified\":\"2019-04-16T00:26:34+00:00\",\"mainEntityOfPage\":{\"@id\":\"https:\/\/www.estrategiaconcursos.com.br\/blog\/gabarito-agu-administrador-direito-administrativo\/\"},\"wordCount\":1946,\"commentCount\":0,\"publisher\":{\"@id\":\"https:\/\/www.estrategiaconcursos.com.br\/blog\/#organization\"},\"image\":{\"@id\":\"https:\/\/www.estrategiaconcursos.com.br\/blog\/gabarito-agu-administrador-direito-administrativo\/#primaryimage\"},\"thumbnailUrl\":\"https:\/\/www.estrategiaconcursos.com.br\/blog\/wp-content\/uploads\/2019\/01\/tag-instagram-profherbertalmeida-e1548611815984.jpeg\",\"articleSection\":[\"Concursos P\u00fablicos\"],\"inLanguage\":\"pt-BR\",\"potentialAction\":[{\"@type\":\"CommentAction\",\"name\":\"Comment\",\"target\":[\"https:\/\/www.estrategiaconcursos.com.br\/blog\/gabarito-agu-administrador-direito-administrativo\/#respond\"]}],\"copyrightYear\":\"2019\",\"copyrightHolder\":{\"@id\":\"https:\/\/www.estrategiaconcursos.com.br\/blog\/#organization\"}},{\"@type\":\"WebPage\",\"@id\":\"https:\/\/www.estrategiaconcursos.com.br\/blog\/gabarito-agu-administrador-direito-administrativo\/\",\"url\":\"https:\/\/www.estrategiaconcursos.com.br\/blog\/gabarito-agu-administrador-direito-administrativo\/\",\"name\":\"Gabarito AGU Administrador Direito Administrativo\",\"isPartOf\":{\"@id\":\"https:\/\/www.estrategiaconcursos.com.br\/blog\/#website\"},\"primaryImageOfPage\":{\"@id\":\"https:\/\/www.estrategiaconcursos.com.br\/blog\/gabarito-agu-administrador-direito-administrativo\/#primaryimage\"},\"image\":{\"@id\":\"https:\/\/www.estrategiaconcursos.com.br\/blog\/gabarito-agu-administrador-direito-administrativo\/#primaryimage\"},\"thumbnailUrl\":\"https:\/\/www.estrategiaconcursos.com.br\/blog\/wp-content\/uploads\/2019\/01\/tag-instagram-profherbertalmeida-e1548611815984.jpeg\",\"datePublished\":\"2019-01-27T17:58:41+00:00\",\"dateModified\":\"2019-04-16T00:26:34+00:00\",\"description\":\"Gabarito AGU Administrador Direito Administrativo - Coment\u00e1rio da prova da AGU de Direito Administrativo. Banca Idecan. Prova realizada em 2019.\",\"breadcrumb\":{\"@id\":\"https:\/\/www.estrategiaconcursos.com.br\/blog\/gabarito-agu-administrador-direito-administrativo\/#breadcrumb\"},\"inLanguage\":\"pt-BR\",\"potentialAction\":[{\"@type\":\"ReadAction\",\"target\":[\"https:\/\/www.estrategiaconcursos.com.br\/blog\/gabarito-agu-administrador-direito-administrativo\/\"]}]},{\"@type\":\"ImageObject\",\"inLanguage\":\"pt-BR\",\"@id\":\"https:\/\/www.estrategiaconcursos.com.br\/blog\/gabarito-agu-administrador-direito-administrativo\/#primaryimage\",\"url\":\"https:\/\/dhg1h5j42swfq.cloudfront.net\/2019\/01\/27145636\/tag-instagram-profherbertalmeida-e1548611815984.jpeg\",\"contentUrl\":\"https:\/\/dhg1h5j42swfq.cloudfront.net\/2019\/01\/27145636\/tag-instagram-profherbertalmeida-e1548611815984.jpeg\",\"width\":350,\"height\":364},{\"@type\":\"BreadcrumbList\",\"@id\":\"https:\/\/www.estrategiaconcursos.com.br\/blog\/gabarito-agu-administrador-direito-administrativo\/#breadcrumb\",\"itemListElement\":[{\"@type\":\"ListItem\",\"position\":1,\"name\":\"In\u00edcio\",\"item\":\"https:\/\/www.estrategiaconcursos.com.br\/blog\/\"},{\"@type\":\"ListItem\",\"position\":2,\"name\":\"Gabarito AGU Administrador Direito Administrativo\"}]},{\"@type\":\"WebSite\",\"@id\":\"https:\/\/www.estrategiaconcursos.com.br\/blog\/#website\",\"url\":\"https:\/\/www.estrategiaconcursos.com.br\/blog\/\",\"name\":\"Estrat\u00e9gia Concursos\",\"description\":\"O blog da Estrat\u00e9gia Concursos traz not\u00edcias sobre concursos e artigos de professores oferecendo cursos para concursos (pdf + videaulas) no site.\",\"publisher\":{\"@id\":\"https:\/\/www.estrategiaconcursos.com.br\/blog\/#organization\"},\"potentialAction\":[{\"@type\":\"SearchAction\",\"target\":{\"@type\":\"EntryPoint\",\"urlTemplate\":\"https:\/\/www.estrategiaconcursos.com.br\/blog\/?s={search_term_string}\"},\"query-input\":{\"@type\":\"PropertyValueSpecification\",\"valueRequired\":true,\"valueName\":\"search_term_string\"}}],\"inLanguage\":\"pt-BR\"},{\"@type\":\"Organization\",\"@id\":\"https:\/\/www.estrategiaconcursos.com.br\/blog\/#organization\",\"name\":\"Estrat\u00e9gia Concursos\",\"url\":\"https:\/\/www.estrategiaconcursos.com.br\/blog\/\",\"logo\":{\"@type\":\"ImageObject\",\"inLanguage\":\"pt-BR\",\"@id\":\"https:\/\/www.estrategiaconcursos.com.br\/blog\/#\/schema\/logo\/image\/\",\"url\":\"https:\/\/dhg1h5j42swfq.cloudfront.net\/2025\/06\/03203428\/logo_concursos-1.jpg\",\"contentUrl\":\"https:\/\/dhg1h5j42swfq.cloudfront.net\/2025\/06\/03203428\/logo_concursos-1.jpg\",\"width\":230,\"height\":60,\"caption\":\"Estrat\u00e9gia Concursos\"},\"image\":{\"@id\":\"https:\/\/www.estrategiaconcursos.com.br\/blog\/#\/schema\/logo\/image\/\"},\"sameAs\":[\"https:\/\/x.com\/EstratConcursos\"]},{\"@type\":\"Person\",\"@id\":\"https:\/\/www.estrategiaconcursos.com.br\/blog\/#\/schema\/person\/59717c75350fa01aa0fd68a52a8d02e0\",\"name\":\"Herbert Almeida\",\"image\":{\"@type\":\"ImageObject\",\"inLanguage\":\"pt-BR\",\"@id\":\"https:\/\/secure.gravatar.com\/avatar\/b6461a43893c24d5fc91efc433971ffec025c84c0341129f4578034d77f9a536?s=96&d=mm&r=g\",\"url\":\"https:\/\/secure.gravatar.com\/avatar\/b6461a43893c24d5fc91efc433971ffec025c84c0341129f4578034d77f9a536?s=96&d=mm&r=g\",\"contentUrl\":\"https:\/\/secure.gravatar.com\/avatar\/b6461a43893c24d5fc91efc433971ffec025c84c0341129f4578034d77f9a536?s=96&d=mm&r=g\",\"caption\":\"Herbert Almeida\"},\"url\":\"https:\/\/www.estrategiaconcursos.com.br\/blog\/author\/herbertestrategiaconcursos-com-br\/\"}]}<\/script>\n<!-- \/ Yoast SEO Premium plugin. -->","yoast_head_json":{"title":"Gabarito AGU Administrador Direito Administrativo","description":"Gabarito AGU Administrador Direito Administrativo - Coment\u00e1rio da prova da AGU de Direito Administrativo. Banca Idecan. Prova realizada em 2019.","robots":{"index":"index","follow":"follow","max-snippet":"max-snippet:-1","max-image-preview":"max-image-preview:large","max-video-preview":"max-video-preview:-1"},"canonical":"https:\/\/www.estrategiaconcursos.com.br\/blog\/gabarito-agu-administrador-direito-administrativo\/","og_locale":"pt_BR","og_type":"article","og_title":"Gabarito AGU Administrador Direito Administrativo","og_description":"Gabarito AGU Administrador Direito Administrativo - Coment\u00e1rio da prova da AGU de Direito Administrativo. Banca Idecan. Prova realizada em 2019.","og_url":"https:\/\/www.estrategiaconcursos.com.br\/blog\/gabarito-agu-administrador-direito-administrativo\/","og_site_name":"Estrat\u00e9gia Concursos","article_published_time":"2019-01-27T17:58:41+00:00","article_modified_time":"2019-04-16T00:26:34+00:00","og_image":[{"url":"https:\/\/www.estrategiaconcursos.com.br\/blog\/wp-content\/uploads\/2019\/01\/tag-instagram-profherbertalmeida-e1548611815984.jpeg","type":"","width":"","height":""}],"author":"Herbert Almeida","twitter_card":"summary_large_image","twitter_creator":"@EstratConcursos","twitter_site":"@EstratConcursos","twitter_misc":{"Escrito por":"Herbert Almeida","Est. tempo de leitura":"10 minutos"},"schema":{"@context":"https:\/\/schema.org","@graph":[{"@type":"NewsArticle","@id":"https:\/\/www.estrategiaconcursos.com.br\/blog\/gabarito-agu-administrador-direito-administrativo\/#article","isPartOf":{"@id":"https:\/\/www.estrategiaconcursos.com.br\/blog\/gabarito-agu-administrador-direito-administrativo\/"},"author":{"name":"Herbert Almeida","@id":"https:\/\/www.estrategiaconcursos.com.br\/blog\/#\/schema\/person\/59717c75350fa01aa0fd68a52a8d02e0"},"headline":"Gabarito AGU Administrador Direito Administrativo","datePublished":"2019-01-27T17:58:41+00:00","dateModified":"2019-04-16T00:26:34+00:00","mainEntityOfPage":{"@id":"https:\/\/www.estrategiaconcursos.com.br\/blog\/gabarito-agu-administrador-direito-administrativo\/"},"wordCount":1946,"commentCount":0,"publisher":{"@id":"https:\/\/www.estrategiaconcursos.com.br\/blog\/#organization"},"image":{"@id":"https:\/\/www.estrategiaconcursos.com.br\/blog\/gabarito-agu-administrador-direito-administrativo\/#primaryimage"},"thumbnailUrl":"https:\/\/www.estrategiaconcursos.com.br\/blog\/wp-content\/uploads\/2019\/01\/tag-instagram-profherbertalmeida-e1548611815984.jpeg","articleSection":["Concursos P\u00fablicos"],"inLanguage":"pt-BR","potentialAction":[{"@type":"CommentAction","name":"Comment","target":["https:\/\/www.estrategiaconcursos.com.br\/blog\/gabarito-agu-administrador-direito-administrativo\/#respond"]}],"copyrightYear":"2019","copyrightHolder":{"@id":"https:\/\/www.estrategiaconcursos.com.br\/blog\/#organization"}},{"@type":"WebPage","@id":"https:\/\/www.estrategiaconcursos.com.br\/blog\/gabarito-agu-administrador-direito-administrativo\/","url":"https:\/\/www.estrategiaconcursos.com.br\/blog\/gabarito-agu-administrador-direito-administrativo\/","name":"Gabarito AGU Administrador Direito Administrativo","isPartOf":{"@id":"https:\/\/www.estrategiaconcursos.com.br\/blog\/#website"},"primaryImageOfPage":{"@id":"https:\/\/www.estrategiaconcursos.com.br\/blog\/gabarito-agu-administrador-direito-administrativo\/#primaryimage"},"image":{"@id":"https:\/\/www.estrategiaconcursos.com.br\/blog\/gabarito-agu-administrador-direito-administrativo\/#primaryimage"},"thumbnailUrl":"https:\/\/www.estrategiaconcursos.com.br\/blog\/wp-content\/uploads\/2019\/01\/tag-instagram-profherbertalmeida-e1548611815984.jpeg","datePublished":"2019-01-27T17:58:41+00:00","dateModified":"2019-04-16T00:26:34+00:00","description":"Gabarito AGU Administrador Direito Administrativo - Coment\u00e1rio da prova da AGU de Direito Administrativo. Banca Idecan. Prova realizada em 2019.","breadcrumb":{"@id":"https:\/\/www.estrategiaconcursos.com.br\/blog\/gabarito-agu-administrador-direito-administrativo\/#breadcrumb"},"inLanguage":"pt-BR","potentialAction":[{"@type":"ReadAction","target":["https:\/\/www.estrategiaconcursos.com.br\/blog\/gabarito-agu-administrador-direito-administrativo\/"]}]},{"@type":"ImageObject","inLanguage":"pt-BR","@id":"https:\/\/www.estrategiaconcursos.com.br\/blog\/gabarito-agu-administrador-direito-administrativo\/#primaryimage","url":"https:\/\/dhg1h5j42swfq.cloudfront.net\/2019\/01\/27145636\/tag-instagram-profherbertalmeida-e1548611815984.jpeg","contentUrl":"https:\/\/dhg1h5j42swfq.cloudfront.net\/2019\/01\/27145636\/tag-instagram-profherbertalmeida-e1548611815984.jpeg","width":350,"height":364},{"@type":"BreadcrumbList","@id":"https:\/\/www.estrategiaconcursos.com.br\/blog\/gabarito-agu-administrador-direito-administrativo\/#breadcrumb","itemListElement":[{"@type":"ListItem","position":1,"name":"In\u00edcio","item":"https:\/\/www.estrategiaconcursos.com.br\/blog\/"},{"@type":"ListItem","position":2,"name":"Gabarito AGU Administrador Direito Administrativo"}]},{"@type":"WebSite","@id":"https:\/\/www.estrategiaconcursos.com.br\/blog\/#website","url":"https:\/\/www.estrategiaconcursos.com.br\/blog\/","name":"Estrat\u00e9gia Concursos","description":"O blog da Estrat\u00e9gia Concursos traz not\u00edcias sobre concursos e artigos de professores oferecendo cursos para concursos (pdf + videaulas) no site.","publisher":{"@id":"https:\/\/www.estrategiaconcursos.com.br\/blog\/#organization"},"potentialAction":[{"@type":"SearchAction","target":{"@type":"EntryPoint","urlTemplate":"https:\/\/www.estrategiaconcursos.com.br\/blog\/?s={search_term_string}"},"query-input":{"@type":"PropertyValueSpecification","valueRequired":true,"valueName":"search_term_string"}}],"inLanguage":"pt-BR"},{"@type":"Organization","@id":"https:\/\/www.estrategiaconcursos.com.br\/blog\/#organization","name":"Estrat\u00e9gia Concursos","url":"https:\/\/www.estrategiaconcursos.com.br\/blog\/","logo":{"@type":"ImageObject","inLanguage":"pt-BR","@id":"https:\/\/www.estrategiaconcursos.com.br\/blog\/#\/schema\/logo\/image\/","url":"https:\/\/dhg1h5j42swfq.cloudfront.net\/2025\/06\/03203428\/logo_concursos-1.jpg","contentUrl":"https:\/\/dhg1h5j42swfq.cloudfront.net\/2025\/06\/03203428\/logo_concursos-1.jpg","width":230,"height":60,"caption":"Estrat\u00e9gia Concursos"},"image":{"@id":"https:\/\/www.estrategiaconcursos.com.br\/blog\/#\/schema\/logo\/image\/"},"sameAs":["https:\/\/x.com\/EstratConcursos"]},{"@type":"Person","@id":"https:\/\/www.estrategiaconcursos.com.br\/blog\/#\/schema\/person\/59717c75350fa01aa0fd68a52a8d02e0","name":"Herbert Almeida","image":{"@type":"ImageObject","inLanguage":"pt-BR","@id":"https:\/\/secure.gravatar.com\/avatar\/b6461a43893c24d5fc91efc433971ffec025c84c0341129f4578034d77f9a536?s=96&d=mm&r=g","url":"https:\/\/secure.gravatar.com\/avatar\/b6461a43893c24d5fc91efc433971ffec025c84c0341129f4578034d77f9a536?s=96&d=mm&r=g","contentUrl":"https:\/\/secure.gravatar.com\/avatar\/b6461a43893c24d5fc91efc433971ffec025c84c0341129f4578034d77f9a536?s=96&d=mm&r=g","caption":"Herbert Almeida"},"url":"https:\/\/www.estrategiaconcursos.com.br\/blog\/author\/herbertestrategiaconcursos-com-br\/"}]}},"_links":{"self":[{"href":"https:\/\/www.estrategiaconcursos.com.br\/blog\/wp-json\/wp\/v2\/posts\/162372","targetHints":{"allow":["GET"]}}],"collection":[{"href":"https:\/\/www.estrategiaconcursos.com.br\/blog\/wp-json\/wp\/v2\/posts"}],"about":[{"href":"https:\/\/www.estrategiaconcursos.com.br\/blog\/wp-json\/wp\/v2\/types\/post"}],"author":[{"embeddable":true,"href":"https:\/\/www.estrategiaconcursos.com.br\/blog\/wp-json\/wp\/v2\/users\/129"}],"replies":[{"embeddable":true,"href":"https:\/\/www.estrategiaconcursos.com.br\/blog\/wp-json\/wp\/v2\/comments?post=162372"}],"version-history":[{"count":3,"href":"https:\/\/www.estrategiaconcursos.com.br\/blog\/wp-json\/wp\/v2\/posts\/162372\/revisions"}],"predecessor-version":[{"id":162415,"href":"https:\/\/www.estrategiaconcursos.com.br\/blog\/wp-json\/wp\/v2\/posts\/162372\/revisions\/162415"}],"wp:attachment":[{"href":"https:\/\/www.estrategiaconcursos.com.br\/blog\/wp-json\/wp\/v2\/media?parent=162372"}],"wp:term":[{"taxonomy":"category","embeddable":true,"href":"https:\/\/www.estrategiaconcursos.com.br\/blog\/wp-json\/wp\/v2\/categories?post=162372"},{"taxonomy":"post_tag","embeddable":true,"href":"https:\/\/www.estrategiaconcursos.com.br\/blog\/wp-json\/wp\/v2\/tags?post=162372"},{"taxonomy":"tax_estado","embeddable":true,"href":"https:\/\/www.estrategiaconcursos.com.br\/blog\/wp-json\/wp\/v2\/tax_estado?post=162372"}],"curies":[{"name":"wp","href":"https:\/\/api.w.org\/{rel}","templated":true}]}}