{"id":1623058,"date":"2025-08-18T09:00:00","date_gmt":"2025-08-18T12:00:00","guid":{"rendered":"https:\/\/www.estrategiaconcursos.com.br\/blog\/?p=1623058"},"modified":"2025-08-25T16:15:09","modified_gmt":"2025-08-25T19:15:09","slug":"carta-aos-assinantes-251","status":"publish","type":"post","link":"https:\/\/www.estrategiaconcursos.com.br\/blog\/carta-aos-assinantes-251\/","title":{"rendered":"Carta aos Assinantes do Estrat\u00e9gia Concursos &#8211; 251"},"content":{"rendered":"\n<p class=\"has-text-align-right has-luminous-vivid-amber-background-color has-background\"><em>Confira, em nossa <strong>ducent\u00e9sima quinquag\u00e9sima primeira <\/strong>carta aos assinantes, a nossa programa\u00e7\u00e3o semanal, as novidades do nosso Sistema de Quest\u00f5es e as principais movimenta\u00e7\u00f5es de concursos.<\/em><\/p>\n\n\n\n<p>Ol\u00e1, pessoal. Tudo bem?<\/p>\n\n\n\n<p>Aqui \u00e9 o<strong>&nbsp;Prof. Diego Cerqueira&nbsp;<\/strong>em nossa <strong>ducent\u00e9sima quinquag\u00e9sima primeira <\/strong>carta aos Assinantes do Estrat\u00e9gia Concursos.<\/p>\n\n\n\n<p>Preparados para participar da <strong>Semana dos Concursos Policiais<\/strong>? Elaboramos o plano do zero ao avan\u00e7ado para conquistar uma das 29 mil vagas e sal\u00e1rios de at\u00e9 R$ 15 mil. Chegou a hora de se tornar policial: <strong><a href=\"https:\/\/mkt.estrategia.com\/concursos\/semana-dos-concursos-policiais\/\" target=\"_blank\" rel=\"noreferrer noopener\">inscreva-se aqui<\/a>! <\/strong><\/p>\n\n\n\n<p>E para voc\u00ea que tem o sonho de se tornar Auditor Fiscal, aten\u00e7\u00e3o: a partir de 18 de agosto, voc\u00ea estar\u00e1 diante da <strong>F\u00e1brica de Auditores Fiscais<\/strong>! Domine o m\u00e9todo dos 01s e de 90% dos aprovados e conquiste sal\u00e1rios acima de 30k iniciais. <strong><a href=\"https:\/\/mkt.estrategia.com\/concursos\/fabrica-de-auditores-fiscais\/?utm_source=banner&amp;utm_medium=banner&amp;utm_campaign=+ec-fis-ld-banner-fabricaauditores-semesp-180825+\" target=\"_blank\" rel=\"noreferrer noopener\">Participe voc\u00ea tamb\u00e9m<\/a>!<\/strong><\/p>\n\n\n\n<h2 class=\"wp-block-heading\" id=\"h-sistema-de-questoes-do-estrategia\">Sistema de Quest\u00f5es do Estrat\u00e9gia<\/h2>\n\n\n\n<p>Na \u00faltima semana, a nossa equipe do Sistema de Quest\u00f5es&nbsp;<strong>criou&nbsp;<\/strong>os seguintes&nbsp;<strong>Cadernos de Quest\u00f5es<\/strong>:<\/p>\n\n\n\n<ul class=\"wp-block-list\">\n<li>Reta Final ISS Cerquilho SP (<a href=\"https:\/\/www.estrategiaconcursos.com.br\/blog\/cadernos-de-reta-final-iss-cerquilho\/\" target=\"_blank\" rel=\"noreferrer noopener\">clique aqui<\/a>)<\/li>\n\n\n\n<li>Cadernos Pr\u00e9 Edital SEFAZ RN (<a href=\"https:\/\/www.estrategiaconcursos.com.br\/blog\/cadernos-de-pre-edital-sefaz-rn\/\" target=\"_blank\" rel=\"noreferrer noopener\">clique aqui<\/a>)<\/li>\n\n\n\n<li>Reta Final ISS Douradina PR (<a href=\"https:\/\/www.estrategiaconcursos.com.br\/blog\/?p=1621433\" target=\"_blank\" rel=\"noreferrer noopener\">clique aqui<\/a>)<\/li>\n\n\n\n<li>Reta Final TJSP Escrevente (<a href=\"https:\/\/www.estrategiaconcursos.com.br\/blog\/cadernos-de-reta-final-concurso-tj-sp-escrevente\/\" target=\"_blank\" rel=\"noreferrer noopener\">clique aqui<\/a>)<\/li>\n\n\n\n<li>Reta Final Policial Municipal Chapec\u00f3 SC (<a href=\"https:\/\/www.estrategiaconcursos.com.br\/blog\/cadernos-reta-final-concurso-policial-municipal-chapeco\/\" target=\"_blank\" rel=\"noreferrer noopener\">clique aqui<\/a>)<\/li>\n<\/ul>\n\n\n\n<p>Al\u00e9m disso, tamb\u00e9m foram <strong>atualizados&nbsp;<\/strong>os seguintes&nbsp;<strong>Cadernos de Quest\u00f5es<\/strong>:<\/p>\n\n\n\n<ul class=\"wp-block-list\">\n<li>Reta Final TCE MS (<a href=\"https:\/\/www.estrategiaconcursos.com.br\/blog\/?p=1606463\" target=\"_blank\" rel=\"noreferrer noopener\">clique aqui<\/a>)<\/li>\n\n\n\n<li>Reta Final ISS Mag\u00e9 RJ (<a href=\"https:\/\/www.estrategiaconcursos.com.br\/blog\/cadernos-de-reta-final-iss-mage\/\" target=\"_blank\" rel=\"noreferrer noopener\">clique aqui<\/a>)<\/li>\n\n\n\n<li>Quest\u00f5es In\u00e9ditas CNU (<a href=\"https:\/\/www.estrategiaconcursos.com.br\/blog\/?p=1603762\" target=\"_blank\" rel=\"noreferrer noopener\">clique aqui<\/a>)<\/li>\n<\/ul>\n\n\n\n<h2 class=\"wp-block-heading\" id=\"h-agora-vamos-ver-as-principais-movimentacoes-de-concursos-da-ultima-semana\">Agora, vamos ver as principais movimenta\u00e7\u00f5es de concursos da \u00faltima semana?<\/h2>\n\n\n\n<ul class=\"wp-block-list\">\n<li><strong><a href=\"https:\/\/www.estrategiaconcursos.com.br\/blog\/concurso-pc-sc\/\" target=\"_blank\" rel=\"noreferrer noopener\">PC SC<\/a><\/strong>: Est\u00e1 <strong>formada a comiss\u00e3o respons\u00e1vel<\/strong> pelo novo concurso PC SC (Pol\u00edcia Civil de Santa Catarina)! A portaria foi assinada pelo delegado-geral e divulgada no Di\u00e1rio Oficial. Foram autorizadas 300 vagas para o cargo de Oficial Investigador de Pol\u00edcia (atual nomenclatura de Agente e Escriv\u00e3o), com sal\u00e1rio inicial de R$ 6.000,00. A expectativa \u00e9 de que o edital seja publicado ainda em 2025.<\/li>\n<\/ul>\n\n\n\n<ul class=\"wp-block-list\">\n<li><strong><a href=\"https:\/\/www.estrategiaconcursos.com.br\/blog\/concurso-brde\/\" target=\"_blank\" rel=\"noreferrer noopener\">BRDE<\/a><\/strong>: Foi<strong> publicado o edital <\/strong>do concurso BRDE (Banco Regional de Desenvolvimento do Extremo Sul) com oferta de 13 vagas imediatas e forma\u00e7\u00e3o de cadastro de reserva. As oportunidades s\u00e3o distribu\u00eddas entre diversos cargos nos n\u00edveis m\u00e9dio e superior, com lota\u00e7\u00e3o nas cidades de Porto Alegre, Curitiba e Florian\u00f3polis. Os sal\u00e1rios variam de R$ 4.709,53 a R$ 11.833,06, j\u00e1 acrescidos das gratifica\u00e7\u00f5es. As inscri\u00e7\u00f5es j\u00e1 est\u00e3o abertas e os interessados podem se candidatar at\u00e9 o dia 11 de setembro, no site da banca organizadora, Fundatec, ao custo de R$ 118,79 a R$ 270,85. As provas s\u00e3o previstas em 26 de outubro.<\/li>\n<\/ul>\n\n\n\n<ul class=\"wp-block-list\">\n<li><strong><a href=\"https:\/\/www.estrategiaconcursos.com.br\/blog\/concurso-ale-ro\/\" target=\"_blank\" rel=\"noreferrer noopener\">ALE RO<\/a><\/strong>: Foi <strong>definida a banca organizadora<\/strong> do novo concurso ALE RO (Assembleia Legislativa do Estado de Rond\u00f4nia)! A Funda\u00e7\u00e3o Get\u00falio Vargas (FGV) foi escolhida por Dispensa de Licita\u00e7\u00e3o. A publica\u00e7\u00e3o do edital \u00e9 aguardada em 2025 e vale lembrar que os detalhes finais do projeto b\u00e1sico j\u00e1 chegaram a ser discutidos. S\u00e3o previstas mais de 300 vagas para cargos de n\u00edveis m\u00e9dio e superior, com sal\u00e1rios de R$ 5.609,54 a R$ 36.106,99.<\/li>\n<\/ul>\n\n\n\n<ul class=\"wp-block-list\">\n<li><strong><a href=\"https:\/\/www.estrategiaconcursos.com.br\/blog\/concurso-bombeiro-df\/\" target=\"_blank\" rel=\"noreferrer noopener\">Bombeiro DF<\/a><\/strong>: Foi <strong>publicado o aguardado edital <\/strong>do concurso Bombeiro DF (Corpo de Bombeiros do Distrito Federal) com oferta de 356 vagas imediatas. As oportunidades s\u00e3o distribu\u00eddas entre os cargos de Soldados e Oficiais, em diversas especialidades de n\u00edvel superior. Os sal\u00e1rios variam de R$ 8.933,18 a R$ 15.287,06. Os interessados na sele\u00e7\u00e3o devem realizar as inscri\u00e7\u00f5es no per\u00edodo de 17 de setembro e 13 de outubro, no site da banca organizadora, IDECAN, ao custo de R$ 140,00 a R$ 215,00. As provas s\u00e3o previstas nas datas de 22, 23, 29 e 30 de novembro.<\/li>\n<\/ul>\n\n\n\n<ul class=\"wp-block-list\">\n<li><a href=\"https:\/\/www.estrategiaconcursos.com.br\/blog\/concurso-dpe-sc\/\" target=\"_blank\" rel=\"noreferrer noopener\"><strong>DPE SC<\/strong><\/a>: A Defensoria P\u00fablica do Estado de Santa Catarina <strong>assinou contrato com banca Funda\u00e7\u00e3o Universidade Empresa de Tecnologia e Ci\u00eancias (FUNDATEC)<\/strong> para o novo concurso DPE SC. A sele\u00e7\u00e3o ser\u00e1 para provimento do quadro efetivo de servidores, com oferta de 11 vagas imediatas e forma\u00e7\u00e3o de cadastro de reserva. As oportunidades ser\u00e3o distribu\u00eddas entre as carreiras de Analista Jur\u00eddico e T\u00e9cnico Administrativo, de n\u00edveis superior e m\u00e9dio de forma\u00e7\u00e3o, respectivamente.<\/li>\n<\/ul>\n\n\n\n<ul class=\"wp-block-list\">\n<li><a href=\"https:\/\/www.estrategiaconcursos.com.br\/blog\/concurso-tj-sp\/\" target=\"_blank\" rel=\"noreferrer noopener\"><strong>TJ SP<\/strong><\/a>: Est\u00e3o<strong> abertas as inscri\u00e7\u00f5es <\/strong>do mais recente concurso para o Tribunal de Justi\u00e7a de S\u00e3o Paulo. O certame oferece vagas em cadastro de reserva para o cargo de escrevente t\u00e9cnico judici\u00e1rio, de n\u00edvel m\u00e9dio. O prazo de candidatura seguir\u00e1 aberto at\u00e9 o dia 22 de setembro. As provas ser\u00e3o aplicadas em dezembro.<\/li>\n<\/ul>\n\n\n\n<ul class=\"wp-block-list\">\n<li><strong><a href=\"https:\/\/www.estrategiaconcursos.com.br\/blog\/concurso-ibge\/\" target=\"_blank\" rel=\"noreferrer noopener\">IBGE<\/a>:<\/strong> Um dos \u00faltimos passos para a publica\u00e7\u00e3o do edital do novo processo seletivo IBGE Tempor\u00e1rios 2025 j\u00e1 foi conclu\u00eddo: a <strong>autoriza\u00e7\u00e3o formal para a realiza\u00e7\u00e3o da sele\u00e7\u00e3o<\/strong>, publicada no Di\u00e1rio Oficial da Uni\u00e3o (DOU) desta ter\u00e7a-feira, 12. O processo agora avan\u00e7a para a etapa de contrata\u00e7\u00e3o da banca organizadora, que ser\u00e1 a Funda\u00e7\u00e3o Get\u00falio Vargas (FGV). Ao todo, ser\u00e3o ofertadas 9.580 vagas de n\u00edvel m\u00e9dio para refor\u00e7ar o quadro tempor\u00e1rio do \u00f3rg\u00e3o, garantindo a atualiza\u00e7\u00e3o de dados e a continuidade de pesquisas essenciais para o pa\u00eds. Desse total, 8.480 vagas ser\u00e3o destinadas ao cargo de Agente de Pesquisas e Mapeamento (APM), e 1.100 vagas para Supervisor de Coleta e Qualidade (SCQ). O prazo de dura\u00e7\u00e3o dos contratos ser\u00e1 de um ano, prorrog\u00e1vel, desde que o per\u00edodo total n\u00e3o ultrapasse tr\u00eas anos. Vale ressaltar que o edital dever\u00e1 ser publicado em at\u00e9 seis meses, ou seja, at\u00e9 fevereiro de 2026.<\/li>\n<\/ul>\n\n\n\n<ul class=\"wp-block-list\">\n<li><strong><a href=\"https:\/\/www.estrategiaconcursos.com.br\/blog\/concurso-iss-manaus\/\" target=\"_blank\" rel=\"noreferrer noopener\">ISS Manaus<\/a><\/strong>: A Funda\u00e7\u00e3o Carlos Chagas (FCC) \u00e9 a <strong>banca organizadora do concurso<\/strong> ISS Manaus (Secretaria Municipal de Finan\u00e7as de Manaus). O nome da empresa foi anunciado no Portal Nacional de Contrata\u00e7\u00f5es P\u00fablicas desta quarta (13). Junto a isso, tamb\u00e9m foi disponibilizado o Termo de Refer\u00eancia do certame, com informa\u00e7\u00f5es sobre o quantitativo de vagas, sal\u00e1rio e a t\u00e3o aguardada etapa de provas. O edital vai ofertar 10 vagas imediatas para o cargo de Auditor Fiscal de Tributos Municipais (AFTM), al\u00e9m de 60 oportunidades para cadastro de reserva. Os interessados em participar do certame devem possuir curso superior em qualquer \u00e1rea. Dito isto, vamos ao que interessa: o sal\u00e1rio inicial da carreira \u00e9 bastante atrativo, de R$ 24.817,05. Isso inclui uma remunera\u00e7\u00e3o de R$ 5.063,05 e uma produtividade fiscal de R$ 19.754,00. Fora isso, os profissionais poder\u00e3o contar com diversos benef\u00edcios. A jornada de trabalho \u00e9 de 30 horas semanais.<\/li>\n<\/ul>\n\n\n\n<ul class=\"wp-block-list\">\n<li><strong><a href=\"https:\/\/www.estrategiaconcursos.com.br\/blog\/concurso-arsesp\/\" target=\"_blank\" rel=\"noreferrer noopener\">Arsesp<\/a><\/strong>: Novidades sobre o pr\u00f3ximo concurso da ARSESP (Ag\u00eancia Reguladora de Servi\u00e7os P\u00fablicos do Estado de S\u00e3o Paulo)! De acordo com o extrato da Ata da 89\u00aa Reuni\u00e3o do Conselho Diretor, publicado no Di\u00e1rio Oficial do Estado, foi apresentada a justificativa para a<strong> contrata\u00e7\u00e3o da banca organizadora do concurso<\/strong>, aprovada por unanimidade. At\u00e9 o momento, o nome da empresa respons\u00e1vel ainda n\u00e3o foi confirmado. Al\u00e9m disso, o n\u00famero de vagas teve aumento significativo, passando de 4 para at\u00e9 126, distribu\u00eddas da seguinte forma: 15 para Agentes de Suporte \u00e0 Regula\u00e7\u00e3o, 30 para Analistas de Suporte \u00e0 Regula\u00e7\u00e3o e 81 para Especialistas de Suporte \u00e0 Regula\u00e7\u00e3o. O certame j\u00e1 conta com comiss\u00e3o formada desde abril, que passou por duas altera\u00e7\u00f5es em sua composi\u00e7\u00e3o desde ent\u00e3o.<\/li>\n<\/ul>\n\n\n\n<p>Espero que tenham gostado da Carta aos Assinantes. Desejo a todos uma excelente semana de estudos!<\/p>\n\n\n\n<p>Abra\u00e7os,<\/p>\n\n\n\n<p><strong>Prof. Diego Cerqueira<\/strong><\/p>\n","protected":false},"excerpt":{"rendered":"<p>Confira, em nossa ducent\u00e9sima quinquag\u00e9sima primeira carta aos assinantes, a nossa programa\u00e7\u00e3o semanal, as novidades do nosso Sistema de Quest\u00f5es e as principais movimenta\u00e7\u00f5es de concursos. Ol\u00e1, pessoal. Tudo bem? Aqui \u00e9 o&nbsp;Prof. Diego Cerqueira&nbsp;em nossa ducent\u00e9sima quinquag\u00e9sima primeira carta aos Assinantes do Estrat\u00e9gia Concursos. Preparados para participar da Semana dos Concursos Policiais? Elaboramos o [&hellip;]<\/p>\n","protected":false},"author":1789,"featured_media":1058143,"comment_status":"open","ping_status":"closed","sticky":false,"template":"","format":"standard","meta":{"post_tipo":"article","footnotes":""},"categories":[1,220219],"tags":[],"tax_estado":[219963],"class_list":["post-1623058","post","type-post","status-publish","format-standard","has-post-thumbnail","hentry","category-cursos-e-concursos","category-noticias","tax_estado-concursos-federais"],"acf":[],"yoast_head":"<!-- This site is optimized with the Yoast SEO Premium plugin v27.2 (Yoast SEO v27.2) - https:\/\/yoast.com\/product\/yoast-seo-premium-wordpress\/ -->\n<title>Carta aos Assinantes do Estrat\u00e9gia Concursos - 251<\/title>\n<meta name=\"description\" content=\"Confira em nossa 251\u00aa carta aos assinantes as novidades do nosso SQ e principais movimenta\u00e7\u00f5es de concursos.\" \/>\n<meta name=\"robots\" content=\"index, follow, max-snippet:-1, max-image-preview:large, max-video-preview:-1\" \/>\n<link rel=\"canonical\" href=\"https:\/\/www.estrategiaconcursos.com.br\/blog\/carta-aos-assinantes-251\/\" \/>\n<meta property=\"og:locale\" content=\"pt_BR\" \/>\n<meta property=\"og:type\" content=\"article\" \/>\n<meta property=\"og:title\" content=\"Carta aos Assinantes do Estrat\u00e9gia Concursos - 251\" \/>\n<meta property=\"og:description\" content=\"Confira em nossa 251\u00aa carta aos assinantes as novidades do nosso SQ e principais movimenta\u00e7\u00f5es de concursos.\" \/>\n<meta property=\"og:url\" content=\"https:\/\/www.estrategiaconcursos.com.br\/blog\/carta-aos-assinantes-251\/\" \/>\n<meta property=\"og:site_name\" content=\"Estrat\u00e9gia Concursos\" \/>\n<meta property=\"article:published_time\" content=\"2025-08-18T12:00:00+00:00\" \/>\n<meta property=\"article:modified_time\" content=\"2025-08-25T19:15:09+00:00\" \/>\n<meta property=\"og:image\" content=\"https:\/\/dhg1h5j42swfq.cloudfront.net\/2022\/07\/08165823\/imagem-carta-aos-assinantes-1.png\" \/>\n\t<meta property=\"og:image:width\" content=\"800\" \/>\n\t<meta property=\"og:image:height\" content=\"450\" \/>\n\t<meta property=\"og:image:type\" content=\"image\/png\" \/>\n<meta name=\"author\" content=\"Coordena\u00e7\u00e3o Estrat\u00e9gia\" \/>\n<meta name=\"twitter:card\" content=\"summary_large_image\" \/>\n<meta name=\"twitter:creator\" content=\"@EstratConcursos\" \/>\n<meta name=\"twitter:site\" content=\"@EstratConcursos\" \/>\n<meta name=\"twitter:label1\" content=\"Escrito por\" \/>\n\t<meta name=\"twitter:data1\" content=\"Coordena\u00e7\u00e3o Estrat\u00e9gia\" \/>\n\t<meta name=\"twitter:label2\" content=\"Est. tempo de leitura\" \/>\n\t<meta name=\"twitter:data2\" content=\"6 minutos\" \/>\n<script type=\"application\/ld+json\" class=\"yoast-schema-graph\">{\"@context\":\"https:\/\/schema.org\",\"@graph\":[{\"@type\":\"NewsArticle\",\"@id\":\"https:\/\/www.estrategiaconcursos.com.br\/blog\/carta-aos-assinantes-251\/#article\",\"isPartOf\":{\"@id\":\"https:\/\/www.estrategiaconcursos.com.br\/blog\/carta-aos-assinantes-251\/\"},\"author\":{\"name\":\"Coordena\u00e7\u00e3o Estrat\u00e9gia\",\"@id\":\"https:\/\/www.estrategiaconcursos.com.br\/blog\/#\/schema\/person\/ba5fab3b1fa4a358429e37bc50f74021\"},\"headline\":\"Carta aos Assinantes do Estrat\u00e9gia Concursos &#8211; 251\",\"datePublished\":\"2025-08-18T12:00:00+00:00\",\"dateModified\":\"2025-08-25T19:15:09+00:00\",\"mainEntityOfPage\":{\"@id\":\"https:\/\/www.estrategiaconcursos.com.br\/blog\/carta-aos-assinantes-251\/\"},\"wordCount\":1230,\"commentCount\":0,\"publisher\":{\"@id\":\"https:\/\/www.estrategiaconcursos.com.br\/blog\/#organization\"},\"image\":{\"@id\":\"https:\/\/www.estrategiaconcursos.com.br\/blog\/carta-aos-assinantes-251\/#primaryimage\"},\"thumbnailUrl\":\"https:\/\/dhg1h5j42swfq.cloudfront.net\/2022\/07\/08165823\/imagem-carta-aos-assinantes-1.png\",\"articleSection\":[\"Concursos P\u00fablicos\",\"\u00daltimas not\u00edcias\"],\"inLanguage\":\"pt-BR\",\"potentialAction\":[{\"@type\":\"CommentAction\",\"name\":\"Comment\",\"target\":[\"https:\/\/www.estrategiaconcursos.com.br\/blog\/carta-aos-assinantes-251\/#respond\"]}],\"copyrightYear\":\"2025\",\"copyrightHolder\":{\"@id\":\"https:\/\/www.estrategiaconcursos.com.br\/blog\/#organization\"}},{\"@type\":\"WebPage\",\"@id\":\"https:\/\/www.estrategiaconcursos.com.br\/blog\/carta-aos-assinantes-251\/\",\"url\":\"https:\/\/www.estrategiaconcursos.com.br\/blog\/carta-aos-assinantes-251\/\",\"name\":\"Carta aos Assinantes do Estrat\u00e9gia Concursos - 251\",\"isPartOf\":{\"@id\":\"https:\/\/www.estrategiaconcursos.com.br\/blog\/#website\"},\"primaryImageOfPage\":{\"@id\":\"https:\/\/www.estrategiaconcursos.com.br\/blog\/carta-aos-assinantes-251\/#primaryimage\"},\"image\":{\"@id\":\"https:\/\/www.estrategiaconcursos.com.br\/blog\/carta-aos-assinantes-251\/#primaryimage\"},\"thumbnailUrl\":\"https:\/\/dhg1h5j42swfq.cloudfront.net\/2022\/07\/08165823\/imagem-carta-aos-assinantes-1.png\",\"datePublished\":\"2025-08-18T12:00:00+00:00\",\"dateModified\":\"2025-08-25T19:15:09+00:00\",\"description\":\"Confira em nossa 251\u00aa carta aos assinantes as novidades do nosso SQ e principais movimenta\u00e7\u00f5es de concursos.\",\"breadcrumb\":{\"@id\":\"https:\/\/www.estrategiaconcursos.com.br\/blog\/carta-aos-assinantes-251\/#breadcrumb\"},\"inLanguage\":\"pt-BR\",\"potentialAction\":[{\"@type\":\"ReadAction\",\"target\":[\"https:\/\/www.estrategiaconcursos.com.br\/blog\/carta-aos-assinantes-251\/\"]}]},{\"@type\":\"ImageObject\",\"inLanguage\":\"pt-BR\",\"@id\":\"https:\/\/www.estrategiaconcursos.com.br\/blog\/carta-aos-assinantes-251\/#primaryimage\",\"url\":\"https:\/\/dhg1h5j42swfq.cloudfront.net\/2022\/07\/08165823\/imagem-carta-aos-assinantes-1.png\",\"contentUrl\":\"https:\/\/dhg1h5j42swfq.cloudfront.net\/2022\/07\/08165823\/imagem-carta-aos-assinantes-1.png\",\"width\":800,\"height\":450,\"caption\":\"Carta aos Assinantes\"},{\"@type\":\"BreadcrumbList\",\"@id\":\"https:\/\/www.estrategiaconcursos.com.br\/blog\/carta-aos-assinantes-251\/#breadcrumb\",\"itemListElement\":[{\"@type\":\"ListItem\",\"position\":1,\"name\":\"In\u00edcio\",\"item\":\"https:\/\/www.estrategiaconcursos.com.br\/blog\/\"},{\"@type\":\"ListItem\",\"position\":2,\"name\":\"Carta aos Assinantes do Estrat\u00e9gia Concursos &#8211; 251\"}]},{\"@type\":\"WebSite\",\"@id\":\"https:\/\/www.estrategiaconcursos.com.br\/blog\/#website\",\"url\":\"https:\/\/www.estrategiaconcursos.com.br\/blog\/\",\"name\":\"Estrat\u00e9gia Concursos\",\"description\":\"O blog da Estrat\u00e9gia Concursos traz not\u00edcias sobre concursos e artigos de professores oferecendo cursos para concursos (pdf + videaulas) no site.\",\"publisher\":{\"@id\":\"https:\/\/www.estrategiaconcursos.com.br\/blog\/#organization\"},\"potentialAction\":[{\"@type\":\"SearchAction\",\"target\":{\"@type\":\"EntryPoint\",\"urlTemplate\":\"https:\/\/www.estrategiaconcursos.com.br\/blog\/?s={search_term_string}\"},\"query-input\":{\"@type\":\"PropertyValueSpecification\",\"valueRequired\":true,\"valueName\":\"search_term_string\"}}],\"inLanguage\":\"pt-BR\"},{\"@type\":\"Organization\",\"@id\":\"https:\/\/www.estrategiaconcursos.com.br\/blog\/#organization\",\"name\":\"Estrat\u00e9gia Concursos\",\"url\":\"https:\/\/www.estrategiaconcursos.com.br\/blog\/\",\"logo\":{\"@type\":\"ImageObject\",\"inLanguage\":\"pt-BR\",\"@id\":\"https:\/\/www.estrategiaconcursos.com.br\/blog\/#\/schema\/logo\/image\/\",\"url\":\"https:\/\/dhg1h5j42swfq.cloudfront.net\/2025\/06\/03203428\/logo_concursos-1.jpg\",\"contentUrl\":\"https:\/\/dhg1h5j42swfq.cloudfront.net\/2025\/06\/03203428\/logo_concursos-1.jpg\",\"width\":230,\"height\":60,\"caption\":\"Estrat\u00e9gia Concursos\"},\"image\":{\"@id\":\"https:\/\/www.estrategiaconcursos.com.br\/blog\/#\/schema\/logo\/image\/\"},\"sameAs\":[\"https:\/\/x.com\/EstratConcursos\"]},{\"@type\":\"Person\",\"@id\":\"https:\/\/www.estrategiaconcursos.com.br\/blog\/#\/schema\/person\/ba5fab3b1fa4a358429e37bc50f74021\",\"name\":\"Coordena\u00e7\u00e3o Estrat\u00e9gia\",\"image\":{\"@type\":\"ImageObject\",\"inLanguage\":\"pt-BR\",\"@id\":\"https:\/\/secure.gravatar.com\/avatar\/adff33ff18541ba37c900dd2b1e82dbfb0fe33d873b92636b4827a8da462feb3?s=96&d=mm&r=g\",\"url\":\"https:\/\/secure.gravatar.com\/avatar\/adff33ff18541ba37c900dd2b1e82dbfb0fe33d873b92636b4827a8da462feb3?s=96&d=mm&r=g\",\"contentUrl\":\"https:\/\/secure.gravatar.com\/avatar\/adff33ff18541ba37c900dd2b1e82dbfb0fe33d873b92636b4827a8da462feb3?s=96&d=mm&r=g\",\"caption\":\"Coordena\u00e7\u00e3o Estrat\u00e9gia\"},\"url\":\"https:\/\/www.estrategiaconcursos.com.br\/blog\/author\/victor-tanakaaestrategiaconcursos-com-br\/\"}]}<\/script>\n<!-- \/ Yoast SEO Premium plugin. -->","yoast_head_json":{"title":"Carta aos Assinantes do Estrat\u00e9gia Concursos - 251","description":"Confira em nossa 251\u00aa carta aos assinantes as novidades do nosso SQ e principais movimenta\u00e7\u00f5es de concursos.","robots":{"index":"index","follow":"follow","max-snippet":"max-snippet:-1","max-image-preview":"max-image-preview:large","max-video-preview":"max-video-preview:-1"},"canonical":"https:\/\/www.estrategiaconcursos.com.br\/blog\/carta-aos-assinantes-251\/","og_locale":"pt_BR","og_type":"article","og_title":"Carta aos Assinantes do Estrat\u00e9gia Concursos - 251","og_description":"Confira em nossa 251\u00aa carta aos assinantes as novidades do nosso SQ e principais movimenta\u00e7\u00f5es de concursos.","og_url":"https:\/\/www.estrategiaconcursos.com.br\/blog\/carta-aos-assinantes-251\/","og_site_name":"Estrat\u00e9gia Concursos","article_published_time":"2025-08-18T12:00:00+00:00","article_modified_time":"2025-08-25T19:15:09+00:00","og_image":[{"width":800,"height":450,"url":"https:\/\/dhg1h5j42swfq.cloudfront.net\/2022\/07\/08165823\/imagem-carta-aos-assinantes-1.png","type":"image\/png"}],"author":"Coordena\u00e7\u00e3o Estrat\u00e9gia","twitter_card":"summary_large_image","twitter_creator":"@EstratConcursos","twitter_site":"@EstratConcursos","twitter_misc":{"Escrito por":"Coordena\u00e7\u00e3o Estrat\u00e9gia","Est. tempo de leitura":"6 minutos"},"schema":{"@context":"https:\/\/schema.org","@graph":[{"@type":"NewsArticle","@id":"https:\/\/www.estrategiaconcursos.com.br\/blog\/carta-aos-assinantes-251\/#article","isPartOf":{"@id":"https:\/\/www.estrategiaconcursos.com.br\/blog\/carta-aos-assinantes-251\/"},"author":{"name":"Coordena\u00e7\u00e3o Estrat\u00e9gia","@id":"https:\/\/www.estrategiaconcursos.com.br\/blog\/#\/schema\/person\/ba5fab3b1fa4a358429e37bc50f74021"},"headline":"Carta aos Assinantes do Estrat\u00e9gia Concursos &#8211; 251","datePublished":"2025-08-18T12:00:00+00:00","dateModified":"2025-08-25T19:15:09+00:00","mainEntityOfPage":{"@id":"https:\/\/www.estrategiaconcursos.com.br\/blog\/carta-aos-assinantes-251\/"},"wordCount":1230,"commentCount":0,"publisher":{"@id":"https:\/\/www.estrategiaconcursos.com.br\/blog\/#organization"},"image":{"@id":"https:\/\/www.estrategiaconcursos.com.br\/blog\/carta-aos-assinantes-251\/#primaryimage"},"thumbnailUrl":"https:\/\/dhg1h5j42swfq.cloudfront.net\/2022\/07\/08165823\/imagem-carta-aos-assinantes-1.png","articleSection":["Concursos P\u00fablicos","\u00daltimas not\u00edcias"],"inLanguage":"pt-BR","potentialAction":[{"@type":"CommentAction","name":"Comment","target":["https:\/\/www.estrategiaconcursos.com.br\/blog\/carta-aos-assinantes-251\/#respond"]}],"copyrightYear":"2025","copyrightHolder":{"@id":"https:\/\/www.estrategiaconcursos.com.br\/blog\/#organization"}},{"@type":"WebPage","@id":"https:\/\/www.estrategiaconcursos.com.br\/blog\/carta-aos-assinantes-251\/","url":"https:\/\/www.estrategiaconcursos.com.br\/blog\/carta-aos-assinantes-251\/","name":"Carta aos Assinantes do Estrat\u00e9gia Concursos - 251","isPartOf":{"@id":"https:\/\/www.estrategiaconcursos.com.br\/blog\/#website"},"primaryImageOfPage":{"@id":"https:\/\/www.estrategiaconcursos.com.br\/blog\/carta-aos-assinantes-251\/#primaryimage"},"image":{"@id":"https:\/\/www.estrategiaconcursos.com.br\/blog\/carta-aos-assinantes-251\/#primaryimage"},"thumbnailUrl":"https:\/\/dhg1h5j42swfq.cloudfront.net\/2022\/07\/08165823\/imagem-carta-aos-assinantes-1.png","datePublished":"2025-08-18T12:00:00+00:00","dateModified":"2025-08-25T19:15:09+00:00","description":"Confira em nossa 251\u00aa carta aos assinantes as novidades do nosso SQ e principais movimenta\u00e7\u00f5es de concursos.","breadcrumb":{"@id":"https:\/\/www.estrategiaconcursos.com.br\/blog\/carta-aos-assinantes-251\/#breadcrumb"},"inLanguage":"pt-BR","potentialAction":[{"@type":"ReadAction","target":["https:\/\/www.estrategiaconcursos.com.br\/blog\/carta-aos-assinantes-251\/"]}]},{"@type":"ImageObject","inLanguage":"pt-BR","@id":"https:\/\/www.estrategiaconcursos.com.br\/blog\/carta-aos-assinantes-251\/#primaryimage","url":"https:\/\/dhg1h5j42swfq.cloudfront.net\/2022\/07\/08165823\/imagem-carta-aos-assinantes-1.png","contentUrl":"https:\/\/dhg1h5j42swfq.cloudfront.net\/2022\/07\/08165823\/imagem-carta-aos-assinantes-1.png","width":800,"height":450,"caption":"Carta aos Assinantes"},{"@type":"BreadcrumbList","@id":"https:\/\/www.estrategiaconcursos.com.br\/blog\/carta-aos-assinantes-251\/#breadcrumb","itemListElement":[{"@type":"ListItem","position":1,"name":"In\u00edcio","item":"https:\/\/www.estrategiaconcursos.com.br\/blog\/"},{"@type":"ListItem","position":2,"name":"Carta aos Assinantes do Estrat\u00e9gia Concursos &#8211; 251"}]},{"@type":"WebSite","@id":"https:\/\/www.estrategiaconcursos.com.br\/blog\/#website","url":"https:\/\/www.estrategiaconcursos.com.br\/blog\/","name":"Estrat\u00e9gia Concursos","description":"O blog da Estrat\u00e9gia Concursos traz not\u00edcias sobre concursos e artigos de professores oferecendo cursos para concursos (pdf + videaulas) no site.","publisher":{"@id":"https:\/\/www.estrategiaconcursos.com.br\/blog\/#organization"},"potentialAction":[{"@type":"SearchAction","target":{"@type":"EntryPoint","urlTemplate":"https:\/\/www.estrategiaconcursos.com.br\/blog\/?s={search_term_string}"},"query-input":{"@type":"PropertyValueSpecification","valueRequired":true,"valueName":"search_term_string"}}],"inLanguage":"pt-BR"},{"@type":"Organization","@id":"https:\/\/www.estrategiaconcursos.com.br\/blog\/#organization","name":"Estrat\u00e9gia Concursos","url":"https:\/\/www.estrategiaconcursos.com.br\/blog\/","logo":{"@type":"ImageObject","inLanguage":"pt-BR","@id":"https:\/\/www.estrategiaconcursos.com.br\/blog\/#\/schema\/logo\/image\/","url":"https:\/\/dhg1h5j42swfq.cloudfront.net\/2025\/06\/03203428\/logo_concursos-1.jpg","contentUrl":"https:\/\/dhg1h5j42swfq.cloudfront.net\/2025\/06\/03203428\/logo_concursos-1.jpg","width":230,"height":60,"caption":"Estrat\u00e9gia Concursos"},"image":{"@id":"https:\/\/www.estrategiaconcursos.com.br\/blog\/#\/schema\/logo\/image\/"},"sameAs":["https:\/\/x.com\/EstratConcursos"]},{"@type":"Person","@id":"https:\/\/www.estrategiaconcursos.com.br\/blog\/#\/schema\/person\/ba5fab3b1fa4a358429e37bc50f74021","name":"Coordena\u00e7\u00e3o Estrat\u00e9gia","image":{"@type":"ImageObject","inLanguage":"pt-BR","@id":"https:\/\/secure.gravatar.com\/avatar\/adff33ff18541ba37c900dd2b1e82dbfb0fe33d873b92636b4827a8da462feb3?s=96&d=mm&r=g","url":"https:\/\/secure.gravatar.com\/avatar\/adff33ff18541ba37c900dd2b1e82dbfb0fe33d873b92636b4827a8da462feb3?s=96&d=mm&r=g","contentUrl":"https:\/\/secure.gravatar.com\/avatar\/adff33ff18541ba37c900dd2b1e82dbfb0fe33d873b92636b4827a8da462feb3?s=96&d=mm&r=g","caption":"Coordena\u00e7\u00e3o Estrat\u00e9gia"},"url":"https:\/\/www.estrategiaconcursos.com.br\/blog\/author\/victor-tanakaaestrategiaconcursos-com-br\/"}]}},"_links":{"self":[{"href":"https:\/\/www.estrategiaconcursos.com.br\/blog\/wp-json\/wp\/v2\/posts\/1623058","targetHints":{"allow":["GET"]}}],"collection":[{"href":"https:\/\/www.estrategiaconcursos.com.br\/blog\/wp-json\/wp\/v2\/posts"}],"about":[{"href":"https:\/\/www.estrategiaconcursos.com.br\/blog\/wp-json\/wp\/v2\/types\/post"}],"author":[{"embeddable":true,"href":"https:\/\/www.estrategiaconcursos.com.br\/blog\/wp-json\/wp\/v2\/users\/1789"}],"replies":[{"embeddable":true,"href":"https:\/\/www.estrategiaconcursos.com.br\/blog\/wp-json\/wp\/v2\/comments?post=1623058"}],"version-history":[{"count":6,"href":"https:\/\/www.estrategiaconcursos.com.br\/blog\/wp-json\/wp\/v2\/posts\/1623058\/revisions"}],"predecessor-version":[{"id":1624616,"href":"https:\/\/www.estrategiaconcursos.com.br\/blog\/wp-json\/wp\/v2\/posts\/1623058\/revisions\/1624616"}],"wp:featuredmedia":[{"embeddable":true,"href":"https:\/\/www.estrategiaconcursos.com.br\/blog\/wp-json\/wp\/v2\/media\/1058143"}],"wp:attachment":[{"href":"https:\/\/www.estrategiaconcursos.com.br\/blog\/wp-json\/wp\/v2\/media?parent=1623058"}],"wp:term":[{"taxonomy":"category","embeddable":true,"href":"https:\/\/www.estrategiaconcursos.com.br\/blog\/wp-json\/wp\/v2\/categories?post=1623058"},{"taxonomy":"post_tag","embeddable":true,"href":"https:\/\/www.estrategiaconcursos.com.br\/blog\/wp-json\/wp\/v2\/tags?post=1623058"},{"taxonomy":"tax_estado","embeddable":true,"href":"https:\/\/www.estrategiaconcursos.com.br\/blog\/wp-json\/wp\/v2\/tax_estado?post=1623058"}],"curies":[{"name":"wp","href":"https:\/\/api.w.org\/{rel}","templated":true}]}}