{"id":16225,"date":"2014-06-11T22:19:03","date_gmt":"2014-06-12T01:19:03","guid":{"rendered":"https:\/\/www.estrategiaconcursos.com.br\/blog\/?post_type=noticia&#038;p=16225"},"modified":"2023-06-23T14:15:55","modified_gmt":"2023-06-23T17:15:55","slug":"gabarito-concurso-da-prf","status":"publish","type":"post","link":"https:\/\/www.estrategiaconcursos.com.br\/blog\/gabarito-concurso-da-prf\/","title":{"rendered":"Divulgados o novo cronograma, as provas e os gabaritos preliminares do concurso da PRF"},"content":{"rendered":"<p style=\"text-align: justify;\"><span style=\"color: #000000;\">A Funda\u00e7\u00e3o Professor Carlos Augusto Bittencourt &#8211; FUNCAB, divulgou nesta quarta-feira, 11, os gabaritos preliminares e as provas, realizadas no dia 25 de maio, do concurso da Pol\u00edcia Rodovi\u00e1ria Federal (PRF). Os recursos poder\u00e3o ser interpostos nesta quinta-feira, 12, e sexta-feira,13, pelo site da <span style=\"color: #0000ff;\"><a href=\"http:\/\/ww5.funcab.org\/inicial.asp?id=257\"><span style=\"color: #0000ff;\">FUNCAB<\/span><\/a><\/span>.<\/span><\/p>\n<p style=\"text-align: justify;\"><span style=\"color: #000000;\">Os professores do Estrat\u00e9gia Concursos comentar\u00e3o, em seus artigos, sobre possibilidade de recursos. Acompanhe em nosso blog!<\/span><\/p>\n<h1 style=\"text-align: justify;\"><span style=\"color: #000000;\"><strong>Novas provas e novo cronograma do concurso da PRF<\/strong><\/span><\/h1>\n<p style=\"color: #58585b; text-align: justify;\"><span style=\"color: #000000;\">Foi publicado nesta quarta-feira, 11, no Di\u00e1rio Oficial da Uni\u00e3o, o edital de divulga\u00e7\u00e3o de locais de realiza\u00e7\u00e3o da Prova Objetiva do concurso da Pol\u00edcia Rodovi\u00e1ria Federal. Ter\u00e3o direito de realizar a prova os 415 candidatos do Bloco E do Col\u00e9gio Dom Bosco, na\u00a0cidade de Campo Grande\/MS.\u00a0<\/span><\/p>\n<p style=\"color: #58585b; text-align: justify;\"><span style=\"color: #000000;\">A prova objetiva foi aplicada em todas as capitais e no Distrito Federal no dia 25 de maio, mas um\u00a0incidente ocorrido em um dos locais de prova na cidade de Campo Grande, fez com alguns candidatos ficassem sem receber as provas. Posteriormente, o concurso foi suspenso. Agora, por cumprimento ao termo de ajustamento de conduta n\u00ba 01, de 10 de junho de 2014, esses candidatos ter\u00e3o uma nova oportunidade.<\/span><\/p>\n<p><span style=\"color: #000000;\">A\u00a0FUNCAB tamb\u00e9m divulgou o novo cronograma do concurso. Veja em:<\/span><\/p>\n<p><span style=\"color: #0000ff;\"><a href=\"https:\/\/dhg1h5j42swfq.cloudfront.net\/2014\/06\/Cronograma_concurso_da_PRF.pdf\"><span style=\"color: #0000ff;\">Cronograma_concurso_da_PRF<\/span><\/a><\/span><\/p>\n<p><span style=\"color: #000000;\">Confira na \u00edntegra o comunicado divulgado pela FUNCAB nesta quarta-feira:<\/span><\/p>\n<p style=\"text-align: justify;\"><span style=\"color: #000000;\">&#8220;Prezados Candidatos,<\/span><br style=\"color: #cc0000;\" \/><br style=\"color: #cc0000;\" \/><span style=\"color: #000000;\">A FUNCAB informa que ap\u00f3s prestar os devidos esclarecimentos ao Minist\u00e9rio P\u00fablico Federal de Campo Grande\/MS e ao Departamento da Pol\u00edcia Rodovi\u00e1ria Federal, sobre a aplica\u00e7\u00e3o da Prova Objetiva no Col\u00e9gio Dom Bosco, bloco E, nesta cidade, foi firmado um Termo de Ajustamento de Conduta (TAC), junto ao Minist\u00e9rio P\u00fablico Federal de Campo Grande\/MS. Desta forma, estamos disponibilizando aos candidatos:<\/span><br style=\"color: #cc0000;\" \/><br style=\"color: #cc0000;\" \/><span style=\"color: #000000;\">\u2022 O Termo de Ajustamento de Conduta (<span style=\"color: #0000ff;\"><a style=\"color: #666666;\" href=\"http:\/\/ww4.funcab.org\/arquivos\/PRF2014\/TAC%20concurso%20PRF%202014%20alterado%2009%2006%202014.pdf\" target=\"_blank\" rel=\"noopener\"><span style=\"color: #0000ff;\"><b><span style=\"color: red;\">TAC<\/span><\/b><\/span><\/a><\/span>), dispon\u00edvel no menu Edital de abertura e retifica\u00e7\u00f5es. (<span style=\"color: #0000ff;\"><a style=\"color: #666666;\" href=\"http:\/\/ww4.funcab.org\/arquivos\/PRF2014\/TAC%20concurso%20PRF%202014%20alterado%2009%2006%202014.pdf\" target=\"_blank\" rel=\"noopener\"><span style=\"color: #0000ff;\"><b><span style=\"color: red;\">Clique aqui para visualizar o TAC<\/span><\/b><\/span><\/a><\/span>)<\/span><br style=\"color: #cc0000;\" \/><span style=\"color: #000000;\">\u2022 O Comunicado Oficial de Convoca\u00e7\u00e3o para Prova, em cumprimento ao TAC (COCP), consulta individual, no qual constam data, local e hor\u00e1rio de realiza\u00e7\u00e3o da Prova Objetiva.<\/span><br style=\"color: #cc0000;\" \/><span style=\"color: #000000;\">\u2022 O Edital de Cumprimento ao Termo de Ajustamento de Conduta, dispon\u00edvel no menu Edital de abertura e retifica\u00e7\u00f5es.<\/span><br style=\"color: #cc0000;\" \/><span style=\"color: #000000;\">\u2022 O Novo Cronograma do Certame, dispon\u00edvel no menu Edital de abertura e retifica\u00e7\u00f5es.<\/span><br style=\"color: #cc0000;\" \/><span style=\"color: #000000;\">\u2022 O Gabarito da Prova Objetiva, aplicada no dia 25\/05\/2014, dispon\u00edvel no menu Provas e Gabaritos.<\/span><br style=\"color: #cc0000;\" \/><br style=\"color: #cc0000;\" \/><span style=\"color: #000000;\">Cordialmente,<\/span><br style=\"color: #cc0000;\" \/><span style=\"color: #000000;\">Coordena\u00e7\u00e3o de Concursos FUNCAB.&#8221;<\/span><\/p>\n<h2 style=\"font-weight: inherit; color: #58585b; text-align: justify;\"><span style=\"color: #000000;\"><strong>Concurso da PRF<\/strong><\/span><\/h2>\n<p style=\"color: #58585b; text-align: justify;\"><span style=\"color: #000000;\">O\u00a0<span style=\"color: #0000ff;\"><span style=\"color: #0000ff;\">concurso p\u00fablico da PRF<\/span><\/span>\u00a0prev\u00ea o preenchimento de 216 vagas para o cargo de agente administrativo.\u00a0As oportunidades s\u00e3o para Goi\u00e1s, Mato Grosso, Mato Grosso do Sul, Minas Gerais, Rio de Janeiro, S\u00e3o Paulo, Paran\u00e1, Santa Catarina, Rio Grande do Sul, Bahia, Pernambuco, Esp\u00edrito Santo, Alagoas, Para\u00edba, Rio Grande do Norte, Cear\u00e1, Piau\u00ed, Maranh\u00e3o, Par\u00e1, Sergipe, Distrito Federal, Tocantins, Amazonas, Amap\u00e1 e Roraima.<\/span><\/p>\n<p style=\"color: #58585b; text-align: justify;\"><span style=\"color: #000000;\">O sal\u00e1rio \u00e9 de R$ 2.043,17 e a\u00a0jornada de trabalho \u00e9 de 40 horas semanais.<\/span><\/p>\n<p style=\"color: #58585b; text-align: justify;\"><span style=\"color: #000000;\">A validade do concurso ser\u00e1 de 2 anos, podendo ser prorrogado uma vez pelo mesmo per\u00edodo.<\/span><\/p>\n<p style=\"color: #58585b; text-align: justify;\"><span style=\"color: #000000;\">Assessoria de Comunica\u00e7\u00e3o<\/span><\/p>\n<p style=\"color: #58585b; text-align: justify;\"><span style=\"color: #000000;\">comunicacao@estrategiaconcursos.com.br<\/span><\/p>\n","protected":false},"excerpt":{"rendered":"<p>A Funda\u00e7\u00e3o Professor Carlos Augusto Bittencourt &#8211; FUNCAB, divulgou nesta quarta-feira, 11, os gabaritos preliminares e as provas, realizadas no dia 25 de maio, do concurso da Pol\u00edcia Rodovi\u00e1ria Federal (PRF). Os recursos poder\u00e3o ser interpostos nesta quinta-feira, 12, e sexta-feira,13, pelo site da FUNCAB. Os professores do Estrat\u00e9gia Concursos comentar\u00e3o, em seus artigos, sobre [&hellip;]<\/p>\n","protected":false},"author":1,"featured_media":0,"comment_status":"closed","ping_status":"closed","sticky":false,"template":"","format":"standard","meta":{"post_tipo":"news","footnotes":""},"categories":[1],"tags":[],"tax_estado":[],"class_list":["post-16225","post","type-post","status-publish","format-standard","hentry","category-cursos-e-concursos"],"acf":[],"yoast_head":"<!-- This site is optimized with the Yoast SEO Premium plugin v27.2 (Yoast SEO v27.2) - https:\/\/yoast.com\/product\/yoast-seo-premium-wordpress\/ -->\n<title>Divulgados o novo cronograma, as provas e os gabaritos preliminares do concurso da PRF<\/title>\n<meta name=\"description\" content=\"A FUNCAB divulgou nesta quarta-feira, 11, os gabaritos preliminares das provas realizadas no dia 25 de maio do concurso da PRF.\" \/>\n<meta name=\"robots\" content=\"index, follow, max-snippet:-1, max-image-preview:large, max-video-preview:-1\" \/>\n<link rel=\"canonical\" href=\"https:\/\/www.estrategiaconcursos.com.br\/blog\/gabarito-concurso-da-prf\/\" \/>\n<meta property=\"og:locale\" content=\"pt_BR\" \/>\n<meta property=\"og:type\" content=\"article\" \/>\n<meta property=\"og:title\" content=\"Divulgados o novo cronograma, as provas e os gabaritos preliminares do concurso da PRF\" \/>\n<meta property=\"og:description\" content=\"A FUNCAB divulgou nesta quarta-feira, 11, os gabaritos preliminares das provas realizadas no dia 25 de maio do concurso da PRF.\" \/>\n<meta property=\"og:url\" content=\"https:\/\/www.estrategiaconcursos.com.br\/blog\/gabarito-concurso-da-prf\/\" \/>\n<meta property=\"og:site_name\" content=\"Estrat\u00e9gia Concursos\" \/>\n<meta property=\"article:author\" content=\"https:\/\/www.facebook.com\/EstrategiaConcursos\" \/>\n<meta property=\"article:published_time\" content=\"2014-06-12T01:19:03+00:00\" \/>\n<meta property=\"article:modified_time\" content=\"2023-06-23T17:15:55+00:00\" \/>\n<meta name=\"author\" content=\"Coordena\u00e7\u00e3o\" \/>\n<meta name=\"twitter:card\" content=\"summary_large_image\" \/>\n<meta name=\"twitter:creator\" content=\"@EstratConcursos\" \/>\n<meta name=\"twitter:site\" content=\"@EstratConcursos\" \/>\n<meta name=\"twitter:label1\" content=\"Escrito por\" \/>\n\t<meta name=\"twitter:data1\" content=\"Coordena\u00e7\u00e3o\" \/>\n\t<meta name=\"twitter:label2\" content=\"Est. tempo de leitura\" \/>\n\t<meta name=\"twitter:data2\" content=\"3 minutos\" \/>\n<script type=\"application\/ld+json\" class=\"yoast-schema-graph\">{\"@context\":\"https:\/\/schema.org\",\"@graph\":[{\"@type\":\"NewsArticle\",\"@id\":\"https:\/\/www.estrategiaconcursos.com.br\/blog\/gabarito-concurso-da-prf\/#article\",\"isPartOf\":{\"@id\":\"https:\/\/www.estrategiaconcursos.com.br\/blog\/gabarito-concurso-da-prf\/\"},\"author\":{\"name\":\"Coordena\u00e7\u00e3o\",\"@id\":\"https:\/\/www.estrategiaconcursos.com.br\/blog\/#\/schema\/person\/b4a388c97673c5f483d72185668afa1f\"},\"headline\":\"Divulgados o novo cronograma, as provas e os gabaritos preliminares do concurso da PRF\",\"datePublished\":\"2014-06-12T01:19:03+00:00\",\"dateModified\":\"2023-06-23T17:15:55+00:00\",\"mainEntityOfPage\":{\"@id\":\"https:\/\/www.estrategiaconcursos.com.br\/blog\/gabarito-concurso-da-prf\/\"},\"wordCount\":527,\"publisher\":{\"@id\":\"https:\/\/www.estrategiaconcursos.com.br\/blog\/#organization\"},\"articleSection\":[\"Concursos P\u00fablicos\"],\"inLanguage\":\"pt-BR\",\"copyrightYear\":\"2014\",\"copyrightHolder\":{\"@id\":\"https:\/\/www.estrategiaconcursos.com.br\/blog\/#organization\"}},{\"@type\":\"WebPage\",\"@id\":\"https:\/\/www.estrategiaconcursos.com.br\/blog\/gabarito-concurso-da-prf\/\",\"url\":\"https:\/\/www.estrategiaconcursos.com.br\/blog\/gabarito-concurso-da-prf\/\",\"name\":\"Divulgados o novo cronograma, as provas e os gabaritos preliminares do concurso da PRF\",\"isPartOf\":{\"@id\":\"https:\/\/www.estrategiaconcursos.com.br\/blog\/#website\"},\"datePublished\":\"2014-06-12T01:19:03+00:00\",\"dateModified\":\"2023-06-23T17:15:55+00:00\",\"description\":\"A FUNCAB divulgou nesta quarta-feira, 11, os gabaritos preliminares das provas realizadas no dia 25 de maio do concurso da PRF.\",\"breadcrumb\":{\"@id\":\"https:\/\/www.estrategiaconcursos.com.br\/blog\/gabarito-concurso-da-prf\/#breadcrumb\"},\"inLanguage\":\"pt-BR\",\"potentialAction\":[{\"@type\":\"ReadAction\",\"target\":[\"https:\/\/www.estrategiaconcursos.com.br\/blog\/gabarito-concurso-da-prf\/\"]}]},{\"@type\":\"BreadcrumbList\",\"@id\":\"https:\/\/www.estrategiaconcursos.com.br\/blog\/gabarito-concurso-da-prf\/#breadcrumb\",\"itemListElement\":[{\"@type\":\"ListItem\",\"position\":1,\"name\":\"In\u00edcio\",\"item\":\"https:\/\/www.estrategiaconcursos.com.br\/blog\/\"},{\"@type\":\"ListItem\",\"position\":2,\"name\":\"Divulgados o novo cronograma, as provas e os gabaritos preliminares do concurso da PRF\"}]},{\"@type\":\"WebSite\",\"@id\":\"https:\/\/www.estrategiaconcursos.com.br\/blog\/#website\",\"url\":\"https:\/\/www.estrategiaconcursos.com.br\/blog\/\",\"name\":\"Estrat\u00e9gia Concursos\",\"description\":\"O blog da Estrat\u00e9gia Concursos traz not\u00edcias sobre concursos e artigos de professores oferecendo cursos para concursos (pdf + videaulas) no site.\",\"publisher\":{\"@id\":\"https:\/\/www.estrategiaconcursos.com.br\/blog\/#organization\"},\"potentialAction\":[{\"@type\":\"SearchAction\",\"target\":{\"@type\":\"EntryPoint\",\"urlTemplate\":\"https:\/\/www.estrategiaconcursos.com.br\/blog\/?s={search_term_string}\"},\"query-input\":{\"@type\":\"PropertyValueSpecification\",\"valueRequired\":true,\"valueName\":\"search_term_string\"}}],\"inLanguage\":\"pt-BR\"},{\"@type\":\"Organization\",\"@id\":\"https:\/\/www.estrategiaconcursos.com.br\/blog\/#organization\",\"name\":\"Estrat\u00e9gia Concursos\",\"url\":\"https:\/\/www.estrategiaconcursos.com.br\/blog\/\",\"logo\":{\"@type\":\"ImageObject\",\"inLanguage\":\"pt-BR\",\"@id\":\"https:\/\/www.estrategiaconcursos.com.br\/blog\/#\/schema\/logo\/image\/\",\"url\":\"https:\/\/dhg1h5j42swfq.cloudfront.net\/2025\/06\/03203428\/logo_concursos-1.jpg\",\"contentUrl\":\"https:\/\/dhg1h5j42swfq.cloudfront.net\/2025\/06\/03203428\/logo_concursos-1.jpg\",\"width\":230,\"height\":60,\"caption\":\"Estrat\u00e9gia Concursos\"},\"image\":{\"@id\":\"https:\/\/www.estrategiaconcursos.com.br\/blog\/#\/schema\/logo\/image\/\"},\"sameAs\":[\"https:\/\/x.com\/EstratConcursos\"]},{\"@type\":\"Person\",\"@id\":\"https:\/\/www.estrategiaconcursos.com.br\/blog\/#\/schema\/person\/b4a388c97673c5f483d72185668afa1f\",\"name\":\"Coordena\u00e7\u00e3o\",\"image\":{\"@type\":\"ImageObject\",\"inLanguage\":\"pt-BR\",\"@id\":\"https:\/\/secure.gravatar.com\/avatar\/b720319e4c9a967eb58678d110f4fe35452fc5d5f97b202bac7b8acceb18c6ad?s=96&d=mm&r=g\",\"url\":\"https:\/\/secure.gravatar.com\/avatar\/b720319e4c9a967eb58678d110f4fe35452fc5d5f97b202bac7b8acceb18c6ad?s=96&d=mm&r=g\",\"contentUrl\":\"https:\/\/secure.gravatar.com\/avatar\/b720319e4c9a967eb58678d110f4fe35452fc5d5f97b202bac7b8acceb18c6ad?s=96&d=mm&r=g\",\"caption\":\"Coordena\u00e7\u00e3o\"},\"sameAs\":[\"https:\/\/www.facebook.com\/EstrategiaConcursos\",\"https:\/\/x.com\/EstratConcursos\"],\"url\":\"https:\/\/www.estrategiaconcursos.com.br\/blog\/author\/estrategia2013\/\"}]}<\/script>\n<!-- \/ Yoast SEO Premium plugin. -->","yoast_head_json":{"title":"Divulgados o novo cronograma, as provas e os gabaritos preliminares do concurso da PRF","description":"A FUNCAB divulgou nesta quarta-feira, 11, os gabaritos preliminares das provas realizadas no dia 25 de maio do concurso da PRF.","robots":{"index":"index","follow":"follow","max-snippet":"max-snippet:-1","max-image-preview":"max-image-preview:large","max-video-preview":"max-video-preview:-1"},"canonical":"https:\/\/www.estrategiaconcursos.com.br\/blog\/gabarito-concurso-da-prf\/","og_locale":"pt_BR","og_type":"article","og_title":"Divulgados o novo cronograma, as provas e os gabaritos preliminares do concurso da PRF","og_description":"A FUNCAB divulgou nesta quarta-feira, 11, os gabaritos preliminares das provas realizadas no dia 25 de maio do concurso da PRF.","og_url":"https:\/\/www.estrategiaconcursos.com.br\/blog\/gabarito-concurso-da-prf\/","og_site_name":"Estrat\u00e9gia Concursos","article_author":"https:\/\/www.facebook.com\/EstrategiaConcursos","article_published_time":"2014-06-12T01:19:03+00:00","article_modified_time":"2023-06-23T17:15:55+00:00","author":"Coordena\u00e7\u00e3o","twitter_card":"summary_large_image","twitter_creator":"@EstratConcursos","twitter_site":"@EstratConcursos","twitter_misc":{"Escrito por":"Coordena\u00e7\u00e3o","Est. tempo de leitura":"3 minutos"},"schema":{"@context":"https:\/\/schema.org","@graph":[{"@type":"NewsArticle","@id":"https:\/\/www.estrategiaconcursos.com.br\/blog\/gabarito-concurso-da-prf\/#article","isPartOf":{"@id":"https:\/\/www.estrategiaconcursos.com.br\/blog\/gabarito-concurso-da-prf\/"},"author":{"name":"Coordena\u00e7\u00e3o","@id":"https:\/\/www.estrategiaconcursos.com.br\/blog\/#\/schema\/person\/b4a388c97673c5f483d72185668afa1f"},"headline":"Divulgados o novo cronograma, as provas e os gabaritos preliminares do concurso da PRF","datePublished":"2014-06-12T01:19:03+00:00","dateModified":"2023-06-23T17:15:55+00:00","mainEntityOfPage":{"@id":"https:\/\/www.estrategiaconcursos.com.br\/blog\/gabarito-concurso-da-prf\/"},"wordCount":527,"publisher":{"@id":"https:\/\/www.estrategiaconcursos.com.br\/blog\/#organization"},"articleSection":["Concursos P\u00fablicos"],"inLanguage":"pt-BR","copyrightYear":"2014","copyrightHolder":{"@id":"https:\/\/www.estrategiaconcursos.com.br\/blog\/#organization"}},{"@type":"WebPage","@id":"https:\/\/www.estrategiaconcursos.com.br\/blog\/gabarito-concurso-da-prf\/","url":"https:\/\/www.estrategiaconcursos.com.br\/blog\/gabarito-concurso-da-prf\/","name":"Divulgados o novo cronograma, as provas e os gabaritos preliminares do concurso da PRF","isPartOf":{"@id":"https:\/\/www.estrategiaconcursos.com.br\/blog\/#website"},"datePublished":"2014-06-12T01:19:03+00:00","dateModified":"2023-06-23T17:15:55+00:00","description":"A FUNCAB divulgou nesta quarta-feira, 11, os gabaritos preliminares das provas realizadas no dia 25 de maio do concurso da PRF.","breadcrumb":{"@id":"https:\/\/www.estrategiaconcursos.com.br\/blog\/gabarito-concurso-da-prf\/#breadcrumb"},"inLanguage":"pt-BR","potentialAction":[{"@type":"ReadAction","target":["https:\/\/www.estrategiaconcursos.com.br\/blog\/gabarito-concurso-da-prf\/"]}]},{"@type":"BreadcrumbList","@id":"https:\/\/www.estrategiaconcursos.com.br\/blog\/gabarito-concurso-da-prf\/#breadcrumb","itemListElement":[{"@type":"ListItem","position":1,"name":"In\u00edcio","item":"https:\/\/www.estrategiaconcursos.com.br\/blog\/"},{"@type":"ListItem","position":2,"name":"Divulgados o novo cronograma, as provas e os gabaritos preliminares do concurso da PRF"}]},{"@type":"WebSite","@id":"https:\/\/www.estrategiaconcursos.com.br\/blog\/#website","url":"https:\/\/www.estrategiaconcursos.com.br\/blog\/","name":"Estrat\u00e9gia Concursos","description":"O blog da Estrat\u00e9gia Concursos traz not\u00edcias sobre concursos e artigos de professores oferecendo cursos para concursos (pdf + videaulas) no site.","publisher":{"@id":"https:\/\/www.estrategiaconcursos.com.br\/blog\/#organization"},"potentialAction":[{"@type":"SearchAction","target":{"@type":"EntryPoint","urlTemplate":"https:\/\/www.estrategiaconcursos.com.br\/blog\/?s={search_term_string}"},"query-input":{"@type":"PropertyValueSpecification","valueRequired":true,"valueName":"search_term_string"}}],"inLanguage":"pt-BR"},{"@type":"Organization","@id":"https:\/\/www.estrategiaconcursos.com.br\/blog\/#organization","name":"Estrat\u00e9gia Concursos","url":"https:\/\/www.estrategiaconcursos.com.br\/blog\/","logo":{"@type":"ImageObject","inLanguage":"pt-BR","@id":"https:\/\/www.estrategiaconcursos.com.br\/blog\/#\/schema\/logo\/image\/","url":"https:\/\/dhg1h5j42swfq.cloudfront.net\/2025\/06\/03203428\/logo_concursos-1.jpg","contentUrl":"https:\/\/dhg1h5j42swfq.cloudfront.net\/2025\/06\/03203428\/logo_concursos-1.jpg","width":230,"height":60,"caption":"Estrat\u00e9gia Concursos"},"image":{"@id":"https:\/\/www.estrategiaconcursos.com.br\/blog\/#\/schema\/logo\/image\/"},"sameAs":["https:\/\/x.com\/EstratConcursos"]},{"@type":"Person","@id":"https:\/\/www.estrategiaconcursos.com.br\/blog\/#\/schema\/person\/b4a388c97673c5f483d72185668afa1f","name":"Coordena\u00e7\u00e3o","image":{"@type":"ImageObject","inLanguage":"pt-BR","@id":"https:\/\/secure.gravatar.com\/avatar\/b720319e4c9a967eb58678d110f4fe35452fc5d5f97b202bac7b8acceb18c6ad?s=96&d=mm&r=g","url":"https:\/\/secure.gravatar.com\/avatar\/b720319e4c9a967eb58678d110f4fe35452fc5d5f97b202bac7b8acceb18c6ad?s=96&d=mm&r=g","contentUrl":"https:\/\/secure.gravatar.com\/avatar\/b720319e4c9a967eb58678d110f4fe35452fc5d5f97b202bac7b8acceb18c6ad?s=96&d=mm&r=g","caption":"Coordena\u00e7\u00e3o"},"sameAs":["https:\/\/www.facebook.com\/EstrategiaConcursos","https:\/\/x.com\/EstratConcursos"],"url":"https:\/\/www.estrategiaconcursos.com.br\/blog\/author\/estrategia2013\/"}]}},"_links":{"self":[{"href":"https:\/\/www.estrategiaconcursos.com.br\/blog\/wp-json\/wp\/v2\/posts\/16225","targetHints":{"allow":["GET"]}}],"collection":[{"href":"https:\/\/www.estrategiaconcursos.com.br\/blog\/wp-json\/wp\/v2\/posts"}],"about":[{"href":"https:\/\/www.estrategiaconcursos.com.br\/blog\/wp-json\/wp\/v2\/types\/post"}],"author":[{"embeddable":true,"href":"https:\/\/www.estrategiaconcursos.com.br\/blog\/wp-json\/wp\/v2\/users\/1"}],"replies":[{"embeddable":true,"href":"https:\/\/www.estrategiaconcursos.com.br\/blog\/wp-json\/wp\/v2\/comments?post=16225"}],"version-history":[{"count":2,"href":"https:\/\/www.estrategiaconcursos.com.br\/blog\/wp-json\/wp\/v2\/posts\/16225\/revisions"}],"predecessor-version":[{"id":1238206,"href":"https:\/\/www.estrategiaconcursos.com.br\/blog\/wp-json\/wp\/v2\/posts\/16225\/revisions\/1238206"}],"wp:attachment":[{"href":"https:\/\/www.estrategiaconcursos.com.br\/blog\/wp-json\/wp\/v2\/media?parent=16225"}],"wp:term":[{"taxonomy":"category","embeddable":true,"href":"https:\/\/www.estrategiaconcursos.com.br\/blog\/wp-json\/wp\/v2\/categories?post=16225"},{"taxonomy":"post_tag","embeddable":true,"href":"https:\/\/www.estrategiaconcursos.com.br\/blog\/wp-json\/wp\/v2\/tags?post=16225"},{"taxonomy":"tax_estado","embeddable":true,"href":"https:\/\/www.estrategiaconcursos.com.br\/blog\/wp-json\/wp\/v2\/tax_estado?post=16225"}],"curies":[{"name":"wp","href":"https:\/\/api.w.org\/{rel}","templated":true}]}}