{"id":1616103,"date":"2025-08-04T09:00:00","date_gmt":"2025-08-04T12:00:00","guid":{"rendered":"https:\/\/www.estrategiaconcursos.com.br\/blog\/?p=1616103"},"modified":"2025-09-03T17:19:57","modified_gmt":"2025-09-03T20:19:57","slug":"carta-aos-assinantes-249","status":"publish","type":"post","link":"https:\/\/www.estrategiaconcursos.com.br\/blog\/carta-aos-assinantes-249\/","title":{"rendered":"Carta aos Assinantes do Estrat\u00e9gia Concursos &#8211; 249"},"content":{"rendered":"\n<p class=\"has-text-align-right has-luminous-vivid-amber-background-color has-background\"><em>Confira, em nossa <strong>ducent\u00e9sima quadrag\u00e9sima nona <\/strong>carta aos assinantes, a nossa programa\u00e7\u00e3o semanal, as novidades do nosso Sistema de Quest\u00f5es e as principais movimenta\u00e7\u00f5es de concursos.<\/em><\/p>\n\n\n\n<p>Ol\u00e1, pessoal. Tudo bem?<\/p>\n\n\n\n<p>Aqui \u00e9 o<strong>&nbsp;Prof. Diego Cerqueira&nbsp;<\/strong>em nossa <strong>ducent\u00e9sima quadrag\u00e9sima nona <\/strong>carta aos Assinantes do Estrat\u00e9gia Concursos.<\/p>\n\n\n\n<p>O\u00a0<a href=\"https:\/\/www.estrategiaconcursos.com.br\/blog\/concurso-nacional-unificado\/\" target=\"_blank\" rel=\"noreferrer noopener\"><strong>Concurso\u00a0Nacional\u00a0Unificado<\/strong><\/a> oferece <strong>3.652 vagas e sal\u00e1rios de at\u00e9 R$ 17 mil.<\/strong> Sob organiza\u00e7\u00e3o da FGV, as provas objetivas s\u00e3o previstas no dia 5 de outubro e as provas discursivas em 7 de dezembro.<\/p>\n\n\n\n<p>E para te ajudar nessa reta final, teremos a <strong>Prepara\u00e7\u00e3o Acelerada CNU &#8211; 62 dias<\/strong>! A <strong>partir de 4 de agosto<\/strong>, voc\u00ea vai dominar as 3 ferramentas que impulsionaram 2,9 mil aprovados no \u00faltimo concurso.<\/p>\n\n\n\n<p>Ser\u00e1 uma semana inteira com aulas gratuitas e eventos exclusivos para voc\u00ea estudar em alto n\u00edvel para o CNU. <a href=\"https:\/\/mkt.estrategia.com\/concursos\/preparacao-acelerada-cnu-62-dias\/\" target=\"_blank\" rel=\"noreferrer noopener\">N\u00e3o fique de fora e inscreva-se aqui<\/a>!<\/p>\n\n\n\n<h2 class=\"wp-block-heading\" id=\"h-sistema-de-questoes-do-estrategia\">Sistema de Quest\u00f5es do Estrat\u00e9gia<\/h2>\n\n\n\n<p>Na \u00faltima semana, a nossa equipe do Sistema de Quest\u00f5es&nbsp;<strong>criou&nbsp;<\/strong>os seguintes&nbsp;<strong>Cadernos de Quest\u00f5es<\/strong>:<\/p>\n\n\n\n<ul class=\"wp-block-list\">\n<li>Reta Final TJ PE (<a href=\"https:\/\/www.estrategiaconcursos.com.br\/blog\/cadernos-de-reta-final-para-o-concurso-tj-pe\/\" target=\"_blank\" rel=\"noreferrer noopener\">clique aqui<\/a>)<\/li>\n\n\n\n<li>Reta Final TCE MS (<a href=\"https:\/\/www.estrategiaconcursos.com.br\/blog\/?p=1606463\" target=\"_blank\" rel=\"noreferrer noopener\">clique aqui<\/a>)<\/li>\n\n\n\n<li>Reta Final ISS Indaiatuba SP (<a href=\"https:\/\/www.estrategiaconcursos.com.br\/blog\/cadernos-de-reta-final-iss-indaiatuba\/\" target=\"_blank\" rel=\"noreferrer noopener\">clique aqui<\/a>)<\/li>\n\n\n\n<li>Quest\u00f5es In\u00e9ditas MP SP &#8211; Analista Jur\u00eddico (<a href=\"https:\/\/www.estrategiaconcursos.com.br\/blog\/cadernos-de-questoes-ineditas-para-o-concurso-mp-sp-analista-juridico\/\" target=\"_blank\" rel=\"noreferrer noopener\">clique aqui<\/a>)<\/li>\n\n\n\n<li>Reta Final PC MS (<a href=\"https:\/\/www.estrategiaconcursos.com.br\/blog\/cadernos-reta-final-concurso-pc-ms\/\" target=\"_blank\" rel=\"noreferrer noopener\">clique aqui<\/a>)<\/li>\n<\/ul>\n\n\n\n<p>Al\u00e9m disso, tamb\u00e9m foram <strong>atualizados&nbsp;<\/strong>os seguintes&nbsp;<strong>Cadernos de Quest\u00f5es<\/strong>:<\/p>\n\n\n\n<ul class=\"wp-block-list\">\n<li>Reta Final TCE RS (<a href=\"https:\/\/www.estrategiaconcursos.com.br\/blog\/?p=1606463\" target=\"_blank\" rel=\"noreferrer noopener\">clique aqui<\/a>)<\/li>\n\n\n\n<li>Reta Final MP SP &#8211; Analista Jur\u00eddico (<a href=\"https:\/\/www.estrategiaconcursos.com.br\/blog\/cadernos-reta-final-mp-sp-analista-juridico\/\" target=\"_blank\" rel=\"noreferrer noopener\">clique aqui<\/a>)<\/li>\n\n\n\n<li>Quest\u00f5es In\u00e9ditas CNU (<a href=\"https:\/\/www.estrategiaconcursos.com.br\/blog\/?p=1603762\" target=\"_blank\" rel=\"noreferrer noopener\">clique aqui<\/a>)<\/li>\n<\/ul>\n\n\n\n<h2 class=\"wp-block-heading\" id=\"h-agora-vamos-ver-as-principais-movimentacoes-de-concursos-da-ultima-semana\">Agora, vamos ver as principais movimenta\u00e7\u00f5es de concursos da \u00faltima semana?<\/h2>\n\n\n\n<ul class=\"wp-block-list\">\n<li><strong><a href=\"https:\/\/www.estrategiaconcursos.com.br\/blog\/concurso-pc-ba\/\" target=\"_blank\" rel=\"noreferrer noopener\">PC BA<\/a><\/strong>: O delegado-geral da Pol\u00edcia Civil do Estado da Bahia, Andr\u00e9 Augusto de Mendon\u00e7a Viana, voltou a falar sobre o novo concurso PC BA ser <strong>realizado ainda em 2025<\/strong>. A informa\u00e7\u00e3o foi confirmada durante entrevista realizada ao canal \u201cLinha de Frente\u201d. Ainda de acordo com DG, o edital segue sem data de publica\u00e7\u00e3o, mas est\u00e1 em an\u00e1lise sist\u00eamica superior. Ser\u00e3o ofertadas mais de mil vagas para os cargos de Investigador e Delegado. Os sal\u00e1rios variam de R$ 4.873,18 a R$ 13.032,44.<\/li>\n<\/ul>\n\n\n\n<ul class=\"wp-block-list\">\n<li><strong><a href=\"https:\/\/www.estrategiaconcursos.com.br\/blog\/concurso-ale-ro\/\" target=\"_blank\" rel=\"noreferrer noopener\">ALE RO<\/a><\/strong>: Foi i<strong>nstitu\u00edda a comiss\u00e3o de acompanhamento<\/strong> do concurso ALE RO (Assembleia Legislativa do Estado de Rond\u00f4nia), respons\u00e1vel por acompanhar e fiscalizar o contrato com a banca organizadora. A contrata\u00e7\u00e3o da empresa segue aguardada desde 2024, quando foram iniciados os processos de entrega e an\u00e1lise das propostas. Contudo, a licita\u00e7\u00e3o foi suspensa para adequa\u00e7\u00f5es. Agora, a expectativa \u00e9 de que a banca seja anunciada em breve. A publica\u00e7\u00e3o do edital \u00e9 aguardada em 2025, para provimento de mais de 300 vagas previstas para fun\u00e7\u00f5es de n\u00edveis m\u00e9dio e superior. Os sal\u00e1rios variam de R$ 5.609,54 a R$ 36.106,99.<\/li>\n<\/ul>\n\n\n\n<ul class=\"wp-block-list\">\n<li><strong><a href=\"https:\/\/www.estrategiaconcursos.com.br\/blog\/concurso-aleam\/\" target=\"_blank\" rel=\"noreferrer noopener\">ALEAM<\/a><\/strong>: Foi <strong>divulgado o termo de refer\u00eancia <\/strong>do novo concurso ALEAM (Assembleia Legislativa de Amazonas). Segundo o documento, ser\u00e3o ofertadas 100 vagas imediatas e 263 destinadas \u00e0 forma\u00e7\u00e3o de cadastro de reserva.&nbsp;Sob organiza\u00e7\u00e3o da FGV, as oportunidades s\u00e3o para os cargos de Agente Legislativo, Analista Legislativo, Analista de Controle, Assessor Jur\u00eddico e Procurador, distribu\u00eddas entre diversas especialidades.<\/li>\n<\/ul>\n\n\n\n<ul class=\"wp-block-list\">\n<li><a href=\"https:\/\/www.estrategiaconcursos.com.br\/blog\/concurso-tj-rj-fgv-oficializada-banca-organizadora\/\" target=\"_blank\" rel=\"noreferrer noopener\"><strong>TJ RJ<\/strong><\/a>: O Tribunal de Justi\u00e7a do Rio de Janeiro (TJ RJ) <strong>oficializou a FGV como banca organizadora <\/strong>do novo concurso que ter\u00e1 vagas para as carreiras de t\u00e9cnico e analista judici\u00e1rio. Agora, o Tribunal dever\u00e1 assinar o contrato com a empresa para que o edital seja, enfim, divulgado. A previs\u00e3o \u00e9 de que o certame saia ainda em 2025.<\/li>\n<\/ul>\n\n\n\n<ul class=\"wp-block-list\">\n<li><a href=\"https:\/\/www.estrategiaconcursos.com.br\/blog\/concurso-tj-sp-escrevente-2025-edital-publicado\/\" target=\"_blank\" rel=\"noreferrer noopener\"><strong>TJ SP<\/strong><\/a>: Est\u00e1 <strong>na pra\u00e7a mais um edital <\/strong>do Tribunal de Justi\u00e7a de S\u00e3o Paulo (TJ SP)! Desta vez, para o cargo de T\u00e9cnico Judici\u00e1rio \u2013 Escrevente! As oportunidades s\u00e3o para forma\u00e7\u00e3o de cadastro de reserva. Conforme o documento, o TJ SP oferece vagas de n\u00edvel m\u00e9dio de forma\u00e7\u00e3o e contam com sal\u00e1rio inicial de R$ 6.345,94, al\u00e9m de benef\u00edcios.<\/li>\n<\/ul>\n\n\n\n<ul class=\"wp-block-list\">\n<li><a href=\"https:\/\/www.estrategiaconcursos.com.br\/blog\/concurso-mp-se\/\" target=\"_blank\" rel=\"noreferrer noopener\"><strong>MP SE<\/strong><\/a>: O Minist\u00e9rio P\u00fablico de Sergipe (MP SE) <strong>assinou contrato com a Funda\u00e7\u00e3o Carlos Chagas <\/strong>(FCC), banca respons\u00e1vel pelo novo concurso, e o edital pode ser publicado a qualquer momento! Segundo o site oficial do MP, ser\u00e3o oferecidas 28 vagas, al\u00e9m de cadastro reserva, para os cargos de analista e t\u00e9cnico, de n\u00edveis m\u00e9dio e superior.<\/li>\n<\/ul>\n\n\n\n<ul class=\"wp-block-list\">\n<li><a href=\"https:\/\/www.estrategiaconcursos.com.br\/blog\/concurso-seduc-go-anunciado-para-2026\/\" target=\"_blank\" rel=\"noreferrer noopener\"><strong>Seduc GO<\/strong><\/a>: Um novo concurso p\u00fablico para a Secretaria de Educa\u00e7\u00e3o do Estado de Goi\u00e1s (Seduc GO) foi <strong>anunciado para 2026<\/strong>! A informa\u00e7\u00e3o foi confirmada pelo superintendente de Gest\u00e3o e Desenvolvimento de Pessoas da Secretaria de Estado da Educa\u00e7\u00e3o (Seduc), Hudson Amaral, em entrevista ao Di\u00e1rio de Goi\u00e1s. Segundo Hudson, o certame ser\u00e1 estruturado com base nas necessidades de cada cidade e disciplina.<\/li>\n<\/ul>\n\n\n\n<ul class=\"wp-block-list\">\n<li><strong><a href=\"https:\/\/www.estrategiaconcursos.com.br\/blog\/concurso-cprm\/\" target=\"_blank\" rel=\"noreferrer noopener\">CRPM<\/a>:<\/strong> Foi <strong>publicado o edital<\/strong> do novo concurso da CPRM (Companhia de Pesquisa de Recursos Minerais)! Ao todo, s\u00e3o oferecidas 115 vagas imediatas, al\u00e9m da forma\u00e7\u00e3o de cadastro de reserva, para os cargos de Pesquisador, Analista e T\u00e9cnico em Geoci\u00eancias. As oportunidades contemplam candidatos com n\u00edvel m\u00e9dio, t\u00e9cnico e superior, e os sal\u00e1rios iniciais variam de R$ 4.442,68 a R$ 10.577,48. As inscri\u00e7\u00f5es estar\u00e3o abertas entre os dias 4 de agosto e 2 de setembro, diretamente no site da FGV. Para ter a candidatura efetivada, os candidatos n\u00e3o isentos da taxa devem realizar o pagamento, cujo valor varia conforme o cargo: R$ 100, R$ 140 ou R$ 180. As provas ser\u00e3o aplicadas em 30 de novembro, em 13 capitais brasileiras: Bras\u00edlia (DF), Rio de Janeiro (RJ), Bel\u00e9m (PA), Belo Horizonte (MG), Goi\u00e2nia (GO), Manaus (AM), Porto Alegre (RS), Recife (PE), Salvador (BA), S\u00e3o Paulo (SP), Fortaleza (CE), Porto Velho (RO) e Teresina (PI).<\/li>\n<\/ul>\n\n\n\n<ul class=\"wp-block-list\">\n<li><strong><a href=\"https:\/\/www.estrategiaconcursos.com.br\/blog\/concurso-tce-mg\/\" target=\"_blank\" rel=\"noreferrer noopener\">TCE MG<\/a><\/strong>: Conforme antecipado pelo jornalismo do Estrat\u00e9gia, a publica\u00e7\u00e3o do novo edital do concurso TCE MG (Tribunal de Contas do Estado de Minas Gerais) foi <strong>adiada e deve ocorrer at\u00e9 o dia 30 de setembro<\/strong>. A informa\u00e7\u00e3o foi confirmada em portaria publicada na edi\u00e7\u00e3o desta quarta-feira, 30 de julho, do Di\u00e1rio Oficial. O pr\u00f3ximo concurso p\u00fablico do Tribunal de Contas do Estado de Minas Gerais deve contemplar oportunidades para o cargo de Auditor de Controle Externo, antigo Analista de Controle. O \u00f3rg\u00e3o estuda a possibilidade de oferecer vagas para todas as especialidades do cargo. No entanto, a prioridade ser\u00e1 para a \u00e1rea de Ci\u00eancias da Computa\u00e7\u00e3o (TI), por apresentar mais necessidade de reposi\u00e7\u00e3o de pessoal. Inclusive, o Cebraspe \u00e9 a empresa mais cotada para assumir a organiza\u00e7\u00e3o do certame, conforme informado por fontes internas. A confirma\u00e7\u00e3o pode ocorrer nos pr\u00f3ximos dias.<\/li>\n<\/ul>\n\n\n\n<ul class=\"wp-block-list\">\n<li><strong><a href=\"https:\/\/www.estrategiaconcursos.com.br\/blog\/concurso-iss-porto-velho\/\" target=\"_blank\" rel=\"noreferrer noopener\">ISS Porto Velho<\/a><\/strong>: As vagas que ser\u00e3o contempladas no mais novo concurso ISS Porto Velho, destinado \u00e0 Secretaria Municipal de Fazenda \u2013 SEMFAZ, j\u00e1 est\u00e3o sendo discutidas pela nova comiss\u00e3o organizadora! De acordo com informa\u00e7\u00f5es exclusivas obtidas em contato com fontes internas, a comiss\u00e3o anteriormente divulgada pelos portais de not\u00edcias foi desfeita. Com isso, uma <strong>nova comiss\u00e3o interna foi institu\u00edda<\/strong>. Inclusive, duas reuni\u00f5es ser\u00e3o realizadas nos pr\u00f3ximos dias para discutir o quantitativo de vagas. Embora o grupo n\u00e3o tenha um prazo formal para concluir os trabalhos, a expectativa \u00e9 que isso seja finalizado em um m\u00eas. Vale lembrar que a Secretaria de Fazenda possui dois cargos no quadro funcional: Auditor do Tesouro, que exige o n\u00edvel superior, e Fiscal Municipal de Tributos, de n\u00edvel m\u00e9dio. Em rela\u00e7\u00e3o \u00e0 publica\u00e7\u00e3o do edital, a fonte informou que, apesar do pedido do prefeito para que o processo do concurso seja \u00e1gil, a previs\u00e3o \u00e9 que ele saia em janeiro ou fevereiro de 2026.<\/li>\n<\/ul>\n\n\n\n<ul class=\"wp-block-list\">\n<li><strong><a href=\"https:\/\/www.estrategiaconcursos.com.br\/blog\/concurso-agencia-de-fomento-de-goias\/\" target=\"_blank\" rel=\"noreferrer noopener\">Fomento de Goi\u00e1s<\/a><\/strong>: O Governo de Goi\u00e1s<strong> publicou o edital do concurso p\u00fablico<\/strong> para provimento de 19 vagas imediatas na Ag\u00eancia de Fomento do Estado de Goi\u00e1s (Goi\u00e1sFomento). Os interessados devem efetuar a inscri\u00e7\u00e3o entre 9 de setembro e 7 de outubro, por meio do site da Verbena. S\u00e3o 13 vagas para o cargo de escritur\u00e1rio, sendo uma vaga para PCD, com exig\u00eancia de ensino m\u00e9dio completo e sal\u00e1rio inicial de R$ 2.973,41. As demais vagas s\u00e3o: duas para analista de desenvolvimento com forma\u00e7\u00e3o em direito; duas em ci\u00eancias cont\u00e1beis; uma para engenharia civil e uma para engenharia agron\u00f4mica. Para os cargos de n\u00edvel superior, \u00e9 exigido registro no respectivo conselho profissional. O vencimento inicial para esses cargos \u00e9 de R$ 6.225,66. A carga hor\u00e1ria semanal para todas as fun\u00e7\u00f5es, tanto de n\u00edvel m\u00e9dio quanto superior, \u00e9 de 30 horas.<\/li>\n<\/ul>\n\n\n\n<p>Espero que tenham gostado da Carta aos Assinantes. Desejo a todos uma excelente semana de estudos!<\/p>\n\n\n\n<p>Abra\u00e7os,<\/p>\n\n\n\n<p><strong>Prof. Diego Cerqueira<\/strong><\/p>\n","protected":false},"excerpt":{"rendered":"<p>Confira, em nossa ducent\u00e9sima quadrag\u00e9sima nona carta aos assinantes, a nossa programa\u00e7\u00e3o semanal, as novidades do nosso Sistema de Quest\u00f5es e as principais movimenta\u00e7\u00f5es de concursos. Ol\u00e1, pessoal. Tudo bem? Aqui \u00e9 o&nbsp;Prof. Diego Cerqueira&nbsp;em nossa ducent\u00e9sima quadrag\u00e9sima nona carta aos Assinantes do Estrat\u00e9gia Concursos. O\u00a0Concurso\u00a0Nacional\u00a0Unificado oferece 3.652 vagas e sal\u00e1rios de at\u00e9 R$ 17 [&hellip;]<\/p>\n","protected":false},"author":1789,"featured_media":1058143,"comment_status":"open","ping_status":"closed","sticky":false,"template":"","format":"standard","meta":{"post_tipo":"article","footnotes":""},"categories":[1,220219],"tags":[],"tax_estado":[219963],"class_list":["post-1616103","post","type-post","status-publish","format-standard","has-post-thumbnail","hentry","category-cursos-e-concursos","category-noticias","tax_estado-concursos-federais"],"acf":[],"yoast_head":"<!-- This site is optimized with the Yoast SEO Premium plugin v27.2 (Yoast SEO v27.2) - https:\/\/yoast.com\/product\/yoast-seo-premium-wordpress\/ -->\n<title>Carta aos Assinantes do Estrat\u00e9gia Concursos - 249<\/title>\n<meta name=\"description\" content=\"Confira em nossa 249\u00aa carta aos assinantes as novidades do nosso SQ e principais movimenta\u00e7\u00f5es de concursos.\" \/>\n<meta name=\"robots\" content=\"index, follow, max-snippet:-1, max-image-preview:large, max-video-preview:-1\" \/>\n<link rel=\"canonical\" href=\"https:\/\/www.estrategiaconcursos.com.br\/blog\/carta-aos-assinantes-249\/\" \/>\n<meta property=\"og:locale\" content=\"pt_BR\" \/>\n<meta property=\"og:type\" content=\"article\" \/>\n<meta property=\"og:title\" content=\"Carta aos Assinantes do Estrat\u00e9gia Concursos - 249\" \/>\n<meta property=\"og:description\" content=\"Confira em nossa 249\u00aa carta aos assinantes as novidades do nosso SQ e principais movimenta\u00e7\u00f5es de concursos.\" \/>\n<meta property=\"og:url\" content=\"https:\/\/www.estrategiaconcursos.com.br\/blog\/carta-aos-assinantes-249\/\" \/>\n<meta property=\"og:site_name\" content=\"Estrat\u00e9gia Concursos\" \/>\n<meta property=\"article:published_time\" content=\"2025-08-04T12:00:00+00:00\" \/>\n<meta property=\"article:modified_time\" content=\"2025-09-03T20:19:57+00:00\" \/>\n<meta property=\"og:image\" content=\"https:\/\/dhg1h5j42swfq.cloudfront.net\/2022\/07\/08165823\/imagem-carta-aos-assinantes-1.png\" \/>\n\t<meta property=\"og:image:width\" content=\"800\" \/>\n\t<meta property=\"og:image:height\" content=\"450\" \/>\n\t<meta property=\"og:image:type\" content=\"image\/png\" \/>\n<meta name=\"author\" content=\"Coordena\u00e7\u00e3o Estrat\u00e9gia\" \/>\n<meta name=\"twitter:card\" content=\"summary_large_image\" \/>\n<meta name=\"twitter:creator\" content=\"@EstratConcursos\" \/>\n<meta name=\"twitter:site\" content=\"@EstratConcursos\" \/>\n<meta name=\"twitter:label1\" content=\"Escrito por\" \/>\n\t<meta name=\"twitter:data1\" content=\"Coordena\u00e7\u00e3o Estrat\u00e9gia\" \/>\n\t<meta name=\"twitter:label2\" content=\"Est. tempo de leitura\" \/>\n\t<meta name=\"twitter:data2\" content=\"7 minutos\" \/>\n<script type=\"application\/ld+json\" class=\"yoast-schema-graph\">{\"@context\":\"https:\/\/schema.org\",\"@graph\":[{\"@type\":\"NewsArticle\",\"@id\":\"https:\/\/www.estrategiaconcursos.com.br\/blog\/carta-aos-assinantes-249\/#article\",\"isPartOf\":{\"@id\":\"https:\/\/www.estrategiaconcursos.com.br\/blog\/carta-aos-assinantes-249\/\"},\"author\":{\"name\":\"Coordena\u00e7\u00e3o Estrat\u00e9gia\",\"@id\":\"https:\/\/www.estrategiaconcursos.com.br\/blog\/#\/schema\/person\/ba5fab3b1fa4a358429e37bc50f74021\"},\"headline\":\"Carta aos Assinantes do Estrat\u00e9gia Concursos &#8211; 249\",\"datePublished\":\"2025-08-04T12:00:00+00:00\",\"dateModified\":\"2025-09-03T20:19:57+00:00\",\"mainEntityOfPage\":{\"@id\":\"https:\/\/www.estrategiaconcursos.com.br\/blog\/carta-aos-assinantes-249\/\"},\"wordCount\":1456,\"commentCount\":0,\"publisher\":{\"@id\":\"https:\/\/www.estrategiaconcursos.com.br\/blog\/#organization\"},\"image\":{\"@id\":\"https:\/\/www.estrategiaconcursos.com.br\/blog\/carta-aos-assinantes-249\/#primaryimage\"},\"thumbnailUrl\":\"https:\/\/dhg1h5j42swfq.cloudfront.net\/2022\/07\/08165823\/imagem-carta-aos-assinantes-1.png\",\"articleSection\":[\"Concursos P\u00fablicos\",\"\u00daltimas not\u00edcias\"],\"inLanguage\":\"pt-BR\",\"potentialAction\":[{\"@type\":\"CommentAction\",\"name\":\"Comment\",\"target\":[\"https:\/\/www.estrategiaconcursos.com.br\/blog\/carta-aos-assinantes-249\/#respond\"]}],\"copyrightYear\":\"2025\",\"copyrightHolder\":{\"@id\":\"https:\/\/www.estrategiaconcursos.com.br\/blog\/#organization\"}},{\"@type\":\"WebPage\",\"@id\":\"https:\/\/www.estrategiaconcursos.com.br\/blog\/carta-aos-assinantes-249\/\",\"url\":\"https:\/\/www.estrategiaconcursos.com.br\/blog\/carta-aos-assinantes-249\/\",\"name\":\"Carta aos Assinantes do Estrat\u00e9gia Concursos - 249\",\"isPartOf\":{\"@id\":\"https:\/\/www.estrategiaconcursos.com.br\/blog\/#website\"},\"primaryImageOfPage\":{\"@id\":\"https:\/\/www.estrategiaconcursos.com.br\/blog\/carta-aos-assinantes-249\/#primaryimage\"},\"image\":{\"@id\":\"https:\/\/www.estrategiaconcursos.com.br\/blog\/carta-aos-assinantes-249\/#primaryimage\"},\"thumbnailUrl\":\"https:\/\/dhg1h5j42swfq.cloudfront.net\/2022\/07\/08165823\/imagem-carta-aos-assinantes-1.png\",\"datePublished\":\"2025-08-04T12:00:00+00:00\",\"dateModified\":\"2025-09-03T20:19:57+00:00\",\"description\":\"Confira em nossa 249\u00aa carta aos assinantes as novidades do nosso SQ e principais movimenta\u00e7\u00f5es de concursos.\",\"breadcrumb\":{\"@id\":\"https:\/\/www.estrategiaconcursos.com.br\/blog\/carta-aos-assinantes-249\/#breadcrumb\"},\"inLanguage\":\"pt-BR\",\"potentialAction\":[{\"@type\":\"ReadAction\",\"target\":[\"https:\/\/www.estrategiaconcursos.com.br\/blog\/carta-aos-assinantes-249\/\"]}]},{\"@type\":\"ImageObject\",\"inLanguage\":\"pt-BR\",\"@id\":\"https:\/\/www.estrategiaconcursos.com.br\/blog\/carta-aos-assinantes-249\/#primaryimage\",\"url\":\"https:\/\/dhg1h5j42swfq.cloudfront.net\/2022\/07\/08165823\/imagem-carta-aos-assinantes-1.png\",\"contentUrl\":\"https:\/\/dhg1h5j42swfq.cloudfront.net\/2022\/07\/08165823\/imagem-carta-aos-assinantes-1.png\",\"width\":800,\"height\":450,\"caption\":\"Carta aos Assinantes\"},{\"@type\":\"BreadcrumbList\",\"@id\":\"https:\/\/www.estrategiaconcursos.com.br\/blog\/carta-aos-assinantes-249\/#breadcrumb\",\"itemListElement\":[{\"@type\":\"ListItem\",\"position\":1,\"name\":\"In\u00edcio\",\"item\":\"https:\/\/www.estrategiaconcursos.com.br\/blog\/\"},{\"@type\":\"ListItem\",\"position\":2,\"name\":\"Carta aos Assinantes do Estrat\u00e9gia Concursos &#8211; 249\"}]},{\"@type\":\"WebSite\",\"@id\":\"https:\/\/www.estrategiaconcursos.com.br\/blog\/#website\",\"url\":\"https:\/\/www.estrategiaconcursos.com.br\/blog\/\",\"name\":\"Estrat\u00e9gia Concursos\",\"description\":\"O blog da Estrat\u00e9gia Concursos traz not\u00edcias sobre concursos e artigos de professores oferecendo cursos para concursos (pdf + videaulas) no site.\",\"publisher\":{\"@id\":\"https:\/\/www.estrategiaconcursos.com.br\/blog\/#organization\"},\"potentialAction\":[{\"@type\":\"SearchAction\",\"target\":{\"@type\":\"EntryPoint\",\"urlTemplate\":\"https:\/\/www.estrategiaconcursos.com.br\/blog\/?s={search_term_string}\"},\"query-input\":{\"@type\":\"PropertyValueSpecification\",\"valueRequired\":true,\"valueName\":\"search_term_string\"}}],\"inLanguage\":\"pt-BR\"},{\"@type\":\"Organization\",\"@id\":\"https:\/\/www.estrategiaconcursos.com.br\/blog\/#organization\",\"name\":\"Estrat\u00e9gia Concursos\",\"url\":\"https:\/\/www.estrategiaconcursos.com.br\/blog\/\",\"logo\":{\"@type\":\"ImageObject\",\"inLanguage\":\"pt-BR\",\"@id\":\"https:\/\/www.estrategiaconcursos.com.br\/blog\/#\/schema\/logo\/image\/\",\"url\":\"https:\/\/dhg1h5j42swfq.cloudfront.net\/2025\/06\/03203428\/logo_concursos-1.jpg\",\"contentUrl\":\"https:\/\/dhg1h5j42swfq.cloudfront.net\/2025\/06\/03203428\/logo_concursos-1.jpg\",\"width\":230,\"height\":60,\"caption\":\"Estrat\u00e9gia Concursos\"},\"image\":{\"@id\":\"https:\/\/www.estrategiaconcursos.com.br\/blog\/#\/schema\/logo\/image\/\"},\"sameAs\":[\"https:\/\/x.com\/EstratConcursos\"]},{\"@type\":\"Person\",\"@id\":\"https:\/\/www.estrategiaconcursos.com.br\/blog\/#\/schema\/person\/ba5fab3b1fa4a358429e37bc50f74021\",\"name\":\"Coordena\u00e7\u00e3o Estrat\u00e9gia\",\"image\":{\"@type\":\"ImageObject\",\"inLanguage\":\"pt-BR\",\"@id\":\"https:\/\/secure.gravatar.com\/avatar\/adff33ff18541ba37c900dd2b1e82dbfb0fe33d873b92636b4827a8da462feb3?s=96&d=mm&r=g\",\"url\":\"https:\/\/secure.gravatar.com\/avatar\/adff33ff18541ba37c900dd2b1e82dbfb0fe33d873b92636b4827a8da462feb3?s=96&d=mm&r=g\",\"contentUrl\":\"https:\/\/secure.gravatar.com\/avatar\/adff33ff18541ba37c900dd2b1e82dbfb0fe33d873b92636b4827a8da462feb3?s=96&d=mm&r=g\",\"caption\":\"Coordena\u00e7\u00e3o Estrat\u00e9gia\"},\"url\":\"https:\/\/www.estrategiaconcursos.com.br\/blog\/author\/victor-tanakaaestrategiaconcursos-com-br\/\"}]}<\/script>\n<!-- \/ Yoast SEO Premium plugin. -->","yoast_head_json":{"title":"Carta aos Assinantes do Estrat\u00e9gia Concursos - 249","description":"Confira em nossa 249\u00aa carta aos assinantes as novidades do nosso SQ e principais movimenta\u00e7\u00f5es de concursos.","robots":{"index":"index","follow":"follow","max-snippet":"max-snippet:-1","max-image-preview":"max-image-preview:large","max-video-preview":"max-video-preview:-1"},"canonical":"https:\/\/www.estrategiaconcursos.com.br\/blog\/carta-aos-assinantes-249\/","og_locale":"pt_BR","og_type":"article","og_title":"Carta aos Assinantes do Estrat\u00e9gia Concursos - 249","og_description":"Confira em nossa 249\u00aa carta aos assinantes as novidades do nosso SQ e principais movimenta\u00e7\u00f5es de concursos.","og_url":"https:\/\/www.estrategiaconcursos.com.br\/blog\/carta-aos-assinantes-249\/","og_site_name":"Estrat\u00e9gia Concursos","article_published_time":"2025-08-04T12:00:00+00:00","article_modified_time":"2025-09-03T20:19:57+00:00","og_image":[{"width":800,"height":450,"url":"https:\/\/dhg1h5j42swfq.cloudfront.net\/2022\/07\/08165823\/imagem-carta-aos-assinantes-1.png","type":"image\/png"}],"author":"Coordena\u00e7\u00e3o Estrat\u00e9gia","twitter_card":"summary_large_image","twitter_creator":"@EstratConcursos","twitter_site":"@EstratConcursos","twitter_misc":{"Escrito por":"Coordena\u00e7\u00e3o Estrat\u00e9gia","Est. tempo de leitura":"7 minutos"},"schema":{"@context":"https:\/\/schema.org","@graph":[{"@type":"NewsArticle","@id":"https:\/\/www.estrategiaconcursos.com.br\/blog\/carta-aos-assinantes-249\/#article","isPartOf":{"@id":"https:\/\/www.estrategiaconcursos.com.br\/blog\/carta-aos-assinantes-249\/"},"author":{"name":"Coordena\u00e7\u00e3o Estrat\u00e9gia","@id":"https:\/\/www.estrategiaconcursos.com.br\/blog\/#\/schema\/person\/ba5fab3b1fa4a358429e37bc50f74021"},"headline":"Carta aos Assinantes do Estrat\u00e9gia Concursos &#8211; 249","datePublished":"2025-08-04T12:00:00+00:00","dateModified":"2025-09-03T20:19:57+00:00","mainEntityOfPage":{"@id":"https:\/\/www.estrategiaconcursos.com.br\/blog\/carta-aos-assinantes-249\/"},"wordCount":1456,"commentCount":0,"publisher":{"@id":"https:\/\/www.estrategiaconcursos.com.br\/blog\/#organization"},"image":{"@id":"https:\/\/www.estrategiaconcursos.com.br\/blog\/carta-aos-assinantes-249\/#primaryimage"},"thumbnailUrl":"https:\/\/dhg1h5j42swfq.cloudfront.net\/2022\/07\/08165823\/imagem-carta-aos-assinantes-1.png","articleSection":["Concursos P\u00fablicos","\u00daltimas not\u00edcias"],"inLanguage":"pt-BR","potentialAction":[{"@type":"CommentAction","name":"Comment","target":["https:\/\/www.estrategiaconcursos.com.br\/blog\/carta-aos-assinantes-249\/#respond"]}],"copyrightYear":"2025","copyrightHolder":{"@id":"https:\/\/www.estrategiaconcursos.com.br\/blog\/#organization"}},{"@type":"WebPage","@id":"https:\/\/www.estrategiaconcursos.com.br\/blog\/carta-aos-assinantes-249\/","url":"https:\/\/www.estrategiaconcursos.com.br\/blog\/carta-aos-assinantes-249\/","name":"Carta aos Assinantes do Estrat\u00e9gia Concursos - 249","isPartOf":{"@id":"https:\/\/www.estrategiaconcursos.com.br\/blog\/#website"},"primaryImageOfPage":{"@id":"https:\/\/www.estrategiaconcursos.com.br\/blog\/carta-aos-assinantes-249\/#primaryimage"},"image":{"@id":"https:\/\/www.estrategiaconcursos.com.br\/blog\/carta-aos-assinantes-249\/#primaryimage"},"thumbnailUrl":"https:\/\/dhg1h5j42swfq.cloudfront.net\/2022\/07\/08165823\/imagem-carta-aos-assinantes-1.png","datePublished":"2025-08-04T12:00:00+00:00","dateModified":"2025-09-03T20:19:57+00:00","description":"Confira em nossa 249\u00aa carta aos assinantes as novidades do nosso SQ e principais movimenta\u00e7\u00f5es de concursos.","breadcrumb":{"@id":"https:\/\/www.estrategiaconcursos.com.br\/blog\/carta-aos-assinantes-249\/#breadcrumb"},"inLanguage":"pt-BR","potentialAction":[{"@type":"ReadAction","target":["https:\/\/www.estrategiaconcursos.com.br\/blog\/carta-aos-assinantes-249\/"]}]},{"@type":"ImageObject","inLanguage":"pt-BR","@id":"https:\/\/www.estrategiaconcursos.com.br\/blog\/carta-aos-assinantes-249\/#primaryimage","url":"https:\/\/dhg1h5j42swfq.cloudfront.net\/2022\/07\/08165823\/imagem-carta-aos-assinantes-1.png","contentUrl":"https:\/\/dhg1h5j42swfq.cloudfront.net\/2022\/07\/08165823\/imagem-carta-aos-assinantes-1.png","width":800,"height":450,"caption":"Carta aos Assinantes"},{"@type":"BreadcrumbList","@id":"https:\/\/www.estrategiaconcursos.com.br\/blog\/carta-aos-assinantes-249\/#breadcrumb","itemListElement":[{"@type":"ListItem","position":1,"name":"In\u00edcio","item":"https:\/\/www.estrategiaconcursos.com.br\/blog\/"},{"@type":"ListItem","position":2,"name":"Carta aos Assinantes do Estrat\u00e9gia Concursos &#8211; 249"}]},{"@type":"WebSite","@id":"https:\/\/www.estrategiaconcursos.com.br\/blog\/#website","url":"https:\/\/www.estrategiaconcursos.com.br\/blog\/","name":"Estrat\u00e9gia Concursos","description":"O blog da Estrat\u00e9gia Concursos traz not\u00edcias sobre concursos e artigos de professores oferecendo cursos para concursos (pdf + videaulas) no site.","publisher":{"@id":"https:\/\/www.estrategiaconcursos.com.br\/blog\/#organization"},"potentialAction":[{"@type":"SearchAction","target":{"@type":"EntryPoint","urlTemplate":"https:\/\/www.estrategiaconcursos.com.br\/blog\/?s={search_term_string}"},"query-input":{"@type":"PropertyValueSpecification","valueRequired":true,"valueName":"search_term_string"}}],"inLanguage":"pt-BR"},{"@type":"Organization","@id":"https:\/\/www.estrategiaconcursos.com.br\/blog\/#organization","name":"Estrat\u00e9gia Concursos","url":"https:\/\/www.estrategiaconcursos.com.br\/blog\/","logo":{"@type":"ImageObject","inLanguage":"pt-BR","@id":"https:\/\/www.estrategiaconcursos.com.br\/blog\/#\/schema\/logo\/image\/","url":"https:\/\/dhg1h5j42swfq.cloudfront.net\/2025\/06\/03203428\/logo_concursos-1.jpg","contentUrl":"https:\/\/dhg1h5j42swfq.cloudfront.net\/2025\/06\/03203428\/logo_concursos-1.jpg","width":230,"height":60,"caption":"Estrat\u00e9gia Concursos"},"image":{"@id":"https:\/\/www.estrategiaconcursos.com.br\/blog\/#\/schema\/logo\/image\/"},"sameAs":["https:\/\/x.com\/EstratConcursos"]},{"@type":"Person","@id":"https:\/\/www.estrategiaconcursos.com.br\/blog\/#\/schema\/person\/ba5fab3b1fa4a358429e37bc50f74021","name":"Coordena\u00e7\u00e3o Estrat\u00e9gia","image":{"@type":"ImageObject","inLanguage":"pt-BR","@id":"https:\/\/secure.gravatar.com\/avatar\/adff33ff18541ba37c900dd2b1e82dbfb0fe33d873b92636b4827a8da462feb3?s=96&d=mm&r=g","url":"https:\/\/secure.gravatar.com\/avatar\/adff33ff18541ba37c900dd2b1e82dbfb0fe33d873b92636b4827a8da462feb3?s=96&d=mm&r=g","contentUrl":"https:\/\/secure.gravatar.com\/avatar\/adff33ff18541ba37c900dd2b1e82dbfb0fe33d873b92636b4827a8da462feb3?s=96&d=mm&r=g","caption":"Coordena\u00e7\u00e3o Estrat\u00e9gia"},"url":"https:\/\/www.estrategiaconcursos.com.br\/blog\/author\/victor-tanakaaestrategiaconcursos-com-br\/"}]}},"_links":{"self":[{"href":"https:\/\/www.estrategiaconcursos.com.br\/blog\/wp-json\/wp\/v2\/posts\/1616103","targetHints":{"allow":["GET"]}}],"collection":[{"href":"https:\/\/www.estrategiaconcursos.com.br\/blog\/wp-json\/wp\/v2\/posts"}],"about":[{"href":"https:\/\/www.estrategiaconcursos.com.br\/blog\/wp-json\/wp\/v2\/types\/post"}],"author":[{"embeddable":true,"href":"https:\/\/www.estrategiaconcursos.com.br\/blog\/wp-json\/wp\/v2\/users\/1789"}],"replies":[{"embeddable":true,"href":"https:\/\/www.estrategiaconcursos.com.br\/blog\/wp-json\/wp\/v2\/comments?post=1616103"}],"version-history":[{"count":6,"href":"https:\/\/www.estrategiaconcursos.com.br\/blog\/wp-json\/wp\/v2\/posts\/1616103\/revisions"}],"predecessor-version":[{"id":1633482,"href":"https:\/\/www.estrategiaconcursos.com.br\/blog\/wp-json\/wp\/v2\/posts\/1616103\/revisions\/1633482"}],"wp:featuredmedia":[{"embeddable":true,"href":"https:\/\/www.estrategiaconcursos.com.br\/blog\/wp-json\/wp\/v2\/media\/1058143"}],"wp:attachment":[{"href":"https:\/\/www.estrategiaconcursos.com.br\/blog\/wp-json\/wp\/v2\/media?parent=1616103"}],"wp:term":[{"taxonomy":"category","embeddable":true,"href":"https:\/\/www.estrategiaconcursos.com.br\/blog\/wp-json\/wp\/v2\/categories?post=1616103"},{"taxonomy":"post_tag","embeddable":true,"href":"https:\/\/www.estrategiaconcursos.com.br\/blog\/wp-json\/wp\/v2\/tags?post=1616103"},{"taxonomy":"tax_estado","embeddable":true,"href":"https:\/\/www.estrategiaconcursos.com.br\/blog\/wp-json\/wp\/v2\/tax_estado?post=1616103"}],"curies":[{"name":"wp","href":"https:\/\/api.w.org\/{rel}","templated":true}]}}