{"id":1615218,"date":"2025-08-05T11:45:00","date_gmt":"2025-08-05T14:45:00","guid":{"rendered":"https:\/\/www.estrategiaconcursos.com.br\/blog\/?p=1615218"},"modified":"2025-08-06T10:10:02","modified_gmt":"2025-08-06T13:10:02","slug":"politica-nacional-humanizacao","status":"publish","type":"post","link":"https:\/\/www.estrategiaconcursos.com.br\/blog\/politica-nacional-humanizacao\/","title":{"rendered":"Pol\u00edtica Nacional de Humaniza\u00e7\u00e3o para o CNU\u00a0"},"content":{"rendered":"\n<p class=\"has-medium-font-size\"><em><strong>Neste artigo voc\u00ea encontrar\u00e1 um resumo da Pol\u00edtica Nacional de Humaniza\u00e7\u00e3o para o Concurso Nacional Unificado.\u00a0<\/strong><\/em><\/p>\n\n\n\n<p>Ol\u00e1, concurseiro, tudo bem com voc\u00ea? <strong>Estudando muito para o Concurso Nacional Unificado<\/strong>? Certamente, sim! Afinal, essa \u00e9 uma grande oportunidade de ser tornar servidor p\u00fablico do Poder Executivo Federal.\u00a0<\/p>\n\n\n\n<p>Para auxiliar voc\u00ea nessa miss\u00e3o, elaboramos um resumo did\u00e1tico acerca da Pol\u00edtica Nacional de Humaniza\u00e7\u00e3o para o <a href=\"https:\/\/www.estrategiaconcursos.com.br\/blog\/cnu-2025-bloco-1\/\" target=\"_blank\" rel=\"noreferrer noopener\">Bloco 1 do Concurso Nacional Unificado<\/a>, o CNU.\u00a0<\/p>\n\n\n\n<p>Elaboramos este resumo que ajudar\u00e1 voc\u00ea a <strong>memorizar conceitos importantes<\/strong> acerca desse assunto que podem estar na sua prova de concurso.\u00a0\u00a0<\/p>\n\n\n\n<p>Al\u00e9m disso, lembre-se de que resumos s\u00e3o uma excelente ferramenta para revisar t\u00f3picos importantes para a prova.&nbsp;<\/p>\n\n\n\n<p>Desse modo, atente-se aos destaques deste material, por evidenciarem pontos relevantes para o seu certame.\u00a0<\/p>\n\n\n\n<div class=\"wp-block-yoast-seo-table-of-contents yoast-table-of-contents\"><ul><li><a href=\"#h-consideracoes-iniciais\" data-level=\"2\">Considera\u00e7\u00f5es Iniciais<\/a><\/li><li><a href=\"#h-principios-da-humanizacao\" data-level=\"2\">Princ\u00edpios da Humaniza\u00e7\u00e3o<\/a><\/li><li><a href=\"#h-a-politica-nacional-de-humanizacao\" data-level=\"2\">A Pol\u00edtica Nacional de Humaniza\u00e7\u00e3o<\/a><\/li><li><a href=\"#h-metodo\" data-level=\"2\">M\u00e9todo<\/a><\/li><li><a href=\"#h-para-finalizar\" data-level=\"2\">Para finalizar<\/a><\/li><li><a href=\"#h-quer-saber-tudo-sobre-concursos-previstos-confira-nossos-artigos\" data-level=\"2\">Quer saber tudo sobre concursos previstos? Confira nossos artigos!<\/a><\/li><\/ul><\/div>\n\n\n\n<div class=\"container\" id=\"boxes\">\n  <div class=\"row\">\n\n    <div class=\"col-sm\">\n      <div class=\"banner-federais\" id=\"box-assinatura\">\n        <h2 class=\"titulo-assinatura\" style=\"text-align: left;\">Cursos para o CNU<\/h2>\n        <p class=\"subtitulo-assinatura\" style=\"text-align: left;\">Prepare-se para o &#8220;Enem dos Concursos&#8221;!<\/p>\n        <div class=\"box-botao\" style=\"text-align: left;\">\n          <a class=\"btn-assinatura\" target=\"_blank\" href=\"https:\/\/www.estrategiaconcursos.com.br\/cursosPorConcurso\/concurso-nacional-unificado-cnu\/\" role=\"button\" rel=\"noopener noreferrer\">Confira os pacotes!<\/a>\n        <\/div>\n      <\/div><\/div><\/div><\/div>\n\n\n\n<h2 class=\"wp-block-heading\" id=\"h-consideracoes-iniciais\">Considera\u00e7\u00f5es Iniciais<\/h2>\n\n\n\n<p>Para iniciar o nosso resumo, \u00e9 importante trazer \u00e0 tela o conceito de <strong>Humaniza\u00e7\u00e3o<\/strong>. Temos ent\u00e3o, de acordo com publica\u00e7\u00e3o do Governo Federal que <strong>Humaniza\u00e7\u00e3o \u00e9 o conjunto de valores, t\u00e9cnicas, comportamentos e a\u00e7\u00f5es que, constru\u00eddas dentro de seus princ\u00edpios, promovem a qualidade das rela\u00e7\u00f5es entre as pessoas nos servi\u00e7os de sa\u00fade.&nbsp;<\/strong><\/p>\n\n\n\n<figure class=\"wp-block-image aligncenter size-full\"><img loading=\"lazy\" decoding=\"async\" width=\"239\" height=\"180\" src=\"https:\/\/dhg1h5j42swfq.cloudfront.net\/2024\/10\/26175642\/fique-atento-2.png\" alt=\"aten\u00e7\u00e3o\" class=\"wp-image-1482475\" srcset=\"https:\/\/dhg1h5j42swfq.cloudfront.net\/2024\/10\/26175642\/fique-atento-2.png 239w, https:\/\/dhg1h5j42swfq.cloudfront.net\/2024\/10\/26175642\/fique-atento-2-150x113.png 150w\" sizes=\"auto, (max-width: 239px) 100vw, 239px\" \/><\/figure>\n\n\n\n<h2 class=\"wp-block-heading\" id=\"h-principios-da-humanizacao\">Princ\u00edpios da Humaniza\u00e7\u00e3o<\/h2>\n\n\n\n<p>De acordo com a publica\u00e7\u00e3o em an\u00e1lise, os<strong> princ\u00edpios da Humaniza\u00e7\u00e3o<\/strong> s\u00e3o: &nbsp;<\/p>\n\n\n\n<ol start=\"1\" class=\"wp-block-list\">\n<li>Participa\u00e7\u00e3o das pessoas nas a\u00e7\u00f5es de gest\u00e3o e aten\u00e7\u00e3o;&nbsp;<\/li>\n<\/ol>\n\n\n\n<ol start=\"2\" class=\"wp-block-list\">\n<li>Comunica\u00e7\u00e3o e dispositivos que favore\u00e7am a interatividade;&nbsp;<\/li>\n<\/ol>\n\n\n\n<ol start=\"3\" class=\"wp-block-list\">\n<li>Considera\u00e7\u00e3o \u00e0 subjetividade e ao protagonismo das pessoas.&nbsp;<\/li>\n<\/ol>\n\n\n\n<h2 class=\"wp-block-heading\" id=\"h-a-politica-nacional-de-humanizacao\">A Pol\u00edtica Nacional de Humaniza\u00e7\u00e3o<\/h2>\n\n\n\n<figure class=\"wp-block-image aligncenter size-full is-resized\"><img loading=\"lazy\" decoding=\"async\" width=\"312\" height=\"272\" src=\"https:\/\/dhg1h5j42swfq.cloudfront.net\/2024\/10\/13190007\/preste_mais_atencao.png\" alt=\"aten\u00e7\u00e3o\" class=\"wp-image-1475402\" style=\"width:177px;height:auto\" srcset=\"https:\/\/dhg1h5j42swfq.cloudfront.net\/2024\/10\/13190007\/preste_mais_atencao.png 312w, https:\/\/dhg1h5j42swfq.cloudfront.net\/2024\/10\/13190007\/preste_mais_atencao-300x262.png 300w, https:\/\/dhg1h5j42swfq.cloudfront.net\/2024\/10\/13190007\/preste_mais_atencao-150x131.png 150w\" sizes=\"auto, (max-width: 312px) 100vw, 312px\" \/><\/figure>\n\n\n\n<p>A Pol\u00edtica Nacional de Humaniza\u00e7\u00e3o (PNH) foi lan\u00e7ada em 2003 com o objetivo de p\u00f4r em pr\u00e1tica os <strong>princ\u00edpios do SUS<\/strong> no cotidiano dos servi\u00e7os de sa\u00fade, de modo a produzir mudan\u00e7as nos modos de gerir e cuidar.&nbsp;<\/p>\n\n\n\n<p>Outrossim, a Pol\u00edtica Nacional de Humaniza\u00e7\u00e3o <strong>estimula a comunica\u00e7\u00e3o entre gestores, trabalhadores e usu\u00e1rios<\/strong> para construir processos coletivos de enfrentamento de rela\u00e7\u00f5es de poder, trabalho e afeto que muitas vezes produzem atitudes e pr\u00e1ticas desumanizadoras que inibem a autonomia e a corresponsabilidade dos profissionais de sa\u00fade em seu trabalho e dos usu\u00e1rios no cuidado de si.&nbsp;<\/p>\n\n\n\n<p>A humaniza\u00e7\u00e3o \u00e9, portanto,<strong> a valoriza\u00e7\u00e3o dos usu\u00e1rios, trabalhadores e gestores no processo de produ\u00e7\u00e3o de sa\u00fade<\/strong>. Valorizar os sujeitos \u00e9 oportunizar uma <strong>maior autonomia, a amplia\u00e7\u00e3o da sua capacidade de transformar a realidade em que vivem<\/strong>, atrav\u00e9s da <strong>responsabilidade compartilhada<\/strong>, da cria\u00e7\u00e3o de v\u00ednculos solid\u00e1rios, da participa\u00e7\u00e3o coletiva nos processos de gest\u00e3o e de produ\u00e7\u00e3o de sa\u00fade.&nbsp;<\/p>\n\n\n\n<h2 class=\"wp-block-heading\" id=\"h-metodo\">M\u00e9todo<\/h2>\n\n\n\n<p>O HumanizaSUS, como tamb\u00e9m \u00e9 conhecida a Pol\u00edtica Nacional de Humaniza\u00e7\u00e3o, aposta na <strong>inclus\u00e3o de trabalhadores, usu\u00e1rios e gestores na produ\u00e7\u00e3o e gest\u00e3o do cuidado e dos processos de trabalho<\/strong>.&nbsp;<\/p>\n\n\n\n<p>Humanizar se traduz, ent\u00e3o, como <strong>inclus\u00e3o das diferen\u00e7as nos processos de gest\u00e3o e de cuidado<\/strong>. Desse modo, humanizar o SUS requer estrat\u00e9gias que s\u00e3o constru\u00eddas entre os trabalhadores, usu\u00e1rios e gestores do servi\u00e7o de sa\u00fade.&nbsp;<\/p>\n\n\n\n<p>A Pol\u00edtica Nacional de Humaniza\u00e7\u00e3o aposta, para a consecu\u00e7\u00e3o de seus objetivos, em inova\u00e7\u00f5es em sa\u00fade, como:&nbsp;<\/p>\n\n\n\n<ul class=\"wp-block-list\">\n<li>Defesa de um SUS que reconhece a <strong>diversidade do povo<\/strong> brasileiro e a todos oferece a mesma aten\u00e7\u00e3o \u00e0 sa\u00fade, sem distin\u00e7\u00e3o de idade, etnia, origem, g\u00eanero e orienta\u00e7\u00e3o sexual;&nbsp;<\/li>\n<\/ul>\n\n\n\n<ul class=\"wp-block-list\">\n<li>Estabelecimento de<strong> v\u00ednculos solid\u00e1rios e de participa\u00e7\u00e3o coletiva<\/strong> no processo de gest\u00e3o;&nbsp;<\/li>\n<\/ul>\n\n\n\n<ul class=\"wp-block-list\">\n<li><strong>Mapeamento e intera\u00e7\u00e3o<\/strong> com as demandas sociais, coletivas e subjetivas de sa\u00fade;&nbsp;<\/li>\n<\/ul>\n\n\n\n<ul class=\"wp-block-list\">\n<li><strong>Valoriza\u00e7\u00e3o dos diferentes sujeitos<\/strong> implicados no processo de produ\u00e7\u00e3o de sa\u00fade: usu\u00e1rios, trabalhadores e gestores;&nbsp;<\/li>\n<\/ul>\n\n\n\n<ul class=\"wp-block-list\">\n<li>Fomento da <strong>autonomia e do protagonismo <\/strong>desses sujeitos e dos coletivos;&nbsp;<\/li>\n<\/ul>\n\n\n\n<ul class=\"wp-block-list\">\n<li><strong>Aumento do grau de corresponsabilidade<\/strong> na produ\u00e7\u00e3o de sa\u00fade e de sujeitos;&nbsp;<\/li>\n<\/ul>\n\n\n\n<ul class=\"wp-block-list\">\n<li><strong>Mudan\u00e7a nos modelos de aten\u00e7\u00e3o e gest\u00e3o<\/strong> em sua indissociabilidade, tendo como foco as necessidades dos cidad\u00e3os, a produ\u00e7\u00e3o de sa\u00fade e o pr\u00f3prio processo de trabalho em sa\u00fade, valorizando os trabalhadores e as rela\u00e7\u00f5es sociais no trabalho;&nbsp;<\/li>\n<\/ul>\n\n\n\n<ul class=\"wp-block-list\">\n<li>Proposta de um<strong> trabalho coletivo<\/strong> para que o SUS seja mais acolhedor, mais \u00e1gil e mais resolutivo;&nbsp;<\/li>\n<\/ul>\n\n\n\n<ul class=\"wp-block-list\">\n<li><strong>Qualifica\u00e7\u00e3o do ambiente<\/strong>, melhorando as condi\u00e7\u00f5es de trabalho e de atendimento;&nbsp;<\/li>\n<\/ul>\n\n\n\n<ul class=\"wp-block-list\">\n<li><strong>Articula\u00e7\u00e3o dos processos de forma\u00e7\u00e3o<\/strong> com os servi\u00e7os e pr\u00e1ticas de sa\u00fade;&nbsp;<\/li>\n<\/ul>\n\n\n\n<ul class=\"wp-block-list\">\n<li><strong>Luta por um SUS mais humano<\/strong>, porque constru\u00eddo com a participa\u00e7\u00e3o de todos e comprometido com a qualidade dos seus servi\u00e7os e com a sa\u00fade integral para todos e qualquer um.&nbsp;<\/li>\n<\/ul>\n\n\n\n<h2 class=\"wp-block-heading\" id=\"h-para-finalizar\">Para finalizar<\/h2>\n\n\n\n<p>Por fim, lembre-se de que o Concurso P\u00fablico Nacional Unificado \u00e9 uma excelente oportunidade para que voc\u00ea conquiste o t\u00e3o sonhado cargo p\u00fablico.&nbsp; Para isso, n\u00f3s do <a href=\"https:\/\/www.estrategiaconcursos.com.br\/?msockid=298904066a10623334760a9c6ba66374\" target=\"_blank\" rel=\"noreferrer noopener\">Estrat\u00e9gia Concursos<\/a> buscaremos facilitar a sua caminhada rumo a esse objetivo com resumos estrat\u00e9gicos que far\u00e3o voc\u00ea gabaritar na hora da prova. <\/p>\n\n\n\n<p>&nbsp;Outrossim, se voc\u00ea ainda n\u00e3o conhece os nossos cursos, entre no site do Estrat\u00e9gia e encontre o curso que atender\u00e1 \u00e0s suas necessidades.&nbsp;&nbsp;<\/p>\n\n\n\n<p>Finalmente, n\u00e3o deixe de acompanhar e ficar por dentro do que acontece no mundo dos concursos.&nbsp;&nbsp;<\/p>\n\n\n\n<p>Bons estudos e at\u00e9 mais!\u00a0<\/p>\n\n\n\n<p class=\"has-text-align-center has-very-light-gray-to-cyan-bluish-gray-gradient-background has-background has-medium-font-size\"><strong>Saiba mais: <a href=\"https:\/\/www.estrategiaconcursos.com.br\/blog\/concurso-nacional-unificado\/\" target=\"_blank\" rel=\"noreferrer noopener\">CNU<\/a><\/strong><\/p>\n\n\n\n<h2 class=\"wp-block-heading has-text-align-center\" id=\"h-quer-saber-tudo-sobre-concursos-previstos-confira-nossos-artigos\">Quer saber tudo sobre concursos previstos?<br \/>Confira nossos artigos!<\/h2>\n\n\n\n<ul class=\"wp-block-list\">\n<li><a href=\"https:\/\/www.estrategiaconcursos.com.br\/blog\/concursos-abertos\/\" target=\"_blank\" rel=\"noreferrer noopener\">Concursos Abertos<\/a><\/li>\n\n\n\n<li><a href=\"https:\/\/www.estrategiaconcursos.com.br\/blog\/concursos-2025\/\">Concursos 2025<\/a><\/li>\n\n\n\n<li><a href=\"https:\/\/www.estrategiaconcursos.com.br\/blog\/concursos-2026\/\" target=\"_blank\" rel=\"noreferrer noopener\">Concursos 2026<\/a><\/li>\n<\/ul>\n\n\n\n<div class=\"container\" id=\"boxes\">\n  <div class=\"row\">\n\n    <div class=\"col-sm\">\n      <div class=\"banner-estrat-corj\" id=\"box-assinatura\">\n        <h3 class=\"titulo-assinatura\" style=\"text-align: left;\">Concursos 2025<\/h3>\n        <p class=\"subtitulo-assinatura\" style=\"text-align: left;\">Explore os cursos preparat\u00f3rios completos! \u2728<\/p>\n        <div class=\"box-botao\" style=\"text-align: left;\">\n          <a class=\"btn-assinatura\" target=\"_blank\" href=\"https:\/\/www.estrategiaconcursos.com.br\/cursos\/concurso\/\" role=\"button\" rel=\"noopener noreferrer\">CLIQUE AQUI<\/a>\n        <\/div>\n      <\/div><\/div><\/div><\/div>\n\n\n\n<div class=\"container\" id=\"boxes\">\n  <div class=\"row\">\n\n    <div class=\"col-sm\">\n      <div class=\"estrategia\" id=\"box-assinatura\">\n        <h3 class=\"titulo-assinatura\">Assinatura Concursos<\/h3>\n        <p class=\"subtitulo-assinatura\">Assinatura de 1 ano ou 2 anos<\/p>\n        <div class=\"box-botao\">\n          <a class=\"btn-assinatura\" target=\"_blank\" href=\"https:\/\/www.estrategiaconcursos.com.br\/assinaturas\/\" role=\"button\" rel=\"noopener noreferrer\">ASSINE AGORA<\/a>\n        <\/div>\n      <\/div><\/div><\/div><\/div>\n\n\n\n<p><em><strong>Leia tamb\u00e9m:<\/strong><\/em><\/p>\n\n\n\n<ul class=\"wp-block-list\">\n<li><a href=\"https:\/\/www.estrategiaconcursos.com.br\/blog\/cnu-vagas-de-nivel-medio\/\" target=\"_blank\" rel=\"noreferrer noopener\">CNU 2025: mais de 500 vagas de n\u00edvel m\u00e9dio. CONFIRA!<\/a><\/li>\n\n\n\n<li><a href=\"https:\/\/www.estrategiaconcursos.com.br\/blog\/cnu-2025-cronograma-divulgado\/\" target=\"_blank\" rel=\"noreferrer noopener\">Confira o cronograma do CNU 2025! Quando ser\u00e1 a prova?<\/a><\/li>\n<\/ul>\n","protected":false},"excerpt":{"rendered":"<p>Neste artigo voc\u00ea encontrar\u00e1 um resumo da Pol\u00edtica Nacional de Humaniza\u00e7\u00e3o para o Concurso Nacional Unificado.\u00a0 Ol\u00e1, concurseiro, tudo bem com voc\u00ea? Estudando muito para o Concurso Nacional Unificado? Certamente, sim! Afinal, essa \u00e9 uma grande oportunidade de ser tornar servidor p\u00fablico do Poder Executivo Federal.\u00a0 Para auxiliar voc\u00ea nessa miss\u00e3o, elaboramos um resumo did\u00e1tico [&hellip;]<\/p>\n","protected":false},"author":2982,"featured_media":1602505,"comment_status":"open","ping_status":"closed","sticky":false,"template":"","format":"standard","meta":{"post_tipo":"article","footnotes":""},"categories":[1],"tags":[],"tax_estado":[219963],"class_list":["post-1615218","post","type-post","status-publish","format-standard","has-post-thumbnail","hentry","category-cursos-e-concursos","tax_estado-concursos-federais"],"acf":[],"yoast_head":"<!-- This site is optimized with the Yoast SEO Premium plugin v27.2 (Yoast SEO v27.2) - https:\/\/yoast.com\/product\/yoast-seo-premium-wordpress\/ -->\n<title>Pol\u00edtica Nacional de Humaniza\u00e7\u00e3o para o CNU\u00a0<\/title>\n<meta name=\"description\" content=\"Neste artigo voc\u00ea encontrar\u00e1 um resumo da Pol\u00edtica Nacional de Humaniza\u00e7\u00e3o para o Concurso Nacional Unificado.\" \/>\n<meta name=\"robots\" content=\"index, follow, max-snippet:-1, max-image-preview:large, max-video-preview:-1\" \/>\n<link rel=\"canonical\" href=\"https:\/\/www.estrategiaconcursos.com.br\/blog\/politica-nacional-humanizacao\/\" \/>\n<meta property=\"og:locale\" content=\"pt_BR\" \/>\n<meta property=\"og:type\" content=\"article\" \/>\n<meta property=\"og:title\" content=\"Pol\u00edtica Nacional de Humaniza\u00e7\u00e3o para o CNU\u00a0\" \/>\n<meta property=\"og:description\" content=\"Neste artigo voc\u00ea encontrar\u00e1 um resumo da Pol\u00edtica Nacional de Humaniza\u00e7\u00e3o para o Concurso Nacional Unificado.\" \/>\n<meta property=\"og:url\" content=\"https:\/\/www.estrategiaconcursos.com.br\/blog\/politica-nacional-humanizacao\/\" \/>\n<meta property=\"og:site_name\" content=\"Estrat\u00e9gia Concursos\" \/>\n<meta property=\"article:published_time\" content=\"2025-08-05T14:45:00+00:00\" \/>\n<meta property=\"article:modified_time\" content=\"2025-08-06T13:10:02+00:00\" \/>\n<meta property=\"og:image\" content=\"https:\/\/dhg1h5j42swfq.cloudfront.net\/2025\/07\/05103913\/cnu.webp\" \/>\n\t<meta property=\"og:image:width\" content=\"1200\" \/>\n\t<meta property=\"og:image:height\" content=\"800\" \/>\n\t<meta property=\"og:image:type\" content=\"image\/webp\" \/>\n<meta name=\"author\" content=\"Caroline Martins da Costa Leite\" \/>\n<meta name=\"twitter:card\" content=\"summary_large_image\" \/>\n<meta name=\"twitter:creator\" content=\"@EstratConcursos\" \/>\n<meta name=\"twitter:site\" content=\"@EstratConcursos\" \/>\n<meta name=\"twitter:label1\" content=\"Escrito por\" \/>\n\t<meta name=\"twitter:data1\" content=\"Caroline Martins da Costa Leite\" \/>\n\t<meta name=\"twitter:label2\" content=\"Est. tempo de leitura\" \/>\n\t<meta name=\"twitter:data2\" content=\"5 minutos\" \/>\n<script type=\"application\/ld+json\" class=\"yoast-schema-graph\">{\"@context\":\"https:\/\/schema.org\",\"@graph\":[{\"@type\":\"NewsArticle\",\"@id\":\"https:\/\/www.estrategiaconcursos.com.br\/blog\/politica-nacional-humanizacao\/#article\",\"isPartOf\":{\"@id\":\"https:\/\/www.estrategiaconcursos.com.br\/blog\/politica-nacional-humanizacao\/\"},\"author\":{\"name\":\"Caroline Martins da Costa Leite\",\"@id\":\"https:\/\/www.estrategiaconcursos.com.br\/blog\/#\/schema\/person\/1c7ac186f04b04e87eeba66c2467cf6a\"},\"headline\":\"Pol\u00edtica Nacional de Humaniza\u00e7\u00e3o para o CNU\u00a0\",\"datePublished\":\"2025-08-05T14:45:00+00:00\",\"dateModified\":\"2025-08-06T13:10:02+00:00\",\"mainEntityOfPage\":{\"@id\":\"https:\/\/www.estrategiaconcursos.com.br\/blog\/politica-nacional-humanizacao\/\"},\"wordCount\":1015,\"commentCount\":0,\"publisher\":{\"@id\":\"https:\/\/www.estrategiaconcursos.com.br\/blog\/#organization\"},\"image\":{\"@id\":\"https:\/\/www.estrategiaconcursos.com.br\/blog\/politica-nacional-humanizacao\/#primaryimage\"},\"thumbnailUrl\":\"https:\/\/dhg1h5j42swfq.cloudfront.net\/2025\/07\/05103913\/cnu.webp\",\"articleSection\":[\"Concursos P\u00fablicos\"],\"inLanguage\":\"pt-BR\",\"potentialAction\":[{\"@type\":\"CommentAction\",\"name\":\"Comment\",\"target\":[\"https:\/\/www.estrategiaconcursos.com.br\/blog\/politica-nacional-humanizacao\/#respond\"]}],\"copyrightYear\":\"2025\",\"copyrightHolder\":{\"@id\":\"https:\/\/www.estrategiaconcursos.com.br\/blog\/#organization\"},\"accessibilityFeature\":[\"tableOfContents\"]},{\"@type\":\"WebPage\",\"@id\":\"https:\/\/www.estrategiaconcursos.com.br\/blog\/politica-nacional-humanizacao\/\",\"url\":\"https:\/\/www.estrategiaconcursos.com.br\/blog\/politica-nacional-humanizacao\/\",\"name\":\"Pol\u00edtica Nacional de Humaniza\u00e7\u00e3o para o CNU\u00a0\",\"isPartOf\":{\"@id\":\"https:\/\/www.estrategiaconcursos.com.br\/blog\/#website\"},\"primaryImageOfPage\":{\"@id\":\"https:\/\/www.estrategiaconcursos.com.br\/blog\/politica-nacional-humanizacao\/#primaryimage\"},\"image\":{\"@id\":\"https:\/\/www.estrategiaconcursos.com.br\/blog\/politica-nacional-humanizacao\/#primaryimage\"},\"thumbnailUrl\":\"https:\/\/dhg1h5j42swfq.cloudfront.net\/2025\/07\/05103913\/cnu.webp\",\"datePublished\":\"2025-08-05T14:45:00+00:00\",\"dateModified\":\"2025-08-06T13:10:02+00:00\",\"description\":\"Neste artigo voc\u00ea encontrar\u00e1 um resumo da Pol\u00edtica Nacional de Humaniza\u00e7\u00e3o para o Concurso Nacional Unificado.\",\"breadcrumb\":{\"@id\":\"https:\/\/www.estrategiaconcursos.com.br\/blog\/politica-nacional-humanizacao\/#breadcrumb\"},\"inLanguage\":\"pt-BR\",\"potentialAction\":[{\"@type\":\"ReadAction\",\"target\":[\"https:\/\/www.estrategiaconcursos.com.br\/blog\/politica-nacional-humanizacao\/\"]}]},{\"@type\":\"ImageObject\",\"inLanguage\":\"pt-BR\",\"@id\":\"https:\/\/www.estrategiaconcursos.com.br\/blog\/politica-nacional-humanizacao\/#primaryimage\",\"url\":\"https:\/\/dhg1h5j42swfq.cloudfront.net\/2025\/07\/05103913\/cnu.webp\",\"contentUrl\":\"https:\/\/dhg1h5j42swfq.cloudfront.net\/2025\/07\/05103913\/cnu.webp\",\"width\":1200,\"height\":800,\"caption\":\"Est\u00e1gios da receita e despesa para CNU\"},{\"@type\":\"BreadcrumbList\",\"@id\":\"https:\/\/www.estrategiaconcursos.com.br\/blog\/politica-nacional-humanizacao\/#breadcrumb\",\"itemListElement\":[{\"@type\":\"ListItem\",\"position\":1,\"name\":\"In\u00edcio\",\"item\":\"https:\/\/www.estrategiaconcursos.com.br\/blog\/\"},{\"@type\":\"ListItem\",\"position\":2,\"name\":\"Pol\u00edtica Nacional de Humaniza\u00e7\u00e3o para o CNU\u00a0\"}]},{\"@type\":\"WebSite\",\"@id\":\"https:\/\/www.estrategiaconcursos.com.br\/blog\/#website\",\"url\":\"https:\/\/www.estrategiaconcursos.com.br\/blog\/\",\"name\":\"Estrat\u00e9gia Concursos\",\"description\":\"O blog da Estrat\u00e9gia Concursos traz not\u00edcias sobre concursos e artigos de professores oferecendo cursos para concursos (pdf + videaulas) no site.\",\"publisher\":{\"@id\":\"https:\/\/www.estrategiaconcursos.com.br\/blog\/#organization\"},\"potentialAction\":[{\"@type\":\"SearchAction\",\"target\":{\"@type\":\"EntryPoint\",\"urlTemplate\":\"https:\/\/www.estrategiaconcursos.com.br\/blog\/?s={search_term_string}\"},\"query-input\":{\"@type\":\"PropertyValueSpecification\",\"valueRequired\":true,\"valueName\":\"search_term_string\"}}],\"inLanguage\":\"pt-BR\"},{\"@type\":\"Organization\",\"@id\":\"https:\/\/www.estrategiaconcursos.com.br\/blog\/#organization\",\"name\":\"Estrat\u00e9gia Concursos\",\"url\":\"https:\/\/www.estrategiaconcursos.com.br\/blog\/\",\"logo\":{\"@type\":\"ImageObject\",\"inLanguage\":\"pt-BR\",\"@id\":\"https:\/\/www.estrategiaconcursos.com.br\/blog\/#\/schema\/logo\/image\/\",\"url\":\"https:\/\/dhg1h5j42swfq.cloudfront.net\/2025\/06\/03203428\/logo_concursos-1.jpg\",\"contentUrl\":\"https:\/\/dhg1h5j42swfq.cloudfront.net\/2025\/06\/03203428\/logo_concursos-1.jpg\",\"width\":230,\"height\":60,\"caption\":\"Estrat\u00e9gia Concursos\"},\"image\":{\"@id\":\"https:\/\/www.estrategiaconcursos.com.br\/blog\/#\/schema\/logo\/image\/\"},\"sameAs\":[\"https:\/\/x.com\/EstratConcursos\"]},{\"@type\":\"Person\",\"@id\":\"https:\/\/www.estrategiaconcursos.com.br\/blog\/#\/schema\/person\/1c7ac186f04b04e87eeba66c2467cf6a\",\"name\":\"Caroline Martins da Costa Leite\",\"image\":{\"@type\":\"ImageObject\",\"inLanguage\":\"pt-BR\",\"@id\":\"https:\/\/secure.gravatar.com\/avatar\/061997e69e4fd91b5e3d45dff736c5f05b3c02a4283b46708faf52b75701224e?s=96&d=mm&r=g\",\"url\":\"https:\/\/secure.gravatar.com\/avatar\/061997e69e4fd91b5e3d45dff736c5f05b3c02a4283b46708faf52b75701224e?s=96&d=mm&r=g\",\"contentUrl\":\"https:\/\/secure.gravatar.com\/avatar\/061997e69e4fd91b5e3d45dff736c5f05b3c02a4283b46708faf52b75701224e?s=96&d=mm&r=g\",\"caption\":\"Caroline Martins da Costa Leite\"},\"url\":\"https:\/\/www.estrategiaconcursos.com.br\/blog\/author\/carol_leite1706hotmail-com\/\"}]}<\/script>\n<!-- \/ Yoast SEO Premium plugin. -->","yoast_head_json":{"title":"Pol\u00edtica Nacional de Humaniza\u00e7\u00e3o para o CNU\u00a0","description":"Neste artigo voc\u00ea encontrar\u00e1 um resumo da Pol\u00edtica Nacional de Humaniza\u00e7\u00e3o para o Concurso Nacional Unificado.","robots":{"index":"index","follow":"follow","max-snippet":"max-snippet:-1","max-image-preview":"max-image-preview:large","max-video-preview":"max-video-preview:-1"},"canonical":"https:\/\/www.estrategiaconcursos.com.br\/blog\/politica-nacional-humanizacao\/","og_locale":"pt_BR","og_type":"article","og_title":"Pol\u00edtica Nacional de Humaniza\u00e7\u00e3o para o CNU\u00a0","og_description":"Neste artigo voc\u00ea encontrar\u00e1 um resumo da Pol\u00edtica Nacional de Humaniza\u00e7\u00e3o para o Concurso Nacional Unificado.","og_url":"https:\/\/www.estrategiaconcursos.com.br\/blog\/politica-nacional-humanizacao\/","og_site_name":"Estrat\u00e9gia Concursos","article_published_time":"2025-08-05T14:45:00+00:00","article_modified_time":"2025-08-06T13:10:02+00:00","og_image":[{"width":1200,"height":800,"url":"https:\/\/dhg1h5j42swfq.cloudfront.net\/2025\/07\/05103913\/cnu.webp","type":"image\/webp"}],"author":"Caroline Martins da Costa Leite","twitter_card":"summary_large_image","twitter_creator":"@EstratConcursos","twitter_site":"@EstratConcursos","twitter_misc":{"Escrito por":"Caroline Martins da Costa Leite","Est. tempo de leitura":"5 minutos"},"schema":{"@context":"https:\/\/schema.org","@graph":[{"@type":"NewsArticle","@id":"https:\/\/www.estrategiaconcursos.com.br\/blog\/politica-nacional-humanizacao\/#article","isPartOf":{"@id":"https:\/\/www.estrategiaconcursos.com.br\/blog\/politica-nacional-humanizacao\/"},"author":{"name":"Caroline Martins da Costa Leite","@id":"https:\/\/www.estrategiaconcursos.com.br\/blog\/#\/schema\/person\/1c7ac186f04b04e87eeba66c2467cf6a"},"headline":"Pol\u00edtica Nacional de Humaniza\u00e7\u00e3o para o CNU\u00a0","datePublished":"2025-08-05T14:45:00+00:00","dateModified":"2025-08-06T13:10:02+00:00","mainEntityOfPage":{"@id":"https:\/\/www.estrategiaconcursos.com.br\/blog\/politica-nacional-humanizacao\/"},"wordCount":1015,"commentCount":0,"publisher":{"@id":"https:\/\/www.estrategiaconcursos.com.br\/blog\/#organization"},"image":{"@id":"https:\/\/www.estrategiaconcursos.com.br\/blog\/politica-nacional-humanizacao\/#primaryimage"},"thumbnailUrl":"https:\/\/dhg1h5j42swfq.cloudfront.net\/2025\/07\/05103913\/cnu.webp","articleSection":["Concursos P\u00fablicos"],"inLanguage":"pt-BR","potentialAction":[{"@type":"CommentAction","name":"Comment","target":["https:\/\/www.estrategiaconcursos.com.br\/blog\/politica-nacional-humanizacao\/#respond"]}],"copyrightYear":"2025","copyrightHolder":{"@id":"https:\/\/www.estrategiaconcursos.com.br\/blog\/#organization"},"accessibilityFeature":["tableOfContents"]},{"@type":"WebPage","@id":"https:\/\/www.estrategiaconcursos.com.br\/blog\/politica-nacional-humanizacao\/","url":"https:\/\/www.estrategiaconcursos.com.br\/blog\/politica-nacional-humanizacao\/","name":"Pol\u00edtica Nacional de Humaniza\u00e7\u00e3o para o CNU\u00a0","isPartOf":{"@id":"https:\/\/www.estrategiaconcursos.com.br\/blog\/#website"},"primaryImageOfPage":{"@id":"https:\/\/www.estrategiaconcursos.com.br\/blog\/politica-nacional-humanizacao\/#primaryimage"},"image":{"@id":"https:\/\/www.estrategiaconcursos.com.br\/blog\/politica-nacional-humanizacao\/#primaryimage"},"thumbnailUrl":"https:\/\/dhg1h5j42swfq.cloudfront.net\/2025\/07\/05103913\/cnu.webp","datePublished":"2025-08-05T14:45:00+00:00","dateModified":"2025-08-06T13:10:02+00:00","description":"Neste artigo voc\u00ea encontrar\u00e1 um resumo da Pol\u00edtica Nacional de Humaniza\u00e7\u00e3o para o Concurso Nacional Unificado.","breadcrumb":{"@id":"https:\/\/www.estrategiaconcursos.com.br\/blog\/politica-nacional-humanizacao\/#breadcrumb"},"inLanguage":"pt-BR","potentialAction":[{"@type":"ReadAction","target":["https:\/\/www.estrategiaconcursos.com.br\/blog\/politica-nacional-humanizacao\/"]}]},{"@type":"ImageObject","inLanguage":"pt-BR","@id":"https:\/\/www.estrategiaconcursos.com.br\/blog\/politica-nacional-humanizacao\/#primaryimage","url":"https:\/\/dhg1h5j42swfq.cloudfront.net\/2025\/07\/05103913\/cnu.webp","contentUrl":"https:\/\/dhg1h5j42swfq.cloudfront.net\/2025\/07\/05103913\/cnu.webp","width":1200,"height":800,"caption":"Est\u00e1gios da receita e despesa para CNU"},{"@type":"BreadcrumbList","@id":"https:\/\/www.estrategiaconcursos.com.br\/blog\/politica-nacional-humanizacao\/#breadcrumb","itemListElement":[{"@type":"ListItem","position":1,"name":"In\u00edcio","item":"https:\/\/www.estrategiaconcursos.com.br\/blog\/"},{"@type":"ListItem","position":2,"name":"Pol\u00edtica Nacional de Humaniza\u00e7\u00e3o para o CNU\u00a0"}]},{"@type":"WebSite","@id":"https:\/\/www.estrategiaconcursos.com.br\/blog\/#website","url":"https:\/\/www.estrategiaconcursos.com.br\/blog\/","name":"Estrat\u00e9gia Concursos","description":"O blog da Estrat\u00e9gia Concursos traz not\u00edcias sobre concursos e artigos de professores oferecendo cursos para concursos (pdf + videaulas) no site.","publisher":{"@id":"https:\/\/www.estrategiaconcursos.com.br\/blog\/#organization"},"potentialAction":[{"@type":"SearchAction","target":{"@type":"EntryPoint","urlTemplate":"https:\/\/www.estrategiaconcursos.com.br\/blog\/?s={search_term_string}"},"query-input":{"@type":"PropertyValueSpecification","valueRequired":true,"valueName":"search_term_string"}}],"inLanguage":"pt-BR"},{"@type":"Organization","@id":"https:\/\/www.estrategiaconcursos.com.br\/blog\/#organization","name":"Estrat\u00e9gia Concursos","url":"https:\/\/www.estrategiaconcursos.com.br\/blog\/","logo":{"@type":"ImageObject","inLanguage":"pt-BR","@id":"https:\/\/www.estrategiaconcursos.com.br\/blog\/#\/schema\/logo\/image\/","url":"https:\/\/dhg1h5j42swfq.cloudfront.net\/2025\/06\/03203428\/logo_concursos-1.jpg","contentUrl":"https:\/\/dhg1h5j42swfq.cloudfront.net\/2025\/06\/03203428\/logo_concursos-1.jpg","width":230,"height":60,"caption":"Estrat\u00e9gia Concursos"},"image":{"@id":"https:\/\/www.estrategiaconcursos.com.br\/blog\/#\/schema\/logo\/image\/"},"sameAs":["https:\/\/x.com\/EstratConcursos"]},{"@type":"Person","@id":"https:\/\/www.estrategiaconcursos.com.br\/blog\/#\/schema\/person\/1c7ac186f04b04e87eeba66c2467cf6a","name":"Caroline Martins da Costa Leite","image":{"@type":"ImageObject","inLanguage":"pt-BR","@id":"https:\/\/secure.gravatar.com\/avatar\/061997e69e4fd91b5e3d45dff736c5f05b3c02a4283b46708faf52b75701224e?s=96&d=mm&r=g","url":"https:\/\/secure.gravatar.com\/avatar\/061997e69e4fd91b5e3d45dff736c5f05b3c02a4283b46708faf52b75701224e?s=96&d=mm&r=g","contentUrl":"https:\/\/secure.gravatar.com\/avatar\/061997e69e4fd91b5e3d45dff736c5f05b3c02a4283b46708faf52b75701224e?s=96&d=mm&r=g","caption":"Caroline Martins da Costa Leite"},"url":"https:\/\/www.estrategiaconcursos.com.br\/blog\/author\/carol_leite1706hotmail-com\/"}]}},"_links":{"self":[{"href":"https:\/\/www.estrategiaconcursos.com.br\/blog\/wp-json\/wp\/v2\/posts\/1615218","targetHints":{"allow":["GET"]}}],"collection":[{"href":"https:\/\/www.estrategiaconcursos.com.br\/blog\/wp-json\/wp\/v2\/posts"}],"about":[{"href":"https:\/\/www.estrategiaconcursos.com.br\/blog\/wp-json\/wp\/v2\/types\/post"}],"author":[{"embeddable":true,"href":"https:\/\/www.estrategiaconcursos.com.br\/blog\/wp-json\/wp\/v2\/users\/2982"}],"replies":[{"embeddable":true,"href":"https:\/\/www.estrategiaconcursos.com.br\/blog\/wp-json\/wp\/v2\/comments?post=1615218"}],"version-history":[{"count":6,"href":"https:\/\/www.estrategiaconcursos.com.br\/blog\/wp-json\/wp\/v2\/posts\/1615218\/revisions"}],"predecessor-version":[{"id":1618923,"href":"https:\/\/www.estrategiaconcursos.com.br\/blog\/wp-json\/wp\/v2\/posts\/1615218\/revisions\/1618923"}],"wp:featuredmedia":[{"embeddable":true,"href":"https:\/\/www.estrategiaconcursos.com.br\/blog\/wp-json\/wp\/v2\/media\/1602505"}],"wp:attachment":[{"href":"https:\/\/www.estrategiaconcursos.com.br\/blog\/wp-json\/wp\/v2\/media?parent=1615218"}],"wp:term":[{"taxonomy":"category","embeddable":true,"href":"https:\/\/www.estrategiaconcursos.com.br\/blog\/wp-json\/wp\/v2\/categories?post=1615218"},{"taxonomy":"post_tag","embeddable":true,"href":"https:\/\/www.estrategiaconcursos.com.br\/blog\/wp-json\/wp\/v2\/tags?post=1615218"},{"taxonomy":"tax_estado","embeddable":true,"href":"https:\/\/www.estrategiaconcursos.com.br\/blog\/wp-json\/wp\/v2\/tax_estado?post=1615218"}],"curies":[{"name":"wp","href":"https:\/\/api.w.org\/{rel}","templated":true}]}}