{"id":1614893,"date":"2025-07-29T15:13:02","date_gmt":"2025-07-29T18:13:02","guid":{"rendered":"https:\/\/www.estrategiaconcursos.com.br\/blog\/?p=1614893"},"modified":"2025-08-05T21:51:48","modified_gmt":"2025-08-06T00:51:48","slug":"concurso-tj-pe-2025-retificacao","status":"publish","type":"post","link":"https:\/\/www.estrategiaconcursos.com.br\/blog\/concurso-tj-pe-2025-retificacao\/","title":{"rendered":"Concurso TJ PE: edital passa por retifica\u00e7\u00e3o; confira o que mudou!"},"content":{"rendered":"\n<p>O edital do <strong>concurso TJ PE (<a href=\"https:\/\/www.estrategiaconcursos.com.br\/cursosPorConcurso\/tj-pe-tribunal-de-justica-de-pernambuco\/\" target=\"_blank\" rel=\"noreferrer noopener\">Tribunal de Justi\u00e7a de Pernambuco<\/a>)<\/strong> passou pro retifica\u00e7\u00e3o!<\/p>\n\n\n\n<p>Segundo o documento divulgado, houve mudan\u00e7as em dois pontos do edital, sendo:<\/p>\n\n\n\n<figure class=\"wp-block-image size-large\"><img loading=\"lazy\" decoding=\"async\" width=\"1024\" height=\"603\" src=\"https:\/\/dhg1h5j42swfq.cloudfront.net\/2025\/07\/29150955\/tjpe-ret-1-1024x603.png\" alt=\"\" class=\"wp-image-1614902\" srcset=\"https:\/\/dhg1h5j42swfq.cloudfront.net\/2025\/07\/29150955\/tjpe-ret-1-1024x603.png 1024w, https:\/\/dhg1h5j42swfq.cloudfront.net\/2025\/07\/29150955\/tjpe-ret-1-300x177.png 300w, https:\/\/dhg1h5j42swfq.cloudfront.net\/2025\/07\/29150955\/tjpe-ret-1-768x453.png 768w, https:\/\/dhg1h5j42swfq.cloudfront.net\/2025\/07\/29150955\/tjpe-ret-1-1536x905.png 1536w, https:\/\/dhg1h5j42swfq.cloudfront.net\/2025\/07\/29150955\/tjpe-ret-1-2048x1207.png 2048w, https:\/\/dhg1h5j42swfq.cloudfront.net\/2025\/07\/29150955\/tjpe-ret-1-150x88.png 150w\" sizes=\"auto, (max-width: 1024px) 100vw, 1024px\" \/><\/figure>\n\n\n\n<div class=\"container\" id=\"boxes\">\n  <div class=\"row\">\n\n    <div class=\"col-sm\">\n      <div class=\"banner-tribunal\" id=\"box-assinatura\">\n        <h3 class=\"titulo-assinatura\">Curso TJ PE<\/h3>\n        <p class=\"subtitulo-assinatura\">Conhe\u00e7a os cursos<\/p>\n        <div class=\"box-botao\">\n          <a class=\"btn-assinatura\" target=\"_blank\" href=\"https:\/\/www.estrategiaconcursos.com.br\/cursosPorConcurso\/tj-pe-tribunal-de-justica-de-pernambuco\/\" role=\"button\" rel=\"noopener noreferrer\">Conhe\u00e7a mais<\/a>\n        <\/div>\n      <\/div>\n      <p class=\"texto-auxiliar\">Prepare-se com o melhor material e com quem mais aprova em Concursos P\u00fablicos em todo o pa\u00eds.<\/p>\n    <\/div>\n\n  <\/div>\n<\/div>\n\n\n\n<h2 class=\"wp-block-heading\" id=\"h-sobre-o-concurso-tj-pe\">Sobre o concurso TJ PE<\/h2>\n\n\n\n<p>O edital trouxe vagas em cadastro de reserva para os cargos de:<\/p>\n\n\n\n<ul class=\"wp-block-list\">\n<li>Analista Judici\u00e1rio &#8211; \u00c1rea Judici\u00e1ria (R$ 7.634,45);<\/li>\n\n\n\n<li>Analista Judici\u00e1rio &#8211; \u00c1rea de Apoio Especializado\/Analista de Sistemas (R$ 7.634,45);<\/li>\n\n\n\n<li>Oficial de Justi\u00e7a (R$ 7.634,45);<\/li>\n\n\n\n<li>T\u00e9cnico Judici\u00e1rio &#8211; \u00c1rea Judici\u00e1ria (R$ 5.858,86); e<\/li>\n\n\n\n<li>T\u00e9cnico Judici\u00e1rio &#8211; \u00c1rea Apoio Especializado\/Programador de Computador (R$ 5.858,86).<\/li>\n<\/ul>\n\n\n\n<p>As provas objetivas est\u00e3o previstas para <strong>21 de setembro (cargos de n\u00edvel m\u00e9dio)<\/strong> e <strong>28 de setembro (cargos de n\u00edvel superior)<\/strong>.<\/p>\n\n\n\n<h3 class=\"wp-block-heading\" id=\"etapas\">Etapas e provas<\/h3>\n\n\n\n<p>Sob organiza\u00e7\u00e3o da banca IBFC, os candidatos inscritos no concurso TJ PE ser\u00e3o avaliados por meio da aplica\u00e7\u00e3o das seguintes etapas:<\/p>\n\n\n\n<ul class=\"wp-block-list\">\n<li><strong>Prova Objetiva<\/strong> \u2013 eliminat\u00f3rio e classificat\u00f3rio;<\/li>\n\n\n\n<li><strong>Prova Discursiva<\/strong> \u2013 eliminat\u00f3rio e classificat\u00f3rio.<\/li>\n<\/ul>\n\n\n\n<p>As avalia\u00e7\u00f5es ocorrer\u00e3o nas cidades de Recife\/Regi\u00e3o Metropolitana, Arcoverde, Carpina, Caruaru e Petrolina, em Pernambuco, conforme a Localidade (Polo) escolhida pelo candidato no ato da inscri\u00e7\u00e3o.<\/p>\n\n\n\n<p class=\"has-text-align-center has-luminous-vivid-amber-background-color has-background\"><strong>Quer saber mais sobre essa oportunidade? Acesse: <a href=\"https:\/\/www.estrategiaconcursos.com.br\/blog\/concurso-tj-pe\/\">concurso TJ PE<\/a><\/strong><\/p>\n\n\n\n<h2 class=\"wp-block-heading has-text-align-center\" id=\"h-quer-saber-tudo-sobre-concursos-previstos-confira-nossos-artigos\">Quer saber tudo sobre concursos previstos?<br \/>Confira nossos artigos!<\/h2>\n\n\n\n<ul class=\"wp-block-list\">\n<li><a href=\"https:\/\/www.estrategiaconcursos.com.br\/blog\/concursos-abertos\/\" target=\"_blank\" rel=\"noreferrer noopener\">Concursos abertos<\/a><\/li>\n\n\n\n<li><a href=\"https:\/\/www.estrategiaconcursos.com.br\/blog\/concursos-tribunais\/\">Concurso tribunais<\/a><\/li>\n\n\n\n<li><a href=\"https:\/\/www.estrategiaconcursos.com.br\/blog\/concursos-2025\" target=\"_blank\" rel=\"noreferrer noopener\">Concursos 2025<\/a><\/li>\n\n\n\n<li><a href=\"https:\/\/www.estrategiaconcursos.com.br\/blog\/concursos-2026\/\">Concursos 2026<\/a><\/li>\n<\/ul>\n\n\n\n<h2 class=\"wp-block-heading has-text-align-center\">CURSOS E ASSINATURAS<\/h2>\n\n\n\n<div class=\"container\" id=\"boxes\">\n  <div class=\"row\">\n\n    <div class=\"col-sm\">\n      <div class=\"banner-tribunal\" id=\"box-assinatura\">\n        <h3 class=\"titulo-assinatura\">Curso TJ PE<\/h3>\n        <p class=\"subtitulo-assinatura\">Conhe\u00e7a os cursos<\/p>\n        <div class=\"box-botao\">\n          <a class=\"btn-assinatura\" target=\"_blank\" href=\"https:\/\/www.estrategiaconcursos.com.br\/cursosPorConcurso\/tj-pe-tribunal-de-justica-de-pernambuco\/\" role=\"button\" rel=\"noopener noreferrer\">Conhe\u00e7a mais<\/a>\n        <\/div>\n      <\/div>\n      <p class=\"texto-auxiliar\">Prepare-se com o melhor material e com quem mais aprova em Concursos P\u00fablicos em todo o pa\u00eds.<\/p>\n    <\/div>\n\n  <\/div>\n<\/div>\n\n\n\n<div class=\"container\" id=\"boxes\">\n  <div class=\"row\">\n\n    <div class=\"col-sm\">\n      <div class=\"estrategia\" id=\"box-assinatura\">\n        <h3 class=\"titulo-assinatura\">Assinatura Concursos<\/h3>\n        <p class=\"subtitulo-assinatura\">Assinatura de 1 ano ou 2 anos<\/p>\n        <div class=\"box-botao\">\n          <a class=\"btn-assinatura\" target=\"_blank\" href=\"https:\/\/www.estrategiaconcursos.com.br\/assinaturas\/\" role=\"button\" rel=\"noopener noreferrer\">ASSINE AGORA<\/a>\n        <\/div>\n      <\/div>\n     \n    <\/div><\/div><\/div>\n\n\n\n<p><\/p>\n","protected":false},"excerpt":{"rendered":"<p>O edital do concurso TJ PE (Tribunal de Justi\u00e7a de Pernambuco) passou pro retifica\u00e7\u00e3o! Segundo o documento divulgado, houve mudan\u00e7as em dois pontos do edital, sendo: Curso TJ PE Conhe\u00e7a os cursos Conhe\u00e7a mais Prepare-se com o melhor material e com quem mais aprova em Concursos P\u00fablicos em todo o pa\u00eds. Sobre o concurso TJ [&hellip;]<\/p>\n","protected":false},"author":657,"featured_media":1600525,"comment_status":"open","ping_status":"closed","sticky":false,"template":"","format":"standard","meta":{"post_tipo":"article","footnotes":""},"categories":[1,220737],"tags":[],"tax_estado":[219979],"class_list":["post-1614893","post","type-post","status-publish","format-standard","has-post-thumbnail","hentry","category-cursos-e-concursos","category-tribunais-tribunais","tax_estado-pe"],"acf":[],"yoast_head":"<!-- This site is optimized with the Yoast SEO Premium plugin v27.2 (Yoast SEO v27.2) - https:\/\/yoast.com\/product\/yoast-seo-premium-wordpress\/ -->\n<title>Concurso TJ PE: edital passa por retifica\u00e7\u00e3o; confira o que mudou!<\/title>\n<meta name=\"robots\" content=\"index, follow, max-snippet:-1, max-image-preview:large, max-video-preview:-1\" \/>\n<link rel=\"canonical\" href=\"https:\/\/www.estrategiaconcursos.com.br\/blog\/concurso-tj-pe-2025-retificacao\/\" \/>\n<meta property=\"og:locale\" content=\"pt_BR\" \/>\n<meta property=\"og:type\" content=\"article\" \/>\n<meta property=\"og:title\" content=\"Concurso TJ PE: edital passa por retifica\u00e7\u00e3o; confira o que mudou!\" \/>\n<meta property=\"og:description\" content=\"O edital do concurso TJ PE (Tribunal de Justi\u00e7a de Pernambuco) passou pro retifica\u00e7\u00e3o! Segundo o documento divulgado, houve mudan\u00e7as em dois pontos do edital, sendo: Curso TJ PE Conhe\u00e7a os cursos Conhe\u00e7a mais Prepare-se com o melhor material e com quem mais aprova em Concursos P\u00fablicos em todo o pa\u00eds. Sobre o concurso TJ [&hellip;]\" \/>\n<meta property=\"og:url\" content=\"https:\/\/www.estrategiaconcursos.com.br\/blog\/concurso-tj-pe-2025-retificacao\/\" \/>\n<meta property=\"og:site_name\" content=\"Estrat\u00e9gia Concursos\" \/>\n<meta property=\"article:published_time\" content=\"2025-07-29T18:13:02+00:00\" \/>\n<meta property=\"article:modified_time\" content=\"2025-08-06T00:51:48+00:00\" \/>\n<meta property=\"og:image\" content=\"https:\/\/dhg1h5j42swfq.cloudfront.net\/2025\/06\/02114834\/tj-pe.jpg\" \/>\n\t<meta property=\"og:image:width\" content=\"768\" \/>\n\t<meta property=\"og:image:height\" content=\"432\" \/>\n\t<meta property=\"og:image:type\" content=\"image\/jpeg\" \/>\n<meta name=\"author\" content=\"Nat\u00e1lia Scarano\" \/>\n<meta name=\"twitter:card\" content=\"summary_large_image\" \/>\n<meta name=\"twitter:creator\" content=\"@EstratConcursos\" \/>\n<meta name=\"twitter:site\" content=\"@EstratConcursos\" \/>\n<meta name=\"twitter:label1\" content=\"Escrito por\" \/>\n\t<meta name=\"twitter:data1\" content=\"Nat\u00e1lia Scarano\" \/>\n\t<meta name=\"twitter:label2\" content=\"Est. tempo de leitura\" \/>\n\t<meta name=\"twitter:data2\" content=\"1 minuto\" \/>\n<script type=\"application\/ld+json\" class=\"yoast-schema-graph\">{\"@context\":\"https:\/\/schema.org\",\"@graph\":[{\"@type\":\"NewsArticle\",\"@id\":\"https:\/\/www.estrategiaconcursos.com.br\/blog\/concurso-tj-pe-2025-retificacao\/#article\",\"isPartOf\":{\"@id\":\"https:\/\/www.estrategiaconcursos.com.br\/blog\/concurso-tj-pe-2025-retificacao\/\"},\"author\":{\"name\":\"Nat\u00e1lia Scarano\",\"@id\":\"https:\/\/www.estrategiaconcursos.com.br\/blog\/#\/schema\/person\/751aedf909a9d10cb23ce6ac527ce0f2\"},\"headline\":\"Concurso TJ PE: edital passa por retifica\u00e7\u00e3o; confira o que mudou!\",\"datePublished\":\"2025-07-29T18:13:02+00:00\",\"dateModified\":\"2025-08-06T00:51:48+00:00\",\"mainEntityOfPage\":{\"@id\":\"https:\/\/www.estrategiaconcursos.com.br\/blog\/concurso-tj-pe-2025-retificacao\/\"},\"wordCount\":295,\"commentCount\":0,\"publisher\":{\"@id\":\"https:\/\/www.estrategiaconcursos.com.br\/blog\/#organization\"},\"image\":{\"@id\":\"https:\/\/www.estrategiaconcursos.com.br\/blog\/concurso-tj-pe-2025-retificacao\/#primaryimage\"},\"thumbnailUrl\":\"https:\/\/dhg1h5j42swfq.cloudfront.net\/2025\/06\/02114834\/tj-pe.jpg\",\"articleSection\":[\"Concursos P\u00fablicos\",\"Tribunais\"],\"inLanguage\":\"pt-BR\",\"potentialAction\":[{\"@type\":\"CommentAction\",\"name\":\"Comment\",\"target\":[\"https:\/\/www.estrategiaconcursos.com.br\/blog\/concurso-tj-pe-2025-retificacao\/#respond\"]}],\"copyrightYear\":\"2025\",\"copyrightHolder\":{\"@id\":\"https:\/\/www.estrategiaconcursos.com.br\/blog\/#organization\"}},{\"@type\":\"WebPage\",\"@id\":\"https:\/\/www.estrategiaconcursos.com.br\/blog\/concurso-tj-pe-2025-retificacao\/\",\"url\":\"https:\/\/www.estrategiaconcursos.com.br\/blog\/concurso-tj-pe-2025-retificacao\/\",\"name\":\"Concurso TJ PE: edital passa por retifica\u00e7\u00e3o; confira o que mudou!\",\"isPartOf\":{\"@id\":\"https:\/\/www.estrategiaconcursos.com.br\/blog\/#website\"},\"primaryImageOfPage\":{\"@id\":\"https:\/\/www.estrategiaconcursos.com.br\/blog\/concurso-tj-pe-2025-retificacao\/#primaryimage\"},\"image\":{\"@id\":\"https:\/\/www.estrategiaconcursos.com.br\/blog\/concurso-tj-pe-2025-retificacao\/#primaryimage\"},\"thumbnailUrl\":\"https:\/\/dhg1h5j42swfq.cloudfront.net\/2025\/06\/02114834\/tj-pe.jpg\",\"datePublished\":\"2025-07-29T18:13:02+00:00\",\"dateModified\":\"2025-08-06T00:51:48+00:00\",\"breadcrumb\":{\"@id\":\"https:\/\/www.estrategiaconcursos.com.br\/blog\/concurso-tj-pe-2025-retificacao\/#breadcrumb\"},\"inLanguage\":\"pt-BR\",\"potentialAction\":[{\"@type\":\"ReadAction\",\"target\":[\"https:\/\/www.estrategiaconcursos.com.br\/blog\/concurso-tj-pe-2025-retificacao\/\"]}]},{\"@type\":\"ImageObject\",\"inLanguage\":\"pt-BR\",\"@id\":\"https:\/\/www.estrategiaconcursos.com.br\/blog\/concurso-tj-pe-2025-retificacao\/#primaryimage\",\"url\":\"https:\/\/dhg1h5j42swfq.cloudfront.net\/2025\/06\/02114834\/tj-pe.jpg\",\"contentUrl\":\"https:\/\/dhg1h5j42swfq.cloudfront.net\/2025\/06\/02114834\/tj-pe.jpg\",\"width\":768,\"height\":432,\"caption\":\"concurso TJ PE para T\u00e9cnico\"},{\"@type\":\"BreadcrumbList\",\"@id\":\"https:\/\/www.estrategiaconcursos.com.br\/blog\/concurso-tj-pe-2025-retificacao\/#breadcrumb\",\"itemListElement\":[{\"@type\":\"ListItem\",\"position\":1,\"name\":\"In\u00edcio\",\"item\":\"https:\/\/www.estrategiaconcursos.com.br\/blog\/\"},{\"@type\":\"ListItem\",\"position\":2,\"name\":\"Concurso TJ PE: edital passa por retifica\u00e7\u00e3o; confira o que mudou!\"}]},{\"@type\":\"WebSite\",\"@id\":\"https:\/\/www.estrategiaconcursos.com.br\/blog\/#website\",\"url\":\"https:\/\/www.estrategiaconcursos.com.br\/blog\/\",\"name\":\"Estrat\u00e9gia Concursos\",\"description\":\"O blog da Estrat\u00e9gia Concursos traz not\u00edcias sobre concursos e artigos de professores oferecendo cursos para concursos (pdf + videaulas) no site.\",\"publisher\":{\"@id\":\"https:\/\/www.estrategiaconcursos.com.br\/blog\/#organization\"},\"potentialAction\":[{\"@type\":\"SearchAction\",\"target\":{\"@type\":\"EntryPoint\",\"urlTemplate\":\"https:\/\/www.estrategiaconcursos.com.br\/blog\/?s={search_term_string}\"},\"query-input\":{\"@type\":\"PropertyValueSpecification\",\"valueRequired\":true,\"valueName\":\"search_term_string\"}}],\"inLanguage\":\"pt-BR\"},{\"@type\":\"Organization\",\"@id\":\"https:\/\/www.estrategiaconcursos.com.br\/blog\/#organization\",\"name\":\"Estrat\u00e9gia Concursos\",\"url\":\"https:\/\/www.estrategiaconcursos.com.br\/blog\/\",\"logo\":{\"@type\":\"ImageObject\",\"inLanguage\":\"pt-BR\",\"@id\":\"https:\/\/www.estrategiaconcursos.com.br\/blog\/#\/schema\/logo\/image\/\",\"url\":\"https:\/\/dhg1h5j42swfq.cloudfront.net\/2025\/06\/03203428\/logo_concursos-1.jpg\",\"contentUrl\":\"https:\/\/dhg1h5j42swfq.cloudfront.net\/2025\/06\/03203428\/logo_concursos-1.jpg\",\"width\":230,\"height\":60,\"caption\":\"Estrat\u00e9gia Concursos\"},\"image\":{\"@id\":\"https:\/\/www.estrategiaconcursos.com.br\/blog\/#\/schema\/logo\/image\/\"},\"sameAs\":[\"https:\/\/x.com\/EstratConcursos\"]},{\"@type\":\"Person\",\"@id\":\"https:\/\/www.estrategiaconcursos.com.br\/blog\/#\/schema\/person\/751aedf909a9d10cb23ce6ac527ce0f2\",\"name\":\"Nat\u00e1lia Scarano\",\"image\":{\"@type\":\"ImageObject\",\"inLanguage\":\"pt-BR\",\"@id\":\"https:\/\/secure.gravatar.com\/avatar\/8a889b8db3dbd227a1a78627357ec8fe64f5e99189d1889a270127828ab372ac?s=96&d=mm&r=g\",\"url\":\"https:\/\/secure.gravatar.com\/avatar\/8a889b8db3dbd227a1a78627357ec8fe64f5e99189d1889a270127828ab372ac?s=96&d=mm&r=g\",\"contentUrl\":\"https:\/\/secure.gravatar.com\/avatar\/8a889b8db3dbd227a1a78627357ec8fe64f5e99189d1889a270127828ab372ac?s=96&d=mm&r=g\",\"caption\":\"Nat\u00e1lia Scarano\"},\"description\":\"Jornalista, formada e p\u00f3s graduada pelo IESB, faz parte do time de jornalistas do Estrat\u00e9gia desde 2017. Possui familiaridade com as \u00e1reas de Tribunais, Defensorias, Procuradorias, Minist\u00e9rios P\u00fablicos, Conselhos, Educa\u00e7\u00e3o, \u00c1rea de Seguran\u00e7a, concursos de Carreiras Jur\u00eddicas e OAB. Experi\u00eancia em marketing digital, assessoria de comunica\u00e7\u00e3o e institucional na \u00e1rea privada e p\u00fablica, com atua\u00e7\u00e3o em \u00f3rg\u00e3os como CGU, Cofen e CNM.\",\"url\":\"https:\/\/www.estrategiaconcursos.com.br\/blog\/author\/natalia-scaranoestrategiaconcursos-com-br\/\"}]}<\/script>\n<!-- \/ Yoast SEO Premium plugin. -->","yoast_head_json":{"title":"Concurso TJ PE: edital passa por retifica\u00e7\u00e3o; confira o que mudou!","robots":{"index":"index","follow":"follow","max-snippet":"max-snippet:-1","max-image-preview":"max-image-preview:large","max-video-preview":"max-video-preview:-1"},"canonical":"https:\/\/www.estrategiaconcursos.com.br\/blog\/concurso-tj-pe-2025-retificacao\/","og_locale":"pt_BR","og_type":"article","og_title":"Concurso TJ PE: edital passa por retifica\u00e7\u00e3o; confira o que mudou!","og_description":"O edital do concurso TJ PE (Tribunal de Justi\u00e7a de Pernambuco) passou pro retifica\u00e7\u00e3o! Segundo o documento divulgado, houve mudan\u00e7as em dois pontos do edital, sendo: Curso TJ PE Conhe\u00e7a os cursos Conhe\u00e7a mais Prepare-se com o melhor material e com quem mais aprova em Concursos P\u00fablicos em todo o pa\u00eds. Sobre o concurso TJ [&hellip;]","og_url":"https:\/\/www.estrategiaconcursos.com.br\/blog\/concurso-tj-pe-2025-retificacao\/","og_site_name":"Estrat\u00e9gia Concursos","article_published_time":"2025-07-29T18:13:02+00:00","article_modified_time":"2025-08-06T00:51:48+00:00","og_image":[{"width":768,"height":432,"url":"https:\/\/dhg1h5j42swfq.cloudfront.net\/2025\/06\/02114834\/tj-pe.jpg","type":"image\/jpeg"}],"author":"Nat\u00e1lia Scarano","twitter_card":"summary_large_image","twitter_creator":"@EstratConcursos","twitter_site":"@EstratConcursos","twitter_misc":{"Escrito por":"Nat\u00e1lia Scarano","Est. tempo de leitura":"1 minuto"},"schema":{"@context":"https:\/\/schema.org","@graph":[{"@type":"NewsArticle","@id":"https:\/\/www.estrategiaconcursos.com.br\/blog\/concurso-tj-pe-2025-retificacao\/#article","isPartOf":{"@id":"https:\/\/www.estrategiaconcursos.com.br\/blog\/concurso-tj-pe-2025-retificacao\/"},"author":{"name":"Nat\u00e1lia Scarano","@id":"https:\/\/www.estrategiaconcursos.com.br\/blog\/#\/schema\/person\/751aedf909a9d10cb23ce6ac527ce0f2"},"headline":"Concurso TJ PE: edital passa por retifica\u00e7\u00e3o; confira o que mudou!","datePublished":"2025-07-29T18:13:02+00:00","dateModified":"2025-08-06T00:51:48+00:00","mainEntityOfPage":{"@id":"https:\/\/www.estrategiaconcursos.com.br\/blog\/concurso-tj-pe-2025-retificacao\/"},"wordCount":295,"commentCount":0,"publisher":{"@id":"https:\/\/www.estrategiaconcursos.com.br\/blog\/#organization"},"image":{"@id":"https:\/\/www.estrategiaconcursos.com.br\/blog\/concurso-tj-pe-2025-retificacao\/#primaryimage"},"thumbnailUrl":"https:\/\/dhg1h5j42swfq.cloudfront.net\/2025\/06\/02114834\/tj-pe.jpg","articleSection":["Concursos P\u00fablicos","Tribunais"],"inLanguage":"pt-BR","potentialAction":[{"@type":"CommentAction","name":"Comment","target":["https:\/\/www.estrategiaconcursos.com.br\/blog\/concurso-tj-pe-2025-retificacao\/#respond"]}],"copyrightYear":"2025","copyrightHolder":{"@id":"https:\/\/www.estrategiaconcursos.com.br\/blog\/#organization"}},{"@type":"WebPage","@id":"https:\/\/www.estrategiaconcursos.com.br\/blog\/concurso-tj-pe-2025-retificacao\/","url":"https:\/\/www.estrategiaconcursos.com.br\/blog\/concurso-tj-pe-2025-retificacao\/","name":"Concurso TJ PE: edital passa por retifica\u00e7\u00e3o; confira o que mudou!","isPartOf":{"@id":"https:\/\/www.estrategiaconcursos.com.br\/blog\/#website"},"primaryImageOfPage":{"@id":"https:\/\/www.estrategiaconcursos.com.br\/blog\/concurso-tj-pe-2025-retificacao\/#primaryimage"},"image":{"@id":"https:\/\/www.estrategiaconcursos.com.br\/blog\/concurso-tj-pe-2025-retificacao\/#primaryimage"},"thumbnailUrl":"https:\/\/dhg1h5j42swfq.cloudfront.net\/2025\/06\/02114834\/tj-pe.jpg","datePublished":"2025-07-29T18:13:02+00:00","dateModified":"2025-08-06T00:51:48+00:00","breadcrumb":{"@id":"https:\/\/www.estrategiaconcursos.com.br\/blog\/concurso-tj-pe-2025-retificacao\/#breadcrumb"},"inLanguage":"pt-BR","potentialAction":[{"@type":"ReadAction","target":["https:\/\/www.estrategiaconcursos.com.br\/blog\/concurso-tj-pe-2025-retificacao\/"]}]},{"@type":"ImageObject","inLanguage":"pt-BR","@id":"https:\/\/www.estrategiaconcursos.com.br\/blog\/concurso-tj-pe-2025-retificacao\/#primaryimage","url":"https:\/\/dhg1h5j42swfq.cloudfront.net\/2025\/06\/02114834\/tj-pe.jpg","contentUrl":"https:\/\/dhg1h5j42swfq.cloudfront.net\/2025\/06\/02114834\/tj-pe.jpg","width":768,"height":432,"caption":"concurso TJ PE para T\u00e9cnico"},{"@type":"BreadcrumbList","@id":"https:\/\/www.estrategiaconcursos.com.br\/blog\/concurso-tj-pe-2025-retificacao\/#breadcrumb","itemListElement":[{"@type":"ListItem","position":1,"name":"In\u00edcio","item":"https:\/\/www.estrategiaconcursos.com.br\/blog\/"},{"@type":"ListItem","position":2,"name":"Concurso TJ PE: edital passa por retifica\u00e7\u00e3o; confira o que mudou!"}]},{"@type":"WebSite","@id":"https:\/\/www.estrategiaconcursos.com.br\/blog\/#website","url":"https:\/\/www.estrategiaconcursos.com.br\/blog\/","name":"Estrat\u00e9gia Concursos","description":"O blog da Estrat\u00e9gia Concursos traz not\u00edcias sobre concursos e artigos de professores oferecendo cursos para concursos (pdf + videaulas) no site.","publisher":{"@id":"https:\/\/www.estrategiaconcursos.com.br\/blog\/#organization"},"potentialAction":[{"@type":"SearchAction","target":{"@type":"EntryPoint","urlTemplate":"https:\/\/www.estrategiaconcursos.com.br\/blog\/?s={search_term_string}"},"query-input":{"@type":"PropertyValueSpecification","valueRequired":true,"valueName":"search_term_string"}}],"inLanguage":"pt-BR"},{"@type":"Organization","@id":"https:\/\/www.estrategiaconcursos.com.br\/blog\/#organization","name":"Estrat\u00e9gia Concursos","url":"https:\/\/www.estrategiaconcursos.com.br\/blog\/","logo":{"@type":"ImageObject","inLanguage":"pt-BR","@id":"https:\/\/www.estrategiaconcursos.com.br\/blog\/#\/schema\/logo\/image\/","url":"https:\/\/dhg1h5j42swfq.cloudfront.net\/2025\/06\/03203428\/logo_concursos-1.jpg","contentUrl":"https:\/\/dhg1h5j42swfq.cloudfront.net\/2025\/06\/03203428\/logo_concursos-1.jpg","width":230,"height":60,"caption":"Estrat\u00e9gia Concursos"},"image":{"@id":"https:\/\/www.estrategiaconcursos.com.br\/blog\/#\/schema\/logo\/image\/"},"sameAs":["https:\/\/x.com\/EstratConcursos"]},{"@type":"Person","@id":"https:\/\/www.estrategiaconcursos.com.br\/blog\/#\/schema\/person\/751aedf909a9d10cb23ce6ac527ce0f2","name":"Nat\u00e1lia Scarano","image":{"@type":"ImageObject","inLanguage":"pt-BR","@id":"https:\/\/secure.gravatar.com\/avatar\/8a889b8db3dbd227a1a78627357ec8fe64f5e99189d1889a270127828ab372ac?s=96&d=mm&r=g","url":"https:\/\/secure.gravatar.com\/avatar\/8a889b8db3dbd227a1a78627357ec8fe64f5e99189d1889a270127828ab372ac?s=96&d=mm&r=g","contentUrl":"https:\/\/secure.gravatar.com\/avatar\/8a889b8db3dbd227a1a78627357ec8fe64f5e99189d1889a270127828ab372ac?s=96&d=mm&r=g","caption":"Nat\u00e1lia Scarano"},"description":"Jornalista, formada e p\u00f3s graduada pelo IESB, faz parte do time de jornalistas do Estrat\u00e9gia desde 2017. Possui familiaridade com as \u00e1reas de Tribunais, Defensorias, Procuradorias, Minist\u00e9rios P\u00fablicos, Conselhos, Educa\u00e7\u00e3o, \u00c1rea de Seguran\u00e7a, concursos de Carreiras Jur\u00eddicas e OAB. Experi\u00eancia em marketing digital, assessoria de comunica\u00e7\u00e3o e institucional na \u00e1rea privada e p\u00fablica, com atua\u00e7\u00e3o em \u00f3rg\u00e3os como CGU, Cofen e CNM.","url":"https:\/\/www.estrategiaconcursos.com.br\/blog\/author\/natalia-scaranoestrategiaconcursos-com-br\/"}]}},"_links":{"self":[{"href":"https:\/\/www.estrategiaconcursos.com.br\/blog\/wp-json\/wp\/v2\/posts\/1614893","targetHints":{"allow":["GET"]}}],"collection":[{"href":"https:\/\/www.estrategiaconcursos.com.br\/blog\/wp-json\/wp\/v2\/posts"}],"about":[{"href":"https:\/\/www.estrategiaconcursos.com.br\/blog\/wp-json\/wp\/v2\/types\/post"}],"author":[{"embeddable":true,"href":"https:\/\/www.estrategiaconcursos.com.br\/blog\/wp-json\/wp\/v2\/users\/657"}],"replies":[{"embeddable":true,"href":"https:\/\/www.estrategiaconcursos.com.br\/blog\/wp-json\/wp\/v2\/comments?post=1614893"}],"version-history":[{"count":5,"href":"https:\/\/www.estrategiaconcursos.com.br\/blog\/wp-json\/wp\/v2\/posts\/1614893\/revisions"}],"predecessor-version":[{"id":1618764,"href":"https:\/\/www.estrategiaconcursos.com.br\/blog\/wp-json\/wp\/v2\/posts\/1614893\/revisions\/1618764"}],"wp:featuredmedia":[{"embeddable":true,"href":"https:\/\/www.estrategiaconcursos.com.br\/blog\/wp-json\/wp\/v2\/media\/1600525"}],"wp:attachment":[{"href":"https:\/\/www.estrategiaconcursos.com.br\/blog\/wp-json\/wp\/v2\/media?parent=1614893"}],"wp:term":[{"taxonomy":"category","embeddable":true,"href":"https:\/\/www.estrategiaconcursos.com.br\/blog\/wp-json\/wp\/v2\/categories?post=1614893"},{"taxonomy":"post_tag","embeddable":true,"href":"https:\/\/www.estrategiaconcursos.com.br\/blog\/wp-json\/wp\/v2\/tags?post=1614893"},{"taxonomy":"tax_estado","embeddable":true,"href":"https:\/\/www.estrategiaconcursos.com.br\/blog\/wp-json\/wp\/v2\/tax_estado?post=1614893"}],"curies":[{"name":"wp","href":"https:\/\/api.w.org\/{rel}","templated":true}]}}