{"id":1614190,"date":"2025-08-01T18:00:00","date_gmt":"2025-08-01T21:00:00","guid":{"rendered":"https:\/\/www.estrategiaconcursos.com.br\/blog\/?p=1614190"},"modified":"2025-08-04T16:13:58","modified_gmt":"2025-08-04T19:13:58","slug":"concurso-editais-semana-25-07a-01-08","status":"publish","type":"post","link":"https:\/\/www.estrategiaconcursos.com.br\/blog\/concurso-editais-semana-25-07a-01-08\/","title":{"rendered":"Concursos P\u00fablicos: 15 editais esta semana; saiu TJ SP!"},"content":{"rendered":"\n<p style=\"font-size:clamp(16.293px, 1.018rem + ((1vw - 3.2px) * 0.854), 25px);\"><strong><em>Editais da semana re\u00fanem quase mil vagas<\/em><\/strong><\/p>\n\n\n\n<p>Mais uma semana do mundo dos concursos est\u00e1 chegando ao fim e, com ela, diversos editais foram lan\u00e7ados e oportunidades pra l\u00e1 de atrativas chegaram na pra\u00e7a!<\/p>\n\n\n\n<p>A \u00e1rea que reinou nos \u00faltimos dias foi a de Seguran\u00e7a P\u00fablica, trazendo <strong>tr\u00eas concursos <\/strong>da Guarda Civil Municipal e um para a Pol\u00edcia Militar do Distrito Federal.<\/p>\n\n\n\n<p>Ao todo, s\u00e3o contempladas <strong>73 vagas imediatas<\/strong> para os cargos de GCM e Capel\u00e3o, cujos sal\u00e1rios chegam a <strong>R$ 11,4 mil.<\/strong><\/p>\n\n\n\n<p>Al\u00e9m desta \u00e1rea, tamb\u00e9m chegou uma baita oportunidade para o mundo dos concursos para o <strong>Tribunal de Justi\u00e7a de S\u00e3o Paulo (TJ SP)<\/strong>.<\/p>\n\n\n\n<p>A sele\u00e7\u00e3o oferta <strong>vagas de cadastro reserva<\/strong> para o cargo de Escrevente, que exige apenas n\u00edvel m\u00e9dio e \u00e9 detentor de sal\u00e1rio inicial de R$ 6,3 mil, al\u00e9m de benef\u00edcios.<\/p>\n\n\n\n<p>J\u00e1 no \u00e2mbito administrativo, a Ag\u00eancia de Fomento de Goi\u00e1s soltou seu novo edital com <strong>19 vagas imediatas<\/strong> para cargos de n\u00edveis m\u00e9dio e superior, com valores de at\u00e9 R$ 6,2 mil.<\/p>\n\n\n\n<p>Al\u00e9m dessas, foram lan\u00e7adas diversas outras oportunidades ao longo da semana.<\/p>\n\n\n\n<p>Quer ficar informado sobre TODOS os novos editais de concursos publicados na \u00faltima semana? <em><strong>Confira mais informa\u00e7\u00f5es ao longo deste artigo!<\/strong><\/em><\/p>\n\n\n\n<div class=\"container\" id=\"boxes\">\n  <div class=\"row\">\n\n    <div class=\"col-sm\">\n      <div class=\"banner-estrat-corj\" id=\"box-assinatura\">\n        <h3 class=\"titulo-assinatura\" style=\"text-align: left;\">Cursos para Concursos<\/h3>\n        <p class=\"subtitulo-assinatura\" style=\"text-align: left;\">Conhe\u00e7a os cursos<\/p>\n        <div class=\"box-botao\" style=\"text-align: left;\">\n          <a class=\"btn-assinatura\" target=\"_blank\" href=\"https:\/\/www.estrategiaconcursos.com.br\/cursos\/concurso\/\" role=\"button\" rel=\"noopener noreferrer\">CLIQUE AQUI<\/a>\n        <\/div>\n      <\/div><\/div><\/div><\/div>\n\n\n\n<ul id=\"indice\" class=\"wp-block-list\">\n<li><a href=\"#seguranca\">Seguran\u00e7a p\u00fablica<\/a><\/li>\n\n\n\n<li><a href=\"#tribunais\">Tribunais<\/a><\/li>\n\n\n\n<li><a href=\"#educacao\">Educa\u00e7\u00e3o<\/a><\/li>\n\n\n\n<li><a href=\"#outras\">Oportunidades em outras \u00e1reas<\/a><\/li>\n\n\n\n<li><a href=\"#prefeituras\">Prefeituras Municipais<\/a><\/li>\n<\/ul>\n\n\n\n<h3 class=\"wp-block-heading has-text-align-center has-background\" id=\"seguranca\" style=\"background-color:#e1eaf2\">Seguran\u00e7a p\u00fablica<\/h3>\n\n\n\n<h3 class=\"wp-block-heading\" id=\"h-pmdf-capelao\"><a href=\"https:\/\/www.estrategiaconcursos.com.br\/blog\/concurso-pmdf\/#datas-capelao\" target=\"_blank\" rel=\"noreferrer noopener\">PMDF Capel\u00e3o<\/a><\/h3>\n\n\n\n<ul class=\"wp-block-list\">\n<li><strong>Banca:<\/strong> Cebraspe<\/li>\n\n\n\n<li><strong>Per\u00edodo de inscri\u00e7\u00f5es:<\/strong> at\u00e9 28\/08<\/li>\n\n\n\n<li><strong>Data da prova<\/strong>: 09\/11<\/li>\n\n\n\n<li><strong>Vagas:<\/strong> 01 <\/li>\n\n\n\n<li><strong>Sal\u00e1rio inicial:<\/strong> R$ 11.435,59<\/li>\n\n\n\n<li><strong>Edital:<\/strong> <a href=\"https:\/\/dhg1h5j42swfq.cloudfront.net\/2025\/07\/28090315\/edital-pmdf-capelao-2025.pdf\" target=\"_blank\" rel=\"noreferrer noopener nofollow\">PMDF Oficial Capel\u00e3o-2025<\/a><\/li>\n<\/ul>\n\n\n\n<h3 class=\"wp-block-heading\" id=\"h-gcm-costa-rica-ms\"><a href=\"https:\/\/www.estrategiaconcursos.com.br\/blog\/concurso-gcm-costa-rica-ms\/\" target=\"_blank\" rel=\"noreferrer noopener\">GCM Costa Rica<\/a> (MS)<\/h3>\n\n\n\n<ul class=\"wp-block-list\">\n<li><strong>Banca:<\/strong> Fronte Concursos<\/li>\n\n\n\n<li><strong>Per\u00edodo de inscri\u00e7\u00f5es:<\/strong> at\u00e9 10\/08<\/li>\n\n\n\n<li><strong>Data da prova<\/strong>: 05\/10<\/li>\n\n\n\n<li><strong>Vagas:<\/strong> 25 + CR<\/li>\n\n\n\n<li><strong>Sal\u00e1rio inicial:<\/strong> R$ 1.700,00<\/li>\n\n\n\n<li><strong>Edital: <\/strong><a href=\"https:\/\/dhg1h5j42swfq.cloudfront.net\/2025\/07\/29143642\/c2739878189607cfbd743cc84b5f4552-2.pdf?utm_source=google&amp;utm_medium=cpc&amp;utm_campaign=ec-pol-vd-gsh-pcms\" target=\"_blank\" rel=\"noreferrer noopener nofollow\">GCM Costa Rica 2025<\/a><\/li>\n<\/ul>\n\n\n\n<h3 class=\"wp-block-heading\" id=\"h-gcm-indaiatuba-sp\"><a href=\"https:\/\/www.estrategiaconcursos.com.br\/blog\/concurso-gcm-indaiatuba-sp\/\" target=\"_blank\" rel=\"noreferrer noopener\">GCM Indaiatuba<\/a> (SP)<\/h3>\n\n\n\n<ul class=\"wp-block-list\">\n<li><strong>Banca:<\/strong> Consulplan<\/li>\n\n\n\n<li><strong>Per\u00edodo de inscri\u00e7\u00f5es:<\/strong> 04\/08 a 18\/09<\/li>\n\n\n\n<li><strong>Data da prova<\/strong>: 02\/11<\/li>\n\n\n\n<li><strong>Vagas:<\/strong> 12 + CR<\/li>\n\n\n\n<li><strong>Sal\u00e1rio inicial:<\/strong> R$ 2.740,29<\/li>\n\n\n\n<li><strong>Edital:<\/strong> <a href=\"https:\/\/dhg1h5j42swfq.cloudfront.net\/2025\/07\/29172810\/1_652217.pdf?utm_source=google&amp;utm_medium=cpc&amp;utm_campaign=ec-pol-vd-gsh-pcms\" target=\"_blank\" rel=\"noreferrer noopener nofollow\">Guarda de Indaiatuba-2025<\/a><\/li>\n<\/ul>\n\n\n\n<h3 class=\"wp-block-heading\" id=\"h-guarda-de-chapeco-sc\"><a href=\"https:\/\/www.estrategiaconcursos.com.br\/blog\/concurso-guarda-de-chapeco-sc\/\" target=\"_blank\" rel=\"noreferrer noopener\">Guarda de Chapec\u00f3<\/a> (SC)<\/h3>\n\n\n\n<ul class=\"wp-block-list\">\n<li><strong>Banca:<\/strong> FEPESE<\/li>\n\n\n\n<li><strong>Per\u00edodo de inscri\u00e7\u00f5es:<\/strong> at\u00e9 01\/09<\/li>\n\n\n\n<li><strong>Data da prova<\/strong>: 21\/09<\/li>\n\n\n\n<li><strong>Vagas:<\/strong> 45<\/li>\n\n\n\n<li><strong>Sal\u00e1rio inicial:<\/strong> R$ 3.698,13<\/li>\n\n\n\n<li><strong>Edital:<\/strong> <a href=\"https:\/\/dhg1h5j42swfq.cloudfront.net\/2025\/07\/31233433\/edital-guarda-chapeco-sc.pdf?utm_source=google&amp;utm_medium=cpc&amp;utm_campaign=ec-pol-vd-gsh-pcms\" target=\"_blank\" rel=\"noreferrer noopener nofollow\">GCM Chapec\u00f3 2025<\/a><\/li>\n<\/ul>\n\n\n\n<h3 class=\"wp-block-heading has-text-align-center has-background\" id=\"tribunais\" style=\"background-color:#e1eaf2\">Tribunais\/Procuradorias\/Minist\u00e9rios P\u00fablicos<\/h3>\n\n\n\n<h3 class=\"wp-block-heading\" id=\"h-tribunal-de-justica-de-sao-paulo-tj-sp\"><a href=\"https:\/\/www.estrategiaconcursos.com.br\/blog\/concurso-tj-sp\/\" target=\"_blank\" rel=\"noreferrer noopener\">Tribunal de Justi\u00e7a de S\u00e3o Paulo<\/a> (TJ SP)<\/h3>\n\n\n\n<ul class=\"wp-block-list\">\n<li><strong>Banca:<\/strong> Vunesp<\/li>\n\n\n\n<li><strong>Per\u00edodo de inscri\u00e7\u00f5es:<\/strong> 13\/08 a 22\/09<\/li>\n\n\n\n<li><strong>Data da prova<\/strong>: 07\/12<\/li>\n\n\n\n<li><strong>Vagas:<\/strong> CR<\/li>\n\n\n\n<li><strong>Sal\u00e1rio inicial:<\/strong> R$ 6.345,94 + benef\u00edcios<\/li>\n\n\n\n<li><strong>Edital:<\/strong> <a href=\"https:\/\/dhg1h5j42swfq.cloudfront.net\/2025\/08\/01053902\/tj-sp.pdf?utm_source=google&amp;utm_medium=cpc&amp;utm_campaign=ec-pol-vd-gsh-pcms\" target=\"_blank\" rel=\"noreferrer noopener nofollow\">&nbsp;TJ SP Escrevente 2025<\/a><\/li>\n<\/ul>\n\n\n\n<h3 class=\"wp-block-heading has-text-align-center has-background\" id=\"educacao\" style=\"background-color:#e1eaf2\">Educa\u00e7\u00e3o<\/h3>\n\n\n\n<h3 class=\"wp-block-heading\" id=\"h-sme-arraial-do-cabo-rj\"><a href=\"https:\/\/www.estrategiaconcursos.com.br\/blog\/concurso-sme-arraial-do-cabo\/\" target=\"_blank\" rel=\"noreferrer noopener\">SME Arraial do Cabo<\/a> (RJ)<\/h3>\n\n\n\n<ul class=\"wp-block-list\">\n<li><strong>Banca:<\/strong> IBAM<\/li>\n\n\n\n<li><strong>Per\u00edodo de inscri\u00e7\u00f5es:<\/strong> 04\/08 a 07\/09<\/li>\n\n\n\n<li><strong>Data da prova<\/strong>: 12 e 19\/10<\/li>\n\n\n\n<li><strong>Vagas:<\/strong> 303 + CR<\/li>\n\n\n\n<li><strong>Sal\u00e1rio inicial:<\/strong> at\u00e9 R$ 3.438,65<\/li>\n\n\n\n<li><strong>Edital:<\/strong> <a href=\"https:\/\/dhg1h5j42swfq.cloudfront.net\/2025\/07\/31105355\/ed-arraial_educ.pdf?utm_source=google&amp;utm_medium=cpc&amp;utm_campaign=ec-pol-vd-gsh-pcms\" target=\"_blank\" rel=\"noreferrer noopener nofollow\">SME Arraial do Cabo 2025<\/a><\/li>\n<\/ul>\n\n\n\n<h3 class=\"wp-block-heading has-text-align-center has-background\" id=\"outras\" style=\"background-color:#e1eaf2\">Outras oportunidades<\/h3>\n\n\n\n<h3 class=\"wp-block-heading\" id=\"h-companhia-de-pesquisa-de-recursos-minerais-cprm\"><a href=\"https:\/\/www.estrategiaconcursos.com.br\/blog\/concurso-cprm\/\" target=\"_blank\" rel=\"noreferrer noopener\">Companhia de Pesquisa de Recursos Minerais<\/a> (CPRM)<\/h3>\n\n\n\n<ul class=\"wp-block-list\">\n<li><strong>Banca:<\/strong> FGV<\/li>\n\n\n\n<li><strong>Per\u00edodo de inscri\u00e7\u00f5es:<\/strong> 04\/08 a 02\/09<\/li>\n\n\n\n<li><strong>Data da prova<\/strong>: 30\/11<\/li>\n\n\n\n<li><strong>Vagas:<\/strong> 115 + CR<\/li>\n\n\n\n<li><strong>Sal\u00e1rio inicial: <\/strong>R$ 4.442,68 a R$ 10.577,48<\/li>\n\n\n\n<li><strong>Edital: <\/strong><a href=\"https:\/\/conhecimento.fgv.br\/sites\/default\/files\/concursos\/edital-de-abertura-cprm_25_07_25.pdf?utm_source=google&amp;utm_medium=cpc&amp;utm_campaign=ec-pol-vd-gsh-pcms\" target=\"_blank\" rel=\"noreferrer noopener nofollow\">CPRM 2025<\/a><\/li>\n<\/ul>\n\n\n\n<h3 class=\"wp-block-heading\" id=\"h-companhia-docas-do-rio-grande-do-norte-codern\"><a href=\"https:\/\/www.estrategiaconcursos.com.br\/blog\/concurso-codern\/\" target=\"_blank\" rel=\"noreferrer noopener\">Companhia Docas do Rio Grande do Norte<\/a> (CODERN)<\/h3>\n\n\n\n<ul class=\"wp-block-list\">\n<li><strong>Banca:<\/strong> Instituto AOCP<\/li>\n\n\n\n<li><strong>Per\u00edodo de inscri\u00e7\u00f5es:<\/strong> at\u00e9 20\/08<\/li>\n\n\n\n<li><strong>Data da prova<\/strong>: 28\/09<\/li>\n\n\n\n<li><strong>Vagas:<\/strong> 19<\/li>\n\n\n\n<li><strong>Sal\u00e1rio inicial:<\/strong> &nbsp;R$1.518,00&nbsp;e&nbsp;R$ 2.256,52<\/li>\n\n\n\n<li><strong>Edital:<\/strong>&nbsp;<a href=\"https:\/\/dhg1h5j42swfq.cloudfront.net\/2025\/07\/31101538\/edital-codern.pdf?utm_source=google&amp;utm_medium=cpc&amp;utm_campaign=ec-pol-vd-gsh-pcms\" target=\"_blank\" rel=\"noreferrer noopener nofollow\">Codern 2025<\/a>&nbsp;<\/li>\n<\/ul>\n\n\n\n<h3 class=\"wp-block-heading\" id=\"h-aris-sc\"><a href=\"https:\/\/www.estrategiaconcursos.com.br\/blog\/concurso-aris-sc\/\" target=\"_blank\" rel=\"noreferrer noopener\">ARIS SC<\/a><\/h3>\n\n\n\n<ul class=\"wp-block-list\">\n<li><strong>Banca:<\/strong> Objetiva Concursos<\/li>\n\n\n\n<li><strong>Per\u00edodo de inscri\u00e7\u00f5es:<\/strong> at\u00e9 01\/09<\/li>\n\n\n\n<li><strong>Data da prova<\/strong>: 28\/09<\/li>\n\n\n\n<li><strong>Vagas:<\/strong> 03 + CR<\/li>\n\n\n\n<li><strong>Sal\u00e1rio inicial:<\/strong> R$ 9.472,12<\/li>\n\n\n\n<li><strong>Edital:<\/strong> <a href=\"https:\/\/dhg1h5j42swfq.cloudfront.net\/2025\/07\/31114534\/c3d9ab98-4868-43fb-a136-e311dfdeac4c.pdf?utm_source=google&amp;utm_medium=cpc&amp;utm_campaign=ec-pol-vd-gsh-pcms\" target=\"_blank\" rel=\"noreferrer noopener nofollow\">Edital ARIS 2025<\/a><\/li>\n<\/ul>\n\n\n\n<h3 class=\"wp-block-heading\" id=\"h-saae-lambari-mg\"><a href=\"https:\/\/www.estrategiaconcursos.com.br\/blog\/concurso-saae-lambari\/\" target=\"_blank\" rel=\"noreferrer noopener\">SAAE Lambari<\/a> (MG)<\/h3>\n\n\n\n<ul class=\"wp-block-list\">\n<li><strong>Banca:<\/strong> ABCP<\/li>\n\n\n\n<li><strong>Per\u00edodo de inscri\u00e7\u00f5es:<\/strong> 30\/09 a 30\/10<\/li>\n\n\n\n<li><strong>Data da prova<\/strong>: 07\/12<\/li>\n\n\n\n<li><strong>Vagas:<\/strong> 42 + CR<\/li>\n\n\n\n<li><strong>Sal\u00e1rio inicial:<\/strong> R$ 1.592,50 a R$ 6.631,94<\/li>\n\n\n\n<li><strong>Edital:<\/strong> <a href=\"https:\/\/dhg1h5j42swfq.cloudfront.net\/2025\/07\/31155654\/saae-lambari.pdf?utm_source=google&amp;utm_medium=cpc&amp;utm_campaign=ec-pol-vd-gsh-pcms\" target=\"_blank\" rel=\"noreferrer noopener nofollow\">SAAE Lambari 2025<\/a><\/li>\n<\/ul>\n\n\n\n<h3 class=\"wp-block-heading\" id=\"h-agencia-de-fomento-de-goias\"><a href=\"https:\/\/www.estrategiaconcursos.com.br\/blog\/concurso-agencia-de-fomento-de-goias\/\" target=\"_blank\" rel=\"noreferrer noopener\">Ag\u00eancia de Fomento de Goi\u00e1s<\/a><\/h3>\n\n\n\n<ul class=\"wp-block-list\">\n<li><strong>Banca:<\/strong> Instituto Verbena\/UFG<\/li>\n\n\n\n<li><strong>Per\u00edodo de inscri\u00e7\u00f5es:<\/strong> 09\/10 a 07\/10<\/li>\n\n\n\n<li><strong>Data da prova<\/strong>: 26\/10<\/li>\n\n\n\n<li><strong>Vagas:<\/strong> 19<\/li>\n\n\n\n<li><strong>Sal\u00e1rio inicial:<\/strong> R$ 2.973,41 a R$ 6.225,66<\/li>\n\n\n\n<li><strong>Edital:<\/strong> <a href=\"https:\/\/dhg1h5j42swfq.cloudfront.net\/2025\/08\/01161242\/edital_de_abertura_completo_goiasfomento.pdf\" target=\"_blank\" rel=\"noreferrer noopener nofollow\">Ag\u00eancia de Fomento de Goi\u00e1s 2025<\/a><\/li>\n<\/ul>\n\n\n\n<h3 class=\"wp-block-heading has-text-align-center has-background\" id=\"prefeituras\" style=\"background-color:#e1eaf2\">Prefeituras Municipais<\/h3>\n\n\n\n<h3 class=\"wp-block-heading\" id=\"h-prefeitura-de-sao-bento-abade-mg\"><a href=\"https:\/\/www.estrategiaconcursos.com.br\/blog\/concurso-prefeitura-sao-bento-abade\/\" target=\"_blank\" rel=\"noreferrer noopener\">Prefeitura de S\u00e3o Bento Abade<\/a> (MG)<\/h3>\n\n\n\n<ul class=\"wp-block-list\">\n<li><strong>Banca:<\/strong> Imp\u00e9rio<\/li>\n\n\n\n<li><strong>Per\u00edodo de inscri\u00e7\u00f5es:<\/strong> 29\/09 a 13\/10<\/li>\n\n\n\n<li><strong>Data da prova<\/strong>: 26\/10<\/li>\n\n\n\n<li><strong>Vagas:<\/strong> 160<\/li>\n\n\n\n<li><strong>Sal\u00e1rio inicial:<\/strong> R$ 1.518,00 a R$ 12.000,00<\/li>\n\n\n\n<li><strong>Edital:<\/strong> <a href=\"https:\/\/dhg1h5j42swfq.cloudfront.net\/2025\/07\/28164627\/7c62b276c69e0344a3a62731bbc78bda.pdf\" target=\"_blank\" rel=\"noreferrer noopener nofollow\">S\u00e3o Bento Abade 2025<\/a><\/li>\n<\/ul>\n\n\n\n<h3 class=\"wp-block-heading\" id=\"h-prefeitura-de-caturama-ba\"><a href=\"https:\/\/www.estrategiaconcursos.com.br\/blog\/concurso-prefeitura-caturama\/\" target=\"_blank\" rel=\"noreferrer noopener\">Prefeitura de Caturama<\/a> (BA)<\/h3>\n\n\n\n<ul class=\"wp-block-list\">\n<li><strong>Banca:<\/strong> Legalle<\/li>\n\n\n\n<li><strong>Per\u00edodo de inscri\u00e7\u00f5es:<\/strong> at\u00e9 27\/08<\/li>\n\n\n\n<li><strong>Data da prova<\/strong>: 05\/10<\/li>\n\n\n\n<li><strong>Vagas:<\/strong> 35 + CR<\/li>\n\n\n\n<li><strong>Sal\u00e1rio inicial: <\/strong>R$ 1.518,00 a R$ 4.000,00<\/li>\n\n\n\n<li><strong>Edital:<\/strong> <a href=\"https:\/\/dhg1h5j42swfq.cloudfront.net\/2025\/07\/29155523\/caturama.pdf\" target=\"_blank\" rel=\"noreferrer noopener nofollow\">Caturama 2025<\/a><\/li>\n<\/ul>\n\n\n\n<h3 class=\"wp-block-heading\" id=\"h-prefeitura-de-boa-vista-da-aparecida-pr\"><a href=\"https:\/\/www.estrategiaconcursos.com.br\/blog\/concurso-prefeitura-boa-vista-da-aparecida\/\" target=\"_blank\" rel=\"noreferrer noopener\">Prefeitura de Boa Vista da Aparecida<\/a> (PR)<\/h3>\n\n\n\n<ul class=\"wp-block-list\">\n<li><strong>Banca:<\/strong> Unioeste<\/li>\n\n\n\n<li><strong>Per\u00edodo de inscri\u00e7\u00f5es:<\/strong> 08\/08 a 04\/09<\/li>\n\n\n\n<li><strong>Data da prova<\/strong>: 05\/10<\/li>\n\n\n\n<li><strong>Vagas:<\/strong> 181 + CR<\/li>\n\n\n\n<li><strong>Sal\u00e1rio inicial:<\/strong> R$ 1.669,80 a R$ 6.023,59<\/li>\n\n\n\n<li><strong>Edital:<\/strong> <a href=\"https:\/\/dhg1h5j42swfq.cloudfront.net\/2025\/08\/01140031\/edital_n_0012025_abertura_do_concurso_de_boa_vista_da_aparecida_2025_07_31_15_41_53.pdf?utm_source=google&amp;utm_medium=cpc&amp;utm_campaign=ec-pol-vd-gsh-pcms\" target=\"_blank\" rel=\"noreferrer noopener nofollow\">Boa Vista da Aparecida 2025<\/a><\/li>\n<\/ul>\n\n\n\n<h3 class=\"wp-block-heading\" id=\"h-prefeitura-de-limoeiro-do-norte-ce\"><a href=\"https:\/\/www.estrategiaconcursos.com.br\/blog\/concurso-prefeitura-limoeiro-do-norte\/\" target=\"_blank\" rel=\"noreferrer noopener\">Prefeitura de Limoeiro do Norte<\/a> (CE)<\/h3>\n\n\n\n<ul class=\"wp-block-list\">\n<li><strong>Banca:<\/strong> Instituto Consulpam<\/li>\n\n\n\n<li><strong>Per\u00edodo de inscri\u00e7\u00f5es:<\/strong> at\u00e9 17\/08<\/li>\n\n\n\n<li><strong>Data da prova<\/strong>: 05\/10<\/li>\n\n\n\n<li><strong>Vagas:<\/strong> 14 + CR<\/li>\n\n\n\n<li><strong>Sal\u00e1rio inicial:<\/strong> R$ 2.365,00 a R$ 6.978,50<\/li>\n\n\n\n<li><strong>Edital:<\/strong>&nbsp;<a href=\"https:\/\/dhg1h5j42swfq.cloudfront.net\/2025\/08\/01114509\/edital-ce.pdf?utm_source=google&amp;utm_medium=cpc&amp;utm_campaign=ec-pol-vd-gsh-pcms\" target=\"_blank\" rel=\"noreferrer noopener nofollow\">Limoeiro do Norte 2025<\/a><\/li>\n<\/ul>\n\n\n\n<h3 class=\"wp-block-heading has-text-align-center\" id=\"h-quer-ficar-por-dentro-de-mais-informacoes-sobre-o-mundo-dos-concursos-alem-dos-editais-da-semana-entao-confira-as-principais-noticias-do-dia\"><em>Quer ficar por dentro de mais informa\u00e7\u00f5es sobre o mundo dos concursos, al\u00e9m dos editais da semana? Ent\u00e3o confira as principais not\u00edcias do dia!<\/em><\/h3>\n\n\n\n<p class=\"has-text-align-center has-background\" style=\"background-color:#ededed;font-size:clamp(14.642px, 0.915rem + ((1vw - 3.2px) * 0.721), 22px);px\"><strong><a href=\"https:\/\/www.estrategiaconcursos.com.br\/blog\/principais-noticias-do-dia\/\" target=\"_blank\" rel=\"noreferrer noopener\">Principais not\u00edcias do dia<\/a><\/strong><\/p>\n\n\n\n<div class=\"container\" id=\"boxes\">\r\n  <div class=\"row\">\r\n\r\n    <div class=\"col-sm\">\r\n      <div class=\"estrategia\" id=\"box-assinatura\">\r\n        <h3 class=\"titulo-assinatura\">Assinatura Concursos<\/h3>\r\n        <p class=\"subtitulo-assinatura\">Assinatura de 1 ano ou 2 anos<\/p>\r\n        <div class=\"box-botao\">\r\n          <a class=\"btn-assinatura\" target=\"_blank\" href=\"https:\/\/www.estrategiaconcursos.com.br\/assinaturas\/\" role=\"button\" rel=\"noopener noreferrer\">ASSINE AGORA<\/a>\r\n        <\/div>\r\n      <\/div><\/div><\/div><\/div>\n\n\n\n<h2 class=\"wp-block-heading has-text-align-center\" id=\"h-quer-saber-tudo-sobre-concursos-previstos-e-editais-da-semana-confira-os-nossos-artigos\">Quer saber tudo sobre concursos previstos e editais da semana?<br \/>Confira os nossos artigos!<\/h2>\n\n\n\n<ul class=\"wp-block-list\">\n<li><a href=\"https:\/\/www.estrategiaconcursos.com.br\/blog\/concursos-abertos\/\" target=\"_blank\" rel=\"noreferrer noopener\">Concursos Abertos<\/a><\/li>\n\n\n\n<li><a href=\"https:\/\/www.estrategiaconcursos.com.br\/blog\/concursos-prefeitura\/\" target=\"_blank\" rel=\"noreferrer noopener\">Concursos Abertos Prefeitura<\/a><\/li>\n\n\n\n<li><a href=\"https:\/\/www.estrategiaconcursos.com.br\/blog\/concursos-2025\/\" target=\"_blank\" rel=\"noreferrer noopener\">Concursos 2025<\/a><\/li>\n\n\n\n<li><a href=\"https:\/\/www.estrategiaconcursos.com.br\/blog\/concursos-2026\/\" target=\"_blank\" rel=\"noreferrer noopener\">Concursos 2026<\/a><\/li>\n<\/ul>\n","protected":false},"excerpt":{"rendered":"<p>Editais da semana re\u00fanem quase mil vagas Mais uma semana do mundo dos concursos est\u00e1 chegando ao fim e, com ela, diversos editais foram lan\u00e7ados e oportunidades pra l\u00e1 de atrativas chegaram na pra\u00e7a! A \u00e1rea que reinou nos \u00faltimos dias foi a de Seguran\u00e7a P\u00fablica, trazendo tr\u00eas concursos da Guarda Civil Municipal e um [&hellip;]<\/p>\n","protected":false},"author":2692,"featured_media":1445265,"comment_status":"open","ping_status":"closed","sticky":false,"template":"","format":"standard","meta":{"post_tipo":"news","footnotes":""},"categories":[1,214992,220219],"tags":[],"tax_estado":[219963],"class_list":["post-1614190","post","type-post","status-publish","format-standard","has-post-thumbnail","hentry","category-cursos-e-concursos","category-concursos-administrativos","category-noticias","tax_estado-concursos-federais"],"acf":[],"yoast_head":"<!-- This site is optimized with the Yoast SEO Premium plugin v27.2 (Yoast SEO v27.2) - https:\/\/yoast.com\/product\/yoast-seo-premium-wordpress\/ -->\n<title>Concursos P\u00fablicos: 15 editais esta semana; saiu TJ SP!<\/title>\n<meta name=\"description\" content=\"Concurso P\u00fablico 2025: 15 editais sa\u00edram ao longo desta semana (25\/07 a 01\/08). Confira o n\u00famero de oportunidades, remunera\u00e7\u00e3o e datas.\" \/>\n<meta name=\"robots\" content=\"index, follow, max-snippet:-1, max-image-preview:large, max-video-preview:-1\" \/>\n<link rel=\"canonical\" href=\"https:\/\/www.estrategiaconcursos.com.br\/blog\/concurso-editais-semana-25-07a-01-08\/\" \/>\n<meta property=\"og:locale\" content=\"pt_BR\" \/>\n<meta property=\"og:type\" content=\"article\" \/>\n<meta property=\"og:title\" content=\"Concursos P\u00fablicos: 15 editais esta semana; saiu TJ SP!\" \/>\n<meta property=\"og:description\" content=\"Concurso P\u00fablico 2025: 15 editais sa\u00edram ao longo desta semana (25\/07 a 01\/08). Confira o n\u00famero de oportunidades, remunera\u00e7\u00e3o e datas.\" \/>\n<meta property=\"og:url\" content=\"https:\/\/www.estrategiaconcursos.com.br\/blog\/concurso-editais-semana-25-07a-01-08\/\" \/>\n<meta property=\"og:site_name\" content=\"Estrat\u00e9gia Concursos\" \/>\n<meta property=\"article:published_time\" content=\"2025-08-01T21:00:00+00:00\" \/>\n<meta property=\"article:modified_time\" content=\"2025-08-04T19:13:58+00:00\" \/>\n<meta property=\"og:image\" content=\"https:\/\/dhg1h5j42swfq.cloudfront.net\/2024\/08\/14120803\/concursos-2025-1.png\" \/>\n\t<meta property=\"og:image:width\" content=\"692\" \/>\n\t<meta property=\"og:image:height\" content=\"393\" \/>\n\t<meta property=\"og:image:type\" content=\"image\/png\" \/>\n<meta name=\"author\" content=\"Ronaldo Scanavini Neto\" \/>\n<meta name=\"twitter:card\" content=\"summary_large_image\" \/>\n<meta name=\"twitter:creator\" content=\"@EstratConcursos\" \/>\n<meta name=\"twitter:site\" content=\"@EstratConcursos\" \/>\n<meta name=\"twitter:label1\" content=\"Escrito por\" \/>\n\t<meta name=\"twitter:data1\" content=\"Ronaldo Scanavini Neto\" \/>\n\t<meta name=\"twitter:label2\" content=\"Est. tempo de leitura\" \/>\n\t<meta name=\"twitter:data2\" content=\"4 minutos\" \/>\n<script type=\"application\/ld+json\" class=\"yoast-schema-graph\">{\"@context\":\"https:\/\/schema.org\",\"@graph\":[{\"@type\":\"NewsArticle\",\"@id\":\"https:\/\/www.estrategiaconcursos.com.br\/blog\/concurso-editais-semana-25-07a-01-08\/#article\",\"isPartOf\":{\"@id\":\"https:\/\/www.estrategiaconcursos.com.br\/blog\/concurso-editais-semana-25-07a-01-08\/\"},\"author\":{\"name\":\"Ronaldo Scanavini Neto\",\"@id\":\"https:\/\/www.estrategiaconcursos.com.br\/blog\/#\/schema\/person\/70c2ad4297aa24ff8815b08215b23a76\"},\"headline\":\"Concursos P\u00fablicos: 15 editais esta semana; saiu TJ SP!\",\"datePublished\":\"2025-08-01T21:00:00+00:00\",\"dateModified\":\"2025-08-04T19:13:58+00:00\",\"mainEntityOfPage\":{\"@id\":\"https:\/\/www.estrategiaconcursos.com.br\/blog\/concurso-editais-semana-25-07a-01-08\/\"},\"wordCount\":754,\"commentCount\":0,\"publisher\":{\"@id\":\"https:\/\/www.estrategiaconcursos.com.br\/blog\/#organization\"},\"image\":{\"@id\":\"https:\/\/www.estrategiaconcursos.com.br\/blog\/concurso-editais-semana-25-07a-01-08\/#primaryimage\"},\"thumbnailUrl\":\"https:\/\/dhg1h5j42swfq.cloudfront.net\/2024\/08\/14120803\/concursos-2025-1.png\",\"articleSection\":[\"Concursos P\u00fablicos\",\"Executivo (Administrativa)\",\"\u00daltimas not\u00edcias\"],\"inLanguage\":\"pt-BR\",\"potentialAction\":[{\"@type\":\"CommentAction\",\"name\":\"Comment\",\"target\":[\"https:\/\/www.estrategiaconcursos.com.br\/blog\/concurso-editais-semana-25-07a-01-08\/#respond\"]}],\"copyrightYear\":\"2025\",\"copyrightHolder\":{\"@id\":\"https:\/\/www.estrategiaconcursos.com.br\/blog\/#organization\"}},{\"@type\":\"WebPage\",\"@id\":\"https:\/\/www.estrategiaconcursos.com.br\/blog\/concurso-editais-semana-25-07a-01-08\/\",\"url\":\"https:\/\/www.estrategiaconcursos.com.br\/blog\/concurso-editais-semana-25-07a-01-08\/\",\"name\":\"Concursos P\u00fablicos: 15 editais esta semana; saiu TJ SP!\",\"isPartOf\":{\"@id\":\"https:\/\/www.estrategiaconcursos.com.br\/blog\/#website\"},\"primaryImageOfPage\":{\"@id\":\"https:\/\/www.estrategiaconcursos.com.br\/blog\/concurso-editais-semana-25-07a-01-08\/#primaryimage\"},\"image\":{\"@id\":\"https:\/\/www.estrategiaconcursos.com.br\/blog\/concurso-editais-semana-25-07a-01-08\/#primaryimage\"},\"thumbnailUrl\":\"https:\/\/dhg1h5j42swfq.cloudfront.net\/2024\/08\/14120803\/concursos-2025-1.png\",\"datePublished\":\"2025-08-01T21:00:00+00:00\",\"dateModified\":\"2025-08-04T19:13:58+00:00\",\"description\":\"Concurso P\u00fablico 2025: 15 editais sa\u00edram ao longo desta semana (25\/07 a 01\/08). Confira o n\u00famero de oportunidades, remunera\u00e7\u00e3o e datas.\",\"breadcrumb\":{\"@id\":\"https:\/\/www.estrategiaconcursos.com.br\/blog\/concurso-editais-semana-25-07a-01-08\/#breadcrumb\"},\"inLanguage\":\"pt-BR\",\"potentialAction\":[{\"@type\":\"ReadAction\",\"target\":[\"https:\/\/www.estrategiaconcursos.com.br\/blog\/concurso-editais-semana-25-07a-01-08\/\"]}]},{\"@type\":\"ImageObject\",\"inLanguage\":\"pt-BR\",\"@id\":\"https:\/\/www.estrategiaconcursos.com.br\/blog\/concurso-editais-semana-25-07a-01-08\/#primaryimage\",\"url\":\"https:\/\/dhg1h5j42swfq.cloudfront.net\/2024\/08\/14120803\/concursos-2025-1.png\",\"contentUrl\":\"https:\/\/dhg1h5j42swfq.cloudfront.net\/2024\/08\/14120803\/concursos-2025-1.png\",\"width\":692,\"height\":393,\"caption\":\"concursos 2025\"},{\"@type\":\"BreadcrumbList\",\"@id\":\"https:\/\/www.estrategiaconcursos.com.br\/blog\/concurso-editais-semana-25-07a-01-08\/#breadcrumb\",\"itemListElement\":[{\"@type\":\"ListItem\",\"position\":1,\"name\":\"In\u00edcio\",\"item\":\"https:\/\/www.estrategiaconcursos.com.br\/blog\/\"},{\"@type\":\"ListItem\",\"position\":2,\"name\":\"Concursos P\u00fablicos: 15 editais esta semana; saiu TJ SP!\"}]},{\"@type\":\"WebSite\",\"@id\":\"https:\/\/www.estrategiaconcursos.com.br\/blog\/#website\",\"url\":\"https:\/\/www.estrategiaconcursos.com.br\/blog\/\",\"name\":\"Estrat\u00e9gia Concursos\",\"description\":\"O blog da Estrat\u00e9gia Concursos traz not\u00edcias sobre concursos e artigos de professores oferecendo cursos para concursos (pdf + videaulas) no site.\",\"publisher\":{\"@id\":\"https:\/\/www.estrategiaconcursos.com.br\/blog\/#organization\"},\"potentialAction\":[{\"@type\":\"SearchAction\",\"target\":{\"@type\":\"EntryPoint\",\"urlTemplate\":\"https:\/\/www.estrategiaconcursos.com.br\/blog\/?s={search_term_string}\"},\"query-input\":{\"@type\":\"PropertyValueSpecification\",\"valueRequired\":true,\"valueName\":\"search_term_string\"}}],\"inLanguage\":\"pt-BR\"},{\"@type\":\"Organization\",\"@id\":\"https:\/\/www.estrategiaconcursos.com.br\/blog\/#organization\",\"name\":\"Estrat\u00e9gia Concursos\",\"url\":\"https:\/\/www.estrategiaconcursos.com.br\/blog\/\",\"logo\":{\"@type\":\"ImageObject\",\"inLanguage\":\"pt-BR\",\"@id\":\"https:\/\/www.estrategiaconcursos.com.br\/blog\/#\/schema\/logo\/image\/\",\"url\":\"https:\/\/dhg1h5j42swfq.cloudfront.net\/2025\/06\/03203428\/logo_concursos-1.jpg\",\"contentUrl\":\"https:\/\/dhg1h5j42swfq.cloudfront.net\/2025\/06\/03203428\/logo_concursos-1.jpg\",\"width\":230,\"height\":60,\"caption\":\"Estrat\u00e9gia Concursos\"},\"image\":{\"@id\":\"https:\/\/www.estrategiaconcursos.com.br\/blog\/#\/schema\/logo\/image\/\"},\"sameAs\":[\"https:\/\/x.com\/EstratConcursos\"]},{\"@type\":\"Person\",\"@id\":\"https:\/\/www.estrategiaconcursos.com.br\/blog\/#\/schema\/person\/70c2ad4297aa24ff8815b08215b23a76\",\"name\":\"Ronaldo Scanavini Neto\",\"image\":{\"@type\":\"ImageObject\",\"inLanguage\":\"pt-BR\",\"@id\":\"https:\/\/secure.gravatar.com\/avatar\/f93d8e56fe264596e94aee6b3feb737d98ad0fc5bac7eb0a245f04723c5c8f21?s=96&d=mm&r=g\",\"url\":\"https:\/\/secure.gravatar.com\/avatar\/f93d8e56fe264596e94aee6b3feb737d98ad0fc5bac7eb0a245f04723c5c8f21?s=96&d=mm&r=g\",\"contentUrl\":\"https:\/\/secure.gravatar.com\/avatar\/f93d8e56fe264596e94aee6b3feb737d98ad0fc5bac7eb0a245f04723c5c8f21?s=96&d=mm&r=g\",\"caption\":\"Ronaldo Scanavini Neto\"},\"description\":\"Graduando em Comunica\u00e7\u00e3o Social \u2013 Jornalismo pela Universidade Federal de Vi\u00e7osa (UFV). Integra a equipe de jornalismo do Estrat\u00e9gia Concursos desde 2023, atuando com \u00eanfase na cobertura da \u00e1rea fiscal. Tamb\u00e9m realiza a apura\u00e7\u00e3o e produ\u00e7\u00e3o de not\u00edcias sobre concursos federais, \u00f3rg\u00e3os participantes do CNU e das \u00e1reas de controle, gest\u00e3o, engenharia, Exame CFC, comunica\u00e7\u00e3o social TI e \u00e1rea de concursos administrativos.\",\"url\":\"https:\/\/www.estrategiaconcursos.com.br\/blog\/author\/ronaldo-netoestrategia-com\/\"}]}<\/script>\n<!-- \/ Yoast SEO Premium plugin. -->","yoast_head_json":{"title":"Concursos P\u00fablicos: 15 editais esta semana; saiu TJ SP!","description":"Concurso P\u00fablico 2025: 15 editais sa\u00edram ao longo desta semana (25\/07 a 01\/08). Confira o n\u00famero de oportunidades, remunera\u00e7\u00e3o e datas.","robots":{"index":"index","follow":"follow","max-snippet":"max-snippet:-1","max-image-preview":"max-image-preview:large","max-video-preview":"max-video-preview:-1"},"canonical":"https:\/\/www.estrategiaconcursos.com.br\/blog\/concurso-editais-semana-25-07a-01-08\/","og_locale":"pt_BR","og_type":"article","og_title":"Concursos P\u00fablicos: 15 editais esta semana; saiu TJ SP!","og_description":"Concurso P\u00fablico 2025: 15 editais sa\u00edram ao longo desta semana (25\/07 a 01\/08). Confira o n\u00famero de oportunidades, remunera\u00e7\u00e3o e datas.","og_url":"https:\/\/www.estrategiaconcursos.com.br\/blog\/concurso-editais-semana-25-07a-01-08\/","og_site_name":"Estrat\u00e9gia Concursos","article_published_time":"2025-08-01T21:00:00+00:00","article_modified_time":"2025-08-04T19:13:58+00:00","og_image":[{"width":692,"height":393,"url":"https:\/\/dhg1h5j42swfq.cloudfront.net\/2024\/08\/14120803\/concursos-2025-1.png","type":"image\/png"}],"author":"Ronaldo Scanavini Neto","twitter_card":"summary_large_image","twitter_creator":"@EstratConcursos","twitter_site":"@EstratConcursos","twitter_misc":{"Escrito por":"Ronaldo Scanavini Neto","Est. tempo de leitura":"4 minutos"},"schema":{"@context":"https:\/\/schema.org","@graph":[{"@type":"NewsArticle","@id":"https:\/\/www.estrategiaconcursos.com.br\/blog\/concurso-editais-semana-25-07a-01-08\/#article","isPartOf":{"@id":"https:\/\/www.estrategiaconcursos.com.br\/blog\/concurso-editais-semana-25-07a-01-08\/"},"author":{"name":"Ronaldo Scanavini Neto","@id":"https:\/\/www.estrategiaconcursos.com.br\/blog\/#\/schema\/person\/70c2ad4297aa24ff8815b08215b23a76"},"headline":"Concursos P\u00fablicos: 15 editais esta semana; saiu TJ SP!","datePublished":"2025-08-01T21:00:00+00:00","dateModified":"2025-08-04T19:13:58+00:00","mainEntityOfPage":{"@id":"https:\/\/www.estrategiaconcursos.com.br\/blog\/concurso-editais-semana-25-07a-01-08\/"},"wordCount":754,"commentCount":0,"publisher":{"@id":"https:\/\/www.estrategiaconcursos.com.br\/blog\/#organization"},"image":{"@id":"https:\/\/www.estrategiaconcursos.com.br\/blog\/concurso-editais-semana-25-07a-01-08\/#primaryimage"},"thumbnailUrl":"https:\/\/dhg1h5j42swfq.cloudfront.net\/2024\/08\/14120803\/concursos-2025-1.png","articleSection":["Concursos P\u00fablicos","Executivo (Administrativa)","\u00daltimas not\u00edcias"],"inLanguage":"pt-BR","potentialAction":[{"@type":"CommentAction","name":"Comment","target":["https:\/\/www.estrategiaconcursos.com.br\/blog\/concurso-editais-semana-25-07a-01-08\/#respond"]}],"copyrightYear":"2025","copyrightHolder":{"@id":"https:\/\/www.estrategiaconcursos.com.br\/blog\/#organization"}},{"@type":"WebPage","@id":"https:\/\/www.estrategiaconcursos.com.br\/blog\/concurso-editais-semana-25-07a-01-08\/","url":"https:\/\/www.estrategiaconcursos.com.br\/blog\/concurso-editais-semana-25-07a-01-08\/","name":"Concursos P\u00fablicos: 15 editais esta semana; saiu TJ SP!","isPartOf":{"@id":"https:\/\/www.estrategiaconcursos.com.br\/blog\/#website"},"primaryImageOfPage":{"@id":"https:\/\/www.estrategiaconcursos.com.br\/blog\/concurso-editais-semana-25-07a-01-08\/#primaryimage"},"image":{"@id":"https:\/\/www.estrategiaconcursos.com.br\/blog\/concurso-editais-semana-25-07a-01-08\/#primaryimage"},"thumbnailUrl":"https:\/\/dhg1h5j42swfq.cloudfront.net\/2024\/08\/14120803\/concursos-2025-1.png","datePublished":"2025-08-01T21:00:00+00:00","dateModified":"2025-08-04T19:13:58+00:00","description":"Concurso P\u00fablico 2025: 15 editais sa\u00edram ao longo desta semana (25\/07 a 01\/08). Confira o n\u00famero de oportunidades, remunera\u00e7\u00e3o e datas.","breadcrumb":{"@id":"https:\/\/www.estrategiaconcursos.com.br\/blog\/concurso-editais-semana-25-07a-01-08\/#breadcrumb"},"inLanguage":"pt-BR","potentialAction":[{"@type":"ReadAction","target":["https:\/\/www.estrategiaconcursos.com.br\/blog\/concurso-editais-semana-25-07a-01-08\/"]}]},{"@type":"ImageObject","inLanguage":"pt-BR","@id":"https:\/\/www.estrategiaconcursos.com.br\/blog\/concurso-editais-semana-25-07a-01-08\/#primaryimage","url":"https:\/\/dhg1h5j42swfq.cloudfront.net\/2024\/08\/14120803\/concursos-2025-1.png","contentUrl":"https:\/\/dhg1h5j42swfq.cloudfront.net\/2024\/08\/14120803\/concursos-2025-1.png","width":692,"height":393,"caption":"concursos 2025"},{"@type":"BreadcrumbList","@id":"https:\/\/www.estrategiaconcursos.com.br\/blog\/concurso-editais-semana-25-07a-01-08\/#breadcrumb","itemListElement":[{"@type":"ListItem","position":1,"name":"In\u00edcio","item":"https:\/\/www.estrategiaconcursos.com.br\/blog\/"},{"@type":"ListItem","position":2,"name":"Concursos P\u00fablicos: 15 editais esta semana; saiu TJ SP!"}]},{"@type":"WebSite","@id":"https:\/\/www.estrategiaconcursos.com.br\/blog\/#website","url":"https:\/\/www.estrategiaconcursos.com.br\/blog\/","name":"Estrat\u00e9gia Concursos","description":"O blog da Estrat\u00e9gia Concursos traz not\u00edcias sobre concursos e artigos de professores oferecendo cursos para concursos (pdf + videaulas) no site.","publisher":{"@id":"https:\/\/www.estrategiaconcursos.com.br\/blog\/#organization"},"potentialAction":[{"@type":"SearchAction","target":{"@type":"EntryPoint","urlTemplate":"https:\/\/www.estrategiaconcursos.com.br\/blog\/?s={search_term_string}"},"query-input":{"@type":"PropertyValueSpecification","valueRequired":true,"valueName":"search_term_string"}}],"inLanguage":"pt-BR"},{"@type":"Organization","@id":"https:\/\/www.estrategiaconcursos.com.br\/blog\/#organization","name":"Estrat\u00e9gia Concursos","url":"https:\/\/www.estrategiaconcursos.com.br\/blog\/","logo":{"@type":"ImageObject","inLanguage":"pt-BR","@id":"https:\/\/www.estrategiaconcursos.com.br\/blog\/#\/schema\/logo\/image\/","url":"https:\/\/dhg1h5j42swfq.cloudfront.net\/2025\/06\/03203428\/logo_concursos-1.jpg","contentUrl":"https:\/\/dhg1h5j42swfq.cloudfront.net\/2025\/06\/03203428\/logo_concursos-1.jpg","width":230,"height":60,"caption":"Estrat\u00e9gia Concursos"},"image":{"@id":"https:\/\/www.estrategiaconcursos.com.br\/blog\/#\/schema\/logo\/image\/"},"sameAs":["https:\/\/x.com\/EstratConcursos"]},{"@type":"Person","@id":"https:\/\/www.estrategiaconcursos.com.br\/blog\/#\/schema\/person\/70c2ad4297aa24ff8815b08215b23a76","name":"Ronaldo Scanavini Neto","image":{"@type":"ImageObject","inLanguage":"pt-BR","@id":"https:\/\/secure.gravatar.com\/avatar\/f93d8e56fe264596e94aee6b3feb737d98ad0fc5bac7eb0a245f04723c5c8f21?s=96&d=mm&r=g","url":"https:\/\/secure.gravatar.com\/avatar\/f93d8e56fe264596e94aee6b3feb737d98ad0fc5bac7eb0a245f04723c5c8f21?s=96&d=mm&r=g","contentUrl":"https:\/\/secure.gravatar.com\/avatar\/f93d8e56fe264596e94aee6b3feb737d98ad0fc5bac7eb0a245f04723c5c8f21?s=96&d=mm&r=g","caption":"Ronaldo Scanavini Neto"},"description":"Graduando em Comunica\u00e7\u00e3o Social \u2013 Jornalismo pela Universidade Federal de Vi\u00e7osa (UFV). Integra a equipe de jornalismo do Estrat\u00e9gia Concursos desde 2023, atuando com \u00eanfase na cobertura da \u00e1rea fiscal. Tamb\u00e9m realiza a apura\u00e7\u00e3o e produ\u00e7\u00e3o de not\u00edcias sobre concursos federais, \u00f3rg\u00e3os participantes do CNU e das \u00e1reas de controle, gest\u00e3o, engenharia, Exame CFC, comunica\u00e7\u00e3o social TI e \u00e1rea de concursos administrativos.","url":"https:\/\/www.estrategiaconcursos.com.br\/blog\/author\/ronaldo-netoestrategia-com\/"}]}},"_links":{"self":[{"href":"https:\/\/www.estrategiaconcursos.com.br\/blog\/wp-json\/wp\/v2\/posts\/1614190","targetHints":{"allow":["GET"]}}],"collection":[{"href":"https:\/\/www.estrategiaconcursos.com.br\/blog\/wp-json\/wp\/v2\/posts"}],"about":[{"href":"https:\/\/www.estrategiaconcursos.com.br\/blog\/wp-json\/wp\/v2\/types\/post"}],"author":[{"embeddable":true,"href":"https:\/\/www.estrategiaconcursos.com.br\/blog\/wp-json\/wp\/v2\/users\/2692"}],"replies":[{"embeddable":true,"href":"https:\/\/www.estrategiaconcursos.com.br\/blog\/wp-json\/wp\/v2\/comments?post=1614190"}],"version-history":[{"count":10,"href":"https:\/\/www.estrategiaconcursos.com.br\/blog\/wp-json\/wp\/v2\/posts\/1614190\/revisions"}],"predecessor-version":[{"id":1616999,"href":"https:\/\/www.estrategiaconcursos.com.br\/blog\/wp-json\/wp\/v2\/posts\/1614190\/revisions\/1616999"}],"wp:featuredmedia":[{"embeddable":true,"href":"https:\/\/www.estrategiaconcursos.com.br\/blog\/wp-json\/wp\/v2\/media\/1445265"}],"wp:attachment":[{"href":"https:\/\/www.estrategiaconcursos.com.br\/blog\/wp-json\/wp\/v2\/media?parent=1614190"}],"wp:term":[{"taxonomy":"category","embeddable":true,"href":"https:\/\/www.estrategiaconcursos.com.br\/blog\/wp-json\/wp\/v2\/categories?post=1614190"},{"taxonomy":"post_tag","embeddable":true,"href":"https:\/\/www.estrategiaconcursos.com.br\/blog\/wp-json\/wp\/v2\/tags?post=1614190"},{"taxonomy":"tax_estado","embeddable":true,"href":"https:\/\/www.estrategiaconcursos.com.br\/blog\/wp-json\/wp\/v2\/tax_estado?post=1614190"}],"curies":[{"name":"wp","href":"https:\/\/api.w.org\/{rel}","templated":true}]}}