{"id":1612345,"date":"2025-07-30T06:00:00","date_gmt":"2025-07-30T09:00:00","guid":{"rendered":"https:\/\/www.estrategiaconcursos.com.br\/blog\/?p=1612345"},"modified":"2025-07-30T12:07:50","modified_gmt":"2025-07-30T15:07:50","slug":"concurso-inss-perito-nomeacoes","status":"publish","type":"post","link":"https:\/\/www.estrategiaconcursos.com.br\/blog\/concurso-inss-perito-nomeacoes\/","title":{"rendered":"Concurso INSS Perito: lista de nomea\u00e7\u00f5es \u00e9 publicada!"},"content":{"rendered":"\n<p style=\"font-size:clamp(16.293px, 1.018rem + ((1vw - 3.2px) * 0.854), 25px);\"><strong><em>Concurso INSS Perito ofertou 250 vagas + 250 CR!<\/em><\/strong><\/p>\n\n\n\n<p>A lista de nomea\u00e7\u00f5es do <strong>concurso INSS Perito M\u00e9dico<\/strong>, realizado em 2024, foi publicada via Di\u00e1rio Oficial da Uni\u00e3o (DOU) desta quarta-feira, 30 de julho.<\/p>\n\n\n\n<ul class=\"wp-block-list\">\n<li><strong><a href=\"https:\/\/dhg1h5j42swfq.cloudfront.net\/2025\/07\/30062603\/portaria-mps-no-1-600-de-29-de-julho-de-2025-portaria-mps-no-1-600-de-29-de-julho-de-2025-dou-imprensa-nacional-1.pdf\" target=\"_blank\" rel=\"noreferrer noopener nofollow\">Confira a lista completa<\/a><\/strong><\/li>\n<\/ul>\n\n\n\n<p>O <strong>prazo para posse ser\u00e1 de at\u00e9 trinta dias<\/strong>, contado da data de publica\u00e7\u00e3o desta Portaria, nos termos do \u00a7 1\u00ba do art. 13 da Lei n\u00ba 8.112, de 11 de dezembro de 1990, ressalvadas as hip\u00f3teses de prorroga\u00e7\u00e3o previstas no \u00a7 2\u00ba do mesmo dispositivo legal.<\/p>\n\n\n\n<p>O <strong>munic\u00edpio de localiza\u00e7\u00e3o da unidade de atua\u00e7\u00e3o dos servidores nomeados est\u00e1 sujeito \u00e0 altera\u00e7\u00e3o<\/strong> em raz\u00e3o de n\u00e3o efetiva\u00e7\u00e3o da posse, da perda do prazo de exerc\u00edcio, de pedidos de op\u00e7\u00e3o, reposicionamento por fim de fila e impedimentos legais.<\/p>\n\n\n\n<p>A documenta\u00e7\u00e3o obrigat\u00f3ria para a posse est\u00e1 dispon\u00edvel no <a href=\"https:\/\/www.gov.br\/servidor\/pt-br\/acesso-a-informacao\/faq\/sou-gov.br\/ingresso-de-servidores\/documentacao-obrigatoria\" target=\"_blank\" rel=\"noreferrer noopener\">Portal do Servidor<\/a> e dever\u00e1 ser apresentada pela plataforma digital SOUGOV.BR, seguindo as orienta\u00e7\u00f5es do Manual do Ingressante, dispon\u00edvel logo abaixo.<\/p>\n\n\n\n<ul class=\"wp-block-list\">\n<li><strong><a href=\"https:\/\/dhg1h5j42swfq.cloudfront.net\/2025\/07\/30062906\/manualdoingressanteviasougov-br_.pdf\" target=\"_blank\" rel=\"noreferrer noopener nofollow\">Manual do Ingressante<\/a><\/strong><\/li>\n<\/ul>\n\n\n\n<div class=\"container\" id=\"boxes\">\n  <div class=\"row\">\n\n    <div class=\"col-sm\">\n      <div class=\"banner-inss-ec\" id=\"box-assinatura\">\n        <h3 class=\"titulo-assinatura\">Concurso INSS<\/h3>\n        <p class=\"subtitulo-assinatura\">Conhe\u00e7a os cursos para Perito M\u00e9dico!<\/p>\n        <div class=\"box-botao\">\n          <a class=\"btn-assinatura\" target=\"_blank\" href=\"https:\/\/med.estrategia.com\/curso\/concursos-perito-medico-inss-pos-edital\/\" role=\"button\" rel=\"noopener noreferrer\">INICIAR PREPARA\u00c7\u00c3O<\/a>\n        <\/div>\n      <\/div>\n     \n    <\/div>\n\n  <\/div>\n<\/div>\n\n\n\n<h2 class=\"wp-block-heading\" id=\"h-resumo-sobre-o-concurso-inss-perito\">Resumo sobre o concurso INSS Perito<\/h2>\n\n\n\n<p>Sob a organiza\u00e7\u00e3o do <strong><a href=\"https:\/\/www.cebraspe.org.br\/concursos\/mps_24\" target=\"_blank\" rel=\"noreferrer noopener\">Cebraspe<\/a><\/strong>, o concurso INSS ofertou <strong>500 oportunidades para o cargo de Perito M\u00e9dico Federal<\/strong>, sendo 250 vagas imediatas e 250 em cadastro reserva. O sal\u00e1rio inicial \u00e9 de<strong> R$ 14.166,99<\/strong>.<\/p>\n\n\n\n<p>Ao todo, foram registrados&nbsp;<strong>22<\/strong>&nbsp;<strong>mil inscritos<\/strong>. Os candidatos foram avaliados por meio das etapas seguintes:<\/p>\n\n\n\n<ul class=\"wp-block-list\">\n<li>Provas objetivas, de car\u00e1ter eliminat\u00f3rio e classificat\u00f3rio; e<\/li>\n\n\n\n<li>Avalia\u00e7\u00e3o de t\u00edtulos, de car\u00e1ter classificat\u00f3rio.<\/li>\n<\/ul>\n\n\n\n<p>As provas objetivas foram compostas por 120 quest\u00f5es de Certo ou Errado, sendo 50 quest\u00f5es de conhecimentos gerais e 70 quest\u00f5es de conhecimentos espec\u00edficos.<\/p>\n\n\n\n<p>As avalia\u00e7\u00f5es foram aplicadas no dia 16 de fevereiro de&nbsp;2025, em todas as capitais estaduais, al\u00e9m do Distrito Federal.<\/p>\n\n\n\n<figure class=\"wp-block-image aligncenter size-large is-resized\"><img decoding=\"async\" src=\"https:\/\/dhg1h5j42swfq.cloudfront.net\/2020\/09\/18141901\/Coruja_Concursos%404x-506x1024.png\" alt=\"Concurso INSS Perito: lista de nomea\u00e7\u00f5es \u00e9 publicada!\" class=\"wp-image-574355\" style=\"width:20px;height:auto\"\/><\/figure>\n\n\n\n<p class=\"has-text-align-center\"><em>Para mais informa\u00e7\u00f5es sobre o concurso INSS Perito, al\u00e9m da lista de nomea\u00e7\u00f5es publicada, acesse abaixo!<\/em><\/p>\n\n\n\n<p class=\"has-text-align-center has-background has-medium-font-size\" style=\"background-color:#b2d6ee\"><strong>Saiba mais: <a href=\"https:\/\/www.estrategiaconcursos.com.br\/blog\/concurso-inss\/\" target=\"_blank\" rel=\"noreferrer noopener\">concurso INSS Perito<\/a><\/strong><\/p>\n\n\n\n<hr class=\"wp-block-separator has-alpha-channel-opacity\"\/>\n\n\n\n<div class=\"container\" id=\"boxes\">\r\n  <div class=\"row\">\r\n\r\n    <div class=\"col-sm\">\r\n      <div class=\"estrategia\" id=\"box-assinatura\">\r\n        <h3 class=\"titulo-assinatura\">Assinatura Concursos<\/h3>\r\n        <p class=\"subtitulo-assinatura\">Assinatura de 1 ano ou 2 anos<\/p>\r\n        <div class=\"box-botao\">\r\n          <a class=\"btn-assinatura\" target=\"_blank\" href=\"https:\/\/www.estrategiaconcursos.com.br\/assinaturas\/\" role=\"button\" rel=\"noopener noreferrer\">ASSINE AGORA<\/a>\r\n        <\/div>\r\n      <\/div><\/div><\/div><\/div>\n\n\n\n<h2 class=\"wp-block-heading has-text-align-center\" id=\"h-quer-saber-tudo-sobre-concursos-previstos-confira-nossos-artigos\">Quer saber tudo sobre concursos previstos?<br \/>Confira nossos artigos:<\/h2>\n\n\n\n<ul class=\"wp-block-list\">\n<li><a href=\"https:\/\/www.estrategiaconcursos.com.br\/blog\/concursos-abertos\/\" target=\"_blank\" rel=\"noreferrer noopener\">Concursos Abertos<\/a><\/li>\n\n\n\n<li><a href=\"https:\/\/www.estrategiaconcursos.com.br\/blog\/concurso-federais\/\" target=\"_blank\" rel=\"noreferrer noopener\">Concursos Federais<\/a><\/li>\n\n\n\n<li><a href=\"https:\/\/www.estrategiaconcursos.com.br\/blog\/concursos-2025\/\" target=\"_blank\" rel=\"noreferrer noopener\">Concursos 2025<\/a><\/li>\n\n\n\n<li><a href=\"https:\/\/www.estrategiaconcursos.com.br\/blog\/concursos-2026\/\" target=\"_blank\" rel=\"noreferrer noopener\">Concursos 2026<\/a><\/li>\n<\/ul>\n","protected":false},"excerpt":{"rendered":"<p>Concurso INSS Perito ofertou 250 vagas + 250 CR! A lista de nomea\u00e7\u00f5es do concurso INSS Perito M\u00e9dico, realizado em 2024, foi publicada via Di\u00e1rio Oficial da Uni\u00e3o (DOU) desta quarta-feira, 30 de julho. O prazo para posse ser\u00e1 de at\u00e9 trinta dias, contado da data de publica\u00e7\u00e3o desta Portaria, nos termos do \u00a7 1\u00ba [&hellip;]<\/p>\n","protected":false},"author":2018,"featured_media":1590406,"comment_status":"open","ping_status":"closed","sticky":false,"template":"","format":"standard","meta":{"post_tipo":"news","footnotes":""},"categories":[220191,220219],"tags":[],"tax_estado":[219963],"class_list":["post-1612345","post","type-post","status-publish","format-standard","has-post-thumbnail","hentry","category-previdenciaria","category-noticias","tax_estado-concursos-federais"],"acf":[],"yoast_head":"<!-- This site is optimized with the Yoast SEO Premium plugin v27.2 (Yoast SEO v27.2) - https:\/\/yoast.com\/product\/yoast-seo-premium-wordpress\/ -->\n<title>Concurso INSS Perito: lista de nomea\u00e7\u00f5es \u00e9 publicada!<\/title>\n<meta name=\"description\" content=\"Saiba tudo sobre as nomea\u00e7\u00f5es do concurso INSS Perito e como foram selecionados os candidatos aprovados. Veja outros detalhes!\" \/>\n<meta name=\"robots\" content=\"index, follow, max-snippet:-1, max-image-preview:large, max-video-preview:-1\" \/>\n<link rel=\"canonical\" href=\"https:\/\/www.estrategiaconcursos.com.br\/blog\/concurso-inss-perito-nomeacoes\/\" \/>\n<meta property=\"og:locale\" content=\"pt_BR\" \/>\n<meta property=\"og:type\" content=\"article\" \/>\n<meta property=\"og:title\" content=\"Concurso INSS Perito: lista de nomea\u00e7\u00f5es \u00e9 publicada!\" \/>\n<meta property=\"og:description\" content=\"Saiba tudo sobre as nomea\u00e7\u00f5es do concurso INSS Perito e como foram selecionados os candidatos aprovados. Veja outros detalhes!\" \/>\n<meta property=\"og:url\" content=\"https:\/\/www.estrategiaconcursos.com.br\/blog\/concurso-inss-perito-nomeacoes\/\" \/>\n<meta property=\"og:site_name\" content=\"Estrat\u00e9gia Concursos\" \/>\n<meta property=\"article:published_time\" content=\"2025-07-30T09:00:00+00:00\" \/>\n<meta property=\"article:modified_time\" content=\"2025-07-30T15:07:50+00:00\" \/>\n<meta property=\"og:image\" content=\"https:\/\/dhg1h5j42swfq.cloudfront.net\/2025\/06\/12135056\/inss-1024x536-1.jpg\" \/>\n\t<meta property=\"og:image:width\" content=\"1024\" \/>\n\t<meta property=\"og:image:height\" content=\"536\" \/>\n\t<meta property=\"og:image:type\" content=\"image\/jpeg\" \/>\n<meta name=\"author\" content=\"B\u00e1rbara Carvalho Santos\" \/>\n<meta name=\"twitter:card\" content=\"summary_large_image\" \/>\n<meta name=\"twitter:creator\" content=\"@EstratConcursos\" \/>\n<meta name=\"twitter:site\" content=\"@EstratConcursos\" \/>\n<meta name=\"twitter:label1\" content=\"Escrito por\" \/>\n\t<meta name=\"twitter:data1\" content=\"B\u00e1rbara Carvalho Santos\" \/>\n\t<meta name=\"twitter:label2\" content=\"Est. tempo de leitura\" \/>\n\t<meta name=\"twitter:data2\" content=\"2 minutos\" \/>\n<script type=\"application\/ld+json\" class=\"yoast-schema-graph\">{\"@context\":\"https:\/\/schema.org\",\"@graph\":[{\"@type\":\"NewsArticle\",\"@id\":\"https:\/\/www.estrategiaconcursos.com.br\/blog\/concurso-inss-perito-nomeacoes\/#article\",\"isPartOf\":{\"@id\":\"https:\/\/www.estrategiaconcursos.com.br\/blog\/concurso-inss-perito-nomeacoes\/\"},\"author\":{\"name\":\"B\u00e1rbara Carvalho Santos\",\"@id\":\"https:\/\/www.estrategiaconcursos.com.br\/blog\/#\/schema\/person\/e3882259fa157d54c44c21f4ee4e0e60\"},\"headline\":\"Concurso INSS Perito: lista de nomea\u00e7\u00f5es \u00e9 publicada!\",\"datePublished\":\"2025-07-30T09:00:00+00:00\",\"dateModified\":\"2025-07-30T15:07:50+00:00\",\"mainEntityOfPage\":{\"@id\":\"https:\/\/www.estrategiaconcursos.com.br\/blog\/concurso-inss-perito-nomeacoes\/\"},\"wordCount\":357,\"commentCount\":0,\"publisher\":{\"@id\":\"https:\/\/www.estrategiaconcursos.com.br\/blog\/#organization\"},\"image\":{\"@id\":\"https:\/\/www.estrategiaconcursos.com.br\/blog\/concurso-inss-perito-nomeacoes\/#primaryimage\"},\"thumbnailUrl\":\"https:\/\/dhg1h5j42swfq.cloudfront.net\/2025\/06\/12135056\/inss-1024x536-1.jpg\",\"articleSection\":[\"Previdenci\u00e1ria (INSS, PREVIC)\",\"\u00daltimas not\u00edcias\"],\"inLanguage\":\"pt-BR\",\"potentialAction\":[{\"@type\":\"CommentAction\",\"name\":\"Comment\",\"target\":[\"https:\/\/www.estrategiaconcursos.com.br\/blog\/concurso-inss-perito-nomeacoes\/#respond\"]}],\"copyrightYear\":\"2025\",\"copyrightHolder\":{\"@id\":\"https:\/\/www.estrategiaconcursos.com.br\/blog\/#organization\"}},{\"@type\":\"WebPage\",\"@id\":\"https:\/\/www.estrategiaconcursos.com.br\/blog\/concurso-inss-perito-nomeacoes\/\",\"url\":\"https:\/\/www.estrategiaconcursos.com.br\/blog\/concurso-inss-perito-nomeacoes\/\",\"name\":\"Concurso INSS Perito: lista de nomea\u00e7\u00f5es \u00e9 publicada!\",\"isPartOf\":{\"@id\":\"https:\/\/www.estrategiaconcursos.com.br\/blog\/#website\"},\"primaryImageOfPage\":{\"@id\":\"https:\/\/www.estrategiaconcursos.com.br\/blog\/concurso-inss-perito-nomeacoes\/#primaryimage\"},\"image\":{\"@id\":\"https:\/\/www.estrategiaconcursos.com.br\/blog\/concurso-inss-perito-nomeacoes\/#primaryimage\"},\"thumbnailUrl\":\"https:\/\/dhg1h5j42swfq.cloudfront.net\/2025\/06\/12135056\/inss-1024x536-1.jpg\",\"datePublished\":\"2025-07-30T09:00:00+00:00\",\"dateModified\":\"2025-07-30T15:07:50+00:00\",\"description\":\"Saiba tudo sobre as nomea\u00e7\u00f5es do concurso INSS Perito e como foram selecionados os candidatos aprovados. Veja outros detalhes!\",\"breadcrumb\":{\"@id\":\"https:\/\/www.estrategiaconcursos.com.br\/blog\/concurso-inss-perito-nomeacoes\/#breadcrumb\"},\"inLanguage\":\"pt-BR\",\"potentialAction\":[{\"@type\":\"ReadAction\",\"target\":[\"https:\/\/www.estrategiaconcursos.com.br\/blog\/concurso-inss-perito-nomeacoes\/\"]}]},{\"@type\":\"ImageObject\",\"inLanguage\":\"pt-BR\",\"@id\":\"https:\/\/www.estrategiaconcursos.com.br\/blog\/concurso-inss-perito-nomeacoes\/#primaryimage\",\"url\":\"https:\/\/dhg1h5j42swfq.cloudfront.net\/2025\/06\/12135056\/inss-1024x536-1.jpg\",\"contentUrl\":\"https:\/\/dhg1h5j42swfq.cloudfront.net\/2025\/06\/12135056\/inss-1024x536-1.jpg\",\"width\":1024,\"height\":536,\"caption\":\"Concurso INSS: 300 convoca\u00e7\u00f5es s\u00e3o autorizadas pelo CNU\"},{\"@type\":\"BreadcrumbList\",\"@id\":\"https:\/\/www.estrategiaconcursos.com.br\/blog\/concurso-inss-perito-nomeacoes\/#breadcrumb\",\"itemListElement\":[{\"@type\":\"ListItem\",\"position\":1,\"name\":\"In\u00edcio\",\"item\":\"https:\/\/www.estrategiaconcursos.com.br\/blog\/\"},{\"@type\":\"ListItem\",\"position\":2,\"name\":\"Concurso INSS Perito: lista de nomea\u00e7\u00f5es \u00e9 publicada!\"}]},{\"@type\":\"WebSite\",\"@id\":\"https:\/\/www.estrategiaconcursos.com.br\/blog\/#website\",\"url\":\"https:\/\/www.estrategiaconcursos.com.br\/blog\/\",\"name\":\"Estrat\u00e9gia Concursos\",\"description\":\"O blog da Estrat\u00e9gia Concursos traz not\u00edcias sobre concursos e artigos de professores oferecendo cursos para concursos (pdf + videaulas) no site.\",\"publisher\":{\"@id\":\"https:\/\/www.estrategiaconcursos.com.br\/blog\/#organization\"},\"potentialAction\":[{\"@type\":\"SearchAction\",\"target\":{\"@type\":\"EntryPoint\",\"urlTemplate\":\"https:\/\/www.estrategiaconcursos.com.br\/blog\/?s={search_term_string}\"},\"query-input\":{\"@type\":\"PropertyValueSpecification\",\"valueRequired\":true,\"valueName\":\"search_term_string\"}}],\"inLanguage\":\"pt-BR\"},{\"@type\":\"Organization\",\"@id\":\"https:\/\/www.estrategiaconcursos.com.br\/blog\/#organization\",\"name\":\"Estrat\u00e9gia Concursos\",\"url\":\"https:\/\/www.estrategiaconcursos.com.br\/blog\/\",\"logo\":{\"@type\":\"ImageObject\",\"inLanguage\":\"pt-BR\",\"@id\":\"https:\/\/www.estrategiaconcursos.com.br\/blog\/#\/schema\/logo\/image\/\",\"url\":\"https:\/\/dhg1h5j42swfq.cloudfront.net\/2025\/06\/03203428\/logo_concursos-1.jpg\",\"contentUrl\":\"https:\/\/dhg1h5j42swfq.cloudfront.net\/2025\/06\/03203428\/logo_concursos-1.jpg\",\"width\":230,\"height\":60,\"caption\":\"Estrat\u00e9gia Concursos\"},\"image\":{\"@id\":\"https:\/\/www.estrategiaconcursos.com.br\/blog\/#\/schema\/logo\/image\/\"},\"sameAs\":[\"https:\/\/x.com\/EstratConcursos\"]},{\"@type\":\"Person\",\"@id\":\"https:\/\/www.estrategiaconcursos.com.br\/blog\/#\/schema\/person\/e3882259fa157d54c44c21f4ee4e0e60\",\"name\":\"B\u00e1rbara Carvalho Santos\",\"image\":{\"@type\":\"ImageObject\",\"inLanguage\":\"pt-BR\",\"@id\":\"https:\/\/secure.gravatar.com\/avatar\/353300f73140f779692b9be2b39f434d1341e4e34c7f55bd5a990fe29ef352eb?s=96&d=mm&r=g\",\"url\":\"https:\/\/secure.gravatar.com\/avatar\/353300f73140f779692b9be2b39f434d1341e4e34c7f55bd5a990fe29ef352eb?s=96&d=mm&r=g\",\"contentUrl\":\"https:\/\/secure.gravatar.com\/avatar\/353300f73140f779692b9be2b39f434d1341e4e34c7f55bd5a990fe29ef352eb?s=96&d=mm&r=g\",\"caption\":\"B\u00e1rbara Carvalho Santos\"},\"description\":\"M\u00e3e e jornalista formada pela UNIP, possui ampla experi\u00eancia na cobertura de entretenimento em grandes ve\u00edculos, como o site da CNN, RedeTV! e Estrat\u00e9gia Educacional. Atuou tamb\u00e9m em ag\u00eancias de marketing, produtoras musicais e assessorias de imprensa, com foco especial no trabalho com personalidades p\u00fablicas. Atualmente, integra a equipe do Estrat\u00e9gia Concursos, onde \u00e9 respons\u00e1vel pela produ\u00e7\u00e3o de conte\u00fados estrat\u00e9gicos voltados para o setor de concursos p\u00fablicos, com destaque para a \u00e1rea fiscal, gest\u00e3o, controle, concursos administrativos e Minist\u00e9rios participantes do CNU, al\u00e9m de diversos \u00f3rg\u00e3os federais. Tem como miss\u00e3o transformar informa\u00e7\u00f5es complexas em conte\u00fados acess\u00edveis, relevantes e de alto valor para quem sonha com uma carreira no servi\u00e7o p\u00fablico.\",\"url\":\"https:\/\/www.estrategiaconcursos.com.br\/blog\/author\/barbara-santos\/\"}]}<\/script>\n<!-- \/ Yoast SEO Premium plugin. -->","yoast_head_json":{"title":"Concurso INSS Perito: lista de nomea\u00e7\u00f5es \u00e9 publicada!","description":"Saiba tudo sobre as nomea\u00e7\u00f5es do concurso INSS Perito e como foram selecionados os candidatos aprovados. Veja outros detalhes!","robots":{"index":"index","follow":"follow","max-snippet":"max-snippet:-1","max-image-preview":"max-image-preview:large","max-video-preview":"max-video-preview:-1"},"canonical":"https:\/\/www.estrategiaconcursos.com.br\/blog\/concurso-inss-perito-nomeacoes\/","og_locale":"pt_BR","og_type":"article","og_title":"Concurso INSS Perito: lista de nomea\u00e7\u00f5es \u00e9 publicada!","og_description":"Saiba tudo sobre as nomea\u00e7\u00f5es do concurso INSS Perito e como foram selecionados os candidatos aprovados. Veja outros detalhes!","og_url":"https:\/\/www.estrategiaconcursos.com.br\/blog\/concurso-inss-perito-nomeacoes\/","og_site_name":"Estrat\u00e9gia Concursos","article_published_time":"2025-07-30T09:00:00+00:00","article_modified_time":"2025-07-30T15:07:50+00:00","og_image":[{"width":1024,"height":536,"url":"https:\/\/dhg1h5j42swfq.cloudfront.net\/2025\/06\/12135056\/inss-1024x536-1.jpg","type":"image\/jpeg"}],"author":"B\u00e1rbara Carvalho Santos","twitter_card":"summary_large_image","twitter_creator":"@EstratConcursos","twitter_site":"@EstratConcursos","twitter_misc":{"Escrito por":"B\u00e1rbara Carvalho Santos","Est. tempo de leitura":"2 minutos"},"schema":{"@context":"https:\/\/schema.org","@graph":[{"@type":"NewsArticle","@id":"https:\/\/www.estrategiaconcursos.com.br\/blog\/concurso-inss-perito-nomeacoes\/#article","isPartOf":{"@id":"https:\/\/www.estrategiaconcursos.com.br\/blog\/concurso-inss-perito-nomeacoes\/"},"author":{"name":"B\u00e1rbara Carvalho Santos","@id":"https:\/\/www.estrategiaconcursos.com.br\/blog\/#\/schema\/person\/e3882259fa157d54c44c21f4ee4e0e60"},"headline":"Concurso INSS Perito: lista de nomea\u00e7\u00f5es \u00e9 publicada!","datePublished":"2025-07-30T09:00:00+00:00","dateModified":"2025-07-30T15:07:50+00:00","mainEntityOfPage":{"@id":"https:\/\/www.estrategiaconcursos.com.br\/blog\/concurso-inss-perito-nomeacoes\/"},"wordCount":357,"commentCount":0,"publisher":{"@id":"https:\/\/www.estrategiaconcursos.com.br\/blog\/#organization"},"image":{"@id":"https:\/\/www.estrategiaconcursos.com.br\/blog\/concurso-inss-perito-nomeacoes\/#primaryimage"},"thumbnailUrl":"https:\/\/dhg1h5j42swfq.cloudfront.net\/2025\/06\/12135056\/inss-1024x536-1.jpg","articleSection":["Previdenci\u00e1ria (INSS, PREVIC)","\u00daltimas not\u00edcias"],"inLanguage":"pt-BR","potentialAction":[{"@type":"CommentAction","name":"Comment","target":["https:\/\/www.estrategiaconcursos.com.br\/blog\/concurso-inss-perito-nomeacoes\/#respond"]}],"copyrightYear":"2025","copyrightHolder":{"@id":"https:\/\/www.estrategiaconcursos.com.br\/blog\/#organization"}},{"@type":"WebPage","@id":"https:\/\/www.estrategiaconcursos.com.br\/blog\/concurso-inss-perito-nomeacoes\/","url":"https:\/\/www.estrategiaconcursos.com.br\/blog\/concurso-inss-perito-nomeacoes\/","name":"Concurso INSS Perito: lista de nomea\u00e7\u00f5es \u00e9 publicada!","isPartOf":{"@id":"https:\/\/www.estrategiaconcursos.com.br\/blog\/#website"},"primaryImageOfPage":{"@id":"https:\/\/www.estrategiaconcursos.com.br\/blog\/concurso-inss-perito-nomeacoes\/#primaryimage"},"image":{"@id":"https:\/\/www.estrategiaconcursos.com.br\/blog\/concurso-inss-perito-nomeacoes\/#primaryimage"},"thumbnailUrl":"https:\/\/dhg1h5j42swfq.cloudfront.net\/2025\/06\/12135056\/inss-1024x536-1.jpg","datePublished":"2025-07-30T09:00:00+00:00","dateModified":"2025-07-30T15:07:50+00:00","description":"Saiba tudo sobre as nomea\u00e7\u00f5es do concurso INSS Perito e como foram selecionados os candidatos aprovados. Veja outros detalhes!","breadcrumb":{"@id":"https:\/\/www.estrategiaconcursos.com.br\/blog\/concurso-inss-perito-nomeacoes\/#breadcrumb"},"inLanguage":"pt-BR","potentialAction":[{"@type":"ReadAction","target":["https:\/\/www.estrategiaconcursos.com.br\/blog\/concurso-inss-perito-nomeacoes\/"]}]},{"@type":"ImageObject","inLanguage":"pt-BR","@id":"https:\/\/www.estrategiaconcursos.com.br\/blog\/concurso-inss-perito-nomeacoes\/#primaryimage","url":"https:\/\/dhg1h5j42swfq.cloudfront.net\/2025\/06\/12135056\/inss-1024x536-1.jpg","contentUrl":"https:\/\/dhg1h5j42swfq.cloudfront.net\/2025\/06\/12135056\/inss-1024x536-1.jpg","width":1024,"height":536,"caption":"Concurso INSS: 300 convoca\u00e7\u00f5es s\u00e3o autorizadas pelo CNU"},{"@type":"BreadcrumbList","@id":"https:\/\/www.estrategiaconcursos.com.br\/blog\/concurso-inss-perito-nomeacoes\/#breadcrumb","itemListElement":[{"@type":"ListItem","position":1,"name":"In\u00edcio","item":"https:\/\/www.estrategiaconcursos.com.br\/blog\/"},{"@type":"ListItem","position":2,"name":"Concurso INSS Perito: lista de nomea\u00e7\u00f5es \u00e9 publicada!"}]},{"@type":"WebSite","@id":"https:\/\/www.estrategiaconcursos.com.br\/blog\/#website","url":"https:\/\/www.estrategiaconcursos.com.br\/blog\/","name":"Estrat\u00e9gia Concursos","description":"O blog da Estrat\u00e9gia Concursos traz not\u00edcias sobre concursos e artigos de professores oferecendo cursos para concursos (pdf + videaulas) no site.","publisher":{"@id":"https:\/\/www.estrategiaconcursos.com.br\/blog\/#organization"},"potentialAction":[{"@type":"SearchAction","target":{"@type":"EntryPoint","urlTemplate":"https:\/\/www.estrategiaconcursos.com.br\/blog\/?s={search_term_string}"},"query-input":{"@type":"PropertyValueSpecification","valueRequired":true,"valueName":"search_term_string"}}],"inLanguage":"pt-BR"},{"@type":"Organization","@id":"https:\/\/www.estrategiaconcursos.com.br\/blog\/#organization","name":"Estrat\u00e9gia Concursos","url":"https:\/\/www.estrategiaconcursos.com.br\/blog\/","logo":{"@type":"ImageObject","inLanguage":"pt-BR","@id":"https:\/\/www.estrategiaconcursos.com.br\/blog\/#\/schema\/logo\/image\/","url":"https:\/\/dhg1h5j42swfq.cloudfront.net\/2025\/06\/03203428\/logo_concursos-1.jpg","contentUrl":"https:\/\/dhg1h5j42swfq.cloudfront.net\/2025\/06\/03203428\/logo_concursos-1.jpg","width":230,"height":60,"caption":"Estrat\u00e9gia Concursos"},"image":{"@id":"https:\/\/www.estrategiaconcursos.com.br\/blog\/#\/schema\/logo\/image\/"},"sameAs":["https:\/\/x.com\/EstratConcursos"]},{"@type":"Person","@id":"https:\/\/www.estrategiaconcursos.com.br\/blog\/#\/schema\/person\/e3882259fa157d54c44c21f4ee4e0e60","name":"B\u00e1rbara Carvalho Santos","image":{"@type":"ImageObject","inLanguage":"pt-BR","@id":"https:\/\/secure.gravatar.com\/avatar\/353300f73140f779692b9be2b39f434d1341e4e34c7f55bd5a990fe29ef352eb?s=96&d=mm&r=g","url":"https:\/\/secure.gravatar.com\/avatar\/353300f73140f779692b9be2b39f434d1341e4e34c7f55bd5a990fe29ef352eb?s=96&d=mm&r=g","contentUrl":"https:\/\/secure.gravatar.com\/avatar\/353300f73140f779692b9be2b39f434d1341e4e34c7f55bd5a990fe29ef352eb?s=96&d=mm&r=g","caption":"B\u00e1rbara Carvalho Santos"},"description":"M\u00e3e e jornalista formada pela UNIP, possui ampla experi\u00eancia na cobertura de entretenimento em grandes ve\u00edculos, como o site da CNN, RedeTV! e Estrat\u00e9gia Educacional. Atuou tamb\u00e9m em ag\u00eancias de marketing, produtoras musicais e assessorias de imprensa, com foco especial no trabalho com personalidades p\u00fablicas. Atualmente, integra a equipe do Estrat\u00e9gia Concursos, onde \u00e9 respons\u00e1vel pela produ\u00e7\u00e3o de conte\u00fados estrat\u00e9gicos voltados para o setor de concursos p\u00fablicos, com destaque para a \u00e1rea fiscal, gest\u00e3o, controle, concursos administrativos e Minist\u00e9rios participantes do CNU, al\u00e9m de diversos \u00f3rg\u00e3os federais. Tem como miss\u00e3o transformar informa\u00e7\u00f5es complexas em conte\u00fados acess\u00edveis, relevantes e de alto valor para quem sonha com uma carreira no servi\u00e7o p\u00fablico.","url":"https:\/\/www.estrategiaconcursos.com.br\/blog\/author\/barbara-santos\/"}]}},"_links":{"self":[{"href":"https:\/\/www.estrategiaconcursos.com.br\/blog\/wp-json\/wp\/v2\/posts\/1612345","targetHints":{"allow":["GET"]}}],"collection":[{"href":"https:\/\/www.estrategiaconcursos.com.br\/blog\/wp-json\/wp\/v2\/posts"}],"about":[{"href":"https:\/\/www.estrategiaconcursos.com.br\/blog\/wp-json\/wp\/v2\/types\/post"}],"author":[{"embeddable":true,"href":"https:\/\/www.estrategiaconcursos.com.br\/blog\/wp-json\/wp\/v2\/users\/2018"}],"replies":[{"embeddable":true,"href":"https:\/\/www.estrategiaconcursos.com.br\/blog\/wp-json\/wp\/v2\/comments?post=1612345"}],"version-history":[{"count":7,"href":"https:\/\/www.estrategiaconcursos.com.br\/blog\/wp-json\/wp\/v2\/posts\/1612345\/revisions"}],"predecessor-version":[{"id":1615448,"href":"https:\/\/www.estrategiaconcursos.com.br\/blog\/wp-json\/wp\/v2\/posts\/1612345\/revisions\/1615448"}],"wp:featuredmedia":[{"embeddable":true,"href":"https:\/\/www.estrategiaconcursos.com.br\/blog\/wp-json\/wp\/v2\/media\/1590406"}],"wp:attachment":[{"href":"https:\/\/www.estrategiaconcursos.com.br\/blog\/wp-json\/wp\/v2\/media?parent=1612345"}],"wp:term":[{"taxonomy":"category","embeddable":true,"href":"https:\/\/www.estrategiaconcursos.com.br\/blog\/wp-json\/wp\/v2\/categories?post=1612345"},{"taxonomy":"post_tag","embeddable":true,"href":"https:\/\/www.estrategiaconcursos.com.br\/blog\/wp-json\/wp\/v2\/tags?post=1612345"},{"taxonomy":"tax_estado","embeddable":true,"href":"https:\/\/www.estrategiaconcursos.com.br\/blog\/wp-json\/wp\/v2\/tax_estado?post=1612345"}],"curies":[{"name":"wp","href":"https:\/\/api.w.org\/{rel}","templated":true}]}}