{"id":1612168,"date":"2025-07-28T09:00:00","date_gmt":"2025-07-28T12:00:00","guid":{"rendered":"https:\/\/www.estrategiaconcursos.com.br\/blog\/?p=1612168"},"modified":"2025-08-04T12:15:32","modified_gmt":"2025-08-04T15:15:32","slug":"carta-aos-assinantes-248","status":"publish","type":"post","link":"https:\/\/www.estrategiaconcursos.com.br\/blog\/carta-aos-assinantes-248\/","title":{"rendered":"Carta aos Assinantes do Estrat\u00e9gia Concursos &#8211; 248"},"content":{"rendered":"\n<p class=\"has-text-align-right has-luminous-vivid-amber-background-color has-background\"><em>Confira, em nossa <strong>ducent\u00e9sima quadrag\u00e9sima oitava <\/strong>carta aos assinantes, a nossa programa\u00e7\u00e3o semanal, as novidades do nosso Sistema de Quest\u00f5es e as principais movimenta\u00e7\u00f5es de concursos.<\/em><\/p>\n\n\n\n<p>Ol\u00e1, pessoal. Tudo bem?<\/p>\n\n\n\n<p>Aqui \u00e9 o<strong>&nbsp;Prof. Diego Cerqueira&nbsp;<\/strong>em nossa <strong>ducent\u00e9sima quadrag\u00e9sima oitava <\/strong>carta aos Assinantes do Estrat\u00e9gia Concursos.<\/p>\n\n\n\n<p>Seu sonho \u00e9 <strong>ingressar na Receita Federal<\/strong>? Ent\u00e3o, aten\u00e7\u00e3o: um <strong>novo concurso p\u00fablico foi solicitado<\/strong> para provimento dos cargos de Auditor e Analista. As carreiras oferecem <strong>sal\u00e1rio inicial de R$ 12.735,99 e R$ 22.921,71<\/strong> <strong>+<\/strong>&nbsp;aux\u00edlio-alimenta\u00e7\u00e3o de R$ 1.000,00.<\/p>\n\n\n\n<p>E j\u00e1 pensando na autoriza\u00e7\u00e3o do pr\u00f3ximo certame, iremos realizar o <strong>Marco Zero Receita Federal<\/strong>: o passo a passo para&nbsp;conquistar quase R$ 24 mil com o segredo de&nbsp;83% dos aprovados.<\/p>\n\n\n\n<p><strong>De 28 a 31 de julho<\/strong>, voc\u00ea vai receber os detalhes completos para conquistar sua aprova\u00e7\u00e3o, com o raio-x da \u00faltima sele\u00e7\u00e3o; planejamento de estudos completo; t\u00e9cnicas e dicas de prepara\u00e7\u00e3o para o novo concurso. Al\u00e9m disso, nosso tima\u00e7o de Auditores Fiscais estar\u00e1 \u00e0 sua disposi\u00e7\u00e3o! <\/p>\n\n\n\n<figure class=\"wp-block-image aligncenter size-large\"><a href=\"https:\/\/mkt.estrategia.com\/concursos\/marco-zero-receita-federal\/\" target=\"_blank\" rel=\" noreferrer noopener\"><img loading=\"lazy\" decoding=\"async\" width=\"1024\" height=\"274\" src=\"https:\/\/dhg1h5j42swfq.cloudfront.net\/2025\/07\/25005409\/banner-1024x274.png\" alt=\"\" class=\"wp-image-1612840\" srcset=\"https:\/\/dhg1h5j42swfq.cloudfront.net\/2025\/07\/25005409\/banner-1024x274.png 1024w, https:\/\/dhg1h5j42swfq.cloudfront.net\/2025\/07\/25005409\/banner-300x80.png 300w, https:\/\/dhg1h5j42swfq.cloudfront.net\/2025\/07\/25005409\/banner-768x206.png 768w, https:\/\/dhg1h5j42swfq.cloudfront.net\/2025\/07\/25005409\/banner-1536x411.png 1536w, https:\/\/dhg1h5j42swfq.cloudfront.net\/2025\/07\/25005409\/banner-150x40.png 150w, https:\/\/dhg1h5j42swfq.cloudfront.net\/2025\/07\/25005409\/banner.png 1920w\" sizes=\"auto, (max-width: 1024px) 100vw, 1024px\" \/><\/a><figcaption class=\"wp-element-caption\"><a href=\"https:\/\/mkt.estrategia.com\/concursos\/marco-zero-receita-federal\/\" target=\"_blank\" rel=\"noreferrer noopener\">Acesse aqui e inscreva-se agora mesmo<\/a>!<\/figcaption><\/figure>\n\n\n\n<h2 class=\"wp-block-heading\" id=\"h-sistema-de-questoes-do-estrategia\">Sistema de Quest\u00f5es do Estrat\u00e9gia<\/h2>\n\n\n\n<p>Na \u00faltima semana, a nossa equipe do Sistema de Quest\u00f5es&nbsp;<strong>criou&nbsp;<\/strong>os seguintes&nbsp;<strong>Cadernos de Quest\u00f5es<\/strong>:<\/p>\n\n\n\n<ul class=\"wp-block-list\">\n<li>Reta Final C\u00e2mara Municipal de Canoas RS (<a href=\"https:\/\/www.estrategiaconcursos.com.br\/blog\/cadernos-reta-final-concurso-camara-de-canoas-rs\/\" target=\"_blank\" rel=\"noreferrer noopener\">clique aqui<\/a>)<\/li>\n\n\n\n<li>Reta Final PM AP &#8211; Oficial (<a href=\"https:\/\/www.estrategiaconcursos.com.br\/blog\/cadernos-reta-final-concurso-pm-ap-oficial\/\" target=\"_blank\" rel=\"noreferrer noopener\">clique aqui<\/a>)<\/li>\n\n\n\n<li>Quest\u00f5es In\u00e9ditas TJ PE (<a href=\"https:\/\/www.estrategiaconcursos.com.br\/blog\/cadernos-de-questoes-ineditas-para-o-concurso-tj-pe\/\" target=\"_blank\" rel=\"noreferrer noopener\">clique aqui<\/a>)<\/li>\n<\/ul>\n\n\n\n<p>Al\u00e9m disso, tamb\u00e9m foram <strong>atualizados&nbsp;<\/strong>os seguintes&nbsp;<strong>Cadernos de Quest\u00f5es<\/strong>:<\/p>\n\n\n\n<ul class=\"wp-block-list\">\n<li>Reta Final SEFAZ SE (<a href=\"https:\/\/www.estrategiaconcursos.com.br\/blog\/?p=1606473\" target=\"_blank\" rel=\"noreferrer noopener\">clique aqui<\/a>)<\/li>\n\n\n\n<li>Reta Final C\u00e2mara Municipal Serra do Salitre MG (<a href=\"https:\/\/www.estrategiaconcursos.com.br\/blog\/cadernos-reta-final-concurso-camara-serra-do-salitre\/\" target=\"_blank\" rel=\"noreferrer noopener\">clique aqui<\/a>)<\/li>\n\n\n\n<li>Reta Final C\u00e2mara de Mar\u00edlia SP (<a href=\"https:\/\/www.estrategiaconcursos.com.br\/blog\/cadernos-reta-final-concurso-camara-marilia-sp\/\" target=\"_blank\" rel=\"noreferrer noopener\">clique aqui<\/a>)<\/li>\n\n\n\n<li>Quest\u00f5es In\u00e9ditas CNU (<a href=\"https:\/\/www.estrategiaconcursos.com.br\/blog\/?p=1603762\" target=\"_blank\" rel=\"noreferrer noopener\">clique aqui<\/a>)<\/li>\n\n\n\n<li>Quest\u00f5es In\u00e9ditas TRT 2 (<a href=\"https:\/\/www.estrategiaconcursos.com.br\/blog\/cadernos-de-questoes-ineditas-para-o-concurso-trt-sp\/\" target=\"_blank\" rel=\"noreferrer noopener\">clique aqui<\/a>)<\/li>\n\n\n\n<li>Quest\u00f5es In\u00e9ditas SEFAZ SE (<a href=\"https:\/\/www.estrategiaconcursos.com.br\/blog\/questoes-ineditas-sefaz-se\/\" target=\"_blank\" rel=\"noreferrer noopener\">clique aqui<\/a>)<\/li>\n<\/ul>\n\n\n\n<h2 class=\"wp-block-heading\" id=\"h-agora-vamos-ver-as-principais-movimentacoes-de-concursos-da-ultima-semana\">Agora, vamos ver as principais movimenta\u00e7\u00f5es de concursos da \u00faltima semana?<\/h2>\n\n\n\n<ul class=\"wp-block-list\">\n<li><strong><a href=\"https:\/\/www.estrategiaconcursos.com.br\/blog\/concurso-policia-civil-es\/\" target=\"_blank\" rel=\"noreferrer noopener\">PC ES<\/a><\/strong>: O concurso PC ES (Pol\u00edcia Civil do Esp\u00edrito Santo) est\u00e1 cada vez mais pr\u00f3ximo de ser realizado! Isso porque o IBADE foi <strong>definido como banca organizadora<\/strong>. Inclusive, o contrato j\u00e1 foi assinado. Ser\u00e3o ofertadas 1.052 vagas para Oficial Investigador de Pol\u00edcia. A carreira exige n\u00edvel superior de gradua\u00e7\u00e3o em n\u00edvel bacharelado e CNH Categoria \u201cB\u201d ou superior. J\u00e1 o sal\u00e1rio inicial \u00e9 de R$ 8.171,62.<\/li>\n<\/ul>\n\n\n\n<ul class=\"wp-block-list\">\n<li><a href=\"https:\/\/www.estrategiaconcursos.com.br\/blog\/concurso-tj-rs\/\" target=\"_blank\" rel=\"noreferrer noopener\"><strong>TJRS<\/strong><\/a>: O Tribunal de Justi\u00e7a do Rio Grande do Sul (TJ RS) <strong>contratou a Funda\u00e7\u00e3o Getulio Vargas<\/strong> (FGV) como banca organizadora de seu novo concurso p\u00fablico, com o extrato do contrato j\u00e1 publicado. Conforme autoriza\u00e7\u00f5es publicadas pelo TJ RS, ser\u00e3o ofertadas vagas em cadastro reserva para os cargos de Analista Judici\u00e1rio \u2013 \u00c1rea Judici\u00e1ria; Analista Judici\u00e1rio \u2013 \u00c1rea Administrativa; Analista Judici\u00e1rio \u2013 Apoio Especializado em Engenharia El\u00e9trica; Analista Judici\u00e1rio \u2013 Apoio Especializado em Engenharia Mec\u00e2nica; Analista Judici\u00e1rio \u2013 Apoio Especializado em Arquitetura; Analista Judici\u00e1rio \u2013 Apoio Especializado em Comunica\u00e7\u00e3o Social (Jornalismo, Rela\u00e7\u00f5es P\u00fablicas, Publicidade e Propaganda) e T\u00e9cnico Judici\u00e1rio.<\/li>\n<\/ul>\n\n\n\n<ul class=\"wp-block-list\">\n<li><a href=\"https:\/\/www.estrategiaconcursos.com.br\/blog\/concurso-sedf-temporarios\/\" target=\"_blank\" rel=\"noreferrer noopener\"><strong>PSS SEDF Tempor\u00e1rios<\/strong><\/a>: O concurso da Secretaria de Educa\u00e7\u00e3o do Distrito Federal (SEDF) para tempor\u00e1rios j\u00e1 tem <strong>comiss\u00e3o formada e iniciou a escolha da banca organizadora<\/strong>! As ofertas ser\u00e3o para forma\u00e7\u00e3o de cadastro reserva para cargos de n\u00edvel superior. Os aprovados contar\u00e3o com sal\u00e1rio inicial de R$ 6.427,71. Segundo o cronograma preliminar, o edital ser\u00e1 publicado em 5 de agosto, com inscri\u00e7\u00f5es de 4 a 15 de setembro e provas marcadas para 5 de outubro.<\/li>\n<\/ul>\n\n\n\n<ul class=\"wp-block-list\">\n<li><strong><a href=\"https:\/\/www.estrategiaconcursos.com.br\/blog\/concurso-tcu\/\" target=\"_blank\" rel=\"noreferrer noopener\">TCU<\/a>: <\/strong>O presidente do Tribunal de Contas da Uni\u00e3o, Vital do R\u00eago, informou em entrevista ao <em>Correio Braziliense<\/em> que um <strong>novo edital para a \u00e1rea de apoio ser\u00e1 publicado ainda em 2025<\/strong>, com foco no cargo de Auditor de TI. Al\u00e9m disso, j\u00e1 est\u00e1 prevista a realiza\u00e7\u00e3o de outro concurso em 2026, com a oferta de mais 100 vagas para o cargo de Auditor Federal de Controle Externo \u2013 \u00e1rea geral. \u00c9 importante lembrar que, entre os editais mencionados, est\u00e3o previstas 20 vagas imediatas e outras 20 para cadastro reserva no cargo de Auditor Federal de Controle Externo (n\u00edvel superior). A organiza\u00e7\u00e3o do concurso ficar\u00e1 a cargo do Cebraspe. A expectativa \u00e9 de que as vagas sejam voltadas para a \u00e1rea de Tecnologia da Informa\u00e7\u00e3o, embora seja aceita forma\u00e7\u00e3o em qualquer \u00e1rea. Ainda, segundo fontes internas, a previs\u00e3o \u00e9 de que as provas sejam aplicadas entre setembro e outubro.<\/li>\n<\/ul>\n\n\n\n<ul class=\"wp-block-list\">\n<li><strong><a href=\"https:\/\/www.estrategiaconcursos.com.br\/blog\/concurso-seplag-rj\/\" target=\"_blank\" rel=\"noreferrer noopener\">Seplag RJ<\/a><\/strong>: A Secretaria de Planejamento e Gest\u00e3o do Estado do Rio de Janeiro (Seplag RJ) ter\u00e1, finalmente, o seu concurso p\u00fablico na pra\u00e7a. Isso porque a <strong>comiss\u00e3o organizadora est\u00e1 oficialmente formada<\/strong>! Com isso, crescem as expectativas para o in\u00edcio dos tr\u00e2mites do certame, assim como para a defini\u00e7\u00e3o da empresa que ficar\u00e1 respons\u00e1vel pela aplica\u00e7\u00e3o das provas, ou seja, a banca organizadora. \u00c9 importante lembrar que o concurso Seplag RJ foi autorizado pelo governador do estado para provimento de 60 vagas. As oportunidades ser\u00e3o destinadas aos cargos de Especialista em Pol\u00edticas P\u00fablicas e Gest\u00e3o Governamental (EPPGG) e Analista de Planejamento e Or\u00e7amento (APO), ambos de n\u00edvel superior.<\/li>\n<\/ul>\n\n\n\n<ul class=\"wp-block-list\">\n<li><strong><a href=\"https:\/\/www.estrategiaconcursos.com.br\/blog\/concurso-proderj\/\" target=\"_blank\" rel=\"noreferrer noopener\">Proderj<\/a><\/strong>: Foi <strong>publicado o Termo de Refer\u00eancia<\/strong> do concurso do Centro de Tecnologia da Informa\u00e7\u00e3o e Comunica\u00e7\u00e3o (PRODERJ). O documento traz detalhes acerca do pr\u00f3ximo edital, que contar\u00e1 com 28 vagas! Deste total, 5 vagas ser\u00e3o destinadas ao cargo de Programador de Produ\u00e7\u00e3o, Computa\u00e7\u00e3o, 5 para T\u00e9cnico de Suporte e outras 5 vagas para Assistente Administrativo, todos de n\u00edvel m\u00e9dio. Al\u00e9m dessas vagas, ainda haver\u00e1 13 oportunidades para o cargo de Analista de Sistemas e M\u00e9todos, sendo este exclusivamente para aqueles que tenham o n\u00edvel superior. Ademais, os interessados no certame ter\u00e3o que se inscrever pagando um valor de R$ 80 para os cargos de n\u00edvel m\u00e9dio e R$ 100 para a fun\u00e7\u00e3o de n\u00edvel superior. A Proderj prev\u00ea cerca de 4 mil inscritos na sele\u00e7\u00e3o.<\/li>\n<\/ul>\n\n\n\n<ul class=\"wp-block-list\">\n<li><strong><a href=\"https:\/\/www.estrategiaconcursos.com.br\/blog\/concurso-iss-porto-velho\/\" target=\"_blank\" rel=\"noreferrer noopener\">ISS Porto Velho<\/a><\/strong>: Enfim, o concurso ISS Porto Velho, destinado \u00e0 Secretaria Municipal de Fazenda (SEMFAZ), deve <strong>finalmente sair do papel em 2025<\/strong>! O an\u00fancio foi feito pelo prefeito de Porto Velho, L\u00e9o Moraes, que divulgou um mega pacote de novos concursos p\u00fablicos para a capital rondoniense ainda em 2025. Embora a \u00e1rea fiscal n\u00e3o tenha sido mencionada no v\u00eddeo, o prefeito confirmou a realiza\u00e7\u00e3o do concurso da SEMFAZ em resposta a um seguidor. Vale lembrar que o certame possui comiss\u00e3o formada desde o ano passado.<\/li>\n<\/ul>\n\n\n\n<p>Espero que tenham gostado da Carta aos Assinantes. Desejo a todos uma excelente semana de estudos!<\/p>\n\n\n\n<p>Abra\u00e7os,<\/p>\n\n\n\n<p><strong>Prof. Diego Cerqueira<\/strong><\/p>\n","protected":false},"excerpt":{"rendered":"<p>Confira, em nossa ducent\u00e9sima quadrag\u00e9sima oitava carta aos assinantes, a nossa programa\u00e7\u00e3o semanal, as novidades do nosso Sistema de Quest\u00f5es e as principais movimenta\u00e7\u00f5es de concursos. Ol\u00e1, pessoal. Tudo bem? Aqui \u00e9 o&nbsp;Prof. Diego Cerqueira&nbsp;em nossa ducent\u00e9sima quadrag\u00e9sima oitava carta aos Assinantes do Estrat\u00e9gia Concursos. Seu sonho \u00e9 ingressar na Receita Federal? Ent\u00e3o, aten\u00e7\u00e3o: um [&hellip;]<\/p>\n","protected":false},"author":1789,"featured_media":1058143,"comment_status":"open","ping_status":"closed","sticky":false,"template":"","format":"standard","meta":{"post_tipo":"article","footnotes":""},"categories":[1,220219],"tags":[],"tax_estado":[219963],"class_list":["post-1612168","post","type-post","status-publish","format-standard","has-post-thumbnail","hentry","category-cursos-e-concursos","category-noticias","tax_estado-concursos-federais"],"acf":[],"yoast_head":"<!-- This site is optimized with the Yoast SEO Premium plugin v27.2 (Yoast SEO v27.2) - https:\/\/yoast.com\/product\/yoast-seo-premium-wordpress\/ -->\n<title>Carta aos Assinantes do Estrat\u00e9gia Concursos - 248<\/title>\n<meta name=\"description\" content=\"Confira em nossa 248\u00aa carta aos assinantes as novidades do nosso SQ e principais movimenta\u00e7\u00f5es de concursos.\" \/>\n<meta name=\"robots\" content=\"index, follow, max-snippet:-1, max-image-preview:large, max-video-preview:-1\" \/>\n<link rel=\"canonical\" href=\"https:\/\/www.estrategiaconcursos.com.br\/blog\/carta-aos-assinantes-248\/\" \/>\n<meta property=\"og:locale\" content=\"pt_BR\" \/>\n<meta property=\"og:type\" content=\"article\" \/>\n<meta property=\"og:title\" content=\"Carta aos Assinantes do Estrat\u00e9gia Concursos - 248\" \/>\n<meta property=\"og:description\" content=\"Confira em nossa 248\u00aa carta aos assinantes as novidades do nosso SQ e principais movimenta\u00e7\u00f5es de concursos.\" \/>\n<meta property=\"og:url\" content=\"https:\/\/www.estrategiaconcursos.com.br\/blog\/carta-aos-assinantes-248\/\" \/>\n<meta property=\"og:site_name\" content=\"Estrat\u00e9gia Concursos\" \/>\n<meta property=\"article:published_time\" content=\"2025-07-28T12:00:00+00:00\" \/>\n<meta property=\"article:modified_time\" content=\"2025-08-04T15:15:32+00:00\" \/>\n<meta property=\"og:image\" content=\"https:\/\/dhg1h5j42swfq.cloudfront.net\/2022\/07\/08165823\/imagem-carta-aos-assinantes-1.png\" \/>\n\t<meta property=\"og:image:width\" content=\"800\" \/>\n\t<meta property=\"og:image:height\" content=\"450\" \/>\n\t<meta property=\"og:image:type\" content=\"image\/png\" \/>\n<meta name=\"author\" content=\"Coordena\u00e7\u00e3o Estrat\u00e9gia\" \/>\n<meta name=\"twitter:card\" content=\"summary_large_image\" \/>\n<meta name=\"twitter:creator\" content=\"@EstratConcursos\" \/>\n<meta name=\"twitter:site\" content=\"@EstratConcursos\" \/>\n<meta name=\"twitter:label1\" content=\"Escrito por\" \/>\n\t<meta name=\"twitter:data1\" content=\"Coordena\u00e7\u00e3o Estrat\u00e9gia\" \/>\n\t<meta name=\"twitter:label2\" content=\"Est. tempo de leitura\" \/>\n\t<meta name=\"twitter:data2\" content=\"6 minutos\" \/>\n<script type=\"application\/ld+json\" class=\"yoast-schema-graph\">{\"@context\":\"https:\/\/schema.org\",\"@graph\":[{\"@type\":\"NewsArticle\",\"@id\":\"https:\/\/www.estrategiaconcursos.com.br\/blog\/carta-aos-assinantes-248\/#article\",\"isPartOf\":{\"@id\":\"https:\/\/www.estrategiaconcursos.com.br\/blog\/carta-aos-assinantes-248\/\"},\"author\":{\"name\":\"Coordena\u00e7\u00e3o Estrat\u00e9gia\",\"@id\":\"https:\/\/www.estrategiaconcursos.com.br\/blog\/#\/schema\/person\/ba5fab3b1fa4a358429e37bc50f74021\"},\"headline\":\"Carta aos Assinantes do Estrat\u00e9gia Concursos &#8211; 248\",\"datePublished\":\"2025-07-28T12:00:00+00:00\",\"dateModified\":\"2025-08-04T15:15:32+00:00\",\"mainEntityOfPage\":{\"@id\":\"https:\/\/www.estrategiaconcursos.com.br\/blog\/carta-aos-assinantes-248\/\"},\"wordCount\":1109,\"commentCount\":0,\"publisher\":{\"@id\":\"https:\/\/www.estrategiaconcursos.com.br\/blog\/#organization\"},\"image\":{\"@id\":\"https:\/\/www.estrategiaconcursos.com.br\/blog\/carta-aos-assinantes-248\/#primaryimage\"},\"thumbnailUrl\":\"https:\/\/dhg1h5j42swfq.cloudfront.net\/2022\/07\/08165823\/imagem-carta-aos-assinantes-1.png\",\"articleSection\":[\"Concursos P\u00fablicos\",\"\u00daltimas not\u00edcias\"],\"inLanguage\":\"pt-BR\",\"potentialAction\":[{\"@type\":\"CommentAction\",\"name\":\"Comment\",\"target\":[\"https:\/\/www.estrategiaconcursos.com.br\/blog\/carta-aos-assinantes-248\/#respond\"]}],\"copyrightYear\":\"2025\",\"copyrightHolder\":{\"@id\":\"https:\/\/www.estrategiaconcursos.com.br\/blog\/#organization\"}},{\"@type\":\"WebPage\",\"@id\":\"https:\/\/www.estrategiaconcursos.com.br\/blog\/carta-aos-assinantes-248\/\",\"url\":\"https:\/\/www.estrategiaconcursos.com.br\/blog\/carta-aos-assinantes-248\/\",\"name\":\"Carta aos Assinantes do Estrat\u00e9gia Concursos - 248\",\"isPartOf\":{\"@id\":\"https:\/\/www.estrategiaconcursos.com.br\/blog\/#website\"},\"primaryImageOfPage\":{\"@id\":\"https:\/\/www.estrategiaconcursos.com.br\/blog\/carta-aos-assinantes-248\/#primaryimage\"},\"image\":{\"@id\":\"https:\/\/www.estrategiaconcursos.com.br\/blog\/carta-aos-assinantes-248\/#primaryimage\"},\"thumbnailUrl\":\"https:\/\/dhg1h5j42swfq.cloudfront.net\/2022\/07\/08165823\/imagem-carta-aos-assinantes-1.png\",\"datePublished\":\"2025-07-28T12:00:00+00:00\",\"dateModified\":\"2025-08-04T15:15:32+00:00\",\"description\":\"Confira em nossa 248\u00aa carta aos assinantes as novidades do nosso SQ e principais movimenta\u00e7\u00f5es de concursos.\",\"breadcrumb\":{\"@id\":\"https:\/\/www.estrategiaconcursos.com.br\/blog\/carta-aos-assinantes-248\/#breadcrumb\"},\"inLanguage\":\"pt-BR\",\"potentialAction\":[{\"@type\":\"ReadAction\",\"target\":[\"https:\/\/www.estrategiaconcursos.com.br\/blog\/carta-aos-assinantes-248\/\"]}]},{\"@type\":\"ImageObject\",\"inLanguage\":\"pt-BR\",\"@id\":\"https:\/\/www.estrategiaconcursos.com.br\/blog\/carta-aos-assinantes-248\/#primaryimage\",\"url\":\"https:\/\/dhg1h5j42swfq.cloudfront.net\/2022\/07\/08165823\/imagem-carta-aos-assinantes-1.png\",\"contentUrl\":\"https:\/\/dhg1h5j42swfq.cloudfront.net\/2022\/07\/08165823\/imagem-carta-aos-assinantes-1.png\",\"width\":800,\"height\":450,\"caption\":\"Carta aos Assinantes\"},{\"@type\":\"BreadcrumbList\",\"@id\":\"https:\/\/www.estrategiaconcursos.com.br\/blog\/carta-aos-assinantes-248\/#breadcrumb\",\"itemListElement\":[{\"@type\":\"ListItem\",\"position\":1,\"name\":\"In\u00edcio\",\"item\":\"https:\/\/www.estrategiaconcursos.com.br\/blog\/\"},{\"@type\":\"ListItem\",\"position\":2,\"name\":\"Carta aos Assinantes do Estrat\u00e9gia Concursos &#8211; 248\"}]},{\"@type\":\"WebSite\",\"@id\":\"https:\/\/www.estrategiaconcursos.com.br\/blog\/#website\",\"url\":\"https:\/\/www.estrategiaconcursos.com.br\/blog\/\",\"name\":\"Estrat\u00e9gia Concursos\",\"description\":\"O blog da Estrat\u00e9gia Concursos traz not\u00edcias sobre concursos e artigos de professores oferecendo cursos para concursos (pdf + videaulas) no site.\",\"publisher\":{\"@id\":\"https:\/\/www.estrategiaconcursos.com.br\/blog\/#organization\"},\"potentialAction\":[{\"@type\":\"SearchAction\",\"target\":{\"@type\":\"EntryPoint\",\"urlTemplate\":\"https:\/\/www.estrategiaconcursos.com.br\/blog\/?s={search_term_string}\"},\"query-input\":{\"@type\":\"PropertyValueSpecification\",\"valueRequired\":true,\"valueName\":\"search_term_string\"}}],\"inLanguage\":\"pt-BR\"},{\"@type\":\"Organization\",\"@id\":\"https:\/\/www.estrategiaconcursos.com.br\/blog\/#organization\",\"name\":\"Estrat\u00e9gia Concursos\",\"url\":\"https:\/\/www.estrategiaconcursos.com.br\/blog\/\",\"logo\":{\"@type\":\"ImageObject\",\"inLanguage\":\"pt-BR\",\"@id\":\"https:\/\/www.estrategiaconcursos.com.br\/blog\/#\/schema\/logo\/image\/\",\"url\":\"https:\/\/dhg1h5j42swfq.cloudfront.net\/2025\/06\/03203428\/logo_concursos-1.jpg\",\"contentUrl\":\"https:\/\/dhg1h5j42swfq.cloudfront.net\/2025\/06\/03203428\/logo_concursos-1.jpg\",\"width\":230,\"height\":60,\"caption\":\"Estrat\u00e9gia Concursos\"},\"image\":{\"@id\":\"https:\/\/www.estrategiaconcursos.com.br\/blog\/#\/schema\/logo\/image\/\"},\"sameAs\":[\"https:\/\/x.com\/EstratConcursos\"]},{\"@type\":\"Person\",\"@id\":\"https:\/\/www.estrategiaconcursos.com.br\/blog\/#\/schema\/person\/ba5fab3b1fa4a358429e37bc50f74021\",\"name\":\"Coordena\u00e7\u00e3o Estrat\u00e9gia\",\"image\":{\"@type\":\"ImageObject\",\"inLanguage\":\"pt-BR\",\"@id\":\"https:\/\/secure.gravatar.com\/avatar\/adff33ff18541ba37c900dd2b1e82dbfb0fe33d873b92636b4827a8da462feb3?s=96&d=mm&r=g\",\"url\":\"https:\/\/secure.gravatar.com\/avatar\/adff33ff18541ba37c900dd2b1e82dbfb0fe33d873b92636b4827a8da462feb3?s=96&d=mm&r=g\",\"contentUrl\":\"https:\/\/secure.gravatar.com\/avatar\/adff33ff18541ba37c900dd2b1e82dbfb0fe33d873b92636b4827a8da462feb3?s=96&d=mm&r=g\",\"caption\":\"Coordena\u00e7\u00e3o Estrat\u00e9gia\"},\"url\":\"https:\/\/www.estrategiaconcursos.com.br\/blog\/author\/victor-tanakaaestrategiaconcursos-com-br\/\"}]}<\/script>\n<!-- \/ Yoast SEO Premium plugin. -->","yoast_head_json":{"title":"Carta aos Assinantes do Estrat\u00e9gia Concursos - 248","description":"Confira em nossa 248\u00aa carta aos assinantes as novidades do nosso SQ e principais movimenta\u00e7\u00f5es de concursos.","robots":{"index":"index","follow":"follow","max-snippet":"max-snippet:-1","max-image-preview":"max-image-preview:large","max-video-preview":"max-video-preview:-1"},"canonical":"https:\/\/www.estrategiaconcursos.com.br\/blog\/carta-aos-assinantes-248\/","og_locale":"pt_BR","og_type":"article","og_title":"Carta aos Assinantes do Estrat\u00e9gia Concursos - 248","og_description":"Confira em nossa 248\u00aa carta aos assinantes as novidades do nosso SQ e principais movimenta\u00e7\u00f5es de concursos.","og_url":"https:\/\/www.estrategiaconcursos.com.br\/blog\/carta-aos-assinantes-248\/","og_site_name":"Estrat\u00e9gia Concursos","article_published_time":"2025-07-28T12:00:00+00:00","article_modified_time":"2025-08-04T15:15:32+00:00","og_image":[{"width":800,"height":450,"url":"https:\/\/dhg1h5j42swfq.cloudfront.net\/2022\/07\/08165823\/imagem-carta-aos-assinantes-1.png","type":"image\/png"}],"author":"Coordena\u00e7\u00e3o Estrat\u00e9gia","twitter_card":"summary_large_image","twitter_creator":"@EstratConcursos","twitter_site":"@EstratConcursos","twitter_misc":{"Escrito por":"Coordena\u00e7\u00e3o Estrat\u00e9gia","Est. tempo de leitura":"6 minutos"},"schema":{"@context":"https:\/\/schema.org","@graph":[{"@type":"NewsArticle","@id":"https:\/\/www.estrategiaconcursos.com.br\/blog\/carta-aos-assinantes-248\/#article","isPartOf":{"@id":"https:\/\/www.estrategiaconcursos.com.br\/blog\/carta-aos-assinantes-248\/"},"author":{"name":"Coordena\u00e7\u00e3o Estrat\u00e9gia","@id":"https:\/\/www.estrategiaconcursos.com.br\/blog\/#\/schema\/person\/ba5fab3b1fa4a358429e37bc50f74021"},"headline":"Carta aos Assinantes do Estrat\u00e9gia Concursos &#8211; 248","datePublished":"2025-07-28T12:00:00+00:00","dateModified":"2025-08-04T15:15:32+00:00","mainEntityOfPage":{"@id":"https:\/\/www.estrategiaconcursos.com.br\/blog\/carta-aos-assinantes-248\/"},"wordCount":1109,"commentCount":0,"publisher":{"@id":"https:\/\/www.estrategiaconcursos.com.br\/blog\/#organization"},"image":{"@id":"https:\/\/www.estrategiaconcursos.com.br\/blog\/carta-aos-assinantes-248\/#primaryimage"},"thumbnailUrl":"https:\/\/dhg1h5j42swfq.cloudfront.net\/2022\/07\/08165823\/imagem-carta-aos-assinantes-1.png","articleSection":["Concursos P\u00fablicos","\u00daltimas not\u00edcias"],"inLanguage":"pt-BR","potentialAction":[{"@type":"CommentAction","name":"Comment","target":["https:\/\/www.estrategiaconcursos.com.br\/blog\/carta-aos-assinantes-248\/#respond"]}],"copyrightYear":"2025","copyrightHolder":{"@id":"https:\/\/www.estrategiaconcursos.com.br\/blog\/#organization"}},{"@type":"WebPage","@id":"https:\/\/www.estrategiaconcursos.com.br\/blog\/carta-aos-assinantes-248\/","url":"https:\/\/www.estrategiaconcursos.com.br\/blog\/carta-aos-assinantes-248\/","name":"Carta aos Assinantes do Estrat\u00e9gia Concursos - 248","isPartOf":{"@id":"https:\/\/www.estrategiaconcursos.com.br\/blog\/#website"},"primaryImageOfPage":{"@id":"https:\/\/www.estrategiaconcursos.com.br\/blog\/carta-aos-assinantes-248\/#primaryimage"},"image":{"@id":"https:\/\/www.estrategiaconcursos.com.br\/blog\/carta-aos-assinantes-248\/#primaryimage"},"thumbnailUrl":"https:\/\/dhg1h5j42swfq.cloudfront.net\/2022\/07\/08165823\/imagem-carta-aos-assinantes-1.png","datePublished":"2025-07-28T12:00:00+00:00","dateModified":"2025-08-04T15:15:32+00:00","description":"Confira em nossa 248\u00aa carta aos assinantes as novidades do nosso SQ e principais movimenta\u00e7\u00f5es de concursos.","breadcrumb":{"@id":"https:\/\/www.estrategiaconcursos.com.br\/blog\/carta-aos-assinantes-248\/#breadcrumb"},"inLanguage":"pt-BR","potentialAction":[{"@type":"ReadAction","target":["https:\/\/www.estrategiaconcursos.com.br\/blog\/carta-aos-assinantes-248\/"]}]},{"@type":"ImageObject","inLanguage":"pt-BR","@id":"https:\/\/www.estrategiaconcursos.com.br\/blog\/carta-aos-assinantes-248\/#primaryimage","url":"https:\/\/dhg1h5j42swfq.cloudfront.net\/2022\/07\/08165823\/imagem-carta-aos-assinantes-1.png","contentUrl":"https:\/\/dhg1h5j42swfq.cloudfront.net\/2022\/07\/08165823\/imagem-carta-aos-assinantes-1.png","width":800,"height":450,"caption":"Carta aos Assinantes"},{"@type":"BreadcrumbList","@id":"https:\/\/www.estrategiaconcursos.com.br\/blog\/carta-aos-assinantes-248\/#breadcrumb","itemListElement":[{"@type":"ListItem","position":1,"name":"In\u00edcio","item":"https:\/\/www.estrategiaconcursos.com.br\/blog\/"},{"@type":"ListItem","position":2,"name":"Carta aos Assinantes do Estrat\u00e9gia Concursos &#8211; 248"}]},{"@type":"WebSite","@id":"https:\/\/www.estrategiaconcursos.com.br\/blog\/#website","url":"https:\/\/www.estrategiaconcursos.com.br\/blog\/","name":"Estrat\u00e9gia Concursos","description":"O blog da Estrat\u00e9gia Concursos traz not\u00edcias sobre concursos e artigos de professores oferecendo cursos para concursos (pdf + videaulas) no site.","publisher":{"@id":"https:\/\/www.estrategiaconcursos.com.br\/blog\/#organization"},"potentialAction":[{"@type":"SearchAction","target":{"@type":"EntryPoint","urlTemplate":"https:\/\/www.estrategiaconcursos.com.br\/blog\/?s={search_term_string}"},"query-input":{"@type":"PropertyValueSpecification","valueRequired":true,"valueName":"search_term_string"}}],"inLanguage":"pt-BR"},{"@type":"Organization","@id":"https:\/\/www.estrategiaconcursos.com.br\/blog\/#organization","name":"Estrat\u00e9gia Concursos","url":"https:\/\/www.estrategiaconcursos.com.br\/blog\/","logo":{"@type":"ImageObject","inLanguage":"pt-BR","@id":"https:\/\/www.estrategiaconcursos.com.br\/blog\/#\/schema\/logo\/image\/","url":"https:\/\/dhg1h5j42swfq.cloudfront.net\/2025\/06\/03203428\/logo_concursos-1.jpg","contentUrl":"https:\/\/dhg1h5j42swfq.cloudfront.net\/2025\/06\/03203428\/logo_concursos-1.jpg","width":230,"height":60,"caption":"Estrat\u00e9gia Concursos"},"image":{"@id":"https:\/\/www.estrategiaconcursos.com.br\/blog\/#\/schema\/logo\/image\/"},"sameAs":["https:\/\/x.com\/EstratConcursos"]},{"@type":"Person","@id":"https:\/\/www.estrategiaconcursos.com.br\/blog\/#\/schema\/person\/ba5fab3b1fa4a358429e37bc50f74021","name":"Coordena\u00e7\u00e3o Estrat\u00e9gia","image":{"@type":"ImageObject","inLanguage":"pt-BR","@id":"https:\/\/secure.gravatar.com\/avatar\/adff33ff18541ba37c900dd2b1e82dbfb0fe33d873b92636b4827a8da462feb3?s=96&d=mm&r=g","url":"https:\/\/secure.gravatar.com\/avatar\/adff33ff18541ba37c900dd2b1e82dbfb0fe33d873b92636b4827a8da462feb3?s=96&d=mm&r=g","contentUrl":"https:\/\/secure.gravatar.com\/avatar\/adff33ff18541ba37c900dd2b1e82dbfb0fe33d873b92636b4827a8da462feb3?s=96&d=mm&r=g","caption":"Coordena\u00e7\u00e3o Estrat\u00e9gia"},"url":"https:\/\/www.estrategiaconcursos.com.br\/blog\/author\/victor-tanakaaestrategiaconcursos-com-br\/"}]}},"_links":{"self":[{"href":"https:\/\/www.estrategiaconcursos.com.br\/blog\/wp-json\/wp\/v2\/posts\/1612168","targetHints":{"allow":["GET"]}}],"collection":[{"href":"https:\/\/www.estrategiaconcursos.com.br\/blog\/wp-json\/wp\/v2\/posts"}],"about":[{"href":"https:\/\/www.estrategiaconcursos.com.br\/blog\/wp-json\/wp\/v2\/types\/post"}],"author":[{"embeddable":true,"href":"https:\/\/www.estrategiaconcursos.com.br\/blog\/wp-json\/wp\/v2\/users\/1789"}],"replies":[{"embeddable":true,"href":"https:\/\/www.estrategiaconcursos.com.br\/blog\/wp-json\/wp\/v2\/comments?post=1612168"}],"version-history":[{"count":5,"href":"https:\/\/www.estrategiaconcursos.com.br\/blog\/wp-json\/wp\/v2\/posts\/1612168\/revisions"}],"predecessor-version":[{"id":1613326,"href":"https:\/\/www.estrategiaconcursos.com.br\/blog\/wp-json\/wp\/v2\/posts\/1612168\/revisions\/1613326"}],"wp:featuredmedia":[{"embeddable":true,"href":"https:\/\/www.estrategiaconcursos.com.br\/blog\/wp-json\/wp\/v2\/media\/1058143"}],"wp:attachment":[{"href":"https:\/\/www.estrategiaconcursos.com.br\/blog\/wp-json\/wp\/v2\/media?parent=1612168"}],"wp:term":[{"taxonomy":"category","embeddable":true,"href":"https:\/\/www.estrategiaconcursos.com.br\/blog\/wp-json\/wp\/v2\/categories?post=1612168"},{"taxonomy":"post_tag","embeddable":true,"href":"https:\/\/www.estrategiaconcursos.com.br\/blog\/wp-json\/wp\/v2\/tags?post=1612168"},{"taxonomy":"tax_estado","embeddable":true,"href":"https:\/\/www.estrategiaconcursos.com.br\/blog\/wp-json\/wp\/v2\/tax_estado?post=1612168"}],"curies":[{"name":"wp","href":"https:\/\/api.w.org\/{rel}","templated":true}]}}