{"id":161103,"date":"2019-02-20T01:00:44","date_gmt":"2019-02-20T04:00:44","guid":{"rendered":"https:\/\/www.estrategiaconcursos.com.br\/blog\/?p=161103"},"modified":"2019-02-27T13:58:09","modified_gmt":"2019-02-27T16:58:09","slug":"concurso-fab-2019","status":"publish","type":"post","link":"https:\/\/www.estrategiaconcursos.com.br\/blog\/concurso-fab-2019\/","title":{"rendered":"Concurso FAB 2019: inscri\u00e7\u00f5es encerradas para 55 vagas em diversas \u00e1reas"},"content":{"rendered":"\n<p>O concurso da For\u00e7a A\u00e9rea Brasileira (FAB) j\u00e1 encerrou seu per\u00edodo para inscri\u00e7\u00f5es. Os cinco editais da Aeron\u00e1utica <em>(Concurso FAB 2019)\u00a0<\/em>foram publicados com oferta de no total, 55 vagas para diversas \u00e1reas como \u00c1reas de Apoio, Dentistas, Engenheiros, Farmac\u00eauticos e Capel\u00e3es. <\/p>\n\n\n\n<p>A prova objetiva tem previs\u00e3o de acontecer no dia 05 de maio para todos os cargos. Apesar de serem regidos por editais separados, as etapas e o cronograma inicial das \u00e1reas s\u00e3o bem parecidos, conforme \u00e9 poss\u00edvel ver ao longo deste artigo. <\/p>\n\n\n\n<h3 class=\"wp-block-heading\">Distribui\u00e7\u00e3o das vagas e requisitos<\/h3>\n\n\n\n<p>As 55 vagas ofertadas foram distribu\u00eddas entre os cinco editais da seguinte forma:<\/p>\n\n\n\n<p><strong>Capel\u00e3es da Aeron\u00e1utica:<\/strong><br \/><em>VAGAS: <\/em>2 vagas para Sacerdote Cat\u00f3lico Apost\u00f3lico Romano.<br \/><em>REQUISITOS:<\/em> n\u00e3o ter menos de 30 nem completar 41 anos ano da matr\u00edcula; Bacharelado em Forma\u00e7\u00e3o Teol\u00f3gica Regular.<\/p>\n\n\n\n<p><strong>Dentistas da Aeron\u00e1utica:<\/strong><br \/><em>VAGAS:<\/em> 11 vagas para Cirurgia BucoMaxilo-Facial, Dent\u00edstica, Endodontia, Implantodontia, Odontologia para pacientes com Necessidades Especiais, Odontopediatria e Periodontia. <br \/><em>REQUISITOS:<\/em> n\u00e3o completar 36 anos no ano da matr\u00edcula; N\u00edvel superior em Odontologia.<\/p>\n\n\n\n<p><strong>Oficiais de Apoio: <\/strong><br \/><em>VAGAS:<\/em>  17 vagas para Administra\u00e7\u00e3o, An\u00e1lise de Sistemas, Biblioteconomia, Ci\u00eancias Cont\u00e1beis, Enfermagem, Pedagogia, Psicologia, Servi\u00e7os Jur\u00eddicos e Servi\u00e7o Social. <br \/><em>REQUISITOS:<\/em> possuir no m\u00ednimo 18 e no m\u00e1ximo 32 anos em 31 de dezembro do ano da matr\u00edcula; Curso Superior, bacharelado ou licenciatura, na especialidade a que concorre. <br \/><\/p>\n\n\n\n<p><strong>Farmac\u00eauticos da Aeron\u00e1utica:<\/strong><br \/><em>VAGAS:<\/em> 5 vagas para Farm\u00e1cia Bioqu\u00edmica, Farm\u00e1cia Hospitalar e Farm\u00e1cia Industrial. <br \/><em>REQUISITOS:<\/em> n\u00e3o completar 36 anos no ano da matr\u00edcula; N\u00edvel superior em Farm\u00e1cia.<br \/><\/p>\n\n\n\n<p><strong>Engenheiros da Aeron\u00e1utica:<\/strong><br \/><em>VAGAS:<\/em> 20 vagas para Engenharia Civil, da Computa\u00e7\u00e3o, Eletr\u00f4nica, El\u00e9trica, Mec\u00e2nica, Metal\u00fargica e de Telecomunica\u00e7\u00f5es. <br \/><em>REQUISITOS:<\/em> n\u00e3o completar 36 anos no ano da matr\u00edcula; Bacharelado em Engenharia.<br \/><\/p>\n\n\n\n<h2 class=\"wp-block-heading\">Principais datas do concurso FAB 2019<\/h2>\n\n\n\n<p><strong>Inscri\u00e7\u00f5es: <\/strong>25\/01 a 20\/02<br \/><strong>Isen\u00e7\u00e3o da taxa:<\/strong> 25\/01 a 20\/02 <strong><br \/>Taxa de inscri\u00e7\u00e3o:<\/strong> R$ 130,00<strong><br \/>Data prov\u00e1vel da prova:<\/strong> 05\/05<\/p>\n\n\n\n<h3 class=\"wp-block-heading\">Etapas do concurso para todas as \u00e1reas\/especialidades<\/h3>\n\n\n\n<p>Os concursos ser\u00e3o regidos basicamente por seis etapas, por\u00e9m para os cargos de Capel\u00e3o, Farmac\u00eautico e Dentista foi inclusa uma fase a mais, conforme a listagem:<\/p>\n\n\n\n<p><strong>&#8211;&nbsp;<\/strong>Avalia\u00e7\u00e3o do Ordinariado Militar do Brasil <em>(apenas para Capel\u00e3o)<\/em><br \/><strong>&#8211;&nbsp;<\/strong>Provas Escritas; <br \/><strong>&#8211;&nbsp;<\/strong>Verifica\u00e7\u00e3o de Dados Biogr\u00e1ficos e Profissionais; <br \/><strong>&#8211;&nbsp;<\/strong>Parecer da Comiss\u00e3o de Promo\u00e7\u00f5es de Oficiais, para candidatos militares da Aeron\u00e1utica;<strong> <br \/>&#8211;&nbsp;<\/strong>Inspe\u00e7\u00e3o de Sa\u00fade; <br \/>Exame de Aptid\u00e3o Psicol\u00f3gica; <br \/><strong>&#8211;&nbsp;<\/strong>Teste de Avalia\u00e7\u00e3o do Condicionamento F\u00edsico; <br \/><strong>&#8211;<\/strong> Prova Pr\u00e1tico-Oral <em>(apenas para Dentista e Farmac\u00eautico) <\/em><br \/>Procedimento de Heteroidentifica\u00e7\u00e3o Complementar; e <br \/><span style=\"background-color: #e8eaeb;\"><b>&#8211;&nbsp;<\/b><\/span>Valida\u00e7\u00e3o Documental.<\/p>\n\n\n\n<h3 class=\"wp-block-heading\">Conte\u00fado program\u00e1tico<\/h3>\n\n\n\n<p>O conte\u00fado que est\u00e1 previsto para cair na prova varia de acordo com a \u00e1rea\/especialidade. Voc\u00ea pode conferir o conte\u00fado completo nos editais, dispon\u00edveis na Ficha T\u00e9cnica, mas logo abaixo voc\u00ea confere os principais t\u00f3picos:<\/p>\n\n\n\n<p><strong>Capel\u00e3es da Aeron\u00e1utica:<\/strong><br \/>Gram\u00e1tica e Interpreta\u00e7\u00e3o de Texto;<br \/>Teologia Cat\u00f3lica.<\/p>\n\n\n\n<p><strong>Dentistas, Oficiais de Apoio, Engenheiros e Farmac\u00eauticos:<\/strong> <br \/>Gram\u00e1tica e Interpreta\u00e7\u00e3o de Texto; <br \/>Conhecimentos Especializados.<\/p>\n\n\n\n<h3 class=\"wp-block-heading\">Teste de avalia\u00e7\u00e3o do condicionamento f\u00edsico<\/h3>\n\n\n\n<p>O TACF avaliar\u00e1 a higidez e o vigor, por meio de exerc\u00edcios e \u00edndices m\u00ednimos a serem alcan\u00e7ados, fixados por sexo e definidos em instru\u00e7\u00f5es da Aeron\u00e1utica, sendo:<\/p>\n\n\n\n<figure class=\"wp-block-image\"><img loading=\"lazy\" decoding=\"async\" width=\"657\" height=\"184\" src=\"https:\/\/dhg1h5j42swfq.cloudfront.net\/2019\/01\/19082432\/taf-min.jpg\" alt=\"\" class=\"wp-image-160276\" srcset=\"https:\/\/dhg1h5j42swfq.cloudfront.net\/2019\/01\/19082432\/taf-min.jpg 657w, https:\/\/dhg1h5j42swfq.cloudfront.net\/2019\/01\/19082432\/taf-min.jpg 300w\" sizes=\"auto, (max-width: 657px) 100vw, 657px\" \/><\/figure>\n\n\n\n<p style=\"font-size:25px;text-align:center\"><u><em>Cursos\u00a0para\u00a0concursos\u00a0FAB\u00a02019<\/em>:<\/u><\/p>\n\n\n\n<p style=\"text-align:center\"><strong><a rel=\"noreferrer noopener\" aria-label=\"Cursos para&nbsp;Est\u00e1gio&nbsp;de&nbsp;Adapta\u00e7\u00e3o&nbsp;de&nbsp;Oficiais&nbsp;Dentistas&nbsp;(CADAR) (opens in a new tab)\" href=\"https:\/\/www.estrategiaconcursos.com.br\/cursosPorConcurso\/estagio-de-adaptacao-de-oficiais-de-dentistas-da-aeronautica-cadar-2020\/\" target=\"_blank\">Cursos para&nbsp;Est\u00e1gio&nbsp;de&nbsp;Adapta\u00e7\u00e3o&nbsp;de&nbsp;Oficiais&nbsp;Dentistas&nbsp;(CADAR)<\/a><\/strong><\/p>\n\n\n\n<p style=\"text-align:center\"><strong><a rel=\"noreferrer noopener\" aria-label=\"Cursos para&nbsp;Est\u00e1gio&nbsp;de&nbsp;Adapta\u00e7\u00e3o&nbsp;de&nbsp;Oficiais&nbsp;Farmac\u00eauticos (CAFAR) (opens in a new tab)\" href=\"https:\/\/www.estrategiaconcursos.com.br\/cursosPorConcurso\/estagio-de-adaptacao-de-oficiais-de-farmaceuticos-da-aeronautica-cafar\/\" target=\"_blank\">Cursos para&nbsp;Est\u00e1gio&nbsp;de&nbsp;Adapta\u00e7\u00e3o&nbsp;de&nbsp;Oficiais&nbsp;Farmac\u00eauticos (CAFAR)<\/a><\/strong><\/p>\n\n\n\n<p style=\"text-align:center\"><a rel=\"noreferrer noopener\" aria-label=\"Cursos para Est\u00e1gio de Adapta\u00e7\u00e3o de Oficiais de Apoio (EAOAP) (opens in a new tab)\" href=\"https:\/\/www.estrategiaconcursos.com.br\/cursosPorConcurso\/estagio-de-adaptacao-de-oficiais-de-apoio-da-aeronautica-eaoap\/\" target=\"_blank\"><strong>Cursos para Est\u00e1gio de Adapta\u00e7\u00e3o de Oficiais de Apoio (EAOAP)<\/strong><\/a><strong><br \/><\/strong><br \/><\/p>\n\n\n\n<figure class=\"wp-block-image\"><img loading=\"lazy\" decoding=\"async\" width=\"300\" height=\"102\" src=\"https:\/\/dhg1h5j42swfq.cloudfront.net\/2017\/03\/28152500\/coruja-ficha-tecnica-300x102.png\" alt=\"Ficha t\u00e9cnica Concurso FAB 2019\" class=\"wp-image-68542\"\/><\/figure>\n\n\n\n<p><strong>Informa\u00e7\u00f5es do concurso FAB 2019<\/strong><\/p>\n\n\n\n<p>\u25ba<strong>Data&nbsp;prevista&nbsp;da&nbsp;prova<\/strong>: 05 de maio <br \/>\u25ba<strong>Vagas<\/strong>: 55<br \/>\u25ba<strong>Cargos<\/strong>: V\u00e1rios<br \/>\u25ba<strong>Escolaridade<\/strong>: N\u00edvel superior<br \/>\u25ba<strong>Editais:<\/strong><br \/><a rel=\"noreferrer noopener\" href=\"https:\/\/www.estrategiaconcursos.com.br\/blog\/wp-content\/uploads\/2019\/01\/Capel\u00e3es-da-Aeron\u00e1utica.pdf\" target=\"_blank\">Capel\u00e3es da Aeron\u00e1utica<\/a><br \/><a rel=\"noreferrer noopener\" href=\"https:\/\/www.estrategiaconcursos.com.br\/blog\/wp-content\/uploads\/2019\/01\/Dentistas-da-Aeron\u00e1utica.pdf\" target=\"_blank\">Dentistas da Aeron\u00e1utica<\/a><br \/><a rel=\"noreferrer noopener\" href=\"https:\/\/www.estrategiaconcursos.com.br\/blog\/wp-content\/uploads\/2019\/01\/Est\u00e1gio-de-Adapta\u00e7\u00e3o-de-Oficiais-de-Apoio.pdf\" target=\"_blank\">Oficiais de Apoio<\/a><br \/><a rel=\"noreferrer noopener\" href=\"https:\/\/www.estrategiaconcursos.com.br\/blog\/wp-content\/uploads\/2019\/01\/Farmac\u00eauticos-da-Aeron\u00e1utica.pdf\" target=\"_blank\">Farmac\u00eauticos da Aeron\u00e1utica<\/a><br \/><a rel=\"noreferrer noopener\" href=\"https:\/\/www.estrategiaconcursos.com.br\/blog\/wp-content\/uploads\/2019\/01\/Oficiais-Engenheiros-da-Aeron\u00e1utica.pdf\" target=\"_blank\">Engenheiros da Aeron\u00e1utica<\/a><\/p>\n\n\n\n<p><em>Ascom Estrat\u00e9gia<\/em><br \/>ascomestrategia@gmail.com<\/p>\n\n\n\n<p style=\"text-align:center\"><em><strong>Receba not\u00edcias de Concursos no seu WhatsApp e\/ou Telegram!<\/strong><\/em><\/p>\n\n\n\n<p style=\"text-align:center\"><em><strong>Cadastre-se clicando no \u00edcone abaixo<\/strong><\/em><\/p>\n\n\n\n<div class=\"wp-block-image\"><figure class=\"aligncenter\"><a href=\"https:\/\/www.estrategiaconcursos.com.br\/blog\/noticias-de-concursos-whatsapp-estrategia-concursos\/\" target=\"_blank\" rel=\"noreferrer noopener\"><img loading=\"lazy\" decoding=\"async\" width=\"320\" height=\"180\" src=\"https:\/\/dhg1h5j42swfq.cloudfront.net\/2018\/03\/22113932\/whatsapptelegram-e1548177162795.png\" alt=\"\" class=\"wp-image-112824\"\/><\/a><\/figure><\/div>\n\n\n\n<p style=\"text-align:center\"><a rel=\"noreferrer noopener\" href=\"https:\/\/www.estrategiaconcursos.com.br\/blog\/noticias-de-concursos-whatsapp-estrategia-concursos\/\" target=\"_blank\">Not\u00edcias de concursos no seu WhatsApp e\/ou Telegram<\/a><\/p>\n","protected":false},"excerpt":{"rendered":"<p>O concurso da For\u00e7a A\u00e9rea Brasileira (FAB) j\u00e1 encerrou seu per\u00edodo para inscri\u00e7\u00f5es. Os cinco editais da Aeron\u00e1utica (Concurso FAB 2019)\u00a0foram publicados com oferta de no total, 55 vagas para diversas \u00e1reas como \u00c1reas de Apoio, Dentistas, Engenheiros, Farmac\u00eauticos e Capel\u00e3es. A prova objetiva tem previs\u00e3o de acontecer no dia 05 de maio para todos [&hellip;]<\/p>\n","protected":false},"author":214,"featured_media":161104,"comment_status":"open","ping_status":"closed","sticky":false,"template":"","format":"standard","meta":{"post_tipo":"article","footnotes":""},"categories":[1],"tags":[],"tax_estado":[],"class_list":["post-161103","post","type-post","status-publish","format-standard","has-post-thumbnail","hentry","category-cursos-e-concursos"],"acf":[],"yoast_head":"<!-- This site is optimized with the Yoast SEO Premium plugin v27.2 (Yoast SEO v27.2) - https:\/\/yoast.com\/product\/yoast-seo-premium-wordpress\/ -->\n<title>Concurso FAB 2019: inscri\u00e7\u00f5es encerradas para 55 vagas em diversas \u00e1reas<\/title>\n<meta name=\"description\" content=\"Concurso FAB 2019: inscri\u00e7\u00f5es encerradas para os cinco editais com oferta de 55 vagas em diversas \u00e1reas de especializa\u00e7\u00e3o. Provas previstas para maio.\" \/>\n<meta name=\"robots\" content=\"index, follow, max-snippet:-1, max-image-preview:large, max-video-preview:-1\" \/>\n<link rel=\"canonical\" href=\"https:\/\/www.estrategiaconcursos.com.br\/blog\/concurso-fab-2019\/\" \/>\n<meta property=\"og:locale\" content=\"pt_BR\" \/>\n<meta property=\"og:type\" content=\"article\" \/>\n<meta property=\"og:title\" content=\"Concurso FAB 2019: inscri\u00e7\u00f5es encerradas para 55 vagas em diversas \u00e1reas\" \/>\n<meta property=\"og:description\" content=\"Concurso FAB 2019: inscri\u00e7\u00f5es encerradas para os cinco editais com oferta de 55 vagas em diversas \u00e1reas de especializa\u00e7\u00e3o. Provas previstas para maio.\" \/>\n<meta property=\"og:url\" content=\"https:\/\/www.estrategiaconcursos.com.br\/blog\/concurso-fab-2019\/\" \/>\n<meta property=\"og:site_name\" content=\"Estrat\u00e9gia Concursos\" \/>\n<meta property=\"article:published_time\" content=\"2019-02-20T04:00:44+00:00\" \/>\n<meta property=\"article:modified_time\" content=\"2019-02-27T16:58:09+00:00\" \/>\n<meta property=\"og:image\" content=\"https:\/\/dhg1h5j42swfq.cloudfront.net\/2019\/01\/22143207\/destaque-484961-aero.jpg\" \/>\n\t<meta property=\"og:image:width\" content=\"888\" \/>\n\t<meta property=\"og:image:height\" content=\"500\" \/>\n\t<meta property=\"og:image:type\" content=\"image\/jpeg\" \/>\n<meta name=\"author\" content=\"D\u00e9cio Terror Filho\" \/>\n<meta name=\"twitter:card\" content=\"summary_large_image\" \/>\n<meta name=\"twitter:creator\" content=\"@EstratConcursos\" \/>\n<meta name=\"twitter:site\" content=\"@EstratConcursos\" \/>\n<meta name=\"twitter:label1\" content=\"Escrito por\" \/>\n\t<meta name=\"twitter:data1\" content=\"D\u00e9cio Terror Filho\" \/>\n\t<meta name=\"twitter:label2\" content=\"Est. tempo de leitura\" \/>\n\t<meta name=\"twitter:data2\" content=\"3 minutos\" \/>\n<script type=\"application\/ld+json\" class=\"yoast-schema-graph\">{\"@context\":\"https:\/\/schema.org\",\"@graph\":[{\"@type\":\"NewsArticle\",\"@id\":\"https:\/\/www.estrategiaconcursos.com.br\/blog\/concurso-fab-2019\/#article\",\"isPartOf\":{\"@id\":\"https:\/\/www.estrategiaconcursos.com.br\/blog\/concurso-fab-2019\/\"},\"author\":{\"name\":\"D\u00e9cio Terror Filho\",\"@id\":\"https:\/\/www.estrategiaconcursos.com.br\/blog\/#\/schema\/person\/e8165364027a31208914fc77c3314727\"},\"headline\":\"Concurso FAB 2019: inscri\u00e7\u00f5es encerradas para 55 vagas em diversas \u00e1reas\",\"datePublished\":\"2019-02-20T04:00:44+00:00\",\"dateModified\":\"2019-02-27T16:58:09+00:00\",\"mainEntityOfPage\":{\"@id\":\"https:\/\/www.estrategiaconcursos.com.br\/blog\/concurso-fab-2019\/\"},\"wordCount\":713,\"commentCount\":3,\"publisher\":{\"@id\":\"https:\/\/www.estrategiaconcursos.com.br\/blog\/#organization\"},\"image\":{\"@id\":\"https:\/\/www.estrategiaconcursos.com.br\/blog\/concurso-fab-2019\/#primaryimage\"},\"thumbnailUrl\":\"https:\/\/dhg1h5j42swfq.cloudfront.net\/2019\/01\/22143207\/destaque-484961-aero.jpg\",\"articleSection\":[\"Concursos P\u00fablicos\"],\"inLanguage\":\"pt-BR\",\"potentialAction\":[{\"@type\":\"CommentAction\",\"name\":\"Comment\",\"target\":[\"https:\/\/www.estrategiaconcursos.com.br\/blog\/concurso-fab-2019\/#respond\"]}],\"copyrightYear\":\"2019\",\"copyrightHolder\":{\"@id\":\"https:\/\/www.estrategiaconcursos.com.br\/blog\/#organization\"}},{\"@type\":\"WebPage\",\"@id\":\"https:\/\/www.estrategiaconcursos.com.br\/blog\/concurso-fab-2019\/\",\"url\":\"https:\/\/www.estrategiaconcursos.com.br\/blog\/concurso-fab-2019\/\",\"name\":\"Concurso FAB 2019: inscri\u00e7\u00f5es encerradas para 55 vagas em diversas \u00e1reas\",\"isPartOf\":{\"@id\":\"https:\/\/www.estrategiaconcursos.com.br\/blog\/#website\"},\"primaryImageOfPage\":{\"@id\":\"https:\/\/www.estrategiaconcursos.com.br\/blog\/concurso-fab-2019\/#primaryimage\"},\"image\":{\"@id\":\"https:\/\/www.estrategiaconcursos.com.br\/blog\/concurso-fab-2019\/#primaryimage\"},\"thumbnailUrl\":\"https:\/\/dhg1h5j42swfq.cloudfront.net\/2019\/01\/22143207\/destaque-484961-aero.jpg\",\"datePublished\":\"2019-02-20T04:00:44+00:00\",\"dateModified\":\"2019-02-27T16:58:09+00:00\",\"description\":\"Concurso FAB 2019: inscri\u00e7\u00f5es encerradas para os cinco editais com oferta de 55 vagas em diversas \u00e1reas de especializa\u00e7\u00e3o. Provas previstas para maio.\",\"breadcrumb\":{\"@id\":\"https:\/\/www.estrategiaconcursos.com.br\/blog\/concurso-fab-2019\/#breadcrumb\"},\"inLanguage\":\"pt-BR\",\"potentialAction\":[{\"@type\":\"ReadAction\",\"target\":[\"https:\/\/www.estrategiaconcursos.com.br\/blog\/concurso-fab-2019\/\"]}]},{\"@type\":\"ImageObject\",\"inLanguage\":\"pt-BR\",\"@id\":\"https:\/\/www.estrategiaconcursos.com.br\/blog\/concurso-fab-2019\/#primaryimage\",\"url\":\"https:\/\/dhg1h5j42swfq.cloudfront.net\/2019\/01\/22143207\/destaque-484961-aero.jpg\",\"contentUrl\":\"https:\/\/dhg1h5j42swfq.cloudfront.net\/2019\/01\/22143207\/destaque-484961-aero.jpg\",\"width\":888,\"height\":500},{\"@type\":\"BreadcrumbList\",\"@id\":\"https:\/\/www.estrategiaconcursos.com.br\/blog\/concurso-fab-2019\/#breadcrumb\",\"itemListElement\":[{\"@type\":\"ListItem\",\"position\":1,\"name\":\"In\u00edcio\",\"item\":\"https:\/\/www.estrategiaconcursos.com.br\/blog\/\"},{\"@type\":\"ListItem\",\"position\":2,\"name\":\"Concurso FAB 2019: inscri\u00e7\u00f5es encerradas para 55 vagas em diversas \u00e1reas\"}]},{\"@type\":\"WebSite\",\"@id\":\"https:\/\/www.estrategiaconcursos.com.br\/blog\/#website\",\"url\":\"https:\/\/www.estrategiaconcursos.com.br\/blog\/\",\"name\":\"Estrat\u00e9gia Concursos\",\"description\":\"O blog da Estrat\u00e9gia Concursos traz not\u00edcias sobre concursos e artigos de professores oferecendo cursos para concursos (pdf + videaulas) no site.\",\"publisher\":{\"@id\":\"https:\/\/www.estrategiaconcursos.com.br\/blog\/#organization\"},\"potentialAction\":[{\"@type\":\"SearchAction\",\"target\":{\"@type\":\"EntryPoint\",\"urlTemplate\":\"https:\/\/www.estrategiaconcursos.com.br\/blog\/?s={search_term_string}\"},\"query-input\":{\"@type\":\"PropertyValueSpecification\",\"valueRequired\":true,\"valueName\":\"search_term_string\"}}],\"inLanguage\":\"pt-BR\"},{\"@type\":\"Organization\",\"@id\":\"https:\/\/www.estrategiaconcursos.com.br\/blog\/#organization\",\"name\":\"Estrat\u00e9gia Concursos\",\"url\":\"https:\/\/www.estrategiaconcursos.com.br\/blog\/\",\"logo\":{\"@type\":\"ImageObject\",\"inLanguage\":\"pt-BR\",\"@id\":\"https:\/\/www.estrategiaconcursos.com.br\/blog\/#\/schema\/logo\/image\/\",\"url\":\"https:\/\/dhg1h5j42swfq.cloudfront.net\/2025\/06\/03203428\/logo_concursos-1.jpg\",\"contentUrl\":\"https:\/\/dhg1h5j42swfq.cloudfront.net\/2025\/06\/03203428\/logo_concursos-1.jpg\",\"width\":230,\"height\":60,\"caption\":\"Estrat\u00e9gia Concursos\"},\"image\":{\"@id\":\"https:\/\/www.estrategiaconcursos.com.br\/blog\/#\/schema\/logo\/image\/\"},\"sameAs\":[\"https:\/\/x.com\/EstratConcursos\"]},{\"@type\":\"Person\",\"@id\":\"https:\/\/www.estrategiaconcursos.com.br\/blog\/#\/schema\/person\/e8165364027a31208914fc77c3314727\",\"name\":\"D\u00e9cio Terror Filho\",\"image\":{\"@type\":\"ImageObject\",\"inLanguage\":\"pt-BR\",\"@id\":\"https:\/\/secure.gravatar.com\/avatar\/a5b78e734de7c6482e965926e78344deb81abbc34282a3c9536cbb1a59728a37?s=96&d=mm&r=g\",\"url\":\"https:\/\/secure.gravatar.com\/avatar\/a5b78e734de7c6482e965926e78344deb81abbc34282a3c9536cbb1a59728a37?s=96&d=mm&r=g\",\"contentUrl\":\"https:\/\/secure.gravatar.com\/avatar\/a5b78e734de7c6482e965926e78344deb81abbc34282a3c9536cbb1a59728a37?s=96&d=mm&r=g\",\"caption\":\"D\u00e9cio Terror Filho\"},\"url\":\"https:\/\/www.estrategiaconcursos.com.br\/blog\/author\/contatoterrorportugues-com-br\/\"}]}<\/script>\n<!-- \/ Yoast SEO Premium plugin. -->","yoast_head_json":{"title":"Concurso FAB 2019: inscri\u00e7\u00f5es encerradas para 55 vagas em diversas \u00e1reas","description":"Concurso FAB 2019: inscri\u00e7\u00f5es encerradas para os cinco editais com oferta de 55 vagas em diversas \u00e1reas de especializa\u00e7\u00e3o. Provas previstas para maio.","robots":{"index":"index","follow":"follow","max-snippet":"max-snippet:-1","max-image-preview":"max-image-preview:large","max-video-preview":"max-video-preview:-1"},"canonical":"https:\/\/www.estrategiaconcursos.com.br\/blog\/concurso-fab-2019\/","og_locale":"pt_BR","og_type":"article","og_title":"Concurso FAB 2019: inscri\u00e7\u00f5es encerradas para 55 vagas em diversas \u00e1reas","og_description":"Concurso FAB 2019: inscri\u00e7\u00f5es encerradas para os cinco editais com oferta de 55 vagas em diversas \u00e1reas de especializa\u00e7\u00e3o. Provas previstas para maio.","og_url":"https:\/\/www.estrategiaconcursos.com.br\/blog\/concurso-fab-2019\/","og_site_name":"Estrat\u00e9gia Concursos","article_published_time":"2019-02-20T04:00:44+00:00","article_modified_time":"2019-02-27T16:58:09+00:00","og_image":[{"width":888,"height":500,"url":"https:\/\/dhg1h5j42swfq.cloudfront.net\/2019\/01\/22143207\/destaque-484961-aero.jpg","type":"image\/jpeg"}],"author":"D\u00e9cio Terror Filho","twitter_card":"summary_large_image","twitter_creator":"@EstratConcursos","twitter_site":"@EstratConcursos","twitter_misc":{"Escrito por":"D\u00e9cio Terror Filho","Est. tempo de leitura":"3 minutos"},"schema":{"@context":"https:\/\/schema.org","@graph":[{"@type":"NewsArticle","@id":"https:\/\/www.estrategiaconcursos.com.br\/blog\/concurso-fab-2019\/#article","isPartOf":{"@id":"https:\/\/www.estrategiaconcursos.com.br\/blog\/concurso-fab-2019\/"},"author":{"name":"D\u00e9cio Terror Filho","@id":"https:\/\/www.estrategiaconcursos.com.br\/blog\/#\/schema\/person\/e8165364027a31208914fc77c3314727"},"headline":"Concurso FAB 2019: inscri\u00e7\u00f5es encerradas para 55 vagas em diversas \u00e1reas","datePublished":"2019-02-20T04:00:44+00:00","dateModified":"2019-02-27T16:58:09+00:00","mainEntityOfPage":{"@id":"https:\/\/www.estrategiaconcursos.com.br\/blog\/concurso-fab-2019\/"},"wordCount":713,"commentCount":3,"publisher":{"@id":"https:\/\/www.estrategiaconcursos.com.br\/blog\/#organization"},"image":{"@id":"https:\/\/www.estrategiaconcursos.com.br\/blog\/concurso-fab-2019\/#primaryimage"},"thumbnailUrl":"https:\/\/dhg1h5j42swfq.cloudfront.net\/2019\/01\/22143207\/destaque-484961-aero.jpg","articleSection":["Concursos P\u00fablicos"],"inLanguage":"pt-BR","potentialAction":[{"@type":"CommentAction","name":"Comment","target":["https:\/\/www.estrategiaconcursos.com.br\/blog\/concurso-fab-2019\/#respond"]}],"copyrightYear":"2019","copyrightHolder":{"@id":"https:\/\/www.estrategiaconcursos.com.br\/blog\/#organization"}},{"@type":"WebPage","@id":"https:\/\/www.estrategiaconcursos.com.br\/blog\/concurso-fab-2019\/","url":"https:\/\/www.estrategiaconcursos.com.br\/blog\/concurso-fab-2019\/","name":"Concurso FAB 2019: inscri\u00e7\u00f5es encerradas para 55 vagas em diversas \u00e1reas","isPartOf":{"@id":"https:\/\/www.estrategiaconcursos.com.br\/blog\/#website"},"primaryImageOfPage":{"@id":"https:\/\/www.estrategiaconcursos.com.br\/blog\/concurso-fab-2019\/#primaryimage"},"image":{"@id":"https:\/\/www.estrategiaconcursos.com.br\/blog\/concurso-fab-2019\/#primaryimage"},"thumbnailUrl":"https:\/\/dhg1h5j42swfq.cloudfront.net\/2019\/01\/22143207\/destaque-484961-aero.jpg","datePublished":"2019-02-20T04:00:44+00:00","dateModified":"2019-02-27T16:58:09+00:00","description":"Concurso FAB 2019: inscri\u00e7\u00f5es encerradas para os cinco editais com oferta de 55 vagas em diversas \u00e1reas de especializa\u00e7\u00e3o. Provas previstas para maio.","breadcrumb":{"@id":"https:\/\/www.estrategiaconcursos.com.br\/blog\/concurso-fab-2019\/#breadcrumb"},"inLanguage":"pt-BR","potentialAction":[{"@type":"ReadAction","target":["https:\/\/www.estrategiaconcursos.com.br\/blog\/concurso-fab-2019\/"]}]},{"@type":"ImageObject","inLanguage":"pt-BR","@id":"https:\/\/www.estrategiaconcursos.com.br\/blog\/concurso-fab-2019\/#primaryimage","url":"https:\/\/dhg1h5j42swfq.cloudfront.net\/2019\/01\/22143207\/destaque-484961-aero.jpg","contentUrl":"https:\/\/dhg1h5j42swfq.cloudfront.net\/2019\/01\/22143207\/destaque-484961-aero.jpg","width":888,"height":500},{"@type":"BreadcrumbList","@id":"https:\/\/www.estrategiaconcursos.com.br\/blog\/concurso-fab-2019\/#breadcrumb","itemListElement":[{"@type":"ListItem","position":1,"name":"In\u00edcio","item":"https:\/\/www.estrategiaconcursos.com.br\/blog\/"},{"@type":"ListItem","position":2,"name":"Concurso FAB 2019: inscri\u00e7\u00f5es encerradas para 55 vagas em diversas \u00e1reas"}]},{"@type":"WebSite","@id":"https:\/\/www.estrategiaconcursos.com.br\/blog\/#website","url":"https:\/\/www.estrategiaconcursos.com.br\/blog\/","name":"Estrat\u00e9gia Concursos","description":"O blog da Estrat\u00e9gia Concursos traz not\u00edcias sobre concursos e artigos de professores oferecendo cursos para concursos (pdf + videaulas) no site.","publisher":{"@id":"https:\/\/www.estrategiaconcursos.com.br\/blog\/#organization"},"potentialAction":[{"@type":"SearchAction","target":{"@type":"EntryPoint","urlTemplate":"https:\/\/www.estrategiaconcursos.com.br\/blog\/?s={search_term_string}"},"query-input":{"@type":"PropertyValueSpecification","valueRequired":true,"valueName":"search_term_string"}}],"inLanguage":"pt-BR"},{"@type":"Organization","@id":"https:\/\/www.estrategiaconcursos.com.br\/blog\/#organization","name":"Estrat\u00e9gia Concursos","url":"https:\/\/www.estrategiaconcursos.com.br\/blog\/","logo":{"@type":"ImageObject","inLanguage":"pt-BR","@id":"https:\/\/www.estrategiaconcursos.com.br\/blog\/#\/schema\/logo\/image\/","url":"https:\/\/dhg1h5j42swfq.cloudfront.net\/2025\/06\/03203428\/logo_concursos-1.jpg","contentUrl":"https:\/\/dhg1h5j42swfq.cloudfront.net\/2025\/06\/03203428\/logo_concursos-1.jpg","width":230,"height":60,"caption":"Estrat\u00e9gia Concursos"},"image":{"@id":"https:\/\/www.estrategiaconcursos.com.br\/blog\/#\/schema\/logo\/image\/"},"sameAs":["https:\/\/x.com\/EstratConcursos"]},{"@type":"Person","@id":"https:\/\/www.estrategiaconcursos.com.br\/blog\/#\/schema\/person\/e8165364027a31208914fc77c3314727","name":"D\u00e9cio Terror Filho","image":{"@type":"ImageObject","inLanguage":"pt-BR","@id":"https:\/\/secure.gravatar.com\/avatar\/a5b78e734de7c6482e965926e78344deb81abbc34282a3c9536cbb1a59728a37?s=96&d=mm&r=g","url":"https:\/\/secure.gravatar.com\/avatar\/a5b78e734de7c6482e965926e78344deb81abbc34282a3c9536cbb1a59728a37?s=96&d=mm&r=g","contentUrl":"https:\/\/secure.gravatar.com\/avatar\/a5b78e734de7c6482e965926e78344deb81abbc34282a3c9536cbb1a59728a37?s=96&d=mm&r=g","caption":"D\u00e9cio Terror Filho"},"url":"https:\/\/www.estrategiaconcursos.com.br\/blog\/author\/contatoterrorportugues-com-br\/"}]}},"_links":{"self":[{"href":"https:\/\/www.estrategiaconcursos.com.br\/blog\/wp-json\/wp\/v2\/posts\/161103","targetHints":{"allow":["GET"]}}],"collection":[{"href":"https:\/\/www.estrategiaconcursos.com.br\/blog\/wp-json\/wp\/v2\/posts"}],"about":[{"href":"https:\/\/www.estrategiaconcursos.com.br\/blog\/wp-json\/wp\/v2\/types\/post"}],"author":[{"embeddable":true,"href":"https:\/\/www.estrategiaconcursos.com.br\/blog\/wp-json\/wp\/v2\/users\/214"}],"replies":[{"embeddable":true,"href":"https:\/\/www.estrategiaconcursos.com.br\/blog\/wp-json\/wp\/v2\/comments?post=161103"}],"version-history":[{"count":23,"href":"https:\/\/www.estrategiaconcursos.com.br\/blog\/wp-json\/wp\/v2\/posts\/161103\/revisions"}],"predecessor-version":[{"id":481308,"href":"https:\/\/www.estrategiaconcursos.com.br\/blog\/wp-json\/wp\/v2\/posts\/161103\/revisions\/481308"}],"wp:featuredmedia":[{"embeddable":true,"href":"https:\/\/www.estrategiaconcursos.com.br\/blog\/wp-json\/wp\/v2\/media\/161104"}],"wp:attachment":[{"href":"https:\/\/www.estrategiaconcursos.com.br\/blog\/wp-json\/wp\/v2\/media?parent=161103"}],"wp:term":[{"taxonomy":"category","embeddable":true,"href":"https:\/\/www.estrategiaconcursos.com.br\/blog\/wp-json\/wp\/v2\/categories?post=161103"},{"taxonomy":"post_tag","embeddable":true,"href":"https:\/\/www.estrategiaconcursos.com.br\/blog\/wp-json\/wp\/v2\/tags?post=161103"},{"taxonomy":"tax_estado","embeddable":true,"href":"https:\/\/www.estrategiaconcursos.com.br\/blog\/wp-json\/wp\/v2\/tax_estado?post=161103"}],"curies":[{"name":"wp","href":"https:\/\/api.w.org\/{rel}","templated":true}]}}