{"id":161016,"date":"2019-01-22T13:14:00","date_gmt":"2019-01-22T16:14:00","guid":{"rendered":"https:\/\/www.estrategiaconcursos.com.br\/blog\/?p=161016"},"modified":"2020-06-23T13:47:59","modified_gmt":"2020-06-23T16:47:59","slug":"concurso-dpdf-analise","status":"publish","type":"post","link":"https:\/\/www.estrategiaconcursos.com.br\/blog\/concurso-dpdf-analise\/","title":{"rendered":"An\u00e1lise Estat\u00edstica e Estrat\u00e9gica da DPDF"},"content":{"rendered":"\n<p>Fala pessoal,\ntudo bem?<\/p>\n\n\n\n<p>A ideia deste\nartigo \u00e9 apresentar um panorama geral e estat\u00edstico a respeito da Defensoria\nP\u00fablica do Distrito Federal, especialmente demonstrando o levantamento do exame\nanterior, para que possamos, juntos, tra\u00e7ar a melhor forma de aprimorar os seus\nestudos.<\/p>\n\n\n\n<p>Antes de iniciarmos, pe\u00e7o licen\u00e7a para me apresentar:<\/p>\n\n\n\n<p>Meu\nnome \u00e9 <strong>Vanderlei Garcia Junior<\/strong>, sou\nAssessor Jur\u00eddico do Tribunal de Justi\u00e7a do Estado de S\u00e3o Paulo e professor do\nEstrat\u00e9gia Carreiras Jur\u00eddicas.<\/p>\n\n\n\n<p>Sou\nDoutorando em Direito pela Pontif\u00edcia Universidade de S\u00e3o Paulo (PUC\/SP) e\nMestre em Direito pela Fadisp\/SP e pela Universit\u00e0 degli Studi di Roma II. <\/p>\n\n\n\n<p>Especialista em Direito Processual Civil pela Escola\nPaulista da Magistratura de S\u00e3o Paulo \u2013 EPM\/SP e em Direito Privado pela\nFaculdade de Direito Dam\u00e1sio de Jesus &#8211; FDDJ\/SP. <\/p>\n\n\n\n<p>De igual maneira, a minha\nexperi\u00eancia profissional inclui a Doc\u00eancia nos cursos de gradua\u00e7\u00e3o e\np\u00f3s-gradua\u00e7\u00e3o em Direito da Universidade Nove de Julho &#8211; Uninove\/SP e da\nFaculdade Aut\u00f4noma de Direito de S\u00e3o Paulo &#8211; Fadisp\/SP, bem como nos cursos de\np\u00f3s-gradua\u00e7\u00e3o em Direito da Universidade Presbiteriana Mackenzie\/SP e da Escola\nPaulista de Direito\/EPD.<\/p>\n\n\n\n<p>Por fim, ministro aulas\nem cursos preparat\u00f3rios para concursos p\u00fablicos e Exames de Ordem, al\u00e9m de ser\nautor de obras jur\u00eddicas nas Editoras Saraiva e Juru\u00e1.<\/p>\n\n\n\n<p>Deixo meus contatos para\nque, assim, possamos tirar quaisquer d\u00favidas a respeito do estudo para a\nDefensoria P\u00fablica. <\/p>\n\n\n\n<p><strong>E-mail<\/strong>: <a href=\"mailto:profvanderleijunior@gmail.com\" target=\"_blank\" rel=\"noreferrer noopener\" aria-label=\" (opens in a new tab)\">profvanderleijunior@gmail.com<\/a> <\/p>\n\n\n\n<p><strong>Facebook<\/strong>: <a href=\"https:\/\/www.facebook.com\/profvanderleigjunior\/\">https:\/\/www.facebook.com\/profvanderleigjun<\/a><a href=\"https:\/\/www.facebook.com\/profvanderleigjunior\/\" target=\"_blank\" rel=\"noreferrer noopener\" aria-label=\"io (opens in a new tab)\">io<\/a><a href=\"https:\/\/www.facebook.com\/profvanderleigjunior\/\">r\/<\/a> <\/p>\n\n\n\n<p><strong>Instagram<\/strong>: @profvanderleijr <\/p>\n\n\n\n<h1 class=\"wp-block-heading\">Prova da Defensoria P\u00fablica do Distrito Federal<\/h1>\n\n\n\n<p>Primeiramente,\nimportante verificar que a prova da Defensoria P\u00fablica possui algumas\npeculiaridades, sendo a primeira delas a realiza\u00e7\u00e3o do certame pela Banca\nCESPE\/CEBRASPE, conforme publicado no Di\u00e1rio Oficial do DF em dezembro de 2018.<\/p>\n\n\n\n<p>O \u00faltimo\nconcurso realizado pela Defensoria P\u00fablica do Distrito Federal ofereceu tr\u00eas\nvagas para o cargo de Segunda Categoria, para in\u00edcio imediato tendo 5.532\ninscritos, cuja prova tamb\u00e9m foi organizada pela Banca CEBRASPE. <\/p>\n\n\n\n<p>O concurso da\nDPDF para Defensor P\u00fablico contou com cinco etapas, de car\u00e1ter eliminat\u00f3rio e\nclassificat\u00f3rio, organizadas da seguinte forma:<\/p>\n\n\n\n<p><strong>1) Prova objetiva (P1) \u2013<\/strong> eliminat\u00f3ria e\nclassificat\u00f3ria;<\/p>\n\n\n\n<p><strong>2) Prova discursiva 1 (P2) \u2013<\/strong>\neliminat\u00f3ria e classificat\u00f3ria;<\/p>\n\n\n\n<p><strong>3) Prova discursiva 2 (P3) &#8211;<\/strong>\neliminat\u00f3ria e classificat\u00f3ria;<\/p>\n\n\n\n<p><strong>4) Prova oral (P4) \u2013<\/strong> eliminat\u00f3ria e\nclassificat\u00f3ria;<\/p>\n\n\n\n<p><strong>5) Avalia\u00e7\u00e3o de t\u00edtulos (P5) \u2013<\/strong>\nclassificat\u00f3ria.<\/p>\n\n\n\n<p>Diferente do\nm\u00e9todo adotado por outras Bancas, sabemos que a Banca CESPE\/CEBRASPE possui uma\ncaracter\u00edstica diferenciada, a de realizar alguns certames na prova objetiva\nexigindo do candidato a resposta de <strong>200\nassertivas<\/strong>, de CERTO e ERRADO, com dura\u00e7\u00e3o de <strong>5 horas<\/strong>. <\/p>\n\n\n\n<p>O <strong>Conte\u00fado Program\u00e1tico Total<\/strong> cobrado\nna primeira etapa foi o seguinte:<\/p>\n\n\n\n<figure class=\"wp-block-table is-style-stripes\"><table><tbody><tr><td>\n  <strong>Conte\u00fado Program\u00e1tico<\/strong>\n  <\/td><\/tr><tr><td>\n  <strong>&nbsp;Direito Constitucional<\/strong>\n  <\/td><\/tr><tr><td>\n  <strong>&nbsp;Direito Administrativo<\/strong>\n  <\/td><\/tr><tr><td>\n  <strong>&nbsp;Direito Penal<\/strong>\n  <\/td><\/tr><tr><td>\n  <strong>&nbsp;Direito Processual Penal<\/strong>\n  <\/td><\/tr><tr><td>\n  <strong>&nbsp;Direito Civil<\/strong>\n  <\/td><\/tr><tr><td>\n  <strong>&nbsp;Direito Empresarial<\/strong>\n  <\/td><\/tr><tr><td>\n  <strong>&nbsp;Direito Processual Civil<\/strong>\n  <\/td><\/tr><tr><td>\n  <strong>&nbsp;Direito do Consumidor<\/strong>\n  <\/td><\/tr><tr><td>\n  <strong>&nbsp;Direitos Difusos e Coletivos<\/strong>\n  <\/td><\/tr><tr><td>\n  <strong>&nbsp;Direito da Crian\u00e7a e do Adolescente<\/strong>\n  <\/td><\/tr><tr><td>\n  <strong>&nbsp;Direitos Humanos<\/strong>\n  <\/td><\/tr><tr><td>\n  <strong>&nbsp;Direito Tribut\u00e1rio<\/strong>\n  <\/td><\/tr><tr><td>\n  <strong>&nbsp;Direito Previdenci\u00e1rio<\/strong>\n  <\/td><\/tr><tr><td>\n  <strong>&nbsp;Organiza\u00e7\u00e3o e Princ\u00edpios Institucionais da\n  Defensoria P\u00fablica e da Defensoria P\u00fablica do Distrito Federal<\/strong>\n  <\/td><\/tr><\/tbody><\/table><\/figure>\n\n\n\n<p>&nbsp;&nbsp;&nbsp;&nbsp;&nbsp;&nbsp;&nbsp; Vejamos,\nna sequ\u00eancia, como foi a <strong>prova objetiva<\/strong>\ndo referido exame, ocorrida em 2.013.<\/p>\n\n\n\n<h1 class=\"wp-block-heading\">Prova Objetiva da DPDF<\/h1>\n\n\n\n<p>Nesta etapa do\ncertame, contamos na \u00faltima prova com a <strong>seguinte\ndistribui\u00e7\u00e3o das quest\u00f5es<\/strong>, relembrando que o \u00faltimo exame ocorreu no ano de\n2.013:<\/p>\n\n\n\n<figure class=\"wp-block-table is-style-stripes\"><table><tbody><tr><td>\n  <strong>Divis\u00e3o das\n  Quest\u00f5es por Mat\u00e9ria<\/strong>\n  <\/td><td>\n  <strong>&nbsp;<\/strong>\n  <\/td><td>\n  <strong>&nbsp;<\/strong>\n  <\/td><\/tr><tr><td>\n  <strong>1. Direito Constitucional&nbsp;\n  <\/strong>\n  <\/td><td>\n  <strong>25 quest\u00f5es<\/strong>\n  <\/td><td>\n  <strong>12%<\/strong>\n  <\/td><\/tr><tr><td>\n  <strong>1.1 Ordem Econ\u00f4mica e Financeira <\/strong>\n  <\/td><td>\n  2\n  quest\u00f5es\n  <\/td><td>\n  1%\n  <\/td><\/tr><tr><td>\n  <strong>1.2 Princ\u00edpios de Interpreta\u00e7\u00e3o Constitucional <\/strong>\n  <\/td><td>\n  1 quest\u00e3o\n  <\/td><td>\n  0,5%\n  <\/td><\/tr><tr><td>\n  <strong>1.3 Controle de Constitucionalidade <\/strong>\n  <\/td><td>\n  3\n  quest\u00f5es\n  <\/td><td>\n  1,5%\n  <\/td><\/tr><tr><td>\n  <strong>1.4 Processo Legislativo <\/strong>\n  <\/td><td>\n  2 quest\u00f5es\n  <\/td><td>\n  1%\n  <\/td><\/tr><tr><td>\n  <strong>1.5 Poder Legislativo <\/strong>\n  <\/td><td>\n  4\n  quest\u00f5es\n  <\/td><td>\n  0,5%\n  <\/td><\/tr><tr><td>\n  <strong>1.6 Fun\u00e7\u00f5es Essenciais \u00e0 Justi\u00e7a <\/strong>\n  <\/td><td>\n  2 quest\u00f5es\n  <\/td><td>\n  1%\n  <\/td><\/tr><tr><td>\n  <strong>1.7 Disposi\u00e7\u00f5es Gerais no Poder Judici\u00e1rio <\/strong>\n  <\/td><td>\n  1\n  quest\u00e3o\n  <\/td><td>\n  0,5%\n  <\/td><\/tr><tr><td>\n  <strong>1.8 Administra\u00e7\u00e3o P\u00fablica \u2013 Disposi\u00e7\u00f5es Gerais e\n  Servidores P\u00fablicos <\/strong>\n  <\/td><td>\n  1 quest\u00e3o\n  <\/td><td>\n  0,5%\n  <\/td><\/tr><tr><td>\n  <strong>1.9 Finan\u00e7as P\u00fablicas \u2013 Or\u00e7amento <\/strong>\n  <\/td><td>\n  1\n  quest\u00e3o\n  <\/td><td>\n  0,5%\n  <\/td><\/tr><tr><td>\n  <strong>1.10 Rem\u00e9dios e Garantias Constitucionais <\/strong>\n  <\/td><td>\n  2 quest\u00f5es\n  <\/td><td>\n  1%\n  <\/td><\/tr><tr><td>\n  <strong>1.11 Teoria da Constitui\u00e7\u00e3o <\/strong>\n  <\/td><td>\n  3\n  quest\u00f5es\n  <\/td><td>\n  1,5%\n  <\/td><\/tr><tr><td>\n  <strong>1.12 Direitos Individuais &#8211; Rem\u00e9dios Constitucionais e\n  Garantias Processuais <\/strong>\n  <\/td><td>\n  3 quest\u00f5es\n  <\/td><td>\n  1,5%\n  <\/td><\/tr><tr><td>\n  <strong>1.13 Poder Judici\u00e1rio<\/strong>\n  <\/td><td>\n  2\n  quest\u00f5es\n  <\/td><td>\n  1%\n  <\/td><\/tr><tr><td>\n  <strong>1.14 Defesa do Estado e das Institui\u00e7\u00f5es Democr\u00e1ticas <\/strong>\n  <\/td><td>\n  1 quest\u00e3o\n  <\/td><td>\n  0,5%\n  <\/td><\/tr><tr><td>\n  <strong>1.15 Classifica\u00e7\u00e3o das Normas Constitucionais<\/strong>\n  <\/td><td>\n  2\n  quest\u00f5es\n  <\/td><td>\n  1%\n  <\/td><\/tr><tr><td>\n  <strong>1.16 Servidores P\u00fablicos <\/strong>\n  <\/td><td>\n  1 quest\u00e3o\n  <\/td><td>\n  0,5%\n  <\/td><\/tr><tr><td>\n  <strong>1.17 Congresso Nacional <\/strong>\n  <\/td><td>\n  1\n  quest\u00e3o\n  <\/td><td>\n  0,5%\n  <\/td><\/tr><tr><td>\n  <strong>1.18 Comiss\u00f5es Parlamentares e Comiss\u00f5es Parlamentares de\n  Inqu\u00e9rito (CPIs) <\/strong>\n  <\/td><td>\n  1 quest\u00e3o\n  <\/td><td>\n  0,5%\n  <\/td><\/tr><tr><td>\n  <strong>1.19 Tribunal de Contas da Uni\u00e3o (TCU) e Fiscaliza\u00e7\u00e3o\n  Cont\u00e1bil, Financeira e Or\u00e7ament\u00e1ria da Uni\u00e3o <\/strong>\n  <\/td><td>\n  1\n  quest\u00e3o\n  <\/td><td>\n  0,5%\n  <\/td><\/tr><tr><td>\n  <strong>1.20 Fase Introdut\u00f3ria \u2013 Iniciativa de Lei por Parlamentar\n  e Extra-Parlamentar <\/strong>\n  <\/td><td>\n  1 quest\u00e3o\n  <\/td><td>\n  0,5%\n  <\/td><\/tr><tr><td>\n  <strong>1.21 Delibera\u00e7\u00e3o Parlamentar 1 quest\u00e3o<\/strong>\n  <\/td><td>\n  1\n  quest\u00e3o\n  <\/td><td>\n  0,5%\n  <\/td><\/tr><tr><td>\n  <strong>1.22 Garantias do Poder Judici\u00e1rio e de seus Membro <\/strong>\n  <\/td><td>\n  1 quest\u00e3o\n  <\/td><td>\n  0,5%\n  <\/td><\/tr><tr><td>\n  <strong>1.23 Minist\u00e9rio P\u00fablico <\/strong>\n  <\/td><td>\n  1\n  quest\u00e3o\n  <\/td><td>\n  0,5%\n  <\/td><\/tr><tr><td>\n  <strong>1.24 Defensoria P\u00fablica <\/strong>\n  <\/td><td>\n  1 quest\u00e3o\n  <\/td><td>\n  0,5%\n  <\/td><\/tr><tr><td>\n  <strong>1.25 Controle Preventivo: Comiss\u00f5es de Constitui\u00e7\u00e3o e\n  Justi\u00e7a e Veto Jur\u00eddico <\/strong>\n  <\/td><td>\n  1\n  quest\u00e3o\n  <\/td><td>\n  0,5%\n  <\/td><\/tr><tr><td>\n  <strong>1.26 Controle Repressivo do Poder Judici\u00e1rio: o Controle\n  Difuso ou Aberto <\/strong>\n  <\/td><td>\n  1 quest\u00e3o\n  <\/td><td>\n  0,5%\n  <\/td><\/tr><tr><td>\n  <strong>1.27 A\u00e7\u00e3o Direta de Inconstitucionalidade Gen\u00e9rica &#8211; ADI\n  ou ADIN <\/strong>\n  <\/td><td>\n  2\n  quest\u00f5es\n  <\/td><td>\n  1%\n  <\/td><\/tr><tr><td>\n  <strong>1.28 Argui\u00e7\u00e3o de Descumprimento de Preceito Fundamental \u2013\n  ADPF <\/strong>\n  <\/td><td>\n  1 quest\u00e3o\n  <\/td><td>\n  0,5%\n  <\/td><\/tr><tr><td>\n  <strong>1.29 Estado de S\u00edtio <\/strong>\n  <\/td><td>\n  1\n  quest\u00e3o\n  <\/td><td>\n  0,5%\n  <\/td><\/tr><tr><td>\n  <strong>1.30 Sistema Financeiro Nacional <\/strong>\n  <\/td><td>\n  1 quest\u00e3o\n  <\/td><td>\n  0,5%\n  <\/td><\/tr><tr><td>\n  <strong>1.31 Direitos Individuais <\/strong>\n  <\/td><td>\n  1\n  quest\u00e3o\n  <\/td><td>\n  0,5%\n  <\/td><\/tr><tr><td>\n  <strong>1.32 Direito \u00e0 Liberdade <\/strong>\n  <\/td><td>\n  1 quest\u00e3o\n  <\/td><td>\n  0,5%\n  <\/td><\/tr><tr><td>\n  <strong>1.33 A\u00e7\u00e3o Popular <\/strong>\n  <\/td><td>\n  1\n  quest\u00e3o\n  <\/td><td>\n  0,5%\n  <\/td><\/tr><tr><td>\n  <strong>&nbsp;<\/strong>\n  <\/td><td>\n  <strong>&nbsp;<\/strong>\n  <\/td><td>\n  <strong>&nbsp;<\/strong>\n  <\/td><\/tr><tr><td>\n  <strong>2. Legisla\u00e7\u00e3o Estadual <\/strong>\n  <\/td><td>\n  <strong>4 quest\u00f5es<\/strong>\n  <\/td><td>\n  <strong>2%<\/strong>\n  <\/td><\/tr><tr><td>\n  <strong>3. Direito Previdenci\u00e1rio <\/strong>\n  <\/td><td>\n  <strong>10 quest\u00f5es<\/strong>\n  <\/td><td>\n  <strong>5%<\/strong>\n  <\/td><\/tr><tr><td>\n  <strong>4. Direito Administrativo <\/strong>\n  <\/td><td>\n  <strong>25 quest\u00f5es<\/strong>\n  <\/td><td>\n  <strong>12,5%<\/strong>\n  <\/td><\/tr><tr><td>\n  <strong>5. Direito Penal <\/strong>\n  <\/td><td>\n  <strong>15 quest\u00f5es<\/strong>\n  <\/td><td>\n  <strong>7,5%<\/strong>\n  <\/td><\/tr><tr><td>\n  <strong>6. Direito da Crian\u00e7a e do Adolescente &#8211; Estatuto da\n  Crian\u00e7a e do Adolescente (ECA) &#8211; Lei n\u00ba 8.069 de 1990 <\/strong>\n  <\/td><td>\n  <strong>13 quest\u00f5es<\/strong>\n  <\/td><td>\n  <strong>6,5%<\/strong>\n  <\/td><\/tr><tr><td>\n  <strong>7. Direito Processual Penal <\/strong>\n  <\/td><td>\n  <strong>9 quest\u00f5es<\/strong>\n  <\/td><td>\n  <strong>43,5%<\/strong>\n  <\/td><\/tr><tr><td>\n  <strong>8. Estatuto do Idoso &#8211; Lei n\u00ba 10.741 de 2003 <\/strong>\n  <\/td><td>\n  <strong>2 quest\u00f5es<\/strong>\n  <\/td><td>\n  <strong>1%<\/strong>\n  <\/td><\/tr><tr><td>\n  <strong>9. Direito Civil <\/strong>\n  <\/td><td>\n  <strong>13 quest\u00f5es<\/strong>\n  <\/td><td>\n  <strong>6,5%<\/strong>\n  <\/td><\/tr><tr><td>\n  <strong>10. Direito Notarial e Registral <\/strong>\n  <\/td><td>\n  <strong>1 quest\u00e3o<\/strong>\n  <\/td><td>\n  <strong>0,5%<\/strong>\n  <\/td><\/tr><tr><td>\n  <strong>11. Direito Processual Civil &#8211; CPC 1973 <\/strong>\n  <\/td><td>\n  <strong>11 quest\u00f5es<\/strong>\n  <\/td><td>\n  <strong>5,5%<\/strong>\n  <\/td><\/tr><tr><td>\n  <strong>12. Direito Empresarial (Comercial) <\/strong>\n  <\/td><td>\n  <strong>13 quest\u00f5es<\/strong>\n  <\/td><td>\n  <strong>6,5%<\/strong>\n  <\/td><\/tr><tr><td>\n  <strong>13. Direito do Consumidor <\/strong>\n  <\/td><td>\n  <strong>13 quest\u00f5es<\/strong>\n  <\/td><td>\n  <strong>6,5%<\/strong>\n  <\/td><\/tr><tr><td>\n  <strong>14. Legisla\u00e7\u00e3o Federal <\/strong>\n  <\/td><td>\n  <strong>5 quest\u00f5es<\/strong>\n  <\/td><td>\n  <strong>2,5%<\/strong>\n  <\/td><\/tr><tr><td>\n  <strong>15. Direito Urban\u00edstico <\/strong>\n  <\/td><td>\n  <strong>3 quest\u00f5es<\/strong>\n  <\/td><td>\n  <strong>1,5%<\/strong>\n  <\/td><\/tr><tr><td>\n  <strong>16. Direitos Humanos <\/strong>\n  <\/td><td>\n  <strong>8 quest\u00f5es<\/strong>\n  <\/td><td>\n  <strong>4%<\/strong>\n  <\/td><\/tr><tr><td>\n  <strong>17. Direito Tribut\u00e1rio <\/strong>\n  <\/td><td>\n  <strong>12 quest\u00f5es<\/strong>\n  <\/td><td>\n  <strong>6%<\/strong>\n  <\/td><\/tr><tr><td>\n  <strong>18. Princ\u00edpios, Normas e Atribui\u00e7\u00f5es Institucionais <\/strong>\n  <\/td><td>\n  <strong>13 quest\u00f5es<\/strong>\n  <\/td><td>\n  <strong>6,5%<\/strong>\n  <\/td><\/tr><\/tbody><\/table><\/figure>\n\n\n\n<p>Ademais, analisando\ntodo o Edital da DP-DF, tivemos nesta ocasi\u00e3o, a <strong>distribui\u00e7\u00e3o das disciplinas da seguinte maneira<\/strong>:<\/p>\n\n\n\n<figure class=\"wp-block-table is-style-stripes\"><table><tbody><tr><td>\n  <strong>Divis\u00e3o das\n  Quest\u00f5es por Mat\u00e9ria<\/strong>\n  <\/td><td>\n  <strong>&nbsp;<\/strong>\n  <\/td><\/tr><tr><td>\n  <strong>1. Direito Constitucional&nbsp;\n  <\/strong>\n  <\/td><td>\n  <strong>6,31%<\/strong>\n  <\/td><\/tr><tr><td>\n  <strong>2. Direito Previdenci\u00e1rio <\/strong>\n  <\/td><td>\n  <strong>1,11%<\/strong>\n  <\/td><\/tr><tr><td>\n  <strong>3. Direito Administrativo <\/strong>\n  <\/td><td>\n  <strong>4,83%<\/strong>\n  <\/td><\/tr><tr><td>\n  <strong>4. Direito Penal <\/strong>\n  <\/td><td>\n  <strong>11,52%<\/strong>\n  <\/td><\/tr><tr><td>\n  <strong>5. Direito da Crian\u00e7a e do Adolescente &#8211; Estatuto da\n  Crian\u00e7a e do Adolescente (ECA) &#8211; Lei n\u00ba 8.069 de 1990 <\/strong>\n  <\/td><td>\n  <strong>5,20%<\/strong>\n  <\/td><\/tr><tr><td>\n  <strong>6. Direito Processual Penal <\/strong>\n  <\/td><td>\n  <strong>20,07%<\/strong>\n  <\/td><\/tr><tr><td>\n  <strong>7. Direito Civil <\/strong>\n  <\/td><td>\n  <strong>8,92%<\/strong>\n  <\/td><\/tr><tr><td>\n  <strong>8. Direito Processual Civil<\/strong>\n  <\/td><td>\n  <strong>17,47%<\/strong>\n  <\/td><\/tr><tr><td>\n  <strong>9. Direito Empresarial (Comercial) <\/strong>\n  <\/td><td>\n  <strong>3,34%<\/strong>\n  <\/td><\/tr><tr><td>\n  <strong>10. Direito do Consumidor <\/strong>\n  <\/td><td>\n  <strong>5,20%<\/strong>\n  <\/td><\/tr><tr><td>\n  <strong>11. Direitos Humanos <\/strong>\n  <\/td><td>\n  <strong>6,31%<\/strong>\n  <\/td><\/tr><tr><td>\n  <strong>12. Direito Tribut\u00e1rio <\/strong>\n  <\/td><td>\n  <strong>2,23%<\/strong>\n  <\/td><\/tr><tr><td>\n  <strong>13. Princ\u00edpios, Normas e Atribui\u00e7\u00f5es Institucionais <\/strong>\n  <\/td><td>\n  <strong>2,23%<\/strong>\n  <\/td><\/tr><\/tbody><\/table><\/figure>\n\n\n\n<p>Importante\nverificar, ainda, que algumas mat\u00e9rias poder\u00e3o surgir no edital, tal como\nocorreu no \u00faltimo exame, como:<\/p>\n\n\n\n<ul class=\"wp-block-list\"><li><strong>Filosofia\nJur\u00eddica<\/strong><\/li><li><strong>Sociologia\nJur\u00eddica <\/strong><\/li><li><strong>Realidade\n\u00e9tnica, social, hist\u00f3rica, geogr\u00e1fica, cultural, pol\u00edtica e econ\u00f4mica do\nDistrito Federal, e da Regi\u00e3o Integrada do Desenvolvimento do DF \u2013 RIDE<\/strong>.<\/li><\/ul>\n\n\n\n<h1 class=\"wp-block-heading\">Provas Discursivas da DPDF<\/h1>\n\n\n\n<p>No tocante \u00e0s <strong>provas discursivas<\/strong>, possuem\ncar\u00e1ter eliminat\u00f3rio e classificat\u00f3rio, com 60 pontos cada, compostas por <strong>uma pe\u00e7a processual e quatro quest\u00f5es\ndiscursivas<\/strong>. <\/p>\n\n\n\n<p>A <strong>divis\u00e3o das mat\u00e9rias<\/strong>, de acordo com o Edital, foi realizada da seguinte maneira:<\/p>\n\n\n\n<p><\/p>\n\n\n\n<figure class=\"wp-block-table is-style-stripes\"><table><tbody><tr><td>\n  Prova discursiva 1\n  <\/td><td>\n  Prova Discursiva 2\n  <\/td><\/tr><tr><td>\n  <strong>1 pe\u00e7a + 4 quest\u00f5es:<\/strong>\n  Direito\n  Constitucional, Direito Administrativo, Direito Penal, Direito Processual\n  Penal, e Direitos Humanos.\n  <\/td><td>\n  <strong>1 pe\u00e7a + 4 quest\u00f5es:<\/strong>\n  Direito Civil, Direito Processual Civil, Direito\n  Empresarial, Direito da Crian\u00e7a e do Adolescente, Direitos Difusos e\n  Coletivos, e Direito do Consumidor.\n  <\/td><\/tr><\/tbody><\/table><\/figure>\n\n\n\n<p><\/p>\n\n\n\n<p>Ambas as provas tiveram <strong>dura\u00e7\u00e3o de 4 horas<\/strong>, sendo somente permitida a consulta a <strong>C\u00f3digos e Legisla\u00e7\u00e3o<\/strong>, desde que o material <strong><em>n\u00e3o estivesse comentado ou com alguma anota\u00e7\u00e3o<\/em><\/strong>.<\/p>\n\n\n\n<p>Nesta etapa, se\nclassificaram para a prova oral os candidatos at\u00e9 a <strong>120\u00aa posi\u00e7\u00e3o na lista geral<\/strong> e na <strong>30\u00aa posi\u00e7\u00e3o na lista de candidatos com defici\u00eancia<\/strong>.<\/p>\n\n\n\n<h1 class=\"wp-block-heading\">Prova Oral da DPDF<\/h1>\n\n\n\n<p>Finalmente, a\nprova oral <strong>teve a pontua\u00e7\u00e3o de 60 pontos<\/strong>\ne foi dividida em <strong>3 partes<\/strong>, em que\nos candidatos foram arguidos por <strong>03 Defensores\nP\u00fablicos<\/strong> em sess\u00e3o p\u00fablica. <\/p>\n\n\n\n<p>Os pontos da\nprova foram divididos entre: <\/p>\n\n\n\n<ul class=\"wp-block-list\"><li><strong>Ponto 1 \u2013<\/strong>\nDireito Constitucional, Direito Administrativo e Direitos Difusos e Coletivos;<\/li><li><strong>Ponto 2 \u2013\n<\/strong>Direito Civil, Direito do Consumidor e Direito Processual Civil;<\/li><li><strong>Ponto 3 \u2013<\/strong>\nDireito Penal, Direito Processual Penal e Direitos Humanos.<\/li><\/ul>\n\n\n\n<h1 class=\"wp-block-heading\">Avalia\u00e7\u00f5es de t\u00edtulos<\/h1>\n\n\n\n<p>Os candidatos\nque foram aprovados na prova oral foram chamados para apresentar a <strong>documenta\u00e7\u00e3o comprobat\u00f3ria dos t\u00edtulos<\/strong>.\n<\/p>\n\n\n\n<p>Esta etapa tinha como pontua\u00e7\u00e3o total <strong>10 pontos<\/strong>, de acordo com a lista presente no edital,   a seguir reproduzida: <\/p>\n\n\n\n<div class=\"wp-block-image\"><figure class=\"aligncenter is-resized\"><img loading=\"lazy\" decoding=\"async\" src=\"https:\/\/dhg1h5j42swfq.cloudfront.net\/2018\/06\/22124049\/concurso-dpe-df.jpg\" alt=\"concurso dpdf\" width=\"392\" height=\"681\"\/><figcaption><br \/><\/figcaption><\/figure><\/div>\n\n\n\n<h1 class=\"wp-block-heading\">Dicas de Estudos para a Defensoria P\u00fablica<\/h1>\n\n\n\n<p>Assim, conclu\u00edmos o nosso material com\nalgumas dicas pontuais para direcionar o seu estudo, tornando-o mais\ndirecionado e efetivo para fins de compreens\u00e3o do conte\u00fado. <\/p>\n\n\n\n<p><strong>#Dica 01<\/strong><\/p>\n\n\n\n<p>O seu estudo deve estar pautado na\nseguinte estrat\u00e9gia: <\/p>\n\n\n\n<ul class=\"wp-block-list\"><li><em>Teoria +\nLeitura da Lei Seca; <\/em><\/li><li><em>Revis\u00e3o; e<\/em><\/li><li><em>Resolu\u00e7\u00e3o de\nQuest\u00f5es. <\/em><\/li><\/ul>\n\n\n\n<p><strong>#Dica\n02<\/strong><\/p>\n\n\n\n<p>Saiba fazer a <strong>leitura adequada de seu material<\/strong>, de forma a grifar apenas os <strong>principais ponto<\/strong>s que merecem destaque.\nOu seja, realize uma leitura completa e, na sequ\u00eancia, grife de forma\nesquem\u00e1tica o conte\u00fado, sempre resumindo de forma apartada tamb\u00e9m, quando\nposs\u00edvel. <\/p>\n\n\n\n<p><strong>#\nDica 03<\/strong><\/p>\n\n\n\n<p>Utilize a nossa\nmetodologia Estrat\u00e9gia de Carreiras Jur\u00eddicas, cujo material ser\u00e1 sempre\nrealizado da seguinte forma:<\/p>\n\n\n\n<p><strong>1 \u2013<\/strong> Teoria<\/p>\n\n\n\n<p><strong>2 \u2013<\/strong> Legisla\u00e7\u00e3o<\/p>\n\n\n\n<p><strong>3 \u2013<\/strong> S\u00famulas e entendimentos\njurisprudenciais<\/p>\n\n\n\n<p><strong>4 \u2013<\/strong> Quest\u00f5es Comentadas<\/p>\n\n\n\n<div class=\"wp-block-image\"><figure class=\"aligncenter is-resized\"><img loading=\"lazy\" decoding=\"async\" src=\"https:\/\/dhg1h5j42swfq.cloudfront.net\/2019\/01\/22130823\/dpdf.png\" alt=\"concurso dpdf\" class=\"wp-image-161032\" width=\"381\" height=\"213\" srcset=\"https:\/\/dhg1h5j42swfq.cloudfront.net\/2019\/01\/22130823\/dpdf.png 1422w, https:\/\/dhg1h5j42swfq.cloudfront.net\/2019\/01\/22130823\/dpdf.png 300w, https:\/\/dhg1h5j42swfq.cloudfront.net\/2019\/01\/22130823\/dpdf.png 768w, https:\/\/dhg1h5j42swfq.cloudfront.net\/2019\/01\/22130823\/dpdf.png 1024w\" sizes=\"auto, (max-width: 381px) 100vw, 381px\" \/><\/figure><\/div>\n\n\n\n<h1 class=\"wp-block-heading\">Considera\u00e7\u00f5es Finais<\/h1>\n\n\n\n<p>Agradecemos a\naten\u00e7\u00e3o de todos e nos encontraremos em nosso curso espec\u00edfico para a <strong>Defensoria P\u00fablica do Distrito Federal<\/strong>.<\/p>\n\n\n\n<p>Quaisquer\nd\u00favidas ou sugest\u00f5es entrem em contato conosco, por e-mail, pelo <em>Instagram<\/em> e, inclusive, pelo <em>Facebook<\/em>. <\/p>\n\n\n\n<p>Aguardo\nvoc\u00eas na pr\u00f3xima aula. At\u00e9 l\u00e1!<\/p>\n\n\n\n<p><strong>Prof. Vanderlei Garcia Jr.<\/strong><\/p>\n\n\n\n<p><strong>E-mail<\/strong>: <a href=\"mailto:profvanderleijunior@gmail.com\" target=\"_blank\" rel=\"noreferrer noopener\" aria-label=\" (opens in a new tab)\">profvanderleijunior@gmail.com<\/a> <\/p>\n\n\n\n<p><strong>Facebook<\/strong>: <a href=\"https:\/\/www.facebook.com\/profvanderleigjunior\/\" target=\"_blank\" rel=\"noreferrer noopener\" aria-label=\" (opens in a new tab)\">https:\/\/www.facebook.com\/profvanderleigjunior\/<\/a> <\/p>\n\n\n\n<p><strong>Instagram<\/strong>: @profvanderleijr <\/p>\n\n\n\n<p class=\"has-text-color has-background has-medium-font-size has-vivid-green-cyan-color has-very-light-gray-background-color\"><a href=\"https:\/\/www.estrategiaconcursos.com.br\/blog\/concurso-dpdf-defensor\/\" target=\"_blank\" rel=\"noreferrer noopener\" aria-label=\"Clique aqui para acompanhar as not\u00edcias sobre o concurso DPDF Defensor (opens in a new tab)\">Clique aqui para acompanhar as not\u00edcias sobre o concurso DPDF Defensor<\/a><\/p>\n\n\n\n<h2 class=\"wp-block-heading\">Dicas e expectativas para o concurso DPDF<\/h2>\n\n\n\n<p class=\"has-text-align-center has-medium-font-size\"><em><a rel=\"noreferrer noopener\" href=\"https:\/\/www.estrategiaconcursos.com.br\/gratis\/concurso-defensor-df\/\" target=\"_blank\">Inscreva-se gr\u00e1tis!<\/a><\/em><\/p>\n\n\n\n<p>No dia&nbsp;<strong>24&nbsp;de&nbsp;janeiro<\/strong>, a partir das&nbsp;<strong>19h<\/strong>, os professores Paulo Sousa e Vanderlei Jr. estar\u00e3o ao vivo em um aul\u00e3o especial focado na prepara\u00e7\u00e3o para o concurso da Defensoria P\u00fablica do Distrito Federal. Ser\u00e1 uma excelente oportunidade para voc\u00ea colher dicas importantes para a sua prepara\u00e7\u00e3o no concurso.<\/p>\n\n\n\n<p>Ficou interessado? Clique na imagem abaixo e confirme sua presen\u00e7a!<\/p>\n\n\n\n<figure class=\"wp-block-image\"><a href=\"https:\/\/www.estrategiaconcursos.com.br\/gratis\/concurso-defensor-df\/\" target=\"_blank\" rel=\"noreferrer noopener\"><img loading=\"lazy\" decoding=\"async\" width=\"1920\" height=\"480\" src=\"https:\/\/dhg1h5j42swfq.cloudfront.net\/2019\/01\/18090809\/banner-geral-oficial.jpg\" alt=\"concurso dpdf defensor\" class=\"wp-image-160124\" srcset=\"https:\/\/dhg1h5j42swfq.cloudfront.net\/2019\/01\/18090809\/banner-geral-oficial.jpg 1920w, https:\/\/dhg1h5j42swfq.cloudfront.net\/2019\/01\/18090809\/banner-geral-oficial.jpg 300w, https:\/\/dhg1h5j42swfq.cloudfront.net\/2019\/01\/18090809\/banner-geral-oficial.jpg 768w, https:\/\/dhg1h5j42swfq.cloudfront.net\/2019\/01\/18090809\/banner-geral-oficial.jpg 1024w\" sizes=\"auto, (max-width: 1920px) 100vw, 1920px\" \/><\/a><\/figure>\n","protected":false},"excerpt":{"rendered":"<p>Fala pessoal, tudo bem? A ideia deste artigo \u00e9 apresentar um panorama geral e estat\u00edstico a respeito da Defensoria P\u00fablica do Distrito Federal, especialmente demonstrando o levantamento do exame anterior, para que possamos, juntos, tra\u00e7ar a melhor forma de aprimorar os seus estudos. Antes de iniciarmos, pe\u00e7o licen\u00e7a para me apresentar: Meu nome \u00e9 Vanderlei [&hellip;]<\/p>\n","protected":false},"author":612,"featured_media":156692,"comment_status":"open","ping_status":"closed","sticky":false,"template":"","format":"standard","meta":{"post_tipo":"article","footnotes":""},"categories":[1],"tags":[],"tax_estado":[],"class_list":["post-161016","post","type-post","status-publish","format-standard","has-post-thumbnail","hentry","category-cursos-e-concursos"],"acf":[],"yoast_head":"<!-- This site is optimized with the Yoast SEO Premium plugin v27.2 (Yoast SEO v27.2) - https:\/\/yoast.com\/product\/yoast-seo-premium-wordpress\/ -->\n<title>An\u00e1lise Estat\u00edstica e Estrat\u00e9gica da DPDF<\/title>\n<meta name=\"description\" content=\"Confira esta an\u00e1lise completa do concurso da DPDF para Defensor P\u00fablico. Com a publica\u00e7\u00e3o do regulamento do certame, \u00e9 hora de se preparar.\" \/>\n<meta name=\"robots\" content=\"index, follow, max-snippet:-1, max-image-preview:large, max-video-preview:-1\" \/>\n<link rel=\"canonical\" href=\"https:\/\/www.estrategiaconcursos.com.br\/blog\/concurso-dpdf-analise\/\" \/>\n<meta property=\"og:locale\" content=\"pt_BR\" \/>\n<meta property=\"og:type\" content=\"article\" \/>\n<meta property=\"og:title\" content=\"An\u00e1lise Estat\u00edstica e Estrat\u00e9gica da DPDF\" \/>\n<meta property=\"og:description\" content=\"Confira esta an\u00e1lise completa do concurso da DPDF para Defensor P\u00fablico. Com a publica\u00e7\u00e3o do regulamento do certame, \u00e9 hora de se preparar.\" \/>\n<meta property=\"og:url\" content=\"https:\/\/www.estrategiaconcursos.com.br\/blog\/concurso-dpdf-analise\/\" \/>\n<meta property=\"og:site_name\" content=\"Estrat\u00e9gia Concursos\" \/>\n<meta property=\"article:published_time\" content=\"2019-01-22T16:14:00+00:00\" \/>\n<meta property=\"article:modified_time\" content=\"2020-06-23T16:47:59+00:00\" \/>\n<meta property=\"og:image\" content=\"https:\/\/dhg1h5j42swfq.cloudfront.net\/2018\/12\/26070048\/nome.jpg\" \/>\n\t<meta property=\"og:image:width\" content=\"1200\" \/>\n\t<meta property=\"og:image:height\" content=\"628\" \/>\n\t<meta property=\"og:image:type\" content=\"image\/jpeg\" \/>\n<meta name=\"author\" content=\"Vanderlei Garcia Junior\" \/>\n<meta name=\"twitter:card\" content=\"summary_large_image\" \/>\n<meta name=\"twitter:creator\" content=\"@EstratConcursos\" \/>\n<meta name=\"twitter:site\" content=\"@EstratConcursos\" \/>\n<meta name=\"twitter:label1\" content=\"Escrito por\" \/>\n\t<meta name=\"twitter:data1\" content=\"Vanderlei Garcia Junior\" \/>\n\t<meta name=\"twitter:label2\" content=\"Est. tempo de leitura\" \/>\n\t<meta name=\"twitter:data2\" content=\"8 minutos\" \/>\n<script type=\"application\/ld+json\" class=\"yoast-schema-graph\">{\"@context\":\"https:\/\/schema.org\",\"@graph\":[{\"@type\":\"NewsArticle\",\"@id\":\"https:\/\/www.estrategiaconcursos.com.br\/blog\/concurso-dpdf-analise\/#article\",\"isPartOf\":{\"@id\":\"https:\/\/www.estrategiaconcursos.com.br\/blog\/concurso-dpdf-analise\/\"},\"author\":{\"name\":\"Vanderlei Garcia Junior\",\"@id\":\"https:\/\/www.estrategiaconcursos.com.br\/blog\/#\/schema\/person\/04a6c2c1e0de6d02a90aba6f8f9db713\"},\"headline\":\"An\u00e1lise Estat\u00edstica e Estrat\u00e9gica da DPDF\",\"datePublished\":\"2019-01-22T16:14:00+00:00\",\"dateModified\":\"2020-06-23T16:47:59+00:00\",\"mainEntityOfPage\":{\"@id\":\"https:\/\/www.estrategiaconcursos.com.br\/blog\/concurso-dpdf-analise\/\"},\"wordCount\":1708,\"commentCount\":0,\"publisher\":{\"@id\":\"https:\/\/www.estrategiaconcursos.com.br\/blog\/#organization\"},\"image\":{\"@id\":\"https:\/\/www.estrategiaconcursos.com.br\/blog\/concurso-dpdf-analise\/#primaryimage\"},\"thumbnailUrl\":\"https:\/\/dhg1h5j42swfq.cloudfront.net\/2018\/12\/26070048\/nome.jpg\",\"articleSection\":[\"Concursos P\u00fablicos\"],\"inLanguage\":\"pt-BR\",\"potentialAction\":[{\"@type\":\"CommentAction\",\"name\":\"Comment\",\"target\":[\"https:\/\/www.estrategiaconcursos.com.br\/blog\/concurso-dpdf-analise\/#respond\"]}],\"copyrightYear\":\"2019\",\"copyrightHolder\":{\"@id\":\"https:\/\/www.estrategiaconcursos.com.br\/blog\/#organization\"}},{\"@type\":\"WebPage\",\"@id\":\"https:\/\/www.estrategiaconcursos.com.br\/blog\/concurso-dpdf-analise\/\",\"url\":\"https:\/\/www.estrategiaconcursos.com.br\/blog\/concurso-dpdf-analise\/\",\"name\":\"An\u00e1lise Estat\u00edstica e Estrat\u00e9gica da DPDF\",\"isPartOf\":{\"@id\":\"https:\/\/www.estrategiaconcursos.com.br\/blog\/#website\"},\"primaryImageOfPage\":{\"@id\":\"https:\/\/www.estrategiaconcursos.com.br\/blog\/concurso-dpdf-analise\/#primaryimage\"},\"image\":{\"@id\":\"https:\/\/www.estrategiaconcursos.com.br\/blog\/concurso-dpdf-analise\/#primaryimage\"},\"thumbnailUrl\":\"https:\/\/dhg1h5j42swfq.cloudfront.net\/2018\/12\/26070048\/nome.jpg\",\"datePublished\":\"2019-01-22T16:14:00+00:00\",\"dateModified\":\"2020-06-23T16:47:59+00:00\",\"description\":\"Confira esta an\u00e1lise completa do concurso da DPDF para Defensor P\u00fablico. Com a publica\u00e7\u00e3o do regulamento do certame, \u00e9 hora de se preparar.\",\"breadcrumb\":{\"@id\":\"https:\/\/www.estrategiaconcursos.com.br\/blog\/concurso-dpdf-analise\/#breadcrumb\"},\"inLanguage\":\"pt-BR\",\"potentialAction\":[{\"@type\":\"ReadAction\",\"target\":[\"https:\/\/www.estrategiaconcursos.com.br\/blog\/concurso-dpdf-analise\/\"]}]},{\"@type\":\"ImageObject\",\"inLanguage\":\"pt-BR\",\"@id\":\"https:\/\/www.estrategiaconcursos.com.br\/blog\/concurso-dpdf-analise\/#primaryimage\",\"url\":\"https:\/\/dhg1h5j42swfq.cloudfront.net\/2018\/12\/26070048\/nome.jpg\",\"contentUrl\":\"https:\/\/dhg1h5j42swfq.cloudfront.net\/2018\/12\/26070048\/nome.jpg\",\"width\":1200,\"height\":628,\"caption\":\"concurso defensor df\"},{\"@type\":\"BreadcrumbList\",\"@id\":\"https:\/\/www.estrategiaconcursos.com.br\/blog\/concurso-dpdf-analise\/#breadcrumb\",\"itemListElement\":[{\"@type\":\"ListItem\",\"position\":1,\"name\":\"In\u00edcio\",\"item\":\"https:\/\/www.estrategiaconcursos.com.br\/blog\/\"},{\"@type\":\"ListItem\",\"position\":2,\"name\":\"An\u00e1lise Estat\u00edstica e Estrat\u00e9gica da DPDF\"}]},{\"@type\":\"WebSite\",\"@id\":\"https:\/\/www.estrategiaconcursos.com.br\/blog\/#website\",\"url\":\"https:\/\/www.estrategiaconcursos.com.br\/blog\/\",\"name\":\"Estrat\u00e9gia Concursos\",\"description\":\"O blog da Estrat\u00e9gia Concursos traz not\u00edcias sobre concursos e artigos de professores oferecendo cursos para concursos (pdf + videaulas) no site.\",\"publisher\":{\"@id\":\"https:\/\/www.estrategiaconcursos.com.br\/blog\/#organization\"},\"potentialAction\":[{\"@type\":\"SearchAction\",\"target\":{\"@type\":\"EntryPoint\",\"urlTemplate\":\"https:\/\/www.estrategiaconcursos.com.br\/blog\/?s={search_term_string}\"},\"query-input\":{\"@type\":\"PropertyValueSpecification\",\"valueRequired\":true,\"valueName\":\"search_term_string\"}}],\"inLanguage\":\"pt-BR\"},{\"@type\":\"Organization\",\"@id\":\"https:\/\/www.estrategiaconcursos.com.br\/blog\/#organization\",\"name\":\"Estrat\u00e9gia Concursos\",\"url\":\"https:\/\/www.estrategiaconcursos.com.br\/blog\/\",\"logo\":{\"@type\":\"ImageObject\",\"inLanguage\":\"pt-BR\",\"@id\":\"https:\/\/www.estrategiaconcursos.com.br\/blog\/#\/schema\/logo\/image\/\",\"url\":\"https:\/\/dhg1h5j42swfq.cloudfront.net\/2025\/06\/03203428\/logo_concursos-1.jpg\",\"contentUrl\":\"https:\/\/dhg1h5j42swfq.cloudfront.net\/2025\/06\/03203428\/logo_concursos-1.jpg\",\"width\":230,\"height\":60,\"caption\":\"Estrat\u00e9gia Concursos\"},\"image\":{\"@id\":\"https:\/\/www.estrategiaconcursos.com.br\/blog\/#\/schema\/logo\/image\/\"},\"sameAs\":[\"https:\/\/x.com\/EstratConcursos\"]},{\"@type\":\"Person\",\"@id\":\"https:\/\/www.estrategiaconcursos.com.br\/blog\/#\/schema\/person\/04a6c2c1e0de6d02a90aba6f8f9db713\",\"name\":\"Vanderlei Garcia Junior\",\"image\":{\"@type\":\"ImageObject\",\"inLanguage\":\"pt-BR\",\"@id\":\"https:\/\/secure.gravatar.com\/avatar\/6233610ff0e71a69d4eee8e72d5b8bb55c83ef952a50c2eeba85183be3959b13?s=96&d=mm&r=g\",\"url\":\"https:\/\/secure.gravatar.com\/avatar\/6233610ff0e71a69d4eee8e72d5b8bb55c83ef952a50c2eeba85183be3959b13?s=96&d=mm&r=g\",\"contentUrl\":\"https:\/\/secure.gravatar.com\/avatar\/6233610ff0e71a69d4eee8e72d5b8bb55c83ef952a50c2eeba85183be3959b13?s=96&d=mm&r=g\",\"caption\":\"Vanderlei Garcia Junior\"},\"url\":\"https:\/\/www.estrategiaconcursos.com.br\/blog\/author\/vgjuninhohotmail-com\/\"}]}<\/script>\n<!-- \/ Yoast SEO Premium plugin. -->","yoast_head_json":{"title":"An\u00e1lise Estat\u00edstica e Estrat\u00e9gica da DPDF","description":"Confira esta an\u00e1lise completa do concurso da DPDF para Defensor P\u00fablico. Com a publica\u00e7\u00e3o do regulamento do certame, \u00e9 hora de se preparar.","robots":{"index":"index","follow":"follow","max-snippet":"max-snippet:-1","max-image-preview":"max-image-preview:large","max-video-preview":"max-video-preview:-1"},"canonical":"https:\/\/www.estrategiaconcursos.com.br\/blog\/concurso-dpdf-analise\/","og_locale":"pt_BR","og_type":"article","og_title":"An\u00e1lise Estat\u00edstica e Estrat\u00e9gica da DPDF","og_description":"Confira esta an\u00e1lise completa do concurso da DPDF para Defensor P\u00fablico. Com a publica\u00e7\u00e3o do regulamento do certame, \u00e9 hora de se preparar.","og_url":"https:\/\/www.estrategiaconcursos.com.br\/blog\/concurso-dpdf-analise\/","og_site_name":"Estrat\u00e9gia Concursos","article_published_time":"2019-01-22T16:14:00+00:00","article_modified_time":"2020-06-23T16:47:59+00:00","og_image":[{"width":1200,"height":628,"url":"https:\/\/dhg1h5j42swfq.cloudfront.net\/2018\/12\/26070048\/nome.jpg","type":"image\/jpeg"}],"author":"Vanderlei Garcia Junior","twitter_card":"summary_large_image","twitter_creator":"@EstratConcursos","twitter_site":"@EstratConcursos","twitter_misc":{"Escrito por":"Vanderlei Garcia Junior","Est. tempo de leitura":"8 minutos"},"schema":{"@context":"https:\/\/schema.org","@graph":[{"@type":"NewsArticle","@id":"https:\/\/www.estrategiaconcursos.com.br\/blog\/concurso-dpdf-analise\/#article","isPartOf":{"@id":"https:\/\/www.estrategiaconcursos.com.br\/blog\/concurso-dpdf-analise\/"},"author":{"name":"Vanderlei Garcia Junior","@id":"https:\/\/www.estrategiaconcursos.com.br\/blog\/#\/schema\/person\/04a6c2c1e0de6d02a90aba6f8f9db713"},"headline":"An\u00e1lise Estat\u00edstica e Estrat\u00e9gica da DPDF","datePublished":"2019-01-22T16:14:00+00:00","dateModified":"2020-06-23T16:47:59+00:00","mainEntityOfPage":{"@id":"https:\/\/www.estrategiaconcursos.com.br\/blog\/concurso-dpdf-analise\/"},"wordCount":1708,"commentCount":0,"publisher":{"@id":"https:\/\/www.estrategiaconcursos.com.br\/blog\/#organization"},"image":{"@id":"https:\/\/www.estrategiaconcursos.com.br\/blog\/concurso-dpdf-analise\/#primaryimage"},"thumbnailUrl":"https:\/\/dhg1h5j42swfq.cloudfront.net\/2018\/12\/26070048\/nome.jpg","articleSection":["Concursos P\u00fablicos"],"inLanguage":"pt-BR","potentialAction":[{"@type":"CommentAction","name":"Comment","target":["https:\/\/www.estrategiaconcursos.com.br\/blog\/concurso-dpdf-analise\/#respond"]}],"copyrightYear":"2019","copyrightHolder":{"@id":"https:\/\/www.estrategiaconcursos.com.br\/blog\/#organization"}},{"@type":"WebPage","@id":"https:\/\/www.estrategiaconcursos.com.br\/blog\/concurso-dpdf-analise\/","url":"https:\/\/www.estrategiaconcursos.com.br\/blog\/concurso-dpdf-analise\/","name":"An\u00e1lise Estat\u00edstica e Estrat\u00e9gica da DPDF","isPartOf":{"@id":"https:\/\/www.estrategiaconcursos.com.br\/blog\/#website"},"primaryImageOfPage":{"@id":"https:\/\/www.estrategiaconcursos.com.br\/blog\/concurso-dpdf-analise\/#primaryimage"},"image":{"@id":"https:\/\/www.estrategiaconcursos.com.br\/blog\/concurso-dpdf-analise\/#primaryimage"},"thumbnailUrl":"https:\/\/dhg1h5j42swfq.cloudfront.net\/2018\/12\/26070048\/nome.jpg","datePublished":"2019-01-22T16:14:00+00:00","dateModified":"2020-06-23T16:47:59+00:00","description":"Confira esta an\u00e1lise completa do concurso da DPDF para Defensor P\u00fablico. Com a publica\u00e7\u00e3o do regulamento do certame, \u00e9 hora de se preparar.","breadcrumb":{"@id":"https:\/\/www.estrategiaconcursos.com.br\/blog\/concurso-dpdf-analise\/#breadcrumb"},"inLanguage":"pt-BR","potentialAction":[{"@type":"ReadAction","target":["https:\/\/www.estrategiaconcursos.com.br\/blog\/concurso-dpdf-analise\/"]}]},{"@type":"ImageObject","inLanguage":"pt-BR","@id":"https:\/\/www.estrategiaconcursos.com.br\/blog\/concurso-dpdf-analise\/#primaryimage","url":"https:\/\/dhg1h5j42swfq.cloudfront.net\/2018\/12\/26070048\/nome.jpg","contentUrl":"https:\/\/dhg1h5j42swfq.cloudfront.net\/2018\/12\/26070048\/nome.jpg","width":1200,"height":628,"caption":"concurso defensor df"},{"@type":"BreadcrumbList","@id":"https:\/\/www.estrategiaconcursos.com.br\/blog\/concurso-dpdf-analise\/#breadcrumb","itemListElement":[{"@type":"ListItem","position":1,"name":"In\u00edcio","item":"https:\/\/www.estrategiaconcursos.com.br\/blog\/"},{"@type":"ListItem","position":2,"name":"An\u00e1lise Estat\u00edstica e Estrat\u00e9gica da DPDF"}]},{"@type":"WebSite","@id":"https:\/\/www.estrategiaconcursos.com.br\/blog\/#website","url":"https:\/\/www.estrategiaconcursos.com.br\/blog\/","name":"Estrat\u00e9gia Concursos","description":"O blog da Estrat\u00e9gia Concursos traz not\u00edcias sobre concursos e artigos de professores oferecendo cursos para concursos (pdf + videaulas) no site.","publisher":{"@id":"https:\/\/www.estrategiaconcursos.com.br\/blog\/#organization"},"potentialAction":[{"@type":"SearchAction","target":{"@type":"EntryPoint","urlTemplate":"https:\/\/www.estrategiaconcursos.com.br\/blog\/?s={search_term_string}"},"query-input":{"@type":"PropertyValueSpecification","valueRequired":true,"valueName":"search_term_string"}}],"inLanguage":"pt-BR"},{"@type":"Organization","@id":"https:\/\/www.estrategiaconcursos.com.br\/blog\/#organization","name":"Estrat\u00e9gia Concursos","url":"https:\/\/www.estrategiaconcursos.com.br\/blog\/","logo":{"@type":"ImageObject","inLanguage":"pt-BR","@id":"https:\/\/www.estrategiaconcursos.com.br\/blog\/#\/schema\/logo\/image\/","url":"https:\/\/dhg1h5j42swfq.cloudfront.net\/2025\/06\/03203428\/logo_concursos-1.jpg","contentUrl":"https:\/\/dhg1h5j42swfq.cloudfront.net\/2025\/06\/03203428\/logo_concursos-1.jpg","width":230,"height":60,"caption":"Estrat\u00e9gia Concursos"},"image":{"@id":"https:\/\/www.estrategiaconcursos.com.br\/blog\/#\/schema\/logo\/image\/"},"sameAs":["https:\/\/x.com\/EstratConcursos"]},{"@type":"Person","@id":"https:\/\/www.estrategiaconcursos.com.br\/blog\/#\/schema\/person\/04a6c2c1e0de6d02a90aba6f8f9db713","name":"Vanderlei Garcia Junior","image":{"@type":"ImageObject","inLanguage":"pt-BR","@id":"https:\/\/secure.gravatar.com\/avatar\/6233610ff0e71a69d4eee8e72d5b8bb55c83ef952a50c2eeba85183be3959b13?s=96&d=mm&r=g","url":"https:\/\/secure.gravatar.com\/avatar\/6233610ff0e71a69d4eee8e72d5b8bb55c83ef952a50c2eeba85183be3959b13?s=96&d=mm&r=g","contentUrl":"https:\/\/secure.gravatar.com\/avatar\/6233610ff0e71a69d4eee8e72d5b8bb55c83ef952a50c2eeba85183be3959b13?s=96&d=mm&r=g","caption":"Vanderlei Garcia Junior"},"url":"https:\/\/www.estrategiaconcursos.com.br\/blog\/author\/vgjuninhohotmail-com\/"}]}},"_links":{"self":[{"href":"https:\/\/www.estrategiaconcursos.com.br\/blog\/wp-json\/wp\/v2\/posts\/161016","targetHints":{"allow":["GET"]}}],"collection":[{"href":"https:\/\/www.estrategiaconcursos.com.br\/blog\/wp-json\/wp\/v2\/posts"}],"about":[{"href":"https:\/\/www.estrategiaconcursos.com.br\/blog\/wp-json\/wp\/v2\/types\/post"}],"author":[{"embeddable":true,"href":"https:\/\/www.estrategiaconcursos.com.br\/blog\/wp-json\/wp\/v2\/users\/612"}],"replies":[{"embeddable":true,"href":"https:\/\/www.estrategiaconcursos.com.br\/blog\/wp-json\/wp\/v2\/comments?post=161016"}],"version-history":[{"count":13,"href":"https:\/\/www.estrategiaconcursos.com.br\/blog\/wp-json\/wp\/v2\/posts\/161016\/revisions"}],"predecessor-version":[{"id":530744,"href":"https:\/\/www.estrategiaconcursos.com.br\/blog\/wp-json\/wp\/v2\/posts\/161016\/revisions\/530744"}],"wp:featuredmedia":[{"embeddable":true,"href":"https:\/\/www.estrategiaconcursos.com.br\/blog\/wp-json\/wp\/v2\/media\/156692"}],"wp:attachment":[{"href":"https:\/\/www.estrategiaconcursos.com.br\/blog\/wp-json\/wp\/v2\/media?parent=161016"}],"wp:term":[{"taxonomy":"category","embeddable":true,"href":"https:\/\/www.estrategiaconcursos.com.br\/blog\/wp-json\/wp\/v2\/categories?post=161016"},{"taxonomy":"post_tag","embeddable":true,"href":"https:\/\/www.estrategiaconcursos.com.br\/blog\/wp-json\/wp\/v2\/tags?post=161016"},{"taxonomy":"tax_estado","embeddable":true,"href":"https:\/\/www.estrategiaconcursos.com.br\/blog\/wp-json\/wp\/v2\/tax_estado?post=161016"}],"curies":[{"name":"wp","href":"https:\/\/api.w.org\/{rel}","templated":true}]}}