{"id":1606874,"date":"2025-07-18T18:00:00","date_gmt":"2025-07-18T21:00:00","guid":{"rendered":"https:\/\/www.estrategiaconcursos.com.br\/blog\/?p=1606874"},"modified":"2025-07-21T16:35:51","modified_gmt":"2025-07-21T19:35:51","slug":"concurso-editais-semana-14-a-18-07","status":"publish","type":"post","link":"https:\/\/www.estrategiaconcursos.com.br\/blog\/concurso-editais-semana-14-a-18-07\/","title":{"rendered":"Concursos P\u00fablicos: 25 editais esta semana; mais de mil vagas!"},"content":{"rendered":"\n<p>Mais uma semana de 2025 est\u00e1 chegando ao fim e, com ela, diversos editais que muitos concurseiros esperam finalmente alcan\u00e7aram na pra\u00e7a!<\/p>\n\n\n\n<p>Um deles \u00e9 justamente do <strong>Tribunal de Contas do Estado do Mato Grosso do Sul (<a href=\"https:\/\/www.estrategiaconcursos.com.br\/cursosPorConcurso\/tce-ms-173\/\" target=\"_blank\" rel=\"noreferrer noopener\">TCE MS<\/a>)<\/strong>, que garante sal\u00e1rios incr\u00edveis de at\u00e9 <strong>R$ 41,8 mil<\/strong>.<\/p>\n\n\n\n<p>S\u00e3o contempladas <strong>6 vagas imediatas<\/strong> para os cargos de Auditor, Analista e Conselheiro, todos de n\u00edvel superior.<\/p>\n\n\n\n<p>Ainda no estado do Mato Grosso do Sul, outras duas <strong>\u00f3timas oportunidades<\/strong> chegaram oficialmente no mundo dos concursos.<\/p>\n\n\n\n<p>Estamos falando dos certames da Pol\u00edcia Civil e da Secretaria Estadual de Justi\u00e7a e Seguran\u00e7a P\u00fablica em que, juntos, s\u00e3o ofertadas <strong>470 vagas<\/strong> para cargos com sal\u00e1rios de at\u00e9 <strong>R$ 6,9 mil.<\/strong><\/p>\n\n\n\n<p>Al\u00e9m dessas, tamb\u00e9m foram publicados outros <strong>22 editais<\/strong>, com um saldo de vagas interessante, de <strong>1.402<\/strong>.<\/p>\n\n\n\n<p>Quer ficar informado sobre TODOS os novos editais de concursos publicados na \u00faltima semana? <em><strong>Confira mais informa\u00e7\u00f5es ao longo deste artigo!<\/strong><\/em><\/p>\n\n\n\n<div class=\"container\" id=\"boxes\">\n  <div class=\"row\">\n\n    <div class=\"col-sm\">\n      <div class=\"banner-estrat-corj\" id=\"box-assinatura\">\n        <h3 class=\"titulo-assinatura\" style=\"text-align: left;\">Cursos para Concursos<\/h3>\n        <p class=\"subtitulo-assinatura\" style=\"text-align: left;\">Conhe\u00e7a os cursos<\/p>\n        <div class=\"box-botao\" style=\"text-align: left;\">\n          <a class=\"btn-assinatura\" target=\"_blank\" href=\"https:\/\/www.estrategiaconcursos.com.br\/cursos\/concurso\/\" role=\"button\" rel=\"noopener noreferrer\">CLIQUE AQUI<\/a>\n        <\/div>\n      <\/div><\/div><\/div><\/div>\n\n\n\n<ul id=\"indice\" class=\"wp-block-list\">\n<li><a href=\"#seguranca\">Seguran\u00e7a p\u00fablica<\/a><\/li>\n\n\n\n<li><a href=\"#educacao\">Educa\u00e7\u00e3o<\/a><\/li>\n\n\n\n<li><a href=\"#controle\">Controle<\/a><\/li>\n\n\n\n<li><a href=\"#outras\">Oportunidades em outras \u00e1reas<\/a><\/li>\n\n\n\n<li><a href=\"#prefeituras\">Prefeituras Municipais<\/a><\/li>\n<\/ul>\n\n\n\n<h3 class=\"wp-block-heading has-text-align-center has-background\" id=\"seguranca\" style=\"background-color:#e1eaf2\">Seguran\u00e7a p\u00fablica<\/h3>\n\n\n\n<h3 class=\"wp-block-heading\" id=\"h-guarda-de-diadema-sp\"><a href=\"https:\/\/www.estrategiaconcursos.com.br\/blog\/concurso-guarda-diadema-sp\/\" target=\"_blank\" rel=\"noreferrer noopener\">Guarda de Diadema<\/a> (SP)<\/h3>\n\n\n\n<ul class=\"wp-block-list\">\n<li><strong>Banca:<\/strong> Instituto Mais<\/li>\n\n\n\n<li><strong>Per\u00edodo de inscri\u00e7\u00f5es:<\/strong> at\u00e9 14\/08<\/li>\n\n\n\n<li><strong>Data da prova<\/strong>: 21\/09<\/li>\n\n\n\n<li><strong>Vagas:<\/strong> 100 + CR<\/li>\n\n\n\n<li><strong>Sal\u00e1rio inicial:<\/strong> R$ 3.519,42<\/li>\n\n\n\n<li><strong>Edital:<\/strong> <a href=\"https:\/\/dhg1h5j42swfq.cloudfront.net\/2025\/06\/15122720\/pmdiadema_cp_03_2025_gcm_edital-de-abertura.pdf\" target=\"_blank\" rel=\"noreferrer noopener\">Guarda de Diadema 2025<\/a><\/li>\n<\/ul>\n\n\n\n<h3 class=\"wp-block-heading\" id=\"h-policia-civil-do-mato-grosso-do-sul-pc-ms\"><a href=\"https:\/\/www.estrategiaconcursos.com.br\/blog\/concurso-pc-ms\/\" target=\"_blank\" rel=\"noreferrer noopener\">Pol\u00edcia Civil do Mato Grosso do Sul<\/a> (PC MS)<\/h3>\n\n\n\n<ul class=\"wp-block-list\">\n<li><strong>Banca:<\/strong> Instituto Avalia<\/li>\n\n\n\n<li><strong>Per\u00edodo de inscri\u00e7\u00f5es:<\/strong> at\u00e9 07\/08<\/li>\n\n\n\n<li><strong>Data da prova<\/strong>: 14\/09<\/li>\n\n\n\n<li><strong>Vagas:<\/strong> 400<\/li>\n\n\n\n<li><strong>Sal\u00e1rio inicial:<\/strong> R$ 6.569,53<\/li>\n\n\n\n<li><strong>Edital:<\/strong> <a href=\"https:\/\/dhg1h5j42swfq.cloudfront.net\/2025\/07\/16102107\/edital-pc-ms-2025-ec.pdf\" target=\"_blank\" rel=\"noreferrer noopener nofollow\">Pol\u00edcia Civil MS-2025<\/a><\/li>\n<\/ul>\n\n\n\n<h3 class=\"wp-block-heading\" id=\"h-sejusp-ms\"><a href=\"https:\/\/www.estrategiaconcursos.com.br\/blog\/concurso-sejusp-ms\/\" target=\"_blank\" rel=\"noreferrer noopener\">Sejusp MS<\/a><\/h3>\n\n\n\n<ul class=\"wp-block-list\">\n<li><strong>Banca:<\/strong> Instituto Avalia<\/li>\n\n\n\n<li><strong>Per\u00edodo de inscri\u00e7\u00f5es:<\/strong> at\u00e9 07\/08<\/li>\n\n\n\n<li><strong>Data da prova<\/strong>: 31\/08<\/li>\n\n\n\n<li><strong>Vagas:<\/strong> 70<\/li>\n\n\n\n<li><strong>Sal\u00e1rio inicial:<\/strong> R$ 4.841,33 a R$ 6.916,19<\/li>\n\n\n\n<li><strong>Edital:<\/strong> <a href=\"https:\/\/dhg1h5j42swfq.cloudfront.net\/2025\/07\/16102604\/edital-sejusp-ms-2025-agente.pdf\" target=\"_blank\" rel=\"noreferrer noopener nofollow\">Agente SEJUSP MS-2025<\/a>&nbsp;|&nbsp;<a href=\"https:\/\/dhg1h5j42swfq.cloudfront.net\/2025\/07\/16102617\/edital-sejusp-ms-2025-analista.pdf\" target=\"_blank\" rel=\"noreferrer noopener nofollow\">Analista SEJUSP MS-2025<\/a><\/li>\n<\/ul>\n\n\n\n<h3 class=\"wp-block-heading has-text-align-center has-background\" id=\"educacao\" style=\"background-color:#e1eaf2\">Educa\u00e7\u00e3o<\/h3>\n\n\n\n<h3 class=\"wp-block-heading\" id=\"h-ufsm\"><a href=\"https:\/\/www.estrategiaconcursos.com.br\/blog\/concurso-ufsm\/\" target=\"_blank\" rel=\"noreferrer noopener\">UFSM<\/a><\/h3>\n\n\n\n<ul class=\"wp-block-list\">\n<li><strong>Banca:<\/strong> UFSM<\/li>\n\n\n\n<li><strong>Per\u00edodo de inscri\u00e7\u00f5es:<\/strong> at\u00e9 12\/08<\/li>\n\n\n\n<li><strong>Data da prova<\/strong>: 28\/09<\/li>\n\n\n\n<li><strong>Vagas:<\/strong> 24<\/li>\n\n\n\n<li><strong>Sal\u00e1rio inicial:<\/strong> at\u00e9 R$ 3.029,90<\/li>\n\n\n\n<li><strong>Edital:<\/strong> <a href=\"https:\/\/www.in.gov.br\/web\/dou\/-\/edital-n50-progep\/ufsm-de-11-de-julho-de-2025-641895866\" target=\"_blank\" rel=\"noreferrer noopener nofollow\">UFSM 2025<\/a><\/li>\n<\/ul>\n\n\n\n<h3 class=\"wp-block-heading\" id=\"h-pss-see-sp\"><a href=\"https:\/\/www.estrategiaconcursos.com.br\/blog\/pss-see-sp-2025-temporarios\/\" target=\"_blank\" rel=\"noreferrer noopener\">PSS SEE SP<\/a><\/h3>\n\n\n\n<ul class=\"wp-block-list\">\n<li><strong>Banca:<\/strong> FGV<\/li>\n\n\n\n<li><strong>Per\u00edodo de inscri\u00e7\u00f5es:<\/strong> at\u00e9 11\/08<\/li>\n\n\n\n<li><strong>Data da prova<\/strong>: 28\/09<\/li>\n\n\n\n<li><strong>Vagas:<\/strong> CR<\/li>\n\n\n\n<li><strong>Sal\u00e1rio inicial: <\/strong>R$ 5.565,00<\/li>\n\n\n\n<li><strong>Edital:<\/strong> <a href=\"https:\/\/dhg1h5j42swfq.cloudfront.net\/2025\/07\/16210856\/edital_pss_ed_profissional_2025-finl_publicacao.pdf\" target=\"_blank\" rel=\"noreferrer noopener nofollow\">Edital PSS SEDUC SP 2025<\/a><\/li>\n<\/ul>\n\n\n\n<h3 class=\"wp-block-heading has-text-align-center has-background\" id=\"controle\" style=\"background-color:#e1eaf2\">Controle<\/h3>\n\n\n\n<h3 class=\"wp-block-heading\" id=\"h-tribunal-de-contas-do-mato-grosso-do-sul-tce-ms\"><a href=\"https:\/\/www.estrategiaconcursos.com.br\/blog\/concurso-tce-ms\/\" target=\"_blank\" rel=\"noreferrer noopener\">Tribunal de Contas do Mato Grosso do Sul<\/a> (TCE MS)<\/h3>\n\n\n\n<ul class=\"wp-block-list\">\n<li><strong>Banca:<\/strong> Cebraspe<\/li>\n\n\n\n<li><strong>Per\u00edodo de inscri\u00e7\u00f5es:<\/strong> 23\/07 a 21\/08<\/li>\n\n\n\n<li><strong>Data da prova<\/strong>: 25 e 26\/10<\/li>\n\n\n\n<li><strong>Vagas:<\/strong> 06 + CR<\/li>\n\n\n\n<li><strong>Sal\u00e1rio inicial:<\/strong> R$ 10.352,75 a R$ 41.845,49<\/li>\n\n\n\n<li><strong>Edital:<\/strong> <a href=\"https:\/\/dhg1h5j42swfq.cloudfront.net\/2025\/07\/15140203\/edital-auditor-analista-tce-ms.pdf\" target=\"_blank\" rel=\"noreferrer noopener nofollow\">Edital servidores<\/a>&nbsp;|&nbsp;<a href=\"https:\/\/dhg1h5j42swfq.cloudfront.net\/2025\/07\/15140208\/edital-conselheiro-tce-ms.pdf\" target=\"_blank\" rel=\"noreferrer noopener nofollow\">Edital Conselheiro<\/a><\/li>\n<\/ul>\n\n\n\n<h3 class=\"wp-block-heading has-text-align-center has-background\" id=\"outras\" style=\"background-color:#e1eaf2\">Outras oportunidades<\/h3>\n\n\n\n<h3 class=\"wp-block-heading\" id=\"h-cau-ma\"><a href=\"https:\/\/www.estrategiaconcursos.com.br\/blog\/concurso-cau-ma\/\" target=\"_blank\" rel=\"noreferrer noopener\">CAU MA<\/a><\/h3>\n\n\n\n<ul class=\"wp-block-list\">\n<li><strong>Banca:<\/strong> Instituto Quadrix<\/li>\n\n\n\n<li><strong>Per\u00edodo de inscri\u00e7\u00f5es:<\/strong> at\u00e9 25\/08<\/li>\n\n\n\n<li><strong>Data da prova<\/strong>: 28\/09<\/li>\n\n\n\n<li><strong>Vagas:<\/strong> 5 + CR<\/li>\n\n\n\n<li><strong>Sal\u00e1rio inicial:<\/strong> at\u00e9 R$ 9.054,00<\/li>\n\n\n\n<li><strong>Edital:<\/strong> <a href=\"https:\/\/dhg1h5j42swfq.cloudfront.net\/2025\/05\/14105227\/2_cau-ma_concurso_publico_2025_edital_1_abertura-2.pdf\" target=\"_blank\" rel=\"noreferrer noopener nofollow\">CAU MA 2025<\/a><\/li>\n<\/ul>\n\n\n\n<h3 class=\"wp-block-heading\" id=\"h-crm-es\"><a href=\"https:\/\/www.estrategiaconcursos.com.br\/blog\/concurso-crm-es\/\" target=\"_blank\" rel=\"noreferrer noopener\">CRM ES<\/a><\/h3>\n\n\n\n<ul class=\"wp-block-list\">\n<li><strong>Banca:<\/strong> Instituto Quadrix<\/li>\n\n\n\n<li><strong>Per\u00edodo de inscri\u00e7\u00f5es:<\/strong> at\u00e9 25\/08<\/li>\n\n\n\n<li><strong>Data da prova<\/strong>: 21\/09<\/li>\n\n\n\n<li><strong>Vagas:<\/strong> 7 + CR<\/li>\n\n\n\n<li><strong>Sal\u00e1rio inicial:<\/strong> at\u00e9&nbsp;R$ 12.954,24<\/li>\n\n\n\n<li><strong>Edital:<\/strong> <a href=\"https:\/\/dhg1h5j42swfq.cloudfront.net\/2025\/07\/14100542\/1_crm-es_concurso_publico_2025_edital_1_abertura.pdf\" target=\"_blank\" rel=\"noreferrer noopener\">CRM ES 2025<\/a><\/li>\n<\/ul>\n\n\n\n<h3 class=\"wp-block-heading\" id=\"h-crefito-6\"><a href=\"https:\/\/www.estrategiaconcursos.com.br\/blog\/concurso-crefito-6\/\" target=\"_blank\" rel=\"noreferrer noopener\">CREFITO 6<\/a><\/h3>\n\n\n\n<ul class=\"wp-block-list\">\n<li><strong>Banca:<\/strong> Ibade<\/li>\n\n\n\n<li><strong>Per\u00edodo de inscri\u00e7\u00f5es:<\/strong> at\u00e9 14\/08<\/li>\n\n\n\n<li><strong>Data da prova<\/strong>: 28\/09<\/li>\n\n\n\n<li><strong>Vagas:<\/strong> 03 + CR<\/li>\n\n\n\n<li><strong>Sal\u00e1rio inicial:<\/strong> R$ 3.100,00 a R$ 4.608,00<\/li>\n\n\n\n<li><strong>Edital:<\/strong> <a href=\"https:\/\/dhg1h5j42swfq.cloudfront.net\/2021\/11\/16164035\/crefito-6.pdf\" target=\"_blank\" rel=\"noreferrer noopener nofollow\">Edital Crefito 2025<\/a><\/li>\n<\/ul>\n\n\n\n<h3 class=\"wp-block-heading has-text-align-center has-background\" id=\"prefeituras\" style=\"background-color:#e1eaf2\">Prefeituras Municipais<\/h3>\n\n\n\n<h3 class=\"wp-block-heading\" id=\"h-prefeitura-de-indaiatuba-sp\"><a href=\"https:\/\/www.estrategiaconcursos.com.br\/blog\/concurso-prefeitura-indaiatuba\/\" target=\"_blank\" rel=\"noreferrer noopener\">Prefeitura de Indaiatuba<\/a> (SP)<\/h3>\n\n\n\n<ul class=\"wp-block-list\">\n<li><strong>Banca:<\/strong> Consulplan<\/li>\n\n\n\n<li><strong>Per\u00edodo de inscri\u00e7\u00f5es:<\/strong> 21\/07 a 04\/09<\/li>\n\n\n\n<li><strong>Data da prova<\/strong>: 12 e 26\/10<\/li>\n\n\n\n<li><strong>Vagas:<\/strong> 203 + CR<\/li>\n\n\n\n<li><strong>Sal\u00e1rio inicial:<\/strong> R$ 1.994,55 a R$ 26.244,09<\/li>\n\n\n\n<li><strong>Edital:<\/strong> <a href=\"https:\/\/dhg1h5j42swfq.cloudfront.net\/2025\/07\/14113136\/1_1306993.pdf\" target=\"_blank\" rel=\"noreferrer noopener nofollow\">Indaiatuba 2025<\/a><\/li>\n<\/ul>\n\n\n\n<h3 class=\"wp-block-heading\" id=\"h-prefeitura-de-campina-das-missoes-rs\"><a href=\"https:\/\/www.estrategiaconcursos.com.br\/blog\/concurso-prefeitura-campina-das-missoes\/\" target=\"_blank\" rel=\"noreferrer noopener\">Prefeitura de Campina das Miss\u00f5es<\/a> (RS)<\/h3>\n\n\n\n<ul class=\"wp-block-list\">\n<li><strong>Banca:<\/strong> Legalle Concursos<\/li>\n\n\n\n<li><strong>Per\u00edodo de inscri\u00e7\u00f5es:<\/strong> at\u00e9 13\/08<\/li>\n\n\n\n<li><strong>Data da prova<\/strong>: 07\/09<\/li>\n\n\n\n<li><strong>Vagas:<\/strong> 27 + CR<\/li>\n\n\n\n<li><strong>Sal\u00e1rio inicial:<\/strong> R$ 1.342,69 a R$ 12.730,78<\/li>\n\n\n\n<li><strong>Edital:<\/strong> <a href=\"https:\/\/dhg1h5j42swfq.cloudfront.net\/2025\/07\/15101445\/campina.pdf\" target=\"_blank\" rel=\"noreferrer noopener nofollow\">Campina das Miss\u00f5es 2025<\/a><\/li>\n<\/ul>\n\n\n\n<h3 class=\"wp-block-heading\" id=\"h-prefeitura-de-sao-joao-do-oeste-sc\"><a href=\"https:\/\/www.estrategiaconcursos.com.br\/blog\/concurso-prefeitura-sao-joao-do-oeste\/\" target=\"_blank\" rel=\"noreferrer noopener\">Prefeitura de S\u00e3o Jo\u00e3o do Oeste<\/a> (SC)<\/h3>\n\n\n\n<ul class=\"wp-block-list\">\n<li><strong>Banca:<\/strong> AMEOSC<\/li>\n\n\n\n<li><strong>Per\u00edodo de inscri\u00e7\u00f5es:<\/strong> at\u00e9 23\/07<\/li>\n\n\n\n<li><strong>Data da prova<\/strong>: 09\/08<\/li>\n\n\n\n<li><strong>Vagas:<\/strong> 04 + CR<\/li>\n\n\n\n<li><strong>Sal\u00e1rio inicial:<\/strong> R$ 2.329,49 a R$ 7.427,59<\/li>\n\n\n\n<li><strong>Edital:<\/strong> <a href=\"https:\/\/dhg1h5j42swfq.cloudfront.net\/2025\/07\/16171600\/8.pdf\" target=\"_blank\" rel=\"noreferrer noopener nofollow\">Edital 8\/2025<\/a>&nbsp;\u2013&nbsp;<a href=\"https:\/\/dhg1h5j42swfq.cloudfront.net\/2025\/07\/16171605\/9.pdf\" target=\"_blank\" rel=\"noreferrer noopener nofollow\">Edital 9\/2025<\/a><\/li>\n<\/ul>\n\n\n\n<h3 class=\"wp-block-heading\" id=\"h-prefeitura-de-fagundes-varela-rs\"><a href=\"https:\/\/www.estrategiaconcursos.com.br\/blog\/concurso-prefeitura-fagundes-varela\/\" target=\"_blank\" rel=\"noreferrer noopener\">Prefeitura de Fagundes Varela<\/a> (RS)<\/h3>\n\n\n\n<ul class=\"wp-block-list\">\n<li><strong>Banca:<\/strong> Legalle<\/li>\n\n\n\n<li><strong>Per\u00edodo de inscri\u00e7\u00f5es:<\/strong> at\u00e9 24\/07<\/li>\n\n\n\n<li><strong>Data da prova<\/strong>: 14\/09<\/li>\n\n\n\n<li><strong>Vagas:<\/strong> 10 + CR<\/li>\n\n\n\n<li><strong>Sal\u00e1rio inicial:<\/strong> R$ 1.898,15 a R$ 3.585,39<\/li>\n\n\n\n<li><strong>Edital:<\/strong> <a href=\"https:\/\/dhg1h5j42swfq.cloudfront.net\/2025\/07\/16155848\/edital-varela.pdf\" target=\"_blank\" rel=\"noreferrer noopener nofollow\">Fagundes Varela 2025<\/a><\/li>\n<\/ul>\n\n\n\n<h3 class=\"wp-block-heading\" id=\"h-prefeitura-de-camboriu-sc\"><a href=\"https:\/\/www.estrategiaconcursos.com.br\/blog\/concurso-prefeitura-camboriu-sc\/\" target=\"_blank\" rel=\"noreferrer noopener\">Prefeitura de Cambori\u00fa<\/a> (SC)<\/h3>\n\n\n\n<ul class=\"wp-block-list\">\n<li><strong>Banca:<\/strong> FURB<\/li>\n\n\n\n<li><strong>Per\u00edodo de inscri\u00e7\u00f5es:<\/strong> 31\/07 a 03\/09<\/li>\n\n\n\n<li><strong>Data da prova<\/strong>: 28\/09<\/li>\n\n\n\n<li><strong>Vagas:<\/strong> 75 + CR<\/li>\n\n\n\n<li><strong>Sal\u00e1rio inicial:<\/strong> R$ 1.335,44 a R$ 9.307,67<\/li>\n\n\n\n<li><strong>Edital:<\/strong> <a href=\"https:\/\/dhg1h5j42swfq.cloudfront.net\/2025\/07\/17100936\/9b7bd9a8-6eb9-407e-b065-f246729feae2.pdf\" target=\"_blank\" rel=\"noreferrer noopener nofollow\">Cambori\u00fa 2025<\/a><\/li>\n<\/ul>\n\n\n\n<h3 class=\"wp-block-heading\" id=\"h-prefeitura-de-lucelia-sp\"><a href=\"https:\/\/www.estrategiaconcursos.com.br\/blog\/concurso-prefeitura-lucelia\/\" target=\"_blank\" rel=\"noreferrer noopener\">Prefeitura de Luc\u00e9lia<\/a> (SP)<\/h3>\n\n\n\n<ul class=\"wp-block-list\">\n<li><strong>Banca:<\/strong> Valespe<\/li>\n\n\n\n<li><strong>Per\u00edodo de inscri\u00e7\u00f5es:<\/strong> at\u00e9 10\/08<\/li>\n\n\n\n<li><strong>Data da prova<\/strong>: 31\/08<\/li>\n\n\n\n<li><strong>Vagas:<\/strong> 13 + CR<\/li>\n\n\n\n<li><strong>Sal\u00e1rio inicial:<\/strong> R$ 1.552,40 a R$ 3.482,76<\/li>\n\n\n\n<li><strong>Edital: <\/strong><a href=\"https:\/\/dhg1h5j42swfq.cloudfront.net\/2025\/07\/17170553\/lucelia.pdf\" target=\"_blank\" rel=\"noreferrer noopener nofollow\">Luc\u00e9lia 2025<\/a><\/li>\n<\/ul>\n\n\n\n<h3 class=\"wp-block-heading\" id=\"h-prefeitura-de-iguatama-mg\"><a href=\"https:\/\/www.estrategiaconcursos.com.br\/blog\/concurso-prefeitura-iguatama\/\" target=\"_blank\" rel=\"noreferrer noopener\">Prefeitura de Iguatama<\/a> (MG)<\/h3>\n\n\n\n<ul class=\"wp-block-list\">\n<li><strong>Banca:<\/strong> IBGP<\/li>\n\n\n\n<li><strong>Per\u00edodo de inscri\u00e7\u00f5es:<\/strong> 22\/09 a 21\/10<\/li>\n\n\n\n<li><strong>Data da prova<\/strong>: 23\/11<\/li>\n\n\n\n<li><strong>Vagas:<\/strong> 202<\/li>\n\n\n\n<li><strong>Sal\u00e1rio inicial:<\/strong> R$ 1.677,00 a R$ 4.500,00<\/li>\n\n\n\n<li><strong>Edital:<\/strong> <a href=\"https:\/\/dhg1h5j42swfq.cloudfront.net\/2025\/07\/18103126\/editalpublicado.pdf\" target=\"_blank\" rel=\"noreferrer noopener nofollow\">Iguatama 2025<\/a><\/li>\n<\/ul>\n\n\n\n<h3 class=\"wp-block-heading\" id=\"h-prefeitura-de-fernando-falcao-ma\"><a href=\"https:\/\/www.estrategiaconcursos.com.br\/blog\/concurso-prefeitura-fernando-falcao\/\" target=\"_blank\" rel=\"noreferrer noopener\">Prefeitura de Fernando Falc\u00e3o<\/a> (MA)<\/h3>\n\n\n\n<ul class=\"wp-block-list\">\n<li><strong>Banca:<\/strong> Legatus<\/li>\n\n\n\n<li><strong>Per\u00edodo de inscri\u00e7\u00f5es:<\/strong> 21\/07 a 18\/08<\/li>\n\n\n\n<li><strong>Data da prova<\/strong>: 21\/09<\/li>\n\n\n\n<li><strong>Vagas:<\/strong> 66<\/li>\n\n\n\n<li><strong>Sal\u00e1rio inicial: <\/strong>R$ 1.518,00 a R$ 3.036,00<\/li>\n\n\n\n<li><strong>Edital:<\/strong> <a href=\"https:\/\/dhg1h5j42swfq.cloudfront.net\/2025\/07\/18154357\/edital-fernando.pdf\" target=\"_blank\" rel=\"noreferrer noopener nofollow\">Fernando Falc\u00e3o 2025<\/a><\/li>\n<\/ul>\n\n\n\n<h3 class=\"wp-block-heading\" id=\"h-prefeitura-de-capao-bonito-sp\"><a href=\"https:\/\/www.estrategiaconcursos.com.br\/blog\/concurso-prefeitura-capao-bonito\/\" target=\"_blank\" rel=\"noreferrer noopener\">Prefeitura de Cap\u00e3o Bonito<\/a> (SP)<\/h3>\n\n\n\n<ul class=\"wp-block-list\">\n<li><strong>Banca:<\/strong> Publiconsult<\/li>\n\n\n\n<li><strong>Per\u00edodo de inscri\u00e7\u00f5es:<\/strong> at\u00e9 01\/08<\/li>\n\n\n\n<li><strong>Data da prova<\/strong>: 24\/08 <\/li>\n\n\n\n<li><strong>Vagas:<\/strong> CR<\/li>\n\n\n\n<li><strong>Sal\u00e1rio inicial:<\/strong> R$ 1.571,47 a R$ 17.362,37<\/li>\n\n\n\n<li><strong>Edital:<\/strong> <a href=\"https:\/\/dhg1h5j42swfq.cloudfront.net\/2025\/07\/18141729\/1-3.pdf\" target=\"_blank\" rel=\"noreferrer noopener nofollow\">Edital 1<\/a>&nbsp;|&nbsp;<a href=\"https:\/\/dhg1h5j42swfq.cloudfront.net\/2025\/07\/18141723\/2-5.pdf\" target=\"_blank\" rel=\"noreferrer noopener nofollow\">Edital 2<\/a>&nbsp;|&nbsp;<a href=\"https:\/\/dhg1h5j42swfq.cloudfront.net\/2025\/07\/18141718\/3-2.pdf\" target=\"_blank\" rel=\"noreferrer noopener nofollow\">Edital 3<\/a>&nbsp;|&nbsp;<a href=\"https:\/\/dhg1h5j42swfq.cloudfront.net\/2025\/07\/18141733\/4-2.pdf\" target=\"_blank\" rel=\"noreferrer noopener nofollow\">Edital 4<\/a><\/li>\n<\/ul>\n\n\n\n<h3 class=\"wp-block-heading\" id=\"h-prefeitura-de-castelo-es\"><a href=\"https:\/\/www.estrategiaconcursos.com.br\/blog\/concurso-prefeitura-castelo\/\" target=\"_blank\" rel=\"noreferrer noopener\">Prefeitura de Castelo<\/a> (ES)<\/h3>\n\n\n\n<ul class=\"wp-block-list\">\n<li><strong>Banca:<\/strong> IBADE<\/li>\n\n\n\n<li><strong>Per\u00edodo de inscri\u00e7\u00f5es:<\/strong> 23\/07 a 25\/08<\/li>\n\n\n\n<li><strong>Data da prova<\/strong>: 30\/11<\/li>\n\n\n\n<li><strong>Vagas:<\/strong> 187<\/li>\n\n\n\n<li><strong>Sal\u00e1rio inicial:<\/strong> R$ 1.518,00 a R$ 11.953,25<\/li>\n\n\n\n<li><strong>Edital:<\/strong> <a href=\"https:\/\/dhg1h5j42swfq.cloudfront.net\/2025\/07\/18142812\/edital-castelo.pdf\" target=\"_blank\" rel=\"noreferrer noopener nofollow\">Castelo 2025<\/a><\/li>\n<\/ul>\n\n\n\n<h3 class=\"wp-block-heading has-text-align-center\" id=\"h-quer-ficar-por-dentro-de-mais-informacoes-sobre-o-mundo-dos-concursos-alem-dos-editais-da-semana-entao-confira-as-principais-noticias-do-dia\"><em>Quer ficar por dentro de mais informa\u00e7\u00f5es sobre o mundo dos concursos, al\u00e9m dos editais da semana? Ent\u00e3o confira as principais not\u00edcias do dia!<\/em><\/h3>\n\n\n\n<p class=\"has-text-align-center has-background\" style=\"background-color:#ededed;font-size:clamp(14.642px, 0.915rem + ((1vw - 3.2px) * 0.721), 22px);px\"><strong><a href=\"https:\/\/www.estrategiaconcursos.com.br\/blog\/principais-noticias-do-dia\/\" target=\"_blank\" rel=\"noreferrer noopener\">Principais not\u00edcias do dia<\/a><\/strong><\/p>\n\n\n\n<div class=\"container\" id=\"boxes\">\r\n  <div class=\"row\">\r\n\r\n    <div class=\"col-sm\">\r\n      <div class=\"estrategia\" id=\"box-assinatura\">\r\n        <h3 class=\"titulo-assinatura\">Assinatura Concursos<\/h3>\r\n        <p class=\"subtitulo-assinatura\">Assinatura de 1 ano ou 2 anos<\/p>\r\n        <div class=\"box-botao\">\r\n          <a class=\"btn-assinatura\" target=\"_blank\" href=\"https:\/\/www.estrategiaconcursos.com.br\/assinaturas\/\" role=\"button\" rel=\"noopener noreferrer\">ASSINE AGORA<\/a>\r\n        <\/div>\r\n      <\/div><\/div><\/div><\/div>\n\n\n\n<h2 class=\"wp-block-heading has-text-align-center\" id=\"h-quer-saber-tudo-sobre-concursos-previstos-e-editais-da-semana-confira-os-nossos-artigos\">Quer saber tudo sobre concursos previstos e editais da semana?<br \/>Confira os nossos artigos!<\/h2>\n\n\n\n<ul class=\"wp-block-list\">\n<li><a href=\"https:\/\/www.estrategiaconcursos.com.br\/blog\/concursos-abertos\/\" target=\"_blank\" rel=\"noreferrer noopener\">Concursos Abertos<\/a><\/li>\n\n\n\n<li><a href=\"https:\/\/www.estrategiaconcursos.com.br\/blog\/concursos-prefeitura\/\" target=\"_blank\" rel=\"noreferrer noopener\">Concursos Abertos Prefeitura<\/a><\/li>\n\n\n\n<li><a href=\"https:\/\/www.estrategiaconcursos.com.br\/blog\/concursos-2025\/\" target=\"_blank\" rel=\"noreferrer noopener\">Concursos 2025<\/a><\/li>\n\n\n\n<li><a href=\"https:\/\/www.estrategiaconcursos.com.br\/blog\/concursos-2026\/\" target=\"_blank\" rel=\"noreferrer noopener\">Concursos 2026<\/a><\/li>\n<\/ul>\n","protected":false},"excerpt":{"rendered":"<p>Mais uma semana de 2025 est\u00e1 chegando ao fim e, com ela, diversos editais que muitos concurseiros esperam finalmente alcan\u00e7aram na pra\u00e7a! Um deles \u00e9 justamente do Tribunal de Contas do Estado do Mato Grosso do Sul (TCE MS), que garante sal\u00e1rios incr\u00edveis de at\u00e9 R$ 41,8 mil. S\u00e3o contempladas 6 vagas imediatas para os [&hellip;]<\/p>\n","protected":false},"author":2692,"featured_media":1445265,"comment_status":"open","ping_status":"closed","sticky":false,"template":"","format":"standard","meta":{"post_tipo":"news","footnotes":""},"categories":[1,214992,220219],"tags":[],"tax_estado":[219963],"class_list":["post-1606874","post","type-post","status-publish","format-standard","has-post-thumbnail","hentry","category-cursos-e-concursos","category-concursos-administrativos","category-noticias","tax_estado-concursos-federais"],"acf":[],"yoast_head":"<!-- This site is optimized with the Yoast SEO Premium plugin v27.2 (Yoast SEO v27.2) - https:\/\/yoast.com\/product\/yoast-seo-premium-wordpress\/ -->\n<title>Concursos P\u00fablicos: 25 editais esta semana; mais de mil vagas!<\/title>\n<meta name=\"description\" content=\"Concurso P\u00fablico 2025: 25 editais sa\u00edram ao longo desta semana (14 a 18\/07). Confira o n\u00famero de oportunidades, remunera\u00e7\u00e3o e datas.\" \/>\n<meta name=\"robots\" content=\"index, follow, max-snippet:-1, max-image-preview:large, max-video-preview:-1\" \/>\n<link rel=\"canonical\" href=\"https:\/\/www.estrategiaconcursos.com.br\/blog\/concurso-editais-semana-14-a-18-07\/\" \/>\n<meta property=\"og:locale\" content=\"pt_BR\" \/>\n<meta property=\"og:type\" content=\"article\" \/>\n<meta property=\"og:title\" content=\"Concursos P\u00fablicos: 25 editais esta semana; mais de mil vagas!\" \/>\n<meta property=\"og:description\" content=\"Concurso P\u00fablico 2025: 25 editais sa\u00edram ao longo desta semana (14 a 18\/07). Confira o n\u00famero de oportunidades, remunera\u00e7\u00e3o e datas.\" \/>\n<meta property=\"og:url\" content=\"https:\/\/www.estrategiaconcursos.com.br\/blog\/concurso-editais-semana-14-a-18-07\/\" \/>\n<meta property=\"og:site_name\" content=\"Estrat\u00e9gia Concursos\" \/>\n<meta property=\"article:published_time\" content=\"2025-07-18T21:00:00+00:00\" \/>\n<meta property=\"article:modified_time\" content=\"2025-07-21T19:35:51+00:00\" \/>\n<meta property=\"og:image\" content=\"https:\/\/dhg1h5j42swfq.cloudfront.net\/2024\/08\/14120803\/concursos-2025-1.png\" \/>\n\t<meta property=\"og:image:width\" content=\"692\" \/>\n\t<meta property=\"og:image:height\" content=\"393\" \/>\n\t<meta property=\"og:image:type\" content=\"image\/png\" \/>\n<meta name=\"author\" content=\"Ronaldo Scanavini Neto\" \/>\n<meta name=\"twitter:card\" content=\"summary_large_image\" \/>\n<meta name=\"twitter:creator\" content=\"@EstratConcursos\" \/>\n<meta name=\"twitter:site\" content=\"@EstratConcursos\" \/>\n<meta name=\"twitter:label1\" content=\"Escrito por\" \/>\n\t<meta name=\"twitter:data1\" content=\"Ronaldo Scanavini Neto\" \/>\n\t<meta name=\"twitter:label2\" content=\"Est. tempo de leitura\" \/>\n\t<meta name=\"twitter:data2\" content=\"4 minutos\" \/>\n<script type=\"application\/ld+json\" class=\"yoast-schema-graph\">{\"@context\":\"https:\/\/schema.org\",\"@graph\":[{\"@type\":\"NewsArticle\",\"@id\":\"https:\/\/www.estrategiaconcursos.com.br\/blog\/concurso-editais-semana-14-a-18-07\/#article\",\"isPartOf\":{\"@id\":\"https:\/\/www.estrategiaconcursos.com.br\/blog\/concurso-editais-semana-14-a-18-07\/\"},\"author\":{\"name\":\"Ronaldo Scanavini Neto\",\"@id\":\"https:\/\/www.estrategiaconcursos.com.br\/blog\/#\/schema\/person\/70c2ad4297aa24ff8815b08215b23a76\"},\"headline\":\"Concursos P\u00fablicos: 25 editais esta semana; mais de mil vagas!\",\"datePublished\":\"2025-07-18T21:00:00+00:00\",\"dateModified\":\"2025-07-21T19:35:51+00:00\",\"mainEntityOfPage\":{\"@id\":\"https:\/\/www.estrategiaconcursos.com.br\/blog\/concurso-editais-semana-14-a-18-07\/\"},\"wordCount\":789,\"commentCount\":0,\"publisher\":{\"@id\":\"https:\/\/www.estrategiaconcursos.com.br\/blog\/#organization\"},\"image\":{\"@id\":\"https:\/\/www.estrategiaconcursos.com.br\/blog\/concurso-editais-semana-14-a-18-07\/#primaryimage\"},\"thumbnailUrl\":\"https:\/\/dhg1h5j42swfq.cloudfront.net\/2024\/08\/14120803\/concursos-2025-1.png\",\"articleSection\":[\"Concursos P\u00fablicos\",\"Executivo (Administrativa)\",\"\u00daltimas not\u00edcias\"],\"inLanguage\":\"pt-BR\",\"potentialAction\":[{\"@type\":\"CommentAction\",\"name\":\"Comment\",\"target\":[\"https:\/\/www.estrategiaconcursos.com.br\/blog\/concurso-editais-semana-14-a-18-07\/#respond\"]}],\"copyrightYear\":\"2025\",\"copyrightHolder\":{\"@id\":\"https:\/\/www.estrategiaconcursos.com.br\/blog\/#organization\"}},{\"@type\":\"WebPage\",\"@id\":\"https:\/\/www.estrategiaconcursos.com.br\/blog\/concurso-editais-semana-14-a-18-07\/\",\"url\":\"https:\/\/www.estrategiaconcursos.com.br\/blog\/concurso-editais-semana-14-a-18-07\/\",\"name\":\"Concursos P\u00fablicos: 25 editais esta semana; mais de mil vagas!\",\"isPartOf\":{\"@id\":\"https:\/\/www.estrategiaconcursos.com.br\/blog\/#website\"},\"primaryImageOfPage\":{\"@id\":\"https:\/\/www.estrategiaconcursos.com.br\/blog\/concurso-editais-semana-14-a-18-07\/#primaryimage\"},\"image\":{\"@id\":\"https:\/\/www.estrategiaconcursos.com.br\/blog\/concurso-editais-semana-14-a-18-07\/#primaryimage\"},\"thumbnailUrl\":\"https:\/\/dhg1h5j42swfq.cloudfront.net\/2024\/08\/14120803\/concursos-2025-1.png\",\"datePublished\":\"2025-07-18T21:00:00+00:00\",\"dateModified\":\"2025-07-21T19:35:51+00:00\",\"description\":\"Concurso P\u00fablico 2025: 25 editais sa\u00edram ao longo desta semana (14 a 18\/07). Confira o n\u00famero de oportunidades, remunera\u00e7\u00e3o e datas.\",\"breadcrumb\":{\"@id\":\"https:\/\/www.estrategiaconcursos.com.br\/blog\/concurso-editais-semana-14-a-18-07\/#breadcrumb\"},\"inLanguage\":\"pt-BR\",\"potentialAction\":[{\"@type\":\"ReadAction\",\"target\":[\"https:\/\/www.estrategiaconcursos.com.br\/blog\/concurso-editais-semana-14-a-18-07\/\"]}]},{\"@type\":\"ImageObject\",\"inLanguage\":\"pt-BR\",\"@id\":\"https:\/\/www.estrategiaconcursos.com.br\/blog\/concurso-editais-semana-14-a-18-07\/#primaryimage\",\"url\":\"https:\/\/dhg1h5j42swfq.cloudfront.net\/2024\/08\/14120803\/concursos-2025-1.png\",\"contentUrl\":\"https:\/\/dhg1h5j42swfq.cloudfront.net\/2024\/08\/14120803\/concursos-2025-1.png\",\"width\":692,\"height\":393,\"caption\":\"concursos 2025\"},{\"@type\":\"BreadcrumbList\",\"@id\":\"https:\/\/www.estrategiaconcursos.com.br\/blog\/concurso-editais-semana-14-a-18-07\/#breadcrumb\",\"itemListElement\":[{\"@type\":\"ListItem\",\"position\":1,\"name\":\"In\u00edcio\",\"item\":\"https:\/\/www.estrategiaconcursos.com.br\/blog\/\"},{\"@type\":\"ListItem\",\"position\":2,\"name\":\"Concursos P\u00fablicos: 25 editais esta semana; mais de mil vagas!\"}]},{\"@type\":\"WebSite\",\"@id\":\"https:\/\/www.estrategiaconcursos.com.br\/blog\/#website\",\"url\":\"https:\/\/www.estrategiaconcursos.com.br\/blog\/\",\"name\":\"Estrat\u00e9gia Concursos\",\"description\":\"O blog da Estrat\u00e9gia Concursos traz not\u00edcias sobre concursos e artigos de professores oferecendo cursos para concursos (pdf + videaulas) no site.\",\"publisher\":{\"@id\":\"https:\/\/www.estrategiaconcursos.com.br\/blog\/#organization\"},\"potentialAction\":[{\"@type\":\"SearchAction\",\"target\":{\"@type\":\"EntryPoint\",\"urlTemplate\":\"https:\/\/www.estrategiaconcursos.com.br\/blog\/?s={search_term_string}\"},\"query-input\":{\"@type\":\"PropertyValueSpecification\",\"valueRequired\":true,\"valueName\":\"search_term_string\"}}],\"inLanguage\":\"pt-BR\"},{\"@type\":\"Organization\",\"@id\":\"https:\/\/www.estrategiaconcursos.com.br\/blog\/#organization\",\"name\":\"Estrat\u00e9gia Concursos\",\"url\":\"https:\/\/www.estrategiaconcursos.com.br\/blog\/\",\"logo\":{\"@type\":\"ImageObject\",\"inLanguage\":\"pt-BR\",\"@id\":\"https:\/\/www.estrategiaconcursos.com.br\/blog\/#\/schema\/logo\/image\/\",\"url\":\"https:\/\/dhg1h5j42swfq.cloudfront.net\/2025\/06\/03203428\/logo_concursos-1.jpg\",\"contentUrl\":\"https:\/\/dhg1h5j42swfq.cloudfront.net\/2025\/06\/03203428\/logo_concursos-1.jpg\",\"width\":230,\"height\":60,\"caption\":\"Estrat\u00e9gia Concursos\"},\"image\":{\"@id\":\"https:\/\/www.estrategiaconcursos.com.br\/blog\/#\/schema\/logo\/image\/\"},\"sameAs\":[\"https:\/\/x.com\/EstratConcursos\"]},{\"@type\":\"Person\",\"@id\":\"https:\/\/www.estrategiaconcursos.com.br\/blog\/#\/schema\/person\/70c2ad4297aa24ff8815b08215b23a76\",\"name\":\"Ronaldo Scanavini Neto\",\"image\":{\"@type\":\"ImageObject\",\"inLanguage\":\"pt-BR\",\"@id\":\"https:\/\/secure.gravatar.com\/avatar\/f93d8e56fe264596e94aee6b3feb737d98ad0fc5bac7eb0a245f04723c5c8f21?s=96&d=mm&r=g\",\"url\":\"https:\/\/secure.gravatar.com\/avatar\/f93d8e56fe264596e94aee6b3feb737d98ad0fc5bac7eb0a245f04723c5c8f21?s=96&d=mm&r=g\",\"contentUrl\":\"https:\/\/secure.gravatar.com\/avatar\/f93d8e56fe264596e94aee6b3feb737d98ad0fc5bac7eb0a245f04723c5c8f21?s=96&d=mm&r=g\",\"caption\":\"Ronaldo Scanavini Neto\"},\"description\":\"Graduando em Comunica\u00e7\u00e3o Social \u2013 Jornalismo pela Universidade Federal de Vi\u00e7osa (UFV). Integra a equipe de jornalismo do Estrat\u00e9gia Concursos desde 2023, atuando com \u00eanfase na cobertura da \u00e1rea fiscal. Tamb\u00e9m realiza a apura\u00e7\u00e3o e produ\u00e7\u00e3o de not\u00edcias sobre concursos federais, \u00f3rg\u00e3os participantes do CNU e das \u00e1reas de controle, gest\u00e3o, engenharia, Exame CFC, comunica\u00e7\u00e3o social TI e \u00e1rea de concursos administrativos.\",\"url\":\"https:\/\/www.estrategiaconcursos.com.br\/blog\/author\/ronaldo-netoestrategia-com\/\"}]}<\/script>\n<!-- \/ Yoast SEO Premium plugin. -->","yoast_head_json":{"title":"Concursos P\u00fablicos: 25 editais esta semana; mais de mil vagas!","description":"Concurso P\u00fablico 2025: 25 editais sa\u00edram ao longo desta semana (14 a 18\/07). Confira o n\u00famero de oportunidades, remunera\u00e7\u00e3o e datas.","robots":{"index":"index","follow":"follow","max-snippet":"max-snippet:-1","max-image-preview":"max-image-preview:large","max-video-preview":"max-video-preview:-1"},"canonical":"https:\/\/www.estrategiaconcursos.com.br\/blog\/concurso-editais-semana-14-a-18-07\/","og_locale":"pt_BR","og_type":"article","og_title":"Concursos P\u00fablicos: 25 editais esta semana; mais de mil vagas!","og_description":"Concurso P\u00fablico 2025: 25 editais sa\u00edram ao longo desta semana (14 a 18\/07). Confira o n\u00famero de oportunidades, remunera\u00e7\u00e3o e datas.","og_url":"https:\/\/www.estrategiaconcursos.com.br\/blog\/concurso-editais-semana-14-a-18-07\/","og_site_name":"Estrat\u00e9gia Concursos","article_published_time":"2025-07-18T21:00:00+00:00","article_modified_time":"2025-07-21T19:35:51+00:00","og_image":[{"width":692,"height":393,"url":"https:\/\/dhg1h5j42swfq.cloudfront.net\/2024\/08\/14120803\/concursos-2025-1.png","type":"image\/png"}],"author":"Ronaldo Scanavini Neto","twitter_card":"summary_large_image","twitter_creator":"@EstratConcursos","twitter_site":"@EstratConcursos","twitter_misc":{"Escrito por":"Ronaldo Scanavini Neto","Est. tempo de leitura":"4 minutos"},"schema":{"@context":"https:\/\/schema.org","@graph":[{"@type":"NewsArticle","@id":"https:\/\/www.estrategiaconcursos.com.br\/blog\/concurso-editais-semana-14-a-18-07\/#article","isPartOf":{"@id":"https:\/\/www.estrategiaconcursos.com.br\/blog\/concurso-editais-semana-14-a-18-07\/"},"author":{"name":"Ronaldo Scanavini Neto","@id":"https:\/\/www.estrategiaconcursos.com.br\/blog\/#\/schema\/person\/70c2ad4297aa24ff8815b08215b23a76"},"headline":"Concursos P\u00fablicos: 25 editais esta semana; mais de mil vagas!","datePublished":"2025-07-18T21:00:00+00:00","dateModified":"2025-07-21T19:35:51+00:00","mainEntityOfPage":{"@id":"https:\/\/www.estrategiaconcursos.com.br\/blog\/concurso-editais-semana-14-a-18-07\/"},"wordCount":789,"commentCount":0,"publisher":{"@id":"https:\/\/www.estrategiaconcursos.com.br\/blog\/#organization"},"image":{"@id":"https:\/\/www.estrategiaconcursos.com.br\/blog\/concurso-editais-semana-14-a-18-07\/#primaryimage"},"thumbnailUrl":"https:\/\/dhg1h5j42swfq.cloudfront.net\/2024\/08\/14120803\/concursos-2025-1.png","articleSection":["Concursos P\u00fablicos","Executivo (Administrativa)","\u00daltimas not\u00edcias"],"inLanguage":"pt-BR","potentialAction":[{"@type":"CommentAction","name":"Comment","target":["https:\/\/www.estrategiaconcursos.com.br\/blog\/concurso-editais-semana-14-a-18-07\/#respond"]}],"copyrightYear":"2025","copyrightHolder":{"@id":"https:\/\/www.estrategiaconcursos.com.br\/blog\/#organization"}},{"@type":"WebPage","@id":"https:\/\/www.estrategiaconcursos.com.br\/blog\/concurso-editais-semana-14-a-18-07\/","url":"https:\/\/www.estrategiaconcursos.com.br\/blog\/concurso-editais-semana-14-a-18-07\/","name":"Concursos P\u00fablicos: 25 editais esta semana; mais de mil vagas!","isPartOf":{"@id":"https:\/\/www.estrategiaconcursos.com.br\/blog\/#website"},"primaryImageOfPage":{"@id":"https:\/\/www.estrategiaconcursos.com.br\/blog\/concurso-editais-semana-14-a-18-07\/#primaryimage"},"image":{"@id":"https:\/\/www.estrategiaconcursos.com.br\/blog\/concurso-editais-semana-14-a-18-07\/#primaryimage"},"thumbnailUrl":"https:\/\/dhg1h5j42swfq.cloudfront.net\/2024\/08\/14120803\/concursos-2025-1.png","datePublished":"2025-07-18T21:00:00+00:00","dateModified":"2025-07-21T19:35:51+00:00","description":"Concurso P\u00fablico 2025: 25 editais sa\u00edram ao longo desta semana (14 a 18\/07). Confira o n\u00famero de oportunidades, remunera\u00e7\u00e3o e datas.","breadcrumb":{"@id":"https:\/\/www.estrategiaconcursos.com.br\/blog\/concurso-editais-semana-14-a-18-07\/#breadcrumb"},"inLanguage":"pt-BR","potentialAction":[{"@type":"ReadAction","target":["https:\/\/www.estrategiaconcursos.com.br\/blog\/concurso-editais-semana-14-a-18-07\/"]}]},{"@type":"ImageObject","inLanguage":"pt-BR","@id":"https:\/\/www.estrategiaconcursos.com.br\/blog\/concurso-editais-semana-14-a-18-07\/#primaryimage","url":"https:\/\/dhg1h5j42swfq.cloudfront.net\/2024\/08\/14120803\/concursos-2025-1.png","contentUrl":"https:\/\/dhg1h5j42swfq.cloudfront.net\/2024\/08\/14120803\/concursos-2025-1.png","width":692,"height":393,"caption":"concursos 2025"},{"@type":"BreadcrumbList","@id":"https:\/\/www.estrategiaconcursos.com.br\/blog\/concurso-editais-semana-14-a-18-07\/#breadcrumb","itemListElement":[{"@type":"ListItem","position":1,"name":"In\u00edcio","item":"https:\/\/www.estrategiaconcursos.com.br\/blog\/"},{"@type":"ListItem","position":2,"name":"Concursos P\u00fablicos: 25 editais esta semana; mais de mil vagas!"}]},{"@type":"WebSite","@id":"https:\/\/www.estrategiaconcursos.com.br\/blog\/#website","url":"https:\/\/www.estrategiaconcursos.com.br\/blog\/","name":"Estrat\u00e9gia Concursos","description":"O blog da Estrat\u00e9gia Concursos traz not\u00edcias sobre concursos e artigos de professores oferecendo cursos para concursos (pdf + videaulas) no site.","publisher":{"@id":"https:\/\/www.estrategiaconcursos.com.br\/blog\/#organization"},"potentialAction":[{"@type":"SearchAction","target":{"@type":"EntryPoint","urlTemplate":"https:\/\/www.estrategiaconcursos.com.br\/blog\/?s={search_term_string}"},"query-input":{"@type":"PropertyValueSpecification","valueRequired":true,"valueName":"search_term_string"}}],"inLanguage":"pt-BR"},{"@type":"Organization","@id":"https:\/\/www.estrategiaconcursos.com.br\/blog\/#organization","name":"Estrat\u00e9gia Concursos","url":"https:\/\/www.estrategiaconcursos.com.br\/blog\/","logo":{"@type":"ImageObject","inLanguage":"pt-BR","@id":"https:\/\/www.estrategiaconcursos.com.br\/blog\/#\/schema\/logo\/image\/","url":"https:\/\/dhg1h5j42swfq.cloudfront.net\/2025\/06\/03203428\/logo_concursos-1.jpg","contentUrl":"https:\/\/dhg1h5j42swfq.cloudfront.net\/2025\/06\/03203428\/logo_concursos-1.jpg","width":230,"height":60,"caption":"Estrat\u00e9gia Concursos"},"image":{"@id":"https:\/\/www.estrategiaconcursos.com.br\/blog\/#\/schema\/logo\/image\/"},"sameAs":["https:\/\/x.com\/EstratConcursos"]},{"@type":"Person","@id":"https:\/\/www.estrategiaconcursos.com.br\/blog\/#\/schema\/person\/70c2ad4297aa24ff8815b08215b23a76","name":"Ronaldo Scanavini Neto","image":{"@type":"ImageObject","inLanguage":"pt-BR","@id":"https:\/\/secure.gravatar.com\/avatar\/f93d8e56fe264596e94aee6b3feb737d98ad0fc5bac7eb0a245f04723c5c8f21?s=96&d=mm&r=g","url":"https:\/\/secure.gravatar.com\/avatar\/f93d8e56fe264596e94aee6b3feb737d98ad0fc5bac7eb0a245f04723c5c8f21?s=96&d=mm&r=g","contentUrl":"https:\/\/secure.gravatar.com\/avatar\/f93d8e56fe264596e94aee6b3feb737d98ad0fc5bac7eb0a245f04723c5c8f21?s=96&d=mm&r=g","caption":"Ronaldo Scanavini Neto"},"description":"Graduando em Comunica\u00e7\u00e3o Social \u2013 Jornalismo pela Universidade Federal de Vi\u00e7osa (UFV). Integra a equipe de jornalismo do Estrat\u00e9gia Concursos desde 2023, atuando com \u00eanfase na cobertura da \u00e1rea fiscal. Tamb\u00e9m realiza a apura\u00e7\u00e3o e produ\u00e7\u00e3o de not\u00edcias sobre concursos federais, \u00f3rg\u00e3os participantes do CNU e das \u00e1reas de controle, gest\u00e3o, engenharia, Exame CFC, comunica\u00e7\u00e3o social TI e \u00e1rea de concursos administrativos.","url":"https:\/\/www.estrategiaconcursos.com.br\/blog\/author\/ronaldo-netoestrategia-com\/"}]}},"_links":{"self":[{"href":"https:\/\/www.estrategiaconcursos.com.br\/blog\/wp-json\/wp\/v2\/posts\/1606874","targetHints":{"allow":["GET"]}}],"collection":[{"href":"https:\/\/www.estrategiaconcursos.com.br\/blog\/wp-json\/wp\/v2\/posts"}],"about":[{"href":"https:\/\/www.estrategiaconcursos.com.br\/blog\/wp-json\/wp\/v2\/types\/post"}],"author":[{"embeddable":true,"href":"https:\/\/www.estrategiaconcursos.com.br\/blog\/wp-json\/wp\/v2\/users\/2692"}],"replies":[{"embeddable":true,"href":"https:\/\/www.estrategiaconcursos.com.br\/blog\/wp-json\/wp\/v2\/comments?post=1606874"}],"version-history":[{"count":11,"href":"https:\/\/www.estrategiaconcursos.com.br\/blog\/wp-json\/wp\/v2\/posts\/1606874\/revisions"}],"predecessor-version":[{"id":1609719,"href":"https:\/\/www.estrategiaconcursos.com.br\/blog\/wp-json\/wp\/v2\/posts\/1606874\/revisions\/1609719"}],"wp:featuredmedia":[{"embeddable":true,"href":"https:\/\/www.estrategiaconcursos.com.br\/blog\/wp-json\/wp\/v2\/media\/1445265"}],"wp:attachment":[{"href":"https:\/\/www.estrategiaconcursos.com.br\/blog\/wp-json\/wp\/v2\/media?parent=1606874"}],"wp:term":[{"taxonomy":"category","embeddable":true,"href":"https:\/\/www.estrategiaconcursos.com.br\/blog\/wp-json\/wp\/v2\/categories?post=1606874"},{"taxonomy":"post_tag","embeddable":true,"href":"https:\/\/www.estrategiaconcursos.com.br\/blog\/wp-json\/wp\/v2\/tags?post=1606874"},{"taxonomy":"tax_estado","embeddable":true,"href":"https:\/\/www.estrategiaconcursos.com.br\/blog\/wp-json\/wp\/v2\/tax_estado?post=1606874"}],"curies":[{"name":"wp","href":"https:\/\/api.w.org\/{rel}","templated":true}]}}