{"id":1604342,"date":"2025-07-24T11:24:00","date_gmt":"2025-07-24T14:24:00","guid":{"rendered":"https:\/\/www.estrategiaconcursos.com.br\/blog\/?p=1604342"},"modified":"2025-07-24T17:14:43","modified_gmt":"2025-07-24T20:14:43","slug":"flagrante-delito-um-estudo-luz-cppm","status":"publish","type":"post","link":"https:\/\/www.estrategiaconcursos.com.br\/blog\/flagrante-delito-um-estudo-luz-cppm\/","title":{"rendered":"Flagrante delito: Um estudo \u00e0 luz do CPPM"},"content":{"rendered":"\n<p>Ol\u00e1, pessoal, tudo bem? A pris\u00e3o em flagrante delito \u00e9 uma <strong>medida cautelar<\/strong> que permite a pris\u00e3o de algu\u00e9m que se acha cometendo um crime ou que acabou de pratic\u00e1-lo.<\/p>\n\n\n\n<p>De acordo com o <a href=\"https:\/\/www.planalto.gov.br\/ccivil_03\/decreto-lei\/Del1002Compilado.htm\" target=\"_blank\" rel=\"noreferrer noopener\">C\u00f3digo de Processo Penal Militar<\/a> (CPPM), qualquer pessoa poder\u00e1 e os militares dever\u00e3o prender quem for insubmisso ou desertor, ou seja encontrado em flagrante delito.<\/p>\n\n\n\n<p>Com isso, identificamos dois tipos de flagrante: <strong>flagrante facultativo<\/strong> &#8211; quando realizado por qualquer pessoa &#8211; e <strong>flagrante obrigat\u00f3rio<\/strong> &#8211; quando realizado por militares.<\/p>\n\n\n\n<p><\/p>\n\n\n\n<figure class=\"wp-block-image aligncenter is-resized\"><img decoding=\"async\" src=\"https:\/\/lh7-rt.googleusercontent.com\/docsz\/AD_4nXeC_U2ZC6LbJ8X4Hlgfzn3ca9hW_2SFao3k2j5hTTqVjGPNHojDel0DnMGMtcyX80s_d-AWV999VQuDhYcnAefJI2okdeJUcHhfdla8xtTuAfj_j6C9GRKA6pYaEI9TuaM2yTPdEQ?key=ZdLqZ6AuRRf3a_udEyTaXQ\" alt=\"\" style=\"width:321px;height:auto\"\/><figcaption class=\"wp-element-caption\">Fonte: autoria pr\u00f3pria.<\/figcaption><\/figure>\n\n\n\n<p><\/p>\n\n\n\n<p style=\"font-size:clamp(16.293px, 1.018rem + ((1vw - 3.2px) * 0.854), 25px);\"><strong>Pressupostos do auto de pris\u00e3o em flagrante<\/strong><\/p>\n\n\n\n<p>Tenhamos em mente, caros alunos, que s\u00e3o pressupostos b\u00e1sicos para a aplica\u00e7\u00e3o da pris\u00e3o em flagrante o <em>fumus boni juris<\/em> e o<strong> <\/strong><em>periculum in mora<\/em>.&nbsp;<\/p>\n\n\n\n<p>O primeiro significa &#8220;fuma\u00e7a do bom direito&#8221;, o que implica na <strong>plausibilidade ou legitimidade<\/strong> da aplica\u00e7\u00e3o da medida.&nbsp;<\/p>\n\n\n\n<p>J\u00e1 o segundo significa &#8220;perigo da demora&#8221;, indicando haver <strong>risco relevante de que a demora<\/strong> por uma decis\u00e3o judicial acarrete <strong>danos graves ou irrepar\u00e1veis<\/strong> a um direito.<\/p>\n\n\n\n<p><\/p>\n\n\n\n<figure class=\"wp-block-image aligncenter is-resized\"><img decoding=\"async\" src=\"https:\/\/lh7-rt.googleusercontent.com\/docsz\/AD_4nXfToCgrrVl7VsQimpI4ahkILlbK0YNSZ7yAc8xSAdpqF4Jxr3KolEP8g4aNCtEFlPsgav9pDRi_5KNwqg-JI8fVKGSMfBec7rakzGJZWGRDgI5NVx6P1QbPhuWtDGui9kyxN4f1uQ?key=ZdLqZ6AuRRf3a_udEyTaXQ\" alt=\"\" style=\"width:706px;height:auto\"\/><figcaption class=\"wp-element-caption\">Fonte: autoria pr\u00f3pria.<\/figcaption><\/figure>\n\n\n\n<p><\/p>\n\n\n\n<p>Pois bem, de acordo com o CPPM, estar\u00e1 em situa\u00e7\u00e3o de flagrante delito o agente que:<\/p>\n\n\n\n<ul class=\"wp-block-list\">\n<li>est\u00e1 cometendo o crime;<\/li>\n\n\n\n<li>acaba de comet\u00ea-lo;<\/li>\n\n\n\n<li>\u00e9 perseguido logo ap\u00f3s o fato delituoso em situa\u00e7\u00e3o que fa\u00e7a acreditar ser ele o seu autor;<\/li>\n\n\n\n<li>\u00e9 encontrado, logo depois, com instrumentos, objetos, material ou pap\u00e9is que fa\u00e7am presumir a sua participa\u00e7\u00e3o no fato delituoso.<\/li>\n\n\n\n<li>Nas infra\u00e7\u00f5es permanentes, considera-se o agente em flagrante delito enquanto n\u00e3o cessar a perman\u00eancia.<\/li>\n<\/ul>\n\n\n\n<p><\/p>\n\n\n\n<p style=\"font-size:clamp(16.293px, 1.018rem + ((1vw - 3.2px) * 0.854), 25px);\"><strong>Esp\u00e9cies de flagrante delito<\/strong><\/p>\n\n\n\n<p>A partir das hip\u00f3teses acima, podemos identificar as seguintes esp\u00e9cies de flagrante delito: pr\u00f3prio, impr\u00f3prio, presumido e permanente.<\/p>\n\n\n\n<p><strong>Flagrante pr\u00f3prio<\/strong>: Fica caracterizado quando o agente est\u00e1 cometendo ou acaba de cometer o crime.<\/p>\n\n\n\n<p><strong>Flagrante impr\u00f3prio<\/strong>: Caracteriza-se quando algu\u00e9m for perseguido logo ap\u00f3s o fato delituoso em situa\u00e7\u00e3o que fa\u00e7a acreditar ser ele o autor do crime.<\/p>\n\n\n\n<p><strong>Flagrante presumido<\/strong>: Encontra-se em flagrante presumido aquele que for identificado, logo depois, com instrumentos, objetos, material ou pap\u00e9is que fa\u00e7am presumir a sua participa\u00e7\u00e3o no fato delituoso.<\/p>\n\n\n\n<p><strong>Flagrante permanente<\/strong>: \u00c9 aplicado aos crimes permanentes, enquanto n\u00e3o cessar a perman\u00eancia da atividade delituosa.<\/p>\n\n\n\n<figure class=\"wp-block-image aligncenter is-resized\"><img decoding=\"async\" src=\"https:\/\/lh7-rt.googleusercontent.com\/docsz\/AD_4nXdjmu9MZ_RNWmNCMx7gVzwNEt-4keF1HS1RJsj6CQEgfgwYCEB3On1covRSgP9r_x7ZmsyI5DRbQifsyuVDuqEMR40_RcIcKRvkIbyUVgM-HkbKPu9kFZsF16IjlkhynUde07tF?key=ZdLqZ6AuRRf3a_udEyTaXQ\" alt=\"\" style=\"width:696px;height:auto\"\/><figcaption class=\"wp-element-caption\">Fonte: autoria pr\u00f3pria.<\/figcaption><\/figure>\n\n\n\n<p><\/p>\n\n\n\n<p style=\"font-size:clamp(16.293px, 1.018rem + ((1vw - 3.2px) * 0.854), 25px);\"><strong>Lavratura do auto de pris\u00e3o em flagrante<\/strong><\/p>\n\n\n\n<p>O auto de pris\u00e3o em flagrante (APF) deve ser lavrado perante a autoridade competente mediante a oitiva do condutor e das testemunhas.<\/p>\n\n\n\n<p>\u00c9 importante ressaltar que <strong>a falta de testemunhas n\u00e3o impede<\/strong> a lavratura do auto de pris\u00e3o em flagrante.&nbsp;<\/p>\n\n\n\n<p>Nesse caso, o auto ser\u00e1 assinado por <strong>duas pessoas<\/strong>, pelo menos, que tenham testemunhado a apresenta\u00e7\u00e3o do preso.<\/p>\n\n\n\n<p>Se o acusado se <strong>recusar <\/strong>ou, por qualquer outro motivo, <strong>n\u00e3o puder<\/strong> assinar o auto de pris\u00e3o em flagrante, o documento ser\u00e1 assinado por <strong>duas testemunhas<\/strong>, que lhe tenham ouvido a leitura na presen\u00e7a do indiciado, do condutor e das testemunhas do fato delituoso.<\/p>\n\n\n\n<p>Se a lavratura do APF for conduzida por um militar, haver\u00e1 a designa\u00e7\u00e3o de escriv\u00e3o.&nbsp;<\/p>\n\n\n\n<p>O escriv\u00e3o ser\u00e1 escolhido entre&nbsp; um capit\u00e3o, capit\u00e3o-tenente, primeiro ou segundo-tenente, <strong>se o indiciado for oficial<\/strong>. Caso contr\u00e1rio, poder\u00e1 ser designada uma pra\u00e7a, como subtenente, suboficial ou sargento.<\/p>\n\n\n\n<p>Na <strong>impossibilidade <\/strong>de designa\u00e7\u00e3o de qualquer dos militares acima, o CPPM permite a designa\u00e7\u00e3o de <strong>qualquer pessoa id\u00f4nea<\/strong>, mediante a presta\u00e7\u00e3o de compromisso legal.<\/p>\n\n\n\n<p><\/p>\n\n\n\n<p style=\"font-size:clamp(16.293px, 1.018rem + ((1vw - 3.2px) * 0.854), 25px);\"><strong>Nota de culpa e relaxamento da pris\u00e3o<\/strong><\/p>\n\n\n\n<p>A nota de culpa \u00e9 o documento que informa o indiv\u00edduo preso em flagrante os <strong>motivos de sua pris\u00e3o, o nome do condutor e das testemunhas<\/strong>. Ela deve ser entregue ao preso no prazo de at\u00e9 <strong>24 horas<\/strong> da pris\u00e3o.<\/p>\n\n\n\n<p>\u00c9 importante anotar tamb\u00e9m que o CPPM prev\u00ea a possibilidade de <strong>relaxamento da pris\u00e3o<\/strong> quando a autoridade verificar a <strong>manifesta inexist\u00eancia de infra\u00e7\u00e3o penal militar<\/strong> ou a <strong>n\u00e3o participa\u00e7\u00e3o<\/strong> da pessoa conduzida.<\/p>\n\n\n\n<figure class=\"wp-block-image aligncenter is-resized\"><img decoding=\"async\" src=\"https:\/\/lh7-rt.googleusercontent.com\/docsz\/AD_4nXeqhMeKz-5diucWFP0TgvvA8x_BJyZOCKjy2mYUIRpyMaBMZ14RL-ySAEo-rITdNVDduXrOYh8DiXerKY-KzOcpj3eHH4vxqwb4umnNEAnTjfHeIekDagLjCYHzw9igRJhCX3Vcuw?key=ZdLqZ6AuRRf3a_udEyTaXQ\" alt=\"\" style=\"width:400px;height:auto\"\/><figcaption class=\"wp-element-caption\">Fonte: autoria pr\u00f3pria.<\/figcaption><\/figure>\n\n\n\n<p><\/p>\n\n\n\n<p style=\"font-size:clamp(16.293px, 1.018rem + ((1vw - 3.2px) * 0.854), 25px);\"><strong>Fato praticado em presen\u00e7a da autoridade ou em local n\u00e3o sujeito \u00e0 administra\u00e7\u00e3o militar<\/strong><\/p>\n\n\n\n<p>A norma conferiu ainda a obriga\u00e7\u00e3o de realizar a pris\u00e3o em flagrante \u00e0 autoridade que presenciar ou sofrer a a\u00e7\u00e3o criminosa:<\/p>\n\n\n\n<p class=\"has-pale-cyan-blue-background-color has-background\"><em>Art. 249. <\/em><strong><em>Quando o fato f\u00f4r praticado em presen\u00e7a da autoridade, ou contra ela<\/em><\/strong><em>, no exerc\u00edcio de suas fun\u00e7\u00f5es, dever\u00e1 ela pr\u00f3pria prender e autuar em flagrante o infrator, mencionando a circunst\u00e2ncia.<\/em><\/p>\n\n\n\n<p>No caso de a pris\u00e3o em flagrante <strong>ocorrer em local n\u00e3o sujeito \u00e0 administra\u00e7\u00e3o militar<\/strong>, o CPPM permite a<strong> lavratura do APF por autoridade civil<\/strong> ou autoridade militar do lugar mais pr\u00f3ximo daquele em que ocorrer a pris\u00e3o.<\/p>\n\n\n\n<p><\/p>\n\n\n\n<p style=\"font-size:clamp(16.293px, 1.018rem + ((1vw - 3.2px) * 0.854), 25px);\"><strong>Remessa ao juiz e devolu\u00e7\u00e3o do APF<\/strong><\/p>\n\n\n\n<p>Devemos ter em mente que o auto de pris\u00e3o em flagrante deve ser encaminhado <strong>de imediato<\/strong> \u00e0 autoridade judici\u00e1ria competente.<\/p>\n\n\n\n<p>A remessa do APF \u00e0 autoridade judici\u00e1ria<strong> pode ser diferida por at\u00e9 cinco dias<\/strong> quando for necess\u00e1ria a realiza\u00e7\u00e3o de alguma dilig\u00eancia prevista no CPPM.<\/p>\n\n\n\n<p>Nesse sentido, o juiz ou o Minist\u00e9rio P\u00fablico militar <strong>podem devolver <\/strong>o auto de pris\u00e3o em flagrante \u00e0 autoridade militar caso entendam pela necessidade de novas dilig\u00eancias.<\/p>\n\n\n\n<p><\/p>\n\n\n\n<p style=\"font-size:clamp(16.293px, 1.018rem + ((1vw - 3.2px) * 0.854), 25px);\"><strong>Liberdade provis\u00f3ria<\/strong><\/p>\n\n\n\n<p>O juiz poder\u00e1 conceder liberdade provis\u00f3ria ao acusado quando verificar pelo auto de pris\u00e3o em flagrante que o agente praticou o fato sob certas condi\u00e7\u00f5es que <strong>excluem a culpabilidade do agente ou a ilicitude da a\u00e7\u00e3o<\/strong>.<\/p>\n\n\n\n<p>Essas condi\u00e7\u00f5es est\u00e3o descritas nos arts. 35, 38, 39, 40 e 42 do <a href=\"https:\/\/www.planalto.gov.br\/ccivil_03\/decreto-lei\/Del1001Compilado.htm\" target=\"_blank\" rel=\"noreferrer noopener\">C\u00f3digo Penal Militar<\/a>. S\u00e3o elas:<\/p>\n\n\n\n<p>Art. 35: Erro de direito;<\/p>\n\n\n\n<p>Art. 38: Coa\u00e7\u00e3o moral irresist\u00edvel e obedi\u00eancia hier\u00e1rquica;<\/p>\n\n\n\n<p>Art. 39: Estado de necessidade exculpante;<\/p>\n\n\n\n<p>Art. 40: Coa\u00e7\u00e3o f\u00edsica irresist\u00edvel; e<\/p>\n\n\n\n<p>Art. 42: Excludentes de ilicitude (estado de necessidade, leg\u00edtima defesa, estrito cumprimento do dever legal e exerc\u00edcio regular de direito)<\/p>\n\n\n\n<p>Aten\u00e7\u00e3o, decore:&nbsp;<\/p>\n\n\n\n<figure class=\"wp-block-image aligncenter is-resized\"><img decoding=\"async\" src=\"https:\/\/lh7-rt.googleusercontent.com\/docsz\/AD_4nXfokPYIoFBsDg9JhPNbm6ZMxJuPLyrPxTzwKYipAXLkGpOISJUJQ8eDSoXu_D_Y5FIO30a9OgDFosCjrFAJfKjim_1ta28jppW_tI6rqbefwApzslFGQ2XR9ONEHgdwxps80g-HZA?key=ZdLqZ6AuRRf3a_udEyTaXQ\" alt=\"pris\u00e3o em flagrante\" style=\"width:653px;height:auto\"\/><figcaption class=\"wp-element-caption\">Fonte: autoria pr\u00f3pria.<\/figcaption><\/figure>\n\n\n\n<p><\/p>\n\n\n\n<p>Ficamos por aqui\u2026<\/p>\n\n\n\n<p>Para se aprofundar no assunto, estude com nossos <strong><a href=\"https:\/\/www.estrategiaconcursos.com.br\/cursos\/concurso\/\" target=\"_blank\" rel=\"noreferrer noopener\">materiais em pdf e em v\u00eddeo aulas<\/a><\/strong>, e aumente as suas chances de aprova\u00e7\u00e3o.<\/p>\n\n\n\n<p>Bons estudos e at\u00e9 a pr\u00f3xima!<\/p>\n\n\n\n<p>Nilson Assis<\/p>\n\n\n\n<p>Analista Legislativo do Senado Federal<\/p>\n\n\n\n<p>@nsassis.concursos<\/p>\n\n\n\n<ul class=\"wp-block-list\">\n<li><a href=\"https:\/\/www.estrategiaconcursos.com.br\/blog\/concursos-2025\/\" target=\"_blank\" rel=\"noreferrer noopener\">Concursos 2025<\/a><\/li>\n\n\n\n<li><a href=\"https:\/\/www.estrategiaconcursos.com.br\/blog\/concursos-federais-2023\/\">Concursos federais<\/a><\/li>\n\n\n\n<li><a href=\"https:\/\/cj.estrategia.com\/portal\/concursos-abertos-carreiras-juridicas\/\" target=\"_blank\" rel=\"noreferrer noopener\">Concursos abertos Carreiras Jur\u00eddicas<\/a><\/li>\n\n\n\n<li><a href=\"https:\/\/www.estrategiaconcursos.com.br\/blog\/concursos-abertos\/\">Concursos abertos<\/a><\/li>\n<\/ul>\n\n\n\n<p><\/p>\n\n\n\n<p style=\"font-size:clamp(16.293px, 1.018rem + ((1vw - 3.2px) * 0.854), 25px);\"><strong>Refer\u00eancias Bibliogr\u00e1ficas<\/strong><\/p>\n\n\n\n<p>BRASIL. Decreto-Lei n\u00ba 1.002 de 21 de outubro de 1969, <strong>institui o C\u00f3digo de Processo Penal Militar<\/strong>. Bras\u00edlia, DF: Di\u00e1rio Oficial da Uni\u00e3o de 21.10.1969.<\/p>\n\n\n\n<p>BRASIL. Decreto-Lei n\u00ba 1.001 de 21 de outubro de 1969, <strong>institui o C\u00f3digo Penal Militar<\/strong>. Bras\u00edlia, DF: Di\u00e1rio Oficial da Uni\u00e3o de 21.10.1969.<\/p>\n","protected":false},"excerpt":{"rendered":"<p>Ol\u00e1, pessoal, tudo bem? A pris\u00e3o em flagrante delito \u00e9 uma medida cautelar que permite a pris\u00e3o de algu\u00e9m que se acha cometendo um crime ou que acabou de pratic\u00e1-lo. De acordo com o C\u00f3digo de Processo Penal Militar (CPPM), qualquer pessoa poder\u00e1 e os militares dever\u00e3o prender quem for insubmisso ou desertor, ou seja [&hellip;]<\/p>\n","protected":false},"author":2894,"featured_media":1355343,"comment_status":"open","ping_status":"closed","sticky":false,"template":"","format":"standard","meta":{"post_tipo":"article","footnotes":""},"categories":[1],"tags":[],"tax_estado":[219963],"class_list":["post-1604342","post","type-post","status-publish","format-standard","has-post-thumbnail","hentry","category-cursos-e-concursos","tax_estado-concursos-federais"],"acf":[],"yoast_head":"<!-- This site is optimized with the Yoast SEO Premium plugin v27.2 (Yoast SEO v27.2) - https:\/\/yoast.com\/product\/yoast-seo-premium-wordpress\/ -->\n<title>Flagrante delito: Um estudo \u00e0 luz do CPPM<\/title>\n<meta name=\"description\" content=\"A pris\u00e3o em flagrante delito \u00e9 uma medida cautelar que permite a pris\u00e3o de algu\u00e9m que se acha cometendo um crime ou que acabou de pratic\u00e1-lo.\" \/>\n<meta name=\"robots\" content=\"index, follow, max-snippet:-1, max-image-preview:large, max-video-preview:-1\" \/>\n<link rel=\"canonical\" href=\"https:\/\/www.estrategiaconcursos.com.br\/blog\/flagrante-delito-um-estudo-luz-cppm\/\" \/>\n<meta property=\"og:locale\" content=\"pt_BR\" \/>\n<meta property=\"og:type\" content=\"article\" \/>\n<meta property=\"og:title\" content=\"Flagrante delito: Um estudo \u00e0 luz do CPPM\" \/>\n<meta property=\"og:description\" content=\"A pris\u00e3o em flagrante delito \u00e9 uma medida cautelar que permite a pris\u00e3o de algu\u00e9m que se acha cometendo um crime ou que acabou de pratic\u00e1-lo.\" \/>\n<meta property=\"og:url\" content=\"https:\/\/www.estrategiaconcursos.com.br\/blog\/flagrante-delito-um-estudo-luz-cppm\/\" \/>\n<meta property=\"og:site_name\" content=\"Estrat\u00e9gia Concursos\" \/>\n<meta property=\"article:published_time\" content=\"2025-07-24T14:24:00+00:00\" \/>\n<meta property=\"article:modified_time\" content=\"2025-07-24T20:14:43+00:00\" \/>\n<meta property=\"og:image\" content=\"https:\/\/dhg1h5j42swfq.cloudfront.net\/2024\/02\/20135810\/prisao-especial.jpg\" \/>\n\t<meta property=\"og:image:width\" content=\"1024\" \/>\n\t<meta property=\"og:image:height\" content=\"535\" \/>\n\t<meta property=\"og:image:type\" content=\"image\/jpeg\" \/>\n<meta name=\"author\" content=\"Nilson Silva de Assis\" \/>\n<meta name=\"twitter:card\" content=\"summary_large_image\" \/>\n<meta name=\"twitter:creator\" content=\"@EstratConcursos\" \/>\n<meta name=\"twitter:site\" content=\"@EstratConcursos\" \/>\n<meta name=\"twitter:label1\" content=\"Escrito por\" \/>\n\t<meta name=\"twitter:data1\" content=\"Nilson Silva de Assis\" \/>\n\t<meta name=\"twitter:label2\" content=\"Est. tempo de leitura\" \/>\n\t<meta name=\"twitter:data2\" content=\"6 minutos\" \/>\n<script type=\"application\/ld+json\" class=\"yoast-schema-graph\">{\"@context\":\"https:\/\/schema.org\",\"@graph\":[{\"@type\":\"NewsArticle\",\"@id\":\"https:\/\/www.estrategiaconcursos.com.br\/blog\/flagrante-delito-um-estudo-luz-cppm\/#article\",\"isPartOf\":{\"@id\":\"https:\/\/www.estrategiaconcursos.com.br\/blog\/flagrante-delito-um-estudo-luz-cppm\/\"},\"author\":{\"name\":\"Nilson Silva de Assis\",\"@id\":\"https:\/\/www.estrategiaconcursos.com.br\/blog\/#\/schema\/person\/2602628e49ec93d5f782b149f91603ab\"},\"headline\":\"Flagrante delito: Um estudo \u00e0 luz do CPPM\",\"datePublished\":\"2025-07-24T14:24:00+00:00\",\"dateModified\":\"2025-07-24T20:14:43+00:00\",\"mainEntityOfPage\":{\"@id\":\"https:\/\/www.estrategiaconcursos.com.br\/blog\/flagrante-delito-um-estudo-luz-cppm\/\"},\"wordCount\":1109,\"commentCount\":0,\"publisher\":{\"@id\":\"https:\/\/www.estrategiaconcursos.com.br\/blog\/#organization\"},\"image\":{\"@id\":\"https:\/\/www.estrategiaconcursos.com.br\/blog\/flagrante-delito-um-estudo-luz-cppm\/#primaryimage\"},\"thumbnailUrl\":\"https:\/\/dhg1h5j42swfq.cloudfront.net\/2024\/02\/20135810\/prisao-especial.jpg\",\"articleSection\":[\"Concursos P\u00fablicos\"],\"inLanguage\":\"pt-BR\",\"potentialAction\":[{\"@type\":\"CommentAction\",\"name\":\"Comment\",\"target\":[\"https:\/\/www.estrategiaconcursos.com.br\/blog\/flagrante-delito-um-estudo-luz-cppm\/#respond\"]}],\"copyrightYear\":\"2025\",\"copyrightHolder\":{\"@id\":\"https:\/\/www.estrategiaconcursos.com.br\/blog\/#organization\"}},{\"@type\":\"WebPage\",\"@id\":\"https:\/\/www.estrategiaconcursos.com.br\/blog\/flagrante-delito-um-estudo-luz-cppm\/\",\"url\":\"https:\/\/www.estrategiaconcursos.com.br\/blog\/flagrante-delito-um-estudo-luz-cppm\/\",\"name\":\"Flagrante delito: Um estudo \u00e0 luz do CPPM\",\"isPartOf\":{\"@id\":\"https:\/\/www.estrategiaconcursos.com.br\/blog\/#website\"},\"primaryImageOfPage\":{\"@id\":\"https:\/\/www.estrategiaconcursos.com.br\/blog\/flagrante-delito-um-estudo-luz-cppm\/#primaryimage\"},\"image\":{\"@id\":\"https:\/\/www.estrategiaconcursos.com.br\/blog\/flagrante-delito-um-estudo-luz-cppm\/#primaryimage\"},\"thumbnailUrl\":\"https:\/\/dhg1h5j42swfq.cloudfront.net\/2024\/02\/20135810\/prisao-especial.jpg\",\"datePublished\":\"2025-07-24T14:24:00+00:00\",\"dateModified\":\"2025-07-24T20:14:43+00:00\",\"description\":\"A pris\u00e3o em flagrante delito \u00e9 uma medida cautelar que permite a pris\u00e3o de algu\u00e9m que se acha cometendo um crime ou que acabou de pratic\u00e1-lo.\",\"breadcrumb\":{\"@id\":\"https:\/\/www.estrategiaconcursos.com.br\/blog\/flagrante-delito-um-estudo-luz-cppm\/#breadcrumb\"},\"inLanguage\":\"pt-BR\",\"potentialAction\":[{\"@type\":\"ReadAction\",\"target\":[\"https:\/\/www.estrategiaconcursos.com.br\/blog\/flagrante-delito-um-estudo-luz-cppm\/\"]}]},{\"@type\":\"ImageObject\",\"inLanguage\":\"pt-BR\",\"@id\":\"https:\/\/www.estrategiaconcursos.com.br\/blog\/flagrante-delito-um-estudo-luz-cppm\/#primaryimage\",\"url\":\"https:\/\/dhg1h5j42swfq.cloudfront.net\/2024\/02\/20135810\/prisao-especial.jpg\",\"contentUrl\":\"https:\/\/dhg1h5j42swfq.cloudfront.net\/2024\/02\/20135810\/prisao-especial.jpg\",\"width\":1024,\"height\":535,\"caption\":\"pris\u00e3o em flagrante\"},{\"@type\":\"BreadcrumbList\",\"@id\":\"https:\/\/www.estrategiaconcursos.com.br\/blog\/flagrante-delito-um-estudo-luz-cppm\/#breadcrumb\",\"itemListElement\":[{\"@type\":\"ListItem\",\"position\":1,\"name\":\"In\u00edcio\",\"item\":\"https:\/\/www.estrategiaconcursos.com.br\/blog\/\"},{\"@type\":\"ListItem\",\"position\":2,\"name\":\"Flagrante delito: Um estudo \u00e0 luz do CPPM\"}]},{\"@type\":\"WebSite\",\"@id\":\"https:\/\/www.estrategiaconcursos.com.br\/blog\/#website\",\"url\":\"https:\/\/www.estrategiaconcursos.com.br\/blog\/\",\"name\":\"Estrat\u00e9gia Concursos\",\"description\":\"O blog da Estrat\u00e9gia Concursos traz not\u00edcias sobre concursos e artigos de professores oferecendo cursos para concursos (pdf + videaulas) no site.\",\"publisher\":{\"@id\":\"https:\/\/www.estrategiaconcursos.com.br\/blog\/#organization\"},\"potentialAction\":[{\"@type\":\"SearchAction\",\"target\":{\"@type\":\"EntryPoint\",\"urlTemplate\":\"https:\/\/www.estrategiaconcursos.com.br\/blog\/?s={search_term_string}\"},\"query-input\":{\"@type\":\"PropertyValueSpecification\",\"valueRequired\":true,\"valueName\":\"search_term_string\"}}],\"inLanguage\":\"pt-BR\"},{\"@type\":\"Organization\",\"@id\":\"https:\/\/www.estrategiaconcursos.com.br\/blog\/#organization\",\"name\":\"Estrat\u00e9gia Concursos\",\"url\":\"https:\/\/www.estrategiaconcursos.com.br\/blog\/\",\"logo\":{\"@type\":\"ImageObject\",\"inLanguage\":\"pt-BR\",\"@id\":\"https:\/\/www.estrategiaconcursos.com.br\/blog\/#\/schema\/logo\/image\/\",\"url\":\"https:\/\/dhg1h5j42swfq.cloudfront.net\/2025\/06\/03203428\/logo_concursos-1.jpg\",\"contentUrl\":\"https:\/\/dhg1h5j42swfq.cloudfront.net\/2025\/06\/03203428\/logo_concursos-1.jpg\",\"width\":230,\"height\":60,\"caption\":\"Estrat\u00e9gia Concursos\"},\"image\":{\"@id\":\"https:\/\/www.estrategiaconcursos.com.br\/blog\/#\/schema\/logo\/image\/\"},\"sameAs\":[\"https:\/\/x.com\/EstratConcursos\"]},{\"@type\":\"Person\",\"@id\":\"https:\/\/www.estrategiaconcursos.com.br\/blog\/#\/schema\/person\/2602628e49ec93d5f782b149f91603ab\",\"name\":\"Nilson Silva de Assis\",\"image\":{\"@type\":\"ImageObject\",\"inLanguage\":\"pt-BR\",\"@id\":\"https:\/\/secure.gravatar.com\/avatar\/cdec26ae7042f64d4ddcb70bcf78a4fcbc02661bfa30a7ce3d8bf515b625a75a?s=96&d=mm&r=g\",\"url\":\"https:\/\/secure.gravatar.com\/avatar\/cdec26ae7042f64d4ddcb70bcf78a4fcbc02661bfa30a7ce3d8bf515b625a75a?s=96&d=mm&r=g\",\"contentUrl\":\"https:\/\/secure.gravatar.com\/avatar\/cdec26ae7042f64d4ddcb70bcf78a4fcbc02661bfa30a7ce3d8bf515b625a75a?s=96&d=mm&r=g\",\"caption\":\"Nilson Silva de Assis\"},\"description\":\"Atualmente \u00e9 Analista Legislativo do Senado Federal e Professor do Estrat\u00e9gia Concursos. Suas principais aprova\u00e7\u00f5es: Analista Legislativo do Senado Federal; Auditor Federal de Finan\u00e7as e Controle da CGU; Auditor-Fiscal da Receita Estadual da SEFAZ ES; T\u00e9cnico Fazend\u00e1rio do ISS Manaus; Assistente Executivo em Metrologia e Qualidade do Inmetro; Agente Fazend\u00e1rio do ISS Niter\u00f3i\/RJ; Assistente Administrativo da Prefeitura do Rio (RioSa\u00fade); Assistente Administrativo da Secretaria de Administra\u00e7\u00e3o do Munic\u00edpio do RJ.\",\"sameAs\":[\"https:\/\/www.instagram.com\/nilsonassis.concursos\/\",\"kedin.com\/in\/nilson-assis-954132295\/\"],\"url\":\"https:\/\/www.estrategiaconcursos.com.br\/blog\/author\/nilson-sdeassisgmail-com\/\"}]}<\/script>\n<!-- \/ Yoast SEO Premium plugin. -->","yoast_head_json":{"title":"Flagrante delito: Um estudo \u00e0 luz do CPPM","description":"A pris\u00e3o em flagrante delito \u00e9 uma medida cautelar que permite a pris\u00e3o de algu\u00e9m que se acha cometendo um crime ou que acabou de pratic\u00e1-lo.","robots":{"index":"index","follow":"follow","max-snippet":"max-snippet:-1","max-image-preview":"max-image-preview:large","max-video-preview":"max-video-preview:-1"},"canonical":"https:\/\/www.estrategiaconcursos.com.br\/blog\/flagrante-delito-um-estudo-luz-cppm\/","og_locale":"pt_BR","og_type":"article","og_title":"Flagrante delito: Um estudo \u00e0 luz do CPPM","og_description":"A pris\u00e3o em flagrante delito \u00e9 uma medida cautelar que permite a pris\u00e3o de algu\u00e9m que se acha cometendo um crime ou que acabou de pratic\u00e1-lo.","og_url":"https:\/\/www.estrategiaconcursos.com.br\/blog\/flagrante-delito-um-estudo-luz-cppm\/","og_site_name":"Estrat\u00e9gia Concursos","article_published_time":"2025-07-24T14:24:00+00:00","article_modified_time":"2025-07-24T20:14:43+00:00","og_image":[{"width":1024,"height":535,"url":"https:\/\/dhg1h5j42swfq.cloudfront.net\/2024\/02\/20135810\/prisao-especial.jpg","type":"image\/jpeg"}],"author":"Nilson Silva de Assis","twitter_card":"summary_large_image","twitter_creator":"@EstratConcursos","twitter_site":"@EstratConcursos","twitter_misc":{"Escrito por":"Nilson Silva de Assis","Est. tempo de leitura":"6 minutos"},"schema":{"@context":"https:\/\/schema.org","@graph":[{"@type":"NewsArticle","@id":"https:\/\/www.estrategiaconcursos.com.br\/blog\/flagrante-delito-um-estudo-luz-cppm\/#article","isPartOf":{"@id":"https:\/\/www.estrategiaconcursos.com.br\/blog\/flagrante-delito-um-estudo-luz-cppm\/"},"author":{"name":"Nilson Silva de Assis","@id":"https:\/\/www.estrategiaconcursos.com.br\/blog\/#\/schema\/person\/2602628e49ec93d5f782b149f91603ab"},"headline":"Flagrante delito: Um estudo \u00e0 luz do CPPM","datePublished":"2025-07-24T14:24:00+00:00","dateModified":"2025-07-24T20:14:43+00:00","mainEntityOfPage":{"@id":"https:\/\/www.estrategiaconcursos.com.br\/blog\/flagrante-delito-um-estudo-luz-cppm\/"},"wordCount":1109,"commentCount":0,"publisher":{"@id":"https:\/\/www.estrategiaconcursos.com.br\/blog\/#organization"},"image":{"@id":"https:\/\/www.estrategiaconcursos.com.br\/blog\/flagrante-delito-um-estudo-luz-cppm\/#primaryimage"},"thumbnailUrl":"https:\/\/dhg1h5j42swfq.cloudfront.net\/2024\/02\/20135810\/prisao-especial.jpg","articleSection":["Concursos P\u00fablicos"],"inLanguage":"pt-BR","potentialAction":[{"@type":"CommentAction","name":"Comment","target":["https:\/\/www.estrategiaconcursos.com.br\/blog\/flagrante-delito-um-estudo-luz-cppm\/#respond"]}],"copyrightYear":"2025","copyrightHolder":{"@id":"https:\/\/www.estrategiaconcursos.com.br\/blog\/#organization"}},{"@type":"WebPage","@id":"https:\/\/www.estrategiaconcursos.com.br\/blog\/flagrante-delito-um-estudo-luz-cppm\/","url":"https:\/\/www.estrategiaconcursos.com.br\/blog\/flagrante-delito-um-estudo-luz-cppm\/","name":"Flagrante delito: Um estudo \u00e0 luz do CPPM","isPartOf":{"@id":"https:\/\/www.estrategiaconcursos.com.br\/blog\/#website"},"primaryImageOfPage":{"@id":"https:\/\/www.estrategiaconcursos.com.br\/blog\/flagrante-delito-um-estudo-luz-cppm\/#primaryimage"},"image":{"@id":"https:\/\/www.estrategiaconcursos.com.br\/blog\/flagrante-delito-um-estudo-luz-cppm\/#primaryimage"},"thumbnailUrl":"https:\/\/dhg1h5j42swfq.cloudfront.net\/2024\/02\/20135810\/prisao-especial.jpg","datePublished":"2025-07-24T14:24:00+00:00","dateModified":"2025-07-24T20:14:43+00:00","description":"A pris\u00e3o em flagrante delito \u00e9 uma medida cautelar que permite a pris\u00e3o de algu\u00e9m que se acha cometendo um crime ou que acabou de pratic\u00e1-lo.","breadcrumb":{"@id":"https:\/\/www.estrategiaconcursos.com.br\/blog\/flagrante-delito-um-estudo-luz-cppm\/#breadcrumb"},"inLanguage":"pt-BR","potentialAction":[{"@type":"ReadAction","target":["https:\/\/www.estrategiaconcursos.com.br\/blog\/flagrante-delito-um-estudo-luz-cppm\/"]}]},{"@type":"ImageObject","inLanguage":"pt-BR","@id":"https:\/\/www.estrategiaconcursos.com.br\/blog\/flagrante-delito-um-estudo-luz-cppm\/#primaryimage","url":"https:\/\/dhg1h5j42swfq.cloudfront.net\/2024\/02\/20135810\/prisao-especial.jpg","contentUrl":"https:\/\/dhg1h5j42swfq.cloudfront.net\/2024\/02\/20135810\/prisao-especial.jpg","width":1024,"height":535,"caption":"pris\u00e3o em flagrante"},{"@type":"BreadcrumbList","@id":"https:\/\/www.estrategiaconcursos.com.br\/blog\/flagrante-delito-um-estudo-luz-cppm\/#breadcrumb","itemListElement":[{"@type":"ListItem","position":1,"name":"In\u00edcio","item":"https:\/\/www.estrategiaconcursos.com.br\/blog\/"},{"@type":"ListItem","position":2,"name":"Flagrante delito: Um estudo \u00e0 luz do CPPM"}]},{"@type":"WebSite","@id":"https:\/\/www.estrategiaconcursos.com.br\/blog\/#website","url":"https:\/\/www.estrategiaconcursos.com.br\/blog\/","name":"Estrat\u00e9gia Concursos","description":"O blog da Estrat\u00e9gia Concursos traz not\u00edcias sobre concursos e artigos de professores oferecendo cursos para concursos (pdf + videaulas) no site.","publisher":{"@id":"https:\/\/www.estrategiaconcursos.com.br\/blog\/#organization"},"potentialAction":[{"@type":"SearchAction","target":{"@type":"EntryPoint","urlTemplate":"https:\/\/www.estrategiaconcursos.com.br\/blog\/?s={search_term_string}"},"query-input":{"@type":"PropertyValueSpecification","valueRequired":true,"valueName":"search_term_string"}}],"inLanguage":"pt-BR"},{"@type":"Organization","@id":"https:\/\/www.estrategiaconcursos.com.br\/blog\/#organization","name":"Estrat\u00e9gia Concursos","url":"https:\/\/www.estrategiaconcursos.com.br\/blog\/","logo":{"@type":"ImageObject","inLanguage":"pt-BR","@id":"https:\/\/www.estrategiaconcursos.com.br\/blog\/#\/schema\/logo\/image\/","url":"https:\/\/dhg1h5j42swfq.cloudfront.net\/2025\/06\/03203428\/logo_concursos-1.jpg","contentUrl":"https:\/\/dhg1h5j42swfq.cloudfront.net\/2025\/06\/03203428\/logo_concursos-1.jpg","width":230,"height":60,"caption":"Estrat\u00e9gia Concursos"},"image":{"@id":"https:\/\/www.estrategiaconcursos.com.br\/blog\/#\/schema\/logo\/image\/"},"sameAs":["https:\/\/x.com\/EstratConcursos"]},{"@type":"Person","@id":"https:\/\/www.estrategiaconcursos.com.br\/blog\/#\/schema\/person\/2602628e49ec93d5f782b149f91603ab","name":"Nilson Silva de Assis","image":{"@type":"ImageObject","inLanguage":"pt-BR","@id":"https:\/\/secure.gravatar.com\/avatar\/cdec26ae7042f64d4ddcb70bcf78a4fcbc02661bfa30a7ce3d8bf515b625a75a?s=96&d=mm&r=g","url":"https:\/\/secure.gravatar.com\/avatar\/cdec26ae7042f64d4ddcb70bcf78a4fcbc02661bfa30a7ce3d8bf515b625a75a?s=96&d=mm&r=g","contentUrl":"https:\/\/secure.gravatar.com\/avatar\/cdec26ae7042f64d4ddcb70bcf78a4fcbc02661bfa30a7ce3d8bf515b625a75a?s=96&d=mm&r=g","caption":"Nilson Silva de Assis"},"description":"Atualmente \u00e9 Analista Legislativo do Senado Federal e Professor do Estrat\u00e9gia Concursos. Suas principais aprova\u00e7\u00f5es: Analista Legislativo do Senado Federal; Auditor Federal de Finan\u00e7as e Controle da CGU; Auditor-Fiscal da Receita Estadual da SEFAZ ES; T\u00e9cnico Fazend\u00e1rio do ISS Manaus; Assistente Executivo em Metrologia e Qualidade do Inmetro; Agente Fazend\u00e1rio do ISS Niter\u00f3i\/RJ; Assistente Administrativo da Prefeitura do Rio (RioSa\u00fade); Assistente Administrativo da Secretaria de Administra\u00e7\u00e3o do Munic\u00edpio do RJ.","sameAs":["https:\/\/www.instagram.com\/nilsonassis.concursos\/","kedin.com\/in\/nilson-assis-954132295\/"],"url":"https:\/\/www.estrategiaconcursos.com.br\/blog\/author\/nilson-sdeassisgmail-com\/"}]}},"_links":{"self":[{"href":"https:\/\/www.estrategiaconcursos.com.br\/blog\/wp-json\/wp\/v2\/posts\/1604342","targetHints":{"allow":["GET"]}}],"collection":[{"href":"https:\/\/www.estrategiaconcursos.com.br\/blog\/wp-json\/wp\/v2\/posts"}],"about":[{"href":"https:\/\/www.estrategiaconcursos.com.br\/blog\/wp-json\/wp\/v2\/types\/post"}],"author":[{"embeddable":true,"href":"https:\/\/www.estrategiaconcursos.com.br\/blog\/wp-json\/wp\/v2\/users\/2894"}],"replies":[{"embeddable":true,"href":"https:\/\/www.estrategiaconcursos.com.br\/blog\/wp-json\/wp\/v2\/comments?post=1604342"}],"version-history":[{"count":10,"href":"https:\/\/www.estrategiaconcursos.com.br\/blog\/wp-json\/wp\/v2\/posts\/1604342\/revisions"}],"predecessor-version":[{"id":1604399,"href":"https:\/\/www.estrategiaconcursos.com.br\/blog\/wp-json\/wp\/v2\/posts\/1604342\/revisions\/1604399"}],"wp:featuredmedia":[{"embeddable":true,"href":"https:\/\/www.estrategiaconcursos.com.br\/blog\/wp-json\/wp\/v2\/media\/1355343"}],"wp:attachment":[{"href":"https:\/\/www.estrategiaconcursos.com.br\/blog\/wp-json\/wp\/v2\/media?parent=1604342"}],"wp:term":[{"taxonomy":"category","embeddable":true,"href":"https:\/\/www.estrategiaconcursos.com.br\/blog\/wp-json\/wp\/v2\/categories?post=1604342"},{"taxonomy":"post_tag","embeddable":true,"href":"https:\/\/www.estrategiaconcursos.com.br\/blog\/wp-json\/wp\/v2\/tags?post=1604342"},{"taxonomy":"tax_estado","embeddable":true,"href":"https:\/\/www.estrategiaconcursos.com.br\/blog\/wp-json\/wp\/v2\/tax_estado?post=1604342"}],"curies":[{"name":"wp","href":"https:\/\/api.w.org\/{rel}","templated":true}]}}