{"id":160397,"date":"2019-01-20T16:00:21","date_gmt":"2019-01-20T19:00:21","guid":{"rendered":"https:\/\/www.estrategiaconcursos.com.br\/blog\/?p=160397"},"modified":"2019-05-03T12:59:50","modified_gmt":"2019-05-03T15:59:50","slug":"gabarito-oab-xxvii-2-fase","status":"publish","type":"post","link":"https:\/\/www.estrategiaconcursos.com.br\/blog\/gabarito-oab-xxvii-2-fase\/","title":{"rendered":"Gabarito OAB: confira a corre\u00e7\u00e3o da 2\u00aa fase do XXVII Exame de Ordem"},"content":{"rendered":"\n<p style=\"font-size:25px\"><em>Gabarito&nbsp;OAB&nbsp;oficial&nbsp;\u00e9&nbsp;divulgado<\/em><\/p>\n\n\n\n<p>Milhares de Examinandos de todo o pa\u00eds enfrentaram ontem, 20, a 2\u00aa fase do XXVII Exame de Ordem da OAB.<\/p>\n\n\n\n<p>A ansiedade para saber o resultado \u00e9 especialmente grande nesta etapa, e para ajud\u00e1-lo, a equipe de professores do Estrat\u00e9gia OAB transmitiu ontem, ao vivo, a <strong>corre\u00e7\u00e3o&nbsp;&nbsp;da&nbsp;prova&nbsp;da&nbsp;2\u00aa&nbsp;fase.<\/strong><\/p>\n\n\n\n<p>Divididos em transmiss\u00f5es simult\u00e2neas, nossos professores comentaram em tempo real todos os aspectos da prova pr\u00e1tico-profissional, da resolu\u00e7\u00e3o das quest\u00f5es ao correto enquadramento da pe\u00e7a processual.<\/p>\n\n\n\n<h2 class=\"wp-block-heading\"><strong>Resultados: conhe\u00e7a as datas<\/strong><\/h2>\n\n\n\n<p><strong>Resultado preliminar da 2\u00aa Fase<\/strong>: 12\/02\/2019 <\/p>\n\n\n\n<p><strong>Prazo para recursos<\/strong>:  13\/02\/2019 a 16\/02\/2019 <\/p>\n\n\n\n<p><strong>Resultado definitivo da&nbsp;2\u00aa Fase:&nbsp;<\/strong> 26\/02\/2019 <\/p>\n\n\n\n<p style=\"font-size:25px\"><strong><em><a href=\"https:\/\/www.estrategiaconcursos.com.br\/blog\/resultado-oab-xxvii\/\">Se&nbsp;voc\u00ea&nbsp;est\u00e1&nbsp;procurando&nbsp;o&nbsp;Resultado&nbsp;da&nbsp;2\u00aa&nbsp;fase&nbsp;do&nbsp;XXVII&nbsp;Exame&nbsp;de&nbsp;Ordem,&nbsp;clique&nbsp;aqui.<\/a><\/em><\/strong><\/p>\n\n\n\n<h2 class=\"wp-block-heading\">Gabarito OAB: pe\u00e7as por \u00e1rea<\/h2>\n\n\n\n<p>Direito Administrativo: Mandado de Seguran\u00e7a individual com mandado liminar | <a href=\"https:\/\/dhg1h5j42swfq.cloudfront.net\/2019\/01\/20185934\/134445_GABARITO-JUSTIFICADO-DIREITO-ADMINISTRATIVO.pdf\" target=\"_blank\" rel=\"noreferrer noopener\" aria-label=\"baixe aqui (opens in a new tab)\">baixe aqui<\/a><\/p>\n\n\n\n<p>Direito Penal: Contrarraz\u00f5es de apela\u00e7\u00e3o | <a href=\"https:\/\/dhg1h5j42swfq.cloudfront.net\/2019\/01\/20185945\/169989_GABARITO-JUSTIFICADO-DIREITO-PENAL.pdf\" target=\"_blank\" rel=\"noreferrer noopener\" aria-label=\"baixe aqui (opens in a new tab)\">baixe aqui<\/a><\/p>\n\n\n\n<p>Direito Constitucional: A\u00e7\u00e3o Direta de Inconstitucionalidade  | <a href=\"https:\/\/dhg1h5j42swfq.cloudfront.net\/2019\/01\/20185932\/132420_GABARITO-JUSTIFICADO-DIREITO-CONSTITUCIONAL.pdf\" target=\"_blank\" rel=\"noreferrer noopener\" aria-label=\"baixe aqui  (opens in a new tab)\">baixe aqui <\/a><\/p>\n\n\n\n<p>Direito Tribut\u00e1rio: Embargos \u00e0 Execu\u00e7\u00e3o | <a href=\"https:\/\/dhg1h5j42swfq.cloudfront.net\/2019\/01\/20185939\/143805_GABARITO-JUSTIFICADO-DIREITO-TRIBUT%C3%81RIO.pdf\" target=\"_blank\" rel=\"noreferrer noopener\" aria-label=\"baixe aqui (opens in a new tab)\">baixe aqui<\/a><\/p>\n\n\n\n<p>Direito Civil: Embargos de Terceiro   | <a href=\"https:\/\/dhg1h5j42swfq.cloudfront.net\/2019\/01\/20185936\/135295_GABARITO-JUSTIFICADO-DIREITO-CIVIL.pdf\" target=\"_blank\" rel=\"noreferrer noopener\" aria-label=\"baixe aqui  (opens in a new tab)\">baixe aqui <\/a><\/p>\n\n\n\n<p>Direito do Trabalho: Reclama\u00e7\u00e3o Trabalhista  | b<a rel=\"noreferrer noopener\" aria-label=\"aixe aqui  (opens in a new tab)\" href=\"https:\/\/dhg1h5j42swfq.cloudfront.net\/2019\/01\/20185929\/129778_GABARITO-JUSTIFICADO-DIREITO-DO-TRABALHO.pdf\" target=\"_blank\">aixe aqui <\/a><\/p>\n\n\n\n<p>Direito Empresarial: Peti\u00e7\u00e3o Inicial de A\u00e7\u00e3o de Execu\u00e7\u00e3o por quantia certa | <a rel=\"noreferrer noopener\" aria-label=\"aixe aqui (opens in a new tab)\" href=\"https:\/\/dhg1h5j42swfq.cloudfront.net\/2019\/01\/20185942\/143889_GABARITO-JUSTIFICADO-DIREITO-EMPRESARIAL.pdf\" target=\"_blank\">baixe aqui<\/a><\/p>\n\n\n\n<h2 class=\"wp-block-heading\">Recursos<\/h2>\n\n\n\n<p>O prazo para a interposi\u00e7\u00e3o de recursos contra o resultado preliminar da 2\u00aa fase come\u00e7am a correr ao meio dia do dia 13 de fevereiro, um dia depois da divulga\u00e7\u00e3o do resultado preliminar da 2\u00aa fase.<\/p>\n\n\n\n<p><strong>Observe as datas e hor\u00e1rios<\/strong>, pois n\u00e3o ser\u00e3o aceitos recursos intempestivos: o prazo termina ao meio dia do dia 16 de fevereiro.<\/p>\n\n\n\n<p>A Funda\u00e7\u00e3o Get\u00falio Vargas ir\u00e1 disponibilizar um formul\u00e1rio para recurso, com o limite de 5.000 caracteres. Os recursos via&nbsp;<em>e-mail<\/em> n\u00e3o ser\u00e3o aceitos.<\/p>\n\n\n\n<p>Elaborar recursos no Exame de Ordem sempre traz muitas d\u00favidas. <a href=\"https:\/\/www.estrategiaoab.com.br\/recursos-oab\/\" target=\"_blank\" rel=\"noreferrer noopener\">Clique aqui e confira nosso guia completo<\/a>.<\/p>\n\n\n\n<h2 class=\"wp-block-heading\">A repescagem<\/h2>\n\n\n\n<p>Caso o examinando n\u00e3o logre a aprova\u00e7\u00e3o na 2\u00aa Fase, \u00e9 poss\u00edvel reaproveitar o resultado da prova objetiva para a realiza\u00e7\u00e3o da prova pr\u00e1tico-profissional do Exame&nbsp;<strong>imediatamente subsequente,&nbsp;<\/strong>mediante o pagamento da taxa de inscri\u00e7\u00e3o correspondente<\/p>\n\n\n\n<p>O cronograma b\u00e1sico da pr\u00f3xima repescagem ser\u00e1 divulgado no edital do XXVIII&nbsp;<a rel=\"noreferrer noopener\" href=\"http:\/\/www.estrategiaoab.com.br\" target=\"_blank\">Exame de Ordem<\/a>, cuja publica\u00e7\u00e3o est\u00e1 prevista para a pr\u00f3xima quinta-feira, 24 de janeiro.&nbsp; O valor da taxa de inscri\u00e7\u00e3o \u00e9 de&nbsp;<strong>R$ 130.&nbsp;<\/strong><\/p>\n\n\n\n<p>Os examinandos poder\u00e3o, no ato de inscri\u00e7\u00e3o,&nbsp;atualizar seus dados cadastrais. Isso inclui tanto a escolha do local de prova quanto da \u00e1rea da prova pr\u00e1tico-profissional.<\/p>\n\n\n\n<p>Conhe\u00e7a todos os detalhes da repescagem no Exame da OAB clicando&nbsp;<a href=\"http:\/\/www.estrategiaoab.com.br\/repescagem-exame-de-ordem\/\" target=\"_blank\" rel=\"noreferrer noopener\">aqui<\/a>.<\/p>\n\n\n\n<p class=\"has-medium-font-size\"><em>Conhe\u00e7a nossos cursos preparat\u00f3rios&nbsp; para o Exame de Ordem:<\/em><\/p>\n\n\n\n<p style=\"font-size:25px\"><strong><a href=\"https:\/\/www.estrategiaconcursos.com.br\/cursosPorConcurso\/exame-de-ordem-oab-1-fase\/\" target=\"_blank\" rel=\"noreferrer noopener\">Cursos OAB 1\u00aa Fase<\/a><\/strong><\/p>\n\n\n\n<p style=\"font-size:25px\"><strong><a href=\"https:\/\/www.estrategiaconcursos.com.br\/cursosPorConcurso\/oab-2-fase-192\/\" target=\"_blank\" rel=\"noreferrer noopener\">Cursos OAB 2\u00aa Fase<\/a><\/strong><\/p>\n","protected":false},"excerpt":{"rendered":"<p>Gabarito&nbsp;OAB&nbsp;oficial&nbsp;\u00e9&nbsp;divulgado Milhares de Examinandos de todo o pa\u00eds enfrentaram ontem, 20, a 2\u00aa fase do XXVII Exame de Ordem da OAB. A ansiedade para saber o resultado \u00e9 especialmente grande nesta etapa, e para ajud\u00e1-lo, a equipe de professores do Estrat\u00e9gia OAB transmitiu ontem, ao vivo, a corre\u00e7\u00e3o&nbsp;&nbsp;da&nbsp;prova&nbsp;da&nbsp;2\u00aa&nbsp;fase. Divididos em transmiss\u00f5es simult\u00e2neas, nossos professores comentaram [&hellip;]<\/p>\n","protected":false},"author":180,"featured_media":160401,"comment_status":"open","ping_status":"closed","sticky":false,"template":"","format":"standard","meta":{"post_tipo":"article","footnotes":""},"categories":[1],"tags":[],"tax_estado":[],"class_list":["post-160397","post","type-post","status-publish","format-standard","has-post-thumbnail","hentry","category-cursos-e-concursos"],"acf":[],"yoast_head":"<!-- This site is optimized with the Yoast SEO Premium plugin v27.2 (Yoast SEO v27.2) - https:\/\/yoast.com\/product\/yoast-seo-premium-wordpress\/ -->\n<title>Gabarito OAB: Corre\u00e7\u00e3o da Prova (2\u00aa Fase XXVII) - AO VIVO<\/title>\n<meta name=\"description\" content=\"Gabarito OAB: acompanhe a corre\u00e7\u00e3o completa da 2\u00aa fase do XXVII Exame de Ordem da OAB e conhe\u00e7a seu resultado.\" \/>\n<meta name=\"robots\" content=\"index, follow, max-snippet:-1, max-image-preview:large, max-video-preview:-1\" \/>\n<link rel=\"canonical\" href=\"https:\/\/www.estrategiaconcursos.com.br\/blog\/gabarito-oab-xxvii-2-fase\/\" \/>\n<meta property=\"og:locale\" content=\"pt_BR\" \/>\n<meta property=\"og:type\" content=\"article\" \/>\n<meta property=\"og:title\" content=\"Gabarito OAB: confira a corre\u00e7\u00e3o da 2\u00aa fase do XXVII Exame de Ordem\" \/>\n<meta property=\"og:description\" content=\"Gabarito OAB: acompanhe a corre\u00e7\u00e3o completa da 2\u00aa fase do XXVII Exame de Ordem da OAB e conhe\u00e7a seu resultado.\" \/>\n<meta property=\"og:url\" content=\"https:\/\/www.estrategiaconcursos.com.br\/blog\/gabarito-oab-xxvii-2-fase\/\" \/>\n<meta property=\"og:site_name\" content=\"Estrat\u00e9gia Concursos\" \/>\n<meta property=\"article:author\" content=\"https:\/\/www.facebook.com\/ricardo.s.torques\" \/>\n<meta property=\"article:published_time\" content=\"2019-01-20T19:00:21+00:00\" \/>\n<meta property=\"article:modified_time\" content=\"2019-05-03T15:59:50+00:00\" \/>\n<meta property=\"og:image\" content=\"https:\/\/dhg1h5j42swfq.cloudfront.net\/2019\/01\/20152743\/admin-ajax.jpg\" \/>\n\t<meta property=\"og:image:width\" content=\"400\" \/>\n\t<meta property=\"og:image:height\" content=\"209\" \/>\n\t<meta property=\"og:image:type\" content=\"image\/jpeg\" \/>\n<meta name=\"author\" content=\"Ricardo Torques\" \/>\n<meta name=\"twitter:card\" content=\"summary_large_image\" \/>\n<meta name=\"twitter:creator\" content=\"@EstratConcursos\" \/>\n<meta name=\"twitter:site\" content=\"@EstratConcursos\" \/>\n<meta name=\"twitter:label1\" content=\"Escrito por\" \/>\n\t<meta name=\"twitter:data1\" content=\"Ricardo Torques\" \/>\n\t<meta name=\"twitter:label2\" content=\"Est. tempo de leitura\" \/>\n\t<meta name=\"twitter:data2\" content=\"2 minutos\" \/>\n<script type=\"application\/ld+json\" class=\"yoast-schema-graph\">{\"@context\":\"https:\/\/schema.org\",\"@graph\":[{\"@type\":\"NewsArticle\",\"@id\":\"https:\/\/www.estrategiaconcursos.com.br\/blog\/gabarito-oab-xxvii-2-fase\/#article\",\"isPartOf\":{\"@id\":\"https:\/\/www.estrategiaconcursos.com.br\/blog\/gabarito-oab-xxvii-2-fase\/\"},\"author\":{\"name\":\"Ricardo Torques\",\"@id\":\"https:\/\/www.estrategiaconcursos.com.br\/blog\/#\/schema\/person\/aa39cf5ddb518e5bdce27c35788405e2\"},\"headline\":\"Gabarito OAB: confira a corre\u00e7\u00e3o da 2\u00aa fase do XXVII Exame de Ordem\",\"datePublished\":\"2019-01-20T19:00:21+00:00\",\"dateModified\":\"2019-05-03T15:59:50+00:00\",\"mainEntityOfPage\":{\"@id\":\"https:\/\/www.estrategiaconcursos.com.br\/blog\/gabarito-oab-xxvii-2-fase\/\"},\"wordCount\":490,\"commentCount\":4,\"publisher\":{\"@id\":\"https:\/\/www.estrategiaconcursos.com.br\/blog\/#organization\"},\"image\":{\"@id\":\"https:\/\/www.estrategiaconcursos.com.br\/blog\/gabarito-oab-xxvii-2-fase\/#primaryimage\"},\"thumbnailUrl\":\"https:\/\/dhg1h5j42swfq.cloudfront.net\/2019\/01\/20152743\/admin-ajax.jpg\",\"articleSection\":[\"Concursos P\u00fablicos\"],\"inLanguage\":\"pt-BR\",\"potentialAction\":[{\"@type\":\"CommentAction\",\"name\":\"Comment\",\"target\":[\"https:\/\/www.estrategiaconcursos.com.br\/blog\/gabarito-oab-xxvii-2-fase\/#respond\"]}],\"copyrightYear\":\"2019\",\"copyrightHolder\":{\"@id\":\"https:\/\/www.estrategiaconcursos.com.br\/blog\/#organization\"}},{\"@type\":\"WebPage\",\"@id\":\"https:\/\/www.estrategiaconcursos.com.br\/blog\/gabarito-oab-xxvii-2-fase\/\",\"url\":\"https:\/\/www.estrategiaconcursos.com.br\/blog\/gabarito-oab-xxvii-2-fase\/\",\"name\":\"Gabarito OAB: Corre\u00e7\u00e3o da Prova (2\u00aa Fase XXVII) - AO VIVO\",\"isPartOf\":{\"@id\":\"https:\/\/www.estrategiaconcursos.com.br\/blog\/#website\"},\"primaryImageOfPage\":{\"@id\":\"https:\/\/www.estrategiaconcursos.com.br\/blog\/gabarito-oab-xxvii-2-fase\/#primaryimage\"},\"image\":{\"@id\":\"https:\/\/www.estrategiaconcursos.com.br\/blog\/gabarito-oab-xxvii-2-fase\/#primaryimage\"},\"thumbnailUrl\":\"https:\/\/dhg1h5j42swfq.cloudfront.net\/2019\/01\/20152743\/admin-ajax.jpg\",\"datePublished\":\"2019-01-20T19:00:21+00:00\",\"dateModified\":\"2019-05-03T15:59:50+00:00\",\"description\":\"Gabarito OAB: acompanhe a corre\u00e7\u00e3o completa da 2\u00aa fase do XXVII Exame de Ordem da OAB e conhe\u00e7a seu resultado.\",\"breadcrumb\":{\"@id\":\"https:\/\/www.estrategiaconcursos.com.br\/blog\/gabarito-oab-xxvii-2-fase\/#breadcrumb\"},\"inLanguage\":\"pt-BR\",\"potentialAction\":[{\"@type\":\"ReadAction\",\"target\":[\"https:\/\/www.estrategiaconcursos.com.br\/blog\/gabarito-oab-xxvii-2-fase\/\"]}]},{\"@type\":\"ImageObject\",\"inLanguage\":\"pt-BR\",\"@id\":\"https:\/\/www.estrategiaconcursos.com.br\/blog\/gabarito-oab-xxvii-2-fase\/#primaryimage\",\"url\":\"https:\/\/dhg1h5j42swfq.cloudfront.net\/2019\/01\/20152743\/admin-ajax.jpg\",\"contentUrl\":\"https:\/\/dhg1h5j42swfq.cloudfront.net\/2019\/01\/20152743\/admin-ajax.jpg\",\"width\":400,\"height\":209,\"caption\":\"gabarito oab 2a fase\"},{\"@type\":\"BreadcrumbList\",\"@id\":\"https:\/\/www.estrategiaconcursos.com.br\/blog\/gabarito-oab-xxvii-2-fase\/#breadcrumb\",\"itemListElement\":[{\"@type\":\"ListItem\",\"position\":1,\"name\":\"In\u00edcio\",\"item\":\"https:\/\/www.estrategiaconcursos.com.br\/blog\/\"},{\"@type\":\"ListItem\",\"position\":2,\"name\":\"Gabarito OAB: confira a corre\u00e7\u00e3o da 2\u00aa fase do XXVII Exame de Ordem\"}]},{\"@type\":\"WebSite\",\"@id\":\"https:\/\/www.estrategiaconcursos.com.br\/blog\/#website\",\"url\":\"https:\/\/www.estrategiaconcursos.com.br\/blog\/\",\"name\":\"Estrat\u00e9gia Concursos\",\"description\":\"O blog da Estrat\u00e9gia Concursos traz not\u00edcias sobre concursos e artigos de professores oferecendo cursos para concursos (pdf + videaulas) no site.\",\"publisher\":{\"@id\":\"https:\/\/www.estrategiaconcursos.com.br\/blog\/#organization\"},\"potentialAction\":[{\"@type\":\"SearchAction\",\"target\":{\"@type\":\"EntryPoint\",\"urlTemplate\":\"https:\/\/www.estrategiaconcursos.com.br\/blog\/?s={search_term_string}\"},\"query-input\":{\"@type\":\"PropertyValueSpecification\",\"valueRequired\":true,\"valueName\":\"search_term_string\"}}],\"inLanguage\":\"pt-BR\"},{\"@type\":\"Organization\",\"@id\":\"https:\/\/www.estrategiaconcursos.com.br\/blog\/#organization\",\"name\":\"Estrat\u00e9gia Concursos\",\"url\":\"https:\/\/www.estrategiaconcursos.com.br\/blog\/\",\"logo\":{\"@type\":\"ImageObject\",\"inLanguage\":\"pt-BR\",\"@id\":\"https:\/\/www.estrategiaconcursos.com.br\/blog\/#\/schema\/logo\/image\/\",\"url\":\"https:\/\/dhg1h5j42swfq.cloudfront.net\/2025\/06\/03203428\/logo_concursos-1.jpg\",\"contentUrl\":\"https:\/\/dhg1h5j42swfq.cloudfront.net\/2025\/06\/03203428\/logo_concursos-1.jpg\",\"width\":230,\"height\":60,\"caption\":\"Estrat\u00e9gia Concursos\"},\"image\":{\"@id\":\"https:\/\/www.estrategiaconcursos.com.br\/blog\/#\/schema\/logo\/image\/\"},\"sameAs\":[\"https:\/\/x.com\/EstratConcursos\"]},{\"@type\":\"Person\",\"@id\":\"https:\/\/www.estrategiaconcursos.com.br\/blog\/#\/schema\/person\/aa39cf5ddb518e5bdce27c35788405e2\",\"name\":\"Ricardo Torques\",\"image\":{\"@type\":\"ImageObject\",\"inLanguage\":\"pt-BR\",\"@id\":\"https:\/\/secure.gravatar.com\/avatar\/ce9ac6c3cff25fe86d15ed568ebc64d1724baf5c0693133bcb1f6073f712f92a?s=96&d=mm&r=g\",\"url\":\"https:\/\/secure.gravatar.com\/avatar\/ce9ac6c3cff25fe86d15ed568ebc64d1724baf5c0693133bcb1f6073f712f92a?s=96&d=mm&r=g\",\"contentUrl\":\"https:\/\/secure.gravatar.com\/avatar\/ce9ac6c3cff25fe86d15ed568ebc64d1724baf5c0693133bcb1f6073f712f92a?s=96&d=mm&r=g\",\"caption\":\"Ricardo Torques\"},\"sameAs\":[\"https:\/\/www.facebook.com\/ricardo.s.torques\"],\"url\":\"https:\/\/www.estrategiaconcursos.com.br\/blog\/author\/ricardotorquesestrategiaconcursos-com-br\/\"}]}<\/script>\n<!-- \/ Yoast SEO Premium plugin. -->","yoast_head_json":{"title":"Gabarito OAB: Corre\u00e7\u00e3o da Prova (2\u00aa Fase XXVII) - AO VIVO","description":"Gabarito OAB: acompanhe a corre\u00e7\u00e3o completa da 2\u00aa fase do XXVII Exame de Ordem da OAB e conhe\u00e7a seu resultado.","robots":{"index":"index","follow":"follow","max-snippet":"max-snippet:-1","max-image-preview":"max-image-preview:large","max-video-preview":"max-video-preview:-1"},"canonical":"https:\/\/www.estrategiaconcursos.com.br\/blog\/gabarito-oab-xxvii-2-fase\/","og_locale":"pt_BR","og_type":"article","og_title":"Gabarito OAB: confira a corre\u00e7\u00e3o da 2\u00aa fase do XXVII Exame de Ordem","og_description":"Gabarito OAB: acompanhe a corre\u00e7\u00e3o completa da 2\u00aa fase do XXVII Exame de Ordem da OAB e conhe\u00e7a seu resultado.","og_url":"https:\/\/www.estrategiaconcursos.com.br\/blog\/gabarito-oab-xxvii-2-fase\/","og_site_name":"Estrat\u00e9gia Concursos","article_author":"https:\/\/www.facebook.com\/ricardo.s.torques","article_published_time":"2019-01-20T19:00:21+00:00","article_modified_time":"2019-05-03T15:59:50+00:00","og_image":[{"width":400,"height":209,"url":"https:\/\/dhg1h5j42swfq.cloudfront.net\/2019\/01\/20152743\/admin-ajax.jpg","type":"image\/jpeg"}],"author":"Ricardo Torques","twitter_card":"summary_large_image","twitter_creator":"@EstratConcursos","twitter_site":"@EstratConcursos","twitter_misc":{"Escrito por":"Ricardo Torques","Est. tempo de leitura":"2 minutos"},"schema":{"@context":"https:\/\/schema.org","@graph":[{"@type":"NewsArticle","@id":"https:\/\/www.estrategiaconcursos.com.br\/blog\/gabarito-oab-xxvii-2-fase\/#article","isPartOf":{"@id":"https:\/\/www.estrategiaconcursos.com.br\/blog\/gabarito-oab-xxvii-2-fase\/"},"author":{"name":"Ricardo Torques","@id":"https:\/\/www.estrategiaconcursos.com.br\/blog\/#\/schema\/person\/aa39cf5ddb518e5bdce27c35788405e2"},"headline":"Gabarito OAB: confira a corre\u00e7\u00e3o da 2\u00aa fase do XXVII Exame de Ordem","datePublished":"2019-01-20T19:00:21+00:00","dateModified":"2019-05-03T15:59:50+00:00","mainEntityOfPage":{"@id":"https:\/\/www.estrategiaconcursos.com.br\/blog\/gabarito-oab-xxvii-2-fase\/"},"wordCount":490,"commentCount":4,"publisher":{"@id":"https:\/\/www.estrategiaconcursos.com.br\/blog\/#organization"},"image":{"@id":"https:\/\/www.estrategiaconcursos.com.br\/blog\/gabarito-oab-xxvii-2-fase\/#primaryimage"},"thumbnailUrl":"https:\/\/dhg1h5j42swfq.cloudfront.net\/2019\/01\/20152743\/admin-ajax.jpg","articleSection":["Concursos P\u00fablicos"],"inLanguage":"pt-BR","potentialAction":[{"@type":"CommentAction","name":"Comment","target":["https:\/\/www.estrategiaconcursos.com.br\/blog\/gabarito-oab-xxvii-2-fase\/#respond"]}],"copyrightYear":"2019","copyrightHolder":{"@id":"https:\/\/www.estrategiaconcursos.com.br\/blog\/#organization"}},{"@type":"WebPage","@id":"https:\/\/www.estrategiaconcursos.com.br\/blog\/gabarito-oab-xxvii-2-fase\/","url":"https:\/\/www.estrategiaconcursos.com.br\/blog\/gabarito-oab-xxvii-2-fase\/","name":"Gabarito OAB: Corre\u00e7\u00e3o da Prova (2\u00aa Fase XXVII) - AO VIVO","isPartOf":{"@id":"https:\/\/www.estrategiaconcursos.com.br\/blog\/#website"},"primaryImageOfPage":{"@id":"https:\/\/www.estrategiaconcursos.com.br\/blog\/gabarito-oab-xxvii-2-fase\/#primaryimage"},"image":{"@id":"https:\/\/www.estrategiaconcursos.com.br\/blog\/gabarito-oab-xxvii-2-fase\/#primaryimage"},"thumbnailUrl":"https:\/\/dhg1h5j42swfq.cloudfront.net\/2019\/01\/20152743\/admin-ajax.jpg","datePublished":"2019-01-20T19:00:21+00:00","dateModified":"2019-05-03T15:59:50+00:00","description":"Gabarito OAB: acompanhe a corre\u00e7\u00e3o completa da 2\u00aa fase do XXVII Exame de Ordem da OAB e conhe\u00e7a seu resultado.","breadcrumb":{"@id":"https:\/\/www.estrategiaconcursos.com.br\/blog\/gabarito-oab-xxvii-2-fase\/#breadcrumb"},"inLanguage":"pt-BR","potentialAction":[{"@type":"ReadAction","target":["https:\/\/www.estrategiaconcursos.com.br\/blog\/gabarito-oab-xxvii-2-fase\/"]}]},{"@type":"ImageObject","inLanguage":"pt-BR","@id":"https:\/\/www.estrategiaconcursos.com.br\/blog\/gabarito-oab-xxvii-2-fase\/#primaryimage","url":"https:\/\/dhg1h5j42swfq.cloudfront.net\/2019\/01\/20152743\/admin-ajax.jpg","contentUrl":"https:\/\/dhg1h5j42swfq.cloudfront.net\/2019\/01\/20152743\/admin-ajax.jpg","width":400,"height":209,"caption":"gabarito oab 2a fase"},{"@type":"BreadcrumbList","@id":"https:\/\/www.estrategiaconcursos.com.br\/blog\/gabarito-oab-xxvii-2-fase\/#breadcrumb","itemListElement":[{"@type":"ListItem","position":1,"name":"In\u00edcio","item":"https:\/\/www.estrategiaconcursos.com.br\/blog\/"},{"@type":"ListItem","position":2,"name":"Gabarito OAB: confira a corre\u00e7\u00e3o da 2\u00aa fase do XXVII Exame de Ordem"}]},{"@type":"WebSite","@id":"https:\/\/www.estrategiaconcursos.com.br\/blog\/#website","url":"https:\/\/www.estrategiaconcursos.com.br\/blog\/","name":"Estrat\u00e9gia Concursos","description":"O blog da Estrat\u00e9gia Concursos traz not\u00edcias sobre concursos e artigos de professores oferecendo cursos para concursos (pdf + videaulas) no site.","publisher":{"@id":"https:\/\/www.estrategiaconcursos.com.br\/blog\/#organization"},"potentialAction":[{"@type":"SearchAction","target":{"@type":"EntryPoint","urlTemplate":"https:\/\/www.estrategiaconcursos.com.br\/blog\/?s={search_term_string}"},"query-input":{"@type":"PropertyValueSpecification","valueRequired":true,"valueName":"search_term_string"}}],"inLanguage":"pt-BR"},{"@type":"Organization","@id":"https:\/\/www.estrategiaconcursos.com.br\/blog\/#organization","name":"Estrat\u00e9gia Concursos","url":"https:\/\/www.estrategiaconcursos.com.br\/blog\/","logo":{"@type":"ImageObject","inLanguage":"pt-BR","@id":"https:\/\/www.estrategiaconcursos.com.br\/blog\/#\/schema\/logo\/image\/","url":"https:\/\/dhg1h5j42swfq.cloudfront.net\/2025\/06\/03203428\/logo_concursos-1.jpg","contentUrl":"https:\/\/dhg1h5j42swfq.cloudfront.net\/2025\/06\/03203428\/logo_concursos-1.jpg","width":230,"height":60,"caption":"Estrat\u00e9gia Concursos"},"image":{"@id":"https:\/\/www.estrategiaconcursos.com.br\/blog\/#\/schema\/logo\/image\/"},"sameAs":["https:\/\/x.com\/EstratConcursos"]},{"@type":"Person","@id":"https:\/\/www.estrategiaconcursos.com.br\/blog\/#\/schema\/person\/aa39cf5ddb518e5bdce27c35788405e2","name":"Ricardo Torques","image":{"@type":"ImageObject","inLanguage":"pt-BR","@id":"https:\/\/secure.gravatar.com\/avatar\/ce9ac6c3cff25fe86d15ed568ebc64d1724baf5c0693133bcb1f6073f712f92a?s=96&d=mm&r=g","url":"https:\/\/secure.gravatar.com\/avatar\/ce9ac6c3cff25fe86d15ed568ebc64d1724baf5c0693133bcb1f6073f712f92a?s=96&d=mm&r=g","contentUrl":"https:\/\/secure.gravatar.com\/avatar\/ce9ac6c3cff25fe86d15ed568ebc64d1724baf5c0693133bcb1f6073f712f92a?s=96&d=mm&r=g","caption":"Ricardo Torques"},"sameAs":["https:\/\/www.facebook.com\/ricardo.s.torques"],"url":"https:\/\/www.estrategiaconcursos.com.br\/blog\/author\/ricardotorquesestrategiaconcursos-com-br\/"}]}},"_links":{"self":[{"href":"https:\/\/www.estrategiaconcursos.com.br\/blog\/wp-json\/wp\/v2\/posts\/160397","targetHints":{"allow":["GET"]}}],"collection":[{"href":"https:\/\/www.estrategiaconcursos.com.br\/blog\/wp-json\/wp\/v2\/posts"}],"about":[{"href":"https:\/\/www.estrategiaconcursos.com.br\/blog\/wp-json\/wp\/v2\/types\/post"}],"author":[{"embeddable":true,"href":"https:\/\/www.estrategiaconcursos.com.br\/blog\/wp-json\/wp\/v2\/users\/180"}],"replies":[{"embeddable":true,"href":"https:\/\/www.estrategiaconcursos.com.br\/blog\/wp-json\/wp\/v2\/comments?post=160397"}],"version-history":[{"count":17,"href":"https:\/\/www.estrategiaconcursos.com.br\/blog\/wp-json\/wp\/v2\/posts\/160397\/revisions"}],"predecessor-version":[{"id":370679,"href":"https:\/\/www.estrategiaconcursos.com.br\/blog\/wp-json\/wp\/v2\/posts\/160397\/revisions\/370679"}],"wp:featuredmedia":[{"embeddable":true,"href":"https:\/\/www.estrategiaconcursos.com.br\/blog\/wp-json\/wp\/v2\/media\/160401"}],"wp:attachment":[{"href":"https:\/\/www.estrategiaconcursos.com.br\/blog\/wp-json\/wp\/v2\/media?parent=160397"}],"wp:term":[{"taxonomy":"category","embeddable":true,"href":"https:\/\/www.estrategiaconcursos.com.br\/blog\/wp-json\/wp\/v2\/categories?post=160397"},{"taxonomy":"post_tag","embeddable":true,"href":"https:\/\/www.estrategiaconcursos.com.br\/blog\/wp-json\/wp\/v2\/tags?post=160397"},{"taxonomy":"tax_estado","embeddable":true,"href":"https:\/\/www.estrategiaconcursos.com.br\/blog\/wp-json\/wp\/v2\/tax_estado?post=160397"}],"curies":[{"name":"wp","href":"https:\/\/api.w.org\/{rel}","templated":true}]}}