{"id":1603692,"date":"2025-07-22T14:35:00","date_gmt":"2025-07-22T17:35:00","guid":{"rendered":"https:\/\/blog-estrategia.mystagingwebsite.com\/blog\/?p=1603692"},"modified":"2025-07-22T15:16:12","modified_gmt":"2025-07-22T18:16:12","slug":"salario-contribuicao-cnu","status":"publish","type":"post","link":"https:\/\/www.estrategiaconcursos.com.br\/blog\/salario-contribuicao-cnu\/","title":{"rendered":"Sal\u00e1rio de Contribui\u00e7\u00e3o para o CNU"},"content":{"rendered":"\n<p class=\"wp-block-paragraph\">Ol\u00e1, tudo bem? Hoje faremos um resumo sobre o sal\u00e1rio de contribui\u00e7\u00e3o, visando ao CNU (Concurso Nacional Unificado), com base na legisla\u00e7\u00e3o.<\/p>\n\n\n\n<p class=\"wp-block-paragraph\">O<a href=\"https:\/\/www.estrategiaconcursos.com.br\/blog\/concurso-nacional-unificado\/\" target=\"_blank\" rel=\"noreferrer noopener\"> edital do CNU<\/a> (o \u201cENEM dos concursos\u201d) foi lan\u00e7ado e destrinchado em<a href=\"https:\/\/www.estrategiaconcursos.com.br\/blog\/cnu-2025-blocos-tematicos\/\" target=\"_blank\" rel=\"noreferrer noopener\"> 09 blocos tem\u00e1ticos do CNU<\/a> 2025, conforme as suas respectivas \u201c\u00e1reas de conhecimento\u201d.<\/p>\n\n\n\n<p class=\"wp-block-paragraph\">Foram disponibilizadas <strong>3.652 vagas<\/strong> para este pr\u00f3ximo certame, sendo 2.480 imediatas e 1.172 para forma\u00e7\u00e3o de cadastro reserva, com sal\u00e1rios variando de R$4.804,89 a R$16.413,35.<\/p>\n\n\n\n<p class=\"wp-block-paragraph\">Portanto, vamos ao que interessa!<\/p>\n\n\n\n<figure class=\"wp-block-image aligncenter size-large\"><img loading=\"lazy\" decoding=\"async\" width=\"1024\" height=\"1024\" src=\"https:\/\/www.estrategiaconcursos.com.br\/blog\/wp-content\/uploads\/2025\/07\/salario-de-contribuicao-para-o-cnu-1024x1024.png\" alt=\"Sal\u00e1rio de Contribui\u00e7\u00e3o para o CNU\" class=\"wp-image-1603703\" srcset=\"https:\/\/dhg1h5j42swfq.cloudfront.net\/2025\/07\/08105624\/salario-de-contribuicao-para-o-cnu-1024x1024.png 1024w, https:\/\/dhg1h5j42swfq.cloudfront.net\/2025\/07\/08105624\/salario-de-contribuicao-para-o-cnu-300x300.png 300w, https:\/\/dhg1h5j42swfq.cloudfront.net\/2025\/07\/08105624\/salario-de-contribuicao-para-o-cnu-150x150.png 150w, https:\/\/dhg1h5j42swfq.cloudfront.net\/2025\/07\/08105624\/salario-de-contribuicao-para-o-cnu-768x768.png 768w, https:\/\/dhg1h5j42swfq.cloudfront.net\/2025\/07\/08105624\/salario-de-contribuicao-para-o-cnu-96x96.png 96w, https:\/\/dhg1h5j42swfq.cloudfront.net\/2025\/07\/08105624\/salario-de-contribuicao-para-o-cnu.png 1080w\" sizes=\"auto, (max-width: 1024px) 100vw, 1024px\" \/><figcaption class=\"wp-element-caption\">Sal\u00e1rio de Contribui\u00e7\u00e3o para o CNU<\/figcaption><\/figure>\n\n\n\n<div class=\"wp-block-yoast-seo-table-of-contents yoast-table-of-contents\"><ul><li><a href=\"#h-salario-de-contribuicao-para-o-cnu\" data-level=\"2\">Sal\u00e1rio de Contribui\u00e7\u00e3o para o CNU<\/a><ul><li><a href=\"#h-conceito\" data-level=\"3\">Conceito<\/a><\/li><li><a href=\"#h-salario-de-contribuicao-do-segurado-empregado-e-do-trabalhador-avulso\" data-level=\"3\">Sal\u00e1rio de contribui\u00e7\u00e3o do segurado empregado e do trabalhador avulso<\/a><\/li><li><a href=\"#h-salario-de-contribuicao-do-empregado-domestico\" data-level=\"3\">Sal\u00e1rio de contribui\u00e7\u00e3o do empregado dom\u00e9stico<\/a><\/li><li><a href=\"#h-salario-de-contribuicao-do-contribuinte-individual\" data-level=\"3\">Sal\u00e1rio de contribui\u00e7\u00e3o do contribuinte individual<\/a><\/li><li><a href=\"#h-salario-de-contribuicao-do-segurado-especial\" data-level=\"3\">Sal\u00e1rio de contribui\u00e7\u00e3o do segurado especial<\/a><\/li><li><a href=\"#h-salario-de-contribuicao-do-segurado-facultativo\" data-level=\"3\">Sal\u00e1rio de contribui\u00e7\u00e3o do segurado facultativo<\/a><\/li><\/ul><\/li><li><a href=\"#h-consideracoes-finais\" data-level=\"2\">Considera\u00e7\u00f5es finais<\/a><\/li><li><a href=\"#h-quer-saber-tudo-sobre-concursos-previstos-confira-nossos-artigos\" data-level=\"2\">Quer saber tudo sobre concursos previstos? Confira nossos artigos!<\/a><\/li><\/ul><\/div>\n\n\n\n<div class=\"container\" id=\"boxes\">\n  <div class=\"row\">\n\n    <div class=\"col-sm\">\n      <div class=\"banner-federais\" id=\"box-assinatura\">\n        <h2 class=\"titulo-assinatura\" style=\"text-align: left;\">Cursos para o CNU<\/h2>\n        <p class=\"subtitulo-assinatura\" style=\"text-align: left;\">Prepare-se para o &#8220;Enem dos Concursos&#8221;!<\/p>\n        <div class=\"box-botao\" style=\"text-align: left;\">\n          <a class=\"btn-assinatura\" target=\"_blank\" href=\"https:\/\/www.estrategiaconcursos.com.br\/cursosPorConcurso\/concurso-nacional-unificado-cnu\/\" role=\"button\" rel=\"noopener noreferrer\">Confira os pacotes!<\/a>\n        <\/div>\n      <\/div><\/div><\/div><\/div>\n\n\n\n<h2 class=\"wp-block-heading has-vivid-cyan-blue-color has-text-color has-link-color wp-elements-1\" id=\"h-salario-de-contribuicao-para-o-cnu\">Sal\u00e1rio de Contribui\u00e7\u00e3o para o CNU<\/h2>\n\n\n\n<h3 class=\"wp-block-heading has-vivid-cyan-blue-color has-text-color has-link-color wp-elements-2\" id=\"h-conceito\">Conceito<\/h3>\n\n\n\n<p class=\"wp-block-paragraph\">O sal\u00e1rio de contribui\u00e7\u00e3o <strong>\u00e9 o valor que serve de base de c\u00e1lculo para a incid\u00eancia da contribui\u00e7\u00e3o previdenci\u00e1ria <\/strong>\u2014 tributo vinculado previsto no artigo 195 da Constitui\u00e7\u00e3o Federal, destinado ao financiamento da Previd\u00eancia Social.<\/p>\n\n\n\n<p class=\"wp-block-paragraph\">Contudo, \u00e9 importante destacar que, conforme o \u00a7 8\u00ba do artigo 195 da Constitui\u00e7\u00e3o Federal, o <strong>segurado especial<\/strong>, via de regra, n\u00e3o contribui com base em seu sal\u00e1rio de contribui\u00e7\u00e3o, mas sim sobre a receita bruta proveniente da comercializa\u00e7\u00e3o de sua produ\u00e7\u00e3o rural.<\/p>\n\n\n\n<p class=\"wp-block-paragraph\">Dessa forma, considerando as distintas categorias de segurados da Previd\u00eancia Social, vejamos como se define o sal\u00e1rio de contribui\u00e7\u00e3o para cada uma delas.<\/p>\n\n\n\n<p class=\"wp-block-paragraph\"><em><strong>N\u00e3o deixe de conferir:<\/strong><\/em><\/p>\n\n\n\n<ul class=\"wp-block-list\">\n<li><a href=\"https:\/\/www.estrategiaconcursos.com.br\/blog\/cnu-cronograma-apos-as-inscricoes\/\" target=\"_blank\" rel=\"noreferrer noopener\">Saiba TODAS as datas do CNU 2025 ap\u00f3s inscri\u00e7\u00f5es!<\/a><\/li>\n\n\n\n<li><a href=\"https:\/\/www.estrategiaconcursos.com.br\/blog\/cnu-2025-provas\/\" target=\"_blank\" rel=\"noreferrer noopener\">CNU 2025: quais ser\u00e3o as etapas de provas?<\/a><\/li>\n<\/ul>\n\n\n\n<h3 class=\"wp-block-heading has-vivid-cyan-blue-color has-text-color has-link-color wp-elements-3\" id=\"h-salario-de-contribuicao-do-segurado-empregado-e-do-trabalhador-avulso\">Sal\u00e1rio de contribui\u00e7\u00e3o do segurado empregado e do trabalhador avulso<\/h3>\n\n\n\n<p class=\"wp-block-paragraph\">Tanto para o segurado empregado quanto para o trabalhador avulso, o conceito de sal\u00e1rio de contribui\u00e7\u00e3o est\u00e1 previsto no artigo 28, inciso I, da Lei n\u00ba 8.212\/1991, que estabelece:<\/p>\n\n\n\n<div class=\"wp-block-group has-background has-global-padding is-layout-constrained wp-block-group-is-layout-constrained\" style=\"background-color:#8dd2fc38\">\n<p class=\"wp-block-paragraph\"><em>Art. 28. Entende-se por sal\u00e1rio-de-contribui\u00e7\u00e3o:<\/em><\/p>\n\n\n\n<p class=\"wp-block-paragraph\"><em>I &#8211; para o empregado e trabalhador avulso: a remunera\u00e7\u00e3o auferida em <\/em><strong><em>uma ou mais empresas,<\/em><\/strong><em> assim entendida a <\/em><strong><em>totalidade dos rendimentos pagos, devidos ou creditados a qualquer t\u00edtulo<\/em><\/strong><em>, durante o <\/em><strong><em>m\u00eas<\/em><\/strong><em>, destinados a <\/em><strong><em>retribuir o trabalho, qualquer que seja a sua forma<\/em><\/strong><em>, inclusive as gorjetas, os ganhos habituais sob a forma de utilidades e os adiantamentos decorrentes de reajuste salarial, quer pelos<\/em><strong><em> servi\u00e7os efetivamente prestados, quer pelo tempo \u00e0 disposi\u00e7\u00e3o do empregador ou tomador de servi\u00e7os<\/em><\/strong><em> nos termos da lei ou do contrato ou, ainda, de conven\u00e7\u00e3o ou acordo coletivo de trabalho ou senten\u00e7a normativa; (Reda\u00e7\u00e3o dada pela Lei n\u00ba 9.528, de 10.12.97)<\/em><\/p>\n<\/div>\n\n\n\n<p class=\"wp-block-paragraph\">Desse modo, o sal\u00e1rio de contribui\u00e7\u00e3o abrange todos os <strong>valores ou benef\u00edcios recebidos<\/strong> pelo empregado ou trabalhador avulso<strong> como forma de retribui\u00e7\u00e3o pelo trabalho realizado, ou pelo tempo em que esteve dispon\u00edvel <\/strong>para prestar servi\u00e7os ao empregador, durante o m\u00eas.<\/p>\n\n\n\n<p class=\"wp-block-paragraph\">Al\u00e9m disso, devem ser somados todos os rendimentos provenientes de diferentes empresas nas quais o segurado empregado ou avulso tenha prestado servi\u00e7os no mesmo per\u00edodo.<\/p>\n\n\n\n<p class=\"wp-block-paragraph\">O <strong>limite m\u00ednimo <\/strong>do sal\u00e1rio de contribui\u00e7\u00e3o corresponde ao piso salarial, legal ou normativo, da categoria ou, inexistindo este, ao sal\u00e1rio m\u00ednimo, tomado no seu valor mensal, di\u00e1rio ou hor\u00e1rio, conforme o ajustado e o tempo de trabalho efetivo durante o m\u00eas.&nbsp;<\/p>\n\n\n\n<p class=\"wp-block-paragraph\">J\u00e1 o <strong>limite m\u00e1ximo<\/strong> \u00e9 o teto do RGPS, no valor atual (2025) de R$8.157,41.<\/p>\n\n\n\n<figure class=\"wp-block-image aligncenter size-full\"><img loading=\"lazy\" decoding=\"async\" width=\"204\" height=\"95\" src=\"https:\/\/dhg1h5j42swfq.cloudfront.net\/2025\/07\/08105516\/image-107.png\" alt=\"\" class=\"wp-image-1603702\" srcset=\"https:\/\/dhg1h5j42swfq.cloudfront.net\/2025\/07\/08105516\/image-107.png 204w, https:\/\/dhg1h5j42swfq.cloudfront.net\/2025\/07\/08105516\/image-107-150x70.png 150w\" sizes=\"auto, (max-width: 204px) 100vw, 204px\" \/><\/figure>\n\n\n\n<p class=\"wp-block-paragraph\">Quando falamos em limite m\u00ednimo e m\u00e1ximo do sal\u00e1rio de contribui\u00e7\u00e3o estamos falando sobre qual \u00e9 o <strong>maior e o menor valor poss\u00edvel a ser considerado para fins de aplica\u00e7\u00e3o das al\u00edquotas de contribui\u00e7\u00e3o<\/strong>. Ent\u00e3o, por exemplo, mesmo que haja uma remunera\u00e7\u00e3o maior que o teto do RGPS, apenas ser\u00e1 considerado o valor do teto para fins de aplica\u00e7\u00e3o do imposto.&nbsp;<\/p>\n\n\n\n<h3 class=\"wp-block-heading has-vivid-cyan-blue-color has-text-color has-link-color wp-elements-4\" id=\"h-salario-de-contribuicao-do-empregado-domestico\">Sal\u00e1rio de contribui\u00e7\u00e3o do empregado dom\u00e9stico<\/h3>\n\n\n\n<p class=\"wp-block-paragraph\">De acordo com o inciso II do artigo 28 da Lei 8.212\/91, o sal\u00e1rio de contribui\u00e7\u00e3o do empregado dom\u00e9stico <strong>ser\u00e1 a remunera\u00e7\u00e3o registrada na sua Carteira de Trabalho e Previd\u00eancia Social<\/strong>.<\/p>\n\n\n\n<p class=\"wp-block-paragraph\">O inciso tamb\u00e9m fala sobre a observ\u00e2ncia das normas a serem estabelecidas em regulamento para comprova\u00e7\u00e3o do v\u00ednculo empregat\u00edcio e do valor da remunera\u00e7\u00e3o.&nbsp;<\/p>\n\n\n\n<p class=\"wp-block-paragraph\">Um bom exemplo dessa observ\u00e2ncia dessas normas a serem estabelecidas em regulamento \u00e9 o \u00a7 27 do artigo 9\u00ba do Decreto 3.048\/99 (Regulamento da Previd\u00eancia Social):<\/p>\n\n\n\n<div class=\"wp-block-group has-background has-global-padding is-layout-constrained wp-block-group-is-layout-constrained\" style=\"background-color:#8dd2fc30\">\n<p class=\"wp-block-paragraph\">\u00a7 27.&nbsp; O v\u00ednculo empregat\u00edcio mantido entre c\u00f4njuges ou companheiros n\u00e3o impede o reconhecimento da qualidade de segurado do empregado, exclu\u00eddo o dom\u00e9stico, observado o disposto no art. 19-B.&nbsp; &nbsp; (Inclu\u00eddo pelo Decreto n\u00ba 10.410, de 2020)<\/p>\n<\/div>\n\n\n\n<p class=\"wp-block-paragraph\">Vejam que, ainda que conste remunera\u00e7\u00e3o na CTPS, n\u00e3o ser\u00e1 reconhecido(a) v\u00ednculo como segurado(a) dom\u00e9stico entre c\u00f4njuges ou companheiros.<\/p>\n\n\n\n<p class=\"wp-block-paragraph\">Os <strong>limites m\u00ednimo e m\u00e1ximo<\/strong> s\u00e3o os mesmos que aqueles referidos acima para os segurados empregado e avulso.<\/p>\n\n\n\n<h3 class=\"wp-block-heading has-vivid-cyan-blue-color has-text-color has-link-color wp-elements-5\" id=\"h-salario-de-contribuicao-do-contribuinte-individual\">Sal\u00e1rio de contribui\u00e7\u00e3o do contribuinte individual<\/h3>\n\n\n\n<p class=\"wp-block-paragraph\">O sal\u00e1rio de contribui\u00e7\u00e3o do segurado contribuinte individual ser\u00e1 a <strong>remunera\u00e7\u00e3o auferida em uma ou mais empresas ou pelo exerc\u00edcio de sua atividade por conta pr\u00f3pria<\/strong>, durante o m\u00eas, observado o limite m\u00e1ximo (inciso III do art. 28 da Lei 8.212\/91).<\/p>\n\n\n\n<p class=\"wp-block-paragraph\">Portanto, assim como para os empregados e avulsos, o segurado contribuinte individual tamb\u00e9m ter\u00e1 como <strong>base de c\u00e1lculo<\/strong> do sal\u00e1rio de contribui\u00e7\u00e3o tudo aquilo que recebeu de uma ou mais empresas como retribui\u00e7\u00e3o de seu trabalho.&nbsp;<\/p>\n\n\n\n<p class=\"wp-block-paragraph\">Por outro lado, caso trabalhe por conta pr\u00f3pria, a <strong>base de c\u00e1lculo<\/strong> ser\u00e1 tudo o que recebeu em seu labor como aut\u00f4nomo.<\/p>\n\n\n\n<p class=\"wp-block-paragraph\">No que diz respeito ao <strong>limite m\u00e1ximo<\/strong>, temos que o dispositivo se refere ao chamado teto do RGPS, no valor atual (2025) de R$8.157,41. O <strong>limite m\u00ednimo <\/strong>do sal\u00e1rio de contribui\u00e7\u00e3o para o contribuinte individual \u00e9 o sal\u00e1rio m\u00ednimo (mensal).<\/p>\n\n\n\n<h3 class=\"wp-block-heading has-vivid-cyan-blue-color has-text-color has-link-color wp-elements-6\" id=\"h-salario-de-contribuicao-do-segurado-especial\">Sal\u00e1rio de contribui\u00e7\u00e3o do segurado especial<\/h3>\n\n\n\n<p class=\"wp-block-paragraph\">Como sabemos, o segurado especial \u00e9 uma categoria diferenciada de segurado e na pr\u00e1tica, <strong>n\u00e3o possui um sal\u00e1rio de contribui\u00e7\u00e3o<\/strong> nos mesmos moldes dos demais segurados, como j\u00e1 adiantado acima.<\/p>\n\n\n\n<p class=\"wp-block-paragraph\">Na verdade, o que acontece \u00e9 a <strong>aplica\u00e7\u00e3o de uma al\u00edquota (um percentual) sobre a receita bruta obtida<\/strong> com a comercializa\u00e7\u00e3o de sua produ\u00e7\u00e3o rural. Ou seja, pega-se tudo o que ele faturou e se aplica um percentual sobre aquilo. Esta ser\u00e1 a contribui\u00e7\u00e3o do segurado especial.<\/p>\n\n\n\n<p class=\"wp-block-paragraph\">Por essa raz\u00e3o, n\u00e3o h\u00e1 sequer como mencionar limites m\u00ednimo e m\u00e1ximo, j\u00e1 que a al\u00edquota a ser aplicada sobre o resultado bruto da comercializa\u00e7\u00e3o de sua produ\u00e7\u00e3o \u00e9 apenas uma e independe do resultado.<\/p>\n\n\n\n<h3 class=\"wp-block-heading has-vivid-cyan-blue-color has-text-color has-link-color wp-elements-7\" id=\"h-salario-de-contribuicao-do-segurado-facultativo\">Sal\u00e1rio de contribui\u00e7\u00e3o do segurado facultativo<\/h3>\n\n\n\n<p class=\"wp-block-paragraph\">Como sabemos, o segurado facultativo \u00e9 aquele que, ainda que n\u00e3o seja obrigatoriamente filiado \u00e0 Previd\u00eancia Social, pois n\u00e3o exerce atividade remunerada, deseja contribuir, visando \u00e0 frui\u00e7\u00e3o de benef\u00edcios e servi\u00e7os no futuro.<\/p>\n\n\n\n<p class=\"wp-block-paragraph\">A filia\u00e7\u00e3o como facultativo representa um <strong>ato volitivo<\/strong>, gerando efeito somente a partir da inscri\u00e7\u00e3o e do primeiro recolhimento, n\u00e3o podendo retroagir e n\u00e3o permitindo o pagamento de contribui\u00e7\u00f5es relativas a compet\u00eancias anteriores \u00e0 data da inscri\u00e7\u00e3o, ressalvado o \u00a7 3\u00ba do art. 28 do Decreto 3.048\/99 (caso de recolhimento trimestral).<\/p>\n\n\n\n<p class=\"wp-block-paragraph\">Portanto,<strong> como n\u00e3o h\u00e1 um sal\u00e1rio fixo ou estimado, o sal\u00e1rio de contribui\u00e7\u00e3o do segurado facultativo ser\u00e1 o valor por ele declarado<\/strong>. Isso porque, como a contribui\u00e7\u00e3o \u00e9 facultativa, incidir\u00e1 sobre o valor que ele pr\u00f3prio entender adequado.&nbsp;<\/p>\n\n\n\n<p class=\"wp-block-paragraph\">No entanto, ainda assim h\u00e1 limites m\u00ednimo e m\u00e1ximo para a contribui\u00e7\u00e3o e segue as mesmas regras do contribuinte individual. Portanto, o <strong>limite m\u00e1ximo<\/strong> \u00e9 o teto do RGPS, no valor atual (2025) de R$8.157,41. J\u00e1 o <strong>limite m\u00ednimo <\/strong>do sal\u00e1rio de contribui\u00e7\u00e3o para o segurado facultativo \u00e9 o sal\u00e1rio m\u00ednimo (mensal).<\/p>\n\n\n\n<h2 class=\"wp-block-heading has-vivid-cyan-blue-color has-text-color has-link-color wp-elements-8\" id=\"h-consideracoes-finais\">Considera\u00e7\u00f5es finais<\/h2>\n\n\n\n<p class=\"wp-block-paragraph\">Portanto, pessoal, esse foi nosso breve resumo sobre o sal\u00e1rio de contribui\u00e7\u00e3o, visando ao CNU (Concurso Nacional Unificado), com base na legisla\u00e7\u00e3o.<\/p>\n\n\n\n<p class=\"wp-block-paragraph\">Nosso tempo aqui \u00e9 breve e n\u00e3o conseguimos, claro, esgotar o assunto. No entanto, \u00e9 de bom tom que indiquemos a leitura completa do <a href=\"https:\/\/www.planalto.gov.br\/ccivil_03\/leis\/L8212compilado.htm#:~:text=CAP%C3%8DTULO%20IX,SAL%C3%81RIO%2DDE%2DCONTRIBUI%C3%87%C3%83O\" target=\"_blank\" rel=\"noreferrer noopener\">artigo 28 da Lei 8.212\/1991<\/a>, principalmente do \u00a7 9\u00ba, que indica quais s\u00e3o as parcelas que n\u00e3o integram o sal\u00e1rio de contribui\u00e7\u00e3o.<\/p>\n\n\n\n<p class=\"wp-block-paragraph\">Portanto, n\u00e3o deixe de revisar o tema em seu material de estudo e praticar com diversas quest\u00f5es.<\/p>\n\n\n\n<p class=\"wp-block-paragraph\">At\u00e9 a pr\u00f3xima!<\/p>\n\n\n\n<figure class=\"wp-block-image aligncenter size-large is-resized\"><img loading=\"lazy\" decoding=\"async\" width=\"506\" height=\"1024\" src=\"https:\/\/www.estrategiaconcursos.com.br\/blog\/wp-content\/uploads\/2020\/09\/Coruja_Concursos@4x-506x1024.png\" alt=\"Concursos 2024 Estrat\u00e9gia Concursos\" class=\"wp-image-574355\" style=\"aspect-ratio:0.5;width:30px;height:auto\"\/><\/figure>\n\n\n\n<h2 class=\"wp-block-heading has-text-align-center\" id=\"h-quer-saber-tudo-sobre-concursos-previstos-confira-nossos-artigos\">Quer saber tudo sobre concursos previstos?<br \/>Confira nossos artigos!<\/h2>\n\n\n\n<ul class=\"wp-block-list\">\n<li><a href=\"https:\/\/www.estrategiaconcursos.com.br\/blog\/concursos-abertos\/\" target=\"_blank\" rel=\"noreferrer noopener\">Concursos Abertos<\/a><\/li>\n\n\n\n<li><a href=\"https:\/\/www.estrategiaconcursos.com.br\/blog\/concursos-2025\/\">Concursos 2025<\/a><\/li>\n\n\n\n<li><a href=\"https:\/\/www.estrategiaconcursos.com.br\/blog\/concursos-2026\/\" target=\"_blank\" rel=\"noreferrer noopener\">Concursos 2026<\/a><\/li>\n<\/ul>\n\n\n\n<div class=\"container\" id=\"boxes\">\n  <div class=\"row\">\n\n    <div class=\"col-sm\">\n      <div class=\"banner-estrat-corj\" id=\"box-assinatura\">\n        <h3 class=\"titulo-assinatura\" style=\"text-align: left;\">Concursos 2025<\/h3>\n        <p class=\"subtitulo-assinatura\" style=\"text-align: left;\">Explore os cursos preparat\u00f3rios completos! \u2728<\/p>\n        <div class=\"box-botao\" style=\"text-align: left;\">\n          <a class=\"btn-assinatura\" target=\"_blank\" href=\"https:\/\/www.estrategiaconcursos.com.br\/blog\/cursos\/concurso\/\" role=\"button\" rel=\"noopener noreferrer\">CLIQUE AQUI<\/a>\n        <\/div>\n      <\/div><\/div><\/div><\/div>\n\n\n\n<div class=\"container\" id=\"boxes\">\n  <div class=\"row\">\n\n    <div class=\"col-sm\">\n      <div class=\"estrategia\" id=\"box-assinatura\">\n        <h3 class=\"titulo-assinatura\">Assinatura Concursos<\/h3>\n        <p class=\"subtitulo-assinatura\">Assinatura de 1 ano ou 2 anos<\/p>\n        <div class=\"box-botao\">\n          <a class=\"btn-assinatura\" target=\"_blank\" href=\"https:\/\/www.estrategiaconcursos.com.br\/blog\/assinaturas\/\" role=\"button\" rel=\"noopener noreferrer\">ASSINE AGORA<\/a>\n        <\/div>\n      <\/div><\/div><\/div><\/div>\n","protected":false},"excerpt":{"rendered":"<p>Ol\u00e1, tudo bem? Hoje faremos um resumo sobre o sal\u00e1rio de contribui\u00e7\u00e3o, visando ao CNU (Concurso Nacional Unificado), com base na legisla\u00e7\u00e3o. O edital do CNU (o \u201cENEM dos concursos\u201d) foi lan\u00e7ado e destrinchado em 09 blocos tem\u00e1ticos do CNU 2025, conforme as suas respectivas \u201c\u00e1reas de conhecimento\u201d. Foram disponibilizadas 3.652 vagas para este pr\u00f3ximo [&hellip;]<\/p>\n","protected":false},"author":2567,"featured_media":1603703,"comment_status":"open","ping_status":"closed","sticky":false,"template":"","format":"standard","meta":{"_acf_changed":false,"post_tipo":"article","footnotes":""},"categories":[1,3766,214992,220191,1981],"tags":[],"tax_estado":[219964,219965,219966,219967,219968,219969,219963,219970,219971,219972,219973,219974,219975,219976,219977,219978,219979,219980,219981,219982,219983,219984,219985,219986,219987,219988,219989,219990],"class_list":["post-1603692","post","type-post","status-publish","format-standard","has-post-thumbnail","hentry","category-cursos-e-concursos","category-educacional","category-concursos-administrativos","category-previdenciaria","category-saude","tax_estado-ac","tax_estado-al","tax_estado-am","tax_estado-ap","tax_estado-ba","tax_estado-ce","tax_estado-concursos-federais","tax_estado-df","tax_estado-es","tax_estado-go","tax_estado-ma","tax_estado-mg","tax_estado-ms","tax_estado-mt","tax_estado-pa","tax_estado-pb","tax_estado-pe","tax_estado-pi","tax_estado-pr","tax_estado-rj","tax_estado-rn","tax_estado-ro","tax_estado-rr","tax_estado-rs","tax_estado-sc","tax_estado-se","tax_estado-sp","tax_estado-to"],"acf":[],"yoast_head":"<!-- This site is optimized with the Yoast SEO Premium plugin v28.1 (Yoast SEO v28.1) - https:\/\/yoast.com\/product\/yoast-seo-premium-wordpress\/ -->\n<title>Sal\u00e1rio de Contribui\u00e7\u00e3o para o CNU<\/title>\n<meta name=\"description\" content=\"Resumo sobre o sal\u00e1rio de contribui\u00e7\u00e3o, visando ao CNU (Concurso Nacional Unificado), com base na legisla\u00e7\u00e3o.\" \/>\n<meta name=\"robots\" content=\"index, follow, max-snippet:-1, max-image-preview:large, max-video-preview:-1\" \/>\n<link rel=\"canonical\" href=\"https:\/\/www.estrategiaconcursos.com.br\/blog\/salario-contribuicao-cnu\/\" \/>\n<meta property=\"og:locale\" content=\"pt_BR\" \/>\n<meta property=\"og:type\" content=\"article\" \/>\n<meta property=\"og:title\" content=\"Sal\u00e1rio de Contribui\u00e7\u00e3o para o CNU\" \/>\n<meta property=\"og:description\" content=\"Resumo sobre o sal\u00e1rio de contribui\u00e7\u00e3o, visando ao CNU (Concurso Nacional Unificado), com base na legisla\u00e7\u00e3o.\" \/>\n<meta property=\"og:url\" content=\"https:\/\/www.estrategiaconcursos.com.br\/blog\/salario-contribuicao-cnu\/\" \/>\n<meta property=\"og:site_name\" content=\"Estrat\u00e9gia Concursos\" \/>\n<meta property=\"article:published_time\" content=\"2025-07-22T17:35:00+00:00\" \/>\n<meta property=\"article:modified_time\" content=\"2025-07-22T18:16:12+00:00\" \/>\n<meta property=\"og:image\" content=\"https:\/\/dhg1h5j42swfq.cloudfront.net\/2025\/07\/08105624\/salario-de-contribuicao-para-o-cnu.png\" \/>\n\t<meta property=\"og:image:width\" content=\"1080\" \/>\n\t<meta property=\"og:image:height\" content=\"1080\" \/>\n\t<meta property=\"og:image:type\" content=\"image\/png\" \/>\n<meta name=\"author\" content=\"Frederico Tadeu Borlot Peixoto\" \/>\n<meta name=\"twitter:card\" content=\"summary_large_image\" \/>\n<meta name=\"twitter:creator\" content=\"@EstratConcursos\" \/>\n<meta name=\"twitter:site\" content=\"@EstratConcursos\" \/>\n<meta name=\"twitter:label1\" content=\"Escrito por\" \/>\n\t<meta name=\"twitter:data1\" content=\"Frederico Tadeu Borlot Peixoto\" \/>\n\t<meta name=\"twitter:label2\" content=\"Est. tempo de leitura\" \/>\n\t<meta name=\"twitter:data2\" content=\"7 minutos\" \/>\n<script type=\"application\/ld+json\" class=\"yoast-schema-graph\">{\"@context\":\"https:\\\/\\\/schema.org\",\"@graph\":[{\"@type\":\"NewsArticle\",\"@id\":\"https:\\\/\\\/www.estrategiaconcursos.com.br\\\/blog\\\/salario-contribuicao-cnu\\\/#article\",\"isPartOf\":{\"@id\":\"https:\\\/\\\/www.estrategiaconcursos.com.br\\\/blog\\\/salario-contribuicao-cnu\\\/\"},\"author\":{\"name\":\"Frederico Tadeu Borlot Peixoto\",\"@id\":\"https:\\\/\\\/blog-estrategia.mystagingwebsite.com\\\/#\\\/schema\\\/person\\\/48a7e085e45aee7c3d4596399af50ebb\"},\"headline\":\"Sal\u00e1rio de Contribui\u00e7\u00e3o para o CNU\",\"datePublished\":\"2025-07-22T17:35:00+00:00\",\"dateModified\":\"2025-07-22T18:16:12+00:00\",\"mainEntityOfPage\":{\"@id\":\"https:\\\/\\\/www.estrategiaconcursos.com.br\\\/blog\\\/salario-contribuicao-cnu\\\/\"},\"wordCount\":1498,\"commentCount\":0,\"publisher\":{\"@id\":\"https:\\\/\\\/blog-estrategia.mystagingwebsite.com\\\/#organization\"},\"image\":{\"@id\":\"https:\\\/\\\/www.estrategiaconcursos.com.br\\\/blog\\\/salario-contribuicao-cnu\\\/#primaryimage\"},\"thumbnailUrl\":\"https:\\\/\\\/dhg1h5j42swfq.cloudfront.net\\\/2025\\\/07\\\/08105624\\\/salario-de-contribuicao-para-o-cnu.png\",\"articleSection\":[\"Concursos P\u00fablicos\",\"Educa\u00e7\u00e3o\",\"Executivo (Administrativa)\",\"Previdenci\u00e1ria (INSS, PREVIC)\",\"Sa\u00fade\"],\"inLanguage\":\"pt-BR\",\"potentialAction\":[{\"@type\":\"CommentAction\",\"name\":\"Comment\",\"target\":[\"https:\\\/\\\/www.estrategiaconcursos.com.br\\\/blog\\\/salario-contribuicao-cnu\\\/#respond\"]}],\"copyrightYear\":\"2025\",\"copyrightHolder\":{\"@id\":\"https:\\\/\\\/www.estrategiaconcursos.com.br\\\/blog\\\/#organization\"},\"accessibilityFeature\":[\"tableOfContents\"]},{\"@type\":\"WebPage\",\"@id\":\"https:\\\/\\\/www.estrategiaconcursos.com.br\\\/blog\\\/salario-contribuicao-cnu\\\/\",\"url\":\"https:\\\/\\\/www.estrategiaconcursos.com.br\\\/blog\\\/salario-contribuicao-cnu\\\/\",\"name\":\"Sal\u00e1rio de Contribui\u00e7\u00e3o para o CNU\",\"isPartOf\":{\"@id\":\"https:\\\/\\\/blog-estrategia.mystagingwebsite.com\\\/#website\"},\"primaryImageOfPage\":{\"@id\":\"https:\\\/\\\/www.estrategiaconcursos.com.br\\\/blog\\\/salario-contribuicao-cnu\\\/#primaryimage\"},\"image\":{\"@id\":\"https:\\\/\\\/www.estrategiaconcursos.com.br\\\/blog\\\/salario-contribuicao-cnu\\\/#primaryimage\"},\"thumbnailUrl\":\"https:\\\/\\\/dhg1h5j42swfq.cloudfront.net\\\/2025\\\/07\\\/08105624\\\/salario-de-contribuicao-para-o-cnu.png\",\"datePublished\":\"2025-07-22T17:35:00+00:00\",\"dateModified\":\"2025-07-22T18:16:12+00:00\",\"description\":\"Resumo sobre o sal\u00e1rio de contribui\u00e7\u00e3o, visando ao CNU (Concurso Nacional Unificado), com base na legisla\u00e7\u00e3o.\",\"breadcrumb\":{\"@id\":\"https:\\\/\\\/www.estrategiaconcursos.com.br\\\/blog\\\/salario-contribuicao-cnu\\\/#breadcrumb\"},\"inLanguage\":\"pt-BR\",\"potentialAction\":[{\"@type\":\"ReadAction\",\"target\":[\"https:\\\/\\\/www.estrategiaconcursos.com.br\\\/blog\\\/salario-contribuicao-cnu\\\/\"]}]},{\"@type\":\"ImageObject\",\"inLanguage\":\"pt-BR\",\"@id\":\"https:\\\/\\\/www.estrategiaconcursos.com.br\\\/blog\\\/salario-contribuicao-cnu\\\/#primaryimage\",\"url\":\"https:\\\/\\\/dhg1h5j42swfq.cloudfront.net\\\/2025\\\/07\\\/08105624\\\/salario-de-contribuicao-para-o-cnu.png\",\"contentUrl\":\"https:\\\/\\\/dhg1h5j42swfq.cloudfront.net\\\/2025\\\/07\\\/08105624\\\/salario-de-contribuicao-para-o-cnu.png\",\"width\":1080,\"height\":1080,\"caption\":\"Sal\u00e1rio de Contribui\u00e7\u00e3o para o CNU\"},{\"@type\":\"BreadcrumbList\",\"@id\":\"https:\\\/\\\/www.estrategiaconcursos.com.br\\\/blog\\\/salario-contribuicao-cnu\\\/#breadcrumb\",\"itemListElement\":[{\"@type\":\"ListItem\",\"position\":1,\"name\":\"In\u00edcio\",\"item\":\"https:\\\/\\\/blog-estrategia.mystagingwebsite.com\\\/\"},{\"@type\":\"ListItem\",\"position\":2,\"name\":\"Sal\u00e1rio de Contribui\u00e7\u00e3o para o CNU\"}]},{\"@type\":\"WebSite\",\"@id\":\"https:\\\/\\\/blog-estrategia.mystagingwebsite.com\\\/#website\",\"url\":\"https:\\\/\\\/blog-estrategia.mystagingwebsite.com\\\/\",\"name\":\"Estrat\u00e9gia Concursos\",\"description\":\"O blog da Estrat\u00e9gia Concursos traz not\u00edcias sobre concursos e artigos de professores oferecendo cursos para concursos (pdf + videaulas) no site.\",\"publisher\":{\"@id\":\"https:\\\/\\\/blog-estrategia.mystagingwebsite.com\\\/#organization\"},\"potentialAction\":[{\"@type\":\"SearchAction\",\"target\":{\"@type\":\"EntryPoint\",\"urlTemplate\":\"https:\\\/\\\/blog-estrategia.mystagingwebsite.com\\\/?s={search_term_string}\"},\"query-input\":{\"@type\":\"PropertyValueSpecification\",\"valueRequired\":true,\"valueName\":\"search_term_string\"}}],\"inLanguage\":\"pt-BR\"},{\"@type\":\"Organization\",\"@id\":\"https:\\\/\\\/blog-estrategia.mystagingwebsite.com\\\/#organization\",\"name\":\"Estrat\u00e9gia Concursos\",\"url\":\"https:\\\/\\\/blog-estrategia.mystagingwebsite.com\\\/\",\"logo\":{\"@type\":\"ImageObject\",\"inLanguage\":\"pt-BR\",\"@id\":\"https:\\\/\\\/blog-estrategia.mystagingwebsite.com\\\/#\\\/schema\\\/logo\\\/image\\\/\",\"url\":\"https:\\\/\\\/dhg1h5j42swfq.cloudfront.net\\\/2025\\\/06\\\/03203428\\\/logo_concursos-1.jpg\",\"contentUrl\":\"https:\\\/\\\/dhg1h5j42swfq.cloudfront.net\\\/2025\\\/06\\\/03203428\\\/logo_concursos-1.jpg\",\"width\":230,\"height\":60,\"caption\":\"Estrat\u00e9gia Concursos\"},\"image\":{\"@id\":\"https:\\\/\\\/blog-estrategia.mystagingwebsite.com\\\/#\\\/schema\\\/logo\\\/image\\\/\"},\"sameAs\":[\"https:\\\/\\\/x.com\\\/EstratConcursos\"]},{\"@type\":\"Person\",\"@id\":\"https:\\\/\\\/blog-estrategia.mystagingwebsite.com\\\/#\\\/schema\\\/person\\\/48a7e085e45aee7c3d4596399af50ebb\",\"name\":\"Frederico Tadeu Borlot Peixoto\",\"image\":{\"@type\":\"ImageObject\",\"inLanguage\":\"pt-BR\",\"@id\":\"https:\\\/\\\/secure.gravatar.com\\\/avatar\\\/df8a49e2321c1e32f85e9e7c2a9c92c688f1f53a947220f40017ff5858b09fdb?s=96&d=mm&r=g\",\"url\":\"https:\\\/\\\/secure.gravatar.com\\\/avatar\\\/df8a49e2321c1e32f85e9e7c2a9c92c688f1f53a947220f40017ff5858b09fdb?s=96&d=mm&r=g\",\"contentUrl\":\"https:\\\/\\\/secure.gravatar.com\\\/avatar\\\/df8a49e2321c1e32f85e9e7c2a9c92c688f1f53a947220f40017ff5858b09fdb?s=96&d=mm&r=g\",\"caption\":\"Frederico Tadeu Borlot Peixoto\"},\"description\":\"Analista Judici\u00e1rio - \u00c1rea Judici\u00e1ria do TRF da 4\u00aa regi\u00e3o. Bacharel em Direito. P\u00f3s-graduado em Direito Administrativo, Legisla\u00e7\u00e3o Penal Especial, Direito Penal e Direito Processual Penal. Tamb\u00e9m nomeado no TRF da 3\u00aa regi\u00e3o (8\u00ba lugar); SPPREV (3\u00ba lugar); IFES (2\u00ba lugar); e PMES. https:\\\/\\\/www.instagram.com\\\/proffrederico\\\/\",\"sameAs\":[\"https:\\\/\\\/www.instagram.com\\\/proffrederico\\\/\"],\"url\":\"https:\\\/\\\/www.estrategiaconcursos.com.br\\\/blog\\\/author\\\/xfredericohotmail-com\\\/\"}]}<\/script>\n<!-- \/ Yoast SEO Premium plugin. -->","yoast_head_json":{"title":"Sal\u00e1rio de Contribui\u00e7\u00e3o para o CNU","description":"Resumo sobre o sal\u00e1rio de contribui\u00e7\u00e3o, visando ao CNU (Concurso Nacional Unificado), com base na legisla\u00e7\u00e3o.","robots":{"index":"index","follow":"follow","max-snippet":"max-snippet:-1","max-image-preview":"max-image-preview:large","max-video-preview":"max-video-preview:-1"},"canonical":"https:\/\/www.estrategiaconcursos.com.br\/blog\/salario-contribuicao-cnu\/","og_locale":"pt_BR","og_type":"article","og_title":"Sal\u00e1rio de Contribui\u00e7\u00e3o para o CNU","og_description":"Resumo sobre o sal\u00e1rio de contribui\u00e7\u00e3o, visando ao CNU (Concurso Nacional Unificado), com base na legisla\u00e7\u00e3o.","og_url":"https:\/\/www.estrategiaconcursos.com.br\/blog\/salario-contribuicao-cnu\/","og_site_name":"Estrat\u00e9gia Concursos","article_published_time":"2025-07-22T17:35:00+00:00","article_modified_time":"2025-07-22T18:16:12+00:00","og_image":[{"width":1080,"height":1080,"url":"https:\/\/dhg1h5j42swfq.cloudfront.net\/2025\/07\/08105624\/salario-de-contribuicao-para-o-cnu.png","type":"image\/png"}],"author":"Frederico Tadeu Borlot Peixoto","twitter_card":"summary_large_image","twitter_creator":"@EstratConcursos","twitter_site":"@EstratConcursos","twitter_misc":{"Escrito por":"Frederico Tadeu Borlot Peixoto","Est. tempo de leitura":"7 minutos"},"schema":{"@context":"https:\/\/schema.org","@graph":[{"@type":"NewsArticle","@id":"https:\/\/www.estrategiaconcursos.com.br\/blog\/salario-contribuicao-cnu\/#article","isPartOf":{"@id":"https:\/\/www.estrategiaconcursos.com.br\/blog\/salario-contribuicao-cnu\/"},"author":{"name":"Frederico Tadeu Borlot Peixoto","@id":"https:\/\/blog-estrategia.mystagingwebsite.com\/#\/schema\/person\/48a7e085e45aee7c3d4596399af50ebb"},"headline":"Sal\u00e1rio de Contribui\u00e7\u00e3o para o CNU","datePublished":"2025-07-22T17:35:00+00:00","dateModified":"2025-07-22T18:16:12+00:00","mainEntityOfPage":{"@id":"https:\/\/www.estrategiaconcursos.com.br\/blog\/salario-contribuicao-cnu\/"},"wordCount":1498,"commentCount":0,"publisher":{"@id":"https:\/\/blog-estrategia.mystagingwebsite.com\/#organization"},"image":{"@id":"https:\/\/www.estrategiaconcursos.com.br\/blog\/salario-contribuicao-cnu\/#primaryimage"},"thumbnailUrl":"https:\/\/dhg1h5j42swfq.cloudfront.net\/2025\/07\/08105624\/salario-de-contribuicao-para-o-cnu.png","articleSection":["Concursos P\u00fablicos","Educa\u00e7\u00e3o","Executivo (Administrativa)","Previdenci\u00e1ria (INSS, PREVIC)","Sa\u00fade"],"inLanguage":"pt-BR","potentialAction":[{"@type":"CommentAction","name":"Comment","target":["https:\/\/www.estrategiaconcursos.com.br\/blog\/salario-contribuicao-cnu\/#respond"]}],"copyrightYear":"2025","copyrightHolder":{"@id":"https:\/\/www.estrategiaconcursos.com.br\/blog\/#organization"},"accessibilityFeature":["tableOfContents"]},{"@type":"WebPage","@id":"https:\/\/www.estrategiaconcursos.com.br\/blog\/salario-contribuicao-cnu\/","url":"https:\/\/www.estrategiaconcursos.com.br\/blog\/salario-contribuicao-cnu\/","name":"Sal\u00e1rio de Contribui\u00e7\u00e3o para o CNU","isPartOf":{"@id":"https:\/\/blog-estrategia.mystagingwebsite.com\/#website"},"primaryImageOfPage":{"@id":"https:\/\/www.estrategiaconcursos.com.br\/blog\/salario-contribuicao-cnu\/#primaryimage"},"image":{"@id":"https:\/\/www.estrategiaconcursos.com.br\/blog\/salario-contribuicao-cnu\/#primaryimage"},"thumbnailUrl":"https:\/\/dhg1h5j42swfq.cloudfront.net\/2025\/07\/08105624\/salario-de-contribuicao-para-o-cnu.png","datePublished":"2025-07-22T17:35:00+00:00","dateModified":"2025-07-22T18:16:12+00:00","description":"Resumo sobre o sal\u00e1rio de contribui\u00e7\u00e3o, visando ao CNU (Concurso Nacional Unificado), com base na legisla\u00e7\u00e3o.","breadcrumb":{"@id":"https:\/\/www.estrategiaconcursos.com.br\/blog\/salario-contribuicao-cnu\/#breadcrumb"},"inLanguage":"pt-BR","potentialAction":[{"@type":"ReadAction","target":["https:\/\/www.estrategiaconcursos.com.br\/blog\/salario-contribuicao-cnu\/"]}]},{"@type":"ImageObject","inLanguage":"pt-BR","@id":"https:\/\/www.estrategiaconcursos.com.br\/blog\/salario-contribuicao-cnu\/#primaryimage","url":"https:\/\/dhg1h5j42swfq.cloudfront.net\/2025\/07\/08105624\/salario-de-contribuicao-para-o-cnu.png","contentUrl":"https:\/\/dhg1h5j42swfq.cloudfront.net\/2025\/07\/08105624\/salario-de-contribuicao-para-o-cnu.png","width":1080,"height":1080,"caption":"Sal\u00e1rio de Contribui\u00e7\u00e3o para o CNU"},{"@type":"BreadcrumbList","@id":"https:\/\/www.estrategiaconcursos.com.br\/blog\/salario-contribuicao-cnu\/#breadcrumb","itemListElement":[{"@type":"ListItem","position":1,"name":"In\u00edcio","item":"https:\/\/blog-estrategia.mystagingwebsite.com\/"},{"@type":"ListItem","position":2,"name":"Sal\u00e1rio de Contribui\u00e7\u00e3o para o CNU"}]},{"@type":"WebSite","@id":"https:\/\/blog-estrategia.mystagingwebsite.com\/#website","url":"https:\/\/blog-estrategia.mystagingwebsite.com\/","name":"Estrat\u00e9gia Concursos","description":"O blog da Estrat\u00e9gia Concursos traz not\u00edcias sobre concursos e artigos de professores oferecendo cursos para concursos (pdf + videaulas) no site.","publisher":{"@id":"https:\/\/blog-estrategia.mystagingwebsite.com\/#organization"},"potentialAction":[{"@type":"SearchAction","target":{"@type":"EntryPoint","urlTemplate":"https:\/\/blog-estrategia.mystagingwebsite.com\/?s={search_term_string}"},"query-input":{"@type":"PropertyValueSpecification","valueRequired":true,"valueName":"search_term_string"}}],"inLanguage":"pt-BR"},{"@type":"Organization","@id":"https:\/\/blog-estrategia.mystagingwebsite.com\/#organization","name":"Estrat\u00e9gia Concursos","url":"https:\/\/blog-estrategia.mystagingwebsite.com\/","logo":{"@type":"ImageObject","inLanguage":"pt-BR","@id":"https:\/\/blog-estrategia.mystagingwebsite.com\/#\/schema\/logo\/image\/","url":"https:\/\/dhg1h5j42swfq.cloudfront.net\/2025\/06\/03203428\/logo_concursos-1.jpg","contentUrl":"https:\/\/dhg1h5j42swfq.cloudfront.net\/2025\/06\/03203428\/logo_concursos-1.jpg","width":230,"height":60,"caption":"Estrat\u00e9gia Concursos"},"image":{"@id":"https:\/\/blog-estrategia.mystagingwebsite.com\/#\/schema\/logo\/image\/"},"sameAs":["https:\/\/x.com\/EstratConcursos"]},{"@type":"Person","@id":"https:\/\/blog-estrategia.mystagingwebsite.com\/#\/schema\/person\/48a7e085e45aee7c3d4596399af50ebb","name":"Frederico Tadeu Borlot Peixoto","image":{"@type":"ImageObject","inLanguage":"pt-BR","@id":"https:\/\/secure.gravatar.com\/avatar\/df8a49e2321c1e32f85e9e7c2a9c92c688f1f53a947220f40017ff5858b09fdb?s=96&d=mm&r=g","url":"https:\/\/secure.gravatar.com\/avatar\/df8a49e2321c1e32f85e9e7c2a9c92c688f1f53a947220f40017ff5858b09fdb?s=96&d=mm&r=g","contentUrl":"https:\/\/secure.gravatar.com\/avatar\/df8a49e2321c1e32f85e9e7c2a9c92c688f1f53a947220f40017ff5858b09fdb?s=96&d=mm&r=g","caption":"Frederico Tadeu Borlot Peixoto"},"description":"Analista Judici\u00e1rio - \u00c1rea Judici\u00e1ria do TRF da 4\u00aa regi\u00e3o. Bacharel em Direito. P\u00f3s-graduado em Direito Administrativo, Legisla\u00e7\u00e3o Penal Especial, Direito Penal e Direito Processual Penal. Tamb\u00e9m nomeado no TRF da 3\u00aa regi\u00e3o (8\u00ba lugar); SPPREV (3\u00ba lugar); IFES (2\u00ba lugar); e PMES. https:\/\/www.instagram.com\/proffrederico\/","sameAs":["https:\/\/www.instagram.com\/proffrederico\/"],"url":"https:\/\/www.estrategiaconcursos.com.br\/blog\/author\/xfredericohotmail-com\/"}]}},"_links":{"self":[{"href":"https:\/\/www.estrategiaconcursos.com.br\/blog\/wp-json\/wp\/v2\/posts\/1603692","targetHints":{"allow":["GET"]}}],"collection":[{"href":"https:\/\/www.estrategiaconcursos.com.br\/blog\/wp-json\/wp\/v2\/posts"}],"about":[{"href":"https:\/\/www.estrategiaconcursos.com.br\/blog\/wp-json\/wp\/v2\/types\/post"}],"author":[{"embeddable":true,"href":"https:\/\/www.estrategiaconcursos.com.br\/blog\/wp-json\/wp\/v2\/users\/2567"}],"replies":[{"embeddable":true,"href":"https:\/\/www.estrategiaconcursos.com.br\/blog\/wp-json\/wp\/v2\/comments?post=1603692"}],"version-history":[{"count":0,"href":"https:\/\/www.estrategiaconcursos.com.br\/blog\/wp-json\/wp\/v2\/posts\/1603692\/revisions"}],"wp:featuredmedia":[{"embeddable":true,"href":"https:\/\/www.estrategiaconcursos.com.br\/blog\/wp-json\/wp\/v2\/media\/1603703"}],"wp:attachment":[{"href":"https:\/\/www.estrategiaconcursos.com.br\/blog\/wp-json\/wp\/v2\/media?parent=1603692"}],"wp:term":[{"taxonomy":"category","embeddable":true,"href":"https:\/\/www.estrategiaconcursos.com.br\/blog\/wp-json\/wp\/v2\/categories?post=1603692"},{"taxonomy":"post_tag","embeddable":true,"href":"https:\/\/www.estrategiaconcursos.com.br\/blog\/wp-json\/wp\/v2\/tags?post=1603692"},{"taxonomy":"tax_estado","embeddable":true,"href":"https:\/\/www.estrategiaconcursos.com.br\/blog\/wp-json\/wp\/v2\/tax_estado?post=1603692"}],"curies":[{"name":"wp","href":"https:\/\/api.w.org\/{rel}","templated":true}]}}