{"id":160249,"date":"2019-01-18T18:59:09","date_gmt":"2019-01-18T21:59:09","guid":{"rendered":"https:\/\/www.estrategiaconcursos.com.br\/blog\/?p=160249"},"modified":"2019-01-19T19:20:05","modified_gmt":"2019-01-19T22:20:05","slug":"publicado-edital-com-a-oferta-de-227-vagas-para-o-curso-de-formacao-de-sargentos-a-aeronautica","status":"publish","type":"post","link":"https:\/\/www.estrategiaconcursos.com.br\/blog\/publicado-edital-com-a-oferta-de-227-vagas-para-o-curso-de-formacao-de-sargentos-a-aeronautica\/","title":{"rendered":"Publicado edital com a oferta de 227 vagas para o Curso de Forma\u00e7\u00e3o de Sargentos a Aerona\u00fatica"},"content":{"rendered":"\n<p>Um novo edital para o Curso de Forma\u00e7\u00e3o de Sargentos da Aeron\u00e1utica foi publicado. O concurso ir\u00e1 ofertar um total de 227 novas vagas, estas ser\u00e3o divididas entre cinco especialidades.<\/p>\n\n\n\n<p>As novas vagas abertas contemplam ambos os sexos, e o certame tem como requisito b\u00e1sico o candidato possuir entre 17 e 25 anos de idade. Os aprovados no concurso poder\u00e3o ingressar no Curso logo no primeiro semestre de 2020.<\/p>\n\n\n\n<h2 class=\"wp-block-heading\">Principais datas do concurso<\/h2>\n\n\n\n<p>As inscri\u00e7\u00f5es ser\u00e3o abertas no dia 18 de fevereiro, e se estender\u00e3o at\u00e9 o dia 19 de mar\u00e7o. O valor da taxa para concluir a inscri\u00e7\u00e3o foi fixado em R$ 60.<\/p>\n\n\n\n<p>As provas do concurso tem previs\u00e3o para serem aplicadas no dia 2 de junho, com o hor\u00e1rio limite para chegada estabelecido para as 9 horas da manh\u00e3.<\/p>\n\n\n\n<p><strong>Per\u00edodo de inscri\u00e7\u00f5es:<\/strong> entre os dias 18 de fevereiro e 19 de mar\u00e7o<br \/><strong>Valor da taxa<\/strong>: R$ 60,00<br \/><strong>Data prevista para a prova:<\/strong> 2 de junho de 2019<\/p>\n\n\n\n<h2 class=\"wp-block-heading\">Cargos<\/h2>\n\n\n\n<p>O edital do concurso oferta um total de 227 vagas para n\u00edvel m\u00e9dio. As vagas foram distribu\u00eddas entre cinco especialidades diferentes. Voc\u00ea pode conferir a divis\u00e3o logo abaixo:<\/p>\n\n\n\n<p>Somente para o sexo masculino &#8211; Aeronavegantes<br \/><em>&#8211; Mec\u00e2nica de Aeronaves &#8211; 50 vagas <\/em><br \/><em>&#8211; Material B\u00e9lico &#8211; 13  vagas<\/em><\/p>\n\n\n\n<p> Somente para o sexo masculino &#8211; N\u00e3o-Aeronavegantes<br \/><em>&#8211; Guarda e Seguran\u00e7a &#8211; 30 vagas  <\/em><\/p>\n\n\n\n<p>Ambos os sexos &#8211; N\u00e3o-Aeronavegantes<br \/><em>&#8211;  Equipamento de Voo &#8211; 6 vagas<\/em><\/p>\n\n\n\n<p>Ambos os sexos &#8211; Controle de Tr\u00e1fego A\u00e9reo<br \/><em>&#8211;  Controle de Tr\u00e1fego A\u00e9reo &#8211; 128 vagas<\/em><\/p>\n\n\n\n<p>A remunera\u00e7\u00e3o inicial do candidato rec\u00e9m matriculado no curso \u00e9 de R$ 1.066, ap\u00f3s a conclus\u00e3o do mesmo e recebimento da promo\u00e7\u00e3o para o cargo de Terceiro-Sargento, o sal\u00e1rio \u00e9 ajustado para o valor de R$ 3.825.<\/p>\n\n\n\n<h2 class=\"wp-block-heading\">Etapas do concurso<\/h2>\n\n\n\n<p>O edital do certame informa que ap\u00f3s as aplica\u00e7\u00f5es das provas objetivas, haver\u00e3o mais seis etapas onde os candidatos ser\u00e3o avaliados em de diferentes formas. Abaixo voc\u00ea confere a lista completa:<\/p>\n\n\n\n<p>&#8211; Provas Escritas<br \/>&#8211; Inspe\u00e7\u00e3o de Sa\u00fade (INSPSAU);<br \/>&#8211; Exame de Aptid\u00e3o Psicol\u00f3gica (EAP);<br \/>&#8211; Teste de Avalia\u00e7\u00e3o do Condicionamento F\u00edsico (TACF);<br \/>&#8211; Prova Pr\u00e1tica da Especialidade (PPE);<br \/>&#8211; Procedimento de Heteroidentifica\u00e7\u00e3o Complementar; (PHC); e<br \/>&#8211; Valida\u00e7\u00e3o Documental<\/p>\n\n\n\n<p>O car\u00e1ter de avalia\u00e7\u00e3o das etapas INSPSAU, o EAP, o TACF,&nbsp;PPE, PHC e a Valida\u00e7\u00e3o Documental ser\u00e3o exclusivamente eliminat\u00f3rios.<\/p>\n\n\n\n<h2 class=\"wp-block-heading\">Provas<\/h2>\n\n\n\n<p>As provas ser\u00e3o aplicadas no dia 2 de junho de 2019, e contar\u00e3o com quest\u00f5es alternativas cada uma contendo quatro respostas, onde somente uma ser\u00e1 correta. Os candidatos devem permanecer no local da prova por no m\u00ednimo duas horas, com o tempo limite sendo quatro horas e vinte minutos.<\/p>\n\n\n\n<p>O conte\u00fado cobrado nas provas ser\u00e1 o seguinte:<br \/><em><strong>&#8211; L\u00edngua Portuguesa  <br \/>&#8211; L\u00edngua Inglesa<br \/>&#8211; Matem\u00e1tica<br \/>&#8211; F\u00edsica <\/strong><\/em><\/p>\n\n\n\n<p style=\"text-align:center\"><em><strong>Assinatura Anual Ilimitada*<\/strong><\/em><\/p>\n\n\n\n<p style=\"text-align:center\"><em>Prepare-se com o melhor material e com quem mais aprova em&nbsp;Concursos P\u00fablicos de todo o pa\u00eds. Assine agora a nossa Assinatura Anual e tenha acesso ilimitado* a todos os nossos cursos.<\/em><\/p>\n\n\n\n<figure class=\"wp-block-image\"><a href=\"https:\/\/www.estrategiaconcursos.com.br\/assinaturas\" target=\"_blank\" rel=\"noreferrer noopener\"><img decoding=\"async\" src=\"https:\/\/d3eaq9o21rgr1g.cloudfront.net\/imagem\/banner\/2705-v3.jpg\" alt=\"Assinatura Ilimitada\" class=\"wp-image-157836\"\/><\/a><\/figure>\n\n\n\n<div class=\"wp-block-image\"><figure class=\"aligncenter\"><img loading=\"lazy\" decoding=\"async\" width=\"300\" height=\"102\" src=\"https:\/\/dhg1h5j42swfq.cloudfront.net\/2017\/03\/28152500\/coruja-ficha-tecnica-300x102.png\" alt=\"Ficha t\u00e9cnica curso de forma\u00e7\u00e3o\" class=\"wp-image-68542\"\/><\/figure><\/div>\n\n\n\n<p><strong>\u25baInforma\u00e7\u00f5es sobre o concurso Curso de Forma\u00e7\u00e3o de Sargentos<\/strong><\/p>\n\n\n\n<p>\u25ba<strong>Data prevista para prova<\/strong>: 2 de junho de 2019<br \/>\u25ba<strong>Vagas<\/strong>: 227<br \/>\u25ba<strong>Cargos<\/strong>: Sargento<br \/>\u25ba<strong>Banca<\/strong>: Aeron\u00e1utica<br \/>\u25ba<strong>Escolaridade<\/strong>: N\u00edvel M\u00e9dio e T\u00e9cnico<br \/>\u25ba<strong>Edital<\/strong>:\u00a0<a href=\"https:\/\/dhg1h5j42swfq.cloudfront.net\/2018\/12\/18150826\/EDITAL-EAGS.pdf\">Edital Curso de Forma\u00e7\u00e3o de Sargentos<\/a> <br \/>\u25ba<a rel=\"noreferrer noopener\" aria-label=\"Edital EEAR (opens in a new tab)\" href=\"https:\/\/dhg1h5j42swfq.cloudfront.net\/2019\/01\/18185557\/EDITAL-EEAR.pdf\" target=\"_blank\">Edital EEAR<\/a> <\/p>\n\n\n\n<p>\u25ba<strong>Inscri\u00e7\u00f5es<\/strong>:\u00a0ingresso.eear.aer.mil.br <br \/><br \/><\/p>\n\n\n\n<p><em>Ascom Estrat\u00e9gia<\/em><br \/>ascomestrategia@gmail.com<\/p>\n\n\n\n<p style=\"text-align:center\"><em><strong>Receba not\u00edcias de Concursos no seu WhatsApp e\/ou Telegram!<\/strong><\/em><\/p>\n\n\n\n<div class=\"wp-block-image\"><figure class=\"aligncenter is-resized\"><a href=\"https:\/\/www.estrategiaconcursos.com.br\/blog\/noticias-de-concursos-whatsapp-estrategia-concursos\/\" target=\"_blank\" rel=\"noreferrer noopener\"><img loading=\"lazy\" decoding=\"async\" src=\"https:\/\/www.estrategiaconcursos.com.br\/blog\/wp-content\/uploads\/2018\/03\/whatsapptelegram.png\" alt=\"\" class=\"wp-image-112824\" width=\"274\" height=\"154\"\/><\/a><\/figure><\/div>\n\n\n\n<p style=\"text-align:center\"><em><strong>Cadastre-se clicando no \u00edcone abaixo<br \/><br \/><\/strong><\/em><a href=\"https:\/\/www.estrategiaconcursos.com.br\/blog\/noticias-de-concursos-whatsapp-estrategia-concursos\/\" target=\"_blank\" rel=\"noreferrer noopener\">Not\u00edcias de concursos no seu WhatsApp e\/ou Telegram<\/a><\/p>\n","protected":false},"excerpt":{"rendered":"<p>Um novo edital para o Curso de Forma\u00e7\u00e3o de Sargentos da Aeron\u00e1utica foi publicado. O concurso ir\u00e1 ofertar um total de 227 novas vagas, estas ser\u00e3o divididas entre cinco especialidades. As novas vagas abertas contemplam ambos os sexos, e o certame tem como requisito b\u00e1sico o candidato possuir entre 17 e 25 anos de idade. [&hellip;]<\/p>\n","protected":false},"author":214,"featured_media":0,"comment_status":"open","ping_status":"closed","sticky":false,"template":"","format":"standard","meta":{"post_tipo":"article","footnotes":""},"categories":[1,6741],"tags":[],"tax_estado":[],"class_list":["post-160249","post","type-post","status-publish","format-standard","hentry","category-cursos-e-concursos","category-forcas-armadas-oficiais"],"acf":[],"yoast_head":"<!-- This site is optimized with the Yoast SEO Premium plugin v27.2 (Yoast SEO v27.2) - https:\/\/yoast.com\/product\/yoast-seo-premium-wordpress\/ -->\n<title>Edital com 227 vagas para curso de Forma\u00e7\u00e3o de Sargentos \u00e9 publicado<\/title>\n<meta name=\"description\" content=\"Publicado edital para o Curso de Forma\u00e7\u00e3o de Sargentos (EEAR) com oferta de 227 vagas. Provas previstas para junho! Confira os detalhes.\" \/>\n<meta name=\"robots\" content=\"index, follow, max-snippet:-1, max-image-preview:large, max-video-preview:-1\" \/>\n<link rel=\"canonical\" href=\"https:\/\/www.estrategiaconcursos.com.br\/blog\/publicado-edital-com-a-oferta-de-227-vagas-para-o-curso-de-formacao-de-sargentos-a-aeronautica\/\" \/>\n<meta property=\"og:locale\" content=\"pt_BR\" \/>\n<meta property=\"og:type\" content=\"article\" \/>\n<meta property=\"og:title\" content=\"Publicado edital com a oferta de 227 vagas para o Curso de Forma\u00e7\u00e3o de Sargentos a Aerona\u00fatica\" \/>\n<meta property=\"og:description\" content=\"Publicado edital para o Curso de Forma\u00e7\u00e3o de Sargentos (EEAR) com oferta de 227 vagas. Provas previstas para junho! Confira os detalhes.\" \/>\n<meta property=\"og:url\" content=\"https:\/\/www.estrategiaconcursos.com.br\/blog\/publicado-edital-com-a-oferta-de-227-vagas-para-o-curso-de-formacao-de-sargentos-a-aeronautica\/\" \/>\n<meta property=\"og:site_name\" content=\"Estrat\u00e9gia Concursos\" \/>\n<meta property=\"article:published_time\" content=\"2019-01-18T21:59:09+00:00\" \/>\n<meta property=\"article:modified_time\" content=\"2019-01-19T22:20:05+00:00\" \/>\n<meta property=\"og:image\" content=\"https:\/\/d3eaq9o21rgr1g.cloudfront.net\/imagem\/banner\/2705-v3.jpg\" \/>\n<meta name=\"author\" content=\"D\u00e9cio Terror Filho\" \/>\n<meta name=\"twitter:card\" content=\"summary_large_image\" \/>\n<meta name=\"twitter:creator\" content=\"@EstratConcursos\" \/>\n<meta name=\"twitter:site\" content=\"@EstratConcursos\" \/>\n<meta name=\"twitter:label1\" content=\"Escrito por\" \/>\n\t<meta name=\"twitter:data1\" content=\"D\u00e9cio Terror Filho\" \/>\n\t<meta name=\"twitter:label2\" content=\"Est. tempo de leitura\" \/>\n\t<meta name=\"twitter:data2\" content=\"3 minutos\" \/>\n<script type=\"application\/ld+json\" class=\"yoast-schema-graph\">{\"@context\":\"https:\/\/schema.org\",\"@graph\":[{\"@type\":\"NewsArticle\",\"@id\":\"https:\/\/www.estrategiaconcursos.com.br\/blog\/publicado-edital-com-a-oferta-de-227-vagas-para-o-curso-de-formacao-de-sargentos-a-aeronautica\/#article\",\"isPartOf\":{\"@id\":\"https:\/\/www.estrategiaconcursos.com.br\/blog\/publicado-edital-com-a-oferta-de-227-vagas-para-o-curso-de-formacao-de-sargentos-a-aeronautica\/\"},\"author\":{\"name\":\"D\u00e9cio Terror Filho\",\"@id\":\"https:\/\/www.estrategiaconcursos.com.br\/blog\/#\/schema\/person\/e8165364027a31208914fc77c3314727\"},\"headline\":\"Publicado edital com a oferta de 227 vagas para o Curso de Forma\u00e7\u00e3o de Sargentos a Aerona\u00fatica\",\"datePublished\":\"2019-01-18T21:59:09+00:00\",\"dateModified\":\"2019-01-19T22:20:05+00:00\",\"mainEntityOfPage\":{\"@id\":\"https:\/\/www.estrategiaconcursos.com.br\/blog\/publicado-edital-com-a-oferta-de-227-vagas-para-o-curso-de-formacao-de-sargentos-a-aeronautica\/\"},\"wordCount\":616,\"commentCount\":7,\"publisher\":{\"@id\":\"https:\/\/www.estrategiaconcursos.com.br\/blog\/#organization\"},\"image\":{\"@id\":\"https:\/\/www.estrategiaconcursos.com.br\/blog\/publicado-edital-com-a-oferta-de-227-vagas-para-o-curso-de-formacao-de-sargentos-a-aeronautica\/#primaryimage\"},\"thumbnailUrl\":\"https:\/\/d3eaq9o21rgr1g.cloudfront.net\/imagem\/banner\/2705-v3.jpg\",\"articleSection\":[\"Concursos P\u00fablicos\",\"For\u00e7as Armadas (Oficiais)\"],\"inLanguage\":\"pt-BR\",\"potentialAction\":[{\"@type\":\"CommentAction\",\"name\":\"Comment\",\"target\":[\"https:\/\/www.estrategiaconcursos.com.br\/blog\/publicado-edital-com-a-oferta-de-227-vagas-para-o-curso-de-formacao-de-sargentos-a-aeronautica\/#respond\"]}],\"copyrightYear\":\"2019\",\"copyrightHolder\":{\"@id\":\"https:\/\/www.estrategiaconcursos.com.br\/blog\/#organization\"}},{\"@type\":\"WebPage\",\"@id\":\"https:\/\/www.estrategiaconcursos.com.br\/blog\/publicado-edital-com-a-oferta-de-227-vagas-para-o-curso-de-formacao-de-sargentos-a-aeronautica\/\",\"url\":\"https:\/\/www.estrategiaconcursos.com.br\/blog\/publicado-edital-com-a-oferta-de-227-vagas-para-o-curso-de-formacao-de-sargentos-a-aeronautica\/\",\"name\":\"Edital com 227 vagas para curso de Forma\u00e7\u00e3o de Sargentos \u00e9 publicado\",\"isPartOf\":{\"@id\":\"https:\/\/www.estrategiaconcursos.com.br\/blog\/#website\"},\"primaryImageOfPage\":{\"@id\":\"https:\/\/www.estrategiaconcursos.com.br\/blog\/publicado-edital-com-a-oferta-de-227-vagas-para-o-curso-de-formacao-de-sargentos-a-aeronautica\/#primaryimage\"},\"image\":{\"@id\":\"https:\/\/www.estrategiaconcursos.com.br\/blog\/publicado-edital-com-a-oferta-de-227-vagas-para-o-curso-de-formacao-de-sargentos-a-aeronautica\/#primaryimage\"},\"thumbnailUrl\":\"https:\/\/d3eaq9o21rgr1g.cloudfront.net\/imagem\/banner\/2705-v3.jpg\",\"datePublished\":\"2019-01-18T21:59:09+00:00\",\"dateModified\":\"2019-01-19T22:20:05+00:00\",\"description\":\"Publicado edital para o Curso de Forma\u00e7\u00e3o de Sargentos (EEAR) com oferta de 227 vagas. Provas previstas para junho! Confira os detalhes.\",\"breadcrumb\":{\"@id\":\"https:\/\/www.estrategiaconcursos.com.br\/blog\/publicado-edital-com-a-oferta-de-227-vagas-para-o-curso-de-formacao-de-sargentos-a-aeronautica\/#breadcrumb\"},\"inLanguage\":\"pt-BR\",\"potentialAction\":[{\"@type\":\"ReadAction\",\"target\":[\"https:\/\/www.estrategiaconcursos.com.br\/blog\/publicado-edital-com-a-oferta-de-227-vagas-para-o-curso-de-formacao-de-sargentos-a-aeronautica\/\"]}]},{\"@type\":\"ImageObject\",\"inLanguage\":\"pt-BR\",\"@id\":\"https:\/\/www.estrategiaconcursos.com.br\/blog\/publicado-edital-com-a-oferta-de-227-vagas-para-o-curso-de-formacao-de-sargentos-a-aeronautica\/#primaryimage\",\"url\":\"https:\/\/d3eaq9o21rgr1g.cloudfront.net\/imagem\/banner\/2705-v3.jpg\",\"contentUrl\":\"https:\/\/d3eaq9o21rgr1g.cloudfront.net\/imagem\/banner\/2705-v3.jpg\"},{\"@type\":\"BreadcrumbList\",\"@id\":\"https:\/\/www.estrategiaconcursos.com.br\/blog\/publicado-edital-com-a-oferta-de-227-vagas-para-o-curso-de-formacao-de-sargentos-a-aeronautica\/#breadcrumb\",\"itemListElement\":[{\"@type\":\"ListItem\",\"position\":1,\"name\":\"In\u00edcio\",\"item\":\"https:\/\/www.estrategiaconcursos.com.br\/blog\/\"},{\"@type\":\"ListItem\",\"position\":2,\"name\":\"Publicado edital com a oferta de 227 vagas para o Curso de Forma\u00e7\u00e3o de Sargentos a Aerona\u00fatica\"}]},{\"@type\":\"WebSite\",\"@id\":\"https:\/\/www.estrategiaconcursos.com.br\/blog\/#website\",\"url\":\"https:\/\/www.estrategiaconcursos.com.br\/blog\/\",\"name\":\"Estrat\u00e9gia Concursos\",\"description\":\"O blog da Estrat\u00e9gia Concursos traz not\u00edcias sobre concursos e artigos de professores oferecendo cursos para concursos (pdf + videaulas) no site.\",\"publisher\":{\"@id\":\"https:\/\/www.estrategiaconcursos.com.br\/blog\/#organization\"},\"potentialAction\":[{\"@type\":\"SearchAction\",\"target\":{\"@type\":\"EntryPoint\",\"urlTemplate\":\"https:\/\/www.estrategiaconcursos.com.br\/blog\/?s={search_term_string}\"},\"query-input\":{\"@type\":\"PropertyValueSpecification\",\"valueRequired\":true,\"valueName\":\"search_term_string\"}}],\"inLanguage\":\"pt-BR\"},{\"@type\":\"Organization\",\"@id\":\"https:\/\/www.estrategiaconcursos.com.br\/blog\/#organization\",\"name\":\"Estrat\u00e9gia Concursos\",\"url\":\"https:\/\/www.estrategiaconcursos.com.br\/blog\/\",\"logo\":{\"@type\":\"ImageObject\",\"inLanguage\":\"pt-BR\",\"@id\":\"https:\/\/www.estrategiaconcursos.com.br\/blog\/#\/schema\/logo\/image\/\",\"url\":\"https:\/\/dhg1h5j42swfq.cloudfront.net\/2025\/06\/03203428\/logo_concursos-1.jpg\",\"contentUrl\":\"https:\/\/dhg1h5j42swfq.cloudfront.net\/2025\/06\/03203428\/logo_concursos-1.jpg\",\"width\":230,\"height\":60,\"caption\":\"Estrat\u00e9gia Concursos\"},\"image\":{\"@id\":\"https:\/\/www.estrategiaconcursos.com.br\/blog\/#\/schema\/logo\/image\/\"},\"sameAs\":[\"https:\/\/x.com\/EstratConcursos\"]},{\"@type\":\"Person\",\"@id\":\"https:\/\/www.estrategiaconcursos.com.br\/blog\/#\/schema\/person\/e8165364027a31208914fc77c3314727\",\"name\":\"D\u00e9cio Terror Filho\",\"image\":{\"@type\":\"ImageObject\",\"inLanguage\":\"pt-BR\",\"@id\":\"https:\/\/secure.gravatar.com\/avatar\/a5b78e734de7c6482e965926e78344deb81abbc34282a3c9536cbb1a59728a37?s=96&d=mm&r=g\",\"url\":\"https:\/\/secure.gravatar.com\/avatar\/a5b78e734de7c6482e965926e78344deb81abbc34282a3c9536cbb1a59728a37?s=96&d=mm&r=g\",\"contentUrl\":\"https:\/\/secure.gravatar.com\/avatar\/a5b78e734de7c6482e965926e78344deb81abbc34282a3c9536cbb1a59728a37?s=96&d=mm&r=g\",\"caption\":\"D\u00e9cio Terror Filho\"},\"url\":\"https:\/\/www.estrategiaconcursos.com.br\/blog\/author\/contatoterrorportugues-com-br\/\"}]}<\/script>\n<!-- \/ Yoast SEO Premium plugin. -->","yoast_head_json":{"title":"Edital com 227 vagas para curso de Forma\u00e7\u00e3o de Sargentos \u00e9 publicado","description":"Publicado edital para o Curso de Forma\u00e7\u00e3o de Sargentos (EEAR) com oferta de 227 vagas. Provas previstas para junho! Confira os detalhes.","robots":{"index":"index","follow":"follow","max-snippet":"max-snippet:-1","max-image-preview":"max-image-preview:large","max-video-preview":"max-video-preview:-1"},"canonical":"https:\/\/www.estrategiaconcursos.com.br\/blog\/publicado-edital-com-a-oferta-de-227-vagas-para-o-curso-de-formacao-de-sargentos-a-aeronautica\/","og_locale":"pt_BR","og_type":"article","og_title":"Publicado edital com a oferta de 227 vagas para o Curso de Forma\u00e7\u00e3o de Sargentos a Aerona\u00fatica","og_description":"Publicado edital para o Curso de Forma\u00e7\u00e3o de Sargentos (EEAR) com oferta de 227 vagas. Provas previstas para junho! Confira os detalhes.","og_url":"https:\/\/www.estrategiaconcursos.com.br\/blog\/publicado-edital-com-a-oferta-de-227-vagas-para-o-curso-de-formacao-de-sargentos-a-aeronautica\/","og_site_name":"Estrat\u00e9gia Concursos","article_published_time":"2019-01-18T21:59:09+00:00","article_modified_time":"2019-01-19T22:20:05+00:00","og_image":[{"url":"https:\/\/d3eaq9o21rgr1g.cloudfront.net\/imagem\/banner\/2705-v3.jpg","type":"","width":"","height":""}],"author":"D\u00e9cio Terror Filho","twitter_card":"summary_large_image","twitter_creator":"@EstratConcursos","twitter_site":"@EstratConcursos","twitter_misc":{"Escrito por":"D\u00e9cio Terror Filho","Est. tempo de leitura":"3 minutos"},"schema":{"@context":"https:\/\/schema.org","@graph":[{"@type":"NewsArticle","@id":"https:\/\/www.estrategiaconcursos.com.br\/blog\/publicado-edital-com-a-oferta-de-227-vagas-para-o-curso-de-formacao-de-sargentos-a-aeronautica\/#article","isPartOf":{"@id":"https:\/\/www.estrategiaconcursos.com.br\/blog\/publicado-edital-com-a-oferta-de-227-vagas-para-o-curso-de-formacao-de-sargentos-a-aeronautica\/"},"author":{"name":"D\u00e9cio Terror Filho","@id":"https:\/\/www.estrategiaconcursos.com.br\/blog\/#\/schema\/person\/e8165364027a31208914fc77c3314727"},"headline":"Publicado edital com a oferta de 227 vagas para o Curso de Forma\u00e7\u00e3o de Sargentos a Aerona\u00fatica","datePublished":"2019-01-18T21:59:09+00:00","dateModified":"2019-01-19T22:20:05+00:00","mainEntityOfPage":{"@id":"https:\/\/www.estrategiaconcursos.com.br\/blog\/publicado-edital-com-a-oferta-de-227-vagas-para-o-curso-de-formacao-de-sargentos-a-aeronautica\/"},"wordCount":616,"commentCount":7,"publisher":{"@id":"https:\/\/www.estrategiaconcursos.com.br\/blog\/#organization"},"image":{"@id":"https:\/\/www.estrategiaconcursos.com.br\/blog\/publicado-edital-com-a-oferta-de-227-vagas-para-o-curso-de-formacao-de-sargentos-a-aeronautica\/#primaryimage"},"thumbnailUrl":"https:\/\/d3eaq9o21rgr1g.cloudfront.net\/imagem\/banner\/2705-v3.jpg","articleSection":["Concursos P\u00fablicos","For\u00e7as Armadas (Oficiais)"],"inLanguage":"pt-BR","potentialAction":[{"@type":"CommentAction","name":"Comment","target":["https:\/\/www.estrategiaconcursos.com.br\/blog\/publicado-edital-com-a-oferta-de-227-vagas-para-o-curso-de-formacao-de-sargentos-a-aeronautica\/#respond"]}],"copyrightYear":"2019","copyrightHolder":{"@id":"https:\/\/www.estrategiaconcursos.com.br\/blog\/#organization"}},{"@type":"WebPage","@id":"https:\/\/www.estrategiaconcursos.com.br\/blog\/publicado-edital-com-a-oferta-de-227-vagas-para-o-curso-de-formacao-de-sargentos-a-aeronautica\/","url":"https:\/\/www.estrategiaconcursos.com.br\/blog\/publicado-edital-com-a-oferta-de-227-vagas-para-o-curso-de-formacao-de-sargentos-a-aeronautica\/","name":"Edital com 227 vagas para curso de Forma\u00e7\u00e3o de Sargentos \u00e9 publicado","isPartOf":{"@id":"https:\/\/www.estrategiaconcursos.com.br\/blog\/#website"},"primaryImageOfPage":{"@id":"https:\/\/www.estrategiaconcursos.com.br\/blog\/publicado-edital-com-a-oferta-de-227-vagas-para-o-curso-de-formacao-de-sargentos-a-aeronautica\/#primaryimage"},"image":{"@id":"https:\/\/www.estrategiaconcursos.com.br\/blog\/publicado-edital-com-a-oferta-de-227-vagas-para-o-curso-de-formacao-de-sargentos-a-aeronautica\/#primaryimage"},"thumbnailUrl":"https:\/\/d3eaq9o21rgr1g.cloudfront.net\/imagem\/banner\/2705-v3.jpg","datePublished":"2019-01-18T21:59:09+00:00","dateModified":"2019-01-19T22:20:05+00:00","description":"Publicado edital para o Curso de Forma\u00e7\u00e3o de Sargentos (EEAR) com oferta de 227 vagas. Provas previstas para junho! Confira os detalhes.","breadcrumb":{"@id":"https:\/\/www.estrategiaconcursos.com.br\/blog\/publicado-edital-com-a-oferta-de-227-vagas-para-o-curso-de-formacao-de-sargentos-a-aeronautica\/#breadcrumb"},"inLanguage":"pt-BR","potentialAction":[{"@type":"ReadAction","target":["https:\/\/www.estrategiaconcursos.com.br\/blog\/publicado-edital-com-a-oferta-de-227-vagas-para-o-curso-de-formacao-de-sargentos-a-aeronautica\/"]}]},{"@type":"ImageObject","inLanguage":"pt-BR","@id":"https:\/\/www.estrategiaconcursos.com.br\/blog\/publicado-edital-com-a-oferta-de-227-vagas-para-o-curso-de-formacao-de-sargentos-a-aeronautica\/#primaryimage","url":"https:\/\/d3eaq9o21rgr1g.cloudfront.net\/imagem\/banner\/2705-v3.jpg","contentUrl":"https:\/\/d3eaq9o21rgr1g.cloudfront.net\/imagem\/banner\/2705-v3.jpg"},{"@type":"BreadcrumbList","@id":"https:\/\/www.estrategiaconcursos.com.br\/blog\/publicado-edital-com-a-oferta-de-227-vagas-para-o-curso-de-formacao-de-sargentos-a-aeronautica\/#breadcrumb","itemListElement":[{"@type":"ListItem","position":1,"name":"In\u00edcio","item":"https:\/\/www.estrategiaconcursos.com.br\/blog\/"},{"@type":"ListItem","position":2,"name":"Publicado edital com a oferta de 227 vagas para o Curso de Forma\u00e7\u00e3o de Sargentos a Aerona\u00fatica"}]},{"@type":"WebSite","@id":"https:\/\/www.estrategiaconcursos.com.br\/blog\/#website","url":"https:\/\/www.estrategiaconcursos.com.br\/blog\/","name":"Estrat\u00e9gia Concursos","description":"O blog da Estrat\u00e9gia Concursos traz not\u00edcias sobre concursos e artigos de professores oferecendo cursos para concursos (pdf + videaulas) no site.","publisher":{"@id":"https:\/\/www.estrategiaconcursos.com.br\/blog\/#organization"},"potentialAction":[{"@type":"SearchAction","target":{"@type":"EntryPoint","urlTemplate":"https:\/\/www.estrategiaconcursos.com.br\/blog\/?s={search_term_string}"},"query-input":{"@type":"PropertyValueSpecification","valueRequired":true,"valueName":"search_term_string"}}],"inLanguage":"pt-BR"},{"@type":"Organization","@id":"https:\/\/www.estrategiaconcursos.com.br\/blog\/#organization","name":"Estrat\u00e9gia Concursos","url":"https:\/\/www.estrategiaconcursos.com.br\/blog\/","logo":{"@type":"ImageObject","inLanguage":"pt-BR","@id":"https:\/\/www.estrategiaconcursos.com.br\/blog\/#\/schema\/logo\/image\/","url":"https:\/\/dhg1h5j42swfq.cloudfront.net\/2025\/06\/03203428\/logo_concursos-1.jpg","contentUrl":"https:\/\/dhg1h5j42swfq.cloudfront.net\/2025\/06\/03203428\/logo_concursos-1.jpg","width":230,"height":60,"caption":"Estrat\u00e9gia Concursos"},"image":{"@id":"https:\/\/www.estrategiaconcursos.com.br\/blog\/#\/schema\/logo\/image\/"},"sameAs":["https:\/\/x.com\/EstratConcursos"]},{"@type":"Person","@id":"https:\/\/www.estrategiaconcursos.com.br\/blog\/#\/schema\/person\/e8165364027a31208914fc77c3314727","name":"D\u00e9cio Terror Filho","image":{"@type":"ImageObject","inLanguage":"pt-BR","@id":"https:\/\/secure.gravatar.com\/avatar\/a5b78e734de7c6482e965926e78344deb81abbc34282a3c9536cbb1a59728a37?s=96&d=mm&r=g","url":"https:\/\/secure.gravatar.com\/avatar\/a5b78e734de7c6482e965926e78344deb81abbc34282a3c9536cbb1a59728a37?s=96&d=mm&r=g","contentUrl":"https:\/\/secure.gravatar.com\/avatar\/a5b78e734de7c6482e965926e78344deb81abbc34282a3c9536cbb1a59728a37?s=96&d=mm&r=g","caption":"D\u00e9cio Terror Filho"},"url":"https:\/\/www.estrategiaconcursos.com.br\/blog\/author\/contatoterrorportugues-com-br\/"}]}},"_links":{"self":[{"href":"https:\/\/www.estrategiaconcursos.com.br\/blog\/wp-json\/wp\/v2\/posts\/160249","targetHints":{"allow":["GET"]}}],"collection":[{"href":"https:\/\/www.estrategiaconcursos.com.br\/blog\/wp-json\/wp\/v2\/posts"}],"about":[{"href":"https:\/\/www.estrategiaconcursos.com.br\/blog\/wp-json\/wp\/v2\/types\/post"}],"author":[{"embeddable":true,"href":"https:\/\/www.estrategiaconcursos.com.br\/blog\/wp-json\/wp\/v2\/users\/214"}],"replies":[{"embeddable":true,"href":"https:\/\/www.estrategiaconcursos.com.br\/blog\/wp-json\/wp\/v2\/comments?post=160249"}],"version-history":[{"count":5,"href":"https:\/\/www.estrategiaconcursos.com.br\/blog\/wp-json\/wp\/v2\/posts\/160249\/revisions"}],"predecessor-version":[{"id":402221,"href":"https:\/\/www.estrategiaconcursos.com.br\/blog\/wp-json\/wp\/v2\/posts\/160249\/revisions\/402221"}],"wp:attachment":[{"href":"https:\/\/www.estrategiaconcursos.com.br\/blog\/wp-json\/wp\/v2\/media?parent=160249"}],"wp:term":[{"taxonomy":"category","embeddable":true,"href":"https:\/\/www.estrategiaconcursos.com.br\/blog\/wp-json\/wp\/v2\/categories?post=160249"},{"taxonomy":"post_tag","embeddable":true,"href":"https:\/\/www.estrategiaconcursos.com.br\/blog\/wp-json\/wp\/v2\/tags?post=160249"},{"taxonomy":"tax_estado","embeddable":true,"href":"https:\/\/www.estrategiaconcursos.com.br\/blog\/wp-json\/wp\/v2\/tax_estado?post=160249"}],"curies":[{"name":"wp","href":"https:\/\/api.w.org\/{rel}","templated":true}]}}