{"id":160120,"date":"2019-01-25T10:00:31","date_gmt":"2019-01-25T13:00:31","guid":{"rendered":"https:\/\/www.estrategiaconcursos.com.br\/blog\/?p=160120"},"modified":"2022-12-14T09:33:29","modified_gmt":"2022-12-14T12:33:29","slug":"candidatos-do-enem-podem-se-inscrever-no-sisu-a-partir-desta-terca-feira-22-de-janeiro","status":"publish","type":"post","link":"https:\/\/www.estrategiaconcursos.com.br\/blog\/candidatos-do-enem-podem-se-inscrever-no-sisu-a-partir-desta-terca-feira-22-de-janeiro\/","title":{"rendered":"Candidatos do ENEM podem se inscrever no SISU at\u00e9 27 de janeiro"},"content":{"rendered":"\n<p>Come\u00e7aram na ter\u00e7a-feira, 22 de janeiro, as inscri\u00e7\u00f5es para o Sistema de Sele\u00e7\u00e3o Unificado (Sisu). Um servi\u00e7o no qual as institui\u00e7\u00f5es p\u00fablicas de ensino superior oferecem vagas a candidatos que realizaram o&nbsp;<strong>Exame Nacional do Ensino M\u00e9dio (Enem).&nbsp;<\/strong>Vale ressaltar, que o per\u00edodo de inscri\u00e7\u00f5es vai at\u00e9 o dia 27 de janeiro.<\/p>\n\n\n\n<p><strong>Quem pode participar deste processo seletivo? <\/strong><\/p>\n\n\n\n<p>Os estudantes que prestaram as provas do ENEM 2018 e obtiveram notas maiores que zero na reda\u00e7\u00e3o do exame. <\/p>\n\n\n\n<p><strong>Como eu fa\u00e7o para me inscrever?&nbsp;<\/strong><\/p>\n\n\n\n<p>\u00c9 f\u00e1cil, o processo ocorre no pr\u00f3prio site do Sisu, \u00e9 necess\u00e1rio ter o n\u00famero de inscri\u00e7\u00e3o do ENEM 2018 e a senha cadastrada, para que consiga realizar o procedimento. Na tela principal, voc\u00ea poder\u00e1 escolher&nbsp;at\u00e9 duas op\u00e7\u00f5es&nbsp;de curso. <\/p>\n\n\n\n<p>Na sequ\u00eancia, voc\u00ea ir\u00e1 pesquisar as vagas pelo nome do munic\u00edpio, institui\u00e7\u00e3o ou nome do curso. Com o resultado da busca, voc\u00ea vai ter a quantidade de vagas e as modalidades dispon\u00edveis. Quando escolher uma das op\u00e7\u00f5es na qual pretende concorrer, confirme a op\u00e7\u00e3o desejada para enfim, finalizar a inscri\u00e7\u00e3o. <br \/><\/p>\n\n\n\n<p>O Resultado da chamada regular do Sisu ser\u00e1 divulgado no dia 28 de janeiro, assim como o prazo para participar da lista de espera que acontecer\u00e1 no mesmo dia, ficando at\u00e9 a data do dia 04 de fevereiro.<\/p>\n\n\n\n<p>A lista de espera \u00e9 destinada aos candidatos que n\u00e3o foram selecionados na chamada regular em nenhuma das suas duas op\u00e7\u00f5es de curso. As institui\u00e7\u00f5es s\u00f3 come\u00e7am o per\u00edodo de convoca\u00e7\u00f5es a partir do dia 07 de fevereiro de 2019.<\/p>\n\n\n\n<p class=\"has-text-align-center has-medium-font-size\"><strong>Como mandar bem no Sisu<\/strong><\/p>\n\n\n\n<p>Saiba como mandar bem no Sisu 2019 com as principais informa\u00e7\u00f5es e dicas do nosso aul\u00e3o de prepara\u00e7\u00e3o. <\/p>\n\n\n\n<p>N\u00e3o perca essa oportunidade e confira as dicas de nossos especialistas no nosso canal do Youtube. <\/p>\n\n\n\n<p><br \/><\/p>\n","protected":false},"excerpt":{"rendered":"<p>Come\u00e7aram na ter\u00e7a-feira, 22 de janeiro, as inscri\u00e7\u00f5es para o Sistema de Sele\u00e7\u00e3o Unificado (Sisu). Um servi\u00e7o no qual as institui\u00e7\u00f5es p\u00fablicas de ensino superior oferecem vagas a candidatos que realizaram o&nbsp;Exame Nacional do Ensino M\u00e9dio (Enem).&nbsp;Vale ressaltar, que o per\u00edodo de inscri\u00e7\u00f5es vai at\u00e9 o dia 27 de janeiro. Quem pode participar deste processo [&hellip;]<\/p>\n","protected":false},"author":263,"featured_media":0,"comment_status":"open","ping_status":"closed","sticky":false,"template":"","format":"standard","meta":{"post_tipo":"article","footnotes":""},"categories":[1],"tags":[],"tax_estado":[],"class_list":["post-160120","post","type-post","status-publish","format-standard","hentry","category-cursos-e-concursos"],"acf":[],"yoast_head":"<!-- This site is optimized with the Yoast SEO Premium plugin v27.2 (Yoast SEO v27.2) - https:\/\/yoast.com\/product\/yoast-seo-premium-wordpress\/ -->\n<title>Candidatos do ENEM podem se inscrever no SISU at\u00e9 27 de janeiro<\/title>\n<meta name=\"robots\" content=\"index, follow, max-snippet:-1, max-image-preview:large, max-video-preview:-1\" \/>\n<link rel=\"canonical\" href=\"https:\/\/www.estrategiaconcursos.com.br\/blog\/candidatos-do-enem-podem-se-inscrever-no-sisu-a-partir-desta-terca-feira-22-de-janeiro\/\" \/>\n<meta property=\"og:locale\" content=\"pt_BR\" \/>\n<meta property=\"og:type\" content=\"article\" \/>\n<meta property=\"og:title\" content=\"Candidatos do ENEM podem se inscrever no SISU at\u00e9 27 de janeiro\" \/>\n<meta property=\"og:description\" content=\"Come\u00e7aram na ter\u00e7a-feira, 22 de janeiro, as inscri\u00e7\u00f5es para o Sistema de Sele\u00e7\u00e3o Unificado (Sisu). Um servi\u00e7o no qual as institui\u00e7\u00f5es p\u00fablicas de ensino superior oferecem vagas a candidatos que realizaram o&nbsp;Exame Nacional do Ensino M\u00e9dio (Enem).&nbsp;Vale ressaltar, que o per\u00edodo de inscri\u00e7\u00f5es vai at\u00e9 o dia 27 de janeiro. Quem pode participar deste processo [&hellip;]\" \/>\n<meta property=\"og:url\" content=\"https:\/\/www.estrategiaconcursos.com.br\/blog\/candidatos-do-enem-podem-se-inscrever-no-sisu-a-partir-desta-terca-feira-22-de-janeiro\/\" \/>\n<meta property=\"og:site_name\" content=\"Estrat\u00e9gia Concursos\" \/>\n<meta property=\"article:published_time\" content=\"2019-01-25T13:00:31+00:00\" \/>\n<meta property=\"article:modified_time\" content=\"2022-12-14T12:33:29+00:00\" \/>\n<meta name=\"author\" content=\"Daniel dos Reis Lopes\" \/>\n<meta name=\"twitter:card\" content=\"summary_large_image\" \/>\n<meta name=\"twitter:creator\" content=\"@EstratConcursos\" \/>\n<meta name=\"twitter:site\" content=\"@EstratConcursos\" \/>\n<meta name=\"twitter:label1\" content=\"Escrito por\" \/>\n\t<meta name=\"twitter:data1\" content=\"Daniel dos Reis Lopes\" \/>\n\t<meta name=\"twitter:label2\" content=\"Est. tempo de leitura\" \/>\n\t<meta name=\"twitter:data2\" content=\"2 minutos\" \/>\n<script type=\"application\/ld+json\" class=\"yoast-schema-graph\">{\"@context\":\"https:\/\/schema.org\",\"@graph\":[{\"@type\":\"NewsArticle\",\"@id\":\"https:\/\/www.estrategiaconcursos.com.br\/blog\/candidatos-do-enem-podem-se-inscrever-no-sisu-a-partir-desta-terca-feira-22-de-janeiro\/#article\",\"isPartOf\":{\"@id\":\"https:\/\/www.estrategiaconcursos.com.br\/blog\/candidatos-do-enem-podem-se-inscrever-no-sisu-a-partir-desta-terca-feira-22-de-janeiro\/\"},\"author\":{\"name\":\"Daniel dos Reis Lopes\",\"@id\":\"https:\/\/www.estrategiaconcursos.com.br\/blog\/#\/schema\/person\/86e4af37234d422e94ca7e825b416814\"},\"headline\":\"Candidatos do ENEM podem se inscrever no SISU at\u00e9 27 de janeiro\",\"datePublished\":\"2019-01-25T13:00:31+00:00\",\"dateModified\":\"2022-12-14T12:33:29+00:00\",\"mainEntityOfPage\":{\"@id\":\"https:\/\/www.estrategiaconcursos.com.br\/blog\/candidatos-do-enem-podem-se-inscrever-no-sisu-a-partir-desta-terca-feira-22-de-janeiro\/\"},\"wordCount\":330,\"commentCount\":0,\"publisher\":{\"@id\":\"https:\/\/www.estrategiaconcursos.com.br\/blog\/#organization\"},\"articleSection\":[\"Concursos P\u00fablicos\"],\"inLanguage\":\"pt-BR\",\"potentialAction\":[{\"@type\":\"CommentAction\",\"name\":\"Comment\",\"target\":[\"https:\/\/www.estrategiaconcursos.com.br\/blog\/candidatos-do-enem-podem-se-inscrever-no-sisu-a-partir-desta-terca-feira-22-de-janeiro\/#respond\"]}],\"copyrightYear\":\"2019\",\"copyrightHolder\":{\"@id\":\"https:\/\/www.estrategiaconcursos.com.br\/blog\/#organization\"}},{\"@type\":\"WebPage\",\"@id\":\"https:\/\/www.estrategiaconcursos.com.br\/blog\/candidatos-do-enem-podem-se-inscrever-no-sisu-a-partir-desta-terca-feira-22-de-janeiro\/\",\"url\":\"https:\/\/www.estrategiaconcursos.com.br\/blog\/candidatos-do-enem-podem-se-inscrever-no-sisu-a-partir-desta-terca-feira-22-de-janeiro\/\",\"name\":\"Candidatos do ENEM podem se inscrever no SISU at\u00e9 27 de janeiro\",\"isPartOf\":{\"@id\":\"https:\/\/www.estrategiaconcursos.com.br\/blog\/#website\"},\"datePublished\":\"2019-01-25T13:00:31+00:00\",\"dateModified\":\"2022-12-14T12:33:29+00:00\",\"breadcrumb\":{\"@id\":\"https:\/\/www.estrategiaconcursos.com.br\/blog\/candidatos-do-enem-podem-se-inscrever-no-sisu-a-partir-desta-terca-feira-22-de-janeiro\/#breadcrumb\"},\"inLanguage\":\"pt-BR\",\"potentialAction\":[{\"@type\":\"ReadAction\",\"target\":[\"https:\/\/www.estrategiaconcursos.com.br\/blog\/candidatos-do-enem-podem-se-inscrever-no-sisu-a-partir-desta-terca-feira-22-de-janeiro\/\"]}]},{\"@type\":\"BreadcrumbList\",\"@id\":\"https:\/\/www.estrategiaconcursos.com.br\/blog\/candidatos-do-enem-podem-se-inscrever-no-sisu-a-partir-desta-terca-feira-22-de-janeiro\/#breadcrumb\",\"itemListElement\":[{\"@type\":\"ListItem\",\"position\":1,\"name\":\"In\u00edcio\",\"item\":\"https:\/\/www.estrategiaconcursos.com.br\/blog\/\"},{\"@type\":\"ListItem\",\"position\":2,\"name\":\"Candidatos do ENEM podem se inscrever no SISU at\u00e9 27 de janeiro\"}]},{\"@type\":\"WebSite\",\"@id\":\"https:\/\/www.estrategiaconcursos.com.br\/blog\/#website\",\"url\":\"https:\/\/www.estrategiaconcursos.com.br\/blog\/\",\"name\":\"Estrat\u00e9gia Concursos\",\"description\":\"O blog da Estrat\u00e9gia Concursos traz not\u00edcias sobre concursos e artigos de professores oferecendo cursos para concursos (pdf + videaulas) no site.\",\"publisher\":{\"@id\":\"https:\/\/www.estrategiaconcursos.com.br\/blog\/#organization\"},\"potentialAction\":[{\"@type\":\"SearchAction\",\"target\":{\"@type\":\"EntryPoint\",\"urlTemplate\":\"https:\/\/www.estrategiaconcursos.com.br\/blog\/?s={search_term_string}\"},\"query-input\":{\"@type\":\"PropertyValueSpecification\",\"valueRequired\":true,\"valueName\":\"search_term_string\"}}],\"inLanguage\":\"pt-BR\"},{\"@type\":\"Organization\",\"@id\":\"https:\/\/www.estrategiaconcursos.com.br\/blog\/#organization\",\"name\":\"Estrat\u00e9gia Concursos\",\"url\":\"https:\/\/www.estrategiaconcursos.com.br\/blog\/\",\"logo\":{\"@type\":\"ImageObject\",\"inLanguage\":\"pt-BR\",\"@id\":\"https:\/\/www.estrategiaconcursos.com.br\/blog\/#\/schema\/logo\/image\/\",\"url\":\"https:\/\/dhg1h5j42swfq.cloudfront.net\/2025\/06\/03203428\/logo_concursos-1.jpg\",\"contentUrl\":\"https:\/\/dhg1h5j42swfq.cloudfront.net\/2025\/06\/03203428\/logo_concursos-1.jpg\",\"width\":230,\"height\":60,\"caption\":\"Estrat\u00e9gia Concursos\"},\"image\":{\"@id\":\"https:\/\/www.estrategiaconcursos.com.br\/blog\/#\/schema\/logo\/image\/\"},\"sameAs\":[\"https:\/\/x.com\/EstratConcursos\"]},{\"@type\":\"Person\",\"@id\":\"https:\/\/www.estrategiaconcursos.com.br\/blog\/#\/schema\/person\/86e4af37234d422e94ca7e825b416814\",\"name\":\"Daniel dos Reis Lopes\",\"image\":{\"@type\":\"ImageObject\",\"inLanguage\":\"pt-BR\",\"@id\":\"https:\/\/secure.gravatar.com\/avatar\/ea24ef981da4044d0a66f44402441129fdde22c4c8d87f39a45cae8d4f82075a?s=96&d=mm&r=g\",\"url\":\"https:\/\/secure.gravatar.com\/avatar\/ea24ef981da4044d0a66f44402441129fdde22c4c8d87f39a45cae8d4f82075a?s=96&d=mm&r=g\",\"contentUrl\":\"https:\/\/secure.gravatar.com\/avatar\/ea24ef981da4044d0a66f44402441129fdde22c4c8d87f39a45cae8d4f82075a?s=96&d=mm&r=g\",\"caption\":\"Daniel dos Reis Lopes\"},\"url\":\"https:\/\/www.estrategiaconcursos.com.br\/blog\/author\/d-reislopesgmail-com\/\"}]}<\/script>\n<!-- \/ Yoast SEO Premium plugin. -->","yoast_head_json":{"title":"Candidatos do ENEM podem se inscrever no SISU at\u00e9 27 de janeiro","robots":{"index":"index","follow":"follow","max-snippet":"max-snippet:-1","max-image-preview":"max-image-preview:large","max-video-preview":"max-video-preview:-1"},"canonical":"https:\/\/www.estrategiaconcursos.com.br\/blog\/candidatos-do-enem-podem-se-inscrever-no-sisu-a-partir-desta-terca-feira-22-de-janeiro\/","og_locale":"pt_BR","og_type":"article","og_title":"Candidatos do ENEM podem se inscrever no SISU at\u00e9 27 de janeiro","og_description":"Come\u00e7aram na ter\u00e7a-feira, 22 de janeiro, as inscri\u00e7\u00f5es para o Sistema de Sele\u00e7\u00e3o Unificado (Sisu). Um servi\u00e7o no qual as institui\u00e7\u00f5es p\u00fablicas de ensino superior oferecem vagas a candidatos que realizaram o&nbsp;Exame Nacional do Ensino M\u00e9dio (Enem).&nbsp;Vale ressaltar, que o per\u00edodo de inscri\u00e7\u00f5es vai at\u00e9 o dia 27 de janeiro. Quem pode participar deste processo [&hellip;]","og_url":"https:\/\/www.estrategiaconcursos.com.br\/blog\/candidatos-do-enem-podem-se-inscrever-no-sisu-a-partir-desta-terca-feira-22-de-janeiro\/","og_site_name":"Estrat\u00e9gia Concursos","article_published_time":"2019-01-25T13:00:31+00:00","article_modified_time":"2022-12-14T12:33:29+00:00","author":"Daniel dos Reis Lopes","twitter_card":"summary_large_image","twitter_creator":"@EstratConcursos","twitter_site":"@EstratConcursos","twitter_misc":{"Escrito por":"Daniel dos Reis Lopes","Est. tempo de leitura":"2 minutos"},"schema":{"@context":"https:\/\/schema.org","@graph":[{"@type":"NewsArticle","@id":"https:\/\/www.estrategiaconcursos.com.br\/blog\/candidatos-do-enem-podem-se-inscrever-no-sisu-a-partir-desta-terca-feira-22-de-janeiro\/#article","isPartOf":{"@id":"https:\/\/www.estrategiaconcursos.com.br\/blog\/candidatos-do-enem-podem-se-inscrever-no-sisu-a-partir-desta-terca-feira-22-de-janeiro\/"},"author":{"name":"Daniel dos Reis Lopes","@id":"https:\/\/www.estrategiaconcursos.com.br\/blog\/#\/schema\/person\/86e4af37234d422e94ca7e825b416814"},"headline":"Candidatos do ENEM podem se inscrever no SISU at\u00e9 27 de janeiro","datePublished":"2019-01-25T13:00:31+00:00","dateModified":"2022-12-14T12:33:29+00:00","mainEntityOfPage":{"@id":"https:\/\/www.estrategiaconcursos.com.br\/blog\/candidatos-do-enem-podem-se-inscrever-no-sisu-a-partir-desta-terca-feira-22-de-janeiro\/"},"wordCount":330,"commentCount":0,"publisher":{"@id":"https:\/\/www.estrategiaconcursos.com.br\/blog\/#organization"},"articleSection":["Concursos P\u00fablicos"],"inLanguage":"pt-BR","potentialAction":[{"@type":"CommentAction","name":"Comment","target":["https:\/\/www.estrategiaconcursos.com.br\/blog\/candidatos-do-enem-podem-se-inscrever-no-sisu-a-partir-desta-terca-feira-22-de-janeiro\/#respond"]}],"copyrightYear":"2019","copyrightHolder":{"@id":"https:\/\/www.estrategiaconcursos.com.br\/blog\/#organization"}},{"@type":"WebPage","@id":"https:\/\/www.estrategiaconcursos.com.br\/blog\/candidatos-do-enem-podem-se-inscrever-no-sisu-a-partir-desta-terca-feira-22-de-janeiro\/","url":"https:\/\/www.estrategiaconcursos.com.br\/blog\/candidatos-do-enem-podem-se-inscrever-no-sisu-a-partir-desta-terca-feira-22-de-janeiro\/","name":"Candidatos do ENEM podem se inscrever no SISU at\u00e9 27 de janeiro","isPartOf":{"@id":"https:\/\/www.estrategiaconcursos.com.br\/blog\/#website"},"datePublished":"2019-01-25T13:00:31+00:00","dateModified":"2022-12-14T12:33:29+00:00","breadcrumb":{"@id":"https:\/\/www.estrategiaconcursos.com.br\/blog\/candidatos-do-enem-podem-se-inscrever-no-sisu-a-partir-desta-terca-feira-22-de-janeiro\/#breadcrumb"},"inLanguage":"pt-BR","potentialAction":[{"@type":"ReadAction","target":["https:\/\/www.estrategiaconcursos.com.br\/blog\/candidatos-do-enem-podem-se-inscrever-no-sisu-a-partir-desta-terca-feira-22-de-janeiro\/"]}]},{"@type":"BreadcrumbList","@id":"https:\/\/www.estrategiaconcursos.com.br\/blog\/candidatos-do-enem-podem-se-inscrever-no-sisu-a-partir-desta-terca-feira-22-de-janeiro\/#breadcrumb","itemListElement":[{"@type":"ListItem","position":1,"name":"In\u00edcio","item":"https:\/\/www.estrategiaconcursos.com.br\/blog\/"},{"@type":"ListItem","position":2,"name":"Candidatos do ENEM podem se inscrever no SISU at\u00e9 27 de janeiro"}]},{"@type":"WebSite","@id":"https:\/\/www.estrategiaconcursos.com.br\/blog\/#website","url":"https:\/\/www.estrategiaconcursos.com.br\/blog\/","name":"Estrat\u00e9gia Concursos","description":"O blog da Estrat\u00e9gia Concursos traz not\u00edcias sobre concursos e artigos de professores oferecendo cursos para concursos (pdf + videaulas) no site.","publisher":{"@id":"https:\/\/www.estrategiaconcursos.com.br\/blog\/#organization"},"potentialAction":[{"@type":"SearchAction","target":{"@type":"EntryPoint","urlTemplate":"https:\/\/www.estrategiaconcursos.com.br\/blog\/?s={search_term_string}"},"query-input":{"@type":"PropertyValueSpecification","valueRequired":true,"valueName":"search_term_string"}}],"inLanguage":"pt-BR"},{"@type":"Organization","@id":"https:\/\/www.estrategiaconcursos.com.br\/blog\/#organization","name":"Estrat\u00e9gia Concursos","url":"https:\/\/www.estrategiaconcursos.com.br\/blog\/","logo":{"@type":"ImageObject","inLanguage":"pt-BR","@id":"https:\/\/www.estrategiaconcursos.com.br\/blog\/#\/schema\/logo\/image\/","url":"https:\/\/dhg1h5j42swfq.cloudfront.net\/2025\/06\/03203428\/logo_concursos-1.jpg","contentUrl":"https:\/\/dhg1h5j42swfq.cloudfront.net\/2025\/06\/03203428\/logo_concursos-1.jpg","width":230,"height":60,"caption":"Estrat\u00e9gia Concursos"},"image":{"@id":"https:\/\/www.estrategiaconcursos.com.br\/blog\/#\/schema\/logo\/image\/"},"sameAs":["https:\/\/x.com\/EstratConcursos"]},{"@type":"Person","@id":"https:\/\/www.estrategiaconcursos.com.br\/blog\/#\/schema\/person\/86e4af37234d422e94ca7e825b416814","name":"Daniel dos Reis Lopes","image":{"@type":"ImageObject","inLanguage":"pt-BR","@id":"https:\/\/secure.gravatar.com\/avatar\/ea24ef981da4044d0a66f44402441129fdde22c4c8d87f39a45cae8d4f82075a?s=96&d=mm&r=g","url":"https:\/\/secure.gravatar.com\/avatar\/ea24ef981da4044d0a66f44402441129fdde22c4c8d87f39a45cae8d4f82075a?s=96&d=mm&r=g","contentUrl":"https:\/\/secure.gravatar.com\/avatar\/ea24ef981da4044d0a66f44402441129fdde22c4c8d87f39a45cae8d4f82075a?s=96&d=mm&r=g","caption":"Daniel dos Reis Lopes"},"url":"https:\/\/www.estrategiaconcursos.com.br\/blog\/author\/d-reislopesgmail-com\/"}]}},"_links":{"self":[{"href":"https:\/\/www.estrategiaconcursos.com.br\/blog\/wp-json\/wp\/v2\/posts\/160120","targetHints":{"allow":["GET"]}}],"collection":[{"href":"https:\/\/www.estrategiaconcursos.com.br\/blog\/wp-json\/wp\/v2\/posts"}],"about":[{"href":"https:\/\/www.estrategiaconcursos.com.br\/blog\/wp-json\/wp\/v2\/types\/post"}],"author":[{"embeddable":true,"href":"https:\/\/www.estrategiaconcursos.com.br\/blog\/wp-json\/wp\/v2\/users\/263"}],"replies":[{"embeddable":true,"href":"https:\/\/www.estrategiaconcursos.com.br\/blog\/wp-json\/wp\/v2\/comments?post=160120"}],"version-history":[{"count":8,"href":"https:\/\/www.estrategiaconcursos.com.br\/blog\/wp-json\/wp\/v2\/posts\/160120\/revisions"}],"predecessor-version":[{"id":1138683,"href":"https:\/\/www.estrategiaconcursos.com.br\/blog\/wp-json\/wp\/v2\/posts\/160120\/revisions\/1138683"}],"wp:attachment":[{"href":"https:\/\/www.estrategiaconcursos.com.br\/blog\/wp-json\/wp\/v2\/media?parent=160120"}],"wp:term":[{"taxonomy":"category","embeddable":true,"href":"https:\/\/www.estrategiaconcursos.com.br\/blog\/wp-json\/wp\/v2\/categories?post=160120"},{"taxonomy":"post_tag","embeddable":true,"href":"https:\/\/www.estrategiaconcursos.com.br\/blog\/wp-json\/wp\/v2\/tags?post=160120"},{"taxonomy":"tax_estado","embeddable":true,"href":"https:\/\/www.estrategiaconcursos.com.br\/blog\/wp-json\/wp\/v2\/tax_estado?post=160120"}],"curies":[{"name":"wp","href":"https:\/\/api.w.org\/{rel}","templated":true}]}}