{"id":1601074,"date":"2025-07-20T14:30:00","date_gmt":"2025-07-20T17:30:00","guid":{"rendered":"https:\/\/www.estrategiaconcursos.com.br\/blog\/?p=1601074"},"modified":"2025-07-21T10:40:37","modified_gmt":"2025-07-21T13:40:37","slug":"saude-mental-cnu","status":"publish","type":"post","link":"https:\/\/www.estrategiaconcursos.com.br\/blog\/saude-mental-cnu\/","title":{"rendered":"Sa\u00fade Mental: resumo para o Concurso Nacional Unificado"},"content":{"rendered":"\n<p>Neste artigo voc\u00ea encontrar\u00e1 um resumo da Pol\u00edtica Nacional de Sa\u00fade Mental para o Concurso Nacional Unificado.<\/p>\n\n\n\n<p>Ol\u00e1, concurseiro, tudo bem com voc\u00ea? Estudando muito para o <strong><a href=\"https:\/\/conhecimento.fgv.br\/cpnu2\" target=\"_blank\" rel=\"noreferrer noopener\">Concurso Nacional Unificado<\/a><\/strong>, o qual ser\u00e1 organizado pela FGV? Certamente, sim! Afinal, essa \u00e9 uma grande oportunidade de ser tornar servidor p\u00fablico do Poder Executivo Federal<\/p>\n\n\n\n<p>Para auxiliar voc\u00ea nessa miss\u00e3o, elaboramos um resumo acerca da <strong>Pol\u00edtica Nacional de Sa\u00fade Mental <\/strong>e outros pontos importantes acerca do t\u00f3pico de sa\u00fade mental.<\/p>\n\n\n\n<p>Elaboramos este resumo que ajudar\u00e1 voc\u00ea a memorizar conceitos importantes acerca desse assunto que podem estar na sua prova de concurso.<\/p>\n\n\n\n<p>Al\u00e9m disso, lembre-se de que resumos s\u00e3o uma excelente ferramenta para revisar t\u00f3picos importantes para a prova.<\/p>\n\n\n\n<p>Desse modo, atente-se aos destaques deste material, pois eles evidenciam pontos relevantes para o seu certame.<\/p>\n\n\n\n<figure class=\"wp-block-image aligncenter size-full\"><img loading=\"lazy\" decoding=\"async\" width=\"239\" height=\"180\" src=\"https:\/\/dhg1h5j42swfq.cloudfront.net\/2024\/10\/26175642\/fique-atento-2.png\" alt=\"aten\u00e7\u00e3o\" class=\"wp-image-1482475\" srcset=\"https:\/\/dhg1h5j42swfq.cloudfront.net\/2024\/10\/26175642\/fique-atento-2.png 239w, https:\/\/dhg1h5j42swfq.cloudfront.net\/2024\/10\/26175642\/fique-atento-2-150x113.png 150w\" sizes=\"auto, (max-width: 239px) 100vw, 239px\" \/><\/figure>\n\n\n\n<div class=\"wp-block-yoast-seo-table-of-contents yoast-table-of-contents\"><ul><li><a href=\"#h-a-politica-nacional-de-saude-mental\" data-level=\"2\">A Pol\u00edtica Nacional de Sa\u00fade Mental<\/a><\/li><li><a href=\"#h-a-reforma-psiquiatrica\" data-level=\"2\">A Reforma Psiqui\u00e1trica<\/a><ul><li><a href=\"#h-processo-de-desinstitucionalizacao\" data-level=\"3\">Processo de desinstitucionaliza\u00e7\u00e3o<\/a><\/li><\/ul><\/li><li><a href=\"#h-lei-n-10-216-2001-lei-paulo-delgado\" data-level=\"2\">Lei n\u00b0 10.216\/2001 (Lei Paulo Delgado)<\/a><ul><li><a href=\"#h-garantia-de-direitos\" data-level=\"3\">Garantia de direitos<\/a><\/li><li><a href=\"#h-responsabilidade-do-estado-na-politica-de-saude-mental\" data-level=\"3\">Responsabilidade do Estado na Pol\u00edtica de Sa\u00fade Mental<\/a><\/li><li><a href=\"#h-internacao-psiquiatrica\" data-level=\"3\">Interna\u00e7\u00e3o Psiqui\u00e1trica<\/a><\/li><\/ul><\/li><li><a href=\"#h-para-finalizar\" data-level=\"2\">Para finalizar<\/a><\/li><\/ul><\/div>\n\n\n\n<div class=\"container\" id=\"boxes\">\n  <div class=\"row\">\n\n    <div class=\"col-sm\">\n      <div class=\"banner-federais\" id=\"box-assinatura\">\n        <h2 class=\"titulo-assinatura\" style=\"text-align: left;\">Cursos para o CNU 2025<\/h2>\n        <p class=\"subtitulo-assinatura\" style=\"text-align: left;\">Prepare-se para o &#8220;Enem dos Concursos&#8221;!<\/p>\n        <div class=\"box-botao\" style=\"text-align: left;\">\n          <a class=\"btn-assinatura\" target=\"_blank\" href=\"https:\/\/www.estrategiaconcursos.com.br\/cursosPorConcurso\/concurso-nacional-unificado-cnu\/\" role=\"button\" rel=\"noopener noreferrer\">Confira os pacotes!<\/a>\n        <\/div>\n      <\/div><\/div><\/div><\/div>\n\n\n\n<h2 class=\"wp-block-heading\" id=\"h-a-politica-nacional-de-saude-mental\">A Pol\u00edtica Nacional de Sa\u00fade Mental<\/h2>\n\n\n\n<p>Primeiramente, vale ressaltar que, no Brasil, a <strong>Pol\u00edtica Nacional de Sa\u00fade Mental<\/strong> tem como objetivo garantir o acesso aos servi\u00e7os de sa\u00fade mental. Al\u00e9m disso, busca-se ainda que tal acesso se d\u00ea de forma <strong>equitativa<\/strong>, com foco na <strong>qualidade do servi\u00e7o, na promo\u00e7\u00e3o do cuidado psicossocial e na desinstitucionaliza\u00e7\u00e3o<\/strong>.<\/p>\n\n\n\n<p>A referida pol\u00edtica tem como base a <strong>Lei n\u00ba 10.216\/2001<\/strong>, que <strong>protege os direitos das pessoas com transtornos mentais e redireciona o modelo assistencial para uma abordagem mais comunit\u00e1ria e aberta.<\/strong><\/p>\n\n\n\n<p>Outrossim, tamb\u00e9m \u00e9 importante enfatizar que a mudan\u00e7a de paradigma no que diz respeito \u00e0 sa\u00fade mental no Brasil de seu com o advento da <strong>Reforma Psiqui\u00e1trica<\/strong>, que visava a substitui\u00e7\u00e3o gradual dos manic\u00f4mios por uma rede de servi\u00e7os comunit\u00e1rios e a garantia dos direitos das pessoas com transtornos mentais. Falaremos mais sobre esse importante marco em sa\u00fade mental no t\u00f3pico seguinte.<\/p>\n\n\n\n<h2 class=\"wp-block-heading\" id=\"h-a-reforma-psiquiatrica\">A Reforma Psiqui\u00e1trica<\/h2>\n\n\n\n<figure class=\"wp-block-image aligncenter size-full is-resized\"><img loading=\"lazy\" decoding=\"async\" width=\"312\" height=\"272\" src=\"https:\/\/dhg1h5j42swfq.cloudfront.net\/2024\/10\/13190007\/preste_mais_atencao.png\" alt=\"aten\u00e7\u00e3o\" class=\"wp-image-1475402\" style=\"width:179px;height:auto\" srcset=\"https:\/\/dhg1h5j42swfq.cloudfront.net\/2024\/10\/13190007\/preste_mais_atencao.png 312w, https:\/\/dhg1h5j42swfq.cloudfront.net\/2024\/10\/13190007\/preste_mais_atencao-300x262.png 300w, https:\/\/dhg1h5j42swfq.cloudfront.net\/2024\/10\/13190007\/preste_mais_atencao-150x131.png 150w\" sizes=\"auto, (max-width: 312px) 100vw, 312px\" \/><\/figure>\n\n\n\n<p>Agora, vamos falar sobre a <strong>Reforma Psiqui\u00e1trica<\/strong>, que teve in\u00edcio com o movimento da Luta Antimanicomial, na It\u00e1lia, em meados do s\u00e9culo XX. De acordo com Neves, esse movimento foi impulsionado pelo psiquiatra Franco Basaglia e caracteriza-se pela <strong>cr\u00edtica e transforma\u00e7\u00e3o do tratamento e das institui\u00e7\u00f5es psiqui\u00e1tricas e pela defesa dos direitos humanos e resgate da cidadania.<\/strong><\/p>\n\n\n\n<p>Outrossim, vale destacar que o objetivo desse movimento era a modifica\u00e7\u00e3o do sistema de tratamento cl\u00ednico da doen\u00e7a mental, de modo a abolir, de forma gradual, a interna\u00e7\u00e3o como forma de exclus\u00e3o social.<\/p>\n\n\n\n<p>Dessa forma, esse modelo prop\u00f5e a substitui\u00e7\u00e3o dos hospitais psiqui\u00e1tricos por uma <strong>rede de servi\u00e7os territoriais de aten\u00e7\u00e3o psicossocial<\/strong>. Isso geraria a integra\u00e7\u00e3o das pessoas que sofrem com acometimentos mentais \u00e0 comunidade.<\/p>\n\n\n\n<p>Como uma consequ\u00eancia da Reforma Psiqui\u00e1trica, passou-se a ter como ideia central para modelos de aten\u00e7\u00e3o \u00e0 sa\u00fade \u00e0 pessoa com transtornos mentais a <strong>preserva\u00e7\u00e3o dos seus direitos humanos<\/strong>, de modo a favorecer o pleno exerc\u00edcio da cidadania.<\/p>\n\n\n\n<p><em><strong>N\u00e3o deixe de conferir:<\/strong><\/em><\/p>\n\n\n\n<ul class=\"wp-block-list\">\n<li><a href=\"https:\/\/www.estrategiaconcursos.com.br\/blog\/bloco-9-cnu-2025-lotacao\/\" target=\"_blank\" rel=\"noreferrer noopener\">Bloco 9 do CNU: quais as lota\u00e7\u00f5es dos futuros aprovados?<\/a><\/li>\n\n\n\n<li><a href=\"https:\/\/www.estrategiaconcursos.com.br\/blog\/cnu-2025-bloco-6\/\" target=\"_blank\" rel=\"noreferrer noopener\">CNU 2025: bloco 6 oferece 285 vagas e iniciais at\u00e9 R$ 16 mil<\/a><\/li>\n\n\n\n<li><a href=\"https:\/\/www.estrategiaconcursos.com.br\/blog\/cnu-2025-bloco-5\/\" target=\"_blank\" rel=\"noreferrer noopener\">CNU 2025: saiba mais sobre as 1.172 vagas do Bloco 5<\/a><\/li>\n<\/ul>\n\n\n\n<h3 class=\"wp-block-heading\" id=\"h-processo-de-desinstitucionalizacao\">Processo de desinstitucionaliza\u00e7\u00e3o<\/h3>\n\n\n\n<p>Ademais, \u00e9 necess\u00e1rio ressaltar que um dos pontos mais importantes do movimento de luta antimanicomial foi o processo de <strong>desinstitucionaliza\u00e7\u00e3o<\/strong> da pessoa em sofrimento ps\u00edquico. Desse modo, as pol\u00edticas p\u00fablicas que foram sendo constru\u00eddas visavam readequar o modelo assistencial, no qual a cidadania, os direitos, as aspira\u00e7\u00f5es, a reabilita\u00e7\u00e3o psicossocial e a (re) inser\u00e7\u00e3o na comunidade passam a ser objetos da aten\u00e7\u00e3o em sa\u00fade mental.<\/p>\n\n\n\n<p>Portanto, de acordo com o modelo proposto, os usu\u00e1rios do servi\u00e7o de sa\u00fade mental passaram a ser estimulados a terem participa\u00e7\u00e3o ativa. Al\u00e9m disso, houve incentivos \u00e0 forma\u00e7\u00e3o de redes para o desenvolvimento de outras pol\u00edticas p\u00fablicas essenciais a fim de garantir a esses indiv\u00edduos o acesso \u00e0 educa\u00e7\u00e3o, ao trabalho, \u00e0 cultura e \u00e0 moradia.<\/p>\n\n\n\n<p>Podemos pensar ent\u00e3o que a desinstitucionaliza\u00e7\u00e3o \u00e9 o processo de sa\u00edda de \u201cmoradores\u201d dos antigos manic\u00f4mios e a sua consequente reinser\u00e7\u00e3o em seus territ\u00f3rios originais.<\/p>\n\n\n\n<p>Ent\u00e3o, pela sua import\u00e2ncia, a Reforma Psiqui\u00e1trica inspirou a formula\u00e7\u00e3o de uma Pol\u00edtica Nacional de Sa\u00fade Mental (PNSM), que estabeleceu diretrizes para o atendimento de pessoas com diferentes condi\u00e7\u00f5es psiqui\u00e1tricas.<\/p>\n\n\n\n<p>Outrossim, na rede p\u00fablica, os cuidados em Sa\u00fade Mental obedecem aos preceitos do Sistema \u00danico de Sa\u00fade (SUS), tais como: <strong>integralidade<\/strong> da aten\u00e7\u00e3o, <strong>humaniza\u00e7\u00e3o<\/strong>, <strong>continuidade<\/strong> de cuidado, entre outros.<\/p>\n\n\n\n<h2 class=\"wp-block-heading\" id=\"h-lei-n-10-216-2001-lei-paulo-delgado\">Lei n\u00b0 10.216\/2001 (Lei Paulo Delgado)<\/h2>\n\n\n\n<figure class=\"wp-block-image aligncenter size-full is-resized\"><img loading=\"lazy\" decoding=\"async\" width=\"766\" height=\"207\" src=\"https:\/\/dhg1h5j42swfq.cloudfront.net\/2024\/11\/30081219\/indo-mais-fundo.png\" alt=\"aten\u00e7\u00e3o\" class=\"wp-image-1497693\" style=\"width:514px;height:auto\" srcset=\"https:\/\/dhg1h5j42swfq.cloudfront.net\/2024\/11\/30081219\/indo-mais-fundo.png 766w, https:\/\/dhg1h5j42swfq.cloudfront.net\/2024\/11\/30081219\/indo-mais-fundo-300x81.png 300w, https:\/\/dhg1h5j42swfq.cloudfront.net\/2024\/11\/30081219\/indo-mais-fundo-150x41.png 150w\" sizes=\"auto, (max-width: 766px) 100vw, 766px\" \/><\/figure>\n\n\n\n<p>Apesar de ter se iniciado em 1980, foi apenas em 2001, com a aprova\u00e7\u00e3o de <strong>Lei n\u00b0 10.216<\/strong>, que a Reforma Psiqui\u00e1trica de fato se consolidou.<\/p>\n\n\n\n<p>Dessa forma, a referida lei, tamb\u00e9m conhecida como <strong>Lei Paulo Delgado<\/strong>, instituiu os direitos das pessoas com transtornos mentais e redirecionou o modelo assistencial em sa\u00fade mental.<\/p>\n\n\n\n<p>Vejamos alguns dos pontos mais importantes do desse texto legal.<\/p>\n\n\n\n<h3 class=\"wp-block-heading\" id=\"h-garantia-de-direitos\">Garantia de direitos<\/h3>\n\n\n\n<p>O art. 1\u00b0 da Lei postula que os direitos e a prote\u00e7\u00e3o das pessoas acometidas de transtorno mental s\u00e3o assegurados sem qualquer forma de discrimina\u00e7\u00e3o quanto \u00e0 ra\u00e7a, cor, sexo, orienta\u00e7\u00e3o sexual, religi\u00e3o, op\u00e7\u00e3o pol\u00edtica, nacionalidade, idade, fam\u00edlia, recursos econ\u00f4micos e ao grau de gravidade ou tempo de evolu\u00e7\u00e3o de seu transtorno, ou qualquer outra.<\/p>\n\n\n\n<h4 class=\"wp-block-heading\" id=\"h-direitos-elencados-previstos-na-lei\">Direitos elencados previstos na Lei<\/h4>\n\n\n\n<p>O artigo 2\u00b0, por sua vez, explicita quais s\u00e3o os direitos da pessoa portadora de transtorno mental. Vejamos quais s\u00e3o eles:<\/p>\n\n\n\n<ol class=\"wp-block-list\">\n<li>&nbsp;ter <strong>acesso ao melhor tratamento do sistema de sa\u00fade<\/strong>, consent\u00e2neo \u00e0s suas necessidades;<\/li>\n\n\n\n<li>ser tratada com <strong>humanidade<\/strong> e <strong>respeito<\/strong> e no interesse exclusivo de beneficiar sua sa\u00fade, visando alcan\u00e7ar sua recupera\u00e7\u00e3o pela inser\u00e7\u00e3o na fam\u00edlia, no trabalho e na comunidade;<\/li>\n\n\n\n<li>&nbsp;ser <strong>protegida<\/strong> contra qualquer forma de <strong>abuso e explora\u00e7\u00e3o<\/strong>;<\/li>\n\n\n\n<li>ter garantia de <strong>sigilo nas informa\u00e7\u00f5es<\/strong> prestadas;<\/li>\n\n\n\n<li>ter direito \u00e0 <strong>presen\u00e7a m\u00e9dica<\/strong>, em qualquer tempo, para esclarecer a necessidade ou n\u00e3o de sua hospitaliza\u00e7\u00e3o involunt\u00e1ria;<\/li>\n\n\n\n<li>ter <strong>livre acesso aos meios de comunica\u00e7\u00e3o<\/strong> dispon\u00edveis;<\/li>\n\n\n\n<li>receber o maior n\u00famero de <strong>informa\u00e7\u00f5es<\/strong> a respeito de sua doen\u00e7a e de seu tratamento;<\/li>\n\n\n\n<li>&nbsp;ser tratada em <strong>ambiente terap\u00eautico<\/strong> pelos meios menos invasivos poss\u00edveis;<\/li>\n\n\n\n<li>&nbsp;ser tratada, preferencialmente, em <strong>servi\u00e7os comunit\u00e1rios<\/strong> de sa\u00fade mental.<\/li>\n<\/ol>\n\n\n\n<h3 class=\"wp-block-heading\" id=\"h-responsabilidade-do-estado-na-politica-de-saude-mental\">Responsabilidade do Estado na Pol\u00edtica de Sa\u00fade Mental<\/h3>\n\n\n\n<p>Outro aspecto importante que \u00e9 trazido pelo normativo legal \u00e9 o de que&nbsp;\u00e9 <strong>responsabilidade do Estado o desenvolvimento da pol\u00edtica de sa\u00fade mental, a assist\u00eancia e a promo\u00e7\u00e3o de a\u00e7\u00f5es de sa\u00fade<\/strong> aos portadores de transtornos mentais, com a devida participa\u00e7\u00e3o da sociedade e da fam\u00edlia, a qual ser\u00e1 prestada em estabelecimento de sa\u00fade mental, assim entendidas as institui\u00e7\u00f5es ou unidades que ofere\u00e7am assist\u00eancia em sa\u00fade aos portadores de transtornos mentais.<\/p>\n\n\n\n<p>Al\u00e9m disso, seguindo a l\u00f3gica da desinstitucionaliza\u00e7\u00e3o, o dispositivo legal deixa bem claro que <strong>a interna\u00e7\u00e3o, em qualquer de suas modalidades, s\u00f3 ser\u00e1 indicada quando os recursos extra-hospitalares se mostrarem insuficientes.<\/strong><\/p>\n\n\n\n<h3 class=\"wp-block-heading\" id=\"h-internacao-psiquiatrica\">Interna\u00e7\u00e3o Psiqui\u00e1trica<\/h3>\n\n\n\n<figure class=\"wp-block-image aligncenter size-full is-resized\"><img loading=\"lazy\" decoding=\"async\" width=\"233\" height=\"326\" src=\"https:\/\/dhg1h5j42swfq.cloudfront.net\/2024\/10\/14213705\/dica_da_coruja-1.png\" alt=\"dica da coruja\" class=\"wp-image-1476235\" style=\"width:136px;height:auto\" srcset=\"https:\/\/dhg1h5j42swfq.cloudfront.net\/2024\/10\/14213705\/dica_da_coruja-1.png 233w, https:\/\/dhg1h5j42swfq.cloudfront.net\/2024\/10\/14213705\/dica_da_coruja-1-214x300.png 214w, https:\/\/dhg1h5j42swfq.cloudfront.net\/2024\/10\/14213705\/dica_da_coruja-1-150x210.png 150w\" sizes=\"auto, (max-width: 233px) 100vw, 233px\" \/><\/figure>\n\n\n\n<p>De acordo com a lei, <strong>a interna\u00e7\u00e3o hospitalar s\u00f3 ocorrer\u00e1 mediante laudo m\u00e9dico que caracterize os seus motivos.<\/strong><\/p>\n\n\n\n<p>Conforme o texto legal, s\u00e3o <strong>tipos de interna\u00e7\u00e3o hospitalar:<\/strong><\/p>\n\n\n\n<ol class=\"wp-block-list\">\n<li><strong>&nbsp;Interna\u00e7\u00e3o volunt\u00e1ria<\/strong>: aquela que se d\u00e1 com o consentimento do usu\u00e1rio;<\/li>\n\n\n\n<li>&nbsp;<strong>Interna\u00e7\u00e3o involunt\u00e1ria:<\/strong> aquela que se d\u00e1 sem o consentimento do usu\u00e1rio e a pedido de terceiro; e<\/li>\n\n\n\n<li>&nbsp;<strong>Interna\u00e7\u00e3o compuls\u00f3ria:<\/strong> aquela determinada pela Justi\u00e7a.<\/li>\n<\/ol>\n\n\n\n<h2 class=\"wp-block-heading\" id=\"h-para-finalizar\">Para finalizar<\/h2>\n\n\n\n<p>Por fim, lembre-se de que o Concurso P\u00fablico Nacional Unificado \u00e9 uma excelente oportunidade para que voc\u00ea conquiste o t\u00e3o sonhado cargo p\u00fablico. &nbsp;Para isso, n\u00f3s do <a href=\"https:\/\/www.estrategiaconcursos.com.br\/\" target=\"_blank\" rel=\"noreferrer noopener\">Estrat\u00e9gia Concursos<\/a> buscaremos facilitar a sua caminhada rumo a esse objetivo com resumos estrat\u00e9gicos que far\u00e3o voc\u00ea gabaritar na hora da prova.<\/p>\n\n\n\n<p>&nbsp;Se voc\u00ea ainda n\u00e3o conhece os nossos cursos, entre no site do Estrat\u00e9gia e encontre o curso que atender\u00e1 \u00e0s suas necessidades.<\/p>\n\n\n\n<p>Finalmente, n\u00e3o deixe de acompanhar e ficar por dentro do que acontece no mundo dos concursos.<\/p>\n\n\n\n<p>Bons estudos e at\u00e9 mais!<\/p>\n\n\n\n<p class=\"has-text-align-center has-very-light-gray-to-cyan-bluish-gray-gradient-background has-background has-medium-font-size\"><strong>SAIBA TUDO SOBRE O <\/strong><a href=\"https:\/\/www.estrategiaconcursos.com.br\/blog\/concurso-nacional-unificado\/\" target=\"_blank\" rel=\"noreferrer noopener\"><strong>CNU<\/strong><\/a><\/p>\n\n\n\n<p class=\"has-text-align-center has-pale-cyan-blue-background-color has-background\"><strong><a href=\"https:\/\/www.estrategiaconcursos.com.br\/blog\/concursos-abertos\/\" target=\"_blank\" rel=\"noreferrer noopener\">Concursos abertos<\/a>\u00a0<\/strong><\/p>\n\n\n\n<p class=\"has-text-align-center has-pale-cyan-blue-background-color has-background\"><strong><a href=\"https:\/\/www.estrategiaconcursos.com.br\/blog\/concursos-2025\/\" target=\"_blank\" rel=\"noreferrer noopener\">Concursos 2025<\/a>\u00a0<\/strong><\/p>\n\n\n\n<p class=\"has-text-align-center has-pale-cyan-blue-background-color has-background\"><strong><a href=\"https:\/\/www.estrategiaconcursos.com.br\/blog\/concursos-2026\/\" target=\"_blank\" rel=\"noreferrer noopener\">Concursos 2026<\/a>\u00a0<\/strong><\/p>\n\n\n\n<div class=\"container\" id=\"boxes\">\n  <div class=\"row\">\n\n    <div class=\"col-sm\">\n      <div class=\"estrategia\" id=\"box-assinatura\">\n        <h3 class=\"titulo-assinatura\">Assinatura Concursos<\/h3>\n        <p class=\"subtitulo-assinatura\">Assinatura de 1 ano ou 2 anos<\/p>\n        <div class=\"box-botao\">\n          <a class=\"btn-assinatura\" target=\"_blank\" href=\"https:\/\/www.estrategiaconcursos.com.br\/assinaturas\/\" role=\"button\" rel=\"noopener noreferrer\">ASSINE AGORA<\/a>\n        <\/div>\n      <\/div><\/div><\/div><\/div>\n","protected":false},"excerpt":{"rendered":"<p>Neste artigo voc\u00ea encontrar\u00e1 um resumo da Pol\u00edtica Nacional de Sa\u00fade Mental para o Concurso Nacional Unificado. Ol\u00e1, concurseiro, tudo bem com voc\u00ea? Estudando muito para o Concurso Nacional Unificado, o qual ser\u00e1 organizado pela FGV? Certamente, sim! Afinal, essa \u00e9 uma grande oportunidade de ser tornar servidor p\u00fablico do Poder Executivo Federal Para auxiliar [&hellip;]<\/p>\n","protected":false},"author":2982,"featured_media":1599630,"comment_status":"open","ping_status":"closed","sticky":false,"template":"","format":"standard","meta":{"post_tipo":"article","footnotes":""},"categories":[1],"tags":[],"tax_estado":[219963],"class_list":["post-1601074","post","type-post","status-publish","format-standard","has-post-thumbnail","hentry","category-cursos-e-concursos","tax_estado-concursos-federais"],"acf":[],"yoast_head":"<!-- This site is optimized with the Yoast SEO Premium plugin v27.2 (Yoast SEO v27.2) - https:\/\/yoast.com\/product\/yoast-seo-premium-wordpress\/ -->\n<title>Sa\u00fade Mental: resumo para o Concurso Nacional Unificado<\/title>\n<meta name=\"description\" content=\"Neste artigo voc\u00ea encontrar\u00e1 um resumo da Pol\u00edtica Nacional de Sa\u00fade Mental para o Concurso Nacional Unificado.\" \/>\n<meta name=\"robots\" content=\"index, follow, max-snippet:-1, max-image-preview:large, max-video-preview:-1\" \/>\n<link rel=\"canonical\" href=\"https:\/\/www.estrategiaconcursos.com.br\/blog\/saude-mental-cnu\/\" \/>\n<meta property=\"og:locale\" content=\"pt_BR\" \/>\n<meta property=\"og:type\" content=\"article\" \/>\n<meta property=\"og:title\" content=\"Sa\u00fade Mental: resumo para o Concurso Nacional Unificado\" \/>\n<meta property=\"og:description\" content=\"Neste artigo voc\u00ea encontrar\u00e1 um resumo da Pol\u00edtica Nacional de Sa\u00fade Mental para o Concurso Nacional Unificado.\" \/>\n<meta property=\"og:url\" content=\"https:\/\/www.estrategiaconcursos.com.br\/blog\/saude-mental-cnu\/\" \/>\n<meta property=\"og:site_name\" content=\"Estrat\u00e9gia Concursos\" \/>\n<meta property=\"article:published_time\" content=\"2025-07-20T17:30:00+00:00\" \/>\n<meta property=\"article:modified_time\" content=\"2025-07-21T13:40:37+00:00\" \/>\n<meta property=\"og:image\" content=\"https:\/\/dhg1h5j42swfq.cloudfront.net\/2025\/07\/01103457\/cnu-saude.jpg\" \/>\n\t<meta property=\"og:image:width\" content=\"768\" \/>\n\t<meta property=\"og:image:height\" content=\"432\" \/>\n\t<meta property=\"og:image:type\" content=\"image\/jpeg\" \/>\n<meta name=\"author\" content=\"Caroline Martins da Costa Leite\" \/>\n<meta name=\"twitter:card\" content=\"summary_large_image\" \/>\n<meta name=\"twitter:creator\" content=\"@EstratConcursos\" \/>\n<meta name=\"twitter:site\" content=\"@EstratConcursos\" \/>\n<meta name=\"twitter:label1\" content=\"Escrito por\" \/>\n\t<meta name=\"twitter:data1\" content=\"Caroline Martins da Costa Leite\" \/>\n\t<meta name=\"twitter:label2\" content=\"Est. tempo de leitura\" \/>\n\t<meta name=\"twitter:data2\" content=\"7 minutos\" \/>\n<script type=\"application\/ld+json\" class=\"yoast-schema-graph\">{\"@context\":\"https:\/\/schema.org\",\"@graph\":[{\"@type\":\"NewsArticle\",\"@id\":\"https:\/\/www.estrategiaconcursos.com.br\/blog\/saude-mental-cnu\/#article\",\"isPartOf\":{\"@id\":\"https:\/\/www.estrategiaconcursos.com.br\/blog\/saude-mental-cnu\/\"},\"author\":{\"name\":\"Caroline Martins da Costa Leite\",\"@id\":\"https:\/\/www.estrategiaconcursos.com.br\/blog\/#\/schema\/person\/1c7ac186f04b04e87eeba66c2467cf6a\"},\"headline\":\"Sa\u00fade Mental: resumo para o Concurso Nacional Unificado\",\"datePublished\":\"2025-07-20T17:30:00+00:00\",\"dateModified\":\"2025-07-21T13:40:37+00:00\",\"mainEntityOfPage\":{\"@id\":\"https:\/\/www.estrategiaconcursos.com.br\/blog\/saude-mental-cnu\/\"},\"wordCount\":1470,\"commentCount\":0,\"publisher\":{\"@id\":\"https:\/\/www.estrategiaconcursos.com.br\/blog\/#organization\"},\"image\":{\"@id\":\"https:\/\/www.estrategiaconcursos.com.br\/blog\/saude-mental-cnu\/#primaryimage\"},\"thumbnailUrl\":\"https:\/\/dhg1h5j42swfq.cloudfront.net\/2025\/07\/01103457\/cnu-saude.jpg\",\"articleSection\":[\"Concursos P\u00fablicos\"],\"inLanguage\":\"pt-BR\",\"potentialAction\":[{\"@type\":\"CommentAction\",\"name\":\"Comment\",\"target\":[\"https:\/\/www.estrategiaconcursos.com.br\/blog\/saude-mental-cnu\/#respond\"]}],\"copyrightYear\":\"2025\",\"copyrightHolder\":{\"@id\":\"https:\/\/www.estrategiaconcursos.com.br\/blog\/#organization\"},\"accessibilityFeature\":[\"tableOfContents\"]},{\"@type\":\"WebPage\",\"@id\":\"https:\/\/www.estrategiaconcursos.com.br\/blog\/saude-mental-cnu\/\",\"url\":\"https:\/\/www.estrategiaconcursos.com.br\/blog\/saude-mental-cnu\/\",\"name\":\"Sa\u00fade Mental: resumo para o Concurso Nacional Unificado\",\"isPartOf\":{\"@id\":\"https:\/\/www.estrategiaconcursos.com.br\/blog\/#website\"},\"primaryImageOfPage\":{\"@id\":\"https:\/\/www.estrategiaconcursos.com.br\/blog\/saude-mental-cnu\/#primaryimage\"},\"image\":{\"@id\":\"https:\/\/www.estrategiaconcursos.com.br\/blog\/saude-mental-cnu\/#primaryimage\"},\"thumbnailUrl\":\"https:\/\/dhg1h5j42swfq.cloudfront.net\/2025\/07\/01103457\/cnu-saude.jpg\",\"datePublished\":\"2025-07-20T17:30:00+00:00\",\"dateModified\":\"2025-07-21T13:40:37+00:00\",\"description\":\"Neste artigo voc\u00ea encontrar\u00e1 um resumo da Pol\u00edtica Nacional de Sa\u00fade Mental para o Concurso Nacional Unificado.\",\"breadcrumb\":{\"@id\":\"https:\/\/www.estrategiaconcursos.com.br\/blog\/saude-mental-cnu\/#breadcrumb\"},\"inLanguage\":\"pt-BR\",\"potentialAction\":[{\"@type\":\"ReadAction\",\"target\":[\"https:\/\/www.estrategiaconcursos.com.br\/blog\/saude-mental-cnu\/\"]}]},{\"@type\":\"ImageObject\",\"inLanguage\":\"pt-BR\",\"@id\":\"https:\/\/www.estrategiaconcursos.com.br\/blog\/saude-mental-cnu\/#primaryimage\",\"url\":\"https:\/\/dhg1h5j42swfq.cloudfront.net\/2025\/07\/01103457\/cnu-saude.jpg\",\"contentUrl\":\"https:\/\/dhg1h5j42swfq.cloudfront.net\/2025\/07\/01103457\/cnu-saude.jpg\",\"width\":768,\"height\":432,\"caption\":\"Concurso CNU Sa\u00fade\"},{\"@type\":\"BreadcrumbList\",\"@id\":\"https:\/\/www.estrategiaconcursos.com.br\/blog\/saude-mental-cnu\/#breadcrumb\",\"itemListElement\":[{\"@type\":\"ListItem\",\"position\":1,\"name\":\"In\u00edcio\",\"item\":\"https:\/\/www.estrategiaconcursos.com.br\/blog\/\"},{\"@type\":\"ListItem\",\"position\":2,\"name\":\"Sa\u00fade Mental: resumo para o Concurso Nacional Unificado\"}]},{\"@type\":\"WebSite\",\"@id\":\"https:\/\/www.estrategiaconcursos.com.br\/blog\/#website\",\"url\":\"https:\/\/www.estrategiaconcursos.com.br\/blog\/\",\"name\":\"Estrat\u00e9gia Concursos\",\"description\":\"O blog da Estrat\u00e9gia Concursos traz not\u00edcias sobre concursos e artigos de professores oferecendo cursos para concursos (pdf + videaulas) no site.\",\"publisher\":{\"@id\":\"https:\/\/www.estrategiaconcursos.com.br\/blog\/#organization\"},\"potentialAction\":[{\"@type\":\"SearchAction\",\"target\":{\"@type\":\"EntryPoint\",\"urlTemplate\":\"https:\/\/www.estrategiaconcursos.com.br\/blog\/?s={search_term_string}\"},\"query-input\":{\"@type\":\"PropertyValueSpecification\",\"valueRequired\":true,\"valueName\":\"search_term_string\"}}],\"inLanguage\":\"pt-BR\"},{\"@type\":\"Organization\",\"@id\":\"https:\/\/www.estrategiaconcursos.com.br\/blog\/#organization\",\"name\":\"Estrat\u00e9gia Concursos\",\"url\":\"https:\/\/www.estrategiaconcursos.com.br\/blog\/\",\"logo\":{\"@type\":\"ImageObject\",\"inLanguage\":\"pt-BR\",\"@id\":\"https:\/\/www.estrategiaconcursos.com.br\/blog\/#\/schema\/logo\/image\/\",\"url\":\"https:\/\/dhg1h5j42swfq.cloudfront.net\/2025\/06\/03203428\/logo_concursos-1.jpg\",\"contentUrl\":\"https:\/\/dhg1h5j42swfq.cloudfront.net\/2025\/06\/03203428\/logo_concursos-1.jpg\",\"width\":230,\"height\":60,\"caption\":\"Estrat\u00e9gia Concursos\"},\"image\":{\"@id\":\"https:\/\/www.estrategiaconcursos.com.br\/blog\/#\/schema\/logo\/image\/\"},\"sameAs\":[\"https:\/\/x.com\/EstratConcursos\"]},{\"@type\":\"Person\",\"@id\":\"https:\/\/www.estrategiaconcursos.com.br\/blog\/#\/schema\/person\/1c7ac186f04b04e87eeba66c2467cf6a\",\"name\":\"Caroline Martins da Costa Leite\",\"image\":{\"@type\":\"ImageObject\",\"inLanguage\":\"pt-BR\",\"@id\":\"https:\/\/secure.gravatar.com\/avatar\/061997e69e4fd91b5e3d45dff736c5f05b3c02a4283b46708faf52b75701224e?s=96&d=mm&r=g\",\"url\":\"https:\/\/secure.gravatar.com\/avatar\/061997e69e4fd91b5e3d45dff736c5f05b3c02a4283b46708faf52b75701224e?s=96&d=mm&r=g\",\"contentUrl\":\"https:\/\/secure.gravatar.com\/avatar\/061997e69e4fd91b5e3d45dff736c5f05b3c02a4283b46708faf52b75701224e?s=96&d=mm&r=g\",\"caption\":\"Caroline Martins da Costa Leite\"},\"url\":\"https:\/\/www.estrategiaconcursos.com.br\/blog\/author\/carol_leite1706hotmail-com\/\"}]}<\/script>\n<!-- \/ Yoast SEO Premium plugin. -->","yoast_head_json":{"title":"Sa\u00fade Mental: resumo para o Concurso Nacional Unificado","description":"Neste artigo voc\u00ea encontrar\u00e1 um resumo da Pol\u00edtica Nacional de Sa\u00fade Mental para o Concurso Nacional Unificado.","robots":{"index":"index","follow":"follow","max-snippet":"max-snippet:-1","max-image-preview":"max-image-preview:large","max-video-preview":"max-video-preview:-1"},"canonical":"https:\/\/www.estrategiaconcursos.com.br\/blog\/saude-mental-cnu\/","og_locale":"pt_BR","og_type":"article","og_title":"Sa\u00fade Mental: resumo para o Concurso Nacional Unificado","og_description":"Neste artigo voc\u00ea encontrar\u00e1 um resumo da Pol\u00edtica Nacional de Sa\u00fade Mental para o Concurso Nacional Unificado.","og_url":"https:\/\/www.estrategiaconcursos.com.br\/blog\/saude-mental-cnu\/","og_site_name":"Estrat\u00e9gia Concursos","article_published_time":"2025-07-20T17:30:00+00:00","article_modified_time":"2025-07-21T13:40:37+00:00","og_image":[{"width":768,"height":432,"url":"https:\/\/dhg1h5j42swfq.cloudfront.net\/2025\/07\/01103457\/cnu-saude.jpg","type":"image\/jpeg"}],"author":"Caroline Martins da Costa Leite","twitter_card":"summary_large_image","twitter_creator":"@EstratConcursos","twitter_site":"@EstratConcursos","twitter_misc":{"Escrito por":"Caroline Martins da Costa Leite","Est. tempo de leitura":"7 minutos"},"schema":{"@context":"https:\/\/schema.org","@graph":[{"@type":"NewsArticle","@id":"https:\/\/www.estrategiaconcursos.com.br\/blog\/saude-mental-cnu\/#article","isPartOf":{"@id":"https:\/\/www.estrategiaconcursos.com.br\/blog\/saude-mental-cnu\/"},"author":{"name":"Caroline Martins da Costa Leite","@id":"https:\/\/www.estrategiaconcursos.com.br\/blog\/#\/schema\/person\/1c7ac186f04b04e87eeba66c2467cf6a"},"headline":"Sa\u00fade Mental: resumo para o Concurso Nacional Unificado","datePublished":"2025-07-20T17:30:00+00:00","dateModified":"2025-07-21T13:40:37+00:00","mainEntityOfPage":{"@id":"https:\/\/www.estrategiaconcursos.com.br\/blog\/saude-mental-cnu\/"},"wordCount":1470,"commentCount":0,"publisher":{"@id":"https:\/\/www.estrategiaconcursos.com.br\/blog\/#organization"},"image":{"@id":"https:\/\/www.estrategiaconcursos.com.br\/blog\/saude-mental-cnu\/#primaryimage"},"thumbnailUrl":"https:\/\/dhg1h5j42swfq.cloudfront.net\/2025\/07\/01103457\/cnu-saude.jpg","articleSection":["Concursos P\u00fablicos"],"inLanguage":"pt-BR","potentialAction":[{"@type":"CommentAction","name":"Comment","target":["https:\/\/www.estrategiaconcursos.com.br\/blog\/saude-mental-cnu\/#respond"]}],"copyrightYear":"2025","copyrightHolder":{"@id":"https:\/\/www.estrategiaconcursos.com.br\/blog\/#organization"},"accessibilityFeature":["tableOfContents"]},{"@type":"WebPage","@id":"https:\/\/www.estrategiaconcursos.com.br\/blog\/saude-mental-cnu\/","url":"https:\/\/www.estrategiaconcursos.com.br\/blog\/saude-mental-cnu\/","name":"Sa\u00fade Mental: resumo para o Concurso Nacional Unificado","isPartOf":{"@id":"https:\/\/www.estrategiaconcursos.com.br\/blog\/#website"},"primaryImageOfPage":{"@id":"https:\/\/www.estrategiaconcursos.com.br\/blog\/saude-mental-cnu\/#primaryimage"},"image":{"@id":"https:\/\/www.estrategiaconcursos.com.br\/blog\/saude-mental-cnu\/#primaryimage"},"thumbnailUrl":"https:\/\/dhg1h5j42swfq.cloudfront.net\/2025\/07\/01103457\/cnu-saude.jpg","datePublished":"2025-07-20T17:30:00+00:00","dateModified":"2025-07-21T13:40:37+00:00","description":"Neste artigo voc\u00ea encontrar\u00e1 um resumo da Pol\u00edtica Nacional de Sa\u00fade Mental para o Concurso Nacional Unificado.","breadcrumb":{"@id":"https:\/\/www.estrategiaconcursos.com.br\/blog\/saude-mental-cnu\/#breadcrumb"},"inLanguage":"pt-BR","potentialAction":[{"@type":"ReadAction","target":["https:\/\/www.estrategiaconcursos.com.br\/blog\/saude-mental-cnu\/"]}]},{"@type":"ImageObject","inLanguage":"pt-BR","@id":"https:\/\/www.estrategiaconcursos.com.br\/blog\/saude-mental-cnu\/#primaryimage","url":"https:\/\/dhg1h5j42swfq.cloudfront.net\/2025\/07\/01103457\/cnu-saude.jpg","contentUrl":"https:\/\/dhg1h5j42swfq.cloudfront.net\/2025\/07\/01103457\/cnu-saude.jpg","width":768,"height":432,"caption":"Concurso CNU Sa\u00fade"},{"@type":"BreadcrumbList","@id":"https:\/\/www.estrategiaconcursos.com.br\/blog\/saude-mental-cnu\/#breadcrumb","itemListElement":[{"@type":"ListItem","position":1,"name":"In\u00edcio","item":"https:\/\/www.estrategiaconcursos.com.br\/blog\/"},{"@type":"ListItem","position":2,"name":"Sa\u00fade Mental: resumo para o Concurso Nacional Unificado"}]},{"@type":"WebSite","@id":"https:\/\/www.estrategiaconcursos.com.br\/blog\/#website","url":"https:\/\/www.estrategiaconcursos.com.br\/blog\/","name":"Estrat\u00e9gia Concursos","description":"O blog da Estrat\u00e9gia Concursos traz not\u00edcias sobre concursos e artigos de professores oferecendo cursos para concursos (pdf + videaulas) no site.","publisher":{"@id":"https:\/\/www.estrategiaconcursos.com.br\/blog\/#organization"},"potentialAction":[{"@type":"SearchAction","target":{"@type":"EntryPoint","urlTemplate":"https:\/\/www.estrategiaconcursos.com.br\/blog\/?s={search_term_string}"},"query-input":{"@type":"PropertyValueSpecification","valueRequired":true,"valueName":"search_term_string"}}],"inLanguage":"pt-BR"},{"@type":"Organization","@id":"https:\/\/www.estrategiaconcursos.com.br\/blog\/#organization","name":"Estrat\u00e9gia Concursos","url":"https:\/\/www.estrategiaconcursos.com.br\/blog\/","logo":{"@type":"ImageObject","inLanguage":"pt-BR","@id":"https:\/\/www.estrategiaconcursos.com.br\/blog\/#\/schema\/logo\/image\/","url":"https:\/\/dhg1h5j42swfq.cloudfront.net\/2025\/06\/03203428\/logo_concursos-1.jpg","contentUrl":"https:\/\/dhg1h5j42swfq.cloudfront.net\/2025\/06\/03203428\/logo_concursos-1.jpg","width":230,"height":60,"caption":"Estrat\u00e9gia Concursos"},"image":{"@id":"https:\/\/www.estrategiaconcursos.com.br\/blog\/#\/schema\/logo\/image\/"},"sameAs":["https:\/\/x.com\/EstratConcursos"]},{"@type":"Person","@id":"https:\/\/www.estrategiaconcursos.com.br\/blog\/#\/schema\/person\/1c7ac186f04b04e87eeba66c2467cf6a","name":"Caroline Martins da Costa Leite","image":{"@type":"ImageObject","inLanguage":"pt-BR","@id":"https:\/\/secure.gravatar.com\/avatar\/061997e69e4fd91b5e3d45dff736c5f05b3c02a4283b46708faf52b75701224e?s=96&d=mm&r=g","url":"https:\/\/secure.gravatar.com\/avatar\/061997e69e4fd91b5e3d45dff736c5f05b3c02a4283b46708faf52b75701224e?s=96&d=mm&r=g","contentUrl":"https:\/\/secure.gravatar.com\/avatar\/061997e69e4fd91b5e3d45dff736c5f05b3c02a4283b46708faf52b75701224e?s=96&d=mm&r=g","caption":"Caroline Martins da Costa Leite"},"url":"https:\/\/www.estrategiaconcursos.com.br\/blog\/author\/carol_leite1706hotmail-com\/"}]}},"_links":{"self":[{"href":"https:\/\/www.estrategiaconcursos.com.br\/blog\/wp-json\/wp\/v2\/posts\/1601074","targetHints":{"allow":["GET"]}}],"collection":[{"href":"https:\/\/www.estrategiaconcursos.com.br\/blog\/wp-json\/wp\/v2\/posts"}],"about":[{"href":"https:\/\/www.estrategiaconcursos.com.br\/blog\/wp-json\/wp\/v2\/types\/post"}],"author":[{"embeddable":true,"href":"https:\/\/www.estrategiaconcursos.com.br\/blog\/wp-json\/wp\/v2\/users\/2982"}],"replies":[{"embeddable":true,"href":"https:\/\/www.estrategiaconcursos.com.br\/blog\/wp-json\/wp\/v2\/comments?post=1601074"}],"version-history":[{"count":9,"href":"https:\/\/www.estrategiaconcursos.com.br\/blog\/wp-json\/wp\/v2\/posts\/1601074\/revisions"}],"predecessor-version":[{"id":1610255,"href":"https:\/\/www.estrategiaconcursos.com.br\/blog\/wp-json\/wp\/v2\/posts\/1601074\/revisions\/1610255"}],"wp:featuredmedia":[{"embeddable":true,"href":"https:\/\/www.estrategiaconcursos.com.br\/blog\/wp-json\/wp\/v2\/media\/1599630"}],"wp:attachment":[{"href":"https:\/\/www.estrategiaconcursos.com.br\/blog\/wp-json\/wp\/v2\/media?parent=1601074"}],"wp:term":[{"taxonomy":"category","embeddable":true,"href":"https:\/\/www.estrategiaconcursos.com.br\/blog\/wp-json\/wp\/v2\/categories?post=1601074"},{"taxonomy":"post_tag","embeddable":true,"href":"https:\/\/www.estrategiaconcursos.com.br\/blog\/wp-json\/wp\/v2\/tags?post=1601074"},{"taxonomy":"tax_estado","embeddable":true,"href":"https:\/\/www.estrategiaconcursos.com.br\/blog\/wp-json\/wp\/v2\/tax_estado?post=1601074"}],"curies":[{"name":"wp","href":"https:\/\/api.w.org\/{rel}","templated":true}]}}