{"id":160086,"date":"2019-04-25T01:00:30","date_gmt":"2019-04-25T04:00:30","guid":{"rendered":"https:\/\/www.estrategiaconcursos.com.br\/blog\/?p=160086"},"modified":"2022-06-07T16:51:08","modified_gmt":"2022-06-07T19:51:08","slug":"edital-dpe-mg-defensor","status":"publish","type":"post","link":"https:\/\/www.estrategiaconcursos.com.br\/blog\/edital-dpe-mg-defensor\/","title":{"rendered":"Concurso DPE MG Defensor: \u00faltimo dia de inscri\u00e7\u00f5es com inicial de R$ 22 mil"},"content":{"rendered":"\n<p>O concurso da Defensoria P\u00fablica do Estado de Minas Gerais est\u00e1 com o seu per\u00edodo de inscri\u00e7\u00f5es pr\u00f3ximo de se encerrar. Os interessados tem s\u00f3 at\u00e9 hoje para entrar no site do portal da <strong>FUNDEP<\/strong>, organizadora do certame e garantir a participa\u00e7\u00e3o.<\/p>\n\n\n\n<p>\n\nO valor da taxa de inscri\u00e7\u00e3o foi fixado em R$ 260,00 e pode ser pago at\u00e9 o dia 26 de abril de 2019.\n\n<\/p>\n\n\n\n<p>S\u00e3o previstas  <strong>30 vagas&nbsp;<\/strong>para a classe inicial da carreira de Defensor. Al\u00e9m disso, o edital informa que h\u00e1 atualmente <strong>310&nbsp;cargos&nbsp;vagos<\/strong> em toda a carreira<\/p>\n\n\n\n<p>O concurso, que conta com cinco etapas, ter\u00e1 sua prova objetiva aplicada no dia  26 de maio de 2019.<\/p>\n\n\n\n<p>O edital <strong>dever\u00e1&nbsp;passar&nbsp;por&nbsp;retifica\u00e7\u00e3o<\/strong>, j\u00e1 que menciona duas datas prov\u00e1veis para a 1\u00aa fase.<\/p>\n\n\n\n<p>A remunera\u00e7\u00e3o da classe inicial da carreira \u00e9 de R$ 22.158,82.<\/p>\n\n\n\n<h2 class=\"wp-block-heading\" id=\"h-principais-informacoes\">Principais informa\u00e7\u00f5es<\/h2>\n\n\n\n<p><strong>Inscri\u00e7\u00f5es<\/strong>: 25\/03 a 25\/04\/2019<br \/><br \/><strong>Taxa<\/strong>: R$ 260,00<\/p>\n\n\n\n<p><strong>Pagamento<\/strong>: at\u00e9 26\/04\/2019<\/p>\n\n\n\n<p><strong>Prova&nbsp;objetiva<\/strong>: 26\/05\/2019<\/p>\n\n\n\n<p><strong>Provas&nbsp;discursivas<\/strong>: 31\/08 a 01\/09\/2019<\/p>\n\n\n\n<p><strong>Inscri\u00e7\u00e3o&nbsp;definitiva<\/strong>: 04 a 25\/11\/2019<\/p>\n\n\n\n<p><strong>Prova&nbsp;oral<\/strong>: 22\/01 a 02\/02\/2020<\/p>\n\n\n\n<p><strong>Avalia\u00e7\u00e3o&nbsp;de&nbsp;t\u00edtulos<\/strong>: 22\/02\/2020<\/p>\n\n\n\n<h2 class=\"wp-block-heading\" id=\"h-vagas\">Vagas<\/h2>\n\n\n\n<figure class=\"wp-block-table aligncenter is-style-stripes\"><table><tbody><tr><td>Total<\/td><td>AC<\/td><td>PcD<\/td><td>Negros<\/td><\/tr><tr><td>30<\/td><td>21<\/td><td>3<\/td><td>6<\/td><\/tr><\/tbody><\/table><\/figure>\n\n\n\n<h2 class=\"wp-block-heading\" id=\"h-etapas-do-concurso-dpe-mg-defensor\">Etapas do concurso DPE MG Defensor<\/h2>\n\n\n\n<p>O concurso de ingresso na carreira de Defensor P\u00fablico de Minas Gerais contar\u00e1 com <strong>cinco&nbsp;etapas<\/strong>, todas elas aplicadas exclusivamente na capital do Estado, Belo Horizonte:<\/p>\n\n\n\n<p><strong>1)&nbsp;<\/strong>Prova&nbsp;objetiva (eliminat\u00f3ria e classificat\u00f3ria);<\/p>\n\n\n\n<p><strong>2)<\/strong> Provas discursivas especializadas (4), eliminat\u00f3rias e classificat\u00f3rias;<\/p>\n\n\n\n<p><strong>3)&nbsp;<\/strong>Inscri\u00e7\u00e3o definitiva&nbsp;(eliminat\u00f3ria), contando tamb\u00e9m com:<br \/><em>a) sindic\u00e2ncia da vida pregressa e investiga\u00e7\u00e3o social;<\/em><br \/><em>b) exame de higidez f\u00edsica e mental;<\/em><\/p>\n\n\n\n<p><strong>4)<\/strong><em> <\/em>Prova oral (eliminat\u00f3ria e classificat\u00f3ria);<\/p>\n\n\n\n<p><strong>5)<\/strong> Avalia\u00e7\u00e3o de t\u00edtulos (classificat\u00f3ria).<\/p>\n\n\n\n<h2 class=\"wp-block-heading\" id=\"h-requisitos-do-cargo\">Requisitos do cargo<\/h2>\n\n\n\n<p>Para ingressar na carreira, \u00e9 necess\u00e1rio ser bacharel em Direito e contar, na data da inscri\u00e7\u00e3o definitiva, com <strong>tr\u00eas&nbsp;anos&nbsp;de&nbsp;atividade&nbsp;jur\u00eddica<\/strong>.<\/p>\n\n\n\n<p style=\"font-size:clamp(16.293px, 1.018rem + ((1vw - 3.2px) * 0.854), 25px);px\"><em>O que \u00e9 aceito como atividade jur\u00eddica?<\/em><\/p>\n\n\n\n<p>O edital do concurso da DPE MG define a lista de atividades aceitas para a comprova\u00e7\u00e3o do tempo m\u00ednimo de exerc\u00edcio de atividade jur\u00eddica:<\/p>\n\n\n\n<p><strong>a)<\/strong>&nbsp;atividade exercida com exclusividade por bacharel em Direito;<\/p>\n\n\n\n<p><strong>b)&nbsp;<\/strong>efetivo exerc\u00edcio da advocacia, inclusive volunt\u00e1ria, mediante a participa\u00e7\u00e3o anual m\u00ednima em 5 atos privativos de advogados (art. 1\u00ba da Lei n\u00ba 8.906, de 4 de julho de 1994) em causas ou quest\u00f5es distintas;<\/p>\n\n\n\n<p><strong>c)<\/strong>&nbsp; exerc\u00edcio de cargos, empregos ou fun\u00e7\u00f5es, inclusive magist\u00e9rio superior, que exija a utiliza\u00e7\u00e3o preponderante de conhecimento jur\u00eddico;<\/p>\n\n\n\n<p><strong>d)<\/strong>&nbsp;exerc\u00edcio de fun\u00e7\u00e3o de <u>conciliador<\/u> em tribunais judiciais, juizados especiais, varas especiais, anexos de juizados especiais ou varas judiciais, assim como o exerc\u00edcio de <u>media\u00e7\u00e3o<\/u> ou de <u>arbitragem<\/u> na composi\u00e7\u00e3o de lit\u00edgios, pelo <strong>per\u00edodo m\u00ednimo de 16 horas mensais e durante 1 ano<\/strong>.<\/p>\n\n\n\n<h2 class=\"wp-block-heading\" id=\"h-prova-objetiva\"><strong>Prova Objetiva<\/strong><\/h2>\n\n\n\n<p>A primeira etapa do certame ser\u00e1 composta por uma <u>prova objetiva<\/u> com 100 quest\u00f5es com quatro alternativas e com dura\u00e7\u00e3o m\u00e1xima de <strong>5<\/strong> <strong>horas<\/strong>.<\/p>\n\n\n\n<figure class=\"wp-block-table is-style-stripes\"><table><tbody><tr><td><strong>DISCIPLINA<\/strong><\/td><td><strong>QUEST\u00d5ES<\/strong><\/td><\/tr><tr><td> <br \/>Direito Constitucional, Financeiro e Tribut\u00e1rio <\/td><td>10<\/td><\/tr><tr><td> <br \/>Direito Administrativo <\/td><td>10<\/td><\/tr><tr><td> <br \/>Direito Penal <\/td><td>10<\/td><\/tr><tr><td> Direito Processual Penal <\/td><td>10<\/td><\/tr><tr><td> Direito Civil e Empresarial <\/td><td>10<\/td><\/tr><tr><td>Direito Processual Civil<\/td><td>10<\/td><\/tr><tr><td> Legisla\u00e7\u00e3o Especial <\/td><td>10<\/td><\/tr><tr><td> Direitos Humanos <\/td><td>10<\/td><\/tr><tr><td> Princ\u00edpios Institucionais da Defensoria P\u00fablica e Legisla\u00e7\u00e3o Espec\u00edfica<\/td><td>10<\/td><\/tr><tr><td> <br \/>Direito de Execu\u00e7\u00e3o Penal <\/td><td>10<\/td><\/tr><\/tbody><\/table><\/figure>\n\n\n\n<p>A prova ter\u00e1 valor total de&nbsp;<strong>10 pontos<\/strong>&nbsp;e para se habilitar para a pr\u00f3xima fase, os candidatos dever\u00e3o alcan\u00e7ar a nota m\u00ednima de&nbsp;<strong>6 pontos<\/strong> e acertar, pelo menos,&nbsp;<strong>4 quest\u00f5es por disciplina<\/strong>.<\/p>\n\n\n\n<p>Ser\u00e3o convocados para as provas discursivas os candidatos classificados at\u00e9 a 300\u00aa posi\u00e7\u00e3o (10 vezes o n\u00famero de vagas) da lista de ampla concorr\u00eancia, respeitados os empates.<\/p>\n\n\n\n<p>Os candidatos que concorrerem \u00e0s listas de pessoas com defici\u00eancia e candidatos negros dever\u00e3o atingir a pontua\u00e7\u00e3o m\u00ednima para passar \u00e0 pr\u00f3xima fase.<\/p>\n\n\n\n<h2 class=\"wp-block-heading\" id=\"h-provas-discursivas\"><strong>Provas discursivas<\/strong><\/h2>\n\n\n\n<p>O edital prev\u00ea aplica\u00e7\u00e3o de&nbsp;<strong>quatro provas discursivas<\/strong>, com dura\u00e7\u00e3o m\u00e1xima de <strong>4&nbsp;horas<\/strong> e organizadas de acordo com os seguintes grupos de disciplinas:<\/p>\n\n\n\n<p>Grupo I: Penal, Processual Penal e Execu\u00e7\u00e3o Penal;<\/p>\n\n\n\n<p>Grupo II: Civil, Empresarial e Processual Civil;<\/p>\n\n\n\n<p>Grupo III: Constitucional, Tribut\u00e1rio e Administrativo;<\/p>\n\n\n\n<p>Grupo IV: Legisla\u00e7\u00e3o Especial, Direitos Humanos e Princ\u00edpios<br \/>Institucionais<\/p>\n\n\n\n<p>As provas discursivas especializadas ser\u00e3o compostas por:<\/p>\n\n\n\n<p>a)&nbsp;<strong>1<\/strong> <strong>pe\u00e7a processual&nbsp;<\/strong>(4 pontos) <\/p>\n\n\n\n<p>b)<strong> quatro quest\u00f5es discursivas<\/strong>(1,5 ponto cada).<\/p>\n\n\n\n<p>Para ser aprovado e passar \u00e0 inscri\u00e7\u00e3o definitiva, \u00e9 necess\u00e1rio ao candidato alcan\u00e7ar a m\u00e9dia m\u00ednima de 6 pontos no total da prova e pelo menos 4 pontos em cada grupo de disciplina.<\/p>\n\n\n\n<p>Al\u00e9m disso, ser\u00e1  necess\u00e1rio que os candidatos se classifiquem dentro das seguintes coloca\u00e7\u00f5es (respeitados os empates):<\/p>\n\n\n\n<p> a) at\u00e9 105 candidatos na concorr\u00eancia ampla. <\/p>\n\n\n\n<p>b) at\u00e9 30  candidatos que optarem por concorrerem \u00e0s vagas destinadas a negros (pretos e pardos); <\/p>\n\n\n\n<p>c) at\u00e9 15 candidatos que optarem por concorrerem \u00e0s vagas destinadas \u00e0s pessoas com defici\u00eancia.<\/p>\n\n\n\n<h2 class=\"wp-block-heading\" id=\"h-prova-oral\"><strong>Prova oral<\/strong><\/h2>\n\n\n\n<p>Esta etapa do certame consistir\u00e1 na argui\u00e7\u00e3o dos candidatos, acerca de pontos extra\u00eddos do programa das disciplinas e sorteados previamente. <\/p>\n\n\n\n<p>O procedimento ocorrer\u00e1 em <u>sess\u00e3o p\u00fablica<\/u> e as disciplinas ser\u00e3o organizadas nos mesmos grupos das provas discursivas especializadas.<\/p>\n\n\n\n<p>Cada examinador atribuir\u00e1 uma nota de at\u00e9 10 pontos pelas respostas. Cada argui\u00e7\u00e3o ter\u00e1 dura\u00e7\u00e3o m\u00e1xima de 15 minutos.<\/p>\n\n\n\n<p>A m\u00e9dia m\u00ednima para aprova\u00e7\u00e3o \u00e9 de <strong>6&nbsp;pontos<\/strong>. Al\u00e9m disso,  \u00e9 exigido que o candidato alcance pelo menos <strong>4&nbsp;pontos<\/strong> em cada grupo de disciplinas.<\/p>\n\n\n\n<h2 class=\"wp-block-heading\" id=\"h-avaliacao-de-titulos\"><strong>Avalia\u00e7\u00e3o de T\u00edtulos<\/strong><\/h2>\n\n\n\n<p>A avalia\u00e7\u00e3o de t\u00edtulos, com car\u00e1ter apenas <u>classificat\u00f3rio<\/u>, consistir\u00e1 na atribui\u00e7\u00e3o de, no m\u00e1ximo, <strong>10&nbsp;pontos<\/strong>, para um conjunto de atividades acad\u00eamicas e profissionais. <\/p>\n\n\n\n<p>O edital prev\u00ea, dentre outras atividades, o exerc\u00edcio da advocacia (0,10 ponto por ano, no limite m\u00e1ximo de 2 anos),  doutorado em Direito ou Ci\u00eancias Sociais e Humanas (0,10 ponto), mestrado (0,05 ponto) e especializa\u00e7\u00e3o (0,02 ponto). A lista completa est\u00e1 dispon\u00edvel no fim da p\u00e1gina.<\/p>\n\n\n\n<p>A entrega da documenta\u00e7\u00e3o \u00e9 feita no per\u00edodo da <u>inscri\u00e7\u00e3o definitiva<\/u>. O c\u00f4mputo da pontua\u00e7\u00e3o s\u00f3 ocorre ap\u00f3s a divulga\u00e7\u00e3o do resultado final da prova oral.<\/p>\n\n\n\n<p class=\"has-text-align-center\" style=\"font-size:clamp(16.293px, 1.018rem + ((1vw - 3.2px) * 0.854), 25px);px\"><a href=\"https:\/\/www.estrategiaconcursos.com.br\/cursosPorConcurso\/dpe-mg-defensoria-publica-de-minas-gerais\/\" target=\"_blank\" rel=\"noreferrer noopener\">CURSO\u00a0PARA\u00a0O\u00a0CONCURSO DPE-MG<\/a><\/p>\n\n\n\n<p class=\"has-text-align-center has-pale-cyan-blue-background-color has-background has-medium-font-size\"><strong>Saiba mais: <a href=\"https:\/\/www.estrategiaconcursos.com.br\/blog\/concurso-dpe-mg\/\" target=\"_blank\" rel=\"noreferrer noopener\">Concurso DPE MG Defensor<\/a><\/strong><\/p>\n\n\n\n<figure class=\"wp-block-image\"><img decoding=\"async\" src=\"https:\/\/dhg1h5j42swfq.cloudfront.net\/2017\/03\/28152500\/coruja-ficha-tecnica-300x102.png\" alt=\"\"\/><\/figure>\n\n\n\n<p><strong>Informa\u00e7\u00f5es do concurso DPE MG&nbsp;<\/strong><br \/>\u25baData prevista: 26\/05\/2019<br \/>\u25baVagas: 30 + CR<br \/>\u25baLota\u00e7\u00f5es: Minas Gerais<br \/>\u25baBanca: FUNDEP<br \/>\u25baEscolaridade: Bacharelado em Direito<br \/>\u25ba Regulamento: <a rel=\"noreferrer noopener\" href=\"https:\/\/dhg1h5j42swfq.cloudfront.net\/2018\/03\/28104336\/Regulamento-Concurso-DPE-MG-2018.pdf\" target=\"_blank\">Regulamento Concurso DPE-MG 2019<\/a><\/p>\n\n\n\n<p>\u25baEdital:<a href=\"https:\/\/dhg1h5j42swfq.cloudfront.net\/2019\/01\/18111910\/Edital-DPE-MG.pdf\" target=\"_blank\" rel=\"noreferrer noopener\" aria-label=\" Edital DPE MG 2019 (opens in a new tab)\"> Edital DPE MG 2019<\/a><\/p>\n\n\n\n<p><em>Ricardo Brito<\/em><br \/><em>Ascom Estrat\u00e9gia<\/em><br \/>ascomestrategia@gmail.com<\/p>\n","protected":false},"excerpt":{"rendered":"<p>O concurso da Defensoria P\u00fablica do Estado de Minas Gerais est\u00e1 com o seu per\u00edodo de inscri\u00e7\u00f5es pr\u00f3ximo de se encerrar. Os interessados tem s\u00f3 at\u00e9 hoje para entrar no site do portal da FUNDEP, organizadora do certame e garantir a participa\u00e7\u00e3o. O valor da taxa de inscri\u00e7\u00e3o foi fixado em R$ 260,00 e pode [&hellip;]<\/p>\n","protected":false},"author":1,"featured_media":160261,"comment_status":"open","ping_status":"closed","sticky":false,"template":"","format":"standard","meta":{"post_tipo":"news","footnotes":""},"categories":[1,2185],"tags":[],"tax_estado":[],"class_list":["post-160086","post","type-post","status-publish","format-standard","has-post-thumbnail","hentry","category-cursos-e-concursos","category-carreiras-juridicas"],"acf":[],"yoast_head":"<!-- This site is optimized with the Yoast SEO Premium plugin v27.2 (Yoast SEO v27.2) - https:\/\/yoast.com\/product\/yoast-seo-premium-wordpress\/ -->\n<title>Concurso DPE MG Defensor: \u00faltimo dia de inscri\u00e7\u00f5es com inicial de R$ 22 mil<\/title>\n<meta name=\"description\" content=\"Concurso DPE MG Defensor 2019: \u00faltimo dia de inscri\u00e7\u00f5es com 30 vagas para a classe inicial da carreira de Defensor P\u00fablico de Minas Gerais. Saiba mais!\" \/>\n<meta name=\"robots\" content=\"index, follow, max-snippet:-1, max-image-preview:large, max-video-preview:-1\" \/>\n<link rel=\"canonical\" href=\"https:\/\/www.estrategiaconcursos.com.br\/blog\/edital-dpe-mg-defensor\/\" \/>\n<meta property=\"og:locale\" content=\"pt_BR\" \/>\n<meta property=\"og:type\" content=\"article\" \/>\n<meta property=\"og:title\" content=\"Concurso DPE MG Defensor: \u00faltimo dia de inscri\u00e7\u00f5es com inicial de R$ 22 mil\" \/>\n<meta property=\"og:description\" content=\"Concurso DPE MG Defensor 2019: \u00faltimo dia de inscri\u00e7\u00f5es com 30 vagas para a classe inicial da carreira de Defensor P\u00fablico de Minas Gerais. Saiba mais!\" \/>\n<meta property=\"og:url\" content=\"https:\/\/www.estrategiaconcursos.com.br\/blog\/edital-dpe-mg-defensor\/\" \/>\n<meta property=\"og:site_name\" content=\"Estrat\u00e9gia Concursos\" \/>\n<meta property=\"article:author\" content=\"https:\/\/www.facebook.com\/EstrategiaConcursos\" \/>\n<meta property=\"article:published_time\" content=\"2019-04-25T04:00:30+00:00\" \/>\n<meta property=\"article:modified_time\" content=\"2022-06-07T19:51:08+00:00\" \/>\n<meta property=\"og:image\" content=\"https:\/\/dhg1h5j42swfq.cloudfront.net\/2019\/01\/19065601\/edital_publicado.jpg\" \/>\n\t<meta property=\"og:image:width\" content=\"1200\" \/>\n\t<meta property=\"og:image:height\" content=\"628\" \/>\n\t<meta property=\"og:image:type\" content=\"image\/jpeg\" \/>\n<meta name=\"author\" content=\"Coordena\u00e7\u00e3o\" \/>\n<meta name=\"twitter:card\" content=\"summary_large_image\" \/>\n<meta name=\"twitter:creator\" content=\"@EstratConcursos\" \/>\n<meta name=\"twitter:site\" content=\"@EstratConcursos\" \/>\n<meta name=\"twitter:label1\" content=\"Escrito por\" \/>\n\t<meta name=\"twitter:data1\" content=\"Coordena\u00e7\u00e3o\" \/>\n\t<meta name=\"twitter:label2\" content=\"Est. tempo de leitura\" \/>\n\t<meta name=\"twitter:data2\" content=\"6 minutos\" \/>\n<script type=\"application\/ld+json\" class=\"yoast-schema-graph\">{\"@context\":\"https:\/\/schema.org\",\"@graph\":[{\"@type\":\"NewsArticle\",\"@id\":\"https:\/\/www.estrategiaconcursos.com.br\/blog\/edital-dpe-mg-defensor\/#article\",\"isPartOf\":{\"@id\":\"https:\/\/www.estrategiaconcursos.com.br\/blog\/edital-dpe-mg-defensor\/\"},\"author\":{\"name\":\"Coordena\u00e7\u00e3o\",\"@id\":\"https:\/\/www.estrategiaconcursos.com.br\/blog\/#\/schema\/person\/b4a388c97673c5f483d72185668afa1f\"},\"headline\":\"Concurso DPE MG Defensor: \u00faltimo dia de inscri\u00e7\u00f5es com inicial de R$ 22 mil\",\"datePublished\":\"2019-04-25T04:00:30+00:00\",\"dateModified\":\"2022-06-07T19:51:08+00:00\",\"mainEntityOfPage\":{\"@id\":\"https:\/\/www.estrategiaconcursos.com.br\/blog\/edital-dpe-mg-defensor\/\"},\"wordCount\":1079,\"commentCount\":3,\"publisher\":{\"@id\":\"https:\/\/www.estrategiaconcursos.com.br\/blog\/#organization\"},\"image\":{\"@id\":\"https:\/\/www.estrategiaconcursos.com.br\/blog\/edital-dpe-mg-defensor\/#primaryimage\"},\"thumbnailUrl\":\"https:\/\/dhg1h5j42swfq.cloudfront.net\/2019\/01\/19065601\/edital_publicado.jpg\",\"articleSection\":[\"Concursos P\u00fablicos\",\"Jur\u00eddico\"],\"inLanguage\":\"pt-BR\",\"potentialAction\":[{\"@type\":\"CommentAction\",\"name\":\"Comment\",\"target\":[\"https:\/\/www.estrategiaconcursos.com.br\/blog\/edital-dpe-mg-defensor\/#respond\"]}],\"copyrightYear\":\"2019\",\"copyrightHolder\":{\"@id\":\"https:\/\/www.estrategiaconcursos.com.br\/blog\/#organization\"}},{\"@type\":\"WebPage\",\"@id\":\"https:\/\/www.estrategiaconcursos.com.br\/blog\/edital-dpe-mg-defensor\/\",\"url\":\"https:\/\/www.estrategiaconcursos.com.br\/blog\/edital-dpe-mg-defensor\/\",\"name\":\"Concurso DPE MG Defensor: \u00faltimo dia de inscri\u00e7\u00f5es com inicial de R$ 22 mil\",\"isPartOf\":{\"@id\":\"https:\/\/www.estrategiaconcursos.com.br\/blog\/#website\"},\"primaryImageOfPage\":{\"@id\":\"https:\/\/www.estrategiaconcursos.com.br\/blog\/edital-dpe-mg-defensor\/#primaryimage\"},\"image\":{\"@id\":\"https:\/\/www.estrategiaconcursos.com.br\/blog\/edital-dpe-mg-defensor\/#primaryimage\"},\"thumbnailUrl\":\"https:\/\/dhg1h5j42swfq.cloudfront.net\/2019\/01\/19065601\/edital_publicado.jpg\",\"datePublished\":\"2019-04-25T04:00:30+00:00\",\"dateModified\":\"2022-06-07T19:51:08+00:00\",\"description\":\"Concurso DPE MG Defensor 2019: \u00faltimo dia de inscri\u00e7\u00f5es com 30 vagas para a classe inicial da carreira de Defensor P\u00fablico de Minas Gerais. Saiba mais!\",\"breadcrumb\":{\"@id\":\"https:\/\/www.estrategiaconcursos.com.br\/blog\/edital-dpe-mg-defensor\/#breadcrumb\"},\"inLanguage\":\"pt-BR\",\"potentialAction\":[{\"@type\":\"ReadAction\",\"target\":[\"https:\/\/www.estrategiaconcursos.com.br\/blog\/edital-dpe-mg-defensor\/\"]}]},{\"@type\":\"ImageObject\",\"inLanguage\":\"pt-BR\",\"@id\":\"https:\/\/www.estrategiaconcursos.com.br\/blog\/edital-dpe-mg-defensor\/#primaryimage\",\"url\":\"https:\/\/dhg1h5j42swfq.cloudfront.net\/2019\/01\/19065601\/edital_publicado.jpg\",\"contentUrl\":\"https:\/\/dhg1h5j42swfq.cloudfront.net\/2019\/01\/19065601\/edital_publicado.jpg\",\"width\":1200,\"height\":628,\"caption\":\"concurso dpe mg\"},{\"@type\":\"BreadcrumbList\",\"@id\":\"https:\/\/www.estrategiaconcursos.com.br\/blog\/edital-dpe-mg-defensor\/#breadcrumb\",\"itemListElement\":[{\"@type\":\"ListItem\",\"position\":1,\"name\":\"In\u00edcio\",\"item\":\"https:\/\/www.estrategiaconcursos.com.br\/blog\/\"},{\"@type\":\"ListItem\",\"position\":2,\"name\":\"Concurso DPE MG Defensor: \u00faltimo dia de inscri\u00e7\u00f5es com inicial de R$ 22 mil\"}]},{\"@type\":\"WebSite\",\"@id\":\"https:\/\/www.estrategiaconcursos.com.br\/blog\/#website\",\"url\":\"https:\/\/www.estrategiaconcursos.com.br\/blog\/\",\"name\":\"Estrat\u00e9gia Concursos\",\"description\":\"O blog da Estrat\u00e9gia Concursos traz not\u00edcias sobre concursos e artigos de professores oferecendo cursos para concursos (pdf + videaulas) no site.\",\"publisher\":{\"@id\":\"https:\/\/www.estrategiaconcursos.com.br\/blog\/#organization\"},\"potentialAction\":[{\"@type\":\"SearchAction\",\"target\":{\"@type\":\"EntryPoint\",\"urlTemplate\":\"https:\/\/www.estrategiaconcursos.com.br\/blog\/?s={search_term_string}\"},\"query-input\":{\"@type\":\"PropertyValueSpecification\",\"valueRequired\":true,\"valueName\":\"search_term_string\"}}],\"inLanguage\":\"pt-BR\"},{\"@type\":\"Organization\",\"@id\":\"https:\/\/www.estrategiaconcursos.com.br\/blog\/#organization\",\"name\":\"Estrat\u00e9gia Concursos\",\"url\":\"https:\/\/www.estrategiaconcursos.com.br\/blog\/\",\"logo\":{\"@type\":\"ImageObject\",\"inLanguage\":\"pt-BR\",\"@id\":\"https:\/\/www.estrategiaconcursos.com.br\/blog\/#\/schema\/logo\/image\/\",\"url\":\"https:\/\/dhg1h5j42swfq.cloudfront.net\/2025\/06\/03203428\/logo_concursos-1.jpg\",\"contentUrl\":\"https:\/\/dhg1h5j42swfq.cloudfront.net\/2025\/06\/03203428\/logo_concursos-1.jpg\",\"width\":230,\"height\":60,\"caption\":\"Estrat\u00e9gia Concursos\"},\"image\":{\"@id\":\"https:\/\/www.estrategiaconcursos.com.br\/blog\/#\/schema\/logo\/image\/\"},\"sameAs\":[\"https:\/\/x.com\/EstratConcursos\"]},{\"@type\":\"Person\",\"@id\":\"https:\/\/www.estrategiaconcursos.com.br\/blog\/#\/schema\/person\/b4a388c97673c5f483d72185668afa1f\",\"name\":\"Coordena\u00e7\u00e3o\",\"image\":{\"@type\":\"ImageObject\",\"inLanguage\":\"pt-BR\",\"@id\":\"https:\/\/secure.gravatar.com\/avatar\/b720319e4c9a967eb58678d110f4fe35452fc5d5f97b202bac7b8acceb18c6ad?s=96&d=mm&r=g\",\"url\":\"https:\/\/secure.gravatar.com\/avatar\/b720319e4c9a967eb58678d110f4fe35452fc5d5f97b202bac7b8acceb18c6ad?s=96&d=mm&r=g\",\"contentUrl\":\"https:\/\/secure.gravatar.com\/avatar\/b720319e4c9a967eb58678d110f4fe35452fc5d5f97b202bac7b8acceb18c6ad?s=96&d=mm&r=g\",\"caption\":\"Coordena\u00e7\u00e3o\"},\"sameAs\":[\"https:\/\/www.facebook.com\/EstrategiaConcursos\",\"https:\/\/x.com\/EstratConcursos\"],\"url\":\"https:\/\/www.estrategiaconcursos.com.br\/blog\/author\/estrategia2013\/\"}]}<\/script>\n<!-- \/ Yoast SEO Premium plugin. -->","yoast_head_json":{"title":"Concurso DPE MG Defensor: \u00faltimo dia de inscri\u00e7\u00f5es com inicial de R$ 22 mil","description":"Concurso DPE MG Defensor 2019: \u00faltimo dia de inscri\u00e7\u00f5es com 30 vagas para a classe inicial da carreira de Defensor P\u00fablico de Minas Gerais. Saiba mais!","robots":{"index":"index","follow":"follow","max-snippet":"max-snippet:-1","max-image-preview":"max-image-preview:large","max-video-preview":"max-video-preview:-1"},"canonical":"https:\/\/www.estrategiaconcursos.com.br\/blog\/edital-dpe-mg-defensor\/","og_locale":"pt_BR","og_type":"article","og_title":"Concurso DPE MG Defensor: \u00faltimo dia de inscri\u00e7\u00f5es com inicial de R$ 22 mil","og_description":"Concurso DPE MG Defensor 2019: \u00faltimo dia de inscri\u00e7\u00f5es com 30 vagas para a classe inicial da carreira de Defensor P\u00fablico de Minas Gerais. Saiba mais!","og_url":"https:\/\/www.estrategiaconcursos.com.br\/blog\/edital-dpe-mg-defensor\/","og_site_name":"Estrat\u00e9gia Concursos","article_author":"https:\/\/www.facebook.com\/EstrategiaConcursos","article_published_time":"2019-04-25T04:00:30+00:00","article_modified_time":"2022-06-07T19:51:08+00:00","og_image":[{"width":1200,"height":628,"url":"https:\/\/dhg1h5j42swfq.cloudfront.net\/2019\/01\/19065601\/edital_publicado.jpg","type":"image\/jpeg"}],"author":"Coordena\u00e7\u00e3o","twitter_card":"summary_large_image","twitter_creator":"@EstratConcursos","twitter_site":"@EstratConcursos","twitter_misc":{"Escrito por":"Coordena\u00e7\u00e3o","Est. tempo de leitura":"6 minutos"},"schema":{"@context":"https:\/\/schema.org","@graph":[{"@type":"NewsArticle","@id":"https:\/\/www.estrategiaconcursos.com.br\/blog\/edital-dpe-mg-defensor\/#article","isPartOf":{"@id":"https:\/\/www.estrategiaconcursos.com.br\/blog\/edital-dpe-mg-defensor\/"},"author":{"name":"Coordena\u00e7\u00e3o","@id":"https:\/\/www.estrategiaconcursos.com.br\/blog\/#\/schema\/person\/b4a388c97673c5f483d72185668afa1f"},"headline":"Concurso DPE MG Defensor: \u00faltimo dia de inscri\u00e7\u00f5es com inicial de R$ 22 mil","datePublished":"2019-04-25T04:00:30+00:00","dateModified":"2022-06-07T19:51:08+00:00","mainEntityOfPage":{"@id":"https:\/\/www.estrategiaconcursos.com.br\/blog\/edital-dpe-mg-defensor\/"},"wordCount":1079,"commentCount":3,"publisher":{"@id":"https:\/\/www.estrategiaconcursos.com.br\/blog\/#organization"},"image":{"@id":"https:\/\/www.estrategiaconcursos.com.br\/blog\/edital-dpe-mg-defensor\/#primaryimage"},"thumbnailUrl":"https:\/\/dhg1h5j42swfq.cloudfront.net\/2019\/01\/19065601\/edital_publicado.jpg","articleSection":["Concursos P\u00fablicos","Jur\u00eddico"],"inLanguage":"pt-BR","potentialAction":[{"@type":"CommentAction","name":"Comment","target":["https:\/\/www.estrategiaconcursos.com.br\/blog\/edital-dpe-mg-defensor\/#respond"]}],"copyrightYear":"2019","copyrightHolder":{"@id":"https:\/\/www.estrategiaconcursos.com.br\/blog\/#organization"}},{"@type":"WebPage","@id":"https:\/\/www.estrategiaconcursos.com.br\/blog\/edital-dpe-mg-defensor\/","url":"https:\/\/www.estrategiaconcursos.com.br\/blog\/edital-dpe-mg-defensor\/","name":"Concurso DPE MG Defensor: \u00faltimo dia de inscri\u00e7\u00f5es com inicial de R$ 22 mil","isPartOf":{"@id":"https:\/\/www.estrategiaconcursos.com.br\/blog\/#website"},"primaryImageOfPage":{"@id":"https:\/\/www.estrategiaconcursos.com.br\/blog\/edital-dpe-mg-defensor\/#primaryimage"},"image":{"@id":"https:\/\/www.estrategiaconcursos.com.br\/blog\/edital-dpe-mg-defensor\/#primaryimage"},"thumbnailUrl":"https:\/\/dhg1h5j42swfq.cloudfront.net\/2019\/01\/19065601\/edital_publicado.jpg","datePublished":"2019-04-25T04:00:30+00:00","dateModified":"2022-06-07T19:51:08+00:00","description":"Concurso DPE MG Defensor 2019: \u00faltimo dia de inscri\u00e7\u00f5es com 30 vagas para a classe inicial da carreira de Defensor P\u00fablico de Minas Gerais. Saiba mais!","breadcrumb":{"@id":"https:\/\/www.estrategiaconcursos.com.br\/blog\/edital-dpe-mg-defensor\/#breadcrumb"},"inLanguage":"pt-BR","potentialAction":[{"@type":"ReadAction","target":["https:\/\/www.estrategiaconcursos.com.br\/blog\/edital-dpe-mg-defensor\/"]}]},{"@type":"ImageObject","inLanguage":"pt-BR","@id":"https:\/\/www.estrategiaconcursos.com.br\/blog\/edital-dpe-mg-defensor\/#primaryimage","url":"https:\/\/dhg1h5j42swfq.cloudfront.net\/2019\/01\/19065601\/edital_publicado.jpg","contentUrl":"https:\/\/dhg1h5j42swfq.cloudfront.net\/2019\/01\/19065601\/edital_publicado.jpg","width":1200,"height":628,"caption":"concurso dpe mg"},{"@type":"BreadcrumbList","@id":"https:\/\/www.estrategiaconcursos.com.br\/blog\/edital-dpe-mg-defensor\/#breadcrumb","itemListElement":[{"@type":"ListItem","position":1,"name":"In\u00edcio","item":"https:\/\/www.estrategiaconcursos.com.br\/blog\/"},{"@type":"ListItem","position":2,"name":"Concurso DPE MG Defensor: \u00faltimo dia de inscri\u00e7\u00f5es com inicial de R$ 22 mil"}]},{"@type":"WebSite","@id":"https:\/\/www.estrategiaconcursos.com.br\/blog\/#website","url":"https:\/\/www.estrategiaconcursos.com.br\/blog\/","name":"Estrat\u00e9gia Concursos","description":"O blog da Estrat\u00e9gia Concursos traz not\u00edcias sobre concursos e artigos de professores oferecendo cursos para concursos (pdf + videaulas) no site.","publisher":{"@id":"https:\/\/www.estrategiaconcursos.com.br\/blog\/#organization"},"potentialAction":[{"@type":"SearchAction","target":{"@type":"EntryPoint","urlTemplate":"https:\/\/www.estrategiaconcursos.com.br\/blog\/?s={search_term_string}"},"query-input":{"@type":"PropertyValueSpecification","valueRequired":true,"valueName":"search_term_string"}}],"inLanguage":"pt-BR"},{"@type":"Organization","@id":"https:\/\/www.estrategiaconcursos.com.br\/blog\/#organization","name":"Estrat\u00e9gia Concursos","url":"https:\/\/www.estrategiaconcursos.com.br\/blog\/","logo":{"@type":"ImageObject","inLanguage":"pt-BR","@id":"https:\/\/www.estrategiaconcursos.com.br\/blog\/#\/schema\/logo\/image\/","url":"https:\/\/dhg1h5j42swfq.cloudfront.net\/2025\/06\/03203428\/logo_concursos-1.jpg","contentUrl":"https:\/\/dhg1h5j42swfq.cloudfront.net\/2025\/06\/03203428\/logo_concursos-1.jpg","width":230,"height":60,"caption":"Estrat\u00e9gia Concursos"},"image":{"@id":"https:\/\/www.estrategiaconcursos.com.br\/blog\/#\/schema\/logo\/image\/"},"sameAs":["https:\/\/x.com\/EstratConcursos"]},{"@type":"Person","@id":"https:\/\/www.estrategiaconcursos.com.br\/blog\/#\/schema\/person\/b4a388c97673c5f483d72185668afa1f","name":"Coordena\u00e7\u00e3o","image":{"@type":"ImageObject","inLanguage":"pt-BR","@id":"https:\/\/secure.gravatar.com\/avatar\/b720319e4c9a967eb58678d110f4fe35452fc5d5f97b202bac7b8acceb18c6ad?s=96&d=mm&r=g","url":"https:\/\/secure.gravatar.com\/avatar\/b720319e4c9a967eb58678d110f4fe35452fc5d5f97b202bac7b8acceb18c6ad?s=96&d=mm&r=g","contentUrl":"https:\/\/secure.gravatar.com\/avatar\/b720319e4c9a967eb58678d110f4fe35452fc5d5f97b202bac7b8acceb18c6ad?s=96&d=mm&r=g","caption":"Coordena\u00e7\u00e3o"},"sameAs":["https:\/\/www.facebook.com\/EstrategiaConcursos","https:\/\/x.com\/EstratConcursos"],"url":"https:\/\/www.estrategiaconcursos.com.br\/blog\/author\/estrategia2013\/"}]}},"_links":{"self":[{"href":"https:\/\/www.estrategiaconcursos.com.br\/blog\/wp-json\/wp\/v2\/posts\/160086","targetHints":{"allow":["GET"]}}],"collection":[{"href":"https:\/\/www.estrategiaconcursos.com.br\/blog\/wp-json\/wp\/v2\/posts"}],"about":[{"href":"https:\/\/www.estrategiaconcursos.com.br\/blog\/wp-json\/wp\/v2\/types\/post"}],"author":[{"embeddable":true,"href":"https:\/\/www.estrategiaconcursos.com.br\/blog\/wp-json\/wp\/v2\/users\/1"}],"replies":[{"embeddable":true,"href":"https:\/\/www.estrategiaconcursos.com.br\/blog\/wp-json\/wp\/v2\/comments?post=160086"}],"version-history":[{"count":35,"href":"https:\/\/www.estrategiaconcursos.com.br\/blog\/wp-json\/wp\/v2\/posts\/160086\/revisions"}],"predecessor-version":[{"id":1041209,"href":"https:\/\/www.estrategiaconcursos.com.br\/blog\/wp-json\/wp\/v2\/posts\/160086\/revisions\/1041209"}],"wp:featuredmedia":[{"embeddable":true,"href":"https:\/\/www.estrategiaconcursos.com.br\/blog\/wp-json\/wp\/v2\/media\/160261"}],"wp:attachment":[{"href":"https:\/\/www.estrategiaconcursos.com.br\/blog\/wp-json\/wp\/v2\/media?parent=160086"}],"wp:term":[{"taxonomy":"category","embeddable":true,"href":"https:\/\/www.estrategiaconcursos.com.br\/blog\/wp-json\/wp\/v2\/categories?post=160086"},{"taxonomy":"post_tag","embeddable":true,"href":"https:\/\/www.estrategiaconcursos.com.br\/blog\/wp-json\/wp\/v2\/tags?post=160086"},{"taxonomy":"tax_estado","embeddable":true,"href":"https:\/\/www.estrategiaconcursos.com.br\/blog\/wp-json\/wp\/v2\/tax_estado?post=160086"}],"curies":[{"name":"wp","href":"https:\/\/api.w.org\/{rel}","templated":true}]}}