{"id":159956,"date":"2026-03-19T09:30:00","date_gmt":"2026-03-19T12:30:00","guid":{"rendered":"https:\/\/www.estrategiaconcursos.com.br\/blog\/?p=159956"},"modified":"2026-03-19T14:42:38","modified_gmt":"2026-03-19T17:42:38","slug":"concurso-dpu","status":"publish","type":"post","link":"https:\/\/www.estrategiaconcursos.com.br\/blog\/concurso-dpu\/","title":{"rendered":"Concurso DPU: aprovado reajuste e reestrutura\u00e7\u00e3o das carreiras"},"content":{"rendered":"<p><center><a id=\"cta-icon\" href=\"https:\/\/sndflw.com\/i\/dpu-grupo\" target=\"_blank\" style=\"background:#29a61a; display:inline-flex; align-items:center; padding:10px 15px; border-radius:6px; color:#fff; text-decoration:none; font-weight:500; font-size:15px;\"><img decoding=\"async\" src=\"https:\/\/dhg1h5j42swfq.cloudfront.net\/2023\/12\/07154107\/whatsapp_13851.png\" alt=\"\" style=\"width:20px; height:20px; margin-right:8px;\"><span>Acesse agora o Grupo de Estudos para o Concurso DPU<\/span><\/a><\/center><\/p>\n\n\n\n<p>Um novo concurso DPU (<a href=\"https:\/\/www.estrategiaconcursos.com.br\/pesquisa\/?q=DPU\">Defensoria P\u00fablica da Uni\u00e3o<\/a>) \u00e9 aguardado desde 2015 e ano ap\u00f3s ano a expectativa aumenta com as previs\u00f5es or\u00e7ament\u00e1rias.<\/p>\n\n\n\n<p>Segundo a Lei Or\u00e7ament\u00e1ria de 2026, s\u00e3o <strong>previstas 810 vagas<\/strong> para o \u00f3rg\u00e3o, sendo a cria\u00e7\u00e3o de 600 vagas pelos PLs n. 7.923 e n. 9.723, ambas de 2014, al\u00e9m de 210 vagas para provimento.<\/p>\n\n\n\n<p>Ainda n\u00e3o se sabe para quais cargos essas vagas ser\u00e3o destinadas e se ser\u00e3o para cargos efetivos ou em comiss\u00e3o.<\/p>\n\n\n\n<p>Atualmente o \u00f3rg\u00e3o conta com <strong>288 cargos vagos<\/strong>, sendo 238 somente para o cargo de T\u00e9cnico.<\/p>\n\n\n\n<p><br \/>O Plen\u00e1rio do Senado aprovou no dia 19 de mar\u00e7o o\u00a0<a href=\"https:\/\/www25.senado.leg.br\/web\/atividade\/materias\/-\/materia\/172919\" target=\"_blank\" rel=\"noreferrer noopener\">PL 2.004\/2024<\/a>, que reestrutura as carreiras administrativas.<\/p>\n\n\n\n<p>A proposta prev\u00ea reajuste salarial e a reorganiza\u00e7\u00e3o dos cargos de n\u00edveis intermedi\u00e1rio e superior em 13 padr\u00f5es (atualmente s\u00e3o 20).<\/p>\n\n\n\n<p>Veja mais detalhes na aba &#8216;situa\u00e7\u00e3o atual&#8217; disposta no \u00edndice abaixo!<\/p>\n\n\n\n<ul class=\"wp-block-list has-very-light-gray-to-cyan-bluish-gray-gradient-background has-background\">\n<li><strong>Concurso DPU<\/strong><\/li>\n\n\n\n<li><strong>Status<\/strong>: previsto na LOA 2026\/ reajuste salarial<\/li>\n\n\n\n<li><strong>Banca<\/strong>: a definir<\/li>\n\n\n\n<li><strong>Vagas<\/strong>: 810 vagas no or\u00e7amento<\/li>\n\n\n\n<li><strong>Sal\u00e1rio<\/strong>: de &nbsp;R$2.128,25 at\u00e9 &nbsp;R$5.221,90 (venc. b\u00e1sico)<\/li>\n\n\n\n<li><strong>R$ 4.209,43<\/strong> a <strong>R$ 11.669,10<\/strong> (venc + gratifica\u00e7\u00e3o)<\/li>\n\n\n\n<li><strong>\u00daltimo edital: <\/strong><a href=\"http:\/\/www.cespe.unb.br\/concursos\/DPU_15_ADMINISTRATIVO\/arquivos\/ED_1_2015_DPU_ADM___EDITAL_DE_ABERTURA.PDF\" target=\"_blank\" rel=\"noreferrer noopener\">DPU&nbsp;2015<\/a><\/li>\n<\/ul>\n\n\n\n<div class=\"container\" id=\"boxes\">\n  <div class=\"row\">\n\n    <div class=\"col-sm\">\n      <div class=\"banner-estrategia\" id=\"box-assinatura\">\n        <h3 class=\"titulo-assinatura\">Concurso DPU<\/h3>\n        <p class=\"subtitulo-assinatura\">Estude conosco<\/p>\n        <div class=\"box-botao\">\n          <a class=\"btn-assinatura\" target=\"_blank\" href=\"https:\/\/www.estrategiaconcursos.com.br\/pesquisa\/?q=DPU\" role=\"button\" rel=\"noopener noreferrer\">Conhe\u00e7a os cursos<\/a>\n        <\/div>\n      <\/div>\n     \n    <\/div>\n\n  <\/div>\n<\/div>\n\n\n\n<p>Neste artigo voc\u00ea vai conferir um panorama completo sobre o concurso da Defensoria P\u00fablica da Uni\u00e3o. Entre as informa\u00e7\u00f5es que disponibilizamos nesta p\u00e1gina voc\u00ea vai conferir os cargos, requisitos, remunera\u00e7\u00e3o, curiosidades e muito mais.<\/p>\n\n\n\n<ul class=\"wp-block-list\">\n<li><a href=\"#situacao\">Situa\u00e7\u00e3o atual<\/a><\/li>\n\n\n\n<li><a href=\"#remuneracao\">Remunera\u00e7\u00e3o<\/a><\/li>\n\n\n\n<li><a href=\"#requisitos\">Requisitos<\/a><\/li>\n\n\n\n<li><a href=\"#atribuicoes\">Atribui\u00e7\u00f5es<\/a><\/li>\n\n\n\n<li><a href=\"#ultimo-concurso\">\u00daltimo concurso<\/a><\/li>\n\n\n\n<li><a href=\"#concurso-dpu-areas-de-atuacao\">\u00c1reas de atua\u00e7\u00e3o<\/a><\/li>\n\n\n\n<li><a href=\"#cursos-ficha\">Cursos e assinatura<\/a><\/li>\n\n\n\n<li><a href=\"#ficha-tecnica\">Ficha t\u00e9cnica<\/a><\/li>\n<\/ul>\n\n\n\n<h2 class=\"wp-block-heading\" id=\"situacao\">Concurso DPU: situa\u00e7\u00e3o atual<\/h2>\n\n\n\n<h3 class=\"wp-block-heading\" id=\"h-reajuste\">Reajuste <\/h3>\n\n\n\n<p>Foi aprovado no dia 18 de mar\u00e7o de 2026, no Plen\u00e1rio do Senado o&nbsp;<a href=\"https:\/\/www25.senado.leg.br\/web\/atividade\/materias\/-\/materia\/172919\" target=\"_blank\" rel=\"noreferrer noopener\">PL 2.004\/2024<\/a>, que reestrutura as carreiras administrativas da DPU.<\/p>\n\n\n\n<p>A proposta prev\u00ea reajuste salarial e a reorganiza\u00e7\u00e3o dos cargos de n\u00edveis intermedi\u00e1rio e superior em 13 padr\u00f5es &#8211; atualmente s\u00e3o 20.<\/p>\n\n\n\n<p>O projeto visa equalizar discrep\u00e2ncias hist\u00f3ricas entre a institui\u00e7\u00e3o e outros \u00f3rg\u00e3os do sistema de Justi\u00e7a, como a Justi\u00e7a Federal e o Minist\u00e9rio P\u00fablico da Uni\u00e3o (MPU). <a href=\"https:\/\/www.estrategiaconcursos.com.br\/blog\/concurso-dpu-senado-aprova-reajuste-e-reestruturacao\/\" target=\"_blank\" rel=\"noreferrer noopener\">Veja!<\/a><\/p>\n\n\n\n<h3 class=\"wp-block-heading\" id=\"h-loa-2026\">LOA 2026<\/h3>\n\n\n\n<p>A&nbsp;<strong>Defensoria P\u00fablica da Uni\u00e3o<\/strong>&nbsp;tem&nbsp;<strong>810 vagas previstas<\/strong>&nbsp;na Lei Or\u00e7ament\u00e1ria Anual (PLOA) de 2026. As oportunidades se distribuem da seguinte forma:<\/p>\n\n\n\n<ul class=\"wp-block-list\">\n<li><strong>Cria\u00e7\u00e3o:&nbsp;<\/strong>600 vagas;<\/li>\n\n\n\n<li><strong>Provimento:<\/strong>&nbsp;210 vagas.<\/li>\n<\/ul>\n\n\n\n<figure class=\"wp-block-image size-large\"><img loading=\"lazy\" decoding=\"async\" width=\"1024\" height=\"79\" src=\"https:\/\/dhg1h5j42swfq.cloudfront.net\/2025\/11\/15140705\/captura-de-tela-2026-01-15-as-14-06-39-1024x79.png\" alt=\"\" class=\"wp-image-1699875\" srcset=\"https:\/\/dhg1h5j42swfq.cloudfront.net\/2025\/11\/15140705\/captura-de-tela-2026-01-15-as-14-06-39-1024x79.png 1024w, https:\/\/dhg1h5j42swfq.cloudfront.net\/2025\/11\/15140705\/captura-de-tela-2026-01-15-as-14-06-39-300x23.png 300w, https:\/\/dhg1h5j42swfq.cloudfront.net\/2025\/11\/15140705\/captura-de-tela-2026-01-15-as-14-06-39-768x60.png 768w, https:\/\/dhg1h5j42swfq.cloudfront.net\/2025\/11\/15140705\/captura-de-tela-2026-01-15-as-14-06-39-150x12.png 150w, https:\/\/dhg1h5j42swfq.cloudfront.net\/2025\/11\/15140705\/captura-de-tela-2026-01-15-as-14-06-39.png 1212w\" sizes=\"auto, (max-width: 1024px) 100vw, 1024px\" \/><\/figure>\n\n\n\n<h3 class=\"wp-block-heading\" id=\"criacao\">Cargos criados em 2022<\/h3>\n\n\n\n<p>O governo federal sancionou em 2022 a Lei que criou 812 vagas de t\u00e9cnico e analista da Defensoria P\u00fablica da Uni\u00e3o.<\/p>\n\n\n\n<p>De acordo com o texto, ficam criadas 410 vagas na carreira de analista (n\u00edvel superior) e 402 vagas na carreira de t\u00e9cnico (n\u00edvel m\u00e9dio).<\/p>\n\n\n\n<p>Al\u00e9m da cria\u00e7\u00e3o das vagas, a &nbsp;<a href=\"https:\/\/dhg1h5j42swfq.cloudfront.net\/2022\/06\/23092139\/2022_06_23_assinado_do1-1-4.pdf\" target=\"_blank\" rel=\"noreferrer noopener\">Lei N\u00ba 14.376<\/a>&nbsp; determinou a organiza\u00e7\u00e3o dos cargos, bem como os requisitos, sal\u00e1rios e atribui\u00e7\u00f5es.<\/p>\n\n\n\n<p>A DPU historicamente conta um elevado d\u00e9ficit de recursos humanos. Com uma for\u00e7a de trabalho de 1.163 servidores, 828 s\u00e3o cedidos de outros \u00f3rg\u00e3os da administra\u00e7\u00e3o p\u00fablica. <\/p>\n\n\n\n<p>Em virtude dessa precariedade, a DPU, que conta ainda com cerca de 2 mil estagi\u00e1rios e 637 defensores, precisa de quadros para prestar adequadamente seus relevantes servi\u00e7os.<\/p>\n\n\n\n<h3 class=\"wp-block-heading\" id=\"cargos-vagos\">Cargos vagos<\/h3>\n\n\n\n<p>Segundo o \u00faltimo levantamento disponibilizado atrav\u00e9s do Portal de Transpar\u00eancia do DPU, realizado em <a href=\"https:\/\/www.dpu.def.br\/transparencia-rh\/cargos-efetivos-vagos\">agosto de 2025<\/a>, atualmente o \u00f3rg\u00e3o possui <strong>288 cargos vagos, sendo 238 para T\u00e9cnico,<\/strong> no quadro administrativo.<\/p>\n\n\n\n<h2 class=\"wp-block-heading\" id=\"remuneracao\">Concurso DPU: remunera\u00e7\u00e3o <\/h2>\n\n\n\n<p>A <a href=\"https:\/\/in.gov.br\/en\/web\/dou\/-\/lei-n-14.377-de-22-de-junho-de-2022-409711996\" target=\"_blank\" rel=\"noreferrer noopener\">Lei n\u00ba 14.377, de 22 de junho de 2022<\/a>, disp\u00f5e sobre a estrutura\u00e7\u00e3o do Plano de Carreiras e Cargos de Provimento Efetivo dos Servidores da Defensoria P\u00fablica da Uni\u00e3o (PCCDPU) e fixa os valores de suas remunera\u00e7\u00f5es. <\/p>\n\n\n\n<p>A remunera\u00e7\u00e3o geral dos servidores do PCCDPU \u00e9 composta pelo <strong>vencimento b\u00e1sico<\/strong> e pela <strong>Gratifica\u00e7\u00e3o de Desempenho de Atividade do Plano de Carreiras e Cargos da Defensoria P\u00fablica da Uni\u00e3o (GDADPU)<\/strong>.<\/p>\n\n\n\n<p>A seguir, s\u00e3o detalhados os valores de vencimento b\u00e1sico e das gratifica\u00e7\u00f5es conforme as tabelas anexas \u00e0 Lei, considerando as classes (A, B, C, Especial) e os padr\u00f5es (I a VI ou I a III) que estruturam as carreiras. &#8211; Atualizado em novembro de 2025.<\/p>\n\n\n\n<h3 class=\"wp-block-heading\" id=\"h-cargos-de-nivel-superior-do-pccdpu\">Cargos de n\u00edvel superior do PCCDPU<\/h3>\n\n\n\n<h4 class=\"wp-block-heading\" id=\"h-nivel-superior\">N\u00edvel superior<\/h4>\n\n\n\n<figure class=\"wp-block-table is-style-stripes\"><table class=\"has-fixed-layout\"><thead><tr><td><strong>Classe<\/strong><\/td><td><strong>Padr\u00e3o<\/strong><\/td><td><strong>Vencimento B\u00e1sico<\/strong><\/td><td class=\"has-text-align-center\" data-align=\"center\"><strong>Gratifica\u00e7\u00e3o<\/strong><\/td><td class=\"has-text-align-center\" data-align=\"center\"><strong>Total Bruto<\/strong><\/td><\/tr><\/thead><tbody><tr><td><strong>S<\/strong><\/td><td><strong>III<\/strong><\/td><td>R$ 4.500,10<\/td><td class=\"has-text-align-center\" data-align=\"center\">R$ 4.913,60<\/td><td class=\"has-text-align-center\" data-align=\"center\"><strong>R$ 9.413,70<\/strong><\/td><\/tr><tr><td><strong>C<\/strong><\/td><td><strong>IV<\/strong><\/td><td>R$ 3.912,12<\/td><td class=\"has-text-align-center\" data-align=\"center\">R$ 4.404,80<\/td><td class=\"has-text-align-center\" data-align=\"center\"><strong>R$ 8.316,92<\/strong><\/td><\/tr><tr><td><strong>C<\/strong><\/td><td><strong>III<\/strong><\/td><td>R$ 3.805,57<\/td><td class=\"has-text-align-center\" data-align=\"center\">R$ 4.328,00<\/td><td class=\"has-text-align-center\" data-align=\"center\"><strong>R$ 8.133,57<\/strong><\/td><\/tr><tr><td><strong>C<\/strong><\/td><td><strong>I<\/strong><\/td><td>R$ 3.601,10<\/td><td class=\"has-text-align-center\" data-align=\"center\">R$ 4.180,00<\/td><td class=\"has-text-align-center\" data-align=\"center\"><strong>R$ 7.781,10<\/strong><\/td><\/tr><tr><td><strong>B<\/strong><\/td><td><strong>IV<\/strong><\/td><td>R$ 3.308,35<\/td><td class=\"has-text-align-center\" data-align=\"center\">R$ 3.896,80<\/td><td class=\"has-text-align-center\" data-align=\"center\"><strong>R$ 7.205,15<\/strong><\/td><\/tr><tr><td><strong>A<\/strong><\/td><td><strong>III<\/strong><\/td><td>R$ 2.797,74<\/td><td class=\"has-text-align-center\" data-align=\"center\">R$ 3.468,00<\/td><td class=\"has-text-align-center\" data-align=\"center\"><strong>R$ 6.265,74<\/strong><\/td><\/tr><\/tbody><\/table><\/figure>\n\n\n\n<h3 class=\"wp-block-heading\" id=\"h-cargo-especifico-de-nivel-superior-de-economista-do-pccdpu\">Cargo espec\u00edfico de n\u00edvel superior de Economista do PCCDPU<\/h3>\n\n\n\n<p>Esta tabela se aplica aos ocupantes do cargo de Economista que optaram pela Estrutura Remunerat\u00f3ria Espec\u00edfica.<\/p>\n\n\n\n<figure class=\"wp-block-table is-style-stripes\"><table class=\"has-fixed-layout\"><thead><tr><td><strong>Classe<\/strong><\/td><td><strong>Padr\u00e3o<\/strong><\/td><td><strong>Vencimento B\u00e1sico<\/strong><\/td><td class=\"has-text-align-center\" data-align=\"center\"><strong>Gratifica\u00e7\u00e3o<\/strong><\/td><td class=\"has-text-align-center\" data-align=\"center\"><strong>Total Bruto<\/strong><\/td><\/tr><\/thead><tbody><tr><td><strong>C<\/strong><\/td><td><strong>IV<\/strong><\/td><td>R$ 5.221,90<\/td><td class=\"has-text-align-center\" data-align=\"center\">R$ 6.447,20<\/td><td class=\"has-text-align-center\" data-align=\"center\"><strong>R$ 11.669,10<\/strong><\/td><\/tr><tr><td><strong>C<\/strong><\/td><td><strong>III<\/strong><\/td><td>R$ 5.094,53<\/td><td class=\"has-text-align-center\" data-align=\"center\">R$ 6.230,40<\/td><td class=\"has-text-align-center\" data-align=\"center\"><strong>R$ 11.324,93<\/strong><\/td><\/tr><tr><td><strong>C<\/strong><\/td><td><strong>II<\/strong><\/td><td>R$ 4.970,29<\/td><td class=\"has-text-align-center\" data-align=\"center\">R$ 6.017,60<\/td><td class=\"has-text-align-center\" data-align=\"center\"><strong>R$ 10.987,89<\/strong><\/td><\/tr><tr><td><strong>C<\/strong><\/td><td><strong>I<\/strong><\/td><td>R$ 4.849,06<\/td><td class=\"has-text-align-center\" data-align=\"center\">R$ 5.815,20<\/td><td class=\"has-text-align-center\" data-align=\"center\"><strong>R$ 10.664,26<\/strong><\/td><\/tr><tr><td><strong>B<\/strong><\/td><td><strong>VI<\/strong><\/td><td>R$ 4.662,56<\/td><td class=\"has-text-align-center\" data-align=\"center\">R$ 5.528,00<\/td><td class=\"has-text-align-center\" data-align=\"center\"><strong>R$ 10.190,56<\/strong><\/td><\/tr><tr><td><strong>B<\/strong><\/td><td><strong>IV<\/strong><\/td><td>R$ 4.437,91<\/td><td class=\"has-text-align-center\" data-align=\"center\">R$ 5.160,80<\/td><td class=\"has-text-align-center\" data-align=\"center\"><strong>R$ 9.598,71<\/strong><\/td><\/tr><tr><td><strong>B<\/strong><\/td><td><strong>I<\/strong><\/td><td>R$ 4.121,02<\/td><td class=\"has-text-align-center\" data-align=\"center\">R$ 4.654,40<\/td><td class=\"has-text-align-center\" data-align=\"center\"><strong>R$ 8.775,42<\/strong><\/td><\/tr><tr><td><strong>A<\/strong><\/td><td><strong>II<\/strong><\/td><td>R$ 3.679,59<\/td><td class=\"has-text-align-center\" data-align=\"center\">R$ 3.989,60<\/td><td class=\"has-text-align-center\" data-align=\"center\"><strong>R$ 7.669,19<\/strong><\/td><\/tr><\/tbody><\/table><\/figure>\n\n\n\n<h3 class=\"wp-block-heading\" id=\"h-cargos-de-nivel-intermediario-do-pccdpu\">Cargos de n\u00edvel intermedi\u00e1rio do PCCDPU<\/h3>\n\n\n\n<figure class=\"wp-block-table is-style-stripes\"><table class=\"has-fixed-layout\"><thead><tr><td><strong>Classe<\/strong><\/td><td><strong>Padr\u00e3o<\/strong><\/td><td><strong>Vencimento B\u00e1sico<\/strong><\/td><td><strong>Gratifica\u00e7\u00e3o<\/strong><\/td><td class=\"has-text-align-center\" data-align=\"center\"><strong>Total Bruto<\/strong><\/td><\/tr><\/thead><tbody><tr><td><strong>S<\/strong><\/td><td><strong>III<\/strong><\/td><td>R$ 2.558,14<\/td><td>R$ 2.260,00<\/td><td class=\"has-text-align-center\" data-align=\"center\"><strong>R$ 4.818,14<\/strong><\/td><\/tr><tr><td><strong>C<\/strong><\/td><td><strong>IV<\/strong><\/td><td>R$ 2.421,99<\/td><td>R$ 2.179,20<\/td><td class=\"has-text-align-center\" data-align=\"center\"><strong>R$ 4.601,19<\/strong><\/td><\/tr><tr><td><strong>C<\/strong><\/td><td><strong>I<\/strong><\/td><td>R$ 2.350,75<\/td><td>R$ 2.137,60<\/td><td class=\"has-text-align-center\" data-align=\"center\"><strong>R$ 4.488,35<\/strong><\/td><\/tr><tr><td><strong>B<\/strong><\/td><td><strong>III<\/strong><\/td><td>R$ 2.247,89<\/td><td>R$ 2.080,80<\/td><td class=\"has-text-align-center\" data-align=\"center\"><strong>R$ 4.328,69<\/strong><\/td><\/tr><tr><td><strong>A<\/strong><\/td><td><strong>V<\/strong><\/td><td>R$ 2.171,03<\/td><td>R$ 2.038,40<\/td><td class=\"has-text-align-center\" data-align=\"center\"><strong>R$ 4.209,43<\/strong><\/td><\/tr><\/tbody><\/table><\/figure>\n\n\n\n<h2 class=\"wp-block-heading\" id=\"h-gratificacoes-de-desempenho-vencimentos\">Gratifica\u00e7\u00f5es de Desempenho + Vencimentos<\/h2>\n\n\n\n<figure class=\"wp-block-image size-large\"><img loading=\"lazy\" decoding=\"async\" width=\"1024\" height=\"496\" src=\"https:\/\/dhg1h5j42swfq.cloudfront.net\/2026\/01\/15205409\/captura-de-tela-2026-01-15-as-20-53-38-1024x496.png\" alt=\"\" class=\"wp-image-1700214\" srcset=\"https:\/\/dhg1h5j42swfq.cloudfront.net\/2026\/01\/15205409\/captura-de-tela-2026-01-15-as-20-53-38-1024x496.png 1024w, https:\/\/dhg1h5j42swfq.cloudfront.net\/2026\/01\/15205409\/captura-de-tela-2026-01-15-as-20-53-38-300x145.png 300w, https:\/\/dhg1h5j42swfq.cloudfront.net\/2026\/01\/15205409\/captura-de-tela-2026-01-15-as-20-53-38-768x372.png 768w, https:\/\/dhg1h5j42swfq.cloudfront.net\/2026\/01\/15205409\/captura-de-tela-2026-01-15-as-20-53-38-1536x745.png 1536w, https:\/\/dhg1h5j42swfq.cloudfront.net\/2026\/01\/15205409\/captura-de-tela-2026-01-15-as-20-53-38-150x73.png 150w, https:\/\/dhg1h5j42swfq.cloudfront.net\/2026\/01\/15205409\/captura-de-tela-2026-01-15-as-20-53-38.png 1832w\" sizes=\"auto, (max-width: 1024px) 100vw, 1024px\" \/><\/figure>\n\n\n\n<p><\/p>\n\n\n\n<h2 class=\"wp-block-heading\" id=\"requisitos\">Concurso DPU: requisitos<\/h2>\n\n\n\n<p>I &#8211; para o cargo de Analista da Defensoria P\u00fablica da Uni\u00e3o, ser\u00e1 exigido diploma de conclus\u00e3o de curso superior, em n\u00edvel de gradua\u00e7\u00e3o, facultada a previs\u00e3o de habilita\u00e7\u00e3o espec\u00edfica, definida em resolu\u00e7\u00e3o do Conselho Superior da Defensoria P\u00fablica da Uni\u00e3o e expressamente identificada no edital do respectivo concurso p\u00fablico; e<\/p>\n\n\n\n<p>II &#8211; para o cargo de T\u00e9cnico da Defensoria P\u00fablica da Uni\u00e3o, ser\u00e1 exigido certificado de conclus\u00e3o de ensino m\u00e9dio ou equivalente, facultada a previs\u00e3o de habilita\u00e7\u00e3o espec\u00edfica, definida em resolu\u00e7\u00e3o do Conselho Superior da Defensoria P\u00fablica da Uni\u00e3o e expressamente identificada no edital do respectivo concurso p\u00fablico.<\/p>\n\n\n\n<h2 class=\"wp-block-heading\" id=\"atribuicoes\">Concurso DPU: atribui\u00e7\u00f5es <\/h2>\n\n\n\n<p>Os servidores dos cargos de Analista e T\u00e9cnico ser\u00e3o respons\u00e1veis pelas seguintes atividades:<\/p>\n\n\n\n<ul class=\"wp-block-list\">\n<li><strong>Analista<\/strong>: atribui\u00e7\u00f5es t\u00e9cnicas, administrativas e de atendimento ao p\u00fablico, de n\u00edvel superior, tais como planejamento, organiza\u00e7\u00e3o, coordena\u00e7\u00e3o, supervis\u00e3o t\u00e9cnica, assessoramento, estudo, pesquisa, elabora\u00e7\u00e3o de laudos e execu\u00e7\u00e3o de atividades de maior grau de complexidade no \u00e2mbito da Defensoria P\u00fablica da Uni\u00e3o; e<\/li>\n\n\n\n<li><strong>T\u00e9cnico<\/strong>: atribui\u00e7\u00f5es t\u00e9cnicas, administrativas e de atendimento ao p\u00fablico, de n\u00edvel intermedi\u00e1rio, correspondentes \u00e0 execu\u00e7\u00e3o de atividades de suporte t\u00e9cnico e administrativo de menor complexidade e de apoio \u00e0s atividades do cargo de que trata o inciso I (atribui\u00e7\u00f5es de Analista) deste caput no \u00e2mbito da Defensoria P\u00fablica da Uni\u00e3o.<\/li>\n<\/ul>\n\n\n\n<h2 class=\"wp-block-heading\" id=\"ultimo-concurso\">\u00daltimo Concurso DPU <\/h2>\n\n\n\n<p>O \u00faltimo edital da Defensoria P\u00fablica da Uni\u00e3o foi publicado em 2015. Na ocasi\u00e3o foram oferecidas 143 vagas para os cargos de n\u00edvel m\u00e9dio e superior, com o registro de<strong> 114.423 inscritos<\/strong>. O certame organizado &nbsp;pela banca Cespe\/Cebraspe contemplou os seguintes cargos: <strong> <\/strong><\/p>\n\n\n\n<p><strong>N\u00edvel&nbsp;Superior<\/strong><\/p>\n\n\n\n<ul class=\"wp-block-list\">\n<li>Analista&nbsp;T\u00e9cnico-Administrativo&nbsp;<\/li>\n\n\n\n<li>Arquivista <\/li>\n\n\n\n<li>Assistente Social<\/li>\n\n\n\n<li>Contador <\/li>\n\n\n\n<li>Bibliotec\u00e1rio &nbsp;<\/li>\n\n\n\n<li>Economista<\/li>\n\n\n\n<li>Psic\u00f3logo<\/li>\n\n\n\n<li>Soci\u00f3logo<\/li>\n\n\n\n<li>T\u00e9cnico Em Assuntos Educacionais <\/li>\n\n\n\n<li>T\u00e9cnico Em Comunica\u00e7\u00e3o Social <\/li>\n<\/ul>\n\n\n\n<p><strong>N\u00edvel m\u00e9dio<br \/><\/strong>Agente Administrativo <\/p>\n\n\n\n<h3 class=\"wp-block-heading\" id=\"etapas-do-concurso\">Etapas do concurso<\/h3>\n\n\n\n<p>O certame foi composto por provas objetivas de car\u00e1ter eliminat\u00f3rio e classificat\u00f3rio, que se deram da seguinte maneira: <\/p>\n\n\n\n<h4 class=\"wp-block-heading\" id=\"nivel-superior\">N\u00edvel superior<\/h4>\n\n\n\n<ul class=\"wp-block-list\">\n<li><em>(P1)<\/em> Prova objetiva &#8211; conhecimentos b\u00e1sicos: 70 quest\u00f5es (peso 2)<\/li>\n\n\n\n<li><em>(P2)<\/em> Prova objetiva &#8211; conhecimentos espec\u00edficos: 80 quest\u00f5es (peso 3) <\/li>\n<\/ul>\n\n\n\n<h4 class=\"wp-block-heading\" id=\"nivel-medio\">N\u00edvel m\u00e9dio<\/h4>\n\n\n\n<ul class=\"wp-block-list\">\n<li><em>(P1)<\/em> Prova objetiva &#8211; conhecimentos b\u00e1sicos: 50 quest\u00f5es (peso 2)<\/li>\n\n\n\n<li><em>(P2)<\/em> Prova objetiva &#8211; conhecimentos espec\u00edficos: 70 quest\u00f5es (peso 3) <\/li>\n<\/ul>\n\n\n\n<p>Nos exames aplicados em 26 cidades foram cobradas as seguintes disciplinas: <\/p>\n\n\n\n<ul class=\"wp-block-list\">\n<li><em>L\u00edngua Portuguesa<\/em><\/li>\n\n\n\n<li><em>No\u00e7\u00f5es de Inform\u00e1tica <\/em><\/li>\n\n\n\n<li><em>Normas Aplic\u00e1veis Aos Servidores P\u00fablicos (exceto Para O Cargo de Analista T\u00e9cnico Administrativo)<\/em><\/li>\n\n\n\n<li><em>No\u00e7\u00f5es de Direito Constitucional e Administrativo (exceto Para Os Cargos de Analista T\u00e9cnico-administrativo e &nbsp;de T\u00e9cnico em Assuntos educacionais)<\/em><\/li>\n\n\n\n<li><em>No\u00e7\u00f5es de Arquivologia (Somente Para Os Cargos de Agente Administrativo, Analista T\u00e9cnico\u2013administrativo e T\u00e9cnico em Assuntos educacionais)<\/em><\/li>\n\n\n\n<li><em>No\u00e7\u00f5es de Gest\u00e3o de Pessoas (Somente Para Os Cargos de Analista T\u00e9cnico\u2013administrativo, Assistente Social, Soci\u00f3logo e T\u00e9cnico em Assuntos educacionais)<\/em><\/li>\n\n\n\n<li><em>Racioc\u00ednio L\u00f3gico <\/em><\/li>\n<\/ul>\n\n\n\n<p>No \u00faltimo concurso realizado todos os aprovados j\u00e1 foram convocados, portanto, a necessidade de um novo concurso \u00e9 enorme e est\u00e1 pr\u00f3xima de acontecer. <\/p>\n\n\n\n<h2 class=\"wp-block-heading\" id=\"concurso-dpu-areas-de-atuacao\">Concurso DPU: \u00e1reas de atua\u00e7\u00e3o <\/h2>\n\n\n\n<p>A Defensoria P\u00fablica da Uni\u00e3o (DPU) foi institu\u00edda pela lei complementar 80, de 12 de janeiro de 1994. \u00c9 institui\u00e7\u00e3o essencial \u00e0 fun\u00e7\u00e3o jurisdicional do Estado, incumbindo-lhe a orienta\u00e7\u00e3o jur\u00eddica e a defesa dos necessitados, em todos os graus, perante o Poder Judici\u00e1rio da Uni\u00e3o (a Justi\u00e7a Federal, a Justi\u00e7a Eleitoral, a Justi\u00e7a do Trabalho e a Justi\u00e7a Militar).<\/p>\n\n\n\n<p>O Defensor P\u00fablico Federal atua na Justi\u00e7a Federal. Dentre as atribui\u00e7\u00f5es de compet\u00eancia do defensor, as mat\u00e9rias de maior destaque s\u00e3o: <\/p>\n\n\n\n<ul class=\"wp-block-list\">\n<li>Criminal (crimes federais) <\/li>\n\n\n\n<li>C\u00edvel (casos relacionados a sa\u00fade). Nestes casos, em virtude da responsabilidade solid\u00e1ria entre Uni\u00e3o, Estados e Munic\u00edpios. <\/li>\n\n\n\n<li>Atua\u00e7\u00e3o forte tamb\u00e9m na \u00e1rea de educa\u00e7\u00e3o relacionado \u00e0 programas federais <\/li>\n\n\n\n<li>Tribut\u00e1rio;<\/li>\n\n\n\n<li>Previdenci\u00e1rio;<\/li>\n\n\n\n<li>Direitos Humanos e tutela coletiva;<\/li>\n\n\n\n<li>Direito Internacional<\/li>\n<\/ul>\n\n\n\n<p>A DPU atua tanto na esfera judicial quanto na extrajudicial. <\/p>\n\n\n\n<p>Os servidores s\u00e3o divididos em of\u00edcios. Dependendo da regi\u00e3o onde esteja lotado, (of\u00edcio geral ou of\u00edcio especializado). Of\u00edcio especializado s\u00e3o tr\u00eas \u00e1reas: c\u00edvel, criminal e previdenci\u00e1rio.<\/p>\n\n\n\n<p>Outra novidade da DPU  \u00e9 que ela acompanha os feriados e recessos do poder judici\u00e1rio, diferente do que acontece na Advocacia Geral da Uni\u00e3o (AGU). <\/p>\n\n\n\n<p>Ocorrem tamb\u00e9m plant\u00f5es, mas um plant\u00e3o trabalhado ser\u00e1 compensado com um dia de folga, al\u00e9m de no ano seguinte o servidor ter\u00e1 direito a mais 20 dias \u00fateis de descanso.<\/p>\n\n\n\n<h2 class=\"wp-block-heading has-text-align-center\" id=\"h-quer-saber-tudo-sobre-concursos-previstos-confira-nossos-artigos\">Quer saber tudo sobre concursos previstos?<br \/>Confira nossos artigos!<\/h2>\n\n\n\n<ul class=\"wp-block-list\">\n<li><a href=\"https:\/\/www.estrategiaconcursos.com.br\/blog\/concursos-abertos\/\" target=\"_blank\" rel=\"noreferrer noopener\">Concursos abertos<\/a><\/li>\n\n\n\n<li><a href=\"https:\/\/www.estrategiaconcursos.com.br\/blog\/concursos-tribunais\/\">Concurso tribunais<\/a><\/li>\n\n\n\n<li><a href=\"https:\/\/www.estrategiaconcursos.com.br\/blog\/concursos-2026\/\">Concursos 2026<\/a><\/li>\n<\/ul>\n\n\n\n<h2 class=\"wp-block-heading has-text-align-center\" id=\"cursos-ficha\"><em>Quer estudar para Concurso DPU?<\/em><\/h2>\n\n\n\n<p>Conhe\u00e7a nossos cursos e garanta sua aprova\u00e7\u00e3o:<\/p>\n\n\n\n<div class=\"container\" id=\"boxes\">\n  <div class=\"row\">\n\n    <div class=\"col-sm\">\n      <div class=\"banner-estrategia\" id=\"box-assinatura\">\n        <h3 class=\"titulo-assinatura\">Concurso DPU<\/h3>\n        <p class=\"subtitulo-assinatura\">Estude conosco<\/p>\n        <div class=\"box-botao\">\n          <a class=\"btn-assinatura\" target=\"_blank\" href=\"https:\/\/www.estrategiaconcursos.com.br\/pesquisa\/?q=DPU\" role=\"button\" rel=\"noopener noreferrer\">Conhe\u00e7a os cursos<\/a>\n        <\/div>\n      <\/div>\n     \n    <\/div>\n\n  <\/div>\n<\/div>\n\n\n\n<div class=\"container\" id=\"boxes\">\n  <div class=\"row\">\n\n    <div class=\"col-sm\">\n      <div class=\"estrategia\" id=\"box-assinatura\">\n        <h3 class=\"titulo-assinatura\">Assinatura Concursos<\/h3>\n        <p class=\"subtitulo-assinatura\">Assinatura de 1 ano ou 2 anos<\/p>\n        <div class=\"box-botao\">\n          <a class=\"btn-assinatura\" target=\"_blank\" href=\"https:\/\/www.estrategiaconcursos.com.br\/assinaturas\/\" role=\"button\" rel=\"noopener noreferrer\">ASSINE AGORA<\/a>\n        <\/div>\n      <\/div><\/div><\/div><\/div>\n\n\n\n<figure class=\"wp-block-image is-resized\"><img loading=\"lazy\" decoding=\"async\" width=\"1024\" height=\"632\" src=\"https:\/\/dhg1h5j42swfq.cloudfront.net\/2021\/04\/05161009\/ficha-tecnica-16-1024x632.png\" alt=\"Ficha do concurso Senado Federal\" class=\"wp-image-707710\" style=\"width:215px;height:133px\" srcset=\"https:\/\/dhg1h5j42swfq.cloudfront.net\/2021\/04\/05161009\/ficha-tecnica-16-1024x632.png 1024w, https:\/\/dhg1h5j42swfq.cloudfront.net\/2021\/04\/05161009\/ficha-tecnica-16-300x185.png 300w, https:\/\/dhg1h5j42swfq.cloudfront.net\/2021\/04\/05161009\/ficha-tecnica-16-768x474.png 768w, https:\/\/dhg1h5j42swfq.cloudfront.net\/2021\/04\/05161009\/ficha-tecnica-16-1536x948.png 1536w, https:\/\/dhg1h5j42swfq.cloudfront.net\/2021\/04\/05161009\/ficha-tecnica-16-610x377.png 610w, https:\/\/dhg1h5j42swfq.cloudfront.net\/2021\/04\/05161009\/ficha-tecnica-16.png 1571w\" sizes=\"auto, (max-width: 1024px) 100vw, 1024px\" \/><\/figure>\n\n\n\n<p id=\"ficha-tecnica\"><strong>\u2666Informa\u00e7\u00f5es do \u00faltimo concurso DPU<\/strong><br \/><strong>\u25baAno:&nbsp;<\/strong>2015<br \/><strong>\u25baVagas:&nbsp;<\/strong>143<br \/><strong>\u25baRequisito:&nbsp;<\/strong>N\u00edvel m\u00e9dio e superior<br \/><strong>\u25baBanca:&nbsp;<\/strong>Cespe<br \/>\u25ba <strong>Edital:<\/strong>&nbsp;<a href=\"http:\/\/www.cespe.unb.br\/concursos\/DPU_15_ADMINISTRATIVO\/arquivos\/ED_1_2015_DPU_ADM___EDITAL_DE_ABERTURA.PDF\" target=\"_blank\" rel=\"noreferrer noopener\">DPU&nbsp;2015<\/a><\/p>\n\n\n\n<p><a href=\"https:\/\/dhg1h5j42swfq.cloudfront.net\/2022\/06\/23092139\/2022_06_23_assinado_do1-1-4.pdf\" target=\"_blank\" rel=\"noreferrer noopener\">Novo Plano de Cargos e Sal\u00e1rios DPU &#8211; 2022<\/a><\/p>\n","protected":false},"excerpt":{"rendered":"<p>Um novo concurso DPU (Defensoria P\u00fablica da Uni\u00e3o) \u00e9 aguardado desde 2015 e ano ap\u00f3s ano a expectativa aumenta com as previs\u00f5es or\u00e7ament\u00e1rias. Segundo a Lei Or\u00e7ament\u00e1ria de 2026, s\u00e3o previstas 810 vagas para o \u00f3rg\u00e3o, sendo a cria\u00e7\u00e3o de 600 vagas pelos PLs n. 7.923 e n. 9.723, ambas de 2014, al\u00e9m de 210 [&hellip;]<\/p>\n","protected":false},"author":1,"featured_media":1550910,"comment_status":"open","ping_status":"closed","sticky":false,"template":"","format":"standard","meta":{"post_tipo":"news_page","footnotes":""},"categories":[1984],"tags":[],"tax_estado":[219963],"class_list":["post-159956","post","type-post","status-publish","format-standard","has-post-thumbnail","hentry","category-tribunais","tax_estado-concursos-federais"],"acf":[],"yoast_head":"<!-- This site is optimized with the Yoast SEO Premium plugin v27.2 (Yoast SEO v27.2) - https:\/\/yoast.com\/product\/yoast-seo-premium-wordpress\/ -->\n<title>Concurso DPU: aprovado reajuste e reestrutura\u00e7\u00e3o das carreiras<\/title>\n<meta name=\"description\" content=\"Concurso DPU: \u00faltima sele\u00e7\u00e3o ocorreu em 2015 e atualmente, o \u00f3rg\u00e3o conta com 288 cargos vagos. Confira a situa\u00e7\u00e3o!\" \/>\n<meta name=\"robots\" content=\"index, follow, max-snippet:-1, max-image-preview:large, max-video-preview:-1\" \/>\n<link rel=\"canonical\" href=\"https:\/\/www.estrategiaconcursos.com.br\/blog\/concurso-dpu\/\" \/>\n<meta property=\"og:locale\" content=\"pt_BR\" \/>\n<meta property=\"og:type\" content=\"article\" \/>\n<meta property=\"og:title\" content=\"Concurso DPU: aprovado reajuste e reestrutura\u00e7\u00e3o das carreiras\" \/>\n<meta property=\"og:description\" content=\"Concurso DPU: \u00faltima sele\u00e7\u00e3o ocorreu em 2015 e atualmente, o \u00f3rg\u00e3o conta com 288 cargos vagos. Confira a situa\u00e7\u00e3o!\" \/>\n<meta property=\"og:url\" content=\"https:\/\/www.estrategiaconcursos.com.br\/blog\/concurso-dpu\/\" \/>\n<meta property=\"og:site_name\" content=\"Estrat\u00e9gia Concursos\" \/>\n<meta property=\"article:author\" content=\"https:\/\/www.facebook.com\/EstrategiaConcursos\" \/>\n<meta property=\"article:published_time\" content=\"2026-03-19T12:30:00+00:00\" \/>\n<meta property=\"article:modified_time\" content=\"2026-03-19T17:42:38+00:00\" \/>\n<meta property=\"og:image\" content=\"https:\/\/dhg1h5j42swfq.cloudfront.net\/2025\/03\/24141051\/dpu.jpg\" \/>\n\t<meta property=\"og:image:width\" content=\"768\" \/>\n\t<meta property=\"og:image:height\" content=\"432\" \/>\n\t<meta property=\"og:image:type\" content=\"image\/jpeg\" \/>\n<meta name=\"author\" content=\"Coordena\u00e7\u00e3o\" \/>\n<meta name=\"twitter:card\" content=\"summary_large_image\" \/>\n<meta name=\"twitter:creator\" content=\"@EstratConcursos\" \/>\n<meta name=\"twitter:site\" content=\"@EstratConcursos\" \/>\n<meta name=\"twitter:label1\" content=\"Escrito por\" \/>\n\t<meta name=\"twitter:data1\" content=\"Coordena\u00e7\u00e3o\" \/>\n\t<meta name=\"twitter:label2\" content=\"Est. tempo de leitura\" \/>\n\t<meta name=\"twitter:data2\" content=\"9 minutos\" \/>\n<script type=\"application\/ld+json\" class=\"yoast-schema-graph\">{\"@context\":\"https:\/\/schema.org\",\"@graph\":[{\"@type\":\"NewsArticle\",\"@id\":\"https:\/\/www.estrategiaconcursos.com.br\/blog\/concurso-dpu\/#article\",\"isPartOf\":{\"@id\":\"https:\/\/www.estrategiaconcursos.com.br\/blog\/concurso-dpu\/\"},\"author\":{\"name\":\"Coordena\u00e7\u00e3o\",\"@id\":\"https:\/\/www.estrategiaconcursos.com.br\/blog\/#\/schema\/person\/b4a388c97673c5f483d72185668afa1f\"},\"headline\":\"Concurso DPU: aprovado reajuste e reestrutura\u00e7\u00e3o das carreiras\",\"datePublished\":\"2026-03-19T12:30:00+00:00\",\"dateModified\":\"2026-03-19T17:42:38+00:00\",\"mainEntityOfPage\":{\"@id\":\"https:\/\/www.estrategiaconcursos.com.br\/blog\/concurso-dpu\/\"},\"wordCount\":1784,\"commentCount\":8,\"publisher\":{\"@id\":\"https:\/\/www.estrategiaconcursos.com.br\/blog\/#organization\"},\"image\":{\"@id\":\"https:\/\/www.estrategiaconcursos.com.br\/blog\/concurso-dpu\/#primaryimage\"},\"thumbnailUrl\":\"https:\/\/dhg1h5j42swfq.cloudfront.net\/2025\/03\/24141051\/dpu.jpg\",\"articleSection\":[\"Tribunais\"],\"inLanguage\":\"pt-BR\",\"potentialAction\":[{\"@type\":\"CommentAction\",\"name\":\"Comment\",\"target\":[\"https:\/\/www.estrategiaconcursos.com.br\/blog\/concurso-dpu\/#respond\"]}],\"copyrightYear\":\"2026\",\"copyrightHolder\":{\"@id\":\"https:\/\/www.estrategiaconcursos.com.br\/blog\/#organization\"}},{\"@type\":\"WebPage\",\"@id\":\"https:\/\/www.estrategiaconcursos.com.br\/blog\/concurso-dpu\/\",\"url\":\"https:\/\/www.estrategiaconcursos.com.br\/blog\/concurso-dpu\/\",\"name\":\"Concurso DPU: aprovado reajuste e reestrutura\u00e7\u00e3o das carreiras\",\"isPartOf\":{\"@id\":\"https:\/\/www.estrategiaconcursos.com.br\/blog\/#website\"},\"primaryImageOfPage\":{\"@id\":\"https:\/\/www.estrategiaconcursos.com.br\/blog\/concurso-dpu\/#primaryimage\"},\"image\":{\"@id\":\"https:\/\/www.estrategiaconcursos.com.br\/blog\/concurso-dpu\/#primaryimage\"},\"thumbnailUrl\":\"https:\/\/dhg1h5j42swfq.cloudfront.net\/2025\/03\/24141051\/dpu.jpg\",\"datePublished\":\"2026-03-19T12:30:00+00:00\",\"dateModified\":\"2026-03-19T17:42:38+00:00\",\"description\":\"Concurso DPU: \u00faltima sele\u00e7\u00e3o ocorreu em 2015 e atualmente, o \u00f3rg\u00e3o conta com 288 cargos vagos. Confira a situa\u00e7\u00e3o!\",\"breadcrumb\":{\"@id\":\"https:\/\/www.estrategiaconcursos.com.br\/blog\/concurso-dpu\/#breadcrumb\"},\"inLanguage\":\"pt-BR\",\"potentialAction\":[{\"@type\":\"ReadAction\",\"target\":[\"https:\/\/www.estrategiaconcursos.com.br\/blog\/concurso-dpu\/\"]}]},{\"@type\":\"ImageObject\",\"inLanguage\":\"pt-BR\",\"@id\":\"https:\/\/www.estrategiaconcursos.com.br\/blog\/concurso-dpu\/#primaryimage\",\"url\":\"https:\/\/dhg1h5j42swfq.cloudfront.net\/2025\/03\/24141051\/dpu.jpg\",\"contentUrl\":\"https:\/\/dhg1h5j42swfq.cloudfront.net\/2025\/03\/24141051\/dpu.jpg\",\"width\":768,\"height\":432,\"caption\":\"concurso dpu or\u00e7amento 2025\"},{\"@type\":\"BreadcrumbList\",\"@id\":\"https:\/\/www.estrategiaconcursos.com.br\/blog\/concurso-dpu\/#breadcrumb\",\"itemListElement\":[{\"@type\":\"ListItem\",\"position\":1,\"name\":\"In\u00edcio\",\"item\":\"https:\/\/www.estrategiaconcursos.com.br\/blog\/\"},{\"@type\":\"ListItem\",\"position\":2,\"name\":\"Concurso DPU: aprovado reajuste e reestrutura\u00e7\u00e3o das carreiras\"}]},{\"@type\":\"WebSite\",\"@id\":\"https:\/\/www.estrategiaconcursos.com.br\/blog\/#website\",\"url\":\"https:\/\/www.estrategiaconcursos.com.br\/blog\/\",\"name\":\"Estrat\u00e9gia Concursos\",\"description\":\"O blog da Estrat\u00e9gia Concursos traz not\u00edcias sobre concursos e artigos de professores oferecendo cursos para concursos (pdf + videaulas) no site.\",\"publisher\":{\"@id\":\"https:\/\/www.estrategiaconcursos.com.br\/blog\/#organization\"},\"potentialAction\":[{\"@type\":\"SearchAction\",\"target\":{\"@type\":\"EntryPoint\",\"urlTemplate\":\"https:\/\/www.estrategiaconcursos.com.br\/blog\/?s={search_term_string}\"},\"query-input\":{\"@type\":\"PropertyValueSpecification\",\"valueRequired\":true,\"valueName\":\"search_term_string\"}}],\"inLanguage\":\"pt-BR\"},{\"@type\":\"Organization\",\"@id\":\"https:\/\/www.estrategiaconcursos.com.br\/blog\/#organization\",\"name\":\"Estrat\u00e9gia Concursos\",\"url\":\"https:\/\/www.estrategiaconcursos.com.br\/blog\/\",\"logo\":{\"@type\":\"ImageObject\",\"inLanguage\":\"pt-BR\",\"@id\":\"https:\/\/www.estrategiaconcursos.com.br\/blog\/#\/schema\/logo\/image\/\",\"url\":\"https:\/\/dhg1h5j42swfq.cloudfront.net\/2025\/06\/03203428\/logo_concursos-1.jpg\",\"contentUrl\":\"https:\/\/dhg1h5j42swfq.cloudfront.net\/2025\/06\/03203428\/logo_concursos-1.jpg\",\"width\":230,\"height\":60,\"caption\":\"Estrat\u00e9gia Concursos\"},\"image\":{\"@id\":\"https:\/\/www.estrategiaconcursos.com.br\/blog\/#\/schema\/logo\/image\/\"},\"sameAs\":[\"https:\/\/x.com\/EstratConcursos\"]},{\"@type\":\"Person\",\"@id\":\"https:\/\/www.estrategiaconcursos.com.br\/blog\/#\/schema\/person\/b4a388c97673c5f483d72185668afa1f\",\"name\":\"Coordena\u00e7\u00e3o\",\"image\":{\"@type\":\"ImageObject\",\"inLanguage\":\"pt-BR\",\"@id\":\"https:\/\/secure.gravatar.com\/avatar\/b720319e4c9a967eb58678d110f4fe35452fc5d5f97b202bac7b8acceb18c6ad?s=96&d=mm&r=g\",\"url\":\"https:\/\/secure.gravatar.com\/avatar\/b720319e4c9a967eb58678d110f4fe35452fc5d5f97b202bac7b8acceb18c6ad?s=96&d=mm&r=g\",\"contentUrl\":\"https:\/\/secure.gravatar.com\/avatar\/b720319e4c9a967eb58678d110f4fe35452fc5d5f97b202bac7b8acceb18c6ad?s=96&d=mm&r=g\",\"caption\":\"Coordena\u00e7\u00e3o\"},\"sameAs\":[\"https:\/\/www.facebook.com\/EstrategiaConcursos\",\"https:\/\/x.com\/EstratConcursos\"],\"url\":\"https:\/\/www.estrategiaconcursos.com.br\/blog\/author\/estrategia2013\/\"}]}<\/script>\n<!-- \/ Yoast SEO Premium plugin. -->","yoast_head_json":{"title":"Concurso DPU: aprovado reajuste e reestrutura\u00e7\u00e3o das carreiras","description":"Concurso DPU: \u00faltima sele\u00e7\u00e3o ocorreu em 2015 e atualmente, o \u00f3rg\u00e3o conta com 288 cargos vagos. Confira a situa\u00e7\u00e3o!","robots":{"index":"index","follow":"follow","max-snippet":"max-snippet:-1","max-image-preview":"max-image-preview:large","max-video-preview":"max-video-preview:-1"},"canonical":"https:\/\/www.estrategiaconcursos.com.br\/blog\/concurso-dpu\/","og_locale":"pt_BR","og_type":"article","og_title":"Concurso DPU: aprovado reajuste e reestrutura\u00e7\u00e3o das carreiras","og_description":"Concurso DPU: \u00faltima sele\u00e7\u00e3o ocorreu em 2015 e atualmente, o \u00f3rg\u00e3o conta com 288 cargos vagos. Confira a situa\u00e7\u00e3o!","og_url":"https:\/\/www.estrategiaconcursos.com.br\/blog\/concurso-dpu\/","og_site_name":"Estrat\u00e9gia Concursos","article_author":"https:\/\/www.facebook.com\/EstrategiaConcursos","article_published_time":"2026-03-19T12:30:00+00:00","article_modified_time":"2026-03-19T17:42:38+00:00","og_image":[{"width":768,"height":432,"url":"https:\/\/dhg1h5j42swfq.cloudfront.net\/2025\/03\/24141051\/dpu.jpg","type":"image\/jpeg"}],"author":"Coordena\u00e7\u00e3o","twitter_card":"summary_large_image","twitter_creator":"@EstratConcursos","twitter_site":"@EstratConcursos","twitter_misc":{"Escrito por":"Coordena\u00e7\u00e3o","Est. tempo de leitura":"9 minutos"},"schema":{"@context":"https:\/\/schema.org","@graph":[{"@type":"NewsArticle","@id":"https:\/\/www.estrategiaconcursos.com.br\/blog\/concurso-dpu\/#article","isPartOf":{"@id":"https:\/\/www.estrategiaconcursos.com.br\/blog\/concurso-dpu\/"},"author":{"name":"Coordena\u00e7\u00e3o","@id":"https:\/\/www.estrategiaconcursos.com.br\/blog\/#\/schema\/person\/b4a388c97673c5f483d72185668afa1f"},"headline":"Concurso DPU: aprovado reajuste e reestrutura\u00e7\u00e3o das carreiras","datePublished":"2026-03-19T12:30:00+00:00","dateModified":"2026-03-19T17:42:38+00:00","mainEntityOfPage":{"@id":"https:\/\/www.estrategiaconcursos.com.br\/blog\/concurso-dpu\/"},"wordCount":1784,"commentCount":8,"publisher":{"@id":"https:\/\/www.estrategiaconcursos.com.br\/blog\/#organization"},"image":{"@id":"https:\/\/www.estrategiaconcursos.com.br\/blog\/concurso-dpu\/#primaryimage"},"thumbnailUrl":"https:\/\/dhg1h5j42swfq.cloudfront.net\/2025\/03\/24141051\/dpu.jpg","articleSection":["Tribunais"],"inLanguage":"pt-BR","potentialAction":[{"@type":"CommentAction","name":"Comment","target":["https:\/\/www.estrategiaconcursos.com.br\/blog\/concurso-dpu\/#respond"]}],"copyrightYear":"2026","copyrightHolder":{"@id":"https:\/\/www.estrategiaconcursos.com.br\/blog\/#organization"}},{"@type":"WebPage","@id":"https:\/\/www.estrategiaconcursos.com.br\/blog\/concurso-dpu\/","url":"https:\/\/www.estrategiaconcursos.com.br\/blog\/concurso-dpu\/","name":"Concurso DPU: aprovado reajuste e reestrutura\u00e7\u00e3o das carreiras","isPartOf":{"@id":"https:\/\/www.estrategiaconcursos.com.br\/blog\/#website"},"primaryImageOfPage":{"@id":"https:\/\/www.estrategiaconcursos.com.br\/blog\/concurso-dpu\/#primaryimage"},"image":{"@id":"https:\/\/www.estrategiaconcursos.com.br\/blog\/concurso-dpu\/#primaryimage"},"thumbnailUrl":"https:\/\/dhg1h5j42swfq.cloudfront.net\/2025\/03\/24141051\/dpu.jpg","datePublished":"2026-03-19T12:30:00+00:00","dateModified":"2026-03-19T17:42:38+00:00","description":"Concurso DPU: \u00faltima sele\u00e7\u00e3o ocorreu em 2015 e atualmente, o \u00f3rg\u00e3o conta com 288 cargos vagos. Confira a situa\u00e7\u00e3o!","breadcrumb":{"@id":"https:\/\/www.estrategiaconcursos.com.br\/blog\/concurso-dpu\/#breadcrumb"},"inLanguage":"pt-BR","potentialAction":[{"@type":"ReadAction","target":["https:\/\/www.estrategiaconcursos.com.br\/blog\/concurso-dpu\/"]}]},{"@type":"ImageObject","inLanguage":"pt-BR","@id":"https:\/\/www.estrategiaconcursos.com.br\/blog\/concurso-dpu\/#primaryimage","url":"https:\/\/dhg1h5j42swfq.cloudfront.net\/2025\/03\/24141051\/dpu.jpg","contentUrl":"https:\/\/dhg1h5j42swfq.cloudfront.net\/2025\/03\/24141051\/dpu.jpg","width":768,"height":432,"caption":"concurso dpu or\u00e7amento 2025"},{"@type":"BreadcrumbList","@id":"https:\/\/www.estrategiaconcursos.com.br\/blog\/concurso-dpu\/#breadcrumb","itemListElement":[{"@type":"ListItem","position":1,"name":"In\u00edcio","item":"https:\/\/www.estrategiaconcursos.com.br\/blog\/"},{"@type":"ListItem","position":2,"name":"Concurso DPU: aprovado reajuste e reestrutura\u00e7\u00e3o das carreiras"}]},{"@type":"WebSite","@id":"https:\/\/www.estrategiaconcursos.com.br\/blog\/#website","url":"https:\/\/www.estrategiaconcursos.com.br\/blog\/","name":"Estrat\u00e9gia Concursos","description":"O blog da Estrat\u00e9gia Concursos traz not\u00edcias sobre concursos e artigos de professores oferecendo cursos para concursos (pdf + videaulas) no site.","publisher":{"@id":"https:\/\/www.estrategiaconcursos.com.br\/blog\/#organization"},"potentialAction":[{"@type":"SearchAction","target":{"@type":"EntryPoint","urlTemplate":"https:\/\/www.estrategiaconcursos.com.br\/blog\/?s={search_term_string}"},"query-input":{"@type":"PropertyValueSpecification","valueRequired":true,"valueName":"search_term_string"}}],"inLanguage":"pt-BR"},{"@type":"Organization","@id":"https:\/\/www.estrategiaconcursos.com.br\/blog\/#organization","name":"Estrat\u00e9gia Concursos","url":"https:\/\/www.estrategiaconcursos.com.br\/blog\/","logo":{"@type":"ImageObject","inLanguage":"pt-BR","@id":"https:\/\/www.estrategiaconcursos.com.br\/blog\/#\/schema\/logo\/image\/","url":"https:\/\/dhg1h5j42swfq.cloudfront.net\/2025\/06\/03203428\/logo_concursos-1.jpg","contentUrl":"https:\/\/dhg1h5j42swfq.cloudfront.net\/2025\/06\/03203428\/logo_concursos-1.jpg","width":230,"height":60,"caption":"Estrat\u00e9gia Concursos"},"image":{"@id":"https:\/\/www.estrategiaconcursos.com.br\/blog\/#\/schema\/logo\/image\/"},"sameAs":["https:\/\/x.com\/EstratConcursos"]},{"@type":"Person","@id":"https:\/\/www.estrategiaconcursos.com.br\/blog\/#\/schema\/person\/b4a388c97673c5f483d72185668afa1f","name":"Coordena\u00e7\u00e3o","image":{"@type":"ImageObject","inLanguage":"pt-BR","@id":"https:\/\/secure.gravatar.com\/avatar\/b720319e4c9a967eb58678d110f4fe35452fc5d5f97b202bac7b8acceb18c6ad?s=96&d=mm&r=g","url":"https:\/\/secure.gravatar.com\/avatar\/b720319e4c9a967eb58678d110f4fe35452fc5d5f97b202bac7b8acceb18c6ad?s=96&d=mm&r=g","contentUrl":"https:\/\/secure.gravatar.com\/avatar\/b720319e4c9a967eb58678d110f4fe35452fc5d5f97b202bac7b8acceb18c6ad?s=96&d=mm&r=g","caption":"Coordena\u00e7\u00e3o"},"sameAs":["https:\/\/www.facebook.com\/EstrategiaConcursos","https:\/\/x.com\/EstratConcursos"],"url":"https:\/\/www.estrategiaconcursos.com.br\/blog\/author\/estrategia2013\/"}]}},"_links":{"self":[{"href":"https:\/\/www.estrategiaconcursos.com.br\/blog\/wp-json\/wp\/v2\/posts\/159956","targetHints":{"allow":["GET"]}}],"collection":[{"href":"https:\/\/www.estrategiaconcursos.com.br\/blog\/wp-json\/wp\/v2\/posts"}],"about":[{"href":"https:\/\/www.estrategiaconcursos.com.br\/blog\/wp-json\/wp\/v2\/types\/post"}],"author":[{"embeddable":true,"href":"https:\/\/www.estrategiaconcursos.com.br\/blog\/wp-json\/wp\/v2\/users\/1"}],"replies":[{"embeddable":true,"href":"https:\/\/www.estrategiaconcursos.com.br\/blog\/wp-json\/wp\/v2\/comments?post=159956"}],"version-history":[{"count":81,"href":"https:\/\/www.estrategiaconcursos.com.br\/blog\/wp-json\/wp\/v2\/posts\/159956\/revisions"}],"predecessor-version":[{"id":1739712,"href":"https:\/\/www.estrategiaconcursos.com.br\/blog\/wp-json\/wp\/v2\/posts\/159956\/revisions\/1739712"}],"wp:featuredmedia":[{"embeddable":true,"href":"https:\/\/www.estrategiaconcursos.com.br\/blog\/wp-json\/wp\/v2\/media\/1550910"}],"wp:attachment":[{"href":"https:\/\/www.estrategiaconcursos.com.br\/blog\/wp-json\/wp\/v2\/media?parent=159956"}],"wp:term":[{"taxonomy":"category","embeddable":true,"href":"https:\/\/www.estrategiaconcursos.com.br\/blog\/wp-json\/wp\/v2\/categories?post=159956"},{"taxonomy":"post_tag","embeddable":true,"href":"https:\/\/www.estrategiaconcursos.com.br\/blog\/wp-json\/wp\/v2\/tags?post=159956"},{"taxonomy":"tax_estado","embeddable":true,"href":"https:\/\/www.estrategiaconcursos.com.br\/blog\/wp-json\/wp\/v2\/tax_estado?post=159956"}],"curies":[{"name":"wp","href":"https:\/\/api.w.org\/{rel}","templated":true}]}}